{"id":170007,"date":"2026-08-08T16:00:38","date_gmt":"2026-08-08T13:00:38","guid":{"rendered":"https:\/\/epochtimestr.com\/?p=170007"},"modified":"2026-08-08T16:00:40","modified_gmt":"2026-08-08T13:00:40","slug":"yargitaydan-karar-gec-baglanan-emeklilik-maasina-faiz","status":"publish","type":"post","link":"https:\/\/epochtimestr.com\/index.php\/yargitaydan-karar-gec-baglanan-emeklilik-maasina-faiz","title":{"rendered":"Yarg\u0131tay&#8217;dan Karar: Ge\u00e7 Ba\u011flanan Emeklilik Maa\u015f\u0131na Faiz"},"content":{"rendered":"<div class=\"wp-block-image\">\n<figure class=\"aligncenter size-full is-resized\"><img loading=\"lazy\" decoding=\"async\" width=\"1280\" height=\"744\" src=\"https:\/\/epochtimestr.com\/wp-content\/uploads\/2011y\/emekli-maas.jpg\" alt=\"Yarg\u0131tay'dan karar: ge\u00e7 ba\u011flanan emeklilik maa\u015f\u0131na faiz (G\u00f6rsel: Alexas_Fotos, Pixabay)\" class=\"wp-image-153516\" style=\"width:840px;height:auto\" srcset=\"https:\/\/epochtimestr.com\/wp-content\/uploads\/2011y\/emekli-maas.jpg 1280w, https:\/\/epochtimestr.com\/wp-content\/uploads\/2011y\/emekli-maas-300x174.jpg 300w, https:\/\/epochtimestr.com\/wp-content\/uploads\/2011y\/emekli-maas-150x87.jpg 150w, https:\/\/epochtimestr.com\/wp-content\/uploads\/2011y\/emekli-maas-768x446.jpg 768w\" sizes=\"(max-width: 1280px) 100vw, 1280px\" \/><figcaption class=\"wp-element-caption\">Yarg\u0131tay&#8217;dan karar: ge\u00e7 ba\u011flanan emeklilik maa\u015f\u0131na faiz (G\u00f6rsel: Alexas_Fotos, Pixabay)<\/figcaption><\/figure><\/div>\n\n\n<h2 class=\"wp-block-heading\">Yarg\u0131tay 10. Hukuk Dairesi, SGK&#8217;n\u0131n emeklilik i\u015flemleri i\u00e7in tan\u0131nan 3 ayl\u0131k yasal s\u00fcrenin ard\u0131ndan temerr\u00fcde d\u00fc\u015febilece\u011fine ve bu a\u015famadan sonra faiz talep edilebilece\u011fine h\u00fckmetti.<\/h2>\n\n\n\n<p><a href=\"https:\/\/epochtimestr.com\/index.php\/emeklilik-sonrasi-uretkenligin-gucu\" target=\"_blank\" rel=\"noreferrer noopener\">Emekli<\/a>lik ba\u015fvurusu yapt\u0131\u011f\u0131 halde maa\u015f ba\u011flama i\u015flemleri uzayan vatanda\u015flar\u0131 ilgilendiren \u00f6nemli bir Yarg\u0131tay karar\u0131 g\u00fcndeme geldi. <a href=\"https:\/\/epochtimestr.com\/index.php\/yargitaydan-kidem-tazminatini-katlayacak-karar\" target=\"_blank\" rel=\"noreferrer noopener\">Yarg\u0131tay<\/a> 10. Hukuk Dairesi, geciken emekli ayl\u0131klar\u0131nda faiz ba\u015flang\u0131c\u0131n\u0131n maa\u015fa hak kazan\u0131lan tarih de\u011fil, SGK\u2019ya tan\u0131nan yasal i\u015flem s\u00fcresi dikkate al\u0131narak belirlenmesi gerekti\u011fine i\u015faret etti.<\/p>\n\n\n\n<p>SGK Ba\u015fuzman\u0131 ve T\u00fcrkiye Gazetesi yazar\u0131 \u0130sa Karaka\u015f da Yarg\u0131tay karar\u0131n\u0131 de\u011ferlendirdi. SGK\u2019n\u0131n emekli maa\u015f\u0131 ba\u011flama s\u00fcresi ve gecikme faizi konusunda vatanda\u015flar\u0131n dikkat etmesi gereken noktalar\u0131 aktard\u0131. Karaka\u015f, ancak 3 ayl\u0131k bu s\u00fcrenin a\u015f\u0131lmas\u0131 halinde faiz talep edilebilece\u011fini s\u00f6yledi.<\/p>\n\n\n\n<p><strong>Emekli, biriken maa\u015flar\u0131 i\u00e7in SGK\u2019dan faiz istedi<\/strong><\/p>\n\n\n\n<p>Emekli maa\u015f\u0131 faiz davas\u0131na konu olan olayda sigortal\u0131, 13 Temmuz 2018 tarihinden itibaren ya\u015fl\u0131l\u0131k ayl\u0131\u011f\u0131na hak kazand\u0131\u011f\u0131n\u0131n tespit edilmesini istedi. Davac\u0131 ayr\u0131ca \u00f6denmedi\u011fini belirtti\u011fi emekli ayl\u0131klar\u0131n\u0131n, \u00f6denmeleri gereken tarihlerden itibaren bankalarca uygulanan en y\u00fcksek mevduat faiziyle birlikte SGK\u2019dan tahsilini talep etti.<\/p>\n\n\n\n<p>Sosyal G\u00fcvenlik Kurumu ise sigortal\u0131n\u0131n ba\u015fvuru yapt\u0131\u011f\u0131 tarihte emeklilik \u015fartlar\u0131n\u0131 ta\u015f\u0131mad\u0131\u011f\u0131n\u0131 savunarak davan\u0131n reddini istedi.<\/p>\n\n\n\n<p><strong>\u0130lk derece mahkemesi SGK\u2019n\u0131n faiz \u00f6demesine karar verdi<\/strong>.<\/p>\n\n\n\n<p>Geciken emekli maa\u015f\u0131 davas\u0131nda ilk derece mahkemesi, davac\u0131n\u0131n 1 Ekim 2018 tarihinden itibaren ya\u015fl\u0131l\u0131k ayl\u0131\u011f\u0131 almaya hak kazand\u0131\u011f\u0131n\u0131 tespit etti.<\/p>\n\n\n\n<p>Mahkeme ayr\u0131ca 1 Ekim 2018 ile 1 Nisan 2019 aras\u0131nda eksik \u00f6dendi\u011fi belirtilen toplam 7 bin TL ayl\u0131\u011f\u0131n, her bir \u00f6demenin yap\u0131lmas\u0131 gereken tarihten itibaren i\u015fleyecek yasal faiziyle birlikte SGK taraf\u0131ndan \u00f6denmesine h\u00fckmetti.<\/p>\n\n\n\n<h3 class=\"wp-block-heading\">SGK dosyay\u0131 bir \u00fcst yarg\u0131 merciine ta\u015f\u0131d\u0131.<\/h3>\n\n\n\n<p>SGK emekli ayl\u0131\u011f\u0131 ve faiz karar\u0131na itiraz ederek dosyay\u0131 bir \u00fcst yarg\u0131 merciine ta\u015f\u0131d\u0131. Kurum vekili, ilk derece mahkemesinin eksik inceleme yapt\u0131\u011f\u0131n\u0131 savunarak istinaf ba\u015fvurusunda bulundu. B\u00f6lge Adliye Mahkemesi ise ilk derece mahkemesinin karar\u0131n\u0131 hukuka ve usule uygun buldu ve SGK\u2019n\u0131n istinaf ba\u015fvurusunu esastan reddetti. Dosyan\u0131n Yarg\u0131tay\u2019a ta\u015f\u0131nmas\u0131yla birlikte s\u00fcre\u00e7te kritik bir a\u015famaya ge\u00e7ildi.<\/p>\n\n\n\n<p><strong>Yarg\u0131tay 10. Hukuk Dairesi iki mahkemenin karar\u0131n\u0131 da bozdu<\/strong><\/p>\n\n\n\n<p>Yarg\u0131tay 10. Hukuk Dairesi, emekli maa\u015f\u0131 dosyas\u0131n\u0131 5510 say\u0131l\u0131 Sosyal Sigortalar ve Genel Sa\u011fl\u0131k Sigortas\u0131 Kanunu \u00e7er\u00e7evesinde inceledi. Daire, ilk derece ve istinaf a\u015famalar\u0131nda verilen kararlar\u0131 hatal\u0131 bularak bozdu.<\/p>\n\n\n\n<p>Yarg\u0131tay\u0131n de\u011ferlendirmesinde yaln\u0131zca emeklinin faiz talebi de\u011fil, ayl\u0131k miktar\u0131n\u0131n nas\u0131l tespit edildi\u011fi ve hangi d\u00f6neme ili\u015fkin \u00f6deme yap\u0131lmas\u0131 gerekti\u011fi de ele al\u0131nd\u0131.<\/p>\n\n\n\n<p><strong>Emekli maa\u015f\u0131 davas\u0131nda Yarg\u0131tay&#8217;\u0131n tespit etti\u011fi ilk sorun, \u00f6denecek ayl\u0131klar\u0131n hesaplanma y\u00f6ntemi oldu<\/strong>.<\/p>\n\n\n\n<p>Emekli maa\u015f\u0131 davas\u0131nda Yarg\u0131tay&#8217;\u0131n tespit etti\u011fi ilk sorun, \u00f6denecek ayl\u0131klar\u0131n hesaplanma y\u00f6ntemi oldu. Davac\u0131n\u0131n dilek\u00e7esinde belirli bir miktar g\u00f6stermeden hak etti\u011fi ayl\u0131klar\u0131n tahsilini istedi\u011fi belirtildi.<br \/>Mahkemenin SGK\u2019dan bilgi almadan do\u011frudan bilirki\u015fi raporuyla ayl\u0131k miktar\u0131n\u0131 tespit etmesi usule uygun bulunmad\u0131. B\u00f6ylece Yarg\u0131tay, SGK\u2019dan al\u0131nacak verilerin hesaplamada dikkate al\u0131nmas\u0131 gerekti\u011fine i\u015faret etti.<\/p>\n\n\n\n<p>SGK\u2019dan al\u0131nacak birikmi\u015f emekli maa\u015flar\u0131n\u0131n hesaplanaca\u011f\u0131 d\u00f6nem konusunda da Yarg\u0131tay farkl\u0131 bir de\u011ferlendirmede bulundu.<\/p>\n\n\n\n<p>Sigortal\u0131ya 1 May\u0131s 2019 tarihinde yeniden ayl\u0131k ba\u011fland\u0131\u011f\u0131n\u0131n anla\u015f\u0131lmas\u0131 nedeniyle \u00f6denmesi gereken ayl\u0131klar\u0131n 1 Ekim 2018 ile 1 May\u0131s 2019 aras\u0131ndaki d\u00f6nem esas al\u0131narak de\u011ferlendirilmesi gerekti\u011fi belirtildi. \u0130lk derece mahkemesinin biti\u015f tarihini 1 Nisan 2019 olarak kabul etmesi hatal\u0131 bulundu.<\/p>\n\n\n\n<h3 class=\"wp-block-heading\">SGK emekli maa\u015f\u0131n\u0131 ge\u00e7 ba\u011flarsa faiz ne zaman ba\u015flar?<\/h3>\n\n\n\n<p>Karar\u0131n emeklilik ba\u015fvurusu yapan vatanda\u015flar a\u00e7\u0131s\u0131ndan en dikkat \u00e7ekici b\u00f6l\u00fcm\u00fc ise \u201cSGK emekli maa\u015f\u0131n\u0131 ge\u00e7 ba\u011flarsa faiz ne zaman i\u015fler?\u201d sorusuna ili\u015fkin de\u011ferlendirme oldu. Yarg\u0131tay, SGK\u2019n\u0131n i\u015flemleri sonu\u00e7land\u0131rmas\u0131 i\u00e7in kanunda \u00f6ng\u00f6r\u00fclen s\u00fcreyi dikkate ald\u0131. Buna g\u00f6re her durumda, maa\u015fa hak kazan\u0131lan tarih ile faiz ba\u015flang\u0131\u00e7 tarihinin ayn\u0131 kabul edilmemesi gerekiyor.<\/p>\n\n\n\n<p>\u0130sa Karaka\u015f da karar\u0131n \u00f6nemini de\u011ferlendirirken, \u201cSGK, \u00fc\u00e7 ay\u0131 ge\u00e7irdi\u011fi anda faiz talep etme hakk\u0131n\u0131z ba\u015flar\u201d ifadelerini kulland\u0131.<\/p>\n\n\n\n<p><strong>SGK\u2019ya emeklilik i\u015flemlerini tamamlamas\u0131 i\u00e7in 3 ayl\u0131k yasal i\u015flem s\u00fcresi tan\u0131n\u0131yor<\/strong>.<\/p>\n\n\n\n<p>Geciken emekli maa\u015flar\u0131nda faiz hakk\u0131na ili\u015fkin kritik ayr\u0131nt\u0131 burada ortaya \u00e7\u0131k\u0131yor. Karaka\u015f\u2019\u0131n aktard\u0131\u011f\u0131 Yarg\u0131tay de\u011ferlendirmesine g\u00f6re SGK\u2019ya emeklilik i\u015flemlerini tamamlamas\u0131 i\u00e7in 3 ayl\u0131k yasal i\u015flem s\u00fcresi tan\u0131n\u0131yor. Bu nedenle SGK, tahsis tarihini takip eden \u00fc\u00e7 ayl\u0131k s\u00fcre i\u00e7erisinde temerr\u00fcde d\u00fc\u015fm\u00fc\u015f kabul edilmiyor. Ba\u015fka bir ifadeyle emekli maa\u015f\u0131na hak kazan\u0131ld\u0131\u011f\u0131 tarihten itibaren otomatik olarak faiz i\u015flemeye ba\u015flam\u0131yor.<\/p>\n\n\n\n<p>Karaka\u015f, karar\u0131 \u201cVatanda\u015flar\u0131m\u0131z\u0131n emeklilik maa\u015flar\u0131n\u0131n gecikmesi durumunda faiz talep etme hakk\u0131 sakl\u0131d\u0131r; ancak bu faizin ba\u015flang\u0131c\u0131 maa\u015fa hak kazan\u0131ld\u0131\u011f\u0131 g\u00fcn de\u011fil, kanunun SGK&#8217;ya tan\u0131d\u0131\u011f\u0131 3 ayl\u0131k i\u015flem s\u00fcresinin bitti\u011fi tarihtir\u201d s\u00f6zleriyle \u00f6zetledi.<\/p>\n","protected":false},"excerpt":{"rendered":"<p>Yarg\u0131tay 10. Hukuk Dairesi, SGK&#8217;n\u0131n emeklilik i\u015flemleri i\u00e7in tan\u0131nan 3 ayl\u0131k yasal s\u00fcrenin ard\u0131ndan temerr\u00fcde d\u00fc\u015febilece\u011fine ve bu a\u015famadan sonra faiz talep edilebilece\u011fine h\u00fckmetti. Emeklilik ba\u015fvurusu yapt\u0131\u011f\u0131 halde maa\u015f ba\u011flama i\u015flemleri uzayan vatanda\u015flar\u0131 ilgilendiren \u00f6nemli bir Yarg\u0131tay karar\u0131 g\u00fcndeme geldi. Yarg\u0131tay 10. Hukuk Dairesi, geciken emekli ayl\u0131klar\u0131nda faiz ba\u015flang\u0131c\u0131n\u0131n maa\u015fa hak kazan\u0131lan tarih de\u011fil, SGK\u2019ya [&hellip;]<\/p>\n","protected":false},"author":12791,"featured_media":153516,"comment_status":"open","ping_status":"open","sticky":false,"template":"","format":"standard","meta":{"_yoast_wpseo_focuskw":"emeklilik - faiz","_yoast_wpseo_title":"","_yoast_wpseo_metadesc":"Yarg\u0131tay karar\u0131na g\u00f6re emeklilik maa\u015f\u0131n\u0131n gecikmesi durumunda faiz talep etme hakk\u0131, 3 ayl\u0131k i\u015flem s\u00fcresinin bitti\u011fi tarihte ba\u015fl\u0131yor.","_bbp_topic_count":0,"_bbp_reply_count":0,"_bbp_total_topic_count":0,"_bbp_total_reply_count":0,"_bbp_voice_count":0,"_bbp_anonymous_reply_count":0,"_bbp_topic_count_hidden":0,"_bbp_reply_count_hidden":0,"_bbp_forum_subforum_count":0,"footnotes":"","_yoast_wpseo_focuskw_text_input":""},"categories":[8225,1,8138],"tags":[12121,4647,4596,4648,3142,12120],"yoast_head":"<!-- This site is optimized with the Yoast SEO plugin v23.0 - https:\/\/yoast.com\/wordpress\/plugins\/seo\/ -->\n<title>Yarg\u0131tay&#039;dan Karar: Ge\u00e7 Ba\u011flanan Emeklilik Maa\u015f\u0131na Faiz - The Epoch Times TR<\/title>\n<meta name=\"description\" content=\"Yarg\u0131tay karar\u0131na g\u00f6re emeklilik maa\u015f\u0131n\u0131n gecikmesi durumunda faiz talep etme hakk\u0131, 3 ayl\u0131k i\u015flem s\u00fcresinin bitti\u011fi tarihte ba\u015fl\u0131yor.\" \/>\n<meta name=\"robots\" content=\"index, follow, max-snippet:-1, max-image-preview:large, max-video-preview:-1\" \/>\n<link rel=\"canonical\" href=\"https:\/\/epochtimestr.com\/index.php\/yargitaydan-karar-gec-baglanan-emeklilik-maasina-faiz\" \/>\n<meta property=\"og:locale\" content=\"tr_TR\" \/>\n<meta property=\"og:type\" content=\"article\" \/>\n<meta property=\"og:title\" content=\"Yarg\u0131tay&#039;dan Karar: Ge\u00e7 Ba\u011flanan Emeklilik Maa\u015f\u0131na Faiz - The Epoch Times TR\" \/>\n<meta property=\"og:description\" content=\"Yarg\u0131tay karar\u0131na g\u00f6re emeklilik maa\u015f\u0131n\u0131n gecikmesi durumunda faiz talep etme hakk\u0131, 3 ayl\u0131k i\u015flem s\u00fcresinin bitti\u011fi tarihte ba\u015fl\u0131yor.\" \/>\n<meta property=\"og:url\" content=\"https:\/\/epochtimestr.com\/index.php\/yargitaydan-karar-gec-baglanan-emeklilik-maasina-faiz\" \/>\n<meta property=\"og:site_name\" content=\"The Epoch Times TR\" \/>\n<meta property=\"article:publisher\" content=\"https:\/\/www.facebook.com\/theepochtimestr\" \/>\n<meta property=\"article:published_time\" content=\"2026-08-08T13:00:38+00:00\" \/>\n<meta property=\"article:modified_time\" content=\"2026-08-08T13:00:40+00:00\" \/>\n<meta property=\"og:image\" content=\"https:\/\/epochtimestr.com\/wp-content\/uploads\/2011y\/emekli-maas.jpg\" \/>\n\t<meta property=\"og:image:width\" content=\"1280\" \/>\n\t<meta property=\"og:image:height\" content=\"744\" \/>\n\t<meta property=\"og:image:type\" content=\"image\/jpeg\" \/>\n<meta name=\"author\" content=\"Haber Merkezi\" \/>\n<meta name=\"twitter:card\" content=\"summary_large_image\" \/>\n<meta name=\"twitter:creator\" content=\"@TheEpochTimesTR\" \/>\n<meta name=\"twitter:site\" content=\"@TheEpochTimesTR\" \/>\n<meta name=\"twitter:label1\" content=\"Yazan:\" \/>\n\t<meta name=\"twitter:data1\" content=\"Haber Merkezi\" \/>\n\t<meta name=\"twitter:label2\" content=\"Tahmini okuma s\u00fcresi\" \/>\n\t<meta name=\"twitter:data2\" content=\"5 dakika\" \/>\n<script type=\"application\/ld+json\" class=\"yoast-schema-graph\">{\"@context\":\"https:\/\/schema.org\",\"@graph\":[{\"@type\":\"Article\",\"@id\":\"https:\/\/epochtimestr.com\/index.php\/yargitaydan-karar-gec-baglanan-emeklilik-maasina-faiz#article\",\"isPartOf\":{\"@id\":\"https:\/\/epochtimestr.com\/index.php\/yargitaydan-karar-gec-baglanan-emeklilik-maasina-faiz\"},\"author\":{\"name\":\"Haber Merkezi\",\"@id\":\"https:\/\/epochtimestr.com\/#\/schema\/person\/3dc5c3adeb9f43923c5aa85889172fdd\"},\"headline\":\"Yarg\u0131tay&#8217;dan Karar: Ge\u00e7 Ba\u011flanan Emeklilik Maa\u015f\u0131na Faiz\",\"datePublished\":\"2026-08-08T13:00:38+00:00\",\"dateModified\":\"2026-08-08T13:00:40+00:00\",\"mainEntityOfPage\":{\"@id\":\"https:\/\/epochtimestr.com\/index.php\/yargitaydan-karar-gec-baglanan-emeklilik-maasina-faiz\"},\"wordCount\":929,\"commentCount\":0,\"publisher\":{\"@id\":\"https:\/\/epochtimestr.com\/#organization\"},\"image\":{\"@id\":\"https:\/\/epochtimestr.com\/index.php\/yargitaydan-karar-gec-baglanan-emeklilik-maasina-faiz#primaryimage\"},\"thumbnailUrl\":\"https:\/\/epochtimestr.com\/wp-content\/uploads\/2011y\/emekli-maas.jpg\",\"keywords\":[\"B\u00f6lge Adliye Mahkemesi\",\"emekli\",\"faiz\",\"maa\u015f\",\"Yarg\u0131tay\",\"Yarg\u0131tay 10. Hukuk Dairesi\"],\"articleSection\":[\"Ekonomi\",\"G\u00dcNDEM\",\"MAN\u015eET\"],\"inLanguage\":\"tr\",\"potentialAction\":[{\"@type\":\"CommentAction\",\"name\":\"Comment\",\"target\":[\"https:\/\/epochtimestr.com\/index.php\/yargitaydan-karar-gec-baglanan-emeklilik-maasina-faiz#respond\"]}]},{\"@type\":\"WebPage\",\"@id\":\"https:\/\/epochtimestr.com\/index.php\/yargitaydan-karar-gec-baglanan-emeklilik-maasina-faiz\",\"url\":\"https:\/\/epochtimestr.com\/index.php\/yargitaydan-karar-gec-baglanan-emeklilik-maasina-faiz\",\"name\":\"Yarg\u0131tay'dan Karar: Ge\u00e7 Ba\u011flanan Emeklilik Maa\u015f\u0131na Faiz - The Epoch Times TR\",\"isPartOf\":{\"@id\":\"https:\/\/epochtimestr.com\/#website\"},\"primaryImageOfPage\":{\"@id\":\"https:\/\/epochtimestr.com\/index.php\/yargitaydan-karar-gec-baglanan-emeklilik-maasina-faiz#primaryimage\"},\"image\":{\"@id\":\"https:\/\/epochtimestr.com\/index.php\/yargitaydan-karar-gec-baglanan-emeklilik-maasina-faiz#primaryimage\"},\"thumbnailUrl\":\"https:\/\/epochtimestr.com\/wp-content\/uploads\/2011y\/emekli-maas.jpg\",\"datePublished\":\"2026-08-08T13:00:38+00:00\",\"dateModified\":\"2026-08-08T13:00:40+00:00\",\"description\":\"Yarg\u0131tay karar\u0131na g\u00f6re emeklilik maa\u015f\u0131n\u0131n gecikmesi durumunda faiz talep etme hakk\u0131, 3 ayl\u0131k i\u015flem s\u00fcresinin bitti\u011fi tarihte ba\u015fl\u0131yor.\",\"inLanguage\":\"tr\",\"potentialAction\":[{\"@type\":\"ReadAction\",\"target\":[\"https:\/\/epochtimestr.com\/index.php\/yargitaydan-karar-gec-baglanan-emeklilik-maasina-faiz\"]}]},{\"@type\":\"ImageObject\",\"inLanguage\":\"tr\",\"@id\":\"https:\/\/epochtimestr.com\/index.php\/yargitaydan-karar-gec-baglanan-emeklilik-maasina-faiz#primaryimage\",\"url\":\"https:\/\/epochtimestr.com\/wp-content\/uploads\/2011y\/emekli-maas.jpg\",\"contentUrl\":\"https:\/\/epochtimestr.com\/wp-content\/uploads\/2011y\/emekli-maas.jpg\",\"width\":1280,\"height\":744},{\"@type\":\"WebSite\",\"@id\":\"https:\/\/epochtimestr.com\/#website\",\"url\":\"https:\/\/epochtimestr.com\/\",\"name\":\"The Epoch Times TR\",\"description\":\"De\u011fi\u015fen D\u00fcnyam\u0131za Taze Bir Bak\u0131\u015f\",\"publisher\":{\"@id\":\"https:\/\/epochtimestr.com\/#organization\"},\"potentialAction\":[{\"@type\":\"SearchAction\",\"target\":{\"@type\":\"EntryPoint\",\"urlTemplate\":\"https:\/\/epochtimestr.com\/?s={search_term_string}\"},\"query-input\":\"required name=search_term_string\"}],\"inLanguage\":\"tr\"},{\"@type\":\"Organization\",\"@id\":\"https:\/\/epochtimestr.com\/#organization\",\"name\":\"The EpochTimes T\u00fcrkiye\",\"url\":\"https:\/\/epochtimestr.com\/\",\"logo\":{\"@type\":\"ImageObject\",\"inLanguage\":\"tr\",\"@id\":\"https:\/\/epochtimestr.com\/#\/schema\/logo\/image\/\",\"url\":\"https:\/\/epochtimestr.com\/wp-content\/uploads\/2011y\/ET-Logo-YG.jpg\",\"contentUrl\":\"https:\/\/epochtimestr.com\/wp-content\/uploads\/2011y\/ET-Logo-YG.jpg\",\"width\":346,\"height\":29,\"caption\":\"The EpochTimes T\u00fcrkiye\"},\"image\":{\"@id\":\"https:\/\/epochtimestr.com\/#\/schema\/logo\/image\/\"},\"sameAs\":[\"https:\/\/www.facebook.com\/theepochtimestr\",\"https:\/\/x.com\/TheEpochTimesTR\",\"https:\/\/www.instagram.com\/epochtimestr\"]},{\"@type\":\"Person\",\"@id\":\"https:\/\/epochtimestr.com\/#\/schema\/person\/3dc5c3adeb9f43923c5aa85889172fdd\",\"name\":\"Haber Merkezi\",\"image\":{\"@type\":\"ImageObject\",\"inLanguage\":\"tr\",\"@id\":\"https:\/\/epochtimestr.com\/#\/schema\/person\/image\/\",\"url\":\"https:\/\/secure.gravatar.com\/avatar\/d73f772ba5a74f28601361e17c2f93e6?s=96&d=mm&r=g\",\"contentUrl\":\"https:\/\/secure.gravatar.com\/avatar\/d73f772ba5a74f28601361e17c2f93e6?s=96&d=mm&r=g\",\"caption\":\"Haber Merkezi\"},\"url\":\"https:\/\/epochtimestr.com\/index.php\/author\/sendag\"}]}<\/script>\n<!-- \/ Yoast SEO plugin. -->","yoast_head_json":{"title":"Yarg\u0131tay'dan Karar: Ge\u00e7 Ba\u011flanan Emeklilik Maa\u015f\u0131na Faiz - The Epoch Times TR","description":"Yarg\u0131tay karar\u0131na g\u00f6re emeklilik maa\u015f\u0131n\u0131n gecikmesi durumunda faiz talep etme hakk\u0131, 3 ayl\u0131k i\u015flem s\u00fcresinin bitti\u011fi tarihte ba\u015fl\u0131yor.","robots":{"index":"index","follow":"follow","max-snippet":"max-snippet:-1","max-image-preview":"max-image-preview:large","max-video-preview":"max-video-preview:-1"},"canonical":"https:\/\/epochtimestr.com\/index.php\/yargitaydan-karar-gec-baglanan-emeklilik-maasina-faiz","og_locale":"tr_TR","og_type":"article","og_title":"Yarg\u0131tay'dan Karar: Ge\u00e7 Ba\u011flanan Emeklilik Maa\u015f\u0131na Faiz - The Epoch Times TR","og_description":"Yarg\u0131tay karar\u0131na g\u00f6re emeklilik maa\u015f\u0131n\u0131n gecikmesi durumunda faiz talep etme hakk\u0131, 3 ayl\u0131k i\u015flem s\u00fcresinin bitti\u011fi tarihte ba\u015fl\u0131yor.","og_url":"https:\/\/epochtimestr.com\/index.php\/yargitaydan-karar-gec-baglanan-emeklilik-maasina-faiz","og_site_name":"The Epoch Times TR","article_publisher":"https:\/\/www.facebook.com\/theepochtimestr","article_published_time":"2026-08-08T13:00:38+00:00","article_modified_time":"2026-08-08T13:00:40+00:00","og_image":[{"width":1280,"height":744,"url":"https:\/\/epochtimestr.com\/wp-content\/uploads\/2011y\/emekli-maas.jpg","type":"image\/jpeg"}],"author":"Haber Merkezi","twitter_card":"summary_large_image","twitter_creator":"@TheEpochTimesTR","twitter_site":"@TheEpochTimesTR","twitter_misc":{"Yazan:":"Haber Merkezi","Tahmini okuma s\u00fcresi":"5 dakika"},"schema":{"@context":"https:\/\/schema.org","@graph":[{"@type":"Article","@id":"https:\/\/epochtimestr.com\/index.php\/yargitaydan-karar-gec-baglanan-emeklilik-maasina-faiz#article","isPartOf":{"@id":"https:\/\/epochtimestr.com\/index.php\/yargitaydan-karar-gec-baglanan-emeklilik-maasina-faiz"},"author":{"name":"Haber Merkezi","@id":"https:\/\/epochtimestr.com\/#\/schema\/person\/3dc5c3adeb9f43923c5aa85889172fdd"},"headline":"Yarg\u0131tay&#8217;dan Karar: Ge\u00e7 Ba\u011flanan Emeklilik Maa\u015f\u0131na Faiz","datePublished":"2026-08-08T13:00:38+00:00","dateModified":"2026-08-08T13:00:40+00:00","mainEntityOfPage":{"@id":"https:\/\/epochtimestr.com\/index.php\/yargitaydan-karar-gec-baglanan-emeklilik-maasina-faiz"},"wordCount":929,"commentCount":0,"publisher":{"@id":"https:\/\/epochtimestr.com\/#organization"},"image":{"@id":"https:\/\/epochtimestr.com\/index.php\/yargitaydan-karar-gec-baglanan-emeklilik-maasina-faiz#primaryimage"},"thumbnailUrl":"https:\/\/epochtimestr.com\/wp-content\/uploads\/2011y\/emekli-maas.jpg","keywords":["B\u00f6lge Adliye Mahkemesi","emekli","faiz","maa\u015f","Yarg\u0131tay","Yarg\u0131tay 10. Hukuk Dairesi"],"articleSection":["Ekonomi","G\u00dcNDEM","MAN\u015eET"],"inLanguage":"tr","potentialAction":[{"@type":"CommentAction","name":"Comment","target":["https:\/\/epochtimestr.com\/index.php\/yargitaydan-karar-gec-baglanan-emeklilik-maasina-faiz#respond"]}]},{"@type":"WebPage","@id":"https:\/\/epochtimestr.com\/index.php\/yargitaydan-karar-gec-baglanan-emeklilik-maasina-faiz","url":"https:\/\/epochtimestr.com\/index.php\/yargitaydan-karar-gec-baglanan-emeklilik-maasina-faiz","name":"Yarg\u0131tay'dan Karar: Ge\u00e7 Ba\u011flanan Emeklilik Maa\u015f\u0131na Faiz - The Epoch Times TR","isPartOf":{"@id":"https:\/\/epochtimestr.com\/#website"},"primaryImageOfPage":{"@id":"https:\/\/epochtimestr.com\/index.php\/yargitaydan-karar-gec-baglanan-emeklilik-maasina-faiz#primaryimage"},"image":{"@id":"https:\/\/epochtimestr.com\/index.php\/yargitaydan-karar-gec-baglanan-emeklilik-maasina-faiz#primaryimage"},"thumbnailUrl":"https:\/\/epochtimestr.com\/wp-content\/uploads\/2011y\/emekli-maas.jpg","datePublished":"2026-08-08T13:00:38+00:00","dateModified":"2026-08-08T13:00:40+00:00","description":"Yarg\u0131tay karar\u0131na g\u00f6re emeklilik maa\u015f\u0131n\u0131n gecikmesi durumunda faiz talep etme hakk\u0131, 3 ayl\u0131k i\u015flem s\u00fcresinin bitti\u011fi tarihte ba\u015fl\u0131yor.","inLanguage":"tr","potentialAction":[{"@type":"ReadAction","target":["https:\/\/epochtimestr.com\/index.php\/yargitaydan-karar-gec-baglanan-emeklilik-maasina-faiz"]}]},{"@type":"ImageObject","inLanguage":"tr","@id":"https:\/\/epochtimestr.com\/index.php\/yargitaydan-karar-gec-baglanan-emeklilik-maasina-faiz#primaryimage","url":"https:\/\/epochtimestr.com\/wp-content\/uploads\/2011y\/emekli-maas.jpg","contentUrl":"https:\/\/epochtimestr.com\/wp-content\/uploads\/2011y\/emekli-maas.jpg","width":1280,"height":744},{"@type":"WebSite","@id":"https:\/\/epochtimestr.com\/#website","url":"https:\/\/epochtimestr.com\/","name":"The Epoch Times TR","description":"De\u011fi\u015fen D\u00fcnyam\u0131za Taze Bir Bak\u0131\u015f","publisher":{"@id":"https:\/\/epochtimestr.com\/#organization"},"potentialAction":[{"@type":"SearchAction","target":{"@type":"EntryPoint","urlTemplate":"https:\/\/epochtimestr.com\/?s={search_term_string}"},"query-input":"required name=search_term_string"}],"inLanguage":"tr"},{"@type":"Organization","@id":"https:\/\/epochtimestr.com\/#organization","name":"The EpochTimes T\u00fcrkiye","url":"https:\/\/epochtimestr.com\/","logo":{"@type":"ImageObject","inLanguage":"tr","@id":"https:\/\/epochtimestr.com\/#\/schema\/logo\/image\/","url":"https:\/\/epochtimestr.com\/wp-content\/uploads\/2011y\/ET-Logo-YG.jpg","contentUrl":"https:\/\/epochtimestr.com\/wp-content\/uploads\/2011y\/ET-Logo-YG.jpg","width":346,"height":29,"caption":"The EpochTimes T\u00fcrkiye"},"image":{"@id":"https:\/\/epochtimestr.com\/#\/schema\/logo\/image\/"},"sameAs":["https:\/\/www.facebook.com\/theepochtimestr","https:\/\/x.com\/TheEpochTimesTR","https:\/\/www.instagram.com\/epochtimestr"]},{"@type":"Person","@id":"https:\/\/epochtimestr.com\/#\/schema\/person\/3dc5c3adeb9f43923c5aa85889172fdd","name":"Haber Merkezi","image":{"@type":"ImageObject","inLanguage":"tr","@id":"https:\/\/epochtimestr.com\/#\/schema\/person\/image\/","url":"https:\/\/secure.gravatar.com\/avatar\/d73f772ba5a74f28601361e17c2f93e6?s=96&d=mm&r=g","contentUrl":"https:\/\/secure.gravatar.com\/avatar\/d73f772ba5a74f28601361e17c2f93e6?s=96&d=mm&r=g","caption":"Haber Merkezi"},"url":"https:\/\/epochtimestr.com\/index.php\/author\/sendag"}]}},"_links":{"self":[{"href":"https:\/\/epochtimestr.com\/index.php\/wp-json\/wp\/v2\/posts\/170007"}],"collection":[{"href":"https:\/\/epochtimestr.com\/index.php\/wp-json\/wp\/v2\/posts"}],"about":[{"href":"https:\/\/epochtimestr.com\/index.php\/wp-json\/wp\/v2\/types\/post"}],"author":[{"embeddable":true,"href":"https:\/\/epochtimestr.com\/index.php\/wp-json\/wp\/v2\/users\/12791"}],"replies":[{"embeddable":true,"href":"https:\/\/epochtimestr.com\/index.php\/wp-json\/wp\/v2\/comments?post=170007"}],"version-history":[{"count":2,"href":"https:\/\/epochtimestr.com\/index.php\/wp-json\/wp\/v2\/posts\/170007\/revisions"}],"predecessor-version":[{"id":170010,"href":"https:\/\/epochtimestr.com\/index.php\/wp-json\/wp\/v2\/posts\/170007\/revisions\/170010"}],"wp:featuredmedia":[{"embeddable":true,"href":"https:\/\/epochtimestr.com\/index.php\/wp-json\/wp\/v2\/media\/153516"}],"wp:attachment":[{"href":"https:\/\/epochtimestr.com\/index.php\/wp-json\/wp\/v2\/media?parent=170007"}],"wp:term":[{"taxonomy":"category","embeddable":true,"href":"https:\/\/epochtimestr.com\/index.php\/wp-json\/wp\/v2\/categories?post=170007"},{"taxonomy":"post_tag","embeddable":true,"href":"https:\/\/epochtimestr.com\/index.php\/wp-json\/wp\/v2\/tags?post=170007"}],"curies":[{"name":"wp","href":"https:\/\/api.w.org\/{rel}","templated":true}]}}