{"id":170024,"date":"2026-08-09T15:57:47","date_gmt":"2026-08-09T12:57:47","guid":{"rendered":"https:\/\/epochtimestr.com\/?p=170024"},"modified":"2026-08-09T15:57:51","modified_gmt":"2026-08-09T12:57:51","slug":"cocuk-koruma-kanununda-6-madde-kabul-edildi","status":"publish","type":"post","link":"https:\/\/epochtimestr.com\/index.php\/cocuk-koruma-kanununda-6-madde-kabul-edildi","title":{"rendered":"\u00c7ocuk Koruma Kanunu&#8217;nda 6 Madde Kabul Edildi"},"content":{"rendered":"<div class=\"wp-block-image\">\n<figure class=\"aligncenter size-large is-resized\"><img loading=\"lazy\" decoding=\"async\" width=\"1200\" height=\"1200\" src=\"https:\/\/epochtimestr.com\/wp-content\/uploads\/2011y\/geralt-1200x1200.png\" alt=\"\u00c7ocuk Koruma Kanunu'nda d\u00fczenlemeler i\u00e7eren teklifin 6 maddesi kabul edildi. (Foto\u011fraf:geralt, Pixabay)\" class=\"wp-image-170026\" style=\"width:838px;height:auto\" srcset=\"https:\/\/epochtimestr.com\/wp-content\/uploads\/2011y\/geralt-1200x1200.png 1200w, https:\/\/epochtimestr.com\/wp-content\/uploads\/2011y\/geralt-300x300.png 300w, https:\/\/epochtimestr.com\/wp-content\/uploads\/2011y\/geralt-150x150.png 150w, https:\/\/epochtimestr.com\/wp-content\/uploads\/2011y\/geralt-768x768.png 768w, https:\/\/epochtimestr.com\/wp-content\/uploads\/2011y\/geralt.png 1280w\" sizes=\"(max-width: 1200px) 100vw, 1200px\" \/><figcaption class=\"wp-element-caption\">\u00c7ocuk Koruma Kanunu&#8217;nda d\u00fczenlemeler i\u00e7eren teklifin 6 maddesi kabul edildi. (Foto\u011fraf:geralt, Pixabay)<\/figcaption><\/figure><\/div>\n\n\n<h2 class=\"wp-block-heading\">\u00c7ocuk Koruma Kanunu ile Baz\u0131 Kanunlarda De\u011fi\u015fiklik Yap\u0131lmas\u0131na Dair Kanun Teklifi&#8217;nin 6 maddesi daha kabul edildi.<\/h2>\n\n\n\n<p><a href=\"https:\/\/epochtimestr.com\/index.php\/pkknin-fesih-sureci-hakkindaki-yasa-teklifi-tbmmde\" target=\"_blank\" rel=\"noreferrer noopener\">TBMM<\/a> Genel Kurulu&#8217;nda, su\u00e7a s\u00fcr\u00fcklenen \u00e7ocuklara ili\u015fkin d\u00fczenlemeleri de i\u00e7eren &#8216;\u00c7ocuk Koruma Kanunu ile Baz\u0131 Kanunlarda De\u011fi\u015fiklik Yap\u0131lmas\u0131na Dair Kanun Teklifi&#8217;nin 6 maddesi daha kabul edildi. \u201c\u00c7ocuk Koruma Kanunu ile Baz\u0131 Kanunlarda De\u011fi\u015fiklik Yap\u0131lmas\u0131na Dair Kanun Teklifi\u201d, AKP ve MHP oylar\u0131yla TBMM Genel Kurulu\u2019nda kabul edildi.<\/p>\n\n\n\n<p>D\u00fczenlemeyle, ate\u015fli silah\u0131n dikkat ve \u00f6zen y\u00fck\u00fcml\u00fcl\u00fc\u011f\u00fcne ayk\u0131r\u0131 \u015fekilde muhafaza edilerek \u00e7ocuk taraf\u0131ndan ele ge\u00e7irilmesine neden olunmas\u0131 m\u00fcstakil su\u00e7 haline getirildi. Fiilin daha a\u011f\u0131r bir su\u00e7u olu\u015fturmamas\u0131 \u015fart\u0131yla, silah\u0131 tedbirsizce bulunduran ki\u015filere 1 y\u0131ldan 3 y\u0131la kadar hapis cezas\u0131 verilecek.<\/p>\n\n\n\n<p><strong>\u00c7ocuklar\u0131n\u0131n ahlak, g\u00fcvenlik ve sa\u011fl\u0131\u011f\u0131n\u0131 a\u011f\u0131r \u015fekilde tehlikeye sokan ebeveynlere hapis cezas\u0131 s\u0131n\u0131r\u0131 &#8216;3 aydan 1 y\u0131la kadar&#8217; yerine &#8216;1 y\u0131ldan 3 y\u0131la kadar&#8217; olacak<\/strong>.<\/p>\n\n\n\n<p>Aile hukukundan do\u011fan bak\u0131m, e\u011fitim veya destek olma y\u00fck\u00fcml\u00fcl\u00fc\u011f\u00fcn\u00fc yerine getirmeyen ki\u015fi i\u00e7in \u015fikayet \u00fczerine \u00f6ng\u00f6r\u00fclen &#8216;1 y\u0131la kadar&#8217; hapis cezas\u0131, &#8216;3 aydan 2 y\u0131la kadar&#8217; \u015feklinde d\u00fczenleniyor. Hamile oldu\u011funu bildi\u011fi e\u015fini veya s\u00fcrekli birlikte ya\u015fad\u0131\u011f\u0131 ve kendisinden gebe kalm\u0131\u015f bulundu\u011funu bildi\u011fi evli olmayan bir kad\u0131n\u0131 \u00e7aresiz durumda terk eden kimseye verilmesi \u00f6ng\u00f6r\u00fclen &#8216;3 aydan 1 y\u0131la kadar&#8217; hapis cezas\u0131n\u0131n s\u0131n\u0131r\u0131 &#8216;6 aydan 2 y\u0131la kadar&#8217;a y\u00fckseltilecek.<\/p>\n\n\n\n<p>\u00c7ocuklar\u0131n\u0131n ahlak, g\u00fcvenlik ve sa\u011fl\u0131\u011f\u0131n\u0131 a\u011f\u0131r \u015fekilde tehlikeye sokan ebeveynlere \u00f6ng\u00f6r\u00fclen hapis cezas\u0131n\u0131n s\u0131n\u0131r\u0131 ise &#8216;3 aydan bir y\u0131la kadar&#8217; yerine &#8216;1 y\u0131ldan 3 y\u0131la kadar&#8217; olacak. &#8216;Ceza Muhakemesi Kanunu&#8217;nda yap\u0131lan d\u00fczenlemeyle, mahkeme taraf\u0131ndan iddianamenin ve soru\u015fturma evrak\u0131n\u0131n verildi\u011fi tarihten itibaren 15 g\u00fcn i\u00e7inde soru\u015fturma evresine ili\u015fkin b\u00fct\u00fcn belgeler incelendikten sonra, eksik veya hatal\u0131 noktalar belirtilmek suretiyle, 15 ya\u015f\u0131n\u0131 doldurmam\u0131\u015f \u00e7ocuklar hakk\u0131nda sosyal inceleme yapt\u0131r\u0131lmaks\u0131z\u0131n d\u00fczenlenen iddianamenin Cumhuriyet Ba\u015fsavc\u0131l\u0131\u011f\u0131na iadesine karar verilecek.<\/p>\n\n\n\n<h3 class=\"wp-block-heading\">\u00c7ocuklar, cinsiyetleri ve fiziki geli\u015fim durumlar\u0131n\u0131n yan\u0131 s\u0131ra su\u00e7 t\u00fcrleri de g\u00f6z \u00f6n\u00fcne al\u0131narak \u00e7ocuk kapal\u0131 ceza infaz kurumlar\u0131n\u0131n ayr\u0131 ayr\u0131 b\u00f6l\u00fcmlerinde bar\u0131nd\u0131r\u0131lacak.<\/h3>\n\n\n\n<p>Di\u011fer taraftan teklifle, \u00e7ocuk su\u00e7lular\u0131n hapis cezalar\u0131n\u0131n do\u011frudan \u00e7ocuk <a href=\"https:\/\/epochtimestr.com\/index.php\/cocuklar-korkuyla-degil-umutla-okula-gitmelii\" target=\"_blank\" rel=\"noreferrer noopener\">e\u011fitim<\/a>evlerinde cezas\u0131na ba\u015flanmas\u0131 yerine kapal\u0131 ceza infaz kurumlar\u0131nda ba\u015flayacak ve iyi halli oldu\u011funun tespit edilmesi halinde e\u011fitimevlerine ayr\u0131lacak.<\/p>\n\n\n\n<p>D\u00fczenlemeyle, 12-18 ya\u015f grubu \u00e7ocuklar, cinsiyetleri ve fiziki geli\u015fim durumlar\u0131n\u0131n yan\u0131 s\u0131ra su\u00e7 t\u00fcrleri de g\u00f6z \u00f6n\u00fcne al\u0131narak \u00e7ocuk kapal\u0131 ceza infaz kurumlar\u0131n\u0131n ayr\u0131 ayr\u0131 b\u00f6l\u00fcmlerinde bar\u0131nd\u0131r\u0131lacak. \u00c7ocuklar\u0131n e\u011fitimevine ayr\u0131lmalar\u0131na psikolog, pedagog veya \u00e7ocuk geli\u015fimcilerinden olu\u015fan kurulun 3 ayda bir yap\u0131lacak de\u011ferlendirmeyle karar verilecek.<\/p>\n\n\n\n<p>Kas\u0131tl\u0131 su\u00e7lardan toplam 3 y\u0131l veya daha az hapis cezas\u0131 ile taksirli su\u00e7lardan toplam 5 y\u0131l veya daha az s\u00fcreyle hapis cezas\u0131na mahkum olan \u00e7ocuk h\u00fck\u00fcml\u00fcler hakk\u0131nda verilen cezalar do\u011frudan \u00e7ocuk e\u011fitimevlerinde yerine getirilecek.<\/p>\n\n\n\n<p>Do\u011frudan \u00e7ocuk e\u011fitimevine al\u0131nanlar dahil olmak \u00fczere bu kurumlarda bulunan \u00e7ocuk h\u00fck\u00fcml\u00fclerden firar edenler veya ba\u015fka bir fiilden dolay\u0131 haklar\u0131nda tutuklama karar\u0131 verilenler idare ve g\u00f6zlem kurulu karar\u0131yla, kapal\u0131 ceza infaz kurumuna iade veya odaya kapatma disiplin cezas\u0131 al\u0131p bu cezas\u0131 kesinle\u015fmi\u015f olanlar veya asayi\u015f ve d\u00fczenin sa\u011flanmas\u0131 amac\u0131yla disiplin cezas\u0131 kesinle\u015fmi\u015f olsa bile eylemi kurum d\u00fczeni ya da ki\u015fi g\u00fcvenli\u011fi bak\u0131m\u0131ndan tehlike olu\u015fturanlar idare ve g\u00f6zlem kurulu karar\u0131yla \u00e7ocuk kapal\u0131 ceza infaz kurumlar\u0131na g\u00f6nderilecek.<\/p>\n\n\n\n<p><strong>18 ya\u015f\u0131ndan k\u00fc\u00e7\u00fck \u00e7ocuklara kesici, delici aletlerin sat\u0131\u015f\u0131 ve sergilenmesi, \u00e7ocuklar taraf\u0131ndan sat\u0131n al\u0131nmas\u0131 veya ta\u015f\u0131nmas\u0131 yasaklanacak<\/strong>.<\/p>\n\n\n\n<p>Ayr\u0131ca kanun teklifiyle kasten \u00f6ld\u00fcrme su\u00e7lar\u0131, cinsel dokunulmazl\u0131\u011fa kar\u015f\u0131 i\u015flenen su\u00e7lar, uyu\u015fturucu veya uyar\u0131c\u0131 madde imal ve ticareti su\u00e7u ve su\u00e7 i\u015flemek amac\u0131yla \u00f6rg\u00fct kurma su\u00e7u hari\u00e7 olmak \u00fczere, ko\u015fullu sal\u0131verilme s\u00fcresinin hesaplanmas\u0131nda h\u00fck\u00fcml\u00fcn\u00fcn 15 ya\u015f\u0131n\u0131 dolduruncaya kadar infaz kurumunda ge\u00e7irdi\u011fi 1 g\u00fcn, 2 g\u00fcn olarak dikkate al\u0131nacak.<\/p>\n\n\n\n<p>Kanun kapsam\u0131 d\u0131\u015f\u0131nda kalan her t\u00fcrl\u00fc b\u0131\u00e7ak ile di\u011fer kesici, delici veya bereleyici aletlerin sat\u0131\u015f\u0131 ve sergilenmesi, 18 ya\u015f\u0131ndan k\u00fc\u00e7\u00fck \u00e7ocuklara sat\u0131lmas\u0131 ve \u00e7ocuklar taraf\u0131ndan sat\u0131n al\u0131nmas\u0131 veya ta\u015f\u0131nmas\u0131 yasaklanacak.<\/p>\n","protected":false},"excerpt":{"rendered":"<p>\u00c7ocuk Koruma Kanunu ile Baz\u0131 Kanunlarda De\u011fi\u015fiklik Yap\u0131lmas\u0131na Dair Kanun Teklifi&#8217;nin 6 maddesi daha kabul edildi. TBMM Genel Kurulu&#8217;nda, su\u00e7a s\u00fcr\u00fcklenen \u00e7ocuklara ili\u015fkin d\u00fczenlemeleri de i\u00e7eren &#8216;\u00c7ocuk Koruma Kanunu ile Baz\u0131 Kanunlarda De\u011fi\u015fiklik Yap\u0131lmas\u0131na Dair Kanun Teklifi&#8217;nin 6 maddesi daha kabul edildi. \u201c\u00c7ocuk Koruma Kanunu ile Baz\u0131 Kanunlarda De\u011fi\u015fiklik Yap\u0131lmas\u0131na Dair Kanun Teklifi\u201d, AKP ve [&hellip;]<\/p>\n","protected":false},"author":12791,"featured_media":170026,"comment_status":"open","ping_status":"open","sticky":false,"template":"","format":"standard","meta":{"_yoast_wpseo_focuskw":"\u00e7ocuk Koruma","_yoast_wpseo_title":"","_yoast_wpseo_metadesc":"\u00c7ocuk Koruma Kanunu ile baz\u0131 kanunlarda de\u011fi\u015fiklik yap\u0131lmas\u0131na dair kanun teklifinin 6 maddesi daha kabul edildi.","_bbp_topic_count":0,"_bbp_reply_count":0,"_bbp_total_topic_count":0,"_bbp_total_reply_count":0,"_bbp_voice_count":0,"_bbp_anonymous_reply_count":0,"_bbp_topic_count_hidden":0,"_bbp_reply_count_hidden":0,"_bbp_forum_subforum_count":0,"footnotes":"","_yoast_wpseo_focuskw_text_input":""},"categories":[1,8138,8226],"tags":[12126,12125,12124,2243,1200],"yoast_head":"<!-- This site is optimized with the Yoast SEO plugin v23.0 - https:\/\/yoast.com\/wordpress\/plugins\/seo\/ -->\n<title>\u00c7ocuk Koruma Kanunu&#039;nda 6 Madde Kabul Edildi - The Epoch Times TR<\/title>\n<meta name=\"description\" content=\"\u00c7ocuk Koruma Kanunu ile baz\u0131 kanunlarda de\u011fi\u015fiklik yap\u0131lmas\u0131na dair kanun teklifinin 6 maddesi daha kabul edildi.\" \/>\n<meta name=\"robots\" content=\"index, follow, max-snippet:-1, max-image-preview:large, max-video-preview:-1\" \/>\n<link rel=\"canonical\" href=\"https:\/\/epochtimestr.com\/index.php\/cocuk-koruma-kanununda-6-madde-kabul-edildi\" \/>\n<meta property=\"og:locale\" content=\"tr_TR\" \/>\n<meta property=\"og:type\" content=\"article\" \/>\n<meta property=\"og:title\" content=\"\u00c7ocuk Koruma Kanunu&#039;nda 6 Madde Kabul Edildi - The Epoch Times TR\" \/>\n<meta property=\"og:description\" content=\"\u00c7ocuk Koruma Kanunu ile baz\u0131 kanunlarda de\u011fi\u015fiklik yap\u0131lmas\u0131na dair kanun teklifinin 6 maddesi daha kabul edildi.\" \/>\n<meta property=\"og:url\" content=\"https:\/\/epochtimestr.com\/index.php\/cocuk-koruma-kanununda-6-madde-kabul-edildi\" \/>\n<meta property=\"og:site_name\" content=\"The Epoch Times TR\" \/>\n<meta property=\"article:publisher\" content=\"https:\/\/www.facebook.com\/theepochtimestr\" \/>\n<meta property=\"article:published_time\" content=\"2026-08-09T12:57:47+00:00\" \/>\n<meta property=\"article:modified_time\" content=\"2026-08-09T12:57:51+00:00\" \/>\n<meta property=\"og:image\" content=\"https:\/\/epochtimestr.com\/wp-content\/uploads\/2011y\/geralt.png\" \/>\n\t<meta property=\"og:image:width\" content=\"1280\" \/>\n\t<meta property=\"og:image:height\" content=\"1280\" \/>\n\t<meta property=\"og:image:type\" content=\"image\/png\" \/>\n<meta name=\"author\" content=\"Haber Merkezi\" \/>\n<meta name=\"twitter:card\" content=\"summary_large_image\" \/>\n<meta name=\"twitter:creator\" content=\"@TheEpochTimesTR\" \/>\n<meta name=\"twitter:site\" content=\"@TheEpochTimesTR\" \/>\n<meta name=\"twitter:label1\" content=\"Yazan:\" \/>\n\t<meta name=\"twitter:data1\" content=\"Haber Merkezi\" \/>\n\t<meta name=\"twitter:label2\" content=\"Tahmini okuma s\u00fcresi\" \/>\n\t<meta name=\"twitter:data2\" content=\"4 dakika\" \/>\n<script type=\"application\/ld+json\" class=\"yoast-schema-graph\">{\"@context\":\"https:\/\/schema.org\",\"@graph\":[{\"@type\":\"Article\",\"@id\":\"https:\/\/epochtimestr.com\/index.php\/cocuk-koruma-kanununda-6-madde-kabul-edildi#article\",\"isPartOf\":{\"@id\":\"https:\/\/epochtimestr.com\/index.php\/cocuk-koruma-kanununda-6-madde-kabul-edildi\"},\"author\":{\"name\":\"Haber Merkezi\",\"@id\":\"https:\/\/epochtimestr.com\/#\/schema\/person\/3dc5c3adeb9f43923c5aa85889172fdd\"},\"headline\":\"\u00c7ocuk Koruma Kanunu&#8217;nda 6 Madde Kabul Edildi\",\"datePublished\":\"2026-08-09T12:57:47+00:00\",\"dateModified\":\"2026-08-09T12:57:51+00:00\",\"mainEntityOfPage\":{\"@id\":\"https:\/\/epochtimestr.com\/index.php\/cocuk-koruma-kanununda-6-madde-kabul-edildi\"},\"wordCount\":821,\"commentCount\":0,\"publisher\":{\"@id\":\"https:\/\/epochtimestr.com\/#organization\"},\"image\":{\"@id\":\"https:\/\/epochtimestr.com\/index.php\/cocuk-koruma-kanununda-6-madde-kabul-edildi#primaryimage\"},\"thumbnailUrl\":\"https:\/\/epochtimestr.com\/wp-content\/uploads\/2011y\/geralt.png\",\"keywords\":[\"Ceza Muhakemesi Kanunu\",\"\u00e7ocuk e\u011fitimevi\",\"\u00c7ocuk Koruma Yasas\u0131\",\"hapis cezas\u0131\",\"tbmm\"],\"articleSection\":[\"G\u00dcNDEM\",\"MAN\u015eET\",\"Siyaset\"],\"inLanguage\":\"tr\",\"potentialAction\":[{\"@type\":\"CommentAction\",\"name\":\"Comment\",\"target\":[\"https:\/\/epochtimestr.com\/index.php\/cocuk-koruma-kanununda-6-madde-kabul-edildi#respond\"]}]},{\"@type\":\"WebPage\",\"@id\":\"https:\/\/epochtimestr.com\/index.php\/cocuk-koruma-kanununda-6-madde-kabul-edildi\",\"url\":\"https:\/\/epochtimestr.com\/index.php\/cocuk-koruma-kanununda-6-madde-kabul-edildi\",\"name\":\"\u00c7ocuk Koruma Kanunu'nda 6 Madde Kabul Edildi - The Epoch Times TR\",\"isPartOf\":{\"@id\":\"https:\/\/epochtimestr.com\/#website\"},\"primaryImageOfPage\":{\"@id\":\"https:\/\/epochtimestr.com\/index.php\/cocuk-koruma-kanununda-6-madde-kabul-edildi#primaryimage\"},\"image\":{\"@id\":\"https:\/\/epochtimestr.com\/index.php\/cocuk-koruma-kanununda-6-madde-kabul-edildi#primaryimage\"},\"thumbnailUrl\":\"https:\/\/epochtimestr.com\/wp-content\/uploads\/2011y\/geralt.png\",\"datePublished\":\"2026-08-09T12:57:47+00:00\",\"dateModified\":\"2026-08-09T12:57:51+00:00\",\"description\":\"\u00c7ocuk Koruma Kanunu ile baz\u0131 kanunlarda de\u011fi\u015fiklik yap\u0131lmas\u0131na dair kanun teklifinin 6 maddesi daha kabul edildi.\",\"inLanguage\":\"tr\",\"potentialAction\":[{\"@type\":\"ReadAction\",\"target\":[\"https:\/\/epochtimestr.com\/index.php\/cocuk-koruma-kanununda-6-madde-kabul-edildi\"]}]},{\"@type\":\"ImageObject\",\"inLanguage\":\"tr\",\"@id\":\"https:\/\/epochtimestr.com\/index.php\/cocuk-koruma-kanununda-6-madde-kabul-edildi#primaryimage\",\"url\":\"https:\/\/epochtimestr.com\/wp-content\/uploads\/2011y\/geralt.png\",\"contentUrl\":\"https:\/\/epochtimestr.com\/wp-content\/uploads\/2011y\/geralt.png\",\"width\":1280,\"height\":1280},{\"@type\":\"WebSite\",\"@id\":\"https:\/\/epochtimestr.com\/#website\",\"url\":\"https:\/\/epochtimestr.com\/\",\"name\":\"The Epoch Times TR\",\"description\":\"De\u011fi\u015fen D\u00fcnyam\u0131za Taze Bir Bak\u0131\u015f\",\"publisher\":{\"@id\":\"https:\/\/epochtimestr.com\/#organization\"},\"potentialAction\":[{\"@type\":\"SearchAction\",\"target\":{\"@type\":\"EntryPoint\",\"urlTemplate\":\"https:\/\/epochtimestr.com\/?s={search_term_string}\"},\"query-input\":\"required name=search_term_string\"}],\"inLanguage\":\"tr\"},{\"@type\":\"Organization\",\"@id\":\"https:\/\/epochtimestr.com\/#organization\",\"name\":\"The EpochTimes T\u00fcrkiye\",\"url\":\"https:\/\/epochtimestr.com\/\",\"logo\":{\"@type\":\"ImageObject\",\"inLanguage\":\"tr\",\"@id\":\"https:\/\/epochtimestr.com\/#\/schema\/logo\/image\/\",\"url\":\"https:\/\/epochtimestr.com\/wp-content\/uploads\/2011y\/ET-Logo-YG.jpg\",\"contentUrl\":\"https:\/\/epochtimestr.com\/wp-content\/uploads\/2011y\/ET-Logo-YG.jpg\",\"width\":346,\"height\":29,\"caption\":\"The EpochTimes T\u00fcrkiye\"},\"image\":{\"@id\":\"https:\/\/epochtimestr.com\/#\/schema\/logo\/image\/\"},\"sameAs\":[\"https:\/\/www.facebook.com\/theepochtimestr\",\"https:\/\/x.com\/TheEpochTimesTR\",\"https:\/\/www.instagram.com\/epochtimestr\"]},{\"@type\":\"Person\",\"@id\":\"https:\/\/epochtimestr.com\/#\/schema\/person\/3dc5c3adeb9f43923c5aa85889172fdd\",\"name\":\"Haber Merkezi\",\"image\":{\"@type\":\"ImageObject\",\"inLanguage\":\"tr\",\"@id\":\"https:\/\/epochtimestr.com\/#\/schema\/person\/image\/\",\"url\":\"https:\/\/secure.gravatar.com\/avatar\/d73f772ba5a74f28601361e17c2f93e6?s=96&d=mm&r=g\",\"contentUrl\":\"https:\/\/secure.gravatar.com\/avatar\/d73f772ba5a74f28601361e17c2f93e6?s=96&d=mm&r=g\",\"caption\":\"Haber Merkezi\"},\"url\":\"https:\/\/epochtimestr.com\/index.php\/author\/sendag\"}]}<\/script>\n<!-- \/ Yoast SEO plugin. -->","yoast_head_json":{"title":"\u00c7ocuk Koruma Kanunu'nda 6 Madde Kabul Edildi - The Epoch Times TR","description":"\u00c7ocuk Koruma Kanunu ile baz\u0131 kanunlarda de\u011fi\u015fiklik yap\u0131lmas\u0131na dair kanun teklifinin 6 maddesi daha kabul edildi.","robots":{"index":"index","follow":"follow","max-snippet":"max-snippet:-1","max-image-preview":"max-image-preview:large","max-video-preview":"max-video-preview:-1"},"canonical":"https:\/\/epochtimestr.com\/index.php\/cocuk-koruma-kanununda-6-madde-kabul-edildi","og_locale":"tr_TR","og_type":"article","og_title":"\u00c7ocuk Koruma Kanunu'nda 6 Madde Kabul Edildi - The Epoch Times TR","og_description":"\u00c7ocuk Koruma Kanunu ile baz\u0131 kanunlarda de\u011fi\u015fiklik yap\u0131lmas\u0131na dair kanun teklifinin 6 maddesi daha kabul edildi.","og_url":"https:\/\/epochtimestr.com\/index.php\/cocuk-koruma-kanununda-6-madde-kabul-edildi","og_site_name":"The Epoch Times TR","article_publisher":"https:\/\/www.facebook.com\/theepochtimestr","article_published_time":"2026-08-09T12:57:47+00:00","article_modified_time":"2026-08-09T12:57:51+00:00","og_image":[{"width":1280,"height":1280,"url":"https:\/\/epochtimestr.com\/wp-content\/uploads\/2011y\/geralt.png","type":"image\/png"}],"author":"Haber Merkezi","twitter_card":"summary_large_image","twitter_creator":"@TheEpochTimesTR","twitter_site":"@TheEpochTimesTR","twitter_misc":{"Yazan:":"Haber Merkezi","Tahmini okuma s\u00fcresi":"4 dakika"},"schema":{"@context":"https:\/\/schema.org","@graph":[{"@type":"Article","@id":"https:\/\/epochtimestr.com\/index.php\/cocuk-koruma-kanununda-6-madde-kabul-edildi#article","isPartOf":{"@id":"https:\/\/epochtimestr.com\/index.php\/cocuk-koruma-kanununda-6-madde-kabul-edildi"},"author":{"name":"Haber Merkezi","@id":"https:\/\/epochtimestr.com\/#\/schema\/person\/3dc5c3adeb9f43923c5aa85889172fdd"},"headline":"\u00c7ocuk Koruma Kanunu&#8217;nda 6 Madde Kabul Edildi","datePublished":"2026-08-09T12:57:47+00:00","dateModified":"2026-08-09T12:57:51+00:00","mainEntityOfPage":{"@id":"https:\/\/epochtimestr.com\/index.php\/cocuk-koruma-kanununda-6-madde-kabul-edildi"},"wordCount":821,"commentCount":0,"publisher":{"@id":"https:\/\/epochtimestr.com\/#organization"},"image":{"@id":"https:\/\/epochtimestr.com\/index.php\/cocuk-koruma-kanununda-6-madde-kabul-edildi#primaryimage"},"thumbnailUrl":"https:\/\/epochtimestr.com\/wp-content\/uploads\/2011y\/geralt.png","keywords":["Ceza Muhakemesi Kanunu","\u00e7ocuk e\u011fitimevi","\u00c7ocuk Koruma Yasas\u0131","hapis cezas\u0131","tbmm"],"articleSection":["G\u00dcNDEM","MAN\u015eET","Siyaset"],"inLanguage":"tr","potentialAction":[{"@type":"CommentAction","name":"Comment","target":["https:\/\/epochtimestr.com\/index.php\/cocuk-koruma-kanununda-6-madde-kabul-edildi#respond"]}]},{"@type":"WebPage","@id":"https:\/\/epochtimestr.com\/index.php\/cocuk-koruma-kanununda-6-madde-kabul-edildi","url":"https:\/\/epochtimestr.com\/index.php\/cocuk-koruma-kanununda-6-madde-kabul-edildi","name":"\u00c7ocuk Koruma Kanunu'nda 6 Madde Kabul Edildi - The Epoch Times TR","isPartOf":{"@id":"https:\/\/epochtimestr.com\/#website"},"primaryImageOfPage":{"@id":"https:\/\/epochtimestr.com\/index.php\/cocuk-koruma-kanununda-6-madde-kabul-edildi#primaryimage"},"image":{"@id":"https:\/\/epochtimestr.com\/index.php\/cocuk-koruma-kanununda-6-madde-kabul-edildi#primaryimage"},"thumbnailUrl":"https:\/\/epochtimestr.com\/wp-content\/uploads\/2011y\/geralt.png","datePublished":"2026-08-09T12:57:47+00:00","dateModified":"2026-08-09T12:57:51+00:00","description":"\u00c7ocuk Koruma Kanunu ile baz\u0131 kanunlarda de\u011fi\u015fiklik yap\u0131lmas\u0131na dair kanun teklifinin 6 maddesi daha kabul edildi.","inLanguage":"tr","potentialAction":[{"@type":"ReadAction","target":["https:\/\/epochtimestr.com\/index.php\/cocuk-koruma-kanununda-6-madde-kabul-edildi"]}]},{"@type":"ImageObject","inLanguage":"tr","@id":"https:\/\/epochtimestr.com\/index.php\/cocuk-koruma-kanununda-6-madde-kabul-edildi#primaryimage","url":"https:\/\/epochtimestr.com\/wp-content\/uploads\/2011y\/geralt.png","contentUrl":"https:\/\/epochtimestr.com\/wp-content\/uploads\/2011y\/geralt.png","width":1280,"height":1280},{"@type":"WebSite","@id":"https:\/\/epochtimestr.com\/#website","url":"https:\/\/epochtimestr.com\/","name":"The Epoch Times TR","description":"De\u011fi\u015fen D\u00fcnyam\u0131za Taze Bir Bak\u0131\u015f","publisher":{"@id":"https:\/\/epochtimestr.com\/#organization"},"potentialAction":[{"@type":"SearchAction","target":{"@type":"EntryPoint","urlTemplate":"https:\/\/epochtimestr.com\/?s={search_term_string}"},"query-input":"required name=search_term_string"}],"inLanguage":"tr"},{"@type":"Organization","@id":"https:\/\/epochtimestr.com\/#organization","name":"The EpochTimes T\u00fcrkiye","url":"https:\/\/epochtimestr.com\/","logo":{"@type":"ImageObject","inLanguage":"tr","@id":"https:\/\/epochtimestr.com\/#\/schema\/logo\/image\/","url":"https:\/\/epochtimestr.com\/wp-content\/uploads\/2011y\/ET-Logo-YG.jpg","contentUrl":"https:\/\/epochtimestr.com\/wp-content\/uploads\/2011y\/ET-Logo-YG.jpg","width":346,"height":29,"caption":"The EpochTimes T\u00fcrkiye"},"image":{"@id":"https:\/\/epochtimestr.com\/#\/schema\/logo\/image\/"},"sameAs":["https:\/\/www.facebook.com\/theepochtimestr","https:\/\/x.com\/TheEpochTimesTR","https:\/\/www.instagram.com\/epochtimestr"]},{"@type":"Person","@id":"https:\/\/epochtimestr.com\/#\/schema\/person\/3dc5c3adeb9f43923c5aa85889172fdd","name":"Haber Merkezi","image":{"@type":"ImageObject","inLanguage":"tr","@id":"https:\/\/epochtimestr.com\/#\/schema\/person\/image\/","url":"https:\/\/secure.gravatar.com\/avatar\/d73f772ba5a74f28601361e17c2f93e6?s=96&d=mm&r=g","contentUrl":"https:\/\/secure.gravatar.com\/avatar\/d73f772ba5a74f28601361e17c2f93e6?s=96&d=mm&r=g","caption":"Haber Merkezi"},"url":"https:\/\/epochtimestr.com\/index.php\/author\/sendag"}]}},"_links":{"self":[{"href":"https:\/\/epochtimestr.com\/index.php\/wp-json\/wp\/v2\/posts\/170024"}],"collection":[{"href":"https:\/\/epochtimestr.com\/index.php\/wp-json\/wp\/v2\/posts"}],"about":[{"href":"https:\/\/epochtimestr.com\/index.php\/wp-json\/wp\/v2\/types\/post"}],"author":[{"embeddable":true,"href":"https:\/\/epochtimestr.com\/index.php\/wp-json\/wp\/v2\/users\/12791"}],"replies":[{"embeddable":true,"href":"https:\/\/epochtimestr.com\/index.php\/wp-json\/wp\/v2\/comments?post=170024"}],"version-history":[{"count":2,"href":"https:\/\/epochtimestr.com\/index.php\/wp-json\/wp\/v2\/posts\/170024\/revisions"}],"predecessor-version":[{"id":170031,"href":"https:\/\/epochtimestr.com\/index.php\/wp-json\/wp\/v2\/posts\/170024\/revisions\/170031"}],"wp:featuredmedia":[{"embeddable":true,"href":"https:\/\/epochtimestr.com\/index.php\/wp-json\/wp\/v2\/media\/170026"}],"wp:attachment":[{"href":"https:\/\/epochtimestr.com\/index.php\/wp-json\/wp\/v2\/media?parent=170024"}],"wp:term":[{"taxonomy":"category","embeddable":true,"href":"https:\/\/epochtimestr.com\/index.php\/wp-json\/wp\/v2\/categories?post=170024"},{"taxonomy":"post_tag","embeddable":true,"href":"https:\/\/epochtimestr.com\/index.php\/wp-json\/wp\/v2\/tags?post=170024"}],"curies":[{"name":"wp","href":"https:\/\/api.w.org\/{rel}","templated":true}]}}