{"id":170028,"date":"2026-08-09T16:10:46","date_gmt":"2026-08-09T13:10:46","guid":{"rendered":"https:\/\/epochtimestr.com\/?p=170028"},"modified":"2026-08-09T16:10:48","modified_gmt":"2026-08-09T13:10:48","slug":"artvinin-hopa-ilcesinde-sahilde-insansiz-hava-araci-bulundu","status":"publish","type":"post","link":"https:\/\/epochtimestr.com\/index.php\/artvinin-hopa-ilcesinde-sahilde-insansiz-hava-araci-bulundu","title":{"rendered":"Artvin&#8217;in Hopa \u0130l\u00e7esinde Sahilde \u0130nsans\u0131z Hava Arac\u0131 Bulundu"},"content":{"rendered":"<div class=\"wp-block-image\">\n<figure class=\"aligncenter size-full\"><img loading=\"lazy\" decoding=\"async\" width=\"1280\" height=\"853\" src=\"https:\/\/epochtimestr.com\/wp-content\/uploads\/2011y\/pixabay-31.jpg\" alt=\"Artvin'in Hopa il\u00e7esinde, sahilde insans\u0131z hava arac\u0131 bulundu. (Foto\u011fraf: Military_Material, Pixabay)\" class=\"wp-image-170030\" srcset=\"https:\/\/epochtimestr.com\/wp-content\/uploads\/2011y\/pixabay-31.jpg 1280w, https:\/\/epochtimestr.com\/wp-content\/uploads\/2011y\/pixabay-31-300x200.jpg 300w, https:\/\/epochtimestr.com\/wp-content\/uploads\/2011y\/pixabay-31-150x100.jpg 150w, https:\/\/epochtimestr.com\/wp-content\/uploads\/2011y\/pixabay-31-768x512.jpg 768w\" sizes=\"(max-width: 1280px) 100vw, 1280px\" \/><figcaption class=\"wp-element-caption\">Artvin&#8217;in Hopa il\u00e7esinde, sahilde insans\u0131z hava arac\u0131 bulundu. (Foto\u011fraf: Military_Material, Pixabay)<\/figcaption><\/figure><\/div>\n\n\n<h2 class=\"wp-block-heading\">Artvin&#8217;in Hopa il\u00e7esi a\u00e7\u0131klar\u0131nda bal\u0131k\u00e7\u0131lar taraf\u0131ndan su y\u00fczeyinde tespit edilen insans\u0131z hava arac\u0131 (\u0130HA), g\u00fcvenlik g\u00fc\u00e7lerince imha edildi.<\/h2>\n\n\n\n<p>Artvin&#8217;in Hopa il\u00e7esi a\u00e7\u0131klar\u0131nda bal\u0131k\u00e7\u0131lar taraf\u0131ndan su y\u00fczeyinde tespit edilen insans\u0131z hava arac\u0131 (<a href=\"https:\/\/epochtimestr.com\/index.php\/rusyada-iha-fabrikasi-mudurunun-araci-patlatildi\" target=\"_blank\" rel=\"noreferrer noopener\">\u0130HA<\/a>), g\u00fcvenlik g\u00fc\u00e7lerince imha edildi. G\u00fcndem Artvin gazetesinin haberine g\u00f6re, 8 A\u011fustos saat 16.35 s\u0131ralar\u0131nda Sug\u00f6ren bal\u0131k\u00e7\u0131 bar\u0131na\u011f\u0131 \u00f6n\u00fcnde denizde bir cisim g\u00f6r\u00fcld\u00fc\u011f\u00fc y\u00f6n\u00fcnde ihbar yap\u0131ld\u0131. \u0130hbar\u0131n ard\u0131ndan deniz polisi taraf\u0131ndan sualt\u0131 g\u00f6r\u00fcnt\u00fclemesi ger\u00e7ekle\u015ftirildi. Elde edilen g\u00f6r\u00fcnt\u00fc ve foto\u011fraflar\u0131n SAS Komando birliklerine g\u00f6nderilmesinin ard\u0131ndan cismin insans\u0131z deniz arac\u0131 olabilece\u011fi de\u011ferlendirildi.<\/p>\n\n\n\n<p>Artvin Valisi Dr. Turan Erg\u00fcn, Hopa Kaymakaml\u0131\u011f\u0131nda d\u00fczenledi\u011fi bas\u0131n toplant\u0131s\u0131nda, d\u00fcn (8 A\u011fustos) saat 16.35&#8217;te Sug\u00f6ren Bal\u0131k\u00e7\u0131 Bar\u0131na\u011f\u0131 yak\u0131n\u0131nda bir cisim bulundu\u011fu y\u00f6n\u00fcnde ihbar al\u0131nd\u0131\u011f\u0131n\u0131 belirtti. Deniz polislerinin ihbar\u0131n ard\u0131ndan su alt\u0131 g\u00f6r\u00fcnt\u00fclemesi ger\u00e7ekle\u015ftirdi\u011fini kaydeden Vali Erg\u00fcn, \u015funlar\u0131 s\u00f6yledi:<\/p>\n\n\n\n<p>&#8220;SAS komandolar\u0131m\u0131z bunun bir insans\u0131z deniz arac\u0131 olabilece\u011fi ihtimali \u00fczerinde durdular. Patlay\u0131c\u0131 madde y\u00fckl\u00fc olabilece\u011fini de\u011ferlendirerek ve bizim de Hopa Liman\u0131&#8217;nda biliyorsunuz motorin ve benzin yak\u0131tlar\u0131m\u0131z bulunuyor. Buraya herhangi bir zarar ihtimaline kar\u015f\u0131 biz \u00f6ncelikle \u00f6nlemler ald\u0131k. \u015eimdi arkada\u015flar\u0131m\u0131z oraya 600 metrelik bir a\u011f gerdiler. Ankara ile g\u00f6r\u00fc\u015ft\u00fck. Sabah saat 05.00&#8217;te askeri u\u00e7akla SAS komandolar\u0131m\u0131z gelecek.&#8221;<\/p>\n\n\n\n<p>Deniz Kuvvetleri Komutanl\u0131\u011f\u0131na ba\u011fl\u0131 Sualt\u0131 Savunma (SAS) ekipleri, bug\u00fcn bulunan cisimle ilgili inceleme yapt\u0131. Ekiplerin inceleme ve de\u011ferlendirmelerinin ard\u0131ndan insans\u0131z hava arac\u0131 oldu\u011fu de\u011ferlendirilen cisim, \u00e7evrede g\u00fcvenlik \u00f6nlemleri al\u0131narak kontroll\u00fc \u015fekilde patlat\u0131ld\u0131. \u0130mha i\u015fleminin ard\u0131ndan ekipler, b\u00f6lgede inceleme ger\u00e7ekle\u015ftirdi.<\/p>\n\n\n\n<p>Artvin Valisi Turan Erg\u00fcn, &#8220;SAS komandolar\u0131m\u0131z geldiler, \u00e7al\u0131\u015fmalar\u0131n\u0131 ger\u00e7ekle\u015ftirdiler. \u015eu an itibar\u0131yla s\u00f6z konusu ara\u00e7 g\u00fcvenli bir mesafeye \u00e7ekilerek, a\u00e7\u0131k denizde imha edildi. Sorun \u00e7\u00f6z\u00fclm\u00fc\u015f oldu&#8221; diye konu\u015ftu.<\/p>\n","protected":false},"excerpt":{"rendered":"<p>Artvin&#8217;in Hopa il\u00e7esi a\u00e7\u0131klar\u0131nda bal\u0131k\u00e7\u0131lar taraf\u0131ndan su y\u00fczeyinde tespit edilen insans\u0131z hava arac\u0131 (\u0130HA), g\u00fcvenlik g\u00fc\u00e7lerince imha edildi. Artvin&#8217;in Hopa il\u00e7esi a\u00e7\u0131klar\u0131nda bal\u0131k\u00e7\u0131lar taraf\u0131ndan su y\u00fczeyinde tespit edilen insans\u0131z hava arac\u0131 (\u0130HA), g\u00fcvenlik g\u00fc\u00e7lerince imha edildi. G\u00fcndem Artvin gazetesinin haberine g\u00f6re, 8 A\u011fustos saat 16.35 s\u0131ralar\u0131nda Sug\u00f6ren bal\u0131k\u00e7\u0131 bar\u0131na\u011f\u0131 \u00f6n\u00fcnde denizde bir cisim g\u00f6r\u00fcld\u00fc\u011f\u00fc y\u00f6n\u00fcnde [&hellip;]<\/p>\n","protected":false},"author":12791,"featured_media":170030,"comment_status":"open","ping_status":"open","sticky":false,"template":"","format":"standard","meta":{"_yoast_wpseo_focuskw":"hopa - insans\u0131z Hava Arac\u0131","_yoast_wpseo_title":"","_yoast_wpseo_metadesc":"Artvin'in Hopa il\u00e7esi a\u00e7\u0131klar\u0131nda bal\u0131k\u00e7\u0131lar taraf\u0131ndan su y\u00fczeyinde tespit edilen insans\u0131z hava arac\u0131 (\u0130HA), g\u00fcvenlik g\u00fc\u00e7lerince imha edildi.","_bbp_topic_count":0,"_bbp_reply_count":0,"_bbp_total_topic_count":0,"_bbp_total_reply_count":0,"_bbp_voice_count":0,"_bbp_anonymous_reply_count":0,"_bbp_topic_count_hidden":0,"_bbp_reply_count_hidden":0,"_bbp_forum_subforum_count":0,"footnotes":"","_yoast_wpseo_focuskw_text_input":""},"categories":[1,8138,8419],"tags":[2664,1487,5042,12128,12127],"yoast_head":"<!-- This site is optimized with the Yoast SEO plugin v23.0 - https:\/\/yoast.com\/wordpress\/plugins\/seo\/ -->\n<title>Artvin&#039;in Hopa \u0130l\u00e7esinde Sahilde \u0130nsans\u0131z Hava Arac\u0131 Bulundu - The Epoch Times TR<\/title>\n<meta name=\"description\" content=\"Artvin&#039;in Hopa il\u00e7esi a\u00e7\u0131klar\u0131nda bal\u0131k\u00e7\u0131lar taraf\u0131ndan su y\u00fczeyinde tespit edilen insans\u0131z hava arac\u0131 (\u0130HA), g\u00fcvenlik g\u00fc\u00e7lerince imha edildi.\" \/>\n<meta name=\"robots\" content=\"index, follow, max-snippet:-1, max-image-preview:large, max-video-preview:-1\" \/>\n<link rel=\"canonical\" href=\"https:\/\/epochtimestr.com\/index.php\/artvinin-hopa-ilcesinde-sahilde-insansiz-hava-araci-bulundu\" \/>\n<meta property=\"og:locale\" content=\"tr_TR\" \/>\n<meta property=\"og:type\" content=\"article\" \/>\n<meta property=\"og:title\" content=\"Artvin&#039;in Hopa \u0130l\u00e7esinde Sahilde \u0130nsans\u0131z Hava Arac\u0131 Bulundu - The Epoch Times TR\" \/>\n<meta property=\"og:description\" content=\"Artvin&#039;in Hopa il\u00e7esi a\u00e7\u0131klar\u0131nda bal\u0131k\u00e7\u0131lar taraf\u0131ndan su y\u00fczeyinde tespit edilen insans\u0131z hava arac\u0131 (\u0130HA), g\u00fcvenlik g\u00fc\u00e7lerince imha edildi.\" \/>\n<meta property=\"og:url\" content=\"https:\/\/epochtimestr.com\/index.php\/artvinin-hopa-ilcesinde-sahilde-insansiz-hava-araci-bulundu\" \/>\n<meta property=\"og:site_name\" content=\"The Epoch Times TR\" \/>\n<meta property=\"article:publisher\" content=\"https:\/\/www.facebook.com\/theepochtimestr\" \/>\n<meta property=\"article:published_time\" content=\"2026-08-09T13:10:46+00:00\" \/>\n<meta property=\"article:modified_time\" content=\"2026-08-09T13:10:48+00:00\" \/>\n<meta property=\"og:image\" content=\"https:\/\/epochtimestr.com\/wp-content\/uploads\/2011y\/pixabay-31.jpg\" \/>\n\t<meta property=\"og:image:width\" content=\"1280\" \/>\n\t<meta property=\"og:image:height\" content=\"853\" \/>\n\t<meta property=\"og:image:type\" content=\"image\/jpeg\" \/>\n<meta name=\"author\" content=\"Haber Merkezi\" \/>\n<meta name=\"twitter:card\" content=\"summary_large_image\" \/>\n<meta name=\"twitter:creator\" content=\"@TheEpochTimesTR\" \/>\n<meta name=\"twitter:site\" content=\"@TheEpochTimesTR\" \/>\n<meta name=\"twitter:label1\" content=\"Yazan:\" \/>\n\t<meta name=\"twitter:data1\" content=\"Haber Merkezi\" \/>\n\t<meta name=\"twitter:label2\" content=\"Tahmini okuma s\u00fcresi\" \/>\n\t<meta name=\"twitter:data2\" content=\"2 dakika\" \/>\n<script type=\"application\/ld+json\" class=\"yoast-schema-graph\">{\"@context\":\"https:\/\/schema.org\",\"@graph\":[{\"@type\":\"Article\",\"@id\":\"https:\/\/epochtimestr.com\/index.php\/artvinin-hopa-ilcesinde-sahilde-insansiz-hava-araci-bulundu#article\",\"isPartOf\":{\"@id\":\"https:\/\/epochtimestr.com\/index.php\/artvinin-hopa-ilcesinde-sahilde-insansiz-hava-araci-bulundu\"},\"author\":{\"name\":\"Haber Merkezi\",\"@id\":\"https:\/\/epochtimestr.com\/#\/schema\/person\/3dc5c3adeb9f43923c5aa85889172fdd\"},\"headline\":\"Artvin&#8217;in Hopa \u0130l\u00e7esinde Sahilde \u0130nsans\u0131z Hava Arac\u0131 Bulundu\",\"datePublished\":\"2026-08-09T13:10:46+00:00\",\"dateModified\":\"2026-08-09T13:10:48+00:00\",\"mainEntityOfPage\":{\"@id\":\"https:\/\/epochtimestr.com\/index.php\/artvinin-hopa-ilcesinde-sahilde-insansiz-hava-araci-bulundu\"},\"wordCount\":395,\"commentCount\":0,\"publisher\":{\"@id\":\"https:\/\/epochtimestr.com\/#organization\"},\"image\":{\"@id\":\"https:\/\/epochtimestr.com\/index.php\/artvinin-hopa-ilcesinde-sahilde-insansiz-hava-araci-bulundu#primaryimage\"},\"thumbnailUrl\":\"https:\/\/epochtimestr.com\/wp-content\/uploads\/2011y\/pixabay-31.jpg\",\"keywords\":[\"Artvin\",\"hopa\",\"\u0130HA\",\"SAS\",\"Sualt\u0131 Savunma\"],\"articleSection\":[\"G\u00dcNDEM\",\"MAN\u015eET\",\"Ya\u015fam\"],\"inLanguage\":\"tr\",\"potentialAction\":[{\"@type\":\"CommentAction\",\"name\":\"Comment\",\"target\":[\"https:\/\/epochtimestr.com\/index.php\/artvinin-hopa-ilcesinde-sahilde-insansiz-hava-araci-bulundu#respond\"]}]},{\"@type\":\"WebPage\",\"@id\":\"https:\/\/epochtimestr.com\/index.php\/artvinin-hopa-ilcesinde-sahilde-insansiz-hava-araci-bulundu\",\"url\":\"https:\/\/epochtimestr.com\/index.php\/artvinin-hopa-ilcesinde-sahilde-insansiz-hava-araci-bulundu\",\"name\":\"Artvin'in Hopa \u0130l\u00e7esinde Sahilde \u0130nsans\u0131z Hava Arac\u0131 Bulundu - The Epoch Times TR\",\"isPartOf\":{\"@id\":\"https:\/\/epochtimestr.com\/#website\"},\"primaryImageOfPage\":{\"@id\":\"https:\/\/epochtimestr.com\/index.php\/artvinin-hopa-ilcesinde-sahilde-insansiz-hava-araci-bulundu#primaryimage\"},\"image\":{\"@id\":\"https:\/\/epochtimestr.com\/index.php\/artvinin-hopa-ilcesinde-sahilde-insansiz-hava-araci-bulundu#primaryimage\"},\"thumbnailUrl\":\"https:\/\/epochtimestr.com\/wp-content\/uploads\/2011y\/pixabay-31.jpg\",\"datePublished\":\"2026-08-09T13:10:46+00:00\",\"dateModified\":\"2026-08-09T13:10:48+00:00\",\"description\":\"Artvin'in Hopa il\u00e7esi a\u00e7\u0131klar\u0131nda bal\u0131k\u00e7\u0131lar taraf\u0131ndan su y\u00fczeyinde tespit edilen insans\u0131z hava arac\u0131 (\u0130HA), g\u00fcvenlik g\u00fc\u00e7lerince imha edildi.\",\"inLanguage\":\"tr\",\"potentialAction\":[{\"@type\":\"ReadAction\",\"target\":[\"https:\/\/epochtimestr.com\/index.php\/artvinin-hopa-ilcesinde-sahilde-insansiz-hava-araci-bulundu\"]}]},{\"@type\":\"ImageObject\",\"inLanguage\":\"tr\",\"@id\":\"https:\/\/epochtimestr.com\/index.php\/artvinin-hopa-ilcesinde-sahilde-insansiz-hava-araci-bulundu#primaryimage\",\"url\":\"https:\/\/epochtimestr.com\/wp-content\/uploads\/2011y\/pixabay-31.jpg\",\"contentUrl\":\"https:\/\/epochtimestr.com\/wp-content\/uploads\/2011y\/pixabay-31.jpg\",\"width\":1280,\"height\":853},{\"@type\":\"WebSite\",\"@id\":\"https:\/\/epochtimestr.com\/#website\",\"url\":\"https:\/\/epochtimestr.com\/\",\"name\":\"The Epoch Times TR\",\"description\":\"De\u011fi\u015fen D\u00fcnyam\u0131za Taze Bir Bak\u0131\u015f\",\"publisher\":{\"@id\":\"https:\/\/epochtimestr.com\/#organization\"},\"potentialAction\":[{\"@type\":\"SearchAction\",\"target\":{\"@type\":\"EntryPoint\",\"urlTemplate\":\"https:\/\/epochtimestr.com\/?s={search_term_string}\"},\"query-input\":\"required name=search_term_string\"}],\"inLanguage\":\"tr\"},{\"@type\":\"Organization\",\"@id\":\"https:\/\/epochtimestr.com\/#organization\",\"name\":\"The EpochTimes T\u00fcrkiye\",\"url\":\"https:\/\/epochtimestr.com\/\",\"logo\":{\"@type\":\"ImageObject\",\"inLanguage\":\"tr\",\"@id\":\"https:\/\/epochtimestr.com\/#\/schema\/logo\/image\/\",\"url\":\"https:\/\/epochtimestr.com\/wp-content\/uploads\/2011y\/ET-Logo-YG.jpg\",\"contentUrl\":\"https:\/\/epochtimestr.com\/wp-content\/uploads\/2011y\/ET-Logo-YG.jpg\",\"width\":346,\"height\":29,\"caption\":\"The EpochTimes T\u00fcrkiye\"},\"image\":{\"@id\":\"https:\/\/epochtimestr.com\/#\/schema\/logo\/image\/\"},\"sameAs\":[\"https:\/\/www.facebook.com\/theepochtimestr\",\"https:\/\/x.com\/TheEpochTimesTR\",\"https:\/\/www.instagram.com\/epochtimestr\"]},{\"@type\":\"Person\",\"@id\":\"https:\/\/epochtimestr.com\/#\/schema\/person\/3dc5c3adeb9f43923c5aa85889172fdd\",\"name\":\"Haber Merkezi\",\"image\":{\"@type\":\"ImageObject\",\"inLanguage\":\"tr\",\"@id\":\"https:\/\/epochtimestr.com\/#\/schema\/person\/image\/\",\"url\":\"https:\/\/secure.gravatar.com\/avatar\/d73f772ba5a74f28601361e17c2f93e6?s=96&d=mm&r=g\",\"contentUrl\":\"https:\/\/secure.gravatar.com\/avatar\/d73f772ba5a74f28601361e17c2f93e6?s=96&d=mm&r=g\",\"caption\":\"Haber Merkezi\"},\"url\":\"https:\/\/epochtimestr.com\/index.php\/author\/sendag\"}]}<\/script>\n<!-- \/ Yoast SEO plugin. -->","yoast_head_json":{"title":"Artvin'in Hopa \u0130l\u00e7esinde Sahilde \u0130nsans\u0131z Hava Arac\u0131 Bulundu - The Epoch Times TR","description":"Artvin'in Hopa il\u00e7esi a\u00e7\u0131klar\u0131nda bal\u0131k\u00e7\u0131lar taraf\u0131ndan su y\u00fczeyinde tespit edilen insans\u0131z hava arac\u0131 (\u0130HA), g\u00fcvenlik g\u00fc\u00e7lerince imha edildi.","robots":{"index":"index","follow":"follow","max-snippet":"max-snippet:-1","max-image-preview":"max-image-preview:large","max-video-preview":"max-video-preview:-1"},"canonical":"https:\/\/epochtimestr.com\/index.php\/artvinin-hopa-ilcesinde-sahilde-insansiz-hava-araci-bulundu","og_locale":"tr_TR","og_type":"article","og_title":"Artvin'in Hopa \u0130l\u00e7esinde Sahilde \u0130nsans\u0131z Hava Arac\u0131 Bulundu - The Epoch Times TR","og_description":"Artvin'in Hopa il\u00e7esi a\u00e7\u0131klar\u0131nda bal\u0131k\u00e7\u0131lar taraf\u0131ndan su y\u00fczeyinde tespit edilen insans\u0131z hava arac\u0131 (\u0130HA), g\u00fcvenlik g\u00fc\u00e7lerince imha edildi.","og_url":"https:\/\/epochtimestr.com\/index.php\/artvinin-hopa-ilcesinde-sahilde-insansiz-hava-araci-bulundu","og_site_name":"The Epoch Times TR","article_publisher":"https:\/\/www.facebook.com\/theepochtimestr","article_published_time":"2026-08-09T13:10:46+00:00","article_modified_time":"2026-08-09T13:10:48+00:00","og_image":[{"width":1280,"height":853,"url":"https:\/\/epochtimestr.com\/wp-content\/uploads\/2011y\/pixabay-31.jpg","type":"image\/jpeg"}],"author":"Haber Merkezi","twitter_card":"summary_large_image","twitter_creator":"@TheEpochTimesTR","twitter_site":"@TheEpochTimesTR","twitter_misc":{"Yazan:":"Haber Merkezi","Tahmini okuma s\u00fcresi":"2 dakika"},"schema":{"@context":"https:\/\/schema.org","@graph":[{"@type":"Article","@id":"https:\/\/epochtimestr.com\/index.php\/artvinin-hopa-ilcesinde-sahilde-insansiz-hava-araci-bulundu#article","isPartOf":{"@id":"https:\/\/epochtimestr.com\/index.php\/artvinin-hopa-ilcesinde-sahilde-insansiz-hava-araci-bulundu"},"author":{"name":"Haber Merkezi","@id":"https:\/\/epochtimestr.com\/#\/schema\/person\/3dc5c3adeb9f43923c5aa85889172fdd"},"headline":"Artvin&#8217;in Hopa \u0130l\u00e7esinde Sahilde \u0130nsans\u0131z Hava Arac\u0131 Bulundu","datePublished":"2026-08-09T13:10:46+00:00","dateModified":"2026-08-09T13:10:48+00:00","mainEntityOfPage":{"@id":"https:\/\/epochtimestr.com\/index.php\/artvinin-hopa-ilcesinde-sahilde-insansiz-hava-araci-bulundu"},"wordCount":395,"commentCount":0,"publisher":{"@id":"https:\/\/epochtimestr.com\/#organization"},"image":{"@id":"https:\/\/epochtimestr.com\/index.php\/artvinin-hopa-ilcesinde-sahilde-insansiz-hava-araci-bulundu#primaryimage"},"thumbnailUrl":"https:\/\/epochtimestr.com\/wp-content\/uploads\/2011y\/pixabay-31.jpg","keywords":["Artvin","hopa","\u0130HA","SAS","Sualt\u0131 Savunma"],"articleSection":["G\u00dcNDEM","MAN\u015eET","Ya\u015fam"],"inLanguage":"tr","potentialAction":[{"@type":"CommentAction","name":"Comment","target":["https:\/\/epochtimestr.com\/index.php\/artvinin-hopa-ilcesinde-sahilde-insansiz-hava-araci-bulundu#respond"]}]},{"@type":"WebPage","@id":"https:\/\/epochtimestr.com\/index.php\/artvinin-hopa-ilcesinde-sahilde-insansiz-hava-araci-bulundu","url":"https:\/\/epochtimestr.com\/index.php\/artvinin-hopa-ilcesinde-sahilde-insansiz-hava-araci-bulundu","name":"Artvin'in Hopa \u0130l\u00e7esinde Sahilde \u0130nsans\u0131z Hava Arac\u0131 Bulundu - The Epoch Times TR","isPartOf":{"@id":"https:\/\/epochtimestr.com\/#website"},"primaryImageOfPage":{"@id":"https:\/\/epochtimestr.com\/index.php\/artvinin-hopa-ilcesinde-sahilde-insansiz-hava-araci-bulundu#primaryimage"},"image":{"@id":"https:\/\/epochtimestr.com\/index.php\/artvinin-hopa-ilcesinde-sahilde-insansiz-hava-araci-bulundu#primaryimage"},"thumbnailUrl":"https:\/\/epochtimestr.com\/wp-content\/uploads\/2011y\/pixabay-31.jpg","datePublished":"2026-08-09T13:10:46+00:00","dateModified":"2026-08-09T13:10:48+00:00","description":"Artvin'in Hopa il\u00e7esi a\u00e7\u0131klar\u0131nda bal\u0131k\u00e7\u0131lar taraf\u0131ndan su y\u00fczeyinde tespit edilen insans\u0131z hava arac\u0131 (\u0130HA), g\u00fcvenlik g\u00fc\u00e7lerince imha edildi.","inLanguage":"tr","potentialAction":[{"@type":"ReadAction","target":["https:\/\/epochtimestr.com\/index.php\/artvinin-hopa-ilcesinde-sahilde-insansiz-hava-araci-bulundu"]}]},{"@type":"ImageObject","inLanguage":"tr","@id":"https:\/\/epochtimestr.com\/index.php\/artvinin-hopa-ilcesinde-sahilde-insansiz-hava-araci-bulundu#primaryimage","url":"https:\/\/epochtimestr.com\/wp-content\/uploads\/2011y\/pixabay-31.jpg","contentUrl":"https:\/\/epochtimestr.com\/wp-content\/uploads\/2011y\/pixabay-31.jpg","width":1280,"height":853},{"@type":"WebSite","@id":"https:\/\/epochtimestr.com\/#website","url":"https:\/\/epochtimestr.com\/","name":"The Epoch Times TR","description":"De\u011fi\u015fen D\u00fcnyam\u0131za Taze Bir Bak\u0131\u015f","publisher":{"@id":"https:\/\/epochtimestr.com\/#organization"},"potentialAction":[{"@type":"SearchAction","target":{"@type":"EntryPoint","urlTemplate":"https:\/\/epochtimestr.com\/?s={search_term_string}"},"query-input":"required name=search_term_string"}],"inLanguage":"tr"},{"@type":"Organization","@id":"https:\/\/epochtimestr.com\/#organization","name":"The EpochTimes T\u00fcrkiye","url":"https:\/\/epochtimestr.com\/","logo":{"@type":"ImageObject","inLanguage":"tr","@id":"https:\/\/epochtimestr.com\/#\/schema\/logo\/image\/","url":"https:\/\/epochtimestr.com\/wp-content\/uploads\/2011y\/ET-Logo-YG.jpg","contentUrl":"https:\/\/epochtimestr.com\/wp-content\/uploads\/2011y\/ET-Logo-YG.jpg","width":346,"height":29,"caption":"The EpochTimes T\u00fcrkiye"},"image":{"@id":"https:\/\/epochtimestr.com\/#\/schema\/logo\/image\/"},"sameAs":["https:\/\/www.facebook.com\/theepochtimestr","https:\/\/x.com\/TheEpochTimesTR","https:\/\/www.instagram.com\/epochtimestr"]},{"@type":"Person","@id":"https:\/\/epochtimestr.com\/#\/schema\/person\/3dc5c3adeb9f43923c5aa85889172fdd","name":"Haber Merkezi","image":{"@type":"ImageObject","inLanguage":"tr","@id":"https:\/\/epochtimestr.com\/#\/schema\/person\/image\/","url":"https:\/\/secure.gravatar.com\/avatar\/d73f772ba5a74f28601361e17c2f93e6?s=96&d=mm&r=g","contentUrl":"https:\/\/secure.gravatar.com\/avatar\/d73f772ba5a74f28601361e17c2f93e6?s=96&d=mm&r=g","caption":"Haber Merkezi"},"url":"https:\/\/epochtimestr.com\/index.php\/author\/sendag"}]}},"_links":{"self":[{"href":"https:\/\/epochtimestr.com\/index.php\/wp-json\/wp\/v2\/posts\/170028"}],"collection":[{"href":"https:\/\/epochtimestr.com\/index.php\/wp-json\/wp\/v2\/posts"}],"about":[{"href":"https:\/\/epochtimestr.com\/index.php\/wp-json\/wp\/v2\/types\/post"}],"author":[{"embeddable":true,"href":"https:\/\/epochtimestr.com\/index.php\/wp-json\/wp\/v2\/users\/12791"}],"replies":[{"embeddable":true,"href":"https:\/\/epochtimestr.com\/index.php\/wp-json\/wp\/v2\/comments?post=170028"}],"version-history":[{"count":2,"href":"https:\/\/epochtimestr.com\/index.php\/wp-json\/wp\/v2\/posts\/170028\/revisions"}],"predecessor-version":[{"id":170034,"href":"https:\/\/epochtimestr.com\/index.php\/wp-json\/wp\/v2\/posts\/170028\/revisions\/170034"}],"wp:featuredmedia":[{"embeddable":true,"href":"https:\/\/epochtimestr.com\/index.php\/wp-json\/wp\/v2\/media\/170030"}],"wp:attachment":[{"href":"https:\/\/epochtimestr.com\/index.php\/wp-json\/wp\/v2\/media?parent=170028"}],"wp:term":[{"taxonomy":"category","embeddable":true,"href":"https:\/\/epochtimestr.com\/index.php\/wp-json\/wp\/v2\/categories?post=170028"},{"taxonomy":"post_tag","embeddable":true,"href":"https:\/\/epochtimestr.com\/index.php\/wp-json\/wp\/v2\/tags?post=170028"}],"curies":[{"name":"wp","href":"https:\/\/api.w.org\/{rel}","templated":true}]}}