{"id":170050,"date":"2026-08-09T22:46:11","date_gmt":"2026-08-09T19:46:11","guid":{"rendered":"https:\/\/epochtimestr.com\/?p=170050"},"modified":"2026-08-09T22:46:12","modified_gmt":"2026-08-09T19:46:12","slug":"mansur-yavastan-cerceve-yasa-aciklamasi","status":"publish","type":"post","link":"https:\/\/epochtimestr.com\/index.php\/mansur-yavastan-cerceve-yasa-aciklamasi","title":{"rendered":"Mansur Yava\u015f&#8217;tan \u00c7er\u00e7eve Yasa A\u00e7\u0131klamas\u0131"},"content":{"rendered":"<div class=\"wp-block-image\">\n<figure class=\"aligncenter size-full is-resized\"><img loading=\"lazy\" decoding=\"async\" width=\"547\" height=\"365\" src=\"https:\/\/epochtimestr.com\/wp-content\/uploads\/2011y\/mansur-yavas-3.jpg\" alt=\"Mansur Yava\u015f'tan \u00e7er\u00e7eve yasa a\u00e7\u0131klamas\u0131 (Foto\u011fraf: ABB web sitesi)\" class=\"wp-image-170051\" style=\"width:547px;height:auto\" srcset=\"https:\/\/epochtimestr.com\/wp-content\/uploads\/2011y\/mansur-yavas-3.jpg 547w, https:\/\/epochtimestr.com\/wp-content\/uploads\/2011y\/mansur-yavas-3-300x200.jpg 300w, https:\/\/epochtimestr.com\/wp-content\/uploads\/2011y\/mansur-yavas-3-150x100.jpg 150w\" sizes=\"(max-width: 547px) 100vw, 547px\" \/><figcaption class=\"wp-element-caption\">Mansur Yava\u015f&#8217;tan \u00e7er\u00e7eve yasa a\u00e7\u0131klamas\u0131. (Foto\u011fraf: ABB web sitesi)<\/figcaption><\/figure><\/div>\n\n\n<h2 class=\"wp-block-heading\">Ankara B\u00fcy\u00fck\u015fehir Belediye Ba\u015fkan\u0131 Mansur Yava\u015f, TBMM\u2019de g\u00f6r\u00fc\u015f\u00fclmesi beklenen \u00e7er\u00e7eve yasa hakk\u0131nda a\u00e7\u0131klamada bulundu.<\/h2>\n\n\n\n<p>&#8220;Milli Dayan\u0131\u015fma ve Toplumsal B\u00fct\u00fcnle\u015fmenin G\u00fc\u00e7lendirilmesine Dair Kanun Teklifi&#8221; ad\u0131 verilen \u00e7er\u00e7eve yasa, TBMM Adalet Komisyonu&#8217;nda kabul edildi. \u0130ktidar\u0131n &#8220;Ter\u00f6rs\u00fcz T\u00fcrkiye&#8221; olarak adland\u0131rd\u0131\u011f\u0131 s\u00fcre\u00e7 kapsam\u0131nda haz\u0131rlanan &#8220;\u00e7er\u00e7eve yasa&#8221;ya dair tepkiler s\u00fcr\u00fcyor.<\/p>\n\n\n\n<p>Ankara B\u00fcy\u00fck\u015fehir Belediye Ba\u015fkan\u0131 Mansur Yava\u015f, TBMM\u2019de g\u00f6r\u00fc\u015f\u00fclmesi beklenen \u201c\u00e7er\u00e7eve yasa\u201dya ili\u015fkin yapt\u0131\u011f\u0131 a\u00e7\u0131klamada, kal\u0131c\u0131 bar\u0131\u015f\u0131n yaln\u0131zca yasal d\u00fczenlemeyle sa\u011flanamayaca\u011f\u0131n\u0131 belirtti.<\/p>\n\n\n\n<p><strong>Yava\u015f, \u00e7er\u00e7eve yasa olarak bilinen teklifin Adalet Komisyonu&#8217;nda kabul edilmesinin ard\u0131ndan yapt\u0131\u011f\u0131 payla\u015f\u0131mda \u015funlar\u0131 s\u00f6yledi:<\/strong><\/p>\n\n\n\n<p>T\u00fcrkiye\u2019nin y\u0131llard\u0131r ta\u015f\u0131d\u0131\u011f\u0131 sorunlar\u0131n demokratik yollarla \u00e7\u00f6z\u00fclmesini; silahlar\u0131n tamamen sustu\u011fu, insanlar\u0131n kimlikleri ve d\u00fc\u015f\u00fcnceleri nedeniyle ayr\u0131\u015ft\u0131r\u0131lmad\u0131\u011f\u0131, herkesin kendisini e\u015fit yurtta\u015f hissetti\u011fi bir \u00fclkeyi kim istemez ki?<br \/>Bar\u0131\u015fa kim kar\u015f\u0131 \u00e7\u0131kabilir?<br \/>Karde\u015fli\u011fe huzura \u00f6zg\u00fcrl\u00fc\u011fe kim itiraz edebilir?<br \/>Ancak ger\u00e7ek bar\u0131\u015f yaln\u0131zca bir kanun \u00e7\u0131karmakla kurulmaz. Bar\u0131\u015f\u0131n temeli adalettir, hukuktur, g\u00fcvendir ve toplumsal mutabakatt\u0131r.<br \/>Bug\u00fcn T\u00fcrkiye\u2019nin en b\u00fcy\u00fck meselesi, vatanda\u015f\u0131n devlete ve adalete duydu\u011fu g\u00fcvenin a\u011f\u0131r bi\u00e7imde zedelenmi\u015f olmas\u0131d\u0131r.<br \/>CHP\u2019li belediyelere ve ba\u015fkanlar\u0131na y\u00f6nelik operasyonlar\u0131n ger\u00e7ekle\u015ftirildi\u011fi; hen\u00fcz yarg\u0131lama s\u00fcre\u00e7leri dahi tamamlanmadan se\u00e7ilmi\u015f belediye ba\u015fkanlar\u0131n\u0131n su\u00e7lu muamelesine maruz b\u0131rak\u0131ld\u0131\u011f\u0131 bir d\u00f6nemdeyiz.<br \/>\u00dcstelik bununla da yetinilmiyor; belediye ba\u015fkanlar\u0131 g\u00f6rev yapt\u0131klar\u0131 ve ailelerinin ya\u015fad\u0131\u011f\u0131 \u015fehirlerden y\u00fczlerce kilometre uza\u011fa, a\u011f\u0131r tecrit ko\u015fullar\u0131yla an\u0131lan kuyu tipi cezaevlerine g\u00f6nderiliyor. Adeta zulmeder gibi bir muameleye maruz b\u0131rak\u0131lmalar\u0131 ise ayr\u0131ca sorgulanmas\u0131 gereken bir durumdur.<br \/>AYM kararlar\u0131n\u0131n tart\u0131\u015f\u0131ld\u0131\u011f\u0131, A\u0130HM kararlar\u0131n\u0131n uygulanmad\u0131\u011f\u0131, se\u00e7ilmi\u015flerin iradesinin yarg\u0131 kararlar\u0131 ve kayyum uygulamalar\u0131yla ortadan kald\u0131r\u0131ld\u0131\u011f\u0131, insanlar\u0131n s\u00f6yledikleri bir s\u00f6z nedeniyle soru\u015fturulma endi\u015fesi ta\u015f\u0131d\u0131\u011f\u0131 bir ortamda demokratikle\u015fmeyi yaln\u0131zca belirli bir mesele \u00fczerinden konu\u015famay\u0131z.<br \/>B\u00f6yle bir ortamda demokratikle\u015fmeden s\u00f6z ediyorsak \u00f6nce \u015fu temel ger\u00e7e\u011fi kabul etmek zorunday\u0131z:<\/p>\n\n\n\n<p>Demokrasi herkes i\u00e7indir ya da demokrasi de\u011fildir.<br \/>Hukuk herkes i\u00e7indir ya da hukuk de\u011fildir.<br \/>\u00d6zg\u00fcrl\u00fck herkes i\u00e7indir ya da \u00f6zg\u00fcrl\u00fck de\u011fildir.<\/p>\n\n\n\n<h3 class=\"wp-block-heading\">Millet bu \u00fclkenin sahibidir.<\/h3>\n\n\n\n<p>Bir taraftan demokratikle\u015fmeden s\u00f6z ederken di\u011fer taraftan siyasi rakipleri yarg\u0131 yoluyla tasfiye etmeye \u00e7al\u0131\u015fmak, toplumun bir kesimine hukuk vaat ederken ba\u015fka bir kesimini hukuksuzlu\u011fa mahk\u00fbm etmek ger\u00e7ek bir huzur getirmez.<br \/>Kald\u0131 ki TBMM\u2019ye sunulan \u00c7er\u00e7eve Yasa konusunda hukuk\u00e7ular taraf\u0131ndan son derece ciddi hukuki ve anayasal itirazlar dile getirilmektedir.<\/p>\n\n\n\n<p>Hukuk\u00e7ular\u0131n Anayasa ve evrensel hukuk ilkeleri a\u00e7\u0131s\u0131ndan ciddi sak\u0131ncalar g\u00f6rd\u00fc\u011f\u00fc bir d\u00fczenlemenin, yeterince tart\u0131\u015f\u0131lmadan ve toplumun b\u00fct\u00fcn kesimlerinin kayg\u0131lar\u0131 giderilmeden yasala\u015ft\u0131r\u0131lmas\u0131 yeni sorunlar do\u011furur. Millet bilmeden, toplum tart\u0131\u015fmadan, farkl\u0131 kesimlerin kayg\u0131lar\u0131 giderilmeden yap\u0131lan siyasi mutabakatlar, toplumsal mutabakat\u0131n yerine ge\u00e7mez.<br \/>Benim demokrasi anlay\u0131\u015f\u0131mda millet, sonucu kendisine a\u00e7\u0131klanan bir s\u00fcrecin seyircisi de\u011fildir.<br \/>Millet bu \u00fclkenin sahibidir.<br \/>Bu nedenle yap\u0131lmas\u0131 gereken bellidir:<br \/>Anayasa ve mahkeme kararlar\u0131n\u0131 eksiksiz uygulamak, yarg\u0131n\u0131n ba\u011f\u0131ms\u0131zl\u0131\u011f\u0131na ili\u015fkin toplumdaki \u015f\u00fcpheleri ortadan kald\u0131rmak.<br \/>Se\u00e7ilmi\u015flerin iradesini g\u00fcvence alt\u0131na almak ve d\u00fc\u015f\u00fcncesini a\u00e7\u0131klayan hi\u00e7 kimsenin korkmad\u0131\u011f\u0131 bir \u00fclke olmak. T\u00fcm bunlar sa\u011fland\u0131ktan sonra da milletin \u00f6n\u00fcne hi\u00e7bir soru i\u015faretine mahal vermeden \u00e7\u0131kmak en do\u011fru se\u00e7enek olacakt\u0131r.<br \/>T\u00fcrkiye\u2019nin K\u00fcrt meselesi d\u00e2hil hi\u00e7bir meselesi \u00e7\u00f6z\u00fcms\u00fcz de\u011fildir.<br \/>Ancak K\u00fcrt meselesinin \u00e7\u00f6z\u00fcm\u00fcn\u00fc bir d\u00f6nem daha iktidarda kalman\u0131n, bir se\u00e7im daha kazanman\u0131n hesab\u0131na endekslerseniz; y\u0131llarca cezaevinde tuttu\u011funuz siyaset\u00e7ileri ve milletvekillerini se\u00e7im hesaplar\u0131n\u0131n bir par\u00e7as\u0131 h\u00e2line getirdi\u011finiz izlenimini g\u00fc\u00e7lendirecek ad\u0131mlar atarsan\u0131z, toplumun s\u00fcrecin samimiyetini ve ger\u00e7ek niyetini sorgulamas\u0131n\u0131n \u00f6n\u00fcne ge\u00e7emezsiniz.<br \/>T\u00fcrkiye\u2019nin ihtiyac\u0131 kapal\u0131 kap\u0131lar ard\u0131ndaki mutabakatlar de\u011fil, milletin \u00f6n\u00fcnde kurulmu\u015f b\u00fcy\u00fck bir toplumsal mutabakatt\u0131r.<br \/>Ve milletin bu konuda verece\u011fi yetki do\u011frultusunda da gerekli demokratik d\u00fczenlemeler, a\u00e7\u0131k ve \u015feffaf bir bi\u00e7imde, millet iradesinin tecellig\u00e2h\u0131 olan TBMM \u00e7at\u0131s\u0131 alt\u0131nda hayata ge\u00e7irilmelidir.<br \/>Son c\u00fcmle olarak \u015funu s\u00f6ylemek isterim:<br \/>Unutmamak \u00fczere isimlerini k\u00f6pr\u00fclerimize, alt ve \u00fcst ge\u00e7itlerimize kaz\u0131d\u0131\u011f\u0131m\u0131z \u015fehitlerimizin aziz hat\u0131ralar\u0131na haks\u0131zl\u0131k edildi\u011fi duygusuyla vicdanlar\u0131m\u0131z\u0131n s\u0131zlamas\u0131na izin vermemek, bu \u00fclkenin vatanda\u015flar\u0131 olarak hepimizin en \u00f6nemli sorumluluklar\u0131ndan biridir.&#8221;<br \/>TBMM Adalet Komisyonu&#8217;nda kabul edilen \u00e7er\u00e7eve yasan\u0131n Meclis Genel Kurulu&#8217;ndaki g\u00f6r\u00fc\u015fmelerine yar\u0131n ba\u015flanacak.<br \/>Kanun teklifinin g\u00f6r\u00fc\u015fmelerine yar\u0131n (10 A\u011fustos) ba\u015flamas\u0131 \u00f6ng\u00f6r\u00fclen Meclis Genel Kurul, saat 11.00&#8217;de toplanacak.<\/p>\n\n\n\n<figure class=\"wp-block-embed is-type-rich is-provider-x wp-block-embed-x\"><div class=\"wp-block-embed__wrapper\">\n<blockquote class=\"twitter-tweet\" data-width=\"550\" data-dnt=\"true\"><p lang=\"tr\" dir=\"ltr\">T\u00fcrkiye\u2019nin y\u0131llard\u0131r ta\u015f\u0131d\u0131\u011f\u0131 sorunlar\u0131n demokratik yollarla \u00e7\u00f6z\u00fclmesini; silahlar\u0131n tamamen sustu\u011fu, insanlar\u0131n kimlikleri ve d\u00fc\u015f\u00fcnceleri nedeniyle ayr\u0131\u015ft\u0131r\u0131lmad\u0131\u011f\u0131, herkesin kendisini e\u015fit yurtta\u015f hissetti\u011fi bir \u00fclkeyi kim istemez ki?<br>Bar\u0131\u015fa kim kar\u015f\u0131 \u00e7\u0131kabilir?<br>Karde\u015fli\u011fe\u2026<\/p>&mdash; Mansur Yava\u015f (@mansuryavas06) <a href=\"https:\/\/x.com\/mansuryavas06\/status\/2086457912788947267?ref_src=twsrc%5Etfw\">August 9, 2026<\/a><\/blockquote><script async src=\"https:\/\/platform.x.com\/widgets.js\" charset=\"utf-8\"><\/script>\n<\/div><\/figure>\n","protected":false},"excerpt":{"rendered":"<p>Ankara B\u00fcy\u00fck\u015fehir Belediye Ba\u015fkan\u0131 Mansur Yava\u015f, TBMM\u2019de g\u00f6r\u00fc\u015f\u00fclmesi beklenen \u00e7er\u00e7eve yasa hakk\u0131nda a\u00e7\u0131klamada bulundu. &#8220;Milli Dayan\u0131\u015fma ve Toplumsal B\u00fct\u00fcnle\u015fmenin G\u00fc\u00e7lendirilmesine Dair Kanun Teklifi&#8221; ad\u0131 verilen \u00e7er\u00e7eve yasa, TBMM Adalet Komisyonu&#8217;nda kabul edildi. \u0130ktidar\u0131n &#8220;Ter\u00f6rs\u00fcz T\u00fcrkiye&#8221; olarak adland\u0131rd\u0131\u011f\u0131 s\u00fcre\u00e7 kapsam\u0131nda haz\u0131rlanan &#8220;\u00e7er\u00e7eve yasa&#8221;ya dair tepkiler s\u00fcr\u00fcyor. Ankara B\u00fcy\u00fck\u015fehir Belediye Ba\u015fkan\u0131 Mansur Yava\u015f, TBMM\u2019de g\u00f6r\u00fc\u015f\u00fclmesi beklenen \u201c\u00e7er\u00e7eve [&hellip;]<\/p>\n","protected":false},"author":12791,"featured_media":170051,"comment_status":"open","ping_status":"open","sticky":false,"template":"","format":"standard","meta":{"_yoast_wpseo_focuskw":"Mansur - \u00c7er\u00e7eve Yasa","_yoast_wpseo_title":"","_yoast_wpseo_metadesc":"Ankara B\u00fcy\u00fck\u015fehir Belediye Ba\u015fkan\u0131 Mansur Yava\u015f, TBMM\u2019de g\u00f6r\u00fc\u015f\u00fclmesi beklenen \u201c\u00e7er\u00e7eve yasa\u201dya ili\u015fkin a\u00e7\u0131klamada bulundu.","_bbp_topic_count":0,"_bbp_reply_count":0,"_bbp_total_topic_count":0,"_bbp_total_reply_count":0,"_bbp_voice_count":0,"_bbp_anonymous_reply_count":0,"_bbp_topic_count_hidden":0,"_bbp_reply_count_hidden":0,"_bbp_forum_subforum_count":0,"footnotes":"","_yoast_wpseo_focuskw_text_input":""},"categories":[1,8138,8226],"tags":[12132,7628,1200],"yoast_head":"<!-- This site is optimized with the Yoast SEO plugin v23.0 - https:\/\/yoast.com\/wordpress\/plugins\/seo\/ -->\n<title>Mansur Yava\u015f&#039;tan \u00c7er\u00e7eve Yasa A\u00e7\u0131klamas\u0131 - The Epoch Times TR<\/title>\n<meta name=\"description\" content=\"Ankara B\u00fcy\u00fck\u015fehir Belediye Ba\u015fkan\u0131 Mansur Yava\u015f, TBMM\u2019de g\u00f6r\u00fc\u015f\u00fclmesi beklenen \u201c\u00e7er\u00e7eve yasa\u201dya ili\u015fkin a\u00e7\u0131klamada bulundu.\" \/>\n<meta name=\"robots\" content=\"index, follow, max-snippet:-1, max-image-preview:large, max-video-preview:-1\" \/>\n<link rel=\"canonical\" href=\"https:\/\/epochtimestr.com\/index.php\/mansur-yavastan-cerceve-yasa-aciklamasi\" \/>\n<meta property=\"og:locale\" content=\"tr_TR\" \/>\n<meta property=\"og:type\" content=\"article\" \/>\n<meta property=\"og:title\" content=\"Mansur Yava\u015f&#039;tan \u00c7er\u00e7eve Yasa A\u00e7\u0131klamas\u0131 - The Epoch Times TR\" \/>\n<meta property=\"og:description\" content=\"Ankara B\u00fcy\u00fck\u015fehir Belediye Ba\u015fkan\u0131 Mansur Yava\u015f, TBMM\u2019de g\u00f6r\u00fc\u015f\u00fclmesi beklenen \u201c\u00e7er\u00e7eve yasa\u201dya ili\u015fkin a\u00e7\u0131klamada bulundu.\" \/>\n<meta property=\"og:url\" content=\"https:\/\/epochtimestr.com\/index.php\/mansur-yavastan-cerceve-yasa-aciklamasi\" \/>\n<meta property=\"og:site_name\" content=\"The Epoch Times TR\" \/>\n<meta property=\"article:publisher\" content=\"https:\/\/www.facebook.com\/theepochtimestr\" \/>\n<meta property=\"article:published_time\" content=\"2026-08-09T19:46:11+00:00\" \/>\n<meta property=\"article:modified_time\" content=\"2026-08-09T19:46:12+00:00\" \/>\n<meta property=\"og:image\" content=\"https:\/\/epochtimestr.com\/wp-content\/uploads\/2011y\/mansur-yavas-3.jpg\" \/>\n\t<meta property=\"og:image:width\" content=\"547\" \/>\n\t<meta property=\"og:image:height\" content=\"365\" \/>\n\t<meta property=\"og:image:type\" content=\"image\/jpeg\" \/>\n<meta name=\"author\" content=\"Haber Merkezi\" \/>\n<meta name=\"twitter:card\" content=\"summary_large_image\" \/>\n<meta name=\"twitter:creator\" content=\"@TheEpochTimesTR\" \/>\n<meta name=\"twitter:site\" content=\"@TheEpochTimesTR\" \/>\n<meta name=\"twitter:label1\" content=\"Yazan:\" \/>\n\t<meta name=\"twitter:data1\" content=\"Haber Merkezi\" \/>\n\t<meta name=\"twitter:label2\" content=\"Tahmini okuma s\u00fcresi\" \/>\n\t<meta name=\"twitter:data2\" content=\"4 dakika\" \/>\n<script type=\"application\/ld+json\" class=\"yoast-schema-graph\">{\"@context\":\"https:\/\/schema.org\",\"@graph\":[{\"@type\":\"Article\",\"@id\":\"https:\/\/epochtimestr.com\/index.php\/mansur-yavastan-cerceve-yasa-aciklamasi#article\",\"isPartOf\":{\"@id\":\"https:\/\/epochtimestr.com\/index.php\/mansur-yavastan-cerceve-yasa-aciklamasi\"},\"author\":{\"name\":\"Haber Merkezi\",\"@id\":\"https:\/\/epochtimestr.com\/#\/schema\/person\/3dc5c3adeb9f43923c5aa85889172fdd\"},\"headline\":\"Mansur Yava\u015f&#8217;tan \u00c7er\u00e7eve Yasa A\u00e7\u0131klamas\u0131\",\"datePublished\":\"2026-08-09T19:46:11+00:00\",\"dateModified\":\"2026-08-09T19:46:12+00:00\",\"mainEntityOfPage\":{\"@id\":\"https:\/\/epochtimestr.com\/index.php\/mansur-yavastan-cerceve-yasa-aciklamasi\"},\"wordCount\":902,\"commentCount\":0,\"publisher\":{\"@id\":\"https:\/\/epochtimestr.com\/#organization\"},\"image\":{\"@id\":\"https:\/\/epochtimestr.com\/index.php\/mansur-yavastan-cerceve-yasa-aciklamasi#primaryimage\"},\"thumbnailUrl\":\"https:\/\/epochtimestr.com\/wp-content\/uploads\/2011y\/mansur-yavas-3.jpg\",\"keywords\":[\"\u00c7er\u00e7eve Yasas\u0131\",\"mansur yava\u015f\",\"tbmm\"],\"articleSection\":[\"G\u00dcNDEM\",\"MAN\u015eET\",\"Siyaset\"],\"inLanguage\":\"tr\",\"potentialAction\":[{\"@type\":\"CommentAction\",\"name\":\"Comment\",\"target\":[\"https:\/\/epochtimestr.com\/index.php\/mansur-yavastan-cerceve-yasa-aciklamasi#respond\"]}]},{\"@type\":\"WebPage\",\"@id\":\"https:\/\/epochtimestr.com\/index.php\/mansur-yavastan-cerceve-yasa-aciklamasi\",\"url\":\"https:\/\/epochtimestr.com\/index.php\/mansur-yavastan-cerceve-yasa-aciklamasi\",\"name\":\"Mansur Yava\u015f'tan \u00c7er\u00e7eve Yasa A\u00e7\u0131klamas\u0131 - The Epoch Times TR\",\"isPartOf\":{\"@id\":\"https:\/\/epochtimestr.com\/#website\"},\"primaryImageOfPage\":{\"@id\":\"https:\/\/epochtimestr.com\/index.php\/mansur-yavastan-cerceve-yasa-aciklamasi#primaryimage\"},\"image\":{\"@id\":\"https:\/\/epochtimestr.com\/index.php\/mansur-yavastan-cerceve-yasa-aciklamasi#primaryimage\"},\"thumbnailUrl\":\"https:\/\/epochtimestr.com\/wp-content\/uploads\/2011y\/mansur-yavas-3.jpg\",\"datePublished\":\"2026-08-09T19:46:11+00:00\",\"dateModified\":\"2026-08-09T19:46:12+00:00\",\"description\":\"Ankara B\u00fcy\u00fck\u015fehir Belediye Ba\u015fkan\u0131 Mansur Yava\u015f, TBMM\u2019de g\u00f6r\u00fc\u015f\u00fclmesi beklenen \u201c\u00e7er\u00e7eve yasa\u201dya ili\u015fkin a\u00e7\u0131klamada bulundu.\",\"inLanguage\":\"tr\",\"potentialAction\":[{\"@type\":\"ReadAction\",\"target\":[\"https:\/\/epochtimestr.com\/index.php\/mansur-yavastan-cerceve-yasa-aciklamasi\"]}]},{\"@type\":\"ImageObject\",\"inLanguage\":\"tr\",\"@id\":\"https:\/\/epochtimestr.com\/index.php\/mansur-yavastan-cerceve-yasa-aciklamasi#primaryimage\",\"url\":\"https:\/\/epochtimestr.com\/wp-content\/uploads\/2011y\/mansur-yavas-3.jpg\",\"contentUrl\":\"https:\/\/epochtimestr.com\/wp-content\/uploads\/2011y\/mansur-yavas-3.jpg\",\"width\":547,\"height\":365},{\"@type\":\"WebSite\",\"@id\":\"https:\/\/epochtimestr.com\/#website\",\"url\":\"https:\/\/epochtimestr.com\/\",\"name\":\"The Epoch Times TR\",\"description\":\"De\u011fi\u015fen D\u00fcnyam\u0131za Taze Bir Bak\u0131\u015f\",\"publisher\":{\"@id\":\"https:\/\/epochtimestr.com\/#organization\"},\"potentialAction\":[{\"@type\":\"SearchAction\",\"target\":{\"@type\":\"EntryPoint\",\"urlTemplate\":\"https:\/\/epochtimestr.com\/?s={search_term_string}\"},\"query-input\":\"required name=search_term_string\"}],\"inLanguage\":\"tr\"},{\"@type\":\"Organization\",\"@id\":\"https:\/\/epochtimestr.com\/#organization\",\"name\":\"The EpochTimes T\u00fcrkiye\",\"url\":\"https:\/\/epochtimestr.com\/\",\"logo\":{\"@type\":\"ImageObject\",\"inLanguage\":\"tr\",\"@id\":\"https:\/\/epochtimestr.com\/#\/schema\/logo\/image\/\",\"url\":\"https:\/\/epochtimestr.com\/wp-content\/uploads\/2011y\/ET-Logo-YG.jpg\",\"contentUrl\":\"https:\/\/epochtimestr.com\/wp-content\/uploads\/2011y\/ET-Logo-YG.jpg\",\"width\":346,\"height\":29,\"caption\":\"The EpochTimes T\u00fcrkiye\"},\"image\":{\"@id\":\"https:\/\/epochtimestr.com\/#\/schema\/logo\/image\/\"},\"sameAs\":[\"https:\/\/www.facebook.com\/theepochtimestr\",\"https:\/\/x.com\/TheEpochTimesTR\",\"https:\/\/www.instagram.com\/epochtimestr\"]},{\"@type\":\"Person\",\"@id\":\"https:\/\/epochtimestr.com\/#\/schema\/person\/3dc5c3adeb9f43923c5aa85889172fdd\",\"name\":\"Haber Merkezi\",\"image\":{\"@type\":\"ImageObject\",\"inLanguage\":\"tr\",\"@id\":\"https:\/\/epochtimestr.com\/#\/schema\/person\/image\/\",\"url\":\"https:\/\/secure.gravatar.com\/avatar\/d73f772ba5a74f28601361e17c2f93e6?s=96&d=mm&r=g\",\"contentUrl\":\"https:\/\/secure.gravatar.com\/avatar\/d73f772ba5a74f28601361e17c2f93e6?s=96&d=mm&r=g\",\"caption\":\"Haber Merkezi\"},\"url\":\"https:\/\/epochtimestr.com\/index.php\/author\/sendag\"}]}<\/script>\n<!-- \/ Yoast SEO plugin. -->","yoast_head_json":{"title":"Mansur Yava\u015f'tan \u00c7er\u00e7eve Yasa A\u00e7\u0131klamas\u0131 - The Epoch Times TR","description":"Ankara B\u00fcy\u00fck\u015fehir Belediye Ba\u015fkan\u0131 Mansur Yava\u015f, TBMM\u2019de g\u00f6r\u00fc\u015f\u00fclmesi beklenen \u201c\u00e7er\u00e7eve yasa\u201dya ili\u015fkin a\u00e7\u0131klamada bulundu.","robots":{"index":"index","follow":"follow","max-snippet":"max-snippet:-1","max-image-preview":"max-image-preview:large","max-video-preview":"max-video-preview:-1"},"canonical":"https:\/\/epochtimestr.com\/index.php\/mansur-yavastan-cerceve-yasa-aciklamasi","og_locale":"tr_TR","og_type":"article","og_title":"Mansur Yava\u015f'tan \u00c7er\u00e7eve Yasa A\u00e7\u0131klamas\u0131 - The Epoch Times TR","og_description":"Ankara B\u00fcy\u00fck\u015fehir Belediye Ba\u015fkan\u0131 Mansur Yava\u015f, TBMM\u2019de g\u00f6r\u00fc\u015f\u00fclmesi beklenen \u201c\u00e7er\u00e7eve yasa\u201dya ili\u015fkin a\u00e7\u0131klamada bulundu.","og_url":"https:\/\/epochtimestr.com\/index.php\/mansur-yavastan-cerceve-yasa-aciklamasi","og_site_name":"The Epoch Times TR","article_publisher":"https:\/\/www.facebook.com\/theepochtimestr","article_published_time":"2026-08-09T19:46:11+00:00","article_modified_time":"2026-08-09T19:46:12+00:00","og_image":[{"width":547,"height":365,"url":"https:\/\/epochtimestr.com\/wp-content\/uploads\/2011y\/mansur-yavas-3.jpg","type":"image\/jpeg"}],"author":"Haber Merkezi","twitter_card":"summary_large_image","twitter_creator":"@TheEpochTimesTR","twitter_site":"@TheEpochTimesTR","twitter_misc":{"Yazan:":"Haber Merkezi","Tahmini okuma s\u00fcresi":"4 dakika"},"schema":{"@context":"https:\/\/schema.org","@graph":[{"@type":"Article","@id":"https:\/\/epochtimestr.com\/index.php\/mansur-yavastan-cerceve-yasa-aciklamasi#article","isPartOf":{"@id":"https:\/\/epochtimestr.com\/index.php\/mansur-yavastan-cerceve-yasa-aciklamasi"},"author":{"name":"Haber Merkezi","@id":"https:\/\/epochtimestr.com\/#\/schema\/person\/3dc5c3adeb9f43923c5aa85889172fdd"},"headline":"Mansur Yava\u015f&#8217;tan \u00c7er\u00e7eve Yasa A\u00e7\u0131klamas\u0131","datePublished":"2026-08-09T19:46:11+00:00","dateModified":"2026-08-09T19:46:12+00:00","mainEntityOfPage":{"@id":"https:\/\/epochtimestr.com\/index.php\/mansur-yavastan-cerceve-yasa-aciklamasi"},"wordCount":902,"commentCount":0,"publisher":{"@id":"https:\/\/epochtimestr.com\/#organization"},"image":{"@id":"https:\/\/epochtimestr.com\/index.php\/mansur-yavastan-cerceve-yasa-aciklamasi#primaryimage"},"thumbnailUrl":"https:\/\/epochtimestr.com\/wp-content\/uploads\/2011y\/mansur-yavas-3.jpg","keywords":["\u00c7er\u00e7eve Yasas\u0131","mansur yava\u015f","tbmm"],"articleSection":["G\u00dcNDEM","MAN\u015eET","Siyaset"],"inLanguage":"tr","potentialAction":[{"@type":"CommentAction","name":"Comment","target":["https:\/\/epochtimestr.com\/index.php\/mansur-yavastan-cerceve-yasa-aciklamasi#respond"]}]},{"@type":"WebPage","@id":"https:\/\/epochtimestr.com\/index.php\/mansur-yavastan-cerceve-yasa-aciklamasi","url":"https:\/\/epochtimestr.com\/index.php\/mansur-yavastan-cerceve-yasa-aciklamasi","name":"Mansur Yava\u015f'tan \u00c7er\u00e7eve Yasa A\u00e7\u0131klamas\u0131 - The Epoch Times TR","isPartOf":{"@id":"https:\/\/epochtimestr.com\/#website"},"primaryImageOfPage":{"@id":"https:\/\/epochtimestr.com\/index.php\/mansur-yavastan-cerceve-yasa-aciklamasi#primaryimage"},"image":{"@id":"https:\/\/epochtimestr.com\/index.php\/mansur-yavastan-cerceve-yasa-aciklamasi#primaryimage"},"thumbnailUrl":"https:\/\/epochtimestr.com\/wp-content\/uploads\/2011y\/mansur-yavas-3.jpg","datePublished":"2026-08-09T19:46:11+00:00","dateModified":"2026-08-09T19:46:12+00:00","description":"Ankara B\u00fcy\u00fck\u015fehir Belediye Ba\u015fkan\u0131 Mansur Yava\u015f, TBMM\u2019de g\u00f6r\u00fc\u015f\u00fclmesi beklenen \u201c\u00e7er\u00e7eve yasa\u201dya ili\u015fkin a\u00e7\u0131klamada bulundu.","inLanguage":"tr","potentialAction":[{"@type":"ReadAction","target":["https:\/\/epochtimestr.com\/index.php\/mansur-yavastan-cerceve-yasa-aciklamasi"]}]},{"@type":"ImageObject","inLanguage":"tr","@id":"https:\/\/epochtimestr.com\/index.php\/mansur-yavastan-cerceve-yasa-aciklamasi#primaryimage","url":"https:\/\/epochtimestr.com\/wp-content\/uploads\/2011y\/mansur-yavas-3.jpg","contentUrl":"https:\/\/epochtimestr.com\/wp-content\/uploads\/2011y\/mansur-yavas-3.jpg","width":547,"height":365},{"@type":"WebSite","@id":"https:\/\/epochtimestr.com\/#website","url":"https:\/\/epochtimestr.com\/","name":"The Epoch Times TR","description":"De\u011fi\u015fen D\u00fcnyam\u0131za Taze Bir Bak\u0131\u015f","publisher":{"@id":"https:\/\/epochtimestr.com\/#organization"},"potentialAction":[{"@type":"SearchAction","target":{"@type":"EntryPoint","urlTemplate":"https:\/\/epochtimestr.com\/?s={search_term_string}"},"query-input":"required name=search_term_string"}],"inLanguage":"tr"},{"@type":"Organization","@id":"https:\/\/epochtimestr.com\/#organization","name":"The EpochTimes T\u00fcrkiye","url":"https:\/\/epochtimestr.com\/","logo":{"@type":"ImageObject","inLanguage":"tr","@id":"https:\/\/epochtimestr.com\/#\/schema\/logo\/image\/","url":"https:\/\/epochtimestr.com\/wp-content\/uploads\/2011y\/ET-Logo-YG.jpg","contentUrl":"https:\/\/epochtimestr.com\/wp-content\/uploads\/2011y\/ET-Logo-YG.jpg","width":346,"height":29,"caption":"The EpochTimes T\u00fcrkiye"},"image":{"@id":"https:\/\/epochtimestr.com\/#\/schema\/logo\/image\/"},"sameAs":["https:\/\/www.facebook.com\/theepochtimestr","https:\/\/x.com\/TheEpochTimesTR","https:\/\/www.instagram.com\/epochtimestr"]},{"@type":"Person","@id":"https:\/\/epochtimestr.com\/#\/schema\/person\/3dc5c3adeb9f43923c5aa85889172fdd","name":"Haber Merkezi","image":{"@type":"ImageObject","inLanguage":"tr","@id":"https:\/\/epochtimestr.com\/#\/schema\/person\/image\/","url":"https:\/\/secure.gravatar.com\/avatar\/d73f772ba5a74f28601361e17c2f93e6?s=96&d=mm&r=g","contentUrl":"https:\/\/secure.gravatar.com\/avatar\/d73f772ba5a74f28601361e17c2f93e6?s=96&d=mm&r=g","caption":"Haber Merkezi"},"url":"https:\/\/epochtimestr.com\/index.php\/author\/sendag"}]}},"_links":{"self":[{"href":"https:\/\/epochtimestr.com\/index.php\/wp-json\/wp\/v2\/posts\/170050"}],"collection":[{"href":"https:\/\/epochtimestr.com\/index.php\/wp-json\/wp\/v2\/posts"}],"about":[{"href":"https:\/\/epochtimestr.com\/index.php\/wp-json\/wp\/v2\/types\/post"}],"author":[{"embeddable":true,"href":"https:\/\/epochtimestr.com\/index.php\/wp-json\/wp\/v2\/users\/12791"}],"replies":[{"embeddable":true,"href":"https:\/\/epochtimestr.com\/index.php\/wp-json\/wp\/v2\/comments?post=170050"}],"version-history":[{"count":3,"href":"https:\/\/epochtimestr.com\/index.php\/wp-json\/wp\/v2\/posts\/170050\/revisions"}],"predecessor-version":[{"id":170064,"href":"https:\/\/epochtimestr.com\/index.php\/wp-json\/wp\/v2\/posts\/170050\/revisions\/170064"}],"wp:featuredmedia":[{"embeddable":true,"href":"https:\/\/epochtimestr.com\/index.php\/wp-json\/wp\/v2\/media\/170051"}],"wp:attachment":[{"href":"https:\/\/epochtimestr.com\/index.php\/wp-json\/wp\/v2\/media?parent=170050"}],"wp:term":[{"taxonomy":"category","embeddable":true,"href":"https:\/\/epochtimestr.com\/index.php\/wp-json\/wp\/v2\/categories?post=170050"},{"taxonomy":"post_tag","embeddable":true,"href":"https:\/\/epochtimestr.com\/index.php\/wp-json\/wp\/v2\/tags?post=170050"}],"curies":[{"name":"wp","href":"https:\/\/api.w.org\/{rel}","templated":true}]}}