{"id":170058,"date":"2026-08-09T23:11:10","date_gmt":"2026-08-09T20:11:10","guid":{"rendered":"https:\/\/epochtimestr.com\/?p=170058"},"modified":"2026-08-09T23:11:40","modified_gmt":"2026-08-09T20:11:40","slug":"selahattin-demirtastan-cerceve-yasa-mesaji","status":"publish","type":"post","link":"https:\/\/epochtimestr.com\/index.php\/selahattin-demirtastan-cerceve-yasa-mesaji","title":{"rendered":"Selahattin Demirta\u015f&#8217;tan \u00c7er\u00e7eve Yasa Mesaj\u0131"},"content":{"rendered":"<div class=\"wp-block-image\">\n<figure class=\"aligncenter size-full\"><img loading=\"lazy\" decoding=\"async\" width=\"1140\" height=\"760\" src=\"https:\/\/epochtimestr.com\/wp-content\/uploads\/2011y\/demirtas-x.jpg\" alt=\"\" class=\"wp-image-170059\" srcset=\"https:\/\/epochtimestr.com\/wp-content\/uploads\/2011y\/demirtas-x.jpg 1140w, https:\/\/epochtimestr.com\/wp-content\/uploads\/2011y\/demirtas-x-300x200.jpg 300w, https:\/\/epochtimestr.com\/wp-content\/uploads\/2011y\/demirtas-x-150x100.jpg 150w, https:\/\/epochtimestr.com\/wp-content\/uploads\/2011y\/demirtas-x-768x512.jpg 768w\" sizes=\"(max-width: 1140px) 100vw, 1140px\" \/><figcaption class=\"wp-element-caption\">Selahattin Demirta\u015f \u00e7er\u00e7eve yasa g\u00f6r\u00fc\u015fmeleri \u00f6ncesi genel kurula mesaj iletti. (Foto\u011fraf. S. Demirta\u015f x hesab\u0131)<\/figcaption><\/figure><\/div>\n\n\n<h2 class=\"wp-block-heading\">Edirne Cezaevi\u2019nde tutuklu bulunan Demirta\u015f, Meclis Genel Kurulu\u2019nda \u00e7er\u00e7eve yasa teklifi g\u00f6r\u00fc\u015fmeleri s\u00fcrerken Sel\u00e7uk M\u0131zrakl\u0131 ile ortak bir mesaj g\u00f6nderdi.<\/h2>\n\n\n\n<p>Yakla\u015f\u0131k 10 y\u0131ld\u0131r Edirne Cezaevi&#8217;nde tutuklu bulunan eski <a href=\"https:\/\/epochtimestr.com\/index.php\/arikan-edirne-cezaevinde-selahattin-demirtasi-ziyaret-etti\" target=\"_blank\" rel=\"noreferrer noopener\">HDP E\u015f Genel Ba\u015fkan\u0131<\/a> Selahattin Demirta\u015f ve eski Diyarbak\u0131r B\u00fcy\u00fck\u015fehir Belediye Ba\u015fkan\u0131 Sel\u00e7uk M\u0131zrakl\u0131, &#8216;\u00e7er\u00e7eve yasa&#8217; hakk\u0131nda TBMM Genel Kurulu&#8217;na mesaj g\u00f6nderdi.<\/p>\n\n\n\n<p>Ortak a\u00e7\u0131klamalar\u0131nda AKP&#8217;li Cumhurba\u015fkan\u0131 Erdo\u011fan, MHP Genel Ba\u015fkan\u0131 Devlet Bah\u00e7eli, PKK ter\u00f6r \u00f6rg\u00fct\u00fc eleba\u015f\u0131 Abdullah \u00d6calan ile TBMM Ba\u015fkan\u0131 Numan Kurtulmu\u015f, YEN\u0130 Parti Genel Ba\u015fkan\u0131 \u00d6zg\u00fcr \u00d6zel, Saadet Partisi Genel Ba\u015fkan\u0131 Mahmut Ar\u0131kan, T\u0130P Genel Ba\u015fkan\u0131 Erkan Ba\u015f, Emek Partisi Genel Ba\u015fkan\u0131 Seyit Aslan, mutlak butlanla CHP Genel Ba\u015fkanl\u0131\u011f\u0131&#8217;na &#8220;atanan&#8221; Kemal K\u0131l\u0131\u00e7daro\u011flu ve H\u00dcDA-PAR Genel Ba\u015fkan\u0131 Zekeriya Yap\u0131c\u0131o\u011flu&#8217;na te\u015fekk\u00fcr ettiler.<\/p>\n\n\n\n<p>Ayr\u0131ca olumsuz ele\u015ftirileriyle dolayl\u0131 olsa da s\u00fcrece katk\u0131 sunduklar\u0131n\u0131 dile getirerek \u0130Y\u0130 Parti Genel Ba\u015fkan\u0131 M\u00fcsavat Dervi\u015fo\u011flu ve Yeniden Refah Partisi Genel Ba\u015fkan\u0131 Fatih Erbakan\u2019a da te\u015fekk\u00fcr ettiler.<\/p>\n\n\n\n<p><strong>Selahattin Demirta\u015f ve Sel\u00e7uk M\u0131zrakl\u0131&#8217;n\u0131n \u00c7er\u00e7eve Yasa g\u00f6r\u00fc\u015fmelerine ili\u015fkin Genel Kurul\u2019a g\u00f6nderdikleri mesaj:<\/strong><\/p>\n\n\n\n<p>Say\u0131n Ba\u015fkan, Say\u0131n Genel Ba\u015fkanlar, Say\u0131n Milletvekilleri,<\/p>\n\n\n\n<p>Her birinizi ayr\u0131 ayr\u0131, t\u00fcm i\u00e7tenli\u011fimizle selaml\u0131yor, hepinize sayg\u0131lar\u0131m\u0131z\u0131 sunuyoruz.<br \/>\u00dclkemizin ve b\u00f6lgemizin kaderini k\u00f6kl\u00fc \u015fekilde de\u011fi\u015ftirme potansiyeline sahip, son derece \u00f6nemli, tarihi bir bar\u0131\u015f \u00e7abas\u0131n\u0131n kritik bir ad\u0131m\u0131n\u0131 daha, in\u015fallah hep birlikte hayata ge\u00e7irmi\u015f olacaks\u0131n\u0131z.<\/p>\n\n\n\n<p>Elbette tart\u0131\u015fmalar, ele\u015ftiriler, \u00f6neriler olacakt\u0131r; her biri de k\u0131ymetlidir, katk\u0131 vericidir. Ancak \u015funun bilinmesini isteriz ki bizler t\u00fcm kalbimizle, samimiyetimizle ve ciddiyetimizle, sadece 86 milyonun huzurunu, refah\u0131n\u0131, karde\u015fli\u011fini g\u00fc\u00e7lendirmek, b\u00fcy\u00fctmek i\u00e7in bu s\u00fcrecin i\u00e7inde olduk, s\u00fcrece t\u00fcm g\u00fcc\u00fcm\u00fczle destek verdik.<\/p>\n\n\n\n<h3 class=\"wp-block-heading\">Bu s\u00fcre\u00e7 b\u00f6l\u00fcnme, ayr\u0131\u015fma s\u00fcreci ya da ucuz pazarl\u0131klara dayal\u0131 bir al-ver s\u00fcreci de\u011fildir.<\/h3>\n\n\n\n<p>Hi\u00e7 kimse k\u0131ymetli \u00e7abalar\u0131n alt\u0131nda gizli hesaplar, kirli planlar arayarak zaman t\u00fcketmemeli, enerjisini bo\u015fa harcamamal\u0131d\u0131r. \u015e\u00fcpheyle yakla\u015fan veya olumsuz \u00f6n yarg\u0131yla bakan \u00e7evreler, bu s\u00fcreci istedikleri kadar e\u015felesinler, alt\u0131ndan bin y\u0131ll\u0131k karde\u015fli\u011fimizden, birbirimize s\u0131k\u0131 s\u0131k\u0131ya sar\u0131lma arzusundan ve K\u00fcrd\u00fcyle, T\u00fcrk\u00fcyle hep birlikte T\u00fcrkiye olma duygusundan ba\u015fka bir \u015fey bulamayacaklard\u0131r.<\/p>\n\n\n\n<p>At\u0131lan ve at\u0131lacak her ad\u0131m yeni ufuklara, yeni reformlara ve yeni bir hayata da zemin haz\u0131rlayacakt\u0131r. Elbette t\u00fcm bu \u00e7abalar g\u00fc\u00e7l\u00fc ve k\u00f6kl\u00fc demokrasi, adalet, e\u015fitlik ve \u00f6zg\u00fcrl\u00fck reformlar\u0131yla devam etmeli, halk\u0131m\u0131z\u0131n hak etti\u011fi, lay\u0131k oldu\u011fu huzurlu bir ya\u015fama kavu\u015fmas\u0131na katk\u0131 sunmal\u0131d\u0131r. Bunun i\u00e7in de herkesin ve her kesimin \u00e7ok dikkatli, hassas ve ciddiyetle meseleleri ele almas\u0131nda b\u00fcy\u00fck yarar vard\u0131r.<br \/>40 y\u0131ll\u0131k \u00e7at\u0131\u015fma ortam\u0131n\u0131n sonucu olarak, y\u00fcre\u011fi yaral\u0131 olmayan neredeyse kimse kalmad\u0131. Bu nedenle, zafer g\u00f6r\u00fcnt\u00fclerine veya g\u00f6sterilerine de kaybetme duygusuna ve kayg\u0131s\u0131na da sebep olmadan vakur, olgun, erdemli bir duru\u015fla bu s\u00fcreci ilerletmek, ac\u0131lar\u0131m\u0131z\u0131 ortakla\u015ft\u0131r\u0131p geride b\u0131rakarak el ele gelece\u011fe y\u00fcr\u00fcmek zorunday\u0131z.<\/p>\n\n\n\n<h3 class=\"wp-block-heading\">De\u011ferli Milletvekilleri,<\/h3>\n\n\n\n<p>Kullanaca\u011f\u0131n\u0131z her oyun bar\u0131\u015f\u0131m\u0131z\u0131, birli\u011fimizi, karde\u015fli\u011fimizi g\u00fc\u00e7lendirecek y\u00f6nde olmas\u0131n\u0131, ele\u015ftiri ve uyar\u0131lar\u0131n\u0131z\u0131n yap\u0131c\u0131 temelde ifade edilmesini temenni ediyoruz. Hepimiz i\u00e7in hay\u0131rlara vesile olaca\u011f\u0131na inand\u0131\u011f\u0131m\u0131z bu ad\u0131m\u0131n siyasete de yeni kap\u0131lar a\u00e7arak nezaket, i\u015f birli\u011fi ve olgunluk kazand\u0131raca\u011f\u0131n\u0131 umuyoruz.<\/p>\n\n\n\n<p>Bu vesileyle zorlu bir s\u00fcrecin ba\u015flamas\u0131 ve y\u00fcr\u00fct\u00fclmesinde siyasi iradeyi en g\u00fc\u00e7l\u00fc \u015fekilde ortaya koyan Say\u0131n Cumhurba\u015fkan\u0131 ile Say\u0131n Devlet Bah\u00e7eli ba\u015fta olmak \u00fczere, bar\u0131\u015f i\u00e7in b\u00fcy\u00fck \u00e7aba sarf eden Say\u0131n Abdullah \u00d6calan&#8217;a \u00f6zel olarak te\u015fekk\u00fcr etmek istiyoruz.<\/p>\n\n\n\n<p>Yine s\u00fcrecin sahiplenilmesi ve her a\u015famas\u0131n\u0131n sa\u011fl\u0131kl\u0131 y\u00fcr\u00fcmesi i\u00e7in katk\u0131 sunan Say\u0131n Numan Kurtulmu\u015f&#8217;a, Say\u0131n \u00d6zg\u00fcr \u00d6zel&#8217;e, Say\u0131n Mahmut Ar\u0131kan&#8217;a, Say\u0131n Ali Babacan&#8217;a, Say\u0131n Ahmet Davuto\u011flu&#8217;na, Say\u0131n Erkan Ba\u015f&#8217;a, Say\u0131n Seyit Aslan\u2019a, Say\u0131n Kemal K\u0131l\u0131\u00e7daro\u011flu\u2019na, Say\u0131n Zekeriya Yap\u0131c\u0131o\u011flu&#8217;na ayr\u0131 ayr\u0131 te\u015fekk\u00fcr ediyoruz.<\/p>\n\n\n\n<p>Olumsuz ele\u015ftirileriyle, dolayl\u0131 olsa da s\u00fcrece katk\u0131 sunan Say\u0131n M\u00fcsavat Dervi\u015fo\u011flu&#8217;na, Say\u0131n Fatih Erbakan\u2019a te\u015fekk\u00fcr ediyoruz.<\/p>\n\n\n\n<p>Ve elbette b\u00fcy\u00fck fedakarl\u0131klarla s\u00fcrecin motor g\u00fcc\u00fc olan DEM Partili arkada\u015flar\u0131m\u0131za, E\u015f Genel Ba\u015fkanlar\u0131m\u0131z Say\u0131n Tuncer Bak\u0131rhan ve Say\u0131n T\u00fclay Hatimo\u011fullar\u0131 ile \u0130mral\u0131 Heyeti \u00fcyelerimize ayr\u0131 ayr\u0131 te\u015fekk\u00fcr ediyor, bu vesileyle S\u0131rr\u0131 S\u00fcreyya \u00d6nder arkada\u015f\u0131m\u0131z\u0131 da rahmetle, minnetle anarak t\u00fcm milletvekillerine s\u0131cak selamlar\u0131m\u0131z\u0131, sayg\u0131lar\u0131m\u0131z\u0131 g\u00f6nderiyoruz.<\/p>\n\n\n\n<p>Bu s\u00fcrecin mutfa\u011f\u0131nda yo\u011fun emek harcayan isimsiz emektarlara \u00f6zel olarak te\u015fekk\u00fcr ediyoruz.<br \/>Bar\u0131\u015fa katk\u0131 sunan, bu yang\u0131na bir damla su ta\u015f\u0131yan herkesten Allah raz\u0131 olsun, \u00e7\u0131kacak olan yasa hay\u0131rlara vesile olsun.<\/p>\n\n\n\n<p>Bir kez daha Genel Kurul\u2019u sayg\u0131yla selaml\u0131yoruz.<\/p>\n\n\n\n<p>Selahattin Demirta\u015f \/ Sel\u00e7uk M\u0131zrakl\u0131<\/p>\n\n\n\n<figure class=\"wp-block-embed is-type-rich is-provider-x wp-block-embed-x\"><div class=\"wp-block-embed__wrapper\">\n<blockquote class=\"twitter-tweet\" data-width=\"550\" data-dnt=\"true\"><p lang=\"tr\" dir=\"ltr\">Selahattin Demirta\u015f ve Sel\u00e7uk M\u0131zrakl\u0131&#39;n\u0131n \u00c7er\u00e7eve Yasa g\u00f6r\u00fc\u015fmelerine ili\u015fkin Meclis Genel Kurulu\u2019na g\u00f6nderdikleri mesaj<a href=\"https:\/\/t.co\/QTmB8wQ52s\">https:\/\/t.co\/QTmB8wQ52s<\/a> <a href=\"https:\/\/t.co\/j1FCMqzO98\">pic.twitter.com\/j1FCMqzO98<\/a><\/p>&mdash; DEM Parti (@DEMGenelMerkezi) <a href=\"https:\/\/x.com\/DEMGenelMerkezi\/status\/2086434365039386854?ref_src=twsrc%5Etfw\">August 9, 2026<\/a><\/blockquote><script async src=\"https:\/\/platform.x.com\/widgets.js\" charset=\"utf-8\"><\/script>\n<\/div><\/figure>\n","protected":false},"excerpt":{"rendered":"<p>Edirne Cezaevi\u2019nde tutuklu bulunan Demirta\u015f, Meclis Genel Kurulu\u2019nda \u00e7er\u00e7eve yasa teklifi g\u00f6r\u00fc\u015fmeleri s\u00fcrerken Sel\u00e7uk M\u0131zrakl\u0131 ile ortak bir mesaj g\u00f6nderdi. Yakla\u015f\u0131k 10 y\u0131ld\u0131r Edirne Cezaevi&#8217;nde tutuklu bulunan eski HDP E\u015f Genel Ba\u015fkan\u0131 Selahattin Demirta\u015f ve eski Diyarbak\u0131r B\u00fcy\u00fck\u015fehir Belediye Ba\u015fkan\u0131 Sel\u00e7uk M\u0131zrakl\u0131, &#8216;\u00e7er\u00e7eve yasa&#8217; hakk\u0131nda TBMM Genel Kurulu&#8217;na mesaj g\u00f6nderdi. Ortak a\u00e7\u0131klamalar\u0131nda AKP&#8217;li Cumhurba\u015fkan\u0131 Erdo\u011fan, [&hellip;]<\/p>\n","protected":false},"author":12791,"featured_media":170059,"comment_status":"open","ping_status":"open","sticky":false,"template":"","format":"standard","meta":{"_yoast_wpseo_focuskw":"Selahattin - \u00c7er\u00e7eve Yasa","_yoast_wpseo_title":"","_yoast_wpseo_metadesc":"Edirne Cezaevi\u2019nde tutuklu bulunan Selahattin Demirta\u015f, \u00e7er\u00e7eve yasa ile ilgili Sel\u00e7uk M\u0131zrakl\u0131 ile birlikte ortak bir mesaj g\u00f6nderdi.","_bbp_topic_count":0,"_bbp_reply_count":0,"_bbp_total_topic_count":0,"_bbp_total_reply_count":0,"_bbp_voice_count":0,"_bbp_anonymous_reply_count":0,"_bbp_topic_count_hidden":0,"_bbp_reply_count_hidden":0,"_bbp_forum_subforum_count":0,"footnotes":"","_yoast_wpseo_focuskw_text_input":""},"categories":[1,8138,8226],"tags":[12023,8561,4714,1018,2546,12137,1200],"yoast_head":"<!-- This site is optimized with the Yoast SEO plugin v23.0 - https:\/\/yoast.com\/wordpress\/plugins\/seo\/ -->\n<title>Selahattin Demirta\u015f&#039;tan \u00c7er\u00e7eve Yasa Mesaj\u0131 - The Epoch Times TR<\/title>\n<meta name=\"description\" content=\"Edirne Cezaevi\u2019nde tutuklu bulunan Selahattin Demirta\u015f, \u00e7er\u00e7eve yasa ile ilgili Sel\u00e7uk M\u0131zrakl\u0131 ile birlikte ortak bir mesaj g\u00f6nderdi.\" \/>\n<meta name=\"robots\" content=\"index, follow, max-snippet:-1, max-image-preview:large, max-video-preview:-1\" \/>\n<link rel=\"canonical\" href=\"https:\/\/epochtimestr.com\/index.php\/selahattin-demirtastan-cerceve-yasa-mesaji\" \/>\n<meta property=\"og:locale\" content=\"tr_TR\" \/>\n<meta property=\"og:type\" content=\"article\" \/>\n<meta property=\"og:title\" content=\"Selahattin Demirta\u015f&#039;tan \u00c7er\u00e7eve Yasa Mesaj\u0131 - The Epoch Times TR\" \/>\n<meta property=\"og:description\" content=\"Edirne Cezaevi\u2019nde tutuklu bulunan Selahattin Demirta\u015f, \u00e7er\u00e7eve yasa ile ilgili Sel\u00e7uk M\u0131zrakl\u0131 ile birlikte ortak bir mesaj g\u00f6nderdi.\" \/>\n<meta property=\"og:url\" content=\"https:\/\/epochtimestr.com\/index.php\/selahattin-demirtastan-cerceve-yasa-mesaji\" \/>\n<meta property=\"og:site_name\" content=\"The Epoch Times TR\" \/>\n<meta property=\"article:publisher\" content=\"https:\/\/www.facebook.com\/theepochtimestr\" \/>\n<meta property=\"article:published_time\" content=\"2026-08-09T20:11:10+00:00\" \/>\n<meta property=\"article:modified_time\" content=\"2026-08-09T20:11:40+00:00\" \/>\n<meta property=\"og:image\" content=\"https:\/\/epochtimestr.com\/wp-content\/uploads\/2011y\/demirtas-x.jpg\" \/>\n\t<meta property=\"og:image:width\" content=\"1140\" \/>\n\t<meta property=\"og:image:height\" content=\"760\" \/>\n\t<meta property=\"og:image:type\" content=\"image\/jpeg\" \/>\n<meta name=\"author\" content=\"Haber Merkezi\" \/>\n<meta name=\"twitter:card\" content=\"summary_large_image\" \/>\n<meta name=\"twitter:creator\" content=\"@TheEpochTimesTR\" \/>\n<meta name=\"twitter:site\" content=\"@TheEpochTimesTR\" \/>\n<meta name=\"twitter:label1\" content=\"Yazan:\" \/>\n\t<meta name=\"twitter:data1\" content=\"Haber Merkezi\" \/>\n\t<meta name=\"twitter:label2\" content=\"Tahmini okuma s\u00fcresi\" \/>\n\t<meta name=\"twitter:data2\" content=\"5 dakika\" \/>\n<script type=\"application\/ld+json\" class=\"yoast-schema-graph\">{\"@context\":\"https:\/\/schema.org\",\"@graph\":[{\"@type\":\"Article\",\"@id\":\"https:\/\/epochtimestr.com\/index.php\/selahattin-demirtastan-cerceve-yasa-mesaji#article\",\"isPartOf\":{\"@id\":\"https:\/\/epochtimestr.com\/index.php\/selahattin-demirtastan-cerceve-yasa-mesaji\"},\"author\":{\"name\":\"Haber Merkezi\",\"@id\":\"https:\/\/epochtimestr.com\/#\/schema\/person\/3dc5c3adeb9f43923c5aa85889172fdd\"},\"headline\":\"Selahattin Demirta\u015f&#8217;tan \u00c7er\u00e7eve Yasa Mesaj\u0131\",\"datePublished\":\"2026-08-09T20:11:10+00:00\",\"dateModified\":\"2026-08-09T20:11:40+00:00\",\"mainEntityOfPage\":{\"@id\":\"https:\/\/epochtimestr.com\/index.php\/selahattin-demirtastan-cerceve-yasa-mesaji\"},\"wordCount\":990,\"commentCount\":0,\"publisher\":{\"@id\":\"https:\/\/epochtimestr.com\/#organization\"},\"image\":{\"@id\":\"https:\/\/epochtimestr.com\/index.php\/selahattin-demirtastan-cerceve-yasa-mesaji#primaryimage\"},\"thumbnailUrl\":\"https:\/\/epochtimestr.com\/wp-content\/uploads\/2011y\/demirtas-x.jpg\",\"keywords\":[\"\u00c7er\u00e7eve Yasa\",\"dem parti\",\"HDP\",\"MHP\",\"selahattin demirta\u015f\",\"Sel\u00e7uk M\u0131zrakl\u0131\",\"tbmm\"],\"articleSection\":[\"G\u00dcNDEM\",\"MAN\u015eET\",\"Siyaset\"],\"inLanguage\":\"tr\",\"potentialAction\":[{\"@type\":\"CommentAction\",\"name\":\"Comment\",\"target\":[\"https:\/\/epochtimestr.com\/index.php\/selahattin-demirtastan-cerceve-yasa-mesaji#respond\"]}]},{\"@type\":\"WebPage\",\"@id\":\"https:\/\/epochtimestr.com\/index.php\/selahattin-demirtastan-cerceve-yasa-mesaji\",\"url\":\"https:\/\/epochtimestr.com\/index.php\/selahattin-demirtastan-cerceve-yasa-mesaji\",\"name\":\"Selahattin Demirta\u015f'tan \u00c7er\u00e7eve Yasa Mesaj\u0131 - The Epoch Times TR\",\"isPartOf\":{\"@id\":\"https:\/\/epochtimestr.com\/#website\"},\"primaryImageOfPage\":{\"@id\":\"https:\/\/epochtimestr.com\/index.php\/selahattin-demirtastan-cerceve-yasa-mesaji#primaryimage\"},\"image\":{\"@id\":\"https:\/\/epochtimestr.com\/index.php\/selahattin-demirtastan-cerceve-yasa-mesaji#primaryimage\"},\"thumbnailUrl\":\"https:\/\/epochtimestr.com\/wp-content\/uploads\/2011y\/demirtas-x.jpg\",\"datePublished\":\"2026-08-09T20:11:10+00:00\",\"dateModified\":\"2026-08-09T20:11:40+00:00\",\"description\":\"Edirne Cezaevi\u2019nde tutuklu bulunan Selahattin Demirta\u015f, \u00e7er\u00e7eve yasa ile ilgili Sel\u00e7uk M\u0131zrakl\u0131 ile birlikte ortak bir mesaj g\u00f6nderdi.\",\"inLanguage\":\"tr\",\"potentialAction\":[{\"@type\":\"ReadAction\",\"target\":[\"https:\/\/epochtimestr.com\/index.php\/selahattin-demirtastan-cerceve-yasa-mesaji\"]}]},{\"@type\":\"ImageObject\",\"inLanguage\":\"tr\",\"@id\":\"https:\/\/epochtimestr.com\/index.php\/selahattin-demirtastan-cerceve-yasa-mesaji#primaryimage\",\"url\":\"https:\/\/epochtimestr.com\/wp-content\/uploads\/2011y\/demirtas-x.jpg\",\"contentUrl\":\"https:\/\/epochtimestr.com\/wp-content\/uploads\/2011y\/demirtas-x.jpg\",\"width\":1140,\"height\":760},{\"@type\":\"WebSite\",\"@id\":\"https:\/\/epochtimestr.com\/#website\",\"url\":\"https:\/\/epochtimestr.com\/\",\"name\":\"The Epoch Times TR\",\"description\":\"De\u011fi\u015fen D\u00fcnyam\u0131za Taze Bir Bak\u0131\u015f\",\"publisher\":{\"@id\":\"https:\/\/epochtimestr.com\/#organization\"},\"potentialAction\":[{\"@type\":\"SearchAction\",\"target\":{\"@type\":\"EntryPoint\",\"urlTemplate\":\"https:\/\/epochtimestr.com\/?s={search_term_string}\"},\"query-input\":\"required name=search_term_string\"}],\"inLanguage\":\"tr\"},{\"@type\":\"Organization\",\"@id\":\"https:\/\/epochtimestr.com\/#organization\",\"name\":\"The EpochTimes T\u00fcrkiye\",\"url\":\"https:\/\/epochtimestr.com\/\",\"logo\":{\"@type\":\"ImageObject\",\"inLanguage\":\"tr\",\"@id\":\"https:\/\/epochtimestr.com\/#\/schema\/logo\/image\/\",\"url\":\"https:\/\/epochtimestr.com\/wp-content\/uploads\/2011y\/ET-Logo-YG.jpg\",\"contentUrl\":\"https:\/\/epochtimestr.com\/wp-content\/uploads\/2011y\/ET-Logo-YG.jpg\",\"width\":346,\"height\":29,\"caption\":\"The EpochTimes T\u00fcrkiye\"},\"image\":{\"@id\":\"https:\/\/epochtimestr.com\/#\/schema\/logo\/image\/\"},\"sameAs\":[\"https:\/\/www.facebook.com\/theepochtimestr\",\"https:\/\/x.com\/TheEpochTimesTR\",\"https:\/\/www.instagram.com\/epochtimestr\"]},{\"@type\":\"Person\",\"@id\":\"https:\/\/epochtimestr.com\/#\/schema\/person\/3dc5c3adeb9f43923c5aa85889172fdd\",\"name\":\"Haber Merkezi\",\"image\":{\"@type\":\"ImageObject\",\"inLanguage\":\"tr\",\"@id\":\"https:\/\/epochtimestr.com\/#\/schema\/person\/image\/\",\"url\":\"https:\/\/secure.gravatar.com\/avatar\/d73f772ba5a74f28601361e17c2f93e6?s=96&d=mm&r=g\",\"contentUrl\":\"https:\/\/secure.gravatar.com\/avatar\/d73f772ba5a74f28601361e17c2f93e6?s=96&d=mm&r=g\",\"caption\":\"Haber Merkezi\"},\"url\":\"https:\/\/epochtimestr.com\/index.php\/author\/sendag\"}]}<\/script>\n<!-- \/ Yoast SEO plugin. -->","yoast_head_json":{"title":"Selahattin Demirta\u015f'tan \u00c7er\u00e7eve Yasa Mesaj\u0131 - The Epoch Times TR","description":"Edirne Cezaevi\u2019nde tutuklu bulunan Selahattin Demirta\u015f, \u00e7er\u00e7eve yasa ile ilgili Sel\u00e7uk M\u0131zrakl\u0131 ile birlikte ortak bir mesaj g\u00f6nderdi.","robots":{"index":"index","follow":"follow","max-snippet":"max-snippet:-1","max-image-preview":"max-image-preview:large","max-video-preview":"max-video-preview:-1"},"canonical":"https:\/\/epochtimestr.com\/index.php\/selahattin-demirtastan-cerceve-yasa-mesaji","og_locale":"tr_TR","og_type":"article","og_title":"Selahattin Demirta\u015f'tan \u00c7er\u00e7eve Yasa Mesaj\u0131 - The Epoch Times TR","og_description":"Edirne Cezaevi\u2019nde tutuklu bulunan Selahattin Demirta\u015f, \u00e7er\u00e7eve yasa ile ilgili Sel\u00e7uk M\u0131zrakl\u0131 ile birlikte ortak bir mesaj g\u00f6nderdi.","og_url":"https:\/\/epochtimestr.com\/index.php\/selahattin-demirtastan-cerceve-yasa-mesaji","og_site_name":"The Epoch Times TR","article_publisher":"https:\/\/www.facebook.com\/theepochtimestr","article_published_time":"2026-08-09T20:11:10+00:00","article_modified_time":"2026-08-09T20:11:40+00:00","og_image":[{"width":1140,"height":760,"url":"https:\/\/epochtimestr.com\/wp-content\/uploads\/2011y\/demirtas-x.jpg","type":"image\/jpeg"}],"author":"Haber Merkezi","twitter_card":"summary_large_image","twitter_creator":"@TheEpochTimesTR","twitter_site":"@TheEpochTimesTR","twitter_misc":{"Yazan:":"Haber Merkezi","Tahmini okuma s\u00fcresi":"5 dakika"},"schema":{"@context":"https:\/\/schema.org","@graph":[{"@type":"Article","@id":"https:\/\/epochtimestr.com\/index.php\/selahattin-demirtastan-cerceve-yasa-mesaji#article","isPartOf":{"@id":"https:\/\/epochtimestr.com\/index.php\/selahattin-demirtastan-cerceve-yasa-mesaji"},"author":{"name":"Haber Merkezi","@id":"https:\/\/epochtimestr.com\/#\/schema\/person\/3dc5c3adeb9f43923c5aa85889172fdd"},"headline":"Selahattin Demirta\u015f&#8217;tan \u00c7er\u00e7eve Yasa Mesaj\u0131","datePublished":"2026-08-09T20:11:10+00:00","dateModified":"2026-08-09T20:11:40+00:00","mainEntityOfPage":{"@id":"https:\/\/epochtimestr.com\/index.php\/selahattin-demirtastan-cerceve-yasa-mesaji"},"wordCount":990,"commentCount":0,"publisher":{"@id":"https:\/\/epochtimestr.com\/#organization"},"image":{"@id":"https:\/\/epochtimestr.com\/index.php\/selahattin-demirtastan-cerceve-yasa-mesaji#primaryimage"},"thumbnailUrl":"https:\/\/epochtimestr.com\/wp-content\/uploads\/2011y\/demirtas-x.jpg","keywords":["\u00c7er\u00e7eve Yasa","dem parti","HDP","MHP","selahattin demirta\u015f","Sel\u00e7uk M\u0131zrakl\u0131","tbmm"],"articleSection":["G\u00dcNDEM","MAN\u015eET","Siyaset"],"inLanguage":"tr","potentialAction":[{"@type":"CommentAction","name":"Comment","target":["https:\/\/epochtimestr.com\/index.php\/selahattin-demirtastan-cerceve-yasa-mesaji#respond"]}]},{"@type":"WebPage","@id":"https:\/\/epochtimestr.com\/index.php\/selahattin-demirtastan-cerceve-yasa-mesaji","url":"https:\/\/epochtimestr.com\/index.php\/selahattin-demirtastan-cerceve-yasa-mesaji","name":"Selahattin Demirta\u015f'tan \u00c7er\u00e7eve Yasa Mesaj\u0131 - The Epoch Times TR","isPartOf":{"@id":"https:\/\/epochtimestr.com\/#website"},"primaryImageOfPage":{"@id":"https:\/\/epochtimestr.com\/index.php\/selahattin-demirtastan-cerceve-yasa-mesaji#primaryimage"},"image":{"@id":"https:\/\/epochtimestr.com\/index.php\/selahattin-demirtastan-cerceve-yasa-mesaji#primaryimage"},"thumbnailUrl":"https:\/\/epochtimestr.com\/wp-content\/uploads\/2011y\/demirtas-x.jpg","datePublished":"2026-08-09T20:11:10+00:00","dateModified":"2026-08-09T20:11:40+00:00","description":"Edirne Cezaevi\u2019nde tutuklu bulunan Selahattin Demirta\u015f, \u00e7er\u00e7eve yasa ile ilgili Sel\u00e7uk M\u0131zrakl\u0131 ile birlikte ortak bir mesaj g\u00f6nderdi.","inLanguage":"tr","potentialAction":[{"@type":"ReadAction","target":["https:\/\/epochtimestr.com\/index.php\/selahattin-demirtastan-cerceve-yasa-mesaji"]}]},{"@type":"ImageObject","inLanguage":"tr","@id":"https:\/\/epochtimestr.com\/index.php\/selahattin-demirtastan-cerceve-yasa-mesaji#primaryimage","url":"https:\/\/epochtimestr.com\/wp-content\/uploads\/2011y\/demirtas-x.jpg","contentUrl":"https:\/\/epochtimestr.com\/wp-content\/uploads\/2011y\/demirtas-x.jpg","width":1140,"height":760},{"@type":"WebSite","@id":"https:\/\/epochtimestr.com\/#website","url":"https:\/\/epochtimestr.com\/","name":"The Epoch Times TR","description":"De\u011fi\u015fen D\u00fcnyam\u0131za Taze Bir Bak\u0131\u015f","publisher":{"@id":"https:\/\/epochtimestr.com\/#organization"},"potentialAction":[{"@type":"SearchAction","target":{"@type":"EntryPoint","urlTemplate":"https:\/\/epochtimestr.com\/?s={search_term_string}"},"query-input":"required name=search_term_string"}],"inLanguage":"tr"},{"@type":"Organization","@id":"https:\/\/epochtimestr.com\/#organization","name":"The EpochTimes T\u00fcrkiye","url":"https:\/\/epochtimestr.com\/","logo":{"@type":"ImageObject","inLanguage":"tr","@id":"https:\/\/epochtimestr.com\/#\/schema\/logo\/image\/","url":"https:\/\/epochtimestr.com\/wp-content\/uploads\/2011y\/ET-Logo-YG.jpg","contentUrl":"https:\/\/epochtimestr.com\/wp-content\/uploads\/2011y\/ET-Logo-YG.jpg","width":346,"height":29,"caption":"The EpochTimes T\u00fcrkiye"},"image":{"@id":"https:\/\/epochtimestr.com\/#\/schema\/logo\/image\/"},"sameAs":["https:\/\/www.facebook.com\/theepochtimestr","https:\/\/x.com\/TheEpochTimesTR","https:\/\/www.instagram.com\/epochtimestr"]},{"@type":"Person","@id":"https:\/\/epochtimestr.com\/#\/schema\/person\/3dc5c3adeb9f43923c5aa85889172fdd","name":"Haber Merkezi","image":{"@type":"ImageObject","inLanguage":"tr","@id":"https:\/\/epochtimestr.com\/#\/schema\/person\/image\/","url":"https:\/\/secure.gravatar.com\/avatar\/d73f772ba5a74f28601361e17c2f93e6?s=96&d=mm&r=g","contentUrl":"https:\/\/secure.gravatar.com\/avatar\/d73f772ba5a74f28601361e17c2f93e6?s=96&d=mm&r=g","caption":"Haber Merkezi"},"url":"https:\/\/epochtimestr.com\/index.php\/author\/sendag"}]}},"_links":{"self":[{"href":"https:\/\/epochtimestr.com\/index.php\/wp-json\/wp\/v2\/posts\/170058"}],"collection":[{"href":"https:\/\/epochtimestr.com\/index.php\/wp-json\/wp\/v2\/posts"}],"about":[{"href":"https:\/\/epochtimestr.com\/index.php\/wp-json\/wp\/v2\/types\/post"}],"author":[{"embeddable":true,"href":"https:\/\/epochtimestr.com\/index.php\/wp-json\/wp\/v2\/users\/12791"}],"replies":[{"embeddable":true,"href":"https:\/\/epochtimestr.com\/index.php\/wp-json\/wp\/v2\/comments?post=170058"}],"version-history":[{"count":2,"href":"https:\/\/epochtimestr.com\/index.php\/wp-json\/wp\/v2\/posts\/170058\/revisions"}],"predecessor-version":[{"id":170068,"href":"https:\/\/epochtimestr.com\/index.php\/wp-json\/wp\/v2\/posts\/170058\/revisions\/170068"}],"wp:featuredmedia":[{"embeddable":true,"href":"https:\/\/epochtimestr.com\/index.php\/wp-json\/wp\/v2\/media\/170059"}],"wp:attachment":[{"href":"https:\/\/epochtimestr.com\/index.php\/wp-json\/wp\/v2\/media?parent=170058"}],"wp:term":[{"taxonomy":"category","embeddable":true,"href":"https:\/\/epochtimestr.com\/index.php\/wp-json\/wp\/v2\/categories?post=170058"},{"taxonomy":"post_tag","embeddable":true,"href":"https:\/\/epochtimestr.com\/index.php\/wp-json\/wp\/v2\/tags?post=170058"}],"curies":[{"name":"wp","href":"https:\/\/api.w.org\/{rel}","templated":true}]}}