{"id":170084,"date":"2026-08-10T17:34:01","date_gmt":"2026-08-10T14:34:01","guid":{"rendered":"https:\/\/epochtimestr.com\/?p=170084"},"modified":"2026-08-10T17:34:05","modified_gmt":"2026-08-10T14:34:05","slug":"trump-iran-gorusmeleri-sinirli-sekilde-ilerliyor","status":"publish","type":"post","link":"https:\/\/epochtimestr.com\/index.php\/trump-iran-gorusmeleri-sinirli-sekilde-ilerliyor","title":{"rendered":"Trump: \u0130ran G\u00f6r\u00fc\u015fmeleri S\u0131n\u0131rl\u0131 \u015eekilde \u0130lerliyor"},"content":{"rendered":"<div class=\"wp-block-image\">\n<figure class=\"aligncenter size-full\"><img loading=\"lazy\" decoding=\"async\" width=\"1200\" height=\"800\" src=\"https:\/\/epochtimestr.com\/wp-content\/uploads\/2011y\/1000051113.webp\" alt=\"ABD Ba\u015fkan\u0131 Donald Trump, \u0130ran ile m\u00fczakerelerin s\u0131n\u0131rl\u0131 olarak s\u00fcrd\u00fc\u011f\u00fcn\u00fc a\u00e7\u0131klad\u0131. Tahran ise bo\u011faz i\u00e7in \u015fartlar\u0131n\u0131 koruyor. 14 Haziran 2026\u2019da Tahran\u2019daki Enghelab Meydan\u0131\u2019nda bir binada sergilenen \u0130ran bayra\u011f\u0131. (Foto\u011fraf: AFP - Getty Images, The Epoch Times arac\u0131l\u0131\u011f\u0131yla)\" class=\"wp-image-170085\" srcset=\"https:\/\/epochtimestr.com\/wp-content\/uploads\/2011y\/1000051113.webp 1200w, https:\/\/epochtimestr.com\/wp-content\/uploads\/2011y\/1000051113-300x200.webp 300w, https:\/\/epochtimestr.com\/wp-content\/uploads\/2011y\/1000051113-150x100.webp 150w, https:\/\/epochtimestr.com\/wp-content\/uploads\/2011y\/1000051113-768x512.webp 768w\" sizes=\"(max-width: 1200px) 100vw, 1200px\" \/><figcaption class=\"wp-element-caption\">ABD Ba\u015fkan\u0131 Donald Trump, \u0130ran ile m\u00fczakerelerin s\u0131n\u0131rl\u0131 olarak s\u00fcrd\u00fc\u011f\u00fcn\u00fc a\u00e7\u0131klad\u0131. Tahran ise bo\u011faz i\u00e7in \u015fartlar\u0131n\u0131 koruyor. 14 Haziran 2026\u2019da Tahran\u2019daki Enghelab Meydan\u0131\u2019nda bir binada sergilenen \u0130ran bayra\u011f\u0131. (Foto\u011fraf: AFP &#8211; Getty Images, The Epoch Times arac\u0131l\u0131\u011f\u0131yla)<\/figcaption><\/figure><\/div>\n\n\n<p>ABD Ba\u015fkan\u0131 Donald Trump, \u0130ran ile g\u00f6r\u00fc\u015fmelerin s\u0131n\u0131rl\u0131 \u015fekilde s\u00fcrd\u00fc\u011f\u00fcn\u00fc a\u00e7\u0131klad\u0131. Trump, ABD\u2019nin \u0130ran konusunda d\u00fc\u015f\u00fck profilli bir yakla\u015f\u0131m izledi\u011fini s\u00f6yledi. Axios\u2019a konu\u015fan Trump, iki \u00fclkenin yaln\u0131zca \u201c<a href=\"https:\/\/www.theepochtimes.com\/us\/trump-says-us-only-semi-negotiating-with-iran-6072979\" target=\"_blank\" rel=\"noreferrer noopener\">yar\u0131 m\u00fczakere<\/a>\u201d y\u00fcr\u00fctt\u00fc\u011f\u00fcn\u00fc belirterek, \u0130ran ekonomisinin ciddi sorunlarla kar\u015f\u0131 kar\u015f\u0131ya oldu\u011funu s\u00f6yledi. \u0130ran y\u00f6netiminin askerlerinin maa\u015flar\u0131n\u0131 \u00f6deyecek paraya sahip olmad\u0131\u011f\u0131n\u0131 da s\u00f6zlerine ekledi.<\/p>\n\n\n\n<p>Trump, \u0130ran\u2019daki y\u00fcksek enflasyona dikkat \u00e7ekti ve ayr\u0131ca ABD\u2019nin uygulad\u0131\u011f\u0131 deniz ablukas\u0131n\u0131n ekonomik bask\u0131y\u0131 art\u0131rd\u0131\u011f\u0131n\u0131 belirtti. Ba\u015fkan, s\u00fcreci bir satran\u00e7 oyununa benzeterek \u00e7at\u0131\u015fma ve g\u00f6r\u00fc\u015fmelerin sonunda \u00e7\u00f6z\u00fcme ula\u015faca\u011f\u0131n\u0131 ifade etti. <\/p>\n\n\n\n<p>ABD ordusu yakla\u015f\u0131k iki hafta boyunca \u0130ran\u2019a sald\u0131r\u0131lar d\u00fczenledi. Ard\u0131ndan Trump, sald\u0131r\u0131lar\u0131n durduruldu\u011funu a\u00e7\u0131klad\u0131 ve bu karar\u0131n yeni g\u00f6r\u00fc\u015fmelerin \u00f6n\u00fcn\u00fc a\u00e7mas\u0131n\u0131 bekledi\u011fini s\u00f6yledi. Ancak ABD\u2019nin \u0130ran limanlar\u0131na y\u00f6nelik deniz ablukas\u0131 devam ediyor.<\/p>\n\n\n\n<p><a href=\"https:\/\/epochtimestr.com\/index.php\/abd-iran-saldirilarini-surduruyor\" target=\"_blank\" rel=\"noreferrer noopener\">ABD Merkez Komutanl\u0131\u011f\u0131<\/a>, 9 A\u011fustos\u2019ta \u0130ran ba\u011flant\u0131l\u0131 ticari gemiler hakk\u0131nda a\u00e7\u0131klama yaparak \u0130ran\u2019a giden veya \u0130ran\u2019dan d\u00f6nen 53 geminin y\u00f6nlendirildi\u011fini bildirdi. Ayr\u0131ca iki geminin etkisiz hale getirildi\u011fini ve iki geminin daha kontrol amac\u0131yla durduruldu\u011funu belirtti.<\/p>\n\n\n\n<p>\u00c7at\u0131\u015fmalar\u0131n durmas\u0131, petrol fiyatlar\u0131nda gerilemeye yol a\u00e7t\u0131. West Texas Intermediate petrol\u00fcn\u00fcn varil fiyat\u0131 9 A\u011fustos\u2019ta 78 dolara inerken Brent petrol\u00fc ayn\u0131 g\u00fcn yakla\u015f\u0131k 83 dolara geriledi. 23 Temmuz\u2019da WTI yakla\u015f\u0131k 92 dolara kadar y\u00fckselmi\u015f, Brent petrol\u00fc yakla\u015f\u0131k 100 dolar\u0131 g\u00f6rm\u00fc\u015ft\u00fc.<\/p>\n\n\n\n<p>ABD\u2019de benzin fiyatlar\u0131 da d\u00fc\u015f\u00fc\u015f g\u00f6sterdi. Amerikan Otomobil Birli\u011fi verilerine g\u00f6re ortalama fiyat bir hafta \u00f6nce 4,09 dolar seviyesinden 4,01 dolara geriledi. <\/p>\n\n\n\n<h3 class=\"wp-block-heading\">\u0130ran H\u00fcrm\u00fcz Bo\u011faz\u0131 \u0130\u00e7in \u015eartlar\u0131n\u0131 A\u00e7\u0131kl\u0131yor<\/h3>\n\n\n\n<p>\u0130ran D\u0131\u015fi\u015fleri Bakan\u0131 Abbas Arak\u00e7i, anla\u015fman\u0131n son a\u015famaya geldi\u011fini ancak bo\u011faz\u0131n a\u00e7\u0131lmas\u0131 i\u00e7in ba\u015fka \u015fartlar\u0131n bulundu\u011funu s\u00f6yledi. \u0130ranl\u0131 bakan, Washington ile Tahran aras\u0131nda do\u011frudan g\u00f6r\u00fc\u015fme yap\u0131lmad\u0131\u011f\u0131n\u0131, taraflar\u0131n arac\u0131lar \u00fczerinden mesaj al\u0131\u015fveri\u015fi yapt\u0131\u011f\u0131n\u0131 a\u00e7\u0131klad\u0131.<\/p>\n\n\n\n<p>\u0130ran, ABD\u2019nin haziranda imzalanan ge\u00e7ici anla\u015fmay\u0131 ihlal etti\u011fini iddia ediyor. Bu nedenle Tahran, Washington ile do\u011frudan g\u00f6r\u00fc\u015fmelere ba\u015flamayaca\u011f\u0131n\u0131 belirtiyor. ABD ise \u0130ran\u2019a y\u00f6nelik hava sald\u0131r\u0131lar\u0131n\u0131 \u015fubat sonunda ba\u015flatt\u0131. Washington, operasyonlar\u0131n \u0130ran\u2019\u0131n n\u00fckleer silah edinmesini engellemeyi ama\u00e7lad\u0131\u011f\u0131n\u0131 a\u00e7\u0131klam\u0131\u015ft\u0131.<\/p>\n\n\n\n<p>\u0130ran Ulusal G\u00fcvenlik Kurulu yetkilileri ABD\u2019nin \u0130ran\u2019a y\u00f6nelik tehditlerini sona erdirmesi de dahil, baz\u0131 ko\u015fullar a\u00e7\u0131klad\u0131. Ayr\u0131ca \u0130ran ve b\u00f6lgedeki m\u00fcttefiklerine y\u00f6nelik askeri faaliyetlerin durdurulmas\u0131n\u0131, ablukan\u0131n ve yapt\u0131r\u0131mlar\u0131n kald\u0131r\u0131lmas\u0131n\u0131 talep etti. Bunlara ek olarak \u0130ran\u2019\u0131n dondurulan varl\u0131klar\u0131n\u0131n serbest b\u0131rak\u0131lmas\u0131 da talepler aras\u0131nda yer al\u0131yor.<\/p>\n\n\n\n<p>ABD Ba\u015fkan Yard\u0131mc\u0131s\u0131 JD Vance ise \u00e7at\u0131\u015fman\u0131n hen\u00fcz sona ermedi\u011fini s\u00f6yledi. Vance, ABD\u2019nin \u0130ran\u2019a kar\u015f\u0131 farkl\u0131 ara\u00e7lar kullanmay\u0131 s\u00fcrd\u00fcrd\u00fc\u011f\u00fcn\u00fc belirtti. Ayr\u0131ca \u0130ran y\u00f6netiminin gerekli ko\u015fullar\u0131 kar\u015f\u0131lay\u0131p kar\u015f\u0131layamayaca\u011f\u0131n\u0131n \u00f6nemli oldu\u011funu ifade etti.<\/p>\n","protected":false},"excerpt":{"rendered":"<p>ABD Ba\u015fkan\u0131 Donald Trump, \u0130ran ile g\u00f6r\u00fc\u015fmelerin s\u0131n\u0131rl\u0131 \u015fekilde s\u00fcrd\u00fc\u011f\u00fcn\u00fc a\u00e7\u0131klad\u0131. Trump, ABD\u2019nin \u0130ran konusunda d\u00fc\u015f\u00fck profilli bir yakla\u015f\u0131m izledi\u011fini s\u00f6yledi. Axios\u2019a konu\u015fan Trump, iki \u00fclkenin yaln\u0131zca \u201cyar\u0131 m\u00fczakere\u201d y\u00fcr\u00fctt\u00fc\u011f\u00fcn\u00fc belirterek, \u0130ran ekonomisinin ciddi sorunlarla kar\u015f\u0131 kar\u015f\u0131ya oldu\u011funu s\u00f6yledi. \u0130ran y\u00f6netiminin askerlerinin maa\u015flar\u0131n\u0131 \u00f6deyecek paraya sahip olmad\u0131\u011f\u0131n\u0131 da s\u00f6zlerine ekledi. Trump, \u0130ran\u2019daki y\u00fcksek enflasyona dikkat [&hellip;]<\/p>\n","protected":false},"author":13996,"featured_media":170085,"comment_status":"open","ping_status":"open","sticky":false,"template":"","format":"standard","meta":{"_yoast_wpseo_focuskw":"Trump - \u0130ran","_yoast_wpseo_title":"","_yoast_wpseo_metadesc":"ABD Ba\u015fkan\u0131 Donald Trump, \u0130ran ile m\u00fczakerelerin s\u0131n\u0131rl\u0131 s\u00fcrd\u00fc\u011f\u00fcn\u00fc a\u00e7\u0131klad\u0131. Tahran ise bo\u011faz i\u00e7in \u015fartlar\u0131n\u0131 koruyor.","_bbp_topic_count":0,"_bbp_reply_count":0,"_bbp_total_topic_count":0,"_bbp_total_reply_count":0,"_bbp_voice_count":0,"_bbp_anonymous_reply_count":0,"_bbp_topic_count_hidden":0,"_bbp_reply_count_hidden":0,"_bbp_forum_subforum_count":0,"footnotes":"","_yoast_wpseo_focuskw_text_input":""},"categories":[5,1,8138],"tags":[11118,1663,4682,5764,12140],"yoast_head":"<!-- This site is optimized with the Yoast SEO plugin v23.0 - https:\/\/yoast.com\/wordpress\/plugins\/seo\/ -->\n<title>Trump: \u0130ran G\u00f6r\u00fc\u015fmeleri S\u0131n\u0131rl\u0131 \u015eekilde \u0130lerliyor - The Epoch Times TR<\/title>\n<meta name=\"description\" content=\"ABD Ba\u015fkan\u0131 Donald Trump, \u0130ran ile m\u00fczakerelerin s\u0131n\u0131rl\u0131 s\u00fcrd\u00fc\u011f\u00fcn\u00fc a\u00e7\u0131klad\u0131. Tahran ise bo\u011faz i\u00e7in \u015fartlar\u0131n\u0131 koruyor.\" \/>\n<meta name=\"robots\" content=\"index, follow, max-snippet:-1, max-image-preview:large, max-video-preview:-1\" \/>\n<link rel=\"canonical\" href=\"https:\/\/epochtimestr.com\/index.php\/trump-iran-gorusmeleri-sinirli-sekilde-ilerliyor\" \/>\n<meta property=\"og:locale\" content=\"tr_TR\" \/>\n<meta property=\"og:type\" content=\"article\" \/>\n<meta property=\"og:title\" content=\"Trump: \u0130ran G\u00f6r\u00fc\u015fmeleri S\u0131n\u0131rl\u0131 \u015eekilde \u0130lerliyor - The Epoch Times TR\" \/>\n<meta property=\"og:description\" content=\"ABD Ba\u015fkan\u0131 Donald Trump, \u0130ran ile m\u00fczakerelerin s\u0131n\u0131rl\u0131 s\u00fcrd\u00fc\u011f\u00fcn\u00fc a\u00e7\u0131klad\u0131. Tahran ise bo\u011faz i\u00e7in \u015fartlar\u0131n\u0131 koruyor.\" \/>\n<meta property=\"og:url\" content=\"https:\/\/epochtimestr.com\/index.php\/trump-iran-gorusmeleri-sinirli-sekilde-ilerliyor\" \/>\n<meta property=\"og:site_name\" content=\"The Epoch Times TR\" \/>\n<meta property=\"article:publisher\" content=\"https:\/\/www.facebook.com\/theepochtimestr\" \/>\n<meta property=\"article:published_time\" content=\"2026-08-10T14:34:01+00:00\" \/>\n<meta property=\"article:modified_time\" content=\"2026-08-10T14:34:05+00:00\" \/>\n<meta property=\"og:image\" content=\"https:\/\/epochtimestr.com\/wp-content\/uploads\/2011y\/1000051113.webp\" \/>\n\t<meta property=\"og:image:width\" content=\"1200\" \/>\n\t<meta property=\"og:image:height\" content=\"800\" \/>\n\t<meta property=\"og:image:type\" content=\"image\/webp\" \/>\n<meta name=\"author\" content=\"Leo Bajelan\" \/>\n<meta name=\"twitter:card\" content=\"summary_large_image\" \/>\n<meta name=\"twitter:creator\" content=\"@TheEpochTimesTR\" \/>\n<meta name=\"twitter:site\" content=\"@TheEpochTimesTR\" \/>\n<meta name=\"twitter:label1\" content=\"Yazan:\" \/>\n\t<meta name=\"twitter:data1\" content=\"Leo Bajelan\" \/>\n\t<meta name=\"twitter:label2\" content=\"Tahmini okuma s\u00fcresi\" \/>\n\t<meta name=\"twitter:data2\" content=\"3 dakika\" \/>\n<script type=\"application\/ld+json\" class=\"yoast-schema-graph\">{\"@context\":\"https:\/\/schema.org\",\"@graph\":[{\"@type\":\"Article\",\"@id\":\"https:\/\/epochtimestr.com\/index.php\/trump-iran-gorusmeleri-sinirli-sekilde-ilerliyor#article\",\"isPartOf\":{\"@id\":\"https:\/\/epochtimestr.com\/index.php\/trump-iran-gorusmeleri-sinirli-sekilde-ilerliyor\"},\"author\":{\"name\":\"Leo Bajelan\",\"@id\":\"https:\/\/epochtimestr.com\/#\/schema\/person\/5fef218711d76d8f232b0e1f1d7e4c0d\"},\"headline\":\"Trump: \u0130ran G\u00f6r\u00fc\u015fmeleri S\u0131n\u0131rl\u0131 \u015eekilde \u0130lerliyor\",\"datePublished\":\"2026-08-10T14:34:01+00:00\",\"dateModified\":\"2026-08-10T14:34:05+00:00\",\"mainEntityOfPage\":{\"@id\":\"https:\/\/epochtimestr.com\/index.php\/trump-iran-gorusmeleri-sinirli-sekilde-ilerliyor\"},\"wordCount\":617,\"commentCount\":0,\"publisher\":{\"@id\":\"https:\/\/epochtimestr.com\/#organization\"},\"image\":{\"@id\":\"https:\/\/epochtimestr.com\/index.php\/trump-iran-gorusmeleri-sinirli-sekilde-ilerliyor#primaryimage\"},\"thumbnailUrl\":\"https:\/\/epochtimestr.com\/wp-content\/uploads\/2011y\/1000051113.webp\",\"keywords\":[\"ABD \u0130ran m\u00fczakereleri\",\"Ate\u015fkes\",\"petrol fiyatlar\u0131\",\"Trump\",\"Trump \u0130ran\"],\"articleSection\":[\"D\u00dcNYA\",\"G\u00dcNDEM\",\"MAN\u015eET\"],\"inLanguage\":\"tr\",\"potentialAction\":[{\"@type\":\"CommentAction\",\"name\":\"Comment\",\"target\":[\"https:\/\/epochtimestr.com\/index.php\/trump-iran-gorusmeleri-sinirli-sekilde-ilerliyor#respond\"]}]},{\"@type\":\"WebPage\",\"@id\":\"https:\/\/epochtimestr.com\/index.php\/trump-iran-gorusmeleri-sinirli-sekilde-ilerliyor\",\"url\":\"https:\/\/epochtimestr.com\/index.php\/trump-iran-gorusmeleri-sinirli-sekilde-ilerliyor\",\"name\":\"Trump: \u0130ran G\u00f6r\u00fc\u015fmeleri S\u0131n\u0131rl\u0131 \u015eekilde \u0130lerliyor - The Epoch Times TR\",\"isPartOf\":{\"@id\":\"https:\/\/epochtimestr.com\/#website\"},\"primaryImageOfPage\":{\"@id\":\"https:\/\/epochtimestr.com\/index.php\/trump-iran-gorusmeleri-sinirli-sekilde-ilerliyor#primaryimage\"},\"image\":{\"@id\":\"https:\/\/epochtimestr.com\/index.php\/trump-iran-gorusmeleri-sinirli-sekilde-ilerliyor#primaryimage\"},\"thumbnailUrl\":\"https:\/\/epochtimestr.com\/wp-content\/uploads\/2011y\/1000051113.webp\",\"datePublished\":\"2026-08-10T14:34:01+00:00\",\"dateModified\":\"2026-08-10T14:34:05+00:00\",\"description\":\"ABD Ba\u015fkan\u0131 Donald Trump, \u0130ran ile m\u00fczakerelerin s\u0131n\u0131rl\u0131 s\u00fcrd\u00fc\u011f\u00fcn\u00fc a\u00e7\u0131klad\u0131. Tahran ise bo\u011faz i\u00e7in \u015fartlar\u0131n\u0131 koruyor.\",\"inLanguage\":\"tr\",\"potentialAction\":[{\"@type\":\"ReadAction\",\"target\":[\"https:\/\/epochtimestr.com\/index.php\/trump-iran-gorusmeleri-sinirli-sekilde-ilerliyor\"]}]},{\"@type\":\"ImageObject\",\"inLanguage\":\"tr\",\"@id\":\"https:\/\/epochtimestr.com\/index.php\/trump-iran-gorusmeleri-sinirli-sekilde-ilerliyor#primaryimage\",\"url\":\"https:\/\/epochtimestr.com\/wp-content\/uploads\/2011y\/1000051113.webp\",\"contentUrl\":\"https:\/\/epochtimestr.com\/wp-content\/uploads\/2011y\/1000051113.webp\",\"width\":1200,\"height\":800},{\"@type\":\"WebSite\",\"@id\":\"https:\/\/epochtimestr.com\/#website\",\"url\":\"https:\/\/epochtimestr.com\/\",\"name\":\"The Epoch Times TR\",\"description\":\"De\u011fi\u015fen D\u00fcnyam\u0131za Taze Bir Bak\u0131\u015f\",\"publisher\":{\"@id\":\"https:\/\/epochtimestr.com\/#organization\"},\"potentialAction\":[{\"@type\":\"SearchAction\",\"target\":{\"@type\":\"EntryPoint\",\"urlTemplate\":\"https:\/\/epochtimestr.com\/?s={search_term_string}\"},\"query-input\":\"required name=search_term_string\"}],\"inLanguage\":\"tr\"},{\"@type\":\"Organization\",\"@id\":\"https:\/\/epochtimestr.com\/#organization\",\"name\":\"The EpochTimes T\u00fcrkiye\",\"url\":\"https:\/\/epochtimestr.com\/\",\"logo\":{\"@type\":\"ImageObject\",\"inLanguage\":\"tr\",\"@id\":\"https:\/\/epochtimestr.com\/#\/schema\/logo\/image\/\",\"url\":\"https:\/\/epochtimestr.com\/wp-content\/uploads\/2011y\/ET-Logo-YG.jpg\",\"contentUrl\":\"https:\/\/epochtimestr.com\/wp-content\/uploads\/2011y\/ET-Logo-YG.jpg\",\"width\":346,\"height\":29,\"caption\":\"The EpochTimes T\u00fcrkiye\"},\"image\":{\"@id\":\"https:\/\/epochtimestr.com\/#\/schema\/logo\/image\/\"},\"sameAs\":[\"https:\/\/www.facebook.com\/theepochtimestr\",\"https:\/\/x.com\/TheEpochTimesTR\",\"https:\/\/www.instagram.com\/epochtimestr\"]},{\"@type\":\"Person\",\"@id\":\"https:\/\/epochtimestr.com\/#\/schema\/person\/5fef218711d76d8f232b0e1f1d7e4c0d\",\"name\":\"Leo Bajelan\",\"image\":{\"@type\":\"ImageObject\",\"inLanguage\":\"tr\",\"@id\":\"https:\/\/epochtimestr.com\/#\/schema\/person\/image\/\",\"url\":\"https:\/\/secure.gravatar.com\/avatar\/917669146f489549e548a2e9af272df5?s=96&d=mm&r=g\",\"contentUrl\":\"https:\/\/secure.gravatar.com\/avatar\/917669146f489549e548a2e9af272df5?s=96&d=mm&r=g\",\"caption\":\"Leo Bajelan\"},\"url\":\"https:\/\/epochtimestr.com\/index.php\/author\/leo\"}]}<\/script>\n<!-- \/ Yoast SEO plugin. -->","yoast_head_json":{"title":"Trump: \u0130ran G\u00f6r\u00fc\u015fmeleri S\u0131n\u0131rl\u0131 \u015eekilde \u0130lerliyor - The Epoch Times TR","description":"ABD Ba\u015fkan\u0131 Donald Trump, \u0130ran ile m\u00fczakerelerin s\u0131n\u0131rl\u0131 s\u00fcrd\u00fc\u011f\u00fcn\u00fc a\u00e7\u0131klad\u0131. Tahran ise bo\u011faz i\u00e7in \u015fartlar\u0131n\u0131 koruyor.","robots":{"index":"index","follow":"follow","max-snippet":"max-snippet:-1","max-image-preview":"max-image-preview:large","max-video-preview":"max-video-preview:-1"},"canonical":"https:\/\/epochtimestr.com\/index.php\/trump-iran-gorusmeleri-sinirli-sekilde-ilerliyor","og_locale":"tr_TR","og_type":"article","og_title":"Trump: \u0130ran G\u00f6r\u00fc\u015fmeleri S\u0131n\u0131rl\u0131 \u015eekilde \u0130lerliyor - The Epoch Times TR","og_description":"ABD Ba\u015fkan\u0131 Donald Trump, \u0130ran ile m\u00fczakerelerin s\u0131n\u0131rl\u0131 s\u00fcrd\u00fc\u011f\u00fcn\u00fc a\u00e7\u0131klad\u0131. Tahran ise bo\u011faz i\u00e7in \u015fartlar\u0131n\u0131 koruyor.","og_url":"https:\/\/epochtimestr.com\/index.php\/trump-iran-gorusmeleri-sinirli-sekilde-ilerliyor","og_site_name":"The Epoch Times TR","article_publisher":"https:\/\/www.facebook.com\/theepochtimestr","article_published_time":"2026-08-10T14:34:01+00:00","article_modified_time":"2026-08-10T14:34:05+00:00","og_image":[{"width":1200,"height":800,"url":"https:\/\/epochtimestr.com\/wp-content\/uploads\/2011y\/1000051113.webp","type":"image\/webp"}],"author":"Leo Bajelan","twitter_card":"summary_large_image","twitter_creator":"@TheEpochTimesTR","twitter_site":"@TheEpochTimesTR","twitter_misc":{"Yazan:":"Leo Bajelan","Tahmini okuma s\u00fcresi":"3 dakika"},"schema":{"@context":"https:\/\/schema.org","@graph":[{"@type":"Article","@id":"https:\/\/epochtimestr.com\/index.php\/trump-iran-gorusmeleri-sinirli-sekilde-ilerliyor#article","isPartOf":{"@id":"https:\/\/epochtimestr.com\/index.php\/trump-iran-gorusmeleri-sinirli-sekilde-ilerliyor"},"author":{"name":"Leo Bajelan","@id":"https:\/\/epochtimestr.com\/#\/schema\/person\/5fef218711d76d8f232b0e1f1d7e4c0d"},"headline":"Trump: \u0130ran G\u00f6r\u00fc\u015fmeleri S\u0131n\u0131rl\u0131 \u015eekilde \u0130lerliyor","datePublished":"2026-08-10T14:34:01+00:00","dateModified":"2026-08-10T14:34:05+00:00","mainEntityOfPage":{"@id":"https:\/\/epochtimestr.com\/index.php\/trump-iran-gorusmeleri-sinirli-sekilde-ilerliyor"},"wordCount":617,"commentCount":0,"publisher":{"@id":"https:\/\/epochtimestr.com\/#organization"},"image":{"@id":"https:\/\/epochtimestr.com\/index.php\/trump-iran-gorusmeleri-sinirli-sekilde-ilerliyor#primaryimage"},"thumbnailUrl":"https:\/\/epochtimestr.com\/wp-content\/uploads\/2011y\/1000051113.webp","keywords":["ABD \u0130ran m\u00fczakereleri","Ate\u015fkes","petrol fiyatlar\u0131","Trump","Trump \u0130ran"],"articleSection":["D\u00dcNYA","G\u00dcNDEM","MAN\u015eET"],"inLanguage":"tr","potentialAction":[{"@type":"CommentAction","name":"Comment","target":["https:\/\/epochtimestr.com\/index.php\/trump-iran-gorusmeleri-sinirli-sekilde-ilerliyor#respond"]}]},{"@type":"WebPage","@id":"https:\/\/epochtimestr.com\/index.php\/trump-iran-gorusmeleri-sinirli-sekilde-ilerliyor","url":"https:\/\/epochtimestr.com\/index.php\/trump-iran-gorusmeleri-sinirli-sekilde-ilerliyor","name":"Trump: \u0130ran G\u00f6r\u00fc\u015fmeleri S\u0131n\u0131rl\u0131 \u015eekilde \u0130lerliyor - The Epoch Times TR","isPartOf":{"@id":"https:\/\/epochtimestr.com\/#website"},"primaryImageOfPage":{"@id":"https:\/\/epochtimestr.com\/index.php\/trump-iran-gorusmeleri-sinirli-sekilde-ilerliyor#primaryimage"},"image":{"@id":"https:\/\/epochtimestr.com\/index.php\/trump-iran-gorusmeleri-sinirli-sekilde-ilerliyor#primaryimage"},"thumbnailUrl":"https:\/\/epochtimestr.com\/wp-content\/uploads\/2011y\/1000051113.webp","datePublished":"2026-08-10T14:34:01+00:00","dateModified":"2026-08-10T14:34:05+00:00","description":"ABD Ba\u015fkan\u0131 Donald Trump, \u0130ran ile m\u00fczakerelerin s\u0131n\u0131rl\u0131 s\u00fcrd\u00fc\u011f\u00fcn\u00fc a\u00e7\u0131klad\u0131. Tahran ise bo\u011faz i\u00e7in \u015fartlar\u0131n\u0131 koruyor.","inLanguage":"tr","potentialAction":[{"@type":"ReadAction","target":["https:\/\/epochtimestr.com\/index.php\/trump-iran-gorusmeleri-sinirli-sekilde-ilerliyor"]}]},{"@type":"ImageObject","inLanguage":"tr","@id":"https:\/\/epochtimestr.com\/index.php\/trump-iran-gorusmeleri-sinirli-sekilde-ilerliyor#primaryimage","url":"https:\/\/epochtimestr.com\/wp-content\/uploads\/2011y\/1000051113.webp","contentUrl":"https:\/\/epochtimestr.com\/wp-content\/uploads\/2011y\/1000051113.webp","width":1200,"height":800},{"@type":"WebSite","@id":"https:\/\/epochtimestr.com\/#website","url":"https:\/\/epochtimestr.com\/","name":"The Epoch Times TR","description":"De\u011fi\u015fen D\u00fcnyam\u0131za Taze Bir Bak\u0131\u015f","publisher":{"@id":"https:\/\/epochtimestr.com\/#organization"},"potentialAction":[{"@type":"SearchAction","target":{"@type":"EntryPoint","urlTemplate":"https:\/\/epochtimestr.com\/?s={search_term_string}"},"query-input":"required name=search_term_string"}],"inLanguage":"tr"},{"@type":"Organization","@id":"https:\/\/epochtimestr.com\/#organization","name":"The EpochTimes T\u00fcrkiye","url":"https:\/\/epochtimestr.com\/","logo":{"@type":"ImageObject","inLanguage":"tr","@id":"https:\/\/epochtimestr.com\/#\/schema\/logo\/image\/","url":"https:\/\/epochtimestr.com\/wp-content\/uploads\/2011y\/ET-Logo-YG.jpg","contentUrl":"https:\/\/epochtimestr.com\/wp-content\/uploads\/2011y\/ET-Logo-YG.jpg","width":346,"height":29,"caption":"The EpochTimes T\u00fcrkiye"},"image":{"@id":"https:\/\/epochtimestr.com\/#\/schema\/logo\/image\/"},"sameAs":["https:\/\/www.facebook.com\/theepochtimestr","https:\/\/x.com\/TheEpochTimesTR","https:\/\/www.instagram.com\/epochtimestr"]},{"@type":"Person","@id":"https:\/\/epochtimestr.com\/#\/schema\/person\/5fef218711d76d8f232b0e1f1d7e4c0d","name":"Leo Bajelan","image":{"@type":"ImageObject","inLanguage":"tr","@id":"https:\/\/epochtimestr.com\/#\/schema\/person\/image\/","url":"https:\/\/secure.gravatar.com\/avatar\/917669146f489549e548a2e9af272df5?s=96&d=mm&r=g","contentUrl":"https:\/\/secure.gravatar.com\/avatar\/917669146f489549e548a2e9af272df5?s=96&d=mm&r=g","caption":"Leo Bajelan"},"url":"https:\/\/epochtimestr.com\/index.php\/author\/leo"}]}},"_links":{"self":[{"href":"https:\/\/epochtimestr.com\/index.php\/wp-json\/wp\/v2\/posts\/170084"}],"collection":[{"href":"https:\/\/epochtimestr.com\/index.php\/wp-json\/wp\/v2\/posts"}],"about":[{"href":"https:\/\/epochtimestr.com\/index.php\/wp-json\/wp\/v2\/types\/post"}],"author":[{"embeddable":true,"href":"https:\/\/epochtimestr.com\/index.php\/wp-json\/wp\/v2\/users\/13996"}],"replies":[{"embeddable":true,"href":"https:\/\/epochtimestr.com\/index.php\/wp-json\/wp\/v2\/comments?post=170084"}],"version-history":[{"count":2,"href":"https:\/\/epochtimestr.com\/index.php\/wp-json\/wp\/v2\/posts\/170084\/revisions"}],"predecessor-version":[{"id":170122,"href":"https:\/\/epochtimestr.com\/index.php\/wp-json\/wp\/v2\/posts\/170084\/revisions\/170122"}],"wp:featuredmedia":[{"embeddable":true,"href":"https:\/\/epochtimestr.com\/index.php\/wp-json\/wp\/v2\/media\/170085"}],"wp:attachment":[{"href":"https:\/\/epochtimestr.com\/index.php\/wp-json\/wp\/v2\/media?parent=170084"}],"wp:term":[{"taxonomy":"category","embeddable":true,"href":"https:\/\/epochtimestr.com\/index.php\/wp-json\/wp\/v2\/categories?post=170084"},{"taxonomy":"post_tag","embeddable":true,"href":"https:\/\/epochtimestr.com\/index.php\/wp-json\/wp\/v2\/tags?post=170084"}],"curies":[{"name":"wp","href":"https:\/\/api.w.org\/{rel}","templated":true}]}}