{"id":170087,"date":"2026-08-10T17:43:21","date_gmt":"2026-08-10T14:43:21","guid":{"rendered":"https:\/\/epochtimestr.com\/?p=170087"},"modified":"2026-08-10T17:43:24","modified_gmt":"2026-08-10T14:43:24","slug":"gazilerin-haklarini-iceren-kanun-teklifi-kabul-edildi","status":"publish","type":"post","link":"https:\/\/epochtimestr.com\/index.php\/gazilerin-haklarini-iceren-kanun-teklifi-kabul-edildi","title":{"rendered":"Gazilerin Haklar\u0131n\u0131 \u0130\u00e7eren Kanun Teklifi Kabul Edildi"},"content":{"rendered":"<div class=\"wp-block-image\">\n<figure class=\"aligncenter size-large\"><img loading=\"lazy\" decoding=\"async\" width=\"1966\" height=\"1200\" src=\"https:\/\/epochtimestr.com\/wp-content\/uploads\/2011y\/tbmm-17-1966x1200.jpg\" alt=\"\u015eehit yak\u0131nlar\u0131 ve gazilerin haklar\u0131n\u0131 i\u00e7eren kanun teklifi kabul edildi. (Foto\u011fraf: TBMM web sitesi)\" class=\"wp-image-170091\" srcset=\"https:\/\/epochtimestr.com\/wp-content\/uploads\/2011y\/tbmm-17-1966x1200.jpg 1966w, https:\/\/epochtimestr.com\/wp-content\/uploads\/2011y\/tbmm-17-300x183.jpg 300w, https:\/\/epochtimestr.com\/wp-content\/uploads\/2011y\/tbmm-17-150x92.jpg 150w, https:\/\/epochtimestr.com\/wp-content\/uploads\/2011y\/tbmm-17-768x469.jpg 768w, https:\/\/epochtimestr.com\/wp-content\/uploads\/2011y\/tbmm-17-1536x937.jpg 1536w, https:\/\/epochtimestr.com\/wp-content\/uploads\/2011y\/tbmm-17-2048x1250.jpg 2048w\" sizes=\"(max-width: 1966px) 100vw, 1966px\" \/><figcaption class=\"wp-element-caption\">\u015eehit yak\u0131nlar\u0131 ve gazilerin haklar\u0131n\u0131 i\u00e7eren kanun teklifi kabul edildi. (Foto\u011fraf: TBMM web sitesi)<\/figcaption><\/figure><\/div>\n\n\n<h2 class=\"wp-block-heading\">TBMM Genel Kurulu&#8217;nda, \u015fehit aileleri ve gazilerin haklar\u0131na y\u00f6nelik d\u00fczenlemeleri i\u00e7eren kanun teklifi kabul edildi.<\/h2>\n\n\n\n<p><a href=\"https:\/\/epochtimestr.com\/index.php\/pkknin-fesih-sureci-hakkindaki-yasa-teklifi-tbmmde\" target=\"_blank\" rel=\"noreferrer noopener\">TBMM<\/a> Genel Kurulunda, \u015fehit aileleri ve gazilerin haklar\u0131na y\u00f6nelik d\u00fczenlemeleri i\u00e7eren Baz\u0131 Kanunlarda De\u011fi\u015fiklik Yap\u0131lmas\u0131na Dair Kanun Teklifi kabul edilerek yasala\u015ft\u0131. Kanunla, \u015fehit anne ve babalar\u0131na net asgari \u00fccret tutar\u0131nda gelir g\u00fcvencesi getirildi. Ter\u00f6rle m\u00fccadelede yaralan\u0131p malul say\u0131lmayanlara ayl\u0131k ve sosyal haklar tan\u0131nd\u0131. Vazife malul\u00fc er ve erba\u015flar\u0131n yeniden muayene ya\u015f s\u0131n\u0131r\u0131 41&#8217;den 55&#8217;e y\u00fckseltildi.<\/p>\n\n\n\n<p>T\u00fcm vazife malullerinden hayat\u0131n\u0131 kaybedenlerin anne ve babalar\u0131na ba\u011flanacak toplam ayl\u0131k tutar\u0131n\u0131n bir ayl\u0131k asgari \u00fccretin net tutar\u0131ndan az olmayacak. Bak\u0131ma muhta\u00e7 olan <a href=\"https:\/\/epochtimestr.com\/index.php\/ozgur-ozelden-sehit-aileleri-ve-gazilere-destek-ziyareti\" target=\"_blank\" rel=\"noreferrer noopener\">gazi ve malullere<\/a> yap\u0131lan ek \u00f6deme miktar\u0131 artt\u0131r\u0131l\u0131yor. S\u00f6z konusu \u00f6deme net asgari \u00fccretin 2,5 kat\u0131na \u00e7\u0131kar\u0131l\u0131yor.<\/p>\n\n\n\n<p>Vazife malul\u00fc olan erba\u015f ve erler ile g\u00fcvenlik korucular\u0131, askeri \u00f6\u011frenciler ve sivillerin ayl\u0131klar\u0131nda art\u0131\u015f yap\u0131l\u0131yor. Vazife malull\u00fc\u011f\u00fc ayl\u0131klar\u0131 e\u011fitim durumuna bak\u0131lmaks\u0131z\u0131n en az 10. derecenin 1. kademesi, 4 y\u0131ll\u0131k y\u00fcksek\u00f6\u011fretim mezunlar\u0131 i\u00e7in 8. derecenin birinci kademesi esas al\u0131narak hesaplanacak.<\/p>\n\n\n\n<p>Ter\u00f6r eylemleri nedeniyle yaralanm\u0131\u015f olmakla birlikte ilgili mevzuata g\u00f6re malul say\u0131lmayan ancak Nizamname h\u00fck\u00fcmlerine g\u00f6re derece tespiti yap\u0131lan ki\u015filerin g\u00f6sterge tablosu g\u00fcncellenerek ayl\u0131klar\u0131nda art\u0131\u015f yap\u0131lacak.<\/p>\n\n\n\n<p><strong>Ter\u00f6rle m\u00fccadele g\u00f6revlerinin ifas\u0131 s\u0131ras\u0131nda yaralanan ancak mevzuata g\u00f6re malul say\u0131lmayanlara ayl\u0131k ba\u011flanacak.<\/strong><\/p>\n\n\n\n<p>Vazife malul\u00fc er ve erba\u015flar\u0131n durumlar\u0131nda meydana gelen de\u011fi\u015fimler nedeniyle muayene edilme haklar\u0131na ili\u015fkin ya\u015f haddi 55 ya\u015f doldurduklar\u0131 tarih esas al\u0131n\u0131yor. 15 Temmuz darbe te\u015febb\u00fcs\u00fc ve ter\u00f6r eylemlerini bertaraf etmeye \u00e7al\u0131\u015f\u0131rken yaralanan kamu g\u00f6revlileri ve sivillerden malul say\u0131lmayanlara ayl\u0131k ba\u011flanacak.<\/p>\n\n\n\n<p>Teklifle, T\u00fcrkiye Cumhuriyeti Emekli Sand\u0131\u011f\u0131 Kanunu&#8217;nda de\u011fi\u015fiklik yap\u0131l\u0131yor. Buna g\u00f6re, kapsama ili\u015fkin s\u0131n\u0131rlamalar kald\u0131r\u0131larak kategorik bir ayr\u0131ma gitmeksizin t\u00fcm vazife malullerinden hayat\u0131n\u0131 kaybedenlerin ana ve babalar\u0131na ba\u011flanacak toplam ayl\u0131k tutar\u0131n\u0131n bir ayl\u0131k asgari \u00fccretin net tutar\u0131ndan az olmamas\u0131 yasal g\u00fcvenceye al\u0131n\u0131yor.<\/p>\n\n\n\n<p>Kanundaki bir di\u011fer d\u00fczenlemeyle, bak\u0131ma muhta\u00e7 gazi ve malullere net asgari \u00fccretin 2 kat\u0131 olarak yap\u0131lan \u00f6deme, net asgari \u00fccretin 2,5 kat\u0131na \u00e7\u0131kar\u0131l\u0131yor.<\/p>\n\n\n\n<h4 class=\"wp-block-heading\">Teklifle, vazife malul\u00fc erba\u015f ve erler ile g\u00fcvenlik korucular\u0131, \u00f6\u011frenciler ve sivillerin ayl\u0131klar\u0131nda art\u0131\u015f yap\u0131lmas\u0131 amac\u0131yla Ter\u00f6rle M\u00fccadele Kanunu&#8217;nda de\u011fi\u015fikli\u011fe gidiliyor.<\/h4>\n\n\n\n<p>Buna g\u00f6re, ilgili kanun h\u00fck\u00fcmleri kapsam\u0131nda ba\u011flanacak ayl\u0131klar, bitirmi\u015f olduklar\u0131 okullar neticesinde hak kazand\u0131klar\u0131 unvanlar \u00fczerinden y\u00fcr\u00fctm\u00fc\u015f olduklar\u0131 kamu g\u00f6revleri sebebiyle daha y\u00fcksek ayl\u0131k ba\u011flanmas\u0131na ili\u015fkin haklar\u0131 sakl\u0131 kalmak kayd\u0131yla en az 4 y\u0131ll\u0131k y\u00fcksek \u00f6\u011frenim mezunu olanlar sekizinci derecenin birinci kademesindeki, di\u011ferleri ise e\u011fitim durumlar\u0131na bak\u0131lmaks\u0131z\u0131n onuncu derecenin birinci kademesinde bulunanlar\u0131n emekli kesene\u011fine esas ayl\u0131klar\u0131 \u00fczerinden hesaplanacak vazife malull\u00fc\u011f\u00fc ayl\u0131\u011f\u0131 tutar\u0131ndan d\u00fc\u015f\u00fck olamayacak. <\/p>\n\n\n\n<p>Bunlar i\u00e7in T\u00fcrkiye Cumhuriyeti Emekli Sand\u0131\u011f\u0131 Kanunu ilgili f\u0131kras\u0131na g\u00f6re yap\u0131lacak y\u00fckseltmelerde ayn\u0131 derece ba\u015flang\u0131\u00e7 olarak esas al\u0131narak art\u0131r\u0131lacak. Derece y\u00fckselmelerinde y\u00fcksek \u00f6\u011frenim mezunu gibi i\u015flem yap\u0131lacak ve d\u00f6rd\u00fcnc\u00fc dereceye y\u00fckselenler i\u00e7in 2 bin 100, \u00fc\u00e7\u00fcnc\u00fc dereceye y\u00fckselenler i\u00e7in 2 bin 200, ikinci dereceye y\u00fckselenler i\u00e7in 3 bin, birinci dereceye y\u00fckselenler i\u00e7in ise 3 bin 600 ek g\u00f6sterge rakam\u0131 esas al\u0131nacak.<\/p>\n\n\n\n<p>Bu f\u0131kra kapsam\u0131ndakilere ba\u011flanacak ayl\u0131\u011f\u0131n toplam tutar\u0131, 35 bin 398 g\u00f6sterge rakam\u0131n\u0131n memur ayl\u0131k katsay\u0131s\u0131 ile \u00e7arp\u0131m\u0131 sonucu bulunacak tutardan, hak sahiplerinin ayl\u0131k tutar\u0131 ise bulunacak tutar\u0131n hisseleri oran\u0131 esas al\u0131narak tespit edilecek tutar\u0131ndan az olamayacak. H\u00fck\u00fcm uyar\u0131nca ilgililere fazla olarak yap\u0131lan \u00f6demeler, faturas\u0131 kar\u015f\u0131l\u0131\u011f\u0131 Sosyal G\u00fcvenlik Kurumunca Hazineden tahsil edilecek.<\/p>\n\n\n\n<p>Ter\u00f6rle M\u00fccadele Kanunu&#8217;ndaki di\u011fer bir d\u00fczenlemeyle, ter\u00f6r eylemleri nedeniyle yaralanm\u0131\u015f olmakla birlikte ilgili mevzuat\u0131na g\u00f6re malul say\u0131lmayan ancak Nizamname h\u00fck\u00fcmlerine g\u00f6re derece tespiti yap\u0131lan ki\u015filerin g\u00f6sterge tablosu g\u00fcncellenerek ba\u011flanan ayl\u0131k miktarlar\u0131 art\u0131r\u0131l\u0131yor.<\/p>\n\n\n\n<p>Ayr\u0131ca 15 Temmuz darbe giri\u015fiminde ve ayr\u0131ca ter\u00f6rle m\u00fccadele kapsam\u0131nda yaralan\u0131p malul say\u0131lmamakla birlikte derece tespiti yap\u0131lanlar\u0131n ayl\u0131klar\u0131na esas g\u00f6sterge rakamlar\u0131 y\u00fckseltiliyor. Muharip gazilere tan\u0131nan \u00fccretsiz seyahat, elektrik ve su kullan\u0131m\u0131na y\u00f6nelik \u00fccretlerde de indirim gibi di\u011fer haklar da tan\u0131n\u0131yor.<\/p>\n\n\n<div class=\"wp-block-image\">\n<figure class=\"aligncenter size-full is-resized\"><img loading=\"lazy\" decoding=\"async\" width=\"483\" height=\"290\" src=\"https:\/\/epochtimestr.com\/wp-content\/uploads\/2011y\/gaziler-1.jpg\" alt=\"\" class=\"wp-image-170088\" style=\"width:483px;height:auto\" srcset=\"https:\/\/epochtimestr.com\/wp-content\/uploads\/2011y\/gaziler-1.jpg 483w, https:\/\/epochtimestr.com\/wp-content\/uploads\/2011y\/gaziler-1-300x180.jpg 300w, https:\/\/epochtimestr.com\/wp-content\/uploads\/2011y\/gaziler-1-150x90.jpg 150w\" sizes=\"(max-width: 483px) 100vw, 483px\" \/><figcaption class=\"wp-element-caption\">(G\u00f6rsel: \u015eehit Gazi Sen E\u011ftitim websitesi)<\/figcaption><\/figure><\/div>\n\n\n<h4 class=\"wp-block-heading\">Bu d\u00fczenlemeler yay\u0131m\u0131n\u0131 takip eden \u00f6deme d\u00f6neminden ge\u00e7erli olmak \u00fczere y\u00fcr\u00fcrl\u00fc\u011fe girecek.<\/h4>\n\n\n\n<p>Ayr\u0131ca Ter\u00f6rle M\u00fccadele Kanunu&#8217;nda eklenen ge\u00e7ici madde ile ter\u00f6rle m\u00fccadele g\u00f6revlerinin ifas\u0131 s\u0131ras\u0131nda yaralanan ancak mevcut mevzuata g\u00f6re malul say\u0131lmayan personele 17 bin 135 g\u00f6sterge rakam\u0131n\u0131n memur ayl\u0131k katsay\u0131s\u0131 ile \u00e7arp\u0131m\u0131 sonucu bulunacak tutarda ayl\u0131k ba\u011flanmas\u0131 esas\u0131 getiriliyor. D\u00fczenleme ile T\u00fcrk Silahl\u0131 Kuvvetleri, Jandarma Genel Komutanl\u0131\u011f\u0131 ve Sahil G\u00fcvenlik Komutanl\u0131\u011f\u0131n\u0131n erba\u015f ve erler dahil askeri personeli, Milli \u0130stihbarat Te\u015fkilat\u0131 mensuplar\u0131, Emniyet Hizmetleri S\u0131n\u0131f\u0131 personeli, askeri \u00f6\u011frenciler ve g\u00fcvenlik korucular\u0131 kapsama al\u0131n\u0131yor. Ter\u00f6r eylemleri sonucu ate\u015fli silah mermi \u00e7ekirde\u011fi, \u015farapnel veya patlay\u0131c\u0131 m\u00fchimmat\u0131n (EYP, may\u0131n, havan, roket, el bombas\u0131 vb.) v\u00fccutta penetran yaralanmaya neden olmas\u0131, bunlar\u0131n blast (patlama bas\u0131nc\u0131) ve termal etkileriyle yaralan\u0131lmas\u0131 ya da ter\u00f6r \u00f6rg\u00fct\u00fc mensuplar\u0131n\u0131n kesici, delici, ezici yak\u0131n muharebe sald\u0131r\u0131lar\u0131 sonucu meydana gelen yaralanmalar da kapsama dahil ediliyor.<\/p>\n\n\n\n<p>Olay tarihindeki yaralanman\u0131n basit t\u0131bbi m\u00fcdahale ile giderilebilecek \u00f6l\u00e7\u00fcde hafif nitelikte olmamas\u0131 ve mevcut sa\u011fl\u0131k durumu ile olay tarihindeki yaralanma aras\u0131nda illiyet ba\u011f\u0131 bulundu\u011funun en az bir adli t\u0131p uzman\u0131n\u0131n yer ald\u0131\u011f\u0131 sa\u011fl\u0131k kurulu raporuyla tespitiyle Sosyal G\u00fcvenlik Kurumu taraf\u0131ndan 17 bin 135 g\u00f6sterge rakam\u0131n\u0131n memur ayl\u0131k katsay\u0131s\u0131 ile \u00e7arp\u0131m\u0131 sonucu bulunacak tutarda ayl\u0131k ba\u011flanacak. Yap\u0131lan \u00f6demeler faturas\u0131 kar\u015f\u0131l\u0131\u011f\u0131 Hazinece SGK&#8217;ye aktar\u0131lacak ve bu ki\u015filere ayl\u0131k h\u00fck\u00fcmleri hari\u00e7 1005 say\u0131l\u0131 Kanun kapsam\u0131ndaki gazilere sa\u011flanan di\u011fer sosyal ve \u00f6zl\u00fck haklar\u0131ndan yararlanabilecek.<\/p>\n\n\n\n<p>D\u00fczenleme, kanunun y\u00fcr\u00fcrl\u00fc\u011fe girdi\u011fi tarihten \u00f6nce meydana gelen olaylar bak\u0131m\u0131ndan bir defaya mahsus uygulanacak. Ba\u015fvurular\u0131n kanunun y\u00fcr\u00fcrl\u00fck tarihinden itibaren bir y\u0131l i\u00e7inde olay tarihindeki kurumlara yap\u0131lmas\u0131 gerekiyor. \u0130lgililerin sonradan malul olduklar\u0131n\u0131n tespiti halinde ise vazife malull\u00fc\u011f\u00fc h\u00fck\u00fcmleri uygulanarak bu maddeye g\u00f6re ba\u011flanan ayl\u0131klar\u0131 kesilecek.<\/p>\n\n\n\n<h4 class=\"wp-block-heading\">Bu d\u00fczenlemeler 1 Eyl\u00fcl 2026&#8217;dan itibaren ge\u00e7erli olmak \u00fczere yay\u0131m\u0131 tarihinde y\u00fcr\u00fcrl\u00fc\u011fe girecek.<\/h4>\n\n\n\n<p>D\u00fczenlemeyle Sosyal Sigortalar ve Genel Sa\u011fl\u0131k Sigortas\u0131 Kanunu&#8217;nda yap\u0131lan de\u011fi\u015fiklikle, er ve erba\u015flar\u0131n yeniden muayene hakk\u0131na ili\u015fkin ya\u015f haddi, 55 ya\u015f\u0131n\u0131 doldurduklar\u0131 tarih esas al\u0131narak d\u00fczenleniyor.<\/p>\n\n\n\n<p>FET\u00d6&#8217;n\u00fcn 15 Temmuz&#8217;daki darbe te\u015febb\u00fcs\u00fc ve ter\u00f6r eylemi ile bu eylemlerin devam\u0131 niteli\u011findeki eylemlerin ortaya \u00e7\u0131kar\u0131lmas\u0131, etkilerinin azalt\u0131lmas\u0131 veya bertaraf edilmesinin sa\u011flanmas\u0131nda yard\u0131mc\u0131 ve faydal\u0131 olduklar\u0131 s\u0131rada yaralanan kamu g\u00f6revlileri ve sivillerden malul say\u0131lmayan veya Vazife Malull\u00fcklerinin Nevileri ile Dereceleri Hakk\u0131nda Nizamname h\u00fck\u00fcmlerine g\u00f6re derece tespiti yap\u0131lmayanlara bu d\u00fczenlemenin y\u00fcr\u00fcrl\u00fc\u011fe girdi\u011fi tarihi takip eden ayba\u015f\u0131ndan itibaren 17 bin 135 g\u00f6sterge rakam\u0131n\u0131n memur ayl\u0131k katsay\u0131s\u0131 ile \u00e7arp\u0131m\u0131 sonucu bulunacak tutarda ayl\u0131k ba\u011flanacak.<br \/>Bu ayl\u0131klar hakk\u0131nda uygulanacak kanun da belirlendi. Bu d\u00fczenleme kapsam\u0131nda Sosyal G\u00fcvenlik Kurumunca \u00f6denen ayl\u0131klar, faturas\u0131 kar\u015f\u0131l\u0131\u011f\u0131nda iki ay i\u00e7erisinde Hazineden tahsil edilebilecek.<\/p>\n","protected":false},"excerpt":{"rendered":"<p>TBMM Genel Kurulu&#8217;nda, \u015fehit aileleri ve gazilerin haklar\u0131na y\u00f6nelik d\u00fczenlemeleri i\u00e7eren kanun teklifi kabul edildi. TBMM Genel Kurulunda, \u015fehit aileleri ve gazilerin haklar\u0131na y\u00f6nelik d\u00fczenlemeleri i\u00e7eren Baz\u0131 Kanunlarda De\u011fi\u015fiklik Yap\u0131lmas\u0131na Dair Kanun Teklifi kabul edilerek yasala\u015ft\u0131. Kanunla, \u015fehit anne ve babalar\u0131na net asgari \u00fccret tutar\u0131nda gelir g\u00fcvencesi getirildi. Ter\u00f6rle m\u00fccadelede yaralan\u0131p malul say\u0131lmayanlara ayl\u0131k ve [&hellip;]<\/p>\n","protected":false},"author":12791,"featured_media":170091,"comment_status":"open","ping_status":"open","sticky":false,"template":"","format":"standard","meta":{"_yoast_wpseo_focuskw":"kanun teklifi","_yoast_wpseo_title":"","_yoast_wpseo_metadesc":"TBMM Genel Kurulu'nda, \u015fehit aileleri ve gazilerin haklar\u0131na y\u00f6nelik d\u00fczenlemeleri i\u00e7eren kanun teklifi kabul edildi.","_bbp_topic_count":0,"_bbp_reply_count":0,"_bbp_total_topic_count":0,"_bbp_total_reply_count":0,"_bbp_voice_count":0,"_bbp_anonymous_reply_count":0,"_bbp_topic_count_hidden":0,"_bbp_reply_count_hidden":0,"_bbp_forum_subforum_count":0,"footnotes":"","_yoast_wpseo_focuskw_text_input":""},"categories":[1,8138,8419],"tags":[12142,12143,12141,1200],"yoast_head":"<!-- This site is optimized with the Yoast SEO plugin v23.0 - https:\/\/yoast.com\/wordpress\/plugins\/seo\/ -->\n<title>Gazilerin Haklar\u0131n\u0131 \u0130\u00e7eren Kanun Teklifi Kabul Edildi - The Epoch Times TR<\/title>\n<meta name=\"description\" content=\"TBMM Genel Kurulu&#039;nda, \u015fehit aileleri ve gazilerin haklar\u0131na y\u00f6nelik d\u00fczenlemeleri i\u00e7eren kanun teklifi kabul edildi.\" \/>\n<meta name=\"robots\" content=\"index, follow, max-snippet:-1, max-image-preview:large, max-video-preview:-1\" \/>\n<link rel=\"canonical\" href=\"https:\/\/epochtimestr.com\/index.php\/gazilerin-haklarini-iceren-kanun-teklifi-kabul-edildi\" \/>\n<meta property=\"og:locale\" content=\"tr_TR\" \/>\n<meta property=\"og:type\" content=\"article\" \/>\n<meta property=\"og:title\" content=\"Gazilerin Haklar\u0131n\u0131 \u0130\u00e7eren Kanun Teklifi Kabul Edildi - The Epoch Times TR\" \/>\n<meta property=\"og:description\" content=\"TBMM Genel Kurulu&#039;nda, \u015fehit aileleri ve gazilerin haklar\u0131na y\u00f6nelik d\u00fczenlemeleri i\u00e7eren kanun teklifi kabul edildi.\" \/>\n<meta property=\"og:url\" content=\"https:\/\/epochtimestr.com\/index.php\/gazilerin-haklarini-iceren-kanun-teklifi-kabul-edildi\" \/>\n<meta property=\"og:site_name\" content=\"The Epoch Times TR\" \/>\n<meta property=\"article:publisher\" content=\"https:\/\/www.facebook.com\/theepochtimestr\" \/>\n<meta property=\"article:published_time\" content=\"2026-08-10T14:43:21+00:00\" \/>\n<meta property=\"article:modified_time\" content=\"2026-08-10T14:43:24+00:00\" \/>\n<meta property=\"og:image\" content=\"https:\/\/epochtimestr.com\/wp-content\/uploads\/2011y\/tbmm-17-scaled.jpg\" \/>\n\t<meta property=\"og:image:width\" content=\"2560\" \/>\n\t<meta property=\"og:image:height\" content=\"1562\" \/>\n\t<meta property=\"og:image:type\" content=\"image\/jpeg\" \/>\n<meta name=\"author\" content=\"Haber Merkezi\" \/>\n<meta name=\"twitter:card\" content=\"summary_large_image\" \/>\n<meta name=\"twitter:creator\" content=\"@TheEpochTimesTR\" \/>\n<meta name=\"twitter:site\" content=\"@TheEpochTimesTR\" \/>\n<meta name=\"twitter:label1\" content=\"Yazan:\" \/>\n\t<meta name=\"twitter:data1\" content=\"Haber Merkezi\" \/>\n\t<meta name=\"twitter:label2\" content=\"Tahmini okuma s\u00fcresi\" \/>\n\t<meta name=\"twitter:data2\" content=\"7 dakika\" \/>\n<script type=\"application\/ld+json\" class=\"yoast-schema-graph\">{\"@context\":\"https:\/\/schema.org\",\"@graph\":[{\"@type\":\"Article\",\"@id\":\"https:\/\/epochtimestr.com\/index.php\/gazilerin-haklarini-iceren-kanun-teklifi-kabul-edildi#article\",\"isPartOf\":{\"@id\":\"https:\/\/epochtimestr.com\/index.php\/gazilerin-haklarini-iceren-kanun-teklifi-kabul-edildi\"},\"author\":{\"name\":\"Haber Merkezi\",\"@id\":\"https:\/\/epochtimestr.com\/#\/schema\/person\/3dc5c3adeb9f43923c5aa85889172fdd\"},\"headline\":\"Gazilerin Haklar\u0131n\u0131 \u0130\u00e7eren Kanun Teklifi Kabul Edildi\",\"datePublished\":\"2026-08-10T14:43:21+00:00\",\"dateModified\":\"2026-08-10T14:43:24+00:00\",\"mainEntityOfPage\":{\"@id\":\"https:\/\/epochtimestr.com\/index.php\/gazilerin-haklarini-iceren-kanun-teklifi-kabul-edildi\"},\"wordCount\":1392,\"commentCount\":0,\"publisher\":{\"@id\":\"https:\/\/epochtimestr.com\/#organization\"},\"image\":{\"@id\":\"https:\/\/epochtimestr.com\/index.php\/gazilerin-haklarini-iceren-kanun-teklifi-kabul-edildi#primaryimage\"},\"thumbnailUrl\":\"https:\/\/epochtimestr.com\/wp-content\/uploads\/2011y\/tbmm-17-scaled.jpg\",\"keywords\":[\"D\u00fczenleme\",\"Kanuun Tasar\u0131s\u0131\",\"\u015eehit ve Gazi Yak\u0131nlar\u0131\",\"tbmm\"],\"articleSection\":[\"G\u00dcNDEM\",\"MAN\u015eET\",\"Ya\u015fam\"],\"inLanguage\":\"tr\",\"potentialAction\":[{\"@type\":\"CommentAction\",\"name\":\"Comment\",\"target\":[\"https:\/\/epochtimestr.com\/index.php\/gazilerin-haklarini-iceren-kanun-teklifi-kabul-edildi#respond\"]}]},{\"@type\":\"WebPage\",\"@id\":\"https:\/\/epochtimestr.com\/index.php\/gazilerin-haklarini-iceren-kanun-teklifi-kabul-edildi\",\"url\":\"https:\/\/epochtimestr.com\/index.php\/gazilerin-haklarini-iceren-kanun-teklifi-kabul-edildi\",\"name\":\"Gazilerin Haklar\u0131n\u0131 \u0130\u00e7eren Kanun Teklifi Kabul Edildi - The Epoch Times TR\",\"isPartOf\":{\"@id\":\"https:\/\/epochtimestr.com\/#website\"},\"primaryImageOfPage\":{\"@id\":\"https:\/\/epochtimestr.com\/index.php\/gazilerin-haklarini-iceren-kanun-teklifi-kabul-edildi#primaryimage\"},\"image\":{\"@id\":\"https:\/\/epochtimestr.com\/index.php\/gazilerin-haklarini-iceren-kanun-teklifi-kabul-edildi#primaryimage\"},\"thumbnailUrl\":\"https:\/\/epochtimestr.com\/wp-content\/uploads\/2011y\/tbmm-17-scaled.jpg\",\"datePublished\":\"2026-08-10T14:43:21+00:00\",\"dateModified\":\"2026-08-10T14:43:24+00:00\",\"description\":\"TBMM Genel Kurulu'nda, \u015fehit aileleri ve gazilerin haklar\u0131na y\u00f6nelik d\u00fczenlemeleri i\u00e7eren kanun teklifi kabul edildi.\",\"inLanguage\":\"tr\",\"potentialAction\":[{\"@type\":\"ReadAction\",\"target\":[\"https:\/\/epochtimestr.com\/index.php\/gazilerin-haklarini-iceren-kanun-teklifi-kabul-edildi\"]}]},{\"@type\":\"ImageObject\",\"inLanguage\":\"tr\",\"@id\":\"https:\/\/epochtimestr.com\/index.php\/gazilerin-haklarini-iceren-kanun-teklifi-kabul-edildi#primaryimage\",\"url\":\"https:\/\/epochtimestr.com\/wp-content\/uploads\/2011y\/tbmm-17-scaled.jpg\",\"contentUrl\":\"https:\/\/epochtimestr.com\/wp-content\/uploads\/2011y\/tbmm-17-scaled.jpg\",\"width\":2560,\"height\":1562},{\"@type\":\"WebSite\",\"@id\":\"https:\/\/epochtimestr.com\/#website\",\"url\":\"https:\/\/epochtimestr.com\/\",\"name\":\"The Epoch Times TR\",\"description\":\"De\u011fi\u015fen D\u00fcnyam\u0131za Taze Bir Bak\u0131\u015f\",\"publisher\":{\"@id\":\"https:\/\/epochtimestr.com\/#organization\"},\"potentialAction\":[{\"@type\":\"SearchAction\",\"target\":{\"@type\":\"EntryPoint\",\"urlTemplate\":\"https:\/\/epochtimestr.com\/?s={search_term_string}\"},\"query-input\":\"required name=search_term_string\"}],\"inLanguage\":\"tr\"},{\"@type\":\"Organization\",\"@id\":\"https:\/\/epochtimestr.com\/#organization\",\"name\":\"The EpochTimes T\u00fcrkiye\",\"url\":\"https:\/\/epochtimestr.com\/\",\"logo\":{\"@type\":\"ImageObject\",\"inLanguage\":\"tr\",\"@id\":\"https:\/\/epochtimestr.com\/#\/schema\/logo\/image\/\",\"url\":\"https:\/\/epochtimestr.com\/wp-content\/uploads\/2011y\/ET-Logo-YG.jpg\",\"contentUrl\":\"https:\/\/epochtimestr.com\/wp-content\/uploads\/2011y\/ET-Logo-YG.jpg\",\"width\":346,\"height\":29,\"caption\":\"The EpochTimes T\u00fcrkiye\"},\"image\":{\"@id\":\"https:\/\/epochtimestr.com\/#\/schema\/logo\/image\/\"},\"sameAs\":[\"https:\/\/www.facebook.com\/theepochtimestr\",\"https:\/\/x.com\/TheEpochTimesTR\",\"https:\/\/www.instagram.com\/epochtimestr\"]},{\"@type\":\"Person\",\"@id\":\"https:\/\/epochtimestr.com\/#\/schema\/person\/3dc5c3adeb9f43923c5aa85889172fdd\",\"name\":\"Haber Merkezi\",\"image\":{\"@type\":\"ImageObject\",\"inLanguage\":\"tr\",\"@id\":\"https:\/\/epochtimestr.com\/#\/schema\/person\/image\/\",\"url\":\"https:\/\/secure.gravatar.com\/avatar\/d73f772ba5a74f28601361e17c2f93e6?s=96&d=mm&r=g\",\"contentUrl\":\"https:\/\/secure.gravatar.com\/avatar\/d73f772ba5a74f28601361e17c2f93e6?s=96&d=mm&r=g\",\"caption\":\"Haber Merkezi\"},\"url\":\"https:\/\/epochtimestr.com\/index.php\/author\/sendag\"}]}<\/script>\n<!-- \/ Yoast SEO plugin. -->","yoast_head_json":{"title":"Gazilerin Haklar\u0131n\u0131 \u0130\u00e7eren Kanun Teklifi Kabul Edildi - The Epoch Times TR","description":"TBMM Genel Kurulu'nda, \u015fehit aileleri ve gazilerin haklar\u0131na y\u00f6nelik d\u00fczenlemeleri i\u00e7eren kanun teklifi kabul edildi.","robots":{"index":"index","follow":"follow","max-snippet":"max-snippet:-1","max-image-preview":"max-image-preview:large","max-video-preview":"max-video-preview:-1"},"canonical":"https:\/\/epochtimestr.com\/index.php\/gazilerin-haklarini-iceren-kanun-teklifi-kabul-edildi","og_locale":"tr_TR","og_type":"article","og_title":"Gazilerin Haklar\u0131n\u0131 \u0130\u00e7eren Kanun Teklifi Kabul Edildi - The Epoch Times TR","og_description":"TBMM Genel Kurulu'nda, \u015fehit aileleri ve gazilerin haklar\u0131na y\u00f6nelik d\u00fczenlemeleri i\u00e7eren kanun teklifi kabul edildi.","og_url":"https:\/\/epochtimestr.com\/index.php\/gazilerin-haklarini-iceren-kanun-teklifi-kabul-edildi","og_site_name":"The Epoch Times TR","article_publisher":"https:\/\/www.facebook.com\/theepochtimestr","article_published_time":"2026-08-10T14:43:21+00:00","article_modified_time":"2026-08-10T14:43:24+00:00","og_image":[{"width":2560,"height":1562,"url":"https:\/\/epochtimestr.com\/wp-content\/uploads\/2011y\/tbmm-17-scaled.jpg","type":"image\/jpeg"}],"author":"Haber Merkezi","twitter_card":"summary_large_image","twitter_creator":"@TheEpochTimesTR","twitter_site":"@TheEpochTimesTR","twitter_misc":{"Yazan:":"Haber Merkezi","Tahmini okuma s\u00fcresi":"7 dakika"},"schema":{"@context":"https:\/\/schema.org","@graph":[{"@type":"Article","@id":"https:\/\/epochtimestr.com\/index.php\/gazilerin-haklarini-iceren-kanun-teklifi-kabul-edildi#article","isPartOf":{"@id":"https:\/\/epochtimestr.com\/index.php\/gazilerin-haklarini-iceren-kanun-teklifi-kabul-edildi"},"author":{"name":"Haber Merkezi","@id":"https:\/\/epochtimestr.com\/#\/schema\/person\/3dc5c3adeb9f43923c5aa85889172fdd"},"headline":"Gazilerin Haklar\u0131n\u0131 \u0130\u00e7eren Kanun Teklifi Kabul Edildi","datePublished":"2026-08-10T14:43:21+00:00","dateModified":"2026-08-10T14:43:24+00:00","mainEntityOfPage":{"@id":"https:\/\/epochtimestr.com\/index.php\/gazilerin-haklarini-iceren-kanun-teklifi-kabul-edildi"},"wordCount":1392,"commentCount":0,"publisher":{"@id":"https:\/\/epochtimestr.com\/#organization"},"image":{"@id":"https:\/\/epochtimestr.com\/index.php\/gazilerin-haklarini-iceren-kanun-teklifi-kabul-edildi#primaryimage"},"thumbnailUrl":"https:\/\/epochtimestr.com\/wp-content\/uploads\/2011y\/tbmm-17-scaled.jpg","keywords":["D\u00fczenleme","Kanuun Tasar\u0131s\u0131","\u015eehit ve Gazi Yak\u0131nlar\u0131","tbmm"],"articleSection":["G\u00dcNDEM","MAN\u015eET","Ya\u015fam"],"inLanguage":"tr","potentialAction":[{"@type":"CommentAction","name":"Comment","target":["https:\/\/epochtimestr.com\/index.php\/gazilerin-haklarini-iceren-kanun-teklifi-kabul-edildi#respond"]}]},{"@type":"WebPage","@id":"https:\/\/epochtimestr.com\/index.php\/gazilerin-haklarini-iceren-kanun-teklifi-kabul-edildi","url":"https:\/\/epochtimestr.com\/index.php\/gazilerin-haklarini-iceren-kanun-teklifi-kabul-edildi","name":"Gazilerin Haklar\u0131n\u0131 \u0130\u00e7eren Kanun Teklifi Kabul Edildi - The Epoch Times TR","isPartOf":{"@id":"https:\/\/epochtimestr.com\/#website"},"primaryImageOfPage":{"@id":"https:\/\/epochtimestr.com\/index.php\/gazilerin-haklarini-iceren-kanun-teklifi-kabul-edildi#primaryimage"},"image":{"@id":"https:\/\/epochtimestr.com\/index.php\/gazilerin-haklarini-iceren-kanun-teklifi-kabul-edildi#primaryimage"},"thumbnailUrl":"https:\/\/epochtimestr.com\/wp-content\/uploads\/2011y\/tbmm-17-scaled.jpg","datePublished":"2026-08-10T14:43:21+00:00","dateModified":"2026-08-10T14:43:24+00:00","description":"TBMM Genel Kurulu'nda, \u015fehit aileleri ve gazilerin haklar\u0131na y\u00f6nelik d\u00fczenlemeleri i\u00e7eren kanun teklifi kabul edildi.","inLanguage":"tr","potentialAction":[{"@type":"ReadAction","target":["https:\/\/epochtimestr.com\/index.php\/gazilerin-haklarini-iceren-kanun-teklifi-kabul-edildi"]}]},{"@type":"ImageObject","inLanguage":"tr","@id":"https:\/\/epochtimestr.com\/index.php\/gazilerin-haklarini-iceren-kanun-teklifi-kabul-edildi#primaryimage","url":"https:\/\/epochtimestr.com\/wp-content\/uploads\/2011y\/tbmm-17-scaled.jpg","contentUrl":"https:\/\/epochtimestr.com\/wp-content\/uploads\/2011y\/tbmm-17-scaled.jpg","width":2560,"height":1562},{"@type":"WebSite","@id":"https:\/\/epochtimestr.com\/#website","url":"https:\/\/epochtimestr.com\/","name":"The Epoch Times TR","description":"De\u011fi\u015fen D\u00fcnyam\u0131za Taze Bir Bak\u0131\u015f","publisher":{"@id":"https:\/\/epochtimestr.com\/#organization"},"potentialAction":[{"@type":"SearchAction","target":{"@type":"EntryPoint","urlTemplate":"https:\/\/epochtimestr.com\/?s={search_term_string}"},"query-input":"required name=search_term_string"}],"inLanguage":"tr"},{"@type":"Organization","@id":"https:\/\/epochtimestr.com\/#organization","name":"The EpochTimes T\u00fcrkiye","url":"https:\/\/epochtimestr.com\/","logo":{"@type":"ImageObject","inLanguage":"tr","@id":"https:\/\/epochtimestr.com\/#\/schema\/logo\/image\/","url":"https:\/\/epochtimestr.com\/wp-content\/uploads\/2011y\/ET-Logo-YG.jpg","contentUrl":"https:\/\/epochtimestr.com\/wp-content\/uploads\/2011y\/ET-Logo-YG.jpg","width":346,"height":29,"caption":"The EpochTimes T\u00fcrkiye"},"image":{"@id":"https:\/\/epochtimestr.com\/#\/schema\/logo\/image\/"},"sameAs":["https:\/\/www.facebook.com\/theepochtimestr","https:\/\/x.com\/TheEpochTimesTR","https:\/\/www.instagram.com\/epochtimestr"]},{"@type":"Person","@id":"https:\/\/epochtimestr.com\/#\/schema\/person\/3dc5c3adeb9f43923c5aa85889172fdd","name":"Haber Merkezi","image":{"@type":"ImageObject","inLanguage":"tr","@id":"https:\/\/epochtimestr.com\/#\/schema\/person\/image\/","url":"https:\/\/secure.gravatar.com\/avatar\/d73f772ba5a74f28601361e17c2f93e6?s=96&d=mm&r=g","contentUrl":"https:\/\/secure.gravatar.com\/avatar\/d73f772ba5a74f28601361e17c2f93e6?s=96&d=mm&r=g","caption":"Haber Merkezi"},"url":"https:\/\/epochtimestr.com\/index.php\/author\/sendag"}]}},"_links":{"self":[{"href":"https:\/\/epochtimestr.com\/index.php\/wp-json\/wp\/v2\/posts\/170087"}],"collection":[{"href":"https:\/\/epochtimestr.com\/index.php\/wp-json\/wp\/v2\/posts"}],"about":[{"href":"https:\/\/epochtimestr.com\/index.php\/wp-json\/wp\/v2\/types\/post"}],"author":[{"embeddable":true,"href":"https:\/\/epochtimestr.com\/index.php\/wp-json\/wp\/v2\/users\/12791"}],"replies":[{"embeddable":true,"href":"https:\/\/epochtimestr.com\/index.php\/wp-json\/wp\/v2\/comments?post=170087"}],"version-history":[{"count":2,"href":"https:\/\/epochtimestr.com\/index.php\/wp-json\/wp\/v2\/posts\/170087\/revisions"}],"predecessor-version":[{"id":170124,"href":"https:\/\/epochtimestr.com\/index.php\/wp-json\/wp\/v2\/posts\/170087\/revisions\/170124"}],"wp:featuredmedia":[{"embeddable":true,"href":"https:\/\/epochtimestr.com\/index.php\/wp-json\/wp\/v2\/media\/170091"}],"wp:attachment":[{"href":"https:\/\/epochtimestr.com\/index.php\/wp-json\/wp\/v2\/media?parent=170087"}],"wp:term":[{"taxonomy":"category","embeddable":true,"href":"https:\/\/epochtimestr.com\/index.php\/wp-json\/wp\/v2\/categories?post=170087"},{"taxonomy":"post_tag","embeddable":true,"href":"https:\/\/epochtimestr.com\/index.php\/wp-json\/wp\/v2\/tags?post=170087"}],"curies":[{"name":"wp","href":"https:\/\/api.w.org\/{rel}","templated":true}]}}