{"id":170101,"date":"2026-08-10T17:46:25","date_gmt":"2026-08-10T14:46:25","guid":{"rendered":"https:\/\/epochtimestr.com\/?p=170101"},"modified":"2026-08-10T17:46:27","modified_gmt":"2026-08-10T14:46:27","slug":"enerji-bakanligi-onunde-madencilere-polis-saldirisi","status":"publish","type":"post","link":"https:\/\/epochtimestr.com\/index.php\/enerji-bakanligi-onunde-madencilere-polis-saldirisi","title":{"rendered":"Enerji Bakanl\u0131\u011f\u0131 \u00d6n\u00fcnde Madencilere Polis Sald\u0131r\u0131s\u0131"},"content":{"rendered":"<div class=\"wp-block-image\">\n<figure class=\"aligncenter size-full\"><img loading=\"lazy\" decoding=\"async\" width=\"2000\" height=\"1126\" src=\"https:\/\/epochtimestr.com\/wp-content\/uploads\/2011y\/sendika.org_.jpg\" alt=\"\" class=\"wp-image-170102\" srcset=\"https:\/\/epochtimestr.com\/wp-content\/uploads\/2011y\/sendika.org_.jpg 2000w, https:\/\/epochtimestr.com\/wp-content\/uploads\/2011y\/sendika.org_-300x169.jpg 300w, https:\/\/epochtimestr.com\/wp-content\/uploads\/2011y\/sendika.org_-150x84.jpg 150w, https:\/\/epochtimestr.com\/wp-content\/uploads\/2011y\/sendika.org_-768x432.jpg 768w, https:\/\/epochtimestr.com\/wp-content\/uploads\/2011y\/sendika.org_-1536x865.jpg 1536w\" sizes=\"(max-width: 2000px) 100vw, 2000px\" \/><figcaption class=\"wp-element-caption\">Madencilere Enerji Bakanl\u0131\u011f\u0131 \u00f6n\u00fcnde polis sald\u0131r\u0131s\u0131. (Foto\u011fraf: Sendika.org)<\/figcaption><\/figure><\/div>\n\n\n<h2 class=\"wp-block-heading\">Madencilere Enerji Bakanl\u0131\u011f\u0131 \u00f6n\u00fcnde polis sald\u0131r\u0131s\u0131: 100&#8217;e yak\u0131n madenci ve Ba\u011f\u0131ms\u0131z Maden-\u0130\u015f y\u00f6neticileri g\u00f6zalt\u0131nda.<\/h2>\n\n\n\n<p>Y\u0131ld\u0131zlar SSS Holding&#8217;e ba\u011fl\u0131 iki maden i\u015fletmesinin i\u015f\u00e7ileri bir kez daha Ankara&#8217;da: Doruk Madencilik i\u015f\u00e7ileri ve Elaz\u0131\u011f Maden&#8217;de bulunan Eti G\u00fcm\u00fc\u015f <a href=\"https:\/\/epochtimestr.com\/index.php\/doruk-maden-iscileri-eyleminin-10-gunu\" target=\"_blank\" rel=\"noreferrer noopener\">Maden i\u015f\u00e7ileri<\/a>. Ba\u011f\u0131ms\u0131z Maden-\u0130\u015f \u00f6nc\u00fcl\u00fc\u011f\u00fcndeki madenciler \u00f6denmeyen alacaklar\u0131 i\u00e7in Enerji ve Tabii Kaynaklar Bakanl\u0131\u011f\u0131 \u00f6n\u00fcne gitmek istedi.<\/p>\n\n\n\n<p>Bakanl\u0131\u011f\u0131n kar\u015f\u0131s\u0131nda bulunan Milli K\u00fct\u00fcphane Metro \u0130stasyonu&#8217;ndan \u00e7\u0131kan i\u015f\u00e7iler ve sendika y\u00f6neticileri polis taraf\u0131ndan ablukaya al\u0131nd\u0131. \u0130\u015f\u00e7iler bakanl\u0131\u011fa gitmek isteyince polis sald\u0131rd\u0131. 100&#8217;e yak\u0131n madenci, Ba\u011f\u0131ms\u0131z Maden-\u0130\u015f Genel Ba\u015fkan\u0131 G\u00f6kay \u00c7ak\u0131r ve sendikan\u0131n iki y\u00f6neticisi g\u00f6zalt\u0131na al\u0131nd\u0131.<\/p>\n\n\n\n<p>Eti G\u00fcm\u00fc\u015f Maden i\u015f\u00e7ileri \u00f6denmeyen maa\u015flar\u0131 ve k\u0131dem tazminatlar\u0131n\u0131n bir an \u00f6nce yat\u0131r\u0131lmas\u0131n\u0131 talep ediyor. Elaz\u0131\u011f&#8217;da ba\u015flayan direni\u015f s\u00fcrecinde \u015firketle mutabakat sa\u011flanm\u0131\u015ft\u0131 ancak \u015firket verdi\u011fi s\u00f6z\u00fc tutmayarak maa\u015flar\u0131 yat\u0131rmad\u0131. Doruk Madencilik i\u015f\u00e7ileri ise nisan ay\u0131nda Ankara&#8217;daki direni\u015flerini kazan\u0131mla sonu\u00e7land\u0131rm\u0131\u015ft\u0131. Ancak i\u015f tefti\u015f raporlar\u0131nda i\u015f\u00e7ilerin \u00fccretsiz izin dayatmas\u0131n\u0131n yap\u0131ld\u0131\u011f\u0131 d\u00f6neme dair \u00fccret alacaklar\u0131 ve i\u015ften at\u0131lan i\u015f\u00e7ilere y\u00f6nelik sendikal tazminat ve ihbar tazminatlar\u0131 da \u00e7\u0131kt\u0131. \u0130\u015f\u00e7iler bu alacaklar\u0131n\u0131n da \u00f6denmesini istiyor.<\/p>\n\n\n\n<p><strong>&#8220;Bu i\u015f \u00e7\u00f6z\u00fclmezse Ankara bizim eylem alan\u0131m\u0131z&#8221;<\/strong><\/p>\n\n\n\n<p>Ba\u011f\u0131ms\u0131z Maden \u0130\u015f Sendikas\u0131 avukat\u0131 L\u00fctfi Sabri Bat\u0131, polis sald\u0131r\u0131s\u0131 sonras\u0131nda yapt\u0131\u011f\u0131 a\u00e7\u0131klamada \u015fu ifadelere yer verdi:<\/p>\n\n\n\n<p>&#8220;Enerji ve Tabii Kaynaklar Bakan Yard\u0131mc\u0131s\u0131&#8217;n\u0131n &#8220;Haziran ay\u0131nda i\u015f\u00e7i alaca\u011f\u0131 kal\u0131rsa ben bu holdingin termik santrallerine k\u00f6m\u00fcr te\u015fviki vermeyece\u011fim. Temmuz ay\u0131nda da h\u00e2l\u00e2 bakiye alacak b\u0131rakm\u0131\u015f olurlarsa bu i\u015fe devlet el atar&#8221; s\u00f6z\u00fcn\u00fc tutmalar\u0131n\u0131 istiyoruz. K\u00f6m\u00fcr te\u015fvikini verdiler. Temmuz da ge\u00e7ti, a\u011fustos ay\u0131nday\u0131z. Art\u0131k bu s\u00f6z\u00fc tutmalar\u0131n\u0131 istiyoruz.<\/p>\n\n\n\n<p>Bul holdingi kamula\u015ft\u0131r\u0131yor musunuz, el mi koyuyorsunuz, zorla m\u0131 satt\u0131r\u0131yorsunuz, ne yap\u0131yorsan\u0131z yap\u0131n. \u0130\u015f\u00e7inin paras\u0131n\u0131 devlet \u00f6desin, alacaksa da holdingden als\u0131n.<br \/>Bu i\u015f \u00e7\u00f6z\u00fclmezse Ankara bizim eylem alan\u0131m\u0131z. Ankara&#8217;n\u0131n her yerinde sorumlulu\u011fu bulunan b\u00fct\u00fcn bakanl\u0131klara kar\u015f\u0131 eylemlerimiz s\u00fcrecek.&#8221;<\/p>\n\n\n\n<figure class=\"wp-block-embed is-type-rich is-provider-x wp-block-embed-x\"><div class=\"wp-block-embed__wrapper\">\n<blockquote class=\"twitter-tweet\" data-width=\"550\" data-dnt=\"true\"><p lang=\"tr\" dir=\"ltr\">Y\u0131ld\u0131zlar SSS Holding&#39;in maa\u015flar\u0131na ve tazminatlar\u0131na \u00e7\u00f6kmeye \u00e7al\u0131\u015ft\u0131\u011f\u0131 maden i\u015f\u00e7ileri Ankara&#39;da bakanl\u0131kla g\u00f6r\u00fc\u015fmek istemesi \u00fczerine g\u00f6zalt\u0131na al\u0131nd\u0131.<br><br>Ba\u011f\u0131ms\u0131z Maden \u0130\u015f Avukat\u0131 L\u00fctfi Sabri Bat\u0131\u2019n\u0131n s\u00fcrece dair a\u00e7\u0131klamalar\u0131n\u0131 yineliyoruz.<br><br>Ankara&#39;n\u0131n ola\u011fan i\u015fleyi\u015fi i\u015f\u00e7ilerin\u2026 <a href=\"https:\/\/t.co\/7hXdwyzvg9\">https:\/\/t.co\/7hXdwyzvg9<\/a><\/p>&mdash; DGD-SEN (@DGDSEN) <a href=\"https:\/\/x.com\/DGDSEN\/status\/2086771007809843703?ref_src=twsrc%5Etfw\">August 10, 2026<\/a><\/blockquote><script async src=\"https:\/\/platform.x.com\/widgets.js\" charset=\"utf-8\"><\/script>\n<\/div><\/figure>\n","protected":false},"excerpt":{"rendered":"<p>Madencilere Enerji Bakanl\u0131\u011f\u0131 \u00f6n\u00fcnde polis sald\u0131r\u0131s\u0131: 100&#8217;e yak\u0131n madenci ve Ba\u011f\u0131ms\u0131z Maden-\u0130\u015f y\u00f6neticileri g\u00f6zalt\u0131nda. Y\u0131ld\u0131zlar SSS Holding&#8217;e ba\u011fl\u0131 iki maden i\u015fletmesinin i\u015f\u00e7ileri bir kez daha Ankara&#8217;da: Doruk Madencilik i\u015f\u00e7ileri ve Elaz\u0131\u011f Maden&#8217;de bulunan Eti G\u00fcm\u00fc\u015f Maden i\u015f\u00e7ileri. Ba\u011f\u0131ms\u0131z Maden-\u0130\u015f \u00f6nc\u00fcl\u00fc\u011f\u00fcndeki madenciler \u00f6denmeyen alacaklar\u0131 i\u00e7in Enerji ve Tabii Kaynaklar Bakanl\u0131\u011f\u0131 \u00f6n\u00fcne gitmek istedi. Bakanl\u0131\u011f\u0131n kar\u015f\u0131s\u0131nda bulunan [&hellip;]<\/p>\n","protected":false},"author":12791,"featured_media":170102,"comment_status":"open","ping_status":"open","sticky":false,"template":"","format":"standard","meta":{"_yoast_wpseo_focuskw":"Enerji Bakanl\u0131\u011f\u0131","_yoast_wpseo_title":"","_yoast_wpseo_metadesc":"Madencilere Enerji Bakanl\u0131\u011f\u0131 \u00f6n\u00fcnde polis sald\u0131r\u0131s\u0131: 100'e yak\u0131n madenci ve Ba\u011f\u0131ms\u0131z Maden-\u0130\u015f y\u00f6neticileri g\u00f6zalt\u0131nda.","_bbp_topic_count":0,"_bbp_reply_count":0,"_bbp_total_topic_count":0,"_bbp_total_reply_count":0,"_bbp_voice_count":0,"_bbp_anonymous_reply_count":0,"_bbp_topic_count_hidden":0,"_bbp_reply_count_hidden":0,"_bbp_forum_subforum_count":0,"footnotes":"","_yoast_wpseo_focuskw_text_input":""},"categories":[1,8138,8226],"tags":[12146,12147,12148,1326,11798,12145],"yoast_head":"<!-- This site is optimized with the Yoast SEO plugin v23.0 - https:\/\/yoast.com\/wordpress\/plugins\/seo\/ -->\n<title>Enerji Bakanl\u0131\u011f\u0131 \u00d6n\u00fcnde Madencilere Polis Sald\u0131r\u0131s\u0131 - The Epoch Times TR<\/title>\n<meta name=\"description\" content=\"Madencilere Enerji Bakanl\u0131\u011f\u0131 \u00f6n\u00fcnde polis sald\u0131r\u0131s\u0131: 100&#039;e yak\u0131n madenci ve Ba\u011f\u0131ms\u0131z Maden-\u0130\u015f y\u00f6neticileri g\u00f6zalt\u0131nda.\" \/>\n<meta name=\"robots\" content=\"index, follow, max-snippet:-1, max-image-preview:large, max-video-preview:-1\" \/>\n<link rel=\"canonical\" href=\"https:\/\/epochtimestr.com\/index.php\/enerji-bakanligi-onunde-madencilere-polis-saldirisi\" \/>\n<meta property=\"og:locale\" content=\"tr_TR\" \/>\n<meta property=\"og:type\" content=\"article\" \/>\n<meta property=\"og:title\" content=\"Enerji Bakanl\u0131\u011f\u0131 \u00d6n\u00fcnde Madencilere Polis Sald\u0131r\u0131s\u0131 - The Epoch Times TR\" \/>\n<meta property=\"og:description\" content=\"Madencilere Enerji Bakanl\u0131\u011f\u0131 \u00f6n\u00fcnde polis sald\u0131r\u0131s\u0131: 100&#039;e yak\u0131n madenci ve Ba\u011f\u0131ms\u0131z Maden-\u0130\u015f y\u00f6neticileri g\u00f6zalt\u0131nda.\" \/>\n<meta property=\"og:url\" content=\"https:\/\/epochtimestr.com\/index.php\/enerji-bakanligi-onunde-madencilere-polis-saldirisi\" \/>\n<meta property=\"og:site_name\" content=\"The Epoch Times TR\" \/>\n<meta property=\"article:publisher\" content=\"https:\/\/www.facebook.com\/theepochtimestr\" \/>\n<meta property=\"article:published_time\" content=\"2026-08-10T14:46:25+00:00\" \/>\n<meta property=\"article:modified_time\" content=\"2026-08-10T14:46:27+00:00\" \/>\n<meta property=\"og:image\" content=\"https:\/\/epochtimestr.com\/wp-content\/uploads\/2011y\/sendika.org_.jpg\" \/>\n\t<meta property=\"og:image:width\" content=\"2000\" \/>\n\t<meta property=\"og:image:height\" content=\"1126\" \/>\n\t<meta property=\"og:image:type\" content=\"image\/jpeg\" \/>\n<meta name=\"author\" content=\"Haber Merkezi\" \/>\n<meta name=\"twitter:card\" content=\"summary_large_image\" \/>\n<meta name=\"twitter:creator\" content=\"@TheEpochTimesTR\" \/>\n<meta name=\"twitter:site\" content=\"@TheEpochTimesTR\" \/>\n<meta name=\"twitter:label1\" content=\"Yazan:\" \/>\n\t<meta name=\"twitter:data1\" content=\"Haber Merkezi\" \/>\n\t<meta name=\"twitter:label2\" content=\"Tahmini okuma s\u00fcresi\" \/>\n\t<meta name=\"twitter:data2\" content=\"3 dakika\" \/>\n<script type=\"application\/ld+json\" class=\"yoast-schema-graph\">{\"@context\":\"https:\/\/schema.org\",\"@graph\":[{\"@type\":\"Article\",\"@id\":\"https:\/\/epochtimestr.com\/index.php\/enerji-bakanligi-onunde-madencilere-polis-saldirisi#article\",\"isPartOf\":{\"@id\":\"https:\/\/epochtimestr.com\/index.php\/enerji-bakanligi-onunde-madencilere-polis-saldirisi\"},\"author\":{\"name\":\"Haber Merkezi\",\"@id\":\"https:\/\/epochtimestr.com\/#\/schema\/person\/3dc5c3adeb9f43923c5aa85889172fdd\"},\"headline\":\"Enerji Bakanl\u0131\u011f\u0131 \u00d6n\u00fcnde Madencilere Polis Sald\u0131r\u0131s\u0131\",\"datePublished\":\"2026-08-10T14:46:25+00:00\",\"dateModified\":\"2026-08-10T14:46:27+00:00\",\"mainEntityOfPage\":{\"@id\":\"https:\/\/epochtimestr.com\/index.php\/enerji-bakanligi-onunde-madencilere-polis-saldirisi\"},\"wordCount\":434,\"commentCount\":0,\"publisher\":{\"@id\":\"https:\/\/epochtimestr.com\/#organization\"},\"image\":{\"@id\":\"https:\/\/epochtimestr.com\/index.php\/enerji-bakanligi-onunde-madencilere-polis-saldirisi#primaryimage\"},\"thumbnailUrl\":\"https:\/\/epochtimestr.com\/wp-content\/uploads\/2011y\/sendika.org_.jpg\",\"keywords\":[\"Doruk Madencilik\",\"Enerji ve Tabii Kaynaklar Bakanl\u0131\u011f\u0131\",\"Eti G\u00fcm\u00fc\u015f Maden i\u015f\u00e7ileri\",\"g\u00f6zalt\u0131\",\"Maden i\u015f\u00e7ileri\",\"Y\u0131ld\u0131zlar SSS Holding\"],\"articleSection\":[\"G\u00dcNDEM\",\"MAN\u015eET\",\"Siyaset\"],\"inLanguage\":\"tr\",\"potentialAction\":[{\"@type\":\"CommentAction\",\"name\":\"Comment\",\"target\":[\"https:\/\/epochtimestr.com\/index.php\/enerji-bakanligi-onunde-madencilere-polis-saldirisi#respond\"]}]},{\"@type\":\"WebPage\",\"@id\":\"https:\/\/epochtimestr.com\/index.php\/enerji-bakanligi-onunde-madencilere-polis-saldirisi\",\"url\":\"https:\/\/epochtimestr.com\/index.php\/enerji-bakanligi-onunde-madencilere-polis-saldirisi\",\"name\":\"Enerji Bakanl\u0131\u011f\u0131 \u00d6n\u00fcnde Madencilere Polis Sald\u0131r\u0131s\u0131 - The Epoch Times TR\",\"isPartOf\":{\"@id\":\"https:\/\/epochtimestr.com\/#website\"},\"primaryImageOfPage\":{\"@id\":\"https:\/\/epochtimestr.com\/index.php\/enerji-bakanligi-onunde-madencilere-polis-saldirisi#primaryimage\"},\"image\":{\"@id\":\"https:\/\/epochtimestr.com\/index.php\/enerji-bakanligi-onunde-madencilere-polis-saldirisi#primaryimage\"},\"thumbnailUrl\":\"https:\/\/epochtimestr.com\/wp-content\/uploads\/2011y\/sendika.org_.jpg\",\"datePublished\":\"2026-08-10T14:46:25+00:00\",\"dateModified\":\"2026-08-10T14:46:27+00:00\",\"description\":\"Madencilere Enerji Bakanl\u0131\u011f\u0131 \u00f6n\u00fcnde polis sald\u0131r\u0131s\u0131: 100'e yak\u0131n madenci ve Ba\u011f\u0131ms\u0131z Maden-\u0130\u015f y\u00f6neticileri g\u00f6zalt\u0131nda.\",\"inLanguage\":\"tr\",\"potentialAction\":[{\"@type\":\"ReadAction\",\"target\":[\"https:\/\/epochtimestr.com\/index.php\/enerji-bakanligi-onunde-madencilere-polis-saldirisi\"]}]},{\"@type\":\"ImageObject\",\"inLanguage\":\"tr\",\"@id\":\"https:\/\/epochtimestr.com\/index.php\/enerji-bakanligi-onunde-madencilere-polis-saldirisi#primaryimage\",\"url\":\"https:\/\/epochtimestr.com\/wp-content\/uploads\/2011y\/sendika.org_.jpg\",\"contentUrl\":\"https:\/\/epochtimestr.com\/wp-content\/uploads\/2011y\/sendika.org_.jpg\",\"width\":2000,\"height\":1126},{\"@type\":\"WebSite\",\"@id\":\"https:\/\/epochtimestr.com\/#website\",\"url\":\"https:\/\/epochtimestr.com\/\",\"name\":\"The Epoch Times TR\",\"description\":\"De\u011fi\u015fen D\u00fcnyam\u0131za Taze Bir Bak\u0131\u015f\",\"publisher\":{\"@id\":\"https:\/\/epochtimestr.com\/#organization\"},\"potentialAction\":[{\"@type\":\"SearchAction\",\"target\":{\"@type\":\"EntryPoint\",\"urlTemplate\":\"https:\/\/epochtimestr.com\/?s={search_term_string}\"},\"query-input\":\"required name=search_term_string\"}],\"inLanguage\":\"tr\"},{\"@type\":\"Organization\",\"@id\":\"https:\/\/epochtimestr.com\/#organization\",\"name\":\"The EpochTimes T\u00fcrkiye\",\"url\":\"https:\/\/epochtimestr.com\/\",\"logo\":{\"@type\":\"ImageObject\",\"inLanguage\":\"tr\",\"@id\":\"https:\/\/epochtimestr.com\/#\/schema\/logo\/image\/\",\"url\":\"https:\/\/epochtimestr.com\/wp-content\/uploads\/2011y\/ET-Logo-YG.jpg\",\"contentUrl\":\"https:\/\/epochtimestr.com\/wp-content\/uploads\/2011y\/ET-Logo-YG.jpg\",\"width\":346,\"height\":29,\"caption\":\"The EpochTimes T\u00fcrkiye\"},\"image\":{\"@id\":\"https:\/\/epochtimestr.com\/#\/schema\/logo\/image\/\"},\"sameAs\":[\"https:\/\/www.facebook.com\/theepochtimestr\",\"https:\/\/x.com\/TheEpochTimesTR\",\"https:\/\/www.instagram.com\/epochtimestr\"]},{\"@type\":\"Person\",\"@id\":\"https:\/\/epochtimestr.com\/#\/schema\/person\/3dc5c3adeb9f43923c5aa85889172fdd\",\"name\":\"Haber Merkezi\",\"image\":{\"@type\":\"ImageObject\",\"inLanguage\":\"tr\",\"@id\":\"https:\/\/epochtimestr.com\/#\/schema\/person\/image\/\",\"url\":\"https:\/\/secure.gravatar.com\/avatar\/d73f772ba5a74f28601361e17c2f93e6?s=96&d=mm&r=g\",\"contentUrl\":\"https:\/\/secure.gravatar.com\/avatar\/d73f772ba5a74f28601361e17c2f93e6?s=96&d=mm&r=g\",\"caption\":\"Haber Merkezi\"},\"url\":\"https:\/\/epochtimestr.com\/index.php\/author\/sendag\"}]}<\/script>\n<!-- \/ Yoast SEO plugin. -->","yoast_head_json":{"title":"Enerji Bakanl\u0131\u011f\u0131 \u00d6n\u00fcnde Madencilere Polis Sald\u0131r\u0131s\u0131 - The Epoch Times TR","description":"Madencilere Enerji Bakanl\u0131\u011f\u0131 \u00f6n\u00fcnde polis sald\u0131r\u0131s\u0131: 100'e yak\u0131n madenci ve Ba\u011f\u0131ms\u0131z Maden-\u0130\u015f y\u00f6neticileri g\u00f6zalt\u0131nda.","robots":{"index":"index","follow":"follow","max-snippet":"max-snippet:-1","max-image-preview":"max-image-preview:large","max-video-preview":"max-video-preview:-1"},"canonical":"https:\/\/epochtimestr.com\/index.php\/enerji-bakanligi-onunde-madencilere-polis-saldirisi","og_locale":"tr_TR","og_type":"article","og_title":"Enerji Bakanl\u0131\u011f\u0131 \u00d6n\u00fcnde Madencilere Polis Sald\u0131r\u0131s\u0131 - The Epoch Times TR","og_description":"Madencilere Enerji Bakanl\u0131\u011f\u0131 \u00f6n\u00fcnde polis sald\u0131r\u0131s\u0131: 100'e yak\u0131n madenci ve Ba\u011f\u0131ms\u0131z Maden-\u0130\u015f y\u00f6neticileri g\u00f6zalt\u0131nda.","og_url":"https:\/\/epochtimestr.com\/index.php\/enerji-bakanligi-onunde-madencilere-polis-saldirisi","og_site_name":"The Epoch Times TR","article_publisher":"https:\/\/www.facebook.com\/theepochtimestr","article_published_time":"2026-08-10T14:46:25+00:00","article_modified_time":"2026-08-10T14:46:27+00:00","og_image":[{"width":2000,"height":1126,"url":"https:\/\/epochtimestr.com\/wp-content\/uploads\/2011y\/sendika.org_.jpg","type":"image\/jpeg"}],"author":"Haber Merkezi","twitter_card":"summary_large_image","twitter_creator":"@TheEpochTimesTR","twitter_site":"@TheEpochTimesTR","twitter_misc":{"Yazan:":"Haber Merkezi","Tahmini okuma s\u00fcresi":"3 dakika"},"schema":{"@context":"https:\/\/schema.org","@graph":[{"@type":"Article","@id":"https:\/\/epochtimestr.com\/index.php\/enerji-bakanligi-onunde-madencilere-polis-saldirisi#article","isPartOf":{"@id":"https:\/\/epochtimestr.com\/index.php\/enerji-bakanligi-onunde-madencilere-polis-saldirisi"},"author":{"name":"Haber Merkezi","@id":"https:\/\/epochtimestr.com\/#\/schema\/person\/3dc5c3adeb9f43923c5aa85889172fdd"},"headline":"Enerji Bakanl\u0131\u011f\u0131 \u00d6n\u00fcnde Madencilere Polis Sald\u0131r\u0131s\u0131","datePublished":"2026-08-10T14:46:25+00:00","dateModified":"2026-08-10T14:46:27+00:00","mainEntityOfPage":{"@id":"https:\/\/epochtimestr.com\/index.php\/enerji-bakanligi-onunde-madencilere-polis-saldirisi"},"wordCount":434,"commentCount":0,"publisher":{"@id":"https:\/\/epochtimestr.com\/#organization"},"image":{"@id":"https:\/\/epochtimestr.com\/index.php\/enerji-bakanligi-onunde-madencilere-polis-saldirisi#primaryimage"},"thumbnailUrl":"https:\/\/epochtimestr.com\/wp-content\/uploads\/2011y\/sendika.org_.jpg","keywords":["Doruk Madencilik","Enerji ve Tabii Kaynaklar Bakanl\u0131\u011f\u0131","Eti G\u00fcm\u00fc\u015f Maden i\u015f\u00e7ileri","g\u00f6zalt\u0131","Maden i\u015f\u00e7ileri","Y\u0131ld\u0131zlar SSS Holding"],"articleSection":["G\u00dcNDEM","MAN\u015eET","Siyaset"],"inLanguage":"tr","potentialAction":[{"@type":"CommentAction","name":"Comment","target":["https:\/\/epochtimestr.com\/index.php\/enerji-bakanligi-onunde-madencilere-polis-saldirisi#respond"]}]},{"@type":"WebPage","@id":"https:\/\/epochtimestr.com\/index.php\/enerji-bakanligi-onunde-madencilere-polis-saldirisi","url":"https:\/\/epochtimestr.com\/index.php\/enerji-bakanligi-onunde-madencilere-polis-saldirisi","name":"Enerji Bakanl\u0131\u011f\u0131 \u00d6n\u00fcnde Madencilere Polis Sald\u0131r\u0131s\u0131 - The Epoch Times TR","isPartOf":{"@id":"https:\/\/epochtimestr.com\/#website"},"primaryImageOfPage":{"@id":"https:\/\/epochtimestr.com\/index.php\/enerji-bakanligi-onunde-madencilere-polis-saldirisi#primaryimage"},"image":{"@id":"https:\/\/epochtimestr.com\/index.php\/enerji-bakanligi-onunde-madencilere-polis-saldirisi#primaryimage"},"thumbnailUrl":"https:\/\/epochtimestr.com\/wp-content\/uploads\/2011y\/sendika.org_.jpg","datePublished":"2026-08-10T14:46:25+00:00","dateModified":"2026-08-10T14:46:27+00:00","description":"Madencilere Enerji Bakanl\u0131\u011f\u0131 \u00f6n\u00fcnde polis sald\u0131r\u0131s\u0131: 100'e yak\u0131n madenci ve Ba\u011f\u0131ms\u0131z Maden-\u0130\u015f y\u00f6neticileri g\u00f6zalt\u0131nda.","inLanguage":"tr","potentialAction":[{"@type":"ReadAction","target":["https:\/\/epochtimestr.com\/index.php\/enerji-bakanligi-onunde-madencilere-polis-saldirisi"]}]},{"@type":"ImageObject","inLanguage":"tr","@id":"https:\/\/epochtimestr.com\/index.php\/enerji-bakanligi-onunde-madencilere-polis-saldirisi#primaryimage","url":"https:\/\/epochtimestr.com\/wp-content\/uploads\/2011y\/sendika.org_.jpg","contentUrl":"https:\/\/epochtimestr.com\/wp-content\/uploads\/2011y\/sendika.org_.jpg","width":2000,"height":1126},{"@type":"WebSite","@id":"https:\/\/epochtimestr.com\/#website","url":"https:\/\/epochtimestr.com\/","name":"The Epoch Times TR","description":"De\u011fi\u015fen D\u00fcnyam\u0131za Taze Bir Bak\u0131\u015f","publisher":{"@id":"https:\/\/epochtimestr.com\/#organization"},"potentialAction":[{"@type":"SearchAction","target":{"@type":"EntryPoint","urlTemplate":"https:\/\/epochtimestr.com\/?s={search_term_string}"},"query-input":"required name=search_term_string"}],"inLanguage":"tr"},{"@type":"Organization","@id":"https:\/\/epochtimestr.com\/#organization","name":"The EpochTimes T\u00fcrkiye","url":"https:\/\/epochtimestr.com\/","logo":{"@type":"ImageObject","inLanguage":"tr","@id":"https:\/\/epochtimestr.com\/#\/schema\/logo\/image\/","url":"https:\/\/epochtimestr.com\/wp-content\/uploads\/2011y\/ET-Logo-YG.jpg","contentUrl":"https:\/\/epochtimestr.com\/wp-content\/uploads\/2011y\/ET-Logo-YG.jpg","width":346,"height":29,"caption":"The EpochTimes T\u00fcrkiye"},"image":{"@id":"https:\/\/epochtimestr.com\/#\/schema\/logo\/image\/"},"sameAs":["https:\/\/www.facebook.com\/theepochtimestr","https:\/\/x.com\/TheEpochTimesTR","https:\/\/www.instagram.com\/epochtimestr"]},{"@type":"Person","@id":"https:\/\/epochtimestr.com\/#\/schema\/person\/3dc5c3adeb9f43923c5aa85889172fdd","name":"Haber Merkezi","image":{"@type":"ImageObject","inLanguage":"tr","@id":"https:\/\/epochtimestr.com\/#\/schema\/person\/image\/","url":"https:\/\/secure.gravatar.com\/avatar\/d73f772ba5a74f28601361e17c2f93e6?s=96&d=mm&r=g","contentUrl":"https:\/\/secure.gravatar.com\/avatar\/d73f772ba5a74f28601361e17c2f93e6?s=96&d=mm&r=g","caption":"Haber Merkezi"},"url":"https:\/\/epochtimestr.com\/index.php\/author\/sendag"}]}},"_links":{"self":[{"href":"https:\/\/epochtimestr.com\/index.php\/wp-json\/wp\/v2\/posts\/170101"}],"collection":[{"href":"https:\/\/epochtimestr.com\/index.php\/wp-json\/wp\/v2\/posts"}],"about":[{"href":"https:\/\/epochtimestr.com\/index.php\/wp-json\/wp\/v2\/types\/post"}],"author":[{"embeddable":true,"href":"https:\/\/epochtimestr.com\/index.php\/wp-json\/wp\/v2\/users\/12791"}],"replies":[{"embeddable":true,"href":"https:\/\/epochtimestr.com\/index.php\/wp-json\/wp\/v2\/comments?post=170101"}],"version-history":[{"count":2,"href":"https:\/\/epochtimestr.com\/index.php\/wp-json\/wp\/v2\/posts\/170101\/revisions"}],"predecessor-version":[{"id":170126,"href":"https:\/\/epochtimestr.com\/index.php\/wp-json\/wp\/v2\/posts\/170101\/revisions\/170126"}],"wp:featuredmedia":[{"embeddable":true,"href":"https:\/\/epochtimestr.com\/index.php\/wp-json\/wp\/v2\/media\/170102"}],"wp:attachment":[{"href":"https:\/\/epochtimestr.com\/index.php\/wp-json\/wp\/v2\/media?parent=170101"}],"wp:term":[{"taxonomy":"category","embeddable":true,"href":"https:\/\/epochtimestr.com\/index.php\/wp-json\/wp\/v2\/categories?post=170101"},{"taxonomy":"post_tag","embeddable":true,"href":"https:\/\/epochtimestr.com\/index.php\/wp-json\/wp\/v2\/tags?post=170101"}],"curies":[{"name":"wp","href":"https:\/\/api.w.org\/{rel}","templated":true}]}}