{"id":170105,"date":"2026-08-10T18:12:14","date_gmt":"2026-08-10T15:12:14","guid":{"rendered":"https:\/\/epochtimestr.com\/?p=170105"},"modified":"2026-08-10T18:12:17","modified_gmt":"2026-08-10T15:12:17","slug":"bromo-yanardagi-cevresindeki-yangin-550-hektari-etkiledi","status":"publish","type":"post","link":"https:\/\/epochtimestr.com\/index.php\/bromo-yanardagi-cevresindeki-yangin-550-hektari-etkiledi","title":{"rendered":"Bromo Yanarda\u011f\u0131 \u00c7evresindeki Yang\u0131n 550 Hektar\u0131 Etkiledi"},"content":{"rendered":"<div class=\"wp-block-image\">\n<figure class=\"aligncenter size-full\"><img loading=\"lazy\" decoding=\"async\" width=\"1200\" height=\"800\" src=\"https:\/\/epochtimestr.com\/wp-content\/uploads\/2011y\/1000051120.webp\" alt=\"Endonezya\u2019daki Bromo Yanarda\u011f\u0131 \u00e7evresinde 550 hektarl\u0131k alan yand\u0131. Endonezya\u2019n\u0131n Do\u011fu Cava eyaletindeki Probolinggo\u2019da, Bromo Tengger Semeru Milli Park\u0131\u2019n\u0131n yama\u00e7lar\u0131ndaki yang\u0131n\u0131 izleyen bir ki\u015fi. 9 A\u011fustos 2026. (Foto\u011fraf: Dipta Wahyu, Reuters, The Epoch Times arac\u0131l\u0131\u011f\u0131yla)\" class=\"wp-image-170107\" srcset=\"https:\/\/epochtimestr.com\/wp-content\/uploads\/2011y\/1000051120.webp 1200w, https:\/\/epochtimestr.com\/wp-content\/uploads\/2011y\/1000051120-300x200.webp 300w, https:\/\/epochtimestr.com\/wp-content\/uploads\/2011y\/1000051120-150x100.webp 150w, https:\/\/epochtimestr.com\/wp-content\/uploads\/2011y\/1000051120-768x512.webp 768w\" sizes=\"(max-width: 1200px) 100vw, 1200px\" \/><figcaption class=\"wp-element-caption\">Endonezya\u2019daki Bromo Yanarda\u011f\u0131 \u00e7evresinde \u00e7\u0131kan yang\u0131nda 550 hektarl\u0131k alan yand\u0131. Endonezya\u2019n\u0131n Do\u011fu Cava eyaletindeki Probolinggo\u2019da, Bromo Tengger Semeru Milli Park\u0131\u2019n\u0131n yama\u00e7lar\u0131ndaki yang\u0131n\u0131 izleyen bir ki\u015fi. 9 A\u011fustos 2026. (Foto\u011fraf: Dipta Wahyu, Reuters, The Epoch Times arac\u0131l\u0131\u011f\u0131yla)<\/figcaption><\/figure><\/div>\n\n\n<p>Endonezya\u2019n\u0131n Do\u011fu Cava b\u00f6lgesindeki Bromo Yanarda\u011f\u0131 \u00e7evresinde yang\u0131n \u00e7\u0131kt\u0131. Yang\u0131n, Bromo Tengger Semeru Milli Park\u0131\u2019nda <a href=\"https:\/\/www.theepochtimes.com\/world\/fire-near-indonesias-mount-bromo-extinguished-after-550-hectares-burnt-but-new-hotspots-emerge-6072973\" target=\"_blank\" rel=\"noreferrer noopener\">550 hektar\u0131<\/a> etkiledi. Yetkili Gatot Soebroto, yang\u0131n\u0131n tamamen s\u00f6nd\u00fcr\u00fcld\u00fc\u011f\u00fcn\u00fc, ancak kaldera \u00e7evresinde yeni yang\u0131n noktalar\u0131 tespit edildi\u011fini a\u00e7\u0131klad\u0131. Yetkililer, yeni yang\u0131nlar\u0131n yakla\u015f\u0131k 20 hektarl\u0131k alana yay\u0131ld\u0131\u011f\u0131n\u0131 ancak b\u00f6lgedeki alevlerin daha fazla yay\u0131labilece\u011fi bildirdi.<\/p>\n\n\n\n<p>Yang\u0131n\u0131n s\u00f6nd\u00fcr\u00fclmesi i\u00e7in 120\u2019den fazla personel ve ayr\u0131ca \u00fc\u00e7 yang\u0131n s\u00f6nd\u00fcrme helikopteri g\u00f6rev ald\u0131. 3 A\u011fustos&#8217;ta ba\u015flayan yang\u0131n\u0131 s\u00f6nd\u00fcrme \u00e7al\u0131\u015fmalar\u0131na dronlar ve itfaiye ara\u00e7lar\u0131 da destek verdi. Yetkililer, yang\u0131n\u0131n \u00e7\u0131k\u0131\u015f nedenini halen ara\u015ft\u0131r\u0131yor. Ancak ilk bulgular, insan kaynakl\u0131 bir ihmale i\u015faret ediyor. Gatot Soebroto, ilk alevlerin ziyaret\u00e7ilerin kulland\u0131\u011f\u0131 g\u00fczerg\u00e2hta g\u00f6r\u00fcld\u00fc\u011f\u00fcn\u00fc s\u00f6yledi. Yetkili, bir ki\u015finin ate\u015f yakt\u0131\u011f\u0131n\u0131 ve ard\u0131ndan s\u00f6nd\u00fcrd\u00fc\u011f\u00fcn\u00fc aktard\u0131. Buna kar\u015f\u0131n, ate\u015fin tamamen s\u00f6nd\u00fcr\u00fclmedi\u011fi de\u011ferlendiriliyor.<\/p>\n\n\n\n<p>Endonezya\u2019n\u0131n \u00f6nemli turizm noktalar\u0131 aras\u0131nda yer alan Bromo Yanarda\u011f\u0131 aktif bir volkan olarak biliniyor.  Bromo, \u00f6zellikle kum denizi olarak bilinen kalderas\u0131yla tan\u0131n\u0131yor. Milli park, 50 bin hektardan fazla bir alan\u0131 kaps\u0131yor.<\/p>\n\n\n\n<p>\u00d6te yandan, milli park 8 A\u011fustos Cumartesi ak\u015fam\u0131ndan itibaren ziyarete kapat\u0131ld\u0131. Kapatma karar\u0131, b\u00f6lgede devam eden <a href=\"https:\/\/epochtimestr.com\/index.php\/doganin-sabri-ve-insanin-sinavi-orman-yanginlari\" target=\"_blank\" rel=\"noreferrer noopener\">yang\u0131n riski <\/a>nedeniyle al\u0131nd\u0131. Yetkililer, yang\u0131n nedeniyle herhangi bir can kayb\u0131 bildirmedi. Buna kar\u015f\u0131n kaldera \u00e7evresindeki yeni yang\u0131n noktalar\u0131, ekipleri alarma ge\u00e7irdi. Ekipler, yang\u0131n\u0131n yeniden b\u00fcy\u00fcmesini \u00f6nlemeye \u00e7al\u0131\u015f\u0131rken yetkililer, \u00e7al\u0131\u015fmalar\u0131n kaldera \u00e7evresinde yo\u011funla\u015ft\u0131\u011f\u0131n\u0131 belirtti.<\/p>\n","protected":false},"excerpt":{"rendered":"<p>Endonezya\u2019n\u0131n Do\u011fu Cava b\u00f6lgesindeki Bromo Yanarda\u011f\u0131 \u00e7evresinde yang\u0131n \u00e7\u0131kt\u0131. Yang\u0131n, Bromo Tengger Semeru Milli Park\u0131\u2019nda 550 hektar\u0131 etkiledi. Yetkili Gatot Soebroto, yang\u0131n\u0131n tamamen s\u00f6nd\u00fcr\u00fcld\u00fc\u011f\u00fcn\u00fc, ancak kaldera \u00e7evresinde yeni yang\u0131n noktalar\u0131 tespit edildi\u011fini a\u00e7\u0131klad\u0131. Yetkililer, yeni yang\u0131nlar\u0131n yakla\u015f\u0131k 20 hektarl\u0131k alana yay\u0131ld\u0131\u011f\u0131n\u0131 ancak b\u00f6lgedeki alevlerin daha fazla yay\u0131labilece\u011fi bildirdi. Yang\u0131n\u0131n s\u00f6nd\u00fcr\u00fclmesi i\u00e7in 120\u2019den fazla personel ve [&hellip;]<\/p>\n","protected":false},"author":13996,"featured_media":170107,"comment_status":"open","ping_status":"open","sticky":false,"template":"","format":"standard","meta":{"_yoast_wpseo_focuskw":"Bromo Yanarda\u011f\u0131","_yoast_wpseo_title":"","_yoast_wpseo_metadesc":"Endonezya\u2019daki Bromo Yanarda\u011f\u0131 \u00e7evresindeki yang\u0131nda 550 hektar yand\u0131. S\u00f6nd\u00fcrme sonras\u0131 kaldera \u00e7evresinde yeni s\u0131cak noktalar belirdi.","_bbp_topic_count":0,"_bbp_reply_count":0,"_bbp_total_topic_count":0,"_bbp_total_reply_count":0,"_bbp_voice_count":0,"_bbp_anonymous_reply_count":0,"_bbp_topic_count_hidden":0,"_bbp_reply_count_hidden":0,"_bbp_forum_subforum_count":0,"footnotes":"","_yoast_wpseo_focuskw_text_input":""},"categories":[5,1,8138],"tags":[12153,1332,9196,4969,53],"yoast_head":"<!-- This site is optimized with the Yoast SEO plugin v23.0 - https:\/\/yoast.com\/wordpress\/plugins\/seo\/ -->\n<title>Bromo Yanarda\u011f\u0131 \u00c7evresindeki Yang\u0131n 550 Hektar\u0131 Etkiledi - The Epoch Times TR<\/title>\n<meta name=\"description\" content=\"Endonezya\u2019daki Bromo Yanarda\u011f\u0131 \u00e7evresindeki yang\u0131nda 550 hektar yand\u0131. S\u00f6nd\u00fcrme sonras\u0131 kaldera \u00e7evresinde yeni s\u0131cak noktalar belirdi.\" \/>\n<meta name=\"robots\" content=\"index, follow, max-snippet:-1, max-image-preview:large, max-video-preview:-1\" \/>\n<link rel=\"canonical\" href=\"https:\/\/epochtimestr.com\/index.php\/bromo-yanardagi-cevresindeki-yangin-550-hektari-etkiledi\" \/>\n<meta property=\"og:locale\" content=\"tr_TR\" \/>\n<meta property=\"og:type\" content=\"article\" \/>\n<meta property=\"og:title\" content=\"Bromo Yanarda\u011f\u0131 \u00c7evresindeki Yang\u0131n 550 Hektar\u0131 Etkiledi - The Epoch Times TR\" \/>\n<meta property=\"og:description\" content=\"Endonezya\u2019daki Bromo Yanarda\u011f\u0131 \u00e7evresindeki yang\u0131nda 550 hektar yand\u0131. S\u00f6nd\u00fcrme sonras\u0131 kaldera \u00e7evresinde yeni s\u0131cak noktalar belirdi.\" \/>\n<meta property=\"og:url\" content=\"https:\/\/epochtimestr.com\/index.php\/bromo-yanardagi-cevresindeki-yangin-550-hektari-etkiledi\" \/>\n<meta property=\"og:site_name\" content=\"The Epoch Times TR\" \/>\n<meta property=\"article:publisher\" content=\"https:\/\/www.facebook.com\/theepochtimestr\" \/>\n<meta property=\"article:published_time\" content=\"2026-08-10T15:12:14+00:00\" \/>\n<meta property=\"article:modified_time\" content=\"2026-08-10T15:12:17+00:00\" \/>\n<meta property=\"og:image\" content=\"https:\/\/epochtimestr.com\/wp-content\/uploads\/2011y\/1000051120.webp\" \/>\n\t<meta property=\"og:image:width\" content=\"1200\" \/>\n\t<meta property=\"og:image:height\" content=\"800\" \/>\n\t<meta property=\"og:image:type\" content=\"image\/webp\" \/>\n<meta name=\"author\" content=\"Leo Bajelan\" \/>\n<meta name=\"twitter:card\" content=\"summary_large_image\" \/>\n<meta name=\"twitter:creator\" content=\"@TheEpochTimesTR\" \/>\n<meta name=\"twitter:site\" content=\"@TheEpochTimesTR\" \/>\n<meta name=\"twitter:label1\" content=\"Yazan:\" \/>\n\t<meta name=\"twitter:data1\" content=\"Leo Bajelan\" \/>\n\t<meta name=\"twitter:label2\" content=\"Tahmini okuma s\u00fcresi\" \/>\n\t<meta name=\"twitter:data2\" content=\"2 dakika\" \/>\n<script type=\"application\/ld+json\" class=\"yoast-schema-graph\">{\"@context\":\"https:\/\/schema.org\",\"@graph\":[{\"@type\":\"Article\",\"@id\":\"https:\/\/epochtimestr.com\/index.php\/bromo-yanardagi-cevresindeki-yangin-550-hektari-etkiledi#article\",\"isPartOf\":{\"@id\":\"https:\/\/epochtimestr.com\/index.php\/bromo-yanardagi-cevresindeki-yangin-550-hektari-etkiledi\"},\"author\":{\"name\":\"Leo Bajelan\",\"@id\":\"https:\/\/epochtimestr.com\/#\/schema\/person\/5fef218711d76d8f232b0e1f1d7e4c0d\"},\"headline\":\"Bromo Yanarda\u011f\u0131 \u00c7evresindeki Yang\u0131n 550 Hektar\u0131 Etkiledi\",\"datePublished\":\"2026-08-10T15:12:14+00:00\",\"dateModified\":\"2026-08-10T15:12:17+00:00\",\"mainEntityOfPage\":{\"@id\":\"https:\/\/epochtimestr.com\/index.php\/bromo-yanardagi-cevresindeki-yangin-550-hektari-etkiledi\"},\"wordCount\":344,\"commentCount\":0,\"publisher\":{\"@id\":\"https:\/\/epochtimestr.com\/#organization\"},\"image\":{\"@id\":\"https:\/\/epochtimestr.com\/index.php\/bromo-yanardagi-cevresindeki-yangin-550-hektari-etkiledi#primaryimage\"},\"thumbnailUrl\":\"https:\/\/epochtimestr.com\/wp-content\/uploads\/2011y\/1000051120.webp\",\"keywords\":[\"Bromo Yanarda\u011f\u0131\",\"Endonezya\",\"Felaketler\",\"orman yang\u0131n\u0131\",\"yang\u0131n\"],\"articleSection\":[\"D\u00dcNYA\",\"G\u00dcNDEM\",\"MAN\u015eET\"],\"inLanguage\":\"tr\",\"potentialAction\":[{\"@type\":\"CommentAction\",\"name\":\"Comment\",\"target\":[\"https:\/\/epochtimestr.com\/index.php\/bromo-yanardagi-cevresindeki-yangin-550-hektari-etkiledi#respond\"]}]},{\"@type\":\"WebPage\",\"@id\":\"https:\/\/epochtimestr.com\/index.php\/bromo-yanardagi-cevresindeki-yangin-550-hektari-etkiledi\",\"url\":\"https:\/\/epochtimestr.com\/index.php\/bromo-yanardagi-cevresindeki-yangin-550-hektari-etkiledi\",\"name\":\"Bromo Yanarda\u011f\u0131 \u00c7evresindeki Yang\u0131n 550 Hektar\u0131 Etkiledi - The Epoch Times TR\",\"isPartOf\":{\"@id\":\"https:\/\/epochtimestr.com\/#website\"},\"primaryImageOfPage\":{\"@id\":\"https:\/\/epochtimestr.com\/index.php\/bromo-yanardagi-cevresindeki-yangin-550-hektari-etkiledi#primaryimage\"},\"image\":{\"@id\":\"https:\/\/epochtimestr.com\/index.php\/bromo-yanardagi-cevresindeki-yangin-550-hektari-etkiledi#primaryimage\"},\"thumbnailUrl\":\"https:\/\/epochtimestr.com\/wp-content\/uploads\/2011y\/1000051120.webp\",\"datePublished\":\"2026-08-10T15:12:14+00:00\",\"dateModified\":\"2026-08-10T15:12:17+00:00\",\"description\":\"Endonezya\u2019daki Bromo Yanarda\u011f\u0131 \u00e7evresindeki yang\u0131nda 550 hektar yand\u0131. S\u00f6nd\u00fcrme sonras\u0131 kaldera \u00e7evresinde yeni s\u0131cak noktalar belirdi.\",\"inLanguage\":\"tr\",\"potentialAction\":[{\"@type\":\"ReadAction\",\"target\":[\"https:\/\/epochtimestr.com\/index.php\/bromo-yanardagi-cevresindeki-yangin-550-hektari-etkiledi\"]}]},{\"@type\":\"ImageObject\",\"inLanguage\":\"tr\",\"@id\":\"https:\/\/epochtimestr.com\/index.php\/bromo-yanardagi-cevresindeki-yangin-550-hektari-etkiledi#primaryimage\",\"url\":\"https:\/\/epochtimestr.com\/wp-content\/uploads\/2011y\/1000051120.webp\",\"contentUrl\":\"https:\/\/epochtimestr.com\/wp-content\/uploads\/2011y\/1000051120.webp\",\"width\":1200,\"height\":800},{\"@type\":\"WebSite\",\"@id\":\"https:\/\/epochtimestr.com\/#website\",\"url\":\"https:\/\/epochtimestr.com\/\",\"name\":\"The Epoch Times TR\",\"description\":\"De\u011fi\u015fen D\u00fcnyam\u0131za Taze Bir Bak\u0131\u015f\",\"publisher\":{\"@id\":\"https:\/\/epochtimestr.com\/#organization\"},\"potentialAction\":[{\"@type\":\"SearchAction\",\"target\":{\"@type\":\"EntryPoint\",\"urlTemplate\":\"https:\/\/epochtimestr.com\/?s={search_term_string}\"},\"query-input\":\"required name=search_term_string\"}],\"inLanguage\":\"tr\"},{\"@type\":\"Organization\",\"@id\":\"https:\/\/epochtimestr.com\/#organization\",\"name\":\"The EpochTimes T\u00fcrkiye\",\"url\":\"https:\/\/epochtimestr.com\/\",\"logo\":{\"@type\":\"ImageObject\",\"inLanguage\":\"tr\",\"@id\":\"https:\/\/epochtimestr.com\/#\/schema\/logo\/image\/\",\"url\":\"https:\/\/epochtimestr.com\/wp-content\/uploads\/2011y\/ET-Logo-YG.jpg\",\"contentUrl\":\"https:\/\/epochtimestr.com\/wp-content\/uploads\/2011y\/ET-Logo-YG.jpg\",\"width\":346,\"height\":29,\"caption\":\"The EpochTimes T\u00fcrkiye\"},\"image\":{\"@id\":\"https:\/\/epochtimestr.com\/#\/schema\/logo\/image\/\"},\"sameAs\":[\"https:\/\/www.facebook.com\/theepochtimestr\",\"https:\/\/x.com\/TheEpochTimesTR\",\"https:\/\/www.instagram.com\/epochtimestr\"]},{\"@type\":\"Person\",\"@id\":\"https:\/\/epochtimestr.com\/#\/schema\/person\/5fef218711d76d8f232b0e1f1d7e4c0d\",\"name\":\"Leo Bajelan\",\"image\":{\"@type\":\"ImageObject\",\"inLanguage\":\"tr\",\"@id\":\"https:\/\/epochtimestr.com\/#\/schema\/person\/image\/\",\"url\":\"https:\/\/secure.gravatar.com\/avatar\/917669146f489549e548a2e9af272df5?s=96&d=mm&r=g\",\"contentUrl\":\"https:\/\/secure.gravatar.com\/avatar\/917669146f489549e548a2e9af272df5?s=96&d=mm&r=g\",\"caption\":\"Leo Bajelan\"},\"url\":\"https:\/\/epochtimestr.com\/index.php\/author\/leo\"}]}<\/script>\n<!-- \/ Yoast SEO plugin. -->","yoast_head_json":{"title":"Bromo Yanarda\u011f\u0131 \u00c7evresindeki Yang\u0131n 550 Hektar\u0131 Etkiledi - The Epoch Times TR","description":"Endonezya\u2019daki Bromo Yanarda\u011f\u0131 \u00e7evresindeki yang\u0131nda 550 hektar yand\u0131. S\u00f6nd\u00fcrme sonras\u0131 kaldera \u00e7evresinde yeni s\u0131cak noktalar belirdi.","robots":{"index":"index","follow":"follow","max-snippet":"max-snippet:-1","max-image-preview":"max-image-preview:large","max-video-preview":"max-video-preview:-1"},"canonical":"https:\/\/epochtimestr.com\/index.php\/bromo-yanardagi-cevresindeki-yangin-550-hektari-etkiledi","og_locale":"tr_TR","og_type":"article","og_title":"Bromo Yanarda\u011f\u0131 \u00c7evresindeki Yang\u0131n 550 Hektar\u0131 Etkiledi - The Epoch Times TR","og_description":"Endonezya\u2019daki Bromo Yanarda\u011f\u0131 \u00e7evresindeki yang\u0131nda 550 hektar yand\u0131. S\u00f6nd\u00fcrme sonras\u0131 kaldera \u00e7evresinde yeni s\u0131cak noktalar belirdi.","og_url":"https:\/\/epochtimestr.com\/index.php\/bromo-yanardagi-cevresindeki-yangin-550-hektari-etkiledi","og_site_name":"The Epoch Times TR","article_publisher":"https:\/\/www.facebook.com\/theepochtimestr","article_published_time":"2026-08-10T15:12:14+00:00","article_modified_time":"2026-08-10T15:12:17+00:00","og_image":[{"width":1200,"height":800,"url":"https:\/\/epochtimestr.com\/wp-content\/uploads\/2011y\/1000051120.webp","type":"image\/webp"}],"author":"Leo Bajelan","twitter_card":"summary_large_image","twitter_creator":"@TheEpochTimesTR","twitter_site":"@TheEpochTimesTR","twitter_misc":{"Yazan:":"Leo Bajelan","Tahmini okuma s\u00fcresi":"2 dakika"},"schema":{"@context":"https:\/\/schema.org","@graph":[{"@type":"Article","@id":"https:\/\/epochtimestr.com\/index.php\/bromo-yanardagi-cevresindeki-yangin-550-hektari-etkiledi#article","isPartOf":{"@id":"https:\/\/epochtimestr.com\/index.php\/bromo-yanardagi-cevresindeki-yangin-550-hektari-etkiledi"},"author":{"name":"Leo Bajelan","@id":"https:\/\/epochtimestr.com\/#\/schema\/person\/5fef218711d76d8f232b0e1f1d7e4c0d"},"headline":"Bromo Yanarda\u011f\u0131 \u00c7evresindeki Yang\u0131n 550 Hektar\u0131 Etkiledi","datePublished":"2026-08-10T15:12:14+00:00","dateModified":"2026-08-10T15:12:17+00:00","mainEntityOfPage":{"@id":"https:\/\/epochtimestr.com\/index.php\/bromo-yanardagi-cevresindeki-yangin-550-hektari-etkiledi"},"wordCount":344,"commentCount":0,"publisher":{"@id":"https:\/\/epochtimestr.com\/#organization"},"image":{"@id":"https:\/\/epochtimestr.com\/index.php\/bromo-yanardagi-cevresindeki-yangin-550-hektari-etkiledi#primaryimage"},"thumbnailUrl":"https:\/\/epochtimestr.com\/wp-content\/uploads\/2011y\/1000051120.webp","keywords":["Bromo Yanarda\u011f\u0131","Endonezya","Felaketler","orman yang\u0131n\u0131","yang\u0131n"],"articleSection":["D\u00dcNYA","G\u00dcNDEM","MAN\u015eET"],"inLanguage":"tr","potentialAction":[{"@type":"CommentAction","name":"Comment","target":["https:\/\/epochtimestr.com\/index.php\/bromo-yanardagi-cevresindeki-yangin-550-hektari-etkiledi#respond"]}]},{"@type":"WebPage","@id":"https:\/\/epochtimestr.com\/index.php\/bromo-yanardagi-cevresindeki-yangin-550-hektari-etkiledi","url":"https:\/\/epochtimestr.com\/index.php\/bromo-yanardagi-cevresindeki-yangin-550-hektari-etkiledi","name":"Bromo Yanarda\u011f\u0131 \u00c7evresindeki Yang\u0131n 550 Hektar\u0131 Etkiledi - The Epoch Times TR","isPartOf":{"@id":"https:\/\/epochtimestr.com\/#website"},"primaryImageOfPage":{"@id":"https:\/\/epochtimestr.com\/index.php\/bromo-yanardagi-cevresindeki-yangin-550-hektari-etkiledi#primaryimage"},"image":{"@id":"https:\/\/epochtimestr.com\/index.php\/bromo-yanardagi-cevresindeki-yangin-550-hektari-etkiledi#primaryimage"},"thumbnailUrl":"https:\/\/epochtimestr.com\/wp-content\/uploads\/2011y\/1000051120.webp","datePublished":"2026-08-10T15:12:14+00:00","dateModified":"2026-08-10T15:12:17+00:00","description":"Endonezya\u2019daki Bromo Yanarda\u011f\u0131 \u00e7evresindeki yang\u0131nda 550 hektar yand\u0131. S\u00f6nd\u00fcrme sonras\u0131 kaldera \u00e7evresinde yeni s\u0131cak noktalar belirdi.","inLanguage":"tr","potentialAction":[{"@type":"ReadAction","target":["https:\/\/epochtimestr.com\/index.php\/bromo-yanardagi-cevresindeki-yangin-550-hektari-etkiledi"]}]},{"@type":"ImageObject","inLanguage":"tr","@id":"https:\/\/epochtimestr.com\/index.php\/bromo-yanardagi-cevresindeki-yangin-550-hektari-etkiledi#primaryimage","url":"https:\/\/epochtimestr.com\/wp-content\/uploads\/2011y\/1000051120.webp","contentUrl":"https:\/\/epochtimestr.com\/wp-content\/uploads\/2011y\/1000051120.webp","width":1200,"height":800},{"@type":"WebSite","@id":"https:\/\/epochtimestr.com\/#website","url":"https:\/\/epochtimestr.com\/","name":"The Epoch Times TR","description":"De\u011fi\u015fen D\u00fcnyam\u0131za Taze Bir Bak\u0131\u015f","publisher":{"@id":"https:\/\/epochtimestr.com\/#organization"},"potentialAction":[{"@type":"SearchAction","target":{"@type":"EntryPoint","urlTemplate":"https:\/\/epochtimestr.com\/?s={search_term_string}"},"query-input":"required name=search_term_string"}],"inLanguage":"tr"},{"@type":"Organization","@id":"https:\/\/epochtimestr.com\/#organization","name":"The EpochTimes T\u00fcrkiye","url":"https:\/\/epochtimestr.com\/","logo":{"@type":"ImageObject","inLanguage":"tr","@id":"https:\/\/epochtimestr.com\/#\/schema\/logo\/image\/","url":"https:\/\/epochtimestr.com\/wp-content\/uploads\/2011y\/ET-Logo-YG.jpg","contentUrl":"https:\/\/epochtimestr.com\/wp-content\/uploads\/2011y\/ET-Logo-YG.jpg","width":346,"height":29,"caption":"The EpochTimes T\u00fcrkiye"},"image":{"@id":"https:\/\/epochtimestr.com\/#\/schema\/logo\/image\/"},"sameAs":["https:\/\/www.facebook.com\/theepochtimestr","https:\/\/x.com\/TheEpochTimesTR","https:\/\/www.instagram.com\/epochtimestr"]},{"@type":"Person","@id":"https:\/\/epochtimestr.com\/#\/schema\/person\/5fef218711d76d8f232b0e1f1d7e4c0d","name":"Leo Bajelan","image":{"@type":"ImageObject","inLanguage":"tr","@id":"https:\/\/epochtimestr.com\/#\/schema\/person\/image\/","url":"https:\/\/secure.gravatar.com\/avatar\/917669146f489549e548a2e9af272df5?s=96&d=mm&r=g","contentUrl":"https:\/\/secure.gravatar.com\/avatar\/917669146f489549e548a2e9af272df5?s=96&d=mm&r=g","caption":"Leo Bajelan"},"url":"https:\/\/epochtimestr.com\/index.php\/author\/leo"}]}},"_links":{"self":[{"href":"https:\/\/epochtimestr.com\/index.php\/wp-json\/wp\/v2\/posts\/170105"}],"collection":[{"href":"https:\/\/epochtimestr.com\/index.php\/wp-json\/wp\/v2\/posts"}],"about":[{"href":"https:\/\/epochtimestr.com\/index.php\/wp-json\/wp\/v2\/types\/post"}],"author":[{"embeddable":true,"href":"https:\/\/epochtimestr.com\/index.php\/wp-json\/wp\/v2\/users\/13996"}],"replies":[{"embeddable":true,"href":"https:\/\/epochtimestr.com\/index.php\/wp-json\/wp\/v2\/comments?post=170105"}],"version-history":[{"count":2,"href":"https:\/\/epochtimestr.com\/index.php\/wp-json\/wp\/v2\/posts\/170105\/revisions"}],"predecessor-version":[{"id":170130,"href":"https:\/\/epochtimestr.com\/index.php\/wp-json\/wp\/v2\/posts\/170105\/revisions\/170130"}],"wp:featuredmedia":[{"embeddable":true,"href":"https:\/\/epochtimestr.com\/index.php\/wp-json\/wp\/v2\/media\/170107"}],"wp:attachment":[{"href":"https:\/\/epochtimestr.com\/index.php\/wp-json\/wp\/v2\/media?parent=170105"}],"wp:term":[{"taxonomy":"category","embeddable":true,"href":"https:\/\/epochtimestr.com\/index.php\/wp-json\/wp\/v2\/categories?post=170105"},{"taxonomy":"post_tag","embeddable":true,"href":"https:\/\/epochtimestr.com\/index.php\/wp-json\/wp\/v2\/tags?post=170105"}],"curies":[{"name":"wp","href":"https:\/\/api.w.org\/{rel}","templated":true}]}}