{"id":170106,"date":"2026-08-10T18:17:56","date_gmt":"2026-08-10T15:17:56","guid":{"rendered":"https:\/\/epochtimestr.com\/?p=170106"},"modified":"2026-08-10T18:17:58","modified_gmt":"2026-08-10T15:17:58","slug":"turhan-comez-hakkinda-sorusturma-baslatildi","status":"publish","type":"post","link":"https:\/\/epochtimestr.com\/index.php\/turhan-comez-hakkinda-sorusturma-baslatildi","title":{"rendered":"Turhan \u00c7\u00f6mez Hakk\u0131nda Soru\u015fturma Ba\u015flat\u0131ld\u0131"},"content":{"rendered":"<div class=\"wp-block-image\">\n<figure class=\"aligncenter size-full\"><img loading=\"lazy\" decoding=\"async\" width=\"1487\" height=\"1058\" src=\"https:\/\/epochtimestr.com\/wp-content\/uploads\/2011y\/turhan-comez.png\" alt=\"\u0130Y\u0130 Parti Grup Ba\u015fkanvekili Turhan \u00c7\u00f6mez hakk\u0131nda soru\u015fturma ba\u015flat\u0131ld\u0131. (Foto\u011fraf: \u0130Y\u0130 Parti x hesab\u0131)\" class=\"wp-image-170108\" srcset=\"https:\/\/epochtimestr.com\/wp-content\/uploads\/2011y\/turhan-comez.png 1487w, https:\/\/epochtimestr.com\/wp-content\/uploads\/2011y\/turhan-comez-300x213.png 300w, https:\/\/epochtimestr.com\/wp-content\/uploads\/2011y\/turhan-comez-150x107.png 150w, https:\/\/epochtimestr.com\/wp-content\/uploads\/2011y\/turhan-comez-768x546.png 768w\" sizes=\"(max-width: 1487px) 100vw, 1487px\" \/><figcaption class=\"wp-element-caption\">\u0130Y\u0130 Parti Grup Ba\u015fkanvekili Turhan \u00c7\u00f6mez hakk\u0131nda soru\u015fturma ba\u015flat\u0131ld\u0131. (Foto\u011fraf: \u0130Y\u0130 Parti x hesab\u0131)<\/figcaption><\/figure><\/div>\n\n\n<h2 class=\"wp-block-heading\">\u0130Y\u0130 Parti Grup Ba\u015fkan Vekili Turhan \u00c7\u00f6mez hakk\u0131nda, \u2018Sincan 1 Nolu Cezaevi\u2019nde isyan \u00e7\u0131kt\u0131\u011f\u0131na ili\u015fkin a\u00e7\u0131klamalar\u0131 nedeniyle soru\u015fturma ba\u015flat\u0131ld\u0131.<\/h2>\n\n\n\n<p>\u0130Y\u0130 Parti <a href=\"https:\/\/epochtimestr.com\/index.php\/turhan-comez-ittifak-soylentilerine-iliskin-aciklamalarda-bulundu\" target=\"_blank\" rel=\"noreferrer noopener\">Grup Ba\u015fkan Vekili<\/a> Turhan \u00c7\u00f6mez hakk\u0131nda, \u2018Sincan 1 Nolu Cezaevi\u2019nde isyan \u00e7\u0131kt\u0131\u011f\u0131na ili\u015fkin a\u00e7\u0131klamalar\u0131 nedeniyle soru\u015fturma ba\u015flat\u0131ld\u0131. Ankara Ba\u015fsavc\u0131l\u0131\u011f\u0131 \u00c7\u00f6mez hakk\u0131nda \u2018halk\u0131 yan\u0131lt\u0131c\u0131 bilgiyi alenen yayma\u2019 su\u00e7undan resen soru\u015fturma ba\u015flatt\u0131.<\/p>\n\n\n\n<p>Ankara Cumhuriyet Ba\u015fsavc\u0131l\u0131\u011f\u0131 taraf\u0131ndan yap\u0131lan yaz\u0131l\u0131 a\u00e7\u0131klamada, \u201c28&#8217;inci D\u00f6nem Bal\u0131kesir Milletvekili Turhan \u00c7\u00f6mez taraf\u0131ndan, Sincan 1 Nolu Cezaevi&#8217;nde isyan \u00e7\u0131kt\u0131\u011f\u0131na dair yap\u0131lan a\u00e7\u0131klamalar\u0131 nedeniyle, Cumhuriyet Ba\u015fsavc\u0131l\u0131\u011f\u0131m\u0131zca TCK 217\/A maddesinde d\u00fczenlenen Halk\u0131 Yan\u0131lt\u0131c\u0131 Bilgiyi Alenen Yayma su\u00e7undan re&#8217;sen soru\u015fturma ba\u015flat\u0131lm\u0131\u015ft\u0131r. Kamuoyunun bilgisine sunulur\u201d ifadelerine yer verildi.<\/p>\n\n\n\n<figure class=\"wp-block-embed is-type-rich is-provider-x wp-block-embed-x\"><div class=\"wp-block-embed__wrapper\">\n<blockquote class=\"twitter-tweet\" data-width=\"550\" data-dnt=\"true\"><p lang=\"zxx\" dir=\"ltr\"><a href=\"https:\/\/t.co\/V3D3h8BvrV\">pic.twitter.com\/V3D3h8BvrV<\/a><\/p>&mdash; Ankara Cumhuriyet Ba\u015fsavc\u0131l\u0131\u011f\u0131 (@ankaracbs) <a href=\"https:\/\/x.com\/ankaracbs\/status\/2086191162310681042?ref_src=twsrc%5Etfw\">August 8, 2026<\/a><\/blockquote><script async src=\"https:\/\/platform.x.com\/widgets.js\" charset=\"utf-8\"><\/script>\n<\/div><\/figure>\n\n\n\n<p>Meclis Genel Kurulu&#8217;nda yapt\u0131\u011f\u0131 konu\u015fmas\u0131nda \u00e7er\u00e7eve yasan\u0131n Adalet Komisyonu&#8217;ndan ge\u00e7mesinin ard\u0131ndan Sincan Cezaevi&#8217;nde isyan \u00e7\u0131kt\u0131\u011f\u0131n\u0131 iddia eden \u00c7\u00f6mez, &#8220;Say\u0131n Adalet Bakan\u0131 sizin yasa toplant\u0131n\u0131zdan sonra ak\u015fam Sincan 1 Nolu Cezaevinde isyan \u00e7\u0131km\u0131\u015f. \u015eu an cezaevinin kap\u0131lar\u0131n\u0131 kilitlemi\u015fler. &#8216;Polisimize, askerimize silah do\u011frultanlara af var, bize yok&#8217; diyerek yataklar\u0131 yakm\u0131\u015flar&#8221; iddialar\u0131nda bulunmu\u015ftu.<\/p>\n\n\n\n<figure class=\"wp-block-embed is-type-rich is-provider-x wp-block-embed-x\"><div class=\"wp-block-embed__wrapper\">\n<blockquote class=\"twitter-tweet\" data-width=\"550\" data-dnt=\"true\"><p lang=\"tr\" dir=\"ltr\">\ud83d\udfe2 <a href=\"https:\/\/x.com\/hashtag\/CANLI?src=hash&amp;ref_src=twsrc%5Etfw\">#CANLI<\/a> <br>\ud83c\udf99\ufe0f TBMM GENEL KURUL <a href=\"https:\/\/t.co\/QEplCXvuaz\">https:\/\/t.co\/QEplCXvuaz<\/a><\/p>&mdash; Turhan \u00c7\u00f6mez (@ComezTurhan) <a href=\"https:\/\/x.com\/ComezTurhan\/status\/2086738682724364677?ref_src=twsrc%5Etfw\">August 10, 2026<\/a><\/blockquote><script async src=\"https:\/\/platform.x.com\/widgets.js\" charset=\"utf-8\"><\/script>\n<\/div><\/figure>\n\n\n\n<p>TBMM Ba\u015fkanvekili Pervin Buldan ba\u015fkanl\u0131\u011f\u0131nda toplanan TBMM Genel Kurulu&#8217;nda, konuya ili\u015fkin tepkiler dile getirildi.<\/p>\n\n\n\n<p>TBMM Ba\u015fkanvekili Pervin Buldan, Ankara Cumhuriyet Ba\u015fsavc\u0131l\u0131\u011f\u0131nca \u0130Y\u0130 Parti Grup Ba\u015fkanvekili \u00c7\u00f6mez hakk\u0131nda ba\u015flat\u0131lan soru\u015fturmaya ili\u015fkin, bir milletvekilinin k\u00fcrs\u00fc dokunulmazl\u0131\u011f\u0131 ve ifade \u00f6zg\u00fcrl\u00fc\u011f\u00fc kapsam\u0131nda yapt\u0131\u011f\u0131 konu\u015fma nedeniyle d\u0131\u015far\u0131da soru\u015fturma ba\u015flat\u0131lmas\u0131n\u0131n do\u011fru bulmad\u0131\u011f\u0131n\u0131 belirterek, konuyu Meclis Ba\u015fkan\u0131 ile g\u00f6r\u00fc\u015fece\u011fini s\u00f6yledi.<\/p>\n","protected":false},"excerpt":{"rendered":"<p>\u0130Y\u0130 Parti Grup Ba\u015fkan Vekili Turhan \u00c7\u00f6mez hakk\u0131nda, \u2018Sincan 1 Nolu Cezaevi\u2019nde isyan \u00e7\u0131kt\u0131\u011f\u0131na ili\u015fkin a\u00e7\u0131klamalar\u0131 nedeniyle soru\u015fturma ba\u015flat\u0131ld\u0131. \u0130Y\u0130 Parti Grup Ba\u015fkan Vekili Turhan \u00c7\u00f6mez hakk\u0131nda, \u2018Sincan 1 Nolu Cezaevi\u2019nde isyan \u00e7\u0131kt\u0131\u011f\u0131na ili\u015fkin a\u00e7\u0131klamalar\u0131 nedeniyle soru\u015fturma ba\u015flat\u0131ld\u0131. Ankara Ba\u015fsavc\u0131l\u0131\u011f\u0131 \u00c7\u00f6mez hakk\u0131nda \u2018halk\u0131 yan\u0131lt\u0131c\u0131 bilgiyi alenen yayma\u2019 su\u00e7undan resen soru\u015fturma ba\u015flatt\u0131. Ankara Cumhuriyet Ba\u015fsavc\u0131l\u0131\u011f\u0131 taraf\u0131ndan [&hellip;]<\/p>\n","protected":false},"author":12791,"featured_media":170108,"comment_status":"open","ping_status":"open","sticky":false,"template":"","format":"standard","meta":{"_yoast_wpseo_focuskw":"Turhan \u00c7\u00f6mez","_yoast_wpseo_title":"","_yoast_wpseo_metadesc":"Turhan \u00c7\u00f6mez hakk\u0131nda, \u2018Sincan 1 Nolu Cezaevi\u2019nde isyan \u00e7\u0131kt\u0131\u011f\u0131na ili\u015fkin a\u00e7\u0131klamalar\u0131 nedeniyle soru\u015fturma ba\u015flat\u0131ld\u0131.","_bbp_topic_count":0,"_bbp_reply_count":0,"_bbp_total_topic_count":0,"_bbp_total_reply_count":0,"_bbp_voice_count":0,"_bbp_anonymous_reply_count":0,"_bbp_topic_count_hidden":0,"_bbp_reply_count_hidden":0,"_bbp_forum_subforum_count":0,"footnotes":"","_yoast_wpseo_focuskw_text_input":""},"categories":[1,8138,8226],"tags":[1364,8494,4875,12154],"yoast_head":"<!-- This site is optimized with the Yoast SEO plugin v23.0 - https:\/\/yoast.com\/wordpress\/plugins\/seo\/ -->\n<title>Turhan \u00c7\u00f6mez Hakk\u0131nda Soru\u015fturma Ba\u015flat\u0131ld\u0131 - The Epoch Times TR<\/title>\n<meta name=\"description\" content=\"Turhan \u00c7\u00f6mez hakk\u0131nda, \u2018Sincan 1 Nolu Cezaevi\u2019nde isyan \u00e7\u0131kt\u0131\u011f\u0131na ili\u015fkin a\u00e7\u0131klamalar\u0131 nedeniyle soru\u015fturma ba\u015flat\u0131ld\u0131.\" \/>\n<meta name=\"robots\" content=\"index, follow, max-snippet:-1, max-image-preview:large, max-video-preview:-1\" \/>\n<link rel=\"canonical\" href=\"https:\/\/epochtimestr.com\/index.php\/turhan-comez-hakkinda-sorusturma-baslatildi\" \/>\n<meta property=\"og:locale\" content=\"tr_TR\" \/>\n<meta property=\"og:type\" content=\"article\" \/>\n<meta property=\"og:title\" content=\"Turhan \u00c7\u00f6mez Hakk\u0131nda Soru\u015fturma Ba\u015flat\u0131ld\u0131 - The Epoch Times TR\" \/>\n<meta property=\"og:description\" content=\"Turhan \u00c7\u00f6mez hakk\u0131nda, \u2018Sincan 1 Nolu Cezaevi\u2019nde isyan \u00e7\u0131kt\u0131\u011f\u0131na ili\u015fkin a\u00e7\u0131klamalar\u0131 nedeniyle soru\u015fturma ba\u015flat\u0131ld\u0131.\" \/>\n<meta property=\"og:url\" content=\"https:\/\/epochtimestr.com\/index.php\/turhan-comez-hakkinda-sorusturma-baslatildi\" \/>\n<meta property=\"og:site_name\" content=\"The Epoch Times TR\" \/>\n<meta property=\"article:publisher\" content=\"https:\/\/www.facebook.com\/theepochtimestr\" \/>\n<meta property=\"article:published_time\" content=\"2026-08-10T15:17:56+00:00\" \/>\n<meta property=\"article:modified_time\" content=\"2026-08-10T15:17:58+00:00\" \/>\n<meta property=\"og:image\" content=\"https:\/\/epochtimestr.com\/wp-content\/uploads\/2011y\/turhan-comez.png\" \/>\n\t<meta property=\"og:image:width\" content=\"1487\" \/>\n\t<meta property=\"og:image:height\" content=\"1058\" \/>\n\t<meta property=\"og:image:type\" content=\"image\/png\" \/>\n<meta name=\"author\" content=\"Haber Merkezi\" \/>\n<meta name=\"twitter:card\" content=\"summary_large_image\" \/>\n<meta name=\"twitter:creator\" content=\"@TheEpochTimesTR\" \/>\n<meta name=\"twitter:site\" content=\"@TheEpochTimesTR\" \/>\n<meta name=\"twitter:label1\" content=\"Yazan:\" \/>\n\t<meta name=\"twitter:data1\" content=\"Haber Merkezi\" \/>\n\t<meta name=\"twitter:label2\" content=\"Tahmini okuma s\u00fcresi\" \/>\n\t<meta name=\"twitter:data2\" content=\"2 dakika\" \/>\n<script type=\"application\/ld+json\" class=\"yoast-schema-graph\">{\"@context\":\"https:\/\/schema.org\",\"@graph\":[{\"@type\":\"Article\",\"@id\":\"https:\/\/epochtimestr.com\/index.php\/turhan-comez-hakkinda-sorusturma-baslatildi#article\",\"isPartOf\":{\"@id\":\"https:\/\/epochtimestr.com\/index.php\/turhan-comez-hakkinda-sorusturma-baslatildi\"},\"author\":{\"name\":\"Haber Merkezi\",\"@id\":\"https:\/\/epochtimestr.com\/#\/schema\/person\/3dc5c3adeb9f43923c5aa85889172fdd\"},\"headline\":\"Turhan \u00c7\u00f6mez Hakk\u0131nda Soru\u015fturma Ba\u015flat\u0131ld\u0131\",\"datePublished\":\"2026-08-10T15:17:56+00:00\",\"dateModified\":\"2026-08-10T15:17:58+00:00\",\"mainEntityOfPage\":{\"@id\":\"https:\/\/epochtimestr.com\/index.php\/turhan-comez-hakkinda-sorusturma-baslatildi\"},\"wordCount\":335,\"commentCount\":0,\"publisher\":{\"@id\":\"https:\/\/epochtimestr.com\/#organization\"},\"image\":{\"@id\":\"https:\/\/epochtimestr.com\/index.php\/turhan-comez-hakkinda-sorusturma-baslatildi#primaryimage\"},\"thumbnailUrl\":\"https:\/\/epochtimestr.com\/wp-content\/uploads\/2011y\/turhan-comez.png\",\"keywords\":[\"Ankara Cumhuriyet Ba\u015fsavc\u0131l\u0131\u011f\u0131\",\"\u0130Y\u0130 Parti\",\"soru\u015fturma\",\"Turhan \u00c7\u00f6mez\"],\"articleSection\":[\"G\u00dcNDEM\",\"MAN\u015eET\",\"Siyaset\"],\"inLanguage\":\"tr\",\"potentialAction\":[{\"@type\":\"CommentAction\",\"name\":\"Comment\",\"target\":[\"https:\/\/epochtimestr.com\/index.php\/turhan-comez-hakkinda-sorusturma-baslatildi#respond\"]}]},{\"@type\":\"WebPage\",\"@id\":\"https:\/\/epochtimestr.com\/index.php\/turhan-comez-hakkinda-sorusturma-baslatildi\",\"url\":\"https:\/\/epochtimestr.com\/index.php\/turhan-comez-hakkinda-sorusturma-baslatildi\",\"name\":\"Turhan \u00c7\u00f6mez Hakk\u0131nda Soru\u015fturma Ba\u015flat\u0131ld\u0131 - The Epoch Times TR\",\"isPartOf\":{\"@id\":\"https:\/\/epochtimestr.com\/#website\"},\"primaryImageOfPage\":{\"@id\":\"https:\/\/epochtimestr.com\/index.php\/turhan-comez-hakkinda-sorusturma-baslatildi#primaryimage\"},\"image\":{\"@id\":\"https:\/\/epochtimestr.com\/index.php\/turhan-comez-hakkinda-sorusturma-baslatildi#primaryimage\"},\"thumbnailUrl\":\"https:\/\/epochtimestr.com\/wp-content\/uploads\/2011y\/turhan-comez.png\",\"datePublished\":\"2026-08-10T15:17:56+00:00\",\"dateModified\":\"2026-08-10T15:17:58+00:00\",\"description\":\"Turhan \u00c7\u00f6mez hakk\u0131nda, \u2018Sincan 1 Nolu Cezaevi\u2019nde isyan \u00e7\u0131kt\u0131\u011f\u0131na ili\u015fkin a\u00e7\u0131klamalar\u0131 nedeniyle soru\u015fturma ba\u015flat\u0131ld\u0131.\",\"inLanguage\":\"tr\",\"potentialAction\":[{\"@type\":\"ReadAction\",\"target\":[\"https:\/\/epochtimestr.com\/index.php\/turhan-comez-hakkinda-sorusturma-baslatildi\"]}]},{\"@type\":\"ImageObject\",\"inLanguage\":\"tr\",\"@id\":\"https:\/\/epochtimestr.com\/index.php\/turhan-comez-hakkinda-sorusturma-baslatildi#primaryimage\",\"url\":\"https:\/\/epochtimestr.com\/wp-content\/uploads\/2011y\/turhan-comez.png\",\"contentUrl\":\"https:\/\/epochtimestr.com\/wp-content\/uploads\/2011y\/turhan-comez.png\",\"width\":1487,\"height\":1058},{\"@type\":\"WebSite\",\"@id\":\"https:\/\/epochtimestr.com\/#website\",\"url\":\"https:\/\/epochtimestr.com\/\",\"name\":\"The Epoch Times TR\",\"description\":\"De\u011fi\u015fen D\u00fcnyam\u0131za Taze Bir Bak\u0131\u015f\",\"publisher\":{\"@id\":\"https:\/\/epochtimestr.com\/#organization\"},\"potentialAction\":[{\"@type\":\"SearchAction\",\"target\":{\"@type\":\"EntryPoint\",\"urlTemplate\":\"https:\/\/epochtimestr.com\/?s={search_term_string}\"},\"query-input\":\"required name=search_term_string\"}],\"inLanguage\":\"tr\"},{\"@type\":\"Organization\",\"@id\":\"https:\/\/epochtimestr.com\/#organization\",\"name\":\"The EpochTimes T\u00fcrkiye\",\"url\":\"https:\/\/epochtimestr.com\/\",\"logo\":{\"@type\":\"ImageObject\",\"inLanguage\":\"tr\",\"@id\":\"https:\/\/epochtimestr.com\/#\/schema\/logo\/image\/\",\"url\":\"https:\/\/epochtimestr.com\/wp-content\/uploads\/2011y\/ET-Logo-YG.jpg\",\"contentUrl\":\"https:\/\/epochtimestr.com\/wp-content\/uploads\/2011y\/ET-Logo-YG.jpg\",\"width\":346,\"height\":29,\"caption\":\"The EpochTimes T\u00fcrkiye\"},\"image\":{\"@id\":\"https:\/\/epochtimestr.com\/#\/schema\/logo\/image\/\"},\"sameAs\":[\"https:\/\/www.facebook.com\/theepochtimestr\",\"https:\/\/x.com\/TheEpochTimesTR\",\"https:\/\/www.instagram.com\/epochtimestr\"]},{\"@type\":\"Person\",\"@id\":\"https:\/\/epochtimestr.com\/#\/schema\/person\/3dc5c3adeb9f43923c5aa85889172fdd\",\"name\":\"Haber Merkezi\",\"image\":{\"@type\":\"ImageObject\",\"inLanguage\":\"tr\",\"@id\":\"https:\/\/epochtimestr.com\/#\/schema\/person\/image\/\",\"url\":\"https:\/\/secure.gravatar.com\/avatar\/d73f772ba5a74f28601361e17c2f93e6?s=96&d=mm&r=g\",\"contentUrl\":\"https:\/\/secure.gravatar.com\/avatar\/d73f772ba5a74f28601361e17c2f93e6?s=96&d=mm&r=g\",\"caption\":\"Haber Merkezi\"},\"url\":\"https:\/\/epochtimestr.com\/index.php\/author\/sendag\"}]}<\/script>\n<!-- \/ Yoast SEO plugin. -->","yoast_head_json":{"title":"Turhan \u00c7\u00f6mez Hakk\u0131nda Soru\u015fturma Ba\u015flat\u0131ld\u0131 - The Epoch Times TR","description":"Turhan \u00c7\u00f6mez hakk\u0131nda, \u2018Sincan 1 Nolu Cezaevi\u2019nde isyan \u00e7\u0131kt\u0131\u011f\u0131na ili\u015fkin a\u00e7\u0131klamalar\u0131 nedeniyle soru\u015fturma ba\u015flat\u0131ld\u0131.","robots":{"index":"index","follow":"follow","max-snippet":"max-snippet:-1","max-image-preview":"max-image-preview:large","max-video-preview":"max-video-preview:-1"},"canonical":"https:\/\/epochtimestr.com\/index.php\/turhan-comez-hakkinda-sorusturma-baslatildi","og_locale":"tr_TR","og_type":"article","og_title":"Turhan \u00c7\u00f6mez Hakk\u0131nda Soru\u015fturma Ba\u015flat\u0131ld\u0131 - The Epoch Times TR","og_description":"Turhan \u00c7\u00f6mez hakk\u0131nda, \u2018Sincan 1 Nolu Cezaevi\u2019nde isyan \u00e7\u0131kt\u0131\u011f\u0131na ili\u015fkin a\u00e7\u0131klamalar\u0131 nedeniyle soru\u015fturma ba\u015flat\u0131ld\u0131.","og_url":"https:\/\/epochtimestr.com\/index.php\/turhan-comez-hakkinda-sorusturma-baslatildi","og_site_name":"The Epoch Times TR","article_publisher":"https:\/\/www.facebook.com\/theepochtimestr","article_published_time":"2026-08-10T15:17:56+00:00","article_modified_time":"2026-08-10T15:17:58+00:00","og_image":[{"width":1487,"height":1058,"url":"https:\/\/epochtimestr.com\/wp-content\/uploads\/2011y\/turhan-comez.png","type":"image\/png"}],"author":"Haber Merkezi","twitter_card":"summary_large_image","twitter_creator":"@TheEpochTimesTR","twitter_site":"@TheEpochTimesTR","twitter_misc":{"Yazan:":"Haber Merkezi","Tahmini okuma s\u00fcresi":"2 dakika"},"schema":{"@context":"https:\/\/schema.org","@graph":[{"@type":"Article","@id":"https:\/\/epochtimestr.com\/index.php\/turhan-comez-hakkinda-sorusturma-baslatildi#article","isPartOf":{"@id":"https:\/\/epochtimestr.com\/index.php\/turhan-comez-hakkinda-sorusturma-baslatildi"},"author":{"name":"Haber Merkezi","@id":"https:\/\/epochtimestr.com\/#\/schema\/person\/3dc5c3adeb9f43923c5aa85889172fdd"},"headline":"Turhan \u00c7\u00f6mez Hakk\u0131nda Soru\u015fturma Ba\u015flat\u0131ld\u0131","datePublished":"2026-08-10T15:17:56+00:00","dateModified":"2026-08-10T15:17:58+00:00","mainEntityOfPage":{"@id":"https:\/\/epochtimestr.com\/index.php\/turhan-comez-hakkinda-sorusturma-baslatildi"},"wordCount":335,"commentCount":0,"publisher":{"@id":"https:\/\/epochtimestr.com\/#organization"},"image":{"@id":"https:\/\/epochtimestr.com\/index.php\/turhan-comez-hakkinda-sorusturma-baslatildi#primaryimage"},"thumbnailUrl":"https:\/\/epochtimestr.com\/wp-content\/uploads\/2011y\/turhan-comez.png","keywords":["Ankara Cumhuriyet Ba\u015fsavc\u0131l\u0131\u011f\u0131","\u0130Y\u0130 Parti","soru\u015fturma","Turhan \u00c7\u00f6mez"],"articleSection":["G\u00dcNDEM","MAN\u015eET","Siyaset"],"inLanguage":"tr","potentialAction":[{"@type":"CommentAction","name":"Comment","target":["https:\/\/epochtimestr.com\/index.php\/turhan-comez-hakkinda-sorusturma-baslatildi#respond"]}]},{"@type":"WebPage","@id":"https:\/\/epochtimestr.com\/index.php\/turhan-comez-hakkinda-sorusturma-baslatildi","url":"https:\/\/epochtimestr.com\/index.php\/turhan-comez-hakkinda-sorusturma-baslatildi","name":"Turhan \u00c7\u00f6mez Hakk\u0131nda Soru\u015fturma Ba\u015flat\u0131ld\u0131 - The Epoch Times TR","isPartOf":{"@id":"https:\/\/epochtimestr.com\/#website"},"primaryImageOfPage":{"@id":"https:\/\/epochtimestr.com\/index.php\/turhan-comez-hakkinda-sorusturma-baslatildi#primaryimage"},"image":{"@id":"https:\/\/epochtimestr.com\/index.php\/turhan-comez-hakkinda-sorusturma-baslatildi#primaryimage"},"thumbnailUrl":"https:\/\/epochtimestr.com\/wp-content\/uploads\/2011y\/turhan-comez.png","datePublished":"2026-08-10T15:17:56+00:00","dateModified":"2026-08-10T15:17:58+00:00","description":"Turhan \u00c7\u00f6mez hakk\u0131nda, \u2018Sincan 1 Nolu Cezaevi\u2019nde isyan \u00e7\u0131kt\u0131\u011f\u0131na ili\u015fkin a\u00e7\u0131klamalar\u0131 nedeniyle soru\u015fturma ba\u015flat\u0131ld\u0131.","inLanguage":"tr","potentialAction":[{"@type":"ReadAction","target":["https:\/\/epochtimestr.com\/index.php\/turhan-comez-hakkinda-sorusturma-baslatildi"]}]},{"@type":"ImageObject","inLanguage":"tr","@id":"https:\/\/epochtimestr.com\/index.php\/turhan-comez-hakkinda-sorusturma-baslatildi#primaryimage","url":"https:\/\/epochtimestr.com\/wp-content\/uploads\/2011y\/turhan-comez.png","contentUrl":"https:\/\/epochtimestr.com\/wp-content\/uploads\/2011y\/turhan-comez.png","width":1487,"height":1058},{"@type":"WebSite","@id":"https:\/\/epochtimestr.com\/#website","url":"https:\/\/epochtimestr.com\/","name":"The Epoch Times TR","description":"De\u011fi\u015fen D\u00fcnyam\u0131za Taze Bir Bak\u0131\u015f","publisher":{"@id":"https:\/\/epochtimestr.com\/#organization"},"potentialAction":[{"@type":"SearchAction","target":{"@type":"EntryPoint","urlTemplate":"https:\/\/epochtimestr.com\/?s={search_term_string}"},"query-input":"required name=search_term_string"}],"inLanguage":"tr"},{"@type":"Organization","@id":"https:\/\/epochtimestr.com\/#organization","name":"The EpochTimes T\u00fcrkiye","url":"https:\/\/epochtimestr.com\/","logo":{"@type":"ImageObject","inLanguage":"tr","@id":"https:\/\/epochtimestr.com\/#\/schema\/logo\/image\/","url":"https:\/\/epochtimestr.com\/wp-content\/uploads\/2011y\/ET-Logo-YG.jpg","contentUrl":"https:\/\/epochtimestr.com\/wp-content\/uploads\/2011y\/ET-Logo-YG.jpg","width":346,"height":29,"caption":"The EpochTimes T\u00fcrkiye"},"image":{"@id":"https:\/\/epochtimestr.com\/#\/schema\/logo\/image\/"},"sameAs":["https:\/\/www.facebook.com\/theepochtimestr","https:\/\/x.com\/TheEpochTimesTR","https:\/\/www.instagram.com\/epochtimestr"]},{"@type":"Person","@id":"https:\/\/epochtimestr.com\/#\/schema\/person\/3dc5c3adeb9f43923c5aa85889172fdd","name":"Haber Merkezi","image":{"@type":"ImageObject","inLanguage":"tr","@id":"https:\/\/epochtimestr.com\/#\/schema\/person\/image\/","url":"https:\/\/secure.gravatar.com\/avatar\/d73f772ba5a74f28601361e17c2f93e6?s=96&d=mm&r=g","contentUrl":"https:\/\/secure.gravatar.com\/avatar\/d73f772ba5a74f28601361e17c2f93e6?s=96&d=mm&r=g","caption":"Haber Merkezi"},"url":"https:\/\/epochtimestr.com\/index.php\/author\/sendag"}]}},"_links":{"self":[{"href":"https:\/\/epochtimestr.com\/index.php\/wp-json\/wp\/v2\/posts\/170106"}],"collection":[{"href":"https:\/\/epochtimestr.com\/index.php\/wp-json\/wp\/v2\/posts"}],"about":[{"href":"https:\/\/epochtimestr.com\/index.php\/wp-json\/wp\/v2\/types\/post"}],"author":[{"embeddable":true,"href":"https:\/\/epochtimestr.com\/index.php\/wp-json\/wp\/v2\/users\/12791"}],"replies":[{"embeddable":true,"href":"https:\/\/epochtimestr.com\/index.php\/wp-json\/wp\/v2\/comments?post=170106"}],"version-history":[{"count":2,"href":"https:\/\/epochtimestr.com\/index.php\/wp-json\/wp\/v2\/posts\/170106\/revisions"}],"predecessor-version":[{"id":170132,"href":"https:\/\/epochtimestr.com\/index.php\/wp-json\/wp\/v2\/posts\/170106\/revisions\/170132"}],"wp:featuredmedia":[{"embeddable":true,"href":"https:\/\/epochtimestr.com\/index.php\/wp-json\/wp\/v2\/media\/170108"}],"wp:attachment":[{"href":"https:\/\/epochtimestr.com\/index.php\/wp-json\/wp\/v2\/media?parent=170106"}],"wp:term":[{"taxonomy":"category","embeddable":true,"href":"https:\/\/epochtimestr.com\/index.php\/wp-json\/wp\/v2\/categories?post=170106"},{"taxonomy":"post_tag","embeddable":true,"href":"https:\/\/epochtimestr.com\/index.php\/wp-json\/wp\/v2\/tags?post=170106"}],"curies":[{"name":"wp","href":"https:\/\/api.w.org\/{rel}","templated":true}]}}