{"id":170113,"date":"2026-08-10T18:23:13","date_gmt":"2026-08-10T15:23:13","guid":{"rendered":"https:\/\/epochtimestr.com\/?p=170113"},"modified":"2026-08-10T18:23:15","modified_gmt":"2026-08-10T15:23:15","slug":"tuik-insaat-maliyeti-endeksi-haziranda-yuzde-2866-yukseldi","status":"publish","type":"post","link":"https:\/\/epochtimestr.com\/index.php\/tuik-insaat-maliyeti-endeksi-haziranda-yuzde-2866-yukseldi","title":{"rendered":"T\u00dc\u0130K: \u0130n\u015faat Maliyeti Endeksi Haziranda Y\u00fczde 28,66 Y\u00fckseldi"},"content":{"rendered":"<div class=\"wp-block-image\">\n<figure class=\"aligncenter size-full\"><img loading=\"lazy\" decoding=\"async\" width=\"1280\" height=\"853\" src=\"https:\/\/epochtimestr.com\/wp-content\/uploads\/2011y\/pixabay-peggy.jpg\" alt=\"T\u00dc\u0130K: \u0130n\u015faat maliyeti endeksi haziranda y\u00fczde 28,66 y\u00fckseldi. (Foto\u011fraf: Peggy_Marco, pixabay)\" class=\"wp-image-170114\" srcset=\"https:\/\/epochtimestr.com\/wp-content\/uploads\/2011y\/pixabay-peggy.jpg 1280w, https:\/\/epochtimestr.com\/wp-content\/uploads\/2011y\/pixabay-peggy-300x200.jpg 300w, https:\/\/epochtimestr.com\/wp-content\/uploads\/2011y\/pixabay-peggy-150x100.jpg 150w, https:\/\/epochtimestr.com\/wp-content\/uploads\/2011y\/pixabay-peggy-768x512.jpg 768w\" sizes=\"(max-width: 1280px) 100vw, 1280px\" \/><figcaption class=\"wp-element-caption\">T\u00dc\u0130K: \u0130n\u015faat maliyeti endeksi haziranda y\u00fczde 28,66 y\u00fckseldi. (Foto\u011fraf: Peggy_Marco, pixabay)<\/figcaption><\/figure><\/div>\n\n\n<h2 class=\"wp-block-heading\">T\u00fcrkiye \u0130statistik Kurumu (T\u00dc\u0130K), Haziran 2026&#8217;ya ili\u015fkin in\u015faat maliyet endeksi  verilerini a\u00e7\u0131klad\u0131.<\/h2>\n\n\n\n<p>T\u00fcrkiye \u0130statistik Kurumu (<a href=\"https:\/\/epochtimestr.com\/index.php\/tuik-agustos-ayi-kira-artis-orani-yuzde-3190-olarak-belirlendi\" target=\"_blank\" rel=\"noreferrer noopener\">T\u00dc\u0130K<\/a>), Haziran 2026&#8217;ya ili\u015fkin <a href=\"https:\/\/epochtimestr.com\/index.php\/imamoglu-50-bin-riskli-binanin-insaat-maliyetinin-yuzde-60ini-karsilayacagiz\" target=\"_blank\" rel=\"noreferrer noopener\">in\u015faat<\/a> maliyet endeksi ve sanayi \u00fcretim endeksi verilerini a\u00e7\u0131klad\u0131. Buna g\u00f6re in\u015faat maliyetleri y\u0131ll\u0131k bazda y\u00fczde 28,66 artarken, sanayi \u00fcretimi y\u00fczde 1,4 geriledi. Bu verilere g\u00f6re in\u015faat maliyet endeksi haziranda ayl\u0131k bazda y\u00fczde 0,45, y\u0131ll\u0131k y\u00fczde 28,66 art\u0131\u015f g\u00f6sterdi.<\/p>\n\n\n\n<p><strong>\u0130n\u015faat Maliyet endeksi y\u0131ll\u0131k y\u00fczde 28,66 artt\u0131<\/strong><\/p>\n\n\n\n<p>\u0130n\u015faat maliyet endeksi, Haziran 2026&#8217;da bir \u00f6nceki aya g\u00f6re y\u00fczde 0,45, ge\u00e7en y\u0131l\u0131n ayn\u0131 ay\u0131na g\u00f6re y\u00fczde 28,66 artt\u0131. Ayl\u0131k bazda malzeme endeksi y\u00fczde 1,68 y\u00fckselirken, i\u015f\u00e7ilik endeksi y\u00fczde 1,66 geriledi. Y\u0131ll\u0131k bazda ise malzeme endeksi y\u00fczde 27,78, i\u015f\u00e7ilik endeksi y\u00fczde 30,25 artt\u0131.<\/p>\n\n\n\n<p><strong>Bina \u0130n\u015faat\u0131nda maliyet y\u00fczde 28,54<\/strong><\/p>\n\n\n\n<p>Bina in\u015faat\u0131 maliyet endeksi, Haziran ay\u0131nda bir \u00f6nceki aya g\u00f6re y\u00fczde 0,96, ge\u00e7en y\u0131l\u0131n ayn\u0131 ay\u0131na g\u00f6re y\u00fczde 28,54 y\u00fckseldi. Ayl\u0131k bazda malzeme endeksi y\u00fczde 2,44 artarken, i\u015f\u00e7ilik endeksi y\u00fczde 1,49 azald\u0131. Y\u0131ll\u0131k bazda ise malzeme endeksi y\u00fczde 27,78, i\u015f\u00e7ilik endeksi y\u00fczde 29,87 artt\u0131.<\/p>\n\n\n\n<p><strong>Bina d\u0131\u015f\u0131 yap\u0131larda maliyetler ayl\u0131 bazda geriledi<\/strong><\/p>\n\n\n\n<p>Bina d\u0131\u015f\u0131 yap\u0131lar i\u00e7in in\u015faat maliyet endeksi, Haziran 2026&#8217;da bir \u00f6nceki aya g\u00f6re y\u00fczde 1,15 gerilerken, ge\u00e7en y\u0131l\u0131n ayn\u0131 ay\u0131na g\u00f6re y\u00fczde 29,06 artt\u0131. Ayl\u0131k bazda malzeme endeksi y\u00fczde 0,57, i\u015f\u00e7ilik endeksi y\u00fczde 2,26 azald\u0131. Y\u0131ll\u0131k bazda ise malzeme endeksi y\u00fczde 27,79, i\u015f\u00e7ilik endeksi y\u00fczde 31,61 y\u00fckseldi.<\/p>\n\n\n\n<figure class=\"wp-block-embed is-type-rich is-provider-x wp-block-embed-x\"><div class=\"wp-block-embed__wrapper\">\n<blockquote class=\"twitter-tweet\" data-width=\"550\" data-dnt=\"true\"><p lang=\"tr\" dir=\"ltr\">\u0130n\u015faat Maliyet Endeksi, Haziran 2026<br><br>\u0130n\u015faat maliyet endeksi y\u0131ll\u0131k %28,66 artt\u0131, ayl\u0131k %0,45 artt\u0131<br><br>Detaylar i\u00e7in web sitemizi ziyaret edebilirsiniz. \ud83d\udd0e<br>\u21aa\ufe0f   <a href=\"https:\/\/t.co\/KDKNdeZY9r\">https:\/\/t.co\/KDKNdeZY9r<\/a> <a href=\"https:\/\/t.co\/LuPlgfcSSU\">pic.twitter.com\/LuPlgfcSSU<\/a><\/p>&mdash; tuik.gov.tr (@tuikbilgi) <a href=\"https:\/\/x.com\/tuikbilgi\/status\/2086711744500539802?ref_src=twsrc%5Etfw\">August 10, 2026<\/a><\/blockquote><script async src=\"https:\/\/platform.x.com\/widgets.js\" charset=\"utf-8\"><\/script>\n<\/div><\/figure>\n","protected":false},"excerpt":{"rendered":"<p>T\u00fcrkiye \u0130statistik Kurumu (T\u00dc\u0130K), Haziran 2026&#8217;ya ili\u015fkin in\u015faat maliyet endeksi verilerini a\u00e7\u0131klad\u0131. T\u00fcrkiye \u0130statistik Kurumu (T\u00dc\u0130K), Haziran 2026&#8217;ya ili\u015fkin in\u015faat maliyet endeksi ve sanayi \u00fcretim endeksi verilerini a\u00e7\u0131klad\u0131. Buna g\u00f6re in\u015faat maliyetleri y\u0131ll\u0131k bazda y\u00fczde 28,66 artarken, sanayi \u00fcretimi y\u00fczde 1,4 geriledi. Bu verilere g\u00f6re in\u015faat maliyet endeksi haziranda ayl\u0131k bazda y\u00fczde 0,45, y\u0131ll\u0131k y\u00fczde [&hellip;]<\/p>\n","protected":false},"author":12791,"featured_media":170114,"comment_status":"open","ping_status":"open","sticky":false,"template":"","format":"standard","meta":{"_yoast_wpseo_focuskw":"in\u015faat maliyeti endeksi","_yoast_wpseo_title":"","_yoast_wpseo_metadesc":"T\u00fcrkiye \u0130statistik Kurumu (T\u00dc\u0130K), Haziran 2026'ya ili\u015fkin in\u015faat maliyeti endeksi ve sanayi endeksi verilerini a\u00e7\u0131klad\u0131.","_bbp_topic_count":0,"_bbp_reply_count":0,"_bbp_total_topic_count":0,"_bbp_total_reply_count":0,"_bbp_voice_count":0,"_bbp_anonymous_reply_count":0,"_bbp_topic_count_hidden":0,"_bbp_reply_count_hidden":0,"_bbp_forum_subforum_count":0,"footnotes":"","_yoast_wpseo_focuskw_text_input":""},"categories":[8225,1,8138],"tags":[12158,12156,12157,11598],"yoast_head":"<!-- This site is optimized with the Yoast SEO plugin v23.0 - https:\/\/yoast.com\/wordpress\/plugins\/seo\/ -->\n<title>T\u00dc\u0130K: \u0130n\u015faat Maliyeti Endeksi Haziranda Y\u00fczde 28,66 Y\u00fckseldi - The Epoch Times TR<\/title>\n<meta name=\"description\" content=\"T\u00fcrkiye \u0130statistik Kurumu (T\u00dc\u0130K), Haziran 2026&#039;ya ili\u015fkin in\u015faat maliyeti endeksi ve sanayi endeksi verilerini a\u00e7\u0131klad\u0131.\" \/>\n<meta name=\"robots\" content=\"index, follow, max-snippet:-1, max-image-preview:large, max-video-preview:-1\" \/>\n<link rel=\"canonical\" href=\"https:\/\/epochtimestr.com\/index.php\/tuik-insaat-maliyeti-endeksi-haziranda-yuzde-2866-yukseldi\" \/>\n<meta property=\"og:locale\" content=\"tr_TR\" \/>\n<meta property=\"og:type\" content=\"article\" \/>\n<meta property=\"og:title\" content=\"T\u00dc\u0130K: \u0130n\u015faat Maliyeti Endeksi Haziranda Y\u00fczde 28,66 Y\u00fckseldi - The Epoch Times TR\" \/>\n<meta property=\"og:description\" content=\"T\u00fcrkiye \u0130statistik Kurumu (T\u00dc\u0130K), Haziran 2026&#039;ya ili\u015fkin in\u015faat maliyeti endeksi ve sanayi endeksi verilerini a\u00e7\u0131klad\u0131.\" \/>\n<meta property=\"og:url\" content=\"https:\/\/epochtimestr.com\/index.php\/tuik-insaat-maliyeti-endeksi-haziranda-yuzde-2866-yukseldi\" \/>\n<meta property=\"og:site_name\" content=\"The Epoch Times TR\" \/>\n<meta property=\"article:publisher\" content=\"https:\/\/www.facebook.com\/theepochtimestr\" \/>\n<meta property=\"article:published_time\" content=\"2026-08-10T15:23:13+00:00\" \/>\n<meta property=\"article:modified_time\" content=\"2026-08-10T15:23:15+00:00\" \/>\n<meta property=\"og:image\" content=\"https:\/\/epochtimestr.com\/wp-content\/uploads\/2011y\/pixabay-peggy.jpg\" \/>\n\t<meta property=\"og:image:width\" content=\"1280\" \/>\n\t<meta property=\"og:image:height\" content=\"853\" \/>\n\t<meta property=\"og:image:type\" content=\"image\/jpeg\" \/>\n<meta name=\"author\" content=\"Haber Merkezi\" \/>\n<meta name=\"twitter:card\" content=\"summary_large_image\" \/>\n<meta name=\"twitter:creator\" content=\"@TheEpochTimesTR\" \/>\n<meta name=\"twitter:site\" content=\"@TheEpochTimesTR\" \/>\n<meta name=\"twitter:label1\" content=\"Yazan:\" \/>\n\t<meta name=\"twitter:data1\" content=\"Haber Merkezi\" \/>\n\t<meta name=\"twitter:label2\" content=\"Tahmini okuma s\u00fcresi\" \/>\n\t<meta name=\"twitter:data2\" content=\"2 dakika\" \/>\n<script type=\"application\/ld+json\" class=\"yoast-schema-graph\">{\"@context\":\"https:\/\/schema.org\",\"@graph\":[{\"@type\":\"Article\",\"@id\":\"https:\/\/epochtimestr.com\/index.php\/tuik-insaat-maliyeti-endeksi-haziranda-yuzde-2866-yukseldi#article\",\"isPartOf\":{\"@id\":\"https:\/\/epochtimestr.com\/index.php\/tuik-insaat-maliyeti-endeksi-haziranda-yuzde-2866-yukseldi\"},\"author\":{\"name\":\"Haber Merkezi\",\"@id\":\"https:\/\/epochtimestr.com\/#\/schema\/person\/3dc5c3adeb9f43923c5aa85889172fdd\"},\"headline\":\"T\u00dc\u0130K: \u0130n\u015faat Maliyeti Endeksi Haziranda Y\u00fczde 28,66 Y\u00fckseldi\",\"datePublished\":\"2026-08-10T15:23:13+00:00\",\"dateModified\":\"2026-08-10T15:23:15+00:00\",\"mainEntityOfPage\":{\"@id\":\"https:\/\/epochtimestr.com\/index.php\/tuik-insaat-maliyeti-endeksi-haziranda-yuzde-2866-yukseldi\"},\"wordCount\":311,\"commentCount\":0,\"publisher\":{\"@id\":\"https:\/\/epochtimestr.com\/#organization\"},\"image\":{\"@id\":\"https:\/\/epochtimestr.com\/index.php\/tuik-insaat-maliyeti-endeksi-haziranda-yuzde-2866-yukseldi#primaryimage\"},\"thumbnailUrl\":\"https:\/\/epochtimestr.com\/wp-content\/uploads\/2011y\/pixabay-peggy.jpg\",\"keywords\":[\"Haziran 2026\",\"\u0130n\u015faat maliyet endeksi\",\"sanayi \u00fcretim endeksi\",\"TU\u0130K\"],\"articleSection\":[\"Ekonomi\",\"G\u00dcNDEM\",\"MAN\u015eET\"],\"inLanguage\":\"tr\",\"potentialAction\":[{\"@type\":\"CommentAction\",\"name\":\"Comment\",\"target\":[\"https:\/\/epochtimestr.com\/index.php\/tuik-insaat-maliyeti-endeksi-haziranda-yuzde-2866-yukseldi#respond\"]}]},{\"@type\":\"WebPage\",\"@id\":\"https:\/\/epochtimestr.com\/index.php\/tuik-insaat-maliyeti-endeksi-haziranda-yuzde-2866-yukseldi\",\"url\":\"https:\/\/epochtimestr.com\/index.php\/tuik-insaat-maliyeti-endeksi-haziranda-yuzde-2866-yukseldi\",\"name\":\"T\u00dc\u0130K: \u0130n\u015faat Maliyeti Endeksi Haziranda Y\u00fczde 28,66 Y\u00fckseldi - The Epoch Times TR\",\"isPartOf\":{\"@id\":\"https:\/\/epochtimestr.com\/#website\"},\"primaryImageOfPage\":{\"@id\":\"https:\/\/epochtimestr.com\/index.php\/tuik-insaat-maliyeti-endeksi-haziranda-yuzde-2866-yukseldi#primaryimage\"},\"image\":{\"@id\":\"https:\/\/epochtimestr.com\/index.php\/tuik-insaat-maliyeti-endeksi-haziranda-yuzde-2866-yukseldi#primaryimage\"},\"thumbnailUrl\":\"https:\/\/epochtimestr.com\/wp-content\/uploads\/2011y\/pixabay-peggy.jpg\",\"datePublished\":\"2026-08-10T15:23:13+00:00\",\"dateModified\":\"2026-08-10T15:23:15+00:00\",\"description\":\"T\u00fcrkiye \u0130statistik Kurumu (T\u00dc\u0130K), Haziran 2026'ya ili\u015fkin in\u015faat maliyeti endeksi ve sanayi endeksi verilerini a\u00e7\u0131klad\u0131.\",\"inLanguage\":\"tr\",\"potentialAction\":[{\"@type\":\"ReadAction\",\"target\":[\"https:\/\/epochtimestr.com\/index.php\/tuik-insaat-maliyeti-endeksi-haziranda-yuzde-2866-yukseldi\"]}]},{\"@type\":\"ImageObject\",\"inLanguage\":\"tr\",\"@id\":\"https:\/\/epochtimestr.com\/index.php\/tuik-insaat-maliyeti-endeksi-haziranda-yuzde-2866-yukseldi#primaryimage\",\"url\":\"https:\/\/epochtimestr.com\/wp-content\/uploads\/2011y\/pixabay-peggy.jpg\",\"contentUrl\":\"https:\/\/epochtimestr.com\/wp-content\/uploads\/2011y\/pixabay-peggy.jpg\",\"width\":1280,\"height\":853},{\"@type\":\"WebSite\",\"@id\":\"https:\/\/epochtimestr.com\/#website\",\"url\":\"https:\/\/epochtimestr.com\/\",\"name\":\"The Epoch Times TR\",\"description\":\"De\u011fi\u015fen D\u00fcnyam\u0131za Taze Bir Bak\u0131\u015f\",\"publisher\":{\"@id\":\"https:\/\/epochtimestr.com\/#organization\"},\"potentialAction\":[{\"@type\":\"SearchAction\",\"target\":{\"@type\":\"EntryPoint\",\"urlTemplate\":\"https:\/\/epochtimestr.com\/?s={search_term_string}\"},\"query-input\":\"required name=search_term_string\"}],\"inLanguage\":\"tr\"},{\"@type\":\"Organization\",\"@id\":\"https:\/\/epochtimestr.com\/#organization\",\"name\":\"The EpochTimes T\u00fcrkiye\",\"url\":\"https:\/\/epochtimestr.com\/\",\"logo\":{\"@type\":\"ImageObject\",\"inLanguage\":\"tr\",\"@id\":\"https:\/\/epochtimestr.com\/#\/schema\/logo\/image\/\",\"url\":\"https:\/\/epochtimestr.com\/wp-content\/uploads\/2011y\/ET-Logo-YG.jpg\",\"contentUrl\":\"https:\/\/epochtimestr.com\/wp-content\/uploads\/2011y\/ET-Logo-YG.jpg\",\"width\":346,\"height\":29,\"caption\":\"The EpochTimes T\u00fcrkiye\"},\"image\":{\"@id\":\"https:\/\/epochtimestr.com\/#\/schema\/logo\/image\/\"},\"sameAs\":[\"https:\/\/www.facebook.com\/theepochtimestr\",\"https:\/\/x.com\/TheEpochTimesTR\",\"https:\/\/www.instagram.com\/epochtimestr\"]},{\"@type\":\"Person\",\"@id\":\"https:\/\/epochtimestr.com\/#\/schema\/person\/3dc5c3adeb9f43923c5aa85889172fdd\",\"name\":\"Haber Merkezi\",\"image\":{\"@type\":\"ImageObject\",\"inLanguage\":\"tr\",\"@id\":\"https:\/\/epochtimestr.com\/#\/schema\/person\/image\/\",\"url\":\"https:\/\/secure.gravatar.com\/avatar\/d73f772ba5a74f28601361e17c2f93e6?s=96&d=mm&r=g\",\"contentUrl\":\"https:\/\/secure.gravatar.com\/avatar\/d73f772ba5a74f28601361e17c2f93e6?s=96&d=mm&r=g\",\"caption\":\"Haber Merkezi\"},\"url\":\"https:\/\/epochtimestr.com\/index.php\/author\/sendag\"}]}<\/script>\n<!-- \/ Yoast SEO plugin. -->","yoast_head_json":{"title":"T\u00dc\u0130K: \u0130n\u015faat Maliyeti Endeksi Haziranda Y\u00fczde 28,66 Y\u00fckseldi - The Epoch Times TR","description":"T\u00fcrkiye \u0130statistik Kurumu (T\u00dc\u0130K), Haziran 2026'ya ili\u015fkin in\u015faat maliyeti endeksi ve sanayi endeksi verilerini a\u00e7\u0131klad\u0131.","robots":{"index":"index","follow":"follow","max-snippet":"max-snippet:-1","max-image-preview":"max-image-preview:large","max-video-preview":"max-video-preview:-1"},"canonical":"https:\/\/epochtimestr.com\/index.php\/tuik-insaat-maliyeti-endeksi-haziranda-yuzde-2866-yukseldi","og_locale":"tr_TR","og_type":"article","og_title":"T\u00dc\u0130K: \u0130n\u015faat Maliyeti Endeksi Haziranda Y\u00fczde 28,66 Y\u00fckseldi - The Epoch Times TR","og_description":"T\u00fcrkiye \u0130statistik Kurumu (T\u00dc\u0130K), Haziran 2026'ya ili\u015fkin in\u015faat maliyeti endeksi ve sanayi endeksi verilerini a\u00e7\u0131klad\u0131.","og_url":"https:\/\/epochtimestr.com\/index.php\/tuik-insaat-maliyeti-endeksi-haziranda-yuzde-2866-yukseldi","og_site_name":"The Epoch Times TR","article_publisher":"https:\/\/www.facebook.com\/theepochtimestr","article_published_time":"2026-08-10T15:23:13+00:00","article_modified_time":"2026-08-10T15:23:15+00:00","og_image":[{"width":1280,"height":853,"url":"https:\/\/epochtimestr.com\/wp-content\/uploads\/2011y\/pixabay-peggy.jpg","type":"image\/jpeg"}],"author":"Haber Merkezi","twitter_card":"summary_large_image","twitter_creator":"@TheEpochTimesTR","twitter_site":"@TheEpochTimesTR","twitter_misc":{"Yazan:":"Haber Merkezi","Tahmini okuma s\u00fcresi":"2 dakika"},"schema":{"@context":"https:\/\/schema.org","@graph":[{"@type":"Article","@id":"https:\/\/epochtimestr.com\/index.php\/tuik-insaat-maliyeti-endeksi-haziranda-yuzde-2866-yukseldi#article","isPartOf":{"@id":"https:\/\/epochtimestr.com\/index.php\/tuik-insaat-maliyeti-endeksi-haziranda-yuzde-2866-yukseldi"},"author":{"name":"Haber Merkezi","@id":"https:\/\/epochtimestr.com\/#\/schema\/person\/3dc5c3adeb9f43923c5aa85889172fdd"},"headline":"T\u00dc\u0130K: \u0130n\u015faat Maliyeti Endeksi Haziranda Y\u00fczde 28,66 Y\u00fckseldi","datePublished":"2026-08-10T15:23:13+00:00","dateModified":"2026-08-10T15:23:15+00:00","mainEntityOfPage":{"@id":"https:\/\/epochtimestr.com\/index.php\/tuik-insaat-maliyeti-endeksi-haziranda-yuzde-2866-yukseldi"},"wordCount":311,"commentCount":0,"publisher":{"@id":"https:\/\/epochtimestr.com\/#organization"},"image":{"@id":"https:\/\/epochtimestr.com\/index.php\/tuik-insaat-maliyeti-endeksi-haziranda-yuzde-2866-yukseldi#primaryimage"},"thumbnailUrl":"https:\/\/epochtimestr.com\/wp-content\/uploads\/2011y\/pixabay-peggy.jpg","keywords":["Haziran 2026","\u0130n\u015faat maliyet endeksi","sanayi \u00fcretim endeksi","TU\u0130K"],"articleSection":["Ekonomi","G\u00dcNDEM","MAN\u015eET"],"inLanguage":"tr","potentialAction":[{"@type":"CommentAction","name":"Comment","target":["https:\/\/epochtimestr.com\/index.php\/tuik-insaat-maliyeti-endeksi-haziranda-yuzde-2866-yukseldi#respond"]}]},{"@type":"WebPage","@id":"https:\/\/epochtimestr.com\/index.php\/tuik-insaat-maliyeti-endeksi-haziranda-yuzde-2866-yukseldi","url":"https:\/\/epochtimestr.com\/index.php\/tuik-insaat-maliyeti-endeksi-haziranda-yuzde-2866-yukseldi","name":"T\u00dc\u0130K: \u0130n\u015faat Maliyeti Endeksi Haziranda Y\u00fczde 28,66 Y\u00fckseldi - The Epoch Times TR","isPartOf":{"@id":"https:\/\/epochtimestr.com\/#website"},"primaryImageOfPage":{"@id":"https:\/\/epochtimestr.com\/index.php\/tuik-insaat-maliyeti-endeksi-haziranda-yuzde-2866-yukseldi#primaryimage"},"image":{"@id":"https:\/\/epochtimestr.com\/index.php\/tuik-insaat-maliyeti-endeksi-haziranda-yuzde-2866-yukseldi#primaryimage"},"thumbnailUrl":"https:\/\/epochtimestr.com\/wp-content\/uploads\/2011y\/pixabay-peggy.jpg","datePublished":"2026-08-10T15:23:13+00:00","dateModified":"2026-08-10T15:23:15+00:00","description":"T\u00fcrkiye \u0130statistik Kurumu (T\u00dc\u0130K), Haziran 2026'ya ili\u015fkin in\u015faat maliyeti endeksi ve sanayi endeksi verilerini a\u00e7\u0131klad\u0131.","inLanguage":"tr","potentialAction":[{"@type":"ReadAction","target":["https:\/\/epochtimestr.com\/index.php\/tuik-insaat-maliyeti-endeksi-haziranda-yuzde-2866-yukseldi"]}]},{"@type":"ImageObject","inLanguage":"tr","@id":"https:\/\/epochtimestr.com\/index.php\/tuik-insaat-maliyeti-endeksi-haziranda-yuzde-2866-yukseldi#primaryimage","url":"https:\/\/epochtimestr.com\/wp-content\/uploads\/2011y\/pixabay-peggy.jpg","contentUrl":"https:\/\/epochtimestr.com\/wp-content\/uploads\/2011y\/pixabay-peggy.jpg","width":1280,"height":853},{"@type":"WebSite","@id":"https:\/\/epochtimestr.com\/#website","url":"https:\/\/epochtimestr.com\/","name":"The Epoch Times TR","description":"De\u011fi\u015fen D\u00fcnyam\u0131za Taze Bir Bak\u0131\u015f","publisher":{"@id":"https:\/\/epochtimestr.com\/#organization"},"potentialAction":[{"@type":"SearchAction","target":{"@type":"EntryPoint","urlTemplate":"https:\/\/epochtimestr.com\/?s={search_term_string}"},"query-input":"required name=search_term_string"}],"inLanguage":"tr"},{"@type":"Organization","@id":"https:\/\/epochtimestr.com\/#organization","name":"The EpochTimes T\u00fcrkiye","url":"https:\/\/epochtimestr.com\/","logo":{"@type":"ImageObject","inLanguage":"tr","@id":"https:\/\/epochtimestr.com\/#\/schema\/logo\/image\/","url":"https:\/\/epochtimestr.com\/wp-content\/uploads\/2011y\/ET-Logo-YG.jpg","contentUrl":"https:\/\/epochtimestr.com\/wp-content\/uploads\/2011y\/ET-Logo-YG.jpg","width":346,"height":29,"caption":"The EpochTimes T\u00fcrkiye"},"image":{"@id":"https:\/\/epochtimestr.com\/#\/schema\/logo\/image\/"},"sameAs":["https:\/\/www.facebook.com\/theepochtimestr","https:\/\/x.com\/TheEpochTimesTR","https:\/\/www.instagram.com\/epochtimestr"]},{"@type":"Person","@id":"https:\/\/epochtimestr.com\/#\/schema\/person\/3dc5c3adeb9f43923c5aa85889172fdd","name":"Haber Merkezi","image":{"@type":"ImageObject","inLanguage":"tr","@id":"https:\/\/epochtimestr.com\/#\/schema\/person\/image\/","url":"https:\/\/secure.gravatar.com\/avatar\/d73f772ba5a74f28601361e17c2f93e6?s=96&d=mm&r=g","contentUrl":"https:\/\/secure.gravatar.com\/avatar\/d73f772ba5a74f28601361e17c2f93e6?s=96&d=mm&r=g","caption":"Haber Merkezi"},"url":"https:\/\/epochtimestr.com\/index.php\/author\/sendag"}]}},"_links":{"self":[{"href":"https:\/\/epochtimestr.com\/index.php\/wp-json\/wp\/v2\/posts\/170113"}],"collection":[{"href":"https:\/\/epochtimestr.com\/index.php\/wp-json\/wp\/v2\/posts"}],"about":[{"href":"https:\/\/epochtimestr.com\/index.php\/wp-json\/wp\/v2\/types\/post"}],"author":[{"embeddable":true,"href":"https:\/\/epochtimestr.com\/index.php\/wp-json\/wp\/v2\/users\/12791"}],"replies":[{"embeddable":true,"href":"https:\/\/epochtimestr.com\/index.php\/wp-json\/wp\/v2\/comments?post=170113"}],"version-history":[{"count":2,"href":"https:\/\/epochtimestr.com\/index.php\/wp-json\/wp\/v2\/posts\/170113\/revisions"}],"predecessor-version":[{"id":170134,"href":"https:\/\/epochtimestr.com\/index.php\/wp-json\/wp\/v2\/posts\/170113\/revisions\/170134"}],"wp:featuredmedia":[{"embeddable":true,"href":"https:\/\/epochtimestr.com\/index.php\/wp-json\/wp\/v2\/media\/170114"}],"wp:attachment":[{"href":"https:\/\/epochtimestr.com\/index.php\/wp-json\/wp\/v2\/media?parent=170113"}],"wp:term":[{"taxonomy":"category","embeddable":true,"href":"https:\/\/epochtimestr.com\/index.php\/wp-json\/wp\/v2\/categories?post=170113"},{"taxonomy":"post_tag","embeddable":true,"href":"https:\/\/epochtimestr.com\/index.php\/wp-json\/wp\/v2\/tags?post=170113"}],"curies":[{"name":"wp","href":"https:\/\/api.w.org\/{rel}","templated":true}]}}