{"id":170116,"date":"2026-08-10T18:28:50","date_gmt":"2026-08-10T15:28:50","guid":{"rendered":"https:\/\/epochtimestr.com\/?p=170116"},"modified":"2026-08-10T18:28:52","modified_gmt":"2026-08-10T15:28:52","slug":"tuik-sanayi-uretim-endeksi-yillik-bazda-yuzde-14-azaldi","status":"publish","type":"post","link":"https:\/\/epochtimestr.com\/index.php\/tuik-sanayi-uretim-endeksi-yillik-bazda-yuzde-14-azaldi","title":{"rendered":"T\u00dc\u0130K: Sanayi \u00dcretim Endeksi Y\u0131ll\u0131k Bazda Y\u00fczde 1,4 Azald\u0131"},"content":{"rendered":"<div class=\"wp-block-image\">\n<figure class=\"aligncenter size-full is-resized\"><img loading=\"lazy\" decoding=\"async\" width=\"1280\" height=\"723\" src=\"https:\/\/epochtimestr.com\/wp-content\/uploads\/2011y\/pixabay-sanayi.jpg\" alt=\"\" class=\"wp-image-170117\" style=\"width:840px;height:auto\" srcset=\"https:\/\/epochtimestr.com\/wp-content\/uploads\/2011y\/pixabay-sanayi.jpg 1280w, https:\/\/epochtimestr.com\/wp-content\/uploads\/2011y\/pixabay-sanayi-300x169.jpg 300w, https:\/\/epochtimestr.com\/wp-content\/uploads\/2011y\/pixabay-sanayi-150x85.jpg 150w, https:\/\/epochtimestr.com\/wp-content\/uploads\/2011y\/pixabay-sanayi-768x434.jpg 768w\" sizes=\"(max-width: 1280px) 100vw, 1280px\" \/><figcaption class=\"wp-element-caption\">T\u00dc\u0130K: Sanayi \u00fcretim endeksi y\u0131ll\u0131k bazda y\u00fczde 1,4 azald\u0131. (Foto\u011fraf: victorsteep, pixabay)<\/figcaption><\/figure><\/div>\n\n\n<h2 class=\"wp-block-heading\">T\u00fcrkiye \u0130statistik Kurumu (T\u00dc\u0130K) raporuna g\u00f6re sanayi \u00fcretim endeksi haziran ay\u0131nda y\u0131ll\u0131k y\u00fczde 1,4 azald\u0131\u011f\u0131, ayl\u0131k y\u00fczde 0,1 artt\u0131.<\/h2>\n\n\n\n<p>T\u00fcrkiye \u0130statistik Kurumu (<a href=\"https:\/\/epochtimestr.com\/index.php\/tuik-agustos-ayi-kira-artis-orani-yuzde-3190-olarak-belirlendi\" target=\"_blank\" rel=\"noreferrer noopener\">T\u00dc\u0130K<\/a>), 2026 y\u0131l\u0131 Haziran ay\u0131na ili\u015fkin <a href=\"https:\/\/epochtimestr.com\/index.php\/sanayi-ve-ihracat-zorluklari\" target=\"_blank\" rel=\"noreferrer noopener\">sanayi <\/a>\u00fcretimi verilerini yay\u0131mlad\u0131.<br \/>Sanayinin alt sekt\u00f6rleri incelendi\u011finde, 2026 y\u0131l\u0131 Haziran ay\u0131nda madencilik ve ta\u015f ocak\u00e7\u0131l\u0131\u011f\u0131 sekt\u00f6r\u00fc endeksi bir \u00f6nceki y\u0131l\u0131n ayn\u0131 ay\u0131na g\u00f6re y\u00fczde 1,6 azald\u0131, imalat sanayi sekt\u00f6r\u00fc endeksi y\u00fczde 1,5 azald\u0131 ve elektrik, gaz, buhar ve iklimlendirme \u00fcretimi ve da\u011f\u0131t\u0131m\u0131 sekt\u00f6r\u00fc endeksi y\u00fczde 1,1 artt\u0131.<\/p>\n\n\n\n<p><strong>Sanayi \u00fcretimi ayl\u0131k bazda y\u00fczde 0,1 artt\u0131.<\/strong><\/p>\n\n\n\n<p>Sanayinin alt sekt\u00f6rleri incelendi\u011finde, 2026 y\u0131l\u0131 Haziran ay\u0131nda madencilik ve ta\u015f ocak\u00e7\u0131l\u0131\u011f\u0131 sekt\u00f6r\u00fc endeksi bir \u00f6nceki aya g\u00f6re y\u00fczde 0,5 azald\u0131, imalat sanayi sekt\u00f6r\u00fc endeksi ayn\u0131 kald\u0131 ve elektrik, gaz, buhar ve iklimlendirme \u00fcretimi ve da\u011f\u0131t\u0131m\u0131 sekt\u00f6r\u00fc endeksi y\u00fczde 1,5 artt\u0131. Takvim etkisinden ar\u0131nd\u0131r\u0131lm\u0131\u015f verilerde y\u0131ll\u0131k d\u00fc\u015f\u00fc\u015f g\u00f6r\u00fclmesine kar\u015f\u0131n ar\u0131nd\u0131r\u0131lmam\u0131\u015f Sanayi \u00dcretim endeksi farkl\u0131 bir tablo ortaya koydu.<\/p>\n\n\n\n<p>Ar\u0131nd\u0131r\u0131lmam\u0131\u015f sanayi \u00fcretimi haziran ay\u0131nda ge\u00e7en y\u0131l\u0131n ayn\u0131 d\u00f6nemine g\u00f6re y\u00fczde 14,4 artt\u0131.<br \/>Takvim etkisinden ar\u0131nd\u0131r\u0131lm\u0131\u015f veride ise ayn\u0131 d\u00f6nemde y\u00fczde 1,4&#8217;l\u00fck d\u00fc\u015f\u00fc\u015f kaydedildi. Haziran ay\u0131 verileri y\u0131ll\u0131k ve ayl\u0131k bazda farkl\u0131 bir g\u00f6r\u00fcn\u00fcm ortaya koydu. <\/p>\n\n\n\n<p>Takvim etkisinden ar\u0131nd\u0131r\u0131lm\u0131\u015f sanayi \u00fcretimi y\u0131ll\u0131k y\u00fczde 1,4 azal\u0131rken, mevsim ve takvim etkisinden ar\u0131nd\u0131r\u0131lm\u0131\u015f \u00fcretim ayl\u0131k y\u00fczde 0,1 y\u00fckseldi. \u0130malat sanayindeki y\u0131ll\u0131k y\u00fczde 1,5&#8217;lik d\u00fc\u015f\u00fc\u015f ve ayl\u0131k bazda \u00fcretimin de\u011fi\u015fmemesi sekt\u00f6r\u00fcn haziran performans\u0131nda \u00f6ne \u00e7\u0131kan g\u00f6stergeler aras\u0131nda yer ald\u0131.<\/p>\n\n\n\n<figure class=\"wp-block-embed is-type-rich is-provider-x wp-block-embed-x\"><div class=\"wp-block-embed__wrapper\">\n<blockquote class=\"twitter-tweet\" data-width=\"550\" data-dnt=\"true\"><p lang=\"tr\" dir=\"ltr\">Sanayi \u00dcretim Endeksi, Haziran 2026<br><br>Sanayi \u00fcretimi y\u0131ll\u0131k %1,4 azald\u0131<br><br>Detaylar i\u00e7in web sitemizi ziyaret edebilirsiniz. \ud83d\udd0e <br>\u21aa\ufe0f   <a href=\"https:\/\/t.co\/XcNQuet8wk\">https:\/\/t.co\/XcNQuet8wk<\/a> <a href=\"https:\/\/t.co\/PPdH46Yhb3\">pic.twitter.com\/PPdH46Yhb3<\/a><\/p>&mdash; tuik.gov.tr (@tuikbilgi) <a href=\"https:\/\/x.com\/tuikbilgi\/status\/2086709848121524617?ref_src=twsrc%5Etfw\">August 10, 2026<\/a><\/blockquote><script async src=\"https:\/\/platform.x.com\/widgets.js\" charset=\"utf-8\"><\/script>\n<\/div><\/figure>\n","protected":false},"excerpt":{"rendered":"<p>T\u00fcrkiye \u0130statistik Kurumu (T\u00dc\u0130K) raporuna g\u00f6re sanayi \u00fcretim endeksi haziran ay\u0131nda y\u0131ll\u0131k y\u00fczde 1,4 azald\u0131\u011f\u0131, ayl\u0131k y\u00fczde 0,1 artt\u0131. T\u00fcrkiye \u0130statistik Kurumu (T\u00dc\u0130K), 2026 y\u0131l\u0131 Haziran ay\u0131na ili\u015fkin sanayi \u00fcretimi verilerini yay\u0131mlad\u0131.Sanayinin alt sekt\u00f6rleri incelendi\u011finde, 2026 y\u0131l\u0131 Haziran ay\u0131nda madencilik ve ta\u015f ocak\u00e7\u0131l\u0131\u011f\u0131 sekt\u00f6r\u00fc endeksi bir \u00f6nceki y\u0131l\u0131n ayn\u0131 ay\u0131na g\u00f6re y\u00fczde 1,6 azald\u0131, imalat [&hellip;]<\/p>\n","protected":false},"author":12791,"featured_media":170117,"comment_status":"open","ping_status":"open","sticky":false,"template":"","format":"standard","meta":{"_yoast_wpseo_focuskw":"sanayi \u00fcretim endeksi","_yoast_wpseo_title":"","_yoast_wpseo_metadesc":"T\u00fcrkiye \u0130statistik Kurumu (T\u00dc\u0130K) raporuna g\u00f6re sanayi \u00fcretim endeksi haziran ay\u0131nda y\u0131ll\u0131k y\u00fczde 1,4 azald\u0131\u011f\u0131, ayl\u0131k y\u00fczde 0,1 artt\u0131.","_bbp_topic_count":0,"_bbp_reply_count":0,"_bbp_total_topic_count":0,"_bbp_total_reply_count":0,"_bbp_voice_count":0,"_bbp_anonymous_reply_count":0,"_bbp_topic_count_hidden":0,"_bbp_reply_count_hidden":0,"_bbp_forum_subforum_count":0,"footnotes":"","_yoast_wpseo_focuskw_text_input":""},"categories":[8225,1,8138],"tags":[12161,12160,12157,4573,12159],"yoast_head":"<!-- This site is optimized with the Yoast SEO plugin v23.0 - https:\/\/yoast.com\/wordpress\/plugins\/seo\/ -->\n<title>T\u00dc\u0130K: Sanayi \u00dcretim Endeksi Y\u0131ll\u0131k Bazda Y\u00fczde 1,4 Azald\u0131 - The Epoch Times TR<\/title>\n<meta name=\"description\" content=\"T\u00fcrkiye \u0130statistik Kurumu (T\u00dc\u0130K) raporuna g\u00f6re sanayi \u00fcretim endeksi haziran ay\u0131nda y\u0131ll\u0131k y\u00fczde 1,4 azald\u0131\u011f\u0131, ayl\u0131k y\u00fczde 0,1 artt\u0131.\" \/>\n<meta name=\"robots\" content=\"index, follow, max-snippet:-1, max-image-preview:large, max-video-preview:-1\" \/>\n<link rel=\"canonical\" href=\"https:\/\/epochtimestr.com\/index.php\/tuik-sanayi-uretim-endeksi-yillik-bazda-yuzde-14-azaldi\" \/>\n<meta property=\"og:locale\" content=\"tr_TR\" \/>\n<meta property=\"og:type\" content=\"article\" \/>\n<meta property=\"og:title\" content=\"T\u00dc\u0130K: Sanayi \u00dcretim Endeksi Y\u0131ll\u0131k Bazda Y\u00fczde 1,4 Azald\u0131 - The Epoch Times TR\" \/>\n<meta property=\"og:description\" content=\"T\u00fcrkiye \u0130statistik Kurumu (T\u00dc\u0130K) raporuna g\u00f6re sanayi \u00fcretim endeksi haziran ay\u0131nda y\u0131ll\u0131k y\u00fczde 1,4 azald\u0131\u011f\u0131, ayl\u0131k y\u00fczde 0,1 artt\u0131.\" \/>\n<meta property=\"og:url\" content=\"https:\/\/epochtimestr.com\/index.php\/tuik-sanayi-uretim-endeksi-yillik-bazda-yuzde-14-azaldi\" \/>\n<meta property=\"og:site_name\" content=\"The Epoch Times TR\" \/>\n<meta property=\"article:publisher\" content=\"https:\/\/www.facebook.com\/theepochtimestr\" \/>\n<meta property=\"article:published_time\" content=\"2026-08-10T15:28:50+00:00\" \/>\n<meta property=\"article:modified_time\" content=\"2026-08-10T15:28:52+00:00\" \/>\n<meta property=\"og:image\" content=\"https:\/\/epochtimestr.com\/wp-content\/uploads\/2011y\/pixabay-sanayi.jpg\" \/>\n\t<meta property=\"og:image:width\" content=\"1280\" \/>\n\t<meta property=\"og:image:height\" content=\"723\" \/>\n\t<meta property=\"og:image:type\" content=\"image\/jpeg\" \/>\n<meta name=\"author\" content=\"Haber Merkezi\" \/>\n<meta name=\"twitter:card\" content=\"summary_large_image\" \/>\n<meta name=\"twitter:creator\" content=\"@TheEpochTimesTR\" \/>\n<meta name=\"twitter:site\" content=\"@TheEpochTimesTR\" \/>\n<meta name=\"twitter:label1\" content=\"Yazan:\" \/>\n\t<meta name=\"twitter:data1\" content=\"Haber Merkezi\" \/>\n\t<meta name=\"twitter:label2\" content=\"Tahmini okuma s\u00fcresi\" \/>\n\t<meta name=\"twitter:data2\" content=\"2 dakika\" \/>\n<script type=\"application\/ld+json\" class=\"yoast-schema-graph\">{\"@context\":\"https:\/\/schema.org\",\"@graph\":[{\"@type\":\"Article\",\"@id\":\"https:\/\/epochtimestr.com\/index.php\/tuik-sanayi-uretim-endeksi-yillik-bazda-yuzde-14-azaldi#article\",\"isPartOf\":{\"@id\":\"https:\/\/epochtimestr.com\/index.php\/tuik-sanayi-uretim-endeksi-yillik-bazda-yuzde-14-azaldi\"},\"author\":{\"name\":\"Haber Merkezi\",\"@id\":\"https:\/\/epochtimestr.com\/#\/schema\/person\/3dc5c3adeb9f43923c5aa85889172fdd\"},\"headline\":\"T\u00dc\u0130K: Sanayi \u00dcretim Endeksi Y\u0131ll\u0131k Bazda Y\u00fczde 1,4 Azald\u0131\",\"datePublished\":\"2026-08-10T15:28:50+00:00\",\"dateModified\":\"2026-08-10T15:28:52+00:00\",\"mainEntityOfPage\":{\"@id\":\"https:\/\/epochtimestr.com\/index.php\/tuik-sanayi-uretim-endeksi-yillik-bazda-yuzde-14-azaldi\"},\"wordCount\":339,\"commentCount\":0,\"publisher\":{\"@id\":\"https:\/\/epochtimestr.com\/#organization\"},\"image\":{\"@id\":\"https:\/\/epochtimestr.com\/index.php\/tuik-sanayi-uretim-endeksi-yillik-bazda-yuzde-14-azaldi#primaryimage\"},\"thumbnailUrl\":\"https:\/\/epochtimestr.com\/wp-content\/uploads\/2011y\/pixabay-sanayi.jpg\",\"keywords\":[\"imalat sanayi\",\"madencilik ve ta\u015f ocak\u00e7\u0131l\u0131\u011f\u0131\",\"sanayi \u00fcretim endeksi\",\"T\u00dc\u0130K\",\"T\u00fcrkiye \u0130statistik Kurumu\"],\"articleSection\":[\"Ekonomi\",\"G\u00dcNDEM\",\"MAN\u015eET\"],\"inLanguage\":\"tr\",\"potentialAction\":[{\"@type\":\"CommentAction\",\"name\":\"Comment\",\"target\":[\"https:\/\/epochtimestr.com\/index.php\/tuik-sanayi-uretim-endeksi-yillik-bazda-yuzde-14-azaldi#respond\"]}]},{\"@type\":\"WebPage\",\"@id\":\"https:\/\/epochtimestr.com\/index.php\/tuik-sanayi-uretim-endeksi-yillik-bazda-yuzde-14-azaldi\",\"url\":\"https:\/\/epochtimestr.com\/index.php\/tuik-sanayi-uretim-endeksi-yillik-bazda-yuzde-14-azaldi\",\"name\":\"T\u00dc\u0130K: Sanayi \u00dcretim Endeksi Y\u0131ll\u0131k Bazda Y\u00fczde 1,4 Azald\u0131 - The Epoch Times TR\",\"isPartOf\":{\"@id\":\"https:\/\/epochtimestr.com\/#website\"},\"primaryImageOfPage\":{\"@id\":\"https:\/\/epochtimestr.com\/index.php\/tuik-sanayi-uretim-endeksi-yillik-bazda-yuzde-14-azaldi#primaryimage\"},\"image\":{\"@id\":\"https:\/\/epochtimestr.com\/index.php\/tuik-sanayi-uretim-endeksi-yillik-bazda-yuzde-14-azaldi#primaryimage\"},\"thumbnailUrl\":\"https:\/\/epochtimestr.com\/wp-content\/uploads\/2011y\/pixabay-sanayi.jpg\",\"datePublished\":\"2026-08-10T15:28:50+00:00\",\"dateModified\":\"2026-08-10T15:28:52+00:00\",\"description\":\"T\u00fcrkiye \u0130statistik Kurumu (T\u00dc\u0130K) raporuna g\u00f6re sanayi \u00fcretim endeksi haziran ay\u0131nda y\u0131ll\u0131k y\u00fczde 1,4 azald\u0131\u011f\u0131, ayl\u0131k y\u00fczde 0,1 artt\u0131.\",\"inLanguage\":\"tr\",\"potentialAction\":[{\"@type\":\"ReadAction\",\"target\":[\"https:\/\/epochtimestr.com\/index.php\/tuik-sanayi-uretim-endeksi-yillik-bazda-yuzde-14-azaldi\"]}]},{\"@type\":\"ImageObject\",\"inLanguage\":\"tr\",\"@id\":\"https:\/\/epochtimestr.com\/index.php\/tuik-sanayi-uretim-endeksi-yillik-bazda-yuzde-14-azaldi#primaryimage\",\"url\":\"https:\/\/epochtimestr.com\/wp-content\/uploads\/2011y\/pixabay-sanayi.jpg\",\"contentUrl\":\"https:\/\/epochtimestr.com\/wp-content\/uploads\/2011y\/pixabay-sanayi.jpg\",\"width\":1280,\"height\":723},{\"@type\":\"WebSite\",\"@id\":\"https:\/\/epochtimestr.com\/#website\",\"url\":\"https:\/\/epochtimestr.com\/\",\"name\":\"The Epoch Times TR\",\"description\":\"De\u011fi\u015fen D\u00fcnyam\u0131za Taze Bir Bak\u0131\u015f\",\"publisher\":{\"@id\":\"https:\/\/epochtimestr.com\/#organization\"},\"potentialAction\":[{\"@type\":\"SearchAction\",\"target\":{\"@type\":\"EntryPoint\",\"urlTemplate\":\"https:\/\/epochtimestr.com\/?s={search_term_string}\"},\"query-input\":\"required name=search_term_string\"}],\"inLanguage\":\"tr\"},{\"@type\":\"Organization\",\"@id\":\"https:\/\/epochtimestr.com\/#organization\",\"name\":\"The EpochTimes T\u00fcrkiye\",\"url\":\"https:\/\/epochtimestr.com\/\",\"logo\":{\"@type\":\"ImageObject\",\"inLanguage\":\"tr\",\"@id\":\"https:\/\/epochtimestr.com\/#\/schema\/logo\/image\/\",\"url\":\"https:\/\/epochtimestr.com\/wp-content\/uploads\/2011y\/ET-Logo-YG.jpg\",\"contentUrl\":\"https:\/\/epochtimestr.com\/wp-content\/uploads\/2011y\/ET-Logo-YG.jpg\",\"width\":346,\"height\":29,\"caption\":\"The EpochTimes T\u00fcrkiye\"},\"image\":{\"@id\":\"https:\/\/epochtimestr.com\/#\/schema\/logo\/image\/\"},\"sameAs\":[\"https:\/\/www.facebook.com\/theepochtimestr\",\"https:\/\/x.com\/TheEpochTimesTR\",\"https:\/\/www.instagram.com\/epochtimestr\"]},{\"@type\":\"Person\",\"@id\":\"https:\/\/epochtimestr.com\/#\/schema\/person\/3dc5c3adeb9f43923c5aa85889172fdd\",\"name\":\"Haber Merkezi\",\"image\":{\"@type\":\"ImageObject\",\"inLanguage\":\"tr\",\"@id\":\"https:\/\/epochtimestr.com\/#\/schema\/person\/image\/\",\"url\":\"https:\/\/secure.gravatar.com\/avatar\/d73f772ba5a74f28601361e17c2f93e6?s=96&d=mm&r=g\",\"contentUrl\":\"https:\/\/secure.gravatar.com\/avatar\/d73f772ba5a74f28601361e17c2f93e6?s=96&d=mm&r=g\",\"caption\":\"Haber Merkezi\"},\"url\":\"https:\/\/epochtimestr.com\/index.php\/author\/sendag\"}]}<\/script>\n<!-- \/ Yoast SEO plugin. -->","yoast_head_json":{"title":"T\u00dc\u0130K: Sanayi \u00dcretim Endeksi Y\u0131ll\u0131k Bazda Y\u00fczde 1,4 Azald\u0131 - The Epoch Times TR","description":"T\u00fcrkiye \u0130statistik Kurumu (T\u00dc\u0130K) raporuna g\u00f6re sanayi \u00fcretim endeksi haziran ay\u0131nda y\u0131ll\u0131k y\u00fczde 1,4 azald\u0131\u011f\u0131, ayl\u0131k y\u00fczde 0,1 artt\u0131.","robots":{"index":"index","follow":"follow","max-snippet":"max-snippet:-1","max-image-preview":"max-image-preview:large","max-video-preview":"max-video-preview:-1"},"canonical":"https:\/\/epochtimestr.com\/index.php\/tuik-sanayi-uretim-endeksi-yillik-bazda-yuzde-14-azaldi","og_locale":"tr_TR","og_type":"article","og_title":"T\u00dc\u0130K: Sanayi \u00dcretim Endeksi Y\u0131ll\u0131k Bazda Y\u00fczde 1,4 Azald\u0131 - The Epoch Times TR","og_description":"T\u00fcrkiye \u0130statistik Kurumu (T\u00dc\u0130K) raporuna g\u00f6re sanayi \u00fcretim endeksi haziran ay\u0131nda y\u0131ll\u0131k y\u00fczde 1,4 azald\u0131\u011f\u0131, ayl\u0131k y\u00fczde 0,1 artt\u0131.","og_url":"https:\/\/epochtimestr.com\/index.php\/tuik-sanayi-uretim-endeksi-yillik-bazda-yuzde-14-azaldi","og_site_name":"The Epoch Times TR","article_publisher":"https:\/\/www.facebook.com\/theepochtimestr","article_published_time":"2026-08-10T15:28:50+00:00","article_modified_time":"2026-08-10T15:28:52+00:00","og_image":[{"width":1280,"height":723,"url":"https:\/\/epochtimestr.com\/wp-content\/uploads\/2011y\/pixabay-sanayi.jpg","type":"image\/jpeg"}],"author":"Haber Merkezi","twitter_card":"summary_large_image","twitter_creator":"@TheEpochTimesTR","twitter_site":"@TheEpochTimesTR","twitter_misc":{"Yazan:":"Haber Merkezi","Tahmini okuma s\u00fcresi":"2 dakika"},"schema":{"@context":"https:\/\/schema.org","@graph":[{"@type":"Article","@id":"https:\/\/epochtimestr.com\/index.php\/tuik-sanayi-uretim-endeksi-yillik-bazda-yuzde-14-azaldi#article","isPartOf":{"@id":"https:\/\/epochtimestr.com\/index.php\/tuik-sanayi-uretim-endeksi-yillik-bazda-yuzde-14-azaldi"},"author":{"name":"Haber Merkezi","@id":"https:\/\/epochtimestr.com\/#\/schema\/person\/3dc5c3adeb9f43923c5aa85889172fdd"},"headline":"T\u00dc\u0130K: Sanayi \u00dcretim Endeksi Y\u0131ll\u0131k Bazda Y\u00fczde 1,4 Azald\u0131","datePublished":"2026-08-10T15:28:50+00:00","dateModified":"2026-08-10T15:28:52+00:00","mainEntityOfPage":{"@id":"https:\/\/epochtimestr.com\/index.php\/tuik-sanayi-uretim-endeksi-yillik-bazda-yuzde-14-azaldi"},"wordCount":339,"commentCount":0,"publisher":{"@id":"https:\/\/epochtimestr.com\/#organization"},"image":{"@id":"https:\/\/epochtimestr.com\/index.php\/tuik-sanayi-uretim-endeksi-yillik-bazda-yuzde-14-azaldi#primaryimage"},"thumbnailUrl":"https:\/\/epochtimestr.com\/wp-content\/uploads\/2011y\/pixabay-sanayi.jpg","keywords":["imalat sanayi","madencilik ve ta\u015f ocak\u00e7\u0131l\u0131\u011f\u0131","sanayi \u00fcretim endeksi","T\u00dc\u0130K","T\u00fcrkiye \u0130statistik Kurumu"],"articleSection":["Ekonomi","G\u00dcNDEM","MAN\u015eET"],"inLanguage":"tr","potentialAction":[{"@type":"CommentAction","name":"Comment","target":["https:\/\/epochtimestr.com\/index.php\/tuik-sanayi-uretim-endeksi-yillik-bazda-yuzde-14-azaldi#respond"]}]},{"@type":"WebPage","@id":"https:\/\/epochtimestr.com\/index.php\/tuik-sanayi-uretim-endeksi-yillik-bazda-yuzde-14-azaldi","url":"https:\/\/epochtimestr.com\/index.php\/tuik-sanayi-uretim-endeksi-yillik-bazda-yuzde-14-azaldi","name":"T\u00dc\u0130K: Sanayi \u00dcretim Endeksi Y\u0131ll\u0131k Bazda Y\u00fczde 1,4 Azald\u0131 - The Epoch Times TR","isPartOf":{"@id":"https:\/\/epochtimestr.com\/#website"},"primaryImageOfPage":{"@id":"https:\/\/epochtimestr.com\/index.php\/tuik-sanayi-uretim-endeksi-yillik-bazda-yuzde-14-azaldi#primaryimage"},"image":{"@id":"https:\/\/epochtimestr.com\/index.php\/tuik-sanayi-uretim-endeksi-yillik-bazda-yuzde-14-azaldi#primaryimage"},"thumbnailUrl":"https:\/\/epochtimestr.com\/wp-content\/uploads\/2011y\/pixabay-sanayi.jpg","datePublished":"2026-08-10T15:28:50+00:00","dateModified":"2026-08-10T15:28:52+00:00","description":"T\u00fcrkiye \u0130statistik Kurumu (T\u00dc\u0130K) raporuna g\u00f6re sanayi \u00fcretim endeksi haziran ay\u0131nda y\u0131ll\u0131k y\u00fczde 1,4 azald\u0131\u011f\u0131, ayl\u0131k y\u00fczde 0,1 artt\u0131.","inLanguage":"tr","potentialAction":[{"@type":"ReadAction","target":["https:\/\/epochtimestr.com\/index.php\/tuik-sanayi-uretim-endeksi-yillik-bazda-yuzde-14-azaldi"]}]},{"@type":"ImageObject","inLanguage":"tr","@id":"https:\/\/epochtimestr.com\/index.php\/tuik-sanayi-uretim-endeksi-yillik-bazda-yuzde-14-azaldi#primaryimage","url":"https:\/\/epochtimestr.com\/wp-content\/uploads\/2011y\/pixabay-sanayi.jpg","contentUrl":"https:\/\/epochtimestr.com\/wp-content\/uploads\/2011y\/pixabay-sanayi.jpg","width":1280,"height":723},{"@type":"WebSite","@id":"https:\/\/epochtimestr.com\/#website","url":"https:\/\/epochtimestr.com\/","name":"The Epoch Times TR","description":"De\u011fi\u015fen D\u00fcnyam\u0131za Taze Bir Bak\u0131\u015f","publisher":{"@id":"https:\/\/epochtimestr.com\/#organization"},"potentialAction":[{"@type":"SearchAction","target":{"@type":"EntryPoint","urlTemplate":"https:\/\/epochtimestr.com\/?s={search_term_string}"},"query-input":"required name=search_term_string"}],"inLanguage":"tr"},{"@type":"Organization","@id":"https:\/\/epochtimestr.com\/#organization","name":"The EpochTimes T\u00fcrkiye","url":"https:\/\/epochtimestr.com\/","logo":{"@type":"ImageObject","inLanguage":"tr","@id":"https:\/\/epochtimestr.com\/#\/schema\/logo\/image\/","url":"https:\/\/epochtimestr.com\/wp-content\/uploads\/2011y\/ET-Logo-YG.jpg","contentUrl":"https:\/\/epochtimestr.com\/wp-content\/uploads\/2011y\/ET-Logo-YG.jpg","width":346,"height":29,"caption":"The EpochTimes T\u00fcrkiye"},"image":{"@id":"https:\/\/epochtimestr.com\/#\/schema\/logo\/image\/"},"sameAs":["https:\/\/www.facebook.com\/theepochtimestr","https:\/\/x.com\/TheEpochTimesTR","https:\/\/www.instagram.com\/epochtimestr"]},{"@type":"Person","@id":"https:\/\/epochtimestr.com\/#\/schema\/person\/3dc5c3adeb9f43923c5aa85889172fdd","name":"Haber Merkezi","image":{"@type":"ImageObject","inLanguage":"tr","@id":"https:\/\/epochtimestr.com\/#\/schema\/person\/image\/","url":"https:\/\/secure.gravatar.com\/avatar\/d73f772ba5a74f28601361e17c2f93e6?s=96&d=mm&r=g","contentUrl":"https:\/\/secure.gravatar.com\/avatar\/d73f772ba5a74f28601361e17c2f93e6?s=96&d=mm&r=g","caption":"Haber Merkezi"},"url":"https:\/\/epochtimestr.com\/index.php\/author\/sendag"}]}},"_links":{"self":[{"href":"https:\/\/epochtimestr.com\/index.php\/wp-json\/wp\/v2\/posts\/170116"}],"collection":[{"href":"https:\/\/epochtimestr.com\/index.php\/wp-json\/wp\/v2\/posts"}],"about":[{"href":"https:\/\/epochtimestr.com\/index.php\/wp-json\/wp\/v2\/types\/post"}],"author":[{"embeddable":true,"href":"https:\/\/epochtimestr.com\/index.php\/wp-json\/wp\/v2\/users\/12791"}],"replies":[{"embeddable":true,"href":"https:\/\/epochtimestr.com\/index.php\/wp-json\/wp\/v2\/comments?post=170116"}],"version-history":[{"count":2,"href":"https:\/\/epochtimestr.com\/index.php\/wp-json\/wp\/v2\/posts\/170116\/revisions"}],"predecessor-version":[{"id":170136,"href":"https:\/\/epochtimestr.com\/index.php\/wp-json\/wp\/v2\/posts\/170116\/revisions\/170136"}],"wp:featuredmedia":[{"embeddable":true,"href":"https:\/\/epochtimestr.com\/index.php\/wp-json\/wp\/v2\/media\/170117"}],"wp:attachment":[{"href":"https:\/\/epochtimestr.com\/index.php\/wp-json\/wp\/v2\/media?parent=170116"}],"wp:term":[{"taxonomy":"category","embeddable":true,"href":"https:\/\/epochtimestr.com\/index.php\/wp-json\/wp\/v2\/categories?post=170116"},{"taxonomy":"post_tag","embeddable":true,"href":"https:\/\/epochtimestr.com\/index.php\/wp-json\/wp\/v2\/tags?post=170116"}],"curies":[{"name":"wp","href":"https:\/\/api.w.org\/{rel}","templated":true}]}}