{"id":170142,"date":"2026-08-12T16:01:01","date_gmt":"2026-08-12T13:01:01","guid":{"rendered":"https:\/\/epochtimestr.com\/?p=170142"},"modified":"2026-08-12T16:01:31","modified_gmt":"2026-08-12T13:01:31","slug":"dr-couceiro-dunyada-plastik-kullanan-tek-canli-turu-insan","status":"publish","type":"post","link":"https:\/\/epochtimestr.com\/index.php\/dr-couceiro-dunyada-plastik-kullanan-tek-canli-turu-insan","title":{"rendered":"Dr. Couceiro: D\u00fcnyada Plastik Kullanan Tek Canl\u0131 T\u00fcr\u00fc \u0130nsan"},"content":{"rendered":"<div class=\"wp-block-image\">\n<figure class=\"aligncenter size-full is-resized\"><img loading=\"lazy\" decoding=\"async\" width=\"1280\" height=\"724\" src=\"https:\/\/epochtimestr.com\/wp-content\/uploads\/2011y\/pixabay1-3.jpg\" alt=\"Dr. Couceiro : &quot;Bu gezegende plastik kullanan tek bir canl\u0131 t\u00fcr\u00fc var; o da biz insanlar.&quot; (Foto\u011fraf: NickyPe-pixabay)\" class=\"wp-image-170143\" style=\"width:840px;height:auto\" srcset=\"https:\/\/epochtimestr.com\/wp-content\/uploads\/2011y\/pixabay1-3.jpg 1280w, https:\/\/epochtimestr.com\/wp-content\/uploads\/2011y\/pixabay1-3-300x170.jpg 300w, https:\/\/epochtimestr.com\/wp-content\/uploads\/2011y\/pixabay1-3-150x85.jpg 150w, https:\/\/epochtimestr.com\/wp-content\/uploads\/2011y\/pixabay1-3-768x434.jpg 768w\" sizes=\"(max-width: 1280px) 100vw, 1280px\" \/><figcaption class=\"wp-element-caption\">Dr. Couceiro : &#8220;Bu gezegende plastik kullanan tek bir canl\u0131 t\u00fcr\u00fc var; o da biz insanlar.&#8221; (Foto\u011fraf: NickyPe, Pixabay)<\/figcaption><\/figure><\/div>\n\n\n<h2 class=\"wp-block-heading\">Prof. Dr. Couceiro, &#8220;Bu gezegende plastik kullanan tek bir canl\u0131 grubu var, o da biz insanlar. Atmosfer hareketleri s\u0131n\u0131r tan\u0131mad\u0131\u011f\u0131 i\u00e7in bu sorun tek bir \u00fclke taraf\u0131ndan \u00e7\u00f6z\u00fclemez, bu y\u00fczden acilen k\u00fcresel bir \u00e7\u00f6z\u00fcme ihtiyac\u0131m\u0131z var&#8221; dedi. <\/h2>\n\n\n\n<p><a href=\"https:\/\/epochtimestr.com\/index.php\/et-urunlerinin-cogunda-mikroplastik-bulunuyor\" target=\"_blank\" rel=\"noreferrer noopener\">Mikroplastik <\/a>terimi ilk olarak 1968 y\u0131l\u0131nda ABD Hava Kuvvetleri Malzeme Laboratuvar\u0131 taraf\u0131ndan yay\u0131mlanan bir raporda kullan\u0131ld\u0131. Polimer zincirlerinde birbirine ba\u011fl\u0131 karbon ve hidrojen atomlar\u0131ndan olu\u015fan mikroplastikler, ad\u0131ndan da anla\u015f\u0131laca\u011f\u0131 gibi olduk\u00e7a k\u00fc\u00e7\u00fck plastik par\u00e7ac\u0131klar\u0131d\u0131r. \u00c7ap\u0131 be\u015f milimetreden daha k\u00fc\u00e7\u00fck olan bu maddeler, g\u00fcn\u00fcm\u00fczde bulutlara kadar ula\u015farak hava durumunu ve k\u00fcresel s\u0131cakl\u0131klar\u0131 etkileyebilmektedir.<\/p>\n\n\n\n<p>Mikroplastikler; hava, su, toprak, yiyecekler ve hatta insan kan\u0131ndan sonra \u015fimdi de bulutlar\u0131 istila etti. D\u00fcnya&#8217;n\u0131n neredeyse her k\u00f6\u015fesine s\u0131zan bu plastik par\u00e7ac\u0131klar\u0131, son olarak Do\u011fu \u00c7in \u00fczerinde ke\u015ffedildi. Yeni bilimsel ara\u015ft\u0131rmalar, bulutlar\u0131n i\u00e7ine kadar giren mikroplastiklerin bulut olu\u015fumunu tetikleyebilece\u011fini ve hava durumunu de\u011fi\u015ftirebilece\u011fini ortaya koyuyor. <\/p>\n\n\n\n<p>\u00c7in&#8217;deki Shandong \u00dcniversitesi&#8217;nden bir grup bilim insan\u0131, Do\u011fu \u00c7in&#8217;de Tai Da\u011f\u0131&#8217;n\u0131n zirvesinden toplad\u0131klar\u0131 28 bulut \u00f6rne\u011finin 24&#8217;\u00fcnde mikroplastik tespit etti. Bulunan maddeler aras\u0131nda; sentetik elyaflarda, giysilerde, tekstil \u00fcr\u00fcnlerinde, ambalajlarda ve y\u00fcz maskelerinde yayg\u0131n olarak kullan\u0131lan polietilen tereftalat (PET), polipropilen, polietilen ve polistiren gibi plastik t\u00fcrleri yer al\u0131yor. Bulutlarda bu \u015fekilde mikroplastik bulunmas\u0131, hava durumunu ve k\u00fcresel s\u0131cakl\u0131klar\u0131 do\u011frudan etkileme potansiyeline sahip.<\/p>\n\n\n\n<p>Environmental Science &amp; Technology Letters dergisinde yay\u0131mlanan \u00e7al\u0131\u015fmada ara\u015ft\u0131rmac\u0131lar, &#8220;Bu bulgu, bulutlarda bol miktarda mikroplasti\u011fin varl\u0131\u011f\u0131na dair \u00f6nemli kan\u0131tlar sa\u011flamaktad\u0131r,&#8221; diyerek durumun ciddiyetini ortaya koymu\u015ftur. Portsmouth \u00dcniversitesi \u00c7evre Kirlili\u011fi Profes\u00f6r\u00fc Fay Couceiro da mikroplastiklerin do\u011fas\u0131n\u0131 \u015fu s\u00f6zlerle a\u00e7\u0131klamaktad\u0131r: &#8220;Kirlili\u011fin \u00e7o\u011funlukla s\u0131v\u0131 formda oldu\u011funu varsayar\u0131z ancak mikroplastikler fiziksel par\u00e7ac\u0131klar olduklar\u0131 i\u00e7in geleneksel kurallara uymazlar. Ula\u015f\u0131lmas\u0131 son derece g\u00fc\u00e7, el de\u011fmemi\u015f da\u011f zirvelerinde bile bu par\u00e7ac\u0131klara rastl\u0131yoruz. Dolay\u0131s\u0131yla as\u0131l soru \u015fudur: Oraya nas\u0131l ula\u015f\u0131yorlar?&#8221;<\/p>\n\n\n\n<h3 class=\"wp-block-heading\">Par\u00e7ac\u0131klar r\u00fczgar ve hava yoluyla ta\u015f\u0131n\u0131yor<\/h3>\n\n\n\n<p>Bu el de\u011fmemi\u015f b\u00f6lgelerdeki kirlilik, sadece buralar\u0131 ziyaret eden insanlardan kaynaklanm\u0131yor, par\u00e7ac\u0131klar r\u00fczg\u00e2r ve hava yoluyla da buralara ta\u015f\u0131nabiliyor. Nitekim yere daha yak\u0131n ve yo\u011fun olan bulutlardan al\u0131nan numunelerde \u00e7ok daha y\u00fcksek miktarda mikroplastik tespit edildi. G\u00fcne\u015fin ultraviyole (UV) \u0131\u015f\u0131nlar\u0131 nedeniyle a\u015f\u0131nm\u0131\u015f ve eskimi\u015f olan plastiklerin boyutlar\u0131n\u0131n daha k\u00fc\u00e7\u00fck, y\u00fczeylerinin ise daha p\u00fcr\u00fczl\u00fc oldu\u011fu g\u00f6r\u00fcld\u00fc. Bu y\u0131pranm\u0131\u015f par\u00e7ac\u0131klar; bozulmam\u0131\u015f plastiklere k\u0131yasla daha fazla kur\u015fun, c\u0131va ve oksijen i\u00e7eriyor. Bilim insanlar\u0131, bulutlar\u0131n mikroplastiklerin yap\u0131s\u0131n\u0131 de\u011fi\u015ftirebildi\u011fini ve bu de\u011fi\u015fimin de par\u00e7ac\u0131klar\u0131n bulut olu\u015fumunu etkilemesine yol a\u00e7t\u0131\u011f\u0131n\u0131 ortaya koydu.<\/p>\n\n\n\n<p>Prof. Dr. Couceiro, &#8220;Bulut olu\u015fumunun yaln\u0131zca yerel hava durumu \u00fczerinde de\u011fil, ayn\u0131 zamanda k\u00fcresel s\u0131cakl\u0131k dengesinde de b\u00fcy\u00fck bir etkisi var,&#8221; diyerek durumun \u00f6nemini vurguluyor. Bulutlar iklimi pek \u00e7ok y\u00f6nden \u015fekillendirir. K\u00fcresel ya\u011f\u0131\u015f rejimini ve bitki \u00f6rt\u00fcs\u00fcn\u00fc do\u011frudan etkileyen ya\u011fmurlar\u0131 ve kar\u0131 olu\u015ftururlar. G\u00fcne\u015f \u0131\u015f\u0131nlar\u0131n\u0131 engelleyerek D\u00fcnya y\u00fczeyini so\u011futur ve g\u00f6lge sa\u011flarlar. \u00d6te yandan, \u0131s\u0131y\u0131 ve nemi hapsederek havan\u0131n \u0131s\u0131nmas\u0131na da yol a\u00e7abilirler. Ara\u015ft\u0131rman\u0131n yazarlar\u0131, mikroplastiklerin hava durumu \u00fczerindeki kesin etkilerini belirlemek i\u00e7in daha fazla bilimsel \u00e7al\u0131\u015fmaya ihtiya\u00e7 duyuldu\u011funu, ancak bu sorunla m\u00fccadele etmek i\u00e7in acilen daha fazla ad\u0131m at\u0131lmas\u0131 gerekti\u011finin a\u00e7\u0131k oldu\u011funu belirtiyor.<\/p>\n\n\n\n<p>Prof. Dr. Couceiro, &#8220;Bu gezegende plastik kullanan tek bir canl\u0131 grubu var, o da biz insanlar. Atmosfer hareketleri s\u0131n\u0131r tan\u0131mad\u0131\u011f\u0131 i\u00e7in bu sorun tek bir \u00fclke taraf\u0131ndan \u00e7\u00f6z\u00fclemez; bu y\u00fczden acilen k\u00fcresel bir \u00e7\u00f6z\u00fcme ihtiyac\u0131m\u0131z var,&#8221; dedi. Nitekim bu y\u0131l\u0131n ba\u015flar\u0131nda Japonya&#8217;da yap\u0131lan bir <a href=\"https:\/\/www.sciencedirect.com\/science\/article\/pii\/S0048969722038013\" target=\"_blank\" rel=\"noreferrer noopener\">\u00e7al\u0131\u015fma<\/a>, mikroplastiklerin Fuji ve Oyama da\u011flar\u0131n\u0131n zirvelerinde bile bulundu\u011funu ortaya koymu\u015ftu. Okyanuslardaki plastik at\u0131klardan koparak hava k\u00fctleleriyle ta\u015f\u0131nd\u0131\u011f\u0131 d\u00fc\u015f\u00fcn\u00fclen bu par\u00e7ac\u0131klar\u0131n boyutu \u00fcrk\u00fct\u00fcc\u00fc seviyelere ula\u015ft\u0131. \u00c7in&#8217;deki Tai Da\u011f\u0131&#8217;n\u0131n bulut suyunda bulunan mikroplastik yo\u011funlu\u011fu, Japonya&#8217;daki da\u011flarda \u00f6l\u00e7\u00fclen miktar\u0131n tam 70 kat\u0131na kadar \u00e7\u0131k\u0131yor.<\/p>\n\n\n\n<p><em>Kaynak: <\/em>Fay Couceiro, University of Portsmouth, <a href=\"https:\/\/www.port.ac.uk\/research\/microplastics-research-group\" target=\"_blank\" rel=\"noreferrer noopener\">Mikroplastik ara\u015ft\u0131rma grubu<\/a>. <\/p>\n\n\n\n<p><\/p>\n","protected":false},"excerpt":{"rendered":"<p>Prof. Dr. Couceiro, &#8220;Bu gezegende plastik kullanan tek bir canl\u0131 grubu var, o da biz insanlar. Atmosfer hareketleri s\u0131n\u0131r tan\u0131mad\u0131\u011f\u0131 i\u00e7in bu sorun tek bir \u00fclke taraf\u0131ndan \u00e7\u00f6z\u00fclemez, bu y\u00fczden acilen k\u00fcresel bir \u00e7\u00f6z\u00fcme ihtiyac\u0131m\u0131z var&#8221; dedi. Mikroplastik terimi ilk olarak 1968 y\u0131l\u0131nda ABD Hava Kuvvetleri Malzeme Laboratuvar\u0131 taraf\u0131ndan yay\u0131mlanan bir raporda kullan\u0131ld\u0131. Polimer zincirlerinde [&hellip;]<\/p>\n","protected":false},"author":13981,"featured_media":170143,"comment_status":"open","ping_status":"open","sticky":false,"template":"","format":"standard","meta":{"_yoast_wpseo_focuskw":"plastik","_yoast_wpseo_title":"","_yoast_wpseo_metadesc":"Prof. Dr. Couceiro, \"Bu gezegende plastik kullanan tek bir canl\u0131 grubu var: o da biz insanlar. Acilen k\u00fcresel \u00e7\u00f6z\u00fcme ihtiyac\u0131m\u0131z var\"dedi.","_bbp_topic_count":0,"_bbp_reply_count":0,"_bbp_total_topic_count":0,"_bbp_total_reply_count":0,"_bbp_voice_count":0,"_bbp_anonymous_reply_count":0,"_bbp_topic_count_hidden":0,"_bbp_reply_count_hidden":0,"_bbp_forum_subforum_count":0,"footnotes":"","_yoast_wpseo_focuskw_text_input":""},"categories":[70,12201,519],"tags":[12168,12166,12167],"yoast_head":"<!-- This site is optimized with the Yoast SEO plugin v23.0 - https:\/\/yoast.com\/wordpress\/plugins\/seo\/ -->\n<title>Dr. Couceiro: D\u00fcnyada Plastik Kullanan Tek Canl\u0131 T\u00fcr\u00fc \u0130nsan - The Epoch Times TR<\/title>\n<meta name=\"description\" content=\"Prof. Dr. Couceiro, &quot;Bu gezegende plastik kullanan tek bir canl\u0131 grubu var: o da biz insanlar. Acilen k\u00fcresel \u00e7\u00f6z\u00fcme ihtiyac\u0131m\u0131z var&quot;dedi.\" \/>\n<meta name=\"robots\" content=\"index, follow, max-snippet:-1, max-image-preview:large, max-video-preview:-1\" \/>\n<link rel=\"canonical\" href=\"https:\/\/epochtimestr.com\/index.php\/dr-couceiro-dunyada-plastik-kullanan-tek-canli-turu-insan\" \/>\n<meta property=\"og:locale\" content=\"tr_TR\" \/>\n<meta property=\"og:type\" content=\"article\" \/>\n<meta property=\"og:title\" content=\"Dr. Couceiro: D\u00fcnyada Plastik Kullanan Tek Canl\u0131 T\u00fcr\u00fc \u0130nsan - The Epoch Times TR\" \/>\n<meta property=\"og:description\" content=\"Prof. Dr. Couceiro, &quot;Bu gezegende plastik kullanan tek bir canl\u0131 grubu var: o da biz insanlar. Acilen k\u00fcresel \u00e7\u00f6z\u00fcme ihtiyac\u0131m\u0131z var&quot;dedi.\" \/>\n<meta property=\"og:url\" content=\"https:\/\/epochtimestr.com\/index.php\/dr-couceiro-dunyada-plastik-kullanan-tek-canli-turu-insan\" \/>\n<meta property=\"og:site_name\" content=\"The Epoch Times TR\" \/>\n<meta property=\"article:publisher\" content=\"https:\/\/www.facebook.com\/theepochtimestr\" \/>\n<meta property=\"article:published_time\" content=\"2026-08-12T13:01:01+00:00\" \/>\n<meta property=\"article:modified_time\" content=\"2026-08-12T13:01:31+00:00\" \/>\n<meta property=\"og:image\" content=\"https:\/\/epochtimestr.com\/wp-content\/uploads\/2011y\/pixabay1-3.jpg\" \/>\n\t<meta property=\"og:image:width\" content=\"1280\" \/>\n\t<meta property=\"og:image:height\" content=\"724\" \/>\n\t<meta property=\"og:image:type\" content=\"image\/jpeg\" \/>\n<meta name=\"author\" content=\"Reyhan \u00c7orbac\u0131\" \/>\n<meta name=\"twitter:card\" content=\"summary_large_image\" \/>\n<meta name=\"twitter:creator\" content=\"@TheEpochTimesTR\" \/>\n<meta name=\"twitter:site\" content=\"@TheEpochTimesTR\" \/>\n<meta name=\"twitter:label1\" content=\"Yazan:\" \/>\n\t<meta name=\"twitter:data1\" content=\"Reyhan \u00c7orbac\u0131\" \/>\n\t<meta name=\"twitter:label2\" content=\"Tahmini okuma s\u00fcresi\" \/>\n\t<meta name=\"twitter:data2\" content=\"4 dakika\" \/>\n<script type=\"application\/ld+json\" class=\"yoast-schema-graph\">{\"@context\":\"https:\/\/schema.org\",\"@graph\":[{\"@type\":\"Article\",\"@id\":\"https:\/\/epochtimestr.com\/index.php\/dr-couceiro-dunyada-plastik-kullanan-tek-canli-turu-insan#article\",\"isPartOf\":{\"@id\":\"https:\/\/epochtimestr.com\/index.php\/dr-couceiro-dunyada-plastik-kullanan-tek-canli-turu-insan\"},\"author\":{\"name\":\"Reyhan \u00c7orbac\u0131\",\"@id\":\"https:\/\/epochtimestr.com\/#\/schema\/person\/68cb304e55f0b73a4e785d2cd1ba5308\"},\"headline\":\"Dr. Couceiro: D\u00fcnyada Plastik Kullanan Tek Canl\u0131 T\u00fcr\u00fc \u0130nsan\",\"datePublished\":\"2026-08-12T13:01:01+00:00\",\"dateModified\":\"2026-08-12T13:01:31+00:00\",\"mainEntityOfPage\":{\"@id\":\"https:\/\/epochtimestr.com\/index.php\/dr-couceiro-dunyada-plastik-kullanan-tek-canli-turu-insan\"},\"wordCount\":817,\"commentCount\":0,\"publisher\":{\"@id\":\"https:\/\/epochtimestr.com\/#organization\"},\"image\":{\"@id\":\"https:\/\/epochtimestr.com\/index.php\/dr-couceiro-dunyada-plastik-kullanan-tek-canli-turu-insan#primaryimage\"},\"thumbnailUrl\":\"https:\/\/epochtimestr.com\/wp-content\/uploads\/2011y\/pixabay1-3.jpg\",\"keywords\":[\"Do\u011fu \u00c7in\",\"mikroplastik\",\"Prof. Dr. Couceiro\"],\"articleSection\":[\"Bilimsel Ke\u015fifler\",\"\u00c7evre ve Do\u011fa\",\"ED\u0130T\u00d6R\u00dcN SE\u00c7\u0130M\u0130\"],\"inLanguage\":\"tr\",\"potentialAction\":[{\"@type\":\"CommentAction\",\"name\":\"Comment\",\"target\":[\"https:\/\/epochtimestr.com\/index.php\/dr-couceiro-dunyada-plastik-kullanan-tek-canli-turu-insan#respond\"]}]},{\"@type\":\"WebPage\",\"@id\":\"https:\/\/epochtimestr.com\/index.php\/dr-couceiro-dunyada-plastik-kullanan-tek-canli-turu-insan\",\"url\":\"https:\/\/epochtimestr.com\/index.php\/dr-couceiro-dunyada-plastik-kullanan-tek-canli-turu-insan\",\"name\":\"Dr. Couceiro: D\u00fcnyada Plastik Kullanan Tek Canl\u0131 T\u00fcr\u00fc \u0130nsan - The Epoch Times TR\",\"isPartOf\":{\"@id\":\"https:\/\/epochtimestr.com\/#website\"},\"primaryImageOfPage\":{\"@id\":\"https:\/\/epochtimestr.com\/index.php\/dr-couceiro-dunyada-plastik-kullanan-tek-canli-turu-insan#primaryimage\"},\"image\":{\"@id\":\"https:\/\/epochtimestr.com\/index.php\/dr-couceiro-dunyada-plastik-kullanan-tek-canli-turu-insan#primaryimage\"},\"thumbnailUrl\":\"https:\/\/epochtimestr.com\/wp-content\/uploads\/2011y\/pixabay1-3.jpg\",\"datePublished\":\"2026-08-12T13:01:01+00:00\",\"dateModified\":\"2026-08-12T13:01:31+00:00\",\"description\":\"Prof. Dr. Couceiro, \\\"Bu gezegende plastik kullanan tek bir canl\u0131 grubu var: o da biz insanlar. Acilen k\u00fcresel \u00e7\u00f6z\u00fcme ihtiyac\u0131m\u0131z var\\\"dedi.\",\"inLanguage\":\"tr\",\"potentialAction\":[{\"@type\":\"ReadAction\",\"target\":[\"https:\/\/epochtimestr.com\/index.php\/dr-couceiro-dunyada-plastik-kullanan-tek-canli-turu-insan\"]}]},{\"@type\":\"ImageObject\",\"inLanguage\":\"tr\",\"@id\":\"https:\/\/epochtimestr.com\/index.php\/dr-couceiro-dunyada-plastik-kullanan-tek-canli-turu-insan#primaryimage\",\"url\":\"https:\/\/epochtimestr.com\/wp-content\/uploads\/2011y\/pixabay1-3.jpg\",\"contentUrl\":\"https:\/\/epochtimestr.com\/wp-content\/uploads\/2011y\/pixabay1-3.jpg\",\"width\":1280,\"height\":724},{\"@type\":\"WebSite\",\"@id\":\"https:\/\/epochtimestr.com\/#website\",\"url\":\"https:\/\/epochtimestr.com\/\",\"name\":\"The Epoch Times TR\",\"description\":\"De\u011fi\u015fen D\u00fcnyam\u0131za Taze Bir Bak\u0131\u015f\",\"publisher\":{\"@id\":\"https:\/\/epochtimestr.com\/#organization\"},\"potentialAction\":[{\"@type\":\"SearchAction\",\"target\":{\"@type\":\"EntryPoint\",\"urlTemplate\":\"https:\/\/epochtimestr.com\/?s={search_term_string}\"},\"query-input\":\"required name=search_term_string\"}],\"inLanguage\":\"tr\"},{\"@type\":\"Organization\",\"@id\":\"https:\/\/epochtimestr.com\/#organization\",\"name\":\"The EpochTimes T\u00fcrkiye\",\"url\":\"https:\/\/epochtimestr.com\/\",\"logo\":{\"@type\":\"ImageObject\",\"inLanguage\":\"tr\",\"@id\":\"https:\/\/epochtimestr.com\/#\/schema\/logo\/image\/\",\"url\":\"https:\/\/epochtimestr.com\/wp-content\/uploads\/2011y\/ET-Logo-YG.jpg\",\"contentUrl\":\"https:\/\/epochtimestr.com\/wp-content\/uploads\/2011y\/ET-Logo-YG.jpg\",\"width\":346,\"height\":29,\"caption\":\"The EpochTimes T\u00fcrkiye\"},\"image\":{\"@id\":\"https:\/\/epochtimestr.com\/#\/schema\/logo\/image\/\"},\"sameAs\":[\"https:\/\/www.facebook.com\/theepochtimestr\",\"https:\/\/x.com\/TheEpochTimesTR\",\"https:\/\/www.instagram.com\/epochtimestr\"]},{\"@type\":\"Person\",\"@id\":\"https:\/\/epochtimestr.com\/#\/schema\/person\/68cb304e55f0b73a4e785d2cd1ba5308\",\"name\":\"Reyhan \u00c7orbac\u0131\",\"image\":{\"@type\":\"ImageObject\",\"inLanguage\":\"tr\",\"@id\":\"https:\/\/epochtimestr.com\/#\/schema\/person\/image\/\",\"url\":\"https:\/\/secure.gravatar.com\/avatar\/8bceee79f3a75100aa05f62a5dd2a5b0?s=96&d=mm&r=g\",\"contentUrl\":\"https:\/\/secure.gravatar.com\/avatar\/8bceee79f3a75100aa05f62a5dd2a5b0?s=96&d=mm&r=g\",\"caption\":\"Reyhan \u00c7orbac\u0131\"},\"url\":\"https:\/\/epochtimestr.com\/index.php\/author\/reyhan\"}]}<\/script>\n<!-- \/ Yoast SEO plugin. -->","yoast_head_json":{"title":"Dr. Couceiro: D\u00fcnyada Plastik Kullanan Tek Canl\u0131 T\u00fcr\u00fc \u0130nsan - The Epoch Times TR","description":"Prof. Dr. Couceiro, \"Bu gezegende plastik kullanan tek bir canl\u0131 grubu var: o da biz insanlar. Acilen k\u00fcresel \u00e7\u00f6z\u00fcme ihtiyac\u0131m\u0131z var\"dedi.","robots":{"index":"index","follow":"follow","max-snippet":"max-snippet:-1","max-image-preview":"max-image-preview:large","max-video-preview":"max-video-preview:-1"},"canonical":"https:\/\/epochtimestr.com\/index.php\/dr-couceiro-dunyada-plastik-kullanan-tek-canli-turu-insan","og_locale":"tr_TR","og_type":"article","og_title":"Dr. Couceiro: D\u00fcnyada Plastik Kullanan Tek Canl\u0131 T\u00fcr\u00fc \u0130nsan - The Epoch Times TR","og_description":"Prof. Dr. Couceiro, \"Bu gezegende plastik kullanan tek bir canl\u0131 grubu var: o da biz insanlar. Acilen k\u00fcresel \u00e7\u00f6z\u00fcme ihtiyac\u0131m\u0131z var\"dedi.","og_url":"https:\/\/epochtimestr.com\/index.php\/dr-couceiro-dunyada-plastik-kullanan-tek-canli-turu-insan","og_site_name":"The Epoch Times TR","article_publisher":"https:\/\/www.facebook.com\/theepochtimestr","article_published_time":"2026-08-12T13:01:01+00:00","article_modified_time":"2026-08-12T13:01:31+00:00","og_image":[{"width":1280,"height":724,"url":"https:\/\/epochtimestr.com\/wp-content\/uploads\/2011y\/pixabay1-3.jpg","type":"image\/jpeg"}],"author":"Reyhan \u00c7orbac\u0131","twitter_card":"summary_large_image","twitter_creator":"@TheEpochTimesTR","twitter_site":"@TheEpochTimesTR","twitter_misc":{"Yazan:":"Reyhan \u00c7orbac\u0131","Tahmini okuma s\u00fcresi":"4 dakika"},"schema":{"@context":"https:\/\/schema.org","@graph":[{"@type":"Article","@id":"https:\/\/epochtimestr.com\/index.php\/dr-couceiro-dunyada-plastik-kullanan-tek-canli-turu-insan#article","isPartOf":{"@id":"https:\/\/epochtimestr.com\/index.php\/dr-couceiro-dunyada-plastik-kullanan-tek-canli-turu-insan"},"author":{"name":"Reyhan \u00c7orbac\u0131","@id":"https:\/\/epochtimestr.com\/#\/schema\/person\/68cb304e55f0b73a4e785d2cd1ba5308"},"headline":"Dr. Couceiro: D\u00fcnyada Plastik Kullanan Tek Canl\u0131 T\u00fcr\u00fc \u0130nsan","datePublished":"2026-08-12T13:01:01+00:00","dateModified":"2026-08-12T13:01:31+00:00","mainEntityOfPage":{"@id":"https:\/\/epochtimestr.com\/index.php\/dr-couceiro-dunyada-plastik-kullanan-tek-canli-turu-insan"},"wordCount":817,"commentCount":0,"publisher":{"@id":"https:\/\/epochtimestr.com\/#organization"},"image":{"@id":"https:\/\/epochtimestr.com\/index.php\/dr-couceiro-dunyada-plastik-kullanan-tek-canli-turu-insan#primaryimage"},"thumbnailUrl":"https:\/\/epochtimestr.com\/wp-content\/uploads\/2011y\/pixabay1-3.jpg","keywords":["Do\u011fu \u00c7in","mikroplastik","Prof. Dr. Couceiro"],"articleSection":["Bilimsel Ke\u015fifler","\u00c7evre ve Do\u011fa","ED\u0130T\u00d6R\u00dcN SE\u00c7\u0130M\u0130"],"inLanguage":"tr","potentialAction":[{"@type":"CommentAction","name":"Comment","target":["https:\/\/epochtimestr.com\/index.php\/dr-couceiro-dunyada-plastik-kullanan-tek-canli-turu-insan#respond"]}]},{"@type":"WebPage","@id":"https:\/\/epochtimestr.com\/index.php\/dr-couceiro-dunyada-plastik-kullanan-tek-canli-turu-insan","url":"https:\/\/epochtimestr.com\/index.php\/dr-couceiro-dunyada-plastik-kullanan-tek-canli-turu-insan","name":"Dr. Couceiro: D\u00fcnyada Plastik Kullanan Tek Canl\u0131 T\u00fcr\u00fc \u0130nsan - The Epoch Times TR","isPartOf":{"@id":"https:\/\/epochtimestr.com\/#website"},"primaryImageOfPage":{"@id":"https:\/\/epochtimestr.com\/index.php\/dr-couceiro-dunyada-plastik-kullanan-tek-canli-turu-insan#primaryimage"},"image":{"@id":"https:\/\/epochtimestr.com\/index.php\/dr-couceiro-dunyada-plastik-kullanan-tek-canli-turu-insan#primaryimage"},"thumbnailUrl":"https:\/\/epochtimestr.com\/wp-content\/uploads\/2011y\/pixabay1-3.jpg","datePublished":"2026-08-12T13:01:01+00:00","dateModified":"2026-08-12T13:01:31+00:00","description":"Prof. Dr. Couceiro, \"Bu gezegende plastik kullanan tek bir canl\u0131 grubu var: o da biz insanlar. Acilen k\u00fcresel \u00e7\u00f6z\u00fcme ihtiyac\u0131m\u0131z var\"dedi.","inLanguage":"tr","potentialAction":[{"@type":"ReadAction","target":["https:\/\/epochtimestr.com\/index.php\/dr-couceiro-dunyada-plastik-kullanan-tek-canli-turu-insan"]}]},{"@type":"ImageObject","inLanguage":"tr","@id":"https:\/\/epochtimestr.com\/index.php\/dr-couceiro-dunyada-plastik-kullanan-tek-canli-turu-insan#primaryimage","url":"https:\/\/epochtimestr.com\/wp-content\/uploads\/2011y\/pixabay1-3.jpg","contentUrl":"https:\/\/epochtimestr.com\/wp-content\/uploads\/2011y\/pixabay1-3.jpg","width":1280,"height":724},{"@type":"WebSite","@id":"https:\/\/epochtimestr.com\/#website","url":"https:\/\/epochtimestr.com\/","name":"The Epoch Times TR","description":"De\u011fi\u015fen D\u00fcnyam\u0131za Taze Bir Bak\u0131\u015f","publisher":{"@id":"https:\/\/epochtimestr.com\/#organization"},"potentialAction":[{"@type":"SearchAction","target":{"@type":"EntryPoint","urlTemplate":"https:\/\/epochtimestr.com\/?s={search_term_string}"},"query-input":"required name=search_term_string"}],"inLanguage":"tr"},{"@type":"Organization","@id":"https:\/\/epochtimestr.com\/#organization","name":"The EpochTimes T\u00fcrkiye","url":"https:\/\/epochtimestr.com\/","logo":{"@type":"ImageObject","inLanguage":"tr","@id":"https:\/\/epochtimestr.com\/#\/schema\/logo\/image\/","url":"https:\/\/epochtimestr.com\/wp-content\/uploads\/2011y\/ET-Logo-YG.jpg","contentUrl":"https:\/\/epochtimestr.com\/wp-content\/uploads\/2011y\/ET-Logo-YG.jpg","width":346,"height":29,"caption":"The EpochTimes T\u00fcrkiye"},"image":{"@id":"https:\/\/epochtimestr.com\/#\/schema\/logo\/image\/"},"sameAs":["https:\/\/www.facebook.com\/theepochtimestr","https:\/\/x.com\/TheEpochTimesTR","https:\/\/www.instagram.com\/epochtimestr"]},{"@type":"Person","@id":"https:\/\/epochtimestr.com\/#\/schema\/person\/68cb304e55f0b73a4e785d2cd1ba5308","name":"Reyhan \u00c7orbac\u0131","image":{"@type":"ImageObject","inLanguage":"tr","@id":"https:\/\/epochtimestr.com\/#\/schema\/person\/image\/","url":"https:\/\/secure.gravatar.com\/avatar\/8bceee79f3a75100aa05f62a5dd2a5b0?s=96&d=mm&r=g","contentUrl":"https:\/\/secure.gravatar.com\/avatar\/8bceee79f3a75100aa05f62a5dd2a5b0?s=96&d=mm&r=g","caption":"Reyhan \u00c7orbac\u0131"},"url":"https:\/\/epochtimestr.com\/index.php\/author\/reyhan"}]}},"_links":{"self":[{"href":"https:\/\/epochtimestr.com\/index.php\/wp-json\/wp\/v2\/posts\/170142"}],"collection":[{"href":"https:\/\/epochtimestr.com\/index.php\/wp-json\/wp\/v2\/posts"}],"about":[{"href":"https:\/\/epochtimestr.com\/index.php\/wp-json\/wp\/v2\/types\/post"}],"author":[{"embeddable":true,"href":"https:\/\/epochtimestr.com\/index.php\/wp-json\/wp\/v2\/users\/13981"}],"replies":[{"embeddable":true,"href":"https:\/\/epochtimestr.com\/index.php\/wp-json\/wp\/v2\/comments?post=170142"}],"version-history":[{"count":4,"href":"https:\/\/epochtimestr.com\/index.php\/wp-json\/wp\/v2\/posts\/170142\/revisions"}],"predecessor-version":[{"id":170231,"href":"https:\/\/epochtimestr.com\/index.php\/wp-json\/wp\/v2\/posts\/170142\/revisions\/170231"}],"wp:featuredmedia":[{"embeddable":true,"href":"https:\/\/epochtimestr.com\/index.php\/wp-json\/wp\/v2\/media\/170143"}],"wp:attachment":[{"href":"https:\/\/epochtimestr.com\/index.php\/wp-json\/wp\/v2\/media?parent=170142"}],"wp:term":[{"taxonomy":"category","embeddable":true,"href":"https:\/\/epochtimestr.com\/index.php\/wp-json\/wp\/v2\/categories?post=170142"},{"taxonomy":"post_tag","embeddable":true,"href":"https:\/\/epochtimestr.com\/index.php\/wp-json\/wp\/v2\/tags?post=170142"}],"curies":[{"name":"wp","href":"https:\/\/api.w.org\/{rel}","templated":true}]}}