{"id":170148,"date":"2026-08-10T23:46:12","date_gmt":"2026-08-10T20:46:12","guid":{"rendered":"https:\/\/epochtimestr.com\/?p=170148"},"modified":"2026-08-10T23:46:13","modified_gmt":"2026-08-10T20:46:13","slug":"bilgesu-erenus-son-yolculuguna-ugurlandi","status":"publish","type":"post","link":"https:\/\/epochtimestr.com\/index.php\/bilgesu-erenus-son-yolculuguna-ugurlandi","title":{"rendered":"Bilgesu Erenus Son Yolculu\u011funa u\u011furland\u0131"},"content":{"rendered":"<div class=\"wp-block-image\">\n<figure class=\"aligncenter size-full is-resized\"><img loading=\"lazy\" decoding=\"async\" width=\"768\" height=\"600\" src=\"https:\/\/epochtimestr.com\/wp-content\/uploads\/2011y\/erenus.jpg\" alt=\"\" class=\"wp-image-170149\" style=\"width:768px;height:auto\" srcset=\"https:\/\/epochtimestr.com\/wp-content\/uploads\/2011y\/erenus.jpg 768w, https:\/\/epochtimestr.com\/wp-content\/uploads\/2011y\/erenus-300x234.jpg 300w, https:\/\/epochtimestr.com\/wp-content\/uploads\/2011y\/erenus-150x117.jpg 150w\" sizes=\"(max-width: 768px) 100vw, 768px\" \/><figcaption class=\"wp-element-caption\">Bilgesu Erenus son yolculu\u011funa u\u011furland\u0131. Erenus Nakka\u015ftepe&#8217;de topra\u011fa verildi. (Foto\u011fraf: BilgesuErenus.com sitesi)<\/figcaption><\/figure><\/div>\n\n\n<h2 class=\"wp-block-heading\">Bilgesu Erenus, \u0130stanbul&#8217;da Harbiye Muhsin Ertu\u011frul Sahnesi\u2019nde d\u00fczenlenen t\u00f6renin ard\u0131ndan Nakka\u015ftepe&#8217;de topra\u011fa verildi.<\/h2>\n\n\n\n<p>Senarist, oyun yazar\u0131, aktivist ve m\u00fczisyen kimli\u011fiyle tan\u0131nan, T\u00fcrk sanat ve edebiyat d\u00fcnyas\u0131n\u0131n \u00f6nde gelen isimlerinden, 83 ya\u015f\u0131ndaki Bilgesu Erenus, 5 A\u011fustos&#8217;ta son yolculu\u011funa u\u011furland\u0131. Erenus i\u00e7in ilk t\u00f6ren \u0130stanbul&#8217;da Harbiye Muhsin Ertu\u011frul Sahnesi\u2019nde d\u00fczenlendi. Ailesi, yak\u0131nlar\u0131 ve sanat d\u00fcnyas\u0131ndan pek \u00e7ok ismin kat\u0131ld\u0131\u011f\u0131 t\u00f6ren, Erenus i\u00e7in haz\u0131rlanan video g\u00f6sterimiyle ba\u015flad\u0131.<\/p>\n\n\n\n<p>T\u00f6rene, Erenus\u2019un o\u011flu Ali Erenus, \u015eehir Tiyatrolar\u0131 Genel Sanat Y\u00f6netmeni Ay\u015feg\u00fcl \u0130\u015fsever, \u0130BB K\u00fclt\u00fcr Daire Ba\u015fkan\u0131 T. Volkan Aslan, T\u00fcrkiye Yazarlar Sendikas\u0131 2\u2019nci Ba\u015fkan\u0131 Mustafa K\u00f6z, <a href=\"https:\/\/epochtimestr.com\/index.php\/ibb-sehir-tiyatrolari-2024-2025-repertuvarini-baris-temasiyla-acikladi\" target=\"_blank\" rel=\"noreferrer noopener\">tiyatro sanat\u00e7\u0131lar\u0131<\/a> ve sevenleri kat\u0131ld\u0131. Eraslan Sa\u011flam\u2019\u0131n sundu\u011fu t\u00f6rende; Genel Sanat Y\u00f6netmeni Ay\u015feg\u00fcl \u0130\u015fsever, sanat\u00e7\u0131n\u0131n o\u011flu Ali Erenus\u2019un yan\u0131 s\u0131ra G\u00f6khan Aktemur, Hilmi Zafer \u015eahin, U\u011furtan Atakan s\u00f6z ald\u0131.<\/p>\n\n\n\n<p>T\u00f6rende \u015eehir Tiyatrolar\u0131 Genel Sanat Y\u00f6netmeni \u0130\u015fsever yapt\u0131\u011f\u0131 konu\u015fmada,<\/p>\n\n\n\n<p>\u201cT\u00fcrkiye \u00e7ok \u00f6zel bir han\u0131mefendiyi kaybetti. Bu d\u00fcnyadan bir Bilgesu Erenus ge\u00e7ti. Kendi \u00fclkesinin dertleriyle dertlenen, kendi \u00fclkesinin insanlar\u0131n\u0131n dertleriyle dertlenen, onlar\u0131 kendine dert edinen ve cesaretle onlar\u0131 hi\u00e7 yaln\u0131z b\u0131rakmadan yanlar\u0131nda olan \u00e7ok de\u011ferli bir ayd\u0131n\u0131 kaybetti. San\u0131yorum ki yoklu\u011fundan sonra onu daha fazla \u00f6zleyece\u011fiz. Biz bu evde onu her zaman sevgi, sayg\u0131, h\u00fcrmet ve \u00f6zlemle anaca\u011f\u0131z\u201d dedi.<\/p>\n\n\n\n<h3 class=\"wp-block-heading\">Erenus\u2019un o\u011flu, m\u00fczisyen Ali Erenus \u015f\u00f6yle konu\u015ftu: <\/h3>\n\n\n\n<p>\u201cBilgesu Erenus hayat yolculu\u011funda daima ezilenlerin, zorda olan\u0131n yan\u0131nda oldu. Hi\u00e7bir menfaat u\u011fruna g\u00f6r\u00fc\u015f\u00fcn\u00fc, duru\u015funu de\u011fi\u015ftirmedi. \u00d6nc\u00fc oldu, yol a\u00e7t\u0131, yol g\u00f6sterdi. Beraber yola \u00e7\u0131kt\u0131\u011f\u0131 arkada\u015flar\u0131n\u0131n baz\u0131lar\u0131 onu yolda cebi b\u00fcy\u00fck yap\u0131mc\u0131larla, medya patronlar\u0131yla ve g\u00fc\u00e7l\u00fc siyasal fig\u00fcrlerle de\u011fi\u015ftirdiler. Ama o hi\u00e7 yaln\u0131z kalmad\u0131.<\/p>\n\n\n\n<p>Eylemlerine destek verdi\u011fi \u00f6\u011frenciler, i\u015f\u00e7iler, memurlar, \u2018Cumartesi Anneleri\u2019 ve elinin, kalbinin dokundu\u011fu daha niceleri onu hi\u00e7 unutmad\u0131lar. Vefat\u0131n\u0131n ard\u0131ndan sonra ismi Bilgesu olan bir\u00e7ok gen\u00e7 bize ula\u015ft\u0131. Kimi doktor olmu\u015f, \u015fifa da\u011f\u0131t\u0131yor. Kimi Van Devlet Tiyatrosu\u2019nda oyuncu. Biliyorum ki ismi Bilgesu olan onlarca gen\u00e7 kad\u0131n\u0131n d\u0131\u015f\u0131nda ismini almasalar da onun hayattaki duru\u015funu \u00f6rnek alan binlerce gen\u00e7 kad\u0131n ve gen\u00e7 erkek var. Bilgeli\u011fini insanl\u0131\u011f\u0131na yans\u0131tabilen, hayat\u0131na dokundu\u011fu insanlarda ger\u00e7ekten bir fark yaratabilen, \u2018ayd\u0131n\u2019 kelimesinin i\u00e7ini hakk\u0131yla dolduran biriydi Bilgesu Erenus.\u201d<\/p>\n\n\n\n<p>Erenus konu\u015fmas\u0131n\u0131, annesinin \u00e7ok sevdi\u011fi \u015fark\u0131 olan, \u201cGracias a la Vida\u201d ile sonland\u0131rd\u0131.<\/p>\n\n\n\n<p>Harbiye Muhsin Ertu\u011frul Sahnesi\u2019ndeki t\u00f6renden sonra Erenus, \u00f6\u011fle namaz\u0131n\u0131n ard\u0131ndan Kuzguncuk Camisi\u2019nde k\u0131l\u0131nan cenaze namaz\u0131ndan sonra Nakka\u015ftepe Mezarl\u0131\u011f\u0131\u2019nda topra\u011fa verildi.<\/p>\n\n\n<div class=\"wp-block-image\">\n<figure class=\"aligncenter size-full\"><img loading=\"lazy\" decoding=\"async\" width=\"768\" height=\"600\" src=\"https:\/\/epochtimestr.com\/wp-content\/uploads\/2011y\/bilgesu.jpg\" alt=\"(Foto\u011fraf: BilgesuErenus.com sitesi)\" class=\"wp-image-170150\" srcset=\"https:\/\/epochtimestr.com\/wp-content\/uploads\/2011y\/bilgesu.jpg 768w, https:\/\/epochtimestr.com\/wp-content\/uploads\/2011y\/bilgesu-300x234.jpg 300w, https:\/\/epochtimestr.com\/wp-content\/uploads\/2011y\/bilgesu-150x117.jpg 150w\" sizes=\"(max-width: 768px) 100vw, 768px\" \/><figcaption class=\"wp-element-caption\">(Foto\u011fraf: BilgesuErenus.com sitesi)<\/figcaption><\/figure><\/div>\n\n\n<h3 class=\"wp-block-heading\">Bilgesu Erenus kimdir?<\/h3>\n\n\n\n<p>Babas\u0131n\u0131n kaymakam olarak g\u00f6rev yapt\u0131\u011f\u0131 Bilecik G\u00f6lpazar\u0131&#8217;nda, 1943 y\u0131l\u0131nda do\u011fdu. Kad\u0131k\u00f6y K\u0131z Koleji&#8217;nin ard\u0131ndan, bir s\u00fcre hukuk ve konservatuar e\u011fitiminde, g\u00fcn\u00fcm\u00fczde Halkla \u0130li\u015fkiler Fak\u00fcltesi olarak an\u0131lan, \u0130stanbul \u00dcniversitesi Gazetecilik Enstit\u00fcs\u00fc&#8217;n\u00fc bitirdi.<\/p>\n\n\n\n<p>1965-73 y\u0131llar\u0131 aras\u0131nda TRT&#8217;de \u00e7al\u0131\u015ft\u0131. TRT&#8217;den ayr\u0131ld\u0131ktan sonra TRT&#8217;yi, AST&#8217;la birlikte as\u0131l okullar\u0131 aras\u0131nda sayd\u0131. 1977-79&#8217;da Aziz Nesin Ba\u015fkanl\u0131\u011f\u0131ndaki T\u00fcrkiye Yazarlar Sendikas\u0131 Y\u00f6netim Kurulu&#8217;nda g\u00f6rev ald\u0131.<\/p>\n\n\n\n<p>\u0130lk oyunu \u201cEl Kap\u0131s\u0131\u201d 1973 y\u0131l\u0131nda Ankara Sanat Tiyatrosu\u2019nda sahnelendi. Ard\u0131ndan \u201cOrtak\u201d isimli oyunu Dostlar Tiyatrosu\u2019nda, \u201cNereye Payidar\u201d Ankara Sanat Tiyatrosu\u2019nda sahnelendi. \u201c\u0130kili Oyun\u201dla Avni Dilligil \u00d6d\u00fcl\u00fc\u2019n\u00fc kazanarak ba\u011f\u0131ms\u0131z kad\u0131n oyun yazar\u0131 olarak ismini duyurdu.<\/p>\n\n\n\n<p>Oyun yazarl\u0131\u011f\u0131yla beraber ayd\u0131n sorumlulu\u011funu her d\u00f6nem ta\u015f\u0131yan Erenus, 1984 y\u0131l\u0131nda Kenan Evren idaresine kar\u015f\u0131 olu\u015fturulan Ayd\u0131nlar Bildirgesi\u2019ni \u00c7ankaya\u2019ya ta\u015f\u0131yanlar aras\u0131ndayd\u0131. Yal\u00e7\u0131n K\u00fc\u00e7\u00fck ve arkada\u015flar\u0131yla beraber \u00e7\u0131kard\u0131\u011f\u0131 Toplumsal Kurtulu\u015f dergisinde yaz\u0131lar\u0131 yay\u0131nland\u0131 ve derginin yasal sahipli\u011fini yapt\u0131.<\/p>\n\n\n\n<p>\u00c7ocuklar i\u00e7in yazmay\u0131 da b\u00fcy\u00fck bir sorumluluk olarak g\u00f6ren Erenus, 1979 D\u00fcnya \u00c7ocuk Y\u0131l\u0131 dolay\u0131s\u0131yla Milliyet Sanat Dergisi\u2019nin a\u00e7t\u0131\u011f\u0131 ve Haldun Taner\u2019in j\u00fcri ba\u015fkanl\u0131\u011f\u0131 yapt\u0131\u011f\u0131 yar\u0131\u015fmada \u201cBirbirine E\u015f Be\u015f Karde\u015f\u201d adl\u0131 oyunuyla birincilik \u00f6d\u00fcl\u00fc ald\u0131. 90\u2019l\u0131 y\u0131llarda yazd\u0131\u011f\u0131 \u201cAnya Manya Kumpanya\u201d ve 2010\u2019da yazd\u0131\u011f\u0131 \u201cKugu\u015fdili\u201d kitap olarak bas\u0131ld\u0131.<\/p>\n\n\n\n<p>Avrupa\u2019ya i\u015f\u00e7i olarak giden karakterlerin i\u015flendi\u011fi \u201cMisafir\u201d adl\u0131 oyunuyla Bilgesu Erenus ismi d\u00fcnya tiyatro literat\u00fcr\u00fcne de girdi. \u00d6zel tiyatrolar, Devlet Tiyatrolar\u0131, \u015eehir Tiyatrolar\u0131, amat\u00f6r gruplar, \u00fcniversitelerin yan\u0131 s\u0131ra Ankara Yar\u0131 A\u00e7\u0131k Cezaevi Mahkumlar\u0131 ve ayr\u0131ca Polis Akademisi dahil olmak \u00fczere say\u0131s\u0131z topluluk taraf\u0131ndan sahnelendi. Avrupa\u2019da ise \u00f6nce K\u00f6ln Arkada\u015f Theatre\u2019da, Fransa\u2019da I\u015f\u0131l Kasapo\u011flu rejisiyle sahnelendi ve oyun metni Frans\u0131zca kitap olarak bas\u0131ld\u0131. \u00c7e\u015fitli Avrupa \u00fclkelerinde defalarca sahnelenen Bilgesu Erenus\u2019un oyunlar\u0131 Amerika ve Kanada\u2019da da seyirciyle bulu\u015ftu.<\/p>\n\n\n\n<p>1996 y\u0131l\u0131nda iki ay Bayrampa\u015fa Cezaevi\u2019nde yatan Erenus, kad\u0131n mahkumlara \u0130ngilizce, m\u00fczik ve tiyatro e\u011fitimleri verdi. <\/p>\n","protected":false},"excerpt":{"rendered":"<p>Bilgesu Erenus, \u0130stanbul&#8217;da Harbiye Muhsin Ertu\u011frul Sahnesi\u2019nde d\u00fczenlenen t\u00f6renin ard\u0131ndan Nakka\u015ftepe&#8217;de topra\u011fa verildi. Senarist, oyun yazar\u0131, aktivist ve m\u00fczisyen kimli\u011fiyle tan\u0131nan, T\u00fcrk sanat ve edebiyat d\u00fcnyas\u0131n\u0131n \u00f6nde gelen isimlerinden, 83 ya\u015f\u0131ndaki Bilgesu Erenus, 5 A\u011fustos&#8217;ta son yolculu\u011funa u\u011furland\u0131. Erenus i\u00e7in ilk t\u00f6ren \u0130stanbul&#8217;da Harbiye Muhsin Ertu\u011frul Sahnesi\u2019nde d\u00fczenlendi. Ailesi, yak\u0131nlar\u0131 ve sanat d\u00fcnyas\u0131ndan pek \u00e7ok [&hellip;]<\/p>\n","protected":false},"author":12791,"featured_media":170149,"comment_status":"open","ping_status":"open","sticky":false,"template":"","format":"standard","meta":{"_yoast_wpseo_focuskw":"Bilgesu Erenus","_yoast_wpseo_title":"","_yoast_wpseo_metadesc":"Bilgesu Erenus i\u00e7in ilk t\u00f6ren \u0130stanbul'da Harbiye Muhsin Ertu\u011frul Sahnesi\u2019nde d\u00fczenlendi. Ard\u0131ndan Nakka\u015ftepe'de Topra\u011fa Verildi","_bbp_topic_count":0,"_bbp_reply_count":0,"_bbp_total_topic_count":0,"_bbp_total_reply_count":0,"_bbp_voice_count":0,"_bbp_anonymous_reply_count":0,"_bbp_topic_count_hidden":0,"_bbp_reply_count_hidden":0,"_bbp_forum_subforum_count":0,"footnotes":"","_yoast_wpseo_focuskw_text_input":""},"categories":[1,8138,6915],"tags":[12171,12169,12173,12172,151,12170,3079],"yoast_head":"<!-- This site is optimized with the Yoast SEO plugin v23.0 - https:\/\/yoast.com\/wordpress\/plugins\/seo\/ -->\n<title>Bilgesu Erenus Son Yolculu\u011funa u\u011furland\u0131 - The Epoch Times TR<\/title>\n<meta name=\"description\" content=\"Bilgesu Erenus i\u00e7in ilk t\u00f6ren \u0130stanbul&#039;da Harbiye Muhsin Ertu\u011frul Sahnesi\u2019nde d\u00fczenlendi. Ard\u0131ndan Nakka\u015ftepe&#039;de Topra\u011fa Verildi\" \/>\n<meta name=\"robots\" content=\"index, follow, max-snippet:-1, max-image-preview:large, max-video-preview:-1\" \/>\n<link rel=\"canonical\" href=\"https:\/\/epochtimestr.com\/index.php\/bilgesu-erenus-son-yolculuguna-ugurlandi\" \/>\n<meta property=\"og:locale\" content=\"tr_TR\" \/>\n<meta property=\"og:type\" content=\"article\" \/>\n<meta property=\"og:title\" content=\"Bilgesu Erenus Son Yolculu\u011funa u\u011furland\u0131 - The Epoch Times TR\" \/>\n<meta property=\"og:description\" content=\"Bilgesu Erenus i\u00e7in ilk t\u00f6ren \u0130stanbul&#039;da Harbiye Muhsin Ertu\u011frul Sahnesi\u2019nde d\u00fczenlendi. Ard\u0131ndan Nakka\u015ftepe&#039;de Topra\u011fa Verildi\" \/>\n<meta property=\"og:url\" content=\"https:\/\/epochtimestr.com\/index.php\/bilgesu-erenus-son-yolculuguna-ugurlandi\" \/>\n<meta property=\"og:site_name\" content=\"The Epoch Times TR\" \/>\n<meta property=\"article:publisher\" content=\"https:\/\/www.facebook.com\/theepochtimestr\" \/>\n<meta property=\"article:published_time\" content=\"2026-08-10T20:46:12+00:00\" \/>\n<meta property=\"article:modified_time\" content=\"2026-08-10T20:46:13+00:00\" \/>\n<meta property=\"og:image\" content=\"https:\/\/epochtimestr.com\/wp-content\/uploads\/2011y\/erenus.jpg\" \/>\n\t<meta property=\"og:image:width\" content=\"768\" \/>\n\t<meta property=\"og:image:height\" content=\"600\" \/>\n\t<meta property=\"og:image:type\" content=\"image\/jpeg\" \/>\n<meta name=\"author\" content=\"Haber Merkezi\" \/>\n<meta name=\"twitter:card\" content=\"summary_large_image\" \/>\n<meta name=\"twitter:creator\" content=\"@TheEpochTimesTR\" \/>\n<meta name=\"twitter:site\" content=\"@TheEpochTimesTR\" \/>\n<meta name=\"twitter:label1\" content=\"Yazan:\" \/>\n\t<meta name=\"twitter:data1\" content=\"Haber Merkezi\" \/>\n\t<meta name=\"twitter:label2\" content=\"Tahmini okuma s\u00fcresi\" \/>\n\t<meta name=\"twitter:data2\" content=\"5 dakika\" \/>\n<script type=\"application\/ld+json\" class=\"yoast-schema-graph\">{\"@context\":\"https:\/\/schema.org\",\"@graph\":[{\"@type\":\"Article\",\"@id\":\"https:\/\/epochtimestr.com\/index.php\/bilgesu-erenus-son-yolculuguna-ugurlandi#article\",\"isPartOf\":{\"@id\":\"https:\/\/epochtimestr.com\/index.php\/bilgesu-erenus-son-yolculuguna-ugurlandi\"},\"author\":{\"name\":\"Haber Merkezi\",\"@id\":\"https:\/\/epochtimestr.com\/#\/schema\/person\/3dc5c3adeb9f43923c5aa85889172fdd\"},\"headline\":\"Bilgesu Erenus Son Yolculu\u011funa u\u011furland\u0131\",\"datePublished\":\"2026-08-10T20:46:12+00:00\",\"dateModified\":\"2026-08-10T20:46:13+00:00\",\"mainEntityOfPage\":{\"@id\":\"https:\/\/epochtimestr.com\/index.php\/bilgesu-erenus-son-yolculuguna-ugurlandi\"},\"wordCount\":917,\"commentCount\":0,\"publisher\":{\"@id\":\"https:\/\/epochtimestr.com\/#organization\"},\"image\":{\"@id\":\"https:\/\/epochtimestr.com\/index.php\/bilgesu-erenus-son-yolculuguna-ugurlandi#primaryimage\"},\"thumbnailUrl\":\"https:\/\/epochtimestr.com\/wp-content\/uploads\/2011y\/erenus.jpg\",\"keywords\":[\"Avni Dilligil \u00d6d\u00fcl\u00fc\",\"Bilgesu Erenus\",\"Nakka\u015ftepe Mezarl\u0131\u011f\u0131\",\"oyun yazar\u0131\",\"tiyatro\",\"Toplumsal Kurtulu\u015f dergisi\",\"trt\"],\"articleSection\":[\"G\u00dcNDEM\",\"MAN\u015eET\",\"Sahne Sanatlar\u0131\"],\"inLanguage\":\"tr\",\"potentialAction\":[{\"@type\":\"CommentAction\",\"name\":\"Comment\",\"target\":[\"https:\/\/epochtimestr.com\/index.php\/bilgesu-erenus-son-yolculuguna-ugurlandi#respond\"]}]},{\"@type\":\"WebPage\",\"@id\":\"https:\/\/epochtimestr.com\/index.php\/bilgesu-erenus-son-yolculuguna-ugurlandi\",\"url\":\"https:\/\/epochtimestr.com\/index.php\/bilgesu-erenus-son-yolculuguna-ugurlandi\",\"name\":\"Bilgesu Erenus Son Yolculu\u011funa u\u011furland\u0131 - The Epoch Times TR\",\"isPartOf\":{\"@id\":\"https:\/\/epochtimestr.com\/#website\"},\"primaryImageOfPage\":{\"@id\":\"https:\/\/epochtimestr.com\/index.php\/bilgesu-erenus-son-yolculuguna-ugurlandi#primaryimage\"},\"image\":{\"@id\":\"https:\/\/epochtimestr.com\/index.php\/bilgesu-erenus-son-yolculuguna-ugurlandi#primaryimage\"},\"thumbnailUrl\":\"https:\/\/epochtimestr.com\/wp-content\/uploads\/2011y\/erenus.jpg\",\"datePublished\":\"2026-08-10T20:46:12+00:00\",\"dateModified\":\"2026-08-10T20:46:13+00:00\",\"description\":\"Bilgesu Erenus i\u00e7in ilk t\u00f6ren \u0130stanbul'da Harbiye Muhsin Ertu\u011frul Sahnesi\u2019nde d\u00fczenlendi. Ard\u0131ndan Nakka\u015ftepe'de Topra\u011fa Verildi\",\"inLanguage\":\"tr\",\"potentialAction\":[{\"@type\":\"ReadAction\",\"target\":[\"https:\/\/epochtimestr.com\/index.php\/bilgesu-erenus-son-yolculuguna-ugurlandi\"]}]},{\"@type\":\"ImageObject\",\"inLanguage\":\"tr\",\"@id\":\"https:\/\/epochtimestr.com\/index.php\/bilgesu-erenus-son-yolculuguna-ugurlandi#primaryimage\",\"url\":\"https:\/\/epochtimestr.com\/wp-content\/uploads\/2011y\/erenus.jpg\",\"contentUrl\":\"https:\/\/epochtimestr.com\/wp-content\/uploads\/2011y\/erenus.jpg\",\"width\":768,\"height\":600},{\"@type\":\"WebSite\",\"@id\":\"https:\/\/epochtimestr.com\/#website\",\"url\":\"https:\/\/epochtimestr.com\/\",\"name\":\"The Epoch Times TR\",\"description\":\"De\u011fi\u015fen D\u00fcnyam\u0131za Taze Bir Bak\u0131\u015f\",\"publisher\":{\"@id\":\"https:\/\/epochtimestr.com\/#organization\"},\"potentialAction\":[{\"@type\":\"SearchAction\",\"target\":{\"@type\":\"EntryPoint\",\"urlTemplate\":\"https:\/\/epochtimestr.com\/?s={search_term_string}\"},\"query-input\":\"required name=search_term_string\"}],\"inLanguage\":\"tr\"},{\"@type\":\"Organization\",\"@id\":\"https:\/\/epochtimestr.com\/#organization\",\"name\":\"The EpochTimes T\u00fcrkiye\",\"url\":\"https:\/\/epochtimestr.com\/\",\"logo\":{\"@type\":\"ImageObject\",\"inLanguage\":\"tr\",\"@id\":\"https:\/\/epochtimestr.com\/#\/schema\/logo\/image\/\",\"url\":\"https:\/\/epochtimestr.com\/wp-content\/uploads\/2011y\/ET-Logo-YG.jpg\",\"contentUrl\":\"https:\/\/epochtimestr.com\/wp-content\/uploads\/2011y\/ET-Logo-YG.jpg\",\"width\":346,\"height\":29,\"caption\":\"The EpochTimes T\u00fcrkiye\"},\"image\":{\"@id\":\"https:\/\/epochtimestr.com\/#\/schema\/logo\/image\/\"},\"sameAs\":[\"https:\/\/www.facebook.com\/theepochtimestr\",\"https:\/\/x.com\/TheEpochTimesTR\",\"https:\/\/www.instagram.com\/epochtimestr\"]},{\"@type\":\"Person\",\"@id\":\"https:\/\/epochtimestr.com\/#\/schema\/person\/3dc5c3adeb9f43923c5aa85889172fdd\",\"name\":\"Haber Merkezi\",\"image\":{\"@type\":\"ImageObject\",\"inLanguage\":\"tr\",\"@id\":\"https:\/\/epochtimestr.com\/#\/schema\/person\/image\/\",\"url\":\"https:\/\/secure.gravatar.com\/avatar\/d73f772ba5a74f28601361e17c2f93e6?s=96&d=mm&r=g\",\"contentUrl\":\"https:\/\/secure.gravatar.com\/avatar\/d73f772ba5a74f28601361e17c2f93e6?s=96&d=mm&r=g\",\"caption\":\"Haber Merkezi\"},\"url\":\"https:\/\/epochtimestr.com\/index.php\/author\/sendag\"}]}<\/script>\n<!-- \/ Yoast SEO plugin. -->","yoast_head_json":{"title":"Bilgesu Erenus Son Yolculu\u011funa u\u011furland\u0131 - The Epoch Times TR","description":"Bilgesu Erenus i\u00e7in ilk t\u00f6ren \u0130stanbul'da Harbiye Muhsin Ertu\u011frul Sahnesi\u2019nde d\u00fczenlendi. Ard\u0131ndan Nakka\u015ftepe'de Topra\u011fa Verildi","robots":{"index":"index","follow":"follow","max-snippet":"max-snippet:-1","max-image-preview":"max-image-preview:large","max-video-preview":"max-video-preview:-1"},"canonical":"https:\/\/epochtimestr.com\/index.php\/bilgesu-erenus-son-yolculuguna-ugurlandi","og_locale":"tr_TR","og_type":"article","og_title":"Bilgesu Erenus Son Yolculu\u011funa u\u011furland\u0131 - The Epoch Times TR","og_description":"Bilgesu Erenus i\u00e7in ilk t\u00f6ren \u0130stanbul'da Harbiye Muhsin Ertu\u011frul Sahnesi\u2019nde d\u00fczenlendi. Ard\u0131ndan Nakka\u015ftepe'de Topra\u011fa Verildi","og_url":"https:\/\/epochtimestr.com\/index.php\/bilgesu-erenus-son-yolculuguna-ugurlandi","og_site_name":"The Epoch Times TR","article_publisher":"https:\/\/www.facebook.com\/theepochtimestr","article_published_time":"2026-08-10T20:46:12+00:00","article_modified_time":"2026-08-10T20:46:13+00:00","og_image":[{"width":768,"height":600,"url":"https:\/\/epochtimestr.com\/wp-content\/uploads\/2011y\/erenus.jpg","type":"image\/jpeg"}],"author":"Haber Merkezi","twitter_card":"summary_large_image","twitter_creator":"@TheEpochTimesTR","twitter_site":"@TheEpochTimesTR","twitter_misc":{"Yazan:":"Haber Merkezi","Tahmini okuma s\u00fcresi":"5 dakika"},"schema":{"@context":"https:\/\/schema.org","@graph":[{"@type":"Article","@id":"https:\/\/epochtimestr.com\/index.php\/bilgesu-erenus-son-yolculuguna-ugurlandi#article","isPartOf":{"@id":"https:\/\/epochtimestr.com\/index.php\/bilgesu-erenus-son-yolculuguna-ugurlandi"},"author":{"name":"Haber Merkezi","@id":"https:\/\/epochtimestr.com\/#\/schema\/person\/3dc5c3adeb9f43923c5aa85889172fdd"},"headline":"Bilgesu Erenus Son Yolculu\u011funa u\u011furland\u0131","datePublished":"2026-08-10T20:46:12+00:00","dateModified":"2026-08-10T20:46:13+00:00","mainEntityOfPage":{"@id":"https:\/\/epochtimestr.com\/index.php\/bilgesu-erenus-son-yolculuguna-ugurlandi"},"wordCount":917,"commentCount":0,"publisher":{"@id":"https:\/\/epochtimestr.com\/#organization"},"image":{"@id":"https:\/\/epochtimestr.com\/index.php\/bilgesu-erenus-son-yolculuguna-ugurlandi#primaryimage"},"thumbnailUrl":"https:\/\/epochtimestr.com\/wp-content\/uploads\/2011y\/erenus.jpg","keywords":["Avni Dilligil \u00d6d\u00fcl\u00fc","Bilgesu Erenus","Nakka\u015ftepe Mezarl\u0131\u011f\u0131","oyun yazar\u0131","tiyatro","Toplumsal Kurtulu\u015f dergisi","trt"],"articleSection":["G\u00dcNDEM","MAN\u015eET","Sahne Sanatlar\u0131"],"inLanguage":"tr","potentialAction":[{"@type":"CommentAction","name":"Comment","target":["https:\/\/epochtimestr.com\/index.php\/bilgesu-erenus-son-yolculuguna-ugurlandi#respond"]}]},{"@type":"WebPage","@id":"https:\/\/epochtimestr.com\/index.php\/bilgesu-erenus-son-yolculuguna-ugurlandi","url":"https:\/\/epochtimestr.com\/index.php\/bilgesu-erenus-son-yolculuguna-ugurlandi","name":"Bilgesu Erenus Son Yolculu\u011funa u\u011furland\u0131 - The Epoch Times TR","isPartOf":{"@id":"https:\/\/epochtimestr.com\/#website"},"primaryImageOfPage":{"@id":"https:\/\/epochtimestr.com\/index.php\/bilgesu-erenus-son-yolculuguna-ugurlandi#primaryimage"},"image":{"@id":"https:\/\/epochtimestr.com\/index.php\/bilgesu-erenus-son-yolculuguna-ugurlandi#primaryimage"},"thumbnailUrl":"https:\/\/epochtimestr.com\/wp-content\/uploads\/2011y\/erenus.jpg","datePublished":"2026-08-10T20:46:12+00:00","dateModified":"2026-08-10T20:46:13+00:00","description":"Bilgesu Erenus i\u00e7in ilk t\u00f6ren \u0130stanbul'da Harbiye Muhsin Ertu\u011frul Sahnesi\u2019nde d\u00fczenlendi. Ard\u0131ndan Nakka\u015ftepe'de Topra\u011fa Verildi","inLanguage":"tr","potentialAction":[{"@type":"ReadAction","target":["https:\/\/epochtimestr.com\/index.php\/bilgesu-erenus-son-yolculuguna-ugurlandi"]}]},{"@type":"ImageObject","inLanguage":"tr","@id":"https:\/\/epochtimestr.com\/index.php\/bilgesu-erenus-son-yolculuguna-ugurlandi#primaryimage","url":"https:\/\/epochtimestr.com\/wp-content\/uploads\/2011y\/erenus.jpg","contentUrl":"https:\/\/epochtimestr.com\/wp-content\/uploads\/2011y\/erenus.jpg","width":768,"height":600},{"@type":"WebSite","@id":"https:\/\/epochtimestr.com\/#website","url":"https:\/\/epochtimestr.com\/","name":"The Epoch Times TR","description":"De\u011fi\u015fen D\u00fcnyam\u0131za Taze Bir Bak\u0131\u015f","publisher":{"@id":"https:\/\/epochtimestr.com\/#organization"},"potentialAction":[{"@type":"SearchAction","target":{"@type":"EntryPoint","urlTemplate":"https:\/\/epochtimestr.com\/?s={search_term_string}"},"query-input":"required name=search_term_string"}],"inLanguage":"tr"},{"@type":"Organization","@id":"https:\/\/epochtimestr.com\/#organization","name":"The EpochTimes T\u00fcrkiye","url":"https:\/\/epochtimestr.com\/","logo":{"@type":"ImageObject","inLanguage":"tr","@id":"https:\/\/epochtimestr.com\/#\/schema\/logo\/image\/","url":"https:\/\/epochtimestr.com\/wp-content\/uploads\/2011y\/ET-Logo-YG.jpg","contentUrl":"https:\/\/epochtimestr.com\/wp-content\/uploads\/2011y\/ET-Logo-YG.jpg","width":346,"height":29,"caption":"The EpochTimes T\u00fcrkiye"},"image":{"@id":"https:\/\/epochtimestr.com\/#\/schema\/logo\/image\/"},"sameAs":["https:\/\/www.facebook.com\/theepochtimestr","https:\/\/x.com\/TheEpochTimesTR","https:\/\/www.instagram.com\/epochtimestr"]},{"@type":"Person","@id":"https:\/\/epochtimestr.com\/#\/schema\/person\/3dc5c3adeb9f43923c5aa85889172fdd","name":"Haber Merkezi","image":{"@type":"ImageObject","inLanguage":"tr","@id":"https:\/\/epochtimestr.com\/#\/schema\/person\/image\/","url":"https:\/\/secure.gravatar.com\/avatar\/d73f772ba5a74f28601361e17c2f93e6?s=96&d=mm&r=g","contentUrl":"https:\/\/secure.gravatar.com\/avatar\/d73f772ba5a74f28601361e17c2f93e6?s=96&d=mm&r=g","caption":"Haber Merkezi"},"url":"https:\/\/epochtimestr.com\/index.php\/author\/sendag"}]}},"_links":{"self":[{"href":"https:\/\/epochtimestr.com\/index.php\/wp-json\/wp\/v2\/posts\/170148"}],"collection":[{"href":"https:\/\/epochtimestr.com\/index.php\/wp-json\/wp\/v2\/posts"}],"about":[{"href":"https:\/\/epochtimestr.com\/index.php\/wp-json\/wp\/v2\/types\/post"}],"author":[{"embeddable":true,"href":"https:\/\/epochtimestr.com\/index.php\/wp-json\/wp\/v2\/users\/12791"}],"replies":[{"embeddable":true,"href":"https:\/\/epochtimestr.com\/index.php\/wp-json\/wp\/v2\/comments?post=170148"}],"version-history":[{"count":2,"href":"https:\/\/epochtimestr.com\/index.php\/wp-json\/wp\/v2\/posts\/170148\/revisions"}],"predecessor-version":[{"id":170153,"href":"https:\/\/epochtimestr.com\/index.php\/wp-json\/wp\/v2\/posts\/170148\/revisions\/170153"}],"wp:featuredmedia":[{"embeddable":true,"href":"https:\/\/epochtimestr.com\/index.php\/wp-json\/wp\/v2\/media\/170149"}],"wp:attachment":[{"href":"https:\/\/epochtimestr.com\/index.php\/wp-json\/wp\/v2\/media?parent=170148"}],"wp:term":[{"taxonomy":"category","embeddable":true,"href":"https:\/\/epochtimestr.com\/index.php\/wp-json\/wp\/v2\/categories?post=170148"},{"taxonomy":"post_tag","embeddable":true,"href":"https:\/\/epochtimestr.com\/index.php\/wp-json\/wp\/v2\/tags?post=170148"}],"curies":[{"name":"wp","href":"https:\/\/api.w.org\/{rel}","templated":true}]}}