{"id":170222,"date":"2026-08-12T16:15:31","date_gmt":"2026-08-12T13:15:31","guid":{"rendered":"https:\/\/epochtimestr.com\/?p=170222"},"modified":"2026-08-12T16:15:33","modified_gmt":"2026-08-12T13:15:33","slug":"enerji-bakanligina-yurumek-isteyen-madencilere-polis-ablukasi","status":"publish","type":"post","link":"https:\/\/epochtimestr.com\/index.php\/enerji-bakanligina-yurumek-isteyen-madencilere-polis-ablukasi","title":{"rendered":"Enerji Bakanl\u0131\u011f\u0131&#8217;na Y\u00fcr\u00fcmek \u0130steyen Madencilere Polis Ablukas\u0131"},"content":{"rendered":"<div class=\"wp-block-image\">\n<figure class=\"aligncenter size-full is-resized\"><img loading=\"lazy\" decoding=\"async\" width=\"2048\" height=\"943\" src=\"https:\/\/epochtimestr.com\/wp-content\/uploads\/2011y\/sendika.org_-1.jpg\" alt=\"Enerji Bakanl\u0131\u011f\u0131'na y\u00fcr\u00fcmek isteyen maden i\u015f\u00e7ilerine bir kez daha polis ablukas\u0131. (Foto\u011fraf: Sendika.org)\" class=\"wp-image-170223\" style=\"width:840px;height:auto\" srcset=\"https:\/\/epochtimestr.com\/wp-content\/uploads\/2011y\/sendika.org_-1.jpg 2048w, https:\/\/epochtimestr.com\/wp-content\/uploads\/2011y\/sendika.org_-1-300x138.jpg 300w, https:\/\/epochtimestr.com\/wp-content\/uploads\/2011y\/sendika.org_-1-150x69.jpg 150w, https:\/\/epochtimestr.com\/wp-content\/uploads\/2011y\/sendika.org_-1-768x354.jpg 768w, https:\/\/epochtimestr.com\/wp-content\/uploads\/2011y\/sendika.org_-1-1536x707.jpg 1536w\" sizes=\"(max-width: 2048px) 100vw, 2048px\" \/><figcaption class=\"wp-element-caption\">Enerji Bakanl\u0131\u011f\u0131&#8217;na y\u00fcr\u00fcmek isteyen maden i\u015f\u00e7ilerine bir kez daha polis ablukas\u0131. (Foto\u011fraf: Sendika.org)<\/figcaption><\/figure><\/div>\n\n\n<h2 class=\"wp-block-heading\">\u00d6denmeyen \u00fccret ve tazminatlar\u0131 i\u00e7in eylemleri s\u00fcrd\u00fcren maden i\u015f\u00e7ileri Enerji Bakanl\u0131\u011f\u0131&#8217;na y\u00fcr\u00fcmek isteyince bir kez daha polis ablukas\u0131na al\u0131nd\u0131.<\/h2>\n\n\n\n<p>10 A\u011fustos&#8217;ta Ba\u011f\u0131ms\u0131z Maden-\u0130\u015f \u00f6nc\u00fcl\u00fc\u011f\u00fcndeki madenciler, \u00f6denmeyen alacaklar\u0131 i\u00e7in Enerji ve Tabii Kaynaklar Bakanl\u0131\u011f\u0131&#8217;na gitmek isterken, bakanl\u0131\u011f\u0131n kar\u015f\u0131s\u0131nda polis taraf\u0131ndan ablukaya al\u0131nm\u0131\u015ft\u0131.\u00a0Ankara Valili\u011fi&#8217;nin 15 g\u00fcnl\u00fck eylem yasa\u011f\u0131n\u0131n ard\u0131ndan i\u015f\u00e7ilerin Enerji ve Tabii Kaynaklar Bakanl\u0131\u011f\u0131 \u00f6n\u00fcnde beklemesine izin verildi. <a href=\"https:\/\/epochtimestr.com\/index.php\/enerji-bakanligi-onunde-madencilere-polis-saldirisi\" target=\"_blank\" rel=\"noreferrer noopener\">Madenciler<\/a>, bakanl\u0131kla yap\u0131lmas\u0131 planlanan g\u00f6r\u00fc\u015fmeyi bekliyor. Y\u0131ld\u0131zlar SSS Holding&#8217;e ba\u011fl\u0131 Doruk Madencilik i\u015f\u00e7ileri ve Elaz\u0131\u011f Maden&#8217;de bulunan Eti G\u00fcm\u00fc\u015f Maden i\u015f\u00e7ileri Ankara&#8217;daki \u00fc\u00e7\u00fcnc\u00fc g\u00fcn\u00fcnde bir kez daha Milli K\u00fct\u00fcphane Metro \u0130stasyonu \u00f6n\u00fcnde polis taraf\u0131ndan ablukaya al\u0131nd\u0131.<\/p>\n\n\n\n<p>Ba\u011f\u0131ms\u0131z Maden-\u0130\u015f \u00f6rg\u00fctlenme uzman\u0131 Ba\u015faran Aksu, yapt\u0131\u011f\u0131 a\u00e7\u0131klamada holdinglerin bakanl\u0131klarca korundu\u011funu, bu y\u00fczden hak gasp\u0131na cesaret edebildiklerini ifade etti. Aksu, yeniden g\u00f6zalt\u0131na al\u0131nmalar\u0131 halinde herkesi, bulundu\u011fu ilde meydanlara \u00e7\u0131karak hem madencinin sesine ses olmaya hem de kendi sorunlar\u0131n\u0131 dile getirmeye davet etti.<\/p>\n\n\n\n<p><strong>Madencilere \u00f6zel eylem yasa\u011f\u0131 karar\u0131<\/strong><\/p>\n\n\n\n<p>Ankara Valili\u011fi madencilerin eylemlerine i\u015faret ederek 9-23 A\u011fustos tarihleri aras\u0131nda eylem yasa\u011f\u0131 karar\u0131 ald\u0131. \u00dcstelik kararda eylemlerin yap\u0131ld\u0131\u011f\u0131 yer de belirtilirken yasa\u011f\u0131n kent genelinde oldu\u011fu ifade edildi.<\/p>\n\n\n\n<p><strong>Bas\u0131na da engel<\/strong><\/p>\n\n\n\n<p>Madenciler metro istasyonu \u00f6n\u00fcnde ablukaya al\u0131n\u0131rken polis kalkanlarla \u00e7evrede bulunanlar\u0131n madencileri g\u00f6rmesine engel oldu. Eylemi takip etmek isteyen bas\u0131n emek\u00e7ileri de bu keyfi engellemeden nasibini al\u0131yor.<\/p>\n\n\n\n<h3 class=\"wp-block-heading\">Ne olmu\u015ftu?<\/h3>\n\n\n\n<p>Elaz\u0131\u011f Maden&#8217;de bulunan Eti G\u00fcm\u00fc\u015f Madencilik&#8217;te Ekim 2024 itibariyle, o tarihte i\u015f ba\u015f\u0131nda olan 176 i\u015f\u00e7inin \u00fccretlerinde d\u00fczenli aksamalar meydana gelmeye ba\u015flad\u0131. Akabinde, i\u015f\u00e7iler 2025 \u015eubat ay\u0131 ve devam eden aylarda, idare taraf\u0131ndan \u00e7a\u011fr\u0131larak, \u00fccretsiz izin i\u00e7in onay imzas\u0131 vermeye zorland\u0131. 2025 Temmuz&#8217;da ise i\u00e7eride \u00e7al\u0131\u015fma tamamen durdu.<\/p>\n\n\n\n<p>Halen bir k\u0131s\u0131m i\u015f\u00e7i aktif sigortal\u0131 olmakla beraber, 2024 Ekim sonras\u0131nda bir kere haricinde maa\u015f \u00f6demeleri olmad\u0131. \u0130\u015f\u00e7ilerin bir\u00e7o\u011fu hakl\u0131 fesih yaparak, bir k\u0131sm\u0131 da izinli olduklar\u0131 d\u00f6nemde i\u015ften \u00e7\u0131kart\u0131larak farkl\u0131 i\u015flere ge\u00e7i\u015f yapt\u0131. \u015eu anda i\u015f\u00e7ilerin en az \u00fc\u00e7 maa\u015f alaca\u011f\u0131 var. Hi\u00e7 \u00fccretsiz izne \u00e7\u0131kart\u0131lmad\u0131\u011f\u0131 i\u00e7in 20 ayd\u0131r maa\u015f alamayan i\u015f\u00e7iler de var.<\/p>\n\n\n\n<p>Maa\u015f \u00f6dememe ve \u00fccretsiz izin dayatmas\u0131 ise ilk defa olan bir durum de\u011fil. Daha \u00f6nce de 3-4 ayl\u0131k maa\u015f birikmesi sonras\u0131nda \u00fccretsiz dayatmalar\u0131 yap\u0131lm\u0131\u015ft\u0131. Ancak hi\u00e7 bu seferki kadar uzun s\u00fcreli bir durum ya\u015fanmad\u0131.<\/p>\n\n\n\n<p>\u0130\u015f\u00e7ilerin bir k\u0131sm\u0131, i\u015fletmeden \u00fcmidi kestikten sonra farkl\u0131 yerlerde i\u015fe girdikleri i\u00e7in \u00f6demeye dair bir beklentileri olu\u015fmam\u0131\u015ft\u0131. Ancak Doruk Madencilik zaferi sonras\u0131nda i\u015f\u00e7iler de yeniden umutlanarak direni\u015f karar\u0131 ald\u0131.<\/p>\n\n\n\n<p>Direni\u015fi s\u00fcrd\u00fcren i\u015f\u00e7ilerin bir\u00e7o\u011fu, halen \u00fccretsiz izinde olan i\u015f\u00e7iler. Bir k\u0131sm\u0131 ise i\u015ften \u00e7\u0131km\u0131\u015f\/\u00e7\u0131kar\u0131lm\u0131\u015f olup, direni\u015fte yer al\u0131yor. Direni\u015fteki i\u015f\u00e7iler aras\u0131nda \u00fccretsiz izinde olmay\u0131p da sigortas\u0131 aktif \u00f6denen ancak 2024 Ekim\u2019den bu yana maa\u015f alamayan i\u015f\u00e7iler de var. Direni\u015fteki i\u015f\u00e7ilerin \u00e7o\u011funlu\u011fu i\u015f kazas\u0131 ge\u00e7irerek performans kayb\u0131 ya\u015fam\u0131\u015f, emekli, ya\u015fl\u0131lardan olu\u015fmaktad\u0131r. Emekli olmayan ve hasta olan i\u015f\u00e7ilerin, -\u00fccretsiz izin sebebiyle- aktif \u00f6denen sigorta primi olmad\u0131\u011f\u0131ndan ila\u00e7, tedavi, hastane ihtiya\u00e7lar\u0131 giderilemiyor.<\/p>\n\n\n\n<h3 class=\"wp-block-heading\">Doruk Madencilik i\u015f\u00e7ileri nisan ay\u0131nda Ankara&#8217;daki direni\u015flerini kazan\u0131mla sonu\u00e7land\u0131rm\u0131\u015ft\u0131.<\/h3>\n\n\n\n<p>Eti G\u00fcm\u00fc\u015f Maden i\u015f\u00e7ileri \u00f6denmeyen maa\u015flar\u0131n ve k\u0131dem tazminatlar\u0131n\u0131n bir an \u00f6nce yat\u0131r\u0131lmas\u0131n\u0131 talep ediyor. Elaz\u0131\u011f&#8217;da ba\u015flayan direni\u015f s\u00fcrecinde \u015firketle mutabakat sa\u011flanm\u0131\u015ft\u0131, ancak \u015firket verdi\u011fi s\u00f6z\u00fc tutmayarak maa\u015flar\u0131 yat\u0131rmad\u0131. Doruk Madencilik i\u015f\u00e7ileri ise nisan ay\u0131nda Ankara&#8217;daki direni\u015flerini kazan\u0131mla sonu\u00e7land\u0131rm\u0131\u015ft\u0131. Ancak i\u015f tefti\u015f raporlar\u0131nda i\u015f\u00e7ilerin \u00fccretsiz izin dayatmas\u0131n\u0131n yap\u0131ld\u0131\u011f\u0131 d\u00f6neme dair \u00fccret alacaklar\u0131 ve i\u015ften at\u0131lan i\u015f\u00e7ilere y\u00f6nelik sendikal tazminat ve ihbar tazminatlar\u0131 da \u00e7\u0131kt\u0131. \u0130\u015f\u00e7iler bu alacaklar\u0131n\u0131n da \u00f6denmesini istiyor.<\/p>\n\n\n\n<figure class=\"wp-block-embed is-type-rich is-provider-x wp-block-embed-x\"><div class=\"wp-block-embed__wrapper\">\n<blockquote class=\"twitter-tweet\" data-width=\"550\" data-dnt=\"true\"><p lang=\"tr\" dir=\"ltr\">Madenciler bir kez daha ablukada<br><br>Ba\u011f\u0131ms\u0131z Maden-\u0130\u015f \u00f6rg\u00fctlenme uzman\u0131 Ba\u015faran Aksu: &quot;G\u00f6zalt\u0131na al\u0131n\u0131rsak herkesi bulundu\u011fu ilde meydanlara \u00e7\u0131kmaya davet ediyoruz&quot;<a href=\"https:\/\/t.co\/YjANytpf5d\">https:\/\/t.co\/YjANytpf5d<\/a> <a href=\"https:\/\/t.co\/lwsk8D5aHA\">pic.twitter.com\/lwsk8D5aHA<\/a><\/p>&mdash; sendika.org (@sendika_org) <a href=\"https:\/\/x.com\/sendika_org\/status\/2087489750517084429?ref_src=twsrc%5Etfw\">August 12, 2026<\/a><\/blockquote><script async src=\"https:\/\/platform.x.com\/widgets.js\" charset=\"utf-8\"><\/script>\n<\/div><\/figure>\n","protected":false},"excerpt":{"rendered":"<p>\u00d6denmeyen \u00fccret ve tazminatlar\u0131 i\u00e7in eylemleri s\u00fcrd\u00fcren maden i\u015f\u00e7ileri Enerji Bakanl\u0131\u011f\u0131&#8217;na y\u00fcr\u00fcmek isteyince bir kez daha polis ablukas\u0131na al\u0131nd\u0131. 10 A\u011fustos&#8217;ta Ba\u011f\u0131ms\u0131z Maden-\u0130\u015f \u00f6nc\u00fcl\u00fc\u011f\u00fcndeki madenciler, \u00f6denmeyen alacaklar\u0131 i\u00e7in Enerji ve Tabii Kaynaklar Bakanl\u0131\u011f\u0131&#8217;na gitmek isterken, bakanl\u0131\u011f\u0131n kar\u015f\u0131s\u0131nda polis taraf\u0131ndan ablukaya al\u0131nm\u0131\u015ft\u0131.\u00a0Ankara Valili\u011fi&#8217;nin 15 g\u00fcnl\u00fck eylem yasa\u011f\u0131n\u0131n ard\u0131ndan i\u015f\u00e7ilerin Enerji ve Tabii Kaynaklar Bakanl\u0131\u011f\u0131 \u00f6n\u00fcnde beklemesine [&hellip;]<\/p>\n","protected":false},"author":12791,"featured_media":170223,"comment_status":"open","ping_status":"open","sticky":false,"template":"","format":"standard","meta":{"_yoast_wpseo_focuskw":"enerji - polis","_yoast_wpseo_title":"","_yoast_wpseo_metadesc":"\u00d6denmeyen \u00fccret ve tazminatlar\u0131 i\u00e7in eylemleri s\u00fcrd\u00fcren maden i\u015f\u00e7ileri Enerji Bakanl\u0131\u011f\u0131'na y\u00fcr\u00fcmek isteyince polis ablukas\u0131na al\u0131nd\u0131.","_bbp_topic_count":0,"_bbp_reply_count":0,"_bbp_total_topic_count":0,"_bbp_total_reply_count":0,"_bbp_voice_count":0,"_bbp_anonymous_reply_count":0,"_bbp_topic_count_hidden":0,"_bbp_reply_count_hidden":0,"_bbp_forum_subforum_count":0,"footnotes":"","_yoast_wpseo_focuskw_text_input":""},"categories":[1,8138,8226],"tags":[12199,12146,12147,12198,12200,12145],"yoast_head":"<!-- This site is optimized with the Yoast SEO plugin v23.0 - https:\/\/yoast.com\/wordpress\/plugins\/seo\/ -->\n<title>Enerji Bakanl\u0131\u011f\u0131&#039;na Y\u00fcr\u00fcmek \u0130steyen Madencilere Polis Ablukas\u0131 - The Epoch Times TR<\/title>\n<meta name=\"description\" content=\"\u00d6denmeyen \u00fccret ve tazminatlar\u0131 i\u00e7in eylemleri s\u00fcrd\u00fcren maden i\u015f\u00e7ileri Enerji Bakanl\u0131\u011f\u0131&#039;na y\u00fcr\u00fcmek isteyince polis ablukas\u0131na al\u0131nd\u0131.\" \/>\n<meta name=\"robots\" content=\"index, follow, max-snippet:-1, max-image-preview:large, max-video-preview:-1\" \/>\n<link rel=\"canonical\" href=\"https:\/\/epochtimestr.com\/index.php\/enerji-bakanligina-yurumek-isteyen-madencilere-polis-ablukasi\" \/>\n<meta property=\"og:locale\" content=\"tr_TR\" \/>\n<meta property=\"og:type\" content=\"article\" \/>\n<meta property=\"og:title\" content=\"Enerji Bakanl\u0131\u011f\u0131&#039;na Y\u00fcr\u00fcmek \u0130steyen Madencilere Polis Ablukas\u0131 - The Epoch Times TR\" \/>\n<meta property=\"og:description\" content=\"\u00d6denmeyen \u00fccret ve tazminatlar\u0131 i\u00e7in eylemleri s\u00fcrd\u00fcren maden i\u015f\u00e7ileri Enerji Bakanl\u0131\u011f\u0131&#039;na y\u00fcr\u00fcmek isteyince polis ablukas\u0131na al\u0131nd\u0131.\" \/>\n<meta property=\"og:url\" content=\"https:\/\/epochtimestr.com\/index.php\/enerji-bakanligina-yurumek-isteyen-madencilere-polis-ablukasi\" \/>\n<meta property=\"og:site_name\" content=\"The Epoch Times TR\" \/>\n<meta property=\"article:publisher\" content=\"https:\/\/www.facebook.com\/theepochtimestr\" \/>\n<meta property=\"article:published_time\" content=\"2026-08-12T13:15:31+00:00\" \/>\n<meta property=\"article:modified_time\" content=\"2026-08-12T13:15:33+00:00\" \/>\n<meta property=\"og:image\" content=\"https:\/\/epochtimestr.com\/wp-content\/uploads\/2011y\/sendika.org_-1.jpg\" \/>\n\t<meta property=\"og:image:width\" content=\"2048\" \/>\n\t<meta property=\"og:image:height\" content=\"943\" \/>\n\t<meta property=\"og:image:type\" content=\"image\/jpeg\" \/>\n<meta name=\"author\" content=\"Haber Merkezi\" \/>\n<meta name=\"twitter:card\" content=\"summary_large_image\" \/>\n<meta name=\"twitter:creator\" content=\"@TheEpochTimesTR\" \/>\n<meta name=\"twitter:site\" content=\"@TheEpochTimesTR\" \/>\n<meta name=\"twitter:label1\" content=\"Yazan:\" \/>\n\t<meta name=\"twitter:data1\" content=\"Haber Merkezi\" \/>\n\t<meta name=\"twitter:label2\" content=\"Tahmini okuma s\u00fcresi\" \/>\n\t<meta name=\"twitter:data2\" content=\"4 dakika\" \/>\n<script type=\"application\/ld+json\" class=\"yoast-schema-graph\">{\"@context\":\"https:\/\/schema.org\",\"@graph\":[{\"@type\":\"Article\",\"@id\":\"https:\/\/epochtimestr.com\/index.php\/enerji-bakanligina-yurumek-isteyen-madencilere-polis-ablukasi#article\",\"isPartOf\":{\"@id\":\"https:\/\/epochtimestr.com\/index.php\/enerji-bakanligina-yurumek-isteyen-madencilere-polis-ablukasi\"},\"author\":{\"name\":\"Haber Merkezi\",\"@id\":\"https:\/\/epochtimestr.com\/#\/schema\/person\/3dc5c3adeb9f43923c5aa85889172fdd\"},\"headline\":\"Enerji Bakanl\u0131\u011f\u0131&#8217;na Y\u00fcr\u00fcmek \u0130steyen Madencilere Polis Ablukas\u0131\",\"datePublished\":\"2026-08-12T13:15:31+00:00\",\"dateModified\":\"2026-08-12T13:15:33+00:00\",\"mainEntityOfPage\":{\"@id\":\"https:\/\/epochtimestr.com\/index.php\/enerji-bakanligina-yurumek-isteyen-madencilere-polis-ablukasi\"},\"wordCount\":738,\"commentCount\":0,\"publisher\":{\"@id\":\"https:\/\/epochtimestr.com\/#organization\"},\"image\":{\"@id\":\"https:\/\/epochtimestr.com\/index.php\/enerji-bakanligina-yurumek-isteyen-madencilere-polis-ablukasi#primaryimage\"},\"thumbnailUrl\":\"https:\/\/epochtimestr.com\/wp-content\/uploads\/2011y\/sendika.org_-1.jpg\",\"keywords\":[\"Ba\u011f\u0131ms\u0131z Maden-\u0130\u015f\",\"Doruk Madencilik\",\"Enerji ve Tabii Kaynaklar Bakanl\u0131\u011f\u0131\",\"madenciler\",\"Polis abl\u0131kas\u0131\",\"Y\u0131ld\u0131zlar SSS Holding\"],\"articleSection\":[\"G\u00dcNDEM\",\"MAN\u015eET\",\"Siyaset\"],\"inLanguage\":\"tr\",\"potentialAction\":[{\"@type\":\"CommentAction\",\"name\":\"Comment\",\"target\":[\"https:\/\/epochtimestr.com\/index.php\/enerji-bakanligina-yurumek-isteyen-madencilere-polis-ablukasi#respond\"]}]},{\"@type\":\"WebPage\",\"@id\":\"https:\/\/epochtimestr.com\/index.php\/enerji-bakanligina-yurumek-isteyen-madencilere-polis-ablukasi\",\"url\":\"https:\/\/epochtimestr.com\/index.php\/enerji-bakanligina-yurumek-isteyen-madencilere-polis-ablukasi\",\"name\":\"Enerji Bakanl\u0131\u011f\u0131'na Y\u00fcr\u00fcmek \u0130steyen Madencilere Polis Ablukas\u0131 - The Epoch Times TR\",\"isPartOf\":{\"@id\":\"https:\/\/epochtimestr.com\/#website\"},\"primaryImageOfPage\":{\"@id\":\"https:\/\/epochtimestr.com\/index.php\/enerji-bakanligina-yurumek-isteyen-madencilere-polis-ablukasi#primaryimage\"},\"image\":{\"@id\":\"https:\/\/epochtimestr.com\/index.php\/enerji-bakanligina-yurumek-isteyen-madencilere-polis-ablukasi#primaryimage\"},\"thumbnailUrl\":\"https:\/\/epochtimestr.com\/wp-content\/uploads\/2011y\/sendika.org_-1.jpg\",\"datePublished\":\"2026-08-12T13:15:31+00:00\",\"dateModified\":\"2026-08-12T13:15:33+00:00\",\"description\":\"\u00d6denmeyen \u00fccret ve tazminatlar\u0131 i\u00e7in eylemleri s\u00fcrd\u00fcren maden i\u015f\u00e7ileri Enerji Bakanl\u0131\u011f\u0131'na y\u00fcr\u00fcmek isteyince polis ablukas\u0131na al\u0131nd\u0131.\",\"inLanguage\":\"tr\",\"potentialAction\":[{\"@type\":\"ReadAction\",\"target\":[\"https:\/\/epochtimestr.com\/index.php\/enerji-bakanligina-yurumek-isteyen-madencilere-polis-ablukasi\"]}]},{\"@type\":\"ImageObject\",\"inLanguage\":\"tr\",\"@id\":\"https:\/\/epochtimestr.com\/index.php\/enerji-bakanligina-yurumek-isteyen-madencilere-polis-ablukasi#primaryimage\",\"url\":\"https:\/\/epochtimestr.com\/wp-content\/uploads\/2011y\/sendika.org_-1.jpg\",\"contentUrl\":\"https:\/\/epochtimestr.com\/wp-content\/uploads\/2011y\/sendika.org_-1.jpg\",\"width\":2048,\"height\":943},{\"@type\":\"WebSite\",\"@id\":\"https:\/\/epochtimestr.com\/#website\",\"url\":\"https:\/\/epochtimestr.com\/\",\"name\":\"The Epoch Times TR\",\"description\":\"De\u011fi\u015fen D\u00fcnyam\u0131za Taze Bir Bak\u0131\u015f\",\"publisher\":{\"@id\":\"https:\/\/epochtimestr.com\/#organization\"},\"potentialAction\":[{\"@type\":\"SearchAction\",\"target\":{\"@type\":\"EntryPoint\",\"urlTemplate\":\"https:\/\/epochtimestr.com\/?s={search_term_string}\"},\"query-input\":\"required name=search_term_string\"}],\"inLanguage\":\"tr\"},{\"@type\":\"Organization\",\"@id\":\"https:\/\/epochtimestr.com\/#organization\",\"name\":\"The EpochTimes T\u00fcrkiye\",\"url\":\"https:\/\/epochtimestr.com\/\",\"logo\":{\"@type\":\"ImageObject\",\"inLanguage\":\"tr\",\"@id\":\"https:\/\/epochtimestr.com\/#\/schema\/logo\/image\/\",\"url\":\"https:\/\/epochtimestr.com\/wp-content\/uploads\/2011y\/ET-Logo-YG.jpg\",\"contentUrl\":\"https:\/\/epochtimestr.com\/wp-content\/uploads\/2011y\/ET-Logo-YG.jpg\",\"width\":346,\"height\":29,\"caption\":\"The EpochTimes T\u00fcrkiye\"},\"image\":{\"@id\":\"https:\/\/epochtimestr.com\/#\/schema\/logo\/image\/\"},\"sameAs\":[\"https:\/\/www.facebook.com\/theepochtimestr\",\"https:\/\/x.com\/TheEpochTimesTR\",\"https:\/\/www.instagram.com\/epochtimestr\"]},{\"@type\":\"Person\",\"@id\":\"https:\/\/epochtimestr.com\/#\/schema\/person\/3dc5c3adeb9f43923c5aa85889172fdd\",\"name\":\"Haber Merkezi\",\"image\":{\"@type\":\"ImageObject\",\"inLanguage\":\"tr\",\"@id\":\"https:\/\/epochtimestr.com\/#\/schema\/person\/image\/\",\"url\":\"https:\/\/secure.gravatar.com\/avatar\/d73f772ba5a74f28601361e17c2f93e6?s=96&d=mm&r=g\",\"contentUrl\":\"https:\/\/secure.gravatar.com\/avatar\/d73f772ba5a74f28601361e17c2f93e6?s=96&d=mm&r=g\",\"caption\":\"Haber Merkezi\"},\"url\":\"https:\/\/epochtimestr.com\/index.php\/author\/sendag\"}]}<\/script>\n<!-- \/ Yoast SEO plugin. -->","yoast_head_json":{"title":"Enerji Bakanl\u0131\u011f\u0131'na Y\u00fcr\u00fcmek \u0130steyen Madencilere Polis Ablukas\u0131 - The Epoch Times TR","description":"\u00d6denmeyen \u00fccret ve tazminatlar\u0131 i\u00e7in eylemleri s\u00fcrd\u00fcren maden i\u015f\u00e7ileri Enerji Bakanl\u0131\u011f\u0131'na y\u00fcr\u00fcmek isteyince polis ablukas\u0131na al\u0131nd\u0131.","robots":{"index":"index","follow":"follow","max-snippet":"max-snippet:-1","max-image-preview":"max-image-preview:large","max-video-preview":"max-video-preview:-1"},"canonical":"https:\/\/epochtimestr.com\/index.php\/enerji-bakanligina-yurumek-isteyen-madencilere-polis-ablukasi","og_locale":"tr_TR","og_type":"article","og_title":"Enerji Bakanl\u0131\u011f\u0131'na Y\u00fcr\u00fcmek \u0130steyen Madencilere Polis Ablukas\u0131 - The Epoch Times TR","og_description":"\u00d6denmeyen \u00fccret ve tazminatlar\u0131 i\u00e7in eylemleri s\u00fcrd\u00fcren maden i\u015f\u00e7ileri Enerji Bakanl\u0131\u011f\u0131'na y\u00fcr\u00fcmek isteyince polis ablukas\u0131na al\u0131nd\u0131.","og_url":"https:\/\/epochtimestr.com\/index.php\/enerji-bakanligina-yurumek-isteyen-madencilere-polis-ablukasi","og_site_name":"The Epoch Times TR","article_publisher":"https:\/\/www.facebook.com\/theepochtimestr","article_published_time":"2026-08-12T13:15:31+00:00","article_modified_time":"2026-08-12T13:15:33+00:00","og_image":[{"width":2048,"height":943,"url":"https:\/\/epochtimestr.com\/wp-content\/uploads\/2011y\/sendika.org_-1.jpg","type":"image\/jpeg"}],"author":"Haber Merkezi","twitter_card":"summary_large_image","twitter_creator":"@TheEpochTimesTR","twitter_site":"@TheEpochTimesTR","twitter_misc":{"Yazan:":"Haber Merkezi","Tahmini okuma s\u00fcresi":"4 dakika"},"schema":{"@context":"https:\/\/schema.org","@graph":[{"@type":"Article","@id":"https:\/\/epochtimestr.com\/index.php\/enerji-bakanligina-yurumek-isteyen-madencilere-polis-ablukasi#article","isPartOf":{"@id":"https:\/\/epochtimestr.com\/index.php\/enerji-bakanligina-yurumek-isteyen-madencilere-polis-ablukasi"},"author":{"name":"Haber Merkezi","@id":"https:\/\/epochtimestr.com\/#\/schema\/person\/3dc5c3adeb9f43923c5aa85889172fdd"},"headline":"Enerji Bakanl\u0131\u011f\u0131&#8217;na Y\u00fcr\u00fcmek \u0130steyen Madencilere Polis Ablukas\u0131","datePublished":"2026-08-12T13:15:31+00:00","dateModified":"2026-08-12T13:15:33+00:00","mainEntityOfPage":{"@id":"https:\/\/epochtimestr.com\/index.php\/enerji-bakanligina-yurumek-isteyen-madencilere-polis-ablukasi"},"wordCount":738,"commentCount":0,"publisher":{"@id":"https:\/\/epochtimestr.com\/#organization"},"image":{"@id":"https:\/\/epochtimestr.com\/index.php\/enerji-bakanligina-yurumek-isteyen-madencilere-polis-ablukasi#primaryimage"},"thumbnailUrl":"https:\/\/epochtimestr.com\/wp-content\/uploads\/2011y\/sendika.org_-1.jpg","keywords":["Ba\u011f\u0131ms\u0131z Maden-\u0130\u015f","Doruk Madencilik","Enerji ve Tabii Kaynaklar Bakanl\u0131\u011f\u0131","madenciler","Polis abl\u0131kas\u0131","Y\u0131ld\u0131zlar SSS Holding"],"articleSection":["G\u00dcNDEM","MAN\u015eET","Siyaset"],"inLanguage":"tr","potentialAction":[{"@type":"CommentAction","name":"Comment","target":["https:\/\/epochtimestr.com\/index.php\/enerji-bakanligina-yurumek-isteyen-madencilere-polis-ablukasi#respond"]}]},{"@type":"WebPage","@id":"https:\/\/epochtimestr.com\/index.php\/enerji-bakanligina-yurumek-isteyen-madencilere-polis-ablukasi","url":"https:\/\/epochtimestr.com\/index.php\/enerji-bakanligina-yurumek-isteyen-madencilere-polis-ablukasi","name":"Enerji Bakanl\u0131\u011f\u0131'na Y\u00fcr\u00fcmek \u0130steyen Madencilere Polis Ablukas\u0131 - The Epoch Times TR","isPartOf":{"@id":"https:\/\/epochtimestr.com\/#website"},"primaryImageOfPage":{"@id":"https:\/\/epochtimestr.com\/index.php\/enerji-bakanligina-yurumek-isteyen-madencilere-polis-ablukasi#primaryimage"},"image":{"@id":"https:\/\/epochtimestr.com\/index.php\/enerji-bakanligina-yurumek-isteyen-madencilere-polis-ablukasi#primaryimage"},"thumbnailUrl":"https:\/\/epochtimestr.com\/wp-content\/uploads\/2011y\/sendika.org_-1.jpg","datePublished":"2026-08-12T13:15:31+00:00","dateModified":"2026-08-12T13:15:33+00:00","description":"\u00d6denmeyen \u00fccret ve tazminatlar\u0131 i\u00e7in eylemleri s\u00fcrd\u00fcren maden i\u015f\u00e7ileri Enerji Bakanl\u0131\u011f\u0131'na y\u00fcr\u00fcmek isteyince polis ablukas\u0131na al\u0131nd\u0131.","inLanguage":"tr","potentialAction":[{"@type":"ReadAction","target":["https:\/\/epochtimestr.com\/index.php\/enerji-bakanligina-yurumek-isteyen-madencilere-polis-ablukasi"]}]},{"@type":"ImageObject","inLanguage":"tr","@id":"https:\/\/epochtimestr.com\/index.php\/enerji-bakanligina-yurumek-isteyen-madencilere-polis-ablukasi#primaryimage","url":"https:\/\/epochtimestr.com\/wp-content\/uploads\/2011y\/sendika.org_-1.jpg","contentUrl":"https:\/\/epochtimestr.com\/wp-content\/uploads\/2011y\/sendika.org_-1.jpg","width":2048,"height":943},{"@type":"WebSite","@id":"https:\/\/epochtimestr.com\/#website","url":"https:\/\/epochtimestr.com\/","name":"The Epoch Times TR","description":"De\u011fi\u015fen D\u00fcnyam\u0131za Taze Bir Bak\u0131\u015f","publisher":{"@id":"https:\/\/epochtimestr.com\/#organization"},"potentialAction":[{"@type":"SearchAction","target":{"@type":"EntryPoint","urlTemplate":"https:\/\/epochtimestr.com\/?s={search_term_string}"},"query-input":"required name=search_term_string"}],"inLanguage":"tr"},{"@type":"Organization","@id":"https:\/\/epochtimestr.com\/#organization","name":"The EpochTimes T\u00fcrkiye","url":"https:\/\/epochtimestr.com\/","logo":{"@type":"ImageObject","inLanguage":"tr","@id":"https:\/\/epochtimestr.com\/#\/schema\/logo\/image\/","url":"https:\/\/epochtimestr.com\/wp-content\/uploads\/2011y\/ET-Logo-YG.jpg","contentUrl":"https:\/\/epochtimestr.com\/wp-content\/uploads\/2011y\/ET-Logo-YG.jpg","width":346,"height":29,"caption":"The EpochTimes T\u00fcrkiye"},"image":{"@id":"https:\/\/epochtimestr.com\/#\/schema\/logo\/image\/"},"sameAs":["https:\/\/www.facebook.com\/theepochtimestr","https:\/\/x.com\/TheEpochTimesTR","https:\/\/www.instagram.com\/epochtimestr"]},{"@type":"Person","@id":"https:\/\/epochtimestr.com\/#\/schema\/person\/3dc5c3adeb9f43923c5aa85889172fdd","name":"Haber Merkezi","image":{"@type":"ImageObject","inLanguage":"tr","@id":"https:\/\/epochtimestr.com\/#\/schema\/person\/image\/","url":"https:\/\/secure.gravatar.com\/avatar\/d73f772ba5a74f28601361e17c2f93e6?s=96&d=mm&r=g","contentUrl":"https:\/\/secure.gravatar.com\/avatar\/d73f772ba5a74f28601361e17c2f93e6?s=96&d=mm&r=g","caption":"Haber Merkezi"},"url":"https:\/\/epochtimestr.com\/index.php\/author\/sendag"}]}},"_links":{"self":[{"href":"https:\/\/epochtimestr.com\/index.php\/wp-json\/wp\/v2\/posts\/170222"}],"collection":[{"href":"https:\/\/epochtimestr.com\/index.php\/wp-json\/wp\/v2\/posts"}],"about":[{"href":"https:\/\/epochtimestr.com\/index.php\/wp-json\/wp\/v2\/types\/post"}],"author":[{"embeddable":true,"href":"https:\/\/epochtimestr.com\/index.php\/wp-json\/wp\/v2\/users\/12791"}],"replies":[{"embeddable":true,"href":"https:\/\/epochtimestr.com\/index.php\/wp-json\/wp\/v2\/comments?post=170222"}],"version-history":[{"count":2,"href":"https:\/\/epochtimestr.com\/index.php\/wp-json\/wp\/v2\/posts\/170222\/revisions"}],"predecessor-version":[{"id":170234,"href":"https:\/\/epochtimestr.com\/index.php\/wp-json\/wp\/v2\/posts\/170222\/revisions\/170234"}],"wp:featuredmedia":[{"embeddable":true,"href":"https:\/\/epochtimestr.com\/index.php\/wp-json\/wp\/v2\/media\/170223"}],"wp:attachment":[{"href":"https:\/\/epochtimestr.com\/index.php\/wp-json\/wp\/v2\/media?parent=170222"}],"wp:term":[{"taxonomy":"category","embeddable":true,"href":"https:\/\/epochtimestr.com\/index.php\/wp-json\/wp\/v2\/categories?post=170222"},{"taxonomy":"post_tag","embeddable":true,"href":"https:\/\/epochtimestr.com\/index.php\/wp-json\/wp\/v2\/tags?post=170222"}],"curies":[{"name":"wp","href":"https:\/\/api.w.org\/{rel}","templated":true}]}}