{"id":170238,"date":"2026-08-12T17:17:35","date_gmt":"2026-08-12T14:17:35","guid":{"rendered":"https:\/\/epochtimestr.com\/?p=170238"},"modified":"2026-08-12T17:17:37","modified_gmt":"2026-08-12T14:17:37","slug":"f-16-ucagi-yalovada-egitim-ucusu-sirasinda-dustu","status":"publish","type":"post","link":"https:\/\/epochtimestr.com\/index.php\/f-16-ucagi-yalovada-egitim-ucusu-sirasinda-dustu","title":{"rendered":"F-16 U\u00e7a\u011f\u0131 Yalova&#8217;da E\u011fitim U\u00e7u\u015fu S\u0131ras\u0131nda D\u00fc\u015ft\u00fc"},"content":{"rendered":"<div class=\"wp-block-image\">\n<figure class=\"aligncenter size-full\"><img loading=\"lazy\" decoding=\"async\" width=\"729\" height=\"410\" src=\"https:\/\/epochtimestr.com\/wp-content\/uploads\/2011y\/savunma-sanayi.webp\" alt=\"Yalova'da F-16 u\u00e7a\u011f\u0131 e\u011fitim u\u00e7u\u015fu s\u0131ras\u0131nda d\u00fc\u015ft\u00fc. (Foto\u011fraf: SavunmaSanayi\u0130ST x hesab\u0131)\" class=\"wp-image-170239\" srcset=\"https:\/\/epochtimestr.com\/wp-content\/uploads\/2011y\/savunma-sanayi.webp 729w, https:\/\/epochtimestr.com\/wp-content\/uploads\/2011y\/savunma-sanayi-300x169.webp 300w, https:\/\/epochtimestr.com\/wp-content\/uploads\/2011y\/savunma-sanayi-150x84.webp 150w\" sizes=\"(max-width: 729px) 100vw, 729px\" \/><figcaption class=\"wp-element-caption\">Yalova&#8217;da F-16 u\u00e7a\u011f\u0131 e\u011fitim u\u00e7u\u015fu s\u0131ras\u0131nda d\u00fc\u015ft\u00fc. (Foto\u011fraf: SavunmaSanayi\u0130ST x hesab\u0131)<\/figcaption><\/figure><\/div>\n\n\n<h2 class=\"wp-block-heading\">Yalova Valisi Dr. Ahmet Hamdi Usta, e\u011fitim u\u00e7u\u015fu s\u0131ras\u0131nda F-16 u\u00e7a\u011f\u0131n\u0131n kaza k\u0131r\u0131ma u\u011frad\u0131\u011f\u0131n\u0131, pilotun kazadan sa\u011f kurtuldu\u011funu dile getirdi.<\/h2>\n\n\n\n<p>Yalova\u2019da <a href=\"https:\/\/epochtimestr.com\/index.php\/yunan-basbakani-f16-ile-uctu\" target=\"_blank\" rel=\"noreferrer noopener\">F16 u\u00e7a\u011f\u0131<\/a>, e\u011fitim s\u0131ras\u0131nda kaza k\u0131r\u0131ma u\u011frad\u0131. Pilotun u\u00e7ak d\u00fc\u015fmeden \u00f6nce para\u015f\u00fctle atlay\u0131p kurtuldu\u011fu \u00f6\u011frenilirken, olay yerine \u00e7ok say\u0131da ekip sevk edildi. <\/p>\n\n\n\n<p>Eski\u015fehir\u2019den e\u011fitim amac\u0131yla havalanan F16 u\u00e7a\u011f\u0131, saat 15.00 s\u0131ralar\u0131nda, 18\u2019inci Hava Ana \u00dcst Komutanl\u0131\u011f\u0131 d\u0131\u015f yerle\u015fkesine d\u00fc\u015ft\u00fc. Pilotun f\u0131rlatma koltu\u011funu \u00e7al\u0131\u015ft\u0131rarak para\u015f\u00fctle u\u00e7aktan uzakla\u015ft\u0131\u011f\u0131 \u00f6\u011frenildi.<\/p>\n\n\n\n<p>Milli Savunma Bakanl\u0131\u011f\u0131 taraf\u0131ndan yap\u0131lan a\u00e7\u0131klamada, &#8220;Bir F16 u\u00e7a\u011f\u0131m\u0131z e\u011fitim u\u00e7u\u015funda Yalova&#8217;da kaza k\u0131r\u0131ma u\u011fram\u0131\u015f, pilotumuz atlayarak kurtulmu\u015ftur. Kaza k\u0131r\u0131m nedeni yap\u0131lacak detayl\u0131 inceleme sonucu belirlenecektir&#8221; denildi.<\/p>\n\n\n\n<figure class=\"wp-block-embed is-type-rich is-provider-x wp-block-embed-x\"><div class=\"wp-block-embed__wrapper\">\n<blockquote class=\"twitter-tweet\" data-width=\"550\" data-dnt=\"true\"><p lang=\"tr\" dir=\"ltr\">Hava Kuvvetlerimize ait bir adet F-16 u\u00e7a\u011f\u0131m\u0131z, e\u011fitim u\u00e7u\u015fu s\u0131ras\u0131nda Yalova\u2019da kaza k\u0131r\u0131ma u\u011fram\u0131\u015f, pilotumuz atlayarak kurtulmu\u015ftur. <br><br>Kaza k\u0131r\u0131m nedeni yap\u0131lacak detayl\u0131 inceleme sonucu belirlenecektir. <br><br>Kamuoyuna sayg\u0131 ile duyurulur. <a href=\"https:\/\/x.com\/hashtag\/Mill%C3%AESavunmaBakanl%C4%B1%C4%9F%C4%B1?src=hash&amp;ref_src=twsrc%5Etfw\">#Mill\u00eeSavunmaBakanl\u0131\u011f\u0131<\/a><\/p>&mdash; T.C. Mill\u00ee Savunma Bakanl\u0131\u011f\u0131 (@tcsavunma) <a href=\"https:\/\/x.com\/tcsavunma\/status\/2087519115955019976?ref_src=twsrc%5Etfw\">August 12, 2026<\/a><\/blockquote><script async src=\"https:\/\/platform.x.com\/widgets.js\" charset=\"utf-8\"><\/script>\n<\/div><\/figure>\n\n\n\n<p>Kazan\u0131n haber al\u0131nmas\u0131yla birlikte devletin t\u00fcm imkanlar\u0131n\u0131n seferber edildi\u011fini belirten Vali Ahmet Hamdi Usta, &#8220;Olay\u0131n ger\u00e7ekle\u015fmesinden itibaren AFAD ekiplerimiz, itfaiye ekiplerimiz ve UMKE ekiplerimiz olay yerine intikal ederek muhtemel olas\u0131 tedbirleri ald\u0131lar. \u015eu anda her \u015fey kontrol alt\u0131nda, kayda de\u011fer \u00f6nemli bir durum yok.&#8221; a\u00e7\u0131klamas\u0131nda bulundu. En b\u00fcy\u00fck tesellilerinin can kayb\u0131 ya\u015fanmamas\u0131 oldu\u011funu dile getiren Usta, &#8220;En \u00f6nemli unsur pilotumuzun hayatta olmas\u0131 ve sa\u011fl\u0131k durumunun iyi olmas\u0131d\u0131r. Bunun d\u0131\u015f\u0131nda u\u00e7a\u011f\u0131n d\u00fc\u015ft\u00fc\u011f\u00fc yerde herhangi bir sivil ve asker vatanda\u015f\u0131m\u0131z\u0131n can ve mal kayb\u0131 olmamas\u0131 bizim i\u00e7in sevindirici bir olay.<\/p>\n\n\n\n<p>Pilotumuz \u015fu anda bir hastanede g\u00f6zlem alt\u0131nda, herhangi bir s\u0131k\u0131nt\u0131s\u0131 yok. Kazan\u0131n nas\u0131l oldu\u011fu ise kaza k\u0131r\u0131m ekibinin \u00e7al\u0131\u015fmalar\u0131ndan sonra ortaya \u00e7\u0131kacak bir olayd\u0131r. Kaza k\u0131r\u0131m ekibi olayla ilgili mutlaka pilotun bilgisine ba\u015fvuracakt\u0131r.&#8221; \u015feklinde konu\u015ftu.<\/p>\n\n\n\n<figure class=\"wp-block-embed is-type-rich is-provider-x wp-block-embed-x\"><div class=\"wp-block-embed__wrapper\">\n<blockquote class=\"twitter-tweet\" data-width=\"550\" data-dnt=\"true\"><p lang=\"tr\" dir=\"ltr\">\ud83d\udd34Yalova Valisi Ahmet Hamdi Usta:<br><br>&quot;Bir yerle\u015fim yeri yok. <br><br>Herhangi bir sivil ya da askeri yaral\u0131m\u0131z yok. Kaza-k\u0131r\u0131m ekibi \u00e7al\u0131\u015f\u0131yor.<br><br>Pilotumuz tedbir ama\u00e7l\u0131 hastaneye kald\u0131r\u0131ld\u0131. <br><br>Bir s\u0131k\u0131nt\u0131 yok. <br><br>Gerekli incelemeleri yap\u0131yoruz.&quot; <a href=\"https:\/\/t.co\/QUNruRikU5\">https:\/\/t.co\/QUNruRikU5<\/a><\/p>&mdash; SavunmaSanayiST.com (@SavunmaSanayiST) <a href=\"https:\/\/x.com\/SavunmaSanayiST\/status\/2087529226870067472?ref_src=twsrc%5Etfw\">August 12, 2026<\/a><\/blockquote><script async src=\"https:\/\/platform.x.com\/widgets.js\" charset=\"utf-8\"><\/script>\n<\/div><\/figure>\n","protected":false},"excerpt":{"rendered":"<p>Yalova Valisi Dr. Ahmet Hamdi Usta, e\u011fitim u\u00e7u\u015fu s\u0131ras\u0131nda F-16 u\u00e7a\u011f\u0131n\u0131n kaza k\u0131r\u0131ma u\u011frad\u0131\u011f\u0131n\u0131, pilotun kazadan sa\u011f kurtuldu\u011funu dile getirdi. Yalova\u2019da F16 u\u00e7a\u011f\u0131, e\u011fitim s\u0131ras\u0131nda kaza k\u0131r\u0131ma u\u011frad\u0131. Pilotun u\u00e7ak d\u00fc\u015fmeden \u00f6nce para\u015f\u00fctle atlay\u0131p kurtuldu\u011fu \u00f6\u011frenilirken, olay yerine \u00e7ok say\u0131da ekip sevk edildi. Eski\u015fehir\u2019den e\u011fitim amac\u0131yla havalanan F16 u\u00e7a\u011f\u0131, saat 15.00 s\u0131ralar\u0131nda, 18\u2019inci Hava Ana [&hellip;]<\/p>\n","protected":false},"author":12791,"featured_media":170239,"comment_status":"open","ping_status":"open","sticky":false,"template":"","format":"standard","meta":{"_yoast_wpseo_focuskw":"F-16","_yoast_wpseo_title":"","_yoast_wpseo_metadesc":"Yalova Valisi Dr. Ahmet Hamdi Usta, e\u011fitim u\u00e7u\u015fu s\u0131ras\u0131nda F-16 u\u00e7a\u011f\u0131n\u0131n kaza k\u0131r\u0131ma u\u011frad\u0131\u011f\u0131n\u0131, pilotun sa\u011f kurtuldu\u011funu s\u00f6yledi.","_bbp_topic_count":0,"_bbp_reply_count":0,"_bbp_total_topic_count":0,"_bbp_total_reply_count":0,"_bbp_voice_count":0,"_bbp_anonymous_reply_count":0,"_bbp_topic_count_hidden":0,"_bbp_reply_count_hidden":0,"_bbp_forum_subforum_count":0,"footnotes":"","_yoast_wpseo_focuskw_text_input":""},"categories":[1,8138,8419],"tags":[12202,219,12203,5245,12204],"yoast_head":"<!-- This site is optimized with the Yoast SEO plugin v23.0 - https:\/\/yoast.com\/wordpress\/plugins\/seo\/ -->\n<title>F-16 U\u00e7a\u011f\u0131 Yalova&#039;da E\u011fitim U\u00e7u\u015fu S\u0131ras\u0131nda D\u00fc\u015ft\u00fc - The Epoch Times TR<\/title>\n<meta name=\"description\" content=\"Yalova Valisi Dr. Ahmet Hamdi Usta, e\u011fitim u\u00e7u\u015fu s\u0131ras\u0131nda F-16 u\u00e7a\u011f\u0131n\u0131n kaza k\u0131r\u0131ma u\u011frad\u0131\u011f\u0131n\u0131, pilotun sa\u011f kurtuldu\u011funu s\u00f6yledi.\" \/>\n<meta name=\"robots\" content=\"index, follow, max-snippet:-1, max-image-preview:large, max-video-preview:-1\" \/>\n<link rel=\"canonical\" href=\"https:\/\/epochtimestr.com\/index.php\/f-16-ucagi-yalovada-egitim-ucusu-sirasinda-dustu\" \/>\n<meta property=\"og:locale\" content=\"tr_TR\" \/>\n<meta property=\"og:type\" content=\"article\" \/>\n<meta property=\"og:title\" content=\"F-16 U\u00e7a\u011f\u0131 Yalova&#039;da E\u011fitim U\u00e7u\u015fu S\u0131ras\u0131nda D\u00fc\u015ft\u00fc - The Epoch Times TR\" \/>\n<meta property=\"og:description\" content=\"Yalova Valisi Dr. Ahmet Hamdi Usta, e\u011fitim u\u00e7u\u015fu s\u0131ras\u0131nda F-16 u\u00e7a\u011f\u0131n\u0131n kaza k\u0131r\u0131ma u\u011frad\u0131\u011f\u0131n\u0131, pilotun sa\u011f kurtuldu\u011funu s\u00f6yledi.\" \/>\n<meta property=\"og:url\" content=\"https:\/\/epochtimestr.com\/index.php\/f-16-ucagi-yalovada-egitim-ucusu-sirasinda-dustu\" \/>\n<meta property=\"og:site_name\" content=\"The Epoch Times TR\" \/>\n<meta property=\"article:publisher\" content=\"https:\/\/www.facebook.com\/theepochtimestr\" \/>\n<meta property=\"article:published_time\" content=\"2026-08-12T14:17:35+00:00\" \/>\n<meta property=\"article:modified_time\" content=\"2026-08-12T14:17:37+00:00\" \/>\n<meta property=\"og:image\" content=\"https:\/\/epochtimestr.com\/wp-content\/uploads\/2011y\/savunma-sanayi.webp\" \/>\n\t<meta property=\"og:image:width\" content=\"729\" \/>\n\t<meta property=\"og:image:height\" content=\"410\" \/>\n\t<meta property=\"og:image:type\" content=\"image\/webp\" \/>\n<meta name=\"author\" content=\"Haber Merkezi\" \/>\n<meta name=\"twitter:card\" content=\"summary_large_image\" \/>\n<meta name=\"twitter:creator\" content=\"@TheEpochTimesTR\" \/>\n<meta name=\"twitter:site\" content=\"@TheEpochTimesTR\" \/>\n<meta name=\"twitter:label1\" content=\"Yazan:\" \/>\n\t<meta name=\"twitter:data1\" content=\"Haber Merkezi\" \/>\n\t<meta name=\"twitter:label2\" content=\"Tahmini okuma s\u00fcresi\" \/>\n\t<meta name=\"twitter:data2\" content=\"2 dakika\" \/>\n<script type=\"application\/ld+json\" class=\"yoast-schema-graph\">{\"@context\":\"https:\/\/schema.org\",\"@graph\":[{\"@type\":\"Article\",\"@id\":\"https:\/\/epochtimestr.com\/index.php\/f-16-ucagi-yalovada-egitim-ucusu-sirasinda-dustu#article\",\"isPartOf\":{\"@id\":\"https:\/\/epochtimestr.com\/index.php\/f-16-ucagi-yalovada-egitim-ucusu-sirasinda-dustu\"},\"author\":{\"name\":\"Haber Merkezi\",\"@id\":\"https:\/\/epochtimestr.com\/#\/schema\/person\/3dc5c3adeb9f43923c5aa85889172fdd\"},\"headline\":\"F-16 U\u00e7a\u011f\u0131 Yalova&#8217;da E\u011fitim U\u00e7u\u015fu S\u0131ras\u0131nda D\u00fc\u015ft\u00fc\",\"datePublished\":\"2026-08-12T14:17:35+00:00\",\"dateModified\":\"2026-08-12T14:17:37+00:00\",\"mainEntityOfPage\":{\"@id\":\"https:\/\/epochtimestr.com\/index.php\/f-16-ucagi-yalovada-egitim-ucusu-sirasinda-dustu\"},\"wordCount\":369,\"commentCount\":0,\"publisher\":{\"@id\":\"https:\/\/epochtimestr.com\/#organization\"},\"image\":{\"@id\":\"https:\/\/epochtimestr.com\/index.php\/f-16-ucagi-yalovada-egitim-ucusu-sirasinda-dustu#primaryimage\"},\"thumbnailUrl\":\"https:\/\/epochtimestr.com\/wp-content\/uploads\/2011y\/savunma-sanayi.webp\",\"keywords\":[\"F-16\",\"Kaza\",\"MSB\",\"Yalova\",\"Yalova Valisi Ahmet Hamdi Usta\"],\"articleSection\":[\"G\u00dcNDEM\",\"MAN\u015eET\",\"Ya\u015fam\"],\"inLanguage\":\"tr\",\"potentialAction\":[{\"@type\":\"CommentAction\",\"name\":\"Comment\",\"target\":[\"https:\/\/epochtimestr.com\/index.php\/f-16-ucagi-yalovada-egitim-ucusu-sirasinda-dustu#respond\"]}]},{\"@type\":\"WebPage\",\"@id\":\"https:\/\/epochtimestr.com\/index.php\/f-16-ucagi-yalovada-egitim-ucusu-sirasinda-dustu\",\"url\":\"https:\/\/epochtimestr.com\/index.php\/f-16-ucagi-yalovada-egitim-ucusu-sirasinda-dustu\",\"name\":\"F-16 U\u00e7a\u011f\u0131 Yalova'da E\u011fitim U\u00e7u\u015fu S\u0131ras\u0131nda D\u00fc\u015ft\u00fc - The Epoch Times TR\",\"isPartOf\":{\"@id\":\"https:\/\/epochtimestr.com\/#website\"},\"primaryImageOfPage\":{\"@id\":\"https:\/\/epochtimestr.com\/index.php\/f-16-ucagi-yalovada-egitim-ucusu-sirasinda-dustu#primaryimage\"},\"image\":{\"@id\":\"https:\/\/epochtimestr.com\/index.php\/f-16-ucagi-yalovada-egitim-ucusu-sirasinda-dustu#primaryimage\"},\"thumbnailUrl\":\"https:\/\/epochtimestr.com\/wp-content\/uploads\/2011y\/savunma-sanayi.webp\",\"datePublished\":\"2026-08-12T14:17:35+00:00\",\"dateModified\":\"2026-08-12T14:17:37+00:00\",\"description\":\"Yalova Valisi Dr. Ahmet Hamdi Usta, e\u011fitim u\u00e7u\u015fu s\u0131ras\u0131nda F-16 u\u00e7a\u011f\u0131n\u0131n kaza k\u0131r\u0131ma u\u011frad\u0131\u011f\u0131n\u0131, pilotun sa\u011f kurtuldu\u011funu s\u00f6yledi.\",\"inLanguage\":\"tr\",\"potentialAction\":[{\"@type\":\"ReadAction\",\"target\":[\"https:\/\/epochtimestr.com\/index.php\/f-16-ucagi-yalovada-egitim-ucusu-sirasinda-dustu\"]}]},{\"@type\":\"ImageObject\",\"inLanguage\":\"tr\",\"@id\":\"https:\/\/epochtimestr.com\/index.php\/f-16-ucagi-yalovada-egitim-ucusu-sirasinda-dustu#primaryimage\",\"url\":\"https:\/\/epochtimestr.com\/wp-content\/uploads\/2011y\/savunma-sanayi.webp\",\"contentUrl\":\"https:\/\/epochtimestr.com\/wp-content\/uploads\/2011y\/savunma-sanayi.webp\",\"width\":729,\"height\":410},{\"@type\":\"WebSite\",\"@id\":\"https:\/\/epochtimestr.com\/#website\",\"url\":\"https:\/\/epochtimestr.com\/\",\"name\":\"The Epoch Times TR\",\"description\":\"De\u011fi\u015fen D\u00fcnyam\u0131za Taze Bir Bak\u0131\u015f\",\"publisher\":{\"@id\":\"https:\/\/epochtimestr.com\/#organization\"},\"potentialAction\":[{\"@type\":\"SearchAction\",\"target\":{\"@type\":\"EntryPoint\",\"urlTemplate\":\"https:\/\/epochtimestr.com\/?s={search_term_string}\"},\"query-input\":\"required name=search_term_string\"}],\"inLanguage\":\"tr\"},{\"@type\":\"Organization\",\"@id\":\"https:\/\/epochtimestr.com\/#organization\",\"name\":\"The EpochTimes T\u00fcrkiye\",\"url\":\"https:\/\/epochtimestr.com\/\",\"logo\":{\"@type\":\"ImageObject\",\"inLanguage\":\"tr\",\"@id\":\"https:\/\/epochtimestr.com\/#\/schema\/logo\/image\/\",\"url\":\"https:\/\/epochtimestr.com\/wp-content\/uploads\/2011y\/ET-Logo-YG.jpg\",\"contentUrl\":\"https:\/\/epochtimestr.com\/wp-content\/uploads\/2011y\/ET-Logo-YG.jpg\",\"width\":346,\"height\":29,\"caption\":\"The EpochTimes T\u00fcrkiye\"},\"image\":{\"@id\":\"https:\/\/epochtimestr.com\/#\/schema\/logo\/image\/\"},\"sameAs\":[\"https:\/\/www.facebook.com\/theepochtimestr\",\"https:\/\/x.com\/TheEpochTimesTR\",\"https:\/\/www.instagram.com\/epochtimestr\"]},{\"@type\":\"Person\",\"@id\":\"https:\/\/epochtimestr.com\/#\/schema\/person\/3dc5c3adeb9f43923c5aa85889172fdd\",\"name\":\"Haber Merkezi\",\"image\":{\"@type\":\"ImageObject\",\"inLanguage\":\"tr\",\"@id\":\"https:\/\/epochtimestr.com\/#\/schema\/person\/image\/\",\"url\":\"https:\/\/secure.gravatar.com\/avatar\/d73f772ba5a74f28601361e17c2f93e6?s=96&d=mm&r=g\",\"contentUrl\":\"https:\/\/secure.gravatar.com\/avatar\/d73f772ba5a74f28601361e17c2f93e6?s=96&d=mm&r=g\",\"caption\":\"Haber Merkezi\"},\"url\":\"https:\/\/epochtimestr.com\/index.php\/author\/sendag\"}]}<\/script>\n<!-- \/ Yoast SEO plugin. -->","yoast_head_json":{"title":"F-16 U\u00e7a\u011f\u0131 Yalova'da E\u011fitim U\u00e7u\u015fu S\u0131ras\u0131nda D\u00fc\u015ft\u00fc - The Epoch Times TR","description":"Yalova Valisi Dr. Ahmet Hamdi Usta, e\u011fitim u\u00e7u\u015fu s\u0131ras\u0131nda F-16 u\u00e7a\u011f\u0131n\u0131n kaza k\u0131r\u0131ma u\u011frad\u0131\u011f\u0131n\u0131, pilotun sa\u011f kurtuldu\u011funu s\u00f6yledi.","robots":{"index":"index","follow":"follow","max-snippet":"max-snippet:-1","max-image-preview":"max-image-preview:large","max-video-preview":"max-video-preview:-1"},"canonical":"https:\/\/epochtimestr.com\/index.php\/f-16-ucagi-yalovada-egitim-ucusu-sirasinda-dustu","og_locale":"tr_TR","og_type":"article","og_title":"F-16 U\u00e7a\u011f\u0131 Yalova'da E\u011fitim U\u00e7u\u015fu S\u0131ras\u0131nda D\u00fc\u015ft\u00fc - The Epoch Times TR","og_description":"Yalova Valisi Dr. Ahmet Hamdi Usta, e\u011fitim u\u00e7u\u015fu s\u0131ras\u0131nda F-16 u\u00e7a\u011f\u0131n\u0131n kaza k\u0131r\u0131ma u\u011frad\u0131\u011f\u0131n\u0131, pilotun sa\u011f kurtuldu\u011funu s\u00f6yledi.","og_url":"https:\/\/epochtimestr.com\/index.php\/f-16-ucagi-yalovada-egitim-ucusu-sirasinda-dustu","og_site_name":"The Epoch Times TR","article_publisher":"https:\/\/www.facebook.com\/theepochtimestr","article_published_time":"2026-08-12T14:17:35+00:00","article_modified_time":"2026-08-12T14:17:37+00:00","og_image":[{"width":729,"height":410,"url":"https:\/\/epochtimestr.com\/wp-content\/uploads\/2011y\/savunma-sanayi.webp","type":"image\/webp"}],"author":"Haber Merkezi","twitter_card":"summary_large_image","twitter_creator":"@TheEpochTimesTR","twitter_site":"@TheEpochTimesTR","twitter_misc":{"Yazan:":"Haber Merkezi","Tahmini okuma s\u00fcresi":"2 dakika"},"schema":{"@context":"https:\/\/schema.org","@graph":[{"@type":"Article","@id":"https:\/\/epochtimestr.com\/index.php\/f-16-ucagi-yalovada-egitim-ucusu-sirasinda-dustu#article","isPartOf":{"@id":"https:\/\/epochtimestr.com\/index.php\/f-16-ucagi-yalovada-egitim-ucusu-sirasinda-dustu"},"author":{"name":"Haber Merkezi","@id":"https:\/\/epochtimestr.com\/#\/schema\/person\/3dc5c3adeb9f43923c5aa85889172fdd"},"headline":"F-16 U\u00e7a\u011f\u0131 Yalova&#8217;da E\u011fitim U\u00e7u\u015fu S\u0131ras\u0131nda D\u00fc\u015ft\u00fc","datePublished":"2026-08-12T14:17:35+00:00","dateModified":"2026-08-12T14:17:37+00:00","mainEntityOfPage":{"@id":"https:\/\/epochtimestr.com\/index.php\/f-16-ucagi-yalovada-egitim-ucusu-sirasinda-dustu"},"wordCount":369,"commentCount":0,"publisher":{"@id":"https:\/\/epochtimestr.com\/#organization"},"image":{"@id":"https:\/\/epochtimestr.com\/index.php\/f-16-ucagi-yalovada-egitim-ucusu-sirasinda-dustu#primaryimage"},"thumbnailUrl":"https:\/\/epochtimestr.com\/wp-content\/uploads\/2011y\/savunma-sanayi.webp","keywords":["F-16","Kaza","MSB","Yalova","Yalova Valisi Ahmet Hamdi Usta"],"articleSection":["G\u00dcNDEM","MAN\u015eET","Ya\u015fam"],"inLanguage":"tr","potentialAction":[{"@type":"CommentAction","name":"Comment","target":["https:\/\/epochtimestr.com\/index.php\/f-16-ucagi-yalovada-egitim-ucusu-sirasinda-dustu#respond"]}]},{"@type":"WebPage","@id":"https:\/\/epochtimestr.com\/index.php\/f-16-ucagi-yalovada-egitim-ucusu-sirasinda-dustu","url":"https:\/\/epochtimestr.com\/index.php\/f-16-ucagi-yalovada-egitim-ucusu-sirasinda-dustu","name":"F-16 U\u00e7a\u011f\u0131 Yalova'da E\u011fitim U\u00e7u\u015fu S\u0131ras\u0131nda D\u00fc\u015ft\u00fc - The Epoch Times TR","isPartOf":{"@id":"https:\/\/epochtimestr.com\/#website"},"primaryImageOfPage":{"@id":"https:\/\/epochtimestr.com\/index.php\/f-16-ucagi-yalovada-egitim-ucusu-sirasinda-dustu#primaryimage"},"image":{"@id":"https:\/\/epochtimestr.com\/index.php\/f-16-ucagi-yalovada-egitim-ucusu-sirasinda-dustu#primaryimage"},"thumbnailUrl":"https:\/\/epochtimestr.com\/wp-content\/uploads\/2011y\/savunma-sanayi.webp","datePublished":"2026-08-12T14:17:35+00:00","dateModified":"2026-08-12T14:17:37+00:00","description":"Yalova Valisi Dr. Ahmet Hamdi Usta, e\u011fitim u\u00e7u\u015fu s\u0131ras\u0131nda F-16 u\u00e7a\u011f\u0131n\u0131n kaza k\u0131r\u0131ma u\u011frad\u0131\u011f\u0131n\u0131, pilotun sa\u011f kurtuldu\u011funu s\u00f6yledi.","inLanguage":"tr","potentialAction":[{"@type":"ReadAction","target":["https:\/\/epochtimestr.com\/index.php\/f-16-ucagi-yalovada-egitim-ucusu-sirasinda-dustu"]}]},{"@type":"ImageObject","inLanguage":"tr","@id":"https:\/\/epochtimestr.com\/index.php\/f-16-ucagi-yalovada-egitim-ucusu-sirasinda-dustu#primaryimage","url":"https:\/\/epochtimestr.com\/wp-content\/uploads\/2011y\/savunma-sanayi.webp","contentUrl":"https:\/\/epochtimestr.com\/wp-content\/uploads\/2011y\/savunma-sanayi.webp","width":729,"height":410},{"@type":"WebSite","@id":"https:\/\/epochtimestr.com\/#website","url":"https:\/\/epochtimestr.com\/","name":"The Epoch Times TR","description":"De\u011fi\u015fen D\u00fcnyam\u0131za Taze Bir Bak\u0131\u015f","publisher":{"@id":"https:\/\/epochtimestr.com\/#organization"},"potentialAction":[{"@type":"SearchAction","target":{"@type":"EntryPoint","urlTemplate":"https:\/\/epochtimestr.com\/?s={search_term_string}"},"query-input":"required name=search_term_string"}],"inLanguage":"tr"},{"@type":"Organization","@id":"https:\/\/epochtimestr.com\/#organization","name":"The EpochTimes T\u00fcrkiye","url":"https:\/\/epochtimestr.com\/","logo":{"@type":"ImageObject","inLanguage":"tr","@id":"https:\/\/epochtimestr.com\/#\/schema\/logo\/image\/","url":"https:\/\/epochtimestr.com\/wp-content\/uploads\/2011y\/ET-Logo-YG.jpg","contentUrl":"https:\/\/epochtimestr.com\/wp-content\/uploads\/2011y\/ET-Logo-YG.jpg","width":346,"height":29,"caption":"The EpochTimes T\u00fcrkiye"},"image":{"@id":"https:\/\/epochtimestr.com\/#\/schema\/logo\/image\/"},"sameAs":["https:\/\/www.facebook.com\/theepochtimestr","https:\/\/x.com\/TheEpochTimesTR","https:\/\/www.instagram.com\/epochtimestr"]},{"@type":"Person","@id":"https:\/\/epochtimestr.com\/#\/schema\/person\/3dc5c3adeb9f43923c5aa85889172fdd","name":"Haber Merkezi","image":{"@type":"ImageObject","inLanguage":"tr","@id":"https:\/\/epochtimestr.com\/#\/schema\/person\/image\/","url":"https:\/\/secure.gravatar.com\/avatar\/d73f772ba5a74f28601361e17c2f93e6?s=96&d=mm&r=g","contentUrl":"https:\/\/secure.gravatar.com\/avatar\/d73f772ba5a74f28601361e17c2f93e6?s=96&d=mm&r=g","caption":"Haber Merkezi"},"url":"https:\/\/epochtimestr.com\/index.php\/author\/sendag"}]}},"_links":{"self":[{"href":"https:\/\/epochtimestr.com\/index.php\/wp-json\/wp\/v2\/posts\/170238"}],"collection":[{"href":"https:\/\/epochtimestr.com\/index.php\/wp-json\/wp\/v2\/posts"}],"about":[{"href":"https:\/\/epochtimestr.com\/index.php\/wp-json\/wp\/v2\/types\/post"}],"author":[{"embeddable":true,"href":"https:\/\/epochtimestr.com\/index.php\/wp-json\/wp\/v2\/users\/12791"}],"replies":[{"embeddable":true,"href":"https:\/\/epochtimestr.com\/index.php\/wp-json\/wp\/v2\/comments?post=170238"}],"version-history":[{"count":2,"href":"https:\/\/epochtimestr.com\/index.php\/wp-json\/wp\/v2\/posts\/170238\/revisions"}],"predecessor-version":[{"id":170242,"href":"https:\/\/epochtimestr.com\/index.php\/wp-json\/wp\/v2\/posts\/170238\/revisions\/170242"}],"wp:featuredmedia":[{"embeddable":true,"href":"https:\/\/epochtimestr.com\/index.php\/wp-json\/wp\/v2\/media\/170239"}],"wp:attachment":[{"href":"https:\/\/epochtimestr.com\/index.php\/wp-json\/wp\/v2\/media?parent=170238"}],"wp:term":[{"taxonomy":"category","embeddable":true,"href":"https:\/\/epochtimestr.com\/index.php\/wp-json\/wp\/v2\/categories?post=170238"},{"taxonomy":"post_tag","embeddable":true,"href":"https:\/\/epochtimestr.com\/index.php\/wp-json\/wp\/v2\/tags?post=170238"}],"curies":[{"name":"wp","href":"https:\/\/api.w.org\/{rel}","templated":true}]}}