{"id":170265,"date":"2026-08-13T08:43:52","date_gmt":"2026-08-13T05:43:52","guid":{"rendered":"https:\/\/epochtimestr.com\/?p=170265"},"modified":"2026-08-13T08:43:55","modified_gmt":"2026-08-13T05:43:55","slug":"erdogan-mekke-anlasmasi-uc-ulkeyle-sinirli-kalmayabilir","status":"publish","type":"post","link":"https:\/\/epochtimestr.com\/index.php\/erdogan-mekke-anlasmasi-uc-ulkeyle-sinirli-kalmayabilir","title":{"rendered":"Erdo\u011fan: Mekke Anla\u015fmas\u0131 &#8220;\u00dc\u00e7 \u00dclkeyle S\u0131n\u0131rl\u0131 Kalmayabilir&#8221;"},"content":{"rendered":"<div class=\"wp-block-image\">\n<figure class=\"aligncenter size-full\"><img loading=\"lazy\" decoding=\"async\" width=\"1280\" height=\"720\" src=\"https:\/\/epochtimestr.com\/wp-content\/uploads\/2011y\/iletisim-baskanligi.webp\" alt=\"Cumhurba\u015fkan\u0131 Erdo\u011fan Mekke Anla\u015fmas\u0131 hakk\u0131nda a\u00e7\u0131klama yapt\u0131: &quot;\u00dc\u00e7 \u00fclkeyle s\u0131n\u0131rl\u0131 kalmayabilir&quot;. (Foto\u011fraf: \u0130leti\u015fim Ba\u015fkanl\u0131\u011f\u0131 web sitesi)\" class=\"wp-image-170267\" srcset=\"https:\/\/epochtimestr.com\/wp-content\/uploads\/2011y\/iletisim-baskanligi.webp 1280w, https:\/\/epochtimestr.com\/wp-content\/uploads\/2011y\/iletisim-baskanligi-300x169.webp 300w, https:\/\/epochtimestr.com\/wp-content\/uploads\/2011y\/iletisim-baskanligi-150x84.webp 150w, https:\/\/epochtimestr.com\/wp-content\/uploads\/2011y\/iletisim-baskanligi-768x432.webp 768w\" sizes=\"(max-width: 1280px) 100vw, 1280px\" \/><figcaption class=\"wp-element-caption\">Cumhurba\u015fkan\u0131 Erdo\u011fan Mekke Anla\u015fmas\u0131 hakk\u0131nda a\u00e7\u0131klama yapt\u0131: &#8220;\u00dc\u00e7 \u00fclkeyle s\u0131n\u0131rl\u0131 kalmayabilir&#8221;. (Foto\u011fraf: \u0130leti\u015fim Ba\u015fkanl\u0131\u011f\u0131 web sitesi)<\/figcaption><\/figure><\/div>\n\n\n<h2 class=\"wp-block-heading\">AKP&#8217;li Cumhurba\u015fkan\u0131 Recep Tayyip Erdo\u011fan, T\u00fcrkiye, Suudi Arabistan ve Pakistan aras\u0131nda 7 A\u011fustos&#8217;ta imzalanan Mekke Ortak Savunma Anla\u015fmas\u0131&#8217;na ili\u015fkin a\u00e7\u0131klamalarda bulundu.<\/h2>\n\n\n\n<p>AKP&#8217;li <a href=\"https:\/\/epochtimestr.com\/index.php\/erdogan-nato-liderlerine-gumusay-tabancasi-hediye-etti\" target=\"_blank\" rel=\"noreferrer noopener\">Cumhurba\u015fkan\u0131<\/a> Recep Tayyip Erdo\u011fan, T\u00fcrkiye, Suudi Arabistan ve Pakistan aras\u0131nda 7 A\u011fustos&#8217;ta imzalanan Mekke Ortak Savunma Anla\u015fmas\u0131&#8217;na ili\u015fkin a\u00e7\u0131klamalarda bulundu. Erdo\u011fan, T\u00fcrkiye, Suudi Arabistan ve Pakistan aras\u0131nda imzalanan Mekke Ortak Savunma Anla\u015fmas\u0131&#8217;n\u0131n yaln\u0131zca mevcut b\u00f6lgesel gerilimlere verilmi\u015f bir yan\u0131t olmad\u0131\u011f\u0131n\u0131 s\u00f6yledi.<\/p>\n\n\n\n<p>Londra merkezli \u015earku&#8217;l Avsat gazetesinin sorular\u0131n\u0131 yan\u0131tlayan Erdo\u011fan, anla\u015fman\u0131n ortaya \u00e7\u0131k\u0131\u015f\u0131nda b\u00f6lgedeki yeni ko\u015fullar\u0131n etkili oldu\u011funu s\u00f6ylerken, \u00fc\u00e7l\u00fc i\u015fbirli\u011finin mevcut konjonkt\u00fcrle s\u0131n\u0131rl\u0131 g\u00f6r\u00fclmemesi gerekti\u011fini savundu.<\/p>\n\n\n\n<p><strong>Cumhurba\u015fkan\u0131 Erdo\u011fan&#8217;a Mekke Ortak Savunma Anla\u015fmas\u0131 fikrinin nas\u0131l do\u011fdu\u011fu soruldu.<\/strong><\/p>\n\n\n\n<p>Erdo\u011fan bu soruya, &#8220;Mekke Savunma Anla\u015fmas\u0131 fikri, b\u00f6lgemizde ya\u015fanan geli\u015fmelerin ortaya \u00e7\u0131kard\u0131\u011f\u0131 yeni ko\u015fullar ve \u00fc\u00e7 \u00fclkenin ortak sorumluluklar\u0131n\u0131n bilinci sonucunda do\u011fdu.&#8221; diye yan\u0131t verdi. Mekke Ortak Savunma Anla\u015fmas\u0131&#8217;n\u0131n yaln\u0131zca askeri boyutuyla de\u011ferlendirilmemesi gerekti\u011fini vurgulayan Erdo\u011fan, &#8220;Bu anla\u015fman\u0131n temel amac\u0131 cayd\u0131r\u0131c\u0131l\u0131k boyutunu g\u00fc\u00e7lendirmek, taraflar aras\u0131ndaki dayan\u0131\u015fma ruhunu peki\u015ftirerek g\u00fcvenlik bilincini g\u00fc\u00e7lendirmek ve b\u00f6lgesel istikrar\u0131 korumakt\u0131r.&#8221; ifadelerini kulland\u0131.<\/p>\n\n\n\n<p>B\u00f6lgesel konular\u0131n, b\u00f6lge \u00fclkeleri taraf\u0131ndan \u00e7\u00f6z\u00fclmesi gerekti\u011fine inand\u0131klar\u0131n\u0131 anlatan Erdo\u011fan, bu y\u00f6ndeki \u00e7\u00f6z\u00fcm aray\u0131\u015flar\u0131n\u0131 da her zaman desteklediklerini ifade etti. Erdo\u011fan, Mekke Ortak Savunma Anla\u015fmas\u0131&#8217;n\u0131n temelinde de bu anlay\u0131\u015f\u0131n oldu\u011funu kaydetti.<\/p>\n\n\n\n<p>Ayr\u0131ca anla\u015fman\u0131n &#8220;b\u00f6lgede huzur isteyen t\u00fcm karde\u015f \u00fclkelere a\u00e7\u0131k oldu\u011funu&#8221; belirterek, taraf say\u0131s\u0131n\u0131n art\u0131r\u0131labilece\u011fini s\u00f6yledi. Cumhurba\u015fkan\u0131 Erdo\u011fan &#8220;T\u00fcrkiye olarak biz, ge\u00e7mi\u015fte oldu\u011fu gibi bug\u00fcn de bar\u0131\u015ftan, istikrardan ve karde\u015flikten yana tav\u0131r koymaya devam ediyoruz&#8221;dedi. Mekke Ortak Savunma Anla\u015fmas\u0131&#8217;n\u0131 bu yakla\u015f\u0131m\u0131n bir sonucu olarak g\u00f6rd\u00fcklerini \u00f6ne s\u00fcrd\u00fc.<\/p>\n\n\n\n<h3 class=\"wp-block-heading\">&#8220;M\u00fcmk\u00fcnse b\u00fct\u00fcn b\u00f6lge \u00fclkeleri bu \u00e7at\u0131n\u0131n alt\u0131nda toplans\u0131n&#8221;<\/h3>\n\n\n\n<p>Erdo\u011fan&#8217;a anla\u015fman\u0131n ABD&#8217;nin \u0130ran&#8217;a kar\u015f\u0131 y\u00fcr\u00fctt\u00fc\u011f\u00fc sava\u015fla ba\u011flant\u0131l\u0131 olup olmad\u0131\u011f\u0131 da soruldu.<br \/>ABD&#8217;nin \u0130ran&#8217;a kar\u015f\u0131 sava\u015f\u0131n\u0131n b\u00f6lgedeki geli\u015fmeler bak\u0131m\u0131ndan \u00f6nemli oldu\u011funu s\u00f6yleyen Erdo\u011fan, buna kar\u015f\u0131n anla\u015fman\u0131n yaln\u0131zca mevcut gerilimin \u00fcr\u00fcn\u00fc olarak de\u011ferlendirilmesine kar\u015f\u0131 \u00e7\u0131kt\u0131.<\/p>\n\n\n\n<p>Erdo\u011fan, &#8220;Mekke Ortak Savunma Anla\u015fmas\u0131&#8217;n\u0131 yaln\u0131zca bu gerilimin ortaya \u00e7\u0131kard\u0131\u011f\u0131 konjonkt\u00fcrel bir geli\u015fme olarak de\u011ferlendirmek \u00fclkelerimizin siyasetini ve niyetini do\u011fru anlamamak olur&#8221; dedi. Ayr\u0131ca anla\u015fman\u0131n herhangi bir \u00fclkeyi hedef almad\u0131\u011f\u0131n\u0131 savunan Erdo\u011fan, hedefledikleri yap\u0131y\u0131 \u015fu s\u00f6zlerle tarif etti: &#8220;Nitekim bizim vizyonumuz \u00fc\u00e7 \u00fclkeyle s\u0131n\u0131rl\u0131 kalmayarak daha da b\u00fcy\u00fcmek ve m\u00fcmk\u00fcnse bir g\u00fcn b\u00f6lgedeki b\u00fct\u00fcn \u00fclkelerin bu \u00e7at\u0131n\u0131n alt\u0131nda toplanmas\u0131n\u0131 sa\u011flamakt\u0131r.&#8221;<\/p>\n\n\n\n<p>Erdo\u011fan ayr\u0131ca anla\u015fman\u0131n haz\u0131rl\u0131klar\u0131n\u0131n mevcut gerilimden \u00f6nceye dayand\u0131\u011f\u0131n\u0131, konunun uzun s\u00fcredir T\u00fcrkiye&#8217;nin anla\u015fmaya taraf \u00fclkeler ve di\u011fer b\u00f6lge \u00fclkeleriyle yapt\u0131\u011f\u0131 g\u00f6r\u00fc\u015fmelerde ele al\u0131nd\u0131\u011f\u0131n\u0131 s\u00f6yledi.<\/p>\n\n\n\n<p><strong>\u00dc\u00e7 \u00fclkeden birine sald\u0131r\u0131 hepsine yap\u0131lm\u0131\u015f say\u0131lacak<\/strong><\/p>\n\n\n\n<p>T\u00fcrkiye, Suudi Arabistan ve Pakistan aras\u0131ndaki Mekke Ortak Savunma Anla\u015fmas\u0131, Erdo\u011fan, Suudi Arabistan Veliaht Prensi Muhammed bin Selman ve Pakistan Ba\u015fbakan\u0131 \u015eahbaz \u015eerif taraf\u0131ndan 7 A\u011fustos&#8217;ta Mekke&#8217;de imzalanm\u0131\u015ft\u0131.<\/p>\n\n\n\n<p>Anla\u015fmada \u00f6zellikle \u00fc\u00e7 \u00fclkeden herhangi birine y\u00f6nelik silahl\u0131 sald\u0131r\u0131n\u0131n t\u00fcm taraflara yap\u0131lm\u0131\u015f say\u0131lmas\u0131 h\u00fckme ba\u011flan\u0131rken, savunma alan\u0131ndaki i\u015fbirli\u011finin geni\u015fletilmesi de \u00f6ng\u00f6r\u00fcl\u00fcyor. <\/p>\n\n\n\n<p>Erdo\u011fan, b\u00f6lge \u00fclkelerinin g\u00fcvenlik ve istikrar konusunda daha fazla sorumluluk \u00fcstlenmesi gerekti\u011fini savunarak, &#8220;B\u00f6lgenin meselelerini en iyi bilenler, o b\u00f6lgenin \u00fclkeleri ve halklar\u0131d\u0131r&#8221; ifadelerini kulland\u0131.<\/p>\n\n\n\n<p><strong>Erdo\u011fan s\u00f6yle\u015fide T\u00fcrkiye-Suudi Arabistan ili\u015fkilerine de de\u011findi.<\/strong><\/p>\n\n\n\n<p>\u0130ki \u00fclke aras\u0131ndaki ili\u015fkileri &#8220;stratejik&#8221; olarak nitelendiren Erdo\u011fan, son d\u00f6nemde siyasi diyalo\u011fun yan\u0131 s\u0131ra ekonomi, ticaret, yat\u0131r\u0131m, savunma sanayii, enerji ve turizm alanlar\u0131ndaki i\u015fbirli\u011finin de geli\u015ftirildi\u011fini s\u00f6yledi. Erdo\u011fan ayr\u0131ca, Ankara&#8217;n\u0131n Riyad&#8217;la ili\u015fkilerini &#8220;d\u00f6nemsel geli\u015fmelerin \u00f6tesinde, uzun vadeli ortak menfaatler ve kar\u015f\u0131l\u0131kl\u0131 sayg\u0131 temelinde&#8221; ele ald\u0131\u011f\u0131n\u0131 ifade etti.<\/p>\n\n\n\n<h3 class=\"wp-block-heading\">Cumhurba\u015fkan\u0131, Suriye&#8217;de ya\u015fanan de\u011fi\u015fim s\u00fcrecini tarihi bir d\u00f6n\u00fcm noktas\u0131 olarak g\u00f6rd\u00fcklerini ifade etti.<\/h3>\n\n\n\n<p>Suriye&#8217;nin a\u011f\u0131r bedeller \u00f6dedi\u011fini belirten Erdo\u011fan, en \u00f6nemli beklentilerinin kal\u0131c\u0131 bar\u0131\u015f, istikrar ve Suriye&#8217;nin yeniden imari i\u00e7in zemin haz\u0131rlanmas\u0131 oldu\u011funu kaydetti. Erdo\u011fan ayr\u0131ca, Suriye&#8217;nin kuzeyinde ya da \u00fclkenin herhangi bir b\u00f6lgesinde T\u00fcrkiye&#8217;nin g\u00fcvenli\u011fini tehdit edecek hi\u00e7bir yap\u0131ya izin verilmeyece\u011fini belirti.<\/p>\n","protected":false},"excerpt":{"rendered":"<p>AKP&#8217;li Cumhurba\u015fkan\u0131 Recep Tayyip Erdo\u011fan, T\u00fcrkiye, Suudi Arabistan ve Pakistan aras\u0131nda 7 A\u011fustos&#8217;ta imzalanan Mekke Ortak Savunma Anla\u015fmas\u0131&#8217;na ili\u015fkin a\u00e7\u0131klamalarda bulundu. AKP&#8217;li Cumhurba\u015fkan\u0131 Recep Tayyip Erdo\u011fan, T\u00fcrkiye, Suudi Arabistan ve Pakistan aras\u0131nda 7 A\u011fustos&#8217;ta imzalanan Mekke Ortak Savunma Anla\u015fmas\u0131&#8217;na ili\u015fkin a\u00e7\u0131klamalarda bulundu. Erdo\u011fan, T\u00fcrkiye, Suudi Arabistan ve Pakistan aras\u0131nda imzalanan Mekke Ortak Savunma Anla\u015fmas\u0131&#8217;n\u0131n yaln\u0131zca [&hellip;]<\/p>\n","protected":false},"author":12791,"featured_media":170267,"comment_status":"open","ping_status":"open","sticky":false,"template":"","format":"standard","meta":{"_yoast_wpseo_focuskw":"Erdo\u011fan - mekke","_yoast_wpseo_title":"","_yoast_wpseo_metadesc":"Cumhurba\u015fkan\u0131 Erdo\u011fan, T\u00fcrkiye, S.Arabistan ve Pakistan aras\u0131nda imzalanan Mekke Ortak Savunma Anla\u015fmas\u0131'na ili\u015fkin a\u00e7\u0131klamalarda bulundu.","_bbp_topic_count":0,"_bbp_reply_count":0,"_bbp_total_topic_count":0,"_bbp_total_reply_count":0,"_bbp_voice_count":0,"_bbp_anonymous_reply_count":0,"_bbp_topic_count_hidden":0,"_bbp_reply_count_hidden":0,"_bbp_forum_subforum_count":0,"footnotes":"","_yoast_wpseo_focuskw_text_input":""},"categories":[1,8138,8226],"tags":[895,12105,12213],"yoast_head":"<!-- This site is optimized with the Yoast SEO plugin v23.0 - https:\/\/yoast.com\/wordpress\/plugins\/seo\/ -->\n<title>Erdo\u011fan: Mekke Anla\u015fmas\u0131 &quot;\u00dc\u00e7 \u00dclkeyle S\u0131n\u0131rl\u0131 Kalmayabilir&quot; - The Epoch Times TR<\/title>\n<meta name=\"description\" content=\"Cumhurba\u015fkan\u0131 Erdo\u011fan, T\u00fcrkiye, S.Arabistan ve Pakistan aras\u0131nda imzalanan Mekke Ortak Savunma Anla\u015fmas\u0131&#039;na ili\u015fkin a\u00e7\u0131klamalarda bulundu.\" \/>\n<meta name=\"robots\" content=\"index, follow, max-snippet:-1, max-image-preview:large, max-video-preview:-1\" \/>\n<link rel=\"canonical\" href=\"https:\/\/epochtimestr.com\/index.php\/erdogan-mekke-anlasmasi-uc-ulkeyle-sinirli-kalmayabilir\" \/>\n<meta property=\"og:locale\" content=\"tr_TR\" \/>\n<meta property=\"og:type\" content=\"article\" \/>\n<meta property=\"og:title\" content=\"Erdo\u011fan: Mekke Anla\u015fmas\u0131 &quot;\u00dc\u00e7 \u00dclkeyle S\u0131n\u0131rl\u0131 Kalmayabilir&quot; - The Epoch Times TR\" \/>\n<meta property=\"og:description\" content=\"Cumhurba\u015fkan\u0131 Erdo\u011fan, T\u00fcrkiye, S.Arabistan ve Pakistan aras\u0131nda imzalanan Mekke Ortak Savunma Anla\u015fmas\u0131&#039;na ili\u015fkin a\u00e7\u0131klamalarda bulundu.\" \/>\n<meta property=\"og:url\" content=\"https:\/\/epochtimestr.com\/index.php\/erdogan-mekke-anlasmasi-uc-ulkeyle-sinirli-kalmayabilir\" \/>\n<meta property=\"og:site_name\" content=\"The Epoch Times TR\" \/>\n<meta property=\"article:publisher\" content=\"https:\/\/www.facebook.com\/theepochtimestr\" \/>\n<meta property=\"article:published_time\" content=\"2026-08-13T05:43:52+00:00\" \/>\n<meta property=\"article:modified_time\" content=\"2026-08-13T05:43:55+00:00\" \/>\n<meta property=\"og:image\" content=\"https:\/\/epochtimestr.com\/wp-content\/uploads\/2011y\/iletisim-baskanligi.webp\" \/>\n\t<meta property=\"og:image:width\" content=\"1280\" \/>\n\t<meta property=\"og:image:height\" content=\"720\" \/>\n\t<meta property=\"og:image:type\" content=\"image\/webp\" \/>\n<meta name=\"author\" content=\"Haber Merkezi\" \/>\n<meta name=\"twitter:card\" content=\"summary_large_image\" \/>\n<meta name=\"twitter:creator\" content=\"@TheEpochTimesTR\" \/>\n<meta name=\"twitter:site\" content=\"@TheEpochTimesTR\" \/>\n<meta name=\"twitter:label1\" content=\"Yazan:\" \/>\n\t<meta name=\"twitter:data1\" content=\"Haber Merkezi\" \/>\n\t<meta name=\"twitter:label2\" content=\"Tahmini okuma s\u00fcresi\" \/>\n\t<meta name=\"twitter:data2\" content=\"4 dakika\" \/>\n<script type=\"application\/ld+json\" class=\"yoast-schema-graph\">{\"@context\":\"https:\/\/schema.org\",\"@graph\":[{\"@type\":\"Article\",\"@id\":\"https:\/\/epochtimestr.com\/index.php\/erdogan-mekke-anlasmasi-uc-ulkeyle-sinirli-kalmayabilir#article\",\"isPartOf\":{\"@id\":\"https:\/\/epochtimestr.com\/index.php\/erdogan-mekke-anlasmasi-uc-ulkeyle-sinirli-kalmayabilir\"},\"author\":{\"name\":\"Haber Merkezi\",\"@id\":\"https:\/\/epochtimestr.com\/#\/schema\/person\/3dc5c3adeb9f43923c5aa85889172fdd\"},\"headline\":\"Erdo\u011fan: Mekke Anla\u015fmas\u0131 &#8220;\u00dc\u00e7 \u00dclkeyle S\u0131n\u0131rl\u0131 Kalmayabilir&#8221;\",\"datePublished\":\"2026-08-13T05:43:52+00:00\",\"dateModified\":\"2026-08-13T05:43:55+00:00\",\"mainEntityOfPage\":{\"@id\":\"https:\/\/epochtimestr.com\/index.php\/erdogan-mekke-anlasmasi-uc-ulkeyle-sinirli-kalmayabilir\"},\"wordCount\":883,\"commentCount\":0,\"publisher\":{\"@id\":\"https:\/\/epochtimestr.com\/#organization\"},\"image\":{\"@id\":\"https:\/\/epochtimestr.com\/index.php\/erdogan-mekke-anlasmasi-uc-ulkeyle-sinirli-kalmayabilir#primaryimage\"},\"thumbnailUrl\":\"https:\/\/epochtimestr.com\/wp-content\/uploads\/2011y\/iletisim-baskanligi.webp\",\"keywords\":[\"erdo\u011fan\",\"Mekke Ortak Savunma Anla\u015fmas\u0131\",\"\u015earku'l Avsat gazetesi\"],\"articleSection\":[\"G\u00dcNDEM\",\"MAN\u015eET\",\"Siyaset\"],\"inLanguage\":\"tr\",\"potentialAction\":[{\"@type\":\"CommentAction\",\"name\":\"Comment\",\"target\":[\"https:\/\/epochtimestr.com\/index.php\/erdogan-mekke-anlasmasi-uc-ulkeyle-sinirli-kalmayabilir#respond\"]}]},{\"@type\":\"WebPage\",\"@id\":\"https:\/\/epochtimestr.com\/index.php\/erdogan-mekke-anlasmasi-uc-ulkeyle-sinirli-kalmayabilir\",\"url\":\"https:\/\/epochtimestr.com\/index.php\/erdogan-mekke-anlasmasi-uc-ulkeyle-sinirli-kalmayabilir\",\"name\":\"Erdo\u011fan: Mekke Anla\u015fmas\u0131 \\\"\u00dc\u00e7 \u00dclkeyle S\u0131n\u0131rl\u0131 Kalmayabilir\\\" - The Epoch Times TR\",\"isPartOf\":{\"@id\":\"https:\/\/epochtimestr.com\/#website\"},\"primaryImageOfPage\":{\"@id\":\"https:\/\/epochtimestr.com\/index.php\/erdogan-mekke-anlasmasi-uc-ulkeyle-sinirli-kalmayabilir#primaryimage\"},\"image\":{\"@id\":\"https:\/\/epochtimestr.com\/index.php\/erdogan-mekke-anlasmasi-uc-ulkeyle-sinirli-kalmayabilir#primaryimage\"},\"thumbnailUrl\":\"https:\/\/epochtimestr.com\/wp-content\/uploads\/2011y\/iletisim-baskanligi.webp\",\"datePublished\":\"2026-08-13T05:43:52+00:00\",\"dateModified\":\"2026-08-13T05:43:55+00:00\",\"description\":\"Cumhurba\u015fkan\u0131 Erdo\u011fan, T\u00fcrkiye, S.Arabistan ve Pakistan aras\u0131nda imzalanan Mekke Ortak Savunma Anla\u015fmas\u0131'na ili\u015fkin a\u00e7\u0131klamalarda bulundu.\",\"inLanguage\":\"tr\",\"potentialAction\":[{\"@type\":\"ReadAction\",\"target\":[\"https:\/\/epochtimestr.com\/index.php\/erdogan-mekke-anlasmasi-uc-ulkeyle-sinirli-kalmayabilir\"]}]},{\"@type\":\"ImageObject\",\"inLanguage\":\"tr\",\"@id\":\"https:\/\/epochtimestr.com\/index.php\/erdogan-mekke-anlasmasi-uc-ulkeyle-sinirli-kalmayabilir#primaryimage\",\"url\":\"https:\/\/epochtimestr.com\/wp-content\/uploads\/2011y\/iletisim-baskanligi.webp\",\"contentUrl\":\"https:\/\/epochtimestr.com\/wp-content\/uploads\/2011y\/iletisim-baskanligi.webp\",\"width\":1280,\"height\":720},{\"@type\":\"WebSite\",\"@id\":\"https:\/\/epochtimestr.com\/#website\",\"url\":\"https:\/\/epochtimestr.com\/\",\"name\":\"The Epoch Times TR\",\"description\":\"De\u011fi\u015fen D\u00fcnyam\u0131za Taze Bir Bak\u0131\u015f\",\"publisher\":{\"@id\":\"https:\/\/epochtimestr.com\/#organization\"},\"potentialAction\":[{\"@type\":\"SearchAction\",\"target\":{\"@type\":\"EntryPoint\",\"urlTemplate\":\"https:\/\/epochtimestr.com\/?s={search_term_string}\"},\"query-input\":\"required name=search_term_string\"}],\"inLanguage\":\"tr\"},{\"@type\":\"Organization\",\"@id\":\"https:\/\/epochtimestr.com\/#organization\",\"name\":\"The EpochTimes T\u00fcrkiye\",\"url\":\"https:\/\/epochtimestr.com\/\",\"logo\":{\"@type\":\"ImageObject\",\"inLanguage\":\"tr\",\"@id\":\"https:\/\/epochtimestr.com\/#\/schema\/logo\/image\/\",\"url\":\"https:\/\/epochtimestr.com\/wp-content\/uploads\/2011y\/ET-Logo-YG.jpg\",\"contentUrl\":\"https:\/\/epochtimestr.com\/wp-content\/uploads\/2011y\/ET-Logo-YG.jpg\",\"width\":346,\"height\":29,\"caption\":\"The EpochTimes T\u00fcrkiye\"},\"image\":{\"@id\":\"https:\/\/epochtimestr.com\/#\/schema\/logo\/image\/\"},\"sameAs\":[\"https:\/\/www.facebook.com\/theepochtimestr\",\"https:\/\/x.com\/TheEpochTimesTR\",\"https:\/\/www.instagram.com\/epochtimestr\"]},{\"@type\":\"Person\",\"@id\":\"https:\/\/epochtimestr.com\/#\/schema\/person\/3dc5c3adeb9f43923c5aa85889172fdd\",\"name\":\"Haber Merkezi\",\"image\":{\"@type\":\"ImageObject\",\"inLanguage\":\"tr\",\"@id\":\"https:\/\/epochtimestr.com\/#\/schema\/person\/image\/\",\"url\":\"https:\/\/secure.gravatar.com\/avatar\/d73f772ba5a74f28601361e17c2f93e6?s=96&d=mm&r=g\",\"contentUrl\":\"https:\/\/secure.gravatar.com\/avatar\/d73f772ba5a74f28601361e17c2f93e6?s=96&d=mm&r=g\",\"caption\":\"Haber Merkezi\"},\"url\":\"https:\/\/epochtimestr.com\/index.php\/author\/sendag\"}]}<\/script>\n<!-- \/ Yoast SEO plugin. -->","yoast_head_json":{"title":"Erdo\u011fan: Mekke Anla\u015fmas\u0131 \"\u00dc\u00e7 \u00dclkeyle S\u0131n\u0131rl\u0131 Kalmayabilir\" - The Epoch Times TR","description":"Cumhurba\u015fkan\u0131 Erdo\u011fan, T\u00fcrkiye, S.Arabistan ve Pakistan aras\u0131nda imzalanan Mekke Ortak Savunma Anla\u015fmas\u0131'na ili\u015fkin a\u00e7\u0131klamalarda bulundu.","robots":{"index":"index","follow":"follow","max-snippet":"max-snippet:-1","max-image-preview":"max-image-preview:large","max-video-preview":"max-video-preview:-1"},"canonical":"https:\/\/epochtimestr.com\/index.php\/erdogan-mekke-anlasmasi-uc-ulkeyle-sinirli-kalmayabilir","og_locale":"tr_TR","og_type":"article","og_title":"Erdo\u011fan: Mekke Anla\u015fmas\u0131 \"\u00dc\u00e7 \u00dclkeyle S\u0131n\u0131rl\u0131 Kalmayabilir\" - The Epoch Times TR","og_description":"Cumhurba\u015fkan\u0131 Erdo\u011fan, T\u00fcrkiye, S.Arabistan ve Pakistan aras\u0131nda imzalanan Mekke Ortak Savunma Anla\u015fmas\u0131'na ili\u015fkin a\u00e7\u0131klamalarda bulundu.","og_url":"https:\/\/epochtimestr.com\/index.php\/erdogan-mekke-anlasmasi-uc-ulkeyle-sinirli-kalmayabilir","og_site_name":"The Epoch Times TR","article_publisher":"https:\/\/www.facebook.com\/theepochtimestr","article_published_time":"2026-08-13T05:43:52+00:00","article_modified_time":"2026-08-13T05:43:55+00:00","og_image":[{"width":1280,"height":720,"url":"https:\/\/epochtimestr.com\/wp-content\/uploads\/2011y\/iletisim-baskanligi.webp","type":"image\/webp"}],"author":"Haber Merkezi","twitter_card":"summary_large_image","twitter_creator":"@TheEpochTimesTR","twitter_site":"@TheEpochTimesTR","twitter_misc":{"Yazan:":"Haber Merkezi","Tahmini okuma s\u00fcresi":"4 dakika"},"schema":{"@context":"https:\/\/schema.org","@graph":[{"@type":"Article","@id":"https:\/\/epochtimestr.com\/index.php\/erdogan-mekke-anlasmasi-uc-ulkeyle-sinirli-kalmayabilir#article","isPartOf":{"@id":"https:\/\/epochtimestr.com\/index.php\/erdogan-mekke-anlasmasi-uc-ulkeyle-sinirli-kalmayabilir"},"author":{"name":"Haber Merkezi","@id":"https:\/\/epochtimestr.com\/#\/schema\/person\/3dc5c3adeb9f43923c5aa85889172fdd"},"headline":"Erdo\u011fan: Mekke Anla\u015fmas\u0131 &#8220;\u00dc\u00e7 \u00dclkeyle S\u0131n\u0131rl\u0131 Kalmayabilir&#8221;","datePublished":"2026-08-13T05:43:52+00:00","dateModified":"2026-08-13T05:43:55+00:00","mainEntityOfPage":{"@id":"https:\/\/epochtimestr.com\/index.php\/erdogan-mekke-anlasmasi-uc-ulkeyle-sinirli-kalmayabilir"},"wordCount":883,"commentCount":0,"publisher":{"@id":"https:\/\/epochtimestr.com\/#organization"},"image":{"@id":"https:\/\/epochtimestr.com\/index.php\/erdogan-mekke-anlasmasi-uc-ulkeyle-sinirli-kalmayabilir#primaryimage"},"thumbnailUrl":"https:\/\/epochtimestr.com\/wp-content\/uploads\/2011y\/iletisim-baskanligi.webp","keywords":["erdo\u011fan","Mekke Ortak Savunma Anla\u015fmas\u0131","\u015earku'l Avsat gazetesi"],"articleSection":["G\u00dcNDEM","MAN\u015eET","Siyaset"],"inLanguage":"tr","potentialAction":[{"@type":"CommentAction","name":"Comment","target":["https:\/\/epochtimestr.com\/index.php\/erdogan-mekke-anlasmasi-uc-ulkeyle-sinirli-kalmayabilir#respond"]}]},{"@type":"WebPage","@id":"https:\/\/epochtimestr.com\/index.php\/erdogan-mekke-anlasmasi-uc-ulkeyle-sinirli-kalmayabilir","url":"https:\/\/epochtimestr.com\/index.php\/erdogan-mekke-anlasmasi-uc-ulkeyle-sinirli-kalmayabilir","name":"Erdo\u011fan: Mekke Anla\u015fmas\u0131 \"\u00dc\u00e7 \u00dclkeyle S\u0131n\u0131rl\u0131 Kalmayabilir\" - The Epoch Times TR","isPartOf":{"@id":"https:\/\/epochtimestr.com\/#website"},"primaryImageOfPage":{"@id":"https:\/\/epochtimestr.com\/index.php\/erdogan-mekke-anlasmasi-uc-ulkeyle-sinirli-kalmayabilir#primaryimage"},"image":{"@id":"https:\/\/epochtimestr.com\/index.php\/erdogan-mekke-anlasmasi-uc-ulkeyle-sinirli-kalmayabilir#primaryimage"},"thumbnailUrl":"https:\/\/epochtimestr.com\/wp-content\/uploads\/2011y\/iletisim-baskanligi.webp","datePublished":"2026-08-13T05:43:52+00:00","dateModified":"2026-08-13T05:43:55+00:00","description":"Cumhurba\u015fkan\u0131 Erdo\u011fan, T\u00fcrkiye, S.Arabistan ve Pakistan aras\u0131nda imzalanan Mekke Ortak Savunma Anla\u015fmas\u0131'na ili\u015fkin a\u00e7\u0131klamalarda bulundu.","inLanguage":"tr","potentialAction":[{"@type":"ReadAction","target":["https:\/\/epochtimestr.com\/index.php\/erdogan-mekke-anlasmasi-uc-ulkeyle-sinirli-kalmayabilir"]}]},{"@type":"ImageObject","inLanguage":"tr","@id":"https:\/\/epochtimestr.com\/index.php\/erdogan-mekke-anlasmasi-uc-ulkeyle-sinirli-kalmayabilir#primaryimage","url":"https:\/\/epochtimestr.com\/wp-content\/uploads\/2011y\/iletisim-baskanligi.webp","contentUrl":"https:\/\/epochtimestr.com\/wp-content\/uploads\/2011y\/iletisim-baskanligi.webp","width":1280,"height":720},{"@type":"WebSite","@id":"https:\/\/epochtimestr.com\/#website","url":"https:\/\/epochtimestr.com\/","name":"The Epoch Times TR","description":"De\u011fi\u015fen D\u00fcnyam\u0131za Taze Bir Bak\u0131\u015f","publisher":{"@id":"https:\/\/epochtimestr.com\/#organization"},"potentialAction":[{"@type":"SearchAction","target":{"@type":"EntryPoint","urlTemplate":"https:\/\/epochtimestr.com\/?s={search_term_string}"},"query-input":"required name=search_term_string"}],"inLanguage":"tr"},{"@type":"Organization","@id":"https:\/\/epochtimestr.com\/#organization","name":"The EpochTimes T\u00fcrkiye","url":"https:\/\/epochtimestr.com\/","logo":{"@type":"ImageObject","inLanguage":"tr","@id":"https:\/\/epochtimestr.com\/#\/schema\/logo\/image\/","url":"https:\/\/epochtimestr.com\/wp-content\/uploads\/2011y\/ET-Logo-YG.jpg","contentUrl":"https:\/\/epochtimestr.com\/wp-content\/uploads\/2011y\/ET-Logo-YG.jpg","width":346,"height":29,"caption":"The EpochTimes T\u00fcrkiye"},"image":{"@id":"https:\/\/epochtimestr.com\/#\/schema\/logo\/image\/"},"sameAs":["https:\/\/www.facebook.com\/theepochtimestr","https:\/\/x.com\/TheEpochTimesTR","https:\/\/www.instagram.com\/epochtimestr"]},{"@type":"Person","@id":"https:\/\/epochtimestr.com\/#\/schema\/person\/3dc5c3adeb9f43923c5aa85889172fdd","name":"Haber Merkezi","image":{"@type":"ImageObject","inLanguage":"tr","@id":"https:\/\/epochtimestr.com\/#\/schema\/person\/image\/","url":"https:\/\/secure.gravatar.com\/avatar\/d73f772ba5a74f28601361e17c2f93e6?s=96&d=mm&r=g","contentUrl":"https:\/\/secure.gravatar.com\/avatar\/d73f772ba5a74f28601361e17c2f93e6?s=96&d=mm&r=g","caption":"Haber Merkezi"},"url":"https:\/\/epochtimestr.com\/index.php\/author\/sendag"}]}},"_links":{"self":[{"href":"https:\/\/epochtimestr.com\/index.php\/wp-json\/wp\/v2\/posts\/170265"}],"collection":[{"href":"https:\/\/epochtimestr.com\/index.php\/wp-json\/wp\/v2\/posts"}],"about":[{"href":"https:\/\/epochtimestr.com\/index.php\/wp-json\/wp\/v2\/types\/post"}],"author":[{"embeddable":true,"href":"https:\/\/epochtimestr.com\/index.php\/wp-json\/wp\/v2\/users\/12791"}],"replies":[{"embeddable":true,"href":"https:\/\/epochtimestr.com\/index.php\/wp-json\/wp\/v2\/comments?post=170265"}],"version-history":[{"count":2,"href":"https:\/\/epochtimestr.com\/index.php\/wp-json\/wp\/v2\/posts\/170265\/revisions"}],"predecessor-version":[{"id":170272,"href":"https:\/\/epochtimestr.com\/index.php\/wp-json\/wp\/v2\/posts\/170265\/revisions\/170272"}],"wp:featuredmedia":[{"embeddable":true,"href":"https:\/\/epochtimestr.com\/index.php\/wp-json\/wp\/v2\/media\/170267"}],"wp:attachment":[{"href":"https:\/\/epochtimestr.com\/index.php\/wp-json\/wp\/v2\/media?parent=170265"}],"wp:term":[{"taxonomy":"category","embeddable":true,"href":"https:\/\/epochtimestr.com\/index.php\/wp-json\/wp\/v2\/categories?post=170265"},{"taxonomy":"post_tag","embeddable":true,"href":"https:\/\/epochtimestr.com\/index.php\/wp-json\/wp\/v2\/tags?post=170265"}],"curies":[{"name":"wp","href":"https:\/\/api.w.org\/{rel}","templated":true}]}}