{"id":170366,"date":"2026-08-14T20:45:53","date_gmt":"2026-08-14T17:45:53","guid":{"rendered":"https:\/\/epochtimestr.com\/?p=170366"},"modified":"2026-08-14T20:45:54","modified_gmt":"2026-08-14T17:45:54","slug":"bakirhan-sayin-bahceliye-de-sayin-erdogana-da-haksizlik","status":"publish","type":"post","link":"https:\/\/epochtimestr.com\/index.php\/bakirhan-sayin-bahceliye-de-sayin-erdogana-da-haksizlik","title":{"rendered":"Bak\u0131rhan: Say\u0131n Bah\u00e7eli&#8217;ye de Say\u0131n Erdo\u011fan&#8217;a da Haks\u0131zl\u0131k"},"content":{"rendered":"<div class=\"wp-block-image\">\n<figure class=\"aligncenter size-full\"><img loading=\"lazy\" decoding=\"async\" width=\"1280\" height=\"720\" src=\"https:\/\/epochtimestr.com\/wp-content\/uploads\/2011y\/dem-parti-3.webp\" alt=\"\" class=\"wp-image-170367\" srcset=\"https:\/\/epochtimestr.com\/wp-content\/uploads\/2011y\/dem-parti-3.webp 1280w, https:\/\/epochtimestr.com\/wp-content\/uploads\/2011y\/dem-parti-3-300x169.webp 300w, https:\/\/epochtimestr.com\/wp-content\/uploads\/2011y\/dem-parti-3-150x84.webp 150w, https:\/\/epochtimestr.com\/wp-content\/uploads\/2011y\/dem-parti-3-768x432.webp 768w\" sizes=\"(max-width: 1280px) 100vw, 1280px\" \/><figcaption class=\"wp-element-caption\">Tuncer Bak\u0131rhan: &#8220;Say\u0131n Bah\u00e7eli&#8217;ye de Say\u0131n Erdo\u011fan&#8217;a da haks\u0131zl\u0131k&#8221; dedi. (Foto\u011fraf: DEM Parti x hesab\u0131)<\/figcaption><\/figure><\/div>\n\n\n<h2 class=\"wp-block-heading\">DEM Parti E\u015f Genel Ba\u015fkan\u0131 Tuncer Bak\u0131rhan, &#8220;Ter\u00f6rs\u00fcz T\u00fcrkiye&#8221; ad\u0131 alt\u0131nda ba\u015flat\u0131lan s\u00fcre\u00e7te gelinen noktaya ili\u015fkin de\u011ferlendirmeler yapt\u0131.<\/h2>\n\n\n\n<p>DEM Parti <a href=\"https:\/\/epochtimestr.com\/index.php\/ozgur-ozel-ve-tuncer-bakirhan-birlikte-aciklama-yapti\">E\u015f Genel Ba\u015fkan\u0131<\/a> Tuncer Bak\u0131rhan, y\u00fcr\u00fct\u00fclen s\u00fcre\u00e7 kapsam\u0131nda Cumhurba\u015fkan\u0131 Erdo\u011fan ve MHP Genel Ba\u015fkan\u0131 Bah\u00e7eli ile yap\u0131lan temaslarda se\u00e7im pazarl\u0131\u011f\u0131 ger\u00e7ekle\u015ftirildi\u011fi y\u00f6n\u00fcndeki iddialara yan\u0131t verdi.<\/p>\n\n\n\n<p>T24&#8217;\u00fcn Youtube yay\u0131n\u0131nda sorular\u0131 yan\u0131tlayan Bak\u0131rhan, s\u00fcrece ili\u015fkin &#8220;Ekim&#8217;de Meclis&#8217;in a\u00e7\u0131lmas\u0131yla in\u015fallah daha somut ad\u0131mlar at\u0131lacak. Bar\u0131\u015f, her \u015feyden daha b\u00fcy\u00fckt\u00fcr. Bir ba\u015flarsan durdurmak imk\u00e2ns\u0131zd\u0131r. Ba\u015flayan\u0131n durduramayaca\u011f\u0131 bir a\u015famaya girdik&#8221; dedi.<\/p>\n\n\n\n<p>Bak\u0131rhan, iddialara ili\u015fkin konu\u015fmas\u0131nda:<\/p>\n\n\n\n<p>\u201cBu, Say\u0131n Bah\u00e7eli&#8217;ye de Say\u0131n Erdo\u011fan&#8217;a da haks\u0131zl\u0131k yapmakt\u0131r. Bir \u00fclkenin Cumhurba\u015fkan\u0131, \u00e7ok \u00f6nemli bir partinin ba\u015f\u0131ndaki insan gelip bizimle se\u00e7im pazarl\u0131\u011f\u0131 m\u0131 yapacak? Bu kadar m\u0131 ucuz, bu kadar m\u0131 basit? Bu d\u00fc\u015f\u00fcnceyi dile getirenler \u00e7ok ucuzluk ve basitlik yap\u0131yorlar. Emin olun b\u00f6yle bir \u015fey yok.<br \/>Yan\u0131 ba\u015f\u0131m\u0131z kan deryas\u0131. \u0130ran&#8217;da ne olaca\u011f\u0131 belli de\u011fil, Suriye&#8217;de hen\u00fcz rejim oturmad\u0131, Irak&#8217;ta dengeler oturmad\u0131. T\u00fcrkiye&#8217;de 100 y\u0131ll\u0131k bir K\u00fcrt meselesi var. Emperyal hegemonik b\u00f6lgesel g\u00fc\u00e7lerin Ortado\u011fu&#8217;da oynamaya \u00e7al\u0131\u015ft\u0131\u011f\u0131 oyuna bak\u0131nca, kendi \u00fclkemizde K\u00fcrtle bar\u0131\u015fmak, K\u00fcrtle birlikte y\u00fcr\u00fcmek gibi bir ba\u015fl\u0131\u011f\u0131m\u0131z olmas\u0131n\u0131n neresi garip?<\/p>\n\n\n\n<p>Ekim\u2019de Meclis&#8217;in a\u00e7\u0131lmas\u0131yla in\u015fallah daha somut ad\u0131mlar at\u0131lacak. Bar\u0131\u015f, her \u015feyden daha b\u00fcy\u00fckt\u00fcr. Bir ba\u015flarsan durdurmak imk\u00e2ns\u0131zd\u0131r. Ba\u015flayan\u0131n durduramayaca\u011f\u0131 bir a\u015famaya girdik\u201d ifadelerini kulland\u0131.<br \/>Bak\u0131rhan ayr\u0131ca HDP&#8217;nin eski e\u015f genel ba\u015fkanlar\u0131 Selahattin Demirta\u015f ve Figen Y\u00fcksekda\u011f&#8217;\u0131n tahliyesini beklediklerini belirterek,<br \/>&#8220;Demirta\u015f ve Y\u00fcksekda\u011f i\u00e7in yasaya gerek yok. A\u0130HM karar\u0131 var, dolay\u0131s\u0131yla bir saat sonra bile b\u0131rak\u0131labilirler. \u0130n\u015fallah yaln\u0131zca o b\u00fcy\u00fck kongre de\u011fil, 6 Eyl\u00fcl&#8217;deki kongreye de yeti\u015firler. MHP de bizim gibi istekli. Selahattin Ba\u015fkan da Figen Ba\u015fkan da ve di\u011fer arkada\u015flar\u0131n tamam\u0131 da s\u00fcrekli bizim g\u00fcndemimizde. Cumhurba\u015fkan\u0131n\u0131n da b\u00fct\u00fcn devlet muhataplar\u0131m\u0131z\u0131n da g\u00fcndemlerinden birisi budur. Biz yolda\u015flar\u0131m\u0131z\u0131 i\u00e7eride unutan bir hareket de\u011filiz.&#8221; dedi.<\/p>\n\n\n\n<figure class=\"wp-block-embed is-type-rich is-provider-x wp-block-embed-x\"><div class=\"wp-block-embed__wrapper\">\n<blockquote class=\"twitter-tweet\" data-width=\"550\" data-dnt=\"true\"><p lang=\"tr\" dir=\"ltr\">T24\u2019te \u015eirin Payz\u0131n ve Murat Sabuncu\u2019nun konu\u011fuyum.<br><br>T\u00fcrkiye\u2019nin g\u00fcndemini, bar\u0131\u015f ve demokratik \u00e7\u00f6z\u00fcm s\u00fcreci ile \u00f6n\u00fcm\u00fczdeki d\u00f6nemi konu\u015faca\u011f\u0131z. <a href=\"https:\/\/t.co\/Hsa8VAtRxt\">https:\/\/t.co\/Hsa8VAtRxt<\/a><\/p>&mdash; Tuncer BAKIRHAN (@tuncerbakirhan) <a href=\"https:\/\/x.com\/tuncerbakirhan\/status\/2088190352129671647?ref_src=twsrc%5Etfw\">August 14, 2026<\/a><\/blockquote><script async src=\"https:\/\/platform.x.com\/widgets.js\" charset=\"utf-8\"><\/script>\n<\/div><\/figure>\n","protected":false},"excerpt":{"rendered":"<p>DEM Parti E\u015f Genel Ba\u015fkan\u0131 Tuncer Bak\u0131rhan, &#8220;Ter\u00f6rs\u00fcz T\u00fcrkiye&#8221; ad\u0131 alt\u0131nda ba\u015flat\u0131lan s\u00fcre\u00e7te gelinen noktaya ili\u015fkin de\u011ferlendirmeler yapt\u0131. DEM Parti E\u015f Genel Ba\u015fkan\u0131 Tuncer Bak\u0131rhan, y\u00fcr\u00fct\u00fclen s\u00fcre\u00e7 kapsam\u0131nda Cumhurba\u015fkan\u0131 Erdo\u011fan ve MHP Genel Ba\u015fkan\u0131 Bah\u00e7eli ile yap\u0131lan temaslarda se\u00e7im pazarl\u0131\u011f\u0131 ger\u00e7ekle\u015ftirildi\u011fi y\u00f6n\u00fcndeki iddialara yan\u0131t verdi. T24&#8217;\u00fcn Youtube yay\u0131n\u0131nda sorular\u0131 yan\u0131tlayan Bak\u0131rhan, s\u00fcrece ili\u015fkin &#8220;Ekim&#8217;de Meclis&#8217;in [&hellip;]<\/p>\n","protected":false},"author":12791,"featured_media":170367,"comment_status":"open","ping_status":"open","sticky":false,"template":"","format":"standard","meta":{"_yoast_wpseo_focuskw":"bak\u0131rhan","_yoast_wpseo_title":"","_yoast_wpseo_metadesc":"DEM Parti E\u015f Genel Ba\u015fkan\u0131 Tuncer Bak\u0131rhan, \"Ter\u00f6rs\u00fcz T\u00fcrkiye\" ad\u0131 alt\u0131nda ba\u015flat\u0131lan s\u00fcre\u00e7te gelinen noktaya ili\u015fkin de\u011ferlendirmeler yapt\u0131.","_bbp_topic_count":0,"_bbp_reply_count":0,"_bbp_total_topic_count":0,"_bbp_total_reply_count":0,"_bbp_voice_count":0,"_bbp_anonymous_reply_count":0,"_bbp_topic_count_hidden":0,"_bbp_reply_count_hidden":0,"_bbp_forum_subforum_count":0,"footnotes":"","_yoast_wpseo_focuskw_text_input":""},"categories":[1,8138,8226],"tags":[6048,12239,12077,5891],"yoast_head":"<!-- This site is optimized with the Yoast SEO plugin v23.0 - https:\/\/yoast.com\/wordpress\/plugins\/seo\/ -->\n<title>Bak\u0131rhan: Say\u0131n Bah\u00e7eli&#039;ye de Say\u0131n Erdo\u011fan&#039;a da Haks\u0131zl\u0131k - The Epoch Times TR<\/title>\n<meta name=\"description\" content=\"DEM Parti E\u015f Genel Ba\u015fkan\u0131 Tuncer Bak\u0131rhan, &quot;Ter\u00f6rs\u00fcz T\u00fcrkiye&quot; ad\u0131 alt\u0131nda ba\u015flat\u0131lan s\u00fcre\u00e7te gelinen noktaya ili\u015fkin de\u011ferlendirmeler yapt\u0131.\" \/>\n<meta name=\"robots\" content=\"index, follow, max-snippet:-1, max-image-preview:large, max-video-preview:-1\" \/>\n<link rel=\"canonical\" href=\"https:\/\/epochtimestr.com\/index.php\/bakirhan-sayin-bahceliye-de-sayin-erdogana-da-haksizlik\" \/>\n<meta property=\"og:locale\" content=\"tr_TR\" \/>\n<meta property=\"og:type\" content=\"article\" \/>\n<meta property=\"og:title\" content=\"Bak\u0131rhan: Say\u0131n Bah\u00e7eli&#039;ye de Say\u0131n Erdo\u011fan&#039;a da Haks\u0131zl\u0131k - The Epoch Times TR\" \/>\n<meta property=\"og:description\" content=\"DEM Parti E\u015f Genel Ba\u015fkan\u0131 Tuncer Bak\u0131rhan, &quot;Ter\u00f6rs\u00fcz T\u00fcrkiye&quot; ad\u0131 alt\u0131nda ba\u015flat\u0131lan s\u00fcre\u00e7te gelinen noktaya ili\u015fkin de\u011ferlendirmeler yapt\u0131.\" \/>\n<meta property=\"og:url\" content=\"https:\/\/epochtimestr.com\/index.php\/bakirhan-sayin-bahceliye-de-sayin-erdogana-da-haksizlik\" \/>\n<meta property=\"og:site_name\" content=\"The Epoch Times TR\" \/>\n<meta property=\"article:publisher\" content=\"https:\/\/www.facebook.com\/theepochtimestr\" \/>\n<meta property=\"article:published_time\" content=\"2026-08-14T17:45:53+00:00\" \/>\n<meta property=\"article:modified_time\" content=\"2026-08-14T17:45:54+00:00\" \/>\n<meta property=\"og:image\" content=\"https:\/\/epochtimestr.com\/wp-content\/uploads\/2011y\/dem-parti-3.webp\" \/>\n\t<meta property=\"og:image:width\" content=\"1280\" \/>\n\t<meta property=\"og:image:height\" content=\"720\" \/>\n\t<meta property=\"og:image:type\" content=\"image\/webp\" \/>\n<meta name=\"author\" content=\"Haber Merkezi\" \/>\n<meta name=\"twitter:card\" content=\"summary_large_image\" \/>\n<meta name=\"twitter:creator\" content=\"@TheEpochTimesTR\" \/>\n<meta name=\"twitter:site\" content=\"@TheEpochTimesTR\" \/>\n<meta name=\"twitter:label1\" content=\"Yazan:\" \/>\n\t<meta name=\"twitter:data1\" content=\"Haber Merkezi\" \/>\n\t<meta name=\"twitter:label2\" content=\"Tahmini okuma s\u00fcresi\" \/>\n\t<meta name=\"twitter:data2\" content=\"3 dakika\" \/>\n<script type=\"application\/ld+json\" class=\"yoast-schema-graph\">{\"@context\":\"https:\/\/schema.org\",\"@graph\":[{\"@type\":\"Article\",\"@id\":\"https:\/\/epochtimestr.com\/index.php\/bakirhan-sayin-bahceliye-de-sayin-erdogana-da-haksizlik#article\",\"isPartOf\":{\"@id\":\"https:\/\/epochtimestr.com\/index.php\/bakirhan-sayin-bahceliye-de-sayin-erdogana-da-haksizlik\"},\"author\":{\"name\":\"Haber Merkezi\",\"@id\":\"https:\/\/epochtimestr.com\/#\/schema\/person\/3dc5c3adeb9f43923c5aa85889172fdd\"},\"headline\":\"Bak\u0131rhan: Say\u0131n Bah\u00e7eli&#8217;ye de Say\u0131n Erdo\u011fan&#8217;a da Haks\u0131zl\u0131k\",\"datePublished\":\"2026-08-14T17:45:53+00:00\",\"dateModified\":\"2026-08-14T17:45:54+00:00\",\"mainEntityOfPage\":{\"@id\":\"https:\/\/epochtimestr.com\/index.php\/bakirhan-sayin-bahceliye-de-sayin-erdogana-da-haksizlik\"},\"wordCount\":466,\"commentCount\":0,\"publisher\":{\"@id\":\"https:\/\/epochtimestr.com\/#organization\"},\"image\":{\"@id\":\"https:\/\/epochtimestr.com\/index.php\/bakirhan-sayin-bahceliye-de-sayin-erdogana-da-haksizlik#primaryimage\"},\"thumbnailUrl\":\"https:\/\/epochtimestr.com\/wp-content\/uploads\/2011y\/dem-parti-3.webp\",\"keywords\":[\"bah\u00e7eli\",\"RT Erdo\u011fan\",\"Ter\u00f6rs\u00fcz T\u00fcrkiye\",\"Tuncer Bak\u0131rhan\"],\"articleSection\":[\"G\u00dcNDEM\",\"MAN\u015eET\",\"Siyaset\"],\"inLanguage\":\"tr\",\"potentialAction\":[{\"@type\":\"CommentAction\",\"name\":\"Comment\",\"target\":[\"https:\/\/epochtimestr.com\/index.php\/bakirhan-sayin-bahceliye-de-sayin-erdogana-da-haksizlik#respond\"]}]},{\"@type\":\"WebPage\",\"@id\":\"https:\/\/epochtimestr.com\/index.php\/bakirhan-sayin-bahceliye-de-sayin-erdogana-da-haksizlik\",\"url\":\"https:\/\/epochtimestr.com\/index.php\/bakirhan-sayin-bahceliye-de-sayin-erdogana-da-haksizlik\",\"name\":\"Bak\u0131rhan: Say\u0131n Bah\u00e7eli'ye de Say\u0131n Erdo\u011fan'a da Haks\u0131zl\u0131k - The Epoch Times TR\",\"isPartOf\":{\"@id\":\"https:\/\/epochtimestr.com\/#website\"},\"primaryImageOfPage\":{\"@id\":\"https:\/\/epochtimestr.com\/index.php\/bakirhan-sayin-bahceliye-de-sayin-erdogana-da-haksizlik#primaryimage\"},\"image\":{\"@id\":\"https:\/\/epochtimestr.com\/index.php\/bakirhan-sayin-bahceliye-de-sayin-erdogana-da-haksizlik#primaryimage\"},\"thumbnailUrl\":\"https:\/\/epochtimestr.com\/wp-content\/uploads\/2011y\/dem-parti-3.webp\",\"datePublished\":\"2026-08-14T17:45:53+00:00\",\"dateModified\":\"2026-08-14T17:45:54+00:00\",\"description\":\"DEM Parti E\u015f Genel Ba\u015fkan\u0131 Tuncer Bak\u0131rhan, \\\"Ter\u00f6rs\u00fcz T\u00fcrkiye\\\" ad\u0131 alt\u0131nda ba\u015flat\u0131lan s\u00fcre\u00e7te gelinen noktaya ili\u015fkin de\u011ferlendirmeler yapt\u0131.\",\"inLanguage\":\"tr\",\"potentialAction\":[{\"@type\":\"ReadAction\",\"target\":[\"https:\/\/epochtimestr.com\/index.php\/bakirhan-sayin-bahceliye-de-sayin-erdogana-da-haksizlik\"]}]},{\"@type\":\"ImageObject\",\"inLanguage\":\"tr\",\"@id\":\"https:\/\/epochtimestr.com\/index.php\/bakirhan-sayin-bahceliye-de-sayin-erdogana-da-haksizlik#primaryimage\",\"url\":\"https:\/\/epochtimestr.com\/wp-content\/uploads\/2011y\/dem-parti-3.webp\",\"contentUrl\":\"https:\/\/epochtimestr.com\/wp-content\/uploads\/2011y\/dem-parti-3.webp\",\"width\":1280,\"height\":720},{\"@type\":\"WebSite\",\"@id\":\"https:\/\/epochtimestr.com\/#website\",\"url\":\"https:\/\/epochtimestr.com\/\",\"name\":\"The Epoch Times TR\",\"description\":\"De\u011fi\u015fen D\u00fcnyam\u0131za Taze Bir Bak\u0131\u015f\",\"publisher\":{\"@id\":\"https:\/\/epochtimestr.com\/#organization\"},\"potentialAction\":[{\"@type\":\"SearchAction\",\"target\":{\"@type\":\"EntryPoint\",\"urlTemplate\":\"https:\/\/epochtimestr.com\/?s={search_term_string}\"},\"query-input\":\"required name=search_term_string\"}],\"inLanguage\":\"tr\"},{\"@type\":\"Organization\",\"@id\":\"https:\/\/epochtimestr.com\/#organization\",\"name\":\"The EpochTimes T\u00fcrkiye\",\"url\":\"https:\/\/epochtimestr.com\/\",\"logo\":{\"@type\":\"ImageObject\",\"inLanguage\":\"tr\",\"@id\":\"https:\/\/epochtimestr.com\/#\/schema\/logo\/image\/\",\"url\":\"https:\/\/epochtimestr.com\/wp-content\/uploads\/2011y\/ET-Logo-YG.jpg\",\"contentUrl\":\"https:\/\/epochtimestr.com\/wp-content\/uploads\/2011y\/ET-Logo-YG.jpg\",\"width\":346,\"height\":29,\"caption\":\"The EpochTimes T\u00fcrkiye\"},\"image\":{\"@id\":\"https:\/\/epochtimestr.com\/#\/schema\/logo\/image\/\"},\"sameAs\":[\"https:\/\/www.facebook.com\/theepochtimestr\",\"https:\/\/x.com\/TheEpochTimesTR\",\"https:\/\/www.instagram.com\/epochtimestr\"]},{\"@type\":\"Person\",\"@id\":\"https:\/\/epochtimestr.com\/#\/schema\/person\/3dc5c3adeb9f43923c5aa85889172fdd\",\"name\":\"Haber Merkezi\",\"image\":{\"@type\":\"ImageObject\",\"inLanguage\":\"tr\",\"@id\":\"https:\/\/epochtimestr.com\/#\/schema\/person\/image\/\",\"url\":\"https:\/\/secure.gravatar.com\/avatar\/d73f772ba5a74f28601361e17c2f93e6?s=96&d=mm&r=g\",\"contentUrl\":\"https:\/\/secure.gravatar.com\/avatar\/d73f772ba5a74f28601361e17c2f93e6?s=96&d=mm&r=g\",\"caption\":\"Haber Merkezi\"},\"url\":\"https:\/\/epochtimestr.com\/index.php\/author\/sendag\"}]}<\/script>\n<!-- \/ Yoast SEO plugin. -->","yoast_head_json":{"title":"Bak\u0131rhan: Say\u0131n Bah\u00e7eli'ye de Say\u0131n Erdo\u011fan'a da Haks\u0131zl\u0131k - The Epoch Times TR","description":"DEM Parti E\u015f Genel Ba\u015fkan\u0131 Tuncer Bak\u0131rhan, \"Ter\u00f6rs\u00fcz T\u00fcrkiye\" ad\u0131 alt\u0131nda ba\u015flat\u0131lan s\u00fcre\u00e7te gelinen noktaya ili\u015fkin de\u011ferlendirmeler yapt\u0131.","robots":{"index":"index","follow":"follow","max-snippet":"max-snippet:-1","max-image-preview":"max-image-preview:large","max-video-preview":"max-video-preview:-1"},"canonical":"https:\/\/epochtimestr.com\/index.php\/bakirhan-sayin-bahceliye-de-sayin-erdogana-da-haksizlik","og_locale":"tr_TR","og_type":"article","og_title":"Bak\u0131rhan: Say\u0131n Bah\u00e7eli'ye de Say\u0131n Erdo\u011fan'a da Haks\u0131zl\u0131k - The Epoch Times TR","og_description":"DEM Parti E\u015f Genel Ba\u015fkan\u0131 Tuncer Bak\u0131rhan, \"Ter\u00f6rs\u00fcz T\u00fcrkiye\" ad\u0131 alt\u0131nda ba\u015flat\u0131lan s\u00fcre\u00e7te gelinen noktaya ili\u015fkin de\u011ferlendirmeler yapt\u0131.","og_url":"https:\/\/epochtimestr.com\/index.php\/bakirhan-sayin-bahceliye-de-sayin-erdogana-da-haksizlik","og_site_name":"The Epoch Times TR","article_publisher":"https:\/\/www.facebook.com\/theepochtimestr","article_published_time":"2026-08-14T17:45:53+00:00","article_modified_time":"2026-08-14T17:45:54+00:00","og_image":[{"width":1280,"height":720,"url":"https:\/\/epochtimestr.com\/wp-content\/uploads\/2011y\/dem-parti-3.webp","type":"image\/webp"}],"author":"Haber Merkezi","twitter_card":"summary_large_image","twitter_creator":"@TheEpochTimesTR","twitter_site":"@TheEpochTimesTR","twitter_misc":{"Yazan:":"Haber Merkezi","Tahmini okuma s\u00fcresi":"3 dakika"},"schema":{"@context":"https:\/\/schema.org","@graph":[{"@type":"Article","@id":"https:\/\/epochtimestr.com\/index.php\/bakirhan-sayin-bahceliye-de-sayin-erdogana-da-haksizlik#article","isPartOf":{"@id":"https:\/\/epochtimestr.com\/index.php\/bakirhan-sayin-bahceliye-de-sayin-erdogana-da-haksizlik"},"author":{"name":"Haber Merkezi","@id":"https:\/\/epochtimestr.com\/#\/schema\/person\/3dc5c3adeb9f43923c5aa85889172fdd"},"headline":"Bak\u0131rhan: Say\u0131n Bah\u00e7eli&#8217;ye de Say\u0131n Erdo\u011fan&#8217;a da Haks\u0131zl\u0131k","datePublished":"2026-08-14T17:45:53+00:00","dateModified":"2026-08-14T17:45:54+00:00","mainEntityOfPage":{"@id":"https:\/\/epochtimestr.com\/index.php\/bakirhan-sayin-bahceliye-de-sayin-erdogana-da-haksizlik"},"wordCount":466,"commentCount":0,"publisher":{"@id":"https:\/\/epochtimestr.com\/#organization"},"image":{"@id":"https:\/\/epochtimestr.com\/index.php\/bakirhan-sayin-bahceliye-de-sayin-erdogana-da-haksizlik#primaryimage"},"thumbnailUrl":"https:\/\/epochtimestr.com\/wp-content\/uploads\/2011y\/dem-parti-3.webp","keywords":["bah\u00e7eli","RT Erdo\u011fan","Ter\u00f6rs\u00fcz T\u00fcrkiye","Tuncer Bak\u0131rhan"],"articleSection":["G\u00dcNDEM","MAN\u015eET","Siyaset"],"inLanguage":"tr","potentialAction":[{"@type":"CommentAction","name":"Comment","target":["https:\/\/epochtimestr.com\/index.php\/bakirhan-sayin-bahceliye-de-sayin-erdogana-da-haksizlik#respond"]}]},{"@type":"WebPage","@id":"https:\/\/epochtimestr.com\/index.php\/bakirhan-sayin-bahceliye-de-sayin-erdogana-da-haksizlik","url":"https:\/\/epochtimestr.com\/index.php\/bakirhan-sayin-bahceliye-de-sayin-erdogana-da-haksizlik","name":"Bak\u0131rhan: Say\u0131n Bah\u00e7eli'ye de Say\u0131n Erdo\u011fan'a da Haks\u0131zl\u0131k - The Epoch Times TR","isPartOf":{"@id":"https:\/\/epochtimestr.com\/#website"},"primaryImageOfPage":{"@id":"https:\/\/epochtimestr.com\/index.php\/bakirhan-sayin-bahceliye-de-sayin-erdogana-da-haksizlik#primaryimage"},"image":{"@id":"https:\/\/epochtimestr.com\/index.php\/bakirhan-sayin-bahceliye-de-sayin-erdogana-da-haksizlik#primaryimage"},"thumbnailUrl":"https:\/\/epochtimestr.com\/wp-content\/uploads\/2011y\/dem-parti-3.webp","datePublished":"2026-08-14T17:45:53+00:00","dateModified":"2026-08-14T17:45:54+00:00","description":"DEM Parti E\u015f Genel Ba\u015fkan\u0131 Tuncer Bak\u0131rhan, \"Ter\u00f6rs\u00fcz T\u00fcrkiye\" ad\u0131 alt\u0131nda ba\u015flat\u0131lan s\u00fcre\u00e7te gelinen noktaya ili\u015fkin de\u011ferlendirmeler yapt\u0131.","inLanguage":"tr","potentialAction":[{"@type":"ReadAction","target":["https:\/\/epochtimestr.com\/index.php\/bakirhan-sayin-bahceliye-de-sayin-erdogana-da-haksizlik"]}]},{"@type":"ImageObject","inLanguage":"tr","@id":"https:\/\/epochtimestr.com\/index.php\/bakirhan-sayin-bahceliye-de-sayin-erdogana-da-haksizlik#primaryimage","url":"https:\/\/epochtimestr.com\/wp-content\/uploads\/2011y\/dem-parti-3.webp","contentUrl":"https:\/\/epochtimestr.com\/wp-content\/uploads\/2011y\/dem-parti-3.webp","width":1280,"height":720},{"@type":"WebSite","@id":"https:\/\/epochtimestr.com\/#website","url":"https:\/\/epochtimestr.com\/","name":"The Epoch Times TR","description":"De\u011fi\u015fen D\u00fcnyam\u0131za Taze Bir Bak\u0131\u015f","publisher":{"@id":"https:\/\/epochtimestr.com\/#organization"},"potentialAction":[{"@type":"SearchAction","target":{"@type":"EntryPoint","urlTemplate":"https:\/\/epochtimestr.com\/?s={search_term_string}"},"query-input":"required name=search_term_string"}],"inLanguage":"tr"},{"@type":"Organization","@id":"https:\/\/epochtimestr.com\/#organization","name":"The EpochTimes T\u00fcrkiye","url":"https:\/\/epochtimestr.com\/","logo":{"@type":"ImageObject","inLanguage":"tr","@id":"https:\/\/epochtimestr.com\/#\/schema\/logo\/image\/","url":"https:\/\/epochtimestr.com\/wp-content\/uploads\/2011y\/ET-Logo-YG.jpg","contentUrl":"https:\/\/epochtimestr.com\/wp-content\/uploads\/2011y\/ET-Logo-YG.jpg","width":346,"height":29,"caption":"The EpochTimes T\u00fcrkiye"},"image":{"@id":"https:\/\/epochtimestr.com\/#\/schema\/logo\/image\/"},"sameAs":["https:\/\/www.facebook.com\/theepochtimestr","https:\/\/x.com\/TheEpochTimesTR","https:\/\/www.instagram.com\/epochtimestr"]},{"@type":"Person","@id":"https:\/\/epochtimestr.com\/#\/schema\/person\/3dc5c3adeb9f43923c5aa85889172fdd","name":"Haber Merkezi","image":{"@type":"ImageObject","inLanguage":"tr","@id":"https:\/\/epochtimestr.com\/#\/schema\/person\/image\/","url":"https:\/\/secure.gravatar.com\/avatar\/d73f772ba5a74f28601361e17c2f93e6?s=96&d=mm&r=g","contentUrl":"https:\/\/secure.gravatar.com\/avatar\/d73f772ba5a74f28601361e17c2f93e6?s=96&d=mm&r=g","caption":"Haber Merkezi"},"url":"https:\/\/epochtimestr.com\/index.php\/author\/sendag"}]}},"_links":{"self":[{"href":"https:\/\/epochtimestr.com\/index.php\/wp-json\/wp\/v2\/posts\/170366"}],"collection":[{"href":"https:\/\/epochtimestr.com\/index.php\/wp-json\/wp\/v2\/posts"}],"about":[{"href":"https:\/\/epochtimestr.com\/index.php\/wp-json\/wp\/v2\/types\/post"}],"author":[{"embeddable":true,"href":"https:\/\/epochtimestr.com\/index.php\/wp-json\/wp\/v2\/users\/12791"}],"replies":[{"embeddable":true,"href":"https:\/\/epochtimestr.com\/index.php\/wp-json\/wp\/v2\/comments?post=170366"}],"version-history":[{"count":2,"href":"https:\/\/epochtimestr.com\/index.php\/wp-json\/wp\/v2\/posts\/170366\/revisions"}],"predecessor-version":[{"id":170377,"href":"https:\/\/epochtimestr.com\/index.php\/wp-json\/wp\/v2\/posts\/170366\/revisions\/170377"}],"wp:featuredmedia":[{"embeddable":true,"href":"https:\/\/epochtimestr.com\/index.php\/wp-json\/wp\/v2\/media\/170367"}],"wp:attachment":[{"href":"https:\/\/epochtimestr.com\/index.php\/wp-json\/wp\/v2\/media?parent=170366"}],"wp:term":[{"taxonomy":"category","embeddable":true,"href":"https:\/\/epochtimestr.com\/index.php\/wp-json\/wp\/v2\/categories?post=170366"},{"taxonomy":"post_tag","embeddable":true,"href":"https:\/\/epochtimestr.com\/index.php\/wp-json\/wp\/v2\/tags?post=170366"}],"curies":[{"name":"wp","href":"https:\/\/api.w.org\/{rel}","templated":true}]}}