{"id":170440,"date":"2026-08-16T08:00:00","date_gmt":"2026-08-16T05:00:00","guid":{"rendered":"https:\/\/epochtimestr.com\/?p=170440"},"modified":"2026-08-15T22:24:24","modified_gmt":"2026-08-15T19:24:24","slug":"bir-gul-olse-bile-kokusu-kalir","status":"publish","type":"post","link":"https:\/\/epochtimestr.com\/index.php\/bir-gul-olse-bile-kokusu-kalir","title":{"rendered":"\u201cBir G\u00fcl \u00d6lse Bile Kokusu Kal\u0131r\u201d"},"content":{"rendered":"\n<p>Y\u0131llar \u00f6nce bir arkada\u015f\u0131m sahafl\u0131k mesle\u011fine heveslenmi\u015fti. Ben de arkada\u015f\u0131ma e\u015flik ediyor, onunla birlikte kitap mezatlar\u0131na, koleksiyonculara gidiyordum. Bir arkada\u015ftan haber geldi bir g\u00fcn. Vefa semtinde vefat eden biri varm\u0131\u015f, miras\u00e7\u0131lar\u0131 mallar\u0131 devrediyorlarm\u0131\u015f, k\u00fct\u00fcphanesi de varm\u0131\u015f merhumun. Gittik, evi bulduk, yak\u0131nlar\u0131yla g\u00f6r\u00fc\u015f\u00fcp terekeyi incelemeye koyulduk. Bir hayli kitap vard\u0131 k\u00fct\u00fcphanede, bizi ilgilendiren buydu. Toptan bir fiyat verip kitaplar\u0131 ald\u0131k, kamyonete y\u00fckleyip d\u00fckk\u00e2n\u0131n ortas\u0131na y\u0131\u011fd\u0131k. \u0130\u015fe yarar \u015feyler de vard\u0131, bir s\u00fcr\u00fc \u0131v\u0131r z\u0131v\u0131r e\u015fya da. Baz\u0131 kitaplar karalanm\u0131\u015f, alt\u0131 \u00e7izilmi\u015fti. Kimisi ciltlenmi\u015f, kimi okunmam\u0131\u015f, sayfalar\u0131n\u0131n aras\u0131na ayra\u00e7lar ili\u015ftirilmi\u015f bir y\u0131\u011f\u0131n kitap. Derken bir \u015fey oldu. \u0130stemsizce bir kitab\u0131 \u00e7ekip ald\u0131m. A\u00e7\u0131nca i\u00e7inden siyah beyaz bir foto\u011fraf ve karalanm\u0131\u015f sat\u0131rlar\u0131n oldu\u011fu bir k\u00e2\u011f\u0131t, bir mektup m\u00fcsveddesi d\u00fc\u015ft\u00fc. Foto\u011fraf ya\u015f\u0131n\u0131 kestiremedi\u011fim, olgun g\u00fczellikte bir kad\u0131na aitti. Ve sat\u0131rlar da onun i\u00e7indi.<\/p>\n\n\n\n<p>Merakla a\u00e7t\u0131m k\u00e2\u011f\u0131d\u0131, \u015funlar yaz\u0131yordu:<\/p>\n\n\n\n<p>\u2026<br \/><em>\u0130\u00e7 i\u00e7e ka\u00e7 g\u00f6mlek senin bu sevdan?<br \/>\u00dcst \u00fcste ka\u00e7 h\u00fcsran&#8230; saymasam olur<br \/>T\u00e2 be ha\u015fre kadar g\u00f6\u011fs\u00fcmde yaran<br \/>Bu nas\u0131l sarho\u015fluk, aymasam olur<br \/>&#8230;<\/em><em><\/em><\/p>\n\n\n\n<p><em>Sevgili sevgilim,<\/em><\/p>\n\n\n\n<p><em>Ahmet \u00d6zhan e\u015flik ediyor sabah\u0131m\u0131za: Tanr\u0131m, bu sonbahar vurgunu!<br \/>G\u00fcz\u00fcn yemi\u015fleri en lezzetli olanlar\u0131ym\u0131\u015f, okudu\u011fum kitaplar\u0131n yalanc\u0131s\u0131y\u0131m ki bence de \u00f6yle.<br \/>Tam sonbahara durmu\u015ftum, sen \u00e7\u0131kageldin. Meyvelerim neredeyse \u00e7\u00fcr\u00fcmek \u00fczreydi, yapraklar\u0131m d\u00f6k\u00fcleyazmaktayd\u0131, sen \u00e7\u0131kageldin.<\/em><em><\/em><\/p>\n\n\n\n<p><em>Oysa ben b\u00fct\u00fcn s\u00f6zlerimi yutmu\u015ftum, t\u00fcm \u015fark\u0131lar\u0131m\u0131 unutmu\u015ftum, bir ahenk vard\u0131 dilimde:<br \/>Art\u0131k bu solan bah\u00e7ede b\u00fclb\u00fcllere yer yok!<\/em><\/p>\n\n\n\n<p><em>Bir de onun hemdemi; Ben k\u00fcsk\u00fcn\u00fcm fele\u011fe&#8230;<\/em><em><\/em><\/p>\n\n\n\n<p><em>Ama sen \u00e7\u0131kageldin.<\/em><em><\/em><\/p>\n\n\n\n<p><em>Bir sava\u015f art\u0131\u011f\u0131yd\u0131m, i\u015fte o kanl\u0131 meydanda y\u00fczlerce ceset aras\u0131nda a\u011f\u0131r yaral\u0131 yat\u0131yordum. Y\u00fcz\u00fcm g\u00f6z\u00fcm kan i\u00e7inde, fena tahrip olmu\u015fum.<\/em><em><\/em><\/p>\n\n\n\n<p><em>Birazdan di\u011fer \u00f6l\u00fclerin aras\u0131na kat\u0131laca\u011f\u0131m, \u015fehit miyim gazi mi muamma! Niyazi? Muhtemel&#8230;<\/em><em><\/em><\/p>\n\n\n\n<p><em>Ses \u00e7\u0131karam\u0131yorum, fena bellemi\u015f beni ya\u015fad\u0131\u011f\u0131m (!) muharebe, biti\u011fim. Y\u00fczlerce ceset aras\u0131nda yiti\u011fim, yok oluyorum.<\/em><em><\/em><\/p>\n\n\n\n<p><em>Birden sesin&#8230;<\/em><em><\/em><\/p>\n\n\n\n<p><em>&#8211; Burada nefes alan biri var!<\/em><em><\/em><\/p>\n\n\n\n<p><em>Dizlerine koyuyorsun ba\u015f\u0131m\u0131, dudaklar\u0131ma su veriyorsun, y\u00fcz\u00fcm\u00fc g\u00f6z\u00fcm\u00fc y\u0131k\u0131yorsun, kanlar\u0131m\u0131 temizliyorsun.<\/em><em><\/em><\/p>\n\n\n\n<p><em>O an ben de fark\u0131na var\u0131yorum hayatta oldu\u011fumun, \u015fa\u015f\u0131r\u0131yorum.<\/em><em><\/em><\/p>\n\n\n\n<p><em>\u0130nsan ne kadar bir yan\u0131yla \u00f6l\u00fcme yak\u0131n dursa da, hayata ait bir taraf\u0131 var \u00e7\u00fcnk\u00fc. O damar sa\u011flam bas\u0131yor. Bunu sen bilirsin.<\/em><em><\/em><\/p>\n\n\n\n<p><em>Dizlerinde yatarken y\u00fcz\u00fcme bak\u0131yorsun, y\u00fcz\u00fcne bak\u0131yorum. Sanki ay do\u011fmu\u015f, mehtaba bak\u0131yorum. \u00d6yle g\u00fczelsin.<\/em><em><\/em><\/p>\n\n\n\n<p><em>Sana minnettar\u0131m, y\u00fcz\u00fcme bakmasan ya\u015fam\u0131yor olacakt\u0131m.<\/em><em><\/em><\/p>\n\n\n\n<p><em>Ama sen \u00e7\u0131kageldin, y\u00fcz\u00fcme bakageldin, ellerinden \u00f6pmeliyim.<\/em><em><\/em><\/p>\n\n\n\n<p><em>Ne \u00e7ok m\u00fcte\u015fekkirim sana. Fakat dilim d\u00f6nm\u00fcyor, biraz yaral\u0131, biraz yan\u0131k, biraz sarho\u015f&#8230; biraz hepsiyim.<\/em><em><\/em><\/p>\n\n\n\n<p><em>Sahi ya, \u00f6lmedim asl\u0131nda de\u011fil mi?<\/em><em><\/em><\/p>\n\n\n\n<p><em>Yani sen ger\u00e7eksin ve ben ya\u015f\u0131yorum de\u011fil mi?<\/em><em><\/em><\/p>\n\n\n\n<p><em>Yoksa \u00f6ld\u00fcm de, sen hi\u00e7 lay\u0131k olmad\u0131\u011f\u0131m cennetin arma\u011fan\u0131 m\u0131s\u0131n bana? Huri mi, melek misin?<\/em><em><\/em><\/p>\n\n\n\n<p><em>E\u011fer buysa ya\u015fad\u0131\u011f\u0131m, o sava\u015f, o ald\u0131\u011f\u0131m b\u00fct\u00fcn k\u0131l\u0131\u00e7 yaralar\u0131 beni sana getirdiyse&#8230; buna de\u011fermi\u015f!<\/em><em><\/em><\/p>\n\n\n\n<p><em>&#8230;<\/em><em><\/em><\/p>\n\n\n\n<p>Okuduklar\u0131mdan anlad\u0131\u011f\u0131ma g\u00f6re orta ya\u015f\u0131 ge\u00e7mi\u015f bir adamd\u0131 sat\u0131rlar\u0131n yazar\u0131. Sonuna gelinmi\u015f, yan\u0131p y\u0131k\u0131lm\u0131\u015f bir hayat\u0131n k\u00fcllerinden bir z\u00fcmr\u00fcd\u00fc anka gibi dirilmi\u015fti a\u015fkla. Kavu\u015fulmu\u015f muydu, bilmiyorum. Mektup muhatab\u0131na ula\u015fm\u0131\u015f m\u0131yd\u0131, bilmiyorum. Ben muhatab\u0131 de\u011fil tan\u0131\u011f\u0131yd\u0131m, onu biliyordum. Bir de insan\u0131n insana can oldu\u011funu, insan\u0131n insanla insan oldu\u011funu, hayat buldu\u011funu\u2026<\/p>\n\n\n\n<p>\u2026<\/p>\n\n\n\n<p>Faruk Nafiz \u00c7aml\u0131bel, me\u015fhur \u015fiiri Han Duvarlar\u0131\u2019nda Anadolu\u2019da seyahat ederken konaklad\u0131\u011f\u0131 hanlar\u0131n duvarlar\u0131nda y\u00fcre\u011fi yan\u0131k bir \u015fairin, Mara\u015fl\u0131 \u015eeyho\u011flu, Sat\u0131lm\u0131\u015f\u2019\u0131n aylar \u00f6nce yazd\u0131\u011f\u0131 m\u0131sralarla kar\u015f\u0131la\u015f\u0131yor ve o sat\u0131rlarda kendi hayat\u0131na denk d\u00fc\u015fen hat\u0131ralara dal\u0131yordu.<\/p>\n\n\n\n<p>Y\u0131llar sonra ben de Faruk Nafiz\u2019le ayn\u0131 durumda buluyorum kendimi.<\/p>\n\n\n\n<p>\u2026<\/p>\n\n\n\n<p>Mektubu yazan adam \u00f6leli y\u0131llar oldu ama kalbinin s\u0131cakl\u0131\u011f\u0131n\u0131 aktard\u0131\u011f\u0131 s\u00f6zleri bende ya\u015f\u0131yordu. O s\u0131cakl\u0131k sizi de sars\u0131n istedim. Sizin sadece kendiniz i\u00e7in de\u011fil, bir ba\u015fkas\u0131 i\u00e7in de bir can, sizi a\u015fan bir anlam oldu\u011funuzu fark ederek.<\/p>\n\n\n\n<p>Ho\u015f\u00e7a bak\u0131n zat\u0131n\u0131za\u2026<\/p>\n","protected":false},"excerpt":{"rendered":"<p>Y\u0131llar \u00f6nce bir arkada\u015f\u0131m sahafl\u0131k mesle\u011fine heveslenmi\u015fti. Ben de arkada\u015f\u0131ma e\u015flik ediyor, onunla birlikte kitap mezatlar\u0131na, koleksiyonculara gidiyordum. Bir arkada\u015ftan haber geldi bir g\u00fcn. Vefa semtinde vefat eden biri varm\u0131\u015f, miras\u00e7\u0131lar\u0131 mallar\u0131 devrediyorlarm\u0131\u015f, k\u00fct\u00fcphanesi de varm\u0131\u015f merhumun. Gittik, evi bulduk, yak\u0131nlar\u0131yla g\u00f6r\u00fc\u015f\u00fcp terekeyi incelemeye koyulduk. Bir hayli kitap vard\u0131 k\u00fct\u00fcphanede, bizi ilgilendiren buydu. Toptan bir [&hellip;]<\/p>\n","protected":false},"author":14002,"featured_media":161248,"comment_status":"open","ping_status":"open","sticky":false,"template":"","format":"standard","meta":{"_yoast_wpseo_focuskw":"G\u00fcl kokusu","_yoast_wpseo_title":"","_yoast_wpseo_metadesc":"Bir arkada\u015ftan haber geldi bir g\u00fcn. Vefat eden biri varm\u0131\u015f, miras\u00e7\u0131lar\u0131 mallar\u0131 devrediyorlarm\u0131\u015f, k\u00fct\u00fcphanesi de varm\u0131\u015f merhumun.","_bbp_topic_count":0,"_bbp_reply_count":0,"_bbp_total_topic_count":0,"_bbp_total_reply_count":0,"_bbp_voice_count":0,"_bbp_anonymous_reply_count":0,"_bbp_topic_count_hidden":0,"_bbp_reply_count_hidden":0,"_bbp_forum_subforum_count":0,"footnotes":"","_yoast_wpseo_focuskw_text_input":""},"categories":[9240],"tags":[11729,11761],"yoast_head":"<!-- This site is optimized with the Yoast SEO plugin v23.0 - https:\/\/yoast.com\/wordpress\/plugins\/seo\/ -->\n<title>\u201cBir G\u00fcl \u00d6lse Bile Kokusu Kal\u0131r\u201d - The Epoch Times TR<\/title>\n<meta name=\"description\" content=\"Bir arkada\u015ftan haber geldi bir g\u00fcn. Vefat eden biri varm\u0131\u015f, miras\u00e7\u0131lar\u0131 mallar\u0131 devrediyorlarm\u0131\u015f, k\u00fct\u00fcphanesi de varm\u0131\u015f merhumun.\" \/>\n<meta name=\"robots\" content=\"index, follow, max-snippet:-1, max-image-preview:large, max-video-preview:-1\" \/>\n<link rel=\"canonical\" href=\"https:\/\/epochtimestr.com\/index.php\/bir-gul-olse-bile-kokusu-kalir\" \/>\n<meta property=\"og:locale\" content=\"tr_TR\" \/>\n<meta property=\"og:type\" content=\"article\" \/>\n<meta property=\"og:title\" content=\"\u201cBir G\u00fcl \u00d6lse Bile Kokusu Kal\u0131r\u201d - The Epoch Times TR\" \/>\n<meta property=\"og:description\" content=\"Bir arkada\u015ftan haber geldi bir g\u00fcn. Vefat eden biri varm\u0131\u015f, miras\u00e7\u0131lar\u0131 mallar\u0131 devrediyorlarm\u0131\u015f, k\u00fct\u00fcphanesi de varm\u0131\u015f merhumun.\" \/>\n<meta property=\"og:url\" content=\"https:\/\/epochtimestr.com\/index.php\/bir-gul-olse-bile-kokusu-kalir\" \/>\n<meta property=\"og:site_name\" content=\"The Epoch Times TR\" \/>\n<meta property=\"article:publisher\" content=\"https:\/\/www.facebook.com\/theepochtimestr\" \/>\n<meta property=\"article:published_time\" content=\"2026-08-16T05:00:00+00:00\" \/>\n<meta property=\"article:modified_time\" content=\"2026-08-15T19:24:24+00:00\" \/>\n<meta property=\"og:image\" content=\"https:\/\/epochtimestr.com\/wp-content\/uploads\/2011y\/Omer-Karayilan-SM-2.jpg\" \/>\n\t<meta property=\"og:image:width\" content=\"1200\" \/>\n\t<meta property=\"og:image:height\" content=\"630\" \/>\n\t<meta property=\"og:image:type\" content=\"image\/jpeg\" \/>\n<meta name=\"author\" content=\"\u00d6mer Karay\u0131lan\" \/>\n<meta name=\"twitter:card\" content=\"summary_large_image\" \/>\n<meta name=\"twitter:creator\" content=\"@TheEpochTimesTR\" \/>\n<meta name=\"twitter:site\" content=\"@TheEpochTimesTR\" \/>\n<meta name=\"twitter:label1\" content=\"Yazan:\" \/>\n\t<meta name=\"twitter:data1\" content=\"\u00d6mer Karay\u0131lan\" \/>\n\t<meta name=\"twitter:label2\" content=\"Tahmini okuma s\u00fcresi\" \/>\n\t<meta name=\"twitter:data2\" content=\"4 dakika\" \/>\n<script type=\"application\/ld+json\" class=\"yoast-schema-graph\">{\"@context\":\"https:\/\/schema.org\",\"@graph\":[{\"@type\":\"Article\",\"@id\":\"https:\/\/epochtimestr.com\/index.php\/bir-gul-olse-bile-kokusu-kalir#article\",\"isPartOf\":{\"@id\":\"https:\/\/epochtimestr.com\/index.php\/bir-gul-olse-bile-kokusu-kalir\"},\"author\":{\"name\":\"\u00d6mer Karay\u0131lan\",\"@id\":\"https:\/\/epochtimestr.com\/#\/schema\/person\/ee101079be4d8fb9fb88cca6784e219b\"},\"headline\":\"\u201cBir G\u00fcl \u00d6lse Bile Kokusu Kal\u0131r\u201d\",\"datePublished\":\"2026-08-16T05:00:00+00:00\",\"dateModified\":\"2026-08-15T19:24:24+00:00\",\"mainEntityOfPage\":{\"@id\":\"https:\/\/epochtimestr.com\/index.php\/bir-gul-olse-bile-kokusu-kalir\"},\"wordCount\":797,\"commentCount\":2,\"publisher\":{\"@id\":\"https:\/\/epochtimestr.com\/#organization\"},\"image\":{\"@id\":\"https:\/\/epochtimestr.com\/index.php\/bir-gul-olse-bile-kokusu-kalir#primaryimage\"},\"thumbnailUrl\":\"https:\/\/epochtimestr.com\/wp-content\/uploads\/2011y\/Karayilan-Profil.png\",\"keywords\":[\"K\u00f6\u015fe\",\"k\u00f6\u015fe edebiyat\"],\"articleSection\":[\"K\u00f6\u015fe Yaz\u0131lar\u0131 \u00d6mer Karay\u0131lan\"],\"inLanguage\":\"tr\",\"potentialAction\":[{\"@type\":\"CommentAction\",\"name\":\"Comment\",\"target\":[\"https:\/\/epochtimestr.com\/index.php\/bir-gul-olse-bile-kokusu-kalir#respond\"]}]},{\"@type\":\"WebPage\",\"@id\":\"https:\/\/epochtimestr.com\/index.php\/bir-gul-olse-bile-kokusu-kalir\",\"url\":\"https:\/\/epochtimestr.com\/index.php\/bir-gul-olse-bile-kokusu-kalir\",\"name\":\"\u201cBir G\u00fcl \u00d6lse Bile Kokusu Kal\u0131r\u201d - The Epoch Times TR\",\"isPartOf\":{\"@id\":\"https:\/\/epochtimestr.com\/#website\"},\"primaryImageOfPage\":{\"@id\":\"https:\/\/epochtimestr.com\/index.php\/bir-gul-olse-bile-kokusu-kalir#primaryimage\"},\"image\":{\"@id\":\"https:\/\/epochtimestr.com\/index.php\/bir-gul-olse-bile-kokusu-kalir#primaryimage\"},\"thumbnailUrl\":\"https:\/\/epochtimestr.com\/wp-content\/uploads\/2011y\/Karayilan-Profil.png\",\"datePublished\":\"2026-08-16T05:00:00+00:00\",\"dateModified\":\"2026-08-15T19:24:24+00:00\",\"description\":\"Bir arkada\u015ftan haber geldi bir g\u00fcn. Vefat eden biri varm\u0131\u015f, miras\u00e7\u0131lar\u0131 mallar\u0131 devrediyorlarm\u0131\u015f, k\u00fct\u00fcphanesi de varm\u0131\u015f merhumun.\",\"inLanguage\":\"tr\",\"potentialAction\":[{\"@type\":\"ReadAction\",\"target\":[\"https:\/\/epochtimestr.com\/index.php\/bir-gul-olse-bile-kokusu-kalir\"]}]},{\"@type\":\"ImageObject\",\"inLanguage\":\"tr\",\"@id\":\"https:\/\/epochtimestr.com\/index.php\/bir-gul-olse-bile-kokusu-kalir#primaryimage\",\"url\":\"https:\/\/epochtimestr.com\/wp-content\/uploads\/2011y\/Karayilan-Profil.png\",\"contentUrl\":\"https:\/\/epochtimestr.com\/wp-content\/uploads\/2011y\/Karayilan-Profil.png\",\"width\":600,\"height\":600},{\"@type\":\"WebSite\",\"@id\":\"https:\/\/epochtimestr.com\/#website\",\"url\":\"https:\/\/epochtimestr.com\/\",\"name\":\"The Epoch Times TR\",\"description\":\"De\u011fi\u015fen D\u00fcnyam\u0131za Taze Bir Bak\u0131\u015f\",\"publisher\":{\"@id\":\"https:\/\/epochtimestr.com\/#organization\"},\"potentialAction\":[{\"@type\":\"SearchAction\",\"target\":{\"@type\":\"EntryPoint\",\"urlTemplate\":\"https:\/\/epochtimestr.com\/?s={search_term_string}\"},\"query-input\":\"required name=search_term_string\"}],\"inLanguage\":\"tr\"},{\"@type\":\"Organization\",\"@id\":\"https:\/\/epochtimestr.com\/#organization\",\"name\":\"The EpochTimes T\u00fcrkiye\",\"url\":\"https:\/\/epochtimestr.com\/\",\"logo\":{\"@type\":\"ImageObject\",\"inLanguage\":\"tr\",\"@id\":\"https:\/\/epochtimestr.com\/#\/schema\/logo\/image\/\",\"url\":\"https:\/\/epochtimestr.com\/wp-content\/uploads\/2011y\/ET-Logo-YG.jpg\",\"contentUrl\":\"https:\/\/epochtimestr.com\/wp-content\/uploads\/2011y\/ET-Logo-YG.jpg\",\"width\":346,\"height\":29,\"caption\":\"The EpochTimes T\u00fcrkiye\"},\"image\":{\"@id\":\"https:\/\/epochtimestr.com\/#\/schema\/logo\/image\/\"},\"sameAs\":[\"https:\/\/www.facebook.com\/theepochtimestr\",\"https:\/\/x.com\/TheEpochTimesTR\",\"https:\/\/www.instagram.com\/epochtimestr\"]},{\"@type\":\"Person\",\"@id\":\"https:\/\/epochtimestr.com\/#\/schema\/person\/ee101079be4d8fb9fb88cca6784e219b\",\"name\":\"\u00d6mer Karay\u0131lan\",\"image\":{\"@type\":\"ImageObject\",\"inLanguage\":\"tr\",\"@id\":\"https:\/\/epochtimestr.com\/#\/schema\/person\/image\/\",\"url\":\"https:\/\/secure.gravatar.com\/avatar\/23a8932f0189c3fe4c0e2731cb5eb5dd?s=96&d=mm&r=g\",\"contentUrl\":\"https:\/\/secure.gravatar.com\/avatar\/23a8932f0189c3fe4c0e2731cb5eb5dd?s=96&d=mm&r=g\",\"caption\":\"\u00d6mer Karay\u0131lan\"},\"url\":\"https:\/\/epochtimestr.com\/index.php\/author\/omer\"}]}<\/script>\n<!-- \/ Yoast SEO plugin. -->","yoast_head_json":{"title":"\u201cBir G\u00fcl \u00d6lse Bile Kokusu Kal\u0131r\u201d - The Epoch Times TR","description":"Bir arkada\u015ftan haber geldi bir g\u00fcn. Vefat eden biri varm\u0131\u015f, miras\u00e7\u0131lar\u0131 mallar\u0131 devrediyorlarm\u0131\u015f, k\u00fct\u00fcphanesi de varm\u0131\u015f merhumun.","robots":{"index":"index","follow":"follow","max-snippet":"max-snippet:-1","max-image-preview":"max-image-preview:large","max-video-preview":"max-video-preview:-1"},"canonical":"https:\/\/epochtimestr.com\/index.php\/bir-gul-olse-bile-kokusu-kalir","og_locale":"tr_TR","og_type":"article","og_title":"\u201cBir G\u00fcl \u00d6lse Bile Kokusu Kal\u0131r\u201d - The Epoch Times TR","og_description":"Bir arkada\u015ftan haber geldi bir g\u00fcn. Vefat eden biri varm\u0131\u015f, miras\u00e7\u0131lar\u0131 mallar\u0131 devrediyorlarm\u0131\u015f, k\u00fct\u00fcphanesi de varm\u0131\u015f merhumun.","og_url":"https:\/\/epochtimestr.com\/index.php\/bir-gul-olse-bile-kokusu-kalir","og_site_name":"The Epoch Times TR","article_publisher":"https:\/\/www.facebook.com\/theepochtimestr","article_published_time":"2026-08-16T05:00:00+00:00","article_modified_time":"2026-08-15T19:24:24+00:00","og_image":[{"width":1200,"height":630,"url":"https:\/\/epochtimestr.com\/wp-content\/uploads\/2011y\/Omer-Karayilan-SM-2.jpg","type":"image\/jpeg"}],"author":"\u00d6mer Karay\u0131lan","twitter_card":"summary_large_image","twitter_creator":"@TheEpochTimesTR","twitter_site":"@TheEpochTimesTR","twitter_misc":{"Yazan:":"\u00d6mer Karay\u0131lan","Tahmini okuma s\u00fcresi":"4 dakika"},"schema":{"@context":"https:\/\/schema.org","@graph":[{"@type":"Article","@id":"https:\/\/epochtimestr.com\/index.php\/bir-gul-olse-bile-kokusu-kalir#article","isPartOf":{"@id":"https:\/\/epochtimestr.com\/index.php\/bir-gul-olse-bile-kokusu-kalir"},"author":{"name":"\u00d6mer Karay\u0131lan","@id":"https:\/\/epochtimestr.com\/#\/schema\/person\/ee101079be4d8fb9fb88cca6784e219b"},"headline":"\u201cBir G\u00fcl \u00d6lse Bile Kokusu Kal\u0131r\u201d","datePublished":"2026-08-16T05:00:00+00:00","dateModified":"2026-08-15T19:24:24+00:00","mainEntityOfPage":{"@id":"https:\/\/epochtimestr.com\/index.php\/bir-gul-olse-bile-kokusu-kalir"},"wordCount":797,"commentCount":2,"publisher":{"@id":"https:\/\/epochtimestr.com\/#organization"},"image":{"@id":"https:\/\/epochtimestr.com\/index.php\/bir-gul-olse-bile-kokusu-kalir#primaryimage"},"thumbnailUrl":"https:\/\/epochtimestr.com\/wp-content\/uploads\/2011y\/Karayilan-Profil.png","keywords":["K\u00f6\u015fe","k\u00f6\u015fe edebiyat"],"articleSection":["K\u00f6\u015fe Yaz\u0131lar\u0131 \u00d6mer Karay\u0131lan"],"inLanguage":"tr","potentialAction":[{"@type":"CommentAction","name":"Comment","target":["https:\/\/epochtimestr.com\/index.php\/bir-gul-olse-bile-kokusu-kalir#respond"]}]},{"@type":"WebPage","@id":"https:\/\/epochtimestr.com\/index.php\/bir-gul-olse-bile-kokusu-kalir","url":"https:\/\/epochtimestr.com\/index.php\/bir-gul-olse-bile-kokusu-kalir","name":"\u201cBir G\u00fcl \u00d6lse Bile Kokusu Kal\u0131r\u201d - The Epoch Times TR","isPartOf":{"@id":"https:\/\/epochtimestr.com\/#website"},"primaryImageOfPage":{"@id":"https:\/\/epochtimestr.com\/index.php\/bir-gul-olse-bile-kokusu-kalir#primaryimage"},"image":{"@id":"https:\/\/epochtimestr.com\/index.php\/bir-gul-olse-bile-kokusu-kalir#primaryimage"},"thumbnailUrl":"https:\/\/epochtimestr.com\/wp-content\/uploads\/2011y\/Karayilan-Profil.png","datePublished":"2026-08-16T05:00:00+00:00","dateModified":"2026-08-15T19:24:24+00:00","description":"Bir arkada\u015ftan haber geldi bir g\u00fcn. Vefat eden biri varm\u0131\u015f, miras\u00e7\u0131lar\u0131 mallar\u0131 devrediyorlarm\u0131\u015f, k\u00fct\u00fcphanesi de varm\u0131\u015f merhumun.","inLanguage":"tr","potentialAction":[{"@type":"ReadAction","target":["https:\/\/epochtimestr.com\/index.php\/bir-gul-olse-bile-kokusu-kalir"]}]},{"@type":"ImageObject","inLanguage":"tr","@id":"https:\/\/epochtimestr.com\/index.php\/bir-gul-olse-bile-kokusu-kalir#primaryimage","url":"https:\/\/epochtimestr.com\/wp-content\/uploads\/2011y\/Karayilan-Profil.png","contentUrl":"https:\/\/epochtimestr.com\/wp-content\/uploads\/2011y\/Karayilan-Profil.png","width":600,"height":600},{"@type":"WebSite","@id":"https:\/\/epochtimestr.com\/#website","url":"https:\/\/epochtimestr.com\/","name":"The Epoch Times TR","description":"De\u011fi\u015fen D\u00fcnyam\u0131za Taze Bir Bak\u0131\u015f","publisher":{"@id":"https:\/\/epochtimestr.com\/#organization"},"potentialAction":[{"@type":"SearchAction","target":{"@type":"EntryPoint","urlTemplate":"https:\/\/epochtimestr.com\/?s={search_term_string}"},"query-input":"required name=search_term_string"}],"inLanguage":"tr"},{"@type":"Organization","@id":"https:\/\/epochtimestr.com\/#organization","name":"The EpochTimes T\u00fcrkiye","url":"https:\/\/epochtimestr.com\/","logo":{"@type":"ImageObject","inLanguage":"tr","@id":"https:\/\/epochtimestr.com\/#\/schema\/logo\/image\/","url":"https:\/\/epochtimestr.com\/wp-content\/uploads\/2011y\/ET-Logo-YG.jpg","contentUrl":"https:\/\/epochtimestr.com\/wp-content\/uploads\/2011y\/ET-Logo-YG.jpg","width":346,"height":29,"caption":"The EpochTimes T\u00fcrkiye"},"image":{"@id":"https:\/\/epochtimestr.com\/#\/schema\/logo\/image\/"},"sameAs":["https:\/\/www.facebook.com\/theepochtimestr","https:\/\/x.com\/TheEpochTimesTR","https:\/\/www.instagram.com\/epochtimestr"]},{"@type":"Person","@id":"https:\/\/epochtimestr.com\/#\/schema\/person\/ee101079be4d8fb9fb88cca6784e219b","name":"\u00d6mer Karay\u0131lan","image":{"@type":"ImageObject","inLanguage":"tr","@id":"https:\/\/epochtimestr.com\/#\/schema\/person\/image\/","url":"https:\/\/secure.gravatar.com\/avatar\/23a8932f0189c3fe4c0e2731cb5eb5dd?s=96&d=mm&r=g","contentUrl":"https:\/\/secure.gravatar.com\/avatar\/23a8932f0189c3fe4c0e2731cb5eb5dd?s=96&d=mm&r=g","caption":"\u00d6mer Karay\u0131lan"},"url":"https:\/\/epochtimestr.com\/index.php\/author\/omer"}]}},"_links":{"self":[{"href":"https:\/\/epochtimestr.com\/index.php\/wp-json\/wp\/v2\/posts\/170440"}],"collection":[{"href":"https:\/\/epochtimestr.com\/index.php\/wp-json\/wp\/v2\/posts"}],"about":[{"href":"https:\/\/epochtimestr.com\/index.php\/wp-json\/wp\/v2\/types\/post"}],"author":[{"embeddable":true,"href":"https:\/\/epochtimestr.com\/index.php\/wp-json\/wp\/v2\/users\/14002"}],"replies":[{"embeddable":true,"href":"https:\/\/epochtimestr.com\/index.php\/wp-json\/wp\/v2\/comments?post=170440"}],"version-history":[{"count":1,"href":"https:\/\/epochtimestr.com\/index.php\/wp-json\/wp\/v2\/posts\/170440\/revisions"}],"predecessor-version":[{"id":170441,"href":"https:\/\/epochtimestr.com\/index.php\/wp-json\/wp\/v2\/posts\/170440\/revisions\/170441"}],"wp:featuredmedia":[{"embeddable":true,"href":"https:\/\/epochtimestr.com\/index.php\/wp-json\/wp\/v2\/media\/161248"}],"wp:attachment":[{"href":"https:\/\/epochtimestr.com\/index.php\/wp-json\/wp\/v2\/media?parent=170440"}],"wp:term":[{"taxonomy":"category","embeddable":true,"href":"https:\/\/epochtimestr.com\/index.php\/wp-json\/wp\/v2\/categories?post=170440"},{"taxonomy":"post_tag","embeddable":true,"href":"https:\/\/epochtimestr.com\/index.php\/wp-json\/wp\/v2\/tags?post=170440"}],"curies":[{"name":"wp","href":"https:\/\/api.w.org\/{rel}","templated":true}]}}