{"id":170463,"date":"2026-08-17T08:26:52","date_gmt":"2026-08-17T05:26:52","guid":{"rendered":"https:\/\/epochtimestr.com\/?p=170463"},"modified":"2026-08-17T08:26:54","modified_gmt":"2026-08-17T05:26:54","slug":"muharrem-ince-silivride-ekrem-imamoglunu-ziyaret-etti","status":"publish","type":"post","link":"https:\/\/epochtimestr.com\/index.php\/muharrem-ince-silivride-ekrem-imamoglunu-ziyaret-etti","title":{"rendered":"Muharrem \u0130nce Silivri&#8217;de Ekrem \u0130mamo\u011flunu Ziyaret Etti"},"content":{"rendered":"<div class=\"wp-block-image\">\n<figure class=\"aligncenter size-large\"><img loading=\"lazy\" decoding=\"async\" width=\"1071\" height=\"1200\" src=\"https:\/\/epochtimestr.com\/wp-content\/uploads\/2011y\/ince-1071x1200.webp\" alt=\"Muharrem \u0130nce Silivri'de Ekrem \u0130mamo\u011flu'nu ziyaret etti. (Foto\u011fraf: Muharrem \u0130nce x hesab\u0131)\" class=\"wp-image-170464\" srcset=\"https:\/\/epochtimestr.com\/wp-content\/uploads\/2011y\/ince-1071x1200.webp 1071w, https:\/\/epochtimestr.com\/wp-content\/uploads\/2011y\/ince-268x300.webp 268w, https:\/\/epochtimestr.com\/wp-content\/uploads\/2011y\/ince-134x150.webp 134w, https:\/\/epochtimestr.com\/wp-content\/uploads\/2011y\/ince-768x861.webp 768w, https:\/\/epochtimestr.com\/wp-content\/uploads\/2011y\/ince.webp 1200w\" sizes=\"(max-width: 1071px) 100vw, 1071px\" \/><figcaption class=\"wp-element-caption\">Muharrem \u0130nce Silivri&#8217;de Ekrem \u0130mamo\u011flu&#8217;nu ziyaret etti. (Foto\u011fraf: Muharrem \u0130nce x hesab\u0131)<\/figcaption><\/figure><\/div>\n\n\n<h2 class=\"wp-block-heading\">CHP&#8217;li Muharrem \u0130nce, tutuklu \u0130stanbul B\u00fcy\u00fck\u015fehir Belediye (\u0130BB) Ba\u015fkan\u0131 Ekrem \u0130mamo\u011flu&#8217;nu Silivri&#8217;de Marmara Cezaevi&#8217;nde ziyaret etti.<\/h2>\n\n\n\n<p>Silivri&#8217;deki Marmara Cezaevi&#8217;nde tutuklu bulunan \u0130stanbul B\u00fcy\u00fck\u015fehir Belediye (\u0130BB) Ba\u015fkan\u0131 Ekrem <a href=\"https:\/\/epochtimestr.com\/index.php\/ekrem-imamoglu-da-chpden-istifa-etti\" target=\"_blank\" rel=\"noreferrer noopener\">\u0130mamo\u011flu<\/a>&#8216;nu ziyaret eden CHP&#8217;li Muharrem <a href=\"https:\/\/epochtimestr.com\/index.php\/muharrem-ince-ben-chpde-kalacagim\" target=\"_blank\" rel=\"noreferrer noopener\">\u0130nce<\/a>, sosyal medya hesab\u0131ndan payla\u015f\u0131mda bulundu.<br \/>\u0130nce &#8220;\u0130mamo\u011flu 734 bin 400 dakikad\u0131r zindanda ve \u2018zindanda dakika farks\u0131zd\u0131r aydan\u2019 510 g\u00fcnd\u00fcr h\u00fck\u00fcms\u00fcz tutsak\u201d dedi.<\/p>\n\n\n\n<p>Muharrem \u0130nce, sosyal medya hesab\u0131ndan yapt\u0131\u011f\u0131 a\u00e7\u0131klamada, \u201cEkrem \u0130mamo\u011flu 734 bin 400 dakikad\u0131r zindanda ve \u2018zindanda dakika farks\u0131zd\u0131r aydan\u2019 510 g\u00fcnd\u00fcr h\u00fck\u00fcms\u00fcz tutsak! \u2018Haberin var m\u0131 ta\u015f duvar?\u2019 Bug\u00fcn kendisini ziyaret ettim. Hepinize selam\u0131 var\u201d a\u00e7\u0131klamalar\u0131na yer verdi.<\/p>\n\n\n\n<figure class=\"wp-block-embed is-type-rich is-provider-x wp-block-embed-x\"><div class=\"wp-block-embed__wrapper\">\n<blockquote class=\"twitter-tweet\" data-width=\"550\" data-dnt=\"true\"><p lang=\"tr\" dir=\"ltr\">Ekrem \u0130mamo\u011flu 734.400 dakikad\u0131r zindanda ve \u201cZindanda dakika farks\u0131zd\u0131r aydan\u201d<br>510 g\u00fcnd\u00fcr h\u00fck\u00fcms\u00fcz tutsak!<br>\u201cHaberin var m\u0131 ta\u015f duvar?\u201d<br>Bug\u00fcn kendisini ziyaret ettim.<br>Hepinize selam\u0131 var. <a href=\"https:\/\/t.co\/iBbGGWMHPU\">pic.twitter.com\/iBbGGWMHPU<\/a><\/p>&mdash; Muharrem \u0130NCE (@vekilince) <a href=\"https:\/\/x.com\/vekilince\/status\/2088960852376375320?ref_src=twsrc%5Etfw\">August 16, 2026<\/a><\/blockquote><script async src=\"https:\/\/platform.x.com\/widgets.js\" charset=\"utf-8\"><\/script>\n<\/div><\/figure>\n","protected":false},"excerpt":{"rendered":"<p>CHP&#8217;li Muharrem \u0130nce, tutuklu \u0130stanbul B\u00fcy\u00fck\u015fehir Belediye (\u0130BB) Ba\u015fkan\u0131 Ekrem \u0130mamo\u011flu&#8217;nu Silivri&#8217;de Marmara Cezaevi&#8217;nde ziyaret etti. Silivri&#8217;deki Marmara Cezaevi&#8217;nde tutuklu bulunan \u0130stanbul B\u00fcy\u00fck\u015fehir Belediye (\u0130BB) Ba\u015fkan\u0131 Ekrem \u0130mamo\u011flu&#8216;nu ziyaret eden CHP&#8217;li Muharrem \u0130nce, sosyal medya hesab\u0131ndan payla\u015f\u0131mda bulundu.\u0130nce &#8220;\u0130mamo\u011flu 734 bin 400 dakikad\u0131r zindanda ve \u2018zindanda dakika farks\u0131zd\u0131r aydan\u2019 510 g\u00fcnd\u00fcr h\u00fck\u00fcms\u00fcz tutsak\u201d dedi. Muharrem [&hellip;]<\/p>\n","protected":false},"author":12791,"featured_media":170464,"comment_status":"open","ping_status":"open","sticky":false,"template":"","format":"standard","meta":{"_yoast_wpseo_focuskw":"Muharrem \u0130nce","_yoast_wpseo_title":"","_yoast_wpseo_metadesc":"CHP'li Muharrem \u0130nce, tutuklu \u0130stanbul B\u00fcy\u00fck\u015fehir Belediye (\u0130BB) Ba\u015fkan\u0131 Ekrem \u0130mamo\u011flu'nu Silivri'de Marmara Cezaevi'nde ziyaret etti.","_bbp_topic_count":0,"_bbp_reply_count":0,"_bbp_total_topic_count":0,"_bbp_total_reply_count":0,"_bbp_voice_count":0,"_bbp_anonymous_reply_count":0,"_bbp_topic_count_hidden":0,"_bbp_reply_count_hidden":0,"_bbp_forum_subforum_count":0,"footnotes":"","_yoast_wpseo_focuskw_text_input":""},"categories":[1,8138,8226],"tags":[583,7419,11591,12269],"yoast_head":"<!-- This site is optimized with the Yoast SEO plugin v23.0 - https:\/\/yoast.com\/wordpress\/plugins\/seo\/ -->\n<title>Muharrem \u0130nce Silivri&#039;de Ekrem \u0130mamo\u011flunu Ziyaret Etti - The Epoch Times TR<\/title>\n<meta name=\"description\" content=\"CHP&#039;li Muharrem \u0130nce, tutuklu \u0130stanbul B\u00fcy\u00fck\u015fehir Belediye (\u0130BB) Ba\u015fkan\u0131 Ekrem \u0130mamo\u011flu&#039;nu Silivri&#039;de Marmara Cezaevi&#039;nde ziyaret etti.\" \/>\n<meta name=\"robots\" content=\"index, follow, max-snippet:-1, max-image-preview:large, max-video-preview:-1\" \/>\n<link rel=\"canonical\" href=\"https:\/\/epochtimestr.com\/index.php\/muharrem-ince-silivride-ekrem-imamoglunu-ziyaret-etti\" \/>\n<meta property=\"og:locale\" content=\"tr_TR\" \/>\n<meta property=\"og:type\" content=\"article\" \/>\n<meta property=\"og:title\" content=\"Muharrem \u0130nce Silivri&#039;de Ekrem \u0130mamo\u011flunu Ziyaret Etti - The Epoch Times TR\" \/>\n<meta property=\"og:description\" content=\"CHP&#039;li Muharrem \u0130nce, tutuklu \u0130stanbul B\u00fcy\u00fck\u015fehir Belediye (\u0130BB) Ba\u015fkan\u0131 Ekrem \u0130mamo\u011flu&#039;nu Silivri&#039;de Marmara Cezaevi&#039;nde ziyaret etti.\" \/>\n<meta property=\"og:url\" content=\"https:\/\/epochtimestr.com\/index.php\/muharrem-ince-silivride-ekrem-imamoglunu-ziyaret-etti\" \/>\n<meta property=\"og:site_name\" content=\"The Epoch Times TR\" \/>\n<meta property=\"article:publisher\" content=\"https:\/\/www.facebook.com\/theepochtimestr\" \/>\n<meta property=\"article:published_time\" content=\"2026-08-17T05:26:52+00:00\" \/>\n<meta property=\"article:modified_time\" content=\"2026-08-17T05:26:54+00:00\" \/>\n<meta property=\"og:image\" content=\"https:\/\/epochtimestr.com\/wp-content\/uploads\/2011y\/ince.webp\" \/>\n\t<meta property=\"og:image:width\" content=\"1200\" \/>\n\t<meta property=\"og:image:height\" content=\"1345\" \/>\n\t<meta property=\"og:image:type\" content=\"image\/webp\" \/>\n<meta name=\"author\" content=\"Haber Merkezi\" \/>\n<meta name=\"twitter:card\" content=\"summary_large_image\" \/>\n<meta name=\"twitter:creator\" content=\"@TheEpochTimesTR\" \/>\n<meta name=\"twitter:site\" content=\"@TheEpochTimesTR\" \/>\n<meta name=\"twitter:label1\" content=\"Yazan:\" \/>\n\t<meta name=\"twitter:data1\" content=\"Haber Merkezi\" \/>\n\t<meta name=\"twitter:label2\" content=\"Tahmini okuma s\u00fcresi\" \/>\n\t<meta name=\"twitter:data2\" content=\"2 dakika\" \/>\n<script type=\"application\/ld+json\" class=\"yoast-schema-graph\">{\"@context\":\"https:\/\/schema.org\",\"@graph\":[{\"@type\":\"Article\",\"@id\":\"https:\/\/epochtimestr.com\/index.php\/muharrem-ince-silivride-ekrem-imamoglunu-ziyaret-etti#article\",\"isPartOf\":{\"@id\":\"https:\/\/epochtimestr.com\/index.php\/muharrem-ince-silivride-ekrem-imamoglunu-ziyaret-etti\"},\"author\":{\"name\":\"Haber Merkezi\",\"@id\":\"https:\/\/epochtimestr.com\/#\/schema\/person\/3dc5c3adeb9f43923c5aa85889172fdd\"},\"headline\":\"Muharrem \u0130nce Silivri&#8217;de Ekrem \u0130mamo\u011flunu Ziyaret Etti\",\"datePublished\":\"2026-08-17T05:26:52+00:00\",\"dateModified\":\"2026-08-17T05:26:54+00:00\",\"mainEntityOfPage\":{\"@id\":\"https:\/\/epochtimestr.com\/index.php\/muharrem-ince-silivride-ekrem-imamoglunu-ziyaret-etti\"},\"wordCount\":149,\"commentCount\":0,\"publisher\":{\"@id\":\"https:\/\/epochtimestr.com\/#organization\"},\"image\":{\"@id\":\"https:\/\/epochtimestr.com\/index.php\/muharrem-ince-silivride-ekrem-imamoglunu-ziyaret-etti#primaryimage\"},\"thumbnailUrl\":\"https:\/\/epochtimestr.com\/wp-content\/uploads\/2011y\/ince.webp\",\"keywords\":[\"CHP\",\"Ekrem \u0130mamo\u011flu\",\"Muharrem \u0130nce\",\"Silvri Marmara Cezaevi\"],\"articleSection\":[\"G\u00dcNDEM\",\"MAN\u015eET\",\"Siyaset\"],\"inLanguage\":\"tr\",\"potentialAction\":[{\"@type\":\"CommentAction\",\"name\":\"Comment\",\"target\":[\"https:\/\/epochtimestr.com\/index.php\/muharrem-ince-silivride-ekrem-imamoglunu-ziyaret-etti#respond\"]}]},{\"@type\":\"WebPage\",\"@id\":\"https:\/\/epochtimestr.com\/index.php\/muharrem-ince-silivride-ekrem-imamoglunu-ziyaret-etti\",\"url\":\"https:\/\/epochtimestr.com\/index.php\/muharrem-ince-silivride-ekrem-imamoglunu-ziyaret-etti\",\"name\":\"Muharrem \u0130nce Silivri'de Ekrem \u0130mamo\u011flunu Ziyaret Etti - The Epoch Times TR\",\"isPartOf\":{\"@id\":\"https:\/\/epochtimestr.com\/#website\"},\"primaryImageOfPage\":{\"@id\":\"https:\/\/epochtimestr.com\/index.php\/muharrem-ince-silivride-ekrem-imamoglunu-ziyaret-etti#primaryimage\"},\"image\":{\"@id\":\"https:\/\/epochtimestr.com\/index.php\/muharrem-ince-silivride-ekrem-imamoglunu-ziyaret-etti#primaryimage\"},\"thumbnailUrl\":\"https:\/\/epochtimestr.com\/wp-content\/uploads\/2011y\/ince.webp\",\"datePublished\":\"2026-08-17T05:26:52+00:00\",\"dateModified\":\"2026-08-17T05:26:54+00:00\",\"description\":\"CHP'li Muharrem \u0130nce, tutuklu \u0130stanbul B\u00fcy\u00fck\u015fehir Belediye (\u0130BB) Ba\u015fkan\u0131 Ekrem \u0130mamo\u011flu'nu Silivri'de Marmara Cezaevi'nde ziyaret etti.\",\"inLanguage\":\"tr\",\"potentialAction\":[{\"@type\":\"ReadAction\",\"target\":[\"https:\/\/epochtimestr.com\/index.php\/muharrem-ince-silivride-ekrem-imamoglunu-ziyaret-etti\"]}]},{\"@type\":\"ImageObject\",\"inLanguage\":\"tr\",\"@id\":\"https:\/\/epochtimestr.com\/index.php\/muharrem-ince-silivride-ekrem-imamoglunu-ziyaret-etti#primaryimage\",\"url\":\"https:\/\/epochtimestr.com\/wp-content\/uploads\/2011y\/ince.webp\",\"contentUrl\":\"https:\/\/epochtimestr.com\/wp-content\/uploads\/2011y\/ince.webp\",\"width\":1200,\"height\":1345},{\"@type\":\"WebSite\",\"@id\":\"https:\/\/epochtimestr.com\/#website\",\"url\":\"https:\/\/epochtimestr.com\/\",\"name\":\"The Epoch Times TR\",\"description\":\"De\u011fi\u015fen D\u00fcnyam\u0131za Taze Bir Bak\u0131\u015f\",\"publisher\":{\"@id\":\"https:\/\/epochtimestr.com\/#organization\"},\"potentialAction\":[{\"@type\":\"SearchAction\",\"target\":{\"@type\":\"EntryPoint\",\"urlTemplate\":\"https:\/\/epochtimestr.com\/?s={search_term_string}\"},\"query-input\":\"required name=search_term_string\"}],\"inLanguage\":\"tr\"},{\"@type\":\"Organization\",\"@id\":\"https:\/\/epochtimestr.com\/#organization\",\"name\":\"The EpochTimes T\u00fcrkiye\",\"url\":\"https:\/\/epochtimestr.com\/\",\"logo\":{\"@type\":\"ImageObject\",\"inLanguage\":\"tr\",\"@id\":\"https:\/\/epochtimestr.com\/#\/schema\/logo\/image\/\",\"url\":\"https:\/\/epochtimestr.com\/wp-content\/uploads\/2011y\/ET-Logo-YG.jpg\",\"contentUrl\":\"https:\/\/epochtimestr.com\/wp-content\/uploads\/2011y\/ET-Logo-YG.jpg\",\"width\":346,\"height\":29,\"caption\":\"The EpochTimes T\u00fcrkiye\"},\"image\":{\"@id\":\"https:\/\/epochtimestr.com\/#\/schema\/logo\/image\/\"},\"sameAs\":[\"https:\/\/www.facebook.com\/theepochtimestr\",\"https:\/\/x.com\/TheEpochTimesTR\",\"https:\/\/www.instagram.com\/epochtimestr\"]},{\"@type\":\"Person\",\"@id\":\"https:\/\/epochtimestr.com\/#\/schema\/person\/3dc5c3adeb9f43923c5aa85889172fdd\",\"name\":\"Haber Merkezi\",\"image\":{\"@type\":\"ImageObject\",\"inLanguage\":\"tr\",\"@id\":\"https:\/\/epochtimestr.com\/#\/schema\/person\/image\/\",\"url\":\"https:\/\/secure.gravatar.com\/avatar\/d73f772ba5a74f28601361e17c2f93e6?s=96&d=mm&r=g\",\"contentUrl\":\"https:\/\/secure.gravatar.com\/avatar\/d73f772ba5a74f28601361e17c2f93e6?s=96&d=mm&r=g\",\"caption\":\"Haber Merkezi\"},\"url\":\"https:\/\/epochtimestr.com\/index.php\/author\/sendag\"}]}<\/script>\n<!-- \/ Yoast SEO plugin. -->","yoast_head_json":{"title":"Muharrem \u0130nce Silivri'de Ekrem \u0130mamo\u011flunu Ziyaret Etti - The Epoch Times TR","description":"CHP'li Muharrem \u0130nce, tutuklu \u0130stanbul B\u00fcy\u00fck\u015fehir Belediye (\u0130BB) Ba\u015fkan\u0131 Ekrem \u0130mamo\u011flu'nu Silivri'de Marmara Cezaevi'nde ziyaret etti.","robots":{"index":"index","follow":"follow","max-snippet":"max-snippet:-1","max-image-preview":"max-image-preview:large","max-video-preview":"max-video-preview:-1"},"canonical":"https:\/\/epochtimestr.com\/index.php\/muharrem-ince-silivride-ekrem-imamoglunu-ziyaret-etti","og_locale":"tr_TR","og_type":"article","og_title":"Muharrem \u0130nce Silivri'de Ekrem \u0130mamo\u011flunu Ziyaret Etti - The Epoch Times TR","og_description":"CHP'li Muharrem \u0130nce, tutuklu \u0130stanbul B\u00fcy\u00fck\u015fehir Belediye (\u0130BB) Ba\u015fkan\u0131 Ekrem \u0130mamo\u011flu'nu Silivri'de Marmara Cezaevi'nde ziyaret etti.","og_url":"https:\/\/epochtimestr.com\/index.php\/muharrem-ince-silivride-ekrem-imamoglunu-ziyaret-etti","og_site_name":"The Epoch Times TR","article_publisher":"https:\/\/www.facebook.com\/theepochtimestr","article_published_time":"2026-08-17T05:26:52+00:00","article_modified_time":"2026-08-17T05:26:54+00:00","og_image":[{"width":1200,"height":1345,"url":"https:\/\/epochtimestr.com\/wp-content\/uploads\/2011y\/ince.webp","type":"image\/webp"}],"author":"Haber Merkezi","twitter_card":"summary_large_image","twitter_creator":"@TheEpochTimesTR","twitter_site":"@TheEpochTimesTR","twitter_misc":{"Yazan:":"Haber Merkezi","Tahmini okuma s\u00fcresi":"2 dakika"},"schema":{"@context":"https:\/\/schema.org","@graph":[{"@type":"Article","@id":"https:\/\/epochtimestr.com\/index.php\/muharrem-ince-silivride-ekrem-imamoglunu-ziyaret-etti#article","isPartOf":{"@id":"https:\/\/epochtimestr.com\/index.php\/muharrem-ince-silivride-ekrem-imamoglunu-ziyaret-etti"},"author":{"name":"Haber Merkezi","@id":"https:\/\/epochtimestr.com\/#\/schema\/person\/3dc5c3adeb9f43923c5aa85889172fdd"},"headline":"Muharrem \u0130nce Silivri&#8217;de Ekrem \u0130mamo\u011flunu Ziyaret Etti","datePublished":"2026-08-17T05:26:52+00:00","dateModified":"2026-08-17T05:26:54+00:00","mainEntityOfPage":{"@id":"https:\/\/epochtimestr.com\/index.php\/muharrem-ince-silivride-ekrem-imamoglunu-ziyaret-etti"},"wordCount":149,"commentCount":0,"publisher":{"@id":"https:\/\/epochtimestr.com\/#organization"},"image":{"@id":"https:\/\/epochtimestr.com\/index.php\/muharrem-ince-silivride-ekrem-imamoglunu-ziyaret-etti#primaryimage"},"thumbnailUrl":"https:\/\/epochtimestr.com\/wp-content\/uploads\/2011y\/ince.webp","keywords":["CHP","Ekrem \u0130mamo\u011flu","Muharrem \u0130nce","Silvri Marmara Cezaevi"],"articleSection":["G\u00dcNDEM","MAN\u015eET","Siyaset"],"inLanguage":"tr","potentialAction":[{"@type":"CommentAction","name":"Comment","target":["https:\/\/epochtimestr.com\/index.php\/muharrem-ince-silivride-ekrem-imamoglunu-ziyaret-etti#respond"]}]},{"@type":"WebPage","@id":"https:\/\/epochtimestr.com\/index.php\/muharrem-ince-silivride-ekrem-imamoglunu-ziyaret-etti","url":"https:\/\/epochtimestr.com\/index.php\/muharrem-ince-silivride-ekrem-imamoglunu-ziyaret-etti","name":"Muharrem \u0130nce Silivri'de Ekrem \u0130mamo\u011flunu Ziyaret Etti - The Epoch Times TR","isPartOf":{"@id":"https:\/\/epochtimestr.com\/#website"},"primaryImageOfPage":{"@id":"https:\/\/epochtimestr.com\/index.php\/muharrem-ince-silivride-ekrem-imamoglunu-ziyaret-etti#primaryimage"},"image":{"@id":"https:\/\/epochtimestr.com\/index.php\/muharrem-ince-silivride-ekrem-imamoglunu-ziyaret-etti#primaryimage"},"thumbnailUrl":"https:\/\/epochtimestr.com\/wp-content\/uploads\/2011y\/ince.webp","datePublished":"2026-08-17T05:26:52+00:00","dateModified":"2026-08-17T05:26:54+00:00","description":"CHP'li Muharrem \u0130nce, tutuklu \u0130stanbul B\u00fcy\u00fck\u015fehir Belediye (\u0130BB) Ba\u015fkan\u0131 Ekrem \u0130mamo\u011flu'nu Silivri'de Marmara Cezaevi'nde ziyaret etti.","inLanguage":"tr","potentialAction":[{"@type":"ReadAction","target":["https:\/\/epochtimestr.com\/index.php\/muharrem-ince-silivride-ekrem-imamoglunu-ziyaret-etti"]}]},{"@type":"ImageObject","inLanguage":"tr","@id":"https:\/\/epochtimestr.com\/index.php\/muharrem-ince-silivride-ekrem-imamoglunu-ziyaret-etti#primaryimage","url":"https:\/\/epochtimestr.com\/wp-content\/uploads\/2011y\/ince.webp","contentUrl":"https:\/\/epochtimestr.com\/wp-content\/uploads\/2011y\/ince.webp","width":1200,"height":1345},{"@type":"WebSite","@id":"https:\/\/epochtimestr.com\/#website","url":"https:\/\/epochtimestr.com\/","name":"The Epoch Times TR","description":"De\u011fi\u015fen D\u00fcnyam\u0131za Taze Bir Bak\u0131\u015f","publisher":{"@id":"https:\/\/epochtimestr.com\/#organization"},"potentialAction":[{"@type":"SearchAction","target":{"@type":"EntryPoint","urlTemplate":"https:\/\/epochtimestr.com\/?s={search_term_string}"},"query-input":"required name=search_term_string"}],"inLanguage":"tr"},{"@type":"Organization","@id":"https:\/\/epochtimestr.com\/#organization","name":"The EpochTimes T\u00fcrkiye","url":"https:\/\/epochtimestr.com\/","logo":{"@type":"ImageObject","inLanguage":"tr","@id":"https:\/\/epochtimestr.com\/#\/schema\/logo\/image\/","url":"https:\/\/epochtimestr.com\/wp-content\/uploads\/2011y\/ET-Logo-YG.jpg","contentUrl":"https:\/\/epochtimestr.com\/wp-content\/uploads\/2011y\/ET-Logo-YG.jpg","width":346,"height":29,"caption":"The EpochTimes T\u00fcrkiye"},"image":{"@id":"https:\/\/epochtimestr.com\/#\/schema\/logo\/image\/"},"sameAs":["https:\/\/www.facebook.com\/theepochtimestr","https:\/\/x.com\/TheEpochTimesTR","https:\/\/www.instagram.com\/epochtimestr"]},{"@type":"Person","@id":"https:\/\/epochtimestr.com\/#\/schema\/person\/3dc5c3adeb9f43923c5aa85889172fdd","name":"Haber Merkezi","image":{"@type":"ImageObject","inLanguage":"tr","@id":"https:\/\/epochtimestr.com\/#\/schema\/person\/image\/","url":"https:\/\/secure.gravatar.com\/avatar\/d73f772ba5a74f28601361e17c2f93e6?s=96&d=mm&r=g","contentUrl":"https:\/\/secure.gravatar.com\/avatar\/d73f772ba5a74f28601361e17c2f93e6?s=96&d=mm&r=g","caption":"Haber Merkezi"},"url":"https:\/\/epochtimestr.com\/index.php\/author\/sendag"}]}},"_links":{"self":[{"href":"https:\/\/epochtimestr.com\/index.php\/wp-json\/wp\/v2\/posts\/170463"}],"collection":[{"href":"https:\/\/epochtimestr.com\/index.php\/wp-json\/wp\/v2\/posts"}],"about":[{"href":"https:\/\/epochtimestr.com\/index.php\/wp-json\/wp\/v2\/types\/post"}],"author":[{"embeddable":true,"href":"https:\/\/epochtimestr.com\/index.php\/wp-json\/wp\/v2\/users\/12791"}],"replies":[{"embeddable":true,"href":"https:\/\/epochtimestr.com\/index.php\/wp-json\/wp\/v2\/comments?post=170463"}],"version-history":[{"count":2,"href":"https:\/\/epochtimestr.com\/index.php\/wp-json\/wp\/v2\/posts\/170463\/revisions"}],"predecessor-version":[{"id":170473,"href":"https:\/\/epochtimestr.com\/index.php\/wp-json\/wp\/v2\/posts\/170463\/revisions\/170473"}],"wp:featuredmedia":[{"embeddable":true,"href":"https:\/\/epochtimestr.com\/index.php\/wp-json\/wp\/v2\/media\/170464"}],"wp:attachment":[{"href":"https:\/\/epochtimestr.com\/index.php\/wp-json\/wp\/v2\/media?parent=170463"}],"wp:term":[{"taxonomy":"category","embeddable":true,"href":"https:\/\/epochtimestr.com\/index.php\/wp-json\/wp\/v2\/categories?post=170463"},{"taxonomy":"post_tag","embeddable":true,"href":"https:\/\/epochtimestr.com\/index.php\/wp-json\/wp\/v2\/tags?post=170463"}],"curies":[{"name":"wp","href":"https:\/\/api.w.org\/{rel}","templated":true}]}}