{"id":170466,"date":"2026-08-17T08:38:17","date_gmt":"2026-08-17T05:38:17","guid":{"rendered":"https:\/\/epochtimestr.com\/?p=170466"},"modified":"2026-08-17T08:38:19","modified_gmt":"2026-08-17T05:38:19","slug":"denizlerdeki-isinma-tehlikeli-boyutlara-ulasti","status":"publish","type":"post","link":"https:\/\/epochtimestr.com\/index.php\/denizlerdeki-isinma-tehlikeli-boyutlara-ulasti","title":{"rendered":"Denizlerdeki Is\u0131nma Tehlikeli Boyutlara Ula\u015ft\u0131"},"content":{"rendered":"<div class=\"wp-block-image\">\n<figure class=\"aligncenter size-full\"><img loading=\"lazy\" decoding=\"async\" width=\"1280\" height=\"852\" src=\"https:\/\/epochtimestr.com\/wp-content\/uploads\/2011y\/beach-1852945_1280.jpg\" alt=\"\" class=\"wp-image-170467\" srcset=\"https:\/\/epochtimestr.com\/wp-content\/uploads\/2011y\/beach-1852945_1280.jpg 1280w, https:\/\/epochtimestr.com\/wp-content\/uploads\/2011y\/beach-1852945_1280-300x200.jpg 300w, https:\/\/epochtimestr.com\/wp-content\/uploads\/2011y\/beach-1852945_1280-150x100.jpg 150w, https:\/\/epochtimestr.com\/wp-content\/uploads\/2011y\/beach-1852945_1280-768x511.jpg 768w\" sizes=\"(max-width: 1280px) 100vw, 1280px\" \/><figcaption class=\"wp-element-caption\">Akdeniz&#8217;in ortalama deniz y\u00fczeyi s\u0131cakl\u0131\u011f\u0131 yakla\u015f\u0131k 28,4 dereceye ula\u015ft\u0131. (Foto\u011fraf: pexel, pixabay)<\/figcaption><\/figure><\/div>\n\n\n<h2 class=\"wp-block-heading\">Akdeniz\u2019de son y\u0131llarda art arda k\u0131r\u0131lan deniz y\u00fczeyi s\u0131cakl\u0131\u011f\u0131 rekorlar\u0131, yaz s\u0131cakl\u0131klar\u0131n\u0131n yan\u0131 s\u0131ra sonbaharda ya\u015fanabilecek a\u015f\u0131r\u0131 hava olaylar\u0131 a\u00e7\u0131s\u0131ndan da endi\u015fe yarat\u0131yor.<\/h2>\n\n\n\n<p><a href=\"https:\/\/epochtimestr.com\/index.php\/akdeniz-ciglik-atiyor-duyan-var-mi\" target=\"_blank\" rel=\"noreferrer noopener\">Akdeniz<\/a> genelindeki ortalama s\u0131cakl\u0131\u011f\u0131n yakla\u015f\u0131k 28,4 dereceye \u00e7\u0131kt\u0131\u011f\u0131 ve uzun d\u00f6nem ortalamas\u0131n\u0131n yakla\u015f\u0131k 2 derece \u00fczerine ula\u015ft\u0131\u011f\u0131 belirtildi. T\u00fcrkiye k\u0131y\u0131lar\u0131ndaki g\u00fcncel \u00f6l\u00e7\u00fcmlerde deniz suyu s\u0131cakl\u0131klar\u0131 Antalya K\u00f6rfezi\u2019nde 31,2, Mersin\u2019de 30,7 ve Konyaalt\u0131\u2019nda 30,8 derece kaydedildi. Uzmanlar, denizde biriken bu b\u00fcy\u00fck \u0131s\u0131 enerjisinin uygun atmosfer ko\u015fullar\u0131 olu\u015ftu\u011funda sonbahardaki kuvvetli ya\u011f\u0131\u015f ve f\u0131rt\u0131nalar\u0131 besleyebilece\u011fine dikkat \u00e7ekiyor.<\/p>\n\n\n\n<p>\u0130zmir Bak\u0131r\u00e7ay \u00dcniversitesi Co\u011frafya B\u00f6l\u00fcm\u00fc \u00d6\u011fretim \u00dcyesi Prof. Dr. \u015eermin Ta\u011f\u0131l, deniz y\u00fczeyi s\u0131cakl\u0131\u011f\u0131n\u0131n atmosferle deniz aras\u0131ndaki \u0131s\u0131 ve nem al\u0131\u015fveri\u015fini belirleyen en \u00f6nemli de\u011fi\u015fkenlerden biri oldu\u011funu s\u00f6yledi. Ayr\u0131ca bu nedenle iklim sisteminin mevcut durumunu anlamada kritik \u00f6neme sahip oldu\u011funu belirtti.<\/p>\n\n\n\n<p>Akdeniz&#8217;de dikkati \u00e7eken unsurun yaln\u0131zca y\u00fcksek hava s\u0131cakl\u0131klar\u0131 olmad\u0131\u011f\u0131n\u0131 vurgulayan Ta\u011f\u0131l, &#8220;As\u0131l \u00f6nemli olan, denizin ola\u011fan\u00fcst\u00fc miktarda \u0131s\u0131 depolam\u0131\u015f olmas\u0131. Denizde biriken bu enerji, atmosferi besleyen temel kaynaklardan biri.&#8221; dedi.<\/p>\n\n\n\n<p>Ta\u011f\u0131l, 2026&#8217;n\u0131n ilk yar\u0131s\u0131nda <a href=\"https:\/\/epochtimestr.com\/index.php\/akdenizin-cigerleri-deniz-cayilari-yok-oluyor\" target=\"_blank\" rel=\"noreferrer noopener\">Akdeniz<\/a> genelinde deniz y\u00fczeyi s\u0131cakl\u0131klar\u0131n\u0131n uzun y\u0131llar ortalamas\u0131n\u0131n olduk\u00e7a \u00fczerinde seyretti\u011fini belirterek \u015funlar\u0131 kaydetti: <\/p>\n\n\n\n<p>&#8220;Akdeniz&#8217;in ortalama deniz y\u00fczeyi s\u0131cakl\u0131\u011f\u0131 yakla\u015f\u0131k 28,4 dereceye ula\u015ft\u0131. Bu de\u011fer uzun d\u00f6nem ortalamas\u0131n\u0131n yakla\u015f\u0131k 2 derece \u00fczerinde. \u00d6zellikle Do\u011fu Akdeniz&#8217;de tarihi seviyelere yakla\u015fan s\u0131cakl\u0131klar dikkati \u00e7ekiyor. Do\u011fu Karadeniz&#8217;de de deniz y\u00fczeyi s\u0131cakl\u0131klar\u0131 mevsim normallerinin yakla\u015f\u0131k 1 ila 2 derece \u00fczerinde seyrediyor. Bu durum \u00f6n\u00fcm\u00fczdeki g\u00fcnlerde hem Akdeniz hem de Karadeniz&#8217;de g\u00f6r\u00fclebilecek kuvvetli ya\u011f\u0131\u015f ve f\u0131rt\u0131nalar i\u00e7in ilave enerji ve nem kayna\u011f\u0131 olu\u015fturuyor.&#8221;<\/p>\n\n\n\n<h3 class=\"wp-block-heading\">&#8220;Akdeniz tarihinde g\u00f6r\u00fclmemi\u015f s\u0131cakl\u0131klara ula\u015ft\u0131&#8221; <\/h3>\n\n\n\n<p>Akdeniz&#8217;deki ola\u011fan\u00fcst\u00fc s\u0131cakl\u0131klar\u0131n tek bir y\u0131la \u00f6zg\u00fc olmad\u0131\u011f\u0131n\u0131 ifade eden Ta\u011f\u0131l, son y\u0131llarda denizel s\u0131cak hava dalgalar\u0131n\u0131n hem daha s\u0131k hem de daha uzun s\u00fcre etkili oldu\u011funa dikkati \u00e7ekti.<br \/>Denizlerdeki s\u0131cakl\u0131k art\u0131\u015f\u0131n\u0131n tek bir y\u0131lla s\u0131n\u0131rl\u0131 kalmad\u0131\u011f\u0131n\u0131 belirten Ta\u011f\u0131l, 2023 y\u0131l\u0131ndan bu yana okyanuslarda ve Akdeniz\u2019de s\u00fcrekli rekorlar k\u0131r\u0131ld\u0131\u011f\u0131n\u0131 ifade etti. Temmuz ve a\u011fustos aylar\u0131nda Akdeniz\u2019in tarihinde g\u00f6r\u00fclmemi\u015f s\u0131cakl\u0131klara ula\u015ft\u0131\u011f\u0131n\u0131 dile getiren Ta\u011f\u0131l, bu \u0131s\u0131nman\u0131n temel nedeninin k\u00fcresel iklim de\u011fi\u015fikli\u011fi oldu\u011funu vurgulad\u0131.<\/p>\n\n\n\n<p>Pasifik Okyanusu\u2019nda geli\u015fmesi beklenen g\u00fc\u00e7l\u00fc El Nino olay\u0131na da de\u011finen Ta\u011f\u0131l, NOAA verilerine g\u00f6re y\u0131l sonuna kadar bu olas\u0131l\u0131\u011f\u0131n y\u00fczde 80 oldu\u011funu belirtti. Ancak Akdeniz\u2019deki \u0131s\u0131nman\u0131n do\u011frudan El Nino\u2019ya ba\u011flanamayaca\u011f\u0131n\u0131, bunun k\u00fcresel iklim de\u011fi\u015fikli\u011fi \u00fczerine eklenen bir sinyal oldu\u011funu kaydetti. Kutup girdab\u0131n\u0131n zay\u0131flama olas\u0131l\u0131\u011f\u0131na da de\u011finen Ta\u011f\u0131l, \u201cBu durum k\u0131\u015f aylar\u0131nda kuzey enlemlerinden gelen hava ak\u0131mlar\u0131n\u0131n daha etkili olmas\u0131na katk\u0131 sa\u011flayabilir\u201d diyerek, bunun do\u011frudan T\u00fcrkiye\u2019de karl\u0131 bir k\u0131\u015f anlam\u0131na gelmeyece\u011fi konusunda bilimsel bir uyar\u0131da bulundu.<\/p>\n\n\n\n<p>\u00c7ok g\u00fc\u00e7l\u00fc bir El Nino geli\u015fmesi halinde kutup girdab\u0131n\u0131n zay\u0131flamas\u0131n\u0131 ve par\u00e7alanmas\u0131n\u0131 destekleyebilecek atmosferik s\u00fcre\u00e7lerin \u00f6ne \u00e7\u0131kabilece\u011fini aktard\u0131. &#8220;Bu durum k\u0131\u015f aylar\u0131nda kuzey enlemlerinden gelen hava ak\u0131mlar\u0131n\u0131n daha etkili olmas\u0131na katk\u0131 sa\u011flayabilir. Ancak bunu do\u011frudan &#8216;T\u00fcrkiye \u00e7ok karl\u0131 bir k\u0131\u015f ya\u015fayacak&#8217; \u015feklinde yorumlamak bilimsel olarak do\u011fru de\u011fil. Atmosfer \u00e7ok de\u011fi\u015fken bir sistem. Bununla birlikte baz\u0131 iklim projeksiyonlar\u0131 kutup girdab\u0131n\u0131n par\u00e7alanma olas\u0131l\u0131\u011f\u0131n\u0131n artabilece\u011fine i\u015faret ediyor.&#8221; de\u011ferlendirmesinde bulundu.<\/p>\n\n\n\n<h3 class=\"wp-block-heading\">&#8220;\u015eiddetli sa\u011fanaklar\u0131, a\u015f\u0131r\u0131 ya\u011f\u0131\u015flar\u0131, sel ve ta\u015fk\u0131nlar ile f\u0131rt\u0131nalar\u0131 besleyebilir&#8221;<\/h3>\n\n\n\n<p>Ta\u011f\u0131l, deniz s\u0131cakl\u0131klar\u0131n\u0131n y\u00fcksek seyretmesinin k\u0131y\u0131 b\u00f6lgelerinde gecelerin daha s\u0131cak ge\u00e7mesine, tropikal gece say\u0131s\u0131n\u0131n artmas\u0131na ve s\u0131cak hava dalgalar\u0131n\u0131n etkisinin uzamas\u0131na katk\u0131 sa\u011flayabilece\u011fini s\u00f6yledi. As\u0131l riskin ise sonbaharda ortaya \u00e7\u0131kabilece\u011fini vurgulayarak &#8220;E\u011fer bu y\u00fcksek deniz s\u0131cakl\u0131klar\u0131 sonbahara ta\u015f\u0131n\u0131r ve uygun atmosferik ko\u015fullarla birle\u015firse, \u015fiddetli sa\u011fanaklar\u0131, a\u015f\u0131r\u0131 ya\u011f\u0131\u015flar\u0131, ani sel ve ta\u015fk\u0131nlar ile kuvvetli f\u0131rt\u0131nalar\u0131 besleyebilecek ilave enerji ve nem sa\u011flayabilir. \u00d6zellikle ekim ve kas\u0131m aylar\u0131nda bu risk daha belirgin hale gelebilir.&#8221; dedi.<\/p>\n\n\n\n<p>Akdeniz&#8217;de zaman zaman g\u00f6r\u00fclen ve &#8220;medicane&#8221; olarak adland\u0131r\u0131lan, baz\u0131 \u00f6zellikleri tropikal siklonlara benzeyen sistemlerin geli\u015fmesi a\u00e7\u0131s\u0131ndan s\u0131cak denizlerin \u00f6nemli bir unsur oldu\u011funu belirten Ta\u011f\u0131l, \u015funlar\u0131 kaydetti: &#8220;Deniz s\u0131cak diye mutlaka medicane olu\u015facak demek do\u011fru de\u011fildir. Bunun ger\u00e7ekle\u015febilmesi i\u00e7in uygun al\u00e7ak bas\u0131n\u00e7 sistemi, atmosferik karars\u0131zl\u0131k, yeterli nem ve uygun r\u00fczgar ko\u015fullar\u0131n\u0131n ayn\u0131 anda olu\u015fmas\u0131 gerekir. Ancak ola\u011fan\u00fcst\u00fc s\u0131cak bir deniz, bu ko\u015fullar olu\u015ftu\u011funda sistemin geli\u015fmesi i\u00e7in \u00f6nemli bir enerji kayna\u011f\u0131 sa\u011flayabilir. 2023 y\u0131l\u0131nda ya\u015fanan s\u00fcre\u00e7, bunun dikkati \u00e7ekici \u00f6rneklerinden biriydi.&#8221;<\/p>\n\n\n\n<p>&#8230;<\/p>\n\n\n\n<p><em>Kaynak:<\/em> <a href=\"https:\/\/www.trthaber.com\">https:\/\/www.trthaber.com<\/a> &#8211; <a href=\"https:\/\/www.akdenizkoruma.org.tr\">https:\/\/www.akdenizkoruma.org.tr<\/a><\/p>\n","protected":false},"excerpt":{"rendered":"<p>Akdeniz\u2019de son y\u0131llarda art arda k\u0131r\u0131lan deniz y\u00fczeyi s\u0131cakl\u0131\u011f\u0131 rekorlar\u0131, yaz s\u0131cakl\u0131klar\u0131n\u0131n yan\u0131 s\u0131ra sonbaharda ya\u015fanabilecek a\u015f\u0131r\u0131 hava olaylar\u0131 a\u00e7\u0131s\u0131ndan da endi\u015fe yarat\u0131yor. Akdeniz genelindeki ortalama s\u0131cakl\u0131\u011f\u0131n yakla\u015f\u0131k 28,4 dereceye \u00e7\u0131kt\u0131\u011f\u0131 ve uzun d\u00f6nem ortalamas\u0131n\u0131n yakla\u015f\u0131k 2 derece \u00fczerine ula\u015ft\u0131\u011f\u0131 belirtildi. T\u00fcrkiye k\u0131y\u0131lar\u0131ndaki g\u00fcncel \u00f6l\u00e7\u00fcmlerde deniz suyu s\u0131cakl\u0131klar\u0131 Antalya K\u00f6rfezi\u2019nde 31,2, Mersin\u2019de 30,7 ve Konyaalt\u0131\u2019nda [&hellip;]<\/p>\n","protected":false},"author":12791,"featured_media":170467,"comment_status":"open","ping_status":"open","sticky":false,"template":"","format":"standard","meta":{"_yoast_wpseo_focuskw":"deniz","_yoast_wpseo_title":"","_yoast_wpseo_metadesc":"Akdeniz\u2019de deniz y\u00fczeyi s\u0131cakl\u0131\u011f\u0131 rekorlar\u0131, sonbaharda ya\u015fanabilecek a\u015f\u0131r\u0131 hava olaylar\u0131 a\u00e7\u0131s\u0131ndan da endi\u015fe yarat\u0131yor.","_bbp_topic_count":0,"_bbp_reply_count":0,"_bbp_total_topic_count":0,"_bbp_total_reply_count":0,"_bbp_voice_count":0,"_bbp_anonymous_reply_count":0,"_bbp_topic_count_hidden":0,"_bbp_reply_count_hidden":0,"_bbp_forum_subforum_count":0,"footnotes":"","_yoast_wpseo_focuskw_text_input":""},"categories":[12237,1,8138],"tags":[3951,12272,12270,12273,12271,328],"yoast_head":"<!-- This site is optimized with the Yoast SEO plugin v23.0 - https:\/\/yoast.com\/wordpress\/plugins\/seo\/ -->\n<title>Denizlerdeki Is\u0131nma Tehlikeli Boyutlara Ula\u015ft\u0131 - The Epoch Times TR<\/title>\n<meta name=\"description\" content=\"Akdeniz\u2019de deniz y\u00fczeyi s\u0131cakl\u0131\u011f\u0131 rekorlar\u0131, sonbaharda ya\u015fanabilecek a\u015f\u0131r\u0131 hava olaylar\u0131 a\u00e7\u0131s\u0131ndan da endi\u015fe yarat\u0131yor.\" \/>\n<meta name=\"robots\" content=\"index, follow, max-snippet:-1, max-image-preview:large, max-video-preview:-1\" \/>\n<link rel=\"canonical\" href=\"https:\/\/epochtimestr.com\/index.php\/denizlerdeki-isinma-tehlikeli-boyutlara-ulasti\" \/>\n<meta property=\"og:locale\" content=\"tr_TR\" \/>\n<meta property=\"og:type\" content=\"article\" \/>\n<meta property=\"og:title\" content=\"Denizlerdeki Is\u0131nma Tehlikeli Boyutlara Ula\u015ft\u0131 - The Epoch Times TR\" \/>\n<meta property=\"og:description\" content=\"Akdeniz\u2019de deniz y\u00fczeyi s\u0131cakl\u0131\u011f\u0131 rekorlar\u0131, sonbaharda ya\u015fanabilecek a\u015f\u0131r\u0131 hava olaylar\u0131 a\u00e7\u0131s\u0131ndan da endi\u015fe yarat\u0131yor.\" \/>\n<meta property=\"og:url\" content=\"https:\/\/epochtimestr.com\/index.php\/denizlerdeki-isinma-tehlikeli-boyutlara-ulasti\" \/>\n<meta property=\"og:site_name\" content=\"The Epoch Times TR\" \/>\n<meta property=\"article:publisher\" content=\"https:\/\/www.facebook.com\/theepochtimestr\" \/>\n<meta property=\"article:published_time\" content=\"2026-08-17T05:38:17+00:00\" \/>\n<meta property=\"article:modified_time\" content=\"2026-08-17T05:38:19+00:00\" \/>\n<meta property=\"og:image\" content=\"https:\/\/epochtimestr.com\/wp-content\/uploads\/2011y\/beach-1852945_1280.jpg\" \/>\n\t<meta property=\"og:image:width\" content=\"1280\" \/>\n\t<meta property=\"og:image:height\" content=\"852\" \/>\n\t<meta property=\"og:image:type\" content=\"image\/jpeg\" \/>\n<meta name=\"author\" content=\"Haber Merkezi\" \/>\n<meta name=\"twitter:card\" content=\"summary_large_image\" \/>\n<meta name=\"twitter:creator\" content=\"@TheEpochTimesTR\" \/>\n<meta name=\"twitter:site\" content=\"@TheEpochTimesTR\" \/>\n<meta name=\"twitter:label1\" content=\"Yazan:\" \/>\n\t<meta name=\"twitter:data1\" content=\"Haber Merkezi\" \/>\n\t<meta name=\"twitter:label2\" content=\"Tahmini okuma s\u00fcresi\" \/>\n\t<meta name=\"twitter:data2\" content=\"5 dakika\" \/>\n<script type=\"application\/ld+json\" class=\"yoast-schema-graph\">{\"@context\":\"https:\/\/schema.org\",\"@graph\":[{\"@type\":\"Article\",\"@id\":\"https:\/\/epochtimestr.com\/index.php\/denizlerdeki-isinma-tehlikeli-boyutlara-ulasti#article\",\"isPartOf\":{\"@id\":\"https:\/\/epochtimestr.com\/index.php\/denizlerdeki-isinma-tehlikeli-boyutlara-ulasti\"},\"author\":{\"name\":\"Haber Merkezi\",\"@id\":\"https:\/\/epochtimestr.com\/#\/schema\/person\/3dc5c3adeb9f43923c5aa85889172fdd\"},\"headline\":\"Denizlerdeki Is\u0131nma Tehlikeli Boyutlara Ula\u015ft\u0131\",\"datePublished\":\"2026-08-17T05:38:17+00:00\",\"dateModified\":\"2026-08-17T05:38:19+00:00\",\"mainEntityOfPage\":{\"@id\":\"https:\/\/epochtimestr.com\/index.php\/denizlerdeki-isinma-tehlikeli-boyutlara-ulasti\"},\"wordCount\":960,\"commentCount\":0,\"publisher\":{\"@id\":\"https:\/\/epochtimestr.com\/#organization\"},\"image\":{\"@id\":\"https:\/\/epochtimestr.com\/index.php\/denizlerdeki-isinma-tehlikeli-boyutlara-ulasti#primaryimage\"},\"thumbnailUrl\":\"https:\/\/epochtimestr.com\/wp-content\/uploads\/2011y\/beach-1852945_1280.jpg\",\"keywords\":[\"akdeniz\",\"Deniz y\u00fczeyi s\u0131cakl\u0131klar\u0131\",\"El Nino\",\"\u0130klim de\u011fi\u015fikli\u011fi\",\"Pasifik Okyanusu\",\"T\u00fcrkiye\"],\"articleSection\":[\"\u00c7evre ve Do\u011fa\",\"G\u00dcNDEM\",\"MAN\u015eET\"],\"inLanguage\":\"tr\",\"potentialAction\":[{\"@type\":\"CommentAction\",\"name\":\"Comment\",\"target\":[\"https:\/\/epochtimestr.com\/index.php\/denizlerdeki-isinma-tehlikeli-boyutlara-ulasti#respond\"]}]},{\"@type\":\"WebPage\",\"@id\":\"https:\/\/epochtimestr.com\/index.php\/denizlerdeki-isinma-tehlikeli-boyutlara-ulasti\",\"url\":\"https:\/\/epochtimestr.com\/index.php\/denizlerdeki-isinma-tehlikeli-boyutlara-ulasti\",\"name\":\"Denizlerdeki Is\u0131nma Tehlikeli Boyutlara Ula\u015ft\u0131 - The Epoch Times TR\",\"isPartOf\":{\"@id\":\"https:\/\/epochtimestr.com\/#website\"},\"primaryImageOfPage\":{\"@id\":\"https:\/\/epochtimestr.com\/index.php\/denizlerdeki-isinma-tehlikeli-boyutlara-ulasti#primaryimage\"},\"image\":{\"@id\":\"https:\/\/epochtimestr.com\/index.php\/denizlerdeki-isinma-tehlikeli-boyutlara-ulasti#primaryimage\"},\"thumbnailUrl\":\"https:\/\/epochtimestr.com\/wp-content\/uploads\/2011y\/beach-1852945_1280.jpg\",\"datePublished\":\"2026-08-17T05:38:17+00:00\",\"dateModified\":\"2026-08-17T05:38:19+00:00\",\"description\":\"Akdeniz\u2019de deniz y\u00fczeyi s\u0131cakl\u0131\u011f\u0131 rekorlar\u0131, sonbaharda ya\u015fanabilecek a\u015f\u0131r\u0131 hava olaylar\u0131 a\u00e7\u0131s\u0131ndan da endi\u015fe yarat\u0131yor.\",\"inLanguage\":\"tr\",\"potentialAction\":[{\"@type\":\"ReadAction\",\"target\":[\"https:\/\/epochtimestr.com\/index.php\/denizlerdeki-isinma-tehlikeli-boyutlara-ulasti\"]}]},{\"@type\":\"ImageObject\",\"inLanguage\":\"tr\",\"@id\":\"https:\/\/epochtimestr.com\/index.php\/denizlerdeki-isinma-tehlikeli-boyutlara-ulasti#primaryimage\",\"url\":\"https:\/\/epochtimestr.com\/wp-content\/uploads\/2011y\/beach-1852945_1280.jpg\",\"contentUrl\":\"https:\/\/epochtimestr.com\/wp-content\/uploads\/2011y\/beach-1852945_1280.jpg\",\"width\":1280,\"height\":852},{\"@type\":\"WebSite\",\"@id\":\"https:\/\/epochtimestr.com\/#website\",\"url\":\"https:\/\/epochtimestr.com\/\",\"name\":\"The Epoch Times TR\",\"description\":\"De\u011fi\u015fen D\u00fcnyam\u0131za Taze Bir Bak\u0131\u015f\",\"publisher\":{\"@id\":\"https:\/\/epochtimestr.com\/#organization\"},\"potentialAction\":[{\"@type\":\"SearchAction\",\"target\":{\"@type\":\"EntryPoint\",\"urlTemplate\":\"https:\/\/epochtimestr.com\/?s={search_term_string}\"},\"query-input\":\"required name=search_term_string\"}],\"inLanguage\":\"tr\"},{\"@type\":\"Organization\",\"@id\":\"https:\/\/epochtimestr.com\/#organization\",\"name\":\"The EpochTimes T\u00fcrkiye\",\"url\":\"https:\/\/epochtimestr.com\/\",\"logo\":{\"@type\":\"ImageObject\",\"inLanguage\":\"tr\",\"@id\":\"https:\/\/epochtimestr.com\/#\/schema\/logo\/image\/\",\"url\":\"https:\/\/epochtimestr.com\/wp-content\/uploads\/2011y\/ET-Logo-YG.jpg\",\"contentUrl\":\"https:\/\/epochtimestr.com\/wp-content\/uploads\/2011y\/ET-Logo-YG.jpg\",\"width\":346,\"height\":29,\"caption\":\"The EpochTimes T\u00fcrkiye\"},\"image\":{\"@id\":\"https:\/\/epochtimestr.com\/#\/schema\/logo\/image\/\"},\"sameAs\":[\"https:\/\/www.facebook.com\/theepochtimestr\",\"https:\/\/x.com\/TheEpochTimesTR\",\"https:\/\/www.instagram.com\/epochtimestr\"]},{\"@type\":\"Person\",\"@id\":\"https:\/\/epochtimestr.com\/#\/schema\/person\/3dc5c3adeb9f43923c5aa85889172fdd\",\"name\":\"Haber Merkezi\",\"image\":{\"@type\":\"ImageObject\",\"inLanguage\":\"tr\",\"@id\":\"https:\/\/epochtimestr.com\/#\/schema\/person\/image\/\",\"url\":\"https:\/\/secure.gravatar.com\/avatar\/d73f772ba5a74f28601361e17c2f93e6?s=96&d=mm&r=g\",\"contentUrl\":\"https:\/\/secure.gravatar.com\/avatar\/d73f772ba5a74f28601361e17c2f93e6?s=96&d=mm&r=g\",\"caption\":\"Haber Merkezi\"},\"url\":\"https:\/\/epochtimestr.com\/index.php\/author\/sendag\"}]}<\/script>\n<!-- \/ Yoast SEO plugin. -->","yoast_head_json":{"title":"Denizlerdeki Is\u0131nma Tehlikeli Boyutlara Ula\u015ft\u0131 - The Epoch Times TR","description":"Akdeniz\u2019de deniz y\u00fczeyi s\u0131cakl\u0131\u011f\u0131 rekorlar\u0131, sonbaharda ya\u015fanabilecek a\u015f\u0131r\u0131 hava olaylar\u0131 a\u00e7\u0131s\u0131ndan da endi\u015fe yarat\u0131yor.","robots":{"index":"index","follow":"follow","max-snippet":"max-snippet:-1","max-image-preview":"max-image-preview:large","max-video-preview":"max-video-preview:-1"},"canonical":"https:\/\/epochtimestr.com\/index.php\/denizlerdeki-isinma-tehlikeli-boyutlara-ulasti","og_locale":"tr_TR","og_type":"article","og_title":"Denizlerdeki Is\u0131nma Tehlikeli Boyutlara Ula\u015ft\u0131 - The Epoch Times TR","og_description":"Akdeniz\u2019de deniz y\u00fczeyi s\u0131cakl\u0131\u011f\u0131 rekorlar\u0131, sonbaharda ya\u015fanabilecek a\u015f\u0131r\u0131 hava olaylar\u0131 a\u00e7\u0131s\u0131ndan da endi\u015fe yarat\u0131yor.","og_url":"https:\/\/epochtimestr.com\/index.php\/denizlerdeki-isinma-tehlikeli-boyutlara-ulasti","og_site_name":"The Epoch Times TR","article_publisher":"https:\/\/www.facebook.com\/theepochtimestr","article_published_time":"2026-08-17T05:38:17+00:00","article_modified_time":"2026-08-17T05:38:19+00:00","og_image":[{"width":1280,"height":852,"url":"https:\/\/epochtimestr.com\/wp-content\/uploads\/2011y\/beach-1852945_1280.jpg","type":"image\/jpeg"}],"author":"Haber Merkezi","twitter_card":"summary_large_image","twitter_creator":"@TheEpochTimesTR","twitter_site":"@TheEpochTimesTR","twitter_misc":{"Yazan:":"Haber Merkezi","Tahmini okuma s\u00fcresi":"5 dakika"},"schema":{"@context":"https:\/\/schema.org","@graph":[{"@type":"Article","@id":"https:\/\/epochtimestr.com\/index.php\/denizlerdeki-isinma-tehlikeli-boyutlara-ulasti#article","isPartOf":{"@id":"https:\/\/epochtimestr.com\/index.php\/denizlerdeki-isinma-tehlikeli-boyutlara-ulasti"},"author":{"name":"Haber Merkezi","@id":"https:\/\/epochtimestr.com\/#\/schema\/person\/3dc5c3adeb9f43923c5aa85889172fdd"},"headline":"Denizlerdeki Is\u0131nma Tehlikeli Boyutlara Ula\u015ft\u0131","datePublished":"2026-08-17T05:38:17+00:00","dateModified":"2026-08-17T05:38:19+00:00","mainEntityOfPage":{"@id":"https:\/\/epochtimestr.com\/index.php\/denizlerdeki-isinma-tehlikeli-boyutlara-ulasti"},"wordCount":960,"commentCount":0,"publisher":{"@id":"https:\/\/epochtimestr.com\/#organization"},"image":{"@id":"https:\/\/epochtimestr.com\/index.php\/denizlerdeki-isinma-tehlikeli-boyutlara-ulasti#primaryimage"},"thumbnailUrl":"https:\/\/epochtimestr.com\/wp-content\/uploads\/2011y\/beach-1852945_1280.jpg","keywords":["akdeniz","Deniz y\u00fczeyi s\u0131cakl\u0131klar\u0131","El Nino","\u0130klim de\u011fi\u015fikli\u011fi","Pasifik Okyanusu","T\u00fcrkiye"],"articleSection":["\u00c7evre ve Do\u011fa","G\u00dcNDEM","MAN\u015eET"],"inLanguage":"tr","potentialAction":[{"@type":"CommentAction","name":"Comment","target":["https:\/\/epochtimestr.com\/index.php\/denizlerdeki-isinma-tehlikeli-boyutlara-ulasti#respond"]}]},{"@type":"WebPage","@id":"https:\/\/epochtimestr.com\/index.php\/denizlerdeki-isinma-tehlikeli-boyutlara-ulasti","url":"https:\/\/epochtimestr.com\/index.php\/denizlerdeki-isinma-tehlikeli-boyutlara-ulasti","name":"Denizlerdeki Is\u0131nma Tehlikeli Boyutlara Ula\u015ft\u0131 - The Epoch Times TR","isPartOf":{"@id":"https:\/\/epochtimestr.com\/#website"},"primaryImageOfPage":{"@id":"https:\/\/epochtimestr.com\/index.php\/denizlerdeki-isinma-tehlikeli-boyutlara-ulasti#primaryimage"},"image":{"@id":"https:\/\/epochtimestr.com\/index.php\/denizlerdeki-isinma-tehlikeli-boyutlara-ulasti#primaryimage"},"thumbnailUrl":"https:\/\/epochtimestr.com\/wp-content\/uploads\/2011y\/beach-1852945_1280.jpg","datePublished":"2026-08-17T05:38:17+00:00","dateModified":"2026-08-17T05:38:19+00:00","description":"Akdeniz\u2019de deniz y\u00fczeyi s\u0131cakl\u0131\u011f\u0131 rekorlar\u0131, sonbaharda ya\u015fanabilecek a\u015f\u0131r\u0131 hava olaylar\u0131 a\u00e7\u0131s\u0131ndan da endi\u015fe yarat\u0131yor.","inLanguage":"tr","potentialAction":[{"@type":"ReadAction","target":["https:\/\/epochtimestr.com\/index.php\/denizlerdeki-isinma-tehlikeli-boyutlara-ulasti"]}]},{"@type":"ImageObject","inLanguage":"tr","@id":"https:\/\/epochtimestr.com\/index.php\/denizlerdeki-isinma-tehlikeli-boyutlara-ulasti#primaryimage","url":"https:\/\/epochtimestr.com\/wp-content\/uploads\/2011y\/beach-1852945_1280.jpg","contentUrl":"https:\/\/epochtimestr.com\/wp-content\/uploads\/2011y\/beach-1852945_1280.jpg","width":1280,"height":852},{"@type":"WebSite","@id":"https:\/\/epochtimestr.com\/#website","url":"https:\/\/epochtimestr.com\/","name":"The Epoch Times TR","description":"De\u011fi\u015fen D\u00fcnyam\u0131za Taze Bir Bak\u0131\u015f","publisher":{"@id":"https:\/\/epochtimestr.com\/#organization"},"potentialAction":[{"@type":"SearchAction","target":{"@type":"EntryPoint","urlTemplate":"https:\/\/epochtimestr.com\/?s={search_term_string}"},"query-input":"required name=search_term_string"}],"inLanguage":"tr"},{"@type":"Organization","@id":"https:\/\/epochtimestr.com\/#organization","name":"The EpochTimes T\u00fcrkiye","url":"https:\/\/epochtimestr.com\/","logo":{"@type":"ImageObject","inLanguage":"tr","@id":"https:\/\/epochtimestr.com\/#\/schema\/logo\/image\/","url":"https:\/\/epochtimestr.com\/wp-content\/uploads\/2011y\/ET-Logo-YG.jpg","contentUrl":"https:\/\/epochtimestr.com\/wp-content\/uploads\/2011y\/ET-Logo-YG.jpg","width":346,"height":29,"caption":"The EpochTimes T\u00fcrkiye"},"image":{"@id":"https:\/\/epochtimestr.com\/#\/schema\/logo\/image\/"},"sameAs":["https:\/\/www.facebook.com\/theepochtimestr","https:\/\/x.com\/TheEpochTimesTR","https:\/\/www.instagram.com\/epochtimestr"]},{"@type":"Person","@id":"https:\/\/epochtimestr.com\/#\/schema\/person\/3dc5c3adeb9f43923c5aa85889172fdd","name":"Haber Merkezi","image":{"@type":"ImageObject","inLanguage":"tr","@id":"https:\/\/epochtimestr.com\/#\/schema\/person\/image\/","url":"https:\/\/secure.gravatar.com\/avatar\/d73f772ba5a74f28601361e17c2f93e6?s=96&d=mm&r=g","contentUrl":"https:\/\/secure.gravatar.com\/avatar\/d73f772ba5a74f28601361e17c2f93e6?s=96&d=mm&r=g","caption":"Haber Merkezi"},"url":"https:\/\/epochtimestr.com\/index.php\/author\/sendag"}]}},"_links":{"self":[{"href":"https:\/\/epochtimestr.com\/index.php\/wp-json\/wp\/v2\/posts\/170466"}],"collection":[{"href":"https:\/\/epochtimestr.com\/index.php\/wp-json\/wp\/v2\/posts"}],"about":[{"href":"https:\/\/epochtimestr.com\/index.php\/wp-json\/wp\/v2\/types\/post"}],"author":[{"embeddable":true,"href":"https:\/\/epochtimestr.com\/index.php\/wp-json\/wp\/v2\/users\/12791"}],"replies":[{"embeddable":true,"href":"https:\/\/epochtimestr.com\/index.php\/wp-json\/wp\/v2\/comments?post=170466"}],"version-history":[{"count":2,"href":"https:\/\/epochtimestr.com\/index.php\/wp-json\/wp\/v2\/posts\/170466\/revisions"}],"predecessor-version":[{"id":170475,"href":"https:\/\/epochtimestr.com\/index.php\/wp-json\/wp\/v2\/posts\/170466\/revisions\/170475"}],"wp:featuredmedia":[{"embeddable":true,"href":"https:\/\/epochtimestr.com\/index.php\/wp-json\/wp\/v2\/media\/170467"}],"wp:attachment":[{"href":"https:\/\/epochtimestr.com\/index.php\/wp-json\/wp\/v2\/media?parent=170466"}],"wp:term":[{"taxonomy":"category","embeddable":true,"href":"https:\/\/epochtimestr.com\/index.php\/wp-json\/wp\/v2\/categories?post=170466"},{"taxonomy":"post_tag","embeddable":true,"href":"https:\/\/epochtimestr.com\/index.php\/wp-json\/wp\/v2\/tags?post=170466"}],"curies":[{"name":"wp","href":"https:\/\/api.w.org\/{rel}","templated":true}]}}