{"id":170497,"date":"2026-08-17T22:53:55","date_gmt":"2026-08-17T19:53:55","guid":{"rendered":"https:\/\/epochtimestr.com\/?p=170497"},"modified":"2026-08-17T22:54:02","modified_gmt":"2026-08-17T19:54:02","slug":"emekli-amiral-turker-erturk-tutuklandi","status":"publish","type":"post","link":"https:\/\/epochtimestr.com\/index.php\/emekli-amiral-turker-erturk-tutuklandi","title":{"rendered":"Emekli Amiral T\u00fcrker Ert\u00fcrk Tutukland\u0131"},"content":{"rendered":"<div class=\"wp-block-image\">\n<figure class=\"aligncenter size-full\"><img loading=\"lazy\" decoding=\"async\" width=\"1280\" height=\"720\" src=\"https:\/\/epochtimestr.com\/wp-content\/uploads\/2011y\/erturk.webp\" alt=\"Emekli Amiral T\u00fcrker Ert\u00fcrk tutukland\u0131. (Foto\u011fraf: T\u00fcrker Ert\u00fcrk x hesab\u0131)\" class=\"wp-image-170498\" srcset=\"https:\/\/epochtimestr.com\/wp-content\/uploads\/2011y\/erturk.webp 1280w, https:\/\/epochtimestr.com\/wp-content\/uploads\/2011y\/erturk-300x169.webp 300w, https:\/\/epochtimestr.com\/wp-content\/uploads\/2011y\/erturk-150x84.webp 150w, https:\/\/epochtimestr.com\/wp-content\/uploads\/2011y\/erturk-768x432.webp 768w\" sizes=\"(max-width: 1280px) 100vw, 1280px\" \/><figcaption class=\"wp-element-caption\">Emekli Amiral T\u00fcrker Ert\u00fcrk tutukland\u0131. (Foto\u011fraf: T\u00fcrkerErt\u00fcrk x hesab\u0131)<\/figcaption><\/figure><\/div>\n\n\n<h2 class=\"wp-block-heading\">Kat\u0131ld\u0131\u011f\u0131 yay\u0131nda kulland\u0131\u011f\u0131 ifadeler nedeniyle hakk\u0131nda ba\u015flat\u0131lan soru\u015fturmada g\u00f6zalt\u0131na al\u0131nan emekli Amiral T\u00fcrker Ert\u00fcrk tutukland\u0131.<\/h2>\n\n\n\n<p><a href=\"https:\/\/epochtimestr.com\/index.php\/emekliye-sevk-edilen-general-ve-amiraller-aciklandi\" target=\"_blank\" rel=\"noreferrer noopener\">Emekli Tu\u011famiral<\/a> T\u00fcrker Ert\u00fcrk, sosyal medyada payla\u015f\u0131lan bir video i\u00e7eri\u011findeki ifadeleri gerek\u00e7e g\u00f6sterilerek ba\u015flat\u0131lan soru\u015fturma kapsam\u0131nda tutukland\u0131. Bak\u0131rk\u00f6y Cumhuriyet Ba\u015fsavc\u0131l\u0131\u011f\u0131&#8217;n\u0131n resen ba\u015flatt\u0131\u011f\u0131 soru\u015fturma kapsam\u0131nda g\u00f6zalt\u0131na al\u0131nan Ert\u00fcrk, savc\u0131l\u0131ktaki ifade i\u015flemlerinin ard\u0131ndan tutuklama talebiyle sulh ceza hakimli\u011fine sevk edildi. Hakimlik, Ert\u00fcrk hakk\u0131nda tutuklama karar\u0131 verdi.<br \/>Ert\u00fcrk&#8217;e &#8220;halk aras\u0131nda korku ve panik yaratmak amac\u0131yla tehdit&#8221; ve &#8220;su\u00e7 i\u015flemeye tahrik&#8221; su\u00e7lamalar\u0131 y\u00f6neltildi.<\/p>\n\n\n\n<p>Emekli Tu\u011famiral T\u00fcrker Ert\u00fcrk hakk\u0131nda Bak\u0131rk\u00f6y Cumhuriyet Ba\u015fsavc\u0131l\u0131\u011f\u0131&#8217;nca soru\u015fturma a\u00e7\u0131lmas\u0131na gerek\u00e7e olan ifadeleri \u015fu \u015fekilde:<\/p>\n\n\n\n<p>&#8220;Bak\u0131n art\u0131k iktidar de\u011fi\u015fecek. Ama ac\u0131l\u0131 ama ac\u0131s\u0131z, iktidar de\u011fi\u015fecek. Onun i\u00e7in herkes akl\u0131n\u0131 ba\u015f\u0131na dev\u015firmeli. Siz de, ben de\u2026 Tabii ki herkes de, herkes de. Onun i\u00e7in Y\u00fcksek Se\u00e7im Kurulu&#8217;nun vicdanlar\u0131na g\u00f6re ve hukuka g\u00f6re karar vermelerini bekliyoruz. Yoksa ileride m\u00fc\u015fk\u00fclat ya\u015far\u0131z \u00fclkece diye d\u00fc\u015f\u00fcn\u00fcyorum.&#8221;<\/p>\n\n\n\n<figure class=\"wp-block-embed is-type-rich is-provider-x wp-block-embed-x\"><div class=\"wp-block-embed__wrapper\">\n<blockquote class=\"twitter-tweet\" data-width=\"550\" data-dnt=\"true\"><p lang=\"tr\" dir=\"ltr\">Sevr 2.0 s\u00fcrecinin \u00f6n\u00fcn\u00fc a\u00e7t\u0131lar. T\u00fcrkiye kaybetti, iktidar kazand\u0131. Muhalefetten  EVET diyenler  iktidara teslim ve bu s\u00fcrece ortak oldu!<a href=\"https:\/\/t.co\/xpARoY6ReC\">https:\/\/t.co\/xpARoY6ReC<\/a><\/p>&mdash; T\u00fcrker Ert\u00fcrk (@Orsatramola) <a href=\"https:\/\/x.com\/Orsatramola\/status\/2088853881790853422?ref_src=twsrc%5Etfw\">August 16, 2026<\/a><\/blockquote><script async src=\"https:\/\/platform.x.com\/widgets.js\" charset=\"utf-8\"><\/script>\n<\/div><\/figure>\n","protected":false},"excerpt":{"rendered":"<p>Kat\u0131ld\u0131\u011f\u0131 yay\u0131nda kulland\u0131\u011f\u0131 ifadeler nedeniyle hakk\u0131nda ba\u015flat\u0131lan soru\u015fturmada g\u00f6zalt\u0131na al\u0131nan emekli Amiral T\u00fcrker Ert\u00fcrk tutukland\u0131. Emekli Tu\u011famiral T\u00fcrker Ert\u00fcrk, sosyal medyada payla\u015f\u0131lan bir video i\u00e7eri\u011findeki ifadeleri gerek\u00e7e g\u00f6sterilerek ba\u015flat\u0131lan soru\u015fturma kapsam\u0131nda tutukland\u0131. Bak\u0131rk\u00f6y Cumhuriyet Ba\u015fsavc\u0131l\u0131\u011f\u0131&#8217;n\u0131n resen ba\u015flatt\u0131\u011f\u0131 soru\u015fturma kapsam\u0131nda g\u00f6zalt\u0131na al\u0131nan Ert\u00fcrk, savc\u0131l\u0131ktaki ifade i\u015flemlerinin ard\u0131ndan tutuklama talebiyle sulh ceza hakimli\u011fine sevk edildi. Hakimlik, Ert\u00fcrk [&hellip;]<\/p>\n","protected":false},"author":12791,"featured_media":170498,"comment_status":"open","ping_status":"open","sticky":false,"template":"","format":"standard","meta":{"_yoast_wpseo_focuskw":"T\u00fcrker Ert\u00fcrk","_yoast_wpseo_title":"","_yoast_wpseo_metadesc":"Kat\u0131ld\u0131\u011f\u0131 yay\u0131nda kulland\u0131\u011f\u0131 ifadeler nedeniyle hakk\u0131nda ba\u015flat\u0131lan soru\u015fturmada g\u00f6zalt\u0131na al\u0131nan emekli Amiral T\u00fcrker Ert\u00fcrk tutukland\u0131.","_bbp_topic_count":0,"_bbp_reply_count":0,"_bbp_total_topic_count":0,"_bbp_total_reply_count":0,"_bbp_voice_count":0,"_bbp_anonymous_reply_count":0,"_bbp_topic_count_hidden":0,"_bbp_reply_count_hidden":0,"_bbp_forum_subforum_count":0,"footnotes":"","_yoast_wpseo_focuskw_text_input":""},"categories":[1,8138,8226],"tags":[12279,12278,1327],"yoast_head":"<!-- This site is optimized with the Yoast SEO plugin v23.0 - https:\/\/yoast.com\/wordpress\/plugins\/seo\/ -->\n<title>Emekli Amiral T\u00fcrker Ert\u00fcrk Tutukland\u0131 - The Epoch Times TR<\/title>\n<meta name=\"description\" content=\"Kat\u0131ld\u0131\u011f\u0131 yay\u0131nda kulland\u0131\u011f\u0131 ifadeler nedeniyle hakk\u0131nda ba\u015flat\u0131lan soru\u015fturmada g\u00f6zalt\u0131na al\u0131nan emekli Amiral T\u00fcrker Ert\u00fcrk tutukland\u0131.\" \/>\n<meta name=\"robots\" content=\"index, follow, max-snippet:-1, max-image-preview:large, max-video-preview:-1\" \/>\n<link rel=\"canonical\" href=\"https:\/\/epochtimestr.com\/index.php\/emekli-amiral-turker-erturk-tutuklandi\" \/>\n<meta property=\"og:locale\" content=\"tr_TR\" \/>\n<meta property=\"og:type\" content=\"article\" \/>\n<meta property=\"og:title\" content=\"Emekli Amiral T\u00fcrker Ert\u00fcrk Tutukland\u0131 - The Epoch Times TR\" \/>\n<meta property=\"og:description\" content=\"Kat\u0131ld\u0131\u011f\u0131 yay\u0131nda kulland\u0131\u011f\u0131 ifadeler nedeniyle hakk\u0131nda ba\u015flat\u0131lan soru\u015fturmada g\u00f6zalt\u0131na al\u0131nan emekli Amiral T\u00fcrker Ert\u00fcrk tutukland\u0131.\" \/>\n<meta property=\"og:url\" content=\"https:\/\/epochtimestr.com\/index.php\/emekli-amiral-turker-erturk-tutuklandi\" \/>\n<meta property=\"og:site_name\" content=\"The Epoch Times TR\" \/>\n<meta property=\"article:publisher\" content=\"https:\/\/www.facebook.com\/theepochtimestr\" \/>\n<meta property=\"article:published_time\" content=\"2026-08-17T19:53:55+00:00\" \/>\n<meta property=\"article:modified_time\" content=\"2026-08-17T19:54:02+00:00\" \/>\n<meta property=\"og:image\" content=\"https:\/\/epochtimestr.com\/wp-content\/uploads\/2011y\/erturk.webp\" \/>\n\t<meta property=\"og:image:width\" content=\"1280\" \/>\n\t<meta property=\"og:image:height\" content=\"720\" \/>\n\t<meta property=\"og:image:type\" content=\"image\/webp\" \/>\n<meta name=\"author\" content=\"Haber Merkezi\" \/>\n<meta name=\"twitter:card\" content=\"summary_large_image\" \/>\n<meta name=\"twitter:creator\" content=\"@TheEpochTimesTR\" \/>\n<meta name=\"twitter:site\" content=\"@TheEpochTimesTR\" \/>\n<meta name=\"twitter:label1\" content=\"Yazan:\" \/>\n\t<meta name=\"twitter:data1\" content=\"Haber Merkezi\" \/>\n\t<meta name=\"twitter:label2\" content=\"Tahmini okuma s\u00fcresi\" \/>\n\t<meta name=\"twitter:data2\" content=\"2 dakika\" \/>\n<script type=\"application\/ld+json\" class=\"yoast-schema-graph\">{\"@context\":\"https:\/\/schema.org\",\"@graph\":[{\"@type\":\"Article\",\"@id\":\"https:\/\/epochtimestr.com\/index.php\/emekli-amiral-turker-erturk-tutuklandi#article\",\"isPartOf\":{\"@id\":\"https:\/\/epochtimestr.com\/index.php\/emekli-amiral-turker-erturk-tutuklandi\"},\"author\":{\"name\":\"Haber Merkezi\",\"@id\":\"https:\/\/epochtimestr.com\/#\/schema\/person\/3dc5c3adeb9f43923c5aa85889172fdd\"},\"headline\":\"Emekli Amiral T\u00fcrker Ert\u00fcrk Tutukland\u0131\",\"datePublished\":\"2026-08-17T19:53:55+00:00\",\"dateModified\":\"2026-08-17T19:54:02+00:00\",\"mainEntityOfPage\":{\"@id\":\"https:\/\/epochtimestr.com\/index.php\/emekli-amiral-turker-erturk-tutuklandi\"},\"wordCount\":248,\"commentCount\":0,\"publisher\":{\"@id\":\"https:\/\/epochtimestr.com\/#organization\"},\"image\":{\"@id\":\"https:\/\/epochtimestr.com\/index.php\/emekli-amiral-turker-erturk-tutuklandi#primaryimage\"},\"thumbnailUrl\":\"https:\/\/epochtimestr.com\/wp-content\/uploads\/2011y\/erturk.webp\",\"keywords\":[\"Bak\u0131rk\u00f6y Cumhuriyet Ba\u015fsavc\u0131l\u0131\u011f\u0131\",\"Emekli Amiral T\u00fcrker Ert\u00fcrk\",\"tutuklama\"],\"articleSection\":[\"G\u00dcNDEM\",\"MAN\u015eET\",\"Siyaset\"],\"inLanguage\":\"tr\",\"potentialAction\":[{\"@type\":\"CommentAction\",\"name\":\"Comment\",\"target\":[\"https:\/\/epochtimestr.com\/index.php\/emekli-amiral-turker-erturk-tutuklandi#respond\"]}]},{\"@type\":\"WebPage\",\"@id\":\"https:\/\/epochtimestr.com\/index.php\/emekli-amiral-turker-erturk-tutuklandi\",\"url\":\"https:\/\/epochtimestr.com\/index.php\/emekli-amiral-turker-erturk-tutuklandi\",\"name\":\"Emekli Amiral T\u00fcrker Ert\u00fcrk Tutukland\u0131 - The Epoch Times TR\",\"isPartOf\":{\"@id\":\"https:\/\/epochtimestr.com\/#website\"},\"primaryImageOfPage\":{\"@id\":\"https:\/\/epochtimestr.com\/index.php\/emekli-amiral-turker-erturk-tutuklandi#primaryimage\"},\"image\":{\"@id\":\"https:\/\/epochtimestr.com\/index.php\/emekli-amiral-turker-erturk-tutuklandi#primaryimage\"},\"thumbnailUrl\":\"https:\/\/epochtimestr.com\/wp-content\/uploads\/2011y\/erturk.webp\",\"datePublished\":\"2026-08-17T19:53:55+00:00\",\"dateModified\":\"2026-08-17T19:54:02+00:00\",\"description\":\"Kat\u0131ld\u0131\u011f\u0131 yay\u0131nda kulland\u0131\u011f\u0131 ifadeler nedeniyle hakk\u0131nda ba\u015flat\u0131lan soru\u015fturmada g\u00f6zalt\u0131na al\u0131nan emekli Amiral T\u00fcrker Ert\u00fcrk tutukland\u0131.\",\"inLanguage\":\"tr\",\"potentialAction\":[{\"@type\":\"ReadAction\",\"target\":[\"https:\/\/epochtimestr.com\/index.php\/emekli-amiral-turker-erturk-tutuklandi\"]}]},{\"@type\":\"ImageObject\",\"inLanguage\":\"tr\",\"@id\":\"https:\/\/epochtimestr.com\/index.php\/emekli-amiral-turker-erturk-tutuklandi#primaryimage\",\"url\":\"https:\/\/epochtimestr.com\/wp-content\/uploads\/2011y\/erturk.webp\",\"contentUrl\":\"https:\/\/epochtimestr.com\/wp-content\/uploads\/2011y\/erturk.webp\",\"width\":1280,\"height\":720},{\"@type\":\"WebSite\",\"@id\":\"https:\/\/epochtimestr.com\/#website\",\"url\":\"https:\/\/epochtimestr.com\/\",\"name\":\"The Epoch Times TR\",\"description\":\"De\u011fi\u015fen D\u00fcnyam\u0131za Taze Bir Bak\u0131\u015f\",\"publisher\":{\"@id\":\"https:\/\/epochtimestr.com\/#organization\"},\"potentialAction\":[{\"@type\":\"SearchAction\",\"target\":{\"@type\":\"EntryPoint\",\"urlTemplate\":\"https:\/\/epochtimestr.com\/?s={search_term_string}\"},\"query-input\":\"required name=search_term_string\"}],\"inLanguage\":\"tr\"},{\"@type\":\"Organization\",\"@id\":\"https:\/\/epochtimestr.com\/#organization\",\"name\":\"The EpochTimes T\u00fcrkiye\",\"url\":\"https:\/\/epochtimestr.com\/\",\"logo\":{\"@type\":\"ImageObject\",\"inLanguage\":\"tr\",\"@id\":\"https:\/\/epochtimestr.com\/#\/schema\/logo\/image\/\",\"url\":\"https:\/\/epochtimestr.com\/wp-content\/uploads\/2011y\/ET-Logo-YG.jpg\",\"contentUrl\":\"https:\/\/epochtimestr.com\/wp-content\/uploads\/2011y\/ET-Logo-YG.jpg\",\"width\":346,\"height\":29,\"caption\":\"The EpochTimes T\u00fcrkiye\"},\"image\":{\"@id\":\"https:\/\/epochtimestr.com\/#\/schema\/logo\/image\/\"},\"sameAs\":[\"https:\/\/www.facebook.com\/theepochtimestr\",\"https:\/\/x.com\/TheEpochTimesTR\",\"https:\/\/www.instagram.com\/epochtimestr\"]},{\"@type\":\"Person\",\"@id\":\"https:\/\/epochtimestr.com\/#\/schema\/person\/3dc5c3adeb9f43923c5aa85889172fdd\",\"name\":\"Haber Merkezi\",\"image\":{\"@type\":\"ImageObject\",\"inLanguage\":\"tr\",\"@id\":\"https:\/\/epochtimestr.com\/#\/schema\/person\/image\/\",\"url\":\"https:\/\/secure.gravatar.com\/avatar\/d73f772ba5a74f28601361e17c2f93e6?s=96&d=mm&r=g\",\"contentUrl\":\"https:\/\/secure.gravatar.com\/avatar\/d73f772ba5a74f28601361e17c2f93e6?s=96&d=mm&r=g\",\"caption\":\"Haber Merkezi\"},\"url\":\"https:\/\/epochtimestr.com\/index.php\/author\/sendag\"}]}<\/script>\n<!-- \/ Yoast SEO plugin. -->","yoast_head_json":{"title":"Emekli Amiral T\u00fcrker Ert\u00fcrk Tutukland\u0131 - The Epoch Times TR","description":"Kat\u0131ld\u0131\u011f\u0131 yay\u0131nda kulland\u0131\u011f\u0131 ifadeler nedeniyle hakk\u0131nda ba\u015flat\u0131lan soru\u015fturmada g\u00f6zalt\u0131na al\u0131nan emekli Amiral T\u00fcrker Ert\u00fcrk tutukland\u0131.","robots":{"index":"index","follow":"follow","max-snippet":"max-snippet:-1","max-image-preview":"max-image-preview:large","max-video-preview":"max-video-preview:-1"},"canonical":"https:\/\/epochtimestr.com\/index.php\/emekli-amiral-turker-erturk-tutuklandi","og_locale":"tr_TR","og_type":"article","og_title":"Emekli Amiral T\u00fcrker Ert\u00fcrk Tutukland\u0131 - The Epoch Times TR","og_description":"Kat\u0131ld\u0131\u011f\u0131 yay\u0131nda kulland\u0131\u011f\u0131 ifadeler nedeniyle hakk\u0131nda ba\u015flat\u0131lan soru\u015fturmada g\u00f6zalt\u0131na al\u0131nan emekli Amiral T\u00fcrker Ert\u00fcrk tutukland\u0131.","og_url":"https:\/\/epochtimestr.com\/index.php\/emekli-amiral-turker-erturk-tutuklandi","og_site_name":"The Epoch Times TR","article_publisher":"https:\/\/www.facebook.com\/theepochtimestr","article_published_time":"2026-08-17T19:53:55+00:00","article_modified_time":"2026-08-17T19:54:02+00:00","og_image":[{"width":1280,"height":720,"url":"https:\/\/epochtimestr.com\/wp-content\/uploads\/2011y\/erturk.webp","type":"image\/webp"}],"author":"Haber Merkezi","twitter_card":"summary_large_image","twitter_creator":"@TheEpochTimesTR","twitter_site":"@TheEpochTimesTR","twitter_misc":{"Yazan:":"Haber Merkezi","Tahmini okuma s\u00fcresi":"2 dakika"},"schema":{"@context":"https:\/\/schema.org","@graph":[{"@type":"Article","@id":"https:\/\/epochtimestr.com\/index.php\/emekli-amiral-turker-erturk-tutuklandi#article","isPartOf":{"@id":"https:\/\/epochtimestr.com\/index.php\/emekli-amiral-turker-erturk-tutuklandi"},"author":{"name":"Haber Merkezi","@id":"https:\/\/epochtimestr.com\/#\/schema\/person\/3dc5c3adeb9f43923c5aa85889172fdd"},"headline":"Emekli Amiral T\u00fcrker Ert\u00fcrk Tutukland\u0131","datePublished":"2026-08-17T19:53:55+00:00","dateModified":"2026-08-17T19:54:02+00:00","mainEntityOfPage":{"@id":"https:\/\/epochtimestr.com\/index.php\/emekli-amiral-turker-erturk-tutuklandi"},"wordCount":248,"commentCount":0,"publisher":{"@id":"https:\/\/epochtimestr.com\/#organization"},"image":{"@id":"https:\/\/epochtimestr.com\/index.php\/emekli-amiral-turker-erturk-tutuklandi#primaryimage"},"thumbnailUrl":"https:\/\/epochtimestr.com\/wp-content\/uploads\/2011y\/erturk.webp","keywords":["Bak\u0131rk\u00f6y Cumhuriyet Ba\u015fsavc\u0131l\u0131\u011f\u0131","Emekli Amiral T\u00fcrker Ert\u00fcrk","tutuklama"],"articleSection":["G\u00dcNDEM","MAN\u015eET","Siyaset"],"inLanguage":"tr","potentialAction":[{"@type":"CommentAction","name":"Comment","target":["https:\/\/epochtimestr.com\/index.php\/emekli-amiral-turker-erturk-tutuklandi#respond"]}]},{"@type":"WebPage","@id":"https:\/\/epochtimestr.com\/index.php\/emekli-amiral-turker-erturk-tutuklandi","url":"https:\/\/epochtimestr.com\/index.php\/emekli-amiral-turker-erturk-tutuklandi","name":"Emekli Amiral T\u00fcrker Ert\u00fcrk Tutukland\u0131 - The Epoch Times TR","isPartOf":{"@id":"https:\/\/epochtimestr.com\/#website"},"primaryImageOfPage":{"@id":"https:\/\/epochtimestr.com\/index.php\/emekli-amiral-turker-erturk-tutuklandi#primaryimage"},"image":{"@id":"https:\/\/epochtimestr.com\/index.php\/emekli-amiral-turker-erturk-tutuklandi#primaryimage"},"thumbnailUrl":"https:\/\/epochtimestr.com\/wp-content\/uploads\/2011y\/erturk.webp","datePublished":"2026-08-17T19:53:55+00:00","dateModified":"2026-08-17T19:54:02+00:00","description":"Kat\u0131ld\u0131\u011f\u0131 yay\u0131nda kulland\u0131\u011f\u0131 ifadeler nedeniyle hakk\u0131nda ba\u015flat\u0131lan soru\u015fturmada g\u00f6zalt\u0131na al\u0131nan emekli Amiral T\u00fcrker Ert\u00fcrk tutukland\u0131.","inLanguage":"tr","potentialAction":[{"@type":"ReadAction","target":["https:\/\/epochtimestr.com\/index.php\/emekli-amiral-turker-erturk-tutuklandi"]}]},{"@type":"ImageObject","inLanguage":"tr","@id":"https:\/\/epochtimestr.com\/index.php\/emekli-amiral-turker-erturk-tutuklandi#primaryimage","url":"https:\/\/epochtimestr.com\/wp-content\/uploads\/2011y\/erturk.webp","contentUrl":"https:\/\/epochtimestr.com\/wp-content\/uploads\/2011y\/erturk.webp","width":1280,"height":720},{"@type":"WebSite","@id":"https:\/\/epochtimestr.com\/#website","url":"https:\/\/epochtimestr.com\/","name":"The Epoch Times TR","description":"De\u011fi\u015fen D\u00fcnyam\u0131za Taze Bir Bak\u0131\u015f","publisher":{"@id":"https:\/\/epochtimestr.com\/#organization"},"potentialAction":[{"@type":"SearchAction","target":{"@type":"EntryPoint","urlTemplate":"https:\/\/epochtimestr.com\/?s={search_term_string}"},"query-input":"required name=search_term_string"}],"inLanguage":"tr"},{"@type":"Organization","@id":"https:\/\/epochtimestr.com\/#organization","name":"The EpochTimes T\u00fcrkiye","url":"https:\/\/epochtimestr.com\/","logo":{"@type":"ImageObject","inLanguage":"tr","@id":"https:\/\/epochtimestr.com\/#\/schema\/logo\/image\/","url":"https:\/\/epochtimestr.com\/wp-content\/uploads\/2011y\/ET-Logo-YG.jpg","contentUrl":"https:\/\/epochtimestr.com\/wp-content\/uploads\/2011y\/ET-Logo-YG.jpg","width":346,"height":29,"caption":"The EpochTimes T\u00fcrkiye"},"image":{"@id":"https:\/\/epochtimestr.com\/#\/schema\/logo\/image\/"},"sameAs":["https:\/\/www.facebook.com\/theepochtimestr","https:\/\/x.com\/TheEpochTimesTR","https:\/\/www.instagram.com\/epochtimestr"]},{"@type":"Person","@id":"https:\/\/epochtimestr.com\/#\/schema\/person\/3dc5c3adeb9f43923c5aa85889172fdd","name":"Haber Merkezi","image":{"@type":"ImageObject","inLanguage":"tr","@id":"https:\/\/epochtimestr.com\/#\/schema\/person\/image\/","url":"https:\/\/secure.gravatar.com\/avatar\/d73f772ba5a74f28601361e17c2f93e6?s=96&d=mm&r=g","contentUrl":"https:\/\/secure.gravatar.com\/avatar\/d73f772ba5a74f28601361e17c2f93e6?s=96&d=mm&r=g","caption":"Haber Merkezi"},"url":"https:\/\/epochtimestr.com\/index.php\/author\/sendag"}]}},"_links":{"self":[{"href":"https:\/\/epochtimestr.com\/index.php\/wp-json\/wp\/v2\/posts\/170497"}],"collection":[{"href":"https:\/\/epochtimestr.com\/index.php\/wp-json\/wp\/v2\/posts"}],"about":[{"href":"https:\/\/epochtimestr.com\/index.php\/wp-json\/wp\/v2\/types\/post"}],"author":[{"embeddable":true,"href":"https:\/\/epochtimestr.com\/index.php\/wp-json\/wp\/v2\/users\/12791"}],"replies":[{"embeddable":true,"href":"https:\/\/epochtimestr.com\/index.php\/wp-json\/wp\/v2\/comments?post=170497"}],"version-history":[{"count":2,"href":"https:\/\/epochtimestr.com\/index.php\/wp-json\/wp\/v2\/posts\/170497\/revisions"}],"predecessor-version":[{"id":170504,"href":"https:\/\/epochtimestr.com\/index.php\/wp-json\/wp\/v2\/posts\/170497\/revisions\/170504"}],"wp:featuredmedia":[{"embeddable":true,"href":"https:\/\/epochtimestr.com\/index.php\/wp-json\/wp\/v2\/media\/170498"}],"wp:attachment":[{"href":"https:\/\/epochtimestr.com\/index.php\/wp-json\/wp\/v2\/media?parent=170497"}],"wp:term":[{"taxonomy":"category","embeddable":true,"href":"https:\/\/epochtimestr.com\/index.php\/wp-json\/wp\/v2\/categories?post=170497"},{"taxonomy":"post_tag","embeddable":true,"href":"https:\/\/epochtimestr.com\/index.php\/wp-json\/wp\/v2\/tags?post=170497"}],"curies":[{"name":"wp","href":"https:\/\/api.w.org\/{rel}","templated":true}]}}