{"id":170500,"date":"2026-08-17T23:03:10","date_gmt":"2026-08-17T20:03:10","guid":{"rendered":"https:\/\/epochtimestr.com\/?p=170500"},"modified":"2026-08-17T23:03:12","modified_gmt":"2026-08-17T20:03:12","slug":"ozel-ibb-davasi-durusmalari-hakkinda-aciklamalarda-bulundu","status":"publish","type":"post","link":"https:\/\/epochtimestr.com\/index.php\/ozel-ibb-davasi-durusmalari-hakkinda-aciklamalarda-bulundu","title":{"rendered":"\u00d6zel \u0130BB Davas\u0131 Duru\u015fmalar\u0131 Hakk\u0131nda A\u00e7\u0131klamalarda Bulundu"},"content":{"rendered":"<div class=\"wp-block-image\">\n<figure class=\"aligncenter size-full is-resized\"><img loading=\"lazy\" decoding=\"async\" width=\"1672\" height=\"836\" src=\"https:\/\/epochtimestr.com\/wp-content\/uploads\/2011y\/yeni-parti-x.jpg\" alt=\"\u00d6zel \u0130BB davas\u0131 duru\u015fmalar\u0131 hakk\u0131nda a\u00e7\u0131klamalarda bulundu. (Foto\u011fraf: YEN\u0130 Parti x hesab\u0131)\" class=\"wp-image-170501\" style=\"width:840px;height:auto\" srcset=\"https:\/\/epochtimestr.com\/wp-content\/uploads\/2011y\/yeni-parti-x.jpg 1672w, https:\/\/epochtimestr.com\/wp-content\/uploads\/2011y\/yeni-parti-x-300x150.jpg 300w, https:\/\/epochtimestr.com\/wp-content\/uploads\/2011y\/yeni-parti-x-150x75.jpg 150w, https:\/\/epochtimestr.com\/wp-content\/uploads\/2011y\/yeni-parti-x-768x384.jpg 768w, https:\/\/epochtimestr.com\/wp-content\/uploads\/2011y\/yeni-parti-x-1536x768.jpg 1536w\" sizes=\"(max-width: 1672px) 100vw, 1672px\" \/><figcaption class=\"wp-element-caption\">\u00d6zel \u0130BB davas\u0131 duru\u015fmalar\u0131 hakk\u0131nda a\u00e7\u0131klamalarda bulundu. (Foto\u011fraf: YEN\u0130 Parti x hesab\u0131)<\/figcaption><\/figure><\/div>\n\n\n<h2 class=\"wp-block-heading\">YEN\u0130 Parti Genel Ba\u015fkan\u0131 \u00d6zg\u00fcr \u00d6zel, \u0130BB davas\u0131 duru\u015fmalar\u0131 i\u00e7in bulundu\u011fu Silivri\u2019de bas\u0131n mensuplar\u0131na a\u00e7\u0131klamalarda bulundu.<\/h2>\n\n\n\n<p>YEN\u0130 Parti <a href=\"https:\/\/epochtimestr.com\/index.php\/ozgur-ozel-dahil-3-ismin-dokunulmazlik-dosyasi-mecliste\">Genel Ba\u015fkan\u0131<\/a> \u00d6zg\u00fcr \u00d6zel, \u0130BB davas\u0131 duru\u015fmalar\u0131 i\u00e7in bulundu\u011fu Silivri\u2019de bas\u0131n mensuplar\u0131na a\u00e7\u0131klamalarda bulundu. Yarg\u0131lama s\u00fcrecine ili\u015fkin de\u011ferlendirmelerini s\u00fcrd\u00fcren \u00d6zel, ya\u015fananlar\u0131n art\u0131k g\u00f6stermelik bir yarg\u0131lama g\u00f6r\u00fcnt\u00fcs\u00fcn\u00fc dahi a\u015ft\u0131\u011f\u0131n\u0131 ifade etti.<\/p>\n\n\n\n<p><strong>YEN\u0130 Parti Genel Ba\u015fkan\u0131 \u00d6zg\u00fcr \u00d6zel ayr\u0131ca \u015funlar\u0131 s\u00f6yledi:<\/strong><\/p>\n\n\n\n<p>&#8220;De\u011ferli arkada\u015flar, Silivri\u2019de hep birlikte ge\u00e7en celsenin biti\u015finde savunma hakk\u0131n\u0131n nas\u0131l k\u0131s\u0131tland\u0131\u011f\u0131n\u0131 konu\u015fmu\u015ftuk ve bunun ne 1960 darbesinde ne 12 Eyl\u00fcl darbesinde ne Almanya\u2019daki N\u00fcrnberg Mahkemelerinde ne 12 Eyl\u00fcl d\u00f6nemindeki D\u0130SK\u2019in yarg\u0131land\u0131\u011f\u0131 s\u00fcre\u00e7lerde ya\u015fanan ki onlar\u0131n hepsi darbe d\u00f6nemlerinin yarg\u0131lamalar\u0131d\u0131r, hi\u00e7 birisinde ya\u015fanmayan bir \u015fey ya\u015fand\u0131 ve burada <a href=\"https:\/\/epochtimestr.com\/index.php\/muharrem-ince-silivride-ekrem-imamoglunu-ziyaret-etti\" target=\"_blank\" rel=\"noreferrer noopener\">Ekrem \u0130mamo\u011flu<\/a>\u2019na \u015f\u00f6yle s\u00f6ylendi, hakk\u0131nda 150\u2019ye yak\u0131n i\u015fte \u00f6rg\u00fct kurucusu olmakla, \u00f6rg\u00fct lideri olmakla su\u00e7land\u0131\u011f\u0131 i\u00e7in g\u00fcne\u015fin alt\u0131nda ger\u00e7ekle\u015fen her olaydan, her iddiadan Ekrem \u0130mamo\u011flu\u2019nu da mesul tutuyorlar. <\/p>\n\n\n\n<p>Ve bu konular g\u00f6r\u00fc\u015f\u00fcl\u00fcrken Ekrem \u0130mamo\u011flu itiraz etti\u011finde \u2018Savunma s\u00fcreniz geldi\u011finde konu\u015facaks\u0131n\u0131z, a\u00e7\u0131klayacaks\u0131n\u0131z. S\u0131n\u0131rs\u0131z savunma hakk\u0131n\u0131z var\u2019 denmi\u015fti. Sonra tutturdu, \u2018Ben 9 Temmuz g\u00fcn\u00fc bu davay\u0131 bitirece\u011fim. 8 Temmuz g\u00fcn\u00fc s\u00f6z\u00fc al, sen ve avukatlar\u0131n 5 &#8211; 6 saat i\u00e7inde ne yapacaksan\u0131z yap\u0131n.\u2019 \u20185-6 saatte ben ve avukatlar\u0131m nas\u0131l b\u00f6yle bir \u015fey yapabilir?\u2019 Dedi ki \u2018O zaman savunma hakk\u0131ndan feragat ediyorsun.\u2019 \u2018\u00d6yle bir \u015fey etmiyorum, savunma hakk\u0131m\u0131 kullanmak istiyorum.\u2019 \u2018Yok ediyorsun.\u2019 Tutana\u011f\u0131 \u00f6yle tuttu. Pald\u0131r k\u00fcld\u00fcr nereye gidecekse \u00e7ekti gitti\u201d dedi.<\/p>\n\n\n\n<h3 class=\"wp-block-heading\">&#8220;Savunma hakk\u0131n\u0131 verecek ama \u2018Yine benim uygun g\u00f6rd\u00fc\u011f\u00fcm g\u00fcn, benim uygun g\u00f6rd\u00fc\u011f\u00fcm kadar savunma yapacaks\u0131n\u2019 diyor.&#8221;<\/h3>\n\n\n\n<p>Bug\u00fcn\u00fc i\u015faret ettiler. Bug\u00fcne geldik. Bug\u00fcn Say\u0131n \u0130mamo\u011flu\u2019nun avukatlar\u0131, yap\u0131lan yanl\u0131\u015f\u0131 ve i\u015fin do\u011frusunu hukuki bir dille anlatt\u0131. O g\u00fcn \u00e7ok iddial\u0131yd\u0131. \u2018Hay\u0131r bir daha savunma hakk\u0131 vermem, onu yapmam bunu yapmam.\u2019 Biz de burada s\u00f6yledik. \u2018Do\u011frudan bozma sebebi. Bu mahkemeyi bozdurmaya m\u0131 \u00e7al\u0131\u015f\u0131yor? Demek ki iddialar\u0131 dile getirip, Ekrem \u0130mamo\u011flu ve arkada\u015flar\u0131m\u0131z\u0131n y\u00fcz\u00fcne, cevaplar\u0131n\u0131 almaya arkada\u015flar\u0131m\u0131z\u0131n cesaretleri yok. B\u00f6yle yapacaklar bunu\u2019 diye. Ge\u00e7en zamandan sonra bug\u00fcn de g\u00f6rd\u00fc\u011f\u00fcn\u00fcz gibi oyalaya, oyalaya, oyalaya en son \u015fimdi karar\u0131n\u0131 verdi. Diyor ki, \u2018Savunma hakk\u0131n\u0131 kulland\u0131raca\u011f\u0131m ama belirsiz bir g\u00fcn. Benim bildi\u011fim bir g\u00fcn.\u2019 Sonra avukatlara, \u2018Sadece size onu \u00f6nceden s\u00f6yleyece\u011fim.\u2019 Bir de s\u00f6ylemeseydi. <\/p>\n\n\n\n<p>Savunma yapaca\u011f\u0131 g\u00fcn\u00fc bilmeyecek. \u2018Belirli bir s\u00fcre, bir arada\u2019 diyor. \u2018Bir ara. Uygun yerde, makul zamanda.\u2019 Yani yerine, zaman\u0131na, s\u00fcresine hakim karar verecek. Oysa ki asla k\u0131s\u0131tlanamaz savunma hakk\u0131. \u2018Bu haktan yararland\u0131raca\u011f\u0131m\u2019 deyip bah\u015fetti beyzade. Ger\u00e7ekten burada art\u0131k b\u00f6yle bir g\u00f6stermelik yarg\u0131lama bile yap\u0131lm\u0131yor. Biliyorsunuz ge\u00e7en sefer savunma hakk\u0131n\u0131 k\u0131s\u0131tlad\u0131\u011f\u0131 s\u00fcrede NATO g\u00fcndemi vard\u0131. Ve Ankara\u2019da NATO toplant\u0131s\u0131 varken, b\u00fct\u00fcn televizyonlar NATO\u2019ya kilitlenmi\u015fken burada kimseler duymadan ve k\u0131saca bir s\u00fcrede hakk\u0131nda 1,5 y\u0131ld\u0131r b\u00fct\u00fcn televizyonlar\u0131n att\u0131\u011f\u0131 iftiralara ki, bir \u00e7o\u011fu iddianameye bile girememi\u015fti. \u2018\u0130ddianameye yazd\u0131klar\u0131m\u0131za ve burada konu\u015fulan her \u015feye o kadar bir s\u00fcrede cevap ver.\u2019 \u015eimdi tabii s\u00fcrd\u00fcremez o tutumunu. Savunma hakk\u0131n\u0131 verecek ama \u2018Yine benim uygun g\u00f6rd\u00fc\u011f\u00fcm g\u00fcn, benim uygun g\u00f6rd\u00fc\u011f\u00fcm kadar savunma yapacaks\u0131n\u2019 diyor. Bu rezaletin daniskas\u0131d\u0131r yani. Bu rezaletin dik alas\u0131d\u0131r.<\/p>\n\n\n\n<h3 class=\"wp-block-heading\">&#8220;\u0130ki futbol sahas\u0131na yak\u0131n bir mesafe var ve d\u00fcrb\u00fcnle izleyenler var.&#8221;<\/h3>\n\n\n\n<p>Ayr\u0131ca \u015funa da de\u011finmem laz\u0131m. Belki siz onu ayr\u0131ca takip ettiniz, haberle\u015ftireceksiniz ama. Bu me\u015fhur yeni b\u00fcy\u00fck duru\u015fma salonunda ilk g\u00fcn bug\u00fcn. Bilmiyorum g\u00f6r\u00fcnt\u00fc alma imkan\u0131 oldu mu? Ama seyircilerden d\u00fcrb\u00fcn getirenler var. \u00c7\u00fcnk\u00fc mahkeme salonunda seyircilerle san\u0131klar aras\u0131nda bilmiyorum ama bir futbol sahas\u0131ndan daha fazla belki, belki iki futbol sahas\u0131na yak\u0131n bir mesafe var ve d\u00fcrb\u00fcnle izleyenler var. Bir kere sizler yine neredeyse bu kadar bir mesafeden, bizler bu kadar bir mesafeden izlemeye \u00e7al\u0131\u015f\u0131yoruz. Avukatlar diyor ki, \u2018G\u00f6z temas\u0131 yok m\u00fcvekkilimizle, yani yarg\u0131laman\u0131n esas\u0131d\u0131r. G\u00f6z temas\u0131 kurmazsam savunma yapamam. <\/p>\n\n\n\n<p>Sizinle g\u00f6z temas\u0131m\u0131z yok. Siz beni dinliyor musunuz, ben sizi etkiliyor muyum, v\u00fccut dilinizle bir \u015fey diyor musunuz? Sizin san\u0131kla g\u00f6z temas\u0131n\u0131z yok. Do\u011fru mu s\u00f6yl\u00fcyor, do\u011fru s\u00f6ylemedi\u011fini mi d\u00fc\u015f\u00fcn\u00fcyorsunuz? Ve savc\u0131 denen ki\u015fi size do\u011fru d\u00f6nmesi gerekirken avukatlar gibi, savc\u0131 d\u00f6nm\u00fc\u015f sanki heyetin bir sonraki \u00fcyesiymi\u015f gibi b\u00f6yle mahkeme salonuna do\u011fru bak\u0131yor. Oysa ki hakimin y\u00fcz\u00fc d\u00f6n\u00fck, ne diyecekse hakime diyecek. Onun s\u00f6z\u00fcn\u00fc, hakim g\u00f6r\u00fcyorsa yerine getirecek\u2019 falan. Avukatlar marangozluk hatalar\u0131ndan m\u0131 bahsetmediler salonla ilgili. Ama \u015f\u00f6yle bir \u015fey. Yarg\u0131laman\u0131n g\u00fcya y\u00fcz y\u00fcze yap\u0131l\u0131yormu\u015f gibi oldu\u011fu ama Ekrem \u0130mamo\u011flu veya herhangi bir arkada\u015f\u0131m\u0131z cezaevinde kamera kar\u015f\u0131s\u0131nda olsa, ailesi evden televizyonla izlese, avukat\u0131 b\u00fcrodan kat\u0131lsa, hakim bey o \u00e7ok isteyip de ko\u015fa ko\u015fa gitti\u011fi tatilinden d\u00f6nmemi\u015f olsa yine bir yarg\u0131lama teknik imkanlarla buradaki kadar yap\u0131l\u0131r. <\/p>\n\n\n\n<p>Bir mekanda olunmu\u015f falan de\u011fil burada. Burada mekan\u0131 b\u00fcy\u00fctmek, aralar\u0131 a\u00e7mak, bariyerler koymak ve en uza\u011fa yerle\u015ftirmek suretiyle bu devasa mekanda bir mekans\u0131zl\u0131k yarat\u0131lm\u0131\u015f, bir y\u00fcz y\u00fcze yarg\u0131lama imkan\u0131 ortadan kald\u0131r\u0131lm\u0131\u015f durumda.<\/p>\n\n\n\n<figure class=\"wp-block-embed is-type-rich is-provider-x wp-block-embed-x\"><div class=\"wp-block-embed__wrapper\">\n<blockquote class=\"twitter-tweet\" data-width=\"550\" data-dnt=\"true\"><p lang=\"tr\" dir=\"ltr\">Genel Ba\u015fkan\u0131m\u0131z \u00d6zg\u00fcr \u00d6zel, Silivri\u2019de a\u00e7\u0131klama yap\u0131yor.<a href=\"https:\/\/t.co\/vRdd56yXRP\">https:\/\/t.co\/vRdd56yXRP<\/a><\/p>&mdash; YEN\u0130 Parti (@yenipartiyiz) <a href=\"https:\/\/x.com\/yenipartiyiz\/status\/2089331962385174918?ref_src=twsrc%5Etfw\">August 17, 2026<\/a><\/blockquote><script async src=\"https:\/\/platform.x.com\/widgets.js\" charset=\"utf-8\"><\/script>\n<\/div><\/figure>\n\n\n\n<h3 class=\"wp-block-heading\">\u201cKorktuklar\u0131 bir \u015fey var. Etkili savunmalar yap\u0131l\u0131yor ve en etkilisi Ekrem \u0130mamo\u011flu taraf\u0131ndan yap\u0131lacak.&#8221;<\/h3>\n\n\n\n<p>Korktuklar\u0131 bir \u015fey var. Etkili savunmalar yap\u0131l\u0131yor ve en etkilisi Ekrem \u0130mamo\u011flu taraf\u0131ndan yap\u0131lacak. Bu savunman\u0131n etkisinden, bu savunman\u0131n ger\u00e7ekleri ortaya koymas\u0131ndan, iftiralar\u0131 \u00e7\u00fcr\u00fctmesinden, yalanc\u0131larla y\u00fczle\u015fmesinden korkuyorlar. Yap\u0131lan budur. Art\u0131k buradan sonra biz elbette aileler de avukatlar da bizler de tarihi y\u00f6nde sorumlulu\u011fumuz gere\u011fince bu yarg\u0131laman\u0131n bir par\u00e7as\u0131 olmaya ister istemez devam edece\u011fiz. Onlar\u0131 orada b\u0131rakacak halimiz yok. <\/p>\n\n\n\n<p>Ama g\u00f6r\u00fcnen o ki bir adaleti ayaklar alt\u0131na alan ve hakkaniyet duygusunu ilk g\u00fcnden katleden bu anlay\u0131\u015f, ayn\u0131 talimatlar\u0131 yerine getirmeye devam ediyor. Ayr\u0131ca aileleri, bizleri, seyircileri hatta bas\u0131n mensuplar\u0131n\u0131 da tahrik etmeye devam ediyorlar. Ge\u00e7en sefer bir k\u00f6\u015feye s\u0131k\u0131\u015ft\u0131rm\u0131\u015flard\u0131 bas\u0131n mensuplar\u0131n\u0131. \u015eimdi de olabilecek en uzak izleyici noktas\u0131nda \u0131srarla tutuyorlar. Yanda ta en ba\u015fa kadar neredeyse yer bo\u015fken, sizin gidip g\u00f6revinizi en iyi yapaca\u011f\u0131n\u0131z yer yerine en k\u00f6t\u00fc yapaca\u011f\u0131n\u0131z yere koyuyorlar. Biz g\u00f6sterilen yere oturuyoruz burada. Geliyoruz, dediler ki \u2018Buraya oturun.\u2019 Dilek Han\u0131m\u2019la yan yana, \u0130l Ba\u015fkan\u0131mla yan yana, B\u00fcy\u00fck\u015fehir Belediye Ba\u015fkanvekilimle yan yana dedikleri yere oturduk. Sonra bir daha kald\u0131rd\u0131lar, bir daha de\u011fi\u015ftirdiler. Bir daha kald\u0131rd\u0131lar, bir daha de\u011fi\u015ftirdik. Burada en son gittik geldik, oturdu\u011fumuz yere bariyer \u00e7ekip daha ba\u015fka bir yere koymu\u015flar bizi. <\/p>\n\n\n\n<h3 class=\"wp-block-heading\">\u00c7\u00fcnk\u00fc o Meclis\u2019e geldi\u011finde yarg\u0131n\u0131n bir mensubu olarak Meclis\u2019te locas\u0131 haz\u0131r.<\/h3>\n\n\n\n<p>Bekliyor ki biz sinirlerimize hakim olamayaca\u011f\u0131z, burada ba\u011f\u0131raca\u011f\u0131z, \u00e7a\u011f\u0131raca\u011f\u0131z, ona hak etti\u011fi gibi davranaca\u011f\u0131z. \u00c7\u00fcnk\u00fc o Meclis\u2019e geldi\u011finde yarg\u0131n\u0131n bir mensubu olarak Meclis\u2019te locas\u0131 haz\u0131r. Yani bizim ya\u015fama faaliyetimizi kendisine ayr\u0131lan son derece do\u011fru bi\u00e7imlendirilmi\u015f bir yerde izleyebilir. Kuvvetler ayr\u0131l\u0131\u011f\u0131, kuvvetlerin birbirine sayg\u0131s\u0131 gere\u011fi \u015fu kadarc\u0131k bunu yerine getirmek ilk ba\u015fta giydi\u011fin c\u00fcbbeye, devletin sana verdi\u011fi g\u00f6reve, kulland\u0131\u011f\u0131n unvana sayg\u0131n\u0131n gere\u011fi. Ama bu kadar kini nerede biriktirdiyse tan\u0131may\u0131z, g\u00f6rmeyiz. Bize bu kadar d\u00fc\u015fman nerede olduysa. Dilek Han\u0131m\u2019a kini neredense? Bana kini neredense? \u0130stanbul B\u00fcy\u00fck\u015fehir Belediye Ba\u015fkanvekili ile ne derdi, tasas\u0131 varsa? <\/p>\n\n\n\n<p>Mesele Ekrem \u0130mamo\u011flu\u2019nun ilk ifadesinin al\u0131nd\u0131\u011f\u0131 g\u00fcn \u015fu anda Adalet Bakanl\u0131\u011f\u0131nda g\u00f6revlendirilmi\u015f, Ankara\u2019da g\u00f6revlendirilmi\u015f o zamanki bir ba\u015fsavc\u0131 vekilinin Ekrem Bey\u2019e \u2018Ekrem Bey bu i\u015fler b\u00f6yle. G\u00fcn de\u011fi\u015fir, siz iktidar olursunuz. Biz oraya ge\u00e7eriz, siz bizi yarg\u0131lars\u0131n\u0131z. Bu i\u015fler b\u00f6yle\u2019 dedi. Yani adaleti aramak yok da biz ve onlar var. \u0130ki tane d\u00fc\u015fman kutup var. Nerede d\u00fc\u015fmanla\u015ft\u0131 bunlar? Nerede ne zaman bu kadar kini biriktirdiler? Biz onlara ne yapm\u0131\u015f\u0131z? Bizim yapt\u0131\u011f\u0131m\u0131z bir tek \u015fey var. Demokrasilerde oldu\u011fu gibi hani \u00fcst\u00fcne o c\u00fcbbeyi giydiren Cumhuriyet, ona c\u00fcbbe verdiyse, tokmak verdiyse alt\u0131na araba \u00e7ektiyse; bize de muhalefet etme, milleti ikna edersek g\u00fcn gelince iktidar olma hakk\u0131 vermi\u015f. Ayn\u0131 yerden g\u00fcc\u00fc al\u0131yoruz.<\/p>\n\n\n\n<figure class=\"wp-block-embed is-type-video is-provider-youtube wp-block-embed-youtube wp-embed-aspect-16-9 wp-has-aspect-ratio\"><div class=\"wp-block-embed__wrapper\">\n<iframe loading=\"lazy\" title=\"YEN\u0130 PART\u0130 GENEL BA\u015eKANI \u00d6ZG\u00dcR \u00d6ZEL BASIN MENSUPLARININ SORULARINI YANITLADI 17\/08\/2026\" width=\"1170\" height=\"658\" src=\"https:\/\/www.youtube.com\/embed\/5a27LNOrOZg?wmode=transparent&amp;rel=0&amp;feature=oembed\" frameborder=\"0\" allow=\"accelerometer; autoplay; clipboard-write; encrypted-media; gyroscope; picture-in-picture; web-share\" referrerpolicy=\"strict-origin-when-cross-origin\" allowfullscreen><\/iframe>\n<\/div><\/figure>\n\n\n\n<h3 class=\"wp-block-heading\">&#8220;Hepimizin hakk\u0131n\u0131, hukukunu ve varsa bir g\u00fcn hakk\u0131m\u0131z\u0131 almam\u0131zla ilgili umudu milletimize emanet ediyoruz.&#8221;<\/h3>\n\n\n\n<p>Biz iktidar\u0131 de\u011fi\u015ftirece\u011fiz diye son se\u00e7imlerde Tayyip Erdo\u011fan\u2019\u0131 yendik diye kendilerini milletin, devletin, Cumhuriyet\u2019in savc\u0131s\u0131 de\u011fil de h\u00fck\u00fcmetin savc\u0131s\u0131 g\u00f6renler, hakimi g\u00f6renler, kendilerini zaten o zaman da \u00f6yleydi \u015fimdi \u00f6yle, bakanl\u0131k g\u00f6reviyle ba\u015fsavc\u0131l\u0131k g\u00f6revini birbirinden ayr\u0131 g\u00f6rmeyenlerin biriktirdi\u011fi ve bunlara \u00f6\u011fretti\u011fi kinle izlemeye geldi\u011fimiz ya, 1,5 y\u0131ld\u0131r e\u015finden ayr\u0131 bir han\u0131mefendiyi d\u00f6rt kere yer de\u011fi\u015ftir, en son aradan sonra geldi\u011fimizde bu kadar bariyer \u00e7ekmi\u015f. \u2018Ne oluyor?\u2019 dedik ya, \u2018Bu bariyer ne, bu bariyeri niye koyuyorsun?\u2019 \u2018Ba\u015fkan \u00f6yle talimat verdi\u2019 diyor. <\/p>\n\n\n\n<p>Ba\u015fkan kim ya? Kim ba\u015fkan? Ba\u015fkan cirmi kadar yer yakar. Ba\u015fkan dedi\u011fin burada sessizce gelmi\u015f, bunu izleyen aileye, siyaset\u00e7iye, avukata, gazeteciye zulmetmek i\u00e7in mi var? Adalet da\u011f\u0131tmak i\u00e7in mi var? Kendisine tarih \u00f6n\u00fcnde teess\u00fcf ediyorum. Tarih \u00f6n\u00fcnde teess\u00fcf ediyorum. Bir kere daha demi\u015ftim bu c\u00fcmleyi. Bak\u0131n ikinci kez kullan\u0131yorum. \u0130lk kulland\u0131\u011f\u0131mda hemen \u015furadaki yarg\u0131 salonunda, Ergenekon davas\u0131nda karardan \u00f6nce \u2018Bo\u015falt\u2019 diye ba\u011f\u0131r\u0131p \u00d6zese, bizi jandarmayla d\u0131\u015far\u0131 atmaya kalkt\u0131\u011f\u0131nda kendisine odas\u0131na gidip demi\u015ftim ki \u2018Ya sen geldi\u011finde locan haz\u0131r. <\/p>\n\n\n\n<p>Bizim size yapmad\u0131\u011f\u0131m\u0131z muameleyi sen ne hakla? Bu kadar kini sen nerede biriktirdin? Sana tarih \u00f6n\u00fcnde teess\u00fcf ediyorum\u2019 demi\u015ftim. \u015eu anda tarihin \u00d6zese neresinde, biz neresinde duruyoruz herkes biliyor. \u00d6zese ayn\u0131 bug\u00fcn yapt\u0131\u011f\u0131 muamele gibi o g\u00fcn ailelere, \u00e7ocuklara, siyaset\u00e7ilere ve gazetecilere zulmeden mahkemeyi y\u00f6neten ki\u015fiydi. Bug\u00fcnk\u00fc h\u0131k demi\u015f, burnundan d\u00fc\u015fm\u00fc\u015f. Ayn\u0131 o g\u00fcnk\u00fc Zekeriya \u00d6z\u2019\u00fcn h\u0131k demi\u015f burnundan d\u00fc\u015fm\u00fc\u015f ba\u015fsavc\u0131s\u0131n\u0131n 1,5 y\u0131ld\u0131r ba\u015flatt\u0131\u011f\u0131 zul\u00fcm gibi. Tarihi \u00f6n\u00fcnde hepsine teess\u00fcf ediyorum ve hepimizin haysiyetini, hukukunu milletimize emanet ediyorum. Ba\u015fka kimseye de\u011fil. \u00c7\u00fcnk\u00fc tuz koktuktan sonra ben \u015fimdi buradaki hakimi HSK\u2019ya m\u0131 \u015fikayet edeyim? <\/p>\n\n\n\n<h3 class=\"wp-block-heading\">&#8220;Kimi, kime \u015fikayet edeyim?&#8221;<\/h3>\n\n\n\n<p>Ba\u015f\u0131nda Ak\u0131n G\u00fcrlek var, zaten bu zulm\u00fc ba\u015flatan, kurgulayan, s\u00fcrd\u00fcren ki\u015fi. Adalet Bakan\u0131 oldu\u011fu g\u00fcn AK Parti \u0130l Ba\u015fkanlar\u0131 toplant\u0131s\u0131na gidip \u2018D\u00fcn oldu\u011fu gibi bug\u00fcn de partimiz i\u00e7in m\u00fccadeleye devam edece\u011fiz\u2019 diyor. \u2018D\u00fcn\u2019 dedi\u011fi g\u00fcn ba\u015fsavc\u0131yd\u0131 adam burada. O y\u00fczden kimi, kime \u015fikayet edeyim? Say\u0131n Erdo\u011fan\u2019a m\u0131 edeyim atad\u0131klar\u0131n\u0131? Kimi, kime \u015fikayet edeyim? O y\u00fczden hep hepimizin hakk\u0131n\u0131, hukukunu ve varsa bir g\u00fcn hakk\u0131m\u0131z\u0131 almam\u0131zla ilgili umudu milletimize emanet ediyoruz. Ettiklerini bulsunlar. Zul\u00fcmleri arts\u0131n ki sonlar\u0131 tez gelsin. Bu d\u00fcnyada adaleti bulursak buluruz, bulmazsak \u00f6b\u00fcr d\u00fcnyada b\u00fct\u00fcn bu masumlar\u0131n iki elleri yakalar\u0131ndad\u0131r. Bu devran b\u00f6yle s\u00fcrmez. Ben daha g\u00fcne\u015fin do\u011fmad\u0131\u011f\u0131 bir gece, ben daha iyinin k\u00f6t\u00fcy\u00fc yenmedi\u011fi bir g\u00fcn ve ben daha tarih \u00f6n\u00fcnde zalimlerin zul\u00fcmleriyle s\u0131nanmad\u0131klar\u0131 bir s\u00fcreci hi\u00e7 g\u00f6rmedim. Yine g\u00f6rmeyece\u011fiz in\u015fallah. Te\u015fekk\u00fcr ediyoruz arkada\u015flar.<\/p>\n\n\n\n<figure class=\"wp-block-embed is-type-rich is-provider-x wp-block-embed-x\"><div class=\"wp-block-embed__wrapper\">\n<blockquote class=\"twitter-tweet\" data-width=\"550\" data-dnt=\"true\"><p lang=\"tr\" dir=\"ltr\">Genel Ba\u015fkan\u0131m\u0131z \u00d6zg\u00fcr \u00d6zel:<br><br>\u201cBug\u00fcn g\u00f6rd\u00fck ki, Silivri\u2019de art\u0131k g\u00f6stermelik bir yarg\u0131lama bile yap\u0131lm\u0131yor. <br><br>Bug\u00fcn ya\u015fananlar rezaletin daniskas\u0131d\u0131r, dik \u00e2l\u00e2s\u0131d\u0131r!\u201d <a href=\"https:\/\/t.co\/belpvL4ifg\">pic.twitter.com\/belpvL4ifg<\/a><\/p>&mdash; YEN\u0130 Parti (@yenipartiyiz) <a href=\"https:\/\/x.com\/yenipartiyiz\/status\/2089399394059633038?ref_src=twsrc%5Etfw\">August 17, 2026<\/a><\/blockquote><script async src=\"https:\/\/platform.x.com\/widgets.js\" charset=\"utf-8\"><\/script>\n<\/div><\/figure>\n","protected":false},"excerpt":{"rendered":"<p>YEN\u0130 Parti Genel Ba\u015fkan\u0131 \u00d6zg\u00fcr \u00d6zel, \u0130BB davas\u0131 duru\u015fmalar\u0131 i\u00e7in bulundu\u011fu Silivri\u2019de bas\u0131n mensuplar\u0131na a\u00e7\u0131klamalarda bulundu. YEN\u0130 Parti Genel Ba\u015fkan\u0131 \u00d6zg\u00fcr \u00d6zel, \u0130BB davas\u0131 duru\u015fmalar\u0131 i\u00e7in bulundu\u011fu Silivri\u2019de bas\u0131n mensuplar\u0131na a\u00e7\u0131klamalarda bulundu. Yarg\u0131lama s\u00fcrecine ili\u015fkin de\u011ferlendirmelerini s\u00fcrd\u00fcren \u00d6zel, ya\u015fananlar\u0131n art\u0131k g\u00f6stermelik bir yarg\u0131lama g\u00f6r\u00fcnt\u00fcs\u00fcn\u00fc dahi a\u015ft\u0131\u011f\u0131n\u0131 ifade etti. YEN\u0130 Parti Genel Ba\u015fkan\u0131 \u00d6zg\u00fcr \u00d6zel ayr\u0131ca [&hellip;]<\/p>\n","protected":false},"author":12791,"featured_media":170501,"comment_status":"open","ping_status":"open","sticky":false,"template":"","format":"standard","meta":{"_yoast_wpseo_focuskw":"\u00d6zel - \u0130BB","_yoast_wpseo_title":"","_yoast_wpseo_metadesc":"YEN\u0130 Parti Genel Ba\u015fkan\u0131 \u00d6zg\u00fcr \u00d6zel, \u0130BB davas\u0131 duru\u015fmalar\u0131 i\u00e7in bulundu\u011fu Silivri\u2019de bas\u0131n mensuplar\u0131na a\u00e7\u0131klamalarda bulundu.","_bbp_topic_count":0,"_bbp_reply_count":0,"_bbp_total_topic_count":0,"_bbp_total_reply_count":0,"_bbp_voice_count":0,"_bbp_anonymous_reply_count":0,"_bbp_topic_count_hidden":0,"_bbp_reply_count_hidden":0,"_bbp_forum_subforum_count":0,"footnotes":"","_yoast_wpseo_focuskw_text_input":""},"categories":[1,8138,8226],"tags":[1777,7419,11616,1040,8492,3961],"yoast_head":"<!-- This site is optimized with the Yoast SEO plugin v23.0 - https:\/\/yoast.com\/wordpress\/plugins\/seo\/ -->\n<title>\u00d6zel \u0130BB Davas\u0131 Duru\u015fmalar\u0131 Hakk\u0131nda A\u00e7\u0131klamalarda Bulundu - The Epoch Times TR<\/title>\n<meta name=\"description\" content=\"YEN\u0130 Parti Genel Ba\u015fkan\u0131 \u00d6zg\u00fcr \u00d6zel, \u0130BB davas\u0131 duru\u015fmalar\u0131 i\u00e7in bulundu\u011fu Silivri\u2019de bas\u0131n mensuplar\u0131na a\u00e7\u0131klamalarda bulundu.\" \/>\n<meta name=\"robots\" content=\"index, follow, max-snippet:-1, max-image-preview:large, max-video-preview:-1\" \/>\n<link rel=\"canonical\" href=\"https:\/\/epochtimestr.com\/index.php\/ozel-ibb-davasi-durusmalari-hakkinda-aciklamalarda-bulundu\" \/>\n<meta property=\"og:locale\" content=\"tr_TR\" \/>\n<meta property=\"og:type\" content=\"article\" \/>\n<meta property=\"og:title\" content=\"\u00d6zel \u0130BB Davas\u0131 Duru\u015fmalar\u0131 Hakk\u0131nda A\u00e7\u0131klamalarda Bulundu - The Epoch Times TR\" \/>\n<meta property=\"og:description\" content=\"YEN\u0130 Parti Genel Ba\u015fkan\u0131 \u00d6zg\u00fcr \u00d6zel, \u0130BB davas\u0131 duru\u015fmalar\u0131 i\u00e7in bulundu\u011fu Silivri\u2019de bas\u0131n mensuplar\u0131na a\u00e7\u0131klamalarda bulundu.\" \/>\n<meta property=\"og:url\" content=\"https:\/\/epochtimestr.com\/index.php\/ozel-ibb-davasi-durusmalari-hakkinda-aciklamalarda-bulundu\" \/>\n<meta property=\"og:site_name\" content=\"The Epoch Times TR\" \/>\n<meta property=\"article:publisher\" content=\"https:\/\/www.facebook.com\/theepochtimestr\" \/>\n<meta property=\"article:published_time\" content=\"2026-08-17T20:03:10+00:00\" \/>\n<meta property=\"article:modified_time\" content=\"2026-08-17T20:03:12+00:00\" \/>\n<meta property=\"og:image\" content=\"https:\/\/epochtimestr.com\/wp-content\/uploads\/2011y\/yeni-parti-x.jpg\" \/>\n\t<meta property=\"og:image:width\" content=\"1672\" \/>\n\t<meta property=\"og:image:height\" content=\"836\" \/>\n\t<meta property=\"og:image:type\" content=\"image\/jpeg\" \/>\n<meta name=\"author\" content=\"Haber Merkezi\" \/>\n<meta name=\"twitter:card\" content=\"summary_large_image\" \/>\n<meta name=\"twitter:creator\" content=\"@TheEpochTimesTR\" \/>\n<meta name=\"twitter:site\" content=\"@TheEpochTimesTR\" \/>\n<meta name=\"twitter:label1\" content=\"Yazan:\" \/>\n\t<meta name=\"twitter:data1\" content=\"Haber Merkezi\" \/>\n\t<meta name=\"twitter:label2\" content=\"Tahmini okuma s\u00fcresi\" \/>\n\t<meta name=\"twitter:data2\" content=\"10 dakika\" \/>\n<script type=\"application\/ld+json\" class=\"yoast-schema-graph\">{\"@context\":\"https:\/\/schema.org\",\"@graph\":[{\"@type\":\"Article\",\"@id\":\"https:\/\/epochtimestr.com\/index.php\/ozel-ibb-davasi-durusmalari-hakkinda-aciklamalarda-bulundu#article\",\"isPartOf\":{\"@id\":\"https:\/\/epochtimestr.com\/index.php\/ozel-ibb-davasi-durusmalari-hakkinda-aciklamalarda-bulundu\"},\"author\":{\"name\":\"Haber Merkezi\",\"@id\":\"https:\/\/epochtimestr.com\/#\/schema\/person\/3dc5c3adeb9f43923c5aa85889172fdd\"},\"headline\":\"\u00d6zel \u0130BB Davas\u0131 Duru\u015fmalar\u0131 Hakk\u0131nda A\u00e7\u0131klamalarda Bulundu\",\"datePublished\":\"2026-08-17T20:03:10+00:00\",\"dateModified\":\"2026-08-17T20:03:12+00:00\",\"mainEntityOfPage\":{\"@id\":\"https:\/\/epochtimestr.com\/index.php\/ozel-ibb-davasi-durusmalari-hakkinda-aciklamalarda-bulundu\"},\"wordCount\":2199,\"commentCount\":0,\"publisher\":{\"@id\":\"https:\/\/epochtimestr.com\/#organization\"},\"image\":{\"@id\":\"https:\/\/epochtimestr.com\/index.php\/ozel-ibb-davasi-durusmalari-hakkinda-aciklamalarda-bulundu#primaryimage\"},\"thumbnailUrl\":\"https:\/\/epochtimestr.com\/wp-content\/uploads\/2011y\/yeni-parti-x.jpg\",\"keywords\":[\"bas\u0131n a\u00e7\u0131klamas\u0131\",\"Ekrem \u0130mamo\u011flu\",\"\u0130BB davas\u0131\",\"Mahkeme\",\"\u00d6zg\u00fcr \u00d6zel\",\"silivri\"],\"articleSection\":[\"G\u00dcNDEM\",\"MAN\u015eET\",\"Siyaset\"],\"inLanguage\":\"tr\",\"potentialAction\":[{\"@type\":\"CommentAction\",\"name\":\"Comment\",\"target\":[\"https:\/\/epochtimestr.com\/index.php\/ozel-ibb-davasi-durusmalari-hakkinda-aciklamalarda-bulundu#respond\"]}]},{\"@type\":\"WebPage\",\"@id\":\"https:\/\/epochtimestr.com\/index.php\/ozel-ibb-davasi-durusmalari-hakkinda-aciklamalarda-bulundu\",\"url\":\"https:\/\/epochtimestr.com\/index.php\/ozel-ibb-davasi-durusmalari-hakkinda-aciklamalarda-bulundu\",\"name\":\"\u00d6zel \u0130BB Davas\u0131 Duru\u015fmalar\u0131 Hakk\u0131nda A\u00e7\u0131klamalarda Bulundu - The Epoch Times TR\",\"isPartOf\":{\"@id\":\"https:\/\/epochtimestr.com\/#website\"},\"primaryImageOfPage\":{\"@id\":\"https:\/\/epochtimestr.com\/index.php\/ozel-ibb-davasi-durusmalari-hakkinda-aciklamalarda-bulundu#primaryimage\"},\"image\":{\"@id\":\"https:\/\/epochtimestr.com\/index.php\/ozel-ibb-davasi-durusmalari-hakkinda-aciklamalarda-bulundu#primaryimage\"},\"thumbnailUrl\":\"https:\/\/epochtimestr.com\/wp-content\/uploads\/2011y\/yeni-parti-x.jpg\",\"datePublished\":\"2026-08-17T20:03:10+00:00\",\"dateModified\":\"2026-08-17T20:03:12+00:00\",\"description\":\"YEN\u0130 Parti Genel Ba\u015fkan\u0131 \u00d6zg\u00fcr \u00d6zel, \u0130BB davas\u0131 duru\u015fmalar\u0131 i\u00e7in bulundu\u011fu Silivri\u2019de bas\u0131n mensuplar\u0131na a\u00e7\u0131klamalarda bulundu.\",\"inLanguage\":\"tr\",\"potentialAction\":[{\"@type\":\"ReadAction\",\"target\":[\"https:\/\/epochtimestr.com\/index.php\/ozel-ibb-davasi-durusmalari-hakkinda-aciklamalarda-bulundu\"]}]},{\"@type\":\"ImageObject\",\"inLanguage\":\"tr\",\"@id\":\"https:\/\/epochtimestr.com\/index.php\/ozel-ibb-davasi-durusmalari-hakkinda-aciklamalarda-bulundu#primaryimage\",\"url\":\"https:\/\/epochtimestr.com\/wp-content\/uploads\/2011y\/yeni-parti-x.jpg\",\"contentUrl\":\"https:\/\/epochtimestr.com\/wp-content\/uploads\/2011y\/yeni-parti-x.jpg\",\"width\":1672,\"height\":836},{\"@type\":\"WebSite\",\"@id\":\"https:\/\/epochtimestr.com\/#website\",\"url\":\"https:\/\/epochtimestr.com\/\",\"name\":\"The Epoch Times TR\",\"description\":\"De\u011fi\u015fen D\u00fcnyam\u0131za Taze Bir Bak\u0131\u015f\",\"publisher\":{\"@id\":\"https:\/\/epochtimestr.com\/#organization\"},\"potentialAction\":[{\"@type\":\"SearchAction\",\"target\":{\"@type\":\"EntryPoint\",\"urlTemplate\":\"https:\/\/epochtimestr.com\/?s={search_term_string}\"},\"query-input\":\"required name=search_term_string\"}],\"inLanguage\":\"tr\"},{\"@type\":\"Organization\",\"@id\":\"https:\/\/epochtimestr.com\/#organization\",\"name\":\"The EpochTimes T\u00fcrkiye\",\"url\":\"https:\/\/epochtimestr.com\/\",\"logo\":{\"@type\":\"ImageObject\",\"inLanguage\":\"tr\",\"@id\":\"https:\/\/epochtimestr.com\/#\/schema\/logo\/image\/\",\"url\":\"https:\/\/epochtimestr.com\/wp-content\/uploads\/2011y\/ET-Logo-YG.jpg\",\"contentUrl\":\"https:\/\/epochtimestr.com\/wp-content\/uploads\/2011y\/ET-Logo-YG.jpg\",\"width\":346,\"height\":29,\"caption\":\"The EpochTimes T\u00fcrkiye\"},\"image\":{\"@id\":\"https:\/\/epochtimestr.com\/#\/schema\/logo\/image\/\"},\"sameAs\":[\"https:\/\/www.facebook.com\/theepochtimestr\",\"https:\/\/x.com\/TheEpochTimesTR\",\"https:\/\/www.instagram.com\/epochtimestr\"]},{\"@type\":\"Person\",\"@id\":\"https:\/\/epochtimestr.com\/#\/schema\/person\/3dc5c3adeb9f43923c5aa85889172fdd\",\"name\":\"Haber Merkezi\",\"image\":{\"@type\":\"ImageObject\",\"inLanguage\":\"tr\",\"@id\":\"https:\/\/epochtimestr.com\/#\/schema\/person\/image\/\",\"url\":\"https:\/\/secure.gravatar.com\/avatar\/d73f772ba5a74f28601361e17c2f93e6?s=96&d=mm&r=g\",\"contentUrl\":\"https:\/\/secure.gravatar.com\/avatar\/d73f772ba5a74f28601361e17c2f93e6?s=96&d=mm&r=g\",\"caption\":\"Haber Merkezi\"},\"url\":\"https:\/\/epochtimestr.com\/index.php\/author\/sendag\"}]}<\/script>\n<!-- \/ Yoast SEO plugin. -->","yoast_head_json":{"title":"\u00d6zel \u0130BB Davas\u0131 Duru\u015fmalar\u0131 Hakk\u0131nda A\u00e7\u0131klamalarda Bulundu - The Epoch Times TR","description":"YEN\u0130 Parti Genel Ba\u015fkan\u0131 \u00d6zg\u00fcr \u00d6zel, \u0130BB davas\u0131 duru\u015fmalar\u0131 i\u00e7in bulundu\u011fu Silivri\u2019de bas\u0131n mensuplar\u0131na a\u00e7\u0131klamalarda bulundu.","robots":{"index":"index","follow":"follow","max-snippet":"max-snippet:-1","max-image-preview":"max-image-preview:large","max-video-preview":"max-video-preview:-1"},"canonical":"https:\/\/epochtimestr.com\/index.php\/ozel-ibb-davasi-durusmalari-hakkinda-aciklamalarda-bulundu","og_locale":"tr_TR","og_type":"article","og_title":"\u00d6zel \u0130BB Davas\u0131 Duru\u015fmalar\u0131 Hakk\u0131nda A\u00e7\u0131klamalarda Bulundu - The Epoch Times TR","og_description":"YEN\u0130 Parti Genel Ba\u015fkan\u0131 \u00d6zg\u00fcr \u00d6zel, \u0130BB davas\u0131 duru\u015fmalar\u0131 i\u00e7in bulundu\u011fu Silivri\u2019de bas\u0131n mensuplar\u0131na a\u00e7\u0131klamalarda bulundu.","og_url":"https:\/\/epochtimestr.com\/index.php\/ozel-ibb-davasi-durusmalari-hakkinda-aciklamalarda-bulundu","og_site_name":"The Epoch Times TR","article_publisher":"https:\/\/www.facebook.com\/theepochtimestr","article_published_time":"2026-08-17T20:03:10+00:00","article_modified_time":"2026-08-17T20:03:12+00:00","og_image":[{"width":1672,"height":836,"url":"https:\/\/epochtimestr.com\/wp-content\/uploads\/2011y\/yeni-parti-x.jpg","type":"image\/jpeg"}],"author":"Haber Merkezi","twitter_card":"summary_large_image","twitter_creator":"@TheEpochTimesTR","twitter_site":"@TheEpochTimesTR","twitter_misc":{"Yazan:":"Haber Merkezi","Tahmini okuma s\u00fcresi":"10 dakika"},"schema":{"@context":"https:\/\/schema.org","@graph":[{"@type":"Article","@id":"https:\/\/epochtimestr.com\/index.php\/ozel-ibb-davasi-durusmalari-hakkinda-aciklamalarda-bulundu#article","isPartOf":{"@id":"https:\/\/epochtimestr.com\/index.php\/ozel-ibb-davasi-durusmalari-hakkinda-aciklamalarda-bulundu"},"author":{"name":"Haber Merkezi","@id":"https:\/\/epochtimestr.com\/#\/schema\/person\/3dc5c3adeb9f43923c5aa85889172fdd"},"headline":"\u00d6zel \u0130BB Davas\u0131 Duru\u015fmalar\u0131 Hakk\u0131nda A\u00e7\u0131klamalarda Bulundu","datePublished":"2026-08-17T20:03:10+00:00","dateModified":"2026-08-17T20:03:12+00:00","mainEntityOfPage":{"@id":"https:\/\/epochtimestr.com\/index.php\/ozel-ibb-davasi-durusmalari-hakkinda-aciklamalarda-bulundu"},"wordCount":2199,"commentCount":0,"publisher":{"@id":"https:\/\/epochtimestr.com\/#organization"},"image":{"@id":"https:\/\/epochtimestr.com\/index.php\/ozel-ibb-davasi-durusmalari-hakkinda-aciklamalarda-bulundu#primaryimage"},"thumbnailUrl":"https:\/\/epochtimestr.com\/wp-content\/uploads\/2011y\/yeni-parti-x.jpg","keywords":["bas\u0131n a\u00e7\u0131klamas\u0131","Ekrem \u0130mamo\u011flu","\u0130BB davas\u0131","Mahkeme","\u00d6zg\u00fcr \u00d6zel","silivri"],"articleSection":["G\u00dcNDEM","MAN\u015eET","Siyaset"],"inLanguage":"tr","potentialAction":[{"@type":"CommentAction","name":"Comment","target":["https:\/\/epochtimestr.com\/index.php\/ozel-ibb-davasi-durusmalari-hakkinda-aciklamalarda-bulundu#respond"]}]},{"@type":"WebPage","@id":"https:\/\/epochtimestr.com\/index.php\/ozel-ibb-davasi-durusmalari-hakkinda-aciklamalarda-bulundu","url":"https:\/\/epochtimestr.com\/index.php\/ozel-ibb-davasi-durusmalari-hakkinda-aciklamalarda-bulundu","name":"\u00d6zel \u0130BB Davas\u0131 Duru\u015fmalar\u0131 Hakk\u0131nda A\u00e7\u0131klamalarda Bulundu - The Epoch Times TR","isPartOf":{"@id":"https:\/\/epochtimestr.com\/#website"},"primaryImageOfPage":{"@id":"https:\/\/epochtimestr.com\/index.php\/ozel-ibb-davasi-durusmalari-hakkinda-aciklamalarda-bulundu#primaryimage"},"image":{"@id":"https:\/\/epochtimestr.com\/index.php\/ozel-ibb-davasi-durusmalari-hakkinda-aciklamalarda-bulundu#primaryimage"},"thumbnailUrl":"https:\/\/epochtimestr.com\/wp-content\/uploads\/2011y\/yeni-parti-x.jpg","datePublished":"2026-08-17T20:03:10+00:00","dateModified":"2026-08-17T20:03:12+00:00","description":"YEN\u0130 Parti Genel Ba\u015fkan\u0131 \u00d6zg\u00fcr \u00d6zel, \u0130BB davas\u0131 duru\u015fmalar\u0131 i\u00e7in bulundu\u011fu Silivri\u2019de bas\u0131n mensuplar\u0131na a\u00e7\u0131klamalarda bulundu.","inLanguage":"tr","potentialAction":[{"@type":"ReadAction","target":["https:\/\/epochtimestr.com\/index.php\/ozel-ibb-davasi-durusmalari-hakkinda-aciklamalarda-bulundu"]}]},{"@type":"ImageObject","inLanguage":"tr","@id":"https:\/\/epochtimestr.com\/index.php\/ozel-ibb-davasi-durusmalari-hakkinda-aciklamalarda-bulundu#primaryimage","url":"https:\/\/epochtimestr.com\/wp-content\/uploads\/2011y\/yeni-parti-x.jpg","contentUrl":"https:\/\/epochtimestr.com\/wp-content\/uploads\/2011y\/yeni-parti-x.jpg","width":1672,"height":836},{"@type":"WebSite","@id":"https:\/\/epochtimestr.com\/#website","url":"https:\/\/epochtimestr.com\/","name":"The Epoch Times TR","description":"De\u011fi\u015fen D\u00fcnyam\u0131za Taze Bir Bak\u0131\u015f","publisher":{"@id":"https:\/\/epochtimestr.com\/#organization"},"potentialAction":[{"@type":"SearchAction","target":{"@type":"EntryPoint","urlTemplate":"https:\/\/epochtimestr.com\/?s={search_term_string}"},"query-input":"required name=search_term_string"}],"inLanguage":"tr"},{"@type":"Organization","@id":"https:\/\/epochtimestr.com\/#organization","name":"The EpochTimes T\u00fcrkiye","url":"https:\/\/epochtimestr.com\/","logo":{"@type":"ImageObject","inLanguage":"tr","@id":"https:\/\/epochtimestr.com\/#\/schema\/logo\/image\/","url":"https:\/\/epochtimestr.com\/wp-content\/uploads\/2011y\/ET-Logo-YG.jpg","contentUrl":"https:\/\/epochtimestr.com\/wp-content\/uploads\/2011y\/ET-Logo-YG.jpg","width":346,"height":29,"caption":"The EpochTimes T\u00fcrkiye"},"image":{"@id":"https:\/\/epochtimestr.com\/#\/schema\/logo\/image\/"},"sameAs":["https:\/\/www.facebook.com\/theepochtimestr","https:\/\/x.com\/TheEpochTimesTR","https:\/\/www.instagram.com\/epochtimestr"]},{"@type":"Person","@id":"https:\/\/epochtimestr.com\/#\/schema\/person\/3dc5c3adeb9f43923c5aa85889172fdd","name":"Haber Merkezi","image":{"@type":"ImageObject","inLanguage":"tr","@id":"https:\/\/epochtimestr.com\/#\/schema\/person\/image\/","url":"https:\/\/secure.gravatar.com\/avatar\/d73f772ba5a74f28601361e17c2f93e6?s=96&d=mm&r=g","contentUrl":"https:\/\/secure.gravatar.com\/avatar\/d73f772ba5a74f28601361e17c2f93e6?s=96&d=mm&r=g","caption":"Haber Merkezi"},"url":"https:\/\/epochtimestr.com\/index.php\/author\/sendag"}]}},"_links":{"self":[{"href":"https:\/\/epochtimestr.com\/index.php\/wp-json\/wp\/v2\/posts\/170500"}],"collection":[{"href":"https:\/\/epochtimestr.com\/index.php\/wp-json\/wp\/v2\/posts"}],"about":[{"href":"https:\/\/epochtimestr.com\/index.php\/wp-json\/wp\/v2\/types\/post"}],"author":[{"embeddable":true,"href":"https:\/\/epochtimestr.com\/index.php\/wp-json\/wp\/v2\/users\/12791"}],"replies":[{"embeddable":true,"href":"https:\/\/epochtimestr.com\/index.php\/wp-json\/wp\/v2\/comments?post=170500"}],"version-history":[{"count":2,"href":"https:\/\/epochtimestr.com\/index.php\/wp-json\/wp\/v2\/posts\/170500\/revisions"}],"predecessor-version":[{"id":170506,"href":"https:\/\/epochtimestr.com\/index.php\/wp-json\/wp\/v2\/posts\/170500\/revisions\/170506"}],"wp:featuredmedia":[{"embeddable":true,"href":"https:\/\/epochtimestr.com\/index.php\/wp-json\/wp\/v2\/media\/170501"}],"wp:attachment":[{"href":"https:\/\/epochtimestr.com\/index.php\/wp-json\/wp\/v2\/media?parent=170500"}],"wp:term":[{"taxonomy":"category","embeddable":true,"href":"https:\/\/epochtimestr.com\/index.php\/wp-json\/wp\/v2\/categories?post=170500"},{"taxonomy":"post_tag","embeddable":true,"href":"https:\/\/epochtimestr.com\/index.php\/wp-json\/wp\/v2\/tags?post=170500"}],"curies":[{"name":"wp","href":"https:\/\/api.w.org\/{rel}","templated":true}]}}