{"id":170513,"date":"2026-08-18T08:21:13","date_gmt":"2026-08-18T05:21:13","guid":{"rendered":"https:\/\/epochtimestr.com\/?p=170513"},"modified":"2026-08-18T08:21:15","modified_gmt":"2026-08-18T05:21:15","slug":"chp-sozcusu-muslim-saridan-yeni-partiye-menderes-suclamasi","status":"publish","type":"post","link":"https:\/\/epochtimestr.com\/index.php\/chp-sozcusu-muslim-saridan-yeni-partiye-menderes-suclamasi","title":{"rendered":"CHP S\u00f6zc\u00fcs\u00fc M\u00fcslim Sar\u0131&#8217;dan Yeni Parti&#8217;ye Menderes Su\u00e7lamas\u0131"},"content":{"rendered":"<div class=\"wp-block-image\">\n<figure class=\"aligncenter size-full\"><img loading=\"lazy\" decoding=\"async\" width=\"800\" height=\"450\" src=\"https:\/\/epochtimestr.com\/wp-content\/uploads\/2011y\/chp-17.jpg\" alt=\"CHP S\u00f6zc\u00fcs\u00fc M\u00fcslim Sar\u0131'dan Yeni Parti'ye Menderes su\u00e7lamas\u0131. (Foto\u011fraf: CHP web sitesi)\" class=\"wp-image-170514\" srcset=\"https:\/\/epochtimestr.com\/wp-content\/uploads\/2011y\/chp-17.jpg 800w, https:\/\/epochtimestr.com\/wp-content\/uploads\/2011y\/chp-17-300x169.jpg 300w, https:\/\/epochtimestr.com\/wp-content\/uploads\/2011y\/chp-17-150x84.jpg 150w, https:\/\/epochtimestr.com\/wp-content\/uploads\/2011y\/chp-17-768x432.jpg 768w\" sizes=\"(max-width: 800px) 100vw, 800px\" \/><figcaption class=\"wp-element-caption\">CHP S\u00f6zc\u00fcs\u00fc M\u00fcslim Sar\u0131&#8217;dan Yeni Parti&#8217;ye Menderes su\u00e7lamas\u0131. (Foto\u011fraf: CHP web sitesi)<\/figcaption><\/figure><\/div>\n\n\n<h2 class=\"wp-block-heading\">M\u00fcslim Sar\u0131, Menderes Belediyesi ba\u015fkan vekilli\u011fi se\u00e7iminin AKP&#8217;ye ge\u00e7mesinden Yeni Parti&#8217;yi sorumlu tuttu.<\/h2>\n\n\n\n<p>\u0130zmir\u2019in Menderes il\u00e7esinde Belediye Ba\u015fkan\u0131 <a href=\"https:\/\/epochtimestr.com\/index.php\/menderes-belediye-baskani-ilkay-cicek-tutuklandi\">\u0130lkay \u00c7i\u00e7ek\u2019in<\/a> tutuklanarak g\u00f6revden uzakla\u015ft\u0131r\u0131lmas\u0131n\u0131n ard\u0131ndan bug\u00fcn Belediye Meclisi&#8217;nde Ba\u015fkan Vekili se\u00e7imi yap\u0131ld\u0131. Se\u00e7imde; Cumhur \u0130ttifak\u0131&#8217;n\u0131n aday\u0131 Asuman \u015een, CHP&#8217;nin aday\u0131 Mehmet Ali Akar, Yeni Parti&#8217;nin aday\u0131 Bar\u0131\u015f G\u00fcrsoy, ba\u011f\u0131ms\u0131z aday ise Mustafa \u00d6zt\u00fcrk oldu. Se\u00e7imi 4&#8217;\u00fcnc\u00fc turda Cumhur \u0130ttifak\u0131&#8217;n\u0131n aday\u0131 Asuman \u015een kazand\u0131. Konuya ili\u015fkin bir a\u00e7\u0131klama yapan CHP S\u00f6zc\u00fcs\u00fc M\u00fcslim Sar\u0131, se\u00e7im yenilgisi i\u00e7in Yeni Parti\u2019yi su\u00e7lad\u0131.<\/p>\n\n\n\n<p><strong>Sar\u0131, X hesab\u0131ndan yapt\u0131\u011f\u0131 payla\u015f\u0131mda \u015fu ifadelere yer verdi:<\/strong><\/p>\n\n\n\n<p>&#8220;Menderes Belediye Ba\u015fkan\u0131 \u0130lkay \u00c7i\u00e7ek\u2019in \u0130zmir Cumhuriyet Ba\u015fsavc\u0131l\u0131\u011f\u0131nca y\u00fcr\u00fct\u00fclen soru\u015fturma kapsam\u0131nda tutuklanmas\u0131n\u0131n ard\u0131ndan, Belediye Ba\u015fkan Vekili se\u00e7imi ile ilgili olarak partimizden ayr\u0131lan meclis \u00fcyeleri ile g\u00f6r\u00fc\u015fme ve uzla\u015fma taleplerimiz bir haftay\u0131 a\u015fk\u0131n s\u00fcredir devam etmekteydi.<\/p>\n\n\n\n<p>Ancak say\u0131sal \u00e7o\u011funluklar\u0131na g\u00fcvenen Yeni Partili y\u00f6neticiler ve meclis \u00fcyeleri uzla\u015f\u0131 taleplerimizi reddetmi\u015f, bug\u00fcn yap\u0131lan se\u00e7imde kendi adaylar\u0131n\u0131 \u00e7\u0131karmay\u0131 tercih etmi\u015flerdir.<\/p>\n\n\n\n<p>T\u00fcm bunlara ra\u011fmen Menderes Belediyesi AKP\u2019ye ge\u00e7mesin diye Yeni Parti\u2019nin aday\u0131n\u0131 destekleme konusunda Genel Merkezimiz olarak meclis \u00fcyelerimize talimat verdik. Talimat\u0131m\u0131z\u0131 yerine getirmeyen belediye meclis \u00fcyelerimizle ilgili parti disiplin s\u00fcreci de\u011ferlendirilmektedir.<\/p>\n\n\n\n<p>Sonu\u00e7 olarak Menderes\u2019te ya\u015fanan ba\u015fkan vekili se\u00e7iminde AKP aday\u0131n\u0131n kazanmas\u0131n\u0131n nedeni; CHP\u2019li bir belediyenin CHP\u2019de kalmas\u0131n\u0131 kabul etmeyen, CHP\u2019yi b\u00f6len, say\u0131sal \u00e7o\u011funluklar\u0131na g\u00fcvenip s\u00fcreci k\u00f6t\u00fc y\u00f6neten Yeni Partili y\u00f6neticilerdir.&#8221;<\/p>\n","protected":false},"excerpt":{"rendered":"<p>M\u00fcslim Sar\u0131, Menderes Belediyesi ba\u015fkan vekilli\u011fi se\u00e7iminin AKP&#8217;ye ge\u00e7mesinden Yeni Parti&#8217;yi sorumlu tuttu. \u0130zmir\u2019in Menderes il\u00e7esinde Belediye Ba\u015fkan\u0131 \u0130lkay \u00c7i\u00e7ek\u2019in tutuklanarak g\u00f6revden uzakla\u015ft\u0131r\u0131lmas\u0131n\u0131n ard\u0131ndan bug\u00fcn Belediye Meclisi&#8217;nde Ba\u015fkan Vekili se\u00e7imi yap\u0131ld\u0131. Se\u00e7imde; Cumhur \u0130ttifak\u0131&#8217;n\u0131n aday\u0131 Asuman \u015een, CHP&#8217;nin aday\u0131 Mehmet Ali Akar, Yeni Parti&#8217;nin aday\u0131 Bar\u0131\u015f G\u00fcrsoy, ba\u011f\u0131ms\u0131z aday ise Mustafa \u00d6zt\u00fcrk oldu. Se\u00e7imi 4&#8217;\u00fcnc\u00fc [&hellip;]<\/p>\n","protected":false},"author":12791,"featured_media":170514,"comment_status":"open","ping_status":"open","sticky":false,"template":"","format":"standard","meta":{"_yoast_wpseo_focuskw":"menderes","_yoast_wpseo_title":"","_yoast_wpseo_metadesc":"M\u00fcslim Sar\u0131, Menderes Belediyesi ba\u015fkan vekilli\u011fi se\u00e7iminin AKP'ye ge\u00e7mesinden Yeni Parti'yi sorumlu tuttu.","_bbp_topic_count":0,"_bbp_reply_count":0,"_bbp_total_topic_count":0,"_bbp_total_reply_count":0,"_bbp_voice_count":0,"_bbp_anonymous_reply_count":0,"_bbp_topic_count_hidden":0,"_bbp_reply_count_hidden":0,"_bbp_forum_subforum_count":0,"footnotes":"","_yoast_wpseo_focuskw_text_input":""},"categories":[1,8138,8226],"tags":[583,12099,11859,11909],"yoast_head":"<!-- This site is optimized with the Yoast SEO plugin v23.0 - https:\/\/yoast.com\/wordpress\/plugins\/seo\/ -->\n<title>CHP S\u00f6zc\u00fcs\u00fc M\u00fcslim Sar\u0131&#039;dan Yeni Parti&#039;ye Menderes Su\u00e7lamas\u0131 - The Epoch Times TR<\/title>\n<meta name=\"description\" content=\"M\u00fcslim Sar\u0131, Menderes Belediyesi ba\u015fkan vekilli\u011fi se\u00e7iminin AKP&#039;ye ge\u00e7mesinden Yeni Parti&#039;yi sorumlu tuttu.\" \/>\n<meta name=\"robots\" content=\"index, follow, max-snippet:-1, max-image-preview:large, max-video-preview:-1\" \/>\n<link rel=\"canonical\" href=\"https:\/\/epochtimestr.com\/index.php\/chp-sozcusu-muslim-saridan-yeni-partiye-menderes-suclamasi\" \/>\n<meta property=\"og:locale\" content=\"tr_TR\" \/>\n<meta property=\"og:type\" content=\"article\" \/>\n<meta property=\"og:title\" content=\"CHP S\u00f6zc\u00fcs\u00fc M\u00fcslim Sar\u0131&#039;dan Yeni Parti&#039;ye Menderes Su\u00e7lamas\u0131 - The Epoch Times TR\" \/>\n<meta property=\"og:description\" content=\"M\u00fcslim Sar\u0131, Menderes Belediyesi ba\u015fkan vekilli\u011fi se\u00e7iminin AKP&#039;ye ge\u00e7mesinden Yeni Parti&#039;yi sorumlu tuttu.\" \/>\n<meta property=\"og:url\" content=\"https:\/\/epochtimestr.com\/index.php\/chp-sozcusu-muslim-saridan-yeni-partiye-menderes-suclamasi\" \/>\n<meta property=\"og:site_name\" content=\"The Epoch Times TR\" \/>\n<meta property=\"article:publisher\" content=\"https:\/\/www.facebook.com\/theepochtimestr\" \/>\n<meta property=\"article:published_time\" content=\"2026-08-18T05:21:13+00:00\" \/>\n<meta property=\"article:modified_time\" content=\"2026-08-18T05:21:15+00:00\" \/>\n<meta property=\"og:image\" content=\"https:\/\/epochtimestr.com\/wp-content\/uploads\/2011y\/chp-17.jpg\" \/>\n\t<meta property=\"og:image:width\" content=\"800\" \/>\n\t<meta property=\"og:image:height\" content=\"450\" \/>\n\t<meta property=\"og:image:type\" content=\"image\/jpeg\" \/>\n<meta name=\"author\" content=\"Haber Merkezi\" \/>\n<meta name=\"twitter:card\" content=\"summary_large_image\" \/>\n<meta name=\"twitter:creator\" content=\"@TheEpochTimesTR\" \/>\n<meta name=\"twitter:site\" content=\"@TheEpochTimesTR\" \/>\n<meta name=\"twitter:label1\" content=\"Yazan:\" \/>\n\t<meta name=\"twitter:data1\" content=\"Haber Merkezi\" \/>\n\t<meta name=\"twitter:label2\" content=\"Tahmini okuma s\u00fcresi\" \/>\n\t<meta name=\"twitter:data2\" content=\"2 dakika\" \/>\n<script type=\"application\/ld+json\" class=\"yoast-schema-graph\">{\"@context\":\"https:\/\/schema.org\",\"@graph\":[{\"@type\":\"Article\",\"@id\":\"https:\/\/epochtimestr.com\/index.php\/chp-sozcusu-muslim-saridan-yeni-partiye-menderes-suclamasi#article\",\"isPartOf\":{\"@id\":\"https:\/\/epochtimestr.com\/index.php\/chp-sozcusu-muslim-saridan-yeni-partiye-menderes-suclamasi\"},\"author\":{\"name\":\"Haber Merkezi\",\"@id\":\"https:\/\/epochtimestr.com\/#\/schema\/person\/3dc5c3adeb9f43923c5aa85889172fdd\"},\"headline\":\"CHP S\u00f6zc\u00fcs\u00fc M\u00fcslim Sar\u0131&#8217;dan Yeni Parti&#8217;ye Menderes Su\u00e7lamas\u0131\",\"datePublished\":\"2026-08-18T05:21:13+00:00\",\"dateModified\":\"2026-08-18T05:21:15+00:00\",\"mainEntityOfPage\":{\"@id\":\"https:\/\/epochtimestr.com\/index.php\/chp-sozcusu-muslim-saridan-yeni-partiye-menderes-suclamasi\"},\"wordCount\":340,\"commentCount\":0,\"publisher\":{\"@id\":\"https:\/\/epochtimestr.com\/#organization\"},\"image\":{\"@id\":\"https:\/\/epochtimestr.com\/index.php\/chp-sozcusu-muslim-saridan-yeni-partiye-menderes-suclamasi#primaryimage\"},\"thumbnailUrl\":\"https:\/\/epochtimestr.com\/wp-content\/uploads\/2011y\/chp-17.jpg\",\"keywords\":[\"CHP\",\"Menderes Belediyesi\",\"M\u00fcslim Sar\u0131\",\"YEN\u0130 Parti\"],\"articleSection\":[\"G\u00dcNDEM\",\"MAN\u015eET\",\"Siyaset\"],\"inLanguage\":\"tr\",\"potentialAction\":[{\"@type\":\"CommentAction\",\"name\":\"Comment\",\"target\":[\"https:\/\/epochtimestr.com\/index.php\/chp-sozcusu-muslim-saridan-yeni-partiye-menderes-suclamasi#respond\"]}]},{\"@type\":\"WebPage\",\"@id\":\"https:\/\/epochtimestr.com\/index.php\/chp-sozcusu-muslim-saridan-yeni-partiye-menderes-suclamasi\",\"url\":\"https:\/\/epochtimestr.com\/index.php\/chp-sozcusu-muslim-saridan-yeni-partiye-menderes-suclamasi\",\"name\":\"CHP S\u00f6zc\u00fcs\u00fc M\u00fcslim Sar\u0131'dan Yeni Parti'ye Menderes Su\u00e7lamas\u0131 - The Epoch Times TR\",\"isPartOf\":{\"@id\":\"https:\/\/epochtimestr.com\/#website\"},\"primaryImageOfPage\":{\"@id\":\"https:\/\/epochtimestr.com\/index.php\/chp-sozcusu-muslim-saridan-yeni-partiye-menderes-suclamasi#primaryimage\"},\"image\":{\"@id\":\"https:\/\/epochtimestr.com\/index.php\/chp-sozcusu-muslim-saridan-yeni-partiye-menderes-suclamasi#primaryimage\"},\"thumbnailUrl\":\"https:\/\/epochtimestr.com\/wp-content\/uploads\/2011y\/chp-17.jpg\",\"datePublished\":\"2026-08-18T05:21:13+00:00\",\"dateModified\":\"2026-08-18T05:21:15+00:00\",\"description\":\"M\u00fcslim Sar\u0131, Menderes Belediyesi ba\u015fkan vekilli\u011fi se\u00e7iminin AKP'ye ge\u00e7mesinden Yeni Parti'yi sorumlu tuttu.\",\"inLanguage\":\"tr\",\"potentialAction\":[{\"@type\":\"ReadAction\",\"target\":[\"https:\/\/epochtimestr.com\/index.php\/chp-sozcusu-muslim-saridan-yeni-partiye-menderes-suclamasi\"]}]},{\"@type\":\"ImageObject\",\"inLanguage\":\"tr\",\"@id\":\"https:\/\/epochtimestr.com\/index.php\/chp-sozcusu-muslim-saridan-yeni-partiye-menderes-suclamasi#primaryimage\",\"url\":\"https:\/\/epochtimestr.com\/wp-content\/uploads\/2011y\/chp-17.jpg\",\"contentUrl\":\"https:\/\/epochtimestr.com\/wp-content\/uploads\/2011y\/chp-17.jpg\",\"width\":800,\"height\":450},{\"@type\":\"WebSite\",\"@id\":\"https:\/\/epochtimestr.com\/#website\",\"url\":\"https:\/\/epochtimestr.com\/\",\"name\":\"The Epoch Times TR\",\"description\":\"De\u011fi\u015fen D\u00fcnyam\u0131za Taze Bir Bak\u0131\u015f\",\"publisher\":{\"@id\":\"https:\/\/epochtimestr.com\/#organization\"},\"potentialAction\":[{\"@type\":\"SearchAction\",\"target\":{\"@type\":\"EntryPoint\",\"urlTemplate\":\"https:\/\/epochtimestr.com\/?s={search_term_string}\"},\"query-input\":\"required name=search_term_string\"}],\"inLanguage\":\"tr\"},{\"@type\":\"Organization\",\"@id\":\"https:\/\/epochtimestr.com\/#organization\",\"name\":\"The EpochTimes T\u00fcrkiye\",\"url\":\"https:\/\/epochtimestr.com\/\",\"logo\":{\"@type\":\"ImageObject\",\"inLanguage\":\"tr\",\"@id\":\"https:\/\/epochtimestr.com\/#\/schema\/logo\/image\/\",\"url\":\"https:\/\/epochtimestr.com\/wp-content\/uploads\/2011y\/ET-Logo-YG.jpg\",\"contentUrl\":\"https:\/\/epochtimestr.com\/wp-content\/uploads\/2011y\/ET-Logo-YG.jpg\",\"width\":346,\"height\":29,\"caption\":\"The EpochTimes T\u00fcrkiye\"},\"image\":{\"@id\":\"https:\/\/epochtimestr.com\/#\/schema\/logo\/image\/\"},\"sameAs\":[\"https:\/\/www.facebook.com\/theepochtimestr\",\"https:\/\/x.com\/TheEpochTimesTR\",\"https:\/\/www.instagram.com\/epochtimestr\"]},{\"@type\":\"Person\",\"@id\":\"https:\/\/epochtimestr.com\/#\/schema\/person\/3dc5c3adeb9f43923c5aa85889172fdd\",\"name\":\"Haber Merkezi\",\"image\":{\"@type\":\"ImageObject\",\"inLanguage\":\"tr\",\"@id\":\"https:\/\/epochtimestr.com\/#\/schema\/person\/image\/\",\"url\":\"https:\/\/secure.gravatar.com\/avatar\/d73f772ba5a74f28601361e17c2f93e6?s=96&d=mm&r=g\",\"contentUrl\":\"https:\/\/secure.gravatar.com\/avatar\/d73f772ba5a74f28601361e17c2f93e6?s=96&d=mm&r=g\",\"caption\":\"Haber Merkezi\"},\"url\":\"https:\/\/epochtimestr.com\/index.php\/author\/sendag\"}]}<\/script>\n<!-- \/ Yoast SEO plugin. -->","yoast_head_json":{"title":"CHP S\u00f6zc\u00fcs\u00fc M\u00fcslim Sar\u0131'dan Yeni Parti'ye Menderes Su\u00e7lamas\u0131 - The Epoch Times TR","description":"M\u00fcslim Sar\u0131, Menderes Belediyesi ba\u015fkan vekilli\u011fi se\u00e7iminin AKP'ye ge\u00e7mesinden Yeni Parti'yi sorumlu tuttu.","robots":{"index":"index","follow":"follow","max-snippet":"max-snippet:-1","max-image-preview":"max-image-preview:large","max-video-preview":"max-video-preview:-1"},"canonical":"https:\/\/epochtimestr.com\/index.php\/chp-sozcusu-muslim-saridan-yeni-partiye-menderes-suclamasi","og_locale":"tr_TR","og_type":"article","og_title":"CHP S\u00f6zc\u00fcs\u00fc M\u00fcslim Sar\u0131'dan Yeni Parti'ye Menderes Su\u00e7lamas\u0131 - The Epoch Times TR","og_description":"M\u00fcslim Sar\u0131, Menderes Belediyesi ba\u015fkan vekilli\u011fi se\u00e7iminin AKP'ye ge\u00e7mesinden Yeni Parti'yi sorumlu tuttu.","og_url":"https:\/\/epochtimestr.com\/index.php\/chp-sozcusu-muslim-saridan-yeni-partiye-menderes-suclamasi","og_site_name":"The Epoch Times TR","article_publisher":"https:\/\/www.facebook.com\/theepochtimestr","article_published_time":"2026-08-18T05:21:13+00:00","article_modified_time":"2026-08-18T05:21:15+00:00","og_image":[{"width":800,"height":450,"url":"https:\/\/epochtimestr.com\/wp-content\/uploads\/2011y\/chp-17.jpg","type":"image\/jpeg"}],"author":"Haber Merkezi","twitter_card":"summary_large_image","twitter_creator":"@TheEpochTimesTR","twitter_site":"@TheEpochTimesTR","twitter_misc":{"Yazan:":"Haber Merkezi","Tahmini okuma s\u00fcresi":"2 dakika"},"schema":{"@context":"https:\/\/schema.org","@graph":[{"@type":"Article","@id":"https:\/\/epochtimestr.com\/index.php\/chp-sozcusu-muslim-saridan-yeni-partiye-menderes-suclamasi#article","isPartOf":{"@id":"https:\/\/epochtimestr.com\/index.php\/chp-sozcusu-muslim-saridan-yeni-partiye-menderes-suclamasi"},"author":{"name":"Haber Merkezi","@id":"https:\/\/epochtimestr.com\/#\/schema\/person\/3dc5c3adeb9f43923c5aa85889172fdd"},"headline":"CHP S\u00f6zc\u00fcs\u00fc M\u00fcslim Sar\u0131&#8217;dan Yeni Parti&#8217;ye Menderes Su\u00e7lamas\u0131","datePublished":"2026-08-18T05:21:13+00:00","dateModified":"2026-08-18T05:21:15+00:00","mainEntityOfPage":{"@id":"https:\/\/epochtimestr.com\/index.php\/chp-sozcusu-muslim-saridan-yeni-partiye-menderes-suclamasi"},"wordCount":340,"commentCount":0,"publisher":{"@id":"https:\/\/epochtimestr.com\/#organization"},"image":{"@id":"https:\/\/epochtimestr.com\/index.php\/chp-sozcusu-muslim-saridan-yeni-partiye-menderes-suclamasi#primaryimage"},"thumbnailUrl":"https:\/\/epochtimestr.com\/wp-content\/uploads\/2011y\/chp-17.jpg","keywords":["CHP","Menderes Belediyesi","M\u00fcslim Sar\u0131","YEN\u0130 Parti"],"articleSection":["G\u00dcNDEM","MAN\u015eET","Siyaset"],"inLanguage":"tr","potentialAction":[{"@type":"CommentAction","name":"Comment","target":["https:\/\/epochtimestr.com\/index.php\/chp-sozcusu-muslim-saridan-yeni-partiye-menderes-suclamasi#respond"]}]},{"@type":"WebPage","@id":"https:\/\/epochtimestr.com\/index.php\/chp-sozcusu-muslim-saridan-yeni-partiye-menderes-suclamasi","url":"https:\/\/epochtimestr.com\/index.php\/chp-sozcusu-muslim-saridan-yeni-partiye-menderes-suclamasi","name":"CHP S\u00f6zc\u00fcs\u00fc M\u00fcslim Sar\u0131'dan Yeni Parti'ye Menderes Su\u00e7lamas\u0131 - The Epoch Times TR","isPartOf":{"@id":"https:\/\/epochtimestr.com\/#website"},"primaryImageOfPage":{"@id":"https:\/\/epochtimestr.com\/index.php\/chp-sozcusu-muslim-saridan-yeni-partiye-menderes-suclamasi#primaryimage"},"image":{"@id":"https:\/\/epochtimestr.com\/index.php\/chp-sozcusu-muslim-saridan-yeni-partiye-menderes-suclamasi#primaryimage"},"thumbnailUrl":"https:\/\/epochtimestr.com\/wp-content\/uploads\/2011y\/chp-17.jpg","datePublished":"2026-08-18T05:21:13+00:00","dateModified":"2026-08-18T05:21:15+00:00","description":"M\u00fcslim Sar\u0131, Menderes Belediyesi ba\u015fkan vekilli\u011fi se\u00e7iminin AKP'ye ge\u00e7mesinden Yeni Parti'yi sorumlu tuttu.","inLanguage":"tr","potentialAction":[{"@type":"ReadAction","target":["https:\/\/epochtimestr.com\/index.php\/chp-sozcusu-muslim-saridan-yeni-partiye-menderes-suclamasi"]}]},{"@type":"ImageObject","inLanguage":"tr","@id":"https:\/\/epochtimestr.com\/index.php\/chp-sozcusu-muslim-saridan-yeni-partiye-menderes-suclamasi#primaryimage","url":"https:\/\/epochtimestr.com\/wp-content\/uploads\/2011y\/chp-17.jpg","contentUrl":"https:\/\/epochtimestr.com\/wp-content\/uploads\/2011y\/chp-17.jpg","width":800,"height":450},{"@type":"WebSite","@id":"https:\/\/epochtimestr.com\/#website","url":"https:\/\/epochtimestr.com\/","name":"The Epoch Times TR","description":"De\u011fi\u015fen D\u00fcnyam\u0131za Taze Bir Bak\u0131\u015f","publisher":{"@id":"https:\/\/epochtimestr.com\/#organization"},"potentialAction":[{"@type":"SearchAction","target":{"@type":"EntryPoint","urlTemplate":"https:\/\/epochtimestr.com\/?s={search_term_string}"},"query-input":"required name=search_term_string"}],"inLanguage":"tr"},{"@type":"Organization","@id":"https:\/\/epochtimestr.com\/#organization","name":"The EpochTimes T\u00fcrkiye","url":"https:\/\/epochtimestr.com\/","logo":{"@type":"ImageObject","inLanguage":"tr","@id":"https:\/\/epochtimestr.com\/#\/schema\/logo\/image\/","url":"https:\/\/epochtimestr.com\/wp-content\/uploads\/2011y\/ET-Logo-YG.jpg","contentUrl":"https:\/\/epochtimestr.com\/wp-content\/uploads\/2011y\/ET-Logo-YG.jpg","width":346,"height":29,"caption":"The EpochTimes T\u00fcrkiye"},"image":{"@id":"https:\/\/epochtimestr.com\/#\/schema\/logo\/image\/"},"sameAs":["https:\/\/www.facebook.com\/theepochtimestr","https:\/\/x.com\/TheEpochTimesTR","https:\/\/www.instagram.com\/epochtimestr"]},{"@type":"Person","@id":"https:\/\/epochtimestr.com\/#\/schema\/person\/3dc5c3adeb9f43923c5aa85889172fdd","name":"Haber Merkezi","image":{"@type":"ImageObject","inLanguage":"tr","@id":"https:\/\/epochtimestr.com\/#\/schema\/person\/image\/","url":"https:\/\/secure.gravatar.com\/avatar\/d73f772ba5a74f28601361e17c2f93e6?s=96&d=mm&r=g","contentUrl":"https:\/\/secure.gravatar.com\/avatar\/d73f772ba5a74f28601361e17c2f93e6?s=96&d=mm&r=g","caption":"Haber Merkezi"},"url":"https:\/\/epochtimestr.com\/index.php\/author\/sendag"}]}},"_links":{"self":[{"href":"https:\/\/epochtimestr.com\/index.php\/wp-json\/wp\/v2\/posts\/170513"}],"collection":[{"href":"https:\/\/epochtimestr.com\/index.php\/wp-json\/wp\/v2\/posts"}],"about":[{"href":"https:\/\/epochtimestr.com\/index.php\/wp-json\/wp\/v2\/types\/post"}],"author":[{"embeddable":true,"href":"https:\/\/epochtimestr.com\/index.php\/wp-json\/wp\/v2\/users\/12791"}],"replies":[{"embeddable":true,"href":"https:\/\/epochtimestr.com\/index.php\/wp-json\/wp\/v2\/comments?post=170513"}],"version-history":[{"count":2,"href":"https:\/\/epochtimestr.com\/index.php\/wp-json\/wp\/v2\/posts\/170513\/revisions"}],"predecessor-version":[{"id":170523,"href":"https:\/\/epochtimestr.com\/index.php\/wp-json\/wp\/v2\/posts\/170513\/revisions\/170523"}],"wp:featuredmedia":[{"embeddable":true,"href":"https:\/\/epochtimestr.com\/index.php\/wp-json\/wp\/v2\/media\/170514"}],"wp:attachment":[{"href":"https:\/\/epochtimestr.com\/index.php\/wp-json\/wp\/v2\/media?parent=170513"}],"wp:term":[{"taxonomy":"category","embeddable":true,"href":"https:\/\/epochtimestr.com\/index.php\/wp-json\/wp\/v2\/categories?post=170513"},{"taxonomy":"post_tag","embeddable":true,"href":"https:\/\/epochtimestr.com\/index.php\/wp-json\/wp\/v2\/tags?post=170513"}],"curies":[{"name":"wp","href":"https:\/\/api.w.org\/{rel}","templated":true}]}}