{"id":170526,"date":"2026-08-18T11:01:25","date_gmt":"2026-08-18T08:01:25","guid":{"rendered":"https:\/\/epochtimestr.com\/?p=170526"},"modified":"2026-08-18T13:50:45","modified_gmt":"2026-08-18T10:50:45","slug":"gazeteci-ugur-pismanlik-15-temmuz-yorumu-yuzunden-ifadeye-cagrildi","status":"publish","type":"post","link":"https:\/\/epochtimestr.com\/index.php\/gazeteci-ugur-pismanlik-15-temmuz-yorumu-yuzunden-ifadeye-cagrildi","title":{"rendered":"Gazeteci U\u011fur Pi\u015fmanl\u0131k 15 Temmuz Yorumu Y\u00fcz\u00fcnden \u0130fadeye \u00c7a\u011fr\u0131ld\u0131"},"content":{"rendered":"<div class=\"wp-block-image\">\n<figure class=\"aligncenter size-full\"><img loading=\"lazy\" decoding=\"async\" width=\"1691\" height=\"1125\" src=\"https:\/\/epochtimestr.com\/wp-content\/uploads\/2011y\/Ugur-Pismanlik.jpeg\" alt=\"Gazeteci U\u011fur Pi\u015fmanl\u0131k 15 Temmuz yorumu y\u00fcz\u00fcnden ifadeye \u00e7a\u011fr\u0131ld\u0131. (Foto\u011fraf: UGC)\" class=\"wp-image-170527\" srcset=\"https:\/\/epochtimestr.com\/wp-content\/uploads\/2011y\/Ugur-Pismanlik.jpeg 1691w, https:\/\/epochtimestr.com\/wp-content\/uploads\/2011y\/Ugur-Pismanlik-300x200.jpeg 300w, https:\/\/epochtimestr.com\/wp-content\/uploads\/2011y\/Ugur-Pismanlik-150x100.jpeg 150w, https:\/\/epochtimestr.com\/wp-content\/uploads\/2011y\/Ugur-Pismanlik-768x511.jpeg 768w, https:\/\/epochtimestr.com\/wp-content\/uploads\/2011y\/Ugur-Pismanlik-1536x1022.jpeg 1536w\" sizes=\"(max-width: 1691px) 100vw, 1691px\" \/><figcaption class=\"wp-element-caption\">Gazeteci U\u011fur Pi\u015fmanl\u0131k 15 Temmuz yorumu y\u00fcz\u00fcnden ifadeye \u00e7a\u011fr\u0131ld\u0131. (Foto\u011fraf: UGC)<\/figcaption><\/figure><\/div>\n\n\n<p>Uluslararas\u0131 Gazeteciler Cemiyeti Mersin \u015eubesi Y\u00f6netim Kurulu \u00fcyesi, Gazeteci-Yazar U\u011fur Pi\u015fmanl\u0131k bir haber sitesinin Facebook sayfas\u0131nda payla\u015f\u0131lan 15 Temmuz olaylar\u0131na ait g\u00f6rselin alt\u0131na yapt\u0131\u011f\u0131 yorum y\u00fcz\u00fcnden ifadeye \u00e7a\u011fr\u0131ld\u0131. Yapt\u0131\u011f\u0131 yorumda \u0130\u00e7i\u015fleri Bakan\u0131 Mustafa \u00c7ift\u00e7i\u2019nin 15 Temmuz\u2019u kurucu d\u00f6n\u00fcm noktas\u0131 ilan eden a\u00e7\u0131klamalar\u0131na tepki g\u00f6steren Pi\u015fmanl\u0131k, \u015fu g\u00f6r\u00fc\u015flerini yazm\u0131\u015ft\u0131: <\/p>\n\n\n\n<p>&#8220;\u0130\u00e7i\u015fleri Bakanl\u0131\u011f\u0131n\u0131n 15 Temmuz genelgesinde kurucu vurgusu; Neyi kurdunuz? Milli E\u011fitim Bakan\u0131 Tekin&#8217;nin Kurtulu\u015f Sava\u015f\u0131\u2019n\u0131 m\u00fcfredattan sileceklerini a\u00e7\u0131klamas\u0131n\u0131n ard\u0131ndan \u015fimdi de \u0130\u00e7i\u015fleri Bakanl\u0131\u011f\u0131 Cumhuriyet\u2019in kurucu ifadesini yok sayarak 15 Temmuz\u2019u kurucu d\u00f6n\u00fcm noktas\u0131 ilan etti.&#8221;<\/p>\n\n\n\n<h3 class=\"wp-block-heading\">\u201c15 Temmuz\u2019da bir kurulu\u015f ya da kurtulu\u015f s\u00f6z konusu de\u011fildi\u201d<\/h3>\n\n\n\n<p>Savc\u0131l\u0131kta verdi\u011fi ifadesinde de yapt\u0131\u011f\u0131 yorumun arkas\u0131nda duran Pi\u015fmanl\u0131k, verdi\u011fi beyanda \u015fu ifadeleri kulland\u0131: \u201cCumhuriyet, emperyalistlere kar\u015f\u0131 \u00fclkemizin i\u015fgaline kar\u015f\u0131 verilen m\u00fccadeleler ile ilan edildi. 15 Temmuz s\u00f6z konusu oldu\u011funda i\u00e7 dinamiklere kar\u015f\u0131 h\u00fck\u00fcmetin bir m\u00fcdahalesi oldu ancak bir kurulu\u015f veya kurtulu\u015f s\u00f6z konusu de\u011fildi. Bu m\u00fcdahale Cumhuriyet\u2019in kurulu\u015fundaki de\u011ferleri yok sayamaz. Hi\u00e7bir \u015fey Cumhuriyet\u2019in kurucu iradesini yok sayamaz. Yazd\u0131\u011f\u0131m bu yorum ile, hem bir gazeteci hem de bir ayd\u0131n olarak g\u00f6r\u00fc\u015f belirttim; d\u00fc\u015f\u00fcncelerimi ifade etme haklar\u0131m\u0131 kulland\u0131m. Ele\u015ftiri haklar\u0131m vard\u0131r ancak yazd\u0131\u011f\u0131m bu yorum asla su\u00e7 te\u015fkil etmemektedir; bir g\u00f6r\u00fc\u015f beyan\u0131d\u0131r. Su\u00e7lamalar\u0131 kabul etmiyorum.\u201d<\/p>\n\n\n\n<p>Pi\u015fmanl\u0131k, emniyette ifadesinin al\u0131nmas\u0131 ile ilgili olarak da \u015fu yorumda bulundu: \u201cEmniyet ifademde g\u00f6r\u00fclece\u011fi gibi 15 Temmuz&#8217;un Kurtulu\u015f Sava\u015f\u0131\u2019n\u0131 ve Cumhuriyet\u2019in kurucusu iradesini yok sayamayaca\u011f\u0131n\u0131 belirtim. \u00d6zetle ayn\u0131 g\u00f6r\u00fc\u015f\u00fcm\u00fcn arkas\u0131nda oldu\u011fumu, bir gazeteci ve ayd\u0131n olarak g\u00f6r\u00fc\u015f belirtti\u011fimi beyan ettim. Bundan sonraki s\u00fcre\u00e7 savc\u0131n\u0131n verece\u011fi karara ba\u011fl\u0131.\u201d<\/p>\n","protected":false},"excerpt":{"rendered":"<p>Uluslararas\u0131 Gazeteciler Cemiyeti Mersin \u015eubesi Y\u00f6netim Kurulu \u00fcyesi, Gazeteci-Yazar U\u011fur Pi\u015fmanl\u0131k bir haber sitesinin Facebook sayfas\u0131nda payla\u015f\u0131lan 15 Temmuz olaylar\u0131na ait g\u00f6rselin alt\u0131na yapt\u0131\u011f\u0131 yorum y\u00fcz\u00fcnden ifadeye \u00e7a\u011fr\u0131ld\u0131. Yapt\u0131\u011f\u0131 yorumda \u0130\u00e7i\u015fleri Bakan\u0131 Mustafa \u00c7ift\u00e7i\u2019nin 15 Temmuz\u2019u kurucu d\u00f6n\u00fcm noktas\u0131 ilan eden a\u00e7\u0131klamalar\u0131na tepki g\u00f6steren Pi\u015fmanl\u0131k, \u015fu g\u00f6r\u00fc\u015flerini yazm\u0131\u015ft\u0131: &#8220;\u0130\u00e7i\u015fleri Bakanl\u0131\u011f\u0131n\u0131n 15 Temmuz genelgesinde kurucu vurgusu; [&hellip;]<\/p>\n","protected":false},"author":22,"featured_media":170527,"comment_status":"open","ping_status":"open","sticky":false,"template":"","format":"standard","meta":{"_yoast_wpseo_focuskw":"U\u011fur Pi\u015fmanl\u0131k","_yoast_wpseo_title":"","_yoast_wpseo_metadesc":"Gazeteci U\u011fur Pi\u015fmanl\u0131k bir haber sitesinin 15 Temmuz olaylar\u0131na ait payla\u015ft\u0131\u011f\u0131 g\u00f6rselin alt\u0131na yapt\u0131\u011f\u0131 yorum y\u00fcz\u00fcnden ifadeye \u00e7a\u011fr\u0131ld\u0131.","_bbp_topic_count":0,"_bbp_reply_count":0,"_bbp_total_topic_count":0,"_bbp_total_reply_count":0,"_bbp_voice_count":0,"_bbp_anonymous_reply_count":0,"_bbp_topic_count_hidden":0,"_bbp_reply_count_hidden":0,"_bbp_forum_subforum_count":0,"footnotes":"","_yoast_wpseo_focuskw_text_input":""},"categories":[1,8138,37],"tags":[],"yoast_head":"<!-- This site is optimized with the Yoast SEO plugin v23.0 - https:\/\/yoast.com\/wordpress\/plugins\/seo\/ -->\n<title>Gazeteci U\u011fur Pi\u015fmanl\u0131k 15 Temmuz Yorumu Y\u00fcz\u00fcnden \u0130fadeye \u00c7a\u011fr\u0131ld\u0131 - The Epoch Times TR<\/title>\n<meta name=\"description\" content=\"Gazeteci U\u011fur Pi\u015fmanl\u0131k bir haber sitesinin 15 Temmuz olaylar\u0131na ait payla\u015ft\u0131\u011f\u0131 g\u00f6rselin alt\u0131na yapt\u0131\u011f\u0131 yorum y\u00fcz\u00fcnden ifadeye \u00e7a\u011fr\u0131ld\u0131.\" \/>\n<meta name=\"robots\" content=\"index, follow, max-snippet:-1, max-image-preview:large, max-video-preview:-1\" \/>\n<link rel=\"canonical\" href=\"https:\/\/epochtimestr.com\/index.php\/gazeteci-ugur-pismanlik-15-temmuz-yorumu-yuzunden-ifadeye-cagrildi\" \/>\n<meta property=\"og:locale\" content=\"tr_TR\" \/>\n<meta property=\"og:type\" content=\"article\" \/>\n<meta property=\"og:title\" content=\"Gazeteci U\u011fur Pi\u015fmanl\u0131k 15 Temmuz Yorumu Y\u00fcz\u00fcnden \u0130fadeye \u00c7a\u011fr\u0131ld\u0131 - The Epoch Times TR\" \/>\n<meta property=\"og:description\" content=\"Gazeteci U\u011fur Pi\u015fmanl\u0131k bir haber sitesinin 15 Temmuz olaylar\u0131na ait payla\u015ft\u0131\u011f\u0131 g\u00f6rselin alt\u0131na yapt\u0131\u011f\u0131 yorum y\u00fcz\u00fcnden ifadeye \u00e7a\u011fr\u0131ld\u0131.\" \/>\n<meta property=\"og:url\" content=\"https:\/\/epochtimestr.com\/index.php\/gazeteci-ugur-pismanlik-15-temmuz-yorumu-yuzunden-ifadeye-cagrildi\" \/>\n<meta property=\"og:site_name\" content=\"The Epoch Times TR\" \/>\n<meta property=\"article:publisher\" content=\"https:\/\/www.facebook.com\/theepochtimestr\" \/>\n<meta property=\"article:published_time\" content=\"2026-08-18T08:01:25+00:00\" \/>\n<meta property=\"article:modified_time\" content=\"2026-08-18T10:50:45+00:00\" \/>\n<meta property=\"og:image\" content=\"https:\/\/epochtimestr.com\/wp-content\/uploads\/2011y\/Ugur-Pismanlik.jpeg\" \/>\n\t<meta property=\"og:image:width\" content=\"1691\" \/>\n\t<meta property=\"og:image:height\" content=\"1125\" \/>\n\t<meta property=\"og:image:type\" content=\"image\/jpeg\" \/>\n<meta name=\"author\" content=\"G.Hakan Ko\u00e7man\" \/>\n<meta name=\"twitter:card\" content=\"summary_large_image\" \/>\n<meta name=\"twitter:creator\" content=\"@TheEpochTimesTR\" \/>\n<meta name=\"twitter:site\" content=\"@TheEpochTimesTR\" \/>\n<meta name=\"twitter:label1\" content=\"Yazan:\" \/>\n\t<meta name=\"twitter:data1\" content=\"G.Hakan Ko\u00e7man\" \/>\n\t<meta name=\"twitter:label2\" content=\"Tahmini okuma s\u00fcresi\" \/>\n\t<meta name=\"twitter:data2\" content=\"2 dakika\" \/>\n<script type=\"application\/ld+json\" class=\"yoast-schema-graph\">{\"@context\":\"https:\/\/schema.org\",\"@graph\":[{\"@type\":\"Article\",\"@id\":\"https:\/\/epochtimestr.com\/index.php\/gazeteci-ugur-pismanlik-15-temmuz-yorumu-yuzunden-ifadeye-cagrildi#article\",\"isPartOf\":{\"@id\":\"https:\/\/epochtimestr.com\/index.php\/gazeteci-ugur-pismanlik-15-temmuz-yorumu-yuzunden-ifadeye-cagrildi\"},\"author\":{\"name\":\"G.Hakan Ko\u00e7man\",\"@id\":\"https:\/\/epochtimestr.com\/#\/schema\/person\/b5509977c9a6cd729a3e74d9743d035b\"},\"headline\":\"Gazeteci U\u011fur Pi\u015fmanl\u0131k 15 Temmuz Yorumu Y\u00fcz\u00fcnden \u0130fadeye \u00c7a\u011fr\u0131ld\u0131\",\"datePublished\":\"2026-08-18T08:01:25+00:00\",\"dateModified\":\"2026-08-18T10:50:45+00:00\",\"mainEntityOfPage\":{\"@id\":\"https:\/\/epochtimestr.com\/index.php\/gazeteci-ugur-pismanlik-15-temmuz-yorumu-yuzunden-ifadeye-cagrildi\"},\"wordCount\":365,\"commentCount\":0,\"publisher\":{\"@id\":\"https:\/\/epochtimestr.com\/#organization\"},\"image\":{\"@id\":\"https:\/\/epochtimestr.com\/index.php\/gazeteci-ugur-pismanlik-15-temmuz-yorumu-yuzunden-ifadeye-cagrildi#primaryimage\"},\"thumbnailUrl\":\"https:\/\/epochtimestr.com\/wp-content\/uploads\/2011y\/Ugur-Pismanlik.jpeg\",\"articleSection\":[\"G\u00dcNDEM\",\"MAN\u015eET\",\"T\u00dcRK\u0130YE\"],\"inLanguage\":\"tr\",\"potentialAction\":[{\"@type\":\"CommentAction\",\"name\":\"Comment\",\"target\":[\"https:\/\/epochtimestr.com\/index.php\/gazeteci-ugur-pismanlik-15-temmuz-yorumu-yuzunden-ifadeye-cagrildi#respond\"]}]},{\"@type\":\"WebPage\",\"@id\":\"https:\/\/epochtimestr.com\/index.php\/gazeteci-ugur-pismanlik-15-temmuz-yorumu-yuzunden-ifadeye-cagrildi\",\"url\":\"https:\/\/epochtimestr.com\/index.php\/gazeteci-ugur-pismanlik-15-temmuz-yorumu-yuzunden-ifadeye-cagrildi\",\"name\":\"Gazeteci U\u011fur Pi\u015fmanl\u0131k 15 Temmuz Yorumu Y\u00fcz\u00fcnden \u0130fadeye \u00c7a\u011fr\u0131ld\u0131 - The Epoch Times TR\",\"isPartOf\":{\"@id\":\"https:\/\/epochtimestr.com\/#website\"},\"primaryImageOfPage\":{\"@id\":\"https:\/\/epochtimestr.com\/index.php\/gazeteci-ugur-pismanlik-15-temmuz-yorumu-yuzunden-ifadeye-cagrildi#primaryimage\"},\"image\":{\"@id\":\"https:\/\/epochtimestr.com\/index.php\/gazeteci-ugur-pismanlik-15-temmuz-yorumu-yuzunden-ifadeye-cagrildi#primaryimage\"},\"thumbnailUrl\":\"https:\/\/epochtimestr.com\/wp-content\/uploads\/2011y\/Ugur-Pismanlik.jpeg\",\"datePublished\":\"2026-08-18T08:01:25+00:00\",\"dateModified\":\"2026-08-18T10:50:45+00:00\",\"description\":\"Gazeteci U\u011fur Pi\u015fmanl\u0131k bir haber sitesinin 15 Temmuz olaylar\u0131na ait payla\u015ft\u0131\u011f\u0131 g\u00f6rselin alt\u0131na yapt\u0131\u011f\u0131 yorum y\u00fcz\u00fcnden ifadeye \u00e7a\u011fr\u0131ld\u0131.\",\"inLanguage\":\"tr\",\"potentialAction\":[{\"@type\":\"ReadAction\",\"target\":[\"https:\/\/epochtimestr.com\/index.php\/gazeteci-ugur-pismanlik-15-temmuz-yorumu-yuzunden-ifadeye-cagrildi\"]}]},{\"@type\":\"ImageObject\",\"inLanguage\":\"tr\",\"@id\":\"https:\/\/epochtimestr.com\/index.php\/gazeteci-ugur-pismanlik-15-temmuz-yorumu-yuzunden-ifadeye-cagrildi#primaryimage\",\"url\":\"https:\/\/epochtimestr.com\/wp-content\/uploads\/2011y\/Ugur-Pismanlik.jpeg\",\"contentUrl\":\"https:\/\/epochtimestr.com\/wp-content\/uploads\/2011y\/Ugur-Pismanlik.jpeg\",\"width\":1691,\"height\":1125},{\"@type\":\"WebSite\",\"@id\":\"https:\/\/epochtimestr.com\/#website\",\"url\":\"https:\/\/epochtimestr.com\/\",\"name\":\"The Epoch Times TR\",\"description\":\"De\u011fi\u015fen D\u00fcnyam\u0131za Taze Bir Bak\u0131\u015f\",\"publisher\":{\"@id\":\"https:\/\/epochtimestr.com\/#organization\"},\"potentialAction\":[{\"@type\":\"SearchAction\",\"target\":{\"@type\":\"EntryPoint\",\"urlTemplate\":\"https:\/\/epochtimestr.com\/?s={search_term_string}\"},\"query-input\":\"required name=search_term_string\"}],\"inLanguage\":\"tr\"},{\"@type\":\"Organization\",\"@id\":\"https:\/\/epochtimestr.com\/#organization\",\"name\":\"The EpochTimes T\u00fcrkiye\",\"url\":\"https:\/\/epochtimestr.com\/\",\"logo\":{\"@type\":\"ImageObject\",\"inLanguage\":\"tr\",\"@id\":\"https:\/\/epochtimestr.com\/#\/schema\/logo\/image\/\",\"url\":\"https:\/\/epochtimestr.com\/wp-content\/uploads\/2011y\/ET-Logo-YG.jpg\",\"contentUrl\":\"https:\/\/epochtimestr.com\/wp-content\/uploads\/2011y\/ET-Logo-YG.jpg\",\"width\":346,\"height\":29,\"caption\":\"The EpochTimes T\u00fcrkiye\"},\"image\":{\"@id\":\"https:\/\/epochtimestr.com\/#\/schema\/logo\/image\/\"},\"sameAs\":[\"https:\/\/www.facebook.com\/theepochtimestr\",\"https:\/\/x.com\/TheEpochTimesTR\",\"https:\/\/www.instagram.com\/epochtimestr\"]},{\"@type\":\"Person\",\"@id\":\"https:\/\/epochtimestr.com\/#\/schema\/person\/b5509977c9a6cd729a3e74d9743d035b\",\"name\":\"G.Hakan Ko\u00e7man\",\"image\":{\"@type\":\"ImageObject\",\"inLanguage\":\"tr\",\"@id\":\"https:\/\/epochtimestr.com\/#\/schema\/person\/image\/\",\"url\":\"https:\/\/secure.gravatar.com\/avatar\/e4eafee1ab5d1f4015c3930376b22ca8?s=96&d=mm&r=g\",\"contentUrl\":\"https:\/\/secure.gravatar.com\/avatar\/e4eafee1ab5d1f4015c3930376b22ca8?s=96&d=mm&r=g\",\"caption\":\"G.Hakan Ko\u00e7man\"},\"url\":\"https:\/\/epochtimestr.com\/index.php\/author\/hakan\"}]}<\/script>\n<!-- \/ Yoast SEO plugin. -->","yoast_head_json":{"title":"Gazeteci U\u011fur Pi\u015fmanl\u0131k 15 Temmuz Yorumu Y\u00fcz\u00fcnden \u0130fadeye \u00c7a\u011fr\u0131ld\u0131 - The Epoch Times TR","description":"Gazeteci U\u011fur Pi\u015fmanl\u0131k bir haber sitesinin 15 Temmuz olaylar\u0131na ait payla\u015ft\u0131\u011f\u0131 g\u00f6rselin alt\u0131na yapt\u0131\u011f\u0131 yorum y\u00fcz\u00fcnden ifadeye \u00e7a\u011fr\u0131ld\u0131.","robots":{"index":"index","follow":"follow","max-snippet":"max-snippet:-1","max-image-preview":"max-image-preview:large","max-video-preview":"max-video-preview:-1"},"canonical":"https:\/\/epochtimestr.com\/index.php\/gazeteci-ugur-pismanlik-15-temmuz-yorumu-yuzunden-ifadeye-cagrildi","og_locale":"tr_TR","og_type":"article","og_title":"Gazeteci U\u011fur Pi\u015fmanl\u0131k 15 Temmuz Yorumu Y\u00fcz\u00fcnden \u0130fadeye \u00c7a\u011fr\u0131ld\u0131 - The Epoch Times TR","og_description":"Gazeteci U\u011fur Pi\u015fmanl\u0131k bir haber sitesinin 15 Temmuz olaylar\u0131na ait payla\u015ft\u0131\u011f\u0131 g\u00f6rselin alt\u0131na yapt\u0131\u011f\u0131 yorum y\u00fcz\u00fcnden ifadeye \u00e7a\u011fr\u0131ld\u0131.","og_url":"https:\/\/epochtimestr.com\/index.php\/gazeteci-ugur-pismanlik-15-temmuz-yorumu-yuzunden-ifadeye-cagrildi","og_site_name":"The Epoch Times TR","article_publisher":"https:\/\/www.facebook.com\/theepochtimestr","article_published_time":"2026-08-18T08:01:25+00:00","article_modified_time":"2026-08-18T10:50:45+00:00","og_image":[{"width":1691,"height":1125,"url":"https:\/\/epochtimestr.com\/wp-content\/uploads\/2011y\/Ugur-Pismanlik.jpeg","type":"image\/jpeg"}],"author":"G.Hakan Ko\u00e7man","twitter_card":"summary_large_image","twitter_creator":"@TheEpochTimesTR","twitter_site":"@TheEpochTimesTR","twitter_misc":{"Yazan:":"G.Hakan Ko\u00e7man","Tahmini okuma s\u00fcresi":"2 dakika"},"schema":{"@context":"https:\/\/schema.org","@graph":[{"@type":"Article","@id":"https:\/\/epochtimestr.com\/index.php\/gazeteci-ugur-pismanlik-15-temmuz-yorumu-yuzunden-ifadeye-cagrildi#article","isPartOf":{"@id":"https:\/\/epochtimestr.com\/index.php\/gazeteci-ugur-pismanlik-15-temmuz-yorumu-yuzunden-ifadeye-cagrildi"},"author":{"name":"G.Hakan Ko\u00e7man","@id":"https:\/\/epochtimestr.com\/#\/schema\/person\/b5509977c9a6cd729a3e74d9743d035b"},"headline":"Gazeteci U\u011fur Pi\u015fmanl\u0131k 15 Temmuz Yorumu Y\u00fcz\u00fcnden \u0130fadeye \u00c7a\u011fr\u0131ld\u0131","datePublished":"2026-08-18T08:01:25+00:00","dateModified":"2026-08-18T10:50:45+00:00","mainEntityOfPage":{"@id":"https:\/\/epochtimestr.com\/index.php\/gazeteci-ugur-pismanlik-15-temmuz-yorumu-yuzunden-ifadeye-cagrildi"},"wordCount":365,"commentCount":0,"publisher":{"@id":"https:\/\/epochtimestr.com\/#organization"},"image":{"@id":"https:\/\/epochtimestr.com\/index.php\/gazeteci-ugur-pismanlik-15-temmuz-yorumu-yuzunden-ifadeye-cagrildi#primaryimage"},"thumbnailUrl":"https:\/\/epochtimestr.com\/wp-content\/uploads\/2011y\/Ugur-Pismanlik.jpeg","articleSection":["G\u00dcNDEM","MAN\u015eET","T\u00dcRK\u0130YE"],"inLanguage":"tr","potentialAction":[{"@type":"CommentAction","name":"Comment","target":["https:\/\/epochtimestr.com\/index.php\/gazeteci-ugur-pismanlik-15-temmuz-yorumu-yuzunden-ifadeye-cagrildi#respond"]}]},{"@type":"WebPage","@id":"https:\/\/epochtimestr.com\/index.php\/gazeteci-ugur-pismanlik-15-temmuz-yorumu-yuzunden-ifadeye-cagrildi","url":"https:\/\/epochtimestr.com\/index.php\/gazeteci-ugur-pismanlik-15-temmuz-yorumu-yuzunden-ifadeye-cagrildi","name":"Gazeteci U\u011fur Pi\u015fmanl\u0131k 15 Temmuz Yorumu Y\u00fcz\u00fcnden \u0130fadeye \u00c7a\u011fr\u0131ld\u0131 - The Epoch Times TR","isPartOf":{"@id":"https:\/\/epochtimestr.com\/#website"},"primaryImageOfPage":{"@id":"https:\/\/epochtimestr.com\/index.php\/gazeteci-ugur-pismanlik-15-temmuz-yorumu-yuzunden-ifadeye-cagrildi#primaryimage"},"image":{"@id":"https:\/\/epochtimestr.com\/index.php\/gazeteci-ugur-pismanlik-15-temmuz-yorumu-yuzunden-ifadeye-cagrildi#primaryimage"},"thumbnailUrl":"https:\/\/epochtimestr.com\/wp-content\/uploads\/2011y\/Ugur-Pismanlik.jpeg","datePublished":"2026-08-18T08:01:25+00:00","dateModified":"2026-08-18T10:50:45+00:00","description":"Gazeteci U\u011fur Pi\u015fmanl\u0131k bir haber sitesinin 15 Temmuz olaylar\u0131na ait payla\u015ft\u0131\u011f\u0131 g\u00f6rselin alt\u0131na yapt\u0131\u011f\u0131 yorum y\u00fcz\u00fcnden ifadeye \u00e7a\u011fr\u0131ld\u0131.","inLanguage":"tr","potentialAction":[{"@type":"ReadAction","target":["https:\/\/epochtimestr.com\/index.php\/gazeteci-ugur-pismanlik-15-temmuz-yorumu-yuzunden-ifadeye-cagrildi"]}]},{"@type":"ImageObject","inLanguage":"tr","@id":"https:\/\/epochtimestr.com\/index.php\/gazeteci-ugur-pismanlik-15-temmuz-yorumu-yuzunden-ifadeye-cagrildi#primaryimage","url":"https:\/\/epochtimestr.com\/wp-content\/uploads\/2011y\/Ugur-Pismanlik.jpeg","contentUrl":"https:\/\/epochtimestr.com\/wp-content\/uploads\/2011y\/Ugur-Pismanlik.jpeg","width":1691,"height":1125},{"@type":"WebSite","@id":"https:\/\/epochtimestr.com\/#website","url":"https:\/\/epochtimestr.com\/","name":"The Epoch Times TR","description":"De\u011fi\u015fen D\u00fcnyam\u0131za Taze Bir Bak\u0131\u015f","publisher":{"@id":"https:\/\/epochtimestr.com\/#organization"},"potentialAction":[{"@type":"SearchAction","target":{"@type":"EntryPoint","urlTemplate":"https:\/\/epochtimestr.com\/?s={search_term_string}"},"query-input":"required name=search_term_string"}],"inLanguage":"tr"},{"@type":"Organization","@id":"https:\/\/epochtimestr.com\/#organization","name":"The EpochTimes T\u00fcrkiye","url":"https:\/\/epochtimestr.com\/","logo":{"@type":"ImageObject","inLanguage":"tr","@id":"https:\/\/epochtimestr.com\/#\/schema\/logo\/image\/","url":"https:\/\/epochtimestr.com\/wp-content\/uploads\/2011y\/ET-Logo-YG.jpg","contentUrl":"https:\/\/epochtimestr.com\/wp-content\/uploads\/2011y\/ET-Logo-YG.jpg","width":346,"height":29,"caption":"The EpochTimes T\u00fcrkiye"},"image":{"@id":"https:\/\/epochtimestr.com\/#\/schema\/logo\/image\/"},"sameAs":["https:\/\/www.facebook.com\/theepochtimestr","https:\/\/x.com\/TheEpochTimesTR","https:\/\/www.instagram.com\/epochtimestr"]},{"@type":"Person","@id":"https:\/\/epochtimestr.com\/#\/schema\/person\/b5509977c9a6cd729a3e74d9743d035b","name":"G.Hakan Ko\u00e7man","image":{"@type":"ImageObject","inLanguage":"tr","@id":"https:\/\/epochtimestr.com\/#\/schema\/person\/image\/","url":"https:\/\/secure.gravatar.com\/avatar\/e4eafee1ab5d1f4015c3930376b22ca8?s=96&d=mm&r=g","contentUrl":"https:\/\/secure.gravatar.com\/avatar\/e4eafee1ab5d1f4015c3930376b22ca8?s=96&d=mm&r=g","caption":"G.Hakan Ko\u00e7man"},"url":"https:\/\/epochtimestr.com\/index.php\/author\/hakan"}]}},"_links":{"self":[{"href":"https:\/\/epochtimestr.com\/index.php\/wp-json\/wp\/v2\/posts\/170526"}],"collection":[{"href":"https:\/\/epochtimestr.com\/index.php\/wp-json\/wp\/v2\/posts"}],"about":[{"href":"https:\/\/epochtimestr.com\/index.php\/wp-json\/wp\/v2\/types\/post"}],"author":[{"embeddable":true,"href":"https:\/\/epochtimestr.com\/index.php\/wp-json\/wp\/v2\/users\/22"}],"replies":[{"embeddable":true,"href":"https:\/\/epochtimestr.com\/index.php\/wp-json\/wp\/v2\/comments?post=170526"}],"version-history":[{"count":5,"href":"https:\/\/epochtimestr.com\/index.php\/wp-json\/wp\/v2\/posts\/170526\/revisions"}],"predecessor-version":[{"id":170545,"href":"https:\/\/epochtimestr.com\/index.php\/wp-json\/wp\/v2\/posts\/170526\/revisions\/170545"}],"wp:featuredmedia":[{"embeddable":true,"href":"https:\/\/epochtimestr.com\/index.php\/wp-json\/wp\/v2\/media\/170527"}],"wp:attachment":[{"href":"https:\/\/epochtimestr.com\/index.php\/wp-json\/wp\/v2\/media?parent=170526"}],"wp:term":[{"taxonomy":"category","embeddable":true,"href":"https:\/\/epochtimestr.com\/index.php\/wp-json\/wp\/v2\/categories?post=170526"},{"taxonomy":"post_tag","embeddable":true,"href":"https:\/\/epochtimestr.com\/index.php\/wp-json\/wp\/v2\/tags?post=170526"}],"curies":[{"name":"wp","href":"https:\/\/api.w.org\/{rel}","templated":true}]}}