{"id":170590,"date":"2026-08-19T08:14:02","date_gmt":"2026-08-19T05:14:02","guid":{"rendered":"https:\/\/epochtimestr.com\/?p=170590"},"modified":"2026-08-19T08:14:04","modified_gmt":"2026-08-19T05:14:04","slug":"yeni-parti-gaziantep-milletvekili-melih-meric-bicaklandi","status":"publish","type":"post","link":"https:\/\/epochtimestr.com\/index.php\/yeni-parti-gaziantep-milletvekili-melih-meric-bicaklandi","title":{"rendered":"YEN\u0130 Parti Gaziantep Milletvekili Melih Meri\u00e7 B\u0131\u00e7akland\u0131"},"content":{"rendered":"<div class=\"wp-block-image\">\n<figure class=\"aligncenter size-full\"><img loading=\"lazy\" decoding=\"async\" width=\"869\" height=\"477\" src=\"https:\/\/epochtimestr.com\/wp-content\/uploads\/2011y\/melih.jpg\" alt=\"YEN\u0130 Partili Gaziantep Milletvekili Melih Meri\u00e7 b\u0131\u00e7akland\u0131. (Foto\u011fraf: M.Meri\u00e7 x hesab\u0131)\" class=\"wp-image-170591\" srcset=\"https:\/\/epochtimestr.com\/wp-content\/uploads\/2011y\/melih.jpg 869w, https:\/\/epochtimestr.com\/wp-content\/uploads\/2011y\/melih-300x165.jpg 300w, https:\/\/epochtimestr.com\/wp-content\/uploads\/2011y\/melih-150x82.jpg 150w, https:\/\/epochtimestr.com\/wp-content\/uploads\/2011y\/melih-768x422.jpg 768w\" sizes=\"(max-width: 869px) 100vw, 869px\" \/><figcaption class=\"wp-element-caption\">YEN\u0130 Partili Gaziantep Milletvekili Melih Meri\u00e7 b\u0131\u00e7akland\u0131. (Foto\u011fraf: M.Meri\u00e7 x hesab\u0131)<\/figcaption><\/figure><\/div>\n\n\n<h2 class=\"wp-block-heading\">Gaziantep Milletvekili Yeni Partili Melih Meri\u00e7 sokakta b\u0131\u00e7akl\u0131 sald\u0131r\u0131ya u\u011frad\u0131. Meri\u00e7, Gaziantep \u015eehir Hastanesi&#8217;ne kald\u0131r\u0131ld\u0131.<\/h2>\n\n\n\n<p>Olay, ak\u015fam saatlerinde Karata\u015f Mahallesi\u2019nde meydana geldi. <a href=\"https:\/\/epochtimestr.com\/index.php\/yeni-partiye-gecen-belediyeler-belli-oldu\" target=\"_blank\" rel=\"noreferrer noopener\">Yeni Parti <\/a>Gaziantep Milletvekili Melih Meri\u00e7, sokakta kimli\u011fi belirsiz ki\u015fi taraf\u0131ndan b\u0131\u00e7akland\u0131. Melih Meri\u00e7 yaralan\u0131rken, ihbar \u00fczerine olay yerine polis ve sa\u011fl\u0131k ekipleri sevk edildi. Meri\u00e7, hastaneye kald\u0131r\u0131larak tedaviye al\u0131nd\u0131.<\/p>\n\n\n\n<p>Merkez \u015eahinbey il\u00e7esi Akkent Mahallesi\u2019nde sald\u0131r\u0131ya u\u011frayan milletvekili Meri\u00e7&#8217;in Gaziantep \u015eehir Hastanesi&#8217;nde ameliyata al\u0131nd\u0131\u011f\u0131 \u00f6\u011frenildi. \u0130ddiaya g\u00f6re, CHP eski O\u011fuzeli \u0130l\u00e7e Ba\u015fkan\u0131 Seydi Ahmet Kele\u015f, &#8216;ki\u015fisel husumetten&#8217; dolay\u0131 Meri\u00e7&#8217;e b\u0131\u00e7akla sald\u0131rd\u0131. Polis ekipleri olayla ilgili soru\u015fturma ba\u015flatt\u0131. Adalet Bakan\u0131 Ak\u0131n G\u00fcrlek, Gaziantep Milletvekili Melih Meri\u00e7\u2019e y\u00f6nelik b\u0131\u00e7akl\u0131 sald\u0131r\u0131n\u0131n ard\u0131ndan a\u00e7\u0131klama yapt\u0131.<\/p>\n\n\n\n<p><strong>Bakan G\u00fcrlek a\u00e7\u0131klamada \u015fu ifadeleri kulland\u0131:<\/strong><\/p>\n\n\n\n<p>&#8220;Gaziantep Milletvekili Say\u0131n Melih Meri\u00e7&#8217;e y\u00f6nelik ger\u00e7ekle\u015ftirilen menfur sald\u0131r\u0131y\u0131 \u015fiddetle k\u0131n\u0131yorum. Tedavisi s\u00fcren Say\u0131n Milletvekilimize acil \u015fifalar diliyor, ailesine ge\u00e7mi\u015f olsun dileklerimi iletiyorum.<br \/>Bu kabul edilemez sald\u0131r\u0131n\u0131n t\u00fcm boyutlar\u0131yla ayd\u0131nlat\u0131lmas\u0131 ve faillerin adalet \u00f6n\u00fcnde hesap vermesi i\u00e7in Gaziantep Cumhuriyet Ba\u015fsavc\u0131l\u0131\u011f\u0131m\u0131zca derhal adli soru\u015fturma ba\u015flat\u0131lm\u0131\u015ft\u0131r. S\u00fcreci yak\u0131ndan ve titizlikle takip ediyoruz.<\/p>\n\n\n\n<p>Kayna\u011f\u0131 ve gerek\u00e7esi ne olursa olsun, \u015fiddetin her t\u00fcrl\u00fcs\u00fcne kar\u015f\u0131y\u0131z. Adli makamlar\u0131m\u0131z, bu karanl\u0131k sald\u0131r\u0131n\u0131n b\u00fct\u00fcn boyutlar\u0131n\u0131 ortaya \u00e7\u0131kararak sorumlular\u0131n adalet \u00f6n\u00fcnde hesap vermesi i\u00e7in gereken t\u00fcm ad\u0131mlar\u0131 kararl\u0131l\u0131kla atmaktad\u0131r.&#8221;<\/p>\n\n\n\n<figure class=\"wp-block-embed is-type-rich is-provider-x wp-block-embed-x\"><div class=\"wp-block-embed__wrapper\">\n<blockquote class=\"twitter-tweet\" data-width=\"550\" data-dnt=\"true\"><p lang=\"tr\" dir=\"ltr\">Gaziantep Milletvekili Say\u0131n Melih Meri\u00e7\u2019e y\u00f6nelik ger\u00e7ekle\u015ftirilen menfur sald\u0131r\u0131y\u0131 \u015fiddetle k\u0131n\u0131yorum. Tedavisi s\u00fcren Say\u0131n Milletvekilimize acil \u015fifalar diliyor, ailesine ge\u00e7mi\u015f olsun dileklerimi iletiyorum.<br><br>Bu kabul edilemez sald\u0131r\u0131n\u0131n t\u00fcm boyutlar\u0131yla ayd\u0131nlat\u0131lmas\u0131 ve\u2026<\/p>&mdash; Ak\u0131n G\u00fcrlek (@abakingurlek) <a href=\"https:\/\/x.com\/abakingurlek\/status\/2089769383514030120?ref_src=twsrc%5Etfw\">August 18, 2026<\/a><\/blockquote><script async src=\"https:\/\/platform.x.com\/widgets.js\" charset=\"utf-8\"><\/script>\n<\/div><\/figure>\n\n\n\n<h3 class=\"wp-block-heading\">Valilikten yap\u0131lan ilk a\u00e7\u0131klamada:<\/h3>\n\n\n\n<p>Gaziantep Valisi \u00c7eber, Yeni Parti Milletvekili Melih Meri\u00e7&#8217;in u\u011frad\u0131\u011f\u0131 b\u0131\u00e7akl\u0131 sald\u0131r\u0131 sonucu yaraland\u0131\u011f\u0131n\u0131 bildirdi. \u00c7eber, milletvekili Meri\u00e7&#8217;in kent merkezinde b\u0131\u00e7akl\u0131 sald\u0131r\u0131ya u\u011frad\u0131\u011f\u0131n\u0131 s\u00f6yledi.<\/p>\n\n\n\n<p>Sald\u0131r\u0131n\u0131n ard\u0131ndan Meri\u00e7&#8217;in hastaneye kald\u0131r\u0131ld\u0131\u011f\u0131n\u0131 ve tedavi alt\u0131na al\u0131nd\u0131\u011f\u0131n\u0131 belirten \u00c7eber, &#8220;Konuyu titizlikle takip ediyoruz. \u00dcmit ederim ki milletvekilimizi k\u0131sa zamanda aram\u0131zda g\u00f6r\u00fcr\u00fcz.&#8221; dedi. Gaziantep \u015eehir Hastanesine gelen Vali \u00c7eber, \u00e7\u0131k\u0131\u015fta gazetecilere Meri\u00e7&#8217;in durumunun iyi oldu\u011funu s\u00f6yledi.<\/p>\n\n\n\n<p><strong>Valilikten yap\u0131lan ikinci a\u00e7\u0131klamada:<\/strong><\/p>\n\n\n\n<p>Milletvekili Melih Meri\u00e7\u2019in son durumu hakk\u0131nda bilgi veren Gaziantep Valisi Kemal \u00c7eber, &#8220;\u00d6ncelikle g\u00fczel haberden ba\u015flayay\u0131m. Vekilimizin durumu elhamd\u00fclillah iyi. Ameliyat\u0131 biraz \u00f6nce tamamland\u0131. Biz de anl\u0131k olarak takip ettik. Ba\u015fhekimimiz de yan\u0131mda ihtiya\u00e7 olursa teknik bilgileri verir.<\/p>\n\n\n\n<p>Ama yakla\u015f\u0131k bir bu\u00e7uk saat \u00f6nce Vekilimiz yine \u015fehrimizin sokaklar\u0131ndayken, vatanda\u015fla beraberken yan\u0131na yakla\u015fan bir \u015fah\u0131s taraf\u0131ndan \u00f6nce sohbet, sonra o sohbetin tart\u0131\u015fmaya d\u00f6nmesi, ondan sonra da \u015fahs\u0131n Vekilimizi b\u0131\u00e7aklamas\u0131 \u015feklinde geli\u015fen bir olay var. \u015eah\u0131s bilinen bir \u015fah\u0131s, bir siyasi partimizin eski O\u011fuzeli il\u00e7e ba\u015fkan\u0131 in\u015fallah yak\u0131n bir zamanda da emniyet g\u00fc\u00e7lerimiz onu alacaklar. Yani \u015fah\u0131s tespitli ka\u00e7t\u0131\u011f\u0131 b\u00f6lgeyi biliyoruz. K\u0131sa zamanda alaca\u011f\u0131m\u0131z\u0131 d\u00fc\u015f\u00fcn\u00fcyoruz ama \u00f6nceli\u011fimiz tabii vekilimizin sa\u011fl\u0131k durumu. O da elhamd\u00fclillah \u00e7ok k\u0131sa zamanda hastanemize intikal ettirildi. Sa\u011f olsun k\u0131ymetli ba\u015fhekimim, sa\u011fl\u0131k m\u00fcd\u00fcr\u00fcm t\u00fcm organizasyonu an\u0131nda yapt\u0131. H\u0131zl\u0131ca ameliyata al\u0131nd\u0131. <\/p>\n\n\n\n<h3 class=\"wp-block-heading\">&#8220;Korktu\u011fumuz baz\u0131 senaryolar vard\u0131. Hi\u00e7birisi de olmad\u0131.&#8221;<\/h3>\n\n\n\n<p>Korktu\u011fumuz baz\u0131 senaryolar vard\u0131. Hi\u00e7birisi de olmad\u0131, toparland\u0131. Yani ba\u011f\u0131rsaklar\u0131nda bir problem vard\u0131 ama elhamd\u00fclillah toparland\u0131. O s\u00fcre\u00e7 i\u00e7erisinde de Meclis Ba\u015fkan\u0131m\u0131z Numan Kurtulmu\u015f, \u0130\u015f\u00e7iler Bakan\u0131m\u0131z Mustafa \u00c7ift\u00e7i, Sa\u011fl\u0131k Bakan\u0131m\u0131z Kemal Memi\u015fo\u011flu \u00e7ok yak\u0131ndan takip ettiler. Aileyle g\u00f6r\u00fc\u015ft\u00fcler. Bizlerden bilgi ald\u0131lar. Onlar da anl\u0131k olarak takip ediyor. \u00c7ok \u00fcz\u00fcld\u00fck. Yani hepimiz \u00e7ok \u00fcz\u00fcld\u00fck. Gaziantep olarak \u00e7ok \u00fcz\u00fcld\u00fck. Benim telefonlar\u0131m susmuyor, arkada\u015flar\u0131m\u0131z\u0131n telefonlar\u0131 susmuyor. Yani nas\u0131l diyor herkes ama i\u015fte Allah korudu. Vekilimiz de hepimizin \u00e7ok sevdi\u011fi, t\u00fcm \u015fehrin \u00e7ok sevdi\u011fi, \u00e7ok g\u00fcler y\u00fczl\u00fc, s\u00fcrekli insanlarla hakla i\u00e7 i\u00e7e olan bir vekildir. Sizler de kendisini gayet iyi tan\u0131yorsunuz. Ama in\u015fallah sa\u011fl\u0131kla \u00e7ok k\u0131sa bir zamanda tekrar sevdiklerine ve in\u015fallah \u015fehrimizin hizmetine d\u00f6necektir.<\/p>\n\n\n\n<p>Zanl\u0131 hen\u00fcz yakalanmad\u0131. Olay\u0131n nedeni tabi onu bilemiyoruz ama \u015fah\u0131s dedi\u011fim gibi bir siyasi partinin eski O\u011fuzeli il\u00e7e ba\u015fkan\u0131 art\u0131k hangi konuda tart\u0131\u015f\u0131yorlarsa g\u00f6r\u00fcnt\u00fcde \u00f6nce bir sohbet var ama sonra tart\u0131\u015fmaya d\u00f6nen bir g\u00f6r\u00fcnt\u00fc takip ediliyor. Onu \u015fah\u0131s al\u0131nd\u0131\u011f\u0131nda ona soraca\u011f\u0131z. Vekilimiz kendine geldi\u011finde kendileri meseleyi anlatacaklar ama konu ne olursa olsun yani sonucunun b\u0131\u00e7aklama, yaralanma kim olursa olsun olmamas\u0131 tabii gerekiyor. Hepimizi \u00fczd\u00fc ama dedi\u011fim gibi \u015fahs\u0131 biliyoruz. 27 tane su\u00e7 kayd\u0131 olan bir \u015fah\u0131s ve i\u015fte bindi\u011fi ara\u00e7tan indi\u011fi ve gitti\u011fi g\u00fczergah tespitli. Arkada\u015flar\u0131m\u0131z t\u00fcm teknik imkanlar\u0131, t\u00fcm fizik imkanlar\u0131, insan kayna\u011f\u0131 imkanlar\u0131n\u0131 kullanarak k\u0131sa zamanda onu alacaklar. \u015eimdi b\u00fct\u00fcn ekiplerimiz o b\u00f6lgede \u00e7al\u0131\u015f\u0131yor. Elhamd\u00fclillah hayati risk yok. Onu k\u0131ymetli ba\u015fhekimim daha iyi ifade eder&#8221; ifadelerini kulland\u0131.<\/p>\n","protected":false},"excerpt":{"rendered":"<p>Gaziantep Milletvekili Yeni Partili Melih Meri\u00e7 sokakta b\u0131\u00e7akl\u0131 sald\u0131r\u0131ya u\u011frad\u0131. Meri\u00e7, Gaziantep \u015eehir Hastanesi&#8217;ne kald\u0131r\u0131ld\u0131. Olay, ak\u015fam saatlerinde Karata\u015f Mahallesi\u2019nde meydana geldi. Yeni Parti Gaziantep Milletvekili Melih Meri\u00e7, sokakta kimli\u011fi belirsiz ki\u015fi taraf\u0131ndan b\u0131\u00e7akland\u0131. Melih Meri\u00e7 yaralan\u0131rken, ihbar \u00fczerine olay yerine polis ve sa\u011fl\u0131k ekipleri sevk edildi. Meri\u00e7, hastaneye kald\u0131r\u0131larak tedaviye al\u0131nd\u0131. Merkez \u015eahinbey il\u00e7esi [&hellip;]<\/p>\n","protected":false},"author":12791,"featured_media":170591,"comment_status":"open","ping_status":"open","sticky":false,"template":"","format":"standard","meta":{"_yoast_wpseo_focuskw":"Melih Meri\u00e7","_yoast_wpseo_title":"","_yoast_wpseo_metadesc":"Gaziantep Milletvekili Yeni Partili Melih Meri\u00e7 sokakta b\u0131\u00e7akl\u0131 sald\u0131r\u0131ya u\u011frad\u0131. Meri\u00e7, Gaziantep \u015eehir Hastanesi'ne kald\u0131r\u0131ld\u0131.","_bbp_topic_count":0,"_bbp_reply_count":0,"_bbp_total_topic_count":0,"_bbp_total_reply_count":0,"_bbp_voice_count":0,"_bbp_anonymous_reply_count":0,"_bbp_topic_count_hidden":0,"_bbp_reply_count_hidden":0,"_bbp_forum_subforum_count":0,"footnotes":"","_yoast_wpseo_focuskw_text_input":""},"categories":[1,8138,8226],"tags":[12289,583,12311,12310,12312,11909],"yoast_head":"<!-- This site is optimized with the Yoast SEO plugin v23.0 - https:\/\/yoast.com\/wordpress\/plugins\/seo\/ -->\n<title>YEN\u0130 Parti Gaziantep Milletvekili Melih Meri\u00e7 B\u0131\u00e7akland\u0131 - The Epoch Times TR<\/title>\n<meta name=\"description\" content=\"Gaziantep Milletvekili Yeni Partili Melih Meri\u00e7 sokakta b\u0131\u00e7akl\u0131 sald\u0131r\u0131ya u\u011frad\u0131. Meri\u00e7, Gaziantep \u015eehir Hastanesi&#039;ne kald\u0131r\u0131ld\u0131.\" \/>\n<meta name=\"robots\" content=\"index, follow, max-snippet:-1, max-image-preview:large, max-video-preview:-1\" \/>\n<link rel=\"canonical\" href=\"https:\/\/epochtimestr.com\/index.php\/yeni-parti-gaziantep-milletvekili-melih-meric-bicaklandi\" \/>\n<meta property=\"og:locale\" content=\"tr_TR\" \/>\n<meta property=\"og:type\" content=\"article\" \/>\n<meta property=\"og:title\" content=\"YEN\u0130 Parti Gaziantep Milletvekili Melih Meri\u00e7 B\u0131\u00e7akland\u0131 - The Epoch Times TR\" \/>\n<meta property=\"og:description\" content=\"Gaziantep Milletvekili Yeni Partili Melih Meri\u00e7 sokakta b\u0131\u00e7akl\u0131 sald\u0131r\u0131ya u\u011frad\u0131. Meri\u00e7, Gaziantep \u015eehir Hastanesi&#039;ne kald\u0131r\u0131ld\u0131.\" \/>\n<meta property=\"og:url\" content=\"https:\/\/epochtimestr.com\/index.php\/yeni-parti-gaziantep-milletvekili-melih-meric-bicaklandi\" \/>\n<meta property=\"og:site_name\" content=\"The Epoch Times TR\" \/>\n<meta property=\"article:publisher\" content=\"https:\/\/www.facebook.com\/theepochtimestr\" \/>\n<meta property=\"article:published_time\" content=\"2026-08-19T05:14:02+00:00\" \/>\n<meta property=\"article:modified_time\" content=\"2026-08-19T05:14:04+00:00\" \/>\n<meta property=\"og:image\" content=\"https:\/\/epochtimestr.com\/wp-content\/uploads\/2011y\/melih.jpg\" \/>\n\t<meta property=\"og:image:width\" content=\"869\" \/>\n\t<meta property=\"og:image:height\" content=\"477\" \/>\n\t<meta property=\"og:image:type\" content=\"image\/jpeg\" \/>\n<meta name=\"author\" content=\"Haber Merkezi\" \/>\n<meta name=\"twitter:card\" content=\"summary_large_image\" \/>\n<meta name=\"twitter:creator\" content=\"@TheEpochTimesTR\" \/>\n<meta name=\"twitter:site\" content=\"@TheEpochTimesTR\" \/>\n<meta name=\"twitter:label1\" content=\"Yazan:\" \/>\n\t<meta name=\"twitter:data1\" content=\"Haber Merkezi\" \/>\n\t<meta name=\"twitter:label2\" content=\"Tahmini okuma s\u00fcresi\" \/>\n\t<meta name=\"twitter:data2\" content=\"5 dakika\" \/>\n<script type=\"application\/ld+json\" class=\"yoast-schema-graph\">{\"@context\":\"https:\/\/schema.org\",\"@graph\":[{\"@type\":\"Article\",\"@id\":\"https:\/\/epochtimestr.com\/index.php\/yeni-parti-gaziantep-milletvekili-melih-meric-bicaklandi#article\",\"isPartOf\":{\"@id\":\"https:\/\/epochtimestr.com\/index.php\/yeni-parti-gaziantep-milletvekili-melih-meric-bicaklandi\"},\"author\":{\"name\":\"Haber Merkezi\",\"@id\":\"https:\/\/epochtimestr.com\/#\/schema\/person\/3dc5c3adeb9f43923c5aa85889172fdd\"},\"headline\":\"YEN\u0130 Parti Gaziantep Milletvekili Melih Meri\u00e7 B\u0131\u00e7akland\u0131\",\"datePublished\":\"2026-08-19T05:14:02+00:00\",\"dateModified\":\"2026-08-19T05:14:04+00:00\",\"mainEntityOfPage\":{\"@id\":\"https:\/\/epochtimestr.com\/index.php\/yeni-parti-gaziantep-milletvekili-melih-meric-bicaklandi\"},\"wordCount\":942,\"commentCount\":0,\"publisher\":{\"@id\":\"https:\/\/epochtimestr.com\/#organization\"},\"image\":{\"@id\":\"https:\/\/epochtimestr.com\/index.php\/yeni-parti-gaziantep-milletvekili-melih-meric-bicaklandi#primaryimage\"},\"thumbnailUrl\":\"https:\/\/epochtimestr.com\/wp-content\/uploads\/2011y\/melih.jpg\",\"keywords\":[\"Adalet Bakan\u0131 Ak\u0131n G\u00fcrlek\",\"CHP\",\"Gaziantep Valisi Kemal \u00c7eber\",\"Melih Meri\u00e7\",\"Seydi Ahmet Kele\u015f\",\"YEN\u0130 Parti\"],\"articleSection\":[\"G\u00dcNDEM\",\"MAN\u015eET\",\"Siyaset\"],\"inLanguage\":\"tr\",\"potentialAction\":[{\"@type\":\"CommentAction\",\"name\":\"Comment\",\"target\":[\"https:\/\/epochtimestr.com\/index.php\/yeni-parti-gaziantep-milletvekili-melih-meric-bicaklandi#respond\"]}]},{\"@type\":\"WebPage\",\"@id\":\"https:\/\/epochtimestr.com\/index.php\/yeni-parti-gaziantep-milletvekili-melih-meric-bicaklandi\",\"url\":\"https:\/\/epochtimestr.com\/index.php\/yeni-parti-gaziantep-milletvekili-melih-meric-bicaklandi\",\"name\":\"YEN\u0130 Parti Gaziantep Milletvekili Melih Meri\u00e7 B\u0131\u00e7akland\u0131 - The Epoch Times TR\",\"isPartOf\":{\"@id\":\"https:\/\/epochtimestr.com\/#website\"},\"primaryImageOfPage\":{\"@id\":\"https:\/\/epochtimestr.com\/index.php\/yeni-parti-gaziantep-milletvekili-melih-meric-bicaklandi#primaryimage\"},\"image\":{\"@id\":\"https:\/\/epochtimestr.com\/index.php\/yeni-parti-gaziantep-milletvekili-melih-meric-bicaklandi#primaryimage\"},\"thumbnailUrl\":\"https:\/\/epochtimestr.com\/wp-content\/uploads\/2011y\/melih.jpg\",\"datePublished\":\"2026-08-19T05:14:02+00:00\",\"dateModified\":\"2026-08-19T05:14:04+00:00\",\"description\":\"Gaziantep Milletvekili Yeni Partili Melih Meri\u00e7 sokakta b\u0131\u00e7akl\u0131 sald\u0131r\u0131ya u\u011frad\u0131. Meri\u00e7, Gaziantep \u015eehir Hastanesi'ne kald\u0131r\u0131ld\u0131.\",\"inLanguage\":\"tr\",\"potentialAction\":[{\"@type\":\"ReadAction\",\"target\":[\"https:\/\/epochtimestr.com\/index.php\/yeni-parti-gaziantep-milletvekili-melih-meric-bicaklandi\"]}]},{\"@type\":\"ImageObject\",\"inLanguage\":\"tr\",\"@id\":\"https:\/\/epochtimestr.com\/index.php\/yeni-parti-gaziantep-milletvekili-melih-meric-bicaklandi#primaryimage\",\"url\":\"https:\/\/epochtimestr.com\/wp-content\/uploads\/2011y\/melih.jpg\",\"contentUrl\":\"https:\/\/epochtimestr.com\/wp-content\/uploads\/2011y\/melih.jpg\",\"width\":869,\"height\":477},{\"@type\":\"WebSite\",\"@id\":\"https:\/\/epochtimestr.com\/#website\",\"url\":\"https:\/\/epochtimestr.com\/\",\"name\":\"The Epoch Times TR\",\"description\":\"De\u011fi\u015fen D\u00fcnyam\u0131za Taze Bir Bak\u0131\u015f\",\"publisher\":{\"@id\":\"https:\/\/epochtimestr.com\/#organization\"},\"potentialAction\":[{\"@type\":\"SearchAction\",\"target\":{\"@type\":\"EntryPoint\",\"urlTemplate\":\"https:\/\/epochtimestr.com\/?s={search_term_string}\"},\"query-input\":\"required name=search_term_string\"}],\"inLanguage\":\"tr\"},{\"@type\":\"Organization\",\"@id\":\"https:\/\/epochtimestr.com\/#organization\",\"name\":\"The EpochTimes T\u00fcrkiye\",\"url\":\"https:\/\/epochtimestr.com\/\",\"logo\":{\"@type\":\"ImageObject\",\"inLanguage\":\"tr\",\"@id\":\"https:\/\/epochtimestr.com\/#\/schema\/logo\/image\/\",\"url\":\"https:\/\/epochtimestr.com\/wp-content\/uploads\/2011y\/ET-Logo-YG.jpg\",\"contentUrl\":\"https:\/\/epochtimestr.com\/wp-content\/uploads\/2011y\/ET-Logo-YG.jpg\",\"width\":346,\"height\":29,\"caption\":\"The EpochTimes T\u00fcrkiye\"},\"image\":{\"@id\":\"https:\/\/epochtimestr.com\/#\/schema\/logo\/image\/\"},\"sameAs\":[\"https:\/\/www.facebook.com\/theepochtimestr\",\"https:\/\/x.com\/TheEpochTimesTR\",\"https:\/\/www.instagram.com\/epochtimestr\"]},{\"@type\":\"Person\",\"@id\":\"https:\/\/epochtimestr.com\/#\/schema\/person\/3dc5c3adeb9f43923c5aa85889172fdd\",\"name\":\"Haber Merkezi\",\"image\":{\"@type\":\"ImageObject\",\"inLanguage\":\"tr\",\"@id\":\"https:\/\/epochtimestr.com\/#\/schema\/person\/image\/\",\"url\":\"https:\/\/secure.gravatar.com\/avatar\/d73f772ba5a74f28601361e17c2f93e6?s=96&d=mm&r=g\",\"contentUrl\":\"https:\/\/secure.gravatar.com\/avatar\/d73f772ba5a74f28601361e17c2f93e6?s=96&d=mm&r=g\",\"caption\":\"Haber Merkezi\"},\"url\":\"https:\/\/epochtimestr.com\/index.php\/author\/sendag\"}]}<\/script>\n<!-- \/ Yoast SEO plugin. -->","yoast_head_json":{"title":"YEN\u0130 Parti Gaziantep Milletvekili Melih Meri\u00e7 B\u0131\u00e7akland\u0131 - The Epoch Times TR","description":"Gaziantep Milletvekili Yeni Partili Melih Meri\u00e7 sokakta b\u0131\u00e7akl\u0131 sald\u0131r\u0131ya u\u011frad\u0131. Meri\u00e7, Gaziantep \u015eehir Hastanesi'ne kald\u0131r\u0131ld\u0131.","robots":{"index":"index","follow":"follow","max-snippet":"max-snippet:-1","max-image-preview":"max-image-preview:large","max-video-preview":"max-video-preview:-1"},"canonical":"https:\/\/epochtimestr.com\/index.php\/yeni-parti-gaziantep-milletvekili-melih-meric-bicaklandi","og_locale":"tr_TR","og_type":"article","og_title":"YEN\u0130 Parti Gaziantep Milletvekili Melih Meri\u00e7 B\u0131\u00e7akland\u0131 - The Epoch Times TR","og_description":"Gaziantep Milletvekili Yeni Partili Melih Meri\u00e7 sokakta b\u0131\u00e7akl\u0131 sald\u0131r\u0131ya u\u011frad\u0131. Meri\u00e7, Gaziantep \u015eehir Hastanesi'ne kald\u0131r\u0131ld\u0131.","og_url":"https:\/\/epochtimestr.com\/index.php\/yeni-parti-gaziantep-milletvekili-melih-meric-bicaklandi","og_site_name":"The Epoch Times TR","article_publisher":"https:\/\/www.facebook.com\/theepochtimestr","article_published_time":"2026-08-19T05:14:02+00:00","article_modified_time":"2026-08-19T05:14:04+00:00","og_image":[{"width":869,"height":477,"url":"https:\/\/epochtimestr.com\/wp-content\/uploads\/2011y\/melih.jpg","type":"image\/jpeg"}],"author":"Haber Merkezi","twitter_card":"summary_large_image","twitter_creator":"@TheEpochTimesTR","twitter_site":"@TheEpochTimesTR","twitter_misc":{"Yazan:":"Haber Merkezi","Tahmini okuma s\u00fcresi":"5 dakika"},"schema":{"@context":"https:\/\/schema.org","@graph":[{"@type":"Article","@id":"https:\/\/epochtimestr.com\/index.php\/yeni-parti-gaziantep-milletvekili-melih-meric-bicaklandi#article","isPartOf":{"@id":"https:\/\/epochtimestr.com\/index.php\/yeni-parti-gaziantep-milletvekili-melih-meric-bicaklandi"},"author":{"name":"Haber Merkezi","@id":"https:\/\/epochtimestr.com\/#\/schema\/person\/3dc5c3adeb9f43923c5aa85889172fdd"},"headline":"YEN\u0130 Parti Gaziantep Milletvekili Melih Meri\u00e7 B\u0131\u00e7akland\u0131","datePublished":"2026-08-19T05:14:02+00:00","dateModified":"2026-08-19T05:14:04+00:00","mainEntityOfPage":{"@id":"https:\/\/epochtimestr.com\/index.php\/yeni-parti-gaziantep-milletvekili-melih-meric-bicaklandi"},"wordCount":942,"commentCount":0,"publisher":{"@id":"https:\/\/epochtimestr.com\/#organization"},"image":{"@id":"https:\/\/epochtimestr.com\/index.php\/yeni-parti-gaziantep-milletvekili-melih-meric-bicaklandi#primaryimage"},"thumbnailUrl":"https:\/\/epochtimestr.com\/wp-content\/uploads\/2011y\/melih.jpg","keywords":["Adalet Bakan\u0131 Ak\u0131n G\u00fcrlek","CHP","Gaziantep Valisi Kemal \u00c7eber","Melih Meri\u00e7","Seydi Ahmet Kele\u015f","YEN\u0130 Parti"],"articleSection":["G\u00dcNDEM","MAN\u015eET","Siyaset"],"inLanguage":"tr","potentialAction":[{"@type":"CommentAction","name":"Comment","target":["https:\/\/epochtimestr.com\/index.php\/yeni-parti-gaziantep-milletvekili-melih-meric-bicaklandi#respond"]}]},{"@type":"WebPage","@id":"https:\/\/epochtimestr.com\/index.php\/yeni-parti-gaziantep-milletvekili-melih-meric-bicaklandi","url":"https:\/\/epochtimestr.com\/index.php\/yeni-parti-gaziantep-milletvekili-melih-meric-bicaklandi","name":"YEN\u0130 Parti Gaziantep Milletvekili Melih Meri\u00e7 B\u0131\u00e7akland\u0131 - The Epoch Times TR","isPartOf":{"@id":"https:\/\/epochtimestr.com\/#website"},"primaryImageOfPage":{"@id":"https:\/\/epochtimestr.com\/index.php\/yeni-parti-gaziantep-milletvekili-melih-meric-bicaklandi#primaryimage"},"image":{"@id":"https:\/\/epochtimestr.com\/index.php\/yeni-parti-gaziantep-milletvekili-melih-meric-bicaklandi#primaryimage"},"thumbnailUrl":"https:\/\/epochtimestr.com\/wp-content\/uploads\/2011y\/melih.jpg","datePublished":"2026-08-19T05:14:02+00:00","dateModified":"2026-08-19T05:14:04+00:00","description":"Gaziantep Milletvekili Yeni Partili Melih Meri\u00e7 sokakta b\u0131\u00e7akl\u0131 sald\u0131r\u0131ya u\u011frad\u0131. Meri\u00e7, Gaziantep \u015eehir Hastanesi'ne kald\u0131r\u0131ld\u0131.","inLanguage":"tr","potentialAction":[{"@type":"ReadAction","target":["https:\/\/epochtimestr.com\/index.php\/yeni-parti-gaziantep-milletvekili-melih-meric-bicaklandi"]}]},{"@type":"ImageObject","inLanguage":"tr","@id":"https:\/\/epochtimestr.com\/index.php\/yeni-parti-gaziantep-milletvekili-melih-meric-bicaklandi#primaryimage","url":"https:\/\/epochtimestr.com\/wp-content\/uploads\/2011y\/melih.jpg","contentUrl":"https:\/\/epochtimestr.com\/wp-content\/uploads\/2011y\/melih.jpg","width":869,"height":477},{"@type":"WebSite","@id":"https:\/\/epochtimestr.com\/#website","url":"https:\/\/epochtimestr.com\/","name":"The Epoch Times TR","description":"De\u011fi\u015fen D\u00fcnyam\u0131za Taze Bir Bak\u0131\u015f","publisher":{"@id":"https:\/\/epochtimestr.com\/#organization"},"potentialAction":[{"@type":"SearchAction","target":{"@type":"EntryPoint","urlTemplate":"https:\/\/epochtimestr.com\/?s={search_term_string}"},"query-input":"required name=search_term_string"}],"inLanguage":"tr"},{"@type":"Organization","@id":"https:\/\/epochtimestr.com\/#organization","name":"The EpochTimes T\u00fcrkiye","url":"https:\/\/epochtimestr.com\/","logo":{"@type":"ImageObject","inLanguage":"tr","@id":"https:\/\/epochtimestr.com\/#\/schema\/logo\/image\/","url":"https:\/\/epochtimestr.com\/wp-content\/uploads\/2011y\/ET-Logo-YG.jpg","contentUrl":"https:\/\/epochtimestr.com\/wp-content\/uploads\/2011y\/ET-Logo-YG.jpg","width":346,"height":29,"caption":"The EpochTimes T\u00fcrkiye"},"image":{"@id":"https:\/\/epochtimestr.com\/#\/schema\/logo\/image\/"},"sameAs":["https:\/\/www.facebook.com\/theepochtimestr","https:\/\/x.com\/TheEpochTimesTR","https:\/\/www.instagram.com\/epochtimestr"]},{"@type":"Person","@id":"https:\/\/epochtimestr.com\/#\/schema\/person\/3dc5c3adeb9f43923c5aa85889172fdd","name":"Haber Merkezi","image":{"@type":"ImageObject","inLanguage":"tr","@id":"https:\/\/epochtimestr.com\/#\/schema\/person\/image\/","url":"https:\/\/secure.gravatar.com\/avatar\/d73f772ba5a74f28601361e17c2f93e6?s=96&d=mm&r=g","contentUrl":"https:\/\/secure.gravatar.com\/avatar\/d73f772ba5a74f28601361e17c2f93e6?s=96&d=mm&r=g","caption":"Haber Merkezi"},"url":"https:\/\/epochtimestr.com\/index.php\/author\/sendag"}]}},"_links":{"self":[{"href":"https:\/\/epochtimestr.com\/index.php\/wp-json\/wp\/v2\/posts\/170590"}],"collection":[{"href":"https:\/\/epochtimestr.com\/index.php\/wp-json\/wp\/v2\/posts"}],"about":[{"href":"https:\/\/epochtimestr.com\/index.php\/wp-json\/wp\/v2\/types\/post"}],"author":[{"embeddable":true,"href":"https:\/\/epochtimestr.com\/index.php\/wp-json\/wp\/v2\/users\/12791"}],"replies":[{"embeddable":true,"href":"https:\/\/epochtimestr.com\/index.php\/wp-json\/wp\/v2\/comments?post=170590"}],"version-history":[{"count":2,"href":"https:\/\/epochtimestr.com\/index.php\/wp-json\/wp\/v2\/posts\/170590\/revisions"}],"predecessor-version":[{"id":170600,"href":"https:\/\/epochtimestr.com\/index.php\/wp-json\/wp\/v2\/posts\/170590\/revisions\/170600"}],"wp:featuredmedia":[{"embeddable":true,"href":"https:\/\/epochtimestr.com\/index.php\/wp-json\/wp\/v2\/media\/170591"}],"wp:attachment":[{"href":"https:\/\/epochtimestr.com\/index.php\/wp-json\/wp\/v2\/media?parent=170590"}],"wp:term":[{"taxonomy":"category","embeddable":true,"href":"https:\/\/epochtimestr.com\/index.php\/wp-json\/wp\/v2\/categories?post=170590"},{"taxonomy":"post_tag","embeddable":true,"href":"https:\/\/epochtimestr.com\/index.php\/wp-json\/wp\/v2\/tags?post=170590"}],"curies":[{"name":"wp","href":"https:\/\/api.w.org\/{rel}","templated":true}]}}