{"id":170636,"date":"2026-08-19T22:21:14","date_gmt":"2026-08-19T19:21:14","guid":{"rendered":"https:\/\/epochtimestr.com\/?p=170636"},"modified":"2026-08-19T22:21:16","modified_gmt":"2026-08-19T19:21:16","slug":"dervisoglundan-ozdag-ve-agiraliogluna-ittifak-resti","status":"publish","type":"post","link":"https:\/\/epochtimestr.com\/index.php\/dervisoglundan-ozdag-ve-agiraliogluna-ittifak-resti","title":{"rendered":"Dervi\u015fo\u011flu&#8217;ndan \u00d6zda\u011f ve A\u011f\u0131ralio\u011flu&#8217;na \u0130ttifak Resti"},"content":{"rendered":"<div class=\"wp-block-image\">\n<figure class=\"aligncenter size-full is-resized\"><img loading=\"lazy\" decoding=\"async\" width=\"596\" height=\"335\" src=\"https:\/\/epochtimestr.com\/wp-content\/uploads\/2011y\/iyi-parti-4.jpg\" alt=\"Dervi\u015fo\u011flu'ndan \u00d6zda\u011f ve A\u011f\u0131ralio\u011flu'na ittifak resti. (Foto\u011fraf: \u0130Y\u0130 Parti web sitesi)\" class=\"wp-image-170637\" style=\"width:596px;height:auto\" srcset=\"https:\/\/epochtimestr.com\/wp-content\/uploads\/2011y\/iyi-parti-4.jpg 596w, https:\/\/epochtimestr.com\/wp-content\/uploads\/2011y\/iyi-parti-4-300x169.jpg 300w, https:\/\/epochtimestr.com\/wp-content\/uploads\/2011y\/iyi-parti-4-150x84.jpg 150w\" sizes=\"(max-width: 596px) 100vw, 596px\" \/><figcaption class=\"wp-element-caption\">Dervi\u015fo\u011flu&#8217;ndan \u00d6zda\u011f ve A\u011f\u0131ralio\u011flu&#8217;na ittifak resti. (Foto\u011fraf: \u0130Y\u0130 Parti web sitesi)<\/figcaption><\/figure><\/div>\n\n\n<h2 class=\"wp-block-heading\">\u0130ktidar\u0131n \u201cTer\u00f6rs\u00fcz T\u00fcrkiye\u201d ad\u0131n\u0131 verdi\u011fi yeni a\u00e7\u0131l\u0131m s\u00fcrecine ba\u015f\u0131ndan bu yana kar\u015f\u0131 \u00e7\u0131kan Dervi\u015fo\u011flu, \u201c\u00e7er\u00e7eve yasan\u0131n\u201d TBMM\u2019den ge\u00e7mesinin ard\u0131ndan tepkisini bu kez Bal\u0131kesir\u2019den y\u00fckseltti.<\/h2>\n\n\n\n<p>\u0130ktidar\u0131n \u201cTer\u00f6rs\u00fcz T\u00fcrkiye\u201d ad\u0131n\u0131 verdi\u011fi yeni a\u00e7\u0131l\u0131m s\u00fcrecine ba\u015f\u0131ndan bu yana kar\u015f\u0131 \u00e7\u0131kan <a href=\"https:\/\/epochtimestr.com\/index.php\/iyi-parti-genel-baskani-dervisoglu-balikesirdeki-mitingde-konustu\" target=\"_blank\" rel=\"noreferrer noopener\">\u0130Y\u0130 Parti<\/a> lideri Dervi\u015fo\u011flu, \u201c\u00e7er\u00e7eve yasan\u0131n\u201d TBMM\u2019den ge\u00e7mesinin ard\u0131ndan tepkisini bu kez Bal\u0131kesir\u2019den y\u00fckseltti. \u00c7er\u00e7eve yasa g\u00f6r\u00fc\u015fmeleri s\u0131ras\u0131nda hem TBMM komisyonunda hem de Genel Kurul\u2019da d\u00fczenlemeye sert tepki g\u00f6steren \u0130Y\u0130 Parti, \u201c\u0130hanete Kar\u015f\u0131 Bayrak A\u00e7\u0131yorum\u201d mitinglerinin ikincisini Kuvay\u0131 Milliye\u2019nin simge kentlerinden Bal\u0131kesir\u2019de ger\u00e7ekle\u015ftirdi.<\/p>\n\n\n\n<p>Cumhurba\u015fkanl\u0131\u011f\u0131 H\u00fck\u00fcmet Sistemi y\u00fcr\u00fcrl\u00fckte olmasayd\u0131 \u015fahsi iddias\u0131n\u0131 daha a\u00e7\u0131k bi\u00e7imde ortaya koyabilece\u011fini belirten Dervi\u015fo\u011flu, y\u00fczde 50+1 sisteminin siyasi partileri cephele\u015fmeye zorlad\u0131\u011f\u0131n\u0131 vurgulad\u0131. &#8220;Bu \u00fclkede ittifak\u0131 gerekli k\u0131lan tek alan, sistemden kaynakl\u0131 olarak Cumhurba\u015fkanl\u0131\u011f\u0131 se\u00e7imidir. Bir siyasi partinin se\u00e7im baraj\u0131n\u0131 a\u015fmas\u0131 i\u00e7in ittifak yapmas\u0131 art\u0131k zorunlu de\u011fil&#8221; diyen Dervi\u015fo\u011flu, erken se\u00e7im veya baraj kayg\u0131s\u0131 olmas\u0131 h\u00e2linde partilerin oturup konu\u015fabilece\u011fini an,cak bug\u00fcn T\u00fcrkiye\u2019nin \u00f6n\u00fcnde bir se\u00e7im bulunmad\u0131\u011f\u0131n\u0131 s\u00f6yledi.<\/p>\n\n\n\n<p><strong>&#8220;Ben birilerinin dayatmas\u0131yla ittifak yapmam&#8221;<\/strong><\/p>\n\n\n\n<p>S\u00fcrekli &#8216;birileriyle yan yana getirilmeye&#8217; \u00e7al\u0131\u015f\u0131ld\u0131klar\u0131n\u0131 belirten Dervi\u015fo\u011flu, &#8220;Erken se\u00e7im kayg\u0131m\u0131z varsa, baraj kayg\u0131m\u0131z varsa veya yak\u0131n zamanda se\u00e7im olaca\u011f\u0131na dair bir beklentimiz varsa oturup konu\u015fabiliriz. Ama T\u00fcrkiye\u2019de \u015fu anda se\u00e7im yok. Ben birilerinin dayatmas\u0131yla ittifak yapmam&#8221; ifadelerini kulland\u0131.<\/p>\n\n\n\n<p>Kendi i\u00e7lerinden \u00fc\u00e7 ayr\u0131 parti \u00e7\u0131kt\u0131\u011f\u0131n\u0131 ve toplam d\u00f6rt parti olduklar\u0131n\u0131 hat\u0131rlatan Dervi\u015fo\u011flu, isim vermeden Zafer Partisi Genel Ba\u015fkan\u0131 \u00dcmit \u00d6zda\u011f, Anahtar Parti Genel Ba\u015fkan\u0131 Yavuz A\u011f\u0131ralio\u011flu ve Kutlu Parti Genel Ba\u015fkan\u0131 Yusuf Hala\u00e7o\u011flu&#8217;na seslenerek &#8220;Madem gittiniz, gelin. Ama pazarl\u0131ks\u0131z ve hesaps\u0131z gelin&#8221; dedi.<\/p>\n\n\n\n<figure class=\"wp-block-embed is-provider-twitter wp-block-embed-twitter\"><div class=\"wp-block-embed__wrapper\">\n<blockquote class=\"twitter-tweet\" data-width=\"550\" data-dnt=\"true\"><p lang=\"tr\" dir=\"ltr\">Rozet de\u011fil, isterse tasma taks\u0131nlar! <a href=\"https:\/\/t.co\/8jcQjSMyx7\">pic.twitter.com\/8jcQjSMyx7<\/a><\/p>&mdash; M\u00fcsavat Dervi\u015fo\u011flu (@MDervisogluTR) <a href=\"https:\/\/x.com\/MDervisogluTR\/status\/2089729189318455410?ref_src=twsrc%5Etfw\">August 18, 2026<\/a><\/blockquote><script async src=\"https:\/\/platform.x.com\/widgets.js\" charset=\"utf-8\"><\/script>\n<\/div><\/figure>\n\n\n\n<h3 class=\"wp-block-heading\">&#8220;Kim b\u00f6yle bir s\u00fcre\u00e7te milli g\u00fc\u00e7lerin birle\u015fmesine kar\u015f\u0131 \u00e7\u0131k\u0131yorsa \u00f6rt\u00fcl\u00fc veya a\u00e7\u0131k Saray\u2019a \u00e7al\u0131\u015f\u0131yor demektir&#8221;<\/h3>\n\n\n\n<p>NOW TV&#8217;de &#8220;\u0130Y\u0130 Parti&#8217;yle ittifak yapar m\u0131s\u0131n\u0131z?&#8221; sorusunu yan\u0131tlayan <a href=\"https:\/\/epochtimestr.com\/index.php\/umit-ozdag-muhakkak-bir-secim-ittifaki-yapilmali\" target=\"_blank\" rel=\"noreferrer noopener\">\u00d6zda\u011f<\/a>, iktidar\u0131n ad\u0131mlar\u0131n\u0131 i\u015faret ederek milli g\u00fc\u00e7lerin birle\u015fmesinin zorunluluk oldu\u011funu s\u00f6yledi.<\/p>\n\n\n\n<p>\u00d6zda\u011f, &#8220;Kim b\u00f6yle bir s\u00fcre\u00e7te milli g\u00fc\u00e7lerin birle\u015fmesine kar\u015f\u0131 \u00e7\u0131k\u0131yorsa \u00f6rt\u00fcl\u00fc veya a\u00e7\u0131k Saray\u2019a \u00e7al\u0131\u015f\u0131yor demektir. AK Parti, MHP ve DEM Parti &#8216;birlikte yol y\u00fcr\u00fcyece\u011fiz&#8217; dedi. Bu yap\u0131lar bir araya gelmi\u015f ve kol kola y\u00fcr\u00fcrken ben Zafer Partisi Genel Ba\u015fkan\u0131 olarak nas\u0131l \u0130Y\u0130 Parti ile mesela BTP ile, ba\u015fka milli partilerle nas\u0131l &#8216;biz kol kola y\u00fcr\u00fcmeyiz&#8217; deriz?&#8221; ifadelerini kulland\u0131. <\/p>\n\n\n\n<p>Bu durumu tarihe, \u00e7ocuklara ve se\u00e7mene izah edemeyeceklerini belirten \u00d6zda\u011f, &#8220;Maden siz Sevr&#8217;in 106&#8217;nc\u0131 y\u0131ld\u00f6n\u00fcm\u00fcnde T\u00fcrk milletinin g\u00f6z\u00fcn\u00fcn i\u00e7ine baka baka ter\u00f6r \u00f6rg\u00fct\u00fcn\u00fcn siyasi taleplerini de kabul eden bir teslimiyet s\u00fcrecini ba\u015flatt\u0131n\u0131z. O zaman biz de Atat\u00fcrk&#8217;\u00fcn Birinci Meclis&#8217;te b\u00fct\u00fcn milli unsurlar\u0131 bir araya getirmesi gibi b\u00fct\u00fcn milli unsurlarla bir araya geliriz&#8221; \u00e7a\u011fr\u0131s\u0131n\u0131 yapt\u0131.<\/p>\n\n\n\n<p>MHP&#8217;den ayr\u0131lan isimlerin kurdu\u011fu \u0130Y\u0130 Parti&#8217;den daha sonra \u00dcmit \u00d6zda\u011f Zafer Partisi&#8217;ni, <a href=\"https:\/\/epochtimestr.com\/index.php\/agiralioglu-mersinde-konustu-milletinin-kalbine-yuruyen-bir-hareketiz\" target=\"_blank\" rel=\"noreferrer noopener\">Yavuz A\u011f\u0131ralio\u011flu<\/a> ise Anahtar Parti&#8217;yi kurmu\u015ftu.<\/p>\n\n\n\n<figure class=\"wp-block-embed is-provider-twitter wp-block-embed-twitter\"><div class=\"wp-block-embed__wrapper\">\n<blockquote class=\"twitter-tweet\" data-width=\"550\" data-dnt=\"true\"><p lang=\"tr\" dir=\"ltr\">B\u00f6yle bir s\u00fcre\u00e7te kim milli g\u00fc\u00e7lerin, milli partilerin bir araya gelmesine ve ittifak kurmas\u0131na kar\u015f\u0131 \u00e7\u0131k\u0131yorsa Saray&#39;a \u00e7al\u0131\u015f\u0131yor demektir. <a href=\"https:\/\/t.co\/RP9bALGQuS\">pic.twitter.com\/RP9bALGQuS<\/a><\/p>&mdash; \u00dcmit \u00d6zda\u011f (@umitozdag) <a href=\"https:\/\/x.com\/umitozdag\/status\/2087094516914241916?ref_src=twsrc%5Etfw\">August 11, 2026<\/a><\/blockquote><script async src=\"https:\/\/platform.x.com\/widgets.js\" charset=\"utf-8\"><\/script>\n<\/div><\/figure>\n","protected":false},"excerpt":{"rendered":"<p>\u0130ktidar\u0131n \u201cTer\u00f6rs\u00fcz T\u00fcrkiye\u201d ad\u0131n\u0131 verdi\u011fi yeni a\u00e7\u0131l\u0131m s\u00fcrecine ba\u015f\u0131ndan bu yana kar\u015f\u0131 \u00e7\u0131kan Dervi\u015fo\u011flu, \u201c\u00e7er\u00e7eve yasan\u0131n\u201d TBMM\u2019den ge\u00e7mesinin ard\u0131ndan tepkisini bu kez Bal\u0131kesir\u2019den y\u00fckseltti. \u0130ktidar\u0131n \u201cTer\u00f6rs\u00fcz T\u00fcrkiye\u201d ad\u0131n\u0131 verdi\u011fi yeni a\u00e7\u0131l\u0131m s\u00fcrecine ba\u015f\u0131ndan bu yana kar\u015f\u0131 \u00e7\u0131kan \u0130Y\u0130 Parti lideri Dervi\u015fo\u011flu, \u201c\u00e7er\u00e7eve yasan\u0131n\u201d TBMM\u2019den ge\u00e7mesinin ard\u0131ndan tepkisini bu kez Bal\u0131kesir\u2019den y\u00fckseltti. \u00c7er\u00e7eve yasa g\u00f6r\u00fc\u015fmeleri s\u0131ras\u0131nda [&hellip;]<\/p>\n","protected":false},"author":12791,"featured_media":170637,"comment_status":"open","ping_status":"open","sticky":false,"template":"","format":"standard","meta":{"_yoast_wpseo_focuskw":"Dervi\u015fo\u011flu","_yoast_wpseo_title":"","_yoast_wpseo_metadesc":"Dervi\u015fo\u011flu, iktidar\u0131n destekledi\u011fi \u201c\u00e7er\u00e7eve yasan\u0131n\u201d TBMM\u2019den ge\u00e7mesinin ard\u0131ndan tepkisini bu kez Bal\u0131kesir\u2019den y\u00fckseltti.","_bbp_topic_count":0,"_bbp_reply_count":0,"_bbp_total_topic_count":0,"_bbp_total_reply_count":0,"_bbp_voice_count":0,"_bbp_anonymous_reply_count":0,"_bbp_topic_count_hidden":0,"_bbp_reply_count_hidden":0,"_bbp_forum_subforum_count":0,"footnotes":"","_yoast_wpseo_focuskw_text_input":""},"categories":[1,8138,8226],"tags":[12325,8054,12280,8490,12324,8491],"yoast_head":"<!-- This site is optimized with the Yoast SEO plugin v23.0 - https:\/\/yoast.com\/wordpress\/plugins\/seo\/ -->\n<title>Dervi\u015fo\u011flu&#039;ndan \u00d6zda\u011f ve A\u011f\u0131ralio\u011flu&#039;na \u0130ttifak Resti - The Epoch Times TR<\/title>\n<meta name=\"description\" content=\"Dervi\u015fo\u011flu, iktidar\u0131n destekledi\u011fi \u201c\u00e7er\u00e7eve yasan\u0131n\u201d TBMM\u2019den ge\u00e7mesinin ard\u0131ndan tepkisini bu kez Bal\u0131kesir\u2019den y\u00fckseltti.\" \/>\n<meta name=\"robots\" content=\"index, follow, max-snippet:-1, max-image-preview:large, max-video-preview:-1\" \/>\n<link rel=\"canonical\" href=\"https:\/\/epochtimestr.com\/index.php\/dervisoglundan-ozdag-ve-agiraliogluna-ittifak-resti\" \/>\n<meta property=\"og:locale\" content=\"tr_TR\" \/>\n<meta property=\"og:type\" content=\"article\" \/>\n<meta property=\"og:title\" content=\"Dervi\u015fo\u011flu&#039;ndan \u00d6zda\u011f ve A\u011f\u0131ralio\u011flu&#039;na \u0130ttifak Resti - The Epoch Times TR\" \/>\n<meta property=\"og:description\" content=\"Dervi\u015fo\u011flu, iktidar\u0131n destekledi\u011fi \u201c\u00e7er\u00e7eve yasan\u0131n\u201d TBMM\u2019den ge\u00e7mesinin ard\u0131ndan tepkisini bu kez Bal\u0131kesir\u2019den y\u00fckseltti.\" \/>\n<meta property=\"og:url\" content=\"https:\/\/epochtimestr.com\/index.php\/dervisoglundan-ozdag-ve-agiraliogluna-ittifak-resti\" \/>\n<meta property=\"og:site_name\" content=\"The Epoch Times TR\" \/>\n<meta property=\"article:publisher\" content=\"https:\/\/www.facebook.com\/theepochtimestr\" \/>\n<meta property=\"article:published_time\" content=\"2026-08-19T19:21:14+00:00\" \/>\n<meta property=\"article:modified_time\" content=\"2026-08-19T19:21:16+00:00\" \/>\n<meta property=\"og:image\" content=\"https:\/\/epochtimestr.com\/wp-content\/uploads\/2011y\/iyi-parti-4.jpg\" \/>\n\t<meta property=\"og:image:width\" content=\"596\" \/>\n\t<meta property=\"og:image:height\" content=\"335\" \/>\n\t<meta property=\"og:image:type\" content=\"image\/jpeg\" \/>\n<meta name=\"author\" content=\"Haber Merkezi\" \/>\n<meta name=\"twitter:card\" content=\"summary_large_image\" \/>\n<meta name=\"twitter:creator\" content=\"@TheEpochTimesTR\" \/>\n<meta name=\"twitter:site\" content=\"@TheEpochTimesTR\" \/>\n<meta name=\"twitter:label1\" content=\"Yazan:\" \/>\n\t<meta name=\"twitter:data1\" content=\"Haber Merkezi\" \/>\n\t<meta name=\"twitter:label2\" content=\"Tahmini okuma s\u00fcresi\" \/>\n\t<meta name=\"twitter:data2\" content=\"3 dakika\" \/>\n<script type=\"application\/ld+json\" class=\"yoast-schema-graph\">{\"@context\":\"https:\/\/schema.org\",\"@graph\":[{\"@type\":\"Article\",\"@id\":\"https:\/\/epochtimestr.com\/index.php\/dervisoglundan-ozdag-ve-agiraliogluna-ittifak-resti#article\",\"isPartOf\":{\"@id\":\"https:\/\/epochtimestr.com\/index.php\/dervisoglundan-ozdag-ve-agiraliogluna-ittifak-resti\"},\"author\":{\"name\":\"Haber Merkezi\",\"@id\":\"https:\/\/epochtimestr.com\/#\/schema\/person\/3dc5c3adeb9f43923c5aa85889172fdd\"},\"headline\":\"Dervi\u015fo\u011flu&#8217;ndan \u00d6zda\u011f ve A\u011f\u0131ralio\u011flu&#8217;na \u0130ttifak Resti\",\"datePublished\":\"2026-08-19T19:21:14+00:00\",\"dateModified\":\"2026-08-19T19:21:16+00:00\",\"mainEntityOfPage\":{\"@id\":\"https:\/\/epochtimestr.com\/index.php\/dervisoglundan-ozdag-ve-agiraliogluna-ittifak-resti\"},\"wordCount\":640,\"commentCount\":0,\"publisher\":{\"@id\":\"https:\/\/epochtimestr.com\/#organization\"},\"image\":{\"@id\":\"https:\/\/epochtimestr.com\/index.php\/dervisoglundan-ozdag-ve-agiraliogluna-ittifak-resti#primaryimage\"},\"thumbnailUrl\":\"https:\/\/epochtimestr.com\/wp-content\/uploads\/2011y\/iyi-parti-4.jpg\",\"keywords\":[\"Anahtar Partisi\",\"\u0130yi Parti\",\"Musavvat Dervi\u015fo\u011flu\",\"\u00dcmit \u00d6zda\u011f\",\"Yavuz A\u011f\u0131ralio\u011flu\",\"Zafer Partisi\"],\"articleSection\":[\"G\u00dcNDEM\",\"MAN\u015eET\",\"Siyaset\"],\"inLanguage\":\"tr\",\"potentialAction\":[{\"@type\":\"CommentAction\",\"name\":\"Comment\",\"target\":[\"https:\/\/epochtimestr.com\/index.php\/dervisoglundan-ozdag-ve-agiraliogluna-ittifak-resti#respond\"]}]},{\"@type\":\"WebPage\",\"@id\":\"https:\/\/epochtimestr.com\/index.php\/dervisoglundan-ozdag-ve-agiraliogluna-ittifak-resti\",\"url\":\"https:\/\/epochtimestr.com\/index.php\/dervisoglundan-ozdag-ve-agiraliogluna-ittifak-resti\",\"name\":\"Dervi\u015fo\u011flu'ndan \u00d6zda\u011f ve A\u011f\u0131ralio\u011flu'na \u0130ttifak Resti - The Epoch Times TR\",\"isPartOf\":{\"@id\":\"https:\/\/epochtimestr.com\/#website\"},\"primaryImageOfPage\":{\"@id\":\"https:\/\/epochtimestr.com\/index.php\/dervisoglundan-ozdag-ve-agiraliogluna-ittifak-resti#primaryimage\"},\"image\":{\"@id\":\"https:\/\/epochtimestr.com\/index.php\/dervisoglundan-ozdag-ve-agiraliogluna-ittifak-resti#primaryimage\"},\"thumbnailUrl\":\"https:\/\/epochtimestr.com\/wp-content\/uploads\/2011y\/iyi-parti-4.jpg\",\"datePublished\":\"2026-08-19T19:21:14+00:00\",\"dateModified\":\"2026-08-19T19:21:16+00:00\",\"description\":\"Dervi\u015fo\u011flu, iktidar\u0131n destekledi\u011fi \u201c\u00e7er\u00e7eve yasan\u0131n\u201d TBMM\u2019den ge\u00e7mesinin ard\u0131ndan tepkisini bu kez Bal\u0131kesir\u2019den y\u00fckseltti.\",\"inLanguage\":\"tr\",\"potentialAction\":[{\"@type\":\"ReadAction\",\"target\":[\"https:\/\/epochtimestr.com\/index.php\/dervisoglundan-ozdag-ve-agiraliogluna-ittifak-resti\"]}]},{\"@type\":\"ImageObject\",\"inLanguage\":\"tr\",\"@id\":\"https:\/\/epochtimestr.com\/index.php\/dervisoglundan-ozdag-ve-agiraliogluna-ittifak-resti#primaryimage\",\"url\":\"https:\/\/epochtimestr.com\/wp-content\/uploads\/2011y\/iyi-parti-4.jpg\",\"contentUrl\":\"https:\/\/epochtimestr.com\/wp-content\/uploads\/2011y\/iyi-parti-4.jpg\",\"width\":596,\"height\":335},{\"@type\":\"WebSite\",\"@id\":\"https:\/\/epochtimestr.com\/#website\",\"url\":\"https:\/\/epochtimestr.com\/\",\"name\":\"The Epoch Times TR\",\"description\":\"De\u011fi\u015fen D\u00fcnyam\u0131za Taze Bir Bak\u0131\u015f\",\"publisher\":{\"@id\":\"https:\/\/epochtimestr.com\/#organization\"},\"potentialAction\":[{\"@type\":\"SearchAction\",\"target\":{\"@type\":\"EntryPoint\",\"urlTemplate\":\"https:\/\/epochtimestr.com\/?s={search_term_string}\"},\"query-input\":\"required name=search_term_string\"}],\"inLanguage\":\"tr\"},{\"@type\":\"Organization\",\"@id\":\"https:\/\/epochtimestr.com\/#organization\",\"name\":\"The EpochTimes T\u00fcrkiye\",\"url\":\"https:\/\/epochtimestr.com\/\",\"logo\":{\"@type\":\"ImageObject\",\"inLanguage\":\"tr\",\"@id\":\"https:\/\/epochtimestr.com\/#\/schema\/logo\/image\/\",\"url\":\"https:\/\/epochtimestr.com\/wp-content\/uploads\/2011y\/ET-Logo-YG.jpg\",\"contentUrl\":\"https:\/\/epochtimestr.com\/wp-content\/uploads\/2011y\/ET-Logo-YG.jpg\",\"width\":346,\"height\":29,\"caption\":\"The EpochTimes T\u00fcrkiye\"},\"image\":{\"@id\":\"https:\/\/epochtimestr.com\/#\/schema\/logo\/image\/\"},\"sameAs\":[\"https:\/\/www.facebook.com\/theepochtimestr\",\"https:\/\/x.com\/TheEpochTimesTR\",\"https:\/\/www.instagram.com\/epochtimestr\"]},{\"@type\":\"Person\",\"@id\":\"https:\/\/epochtimestr.com\/#\/schema\/person\/3dc5c3adeb9f43923c5aa85889172fdd\",\"name\":\"Haber Merkezi\",\"image\":{\"@type\":\"ImageObject\",\"inLanguage\":\"tr\",\"@id\":\"https:\/\/epochtimestr.com\/#\/schema\/person\/image\/\",\"url\":\"https:\/\/secure.gravatar.com\/avatar\/d73f772ba5a74f28601361e17c2f93e6?s=96&d=mm&r=g\",\"contentUrl\":\"https:\/\/secure.gravatar.com\/avatar\/d73f772ba5a74f28601361e17c2f93e6?s=96&d=mm&r=g\",\"caption\":\"Haber Merkezi\"},\"url\":\"https:\/\/epochtimestr.com\/index.php\/author\/sendag\"}]}<\/script>\n<!-- \/ Yoast SEO plugin. -->","yoast_head_json":{"title":"Dervi\u015fo\u011flu'ndan \u00d6zda\u011f ve A\u011f\u0131ralio\u011flu'na \u0130ttifak Resti - The Epoch Times TR","description":"Dervi\u015fo\u011flu, iktidar\u0131n destekledi\u011fi \u201c\u00e7er\u00e7eve yasan\u0131n\u201d TBMM\u2019den ge\u00e7mesinin ard\u0131ndan tepkisini bu kez Bal\u0131kesir\u2019den y\u00fckseltti.","robots":{"index":"index","follow":"follow","max-snippet":"max-snippet:-1","max-image-preview":"max-image-preview:large","max-video-preview":"max-video-preview:-1"},"canonical":"https:\/\/epochtimestr.com\/index.php\/dervisoglundan-ozdag-ve-agiraliogluna-ittifak-resti","og_locale":"tr_TR","og_type":"article","og_title":"Dervi\u015fo\u011flu'ndan \u00d6zda\u011f ve A\u011f\u0131ralio\u011flu'na \u0130ttifak Resti - The Epoch Times TR","og_description":"Dervi\u015fo\u011flu, iktidar\u0131n destekledi\u011fi \u201c\u00e7er\u00e7eve yasan\u0131n\u201d TBMM\u2019den ge\u00e7mesinin ard\u0131ndan tepkisini bu kez Bal\u0131kesir\u2019den y\u00fckseltti.","og_url":"https:\/\/epochtimestr.com\/index.php\/dervisoglundan-ozdag-ve-agiraliogluna-ittifak-resti","og_site_name":"The Epoch Times TR","article_publisher":"https:\/\/www.facebook.com\/theepochtimestr","article_published_time":"2026-08-19T19:21:14+00:00","article_modified_time":"2026-08-19T19:21:16+00:00","og_image":[{"width":596,"height":335,"url":"https:\/\/epochtimestr.com\/wp-content\/uploads\/2011y\/iyi-parti-4.jpg","type":"image\/jpeg"}],"author":"Haber Merkezi","twitter_card":"summary_large_image","twitter_creator":"@TheEpochTimesTR","twitter_site":"@TheEpochTimesTR","twitter_misc":{"Yazan:":"Haber Merkezi","Tahmini okuma s\u00fcresi":"3 dakika"},"schema":{"@context":"https:\/\/schema.org","@graph":[{"@type":"Article","@id":"https:\/\/epochtimestr.com\/index.php\/dervisoglundan-ozdag-ve-agiraliogluna-ittifak-resti#article","isPartOf":{"@id":"https:\/\/epochtimestr.com\/index.php\/dervisoglundan-ozdag-ve-agiraliogluna-ittifak-resti"},"author":{"name":"Haber Merkezi","@id":"https:\/\/epochtimestr.com\/#\/schema\/person\/3dc5c3adeb9f43923c5aa85889172fdd"},"headline":"Dervi\u015fo\u011flu&#8217;ndan \u00d6zda\u011f ve A\u011f\u0131ralio\u011flu&#8217;na \u0130ttifak Resti","datePublished":"2026-08-19T19:21:14+00:00","dateModified":"2026-08-19T19:21:16+00:00","mainEntityOfPage":{"@id":"https:\/\/epochtimestr.com\/index.php\/dervisoglundan-ozdag-ve-agiraliogluna-ittifak-resti"},"wordCount":640,"commentCount":0,"publisher":{"@id":"https:\/\/epochtimestr.com\/#organization"},"image":{"@id":"https:\/\/epochtimestr.com\/index.php\/dervisoglundan-ozdag-ve-agiraliogluna-ittifak-resti#primaryimage"},"thumbnailUrl":"https:\/\/epochtimestr.com\/wp-content\/uploads\/2011y\/iyi-parti-4.jpg","keywords":["Anahtar Partisi","\u0130yi Parti","Musavvat Dervi\u015fo\u011flu","\u00dcmit \u00d6zda\u011f","Yavuz A\u011f\u0131ralio\u011flu","Zafer Partisi"],"articleSection":["G\u00dcNDEM","MAN\u015eET","Siyaset"],"inLanguage":"tr","potentialAction":[{"@type":"CommentAction","name":"Comment","target":["https:\/\/epochtimestr.com\/index.php\/dervisoglundan-ozdag-ve-agiraliogluna-ittifak-resti#respond"]}]},{"@type":"WebPage","@id":"https:\/\/epochtimestr.com\/index.php\/dervisoglundan-ozdag-ve-agiraliogluna-ittifak-resti","url":"https:\/\/epochtimestr.com\/index.php\/dervisoglundan-ozdag-ve-agiraliogluna-ittifak-resti","name":"Dervi\u015fo\u011flu'ndan \u00d6zda\u011f ve A\u011f\u0131ralio\u011flu'na \u0130ttifak Resti - The Epoch Times TR","isPartOf":{"@id":"https:\/\/epochtimestr.com\/#website"},"primaryImageOfPage":{"@id":"https:\/\/epochtimestr.com\/index.php\/dervisoglundan-ozdag-ve-agiraliogluna-ittifak-resti#primaryimage"},"image":{"@id":"https:\/\/epochtimestr.com\/index.php\/dervisoglundan-ozdag-ve-agiraliogluna-ittifak-resti#primaryimage"},"thumbnailUrl":"https:\/\/epochtimestr.com\/wp-content\/uploads\/2011y\/iyi-parti-4.jpg","datePublished":"2026-08-19T19:21:14+00:00","dateModified":"2026-08-19T19:21:16+00:00","description":"Dervi\u015fo\u011flu, iktidar\u0131n destekledi\u011fi \u201c\u00e7er\u00e7eve yasan\u0131n\u201d TBMM\u2019den ge\u00e7mesinin ard\u0131ndan tepkisini bu kez Bal\u0131kesir\u2019den y\u00fckseltti.","inLanguage":"tr","potentialAction":[{"@type":"ReadAction","target":["https:\/\/epochtimestr.com\/index.php\/dervisoglundan-ozdag-ve-agiraliogluna-ittifak-resti"]}]},{"@type":"ImageObject","inLanguage":"tr","@id":"https:\/\/epochtimestr.com\/index.php\/dervisoglundan-ozdag-ve-agiraliogluna-ittifak-resti#primaryimage","url":"https:\/\/epochtimestr.com\/wp-content\/uploads\/2011y\/iyi-parti-4.jpg","contentUrl":"https:\/\/epochtimestr.com\/wp-content\/uploads\/2011y\/iyi-parti-4.jpg","width":596,"height":335},{"@type":"WebSite","@id":"https:\/\/epochtimestr.com\/#website","url":"https:\/\/epochtimestr.com\/","name":"The Epoch Times TR","description":"De\u011fi\u015fen D\u00fcnyam\u0131za Taze Bir Bak\u0131\u015f","publisher":{"@id":"https:\/\/epochtimestr.com\/#organization"},"potentialAction":[{"@type":"SearchAction","target":{"@type":"EntryPoint","urlTemplate":"https:\/\/epochtimestr.com\/?s={search_term_string}"},"query-input":"required name=search_term_string"}],"inLanguage":"tr"},{"@type":"Organization","@id":"https:\/\/epochtimestr.com\/#organization","name":"The EpochTimes T\u00fcrkiye","url":"https:\/\/epochtimestr.com\/","logo":{"@type":"ImageObject","inLanguage":"tr","@id":"https:\/\/epochtimestr.com\/#\/schema\/logo\/image\/","url":"https:\/\/epochtimestr.com\/wp-content\/uploads\/2011y\/ET-Logo-YG.jpg","contentUrl":"https:\/\/epochtimestr.com\/wp-content\/uploads\/2011y\/ET-Logo-YG.jpg","width":346,"height":29,"caption":"The EpochTimes T\u00fcrkiye"},"image":{"@id":"https:\/\/epochtimestr.com\/#\/schema\/logo\/image\/"},"sameAs":["https:\/\/www.facebook.com\/theepochtimestr","https:\/\/x.com\/TheEpochTimesTR","https:\/\/www.instagram.com\/epochtimestr"]},{"@type":"Person","@id":"https:\/\/epochtimestr.com\/#\/schema\/person\/3dc5c3adeb9f43923c5aa85889172fdd","name":"Haber Merkezi","image":{"@type":"ImageObject","inLanguage":"tr","@id":"https:\/\/epochtimestr.com\/#\/schema\/person\/image\/","url":"https:\/\/secure.gravatar.com\/avatar\/d73f772ba5a74f28601361e17c2f93e6?s=96&d=mm&r=g","contentUrl":"https:\/\/secure.gravatar.com\/avatar\/d73f772ba5a74f28601361e17c2f93e6?s=96&d=mm&r=g","caption":"Haber Merkezi"},"url":"https:\/\/epochtimestr.com\/index.php\/author\/sendag"}]}},"_links":{"self":[{"href":"https:\/\/epochtimestr.com\/index.php\/wp-json\/wp\/v2\/posts\/170636"}],"collection":[{"href":"https:\/\/epochtimestr.com\/index.php\/wp-json\/wp\/v2\/posts"}],"about":[{"href":"https:\/\/epochtimestr.com\/index.php\/wp-json\/wp\/v2\/types\/post"}],"author":[{"embeddable":true,"href":"https:\/\/epochtimestr.com\/index.php\/wp-json\/wp\/v2\/users\/12791"}],"replies":[{"embeddable":true,"href":"https:\/\/epochtimestr.com\/index.php\/wp-json\/wp\/v2\/comments?post=170636"}],"version-history":[{"count":3,"href":"https:\/\/epochtimestr.com\/index.php\/wp-json\/wp\/v2\/posts\/170636\/revisions"}],"predecessor-version":[{"id":170642,"href":"https:\/\/epochtimestr.com\/index.php\/wp-json\/wp\/v2\/posts\/170636\/revisions\/170642"}],"wp:featuredmedia":[{"embeddable":true,"href":"https:\/\/epochtimestr.com\/index.php\/wp-json\/wp\/v2\/media\/170637"}],"wp:attachment":[{"href":"https:\/\/epochtimestr.com\/index.php\/wp-json\/wp\/v2\/media?parent=170636"}],"wp:term":[{"taxonomy":"category","embeddable":true,"href":"https:\/\/epochtimestr.com\/index.php\/wp-json\/wp\/v2\/categories?post=170636"},{"taxonomy":"post_tag","embeddable":true,"href":"https:\/\/epochtimestr.com\/index.php\/wp-json\/wp\/v2\/tags?post=170636"}],"curies":[{"name":"wp","href":"https:\/\/api.w.org\/{rel}","templated":true}]}}