{"id":170646,"date":"2026-08-20T09:22:03","date_gmt":"2026-08-20T06:22:03","guid":{"rendered":"https:\/\/epochtimestr.com\/?p=170646"},"modified":"2026-08-20T09:22:06","modified_gmt":"2026-08-20T06:22:06","slug":"bm-2025te-907-insani-yardim-gorevlisi-olduruldu","status":"publish","type":"post","link":"https:\/\/epochtimestr.com\/index.php\/bm-2025te-907-insani-yardim-gorevlisi-olduruldu","title":{"rendered":"BM: 2025&#8217;te 907 \u0130nsani Yard\u0131m G\u00f6revlisi \u00d6ld\u00fcr\u00fcld\u00fc"},"content":{"rendered":"<div class=\"wp-block-image\">\n<figure class=\"aligncenter size-full\"><img loading=\"lazy\" decoding=\"async\" width=\"640\" height=\"427\" src=\"https:\/\/epochtimestr.com\/wp-content\/uploads\/2011y\/ocha.webp\" alt=\"BM'ye g\u00f6re insani yard\u0131m \u00e7al\u0131\u015fanlar\u0131na y\u00f6nelik sald\u0131r\u0131lar 2025'te rekor seviyeye ula\u015ft\u0131. (Foto\u011fraf: OCHA)\" class=\"wp-image-170647\" srcset=\"https:\/\/epochtimestr.com\/wp-content\/uploads\/2011y\/ocha.webp 640w, https:\/\/epochtimestr.com\/wp-content\/uploads\/2011y\/ocha-300x200.webp 300w, https:\/\/epochtimestr.com\/wp-content\/uploads\/2011y\/ocha-150x100.webp 150w\" sizes=\"(max-width: 640px) 100vw, 640px\" \/><figcaption class=\"wp-element-caption\">BM&#8217;ye g\u00f6re insani yard\u0131m \u00e7al\u0131\u015fanlar\u0131na y\u00f6nelik sald\u0131r\u0131lar 2025&#8217;te rekor seviyeye ula\u015ft\u0131. (Foto\u011fraf: OCHA)<\/figcaption><\/figure><\/div>\n\n\n<h2 class=\"wp-block-heading\">Birle\u015fmi\u015f Milletler (BM), 2025&#8217;te insani yard\u0131m \u00e7al\u0131\u015fanlar\u0131na y\u00f6nelik \u015fiddetin rekor seviyeye ula\u015ft\u0131\u011f\u0131n\u0131 belirtti.<\/h2>\n\n\n\n<p>Birle\u015fmi\u015f Milletler (BM), d\u00fcnya genelinde insani yard\u0131m \u00e7al\u0131\u015fanlar\u0131na y\u00f6nelik sald\u0131r\u0131lar\u0131n rekor seviyeye ula\u015ft\u0131\u011f\u0131n\u0131 a\u00e7\u0131klad\u0131. Bu tehlikeli e\u011filimi &#8220;deh\u015fet verici&#8221; olarak <a href=\"https:\/\/www.unocha.org\/\" target=\"_blank\" rel=\"noreferrer noopener\">nitelendirdi<\/a>. \u00c7at\u0131\u015fma b\u00f6lgelerinde t\u0131rmanan \u015fiddet nedeniyle hayat\u0131n\u0131 kaybeden \u00e7al\u0131\u015fanlar\u0131n an\u0131s\u0131na, New York ve Cenevre&#8217;deki BM bayraklar\u0131 yar\u0131ya indirildi. BM yetkilileri, \u00f6zellikle silahl\u0131 insans\u0131z hava ara\u00e7lar\u0131n\u0131n (S\u0130HA) kullan\u0131m\u0131ndaki art\u0131\u015f\u0131n, yard\u0131m g\u00f6revlilerini a\u00e7\u0131k hedef haline getirdi\u011fini belirtti. Bu nedenle devletleri sava\u015f hukukuna uymaya ve failleri sorumlu tutmaya \u00e7a\u011f\u0131rd\u0131.<\/p>\n\n\n\n<p>Kanada ve Avustralya taraf\u0131ndan finanse edilen \u0130nsani Yard\u0131m \u00c7al\u0131\u015fan\u0131 G\u00fcvenlik Veritaban\u0131&#8217;n\u0131n (Aid Worker Security Database) verilerine g\u00f6re, 2025 y\u0131l\u0131nda 907 insani yard\u0131m \u00e7al\u0131\u015fan\u0131 \u00f6ld\u00fcr\u00fcld\u00fc, yaraland\u0131 veya ka\u00e7\u0131r\u0131ld\u0131. Bir \u00f6nceki y\u0131l 833 olan bu say\u0131, tehlikenin boyutunun ne kadar h\u0131zl\u0131 b\u00fcy\u00fcd\u00fc\u011f\u00fcn\u00fc ortaya koydu. Ge\u00e7en y\u0131lki olaylarda 350 yard\u0131m g\u00f6revlisi hayat\u0131n\u0131 kaybederken, veritaban\u0131 kay\u0131tlar\u0131 Gazze\u2019nin yard\u0131m g\u00f6revlileri i\u00e7in d\u00fcnyadaki en \u00f6l\u00fcmc\u00fcl yer oldu\u011funu, onu Sudan&#8217;\u0131n takip etti\u011fini g\u00f6sterdi.<\/p>\n\n\n\n<figure class=\"wp-block-embed is-type-rich is-provider-x wp-block-embed-x\"><div class=\"wp-block-embed__wrapper\">\n<blockquote class=\"twitter-tweet\" data-width=\"550\" data-dnt=\"true\"><p lang=\"en\" dir=\"ltr\">Flags fly at half-mast today across UN offices worldwide.<br><br>We remember humanitarian workers killed while helping others. And we stand with those who continue to serve despite the danger.<br><br>Attacks on aid workers must end. Those responsible must be held accountable.<a href=\"https:\/\/x.com\/hashtag\/ActForHumanity?src=hash&amp;ref_src=twsrc%5Etfw\">#ActForHumanity<\/a> <a href=\"https:\/\/t.co\/HZ1jguDxpt\">pic.twitter.com\/HZ1jguDxpt<\/a><\/p>&mdash; UN Humanitarian (@UNOCHA) <a href=\"https:\/\/x.com\/UNOCHA\/status\/2090166251477713051?ref_src=twsrc%5Etfw\">August 19, 2026<\/a><\/blockquote><script async src=\"https:\/\/platform.x.com\/widgets.js\" charset=\"utf-8\"><\/script>\n<\/div><\/figure>\n\n\n\n<h3 class=\"wp-block-heading\">Gazze, 2025&#8217;te \u00fcst \u00fcste \u00fc\u00e7\u00fcnc\u00fc kez yard\u0131m \u00e7al\u0131\u015fanlar\u0131 i\u00e7in en \u00f6l\u00fcmc\u00fcl yer olmaya devam etti.<\/h3>\n\n\n\n<p>Ge\u00e7ti\u011fimiz Ekim ay\u0131nda ate\u015fkes ilan edilmesine ra\u011fmen Gazze, 2025 y\u0131l\u0131nda \u00fcst \u00fcste \u00fc\u00e7\u00fcnc\u00fc kez yard\u0131m \u00e7al\u0131\u015fanlar\u0131 i\u00e7in d\u00fcnyadaki en \u00f6l\u00fcmc\u00fcl ortam olmaya devam etti. Y\u0131l boyunca b\u00f6lgede 186 insani yard\u0131m g\u00f6revlisi hayat\u0131n\u0131 kaybederken, bu can kay\u0131plar\u0131n\u0131n y\u00fczde 68&#8217;inin hava bombard\u0131manlar\u0131 sonucu ger\u00e7ekle\u015fmesi dikkat \u00e7ekti. BM Filistin M\u00fclteci Ajans\u0131 (UNRWA), \u0130srail-Gazze sava\u015f\u0131n\u0131n ba\u015flad\u0131\u011f\u0131 7 Ekim 2023&#8217;ten bu yana en az 393 \u00e7al\u0131\u015fan\u0131n\u0131n \u00f6ld\u00fc\u011f\u00fcn\u00fc bildirirken, kurumun eski ba\u015fkan\u0131 Philippe Lazzarini \u00f6l\u00fcmleri ara\u015ft\u0131rmak i\u00e7in \u00fcst d\u00fczey bir panel kurulmas\u0131n\u0131 talep etti. Oxfam K\u00fcresel \u0130nsani Yard\u0131m Politikas\u0131 Sorumlusu Bushra Khalidi durumu, &#8220;\u0130nsani yard\u0131m faaliyetine y\u00f6nelik bir sald\u0131r\u0131ya tan\u0131k oluyoruz&#8221; s\u00f6zleriyle \u00f6zetledi. Ayr\u0131ca Gazze&#8217;de Hamas militanlar\u0131yla sava\u015fan \u0130srail taraf\u0131 ise sivil kay\u0131plar\u0131 \u00f6nlemek i\u00e7in b\u00fcy\u00fck \u00e7aba sarf etti\u011fini bildirdi.<\/p>\n\n\n\n<figure class=\"wp-block-embed is-type-rich is-provider-x wp-block-embed-x\"><div class=\"wp-block-embed__wrapper\">\n<blockquote class=\"twitter-tweet\" data-width=\"550\" data-dnt=\"true\"><p lang=\"en\" dir=\"ltr\">Serving others has become more dangerous than ever.<br><br>More than 1,000 humanitarians have been killed in the last 3 years.<br><br>Humanitarian workers stand up for people in need.<br><br>We must stand up for them.<br><br>We must <a href=\"https:\/\/x.com\/hashtag\/ActForHumanity?src=hash&amp;ref_src=twsrc%5Etfw\">#ActForHumanity<\/a>.<br><br>Now.<a href=\"https:\/\/x.com\/hashtag\/WorldHumanitarianDay?src=hash&amp;ref_src=twsrc%5Etfw\">#WorldHumanitarianDay<\/a> <a href=\"https:\/\/t.co\/PpGCqXJr4h\">pic.twitter.com\/PpGCqXJr4h<\/a><\/p>&mdash; Ant\u00f3nio Guterres (@antonioguterres) <a href=\"https:\/\/x.com\/antonioguterres\/status\/2089865175356825864?ref_src=twsrc%5Etfw\">August 19, 2026<\/a><\/blockquote><script async src=\"https:\/\/platform.x.com\/widgets.js\" charset=\"utf-8\"><\/script>\n<\/div><\/figure>\n\n\n\n<h3 class=\"wp-block-heading\">Sudan&#8217;da \u015fiddetli \u00e7at\u0131\u015fmalar\u0131n be\u015finci y\u0131l\u0131nda da can kay\u0131plar\u0131 artmaya devam ediyor.<\/h3>\n\n\n\n<p>Gazze&#8217;nin ard\u0131ndan en tehlikeli ikinci \u00fclke olan Sudan&#8217;da ise \u015fiddetli \u00e7at\u0131\u015fmalar, be\u015finci y\u0131l\u0131nda da can kay\u0131plar\u0131n\u0131 art\u0131rmaya devam etti. Sudan&#8217;da \u00e7o\u011funlu\u011fu hafif silah ate\u015fiyle olmak \u00fczere rekor say\u0131da, 71 yard\u0131m g\u00f6revlisi hayat\u0131n\u0131 kaybetti. K\u00fcresel \u00f6l\u00e7ekte incelendi\u011finde 2025 y\u0131l\u0131nda y\u00fcksek g\u00fcvenlik riski bar\u0131nd\u0131ran di\u011fer \u00fclkeler Ukrayna, Etiyopya, Suriye, Haiti, \u00c7ad ve Kamerun oldu. Bu \u00fclkelerde insani yard\u0131m koridorlar\u0131n\u0131 tehdit eden en yayg\u0131n \u015fiddet t\u00fcrleri ise adam ka\u00e7\u0131rma olaylar\u0131 ve hava bombard\u0131manlar\u0131 olarak kay\u0131tlara ge\u00e7ti.<\/p>\n\n\n\n<p>BM Genel Sekreteri Antonio Guterres, t\u0131rmanan bu \u015fiddet d\u00fczeyine sert tepki g\u00f6stererek devletlere acil \u00e7a\u011fr\u0131da bulundu. Guterres, uluslararas\u0131 sava\u015f kurallar\u0131na sayg\u0131 duyulmas\u0131 ve yard\u0131m \u00e7al\u0131\u015fanlar\u0131n\u0131 hedef alan faillerin mutlaka adalet \u00f6n\u00fcnde hesap vermesi gerekti\u011fini vurgulad\u0131. BM \u0130nsani \u0130\u015fler ve Acil Yard\u0131m Koordinat\u00f6r\u00fc Tom Fletcher ise D\u00fcnya \u0130nsani Yard\u0131m G\u00fcn\u00fc t\u00f6renleri \u00f6ncesinde yapt\u0131\u011f\u0131 a\u00e7\u0131klamada, &#8220;Ba\u015fkalar\u0131na hizmet etmek her zamankinden daha tehlikeli hale geldi&#8221; diyerek sadece son \u00fc\u00e7 y\u0131lda 1.000&#8217;den fazla yard\u0131m g\u00f6revlisinin \u00f6ld\u00fcr\u00fcld\u00fc\u011f\u00fcn\u00fc hat\u0131rlatt\u0131. Fletcher, devletlerin meslekta\u015flar\u0131n\u0131 korumak i\u00e7in her t\u00fcrl\u00fc arac\u0131 kullanmas\u0131 gerekti\u011fini belirterek, &#8220;Kurallar\u0131 \u00e7i\u011fneyenler i\u00e7in ger\u00e7ek sonu\u00e7lar olmal\u0131d\u0131r&#8221; dedi.<\/p>\n\n\n\n<figure class=\"wp-block-embed is-type-rich is-provider-x wp-block-embed-x\"><div class=\"wp-block-embed__wrapper\">\n<blockquote class=\"twitter-tweet\" data-width=\"550\" data-dnt=\"true\"><p lang=\"en\" dir=\"ltr\">On Wednesday, we remember &amp; honour our <a href=\"https:\/\/x.com\/UN?ref_src=twsrc%5Etfw\">@UN<\/a> colleagues who were killed in the bombing of our headquarters in Baghdad 23 years ago.<br><br>Their legacy lives on in every humanitarian worker &amp; in every act of solidarity with people whose suffering is so often unseen &amp; whose voices are so\u2026 <a href=\"https:\/\/t.co\/YVUnvaqaq1\">pic.twitter.com\/YVUnvaqaq1<\/a><\/p>&mdash; Ant\u00f3nio Guterres (@antonioguterres) <a href=\"https:\/\/x.com\/antonioguterres\/status\/2090152524414071160?ref_src=twsrc%5Etfw\">August 19, 2026<\/a><\/blockquote><script async src=\"https:\/\/platform.x.com\/widgets.js\" charset=\"utf-8\"><\/script>\n<\/div><\/figure>\n\n\n\n<h3 class=\"wp-block-heading\">S\u0130HA sald\u0131r\u0131lar\u0131 <\/h3>\n\n\n\n<p>Ucuz ve d\u00f6n\u00fc\u015ft\u00fcr\u00fclebilir silahl\u0131 insans\u0131z hava ara\u00e7lar\u0131 (S\u0130HA), patlay\u0131c\u0131 g\u00fcc\u00fc \u015fehirlerin derinliklerine ta\u015f\u0131yor. Bu durum yard\u0131m kurulu\u015flar\u0131n\u0131, h\u0131zla de\u011fi\u015fen modern bir sava\u015f alan\u0131yla kar\u015f\u0131 kar\u015f\u0131ya b\u0131rak\u0131yor. S\u0130HA&#8217;lar\u0131 &#8220;sivil hayat\u0131n kas\u0131tl\u0131 veya pervas\u0131zca yok edilmesinin yeni y\u00fcz\u00fc&#8221; olarak tan\u0131mlayan Fletcher, teknoloji de\u011fi\u015fse de sava\u015f kanunlar\u0131n\u0131n de\u011fi\u015fmedi\u011fini vurgulad\u0131. Nitekim OCHA verilerine g\u00f6re 2026&#8217;n\u0131n ilk d\u00f6rt ay\u0131nda Sudan&#8217;daki sivil \u00f6l\u00fcmlerinin y\u00fczde 80&#8217;inden pazar yerleri ve sa\u011fl\u0131k tesislerini vuran S\u0130HA&#8217;lar sorumlu oldu. Benzer \u015fekilde Ukrayna&#8217;da nisan ay\u0131nda S\u0130HA&#8217;lar 80 sivili \u00f6ld\u00fcrd\u00fc. Ard\u0131ndan, may\u0131s ay\u0131nda tek bir hafta i\u00e7inde d\u00f6rt insani yard\u0131m konvoyu birden sald\u0131r\u0131ya u\u011frad\u0131. S\u0130HA sald\u0131r\u0131lar\u0131n\u0131n 2024 ile 2025 aras\u0131nda d\u00f6rt kat\u0131na \u00e7\u0131kt\u0131\u011f\u0131 Kolombiya&#8217;n\u0131n yan\u0131 s\u0131ra Demokratik Kongo Cumhuriyeti ve Rusya&#8217;da da sivil altyap\u0131lar ve yard\u0131m g\u00f6revlileri bu yeni nesil teknolojinin hedefi oldu.<\/p>\n\n\n\n<p>Sa\u011fl\u0131k ve yard\u0131m \u00e7al\u0131\u015fanlar\u0131na y\u00f6nelik bu k\u00fcresel abluka, di\u011fer uluslararas\u0131 kurumlar\u0131n verilerine de yans\u0131d\u0131. D\u00fcnya Sa\u011fl\u0131k \u00d6rg\u00fct\u00fc (WHO), i\u00e7inde bulundu\u011fumuz y\u0131l sa\u011fl\u0131k \u00e7al\u0131\u015fanlar\u0131n\u0131 do\u011frudan hedef alan 639 sald\u0131r\u0131 kaydetti. \u015eiddet e\u011filimi 2026 y\u0131l\u0131n\u0131n ilk aylar\u0131nda da h\u0131z kesmedi. Y\u0131lba\u015f\u0131ndan bu yana d\u00fcnya genelinde 82 yard\u0131m g\u00f6revlisi \u00f6ld\u00fcr\u00fcld\u00fc, 97&#8217;si yaraland\u0131 ve 39&#8217;u ise ka\u00e7\u0131r\u0131ld\u0131. Ya\u015fanan bu a\u011f\u0131r tablo, uluslararas\u0131 toplumun insani koridorlar\u0131 g\u00fcvence alt\u0131na almakta ne kadar b\u00fcy\u00fck bir g\u00fcvenlik a\u00e7\u0131\u011f\u0131yla kar\u015f\u0131 kar\u015f\u0131ya oldu\u011funu bir kez daha g\u00f6zler \u00f6n\u00fcne serdi. <a href=\"https:\/\/www.unocha.org\/\" target=\"_blank\" rel=\"noreferrer noopener\">https:\/\/www.unocha.org\/<\/a><\/p>\n\n\n\n<figure class=\"wp-block-embed is-type-rich is-provider-x wp-block-embed-x\"><div class=\"wp-block-embed__wrapper\">\n<blockquote class=\"twitter-tweet\" data-width=\"550\" data-dnt=\"true\"><p lang=\"en\" dir=\"ltr\">\ud83d\udea8 Another grim record for humanitarians.<br><br>More than 1,100 aid workers were killed, wounded, kidnapped, detained or arrested in 2025.<br><br>Breaking the rules of war must have real consequences.<br><br>Those responsible must be held accountable.<a href=\"https:\/\/t.co\/JWWBpkQ4yO\">https:\/\/t.co\/JWWBpkQ4yO<\/a><a href=\"https:\/\/x.com\/hashtag\/ActForHumanity?src=hash&amp;ref_src=twsrc%5Etfw\">#ActForHumanity<\/a> <a href=\"https:\/\/t.co\/5MEMnKkmuj\">pic.twitter.com\/5MEMnKkmuj<\/a><\/p>&mdash; UN Humanitarian (@UNOCHA) <a href=\"https:\/\/x.com\/UNOCHA\/status\/2089926297975681065?ref_src=twsrc%5Etfw\">August 19, 2026<\/a><\/blockquote><script async src=\"https:\/\/platform.x.com\/widgets.js\" charset=\"utf-8\"><\/script>\n<\/div><\/figure>\n","protected":false},"excerpt":{"rendered":"<p>Birle\u015fmi\u015f Milletler (BM), 2025&#8217;te insani yard\u0131m \u00e7al\u0131\u015fanlar\u0131na y\u00f6nelik \u015fiddetin rekor seviyeye ula\u015ft\u0131\u011f\u0131n\u0131 belirtti. Birle\u015fmi\u015f Milletler (BM), d\u00fcnya genelinde insani yard\u0131m \u00e7al\u0131\u015fanlar\u0131na y\u00f6nelik sald\u0131r\u0131lar\u0131n rekor seviyeye ula\u015ft\u0131\u011f\u0131n\u0131 a\u00e7\u0131klad\u0131. Bu tehlikeli e\u011filimi &#8220;deh\u015fet verici&#8221; olarak nitelendirdi. \u00c7at\u0131\u015fma b\u00f6lgelerinde t\u0131rmanan \u015fiddet nedeniyle hayat\u0131n\u0131 kaybeden \u00e7al\u0131\u015fanlar\u0131n an\u0131s\u0131na, New York ve Cenevre&#8217;deki BM bayraklar\u0131 yar\u0131ya indirildi. BM yetkilileri, \u00f6zellikle silahl\u0131 [&hellip;]<\/p>\n","protected":false},"author":12791,"featured_media":170647,"comment_status":"open","ping_status":"open","sticky":false,"template":"","format":"standard","meta":{"_yoast_wpseo_focuskw":"insani yard\u0131m","_yoast_wpseo_title":"","_yoast_wpseo_metadesc":"Birle\u015fmi\u015f Milletler (BM), 2025'te insani yard\u0131m \u00e7al\u0131\u015fanlar\u0131na y\u00f6nelik \u015fiddetin rekor seviyeye ula\u015ft\u0131\u011f\u0131n\u0131 belirtti.","_bbp_topic_count":0,"_bbp_reply_count":0,"_bbp_total_topic_count":0,"_bbp_total_reply_count":0,"_bbp_voice_count":0,"_bbp_anonymous_reply_count":0,"_bbp_topic_count_hidden":0,"_bbp_reply_count_hidden":0,"_bbp_forum_subforum_count":0,"footnotes":"","_yoast_wpseo_focuskw_text_input":""},"categories":[5,8138],"tags":[12331,323,1314,12330,12332,12329,7953,352,12333,919],"yoast_head":"<!-- This site is optimized with the Yoast SEO plugin v23.0 - https:\/\/yoast.com\/wordpress\/plugins\/seo\/ -->\n<title>BM: 2025&#039;te 907 \u0130nsani Yard\u0131m G\u00f6revlisi \u00d6ld\u00fcr\u00fcld\u00fc - The Epoch Times TR<\/title>\n<meta name=\"description\" content=\"Birle\u015fmi\u015f Milletler (BM), 2025&#039;te insani yard\u0131m \u00e7al\u0131\u015fanlar\u0131na y\u00f6nelik \u015fiddetin rekor seviyeye ula\u015ft\u0131\u011f\u0131n\u0131 belirtti.\" \/>\n<meta name=\"robots\" content=\"index, follow, max-snippet:-1, max-image-preview:large, max-video-preview:-1\" \/>\n<link rel=\"canonical\" href=\"https:\/\/epochtimestr.com\/index.php\/bm-2025te-907-insani-yardim-gorevlisi-olduruldu\" \/>\n<meta property=\"og:locale\" content=\"tr_TR\" \/>\n<meta property=\"og:type\" content=\"article\" \/>\n<meta property=\"og:title\" content=\"BM: 2025&#039;te 907 \u0130nsani Yard\u0131m G\u00f6revlisi \u00d6ld\u00fcr\u00fcld\u00fc - The Epoch Times TR\" \/>\n<meta property=\"og:description\" content=\"Birle\u015fmi\u015f Milletler (BM), 2025&#039;te insani yard\u0131m \u00e7al\u0131\u015fanlar\u0131na y\u00f6nelik \u015fiddetin rekor seviyeye ula\u015ft\u0131\u011f\u0131n\u0131 belirtti.\" \/>\n<meta property=\"og:url\" content=\"https:\/\/epochtimestr.com\/index.php\/bm-2025te-907-insani-yardim-gorevlisi-olduruldu\" \/>\n<meta property=\"og:site_name\" content=\"The Epoch Times TR\" \/>\n<meta property=\"article:publisher\" content=\"https:\/\/www.facebook.com\/theepochtimestr\" \/>\n<meta property=\"article:published_time\" content=\"2026-08-20T06:22:03+00:00\" \/>\n<meta property=\"article:modified_time\" content=\"2026-08-20T06:22:06+00:00\" \/>\n<meta property=\"og:image\" content=\"https:\/\/epochtimestr.com\/wp-content\/uploads\/2011y\/ocha.webp\" \/>\n\t<meta property=\"og:image:width\" content=\"640\" \/>\n\t<meta property=\"og:image:height\" content=\"427\" \/>\n\t<meta property=\"og:image:type\" content=\"image\/webp\" \/>\n<meta name=\"author\" content=\"Haber Merkezi\" \/>\n<meta name=\"twitter:card\" content=\"summary_large_image\" \/>\n<meta name=\"twitter:creator\" content=\"@TheEpochTimesTR\" \/>\n<meta name=\"twitter:site\" content=\"@TheEpochTimesTR\" \/>\n<meta name=\"twitter:label1\" content=\"Yazan:\" \/>\n\t<meta name=\"twitter:data1\" content=\"Haber Merkezi\" \/>\n\t<meta name=\"twitter:label2\" content=\"Tahmini okuma s\u00fcresi\" \/>\n\t<meta name=\"twitter:data2\" content=\"5 dakika\" \/>\n<script type=\"application\/ld+json\" class=\"yoast-schema-graph\">{\"@context\":\"https:\/\/schema.org\",\"@graph\":[{\"@type\":\"Article\",\"@id\":\"https:\/\/epochtimestr.com\/index.php\/bm-2025te-907-insani-yardim-gorevlisi-olduruldu#article\",\"isPartOf\":{\"@id\":\"https:\/\/epochtimestr.com\/index.php\/bm-2025te-907-insani-yardim-gorevlisi-olduruldu\"},\"author\":{\"name\":\"Haber Merkezi\",\"@id\":\"https:\/\/epochtimestr.com\/#\/schema\/person\/3dc5c3adeb9f43923c5aa85889172fdd\"},\"headline\":\"BM: 2025&#8217;te 907 \u0130nsani Yard\u0131m G\u00f6revlisi \u00d6ld\u00fcr\u00fcld\u00fc\",\"datePublished\":\"2026-08-20T06:22:03+00:00\",\"dateModified\":\"2026-08-20T06:22:06+00:00\",\"mainEntityOfPage\":{\"@id\":\"https:\/\/epochtimestr.com\/index.php\/bm-2025te-907-insani-yardim-gorevlisi-olduruldu\"},\"wordCount\":1027,\"commentCount\":0,\"publisher\":{\"@id\":\"https:\/\/epochtimestr.com\/#organization\"},\"image\":{\"@id\":\"https:\/\/epochtimestr.com\/index.php\/bm-2025te-907-insani-yardim-gorevlisi-olduruldu#primaryimage\"},\"thumbnailUrl\":\"https:\/\/epochtimestr.com\/wp-content\/uploads\/2011y\/ocha.webp\",\"keywords\":[\"Antonio Guterres\",\"bm\",\"Gazze\",\"insani yard\u0131m \u00e7al\u0131\u015fanlar\u0131\",\"\u0130srail-Gazze sava\u015f\u0131\",\"OCHA\",\"S\u0130HA\",\"sudan\",\"Tom Fletcher\",\"who\"],\"articleSection\":[\"D\u00dcNYA\",\"MAN\u015eET\"],\"inLanguage\":\"tr\",\"potentialAction\":[{\"@type\":\"CommentAction\",\"name\":\"Comment\",\"target\":[\"https:\/\/epochtimestr.com\/index.php\/bm-2025te-907-insani-yardim-gorevlisi-olduruldu#respond\"]}]},{\"@type\":\"WebPage\",\"@id\":\"https:\/\/epochtimestr.com\/index.php\/bm-2025te-907-insani-yardim-gorevlisi-olduruldu\",\"url\":\"https:\/\/epochtimestr.com\/index.php\/bm-2025te-907-insani-yardim-gorevlisi-olduruldu\",\"name\":\"BM: 2025'te 907 \u0130nsani Yard\u0131m G\u00f6revlisi \u00d6ld\u00fcr\u00fcld\u00fc - The Epoch Times TR\",\"isPartOf\":{\"@id\":\"https:\/\/epochtimestr.com\/#website\"},\"primaryImageOfPage\":{\"@id\":\"https:\/\/epochtimestr.com\/index.php\/bm-2025te-907-insani-yardim-gorevlisi-olduruldu#primaryimage\"},\"image\":{\"@id\":\"https:\/\/epochtimestr.com\/index.php\/bm-2025te-907-insani-yardim-gorevlisi-olduruldu#primaryimage\"},\"thumbnailUrl\":\"https:\/\/epochtimestr.com\/wp-content\/uploads\/2011y\/ocha.webp\",\"datePublished\":\"2026-08-20T06:22:03+00:00\",\"dateModified\":\"2026-08-20T06:22:06+00:00\",\"description\":\"Birle\u015fmi\u015f Milletler (BM), 2025'te insani yard\u0131m \u00e7al\u0131\u015fanlar\u0131na y\u00f6nelik \u015fiddetin rekor seviyeye ula\u015ft\u0131\u011f\u0131n\u0131 belirtti.\",\"inLanguage\":\"tr\",\"potentialAction\":[{\"@type\":\"ReadAction\",\"target\":[\"https:\/\/epochtimestr.com\/index.php\/bm-2025te-907-insani-yardim-gorevlisi-olduruldu\"]}]},{\"@type\":\"ImageObject\",\"inLanguage\":\"tr\",\"@id\":\"https:\/\/epochtimestr.com\/index.php\/bm-2025te-907-insani-yardim-gorevlisi-olduruldu#primaryimage\",\"url\":\"https:\/\/epochtimestr.com\/wp-content\/uploads\/2011y\/ocha.webp\",\"contentUrl\":\"https:\/\/epochtimestr.com\/wp-content\/uploads\/2011y\/ocha.webp\",\"width\":640,\"height\":427},{\"@type\":\"WebSite\",\"@id\":\"https:\/\/epochtimestr.com\/#website\",\"url\":\"https:\/\/epochtimestr.com\/\",\"name\":\"The Epoch Times TR\",\"description\":\"De\u011fi\u015fen D\u00fcnyam\u0131za Taze Bir Bak\u0131\u015f\",\"publisher\":{\"@id\":\"https:\/\/epochtimestr.com\/#organization\"},\"potentialAction\":[{\"@type\":\"SearchAction\",\"target\":{\"@type\":\"EntryPoint\",\"urlTemplate\":\"https:\/\/epochtimestr.com\/?s={search_term_string}\"},\"query-input\":\"required name=search_term_string\"}],\"inLanguage\":\"tr\"},{\"@type\":\"Organization\",\"@id\":\"https:\/\/epochtimestr.com\/#organization\",\"name\":\"The EpochTimes T\u00fcrkiye\",\"url\":\"https:\/\/epochtimestr.com\/\",\"logo\":{\"@type\":\"ImageObject\",\"inLanguage\":\"tr\",\"@id\":\"https:\/\/epochtimestr.com\/#\/schema\/logo\/image\/\",\"url\":\"https:\/\/epochtimestr.com\/wp-content\/uploads\/2011y\/ET-Logo-YG.jpg\",\"contentUrl\":\"https:\/\/epochtimestr.com\/wp-content\/uploads\/2011y\/ET-Logo-YG.jpg\",\"width\":346,\"height\":29,\"caption\":\"The EpochTimes T\u00fcrkiye\"},\"image\":{\"@id\":\"https:\/\/epochtimestr.com\/#\/schema\/logo\/image\/\"},\"sameAs\":[\"https:\/\/www.facebook.com\/theepochtimestr\",\"https:\/\/x.com\/TheEpochTimesTR\",\"https:\/\/www.instagram.com\/epochtimestr\"]},{\"@type\":\"Person\",\"@id\":\"https:\/\/epochtimestr.com\/#\/schema\/person\/3dc5c3adeb9f43923c5aa85889172fdd\",\"name\":\"Haber Merkezi\",\"image\":{\"@type\":\"ImageObject\",\"inLanguage\":\"tr\",\"@id\":\"https:\/\/epochtimestr.com\/#\/schema\/person\/image\/\",\"url\":\"https:\/\/secure.gravatar.com\/avatar\/d73f772ba5a74f28601361e17c2f93e6?s=96&d=mm&r=g\",\"contentUrl\":\"https:\/\/secure.gravatar.com\/avatar\/d73f772ba5a74f28601361e17c2f93e6?s=96&d=mm&r=g\",\"caption\":\"Haber Merkezi\"},\"url\":\"https:\/\/epochtimestr.com\/index.php\/author\/sendag\"}]}<\/script>\n<!-- \/ Yoast SEO plugin. -->","yoast_head_json":{"title":"BM: 2025'te 907 \u0130nsani Yard\u0131m G\u00f6revlisi \u00d6ld\u00fcr\u00fcld\u00fc - The Epoch Times TR","description":"Birle\u015fmi\u015f Milletler (BM), 2025'te insani yard\u0131m \u00e7al\u0131\u015fanlar\u0131na y\u00f6nelik \u015fiddetin rekor seviyeye ula\u015ft\u0131\u011f\u0131n\u0131 belirtti.","robots":{"index":"index","follow":"follow","max-snippet":"max-snippet:-1","max-image-preview":"max-image-preview:large","max-video-preview":"max-video-preview:-1"},"canonical":"https:\/\/epochtimestr.com\/index.php\/bm-2025te-907-insani-yardim-gorevlisi-olduruldu","og_locale":"tr_TR","og_type":"article","og_title":"BM: 2025'te 907 \u0130nsani Yard\u0131m G\u00f6revlisi \u00d6ld\u00fcr\u00fcld\u00fc - The Epoch Times TR","og_description":"Birle\u015fmi\u015f Milletler (BM), 2025'te insani yard\u0131m \u00e7al\u0131\u015fanlar\u0131na y\u00f6nelik \u015fiddetin rekor seviyeye ula\u015ft\u0131\u011f\u0131n\u0131 belirtti.","og_url":"https:\/\/epochtimestr.com\/index.php\/bm-2025te-907-insani-yardim-gorevlisi-olduruldu","og_site_name":"The Epoch Times TR","article_publisher":"https:\/\/www.facebook.com\/theepochtimestr","article_published_time":"2026-08-20T06:22:03+00:00","article_modified_time":"2026-08-20T06:22:06+00:00","og_image":[{"width":640,"height":427,"url":"https:\/\/epochtimestr.com\/wp-content\/uploads\/2011y\/ocha.webp","type":"image\/webp"}],"author":"Haber Merkezi","twitter_card":"summary_large_image","twitter_creator":"@TheEpochTimesTR","twitter_site":"@TheEpochTimesTR","twitter_misc":{"Yazan:":"Haber Merkezi","Tahmini okuma s\u00fcresi":"5 dakika"},"schema":{"@context":"https:\/\/schema.org","@graph":[{"@type":"Article","@id":"https:\/\/epochtimestr.com\/index.php\/bm-2025te-907-insani-yardim-gorevlisi-olduruldu#article","isPartOf":{"@id":"https:\/\/epochtimestr.com\/index.php\/bm-2025te-907-insani-yardim-gorevlisi-olduruldu"},"author":{"name":"Haber Merkezi","@id":"https:\/\/epochtimestr.com\/#\/schema\/person\/3dc5c3adeb9f43923c5aa85889172fdd"},"headline":"BM: 2025&#8217;te 907 \u0130nsani Yard\u0131m G\u00f6revlisi \u00d6ld\u00fcr\u00fcld\u00fc","datePublished":"2026-08-20T06:22:03+00:00","dateModified":"2026-08-20T06:22:06+00:00","mainEntityOfPage":{"@id":"https:\/\/epochtimestr.com\/index.php\/bm-2025te-907-insani-yardim-gorevlisi-olduruldu"},"wordCount":1027,"commentCount":0,"publisher":{"@id":"https:\/\/epochtimestr.com\/#organization"},"image":{"@id":"https:\/\/epochtimestr.com\/index.php\/bm-2025te-907-insani-yardim-gorevlisi-olduruldu#primaryimage"},"thumbnailUrl":"https:\/\/epochtimestr.com\/wp-content\/uploads\/2011y\/ocha.webp","keywords":["Antonio Guterres","bm","Gazze","insani yard\u0131m \u00e7al\u0131\u015fanlar\u0131","\u0130srail-Gazze sava\u015f\u0131","OCHA","S\u0130HA","sudan","Tom Fletcher","who"],"articleSection":["D\u00dcNYA","MAN\u015eET"],"inLanguage":"tr","potentialAction":[{"@type":"CommentAction","name":"Comment","target":["https:\/\/epochtimestr.com\/index.php\/bm-2025te-907-insani-yardim-gorevlisi-olduruldu#respond"]}]},{"@type":"WebPage","@id":"https:\/\/epochtimestr.com\/index.php\/bm-2025te-907-insani-yardim-gorevlisi-olduruldu","url":"https:\/\/epochtimestr.com\/index.php\/bm-2025te-907-insani-yardim-gorevlisi-olduruldu","name":"BM: 2025'te 907 \u0130nsani Yard\u0131m G\u00f6revlisi \u00d6ld\u00fcr\u00fcld\u00fc - The Epoch Times TR","isPartOf":{"@id":"https:\/\/epochtimestr.com\/#website"},"primaryImageOfPage":{"@id":"https:\/\/epochtimestr.com\/index.php\/bm-2025te-907-insani-yardim-gorevlisi-olduruldu#primaryimage"},"image":{"@id":"https:\/\/epochtimestr.com\/index.php\/bm-2025te-907-insani-yardim-gorevlisi-olduruldu#primaryimage"},"thumbnailUrl":"https:\/\/epochtimestr.com\/wp-content\/uploads\/2011y\/ocha.webp","datePublished":"2026-08-20T06:22:03+00:00","dateModified":"2026-08-20T06:22:06+00:00","description":"Birle\u015fmi\u015f Milletler (BM), 2025'te insani yard\u0131m \u00e7al\u0131\u015fanlar\u0131na y\u00f6nelik \u015fiddetin rekor seviyeye ula\u015ft\u0131\u011f\u0131n\u0131 belirtti.","inLanguage":"tr","potentialAction":[{"@type":"ReadAction","target":["https:\/\/epochtimestr.com\/index.php\/bm-2025te-907-insani-yardim-gorevlisi-olduruldu"]}]},{"@type":"ImageObject","inLanguage":"tr","@id":"https:\/\/epochtimestr.com\/index.php\/bm-2025te-907-insani-yardim-gorevlisi-olduruldu#primaryimage","url":"https:\/\/epochtimestr.com\/wp-content\/uploads\/2011y\/ocha.webp","contentUrl":"https:\/\/epochtimestr.com\/wp-content\/uploads\/2011y\/ocha.webp","width":640,"height":427},{"@type":"WebSite","@id":"https:\/\/epochtimestr.com\/#website","url":"https:\/\/epochtimestr.com\/","name":"The Epoch Times TR","description":"De\u011fi\u015fen D\u00fcnyam\u0131za Taze Bir Bak\u0131\u015f","publisher":{"@id":"https:\/\/epochtimestr.com\/#organization"},"potentialAction":[{"@type":"SearchAction","target":{"@type":"EntryPoint","urlTemplate":"https:\/\/epochtimestr.com\/?s={search_term_string}"},"query-input":"required name=search_term_string"}],"inLanguage":"tr"},{"@type":"Organization","@id":"https:\/\/epochtimestr.com\/#organization","name":"The EpochTimes T\u00fcrkiye","url":"https:\/\/epochtimestr.com\/","logo":{"@type":"ImageObject","inLanguage":"tr","@id":"https:\/\/epochtimestr.com\/#\/schema\/logo\/image\/","url":"https:\/\/epochtimestr.com\/wp-content\/uploads\/2011y\/ET-Logo-YG.jpg","contentUrl":"https:\/\/epochtimestr.com\/wp-content\/uploads\/2011y\/ET-Logo-YG.jpg","width":346,"height":29,"caption":"The EpochTimes T\u00fcrkiye"},"image":{"@id":"https:\/\/epochtimestr.com\/#\/schema\/logo\/image\/"},"sameAs":["https:\/\/www.facebook.com\/theepochtimestr","https:\/\/x.com\/TheEpochTimesTR","https:\/\/www.instagram.com\/epochtimestr"]},{"@type":"Person","@id":"https:\/\/epochtimestr.com\/#\/schema\/person\/3dc5c3adeb9f43923c5aa85889172fdd","name":"Haber Merkezi","image":{"@type":"ImageObject","inLanguage":"tr","@id":"https:\/\/epochtimestr.com\/#\/schema\/person\/image\/","url":"https:\/\/secure.gravatar.com\/avatar\/d73f772ba5a74f28601361e17c2f93e6?s=96&d=mm&r=g","contentUrl":"https:\/\/secure.gravatar.com\/avatar\/d73f772ba5a74f28601361e17c2f93e6?s=96&d=mm&r=g","caption":"Haber Merkezi"},"url":"https:\/\/epochtimestr.com\/index.php\/author\/sendag"}]}},"_links":{"self":[{"href":"https:\/\/epochtimestr.com\/index.php\/wp-json\/wp\/v2\/posts\/170646"}],"collection":[{"href":"https:\/\/epochtimestr.com\/index.php\/wp-json\/wp\/v2\/posts"}],"about":[{"href":"https:\/\/epochtimestr.com\/index.php\/wp-json\/wp\/v2\/types\/post"}],"author":[{"embeddable":true,"href":"https:\/\/epochtimestr.com\/index.php\/wp-json\/wp\/v2\/users\/12791"}],"replies":[{"embeddable":true,"href":"https:\/\/epochtimestr.com\/index.php\/wp-json\/wp\/v2\/comments?post=170646"}],"version-history":[{"count":3,"href":"https:\/\/epochtimestr.com\/index.php\/wp-json\/wp\/v2\/posts\/170646\/revisions"}],"predecessor-version":[{"id":170655,"href":"https:\/\/epochtimestr.com\/index.php\/wp-json\/wp\/v2\/posts\/170646\/revisions\/170655"}],"wp:featuredmedia":[{"embeddable":true,"href":"https:\/\/epochtimestr.com\/index.php\/wp-json\/wp\/v2\/media\/170647"}],"wp:attachment":[{"href":"https:\/\/epochtimestr.com\/index.php\/wp-json\/wp\/v2\/media?parent=170646"}],"wp:term":[{"taxonomy":"category","embeddable":true,"href":"https:\/\/epochtimestr.com\/index.php\/wp-json\/wp\/v2\/categories?post=170646"},{"taxonomy":"post_tag","embeddable":true,"href":"https:\/\/epochtimestr.com\/index.php\/wp-json\/wp\/v2\/tags?post=170646"}],"curies":[{"name":"wp","href":"https:\/\/api.w.org\/{rel}","templated":true}]}}