{"id":170656,"date":"2026-08-20T14:35:31","date_gmt":"2026-08-20T11:35:31","guid":{"rendered":"https:\/\/epochtimestr.com\/?p=170656"},"modified":"2026-08-20T14:35:33","modified_gmt":"2026-08-20T11:35:33","slug":"fransa-iki-iranli-diplomati-sinir-disi-ediyor","status":"publish","type":"post","link":"https:\/\/epochtimestr.com\/index.php\/fransa-iki-iranli-diplomati-sinir-disi-ediyor","title":{"rendered":"Fransa \u0130ki \u0130ranl\u0131 Diplomat\u0131 S\u0131n\u0131r D\u0131\u015f\u0131 Ediyor"},"content":{"rendered":"<div class=\"wp-block-image\">\n<figure class=\"aligncenter size-full\"><img loading=\"lazy\" decoding=\"async\" width=\"1200\" height=\"800\" src=\"https:\/\/epochtimestr.com\/wp-content\/uploads\/2011y\/1000052507.jpg\" alt=\"Fransa, Tahran\u2019da iki Frans\u0131z diplomata y\u00f6nelik sald\u0131r\u0131 sonras\u0131 iki \u0130ranl\u0131 diplomat\u0131 s\u0131n\u0131r d\u0131\u015f\u0131 etme karar\u0131 ald\u0131. Fransa D\u0131\u015fi\u015fleri Bakan\u0131 Jean-No\u00ebl Barrot, Frans\u0131z B\u00fcy\u00fckel\u00e7isinin konutunda d\u00fczenlenen bas\u0131n toplant\u0131s\u0131nda konu\u015furken. 6 \u015eubat 2026, Beyrut, L\u00fcbnan. ( Foto\u011fraf: Anwar Amro, AFP - Getty Images, The Epoch Times arac\u0131l\u0131\u011f\u0131yla)\" class=\"wp-image-170657\" srcset=\"https:\/\/epochtimestr.com\/wp-content\/uploads\/2011y\/1000052507.jpg 1200w, https:\/\/epochtimestr.com\/wp-content\/uploads\/2011y\/1000052507-300x200.jpg 300w, https:\/\/epochtimestr.com\/wp-content\/uploads\/2011y\/1000052507-150x100.jpg 150w, https:\/\/epochtimestr.com\/wp-content\/uploads\/2011y\/1000052507-768x512.jpg 768w\" sizes=\"(max-width: 1200px) 100vw, 1200px\" \/><figcaption class=\"wp-element-caption\">Fransa, Tahran\u2019da iki Frans\u0131z diplomata y\u00f6nelik sald\u0131r\u0131 sonras\u0131 iki \u0130ranl\u0131 diplomat\u0131 s\u0131n\u0131r d\u0131\u015f\u0131 etme karar\u0131 ald\u0131. Fransa D\u0131\u015fi\u015fleri Bakan\u0131 Jean-No\u00ebl Barrot, Frans\u0131z B\u00fcy\u00fckel\u00e7isinin konutunda d\u00fczenlenen bas\u0131n toplant\u0131s\u0131nda konu\u015furken. 6 \u015eubat 2026, Beyrut, L\u00fcbnan. (Foto\u011fraf: Anwar Amro, AFP &#8211; Getty Images, The Epoch Times arac\u0131l\u0131\u011f\u0131yla)<\/figcaption><\/figure><\/div>\n\n\n<p>Fransa D\u0131\u015fi\u015fleri Bakan\u0131 Jean-No\u00ebl Barrot&#8217;un 18 A\u011fustos&#8217;ta yapt\u0131\u011f\u0131 a\u00e7\u0131klamaya g\u00f6re Fransa, iki \u0130ranl\u0131 diplomat\u0131 \u201cistenmeyen ki\u015fi\u201d ilan etti. Barrot karar\u0131n, \u0130ran\u2019\u0131n Tahran\u2019da iki Frans\u0131z diplomata y\u00f6nelik <a href=\"https:\/\/www.theepochtimes.com\/world\/france-to-expel-2-iranian-diplomats-after-alleged-assault-on-2-french-diplomats-in-tehran-6077149\" target=\"_blank\" rel=\"noreferrer noopener\">sald\u0131r\u0131ya kar\u015f\u0131l\u0131k<\/a> oldu\u011funu s\u00f6yledi. Paris y\u00f6netimi, karar\u0131 1961 Viyana S\u00f6zle\u015fmesi\u2019nin 9. maddesine dayand\u0131rd\u0131 ve ayr\u0131ca \u0130ran\u2019\u0131n su\u00e7lamalar\u0131n\u0131 tamamen as\u0131ls\u0131z olarak nitelendirdi. \u0130ran, daha \u00f6nce iki Frans\u0131z diplomat\u0131n \u00fclkeye d\u00f6n\u00fc\u015f\u00fcn\u00fc <a href=\"https:\/\/epochtimestr.com\/index.php\/fransa-irana-uyari-verdi-tetik-mekanizmasi-yakinda-devrede\" target=\"_blank\" rel=\"noreferrer noopener\">engellemi\u015fti<\/a>. <\/p>\n\n\n\n<p>Gerilim, 19 Temmuz 2026\u2019da Tahran\u2019da Frans\u0131z k\u00fclt\u00fcr servisinden iki g\u00f6revlinin de yer ald\u0131\u011f\u0131 bir toplant\u0131yla ba\u015flad\u0131. Kat\u0131l\u0131mc\u0131lar aras\u0131nda Fransa k\u00fclt\u00fcr ata\u015fesi ve iki tan\u0131nm\u0131\u015f \u0130ranl\u0131 grafik tasar\u0131mc\u0131 da yer al\u0131yordu. \u0130ran g\u00fcvenlik g\u00fc\u00e7leri, toplant\u0131n\u0131n yap\u0131ld\u0131\u011f\u0131 ve Frans\u0131z B\u00fcy\u00fckel\u00e7ili\u011finin i\u015fletti\u011fi Villa Zadig\u2019e bask\u0131n d\u00fczenledi. Fransa g\u00f6revlilerin saatlerce tutuldu\u011funu ve sorguland\u0131\u011f\u0131n\u0131, hatta diplomatlardan birinin sorgulama s\u0131ras\u0131nda darp edildi\u011fi bildirdi. \u0130ki Frans\u0131z g\u00f6revli daha sonra Fransa\u2019ya d\u00f6nd\u00fc. Ancak \u0130ranl\u0131 tasar\u0131mc\u0131lar Aria Kasaei ve Elly Naghilou ise tutukland\u0131. Yak\u0131nlar\u0131 AFP\u2019ye, iki tasar\u0131mc\u0131n\u0131n halen g\u00f6zalt\u0131nda oldu\u011funu  aktard\u0131.<\/p>\n\n\n\n<p>Buna kar\u015f\u0131l\u0131k \u0130ran, k\u00f6t\u00fc muamele iddialar\u0131n\u0131 reddederek, ki\u015filerin yaln\u0131zca k\u0131sa s\u00fcre sorguland\u0131\u011f\u0131n\u0131 \u00f6ne s\u00fcrd\u00fc. Ayr\u0131ca \u0130ran \u0130stihbarat Bakanl\u0131\u011f\u0131 15 A\u011fustos\u2019ta yapt\u0131\u011f\u0131 a\u00e7\u0131klamada, Fransa\u2019y\u0131 geni\u015f kapsaml\u0131 m\u00fcdahale planlamakla su\u00e7lad\u0131. \u00d6te yandan Paris y\u00f6netimi, \u0130ran\u2019\u0131n su\u00e7lamalar\u0131n\u0131 kabul etmedi. Barrot, Fransa\u2019n\u0131n \u0130ran halk\u0131n\u0131n sanat\u00e7\u0131lar\u0131n\u0131 ve ara\u015ft\u0131rmac\u0131lar\u0131n\u0131 destekledi\u011fini belirtti.<\/p>\n\n\n\n<h2 class=\"wp-block-heading\">\u0130ranl\u0131lardan daha sert tepki \u00e7a\u011fr\u0131s\u0131<\/h2>\n\n\n\n<p>Fransa\u2019da ya\u015fayan \u0130ranl\u0131 yazar Mahnaz Shirali, Paris\u2019in tepki vermesi gerekti\u011fini s\u00f6yledi. Ancak b\u00fcy\u00fckel\u00e7inin s\u0131n\u0131r d\u0131\u015f\u0131 edilmesinin de de\u011ferlendirilmesi gerekti\u011fini ekledi. Gazeteci Emmanuel Razavi de karar\u0131n do\u011fru y\u00f6nde at\u0131lm\u0131\u015f ad\u0131m bir olarak nitelendirdi. Razavi, karar\u0131n Fransa\u2019n\u0131n diplomatik personeline y\u00f6nelik sald\u0131r\u0131lar\u0131 kabul etmedi\u011fini g\u00f6sterdi\u011fini s\u00f6yledi. Bunlara ek olarak bu olay, \u0130ran ile Bat\u0131l\u0131 \u00fclkeler aras\u0131ndaki gerilimin s\u00fcrd\u00fc\u011f\u00fcn\u00fc ortaya koydu. Haziran 2026\u2019da ABD, Fransa ve di\u011fer Bat\u0131l\u0131 \u00fclkeler \u0130ran Devrim Muhaf\u0131zlar\u0131\u2019n\u0131n Avrupa\u2019daki sald\u0131r\u0131lar\u0131 k\u0131nayan ortak bir a\u00e7\u0131klama yay\u0131mlad\u0131. Avrupa Birli\u011fi ise 19 \u015eubat 2026\u2019da Devrim Muhaf\u0131zlar\u0131\u2019n\u0131 ter\u00f6r listesine alm\u0131\u015ft\u0131.<\/p>\n","protected":false},"excerpt":{"rendered":"<p>Fransa D\u0131\u015fi\u015fleri Bakan\u0131 Jean-No\u00ebl Barrot&#8217;un 18 A\u011fustos&#8217;ta yapt\u0131\u011f\u0131 a\u00e7\u0131klamaya g\u00f6re Fransa, iki \u0130ranl\u0131 diplomat\u0131 \u201cistenmeyen ki\u015fi\u201d ilan etti. Barrot karar\u0131n, \u0130ran\u2019\u0131n Tahran\u2019da iki Frans\u0131z diplomata y\u00f6nelik sald\u0131r\u0131ya kar\u015f\u0131l\u0131k oldu\u011funu s\u00f6yledi. Paris y\u00f6netimi, karar\u0131 1961 Viyana S\u00f6zle\u015fmesi\u2019nin 9. maddesine dayand\u0131rd\u0131 ve ayr\u0131ca \u0130ran\u2019\u0131n su\u00e7lamalar\u0131n\u0131 tamamen as\u0131ls\u0131z olarak nitelendirdi. \u0130ran, daha \u00f6nce iki Frans\u0131z diplomat\u0131n \u00fclkeye d\u00f6n\u00fc\u015f\u00fcn\u00fc [&hellip;]<\/p>\n","protected":false},"author":13996,"featured_media":170657,"comment_status":"open","ping_status":"open","sticky":false,"template":"","format":"standard","meta":{"_yoast_wpseo_focuskw":"Fransa - \u0130ranl\u0131","_yoast_wpseo_title":"","_yoast_wpseo_metadesc":"Fransa, Tahran\u2019da iki Frans\u0131z diplomata y\u00f6nelik sald\u0131r\u0131 sonras\u0131 iki \u0130ranl\u0131 diplomat\u0131 s\u0131n\u0131r d\u0131\u015f\u0131 etme karar\u0131 ald\u0131.","_bbp_topic_count":0,"_bbp_reply_count":0,"_bbp_total_topic_count":0,"_bbp_total_reply_count":0,"_bbp_voice_count":0,"_bbp_anonymous_reply_count":0,"_bbp_topic_count_hidden":0,"_bbp_reply_count_hidden":0,"_bbp_forum_subforum_count":0,"footnotes":"","_yoast_wpseo_focuskw_text_input":""},"categories":[5,1,8138],"tags":[10503,708,329,232,10522,12334,9075],"yoast_head":"<!-- This site is optimized with the Yoast SEO plugin v23.0 - https:\/\/yoast.com\/wordpress\/plugins\/seo\/ -->\n<title>Fransa \u0130ki \u0130ranl\u0131 Diplomat\u0131 S\u0131n\u0131r D\u0131\u015f\u0131 Ediyor - The Epoch Times TR<\/title>\n<meta name=\"description\" content=\"Fransa, Tahran\u2019da iki Frans\u0131z diplomata y\u00f6nelik sald\u0131r\u0131 sonras\u0131 iki \u0130ranl\u0131 diplomat\u0131 s\u0131n\u0131r d\u0131\u015f\u0131 etme karar\u0131 ald\u0131.\" \/>\n<meta name=\"robots\" content=\"index, follow, max-snippet:-1, max-image-preview:large, max-video-preview:-1\" \/>\n<link rel=\"canonical\" href=\"https:\/\/epochtimestr.com\/index.php\/fransa-iki-iranli-diplomati-sinir-disi-ediyor\" \/>\n<meta property=\"og:locale\" content=\"tr_TR\" \/>\n<meta property=\"og:type\" content=\"article\" \/>\n<meta property=\"og:title\" content=\"Fransa \u0130ki \u0130ranl\u0131 Diplomat\u0131 S\u0131n\u0131r D\u0131\u015f\u0131 Ediyor - The Epoch Times TR\" \/>\n<meta property=\"og:description\" content=\"Fransa, Tahran\u2019da iki Frans\u0131z diplomata y\u00f6nelik sald\u0131r\u0131 sonras\u0131 iki \u0130ranl\u0131 diplomat\u0131 s\u0131n\u0131r d\u0131\u015f\u0131 etme karar\u0131 ald\u0131.\" \/>\n<meta property=\"og:url\" content=\"https:\/\/epochtimestr.com\/index.php\/fransa-iki-iranli-diplomati-sinir-disi-ediyor\" \/>\n<meta property=\"og:site_name\" content=\"The Epoch Times TR\" \/>\n<meta property=\"article:publisher\" content=\"https:\/\/www.facebook.com\/theepochtimestr\" \/>\n<meta property=\"article:published_time\" content=\"2026-08-20T11:35:31+00:00\" \/>\n<meta property=\"article:modified_time\" content=\"2026-08-20T11:35:33+00:00\" \/>\n<meta property=\"og:image\" content=\"https:\/\/epochtimestr.com\/wp-content\/uploads\/2011y\/1000052507.jpg\" \/>\n\t<meta property=\"og:image:width\" content=\"1200\" \/>\n\t<meta property=\"og:image:height\" content=\"800\" \/>\n\t<meta property=\"og:image:type\" content=\"image\/jpeg\" \/>\n<meta name=\"author\" content=\"Leo Bajelan\" \/>\n<meta name=\"twitter:card\" content=\"summary_large_image\" \/>\n<meta name=\"twitter:creator\" content=\"@TheEpochTimesTR\" \/>\n<meta name=\"twitter:site\" content=\"@TheEpochTimesTR\" \/>\n<meta name=\"twitter:label1\" content=\"Yazan:\" \/>\n\t<meta name=\"twitter:data1\" content=\"Leo Bajelan\" \/>\n\t<meta name=\"twitter:label2\" content=\"Tahmini okuma s\u00fcresi\" \/>\n\t<meta name=\"twitter:data2\" content=\"3 dakika\" \/>\n<script type=\"application\/ld+json\" class=\"yoast-schema-graph\">{\"@context\":\"https:\/\/schema.org\",\"@graph\":[{\"@type\":\"Article\",\"@id\":\"https:\/\/epochtimestr.com\/index.php\/fransa-iki-iranli-diplomati-sinir-disi-ediyor#article\",\"isPartOf\":{\"@id\":\"https:\/\/epochtimestr.com\/index.php\/fransa-iki-iranli-diplomati-sinir-disi-ediyor\"},\"author\":{\"name\":\"Leo Bajelan\",\"@id\":\"https:\/\/epochtimestr.com\/#\/schema\/person\/5fef218711d76d8f232b0e1f1d7e4c0d\"},\"headline\":\"Fransa \u0130ki \u0130ranl\u0131 Diplomat\u0131 S\u0131n\u0131r D\u0131\u015f\u0131 Ediyor\",\"datePublished\":\"2026-08-20T11:35:31+00:00\",\"dateModified\":\"2026-08-20T11:35:33+00:00\",\"mainEntityOfPage\":{\"@id\":\"https:\/\/epochtimestr.com\/index.php\/fransa-iki-iranli-diplomati-sinir-disi-ediyor\"},\"wordCount\":509,\"commentCount\":0,\"publisher\":{\"@id\":\"https:\/\/epochtimestr.com\/#organization\"},\"image\":{\"@id\":\"https:\/\/epochtimestr.com\/index.php\/fransa-iki-iranli-diplomati-sinir-disi-ediyor#primaryimage\"},\"thumbnailUrl\":\"https:\/\/epochtimestr.com\/wp-content\/uploads\/2011y\/1000052507.jpg\",\"keywords\":[\"ABD \u0130ran sava\u015f\u0131\",\"almanya\",\"avrupa birli\u011fi\",\"fransa\",\"H\u00fcrm\u00fcz bo\u011faz\u0131\",\"\u0130ranl\u0131 diplomatlar\",\"Jean-No\u00ebl Barrot\"],\"articleSection\":[\"D\u00dcNYA\",\"G\u00dcNDEM\",\"MAN\u015eET\"],\"inLanguage\":\"tr\",\"potentialAction\":[{\"@type\":\"CommentAction\",\"name\":\"Comment\",\"target\":[\"https:\/\/epochtimestr.com\/index.php\/fransa-iki-iranli-diplomati-sinir-disi-ediyor#respond\"]}]},{\"@type\":\"WebPage\",\"@id\":\"https:\/\/epochtimestr.com\/index.php\/fransa-iki-iranli-diplomati-sinir-disi-ediyor\",\"url\":\"https:\/\/epochtimestr.com\/index.php\/fransa-iki-iranli-diplomati-sinir-disi-ediyor\",\"name\":\"Fransa \u0130ki \u0130ranl\u0131 Diplomat\u0131 S\u0131n\u0131r D\u0131\u015f\u0131 Ediyor - The Epoch Times TR\",\"isPartOf\":{\"@id\":\"https:\/\/epochtimestr.com\/#website\"},\"primaryImageOfPage\":{\"@id\":\"https:\/\/epochtimestr.com\/index.php\/fransa-iki-iranli-diplomati-sinir-disi-ediyor#primaryimage\"},\"image\":{\"@id\":\"https:\/\/epochtimestr.com\/index.php\/fransa-iki-iranli-diplomati-sinir-disi-ediyor#primaryimage\"},\"thumbnailUrl\":\"https:\/\/epochtimestr.com\/wp-content\/uploads\/2011y\/1000052507.jpg\",\"datePublished\":\"2026-08-20T11:35:31+00:00\",\"dateModified\":\"2026-08-20T11:35:33+00:00\",\"description\":\"Fransa, Tahran\u2019da iki Frans\u0131z diplomata y\u00f6nelik sald\u0131r\u0131 sonras\u0131 iki \u0130ranl\u0131 diplomat\u0131 s\u0131n\u0131r d\u0131\u015f\u0131 etme karar\u0131 ald\u0131.\",\"inLanguage\":\"tr\",\"potentialAction\":[{\"@type\":\"ReadAction\",\"target\":[\"https:\/\/epochtimestr.com\/index.php\/fransa-iki-iranli-diplomati-sinir-disi-ediyor\"]}]},{\"@type\":\"ImageObject\",\"inLanguage\":\"tr\",\"@id\":\"https:\/\/epochtimestr.com\/index.php\/fransa-iki-iranli-diplomati-sinir-disi-ediyor#primaryimage\",\"url\":\"https:\/\/epochtimestr.com\/wp-content\/uploads\/2011y\/1000052507.jpg\",\"contentUrl\":\"https:\/\/epochtimestr.com\/wp-content\/uploads\/2011y\/1000052507.jpg\",\"width\":1200,\"height\":800},{\"@type\":\"WebSite\",\"@id\":\"https:\/\/epochtimestr.com\/#website\",\"url\":\"https:\/\/epochtimestr.com\/\",\"name\":\"The Epoch Times TR\",\"description\":\"De\u011fi\u015fen D\u00fcnyam\u0131za Taze Bir Bak\u0131\u015f\",\"publisher\":{\"@id\":\"https:\/\/epochtimestr.com\/#organization\"},\"potentialAction\":[{\"@type\":\"SearchAction\",\"target\":{\"@type\":\"EntryPoint\",\"urlTemplate\":\"https:\/\/epochtimestr.com\/?s={search_term_string}\"},\"query-input\":\"required name=search_term_string\"}],\"inLanguage\":\"tr\"},{\"@type\":\"Organization\",\"@id\":\"https:\/\/epochtimestr.com\/#organization\",\"name\":\"The EpochTimes T\u00fcrkiye\",\"url\":\"https:\/\/epochtimestr.com\/\",\"logo\":{\"@type\":\"ImageObject\",\"inLanguage\":\"tr\",\"@id\":\"https:\/\/epochtimestr.com\/#\/schema\/logo\/image\/\",\"url\":\"https:\/\/epochtimestr.com\/wp-content\/uploads\/2011y\/ET-Logo-YG.jpg\",\"contentUrl\":\"https:\/\/epochtimestr.com\/wp-content\/uploads\/2011y\/ET-Logo-YG.jpg\",\"width\":346,\"height\":29,\"caption\":\"The EpochTimes T\u00fcrkiye\"},\"image\":{\"@id\":\"https:\/\/epochtimestr.com\/#\/schema\/logo\/image\/\"},\"sameAs\":[\"https:\/\/www.facebook.com\/theepochtimestr\",\"https:\/\/x.com\/TheEpochTimesTR\",\"https:\/\/www.instagram.com\/epochtimestr\"]},{\"@type\":\"Person\",\"@id\":\"https:\/\/epochtimestr.com\/#\/schema\/person\/5fef218711d76d8f232b0e1f1d7e4c0d\",\"name\":\"Leo Bajelan\",\"image\":{\"@type\":\"ImageObject\",\"inLanguage\":\"tr\",\"@id\":\"https:\/\/epochtimestr.com\/#\/schema\/person\/image\/\",\"url\":\"https:\/\/secure.gravatar.com\/avatar\/917669146f489549e548a2e9af272df5?s=96&d=mm&r=g\",\"contentUrl\":\"https:\/\/secure.gravatar.com\/avatar\/917669146f489549e548a2e9af272df5?s=96&d=mm&r=g\",\"caption\":\"Leo Bajelan\"},\"url\":\"https:\/\/epochtimestr.com\/index.php\/author\/leo\"}]}<\/script>\n<!-- \/ Yoast SEO plugin. -->","yoast_head_json":{"title":"Fransa \u0130ki \u0130ranl\u0131 Diplomat\u0131 S\u0131n\u0131r D\u0131\u015f\u0131 Ediyor - The Epoch Times TR","description":"Fransa, Tahran\u2019da iki Frans\u0131z diplomata y\u00f6nelik sald\u0131r\u0131 sonras\u0131 iki \u0130ranl\u0131 diplomat\u0131 s\u0131n\u0131r d\u0131\u015f\u0131 etme karar\u0131 ald\u0131.","robots":{"index":"index","follow":"follow","max-snippet":"max-snippet:-1","max-image-preview":"max-image-preview:large","max-video-preview":"max-video-preview:-1"},"canonical":"https:\/\/epochtimestr.com\/index.php\/fransa-iki-iranli-diplomati-sinir-disi-ediyor","og_locale":"tr_TR","og_type":"article","og_title":"Fransa \u0130ki \u0130ranl\u0131 Diplomat\u0131 S\u0131n\u0131r D\u0131\u015f\u0131 Ediyor - The Epoch Times TR","og_description":"Fransa, Tahran\u2019da iki Frans\u0131z diplomata y\u00f6nelik sald\u0131r\u0131 sonras\u0131 iki \u0130ranl\u0131 diplomat\u0131 s\u0131n\u0131r d\u0131\u015f\u0131 etme karar\u0131 ald\u0131.","og_url":"https:\/\/epochtimestr.com\/index.php\/fransa-iki-iranli-diplomati-sinir-disi-ediyor","og_site_name":"The Epoch Times TR","article_publisher":"https:\/\/www.facebook.com\/theepochtimestr","article_published_time":"2026-08-20T11:35:31+00:00","article_modified_time":"2026-08-20T11:35:33+00:00","og_image":[{"width":1200,"height":800,"url":"https:\/\/epochtimestr.com\/wp-content\/uploads\/2011y\/1000052507.jpg","type":"image\/jpeg"}],"author":"Leo Bajelan","twitter_card":"summary_large_image","twitter_creator":"@TheEpochTimesTR","twitter_site":"@TheEpochTimesTR","twitter_misc":{"Yazan:":"Leo Bajelan","Tahmini okuma s\u00fcresi":"3 dakika"},"schema":{"@context":"https:\/\/schema.org","@graph":[{"@type":"Article","@id":"https:\/\/epochtimestr.com\/index.php\/fransa-iki-iranli-diplomati-sinir-disi-ediyor#article","isPartOf":{"@id":"https:\/\/epochtimestr.com\/index.php\/fransa-iki-iranli-diplomati-sinir-disi-ediyor"},"author":{"name":"Leo Bajelan","@id":"https:\/\/epochtimestr.com\/#\/schema\/person\/5fef218711d76d8f232b0e1f1d7e4c0d"},"headline":"Fransa \u0130ki \u0130ranl\u0131 Diplomat\u0131 S\u0131n\u0131r D\u0131\u015f\u0131 Ediyor","datePublished":"2026-08-20T11:35:31+00:00","dateModified":"2026-08-20T11:35:33+00:00","mainEntityOfPage":{"@id":"https:\/\/epochtimestr.com\/index.php\/fransa-iki-iranli-diplomati-sinir-disi-ediyor"},"wordCount":509,"commentCount":0,"publisher":{"@id":"https:\/\/epochtimestr.com\/#organization"},"image":{"@id":"https:\/\/epochtimestr.com\/index.php\/fransa-iki-iranli-diplomati-sinir-disi-ediyor#primaryimage"},"thumbnailUrl":"https:\/\/epochtimestr.com\/wp-content\/uploads\/2011y\/1000052507.jpg","keywords":["ABD \u0130ran sava\u015f\u0131","almanya","avrupa birli\u011fi","fransa","H\u00fcrm\u00fcz bo\u011faz\u0131","\u0130ranl\u0131 diplomatlar","Jean-No\u00ebl Barrot"],"articleSection":["D\u00dcNYA","G\u00dcNDEM","MAN\u015eET"],"inLanguage":"tr","potentialAction":[{"@type":"CommentAction","name":"Comment","target":["https:\/\/epochtimestr.com\/index.php\/fransa-iki-iranli-diplomati-sinir-disi-ediyor#respond"]}]},{"@type":"WebPage","@id":"https:\/\/epochtimestr.com\/index.php\/fransa-iki-iranli-diplomati-sinir-disi-ediyor","url":"https:\/\/epochtimestr.com\/index.php\/fransa-iki-iranli-diplomati-sinir-disi-ediyor","name":"Fransa \u0130ki \u0130ranl\u0131 Diplomat\u0131 S\u0131n\u0131r D\u0131\u015f\u0131 Ediyor - The Epoch Times TR","isPartOf":{"@id":"https:\/\/epochtimestr.com\/#website"},"primaryImageOfPage":{"@id":"https:\/\/epochtimestr.com\/index.php\/fransa-iki-iranli-diplomati-sinir-disi-ediyor#primaryimage"},"image":{"@id":"https:\/\/epochtimestr.com\/index.php\/fransa-iki-iranli-diplomati-sinir-disi-ediyor#primaryimage"},"thumbnailUrl":"https:\/\/epochtimestr.com\/wp-content\/uploads\/2011y\/1000052507.jpg","datePublished":"2026-08-20T11:35:31+00:00","dateModified":"2026-08-20T11:35:33+00:00","description":"Fransa, Tahran\u2019da iki Frans\u0131z diplomata y\u00f6nelik sald\u0131r\u0131 sonras\u0131 iki \u0130ranl\u0131 diplomat\u0131 s\u0131n\u0131r d\u0131\u015f\u0131 etme karar\u0131 ald\u0131.","inLanguage":"tr","potentialAction":[{"@type":"ReadAction","target":["https:\/\/epochtimestr.com\/index.php\/fransa-iki-iranli-diplomati-sinir-disi-ediyor"]}]},{"@type":"ImageObject","inLanguage":"tr","@id":"https:\/\/epochtimestr.com\/index.php\/fransa-iki-iranli-diplomati-sinir-disi-ediyor#primaryimage","url":"https:\/\/epochtimestr.com\/wp-content\/uploads\/2011y\/1000052507.jpg","contentUrl":"https:\/\/epochtimestr.com\/wp-content\/uploads\/2011y\/1000052507.jpg","width":1200,"height":800},{"@type":"WebSite","@id":"https:\/\/epochtimestr.com\/#website","url":"https:\/\/epochtimestr.com\/","name":"The Epoch Times TR","description":"De\u011fi\u015fen D\u00fcnyam\u0131za Taze Bir Bak\u0131\u015f","publisher":{"@id":"https:\/\/epochtimestr.com\/#organization"},"potentialAction":[{"@type":"SearchAction","target":{"@type":"EntryPoint","urlTemplate":"https:\/\/epochtimestr.com\/?s={search_term_string}"},"query-input":"required name=search_term_string"}],"inLanguage":"tr"},{"@type":"Organization","@id":"https:\/\/epochtimestr.com\/#organization","name":"The EpochTimes T\u00fcrkiye","url":"https:\/\/epochtimestr.com\/","logo":{"@type":"ImageObject","inLanguage":"tr","@id":"https:\/\/epochtimestr.com\/#\/schema\/logo\/image\/","url":"https:\/\/epochtimestr.com\/wp-content\/uploads\/2011y\/ET-Logo-YG.jpg","contentUrl":"https:\/\/epochtimestr.com\/wp-content\/uploads\/2011y\/ET-Logo-YG.jpg","width":346,"height":29,"caption":"The EpochTimes T\u00fcrkiye"},"image":{"@id":"https:\/\/epochtimestr.com\/#\/schema\/logo\/image\/"},"sameAs":["https:\/\/www.facebook.com\/theepochtimestr","https:\/\/x.com\/TheEpochTimesTR","https:\/\/www.instagram.com\/epochtimestr"]},{"@type":"Person","@id":"https:\/\/epochtimestr.com\/#\/schema\/person\/5fef218711d76d8f232b0e1f1d7e4c0d","name":"Leo Bajelan","image":{"@type":"ImageObject","inLanguage":"tr","@id":"https:\/\/epochtimestr.com\/#\/schema\/person\/image\/","url":"https:\/\/secure.gravatar.com\/avatar\/917669146f489549e548a2e9af272df5?s=96&d=mm&r=g","contentUrl":"https:\/\/secure.gravatar.com\/avatar\/917669146f489549e548a2e9af272df5?s=96&d=mm&r=g","caption":"Leo Bajelan"},"url":"https:\/\/epochtimestr.com\/index.php\/author\/leo"}]}},"_links":{"self":[{"href":"https:\/\/epochtimestr.com\/index.php\/wp-json\/wp\/v2\/posts\/170656"}],"collection":[{"href":"https:\/\/epochtimestr.com\/index.php\/wp-json\/wp\/v2\/posts"}],"about":[{"href":"https:\/\/epochtimestr.com\/index.php\/wp-json\/wp\/v2\/types\/post"}],"author":[{"embeddable":true,"href":"https:\/\/epochtimestr.com\/index.php\/wp-json\/wp\/v2\/users\/13996"}],"replies":[{"embeddable":true,"href":"https:\/\/epochtimestr.com\/index.php\/wp-json\/wp\/v2\/comments?post=170656"}],"version-history":[{"count":2,"href":"https:\/\/epochtimestr.com\/index.php\/wp-json\/wp\/v2\/posts\/170656\/revisions"}],"predecessor-version":[{"id":170664,"href":"https:\/\/epochtimestr.com\/index.php\/wp-json\/wp\/v2\/posts\/170656\/revisions\/170664"}],"wp:featuredmedia":[{"embeddable":true,"href":"https:\/\/epochtimestr.com\/index.php\/wp-json\/wp\/v2\/media\/170657"}],"wp:attachment":[{"href":"https:\/\/epochtimestr.com\/index.php\/wp-json\/wp\/v2\/media?parent=170656"}],"wp:term":[{"taxonomy":"category","embeddable":true,"href":"https:\/\/epochtimestr.com\/index.php\/wp-json\/wp\/v2\/categories?post=170656"},{"taxonomy":"post_tag","embeddable":true,"href":"https:\/\/epochtimestr.com\/index.php\/wp-json\/wp\/v2\/tags?post=170656"}],"curies":[{"name":"wp","href":"https:\/\/api.w.org\/{rel}","templated":true}]}}