{"id":170660,"date":"2026-08-20T14:57:59","date_gmt":"2026-08-20T11:57:59","guid":{"rendered":"https:\/\/epochtimestr.com\/?p=170660"},"modified":"2026-08-20T14:58:01","modified_gmt":"2026-08-20T11:58:01","slug":"trump-irana-karsi-ekonomik-savas-baslatiyor","status":"publish","type":"post","link":"https:\/\/epochtimestr.com\/index.php\/trump-irana-karsi-ekonomik-savas-baslatiyor","title":{"rendered":"Trump \u0130ran&#8217;a Kar\u015f\u0131 Ekonomik Sava\u015f Ba\u015flat\u0131yor"},"content":{"rendered":"<div class=\"wp-block-image\">\n<figure class=\"aligncenter size-full is-resized\"><img loading=\"lazy\" decoding=\"async\" width=\"1024\" height=\"683\" src=\"https:\/\/epochtimestr.com\/wp-content\/uploads\/2011y\/1000052514.webp\" alt=\"Ba\u015fkan Donald Trump, 24 Temmuz 2026'da Washington'daki Beyaz Saray Oval Ofisi'nde ABD'nin n\u00fckleer inovasyonu hakk\u0131nda a\u00e7\u0131klama yap\u0131yor. (Foto\u011fraf: Mandel Ngan\/AFP via Getty Images)\" class=\"wp-image-170661\" style=\"width:840px;height:auto\" srcset=\"https:\/\/epochtimestr.com\/wp-content\/uploads\/2011y\/1000052514.webp 1024w, https:\/\/epochtimestr.com\/wp-content\/uploads\/2011y\/1000052514-300x200.webp 300w, https:\/\/epochtimestr.com\/wp-content\/uploads\/2011y\/1000052514-150x100.webp 150w, https:\/\/epochtimestr.com\/wp-content\/uploads\/2011y\/1000052514-768x512.webp 768w\" sizes=\"(max-width: 1024px) 100vw, 1024px\" \/><figcaption class=\"wp-element-caption\">ABD Ba\u015fkan\u0131 Donald Trump, \u0130ran&#8217;a kar\u015f\u0131 kapsaml\u0131 ekonomik yapt\u0131r\u0131mlar ba\u015flataca\u011f\u0131n\u0131 a\u00e7\u0131klad\u0131. Trump, Beyaz Saray Oval Ofisi&#8217;nde ABD&#8217;nin n\u00fckleer inovasyonu hakk\u0131nda a\u00e7\u0131klama yaparken. 24 Temmuz 2026, Washington. (Foto\u011fraf: Mandel Ngan, AFP &#8211; Getty Images, The Epoch Times arac\u0131l\u0131\u011f\u0131yla)<\/figcaption><\/figure><\/div>\n\n\n<p>ABD Ba\u015fkan\u0131 Donald Trump, \u0130ran&#8217;a kar\u015f\u0131 kapsaml\u0131 ekonomik yapt\u0131r\u0131mlar ba\u015flataca\u011f\u0131n\u0131 a\u00e7\u0131klad\u0131. Trump, uygulaman\u0131n benzeri g\u00f6r\u00fclmemi\u015f bir ekonomik sava\u015f olaca\u011f\u0131n\u0131 s\u00f6yledi. Ayr\u0131ca \u0130ran&#8217;a ekonomik destek sa\u011flayan \u00fclkelerin finans kurulu\u015flar\u0131, \u015firketleri ve kamu kurumlar\u0131 hedef al\u0131nabilece\u011fi konusunda uyard\u0131. Bunlara ek olarak <a href=\"https:\/\/www.theepochtimes.com\/world\/trump-announces-us-to-wage-unprecedented-economic-warfare-against-iran-6077272\" target=\"_blank\" rel=\"noreferrer noopener\">petrol ka\u00e7ak\u00e7\u0131l\u0131\u011f\u0131<\/a> ve nakit transferlerinin de hedef al\u0131naca\u011f\u0131n\u0131 belirtti. Swap hatlar\u0131, d\u00f6viz b\u00fcrolar\u0131 ve gemi kay\u0131tlar\u0131 da listede yer ald\u0131. Ayr\u0131ca \u0130ran ad\u0131na faaliyet g\u00f6steren paravan \u015firketler de yapt\u0131r\u0131mlarla kar\u015f\u0131la\u015facak. <\/p>\n\n\n\n<p>Trump ayr\u0131ca m\u00fcttefiklerinden \u0130ran&#8217;\u0131n ekonomik izolasyonuna destek olmalar\u0131n\u0131 istedi. \u0130ran&#8217;\u0131n askeri kapasitesinin b\u00fcy\u00fck \u00f6l\u00e7\u00fcde yok edildi\u011fini, bununla birlikte \u0130ran&#8217;\u0131n n\u00fckleer silah edinmesine izin vermeyece\u011fini yineledi. Trump, ABD&#8217;nin b\u00f6lgedeki askeri operasyonlar\u0131n\u0131 bu hedefle ili\u015fkilendirdi. Y\u00f6netim, \u0130ran&#8217;\u0131n n\u00fckleer program\u0131n\u0131 sona erdirmeyi temel hedeflerden biri olarak g\u00f6steriyor. \u00d6te yandan <a href=\"https:\/\/epochtimestr.com\/index.php\/trump-iran-icin-3-yeni-strateji-acikladi\" target=\"_blank\" rel=\"noreferrer noopener\">diplomatik g\u00f6r\u00fc\u015fmeler<\/a> uzun s\u00fcredir sonu\u00e7 vermiyor. Taraflar ayr\u0131ca anla\u015fma ihlalleri konusunda kar\u015f\u0131l\u0131kl\u0131 su\u00e7lamalarda bulunuyor.<\/p>\n\n\n\n<p>ABD Hazine Bakan\u0131 Scott Bessent, yeni politikaya ili\u015fkin a\u00e7\u0131klama yapt\u0131. Trump&#8217;\u0131n Hazine Bakanl\u0131\u011f\u0131na azami bask\u0131 talimat\u0131 verdi\u011fini ve ekonomik izolasyonun daha \u00f6nce g\u00f6r\u00fclmemi\u015f seviyeye \u00e7\u0131kaca\u011f\u0131n\u0131 belirtti. Bessent, H\u00fcrm\u00fcz Bo\u011faz\u0131&#8217;ndaki ablukan\u0131n da s\u00fcrece\u011fini, \u0130ran limanlar\u0131na giri\u015f ve \u00e7\u0131k\u0131\u015flar\u0131n engellenece\u011fini s\u00f6yledi. Yeni politika, diplomatik giri\u015fimlerin sonu\u00e7suz kalmas\u0131n\u0131n ard\u0131ndan geldi. Bununla birlikte ekonomik bask\u0131 se\u00e7enekleri y\u00f6netim i\u00e7inde uzun s\u00fcredir tart\u0131\u015f\u0131l\u0131yordu.<\/p>\n\n\n\n<p>Birle\u015fik Arap Emirlikleri de \u0130ran&#8217;la ticareti kesece\u011fini <a href=\"https:\/\/epochtimestr.com\/index.php\/bae-iran-ile-tum-ticaretini-durdurdu\" target=\"_blank\" rel=\"noreferrer noopener\">a\u00e7\u0131klad\u0131<\/a>. Bu karar, \u0130ran g\u00fc\u00e7lerinin \u00fclkeye iki f\u00fcze g\u00f6ndermesinin ard\u0131ndan geldi. Trump y\u00f6netimi, yeni ekonomik \u00f6nlemlerle \u0130ran \u00fczerindeki bask\u0131y\u0131 art\u0131rmay\u0131 hedefliyor. Ayr\u0131ca Washington, m\u00fcttefiklerinden bu politikaya destek vermelerini istiyor.<\/p>\n","protected":false},"excerpt":{"rendered":"<p>ABD Ba\u015fkan\u0131 Donald Trump, \u0130ran&#8217;a kar\u015f\u0131 kapsaml\u0131 ekonomik yapt\u0131r\u0131mlar ba\u015flataca\u011f\u0131n\u0131 a\u00e7\u0131klad\u0131. Trump, uygulaman\u0131n benzeri g\u00f6r\u00fclmemi\u015f bir ekonomik sava\u015f olaca\u011f\u0131n\u0131 s\u00f6yledi. Ayr\u0131ca \u0130ran&#8217;a ekonomik destek sa\u011flayan \u00fclkelerin finans kurulu\u015flar\u0131, \u015firketleri ve kamu kurumlar\u0131 hedef al\u0131nabilece\u011fi konusunda uyard\u0131. Bunlara ek olarak petrol ka\u00e7ak\u00e7\u0131l\u0131\u011f\u0131 ve nakit transferlerinin de hedef al\u0131naca\u011f\u0131n\u0131 belirtti. Swap hatlar\u0131, d\u00f6viz b\u00fcrolar\u0131 ve gemi kay\u0131tlar\u0131 [&hellip;]<\/p>\n","protected":false},"author":13996,"featured_media":170661,"comment_status":"open","ping_status":"open","sticky":false,"template":"","format":"standard","meta":{"_yoast_wpseo_focuskw":"Trump - ekonomik","_yoast_wpseo_title":"","_yoast_wpseo_metadesc":"Trump, \u0130ran'a kar\u015f\u0131 kapsaml\u0131 ekonomik yapt\u0131r\u0131mlar ba\u015flataca\u011f\u0131n\u0131 a\u00e7\u0131klad\u0131. \u0130ran'a destek veren \u00fclkelere de yapt\u0131r\u0131m uyar\u0131s\u0131nda bulundu.","_bbp_topic_count":0,"_bbp_reply_count":0,"_bbp_total_topic_count":0,"_bbp_total_reply_count":0,"_bbp_voice_count":0,"_bbp_anonymous_reply_count":0,"_bbp_topic_count_hidden":0,"_bbp_reply_count_hidden":0,"_bbp_forum_subforum_count":0,"footnotes":"","_yoast_wpseo_focuskw_text_input":""},"categories":[5,1,8138],"tags":[10503,12335,6520,10942,5764],"yoast_head":"<!-- This site is optimized with the Yoast SEO plugin v23.0 - https:\/\/yoast.com\/wordpress\/plugins\/seo\/ -->\n<title>Trump \u0130ran&#039;a Kar\u015f\u0131 Ekonomik Sava\u015f Ba\u015flat\u0131yor - The Epoch Times TR<\/title>\n<meta name=\"description\" content=\"Trump, \u0130ran&#039;a kar\u015f\u0131 kapsaml\u0131 ekonomik yapt\u0131r\u0131mlar ba\u015flataca\u011f\u0131n\u0131 a\u00e7\u0131klad\u0131. \u0130ran&#039;a destek veren \u00fclkelere de yapt\u0131r\u0131m uyar\u0131s\u0131nda bulundu.\" \/>\n<meta name=\"robots\" content=\"index, follow, max-snippet:-1, max-image-preview:large, max-video-preview:-1\" \/>\n<link rel=\"canonical\" href=\"https:\/\/epochtimestr.com\/index.php\/trump-irana-karsi-ekonomik-savas-baslatiyor\" \/>\n<meta property=\"og:locale\" content=\"tr_TR\" \/>\n<meta property=\"og:type\" content=\"article\" \/>\n<meta property=\"og:title\" content=\"Trump \u0130ran&#039;a Kar\u015f\u0131 Ekonomik Sava\u015f Ba\u015flat\u0131yor - The Epoch Times TR\" \/>\n<meta property=\"og:description\" content=\"Trump, \u0130ran&#039;a kar\u015f\u0131 kapsaml\u0131 ekonomik yapt\u0131r\u0131mlar ba\u015flataca\u011f\u0131n\u0131 a\u00e7\u0131klad\u0131. \u0130ran&#039;a destek veren \u00fclkelere de yapt\u0131r\u0131m uyar\u0131s\u0131nda bulundu.\" \/>\n<meta property=\"og:url\" content=\"https:\/\/epochtimestr.com\/index.php\/trump-irana-karsi-ekonomik-savas-baslatiyor\" \/>\n<meta property=\"og:site_name\" content=\"The Epoch Times TR\" \/>\n<meta property=\"article:publisher\" content=\"https:\/\/www.facebook.com\/theepochtimestr\" \/>\n<meta property=\"article:published_time\" content=\"2026-08-20T11:57:59+00:00\" \/>\n<meta property=\"article:modified_time\" content=\"2026-08-20T11:58:01+00:00\" \/>\n<meta property=\"og:image\" content=\"https:\/\/epochtimestr.com\/wp-content\/uploads\/2011y\/1000052514.webp\" \/>\n\t<meta property=\"og:image:width\" content=\"1024\" \/>\n\t<meta property=\"og:image:height\" content=\"683\" \/>\n\t<meta property=\"og:image:type\" content=\"image\/webp\" \/>\n<meta name=\"author\" content=\"Leo Bajelan\" \/>\n<meta name=\"twitter:card\" content=\"summary_large_image\" \/>\n<meta name=\"twitter:creator\" content=\"@TheEpochTimesTR\" \/>\n<meta name=\"twitter:site\" content=\"@TheEpochTimesTR\" \/>\n<meta name=\"twitter:label1\" content=\"Yazan:\" \/>\n\t<meta name=\"twitter:data1\" content=\"Leo Bajelan\" \/>\n\t<meta name=\"twitter:label2\" content=\"Tahmini okuma s\u00fcresi\" \/>\n\t<meta name=\"twitter:data2\" content=\"2 dakika\" \/>\n<script type=\"application\/ld+json\" class=\"yoast-schema-graph\">{\"@context\":\"https:\/\/schema.org\",\"@graph\":[{\"@type\":\"Article\",\"@id\":\"https:\/\/epochtimestr.com\/index.php\/trump-irana-karsi-ekonomik-savas-baslatiyor#article\",\"isPartOf\":{\"@id\":\"https:\/\/epochtimestr.com\/index.php\/trump-irana-karsi-ekonomik-savas-baslatiyor\"},\"author\":{\"name\":\"Leo Bajelan\",\"@id\":\"https:\/\/epochtimestr.com\/#\/schema\/person\/5fef218711d76d8f232b0e1f1d7e4c0d\"},\"headline\":\"Trump \u0130ran&#8217;a Kar\u015f\u0131 Ekonomik Sava\u015f Ba\u015flat\u0131yor\",\"datePublished\":\"2026-08-20T11:57:59+00:00\",\"dateModified\":\"2026-08-20T11:58:01+00:00\",\"mainEntityOfPage\":{\"@id\":\"https:\/\/epochtimestr.com\/index.php\/trump-irana-karsi-ekonomik-savas-baslatiyor\"},\"wordCount\":378,\"commentCount\":0,\"publisher\":{\"@id\":\"https:\/\/epochtimestr.com\/#organization\"},\"image\":{\"@id\":\"https:\/\/epochtimestr.com\/index.php\/trump-irana-karsi-ekonomik-savas-baslatiyor#primaryimage\"},\"thumbnailUrl\":\"https:\/\/epochtimestr.com\/wp-content\/uploads\/2011y\/1000052514.webp\",\"keywords\":[\"ABD \u0130ran sava\u015f\u0131\",\"Ekonomi sava\u015f\u0131\",\"\u0130ran Devrim Muhaf\u0131zlar\u0131\",\"Mojtaba hamenei\",\"Trump\"],\"articleSection\":[\"D\u00dcNYA\",\"G\u00dcNDEM\",\"MAN\u015eET\"],\"inLanguage\":\"tr\",\"potentialAction\":[{\"@type\":\"CommentAction\",\"name\":\"Comment\",\"target\":[\"https:\/\/epochtimestr.com\/index.php\/trump-irana-karsi-ekonomik-savas-baslatiyor#respond\"]}]},{\"@type\":\"WebPage\",\"@id\":\"https:\/\/epochtimestr.com\/index.php\/trump-irana-karsi-ekonomik-savas-baslatiyor\",\"url\":\"https:\/\/epochtimestr.com\/index.php\/trump-irana-karsi-ekonomik-savas-baslatiyor\",\"name\":\"Trump \u0130ran'a Kar\u015f\u0131 Ekonomik Sava\u015f Ba\u015flat\u0131yor - The Epoch Times TR\",\"isPartOf\":{\"@id\":\"https:\/\/epochtimestr.com\/#website\"},\"primaryImageOfPage\":{\"@id\":\"https:\/\/epochtimestr.com\/index.php\/trump-irana-karsi-ekonomik-savas-baslatiyor#primaryimage\"},\"image\":{\"@id\":\"https:\/\/epochtimestr.com\/index.php\/trump-irana-karsi-ekonomik-savas-baslatiyor#primaryimage\"},\"thumbnailUrl\":\"https:\/\/epochtimestr.com\/wp-content\/uploads\/2011y\/1000052514.webp\",\"datePublished\":\"2026-08-20T11:57:59+00:00\",\"dateModified\":\"2026-08-20T11:58:01+00:00\",\"description\":\"Trump, \u0130ran'a kar\u015f\u0131 kapsaml\u0131 ekonomik yapt\u0131r\u0131mlar ba\u015flataca\u011f\u0131n\u0131 a\u00e7\u0131klad\u0131. \u0130ran'a destek veren \u00fclkelere de yapt\u0131r\u0131m uyar\u0131s\u0131nda bulundu.\",\"inLanguage\":\"tr\",\"potentialAction\":[{\"@type\":\"ReadAction\",\"target\":[\"https:\/\/epochtimestr.com\/index.php\/trump-irana-karsi-ekonomik-savas-baslatiyor\"]}]},{\"@type\":\"ImageObject\",\"inLanguage\":\"tr\",\"@id\":\"https:\/\/epochtimestr.com\/index.php\/trump-irana-karsi-ekonomik-savas-baslatiyor#primaryimage\",\"url\":\"https:\/\/epochtimestr.com\/wp-content\/uploads\/2011y\/1000052514.webp\",\"contentUrl\":\"https:\/\/epochtimestr.com\/wp-content\/uploads\/2011y\/1000052514.webp\",\"width\":1024,\"height\":683},{\"@type\":\"WebSite\",\"@id\":\"https:\/\/epochtimestr.com\/#website\",\"url\":\"https:\/\/epochtimestr.com\/\",\"name\":\"The Epoch Times TR\",\"description\":\"De\u011fi\u015fen D\u00fcnyam\u0131za Taze Bir Bak\u0131\u015f\",\"publisher\":{\"@id\":\"https:\/\/epochtimestr.com\/#organization\"},\"potentialAction\":[{\"@type\":\"SearchAction\",\"target\":{\"@type\":\"EntryPoint\",\"urlTemplate\":\"https:\/\/epochtimestr.com\/?s={search_term_string}\"},\"query-input\":\"required name=search_term_string\"}],\"inLanguage\":\"tr\"},{\"@type\":\"Organization\",\"@id\":\"https:\/\/epochtimestr.com\/#organization\",\"name\":\"The EpochTimes T\u00fcrkiye\",\"url\":\"https:\/\/epochtimestr.com\/\",\"logo\":{\"@type\":\"ImageObject\",\"inLanguage\":\"tr\",\"@id\":\"https:\/\/epochtimestr.com\/#\/schema\/logo\/image\/\",\"url\":\"https:\/\/epochtimestr.com\/wp-content\/uploads\/2011y\/ET-Logo-YG.jpg\",\"contentUrl\":\"https:\/\/epochtimestr.com\/wp-content\/uploads\/2011y\/ET-Logo-YG.jpg\",\"width\":346,\"height\":29,\"caption\":\"The EpochTimes T\u00fcrkiye\"},\"image\":{\"@id\":\"https:\/\/epochtimestr.com\/#\/schema\/logo\/image\/\"},\"sameAs\":[\"https:\/\/www.facebook.com\/theepochtimestr\",\"https:\/\/x.com\/TheEpochTimesTR\",\"https:\/\/www.instagram.com\/epochtimestr\"]},{\"@type\":\"Person\",\"@id\":\"https:\/\/epochtimestr.com\/#\/schema\/person\/5fef218711d76d8f232b0e1f1d7e4c0d\",\"name\":\"Leo Bajelan\",\"image\":{\"@type\":\"ImageObject\",\"inLanguage\":\"tr\",\"@id\":\"https:\/\/epochtimestr.com\/#\/schema\/person\/image\/\",\"url\":\"https:\/\/secure.gravatar.com\/avatar\/917669146f489549e548a2e9af272df5?s=96&d=mm&r=g\",\"contentUrl\":\"https:\/\/secure.gravatar.com\/avatar\/917669146f489549e548a2e9af272df5?s=96&d=mm&r=g\",\"caption\":\"Leo Bajelan\"},\"url\":\"https:\/\/epochtimestr.com\/index.php\/author\/leo\"}]}<\/script>\n<!-- \/ Yoast SEO plugin. -->","yoast_head_json":{"title":"Trump \u0130ran'a Kar\u015f\u0131 Ekonomik Sava\u015f Ba\u015flat\u0131yor - The Epoch Times TR","description":"Trump, \u0130ran'a kar\u015f\u0131 kapsaml\u0131 ekonomik yapt\u0131r\u0131mlar ba\u015flataca\u011f\u0131n\u0131 a\u00e7\u0131klad\u0131. \u0130ran'a destek veren \u00fclkelere de yapt\u0131r\u0131m uyar\u0131s\u0131nda bulundu.","robots":{"index":"index","follow":"follow","max-snippet":"max-snippet:-1","max-image-preview":"max-image-preview:large","max-video-preview":"max-video-preview:-1"},"canonical":"https:\/\/epochtimestr.com\/index.php\/trump-irana-karsi-ekonomik-savas-baslatiyor","og_locale":"tr_TR","og_type":"article","og_title":"Trump \u0130ran'a Kar\u015f\u0131 Ekonomik Sava\u015f Ba\u015flat\u0131yor - The Epoch Times TR","og_description":"Trump, \u0130ran'a kar\u015f\u0131 kapsaml\u0131 ekonomik yapt\u0131r\u0131mlar ba\u015flataca\u011f\u0131n\u0131 a\u00e7\u0131klad\u0131. \u0130ran'a destek veren \u00fclkelere de yapt\u0131r\u0131m uyar\u0131s\u0131nda bulundu.","og_url":"https:\/\/epochtimestr.com\/index.php\/trump-irana-karsi-ekonomik-savas-baslatiyor","og_site_name":"The Epoch Times TR","article_publisher":"https:\/\/www.facebook.com\/theepochtimestr","article_published_time":"2026-08-20T11:57:59+00:00","article_modified_time":"2026-08-20T11:58:01+00:00","og_image":[{"width":1024,"height":683,"url":"https:\/\/epochtimestr.com\/wp-content\/uploads\/2011y\/1000052514.webp","type":"image\/webp"}],"author":"Leo Bajelan","twitter_card":"summary_large_image","twitter_creator":"@TheEpochTimesTR","twitter_site":"@TheEpochTimesTR","twitter_misc":{"Yazan:":"Leo Bajelan","Tahmini okuma s\u00fcresi":"2 dakika"},"schema":{"@context":"https:\/\/schema.org","@graph":[{"@type":"Article","@id":"https:\/\/epochtimestr.com\/index.php\/trump-irana-karsi-ekonomik-savas-baslatiyor#article","isPartOf":{"@id":"https:\/\/epochtimestr.com\/index.php\/trump-irana-karsi-ekonomik-savas-baslatiyor"},"author":{"name":"Leo Bajelan","@id":"https:\/\/epochtimestr.com\/#\/schema\/person\/5fef218711d76d8f232b0e1f1d7e4c0d"},"headline":"Trump \u0130ran&#8217;a Kar\u015f\u0131 Ekonomik Sava\u015f Ba\u015flat\u0131yor","datePublished":"2026-08-20T11:57:59+00:00","dateModified":"2026-08-20T11:58:01+00:00","mainEntityOfPage":{"@id":"https:\/\/epochtimestr.com\/index.php\/trump-irana-karsi-ekonomik-savas-baslatiyor"},"wordCount":378,"commentCount":0,"publisher":{"@id":"https:\/\/epochtimestr.com\/#organization"},"image":{"@id":"https:\/\/epochtimestr.com\/index.php\/trump-irana-karsi-ekonomik-savas-baslatiyor#primaryimage"},"thumbnailUrl":"https:\/\/epochtimestr.com\/wp-content\/uploads\/2011y\/1000052514.webp","keywords":["ABD \u0130ran sava\u015f\u0131","Ekonomi sava\u015f\u0131","\u0130ran Devrim Muhaf\u0131zlar\u0131","Mojtaba hamenei","Trump"],"articleSection":["D\u00dcNYA","G\u00dcNDEM","MAN\u015eET"],"inLanguage":"tr","potentialAction":[{"@type":"CommentAction","name":"Comment","target":["https:\/\/epochtimestr.com\/index.php\/trump-irana-karsi-ekonomik-savas-baslatiyor#respond"]}]},{"@type":"WebPage","@id":"https:\/\/epochtimestr.com\/index.php\/trump-irana-karsi-ekonomik-savas-baslatiyor","url":"https:\/\/epochtimestr.com\/index.php\/trump-irana-karsi-ekonomik-savas-baslatiyor","name":"Trump \u0130ran'a Kar\u015f\u0131 Ekonomik Sava\u015f Ba\u015flat\u0131yor - The Epoch Times TR","isPartOf":{"@id":"https:\/\/epochtimestr.com\/#website"},"primaryImageOfPage":{"@id":"https:\/\/epochtimestr.com\/index.php\/trump-irana-karsi-ekonomik-savas-baslatiyor#primaryimage"},"image":{"@id":"https:\/\/epochtimestr.com\/index.php\/trump-irana-karsi-ekonomik-savas-baslatiyor#primaryimage"},"thumbnailUrl":"https:\/\/epochtimestr.com\/wp-content\/uploads\/2011y\/1000052514.webp","datePublished":"2026-08-20T11:57:59+00:00","dateModified":"2026-08-20T11:58:01+00:00","description":"Trump, \u0130ran'a kar\u015f\u0131 kapsaml\u0131 ekonomik yapt\u0131r\u0131mlar ba\u015flataca\u011f\u0131n\u0131 a\u00e7\u0131klad\u0131. \u0130ran'a destek veren \u00fclkelere de yapt\u0131r\u0131m uyar\u0131s\u0131nda bulundu.","inLanguage":"tr","potentialAction":[{"@type":"ReadAction","target":["https:\/\/epochtimestr.com\/index.php\/trump-irana-karsi-ekonomik-savas-baslatiyor"]}]},{"@type":"ImageObject","inLanguage":"tr","@id":"https:\/\/epochtimestr.com\/index.php\/trump-irana-karsi-ekonomik-savas-baslatiyor#primaryimage","url":"https:\/\/epochtimestr.com\/wp-content\/uploads\/2011y\/1000052514.webp","contentUrl":"https:\/\/epochtimestr.com\/wp-content\/uploads\/2011y\/1000052514.webp","width":1024,"height":683},{"@type":"WebSite","@id":"https:\/\/epochtimestr.com\/#website","url":"https:\/\/epochtimestr.com\/","name":"The Epoch Times TR","description":"De\u011fi\u015fen D\u00fcnyam\u0131za Taze Bir Bak\u0131\u015f","publisher":{"@id":"https:\/\/epochtimestr.com\/#organization"},"potentialAction":[{"@type":"SearchAction","target":{"@type":"EntryPoint","urlTemplate":"https:\/\/epochtimestr.com\/?s={search_term_string}"},"query-input":"required name=search_term_string"}],"inLanguage":"tr"},{"@type":"Organization","@id":"https:\/\/epochtimestr.com\/#organization","name":"The EpochTimes T\u00fcrkiye","url":"https:\/\/epochtimestr.com\/","logo":{"@type":"ImageObject","inLanguage":"tr","@id":"https:\/\/epochtimestr.com\/#\/schema\/logo\/image\/","url":"https:\/\/epochtimestr.com\/wp-content\/uploads\/2011y\/ET-Logo-YG.jpg","contentUrl":"https:\/\/epochtimestr.com\/wp-content\/uploads\/2011y\/ET-Logo-YG.jpg","width":346,"height":29,"caption":"The EpochTimes T\u00fcrkiye"},"image":{"@id":"https:\/\/epochtimestr.com\/#\/schema\/logo\/image\/"},"sameAs":["https:\/\/www.facebook.com\/theepochtimestr","https:\/\/x.com\/TheEpochTimesTR","https:\/\/www.instagram.com\/epochtimestr"]},{"@type":"Person","@id":"https:\/\/epochtimestr.com\/#\/schema\/person\/5fef218711d76d8f232b0e1f1d7e4c0d","name":"Leo Bajelan","image":{"@type":"ImageObject","inLanguage":"tr","@id":"https:\/\/epochtimestr.com\/#\/schema\/person\/image\/","url":"https:\/\/secure.gravatar.com\/avatar\/917669146f489549e548a2e9af272df5?s=96&d=mm&r=g","contentUrl":"https:\/\/secure.gravatar.com\/avatar\/917669146f489549e548a2e9af272df5?s=96&d=mm&r=g","caption":"Leo Bajelan"},"url":"https:\/\/epochtimestr.com\/index.php\/author\/leo"}]}},"_links":{"self":[{"href":"https:\/\/epochtimestr.com\/index.php\/wp-json\/wp\/v2\/posts\/170660"}],"collection":[{"href":"https:\/\/epochtimestr.com\/index.php\/wp-json\/wp\/v2\/posts"}],"about":[{"href":"https:\/\/epochtimestr.com\/index.php\/wp-json\/wp\/v2\/types\/post"}],"author":[{"embeddable":true,"href":"https:\/\/epochtimestr.com\/index.php\/wp-json\/wp\/v2\/users\/13996"}],"replies":[{"embeddable":true,"href":"https:\/\/epochtimestr.com\/index.php\/wp-json\/wp\/v2\/comments?post=170660"}],"version-history":[{"count":2,"href":"https:\/\/epochtimestr.com\/index.php\/wp-json\/wp\/v2\/posts\/170660\/revisions"}],"predecessor-version":[{"id":170666,"href":"https:\/\/epochtimestr.com\/index.php\/wp-json\/wp\/v2\/posts\/170660\/revisions\/170666"}],"wp:featuredmedia":[{"embeddable":true,"href":"https:\/\/epochtimestr.com\/index.php\/wp-json\/wp\/v2\/media\/170661"}],"wp:attachment":[{"href":"https:\/\/epochtimestr.com\/index.php\/wp-json\/wp\/v2\/media?parent=170660"}],"wp:term":[{"taxonomy":"category","embeddable":true,"href":"https:\/\/epochtimestr.com\/index.php\/wp-json\/wp\/v2\/categories?post=170660"},{"taxonomy":"post_tag","embeddable":true,"href":"https:\/\/epochtimestr.com\/index.php\/wp-json\/wp\/v2\/tags?post=170660"}],"curies":[{"name":"wp","href":"https:\/\/api.w.org\/{rel}","templated":true}]}}