{"id":170667,"date":"2026-08-20T16:46:46","date_gmt":"2026-08-20T13:46:46","guid":{"rendered":"https:\/\/epochtimestr.com\/?p=170667"},"modified":"2026-08-20T16:46:51","modified_gmt":"2026-08-20T13:46:51","slug":"msbden-aciklama-suriyedeki-uste-turk-askeri-yoktu","status":"publish","type":"post","link":"https:\/\/epochtimestr.com\/index.php\/msbden-aciklama-suriyedeki-uste-turk-askeri-yoktu","title":{"rendered":"MSB&#8217;den A\u00e7\u0131klama: Suriye&#8217;deki \u00dcste T\u00fcrk Askeri Yoktu"},"content":{"rendered":"<div class=\"wp-block-image\">\n<figure class=\"aligncenter size-full\"><img loading=\"lazy\" decoding=\"async\" width=\"547\" height=\"365\" src=\"https:\/\/epochtimestr.com\/wp-content\/uploads\/2011y\/msb-5.jpg\" alt=\"MSB'den a\u00e7\u0131klama: Suriye'deki \u00fcste T\u00fcrk askeri yoktu (Foto\u011fraf: MSB web sitesi)\" class=\"wp-image-170668\" srcset=\"https:\/\/epochtimestr.com\/wp-content\/uploads\/2011y\/msb-5.jpg 547w, https:\/\/epochtimestr.com\/wp-content\/uploads\/2011y\/msb-5-300x200.jpg 300w, https:\/\/epochtimestr.com\/wp-content\/uploads\/2011y\/msb-5-150x100.jpg 150w\" sizes=\"(max-width: 547px) 100vw, 547px\" \/><figcaption class=\"wp-element-caption\">MSB&#8217;den a\u00e7\u0131klama: Suriye&#8217;deki \u00fcste T\u00fcrk askeri yoktu (Foto\u011fraf: MSB web sitesi)<\/figcaption><\/figure><\/div>\n\n\n<h2 class=\"wp-block-heading\">Milli Savunma Bakanl\u0131\u011f\u0131 (MSB), \u0130srail&#8217;in Suriye&#8217;deki Ebu Zuhur askeri hava \u00fcss\u00fcne y\u00f6nelik sald\u0131r\u0131lar\u0131na ili\u015fkin a\u00e7\u0131klama yapt\u0131.<\/h2>\n\n\n\n<p><a href=\"https:\/\/epochtimestr.com\/index.php\/msbden-suleyman-sah-turbesi-aciklamasi\" target=\"_blank\" rel=\"noreferrer noopener\">MSB<\/a> Bas\u0131n ve Halkla \u0130li\u015fkiler M\u00fc\u015faviri ve Bakanl\u0131k S\u00f6zc\u00fcs\u00fc Tu\u011famiral Zeki Akt\u00fcrk, <a href=\"https:\/\/epochtimestr.com\/index.php\/teknofest-ve-dip-dalga-etkisi\" target=\"_blank\" rel=\"noreferrer noopener\">TEKNOFEST<\/a> Mavi Vatan kapsam\u0131nda Kocaeli&#8217;de bulunan TCG Ko\u00e7hisar gemisinde d\u00fczenlenen haftal\u0131k bas\u0131n bilgilendirme toplant\u0131s\u0131nda konu\u015ftu.<\/p>\n\n\n\n<p>\u0130srail&#8217;in Suriye&#8217;deki Ebu Zuhur askeri hava \u00fcss\u00fcne y\u00f6nelik sald\u0131r\u0131lar\u0131na ili\u015fkin sorulara kar\u015f\u0131l\u0131k yap\u0131lan a\u00e7\u0131klamada, &#8220;\u0130srail&#8217;in, Ebu Zuhur Hava \u00dcss\u00fc&#8217;ne ger\u00e7ekle\u015ftirdi\u011fi sald\u0131r\u0131 Suriye&#8217;nin istikrar\u0131na, g\u00fcvenli\u011fine, \u00fclkenin birlik ve b\u00fct\u00fcnl\u00fc\u011f\u00fcne, ayn\u0131 zamanda altyap\u0131s\u0131na zarar vermeye y\u00f6nelik bir eylemdir. Suriye&#8217;nin egemenli\u011fini ve toprak b\u00fct\u00fcnl\u00fc\u011f\u00fcn\u00fc ihlal eden sald\u0131r\u0131lar\u0131n kabul edilemez oldu\u011funu her f\u0131rsatta vurguluyoruz&#8221; denildi.<\/p>\n\n\n\n<p>&#8220;\u0130srail&#8217;in Suriye&#8217;deki Ebu Zuhur hava \u00fcss\u00fcne ger\u00e7ekle\u015ftirdi\u011fi sald\u0131r\u0131 \u00f6ncesinde veya sald\u0131r\u0131 esnas\u0131nda \u00fcste herhangi bir T\u00fcrk askeri heyeti bulunmad\u0131\u011f\u0131n\u0131 ifade ediyoruz&#8221; denilen a\u00e7\u0131klamada, &#8220;Hem Suriye&#8217;nin hem de b\u00f6lgenin huzur ve istikrar\u0131 i\u00e7in \u0130srail&#8217;in bu t\u00fcr pervas\u0131z sald\u0131r\u0131lar\u0131na son vermesi ve uluslararas\u0131 hukukun gereklerini yerine getirmesi elzemdir. Suriye&#8217;nin &#8216;tek ordu&#8217; ilkesi \u00e7er\u00e7evesinde kendi altyap\u0131 ve askeri kapasite in\u015fas\u0131 faaliyetlerine destek vermeye devam edece\u011fiz&#8221; ifadelerine yer verildi.<\/p>\n\n\n\n<figure class=\"wp-block-embed is-type-rich is-provider-x wp-block-embed-x\"><div class=\"wp-block-embed__wrapper\">\n<blockquote class=\"twitter-tweet\" data-width=\"550\" data-dnt=\"true\"><p lang=\"tr\" dir=\"ltr\">\u0130srail, imzalanan \u00e7er\u00e7eve anla\u015fmas\u0131na ra\u011fmen L\u00fcbnan\u2019\u0131n g\u00fcneyindeki sald\u0131r\u0131lar\u0131na ve asker\u00ee faaliyetlerine devam etmekte; Suriye\u2019ye y\u00f6nelik son sald\u0131r\u0131lar\u0131yla da bu \u00fclkenin toprak b\u00fct\u00fcnl\u00fc\u011f\u00fcn\u00fc, egemenli\u011fini ve birli\u011fini hedef almaktad\u0131r.<a href=\"https:\/\/x.com\/hashtag\/Mill%C3%AESavunmaBakanl%C4%B1%C4%9F%C4%B1?src=hash&amp;ref_src=twsrc%5Etfw\">#Mill\u00eeSavunmaBakanl\u0131\u011f\u0131<\/a> <a href=\"https:\/\/t.co\/kiaZee9cKV\">pic.twitter.com\/kiaZee9cKV<\/a><\/p>&mdash; T.C. Mill\u00ee Savunma Bakanl\u0131\u011f\u0131 (@tcsavunma) <a href=\"https:\/\/x.com\/tcsavunma\/status\/2090370253951820073?ref_src=twsrc%5Etfw\">August 20, 2026<\/a><\/blockquote><script async src=\"https:\/\/platform.x.com\/widgets.js\" charset=\"utf-8\"><\/script>\n<\/div><\/figure>\n","protected":false},"excerpt":{"rendered":"<p>Milli Savunma Bakanl\u0131\u011f\u0131 (MSB), \u0130srail&#8217;in Suriye&#8217;deki Ebu Zuhur askeri hava \u00fcss\u00fcne y\u00f6nelik sald\u0131r\u0131lar\u0131na ili\u015fkin a\u00e7\u0131klama yapt\u0131. MSB Bas\u0131n ve Halkla \u0130li\u015fkiler M\u00fc\u015faviri ve Bakanl\u0131k S\u00f6zc\u00fcs\u00fc Tu\u011famiral Zeki Akt\u00fcrk, TEKNOFEST Mavi Vatan kapsam\u0131nda Kocaeli&#8217;de bulunan TCG Ko\u00e7hisar gemisinde d\u00fczenlenen haftal\u0131k bas\u0131n bilgilendirme toplant\u0131s\u0131nda konu\u015ftu. \u0130srail&#8217;in Suriye&#8217;deki Ebu Zuhur askeri hava \u00fcss\u00fcne y\u00f6nelik sald\u0131r\u0131lar\u0131na ili\u015fkin sorulara kar\u015f\u0131l\u0131k [&hellip;]<\/p>\n","protected":false},"author":12791,"featured_media":170668,"comment_status":"open","ping_status":"open","sticky":false,"template":"","format":"standard","meta":{"_yoast_wpseo_focuskw":"Suriye'deki - a\u00e7\u0131klama","_yoast_wpseo_title":"","_yoast_wpseo_metadesc":"Milli Savunma Bakanl\u0131\u011f\u0131 (MSB), \u0130srail'in Suriye'deki Ebu Zuhur askeri hava \u00fcss\u00fcne y\u00f6nelik sald\u0131r\u0131lar\u0131na ili\u015fkin a\u00e7\u0131klama yapt\u0131.","_bbp_topic_count":0,"_bbp_reply_count":0,"_bbp_total_topic_count":0,"_bbp_total_reply_count":0,"_bbp_voice_count":0,"_bbp_anonymous_reply_count":0,"_bbp_topic_count_hidden":0,"_bbp_reply_count_hidden":0,"_bbp_forum_subforum_count":0,"footnotes":"","_yoast_wpseo_focuskw_text_input":""},"categories":[1,8138,8226,12306],"tags":[12203,556,12337,328],"yoast_head":"<!-- This site is optimized with the Yoast SEO plugin v23.0 - https:\/\/yoast.com\/wordpress\/plugins\/seo\/ -->\n<title>MSB&#039;den A\u00e7\u0131klama: Suriye&#039;deki \u00dcste T\u00fcrk Askeri Yoktu - The Epoch Times TR<\/title>\n<meta name=\"description\" content=\"Milli Savunma Bakanl\u0131\u011f\u0131 (MSB), \u0130srail&#039;in Suriye&#039;deki Ebu Zuhur askeri hava \u00fcss\u00fcne y\u00f6nelik sald\u0131r\u0131lar\u0131na ili\u015fkin a\u00e7\u0131klama yapt\u0131.\" \/>\n<meta name=\"robots\" content=\"index, follow, max-snippet:-1, max-image-preview:large, max-video-preview:-1\" \/>\n<link rel=\"canonical\" href=\"https:\/\/epochtimestr.com\/index.php\/msbden-aciklama-suriyedeki-uste-turk-askeri-yoktu\" \/>\n<meta property=\"og:locale\" content=\"tr_TR\" \/>\n<meta property=\"og:type\" content=\"article\" \/>\n<meta property=\"og:title\" content=\"MSB&#039;den A\u00e7\u0131klama: Suriye&#039;deki \u00dcste T\u00fcrk Askeri Yoktu - The Epoch Times TR\" \/>\n<meta property=\"og:description\" content=\"Milli Savunma Bakanl\u0131\u011f\u0131 (MSB), \u0130srail&#039;in Suriye&#039;deki Ebu Zuhur askeri hava \u00fcss\u00fcne y\u00f6nelik sald\u0131r\u0131lar\u0131na ili\u015fkin a\u00e7\u0131klama yapt\u0131.\" \/>\n<meta property=\"og:url\" content=\"https:\/\/epochtimestr.com\/index.php\/msbden-aciklama-suriyedeki-uste-turk-askeri-yoktu\" \/>\n<meta property=\"og:site_name\" content=\"The Epoch Times TR\" \/>\n<meta property=\"article:publisher\" content=\"https:\/\/www.facebook.com\/theepochtimestr\" \/>\n<meta property=\"article:published_time\" content=\"2026-08-20T13:46:46+00:00\" \/>\n<meta property=\"article:modified_time\" content=\"2026-08-20T13:46:51+00:00\" \/>\n<meta property=\"og:image\" content=\"https:\/\/epochtimestr.com\/wp-content\/uploads\/2011y\/msb-5.jpg\" \/>\n\t<meta property=\"og:image:width\" content=\"547\" \/>\n\t<meta property=\"og:image:height\" content=\"365\" \/>\n\t<meta property=\"og:image:type\" content=\"image\/jpeg\" \/>\n<meta name=\"author\" content=\"Haber Merkezi\" \/>\n<meta name=\"twitter:card\" content=\"summary_large_image\" \/>\n<meta name=\"twitter:creator\" content=\"@TheEpochTimesTR\" \/>\n<meta name=\"twitter:site\" content=\"@TheEpochTimesTR\" \/>\n<meta name=\"twitter:label1\" content=\"Yazan:\" \/>\n\t<meta name=\"twitter:data1\" content=\"Haber Merkezi\" \/>\n\t<meta name=\"twitter:label2\" content=\"Tahmini okuma s\u00fcresi\" \/>\n\t<meta name=\"twitter:data2\" content=\"2 dakika\" \/>\n<script type=\"application\/ld+json\" class=\"yoast-schema-graph\">{\"@context\":\"https:\/\/schema.org\",\"@graph\":[{\"@type\":\"Article\",\"@id\":\"https:\/\/epochtimestr.com\/index.php\/msbden-aciklama-suriyedeki-uste-turk-askeri-yoktu#article\",\"isPartOf\":{\"@id\":\"https:\/\/epochtimestr.com\/index.php\/msbden-aciklama-suriyedeki-uste-turk-askeri-yoktu\"},\"author\":{\"name\":\"Haber Merkezi\",\"@id\":\"https:\/\/epochtimestr.com\/#\/schema\/person\/3dc5c3adeb9f43923c5aa85889172fdd\"},\"headline\":\"MSB&#8217;den A\u00e7\u0131klama: Suriye&#8217;deki \u00dcste T\u00fcrk Askeri Yoktu\",\"datePublished\":\"2026-08-20T13:46:46+00:00\",\"dateModified\":\"2026-08-20T13:46:51+00:00\",\"mainEntityOfPage\":{\"@id\":\"https:\/\/epochtimestr.com\/index.php\/msbden-aciklama-suriyedeki-uste-turk-askeri-yoktu\"},\"wordCount\":263,\"commentCount\":0,\"publisher\":{\"@id\":\"https:\/\/epochtimestr.com\/#organization\"},\"image\":{\"@id\":\"https:\/\/epochtimestr.com\/index.php\/msbden-aciklama-suriyedeki-uste-turk-askeri-yoktu#primaryimage\"},\"thumbnailUrl\":\"https:\/\/epochtimestr.com\/wp-content\/uploads\/2011y\/msb-5.jpg\",\"keywords\":[\"MSB\",\"Suriye\",\"TEKNOFEST\",\"T\u00fcrkiye\"],\"articleSection\":[\"G\u00dcNDEM\",\"MAN\u015eET\",\"Siyaset\",\"Uluslararas\u0131 \u0130li\u015fkiler\"],\"inLanguage\":\"tr\",\"potentialAction\":[{\"@type\":\"CommentAction\",\"name\":\"Comment\",\"target\":[\"https:\/\/epochtimestr.com\/index.php\/msbden-aciklama-suriyedeki-uste-turk-askeri-yoktu#respond\"]}]},{\"@type\":\"WebPage\",\"@id\":\"https:\/\/epochtimestr.com\/index.php\/msbden-aciklama-suriyedeki-uste-turk-askeri-yoktu\",\"url\":\"https:\/\/epochtimestr.com\/index.php\/msbden-aciklama-suriyedeki-uste-turk-askeri-yoktu\",\"name\":\"MSB'den A\u00e7\u0131klama: Suriye'deki \u00dcste T\u00fcrk Askeri Yoktu - The Epoch Times TR\",\"isPartOf\":{\"@id\":\"https:\/\/epochtimestr.com\/#website\"},\"primaryImageOfPage\":{\"@id\":\"https:\/\/epochtimestr.com\/index.php\/msbden-aciklama-suriyedeki-uste-turk-askeri-yoktu#primaryimage\"},\"image\":{\"@id\":\"https:\/\/epochtimestr.com\/index.php\/msbden-aciklama-suriyedeki-uste-turk-askeri-yoktu#primaryimage\"},\"thumbnailUrl\":\"https:\/\/epochtimestr.com\/wp-content\/uploads\/2011y\/msb-5.jpg\",\"datePublished\":\"2026-08-20T13:46:46+00:00\",\"dateModified\":\"2026-08-20T13:46:51+00:00\",\"description\":\"Milli Savunma Bakanl\u0131\u011f\u0131 (MSB), \u0130srail'in Suriye'deki Ebu Zuhur askeri hava \u00fcss\u00fcne y\u00f6nelik sald\u0131r\u0131lar\u0131na ili\u015fkin a\u00e7\u0131klama yapt\u0131.\",\"inLanguage\":\"tr\",\"potentialAction\":[{\"@type\":\"ReadAction\",\"target\":[\"https:\/\/epochtimestr.com\/index.php\/msbden-aciklama-suriyedeki-uste-turk-askeri-yoktu\"]}]},{\"@type\":\"ImageObject\",\"inLanguage\":\"tr\",\"@id\":\"https:\/\/epochtimestr.com\/index.php\/msbden-aciklama-suriyedeki-uste-turk-askeri-yoktu#primaryimage\",\"url\":\"https:\/\/epochtimestr.com\/wp-content\/uploads\/2011y\/msb-5.jpg\",\"contentUrl\":\"https:\/\/epochtimestr.com\/wp-content\/uploads\/2011y\/msb-5.jpg\",\"width\":547,\"height\":365},{\"@type\":\"WebSite\",\"@id\":\"https:\/\/epochtimestr.com\/#website\",\"url\":\"https:\/\/epochtimestr.com\/\",\"name\":\"The Epoch Times TR\",\"description\":\"De\u011fi\u015fen D\u00fcnyam\u0131za Taze Bir Bak\u0131\u015f\",\"publisher\":{\"@id\":\"https:\/\/epochtimestr.com\/#organization\"},\"potentialAction\":[{\"@type\":\"SearchAction\",\"target\":{\"@type\":\"EntryPoint\",\"urlTemplate\":\"https:\/\/epochtimestr.com\/?s={search_term_string}\"},\"query-input\":\"required name=search_term_string\"}],\"inLanguage\":\"tr\"},{\"@type\":\"Organization\",\"@id\":\"https:\/\/epochtimestr.com\/#organization\",\"name\":\"The EpochTimes T\u00fcrkiye\",\"url\":\"https:\/\/epochtimestr.com\/\",\"logo\":{\"@type\":\"ImageObject\",\"inLanguage\":\"tr\",\"@id\":\"https:\/\/epochtimestr.com\/#\/schema\/logo\/image\/\",\"url\":\"https:\/\/epochtimestr.com\/wp-content\/uploads\/2011y\/ET-Logo-YG.jpg\",\"contentUrl\":\"https:\/\/epochtimestr.com\/wp-content\/uploads\/2011y\/ET-Logo-YG.jpg\",\"width\":346,\"height\":29,\"caption\":\"The EpochTimes T\u00fcrkiye\"},\"image\":{\"@id\":\"https:\/\/epochtimestr.com\/#\/schema\/logo\/image\/\"},\"sameAs\":[\"https:\/\/www.facebook.com\/theepochtimestr\",\"https:\/\/x.com\/TheEpochTimesTR\",\"https:\/\/www.instagram.com\/epochtimestr\"]},{\"@type\":\"Person\",\"@id\":\"https:\/\/epochtimestr.com\/#\/schema\/person\/3dc5c3adeb9f43923c5aa85889172fdd\",\"name\":\"Haber Merkezi\",\"image\":{\"@type\":\"ImageObject\",\"inLanguage\":\"tr\",\"@id\":\"https:\/\/epochtimestr.com\/#\/schema\/person\/image\/\",\"url\":\"https:\/\/secure.gravatar.com\/avatar\/d73f772ba5a74f28601361e17c2f93e6?s=96&d=mm&r=g\",\"contentUrl\":\"https:\/\/secure.gravatar.com\/avatar\/d73f772ba5a74f28601361e17c2f93e6?s=96&d=mm&r=g\",\"caption\":\"Haber Merkezi\"},\"url\":\"https:\/\/epochtimestr.com\/index.php\/author\/sendag\"}]}<\/script>\n<!-- \/ Yoast SEO plugin. -->","yoast_head_json":{"title":"MSB'den A\u00e7\u0131klama: Suriye'deki \u00dcste T\u00fcrk Askeri Yoktu - The Epoch Times TR","description":"Milli Savunma Bakanl\u0131\u011f\u0131 (MSB), \u0130srail'in Suriye'deki Ebu Zuhur askeri hava \u00fcss\u00fcne y\u00f6nelik sald\u0131r\u0131lar\u0131na ili\u015fkin a\u00e7\u0131klama yapt\u0131.","robots":{"index":"index","follow":"follow","max-snippet":"max-snippet:-1","max-image-preview":"max-image-preview:large","max-video-preview":"max-video-preview:-1"},"canonical":"https:\/\/epochtimestr.com\/index.php\/msbden-aciklama-suriyedeki-uste-turk-askeri-yoktu","og_locale":"tr_TR","og_type":"article","og_title":"MSB'den A\u00e7\u0131klama: Suriye'deki \u00dcste T\u00fcrk Askeri Yoktu - The Epoch Times TR","og_description":"Milli Savunma Bakanl\u0131\u011f\u0131 (MSB), \u0130srail'in Suriye'deki Ebu Zuhur askeri hava \u00fcss\u00fcne y\u00f6nelik sald\u0131r\u0131lar\u0131na ili\u015fkin a\u00e7\u0131klama yapt\u0131.","og_url":"https:\/\/epochtimestr.com\/index.php\/msbden-aciklama-suriyedeki-uste-turk-askeri-yoktu","og_site_name":"The Epoch Times TR","article_publisher":"https:\/\/www.facebook.com\/theepochtimestr","article_published_time":"2026-08-20T13:46:46+00:00","article_modified_time":"2026-08-20T13:46:51+00:00","og_image":[{"width":547,"height":365,"url":"https:\/\/epochtimestr.com\/wp-content\/uploads\/2011y\/msb-5.jpg","type":"image\/jpeg"}],"author":"Haber Merkezi","twitter_card":"summary_large_image","twitter_creator":"@TheEpochTimesTR","twitter_site":"@TheEpochTimesTR","twitter_misc":{"Yazan:":"Haber Merkezi","Tahmini okuma s\u00fcresi":"2 dakika"},"schema":{"@context":"https:\/\/schema.org","@graph":[{"@type":"Article","@id":"https:\/\/epochtimestr.com\/index.php\/msbden-aciklama-suriyedeki-uste-turk-askeri-yoktu#article","isPartOf":{"@id":"https:\/\/epochtimestr.com\/index.php\/msbden-aciklama-suriyedeki-uste-turk-askeri-yoktu"},"author":{"name":"Haber Merkezi","@id":"https:\/\/epochtimestr.com\/#\/schema\/person\/3dc5c3adeb9f43923c5aa85889172fdd"},"headline":"MSB&#8217;den A\u00e7\u0131klama: Suriye&#8217;deki \u00dcste T\u00fcrk Askeri Yoktu","datePublished":"2026-08-20T13:46:46+00:00","dateModified":"2026-08-20T13:46:51+00:00","mainEntityOfPage":{"@id":"https:\/\/epochtimestr.com\/index.php\/msbden-aciklama-suriyedeki-uste-turk-askeri-yoktu"},"wordCount":263,"commentCount":0,"publisher":{"@id":"https:\/\/epochtimestr.com\/#organization"},"image":{"@id":"https:\/\/epochtimestr.com\/index.php\/msbden-aciklama-suriyedeki-uste-turk-askeri-yoktu#primaryimage"},"thumbnailUrl":"https:\/\/epochtimestr.com\/wp-content\/uploads\/2011y\/msb-5.jpg","keywords":["MSB","Suriye","TEKNOFEST","T\u00fcrkiye"],"articleSection":["G\u00dcNDEM","MAN\u015eET","Siyaset","Uluslararas\u0131 \u0130li\u015fkiler"],"inLanguage":"tr","potentialAction":[{"@type":"CommentAction","name":"Comment","target":["https:\/\/epochtimestr.com\/index.php\/msbden-aciklama-suriyedeki-uste-turk-askeri-yoktu#respond"]}]},{"@type":"WebPage","@id":"https:\/\/epochtimestr.com\/index.php\/msbden-aciklama-suriyedeki-uste-turk-askeri-yoktu","url":"https:\/\/epochtimestr.com\/index.php\/msbden-aciklama-suriyedeki-uste-turk-askeri-yoktu","name":"MSB'den A\u00e7\u0131klama: Suriye'deki \u00dcste T\u00fcrk Askeri Yoktu - The Epoch Times TR","isPartOf":{"@id":"https:\/\/epochtimestr.com\/#website"},"primaryImageOfPage":{"@id":"https:\/\/epochtimestr.com\/index.php\/msbden-aciklama-suriyedeki-uste-turk-askeri-yoktu#primaryimage"},"image":{"@id":"https:\/\/epochtimestr.com\/index.php\/msbden-aciklama-suriyedeki-uste-turk-askeri-yoktu#primaryimage"},"thumbnailUrl":"https:\/\/epochtimestr.com\/wp-content\/uploads\/2011y\/msb-5.jpg","datePublished":"2026-08-20T13:46:46+00:00","dateModified":"2026-08-20T13:46:51+00:00","description":"Milli Savunma Bakanl\u0131\u011f\u0131 (MSB), \u0130srail'in Suriye'deki Ebu Zuhur askeri hava \u00fcss\u00fcne y\u00f6nelik sald\u0131r\u0131lar\u0131na ili\u015fkin a\u00e7\u0131klama yapt\u0131.","inLanguage":"tr","potentialAction":[{"@type":"ReadAction","target":["https:\/\/epochtimestr.com\/index.php\/msbden-aciklama-suriyedeki-uste-turk-askeri-yoktu"]}]},{"@type":"ImageObject","inLanguage":"tr","@id":"https:\/\/epochtimestr.com\/index.php\/msbden-aciklama-suriyedeki-uste-turk-askeri-yoktu#primaryimage","url":"https:\/\/epochtimestr.com\/wp-content\/uploads\/2011y\/msb-5.jpg","contentUrl":"https:\/\/epochtimestr.com\/wp-content\/uploads\/2011y\/msb-5.jpg","width":547,"height":365},{"@type":"WebSite","@id":"https:\/\/epochtimestr.com\/#website","url":"https:\/\/epochtimestr.com\/","name":"The Epoch Times TR","description":"De\u011fi\u015fen D\u00fcnyam\u0131za Taze Bir Bak\u0131\u015f","publisher":{"@id":"https:\/\/epochtimestr.com\/#organization"},"potentialAction":[{"@type":"SearchAction","target":{"@type":"EntryPoint","urlTemplate":"https:\/\/epochtimestr.com\/?s={search_term_string}"},"query-input":"required name=search_term_string"}],"inLanguage":"tr"},{"@type":"Organization","@id":"https:\/\/epochtimestr.com\/#organization","name":"The EpochTimes T\u00fcrkiye","url":"https:\/\/epochtimestr.com\/","logo":{"@type":"ImageObject","inLanguage":"tr","@id":"https:\/\/epochtimestr.com\/#\/schema\/logo\/image\/","url":"https:\/\/epochtimestr.com\/wp-content\/uploads\/2011y\/ET-Logo-YG.jpg","contentUrl":"https:\/\/epochtimestr.com\/wp-content\/uploads\/2011y\/ET-Logo-YG.jpg","width":346,"height":29,"caption":"The EpochTimes T\u00fcrkiye"},"image":{"@id":"https:\/\/epochtimestr.com\/#\/schema\/logo\/image\/"},"sameAs":["https:\/\/www.facebook.com\/theepochtimestr","https:\/\/x.com\/TheEpochTimesTR","https:\/\/www.instagram.com\/epochtimestr"]},{"@type":"Person","@id":"https:\/\/epochtimestr.com\/#\/schema\/person\/3dc5c3adeb9f43923c5aa85889172fdd","name":"Haber Merkezi","image":{"@type":"ImageObject","inLanguage":"tr","@id":"https:\/\/epochtimestr.com\/#\/schema\/person\/image\/","url":"https:\/\/secure.gravatar.com\/avatar\/d73f772ba5a74f28601361e17c2f93e6?s=96&d=mm&r=g","contentUrl":"https:\/\/secure.gravatar.com\/avatar\/d73f772ba5a74f28601361e17c2f93e6?s=96&d=mm&r=g","caption":"Haber Merkezi"},"url":"https:\/\/epochtimestr.com\/index.php\/author\/sendag"}]}},"_links":{"self":[{"href":"https:\/\/epochtimestr.com\/index.php\/wp-json\/wp\/v2\/posts\/170667"}],"collection":[{"href":"https:\/\/epochtimestr.com\/index.php\/wp-json\/wp\/v2\/posts"}],"about":[{"href":"https:\/\/epochtimestr.com\/index.php\/wp-json\/wp\/v2\/types\/post"}],"author":[{"embeddable":true,"href":"https:\/\/epochtimestr.com\/index.php\/wp-json\/wp\/v2\/users\/12791"}],"replies":[{"embeddable":true,"href":"https:\/\/epochtimestr.com\/index.php\/wp-json\/wp\/v2\/comments?post=170667"}],"version-history":[{"count":2,"href":"https:\/\/epochtimestr.com\/index.php\/wp-json\/wp\/v2\/posts\/170667\/revisions"}],"predecessor-version":[{"id":170674,"href":"https:\/\/epochtimestr.com\/index.php\/wp-json\/wp\/v2\/posts\/170667\/revisions\/170674"}],"wp:featuredmedia":[{"embeddable":true,"href":"https:\/\/epochtimestr.com\/index.php\/wp-json\/wp\/v2\/media\/170668"}],"wp:attachment":[{"href":"https:\/\/epochtimestr.com\/index.php\/wp-json\/wp\/v2\/media?parent=170667"}],"wp:term":[{"taxonomy":"category","embeddable":true,"href":"https:\/\/epochtimestr.com\/index.php\/wp-json\/wp\/v2\/categories?post=170667"},{"taxonomy":"post_tag","embeddable":true,"href":"https:\/\/epochtimestr.com\/index.php\/wp-json\/wp\/v2\/tags?post=170667"}],"curies":[{"name":"wp","href":"https:\/\/api.w.org\/{rel}","templated":true}]}}