{"id":170670,"date":"2026-08-20T16:55:49","date_gmt":"2026-08-20T13:55:49","guid":{"rendered":"https:\/\/epochtimestr.com\/?p=170670"},"modified":"2026-08-20T16:55:50","modified_gmt":"2026-08-20T13:55:50","slug":"bakan-simsek-motorin-fiyatlarini-degerlendirdi","status":"publish","type":"post","link":"https:\/\/epochtimestr.com\/index.php\/bakan-simsek-motorin-fiyatlarini-degerlendirdi","title":{"rendered":"Bakan \u015eim\u015fek Motorin Fiyatlar\u0131n\u0131 De\u011ferlendirdi"},"content":{"rendered":"<div class=\"wp-block-image\">\n<figure class=\"aligncenter size-full is-resized\"><img loading=\"lazy\" decoding=\"async\" width=\"1200\" height=\"675\" src=\"https:\/\/epochtimestr.com\/wp-content\/uploads\/2011y\/simsek.webp\" alt=\"Bakan \u015eim\u015fek'ten motorin fiyatlar\u0131n\u0131 ve e\u015fel mobil sistemlerini de\u011ferlendirdi. (Foto\u011fraf: M.\u015eim\u015fek x hesab\u0131)\" class=\"wp-image-170671\" style=\"width:840px;height:auto\" srcset=\"https:\/\/epochtimestr.com\/wp-content\/uploads\/2011y\/simsek.webp 1200w, https:\/\/epochtimestr.com\/wp-content\/uploads\/2011y\/simsek-300x169.webp 300w, https:\/\/epochtimestr.com\/wp-content\/uploads\/2011y\/simsek-150x84.webp 150w, https:\/\/epochtimestr.com\/wp-content\/uploads\/2011y\/simsek-768x432.webp 768w\" sizes=\"(max-width: 1200px) 100vw, 1200px\" \/><figcaption class=\"wp-element-caption\">Bakan \u015eim\u015fek&#8217;ten motorin fiyatlar\u0131n\u0131 ve e\u015fel mobil sistemlerini de\u011ferlendirdi. (Foto\u011fraf: M\u015eim\u015fek x hesab\u0131)<\/figcaption><\/figure><\/div>\n\n\n<h2 class=\"wp-block-heading\">Hazine ve Maliye Bakan\u0131 Mehmet \u015eim\u015fek, sosyal medya \u00fczerinden yapt\u0131\u011f\u0131 a\u00e7\u0131klamada, T\u00fcrkiye&#8217;nin bor\u00e7luluk oranlar\u0131n\u0131n geli\u015fmekte olan \u00fclkeler ve d\u00fcnya ortalamas\u0131n\u0131n olduk\u00e7a alt\u0131nda oldu\u011funu vurgulad\u0131.<\/h2>\n\n\n\n<p><a href=\"https:\/\/epochtimestr.com\/index.php\/hazine-ve-maliye-bakani-mehmet-simsek-londrada-konustu\" target=\"_blank\" rel=\"noreferrer noopener\">Hazine ve Maliye Bakan\u0131<\/a> Mehmet \u015eim\u015fek, sosyal medya \u00fczerinden yapt\u0131\u011f\u0131 a\u00e7\u0131klamada, T\u00fcrkiye&#8217;nin bor\u00e7luluk oranlar\u0131n\u0131n geli\u015fmekte olan \u00fclkeler ve d\u00fcnya ortalamas\u0131n\u0131n olduk\u00e7a alt\u0131nda oldu\u011funu vurgulad\u0131. Bakan, sosyal medya platformu X \u00fczerinden T\u00fcrkiye <a href=\"https:\/\/epochtimestr.com\/index.php\/modern-ekonominin-gorunmez-kalbi-depolar\" target=\"_blank\" rel=\"noreferrer noopener\">ekonomi<\/a>sinin bor\u00e7luluk oranlar\u0131na ve bu durumun k\u00fcresel risklere kar\u015f\u0131 sa\u011flad\u0131\u011f\u0131 avantaja ili\u015fkin bir a\u00e7\u0131klama yay\u0131mlad\u0131. Hazine ve Maliye Bakan\u0131, T\u00fcrkiye&#8217;nin bor\u00e7luluk oranlar\u0131n\u0131n geli\u015fmekte olan \u00fclkeler ile d\u00fcnya ortalamas\u0131n\u0131n \u00e7ok alt\u0131nda oldu\u011funa dikkat \u00e7ekti.<\/p>\n\n\n\n<p>Bakan \u015eim\u015fek, de\u011ferlendirmesine T\u00fcrkiye&#8217;nin makroekonomik dayan\u0131kl\u0131l\u0131\u011f\u0131na vurgu yaparak, &#8220;D\u00fc\u015f\u00fck bor\u00e7luluk ekonomimizin direncini art\u0131ran \u00f6nemli bir unsurdur&#8221; ifadelerini kulland\u0131. T\u00fcrkiye&#8217;deki toplam bor\u00e7 y\u00fck\u00fcn\u00fc k\u00fcresel verilerle k\u0131yaslad\u0131. Kamu, finansal sekt\u00f6r, \u00f6zel sekt\u00f6r ve hanehalk\u0131 bor\u00e7lar\u0131n\u0131n toplam\u0131na de\u011finerek \u015fu bilgileri payla\u015ft\u0131:<\/p>\n\n\n\n<p>&#8220;Toplam borcun milli gelire oran\u0131 \u00fclkemizde y\u00fczde 91 ile geli\u015fmekte olan \u00fclkeler ortalamas\u0131 y\u00fczde 229\u2019un ve d\u00fcnya ortalamas\u0131 y\u00fczde 306\u2019n\u0131n olduk\u00e7a alt\u0131ndad\u0131r.&#8221;<\/p>\n\n\n\n<figure class=\"wp-block-embed is-type-rich is-provider-x wp-block-embed-x\"><div class=\"wp-block-embed__wrapper\">\n<blockquote class=\"twitter-tweet\" data-width=\"550\" data-dnt=\"true\"><p lang=\"tr\" dir=\"ltr\">K\u00fcresel enerji piyasalar\u0131nda ola\u011fan\u00fcst\u00fc bir d\u00f6nemden ge\u00e7iyoruz.<br><br>Sava\u015f d\u00f6nemi zirvesine g\u00f6re belirgin \u015fekilde gerileyen ham petrol fiyatlar\u0131na ra\u011fmen ta\u015f\u0131mac\u0131l\u0131ktaki aksamalar ve rafineri kesintilerinin yol a\u00e7t\u0131\u011f\u0131 arz s\u0131k\u0131\u015f\u0131kl\u0131\u011f\u0131 nedeniyle mazot fiyatlar\u0131 \u00fczerindeki bask\u0131\u2026 <a href=\"https:\/\/t.co\/Te4QSU3W1c\">pic.twitter.com\/Te4QSU3W1c<\/a><\/p>&mdash; Mehmet Simsek (@memetsimsek) <a href=\"https:\/\/x.com\/memetsimsek\/status\/2090353590829277394?ref_src=twsrc%5Etfw\">August 20, 2026<\/a><\/blockquote><script async src=\"https:\/\/platform.x.com\/widgets.js\" charset=\"utf-8\"><\/script>\n<\/div><\/figure>\n\n\n\n<p>\u00d6te yandan Hazine ve Maliye Bakan\u0131 Mehmet \u015eim\u015fek, i\u015fsizlik oran\u0131n\u0131n y\u00fczde 7,9&#8217;a geriledi\u011fine ve istihdam\u0131n 155 bin ki\u015fi artt\u0131\u011f\u0131na dikkat \u00e7ekerek, &#8220;Be\u015feri sermayeyi g\u00fc\u00e7lendiren, istihdam\u0131 destekleyen ve i\u015f g\u00fcc\u00fcne kat\u0131l\u0131m\u0131 art\u0131ran politikalar\u0131m\u0131z\u0131 s\u00fcrd\u00fcr\u00fcyoruz&#8221; dedi. Ayr\u0131ca T\u00dc\u0130K taraf\u0131ndan a\u00e7\u0131klanan nisan-haziran d\u00f6nemine ili\u015fkin &#8220;D\u00f6nemsel \u0130\u015fg\u00fcc\u00fc \u0130statistikleri&#8221; verilerini de\u011ferlendirdi.<\/p>\n\n\n\n<p>\u015eim\u015fek, sosyal medya hesab\u0131ndan yapt\u0131\u011f\u0131 a\u00e7\u0131klamada, ikinci \u00e7eyrekte mevsim etkilerinden ar\u0131nd\u0131r\u0131lm\u0131\u015f i\u015fsizlik oran\u0131n\u0131n y\u00fczde 7,9&#8217;a geriledi\u011fini, istihdam\u0131n ise bir \u00f6nceki \u00e7eyre\u011fe g\u00f6re 155 bin ki\u015fi artt\u0131\u011f\u0131n\u0131 belirtti. Tar\u0131m d\u0131\u015f\u0131ndaki sekt\u00f6rlerde kay\u0131t d\u0131\u015f\u0131 istihdam oran\u0131na da de\u011finen \u015eim\u015fek, son bir y\u0131ldaki ortalaman\u0131n y\u00fczde 15,7 oldu\u011funu bildirdi.<\/p>\n\n\n\n<p>Bakan, a\u00e7\u0131klamas\u0131nda:<br \/>&#8220;\u00c7al\u0131\u015fanlar\u0131m\u0131za sosyal g\u00fcvence sa\u011flayan kay\u0131tl\u0131 istihdam\u0131n artmas\u0131 kamu maliyesi a\u00e7\u0131s\u0131ndan da \u00f6nemli kazan\u0131mlar sa\u011fl\u0131yor. Be\u015feri sermayeyi g\u00fc\u00e7lendiren, istihdam\u0131 destekleyen ve i\u015f g\u00fcc\u00fcne kat\u0131l\u0131m\u0131 art\u0131ran politikalar\u0131m\u0131z\u0131 s\u00fcrd\u00fcr\u00fcyoruz.&#8221; ifadelerini kulland\u0131.<\/p>\n\n\n\n<figure class=\"wp-block-embed is-type-rich is-provider-x wp-block-embed-x\"><div class=\"wp-block-embed__wrapper\">\n<blockquote class=\"twitter-tweet\" data-width=\"550\" data-dnt=\"true\"><p lang=\"tr\" dir=\"ltr\">\u0130kinci \u00e7eyrekte mevsim etkilerinden ar\u0131nd\u0131r\u0131lm\u0131\u015f i\u015fsizlik oran\u0131 y\u00fczde 7,9\u2019a gerilerken istihdam \u00e7eyreklik 155 bin ki\u015fi artt\u0131.<br><br>Tar\u0131m hari\u00e7 sekt\u00f6rlerde son bir y\u0131ldaki ortalama kay\u0131t d\u0131\u015f\u0131 istihdam oran\u0131 y\u00fczde 15,7 ile tarihsel ortalaman\u0131n olduk\u00e7a alt\u0131nda seyretti.<br><br>\u00c7al\u0131\u015fanlar\u0131m\u0131za\u2026 <a href=\"https:\/\/t.co\/e5U0ZgSybZ\">pic.twitter.com\/e5U0ZgSybZ<\/a><\/p>&mdash; Mehmet Simsek (@memetsimsek) <a href=\"https:\/\/x.com\/memetsimsek\/status\/2090000443430597116?ref_src=twsrc%5Etfw\">August 19, 2026<\/a><\/blockquote><script async src=\"https:\/\/platform.x.com\/widgets.js\" charset=\"utf-8\"><\/script>\n<\/div><\/figure>\n","protected":false},"excerpt":{"rendered":"<p>Hazine ve Maliye Bakan\u0131 Mehmet \u015eim\u015fek, sosyal medya \u00fczerinden yapt\u0131\u011f\u0131 a\u00e7\u0131klamada, T\u00fcrkiye&#8217;nin bor\u00e7luluk oranlar\u0131n\u0131n geli\u015fmekte olan \u00fclkeler ve d\u00fcnya ortalamas\u0131n\u0131n olduk\u00e7a alt\u0131nda oldu\u011funu vurgulad\u0131. Hazine ve Maliye Bakan\u0131 Mehmet \u015eim\u015fek, sosyal medya \u00fczerinden yapt\u0131\u011f\u0131 a\u00e7\u0131klamada, T\u00fcrkiye&#8217;nin bor\u00e7luluk oranlar\u0131n\u0131n geli\u015fmekte olan \u00fclkeler ve d\u00fcnya ortalamas\u0131n\u0131n olduk\u00e7a alt\u0131nda oldu\u011funu vurgulad\u0131. Bakan, sosyal medya platformu X \u00fczerinden T\u00fcrkiye [&hellip;]<\/p>\n","protected":false},"author":12791,"featured_media":170671,"comment_status":"open","ping_status":"open","sticky":false,"template":"","format":"standard","meta":{"_yoast_wpseo_focuskw":"\u015eim\u015fek","_yoast_wpseo_title":"","_yoast_wpseo_metadesc":"Bakan \u015eim\u015fek, T\u00fcrkiye'nin bor\u00e7luluk oranlar\u0131n\u0131n geli\u015fmekte olan \u00fclkeler ve d\u00fcnya ortalamas\u0131n\u0131n olduk\u00e7a alt\u0131nda oldu\u011funu vurgulad\u0131.","_bbp_topic_count":0,"_bbp_reply_count":0,"_bbp_total_topic_count":0,"_bbp_total_reply_count":0,"_bbp_voice_count":0,"_bbp_anonymous_reply_count":0,"_bbp_topic_count_hidden":0,"_bbp_reply_count_hidden":0,"_bbp_forum_subforum_count":0,"footnotes":"","_yoast_wpseo_focuskw_text_input":""},"categories":[8225,1,8138],"tags":[12338,9002,12341,12340,12339,5144],"yoast_head":"<!-- This site is optimized with the Yoast SEO plugin v23.0 - https:\/\/yoast.com\/wordpress\/plugins\/seo\/ -->\n<title>Bakan \u015eim\u015fek Motorin Fiyatlar\u0131n\u0131 De\u011ferlendirdi - The Epoch Times TR<\/title>\n<meta name=\"description\" content=\"Bakan \u015eim\u015fek, T\u00fcrkiye&#039;nin bor\u00e7luluk oranlar\u0131n\u0131n geli\u015fmekte olan \u00fclkeler ve d\u00fcnya ortalamas\u0131n\u0131n olduk\u00e7a alt\u0131nda oldu\u011funu vurgulad\u0131.\" \/>\n<meta name=\"robots\" content=\"index, follow, max-snippet:-1, max-image-preview:large, max-video-preview:-1\" \/>\n<link rel=\"canonical\" href=\"https:\/\/epochtimestr.com\/index.php\/bakan-simsek-motorin-fiyatlarini-degerlendirdi\" \/>\n<meta property=\"og:locale\" content=\"tr_TR\" \/>\n<meta property=\"og:type\" content=\"article\" \/>\n<meta property=\"og:title\" content=\"Bakan \u015eim\u015fek Motorin Fiyatlar\u0131n\u0131 De\u011ferlendirdi - The Epoch Times TR\" \/>\n<meta property=\"og:description\" content=\"Bakan \u015eim\u015fek, T\u00fcrkiye&#039;nin bor\u00e7luluk oranlar\u0131n\u0131n geli\u015fmekte olan \u00fclkeler ve d\u00fcnya ortalamas\u0131n\u0131n olduk\u00e7a alt\u0131nda oldu\u011funu vurgulad\u0131.\" \/>\n<meta property=\"og:url\" content=\"https:\/\/epochtimestr.com\/index.php\/bakan-simsek-motorin-fiyatlarini-degerlendirdi\" \/>\n<meta property=\"og:site_name\" content=\"The Epoch Times TR\" \/>\n<meta property=\"article:publisher\" content=\"https:\/\/www.facebook.com\/theepochtimestr\" \/>\n<meta property=\"article:published_time\" content=\"2026-08-20T13:55:49+00:00\" \/>\n<meta property=\"article:modified_time\" content=\"2026-08-20T13:55:50+00:00\" \/>\n<meta property=\"og:image\" content=\"https:\/\/epochtimestr.com\/wp-content\/uploads\/2011y\/simsek.webp\" \/>\n\t<meta property=\"og:image:width\" content=\"1200\" \/>\n\t<meta property=\"og:image:height\" content=\"675\" \/>\n\t<meta property=\"og:image:type\" content=\"image\/webp\" \/>\n<meta name=\"author\" content=\"Haber Merkezi\" \/>\n<meta name=\"twitter:card\" content=\"summary_large_image\" \/>\n<meta name=\"twitter:creator\" content=\"@TheEpochTimesTR\" \/>\n<meta name=\"twitter:site\" content=\"@TheEpochTimesTR\" \/>\n<meta name=\"twitter:label1\" content=\"Yazan:\" \/>\n\t<meta name=\"twitter:data1\" content=\"Haber Merkezi\" \/>\n\t<meta name=\"twitter:label2\" content=\"Tahmini okuma s\u00fcresi\" \/>\n\t<meta name=\"twitter:data2\" content=\"3 dakika\" \/>\n<script type=\"application\/ld+json\" class=\"yoast-schema-graph\">{\"@context\":\"https:\/\/schema.org\",\"@graph\":[{\"@type\":\"Article\",\"@id\":\"https:\/\/epochtimestr.com\/index.php\/bakan-simsek-motorin-fiyatlarini-degerlendirdi#article\",\"isPartOf\":{\"@id\":\"https:\/\/epochtimestr.com\/index.php\/bakan-simsek-motorin-fiyatlarini-degerlendirdi\"},\"author\":{\"name\":\"Haber Merkezi\",\"@id\":\"https:\/\/epochtimestr.com\/#\/schema\/person\/3dc5c3adeb9f43923c5aa85889172fdd\"},\"headline\":\"Bakan \u015eim\u015fek Motorin Fiyatlar\u0131n\u0131 De\u011ferlendirdi\",\"datePublished\":\"2026-08-20T13:55:49+00:00\",\"dateModified\":\"2026-08-20T13:55:50+00:00\",\"mainEntityOfPage\":{\"@id\":\"https:\/\/epochtimestr.com\/index.php\/bakan-simsek-motorin-fiyatlarini-degerlendirdi\"},\"wordCount\":461,\"commentCount\":0,\"publisher\":{\"@id\":\"https:\/\/epochtimestr.com\/#organization\"},\"image\":{\"@id\":\"https:\/\/epochtimestr.com\/index.php\/bakan-simsek-motorin-fiyatlarini-degerlendirdi#primaryimage\"},\"thumbnailUrl\":\"https:\/\/epochtimestr.com\/wp-content\/uploads\/2011y\/simsek.webp\",\"keywords\":[\"E\u015fel mobil\",\"Hazine ve Maliye Bakan\u0131 Mehmet \u015eim\u015fek\",\"\u0130\u015f g\u00fcc\u00fc\",\"\u0130stihdam\",\"Makroekonomi\",\"motorin\"],\"articleSection\":[\"Ekonomi\",\"G\u00dcNDEM\",\"MAN\u015eET\"],\"inLanguage\":\"tr\",\"potentialAction\":[{\"@type\":\"CommentAction\",\"name\":\"Comment\",\"target\":[\"https:\/\/epochtimestr.com\/index.php\/bakan-simsek-motorin-fiyatlarini-degerlendirdi#respond\"]}]},{\"@type\":\"WebPage\",\"@id\":\"https:\/\/epochtimestr.com\/index.php\/bakan-simsek-motorin-fiyatlarini-degerlendirdi\",\"url\":\"https:\/\/epochtimestr.com\/index.php\/bakan-simsek-motorin-fiyatlarini-degerlendirdi\",\"name\":\"Bakan \u015eim\u015fek Motorin Fiyatlar\u0131n\u0131 De\u011ferlendirdi - The Epoch Times TR\",\"isPartOf\":{\"@id\":\"https:\/\/epochtimestr.com\/#website\"},\"primaryImageOfPage\":{\"@id\":\"https:\/\/epochtimestr.com\/index.php\/bakan-simsek-motorin-fiyatlarini-degerlendirdi#primaryimage\"},\"image\":{\"@id\":\"https:\/\/epochtimestr.com\/index.php\/bakan-simsek-motorin-fiyatlarini-degerlendirdi#primaryimage\"},\"thumbnailUrl\":\"https:\/\/epochtimestr.com\/wp-content\/uploads\/2011y\/simsek.webp\",\"datePublished\":\"2026-08-20T13:55:49+00:00\",\"dateModified\":\"2026-08-20T13:55:50+00:00\",\"description\":\"Bakan \u015eim\u015fek, T\u00fcrkiye'nin bor\u00e7luluk oranlar\u0131n\u0131n geli\u015fmekte olan \u00fclkeler ve d\u00fcnya ortalamas\u0131n\u0131n olduk\u00e7a alt\u0131nda oldu\u011funu vurgulad\u0131.\",\"inLanguage\":\"tr\",\"potentialAction\":[{\"@type\":\"ReadAction\",\"target\":[\"https:\/\/epochtimestr.com\/index.php\/bakan-simsek-motorin-fiyatlarini-degerlendirdi\"]}]},{\"@type\":\"ImageObject\",\"inLanguage\":\"tr\",\"@id\":\"https:\/\/epochtimestr.com\/index.php\/bakan-simsek-motorin-fiyatlarini-degerlendirdi#primaryimage\",\"url\":\"https:\/\/epochtimestr.com\/wp-content\/uploads\/2011y\/simsek.webp\",\"contentUrl\":\"https:\/\/epochtimestr.com\/wp-content\/uploads\/2011y\/simsek.webp\",\"width\":1200,\"height\":675},{\"@type\":\"WebSite\",\"@id\":\"https:\/\/epochtimestr.com\/#website\",\"url\":\"https:\/\/epochtimestr.com\/\",\"name\":\"The Epoch Times TR\",\"description\":\"De\u011fi\u015fen D\u00fcnyam\u0131za Taze Bir Bak\u0131\u015f\",\"publisher\":{\"@id\":\"https:\/\/epochtimestr.com\/#organization\"},\"potentialAction\":[{\"@type\":\"SearchAction\",\"target\":{\"@type\":\"EntryPoint\",\"urlTemplate\":\"https:\/\/epochtimestr.com\/?s={search_term_string}\"},\"query-input\":\"required name=search_term_string\"}],\"inLanguage\":\"tr\"},{\"@type\":\"Organization\",\"@id\":\"https:\/\/epochtimestr.com\/#organization\",\"name\":\"The EpochTimes T\u00fcrkiye\",\"url\":\"https:\/\/epochtimestr.com\/\",\"logo\":{\"@type\":\"ImageObject\",\"inLanguage\":\"tr\",\"@id\":\"https:\/\/epochtimestr.com\/#\/schema\/logo\/image\/\",\"url\":\"https:\/\/epochtimestr.com\/wp-content\/uploads\/2011y\/ET-Logo-YG.jpg\",\"contentUrl\":\"https:\/\/epochtimestr.com\/wp-content\/uploads\/2011y\/ET-Logo-YG.jpg\",\"width\":346,\"height\":29,\"caption\":\"The EpochTimes T\u00fcrkiye\"},\"image\":{\"@id\":\"https:\/\/epochtimestr.com\/#\/schema\/logo\/image\/\"},\"sameAs\":[\"https:\/\/www.facebook.com\/theepochtimestr\",\"https:\/\/x.com\/TheEpochTimesTR\",\"https:\/\/www.instagram.com\/epochtimestr\"]},{\"@type\":\"Person\",\"@id\":\"https:\/\/epochtimestr.com\/#\/schema\/person\/3dc5c3adeb9f43923c5aa85889172fdd\",\"name\":\"Haber Merkezi\",\"image\":{\"@type\":\"ImageObject\",\"inLanguage\":\"tr\",\"@id\":\"https:\/\/epochtimestr.com\/#\/schema\/person\/image\/\",\"url\":\"https:\/\/secure.gravatar.com\/avatar\/d73f772ba5a74f28601361e17c2f93e6?s=96&d=mm&r=g\",\"contentUrl\":\"https:\/\/secure.gravatar.com\/avatar\/d73f772ba5a74f28601361e17c2f93e6?s=96&d=mm&r=g\",\"caption\":\"Haber Merkezi\"},\"url\":\"https:\/\/epochtimestr.com\/index.php\/author\/sendag\"}]}<\/script>\n<!-- \/ Yoast SEO plugin. -->","yoast_head_json":{"title":"Bakan \u015eim\u015fek Motorin Fiyatlar\u0131n\u0131 De\u011ferlendirdi - The Epoch Times TR","description":"Bakan \u015eim\u015fek, T\u00fcrkiye'nin bor\u00e7luluk oranlar\u0131n\u0131n geli\u015fmekte olan \u00fclkeler ve d\u00fcnya ortalamas\u0131n\u0131n olduk\u00e7a alt\u0131nda oldu\u011funu vurgulad\u0131.","robots":{"index":"index","follow":"follow","max-snippet":"max-snippet:-1","max-image-preview":"max-image-preview:large","max-video-preview":"max-video-preview:-1"},"canonical":"https:\/\/epochtimestr.com\/index.php\/bakan-simsek-motorin-fiyatlarini-degerlendirdi","og_locale":"tr_TR","og_type":"article","og_title":"Bakan \u015eim\u015fek Motorin Fiyatlar\u0131n\u0131 De\u011ferlendirdi - The Epoch Times TR","og_description":"Bakan \u015eim\u015fek, T\u00fcrkiye'nin bor\u00e7luluk oranlar\u0131n\u0131n geli\u015fmekte olan \u00fclkeler ve d\u00fcnya ortalamas\u0131n\u0131n olduk\u00e7a alt\u0131nda oldu\u011funu vurgulad\u0131.","og_url":"https:\/\/epochtimestr.com\/index.php\/bakan-simsek-motorin-fiyatlarini-degerlendirdi","og_site_name":"The Epoch Times TR","article_publisher":"https:\/\/www.facebook.com\/theepochtimestr","article_published_time":"2026-08-20T13:55:49+00:00","article_modified_time":"2026-08-20T13:55:50+00:00","og_image":[{"width":1200,"height":675,"url":"https:\/\/epochtimestr.com\/wp-content\/uploads\/2011y\/simsek.webp","type":"image\/webp"}],"author":"Haber Merkezi","twitter_card":"summary_large_image","twitter_creator":"@TheEpochTimesTR","twitter_site":"@TheEpochTimesTR","twitter_misc":{"Yazan:":"Haber Merkezi","Tahmini okuma s\u00fcresi":"3 dakika"},"schema":{"@context":"https:\/\/schema.org","@graph":[{"@type":"Article","@id":"https:\/\/epochtimestr.com\/index.php\/bakan-simsek-motorin-fiyatlarini-degerlendirdi#article","isPartOf":{"@id":"https:\/\/epochtimestr.com\/index.php\/bakan-simsek-motorin-fiyatlarini-degerlendirdi"},"author":{"name":"Haber Merkezi","@id":"https:\/\/epochtimestr.com\/#\/schema\/person\/3dc5c3adeb9f43923c5aa85889172fdd"},"headline":"Bakan \u015eim\u015fek Motorin Fiyatlar\u0131n\u0131 De\u011ferlendirdi","datePublished":"2026-08-20T13:55:49+00:00","dateModified":"2026-08-20T13:55:50+00:00","mainEntityOfPage":{"@id":"https:\/\/epochtimestr.com\/index.php\/bakan-simsek-motorin-fiyatlarini-degerlendirdi"},"wordCount":461,"commentCount":0,"publisher":{"@id":"https:\/\/epochtimestr.com\/#organization"},"image":{"@id":"https:\/\/epochtimestr.com\/index.php\/bakan-simsek-motorin-fiyatlarini-degerlendirdi#primaryimage"},"thumbnailUrl":"https:\/\/epochtimestr.com\/wp-content\/uploads\/2011y\/simsek.webp","keywords":["E\u015fel mobil","Hazine ve Maliye Bakan\u0131 Mehmet \u015eim\u015fek","\u0130\u015f g\u00fcc\u00fc","\u0130stihdam","Makroekonomi","motorin"],"articleSection":["Ekonomi","G\u00dcNDEM","MAN\u015eET"],"inLanguage":"tr","potentialAction":[{"@type":"CommentAction","name":"Comment","target":["https:\/\/epochtimestr.com\/index.php\/bakan-simsek-motorin-fiyatlarini-degerlendirdi#respond"]}]},{"@type":"WebPage","@id":"https:\/\/epochtimestr.com\/index.php\/bakan-simsek-motorin-fiyatlarini-degerlendirdi","url":"https:\/\/epochtimestr.com\/index.php\/bakan-simsek-motorin-fiyatlarini-degerlendirdi","name":"Bakan \u015eim\u015fek Motorin Fiyatlar\u0131n\u0131 De\u011ferlendirdi - The Epoch Times TR","isPartOf":{"@id":"https:\/\/epochtimestr.com\/#website"},"primaryImageOfPage":{"@id":"https:\/\/epochtimestr.com\/index.php\/bakan-simsek-motorin-fiyatlarini-degerlendirdi#primaryimage"},"image":{"@id":"https:\/\/epochtimestr.com\/index.php\/bakan-simsek-motorin-fiyatlarini-degerlendirdi#primaryimage"},"thumbnailUrl":"https:\/\/epochtimestr.com\/wp-content\/uploads\/2011y\/simsek.webp","datePublished":"2026-08-20T13:55:49+00:00","dateModified":"2026-08-20T13:55:50+00:00","description":"Bakan \u015eim\u015fek, T\u00fcrkiye'nin bor\u00e7luluk oranlar\u0131n\u0131n geli\u015fmekte olan \u00fclkeler ve d\u00fcnya ortalamas\u0131n\u0131n olduk\u00e7a alt\u0131nda oldu\u011funu vurgulad\u0131.","inLanguage":"tr","potentialAction":[{"@type":"ReadAction","target":["https:\/\/epochtimestr.com\/index.php\/bakan-simsek-motorin-fiyatlarini-degerlendirdi"]}]},{"@type":"ImageObject","inLanguage":"tr","@id":"https:\/\/epochtimestr.com\/index.php\/bakan-simsek-motorin-fiyatlarini-degerlendirdi#primaryimage","url":"https:\/\/epochtimestr.com\/wp-content\/uploads\/2011y\/simsek.webp","contentUrl":"https:\/\/epochtimestr.com\/wp-content\/uploads\/2011y\/simsek.webp","width":1200,"height":675},{"@type":"WebSite","@id":"https:\/\/epochtimestr.com\/#website","url":"https:\/\/epochtimestr.com\/","name":"The Epoch Times TR","description":"De\u011fi\u015fen D\u00fcnyam\u0131za Taze Bir Bak\u0131\u015f","publisher":{"@id":"https:\/\/epochtimestr.com\/#organization"},"potentialAction":[{"@type":"SearchAction","target":{"@type":"EntryPoint","urlTemplate":"https:\/\/epochtimestr.com\/?s={search_term_string}"},"query-input":"required name=search_term_string"}],"inLanguage":"tr"},{"@type":"Organization","@id":"https:\/\/epochtimestr.com\/#organization","name":"The EpochTimes T\u00fcrkiye","url":"https:\/\/epochtimestr.com\/","logo":{"@type":"ImageObject","inLanguage":"tr","@id":"https:\/\/epochtimestr.com\/#\/schema\/logo\/image\/","url":"https:\/\/epochtimestr.com\/wp-content\/uploads\/2011y\/ET-Logo-YG.jpg","contentUrl":"https:\/\/epochtimestr.com\/wp-content\/uploads\/2011y\/ET-Logo-YG.jpg","width":346,"height":29,"caption":"The EpochTimes T\u00fcrkiye"},"image":{"@id":"https:\/\/epochtimestr.com\/#\/schema\/logo\/image\/"},"sameAs":["https:\/\/www.facebook.com\/theepochtimestr","https:\/\/x.com\/TheEpochTimesTR","https:\/\/www.instagram.com\/epochtimestr"]},{"@type":"Person","@id":"https:\/\/epochtimestr.com\/#\/schema\/person\/3dc5c3adeb9f43923c5aa85889172fdd","name":"Haber Merkezi","image":{"@type":"ImageObject","inLanguage":"tr","@id":"https:\/\/epochtimestr.com\/#\/schema\/person\/image\/","url":"https:\/\/secure.gravatar.com\/avatar\/d73f772ba5a74f28601361e17c2f93e6?s=96&d=mm&r=g","contentUrl":"https:\/\/secure.gravatar.com\/avatar\/d73f772ba5a74f28601361e17c2f93e6?s=96&d=mm&r=g","caption":"Haber Merkezi"},"url":"https:\/\/epochtimestr.com\/index.php\/author\/sendag"}]}},"_links":{"self":[{"href":"https:\/\/epochtimestr.com\/index.php\/wp-json\/wp\/v2\/posts\/170670"}],"collection":[{"href":"https:\/\/epochtimestr.com\/index.php\/wp-json\/wp\/v2\/posts"}],"about":[{"href":"https:\/\/epochtimestr.com\/index.php\/wp-json\/wp\/v2\/types\/post"}],"author":[{"embeddable":true,"href":"https:\/\/epochtimestr.com\/index.php\/wp-json\/wp\/v2\/users\/12791"}],"replies":[{"embeddable":true,"href":"https:\/\/epochtimestr.com\/index.php\/wp-json\/wp\/v2\/comments?post=170670"}],"version-history":[{"count":2,"href":"https:\/\/epochtimestr.com\/index.php\/wp-json\/wp\/v2\/posts\/170670\/revisions"}],"predecessor-version":[{"id":170676,"href":"https:\/\/epochtimestr.com\/index.php\/wp-json\/wp\/v2\/posts\/170670\/revisions\/170676"}],"wp:featuredmedia":[{"embeddable":true,"href":"https:\/\/epochtimestr.com\/index.php\/wp-json\/wp\/v2\/media\/170671"}],"wp:attachment":[{"href":"https:\/\/epochtimestr.com\/index.php\/wp-json\/wp\/v2\/media?parent=170670"}],"wp:term":[{"taxonomy":"category","embeddable":true,"href":"https:\/\/epochtimestr.com\/index.php\/wp-json\/wp\/v2\/categories?post=170670"},{"taxonomy":"post_tag","embeddable":true,"href":"https:\/\/epochtimestr.com\/index.php\/wp-json\/wp\/v2\/tags?post=170670"}],"curies":[{"name":"wp","href":"https:\/\/api.w.org\/{rel}","templated":true}]}}