{"id":170677,"date":"2026-08-20T22:46:18","date_gmt":"2026-08-20T19:46:18","guid":{"rendered":"https:\/\/epochtimestr.com\/?p=170677"},"modified":"2026-08-20T22:46:20","modified_gmt":"2026-08-20T19:46:20","slug":"silahsizlanma-ve-siyasallasma-alt-kurulu","status":"publish","type":"post","link":"https:\/\/epochtimestr.com\/index.php\/silahsizlanma-ve-siyasallasma-alt-kurulu","title":{"rendered":"&#8220;Silahs\u0131zlanma ve Siyasalla\u015fma&#8221; Alt Kurulu"},"content":{"rendered":"<div class=\"wp-block-image\">\n<figure class=\"aligncenter size-full\"><img loading=\"lazy\" decoding=\"async\" width=\"1600\" height=\"900\" src=\"https:\/\/epochtimestr.com\/wp-content\/uploads\/2011y\/dem.webp\" alt=\"&quot;Silahs\u0131zlanma ve Siyasalla\u015fma&quot; alt kurulunda Abdullah \u00d6calan da yer alacak. (Foto\u011fraf: MA youtube)\" class=\"wp-image-170679\" srcset=\"https:\/\/epochtimestr.com\/wp-content\/uploads\/2011y\/dem.webp 1600w, https:\/\/epochtimestr.com\/wp-content\/uploads\/2011y\/dem-300x169.webp 300w, https:\/\/epochtimestr.com\/wp-content\/uploads\/2011y\/dem-150x84.webp 150w, https:\/\/epochtimestr.com\/wp-content\/uploads\/2011y\/dem-768x432.webp 768w, https:\/\/epochtimestr.com\/wp-content\/uploads\/2011y\/dem-1536x864.webp 1536w\" sizes=\"(max-width: 1600px) 100vw, 1600px\" \/><figcaption class=\"wp-element-caption\">&#8220;Silahs\u0131zlanma ve Siyasalla\u015fma&#8221; alt kurulunda Abdullah \u00d6calan da yer alacak. (Foto\u011fraf: MA youtube)<\/figcaption><\/figure><\/div>\n\n\n<h2 class=\"wp-block-heading\">DEM Parti \u0130mral\u0131 Heyeti \u00fcyesi Pervin Buldan, TBMM\u2019de kabul edilen \u00e7er\u00e7eve yasa kapsam\u0131nda kurulmas\u0131 planlanan \u201cSilahs\u0131zlanma ve Siyasalla\u015fma&#8221; Alt Kurulunda Abdullah \u00d6calan\u2019\u0131n da bulunaca\u011f\u0131n\u0131 belirtti.<\/h2>\n\n\n\n<p>DEM Parti \u0130mral\u0131 Heyeti \u00fcyesi Pervin Buldan, <a href=\"https:\/\/epochtimestr.com\/index.php\/tbmmde-cerceve-yasa-468-oyla-kabul-edildi\" target=\"_blank\" rel=\"noreferrer noopener\">TBMM<\/a>\u2019de kabul edilen \u00e7er\u00e7eve yasa kapsam\u0131nda kurulmas\u0131 planlanan \u201cSilahs\u0131zlanma ve Siyasalla\u015fma&#8221; Alt Kurulunda Abdullah <a href=\"https:\/\/epochtimestr.com\/index.php\/tbmmde-ocalan-komisyonu-ne-yapiyor-konferansi-mersinde-gerceklestirildi\" target=\"_blank\" rel=\"noreferrer noopener\">\u00d6calan<\/a>\u2019\u0131n da bulunaca\u011f\u0131n\u0131 belirtti.<br \/>MHP Genel Ba\u015fkan\u0131 Devlet Bah\u00e7eli, \u201cTer\u00f6rs\u00fcz T\u00fcrkiye\u201d olarak adland\u0131r\u0131lan s\u00fcre\u00e7 kapsam\u0131nda, Abdullah \u00d6calan\u2019\u0131n s\u00fcre\u00e7teki konumunun netle\u015ftirilmesi gerekti\u011fini savunmu\u015ftu. Bah\u00e7eli, may\u0131s ay\u0131nda yapt\u0131\u011f\u0131 a\u00e7\u0131klamada \u00d6calan\u2019a \u201cBar\u0131\u015f S\u00fcreci ve Siyasalla\u015fma Koordinat\u00f6rl\u00fc\u011f\u00fc\u201d stat\u00fcs\u00fc verilmesini \u00f6nermi\u015fti. Bah\u00e7eli\u2019nin s\u00f6z konusu \u00f6nerisine AK Parti kanad\u0131 sessiz kal\u0131rken, s\u00fcrecin ittifak orta\u011f\u0131 DEM Parti cephesinden dikkat \u00e7ekici bir a\u00e7\u0131klama geldi.<\/p>\n\n\n\n<p><strong>Taksim&#8217;deki bir otelde ger\u00e7ekle\u015fen bulu\u015fmada &#8216;\u00e7er\u00e7eve yasa&#8217; sonras\u0131 &#8216;s\u00fcre\u00e7&#8217; de\u011ferlendirildi.<\/strong><\/p>\n\n\n\n<p>DEM Parti \u0130mral\u0131 heyeti \u00fcyeleri Pervin Buldan ve Faik \u00d6zg\u00fcr Erol ile \u0130mral\u0131&#8217;da uzun s\u00fcre Abdullah \u00d6calan ile birlikte hapis yatan Veysi Akta\u015f, &#8216;\u00e7er\u00e7eve yasa&#8217; olarak bilinen 7595 say\u0131l\u0131 kanunun 18 A\u011fustos&#8217;ta y\u00fcr\u00fcrl\u00fc\u011fe girmesinin ard\u0131ndan per\u015fembe g\u00fcn\u00fc medya kurulu\u015flar\u0131n\u0131n temsilcileriyle bir araya geldi. Taksim&#8217;deki bir otelde ger\u00e7ekle\u015fen bulu\u015fmada &#8216;\u00e7er\u00e7eve yasa&#8217; sonras\u0131 &#8216;s\u00fcre\u00e7&#8217; de\u011ferlendirildi.<\/p>\n\n\n\n<p>DEM Parti \u0130mral\u0131 Heyeti \u00fcyesi ve Van Milletvekili Pervin Buldan, \u00e7er\u00e7eve yasayla olu\u015fturulan kurulun 24 A\u011fustos&#8217;ta ilk toplant\u0131s\u0131n\u0131 yapaca\u011f\u0131n\u0131, bu toplant\u0131da alt kurullar\u0131n kurulmas\u0131 i\u00e7in s\u00fcre\u00e7 ba\u015flayaca\u011f\u0131n\u0131 belirtti.  &#8220;Bu alt kurullar\u0131n bir tanesi silahs\u0131zlanma ve siyasalla\u015fma kurulu olacak ve burada Say\u0131n \u00d6calan yer alacak. \u00c7\u00fcnk\u00fc Say\u0131n \u00d6calan geli\u015fleri organize de edecek\u201d dedi. DEM Parti \u0130mral\u0131 heyeti \u00fcyesi Faik \u00d6zg\u00fcr Erol, Resmi Gazete&#8217;de yay\u0131mlanarak kanunla\u015fan \u00e7er\u00e7eve yasa ile yakla\u015f\u0131k 4 bin tutuklunun tahliye olabilece\u011fini, yasadan 75 binin \u00fczerinde soru\u015fturma ve kovu\u015fturma dosyas\u0131n\u0131n etkilenebilece\u011fini belirtti.<\/p>\n\n\n\n<h3 class=\"wp-block-heading\">&#8220;Kavramlara \u00e7ok tak\u0131lm\u0131yorum. Bizim i\u00e7in \u00f6nemli olan bu yasan\u0131n \u00e7\u0131kmas\u0131. Kavramlar\u0131 bir kenara b\u0131rakal\u0131m&#8221;<\/h3>\n\n\n\n<p>Buldan, yasa tasla\u011f\u0131n\u0131 son dakikada g\u00f6rd\u00fcklerini dile getirerek, &#8220;Ba\u015f\u0131ndan beri yasay\u0131 g\u00f6rmek istedik, Say\u0131n \u00d6calan&#8217;a g\u00f6t\u00fcrmek istedik ama bu ger\u00e7ekle\u015fmedi&#8221; dedi. \u00d6calan&#8217;la \u0130mral\u0131&#8217;daki son g\u00f6r\u00fc\u015fmede tasla\u011fa dair de\u011fil, ilkesel olarak yasaya nas\u0131l yakla\u015f\u0131ld\u0131\u011f\u0131na dair g\u00f6r\u00fc\u015ft\u00fcklerini s\u00f6yledi. Buldan, &#8220;AKP&#8217;nin hukuk\u00e7u kurmaylar\u0131yla yasan\u0131n \u00e7\u0131kaca\u011f\u0131 g\u00fcn\u00fcn bir g\u00fcn \u00f6ncesi arkada\u015flar\u0131m\u0131z bir araya geldiler. Biz ertesi g\u00fcn, yani yasan\u0131n \u00e7\u0131kaca\u011f\u0131 g\u00fcn\u00fcn sabah\u0131 tasla\u011f\u0131 g\u00f6rme imkan\u0131na sahip olabildik&#8221; dedi.<\/p>\n\n\n\n<p>Buldan, \u00d6calan&#8217;\u0131n son g\u00f6r\u00fc\u015fmede, &#8220;Kavramlara \u00e7ok tak\u0131lm\u0131yorum. Bizim i\u00e7in \u00f6nemli olan bu yasan\u0131n \u00e7\u0131kmas\u0131. Kavramlar\u0131 bir kenara b\u0131rakal\u0131m&#8221; dedi\u011fini aktard\u0131.<\/p>\n\n\n\n<p>\u00d6calan&#8217;\u0131n yasa kapsam\u0131nda kurulacak alt kurulda yer alaca\u011f\u0131n\u0131 a\u00e7\u0131klayan Buldan, &#8220;\u00dcst kurulun ilk toplant\u0131s\u0131n\u0131n hemen ard\u0131ndan alt kurullar\u0131n kurulmas\u0131 i\u00e7in bir s\u00fcre\u00e7 ba\u015flayacak. Bu alt kurullar\u0131n bir tanesi Silahs\u0131zlanma ve Siyasalla\u015fma Kurulu olacak ve burada Say\u0131n \u00d6calan yer alacak. \u00c7\u00fcnk\u00fc Say\u0131n \u00d6calan geli\u015fleri organize de edecek. Bunun yan\u0131nda bir Kad\u0131n Kuruluna ihtiya\u00e7 oldu\u011funu biz hep g\u00f6r\u00fc\u015fmelerimizde s\u00f6yledik. Say\u0131n Cumhurba\u015fkan\u0131 ile yapt\u0131\u011f\u0131m\u0131z g\u00f6r\u00fc\u015fmede de ben ifade ettim&#8221; ifadelerini kulland\u0131.<\/p>\n\n\n\n<p>\u00d6te yandan &#8216;\u00c7er\u00e7eve yasa&#8217;y\u0131 &#8220;\u00f6nemli bir e\u015fik&#8221; olarak nitelendiren Av. Faik \u00d6zg\u00fcr Erol, &#8220;Son aylar \u00e7ok gerekli olmayan bir tart\u0131\u015fmayla ge\u00e7mi\u015fti. \u00d6nce teyit mi olacak, sonra m\u0131 yasa olacak\u2026 &#8216;Tavuk-yumurta&#8217; tart\u0131\u015fmas\u0131na d\u00f6nm\u00fc\u015ft\u00fc. Neyse ki bu a\u015f\u0131ld\u0131. Yasan\u0131n kendi i\u00e7inde bunu form\u00fcle edebilece\u011fi zaten bilinen bir \u015feydi ve \u00f6yle bir form\u00fclasyonla beraber yasa ger\u00e7ekle\u015fti&#8221; ifadelerini kulland\u0131.<\/p>\n","protected":false},"excerpt":{"rendered":"<p>DEM Parti \u0130mral\u0131 Heyeti \u00fcyesi Pervin Buldan, TBMM\u2019de kabul edilen \u00e7er\u00e7eve yasa kapsam\u0131nda kurulmas\u0131 planlanan \u201cSilahs\u0131zlanma ve Siyasalla\u015fma&#8221; Alt Kurulunda Abdullah \u00d6calan\u2019\u0131n da bulunaca\u011f\u0131n\u0131 belirtti. DEM Parti \u0130mral\u0131 Heyeti \u00fcyesi Pervin Buldan, TBMM\u2019de kabul edilen \u00e7er\u00e7eve yasa kapsam\u0131nda kurulmas\u0131 planlanan \u201cSilahs\u0131zlanma ve Siyasalla\u015fma&#8221; Alt Kurulunda Abdullah \u00d6calan\u2019\u0131n da bulunaca\u011f\u0131n\u0131 belirtti.MHP Genel Ba\u015fkan\u0131 Devlet Bah\u00e7eli, \u201cTer\u00f6rs\u00fcz [&hellip;]<\/p>\n","protected":false},"author":12791,"featured_media":170679,"comment_status":"open","ping_status":"open","sticky":false,"template":"","format":"standard","meta":{"_yoast_wpseo_focuskw":"Silahs\u0131zlanma ve Siyasalla\u015fma","_yoast_wpseo_title":"","_yoast_wpseo_metadesc":"TBMM\u2019de kabul edilen \u00e7er\u00e7eve yasa kapsam\u0131nda kurulmas\u0131 planlanan \u201cSilahs\u0131zlanma ve Siyasalla\u015fma\" Alt Kurulunda Abdullah \u00d6calan da bulunacak.","_bbp_topic_count":0,"_bbp_reply_count":0,"_bbp_total_topic_count":0,"_bbp_total_reply_count":0,"_bbp_voice_count":0,"_bbp_anonymous_reply_count":0,"_bbp_topic_count_hidden":0,"_bbp_reply_count_hidden":0,"_bbp_forum_subforum_count":0,"footnotes":"","_yoast_wpseo_focuskw_text_input":""},"categories":[1,8138,8226],"tags":[3102,8561,2126,11748,3117,1200],"yoast_head":"<!-- This site is optimized with the Yoast SEO plugin v23.0 - https:\/\/yoast.com\/wordpress\/plugins\/seo\/ -->\n<title>&quot;Silahs\u0131zlanma ve Siyasalla\u015fma&quot; Alt Kurulu - The Epoch Times TR<\/title>\n<meta name=\"description\" content=\"TBMM\u2019de kabul edilen \u00e7er\u00e7eve yasa kapsam\u0131nda kurulmas\u0131 planlanan \u201cSilahs\u0131zlanma ve Siyasalla\u015fma&quot; Alt Kurulunda Abdullah \u00d6calan da bulunacak.\" \/>\n<meta name=\"robots\" content=\"index, follow, max-snippet:-1, max-image-preview:large, max-video-preview:-1\" \/>\n<link rel=\"canonical\" href=\"https:\/\/epochtimestr.com\/index.php\/silahsizlanma-ve-siyasallasma-alt-kurulu\" \/>\n<meta property=\"og:locale\" content=\"tr_TR\" \/>\n<meta property=\"og:type\" content=\"article\" \/>\n<meta property=\"og:title\" content=\"&quot;Silahs\u0131zlanma ve Siyasalla\u015fma&quot; Alt Kurulu - The Epoch Times TR\" \/>\n<meta property=\"og:description\" content=\"TBMM\u2019de kabul edilen \u00e7er\u00e7eve yasa kapsam\u0131nda kurulmas\u0131 planlanan \u201cSilahs\u0131zlanma ve Siyasalla\u015fma&quot; Alt Kurulunda Abdullah \u00d6calan da bulunacak.\" \/>\n<meta property=\"og:url\" content=\"https:\/\/epochtimestr.com\/index.php\/silahsizlanma-ve-siyasallasma-alt-kurulu\" \/>\n<meta property=\"og:site_name\" content=\"The Epoch Times TR\" \/>\n<meta property=\"article:publisher\" content=\"https:\/\/www.facebook.com\/theepochtimestr\" \/>\n<meta property=\"article:published_time\" content=\"2026-08-20T19:46:18+00:00\" \/>\n<meta property=\"article:modified_time\" content=\"2026-08-20T19:46:20+00:00\" \/>\n<meta property=\"og:image\" content=\"https:\/\/epochtimestr.com\/wp-content\/uploads\/2011y\/dem.webp\" \/>\n\t<meta property=\"og:image:width\" content=\"1600\" \/>\n\t<meta property=\"og:image:height\" content=\"900\" \/>\n\t<meta property=\"og:image:type\" content=\"image\/webp\" \/>\n<meta name=\"author\" content=\"Haber Merkezi\" \/>\n<meta name=\"twitter:card\" content=\"summary_large_image\" \/>\n<meta name=\"twitter:creator\" content=\"@TheEpochTimesTR\" \/>\n<meta name=\"twitter:site\" content=\"@TheEpochTimesTR\" \/>\n<meta name=\"twitter:label1\" content=\"Yazan:\" \/>\n\t<meta name=\"twitter:data1\" content=\"Haber Merkezi\" \/>\n\t<meta name=\"twitter:label2\" content=\"Tahmini okuma s\u00fcresi\" \/>\n\t<meta name=\"twitter:data2\" content=\"4 dakika\" \/>\n<script type=\"application\/ld+json\" class=\"yoast-schema-graph\">{\"@context\":\"https:\/\/schema.org\",\"@graph\":[{\"@type\":\"Article\",\"@id\":\"https:\/\/epochtimestr.com\/index.php\/silahsizlanma-ve-siyasallasma-alt-kurulu#article\",\"isPartOf\":{\"@id\":\"https:\/\/epochtimestr.com\/index.php\/silahsizlanma-ve-siyasallasma-alt-kurulu\"},\"author\":{\"name\":\"Haber Merkezi\",\"@id\":\"https:\/\/epochtimestr.com\/#\/schema\/person\/3dc5c3adeb9f43923c5aa85889172fdd\"},\"headline\":\"&#8220;Silahs\u0131zlanma ve Siyasalla\u015fma&#8221; Alt Kurulu\",\"datePublished\":\"2026-08-20T19:46:18+00:00\",\"dateModified\":\"2026-08-20T19:46:20+00:00\",\"mainEntityOfPage\":{\"@id\":\"https:\/\/epochtimestr.com\/index.php\/silahsizlanma-ve-siyasallasma-alt-kurulu\"},\"wordCount\":695,\"commentCount\":0,\"publisher\":{\"@id\":\"https:\/\/epochtimestr.com\/#organization\"},\"image\":{\"@id\":\"https:\/\/epochtimestr.com\/index.php\/silahsizlanma-ve-siyasallasma-alt-kurulu#primaryimage\"},\"thumbnailUrl\":\"https:\/\/epochtimestr.com\/wp-content\/uploads\/2011y\/dem.webp\",\"keywords\":[\"Abdullah \u00d6calan\",\"dem parti\",\"Devlet bah\u00e7eli\",\"\u0130mral\u0131 Heyeti\",\"Pervin Buldan\",\"tbmm\"],\"articleSection\":[\"G\u00dcNDEM\",\"MAN\u015eET\",\"Siyaset\"],\"inLanguage\":\"tr\",\"potentialAction\":[{\"@type\":\"CommentAction\",\"name\":\"Comment\",\"target\":[\"https:\/\/epochtimestr.com\/index.php\/silahsizlanma-ve-siyasallasma-alt-kurulu#respond\"]}]},{\"@type\":\"WebPage\",\"@id\":\"https:\/\/epochtimestr.com\/index.php\/silahsizlanma-ve-siyasallasma-alt-kurulu\",\"url\":\"https:\/\/epochtimestr.com\/index.php\/silahsizlanma-ve-siyasallasma-alt-kurulu\",\"name\":\"\\\"Silahs\u0131zlanma ve Siyasalla\u015fma\\\" Alt Kurulu - The Epoch Times TR\",\"isPartOf\":{\"@id\":\"https:\/\/epochtimestr.com\/#website\"},\"primaryImageOfPage\":{\"@id\":\"https:\/\/epochtimestr.com\/index.php\/silahsizlanma-ve-siyasallasma-alt-kurulu#primaryimage\"},\"image\":{\"@id\":\"https:\/\/epochtimestr.com\/index.php\/silahsizlanma-ve-siyasallasma-alt-kurulu#primaryimage\"},\"thumbnailUrl\":\"https:\/\/epochtimestr.com\/wp-content\/uploads\/2011y\/dem.webp\",\"datePublished\":\"2026-08-20T19:46:18+00:00\",\"dateModified\":\"2026-08-20T19:46:20+00:00\",\"description\":\"TBMM\u2019de kabul edilen \u00e7er\u00e7eve yasa kapsam\u0131nda kurulmas\u0131 planlanan \u201cSilahs\u0131zlanma ve Siyasalla\u015fma\\\" Alt Kurulunda Abdullah \u00d6calan da bulunacak.\",\"inLanguage\":\"tr\",\"potentialAction\":[{\"@type\":\"ReadAction\",\"target\":[\"https:\/\/epochtimestr.com\/index.php\/silahsizlanma-ve-siyasallasma-alt-kurulu\"]}]},{\"@type\":\"ImageObject\",\"inLanguage\":\"tr\",\"@id\":\"https:\/\/epochtimestr.com\/index.php\/silahsizlanma-ve-siyasallasma-alt-kurulu#primaryimage\",\"url\":\"https:\/\/epochtimestr.com\/wp-content\/uploads\/2011y\/dem.webp\",\"contentUrl\":\"https:\/\/epochtimestr.com\/wp-content\/uploads\/2011y\/dem.webp\",\"width\":1600,\"height\":900},{\"@type\":\"WebSite\",\"@id\":\"https:\/\/epochtimestr.com\/#website\",\"url\":\"https:\/\/epochtimestr.com\/\",\"name\":\"The Epoch Times TR\",\"description\":\"De\u011fi\u015fen D\u00fcnyam\u0131za Taze Bir Bak\u0131\u015f\",\"publisher\":{\"@id\":\"https:\/\/epochtimestr.com\/#organization\"},\"potentialAction\":[{\"@type\":\"SearchAction\",\"target\":{\"@type\":\"EntryPoint\",\"urlTemplate\":\"https:\/\/epochtimestr.com\/?s={search_term_string}\"},\"query-input\":\"required name=search_term_string\"}],\"inLanguage\":\"tr\"},{\"@type\":\"Organization\",\"@id\":\"https:\/\/epochtimestr.com\/#organization\",\"name\":\"The EpochTimes T\u00fcrkiye\",\"url\":\"https:\/\/epochtimestr.com\/\",\"logo\":{\"@type\":\"ImageObject\",\"inLanguage\":\"tr\",\"@id\":\"https:\/\/epochtimestr.com\/#\/schema\/logo\/image\/\",\"url\":\"https:\/\/epochtimestr.com\/wp-content\/uploads\/2011y\/ET-Logo-YG.jpg\",\"contentUrl\":\"https:\/\/epochtimestr.com\/wp-content\/uploads\/2011y\/ET-Logo-YG.jpg\",\"width\":346,\"height\":29,\"caption\":\"The EpochTimes T\u00fcrkiye\"},\"image\":{\"@id\":\"https:\/\/epochtimestr.com\/#\/schema\/logo\/image\/\"},\"sameAs\":[\"https:\/\/www.facebook.com\/theepochtimestr\",\"https:\/\/x.com\/TheEpochTimesTR\",\"https:\/\/www.instagram.com\/epochtimestr\"]},{\"@type\":\"Person\",\"@id\":\"https:\/\/epochtimestr.com\/#\/schema\/person\/3dc5c3adeb9f43923c5aa85889172fdd\",\"name\":\"Haber Merkezi\",\"image\":{\"@type\":\"ImageObject\",\"inLanguage\":\"tr\",\"@id\":\"https:\/\/epochtimestr.com\/#\/schema\/person\/image\/\",\"url\":\"https:\/\/secure.gravatar.com\/avatar\/d73f772ba5a74f28601361e17c2f93e6?s=96&d=mm&r=g\",\"contentUrl\":\"https:\/\/secure.gravatar.com\/avatar\/d73f772ba5a74f28601361e17c2f93e6?s=96&d=mm&r=g\",\"caption\":\"Haber Merkezi\"},\"url\":\"https:\/\/epochtimestr.com\/index.php\/author\/sendag\"}]}<\/script>\n<!-- \/ Yoast SEO plugin. -->","yoast_head_json":{"title":"\"Silahs\u0131zlanma ve Siyasalla\u015fma\" Alt Kurulu - The Epoch Times TR","description":"TBMM\u2019de kabul edilen \u00e7er\u00e7eve yasa kapsam\u0131nda kurulmas\u0131 planlanan \u201cSilahs\u0131zlanma ve Siyasalla\u015fma\" Alt Kurulunda Abdullah \u00d6calan da bulunacak.","robots":{"index":"index","follow":"follow","max-snippet":"max-snippet:-1","max-image-preview":"max-image-preview:large","max-video-preview":"max-video-preview:-1"},"canonical":"https:\/\/epochtimestr.com\/index.php\/silahsizlanma-ve-siyasallasma-alt-kurulu","og_locale":"tr_TR","og_type":"article","og_title":"\"Silahs\u0131zlanma ve Siyasalla\u015fma\" Alt Kurulu - The Epoch Times TR","og_description":"TBMM\u2019de kabul edilen \u00e7er\u00e7eve yasa kapsam\u0131nda kurulmas\u0131 planlanan \u201cSilahs\u0131zlanma ve Siyasalla\u015fma\" Alt Kurulunda Abdullah \u00d6calan da bulunacak.","og_url":"https:\/\/epochtimestr.com\/index.php\/silahsizlanma-ve-siyasallasma-alt-kurulu","og_site_name":"The Epoch Times TR","article_publisher":"https:\/\/www.facebook.com\/theepochtimestr","article_published_time":"2026-08-20T19:46:18+00:00","article_modified_time":"2026-08-20T19:46:20+00:00","og_image":[{"width":1600,"height":900,"url":"https:\/\/epochtimestr.com\/wp-content\/uploads\/2011y\/dem.webp","type":"image\/webp"}],"author":"Haber Merkezi","twitter_card":"summary_large_image","twitter_creator":"@TheEpochTimesTR","twitter_site":"@TheEpochTimesTR","twitter_misc":{"Yazan:":"Haber Merkezi","Tahmini okuma s\u00fcresi":"4 dakika"},"schema":{"@context":"https:\/\/schema.org","@graph":[{"@type":"Article","@id":"https:\/\/epochtimestr.com\/index.php\/silahsizlanma-ve-siyasallasma-alt-kurulu#article","isPartOf":{"@id":"https:\/\/epochtimestr.com\/index.php\/silahsizlanma-ve-siyasallasma-alt-kurulu"},"author":{"name":"Haber Merkezi","@id":"https:\/\/epochtimestr.com\/#\/schema\/person\/3dc5c3adeb9f43923c5aa85889172fdd"},"headline":"&#8220;Silahs\u0131zlanma ve Siyasalla\u015fma&#8221; Alt Kurulu","datePublished":"2026-08-20T19:46:18+00:00","dateModified":"2026-08-20T19:46:20+00:00","mainEntityOfPage":{"@id":"https:\/\/epochtimestr.com\/index.php\/silahsizlanma-ve-siyasallasma-alt-kurulu"},"wordCount":695,"commentCount":0,"publisher":{"@id":"https:\/\/epochtimestr.com\/#organization"},"image":{"@id":"https:\/\/epochtimestr.com\/index.php\/silahsizlanma-ve-siyasallasma-alt-kurulu#primaryimage"},"thumbnailUrl":"https:\/\/epochtimestr.com\/wp-content\/uploads\/2011y\/dem.webp","keywords":["Abdullah \u00d6calan","dem parti","Devlet bah\u00e7eli","\u0130mral\u0131 Heyeti","Pervin Buldan","tbmm"],"articleSection":["G\u00dcNDEM","MAN\u015eET","Siyaset"],"inLanguage":"tr","potentialAction":[{"@type":"CommentAction","name":"Comment","target":["https:\/\/epochtimestr.com\/index.php\/silahsizlanma-ve-siyasallasma-alt-kurulu#respond"]}]},{"@type":"WebPage","@id":"https:\/\/epochtimestr.com\/index.php\/silahsizlanma-ve-siyasallasma-alt-kurulu","url":"https:\/\/epochtimestr.com\/index.php\/silahsizlanma-ve-siyasallasma-alt-kurulu","name":"\"Silahs\u0131zlanma ve Siyasalla\u015fma\" Alt Kurulu - The Epoch Times TR","isPartOf":{"@id":"https:\/\/epochtimestr.com\/#website"},"primaryImageOfPage":{"@id":"https:\/\/epochtimestr.com\/index.php\/silahsizlanma-ve-siyasallasma-alt-kurulu#primaryimage"},"image":{"@id":"https:\/\/epochtimestr.com\/index.php\/silahsizlanma-ve-siyasallasma-alt-kurulu#primaryimage"},"thumbnailUrl":"https:\/\/epochtimestr.com\/wp-content\/uploads\/2011y\/dem.webp","datePublished":"2026-08-20T19:46:18+00:00","dateModified":"2026-08-20T19:46:20+00:00","description":"TBMM\u2019de kabul edilen \u00e7er\u00e7eve yasa kapsam\u0131nda kurulmas\u0131 planlanan \u201cSilahs\u0131zlanma ve Siyasalla\u015fma\" Alt Kurulunda Abdullah \u00d6calan da bulunacak.","inLanguage":"tr","potentialAction":[{"@type":"ReadAction","target":["https:\/\/epochtimestr.com\/index.php\/silahsizlanma-ve-siyasallasma-alt-kurulu"]}]},{"@type":"ImageObject","inLanguage":"tr","@id":"https:\/\/epochtimestr.com\/index.php\/silahsizlanma-ve-siyasallasma-alt-kurulu#primaryimage","url":"https:\/\/epochtimestr.com\/wp-content\/uploads\/2011y\/dem.webp","contentUrl":"https:\/\/epochtimestr.com\/wp-content\/uploads\/2011y\/dem.webp","width":1600,"height":900},{"@type":"WebSite","@id":"https:\/\/epochtimestr.com\/#website","url":"https:\/\/epochtimestr.com\/","name":"The Epoch Times TR","description":"De\u011fi\u015fen D\u00fcnyam\u0131za Taze Bir Bak\u0131\u015f","publisher":{"@id":"https:\/\/epochtimestr.com\/#organization"},"potentialAction":[{"@type":"SearchAction","target":{"@type":"EntryPoint","urlTemplate":"https:\/\/epochtimestr.com\/?s={search_term_string}"},"query-input":"required name=search_term_string"}],"inLanguage":"tr"},{"@type":"Organization","@id":"https:\/\/epochtimestr.com\/#organization","name":"The EpochTimes T\u00fcrkiye","url":"https:\/\/epochtimestr.com\/","logo":{"@type":"ImageObject","inLanguage":"tr","@id":"https:\/\/epochtimestr.com\/#\/schema\/logo\/image\/","url":"https:\/\/epochtimestr.com\/wp-content\/uploads\/2011y\/ET-Logo-YG.jpg","contentUrl":"https:\/\/epochtimestr.com\/wp-content\/uploads\/2011y\/ET-Logo-YG.jpg","width":346,"height":29,"caption":"The EpochTimes T\u00fcrkiye"},"image":{"@id":"https:\/\/epochtimestr.com\/#\/schema\/logo\/image\/"},"sameAs":["https:\/\/www.facebook.com\/theepochtimestr","https:\/\/x.com\/TheEpochTimesTR","https:\/\/www.instagram.com\/epochtimestr"]},{"@type":"Person","@id":"https:\/\/epochtimestr.com\/#\/schema\/person\/3dc5c3adeb9f43923c5aa85889172fdd","name":"Haber Merkezi","image":{"@type":"ImageObject","inLanguage":"tr","@id":"https:\/\/epochtimestr.com\/#\/schema\/person\/image\/","url":"https:\/\/secure.gravatar.com\/avatar\/d73f772ba5a74f28601361e17c2f93e6?s=96&d=mm&r=g","contentUrl":"https:\/\/secure.gravatar.com\/avatar\/d73f772ba5a74f28601361e17c2f93e6?s=96&d=mm&r=g","caption":"Haber Merkezi"},"url":"https:\/\/epochtimestr.com\/index.php\/author\/sendag"}]}},"_links":{"self":[{"href":"https:\/\/epochtimestr.com\/index.php\/wp-json\/wp\/v2\/posts\/170677"}],"collection":[{"href":"https:\/\/epochtimestr.com\/index.php\/wp-json\/wp\/v2\/posts"}],"about":[{"href":"https:\/\/epochtimestr.com\/index.php\/wp-json\/wp\/v2\/types\/post"}],"author":[{"embeddable":true,"href":"https:\/\/epochtimestr.com\/index.php\/wp-json\/wp\/v2\/users\/12791"}],"replies":[{"embeddable":true,"href":"https:\/\/epochtimestr.com\/index.php\/wp-json\/wp\/v2\/comments?post=170677"}],"version-history":[{"count":2,"href":"https:\/\/epochtimestr.com\/index.php\/wp-json\/wp\/v2\/posts\/170677\/revisions"}],"predecessor-version":[{"id":170689,"href":"https:\/\/epochtimestr.com\/index.php\/wp-json\/wp\/v2\/posts\/170677\/revisions\/170689"}],"wp:featuredmedia":[{"embeddable":true,"href":"https:\/\/epochtimestr.com\/index.php\/wp-json\/wp\/v2\/media\/170679"}],"wp:attachment":[{"href":"https:\/\/epochtimestr.com\/index.php\/wp-json\/wp\/v2\/media?parent=170677"}],"wp:term":[{"taxonomy":"category","embeddable":true,"href":"https:\/\/epochtimestr.com\/index.php\/wp-json\/wp\/v2\/categories?post=170677"},{"taxonomy":"post_tag","embeddable":true,"href":"https:\/\/epochtimestr.com\/index.php\/wp-json\/wp\/v2\/tags?post=170677"}],"curies":[{"name":"wp","href":"https:\/\/api.w.org\/{rel}","templated":true}]}}