{"id":170681,"date":"2026-08-21T10:58:20","date_gmt":"2026-08-21T07:58:20","guid":{"rendered":"https:\/\/epochtimestr.com\/?p=170681"},"modified":"2026-08-21T10:58:23","modified_gmt":"2026-08-21T07:58:23","slug":"meb-yeni-egitim-ve-ogretim-yilina-iliskin-genelge-yayimladi","status":"publish","type":"post","link":"https:\/\/epochtimestr.com\/index.php\/meb-yeni-egitim-ve-ogretim-yilina-iliskin-genelge-yayimladi","title":{"rendered":"MEB Yeni E\u011fitim ve \u00d6\u011fretim Y\u0131l\u0131na \u0130li\u015fkin Genelge Yay\u0131mlad\u0131"},"content":{"rendered":"<div class=\"wp-block-image\">\n<figure class=\"aligncenter size-full\"><img loading=\"lazy\" decoding=\"async\" width=\"600\" height=\"400\" src=\"https:\/\/epochtimestr.com\/wp-content\/uploads\/2011y\/866318638.png\" alt=\"MEB yeni e\u011fitim ve \u00f6\u011fretim y\u0131l\u0131na ili\u015fkin genelge yay\u0131mlad\u0131. (Foto\u011fraf: MEB web sitesi)\" class=\"wp-image-164475\" srcset=\"https:\/\/epochtimestr.com\/wp-content\/uploads\/2011y\/866318638.png 600w, https:\/\/epochtimestr.com\/wp-content\/uploads\/2011y\/866318638-300x200.png 300w, https:\/\/epochtimestr.com\/wp-content\/uploads\/2011y\/866318638-150x100.png 150w\" sizes=\"(max-width: 600px) 100vw, 600px\" \/><figcaption class=\"wp-element-caption\">MEB yeni e\u011fitim ve \u00f6\u011fretim y\u0131l\u0131na ili\u015fkin genelge yay\u0131mlad\u0131. (Foto\u011fraf: MEB web sitesi)<\/figcaption><\/figure><\/div>\n\n\n<h2 class=\"wp-block-heading\">Yeni e\u011fitim ve \u00f6\u011fretim y\u0131l\u0131na ili\u015fkin genelgede, \u00f6\u011fretmenlere \u00f6nl\u00fck zorunlulu\u011fu getirildi\u011fi, d\u0131\u015far\u0131dan s\u0131navlara izin verilmeyece\u011fi ve velilerin randevusuz okula giremeyece\u011fi kaydedildi.<\/h2>\n\n\n\n<p>Mill\u00ee E\u011fitim Bakanl\u0131\u011f\u0131&#8217;na (MEB) ba\u011fl\u0131 resm\u00ee ve \u00f6zel okul ve kurumlarda e\u011fitim ile \u00f6\u011fretim faaliyetlerinin uygulanmas\u0131na ili\u015fkin \u201c2026-2027 E\u011fitim ve \u00d6\u011fretim Y\u0131l\u0131na \u0130li\u015fkin \u0130\u015f ve \u0130\u015flemler\u201d konulu <a href=\"https:\/\/epochtimestr.com\/index.php\/cumhurbaskani-recep-tayyip-erdogan-tasarruf-tedbirleri-genelgesi-yayimladi\" target=\"_blank\" rel=\"noreferrer noopener\">genelge<\/a> <a href=\"https:\/\/www.meb.gov.tr\/2026-2027-egitim-ve-ogretim-yilina-iliskin-is-ve-islemler-konulu-genelge-yayimlandi\/haber\/41673\/tr\" target=\"_blank\" rel=\"noreferrer noopener\">yay\u0131mland\u0131<\/a>. Mill\u00ee E\u011fitim Bakan\u0131 <a href=\"https:\/\/epochtimestr.com\/index.php\/yusuf-tekin-osmanli-ile-cumhuriyeti-baristirmaliyiz\" target=\"_blank\" rel=\"noreferrer noopener\">Yusuf Tekin<\/a> imzas\u0131yla yay\u0131mlanan genelge, 81 ile g\u00f6nderildi. Meclis\u2019te kabul edilen \u00c7er\u00e7eve Yasa\u2019n\u0131n ard\u0131ndan yasala\u015fan s\u00fcre\u00e7, Bakanl\u0131\u011f\u0131n hedeflerinden biri olacak.<\/p>\n\n\n\n<p><strong>Genelgede yap\u0131lan a\u00e7\u0131klamada \u015funlar kaydedildi:<\/strong><\/p>\n\n\n\n<p>Genelgeye g\u00f6re &#8220;T\u00fcrkiye Y\u00fczy\u0131l\u0131&#8221; vizyonu ve devletin hedefleri do\u011frultusunda, Gazi Meclisin ortak iradesiyle kabul edilen Mill\u00ee Dayan\u0131\u015fma ve Toplumsal B\u00fct\u00fcnle\u015fmenin G\u00fc\u00e7lendirilmesine Dair Kanun ile ortaya konulan mill\u00ee duru\u015f, Bakanl\u0131\u011f\u0131n tavizsiz en temel \u00f6nceliklerinden biri ve e\u011fitim ve \u00f6\u011fretim s\u00fcre\u00e7lerinin ana hedeflerinden olacak.<\/p>\n\n\n\n<p>1739 say\u0131l\u0131 Mill\u00ee E\u011fitim Temel Kanunu&#8217;nun genel ama\u00e7lar\u0131 ba\u015fta olmak \u00fczere T\u00fcrk Mill\u00ee E\u011fitiminin temel ilkeleri \u00e7er\u00e7evesinde ve T\u00fcrkiye Y\u00fczy\u0131l\u0131 Maarif Modeli&#8217;nin b\u00fct\u00fcnc\u00fcl ruhuna uygun olarak evlatlar\u0131n hi\u00e7bir ayr\u0131m g\u00f6zetilmeksizin, anayasal vatanda\u015fl\u0131k anlay\u0131\u015f\u0131 ve e\u015fitlik ilkesi temelinde, mill\u00ee birlik ve beraberli\u011fe, vatana ve karde\u015flik hukukuna sahip \u00e7\u0131kacak \u015fuurda yeti\u015ftirilmeleri mutlak surette sa\u011flanacak. Bu ama\u00e7 do\u011frultusunda 2026-2027 e\u011fitim ve \u00f6\u011fretim y\u0131l\u0131n\u0131n ilk haftas\u0131 ve y\u0131l boyunca Bakanl\u0131k\u00e7a haz\u0131rlanan uygulama k\u0131lavuzlar\u0131 do\u011frultusunda etkinlikler planlanacak ve ger\u00e7ekle\u015ftirilecek.<\/p>\n\n\n\n<h3 class=\"wp-block-heading\">&#8220;G\u00fcvenli Okul \u0130klimi&#8221; kapsam\u0131nda e\u011fitim kurumlar\u0131nda tedbirler eksiksiz uygulanacak<\/h3>\n\n\n\n<p>Sa\u011fl\u0131kl\u0131 ve g\u00fcvenli okul ikliminin tavizsiz bir \u015fekilde korunmas\u0131 amac\u0131yla &#8220;Okullarda G\u00fcvenlik \u00d6nlemlerinin Al\u0131nmas\u0131&#8221; konulu Genelge, &#8220;\u00c7ocuklar\u0131n E\u011fitim S\u00fcre\u00e7lerinin G\u00fcvenli\u011fine \u0130li\u015fkin Koruyucu ve \u00d6nleyici Hizmet ve Tedbirlerin Art\u0131r\u0131lmas\u0131na Y\u00f6nelik \u0130\u015f Birli\u011fi Protokol\u00fc&#8221; ve \u0130\u00e7i\u015fleri Bakanl\u0131\u011f\u0131n\u0131n &#8220;Okul ve \u00c7evresi G\u00fcvenlik Tedbirleri&#8221; konulu yaz\u0131s\u0131 h\u00fck\u00fcmleri eksiksiz olarak uygulanacak, denetimler rutin aral\u0131klarla s\u00fcrd\u00fcr\u00fclecek.<\/p>\n\n\n\n<p>\u0130l ve il\u00e7e y\u00fcr\u00fctme kurullar\u0131 e\u011fitim \u00f6\u011fretim y\u0131l\u0131 ba\u015f\u0131nda toplanarak g\u00f6rev ve sorumluluklar\u0131, okul ve \u00e7evresine y\u00f6nelik olas\u0131 riskleri g\u00f6zden ge\u00e7irecek ve planlamalar yapacak. Okul ortamlar\u0131nda giri\u015f-\u00e7\u0131k\u0131\u015flar kontroll\u00fc sa\u011flanacak, yaya ve ara\u00e7 trafi\u011fi ayr\u0131lacak, k\u00f6r noktalar ayd\u0131nlat\u0131lacak, acil durumlarda h\u0131zl\u0131 ve g\u00fcvenli tahliyeyi sa\u011flayacak bak\u0131m ve onar\u0131m \u00e7al\u0131\u015fmalar\u0131 ivedilikle tamamlanacak.<\/p>\n\n\n\n<p>Okulun ve \u00f6\u011frencilerin g\u00fcvenli\u011fini tehdit edebilecek hususlara ili\u015fkin ihbar ve \u015fik\u00e2yetler de\u011ferlendirilerek derhal \u00f6nlem al\u0131nacak. Olumsuz davran\u0131\u015flar\u0131n fiil ve su\u00e7a d\u00f6n\u00fc\u015fmesini engellemek \u00fczere ilgili kurumlarla e\u015f g\u00fcd\u00fcm h\u00e2linde t\u00fcm koruyucu ve \u00f6nleyici tedbirler hayata ge\u00e7irilecek, bu hususta en ufak bir idari zafiyete veya ihmale kesinlikle m\u00fcsaade edilmeyecek.<\/p>\n\n\n\n<p>Veli g\u00f6r\u00fc\u015fmeleri, \u00fclke genelinde yaln\u0131zca &#8220;Okul Randevu Sistemi&#8221; \u00fczerinden planlanarak y\u00fcr\u00fct\u00fclecek. Velilerin randevusuz ziyaretlerine ve \u00f6\u011frencinin velisi veya vasisi olmayan ki\u015filerin okula giri\u015fine izin verilmeyecek. \u00d6\u011fretmenlerin mesleki haklar\u0131n\u0131n korunmas\u0131 ve g\u00fcvenli e\u011fitim ortamlar\u0131n\u0131n s\u00fcrd\u00fcr\u00fclmesi amac\u0131yla bu uygulama, t\u00fcm e\u011fitim kurumlar\u0131nda istisnas\u0131z uygulanacak.<\/p>\n\n\n\n<p>E\u011fitim kurumu y\u00f6neticileri, \u00f6\u011fretmenler ve e\u011fitim \u00e7al\u0131\u015fanlar\u0131 g\u00f6revlerini yerine getirirken \u00f6\u011fretmenlik mesle\u011finin sayg\u0131nl\u0131\u011f\u0131n\u0131, temsil sorumlulu\u011funu ve \u00f6\u011frencilere \u00f6rnek olma niteli\u011fini g\u00f6zetecek; k\u0131l\u0131k ve k\u0131yafetlerinde mesle\u011fin vakar\u0131na, kamu hizmetinin ciddiyetine ve toplumsal hassasiyetlere uygun hareket edecek ve \u00f6nl\u00fck giyecek. Bu kapsamda e\u011fitim ve \u00f6\u011fretim y\u0131l\u0131 ba\u015f\u0131nda yap\u0131lacak \u00f6\u011fretmenler kurulunda gerekli bilgilendirmeler yap\u0131lacak olup uygulama, mill\u00ee e\u011fitim m\u00fcd\u00fcrl\u00fcklerince takip edilecek ve mevzuata ayk\u0131r\u0131 davran\u0131\u015flara izin verilmeyecek.<\/p>\n\n\n<div class=\"wp-block-image\">\n<figure class=\"aligncenter size-large\"><img loading=\"lazy\" decoding=\"async\" width=\"600\" height=\"319\" src=\"https:\/\/epochtimestr.com\/wp-content\/uploads\/2011y\/meb-teog-yerlestirme-esas-puani-aciklandiiste-teog-sonuclari-689768-664x354-600x319.jpg\" alt=\"(Foto\u011fraf: MEB x hesab\u0131)\" class=\"wp-image-85901\" srcset=\"https:\/\/epochtimestr.com\/wp-content\/uploads\/2011y\/meb-teog-yerlestirme-esas-puani-aciklandiiste-teog-sonuclari-689768-664x354.jpg 600w, https:\/\/epochtimestr.com\/wp-content\/uploads\/2011y\/meb-teog-yerlestirme-esas-puani-aciklandiiste-teog-sonuclari-689768-664x354-150x80.jpg 150w, https:\/\/epochtimestr.com\/wp-content\/uploads\/2011y\/meb-teog-yerlestirme-esas-puani-aciklandiiste-teog-sonuclari-689768-664x354-300x160.jpg 300w, https:\/\/epochtimestr.com\/wp-content\/uploads\/2011y\/meb-teog-yerlestirme-esas-puani-aciklandiiste-teog-sonuclari-689768-664x354-292x155.jpg 292w, https:\/\/epochtimestr.com\/wp-content\/uploads\/2011y\/meb-teog-yerlestirme-esas-puani-aciklandiiste-teog-sonuclari-689768-664x354-190x100.jpg 190w\" sizes=\"(max-width: 600px) 100vw, 600px\" \/><figcaption class=\"wp-element-caption\">                                                   (Foto\u011fraf: MEB x hesab\u0131)<\/figcaption><\/figure><\/div>\n\n\n<h3 class=\"wp-block-heading\">e-Okul i\u015fleminin otomatik olarak ger\u00e7ekle\u015fen okul kay\u0131tlar\u0131ndan dolay\u0131 velilerin kay\u0131t \u00fccreti \u00f6demesi s\u00f6z konusu olmayacak. <\/h3>\n\n\n\n<p>\u00d6\u011frenci kay\u0131t i\u015flemleri &#8220;2026-2027 E\u011fitim ve \u00d6\u011fretim Y\u0131l\u0131 Adrese Dayal\u0131 Kay\u0131t Sistemi (e-Kay\u0131t) Usul ve Esaslar\u0131&#8221; gere\u011fince y\u00fcr\u00fct\u00fclecek, \u00f6\u011fretmen norm da\u011f\u0131l\u0131m\u0131n\u0131n olumsuz etkilenmemesi, okullardaki s\u0131n\u0131f mevcutlar\u0131n\u0131n dengeli bir \u015fekilde da\u011f\u0131l\u0131m\u0131n\u0131n yap\u0131labilmesi, f\u0131rsat e\u015fitli\u011finin sa\u011flanabilmesi, okullar\u0131n tam kapasiteyle kullan\u0131m\u0131 gibi nedenler dolay\u0131s\u0131yla kay\u0131t b\u00f6lgesi s\u0131n\u0131rlamalar\u0131na kesinlikle uygun davran\u0131lacak ve kay\u0131t b\u00f6lgeleri d\u0131\u015f\u0131ndan \u00f6\u011frenci kayd\u0131 yap\u0131lmayacak. Okul kay\u0131tlar\u0131, elektronik ortamda otomatik olarak e-Okul \u00fczerinden yap\u0131lmaktad\u0131r. Bu kapsamda velilerin ayr\u0131ca okul idaresiyle kay\u0131t konusunda ileti\u015fim kurmas\u0131na gerek kalmad\u0131\u011f\u0131ndan, kay\u0131t paras\u0131 veya ba\u015fka ad alt\u0131nda zorunlu \u00fccret talep edilmesi m\u00fcmk\u00fcn olmayacak. Velilerden kay\u0131tlara ili\u015fkin herhangi bir \u00fccret istendi\u011fine dair \u015fik\u00e2yetler gelmesi h\u00e2linde bu ba\u015fvurular \u00f6zenle takip edilerek gere\u011fi yap\u0131lacak.<\/p>\n\n\n\n<p><strong>Okullarda cep telefonu kullan\u0131lmamas\u0131 uygulamas\u0131na devam edilecek<\/strong><\/p>\n\n\n\n<p>\u00d6\u011frencilerin dijital imk\u00e2nlardan do\u011fru bir \u015fekilde yararlanmas\u0131na y\u00f6nelik rehberlik \u00e7al\u0131\u015fmalar\u0131na a\u011f\u0131rl\u0131k verilecek, dijital ba\u011f\u0131ml\u0131l\u0131\u011fa neden olan etkenlere y\u00f6nelik fark\u0131ndal\u0131klar\u0131 art\u0131r\u0131lacak. \u00d6\u011frencilerin s\u0131n\u0131f i\u00e7inde cep telefonu bulundurmamalar\u0131na ili\u015fkin uygulamaya devam edilecek, \u00f6\u011fretmenler de s\u0131n\u0131f i\u00e7inde cep telefonu kullanmayacak. \u00d6dev verme ya da bilgilendirmelerde Bakanl\u0131\u011f\u0131n belirledi\u011fi dijital platformlar\/uygulamalar haricindeki ara\u00e7lar\u0131n kullan\u0131m\u0131ndan ka\u00e7\u0131n\u0131larak bu hususta \u00f6\u011frencilere ve velilere gerekli y\u00f6nlendirmeler yap\u0131lacak.<\/p>\n\n\n\n<p>\u00d6\u011frencilerin dijital d\u00fcnyada g\u00fcvenli, bilin\u00e7li, sorumlu ve de\u011fer temelli bir yakla\u015f\u0131mla hareket eden bireyler olarak yeti\u015fmelerini desteklemek; \u00e7evrim i\u00e7i haklar, dijital mahremiyet, siber g\u00fcvenlik, dijital etik, duygu fark\u0131ndal\u0131\u011f\u0131 ve dijital esenlik konular\u0131ndaki bilgi, beceri ve fark\u0131ndal\u0131klar\u0131n\u0131 geli\u015ftirmek amac\u0131yla &#8220;Duygu-De\u011fer Temelli Dijital Esenlik Projesi&#8221; kapsam\u0131nda haz\u0131rlanan e\u011fitim i\u00e7eriklerinden e\u011fitim ve \u00f6\u011fretim s\u00fcre\u00e7lerinde etkin \u015fekilde yararlan\u0131lacak.<\/p>\n\n\n\n<p>Okul \u00f6ncesi e\u011fitim, ilkokul 1. s\u0131n\u0131f ve ortaokul 5. s\u0131n\u0131f \u00f6\u011frencilerine y\u00f6nelik uyum e\u011fitimleri, Bakanl\u0131k\u00e7a belirlenen takvim ve program \u00e7er\u00e7evesinde ger\u00e7ekle\u015ftirilecek. Okul \u00f6ncesi e\u011fitim ve ilkokul 1. s\u0131n\u0131f \u00f6\u011frencilerine y\u00f6nelik aile etkinliklerinde ailenin s\u00fcrece etkin kat\u0131l\u0131m\u0131 esas al\u0131nacak. \u0130lkokul 1. s\u0131n\u0131f \u00f6\u011frencilerinin okuma bayram\u0131 etkinlikleri ise okuldaki t\u00fcm 1. s\u0131n\u0131f \u00f6\u011frencilerini kapsayacak \u015fekilde may\u0131s ay\u0131 i\u00e7inde planlanacak.<\/p>\n\n\n\n<figure class=\"wp-block-embed is-type-rich is-provider-x wp-block-embed-x\"><div class=\"wp-block-embed__wrapper\">\n<blockquote class=\"twitter-tweet\" data-width=\"550\" data-dnt=\"true\"><p lang=\"tr\" dir=\"ltr\">\ud83d\udce2 Mill\u00ee E\u011fitim Bakan\u0131 <a href=\"https:\/\/x.com\/Yusuf__Tekin?ref_src=twsrc%5Etfw\">@Yusuf__Tekin<\/a> \u0130mzas\u0131yla \u0130llere G\u00f6nderilen \u201c2026-2027 E\u011fitim ve \u00d6\u011fretim Y\u0131l\u0131na \u0130li\u015fkin \u0130\u015f ve \u0130\u015flemler\u201d Konulu Genelge, Yay\u0131mland\u0131<br><br>2023 y\u0131l\u0131ndan bu yana e\u011fitim \u00f6\u011fretim hizmetlerinin ger\u00e7ekle\u015fmesinde usul, esas ve \u00fclk\u00fc birli\u011fi olu\u015fturmak gayesiyle her e\u011fitim\u2026 <a href=\"https:\/\/t.co\/9uK9z1ghvH\">pic.twitter.com\/9uK9z1ghvH<\/a><\/p>&mdash; T.C. Mill\u00ee E\u011fitim Bakanl\u0131\u011f\u0131 (@tcmeb) <a href=\"https:\/\/x.com\/tcmeb\/status\/2089984743467028963?ref_src=twsrc%5Etfw\">August 19, 2026<\/a><\/blockquote><script async src=\"https:\/\/platform.x.com\/widgets.js\" charset=\"utf-8\"><\/script>\n<\/div><\/figure>\n\n\n\n<h3 class=\"wp-block-heading\">2026-2027 E\u011fitim ve \u00d6\u011fretim Y\u0131l\u0131nda &#8220;Maarifin Kalbinde Oyun&#8221; temas\u0131 esas al\u0131nacak<\/h3>\n\n\n\n<p>2026-2027 e\u011fitim ve \u00f6\u011fretim y\u0131l\u0131nda, T\u00fcrkiye Y\u00fczy\u0131l\u0131 Maarif Modeli&#8217;nin b\u00fct\u00fcnc\u00fcl e\u011fitim anlay\u0131\u015f\u0131 do\u011frultusunda &#8220;Maarifin Kalbinde Oyun&#8221; temas\u0131 esas al\u0131nacak. Oyunun \u00e7ocu\u011fun \u00f6\u011frenme, geli\u015fim, sosyalle\u015fme, \u00fcretme ve kendini ifade etme s\u00fcre\u00e7lerinin ayr\u0131lmaz bir par\u00e7as\u0131 oldu\u011fu anlay\u0131\u015f\u0131yla ya\u015f ve geli\u015fim \u00f6zelliklerine uygun, g\u00fcvenli ve kapsay\u0131c\u0131 oyun etkinliklerine ve geleneksel \u00e7ocuk oyunlar\u0131na e\u011fitim s\u00fcre\u00e7lerinde yer verilecek. Bu \u00e7er\u00e7evede yap\u0131lacak planlama ve uygulamalar, &#8220;Mill\u00ee E\u011fitim Bakanl\u0131\u011f\u0131 Oyun Politika Belgesi&#8221; ilke ve esaslar\u0131na uygun \u015fekilde y\u00fcr\u00fct\u00fclecek.<\/p>\n\n\n\n<p>Bakanl\u0131\u011f\u0131n en \u00f6nemli payda\u015flar\u0131ndan olan ailelerin e\u011fitim s\u00fcrecine etkin kat\u0131l\u0131m\u0131n\u0131n ve \u00e7ocuklar\u0131n geli\u015fimlerinin ev ortam\u0131nda da desteklenmesi amac\u0131yla okul-aile i\u015f birli\u011fi g\u00fc\u00e7lendirilecek. &#8220;Ailemle E\u011fitim Yolculu\u011fum&#8221; \u00e7al\u0131\u015fmalar\u0131, Bakanl\u0131k\u00e7a haz\u0131rlanan uygulama k\u0131lavuzlar\u0131 ve etkinlik kitaplar\u0131nda yer alan usul ve esaslar do\u011frultusunda etkin \u015fekilde y\u00fcr\u00fct\u00fclecek, okul \u00f6ncesi aile e\u011fitim b\u00fcltenleri velilere d\u00fczenli olarak ula\u015ft\u0131r\u0131lacak.<\/p>\n\n\n\n<p>T\u00fcrkiye Y\u00fczy\u0131l\u0131 Maarif Modeli kapsam\u0131nda T\u00fcrk d\u00fcnyas\u0131 ve g\u00f6n\u00fcl co\u011frafyas\u0131n\u0131n ortak tarih, k\u00fclt\u00fcr ve medeniyet birikimini yans\u0131tan de\u011ferlerin \u00f6\u011frenciler taraf\u0131ndan benimsenmesi, birlik ve beraberlik bilincinin g\u00fc\u00e7lendirilmesi amac\u0131yla bu y\u0131l ortaokul kademesinde &#8220;Hakan ile Bilge&#8217;nin T\u00fcrk D\u00fcnyas\u0131 Yolculu\u011fu&#8221;, orta\u00f6\u011fretim kademesinde ise &#8220;T\u00fcrk D\u00fcnyas\u0131 K\u00fclt\u00fcr Atlas\u0131, Bilge ve Hakan&#8217;\u0131n Zaman\u0131 A\u015fan Yolculu\u011fu&#8221; adl\u0131 materyaller, \u00fccretsiz da\u011f\u0131t\u0131lan ders kitaplar\u0131yla birlikte s\u0131ralarda yerini alacak.&nbsp;<\/p>\n\n\n\n<p>\u00d6\u011frencilerin \u00f6\u011frenmelerini ger\u00e7ek ya\u015famla ili\u015fkilendirmeleri, yaparak ve ya\u015fayarak \u00f6\u011frenmeleri, farkl\u0131 \u00f6\u011frenme deneyimleri edinmeleri, i\u00e7inde ya\u015fad\u0131klar\u0131 toplumu ve co\u011frafyay\u0131 \u00f6ncelikle \u00f6\u011frenmelerini desteklemek amac\u0131yla okul d\u0131\u015f\u0131 \u00f6\u011frenme ortamlar\u0131 e\u011fitim ve \u00f6\u011fretim s\u00fcre\u00e7lerine etkin \u015fekilde d\u00e2hil edilecek ve &#8220;Okul D\u0131\u015f\u0131 \u00d6\u011frenme Ortamlar\u0131 Dijital Platformu&#8221;nda yer alan i\u00e7eriklerden yararlan\u0131lacak.<\/p>\n\n\n<div class=\"wp-block-image\">\n<figure class=\"aligncenter size-large\"><img loading=\"lazy\" decoding=\"async\" width=\"1515\" height=\"1200\" src=\"https:\/\/epochtimestr.com\/wp-content\/uploads\/2011y\/yusuf-tekin-etimesgut-okulu-1515x1200.jpg\" alt=\"(Foto\u011fraf: MEB x hesab\u0131)\" class=\"wp-image-152380\" srcset=\"https:\/\/epochtimestr.com\/wp-content\/uploads\/2011y\/yusuf-tekin-etimesgut-okulu-1515x1200.jpg 1515w, https:\/\/epochtimestr.com\/wp-content\/uploads\/2011y\/yusuf-tekin-etimesgut-okulu-300x238.jpg 300w, https:\/\/epochtimestr.com\/wp-content\/uploads\/2011y\/yusuf-tekin-etimesgut-okulu-150x119.jpg 150w, https:\/\/epochtimestr.com\/wp-content\/uploads\/2011y\/yusuf-tekin-etimesgut-okulu-768x608.jpg 768w, https:\/\/epochtimestr.com\/wp-content\/uploads\/2011y\/yusuf-tekin-etimesgut-okulu-1536x1217.jpg 1536w, https:\/\/epochtimestr.com\/wp-content\/uploads\/2011y\/yusuf-tekin-etimesgut-okulu-279x220.jpg 279w, https:\/\/epochtimestr.com\/wp-content\/uploads\/2011y\/yusuf-tekin-etimesgut-okulu.jpg 2048w\" sizes=\"(max-width: 1515px) 100vw, 1515px\" \/><figcaption class=\"wp-element-caption\">                                                                                (Foto\u011fraf: MEB x hesab\u0131)<\/figcaption><\/figure><\/div>\n\n\n<h3 class=\"wp-block-heading\">Kutlamalarda pedagojik ve etik ilkeler g\u00f6zetilecek<\/h3>\n\n\n\n<p>Okullarda ger\u00e7ekle\u015ftirilecek t\u00f6ren, kutlama, anma g\u00fcn\u00fc, mezuniyet ve benzeri etkinliklerde kullan\u0131lacak m\u00fczik, video, bro\u015f\u00fcr, pankart ve di\u011fer materyaller Y\u00f6netmelik h\u00fck\u00fcmleri do\u011frultusunda kurulan Eser \u0130nceleme ve Se\u00e7me Kurulu onay\u0131yla belirlenecek. Sosyal medya payla\u015f\u0131mlar\u0131nda pedagojik ve etik ilkelere riayet edilecek. Mezuniyet etkinlikleri toplumsal de\u011ferler ve \u00f6\u011frenci kimli\u011fiyle uyumlu olacak ve velilere ilave mali y\u00fck getirmeyecek \u015fekilde planlanarak y\u00fcr\u00fct\u00fclecek. Bakanl\u0131\u011f\u0131n &#8220;Mezuniyet G\u00fcn\u00fc Etkinlikleri&#8221; konulu Genelgesi ile belirtilen hususlara ayk\u0131r\u0131 uygulamalara izin verilmeyecek.<\/p>\n\n\n\n<p>\u00d6zel \u00f6\u011fretim kurumlar\u0131nda g\u00f6rev yapan e\u011fitim personeli ve di\u011fer personelin, ilgili mevzuat kapsam\u0131nda s\u00f6zle\u015fmeyle belirlenen \u00f6zl\u00fck haklar\u0131n\u0131n kurumlar taraf\u0131ndan yerine getirilip getirilmedi\u011fi denetlenecek, bu kapsamdaki \u015fik\u00e2yetler titizlikle takip edilip sonu\u00e7land\u0131r\u0131lacak.<\/p>\n\n\n\n<p>Bakanl\u0131k\u00e7a \u00fccretsiz da\u011f\u0131t\u0131lan kaynaklar d\u0131\u015f\u0131ndaki materyaller okul ve kurumlarda kulland\u0131r\u0131lmayacak. \u00d6\u011frenci ihtiya\u00e7lar\u0131n\u0131n temininde veliler, belirli markalara ve y\u00fcksek maliyetli ithal k\u0131rtasiye setlerine mecbur b\u0131rak\u0131lmayacak, bunun yerine \u00fclkenin \u00fcretim kapasitesini destekleyecek yerli \u00fcr\u00fcnlerin kullan\u0131m\u0131na imk\u00e2n sa\u011flanacak. Velilere maddi y\u00fck olu\u015fturacak her t\u00fcrl\u00fc uygulamadan ka\u00e7\u0131n\u0131lacak; okullarda y\u00f6nlendirme, reklam ve tan\u0131t\u0131m organizasyonlar\u0131na kesinlikle m\u00fcsaade edilmeyecek.<\/p>\n\n\n<div class=\"wp-block-image\">\n<figure class=\"aligncenter size-large\"><img loading=\"lazy\" decoding=\"async\" width=\"1802\" height=\"1200\" src=\"https:\/\/epochtimestr.com\/wp-content\/uploads\/2011y\/okul-1-1802x1200.jpg\" alt=\"(Foto\u011fraf: MEB x hesab\u0131)\" class=\"wp-image-153828\" srcset=\"https:\/\/epochtimestr.com\/wp-content\/uploads\/2011y\/okul-1-1802x1200.jpg 1802w, https:\/\/epochtimestr.com\/wp-content\/uploads\/2011y\/okul-1-300x200.jpg 300w, https:\/\/epochtimestr.com\/wp-content\/uploads\/2011y\/okul-1-150x100.jpg 150w, https:\/\/epochtimestr.com\/wp-content\/uploads\/2011y\/okul-1-768x512.jpg 768w, https:\/\/epochtimestr.com\/wp-content\/uploads\/2011y\/okul-1-1536x1023.jpg 1536w, https:\/\/epochtimestr.com\/wp-content\/uploads\/2011y\/okul-1.jpg 2048w\" sizes=\"(max-width: 1802px) 100vw, 1802px\" \/><figcaption class=\"wp-element-caption\">                                                                                     (Foto\u011fraf: MEB x hesab\u0131)<\/figcaption><\/figure><\/div>\n\n\n<h3 class=\"wp-block-heading\">Bakanl\u0131k d\u0131\u015f\u0131nda haz\u0131rlanan s\u0131nav niteli\u011findeki uygulamalar\u0131n okullarda yap\u0131lmas\u0131na izin verilmeyecek.<\/h3>\n\n\n\n<p>T\u00fcm e\u011fitim kademelerinde Bakanl\u0131k\u00e7a belirlenen ortak s\u0131nav uygulamalar\u0131 ile Bakanl\u0131k taraf\u0131ndan haz\u0131rlanan \u00f6l\u00e7me ve de\u011ferlendirme ara\u00e7lar\u0131 d\u0131\u015f\u0131nda il, il\u00e7e, okul veya s\u0131n\u0131f genelinde \u00f6\u011frencileri birbirleriyle yar\u0131\u015ft\u0131ran, s\u0131ralamaya tabi tutan ya da velilere ilave mali y\u00fck getiren deneme s\u0131nav\u0131, haz\u0131r bulunu\u015fluk uygulamas\u0131, tarama s\u0131nav\u0131 ve benzeri s\u0131navlar\u0131n okullarda uygulanmas\u0131na veya \u00f6\u011frencilere sat\u0131n ald\u0131r\u0131lmas\u0131na izin verilmeyecek. \u00d6zel yay\u0131nevleri veya di\u011fer ki\u015fi ve kurulu\u015flar taraf\u0131ndan bu ama\u00e7la haz\u0131rlanan s\u0131navlar da ayn\u0131 kapsamda de\u011ferlendirilecek. Bakanl\u0131\u011f\u0131n \u00f6l\u00e7me ve de\u011ferlendirme politikalar\u0131yla \u00f6rt\u00fc\u015fmeyen ve \u00f6\u011frencilerin akademik, sosyal ve duygusal geli\u015fimlerini olumsuz y\u00f6nde etkileyebilecek, ad\u0131 veya niteli\u011fi ne olursa olsun Bakanl\u0131k d\u0131\u015f\u0131nda haz\u0131rlanan ve organize edilen s\u0131nav niteli\u011fi ta\u015f\u0131yan hi\u00e7bir uygulaman\u0131n okullarda yap\u0131lmas\u0131na izin verilmeyecek.<\/p>\n\n\n\n<p>T\u00fcrkiye Y\u00fczy\u0131l\u0131 Maarif Modeli&#8217;nin beceri temelli e\u011fitim anlay\u0131\u015f\u0131yla \u00f6\u011frencilerin g\u00fcnl\u00fck ya\u015famda ihtiya\u00e7 duyacaklar\u0131 temel becerileri geli\u015ftirmek amac\u0131yla y\u00fcr\u00fct\u00fclen &#8220;Ya\u015fam Becerileri Projesi&#8221; kapsam\u0131nda haz\u0131rlanan uygulama k\u0131lavuzu ve etkinlik kitaplar\u0131 do\u011frultusunda e\u011fitim ve \u00f6\u011fretim s\u00fcre\u00e7leri planlanacak. Okullarda bulunan uygun fiziki ortamlar \u00f6\u011frencilerin ya\u015fam becerilerini uygulayarak geli\u015ftirebilecekleri \u015fekilde de\u011ferlendirilecek ve uygulamalar\u0131n yayg\u0131nla\u015ft\u0131r\u0131lmas\u0131na y\u00f6nelik gerekli tedbirler al\u0131nacak.<\/p>\n\n\n\n<figure class=\"wp-block-embed is-type-rich is-provider-x wp-block-embed-x\"><div class=\"wp-block-embed__wrapper\">\n<blockquote class=\"twitter-tweet\" data-width=\"550\" data-dnt=\"true\"><p lang=\"tr\" dir=\"ltr\">Sayg\u0131de\u011fer \u00d6\u011fretmenlerimiz, <br>Sevgili \u00d6\u011frencilerimiz,<br>De\u011ferli Velilerimiz,<br><br>\ud83e\udd17 Yeni bir e\u011fitim \u00f6\u011fretim y\u0131l\u0131na daha ayn\u0131 heyecanlar, ayn\u0131 umutlar ve ayn\u0131 b\u00fcy\u00fck idealler etraf\u0131nda birle\u015ferek ba\u015fl\u0131yoruz.<br><br>\ud83d\ude4f\ud83c\udffb \u201c2026-2027 E\u011fitim ve \u00d6\u011fretim Y\u0131l\u0131na \u0130li\u015fkin \u0130\u015f ve \u0130\u015flemler Genelgesi\u201dnin\u2026 <a href=\"https:\/\/t.co\/Wl0zAIUoyr\">pic.twitter.com\/Wl0zAIUoyr<\/a><\/p>&mdash; T.C. Mill\u00ee E\u011fitim Bakanl\u0131\u011f\u0131 (@tcmeb) <a href=\"https:\/\/x.com\/tcmeb\/status\/2090039444887711774?ref_src=twsrc%5Etfw\">August 19, 2026<\/a><\/blockquote><script async src=\"https:\/\/platform.x.com\/widgets.js\" charset=\"utf-8\"><\/script>\n<\/div><\/figure>\n\n\n\n<h3 class=\"wp-block-heading\">&#8220;\u0130\u015fletmelerde Mesleki E\u011fitim ve Staj (MEB-\u0130MES)&#8221; mobil kurulumun kullan\u0131m\u0131 zorunlu olacak<\/h3>\n\n\n\n<p>Mesleki ve teknik orta\u00f6\u011fretim kurumlar\u0131nda at\u00f6lye, laboratuvar ve i\u015fletmelerde yap\u0131lan mesleki e\u011fitimlerde i\u015f sa\u011fl\u0131\u011f\u0131 ve g\u00fcvenli\u011fine ili\u015fkin t\u00fcm tedbirler, eksiksiz uygulanacak. \u0130\u015fletmelerde mesleki e\u011fitim ve staj yap\u0131lacak i\u015f yerleri; alan\/dal uygunlu\u011fu, usta \u00f6\u011fretici\/e\u011fitici personel yeterlili\u011fi, \u00f6\u011frenci kapasitesi ve \u00f6\u011fretim program\u0131na uygunluk a\u00e7\u0131s\u0131ndan e\u011fitim ba\u015flamadan \u00f6nce titizlikle se\u00e7ilecek ve uygun i\u015fletmelerle s\u00f6zle\u015fme yap\u0131lacak. Uygunluk \u015fartlar\u0131n\u0131 kaybeden veya eksiklik tespit edilen i\u015fletmelerle yap\u0131lan s\u00f6zle\u015fmeler, mevzuata uygun \u015fekilde ivedilikle feshedilecek. Koordinat\u00f6r \u00f6\u011fretmenler, e\u011fitim s\u00fcre\u00e7lerini g\u00f6revleri ba\u015f\u0131nda d\u00fczenli ve etkin bi\u00e7imde izleyecek; s\u00fcre\u00e7lerin takibi i\u00e7in &#8220;\u0130\u015fletmelerde Mesleki E\u011fitim ve Staj (MEB-\u0130MES)&#8221; mobil uygulamas\u0131 t\u00fcm payda\u015flarca aktif ve zorunlu olarak kullan\u0131lacak.<\/p>\n\n\n\n<p>T\u00fcrkiye Y\u00fczy\u0131l\u0131 Maarif Modeli&#8217;nin \u00f6\u011frencilerin do\u011fru ve g\u00fcvenilir bilgiye eri\u015fmeleri, i\u00e7inde ya\u015fad\u0131klar\u0131 toplum hakk\u0131nda sa\u011fl\u0131kl\u0131 de\u011ferlendirmeler yapabilmeleri, ulusal ve uluslararas\u0131 g\u00fcncel geli\u015fmeleri bilin\u00e7li ve ele\u015ftirel bir bak\u0131\u015f a\u00e7\u0131s\u0131yla de\u011ferlendirmeleri, medya okuryazarl\u0131\u011f\u0131 ve dijital ileti\u015fim becerilerini geli\u015ftirmeleri y\u00f6n\u00fcndeki hedefleri do\u011frultusunda \u00f6\u011frencilerin aktif kat\u0131l\u0131m\u0131yla haz\u0131rlanan &#8220;Haberimiz Olsun&#8221; dijital platformunda yay\u0131mlanan video, sesli ve yaz\u0131l\u0131 dijital medya i\u00e7eriklerinden e\u011fitim ortamlar\u0131nda yararlan\u0131lacak. Bu i\u00e7erikler, ilgili derslerin konu ve \u00f6\u011frenme \u00e7\u0131kt\u0131lar\u0131yla ili\u015fkilendirilerek e\u011fitim s\u00fcre\u00e7lerine d\u00e2hil edilecek ve okullarda dezenformasyonla m\u00fccadeleyi destekleyen, g\u00fcncel, \u015feffaf ve do\u011fru bilgiye dayal\u0131 bir medya k\u00fclt\u00fcr\u00fcn\u00fcn geli\u015ftirilmesine y\u00f6nelik gerekli planlamalar yap\u0131lacak.<\/p>\n\n\n\n<h3 class=\"wp-block-heading\">\u00d6zel e\u011fitim ihtiyac\u0131 olan \u00f6\u011frenciler i\u00e7in e\u011fitim g\u00f6rd\u00fckleri okullarda &#8220;destek e\u011fitim odalar\u0131&#8221; a\u00e7\u0131lacak.<\/h3>\n\n\n\n<p>12-18 Aral\u0131k tarihleri aras\u0131nda kutlanan &#8220;Tutum, Yat\u0131r\u0131m ve T\u00fcrk Mallar\u0131 Haftas\u0131&#8221; etkinliklerinde yerli sanayi ve teknoloji \u00fcr\u00fcnleri tan\u0131t\u0131larak \u00f6\u011frencilere mill\u00ee kalk\u0131nma \u015fuuru sadece bu haftaya mahsus olmayacak \u015fekilde y\u0131l i\u00e7indeki di\u011fer etkinliklerle de kazand\u0131r\u0131lacak. T\u00fcrkiye Y\u00fczy\u0131l\u0131 Maarif Modeli kapsam\u0131nda finansal okuryazarl\u0131k, tasarruf k\u00fclt\u00fcr\u00fc ile yerli \u00fcretim ve t\u00fcketim bilincini g\u00fc\u00e7lendirecek, \u00f6\u011frencilerin bilim ve teknolojinin \u00fcreticisi olmalar\u0131n\u0131 destekleyecek faaliyetlere yer verilecek.<\/p>\n\n\n\n<p>Tam zamanl\u0131 kayna\u015ft\u0131rma\/b\u00fct\u00fcnle\u015ftirme yoluyla e\u011fitimlerini s\u00fcrd\u00fcren, \u00f6zel yetenekli \u00f6\u011frenciler d\u00e2hil olmak \u00fczere \u00f6zel e\u011fitim ihtiyac\u0131 olan \u00f6\u011frenciler i\u00e7in e\u011fitim g\u00f6rd\u00fckleri okullarda &#8220;destek e\u011fitim odalar\u0131&#8221; a\u00e7\u0131lacak. Bu odalarda verilecek e\u011fitim planlanacak, \u00f6\u011fretmen g\u00f6revlendirmeleri yap\u0131lacak ve \u00f6\u011frencilerin &#8220;Bireyselle\u015ftirilmi\u015f E\u011fitim Programlar\u0131 (BEP)&#8221; dikkate al\u0131narak e\u011fitim s\u00fcre\u00e7lerine etkin kat\u0131l\u0131mlar\u0131 sa\u011flanacak.<\/p>\n\n\n\n<p>T\u00fcrkiye Y\u00fczy\u0131l\u0131 Maarif Modeli&#8217;nin insan\u0131 merkeze alan b\u00fct\u00fcnc\u00fcl e\u011fitim anlay\u0131\u015f\u0131 do\u011frultusunda mill\u00ee, manevi, insani ve k\u00fclt\u00fcrel de\u011ferlerin gelecek ku\u015faklara aktar\u0131lmas\u0131nda, yetkin ve erdemli nesillerin yeti\u015ftirilmesinde ve \u00fclkenin gelece\u011finin in\u015fas\u0131nda m\u00fcstesna bir sorumluluk \u00fcstlenen \u00f6\u011fretmenlerin mesleki itibarlar\u0131n\u0131n korunmas\u0131 ve g\u00fc\u00e7lendirilmesi sa\u011flanacak.<\/p>\n\n\n<div class=\"wp-block-image\">\n<figure class=\"aligncenter size-full\"><img loading=\"lazy\" decoding=\"async\" width=\"1090\" height=\"614\" src=\"https:\/\/epochtimestr.com\/wp-content\/uploads\/2011y\/MEB-9.jpg\" alt=\"(Foto\u011fraf: MEB web sitesi)\" class=\"wp-image-170683\" srcset=\"https:\/\/epochtimestr.com\/wp-content\/uploads\/2011y\/MEB-9.jpg 1090w, https:\/\/epochtimestr.com\/wp-content\/uploads\/2011y\/MEB-9-300x169.jpg 300w, https:\/\/epochtimestr.com\/wp-content\/uploads\/2011y\/MEB-9-150x84.jpg 150w, https:\/\/epochtimestr.com\/wp-content\/uploads\/2011y\/MEB-9-768x433.jpg 768w\" sizes=\"(max-width: 1090px) 100vw, 1090px\" \/><figcaption class=\"wp-element-caption\">                                                                            (Foto\u011fraf: MEB web sitesi)<\/figcaption><\/figure><\/div>","protected":false},"excerpt":{"rendered":"<p>Yeni e\u011fitim ve \u00f6\u011fretim y\u0131l\u0131na ili\u015fkin genelgede, \u00f6\u011fretmenlere \u00f6nl\u00fck zorunlulu\u011fu getirildi\u011fi, d\u0131\u015far\u0131dan s\u0131navlara izin verilmeyece\u011fi ve velilerin randevusuz okula giremeyece\u011fi kaydedildi. Mill\u00ee E\u011fitim Bakanl\u0131\u011f\u0131&#8217;na (MEB) ba\u011fl\u0131 resm\u00ee ve \u00f6zel okul ve kurumlarda e\u011fitim ile \u00f6\u011fretim faaliyetlerinin uygulanmas\u0131na ili\u015fkin \u201c2026-2027 E\u011fitim ve \u00d6\u011fretim Y\u0131l\u0131na \u0130li\u015fkin \u0130\u015f ve \u0130\u015flemler\u201d konulu genelge yay\u0131mland\u0131. Mill\u00ee E\u011fitim Bakan\u0131 Yusuf Tekin [&hellip;]<\/p>\n","protected":false},"author":12791,"featured_media":164475,"comment_status":"open","ping_status":"open","sticky":false,"template":"","format":"standard","meta":{"_yoast_wpseo_focuskw":"Yeni e\u011fitim ve \u00f6\u011fretim","_yoast_wpseo_title":"","_yoast_wpseo_metadesc":"Yeni e\u011fitim ve \u00f6\u011fretim y\u0131l\u0131na ili\u015fkin genelgede, \u00f6\u011fretmenlere \u00f6nl\u00fck zorunlulu\u011fu getirildi. Veliler randevusuz okula giremeyecek.","_bbp_topic_count":0,"_bbp_reply_count":0,"_bbp_total_topic_count":0,"_bbp_total_reply_count":0,"_bbp_voice_count":0,"_bbp_anonymous_reply_count":0,"_bbp_topic_count_hidden":0,"_bbp_reply_count_hidden":0,"_bbp_forum_subforum_count":0,"footnotes":"","_yoast_wpseo_focuskw_text_input":""},"categories":[8173,1,8138,8419],"tags":[12023,7302,1997,3103,12342,4277,12343,9072],"yoast_head":"<!-- This site is optimized with the Yoast SEO plugin v23.0 - https:\/\/yoast.com\/wordpress\/plugins\/seo\/ -->\n<title>MEB Yeni E\u011fitim ve \u00d6\u011fretim Y\u0131l\u0131na \u0130li\u015fkin Genelge Yay\u0131mlad\u0131 - The Epoch Times TR<\/title>\n<meta name=\"description\" content=\"Yeni e\u011fitim ve \u00f6\u011fretim y\u0131l\u0131na ili\u015fkin genelgede, \u00f6\u011fretmenlere \u00f6nl\u00fck zorunlulu\u011fu getirildi. Veliler randevusuz okula giremeyecek.\" \/>\n<meta name=\"robots\" content=\"index, follow, max-snippet:-1, max-image-preview:large, max-video-preview:-1\" \/>\n<link rel=\"canonical\" href=\"https:\/\/epochtimestr.com\/index.php\/meb-yeni-egitim-ve-ogretim-yilina-iliskin-genelge-yayimladi\" \/>\n<meta property=\"og:locale\" content=\"tr_TR\" \/>\n<meta property=\"og:type\" content=\"article\" \/>\n<meta property=\"og:title\" content=\"MEB Yeni E\u011fitim ve \u00d6\u011fretim Y\u0131l\u0131na \u0130li\u015fkin Genelge Yay\u0131mlad\u0131 - The Epoch Times TR\" \/>\n<meta property=\"og:description\" content=\"Yeni e\u011fitim ve \u00f6\u011fretim y\u0131l\u0131na ili\u015fkin genelgede, \u00f6\u011fretmenlere \u00f6nl\u00fck zorunlulu\u011fu getirildi. Veliler randevusuz okula giremeyecek.\" \/>\n<meta property=\"og:url\" content=\"https:\/\/epochtimestr.com\/index.php\/meb-yeni-egitim-ve-ogretim-yilina-iliskin-genelge-yayimladi\" \/>\n<meta property=\"og:site_name\" content=\"The Epoch Times TR\" \/>\n<meta property=\"article:publisher\" content=\"https:\/\/www.facebook.com\/theepochtimestr\" \/>\n<meta property=\"article:published_time\" content=\"2026-08-21T07:58:20+00:00\" \/>\n<meta property=\"article:modified_time\" content=\"2026-08-21T07:58:23+00:00\" \/>\n<meta property=\"og:image\" content=\"https:\/\/epochtimestr.com\/wp-content\/uploads\/2011y\/866318638.png\" \/>\n\t<meta property=\"og:image:width\" content=\"600\" \/>\n\t<meta property=\"og:image:height\" content=\"400\" \/>\n\t<meta property=\"og:image:type\" content=\"image\/png\" \/>\n<meta name=\"author\" content=\"Haber Merkezi\" \/>\n<meta name=\"twitter:card\" content=\"summary_large_image\" \/>\n<meta name=\"twitter:creator\" content=\"@TheEpochTimesTR\" \/>\n<meta name=\"twitter:site\" content=\"@TheEpochTimesTR\" \/>\n<meta name=\"twitter:label1\" content=\"Yazan:\" \/>\n\t<meta name=\"twitter:data1\" content=\"Haber Merkezi\" \/>\n\t<meta name=\"twitter:label2\" content=\"Tahmini okuma s\u00fcresi\" \/>\n\t<meta name=\"twitter:data2\" content=\"12 dakika\" \/>\n<script type=\"application\/ld+json\" class=\"yoast-schema-graph\">{\"@context\":\"https:\/\/schema.org\",\"@graph\":[{\"@type\":\"Article\",\"@id\":\"https:\/\/epochtimestr.com\/index.php\/meb-yeni-egitim-ve-ogretim-yilina-iliskin-genelge-yayimladi#article\",\"isPartOf\":{\"@id\":\"https:\/\/epochtimestr.com\/index.php\/meb-yeni-egitim-ve-ogretim-yilina-iliskin-genelge-yayimladi\"},\"author\":{\"name\":\"Haber Merkezi\",\"@id\":\"https:\/\/epochtimestr.com\/#\/schema\/person\/3dc5c3adeb9f43923c5aa85889172fdd\"},\"headline\":\"MEB Yeni E\u011fitim ve \u00d6\u011fretim Y\u0131l\u0131na \u0130li\u015fkin Genelge Yay\u0131mlad\u0131\",\"datePublished\":\"2026-08-21T07:58:20+00:00\",\"dateModified\":\"2026-08-21T07:58:23+00:00\",\"mainEntityOfPage\":{\"@id\":\"https:\/\/epochtimestr.com\/index.php\/meb-yeni-egitim-ve-ogretim-yilina-iliskin-genelge-yayimladi\"},\"wordCount\":2577,\"commentCount\":0,\"publisher\":{\"@id\":\"https:\/\/epochtimestr.com\/#organization\"},\"image\":{\"@id\":\"https:\/\/epochtimestr.com\/index.php\/meb-yeni-egitim-ve-ogretim-yilina-iliskin-genelge-yayimladi#primaryimage\"},\"thumbnailUrl\":\"https:\/\/epochtimestr.com\/wp-content\/uploads\/2011y\/866318638.png\",\"keywords\":[\"\u00c7er\u00e7eve Yasa\",\"Genelge\",\"meb\",\"\u00f6\u011frenci\",\"\u00d6\u011fretmen\",\"okul\",\"Veli\",\"yusuf tekin\"],\"articleSection\":[\"A\u0130LE ve EG\u0130T\u0130M\",\"G\u00dcNDEM\",\"MAN\u015eET\",\"Ya\u015fam\"],\"inLanguage\":\"tr\",\"potentialAction\":[{\"@type\":\"CommentAction\",\"name\":\"Comment\",\"target\":[\"https:\/\/epochtimestr.com\/index.php\/meb-yeni-egitim-ve-ogretim-yilina-iliskin-genelge-yayimladi#respond\"]}]},{\"@type\":\"WebPage\",\"@id\":\"https:\/\/epochtimestr.com\/index.php\/meb-yeni-egitim-ve-ogretim-yilina-iliskin-genelge-yayimladi\",\"url\":\"https:\/\/epochtimestr.com\/index.php\/meb-yeni-egitim-ve-ogretim-yilina-iliskin-genelge-yayimladi\",\"name\":\"MEB Yeni E\u011fitim ve \u00d6\u011fretim Y\u0131l\u0131na \u0130li\u015fkin Genelge Yay\u0131mlad\u0131 - The Epoch Times TR\",\"isPartOf\":{\"@id\":\"https:\/\/epochtimestr.com\/#website\"},\"primaryImageOfPage\":{\"@id\":\"https:\/\/epochtimestr.com\/index.php\/meb-yeni-egitim-ve-ogretim-yilina-iliskin-genelge-yayimladi#primaryimage\"},\"image\":{\"@id\":\"https:\/\/epochtimestr.com\/index.php\/meb-yeni-egitim-ve-ogretim-yilina-iliskin-genelge-yayimladi#primaryimage\"},\"thumbnailUrl\":\"https:\/\/epochtimestr.com\/wp-content\/uploads\/2011y\/866318638.png\",\"datePublished\":\"2026-08-21T07:58:20+00:00\",\"dateModified\":\"2026-08-21T07:58:23+00:00\",\"description\":\"Yeni e\u011fitim ve \u00f6\u011fretim y\u0131l\u0131na ili\u015fkin genelgede, \u00f6\u011fretmenlere \u00f6nl\u00fck zorunlulu\u011fu getirildi. Veliler randevusuz okula giremeyecek.\",\"inLanguage\":\"tr\",\"potentialAction\":[{\"@type\":\"ReadAction\",\"target\":[\"https:\/\/epochtimestr.com\/index.php\/meb-yeni-egitim-ve-ogretim-yilina-iliskin-genelge-yayimladi\"]}]},{\"@type\":\"ImageObject\",\"inLanguage\":\"tr\",\"@id\":\"https:\/\/epochtimestr.com\/index.php\/meb-yeni-egitim-ve-ogretim-yilina-iliskin-genelge-yayimladi#primaryimage\",\"url\":\"https:\/\/epochtimestr.com\/wp-content\/uploads\/2011y\/866318638.png\",\"contentUrl\":\"https:\/\/epochtimestr.com\/wp-content\/uploads\/2011y\/866318638.png\",\"width\":600,\"height\":400,\"caption\":\"Bakan Tekin: Okulun kap\u0131s\u0131ndan g\u00f6rseli\"},{\"@type\":\"WebSite\",\"@id\":\"https:\/\/epochtimestr.com\/#website\",\"url\":\"https:\/\/epochtimestr.com\/\",\"name\":\"The Epoch Times TR\",\"description\":\"De\u011fi\u015fen D\u00fcnyam\u0131za Taze Bir Bak\u0131\u015f\",\"publisher\":{\"@id\":\"https:\/\/epochtimestr.com\/#organization\"},\"potentialAction\":[{\"@type\":\"SearchAction\",\"target\":{\"@type\":\"EntryPoint\",\"urlTemplate\":\"https:\/\/epochtimestr.com\/?s={search_term_string}\"},\"query-input\":\"required name=search_term_string\"}],\"inLanguage\":\"tr\"},{\"@type\":\"Organization\",\"@id\":\"https:\/\/epochtimestr.com\/#organization\",\"name\":\"The EpochTimes T\u00fcrkiye\",\"url\":\"https:\/\/epochtimestr.com\/\",\"logo\":{\"@type\":\"ImageObject\",\"inLanguage\":\"tr\",\"@id\":\"https:\/\/epochtimestr.com\/#\/schema\/logo\/image\/\",\"url\":\"https:\/\/epochtimestr.com\/wp-content\/uploads\/2011y\/ET-Logo-YG.jpg\",\"contentUrl\":\"https:\/\/epochtimestr.com\/wp-content\/uploads\/2011y\/ET-Logo-YG.jpg\",\"width\":346,\"height\":29,\"caption\":\"The EpochTimes T\u00fcrkiye\"},\"image\":{\"@id\":\"https:\/\/epochtimestr.com\/#\/schema\/logo\/image\/\"},\"sameAs\":[\"https:\/\/www.facebook.com\/theepochtimestr\",\"https:\/\/x.com\/TheEpochTimesTR\",\"https:\/\/www.instagram.com\/epochtimestr\"]},{\"@type\":\"Person\",\"@id\":\"https:\/\/epochtimestr.com\/#\/schema\/person\/3dc5c3adeb9f43923c5aa85889172fdd\",\"name\":\"Haber Merkezi\",\"image\":{\"@type\":\"ImageObject\",\"inLanguage\":\"tr\",\"@id\":\"https:\/\/epochtimestr.com\/#\/schema\/person\/image\/\",\"url\":\"https:\/\/secure.gravatar.com\/avatar\/d73f772ba5a74f28601361e17c2f93e6?s=96&d=mm&r=g\",\"contentUrl\":\"https:\/\/secure.gravatar.com\/avatar\/d73f772ba5a74f28601361e17c2f93e6?s=96&d=mm&r=g\",\"caption\":\"Haber Merkezi\"},\"url\":\"https:\/\/epochtimestr.com\/index.php\/author\/sendag\"}]}<\/script>\n<!-- \/ Yoast SEO plugin. -->","yoast_head_json":{"title":"MEB Yeni E\u011fitim ve \u00d6\u011fretim Y\u0131l\u0131na \u0130li\u015fkin Genelge Yay\u0131mlad\u0131 - The Epoch Times TR","description":"Yeni e\u011fitim ve \u00f6\u011fretim y\u0131l\u0131na ili\u015fkin genelgede, \u00f6\u011fretmenlere \u00f6nl\u00fck zorunlulu\u011fu getirildi. Veliler randevusuz okula giremeyecek.","robots":{"index":"index","follow":"follow","max-snippet":"max-snippet:-1","max-image-preview":"max-image-preview:large","max-video-preview":"max-video-preview:-1"},"canonical":"https:\/\/epochtimestr.com\/index.php\/meb-yeni-egitim-ve-ogretim-yilina-iliskin-genelge-yayimladi","og_locale":"tr_TR","og_type":"article","og_title":"MEB Yeni E\u011fitim ve \u00d6\u011fretim Y\u0131l\u0131na \u0130li\u015fkin Genelge Yay\u0131mlad\u0131 - The Epoch Times TR","og_description":"Yeni e\u011fitim ve \u00f6\u011fretim y\u0131l\u0131na ili\u015fkin genelgede, \u00f6\u011fretmenlere \u00f6nl\u00fck zorunlulu\u011fu getirildi. Veliler randevusuz okula giremeyecek.","og_url":"https:\/\/epochtimestr.com\/index.php\/meb-yeni-egitim-ve-ogretim-yilina-iliskin-genelge-yayimladi","og_site_name":"The Epoch Times TR","article_publisher":"https:\/\/www.facebook.com\/theepochtimestr","article_published_time":"2026-08-21T07:58:20+00:00","article_modified_time":"2026-08-21T07:58:23+00:00","og_image":[{"width":600,"height":400,"url":"https:\/\/epochtimestr.com\/wp-content\/uploads\/2011y\/866318638.png","type":"image\/png"}],"author":"Haber Merkezi","twitter_card":"summary_large_image","twitter_creator":"@TheEpochTimesTR","twitter_site":"@TheEpochTimesTR","twitter_misc":{"Yazan:":"Haber Merkezi","Tahmini okuma s\u00fcresi":"12 dakika"},"schema":{"@context":"https:\/\/schema.org","@graph":[{"@type":"Article","@id":"https:\/\/epochtimestr.com\/index.php\/meb-yeni-egitim-ve-ogretim-yilina-iliskin-genelge-yayimladi#article","isPartOf":{"@id":"https:\/\/epochtimestr.com\/index.php\/meb-yeni-egitim-ve-ogretim-yilina-iliskin-genelge-yayimladi"},"author":{"name":"Haber Merkezi","@id":"https:\/\/epochtimestr.com\/#\/schema\/person\/3dc5c3adeb9f43923c5aa85889172fdd"},"headline":"MEB Yeni E\u011fitim ve \u00d6\u011fretim Y\u0131l\u0131na \u0130li\u015fkin Genelge Yay\u0131mlad\u0131","datePublished":"2026-08-21T07:58:20+00:00","dateModified":"2026-08-21T07:58:23+00:00","mainEntityOfPage":{"@id":"https:\/\/epochtimestr.com\/index.php\/meb-yeni-egitim-ve-ogretim-yilina-iliskin-genelge-yayimladi"},"wordCount":2577,"commentCount":0,"publisher":{"@id":"https:\/\/epochtimestr.com\/#organization"},"image":{"@id":"https:\/\/epochtimestr.com\/index.php\/meb-yeni-egitim-ve-ogretim-yilina-iliskin-genelge-yayimladi#primaryimage"},"thumbnailUrl":"https:\/\/epochtimestr.com\/wp-content\/uploads\/2011y\/866318638.png","keywords":["\u00c7er\u00e7eve Yasa","Genelge","meb","\u00f6\u011frenci","\u00d6\u011fretmen","okul","Veli","yusuf tekin"],"articleSection":["A\u0130LE ve EG\u0130T\u0130M","G\u00dcNDEM","MAN\u015eET","Ya\u015fam"],"inLanguage":"tr","potentialAction":[{"@type":"CommentAction","name":"Comment","target":["https:\/\/epochtimestr.com\/index.php\/meb-yeni-egitim-ve-ogretim-yilina-iliskin-genelge-yayimladi#respond"]}]},{"@type":"WebPage","@id":"https:\/\/epochtimestr.com\/index.php\/meb-yeni-egitim-ve-ogretim-yilina-iliskin-genelge-yayimladi","url":"https:\/\/epochtimestr.com\/index.php\/meb-yeni-egitim-ve-ogretim-yilina-iliskin-genelge-yayimladi","name":"MEB Yeni E\u011fitim ve \u00d6\u011fretim Y\u0131l\u0131na \u0130li\u015fkin Genelge Yay\u0131mlad\u0131 - The Epoch Times TR","isPartOf":{"@id":"https:\/\/epochtimestr.com\/#website"},"primaryImageOfPage":{"@id":"https:\/\/epochtimestr.com\/index.php\/meb-yeni-egitim-ve-ogretim-yilina-iliskin-genelge-yayimladi#primaryimage"},"image":{"@id":"https:\/\/epochtimestr.com\/index.php\/meb-yeni-egitim-ve-ogretim-yilina-iliskin-genelge-yayimladi#primaryimage"},"thumbnailUrl":"https:\/\/epochtimestr.com\/wp-content\/uploads\/2011y\/866318638.png","datePublished":"2026-08-21T07:58:20+00:00","dateModified":"2026-08-21T07:58:23+00:00","description":"Yeni e\u011fitim ve \u00f6\u011fretim y\u0131l\u0131na ili\u015fkin genelgede, \u00f6\u011fretmenlere \u00f6nl\u00fck zorunlulu\u011fu getirildi. Veliler randevusuz okula giremeyecek.","inLanguage":"tr","potentialAction":[{"@type":"ReadAction","target":["https:\/\/epochtimestr.com\/index.php\/meb-yeni-egitim-ve-ogretim-yilina-iliskin-genelge-yayimladi"]}]},{"@type":"ImageObject","inLanguage":"tr","@id":"https:\/\/epochtimestr.com\/index.php\/meb-yeni-egitim-ve-ogretim-yilina-iliskin-genelge-yayimladi#primaryimage","url":"https:\/\/epochtimestr.com\/wp-content\/uploads\/2011y\/866318638.png","contentUrl":"https:\/\/epochtimestr.com\/wp-content\/uploads\/2011y\/866318638.png","width":600,"height":400,"caption":"Bakan Tekin: Okulun kap\u0131s\u0131ndan g\u00f6rseli"},{"@type":"WebSite","@id":"https:\/\/epochtimestr.com\/#website","url":"https:\/\/epochtimestr.com\/","name":"The Epoch Times TR","description":"De\u011fi\u015fen D\u00fcnyam\u0131za Taze Bir Bak\u0131\u015f","publisher":{"@id":"https:\/\/epochtimestr.com\/#organization"},"potentialAction":[{"@type":"SearchAction","target":{"@type":"EntryPoint","urlTemplate":"https:\/\/epochtimestr.com\/?s={search_term_string}"},"query-input":"required name=search_term_string"}],"inLanguage":"tr"},{"@type":"Organization","@id":"https:\/\/epochtimestr.com\/#organization","name":"The EpochTimes T\u00fcrkiye","url":"https:\/\/epochtimestr.com\/","logo":{"@type":"ImageObject","inLanguage":"tr","@id":"https:\/\/epochtimestr.com\/#\/schema\/logo\/image\/","url":"https:\/\/epochtimestr.com\/wp-content\/uploads\/2011y\/ET-Logo-YG.jpg","contentUrl":"https:\/\/epochtimestr.com\/wp-content\/uploads\/2011y\/ET-Logo-YG.jpg","width":346,"height":29,"caption":"The EpochTimes T\u00fcrkiye"},"image":{"@id":"https:\/\/epochtimestr.com\/#\/schema\/logo\/image\/"},"sameAs":["https:\/\/www.facebook.com\/theepochtimestr","https:\/\/x.com\/TheEpochTimesTR","https:\/\/www.instagram.com\/epochtimestr"]},{"@type":"Person","@id":"https:\/\/epochtimestr.com\/#\/schema\/person\/3dc5c3adeb9f43923c5aa85889172fdd","name":"Haber Merkezi","image":{"@type":"ImageObject","inLanguage":"tr","@id":"https:\/\/epochtimestr.com\/#\/schema\/person\/image\/","url":"https:\/\/secure.gravatar.com\/avatar\/d73f772ba5a74f28601361e17c2f93e6?s=96&d=mm&r=g","contentUrl":"https:\/\/secure.gravatar.com\/avatar\/d73f772ba5a74f28601361e17c2f93e6?s=96&d=mm&r=g","caption":"Haber Merkezi"},"url":"https:\/\/epochtimestr.com\/index.php\/author\/sendag"}]}},"_links":{"self":[{"href":"https:\/\/epochtimestr.com\/index.php\/wp-json\/wp\/v2\/posts\/170681"}],"collection":[{"href":"https:\/\/epochtimestr.com\/index.php\/wp-json\/wp\/v2\/posts"}],"about":[{"href":"https:\/\/epochtimestr.com\/index.php\/wp-json\/wp\/v2\/types\/post"}],"author":[{"embeddable":true,"href":"https:\/\/epochtimestr.com\/index.php\/wp-json\/wp\/v2\/users\/12791"}],"replies":[{"embeddable":true,"href":"https:\/\/epochtimestr.com\/index.php\/wp-json\/wp\/v2\/comments?post=170681"}],"version-history":[{"count":3,"href":"https:\/\/epochtimestr.com\/index.php\/wp-json\/wp\/v2\/posts\/170681\/revisions"}],"predecessor-version":[{"id":170700,"href":"https:\/\/epochtimestr.com\/index.php\/wp-json\/wp\/v2\/posts\/170681\/revisions\/170700"}],"wp:featuredmedia":[{"embeddable":true,"href":"https:\/\/epochtimestr.com\/index.php\/wp-json\/wp\/v2\/media\/164475"}],"wp:attachment":[{"href":"https:\/\/epochtimestr.com\/index.php\/wp-json\/wp\/v2\/media?parent=170681"}],"wp:term":[{"taxonomy":"category","embeddable":true,"href":"https:\/\/epochtimestr.com\/index.php\/wp-json\/wp\/v2\/categories?post=170681"},{"taxonomy":"post_tag","embeddable":true,"href":"https:\/\/epochtimestr.com\/index.php\/wp-json\/wp\/v2\/tags?post=170681"}],"curies":[{"name":"wp","href":"https:\/\/api.w.org\/{rel}","templated":true}]}}