{"id":170685,"date":"2026-08-21T10:47:27","date_gmt":"2026-08-21T07:47:27","guid":{"rendered":"https:\/\/epochtimestr.com\/?p=170685"},"modified":"2026-08-21T10:47:38","modified_gmt":"2026-08-21T07:47:38","slug":"ozdag-ic-ve-dis-siyasete-dair-aciklamalarda-bulundu","status":"publish","type":"post","link":"https:\/\/epochtimestr.com\/index.php\/ozdag-ic-ve-dis-siyasete-dair-aciklamalarda-bulundu","title":{"rendered":"\u00d6zda\u011f \u0130\u00e7 ve D\u0131\u015f Siyasete Dair A\u00e7\u0131klamalarda Bulundu"},"content":{"rendered":"<div class=\"wp-block-image\">\n<figure class=\"aligncenter size-large\"><img loading=\"lazy\" decoding=\"async\" width=\"1800\" height=\"1200\" src=\"https:\/\/epochtimestr.com\/wp-content\/uploads\/2011y\/zafer-partisi-1800x1200.jpg\" alt=\"\u00d6zda\u011f i\u00e7 ve d\u0131\u015f siyasete dair dikkat \u00e7eken a\u00e7\u0131klamalarda bulundu. (Foto\u011fraf: Zafer Partisi web sitesi)\" class=\"wp-image-170686\" srcset=\"https:\/\/epochtimestr.com\/wp-content\/uploads\/2011y\/zafer-partisi-1800x1200.jpg 1800w, https:\/\/epochtimestr.com\/wp-content\/uploads\/2011y\/zafer-partisi-300x200.jpg 300w, https:\/\/epochtimestr.com\/wp-content\/uploads\/2011y\/zafer-partisi-150x100.jpg 150w, https:\/\/epochtimestr.com\/wp-content\/uploads\/2011y\/zafer-partisi-768x512.jpg 768w, https:\/\/epochtimestr.com\/wp-content\/uploads\/2011y\/zafer-partisi-1536x1024.jpg 1536w, https:\/\/epochtimestr.com\/wp-content\/uploads\/2011y\/zafer-partisi-2048x1365.jpg 2048w\" sizes=\"(max-width: 1800px) 100vw, 1800px\" \/><figcaption class=\"wp-element-caption\">\u00d6zda\u011f i\u00e7 ve d\u0131\u015f siyasete dair dikkat \u00e7eken a\u00e7\u0131klamalarda bulundu. (Foto\u011fraf: Zafer Partisi web sitesi)<\/figcaption><\/figure><\/div>\n\n\n<h2 class=\"wp-block-heading\">Zafer Partisi Genel Ba\u015fkan\u0131 \u00dcmit \u00d6zda\u011f, partisinin genel merkezinde d\u00fczenledi\u011fi bas\u0131n toplant\u0131s\u0131nda i\u00e7 ve d\u0131\u015f siyasete dair dikkat \u00e7eken a\u00e7\u0131klamalarda bulundu.<\/h2>\n\n\n\n<p>Zafer Partisi Genel Ba\u015fkan\u0131 \u00dcmit \u00d6zda\u011f, BTP Genel Ba\u015fkan\u0131 H\u00fcseyin Ba\u015f, Adalet Partisi Genel Ba\u015fkan\u0131 Vecdet \u00d6z, Milli Yol Partisi Genel Ba\u015fkan\u0131 Remzi \u00c7ay\u0131r ve Kutlu Parti Genel Ba\u015fkan\u0131 Yusuf Hala\u00e7o\u011flu\u2019nun kat\u0131l\u0131m\u0131yla 21 A\u011fustos Cumartesi g\u00fcn\u00fc yap\u0131lacak toplant\u0131da, T\u00fcrkiye\u2019nin i\u00e7inde bulundu\u011fu s\u00fcrecin de\u011ferlendirilece\u011fini s\u00f6yledi.<\/p>\n\n\n\n<p>\u00dcmit \u00d6zda\u011f, partisinin genel merkezinde d\u00fczenledi\u011fi bas\u0131n toplant\u0131s\u0131nda i\u00e7 ve d\u0131\u015f siyasete dair dikkat \u00e7eken a\u00e7\u0131klamalarda bulundu.<\/p>\n\n\n\n<p>Kendi daveti \u00fczerine BTP Genel Ba\u015fkan\u0131 H\u00fcseyin Ba\u015f, Adalet Partisi Genel Ba\u015fkan\u0131 Vecdet \u00d6z, Milli Yol Partisi Genel Ba\u015fkan\u0131 Remzi \u00c7ay\u0131r ve Kutlu Parti Genel Ba\u015fkan\u0131 Yusuf Hala\u00e7o\u011flu ile cumartesi g\u00fcn\u00fc bir toplant\u0131 ger\u00e7ekle\u015ftireceklerini belirten \u00d6zda\u011f, bulu\u015fma i\u00e7in &#8220;Millet bunu istiyor&#8221; ifadelerini kulland\u0131.<br \/>\u00d6zda\u011f, toplant\u0131n\u0131n amac\u0131n\u0131n Anayasa&#8217;n\u0131n ilk d\u00f6rt maddesine ve Cumhuriyet&#8217;in kurulu\u015f felsefesine ba\u011fl\u0131 liderlerle T\u00fcrkiye&#8217;nin i\u00e7inde bulundu\u011fu durumu de\u011ferlendirmek oldu\u011funu vurgulayarak, &#8220;Saray\u0131n muhalefeti b\u00f6lmek i\u00e7in ola\u011fan\u00fcst\u00fc bir \u00e7aba g\u00f6sterdi\u011fi d\u00f6nemde birle\u015fmeye kar\u015f\u0131 \u00e7\u0131kmak, ittifaklar\u0131n kar\u015f\u0131s\u0131nda olmak saray\u0131n istedi\u011fini yapmak anlam\u0131na gelir&#8221; \u015feklinde konu\u015ftu.<\/p>\n\n\n\n<h3 class=\"wp-block-heading\">21 A\u011fustos Cumartesi g\u00fcn\u00fc yap\u0131lacak toplant\u0131n\u0131n kapsam\u0131na ili\u015fkin soruya \u00d6zda\u011f, \u015fu yan\u0131t\u0131 verdi:<\/h3>\n\n\n\n<p>&#8220;\u00d6ncelikle bu cumartesi g\u00fcn\u00fc yapaca\u011f\u0131m\u0131z toplant\u0131, T\u00fcrkiye&#8217;nin s\u00fcr\u00fcklenmek istedi\u011fi s\u00fcre\u00e7 kar\u015f\u0131s\u0131nda Anayasa&#8217;n\u0131n ilk \u00fc\u00e7 maddesine, ilk d\u00f6rt maddesine, 42. maddeye, 66. maddeye ve \u0130stiklal Harbi&#8217;nin ruhuna ve felsefesine, Cumhuriyet&#8217;in kurulu\u015f felsefesine tavizsiz ba\u011fl\u0131 oldu\u011funu d\u00fc\u015f\u00fcnd\u00fc\u011f\u00fcm\u00fcz Say\u0131n Genel Ba\u015fkanlarla ger\u00e7ekle\u015ftirilecek bir toplant\u0131d\u0131r. T\u00fcrkiye&#8217;nin i\u00e7inde bulundu\u011fu durumu de\u011ferlendirmek i\u00e7in yap\u0131yoruz bu toplant\u0131y\u0131 ve b\u00fct\u00fcn genel ba\u015fkanlar muhakkak \u00e7ok k\u0131ymetli de\u011ferlendirmelerini payla\u015facaklard\u0131r o masada.<\/p>\n\n\n\n<p>Hepsi T\u00fcrk siyasetinde ve fikir hayat\u0131nda, b\u00fcrokrasisinde yetkinliklerini ispatlam\u0131\u015f isimlerdir. T\u00fcrkiye b\u00f6yle a\u011f\u0131r bir krizden ge\u00e7erken, her zaman s\u00f6yl\u00fcyorum, bir araya gelmesinin m\u00fcmk\u00fcn olmad\u0131\u011f\u0131 d\u00fc\u015f\u00fcn\u00fclen isimler, Say\u0131n Bah\u00e7eli ve ter\u00f6r \u00f6rg\u00fct\u00fc lideri \u00d6calan, yan yana gelirken bizlerin yan yana gelmemesi, anla\u015f\u0131lamaz, kabul edilemez. Elbette biz de T\u00fcrkiye&#8217;nin birli\u011fini, T\u00fcrk devletinin dirli\u011fini savunmak i\u00e7in fikir al\u0131\u015fveri\u015flerinde bulunaca\u011f\u0131z. Bu toplant\u0131n\u0131n amac\u0131 da budur. Bu fikir al\u0131\u015fveri\u015flerinden nas\u0131l bir zemin ortaya \u00e7\u0131kar, onu da toplant\u0131dan sonra tekrar sizlerle de\u011ferlendirme durumunda oluruz. Ama millet bunu istiyor. Biz soka\u011f\u0131n sesine, milletin sesine ve vicdan\u0131na kulak veriyoruz ve vermeye devam edece\u011fiz.&#8221;<\/p>\n\n\n\n<p><strong>D\u0131\u015fi\u015fleri Bakanl\u0131\u011f\u0131\u2019n\u0131n \u0130srail\u2019e y\u00f6nelik k\u0131nama yay\u0131mlamas\u0131n\u0131n yeterli olmad\u0131\u011f\u0131n\u0131 kaydeden \u00d6zda\u011f, \u015fu ifadeleri kulland\u0131:<\/strong><\/p>\n\n\n\n<p>\u201cNetanyahu\u2019nun sald\u0131rgan, fa\u015fist politikalar\u0131na kar\u015f\u0131 T\u00fcrk D\u0131\u015fi\u015fleri Bakanl\u0131\u011f\u0131\u2019ndan \u00e7ok sert bir k\u0131nama gelmi\u015f. Herhalde Netanyahu buna \u00e7ok g\u00fclm\u00fc\u015ft\u00fcr. G\u00fclmekten belki \u00f6l\u00fcr de Netanyahu\u2019dan kurtuluruz. Politikan\u0131z bu mu? \u0130srail\u2019in Suriye\u2019de ger\u00e7ekle\u015ftirdi\u011fi bu stratejik hamlelere ve tehditlere verece\u011finiz cevap sadece D\u0131\u015fi\u015fleri Bakanl\u0131\u011f\u0131\u2019n\u0131n bu a\u00e7\u0131klamas\u0131yla m\u0131 s\u0131n\u0131rl\u0131 kalacak? Bunu merakla izliyoruz.\u201d<\/p>\n\n\n\n<h3 class=\"wp-block-heading\">AK Partili ve MHP\u2019li se\u00e7menlere seslenerek, Suriye\u2019deki sava\u015f\u0131n bitti\u011fini ancak s\u0131\u011f\u0131nmac\u0131lar\u0131n \u00fclkelerine d\u00f6nmedi\u011fini \u00f6ne s\u00fcren \u00d6zda\u011f, \u015f\u00f6yle konu\u015ftu:<\/h3>\n\n\n\n<p>\u201cBug\u00fcn, sava\u015f\u0131n bitmesinin \u00fczerinden epey zaman ge\u00e7mi\u015f olmas\u0131na ra\u011fmen h\u00e2l\u00e2 milyonlarca Suriyeli T\u00fcrkiye\u2019de. 6 Haziran\u2019da T\u00fcrkiye\u2019nin \u015eam B\u00fcy\u00fckel\u00e7isi, T\u00fcrkiye\u2019deki Suriyelilerin art\u0131k d\u00f6nmeyece\u011fini ve T\u00fcrkiye\u2019ye entegre edilece\u011fini s\u00f6yledi. Bunu hemen takip eden g\u00fcnlerde \u0130\u00e7i\u015fleri Bakan\u0131, Suriyelilerin art\u0131k i\u015fe girmek i\u00e7in izin almayaca\u011f\u0131n\u0131 s\u00f6yledi. Arkas\u0131ndan o da Suriyelilerin T\u00fcrk toplumuna entegre edilece\u011fini s\u00f6yledi. Entegre etmek, vatanda\u015fl\u0131k vermek demektir. G\u00f6rd\u00fcn\u00fcz m\u00fc? Size yalan s\u00f6ylendi. T\u00fcrk milletine yalan s\u00f6ylendi! Milyonlarcas\u0131 kald\u0131 ve vatanda\u015fl\u0131k alacak.\u201d<\/p>\n\n\n\n<p><strong>\u00dcmit \u00d6zda\u011f: \u201cBah\u00e7eli\u2019nin istedi\u011fi oldu, \u00d6calan\u2019a stat\u00fc bulundu\u201d<\/strong><\/p>\n\n\n\n<p>Zafer Partisi Genel Ba\u015fkan\u0131 \u00dcmit \u00d6zda\u011f sosyal medya hesab\u0131ndan DEM Parti&#8217;nin Taksim&#8217;de ger\u00e7ekle\u015ftirdi\u011fi bas\u0131n toplant\u0131s\u0131na ili\u015fkin de\u011ferlendirmelerde bulundu. Toplant\u0131da yap\u0131lan a\u00e7\u0131klamalar\u0131 de\u011ferlendiren \u00dcmit \u00d6zda\u011f, DEM Parti temsilcilerinin Abdullah \u00d6calan\u2019\u0131n yeni s\u00fcre\u00e7te \u00fcstlenece\u011fini \u00f6ne s\u00fcrd\u00fc\u011f\u00fc role ili\u015fkin bilgiler payla\u015ft\u0131\u011f\u0131n\u0131 s\u00f6yledi. \u00d6zda\u011f, s\u00f6z konusu geli\u015fmeye ili\u015fkin de\u011ferlendirmesinde \u201cEvet, nihayet Bah\u00e7eli\u2019nin \u00e7ok istedi\u011fi \u015fey oldu ve Abdullah \u00d6calan\u2019a bir stat\u00fc bulundu\u201d ifadelerini kulland\u0131. \u00d6zda\u011f\u2019\u0131n a\u00e7\u0131klamalar\u0131, DEM Parti heyetinin toplant\u0131da yapt\u0131\u011f\u0131 de\u011ferlendirmelerin ard\u0131ndan siyasi g\u00fcndemde tart\u0131\u015fma yaratt\u0131.<\/p>\n\n\n\n<p><strong>\u00d6zda\u011f sosyal medya hesab\u0131ndan yapt\u0131\u011f\u0131 a\u00e7\u0131klamada:<\/strong><\/p>\n\n\n\n<p>&#8220;Bug\u00fcn bu bas\u0131n toplant\u0131s\u0131na gelirken S\u00f6zc\u00fc gazetesine yeni girmi\u015f bir haberi g\u00f6rd\u00fcm ve okudum.<br \/>DEM Parti \u0130mral\u0131 Heyeti \u00fcyeleri Pervin Buldan, Faik \u00d6zt\u00fcrk ve \u00d6calan&#8217;la hapis yatan Veysi Akta\u015f, Taksim&#8217;de bir otelde bas\u0131n mensuplar\u0131yla bir toplant\u0131 yapm\u0131\u015flar ve bu a\u00e7\u0131klamalar \u00e7er\u00e7evesinde DEM Partililer, \u00d6calan&#8217;a verilecek g\u00f6revi duyurmu\u015flar.<\/p>\n\n\n\n<p>\u00d6calan, bu yasada bahsi ge\u00e7en iki komisyondan birisinin alt komisyonunda g\u00f6rev yapacakm\u0131\u015f. O komisyonun ba\u015fkanl\u0131\u011f\u0131n\u0131 yapacak anla\u015f\u0131lan.<\/p>\n\n\n\n<p>Evet, nihayet Bah\u00e7eli&#8217;nin \u00e7ok istedi\u011fi \u015fey oldu ve Abdullah \u00d6calan&#8217;a bir stat\u00fc bulundu.&#8221; ifadelerini kulland\u0131.<\/p>\n\n\n\n<figure class=\"wp-block-embed is-type-rich is-provider-x wp-block-embed-x\"><div class=\"wp-block-embed__wrapper\">\n<blockquote class=\"twitter-tweet\" data-width=\"550\" data-dnt=\"true\"><p lang=\"tr\" dir=\"ltr\">Bug\u00fcn bu bas\u0131n toplant\u0131s\u0131na gelirken S\u00f6zc\u00fc gazetesine yeni girmi\u015f bir haberi g\u00f6rd\u00fcm ve okudum. <br><br>DEM Parti \u0130mral\u0131 Heyeti \u00fcyeleri Pervin Buldan, Faik \u00d6zt\u00fcrk ve \u00d6calan&#39;la hapis yatan Veysi Akta\u015f, Taksim&#39;de bir otelde bas\u0131n mensuplar\u0131yla bir toplant\u0131 yapm\u0131\u015flar ve bu a\u00e7\u0131klamalar\u2026 <a href=\"https:\/\/t.co\/O7HTW0NV7G\">pic.twitter.com\/O7HTW0NV7G<\/a><\/p>&mdash; \u00dcmit \u00d6zda\u011f (@umitozdag) <a href=\"https:\/\/x.com\/umitozdag\/status\/2090480455925596308?ref_src=twsrc%5Etfw\">August 20, 2026<\/a><\/blockquote><script async src=\"https:\/\/platform.x.com\/widgets.js\" charset=\"utf-8\"><\/script>\n<\/div><\/figure>\n","protected":false},"excerpt":{"rendered":"<p>Zafer Partisi Genel Ba\u015fkan\u0131 \u00dcmit \u00d6zda\u011f, partisinin genel merkezinde d\u00fczenledi\u011fi bas\u0131n toplant\u0131s\u0131nda i\u00e7 ve d\u0131\u015f siyasete dair dikkat \u00e7eken a\u00e7\u0131klamalarda bulundu. Zafer Partisi Genel Ba\u015fkan\u0131 \u00dcmit \u00d6zda\u011f, BTP Genel Ba\u015fkan\u0131 H\u00fcseyin Ba\u015f, Adalet Partisi Genel Ba\u015fkan\u0131 Vecdet \u00d6z, Milli Yol Partisi Genel Ba\u015fkan\u0131 Remzi \u00c7ay\u0131r ve Kutlu Parti Genel Ba\u015fkan\u0131 Yusuf Hala\u00e7o\u011flu\u2019nun kat\u0131l\u0131m\u0131yla 21 A\u011fustos [&hellip;]<\/p>\n","protected":false},"author":12791,"featured_media":170686,"comment_status":"open","ping_status":"open","sticky":false,"template":"","format":"standard","meta":{"_yoast_wpseo_focuskw":"\u00f6zda\u011f - i\u00e7 ve d\u0131\u015f","_yoast_wpseo_title":"","_yoast_wpseo_metadesc":"\u00dcmit \u00d6zda\u011f, partisinin genel merkezinde d\u00fczenledi\u011fi bas\u0131n toplant\u0131s\u0131nda i\u00e7 ve d\u0131\u015f siyasete dair dikkat \u00e7eken a\u00e7\u0131klamalarda bulundu.","_bbp_topic_count":0,"_bbp_reply_count":0,"_bbp_total_topic_count":0,"_bbp_total_reply_count":0,"_bbp_voice_count":0,"_bbp_anonymous_reply_count":0,"_bbp_topic_count_hidden":0,"_bbp_reply_count_hidden":0,"_bbp_forum_subforum_count":0,"footnotes":"","_yoast_wpseo_focuskw_text_input":""},"categories":[1,8138,8226],"tags":[1933,8490,8491],"yoast_head":"<!-- This site is optimized with the Yoast SEO plugin v23.0 - https:\/\/yoast.com\/wordpress\/plugins\/seo\/ -->\n<title>\u00d6zda\u011f \u0130\u00e7 ve D\u0131\u015f Siyasete Dair A\u00e7\u0131klamalarda Bulundu - The Epoch Times TR<\/title>\n<meta name=\"description\" content=\"\u00dcmit \u00d6zda\u011f, partisinin genel merkezinde d\u00fczenledi\u011fi bas\u0131n toplant\u0131s\u0131nda i\u00e7 ve d\u0131\u015f siyasete dair dikkat \u00e7eken a\u00e7\u0131klamalarda bulundu.\" \/>\n<meta name=\"robots\" content=\"index, follow, max-snippet:-1, max-image-preview:large, max-video-preview:-1\" \/>\n<link rel=\"canonical\" href=\"https:\/\/epochtimestr.com\/index.php\/ozdag-ic-ve-dis-siyasete-dair-aciklamalarda-bulundu\" \/>\n<meta property=\"og:locale\" content=\"tr_TR\" \/>\n<meta property=\"og:type\" content=\"article\" \/>\n<meta property=\"og:title\" content=\"\u00d6zda\u011f \u0130\u00e7 ve D\u0131\u015f Siyasete Dair A\u00e7\u0131klamalarda Bulundu - The Epoch Times TR\" \/>\n<meta property=\"og:description\" content=\"\u00dcmit \u00d6zda\u011f, partisinin genel merkezinde d\u00fczenledi\u011fi bas\u0131n toplant\u0131s\u0131nda i\u00e7 ve d\u0131\u015f siyasete dair dikkat \u00e7eken a\u00e7\u0131klamalarda bulundu.\" \/>\n<meta property=\"og:url\" content=\"https:\/\/epochtimestr.com\/index.php\/ozdag-ic-ve-dis-siyasete-dair-aciklamalarda-bulundu\" \/>\n<meta property=\"og:site_name\" content=\"The Epoch Times TR\" \/>\n<meta property=\"article:publisher\" content=\"https:\/\/www.facebook.com\/theepochtimestr\" \/>\n<meta property=\"article:published_time\" content=\"2026-08-21T07:47:27+00:00\" \/>\n<meta property=\"article:modified_time\" content=\"2026-08-21T07:47:38+00:00\" \/>\n<meta property=\"og:image\" content=\"https:\/\/epochtimestr.com\/wp-content\/uploads\/2011y\/zafer-partisi-scaled.jpg\" \/>\n\t<meta property=\"og:image:width\" content=\"2560\" \/>\n\t<meta property=\"og:image:height\" content=\"1707\" \/>\n\t<meta property=\"og:image:type\" content=\"image\/jpeg\" \/>\n<meta name=\"author\" content=\"Haber Merkezi\" \/>\n<meta name=\"twitter:card\" content=\"summary_large_image\" \/>\n<meta name=\"twitter:creator\" content=\"@TheEpochTimesTR\" \/>\n<meta name=\"twitter:site\" content=\"@TheEpochTimesTR\" \/>\n<meta name=\"twitter:label1\" content=\"Yazan:\" \/>\n\t<meta name=\"twitter:data1\" content=\"Haber Merkezi\" \/>\n\t<meta name=\"twitter:label2\" content=\"Tahmini okuma s\u00fcresi\" \/>\n\t<meta name=\"twitter:data2\" content=\"5 dakika\" \/>\n<script type=\"application\/ld+json\" class=\"yoast-schema-graph\">{\"@context\":\"https:\/\/schema.org\",\"@graph\":[{\"@type\":\"Article\",\"@id\":\"https:\/\/epochtimestr.com\/index.php\/ozdag-ic-ve-dis-siyasete-dair-aciklamalarda-bulundu#article\",\"isPartOf\":{\"@id\":\"https:\/\/epochtimestr.com\/index.php\/ozdag-ic-ve-dis-siyasete-dair-aciklamalarda-bulundu\"},\"author\":{\"name\":\"Haber Merkezi\",\"@id\":\"https:\/\/epochtimestr.com\/#\/schema\/person\/3dc5c3adeb9f43923c5aa85889172fdd\"},\"headline\":\"\u00d6zda\u011f \u0130\u00e7 ve D\u0131\u015f Siyasete Dair A\u00e7\u0131klamalarda Bulundu\",\"datePublished\":\"2026-08-21T07:47:27+00:00\",\"dateModified\":\"2026-08-21T07:47:38+00:00\",\"mainEntityOfPage\":{\"@id\":\"https:\/\/epochtimestr.com\/index.php\/ozdag-ic-ve-dis-siyasete-dair-aciklamalarda-bulundu\"},\"wordCount\":998,\"commentCount\":0,\"publisher\":{\"@id\":\"https:\/\/epochtimestr.com\/#organization\"},\"image\":{\"@id\":\"https:\/\/epochtimestr.com\/index.php\/ozdag-ic-ve-dis-siyasete-dair-aciklamalarda-bulundu#primaryimage\"},\"thumbnailUrl\":\"https:\/\/epochtimestr.com\/wp-content\/uploads\/2011y\/zafer-partisi-scaled.jpg\",\"keywords\":[\"bas\u0131n toplant\u0131s\u0131\",\"\u00dcmit \u00d6zda\u011f\",\"Zafer Partisi\"],\"articleSection\":[\"G\u00dcNDEM\",\"MAN\u015eET\",\"Siyaset\"],\"inLanguage\":\"tr\",\"potentialAction\":[{\"@type\":\"CommentAction\",\"name\":\"Comment\",\"target\":[\"https:\/\/epochtimestr.com\/index.php\/ozdag-ic-ve-dis-siyasete-dair-aciklamalarda-bulundu#respond\"]}]},{\"@type\":\"WebPage\",\"@id\":\"https:\/\/epochtimestr.com\/index.php\/ozdag-ic-ve-dis-siyasete-dair-aciklamalarda-bulundu\",\"url\":\"https:\/\/epochtimestr.com\/index.php\/ozdag-ic-ve-dis-siyasete-dair-aciklamalarda-bulundu\",\"name\":\"\u00d6zda\u011f \u0130\u00e7 ve D\u0131\u015f Siyasete Dair A\u00e7\u0131klamalarda Bulundu - The Epoch Times TR\",\"isPartOf\":{\"@id\":\"https:\/\/epochtimestr.com\/#website\"},\"primaryImageOfPage\":{\"@id\":\"https:\/\/epochtimestr.com\/index.php\/ozdag-ic-ve-dis-siyasete-dair-aciklamalarda-bulundu#primaryimage\"},\"image\":{\"@id\":\"https:\/\/epochtimestr.com\/index.php\/ozdag-ic-ve-dis-siyasete-dair-aciklamalarda-bulundu#primaryimage\"},\"thumbnailUrl\":\"https:\/\/epochtimestr.com\/wp-content\/uploads\/2011y\/zafer-partisi-scaled.jpg\",\"datePublished\":\"2026-08-21T07:47:27+00:00\",\"dateModified\":\"2026-08-21T07:47:38+00:00\",\"description\":\"\u00dcmit \u00d6zda\u011f, partisinin genel merkezinde d\u00fczenledi\u011fi bas\u0131n toplant\u0131s\u0131nda i\u00e7 ve d\u0131\u015f siyasete dair dikkat \u00e7eken a\u00e7\u0131klamalarda bulundu.\",\"inLanguage\":\"tr\",\"potentialAction\":[{\"@type\":\"ReadAction\",\"target\":[\"https:\/\/epochtimestr.com\/index.php\/ozdag-ic-ve-dis-siyasete-dair-aciklamalarda-bulundu\"]}]},{\"@type\":\"ImageObject\",\"inLanguage\":\"tr\",\"@id\":\"https:\/\/epochtimestr.com\/index.php\/ozdag-ic-ve-dis-siyasete-dair-aciklamalarda-bulundu#primaryimage\",\"url\":\"https:\/\/epochtimestr.com\/wp-content\/uploads\/2011y\/zafer-partisi-scaled.jpg\",\"contentUrl\":\"https:\/\/epochtimestr.com\/wp-content\/uploads\/2011y\/zafer-partisi-scaled.jpg\",\"width\":2560,\"height\":1707},{\"@type\":\"WebSite\",\"@id\":\"https:\/\/epochtimestr.com\/#website\",\"url\":\"https:\/\/epochtimestr.com\/\",\"name\":\"The Epoch Times TR\",\"description\":\"De\u011fi\u015fen D\u00fcnyam\u0131za Taze Bir Bak\u0131\u015f\",\"publisher\":{\"@id\":\"https:\/\/epochtimestr.com\/#organization\"},\"potentialAction\":[{\"@type\":\"SearchAction\",\"target\":{\"@type\":\"EntryPoint\",\"urlTemplate\":\"https:\/\/epochtimestr.com\/?s={search_term_string}\"},\"query-input\":\"required name=search_term_string\"}],\"inLanguage\":\"tr\"},{\"@type\":\"Organization\",\"@id\":\"https:\/\/epochtimestr.com\/#organization\",\"name\":\"The EpochTimes T\u00fcrkiye\",\"url\":\"https:\/\/epochtimestr.com\/\",\"logo\":{\"@type\":\"ImageObject\",\"inLanguage\":\"tr\",\"@id\":\"https:\/\/epochtimestr.com\/#\/schema\/logo\/image\/\",\"url\":\"https:\/\/epochtimestr.com\/wp-content\/uploads\/2011y\/ET-Logo-YG.jpg\",\"contentUrl\":\"https:\/\/epochtimestr.com\/wp-content\/uploads\/2011y\/ET-Logo-YG.jpg\",\"width\":346,\"height\":29,\"caption\":\"The EpochTimes T\u00fcrkiye\"},\"image\":{\"@id\":\"https:\/\/epochtimestr.com\/#\/schema\/logo\/image\/\"},\"sameAs\":[\"https:\/\/www.facebook.com\/theepochtimestr\",\"https:\/\/x.com\/TheEpochTimesTR\",\"https:\/\/www.instagram.com\/epochtimestr\"]},{\"@type\":\"Person\",\"@id\":\"https:\/\/epochtimestr.com\/#\/schema\/person\/3dc5c3adeb9f43923c5aa85889172fdd\",\"name\":\"Haber Merkezi\",\"image\":{\"@type\":\"ImageObject\",\"inLanguage\":\"tr\",\"@id\":\"https:\/\/epochtimestr.com\/#\/schema\/person\/image\/\",\"url\":\"https:\/\/secure.gravatar.com\/avatar\/d73f772ba5a74f28601361e17c2f93e6?s=96&d=mm&r=g\",\"contentUrl\":\"https:\/\/secure.gravatar.com\/avatar\/d73f772ba5a74f28601361e17c2f93e6?s=96&d=mm&r=g\",\"caption\":\"Haber Merkezi\"},\"url\":\"https:\/\/epochtimestr.com\/index.php\/author\/sendag\"}]}<\/script>\n<!-- \/ Yoast SEO plugin. -->","yoast_head_json":{"title":"\u00d6zda\u011f \u0130\u00e7 ve D\u0131\u015f Siyasete Dair A\u00e7\u0131klamalarda Bulundu - The Epoch Times TR","description":"\u00dcmit \u00d6zda\u011f, partisinin genel merkezinde d\u00fczenledi\u011fi bas\u0131n toplant\u0131s\u0131nda i\u00e7 ve d\u0131\u015f siyasete dair dikkat \u00e7eken a\u00e7\u0131klamalarda bulundu.","robots":{"index":"index","follow":"follow","max-snippet":"max-snippet:-1","max-image-preview":"max-image-preview:large","max-video-preview":"max-video-preview:-1"},"canonical":"https:\/\/epochtimestr.com\/index.php\/ozdag-ic-ve-dis-siyasete-dair-aciklamalarda-bulundu","og_locale":"tr_TR","og_type":"article","og_title":"\u00d6zda\u011f \u0130\u00e7 ve D\u0131\u015f Siyasete Dair A\u00e7\u0131klamalarda Bulundu - The Epoch Times TR","og_description":"\u00dcmit \u00d6zda\u011f, partisinin genel merkezinde d\u00fczenledi\u011fi bas\u0131n toplant\u0131s\u0131nda i\u00e7 ve d\u0131\u015f siyasete dair dikkat \u00e7eken a\u00e7\u0131klamalarda bulundu.","og_url":"https:\/\/epochtimestr.com\/index.php\/ozdag-ic-ve-dis-siyasete-dair-aciklamalarda-bulundu","og_site_name":"The Epoch Times TR","article_publisher":"https:\/\/www.facebook.com\/theepochtimestr","article_published_time":"2026-08-21T07:47:27+00:00","article_modified_time":"2026-08-21T07:47:38+00:00","og_image":[{"width":2560,"height":1707,"url":"https:\/\/epochtimestr.com\/wp-content\/uploads\/2011y\/zafer-partisi-scaled.jpg","type":"image\/jpeg"}],"author":"Haber Merkezi","twitter_card":"summary_large_image","twitter_creator":"@TheEpochTimesTR","twitter_site":"@TheEpochTimesTR","twitter_misc":{"Yazan:":"Haber Merkezi","Tahmini okuma s\u00fcresi":"5 dakika"},"schema":{"@context":"https:\/\/schema.org","@graph":[{"@type":"Article","@id":"https:\/\/epochtimestr.com\/index.php\/ozdag-ic-ve-dis-siyasete-dair-aciklamalarda-bulundu#article","isPartOf":{"@id":"https:\/\/epochtimestr.com\/index.php\/ozdag-ic-ve-dis-siyasete-dair-aciklamalarda-bulundu"},"author":{"name":"Haber Merkezi","@id":"https:\/\/epochtimestr.com\/#\/schema\/person\/3dc5c3adeb9f43923c5aa85889172fdd"},"headline":"\u00d6zda\u011f \u0130\u00e7 ve D\u0131\u015f Siyasete Dair A\u00e7\u0131klamalarda Bulundu","datePublished":"2026-08-21T07:47:27+00:00","dateModified":"2026-08-21T07:47:38+00:00","mainEntityOfPage":{"@id":"https:\/\/epochtimestr.com\/index.php\/ozdag-ic-ve-dis-siyasete-dair-aciklamalarda-bulundu"},"wordCount":998,"commentCount":0,"publisher":{"@id":"https:\/\/epochtimestr.com\/#organization"},"image":{"@id":"https:\/\/epochtimestr.com\/index.php\/ozdag-ic-ve-dis-siyasete-dair-aciklamalarda-bulundu#primaryimage"},"thumbnailUrl":"https:\/\/epochtimestr.com\/wp-content\/uploads\/2011y\/zafer-partisi-scaled.jpg","keywords":["bas\u0131n toplant\u0131s\u0131","\u00dcmit \u00d6zda\u011f","Zafer Partisi"],"articleSection":["G\u00dcNDEM","MAN\u015eET","Siyaset"],"inLanguage":"tr","potentialAction":[{"@type":"CommentAction","name":"Comment","target":["https:\/\/epochtimestr.com\/index.php\/ozdag-ic-ve-dis-siyasete-dair-aciklamalarda-bulundu#respond"]}]},{"@type":"WebPage","@id":"https:\/\/epochtimestr.com\/index.php\/ozdag-ic-ve-dis-siyasete-dair-aciklamalarda-bulundu","url":"https:\/\/epochtimestr.com\/index.php\/ozdag-ic-ve-dis-siyasete-dair-aciklamalarda-bulundu","name":"\u00d6zda\u011f \u0130\u00e7 ve D\u0131\u015f Siyasete Dair A\u00e7\u0131klamalarda Bulundu - The Epoch Times TR","isPartOf":{"@id":"https:\/\/epochtimestr.com\/#website"},"primaryImageOfPage":{"@id":"https:\/\/epochtimestr.com\/index.php\/ozdag-ic-ve-dis-siyasete-dair-aciklamalarda-bulundu#primaryimage"},"image":{"@id":"https:\/\/epochtimestr.com\/index.php\/ozdag-ic-ve-dis-siyasete-dair-aciklamalarda-bulundu#primaryimage"},"thumbnailUrl":"https:\/\/epochtimestr.com\/wp-content\/uploads\/2011y\/zafer-partisi-scaled.jpg","datePublished":"2026-08-21T07:47:27+00:00","dateModified":"2026-08-21T07:47:38+00:00","description":"\u00dcmit \u00d6zda\u011f, partisinin genel merkezinde d\u00fczenledi\u011fi bas\u0131n toplant\u0131s\u0131nda i\u00e7 ve d\u0131\u015f siyasete dair dikkat \u00e7eken a\u00e7\u0131klamalarda bulundu.","inLanguage":"tr","potentialAction":[{"@type":"ReadAction","target":["https:\/\/epochtimestr.com\/index.php\/ozdag-ic-ve-dis-siyasete-dair-aciklamalarda-bulundu"]}]},{"@type":"ImageObject","inLanguage":"tr","@id":"https:\/\/epochtimestr.com\/index.php\/ozdag-ic-ve-dis-siyasete-dair-aciklamalarda-bulundu#primaryimage","url":"https:\/\/epochtimestr.com\/wp-content\/uploads\/2011y\/zafer-partisi-scaled.jpg","contentUrl":"https:\/\/epochtimestr.com\/wp-content\/uploads\/2011y\/zafer-partisi-scaled.jpg","width":2560,"height":1707},{"@type":"WebSite","@id":"https:\/\/epochtimestr.com\/#website","url":"https:\/\/epochtimestr.com\/","name":"The Epoch Times TR","description":"De\u011fi\u015fen D\u00fcnyam\u0131za Taze Bir Bak\u0131\u015f","publisher":{"@id":"https:\/\/epochtimestr.com\/#organization"},"potentialAction":[{"@type":"SearchAction","target":{"@type":"EntryPoint","urlTemplate":"https:\/\/epochtimestr.com\/?s={search_term_string}"},"query-input":"required name=search_term_string"}],"inLanguage":"tr"},{"@type":"Organization","@id":"https:\/\/epochtimestr.com\/#organization","name":"The EpochTimes T\u00fcrkiye","url":"https:\/\/epochtimestr.com\/","logo":{"@type":"ImageObject","inLanguage":"tr","@id":"https:\/\/epochtimestr.com\/#\/schema\/logo\/image\/","url":"https:\/\/epochtimestr.com\/wp-content\/uploads\/2011y\/ET-Logo-YG.jpg","contentUrl":"https:\/\/epochtimestr.com\/wp-content\/uploads\/2011y\/ET-Logo-YG.jpg","width":346,"height":29,"caption":"The EpochTimes T\u00fcrkiye"},"image":{"@id":"https:\/\/epochtimestr.com\/#\/schema\/logo\/image\/"},"sameAs":["https:\/\/www.facebook.com\/theepochtimestr","https:\/\/x.com\/TheEpochTimesTR","https:\/\/www.instagram.com\/epochtimestr"]},{"@type":"Person","@id":"https:\/\/epochtimestr.com\/#\/schema\/person\/3dc5c3adeb9f43923c5aa85889172fdd","name":"Haber Merkezi","image":{"@type":"ImageObject","inLanguage":"tr","@id":"https:\/\/epochtimestr.com\/#\/schema\/person\/image\/","url":"https:\/\/secure.gravatar.com\/avatar\/d73f772ba5a74f28601361e17c2f93e6?s=96&d=mm&r=g","contentUrl":"https:\/\/secure.gravatar.com\/avatar\/d73f772ba5a74f28601361e17c2f93e6?s=96&d=mm&r=g","caption":"Haber Merkezi"},"url":"https:\/\/epochtimestr.com\/index.php\/author\/sendag"}]}},"_links":{"self":[{"href":"https:\/\/epochtimestr.com\/index.php\/wp-json\/wp\/v2\/posts\/170685"}],"collection":[{"href":"https:\/\/epochtimestr.com\/index.php\/wp-json\/wp\/v2\/posts"}],"about":[{"href":"https:\/\/epochtimestr.com\/index.php\/wp-json\/wp\/v2\/types\/post"}],"author":[{"embeddable":true,"href":"https:\/\/epochtimestr.com\/index.php\/wp-json\/wp\/v2\/users\/12791"}],"replies":[{"embeddable":true,"href":"https:\/\/epochtimestr.com\/index.php\/wp-json\/wp\/v2\/comments?post=170685"}],"version-history":[{"count":2,"href":"https:\/\/epochtimestr.com\/index.php\/wp-json\/wp\/v2\/posts\/170685\/revisions"}],"predecessor-version":[{"id":170698,"href":"https:\/\/epochtimestr.com\/index.php\/wp-json\/wp\/v2\/posts\/170685\/revisions\/170698"}],"wp:featuredmedia":[{"embeddable":true,"href":"https:\/\/epochtimestr.com\/index.php\/wp-json\/wp\/v2\/media\/170686"}],"wp:attachment":[{"href":"https:\/\/epochtimestr.com\/index.php\/wp-json\/wp\/v2\/media?parent=170685"}],"wp:term":[{"taxonomy":"category","embeddable":true,"href":"https:\/\/epochtimestr.com\/index.php\/wp-json\/wp\/v2\/categories?post=170685"},{"taxonomy":"post_tag","embeddable":true,"href":"https:\/\/epochtimestr.com\/index.php\/wp-json\/wp\/v2\/tags?post=170685"}],"curies":[{"name":"wp","href":"https:\/\/api.w.org\/{rel}","templated":true}]}}