{"id":170692,"date":"2026-08-21T10:23:48","date_gmt":"2026-08-21T07:23:48","guid":{"rendered":"https:\/\/epochtimestr.com\/?p=170692"},"modified":"2026-08-21T11:07:17","modified_gmt":"2026-08-21T08:07:17","slug":"agirbastan-mersinde-onemli-aciklama-merdiven-alti-geri-donusum-tesisleri-masada","status":"publish","type":"post","link":"https:\/\/epochtimestr.com\/index.php\/agirbastan-mersinde-onemli-aciklama-merdiven-alti-geri-donusum-tesisleri-masada","title":{"rendered":"A\u011f\u0131rba\u015f&#8217;tan Mersin&#8217;de \u00d6nemli A\u00e7\u0131klama: Merdiven Alt\u0131 Geri D\u00f6n\u00fc\u015f\u00fcm Tesisleri Masada"},"content":{"rendered":"<div class=\"wp-block-image\">\n<figure class=\"aligncenter size-large\"><img loading=\"lazy\" decoding=\"async\" width=\"1799\" height=\"1200\" src=\"https:\/\/epochtimestr.com\/wp-content\/uploads\/2011y\/mERSIN-sIFIR-aTIK-1799x1200.jpeg\" alt=\"A\u011f\u0131rba\u015f'tan Mersin'de \u00f6nemli a\u00e7\u0131klama: Merdiven alt\u0131 geri d\u00f6n\u00fc\u015f\u00fcm tesisleri masada (Foto\u011fraf: T\u00fcrkiye S\u0131f\u0131r At\u0131k Bas\u0131n B\u00fcrosu)\" class=\"wp-image-170693\" srcset=\"https:\/\/epochtimestr.com\/wp-content\/uploads\/2011y\/mERSIN-sIFIR-aTIK-1799x1200.jpeg 1799w, https:\/\/epochtimestr.com\/wp-content\/uploads\/2011y\/mERSIN-sIFIR-aTIK-300x200.jpeg 300w, https:\/\/epochtimestr.com\/wp-content\/uploads\/2011y\/mERSIN-sIFIR-aTIK-150x100.jpeg 150w, https:\/\/epochtimestr.com\/wp-content\/uploads\/2011y\/mERSIN-sIFIR-aTIK-768x512.jpeg 768w, https:\/\/epochtimestr.com\/wp-content\/uploads\/2011y\/mERSIN-sIFIR-aTIK-1536x1025.jpeg 1536w, https:\/\/epochtimestr.com\/wp-content\/uploads\/2011y\/mERSIN-sIFIR-aTIK.jpeg 2048w\" sizes=\"(max-width: 1799px) 100vw, 1799px\" \/><figcaption class=\"wp-element-caption\">A\u011f\u0131rba\u015f&#8217;tan Mersin&#8217;de \u00f6nemli a\u00e7\u0131klama: Merdiven alt\u0131 geri d\u00f6n\u00fc\u015f\u00fcm tesisleri masada (Foto\u011fraf: T\u00fcrkiye S\u0131f\u0131r At\u0131k Bas\u0131n B\u00fcrosu)<\/figcaption><\/figure><\/div>\n\n\n<p><strong><em>31 A\u011fustos-1 Eyl\u00fcl 2026 tarihlerinde \u0130stanbul\u2019da ger\u00e7ekle\u015ftirilecek T\u00fcrkiye Plastik At\u0131k \u00c7al\u0131\u015ftay\u0131 \u00f6ncesinde ger\u00e7ekle\u015ftirilen Mersin Koordinasyon Toplant\u0131s\u0131nda S\u0131f\u0131r At\u0131k Vakf\u0131 Ba\u015fkan\u0131 Samed A\u011f\u0131rba\u015f \u00f6nemli a\u00e7\u0131klamalarda bulundu. A\u011f\u0131rba\u015f, merdiven alt\u0131 geri d\u00f6n\u00fc\u015f\u00fcm tesislerinin bitirilmesi konusunda \u00e7al\u0131\u015fmalar\u0131n devam etti\u011fini s\u00f6yledi. <\/em><\/strong><\/p>\n\n\n\n<p><strong>T\u00fcrkiye Plastik At\u0131k \u00c7al\u0131\u015ftay\u0131na<\/strong> yerel dinamiklerin g\u00f6r\u00fc\u015f ve \u00f6nerilerini ta\u015f\u0131mak amac\u0131yla d\u00fczenlenen \u015fehir koordinasyon toplant\u0131lar\u0131 kapsam\u0131nda <strong>Mersin \u015eehir Koordinasyon Toplant\u0131s\u0131<\/strong> ger\u00e7ekle\u015ftirildi. Mersin Valili\u011fi himayesinde d\u00fczenlenen toplant\u0131ya Mersin Valisi <strong>Atilla Toros<\/strong>, <a href=\"https:\/\/cop.sifiratikvakfi.org\/\" target=\"_blank\" rel=\"noreferrer noopener\">S\u0131f\u0131r At\u0131k Vakf\u0131<\/a> Ba\u015fkan\u0131 ve COP31 Y\u00fcksek D\u00fczeyli \u0130klim \u015eampiyonu <strong>Samed A\u011f\u0131rba\u015f<\/strong> ile kamu kurumlar\u0131, belediyeler, \u00fcniversiteler, sanayi ve ticaret odalar\u0131, organize sanayi b\u00f6lgeleri, sivil toplum kurulu\u015flar\u0131 ve \u00f6zel sekt\u00f6r temsilcileri kat\u0131ld\u0131.<\/p>\n\n\n\n<p>Toplant\u0131da, S\u0131f\u0131r At\u0131k Hareketi Kurucusu ve Birle\u015fmi\u015f Milletler S\u0131f\u0131r At\u0131k Y\u00fcksek D\u00fczeyli \u015eahsiyetler Dan\u0131\u015fma Kurulu Ba\u015fkan\u0131 Emine Erdo\u011fan\u2019\u0131n ortaya koydu\u011fu s\u0131f\u0131r at\u0131k vizyonu do\u011frultusunda Mersin\u2019in plastik d\u00f6ng\u00fcs\u00fcndeki mevcut durumu ve bunun Akdeniz\u2019e uzanan etkileri kapsaml\u0131 \u015fekilde ele al\u0131nd\u0131.<\/p>\n\n\n\n<p>Kentin plastik at\u0131klar\u0131n azalt\u0131lmas\u0131, geri kazan\u0131m\u0131 ve denizlere ula\u015fmas\u0131n\u0131n \u00f6nlenmesine y\u00f6nelik \u00f6ncelikleri de toplant\u0131da masaya yat\u0131r\u0131ld\u0131.<\/p>\n\n\n<div class=\"wp-block-image\">\n<figure class=\"aligncenter size-large\"><img loading=\"lazy\" decoding=\"async\" width=\"1799\" height=\"1200\" src=\"https:\/\/epochtimestr.com\/wp-content\/uploads\/2011y\/Samed-Agirbas-1799x1200.jpeg\" alt=\"S\u0131f\u0131r At\u0131k Vakf\u0131 Ba\u015fkan\u0131 ve COP31 Y\u00fcksek D\u00fczeyli \u0130klim \u015eampiyonu Samed A\u011f\u0131rba\u015f (Foto\u011fraf: T\u00fcrkiye S\u0131f\u0131r At\u0131k Bas\u0131n B\u00fcrosu)\" class=\"wp-image-170694\" srcset=\"https:\/\/epochtimestr.com\/wp-content\/uploads\/2011y\/Samed-Agirbas-1799x1200.jpeg 1799w, https:\/\/epochtimestr.com\/wp-content\/uploads\/2011y\/Samed-Agirbas-300x200.jpeg 300w, https:\/\/epochtimestr.com\/wp-content\/uploads\/2011y\/Samed-Agirbas-150x100.jpeg 150w, https:\/\/epochtimestr.com\/wp-content\/uploads\/2011y\/Samed-Agirbas-768x512.jpeg 768w, https:\/\/epochtimestr.com\/wp-content\/uploads\/2011y\/Samed-Agirbas-1536x1025.jpeg 1536w, https:\/\/epochtimestr.com\/wp-content\/uploads\/2011y\/Samed-Agirbas.jpeg 2048w\" sizes=\"(max-width: 1799px) 100vw, 1799px\" \/><figcaption class=\"wp-element-caption\"><em>S\u0131f\u0131r At\u0131k Vakf\u0131 Ba\u015fkan\u0131 ve COP31 Y\u00fcksek D\u00fczeyli \u0130klim \u015eampiyonu <\/em>Samed A\u011f\u0131rba\u015f (Foto\u011fraf: T\u00fcrkiye S\u0131f\u0131r At\u0131k Bas\u0131n B\u00fcrosu)<\/figcaption><\/figure><\/div>\n\n\n<h3 class=\"wp-block-heading\">\u201cMersin, plastik d\u00f6ng\u00fcs\u00fcnde hem karasal hem de deniz boyutuyla \u00f6nemli\u201d<\/h3>\n\n\n\n<p>S\u0131f\u0131r At\u0131k Vakf\u0131 Ba\u015fkan\u0131 ve COP31 Y\u00fcksek D\u00fczeyli \u0130klim \u015eampiyonu <strong>Samed A\u011f\u0131rba\u015f<\/strong>, Mersin\u2019in Akdeniz\u2019e a\u00e7\u0131lan k\u0131y\u0131lar\u0131, g\u00fc\u00e7l\u00fc \u00fcretim ve ticaret yap\u0131s\u0131yla plastik d\u00f6ng\u00fcs\u00fcn\u00fcn <a href=\"https:\/\/epochtimestr.com\/index.php\/ingilterenin-geri-donusum-atiklari-tarim-arazilerini-zehirliyor\" target=\"_blank\" rel=\"noreferrer noopener\">hem karasal hem de deniz<\/a> boyutlar\u0131n\u0131 de\u011ferlendirmek a\u00e7\u0131s\u0131ndan olduk\u00e7a \u00f6nemli bir \u015fehir oldu\u011funa dikkat \u00e7ekti.<\/p>\n\n\n\n<p>\u201cBiz plastik meselesini yaln\u0131zca at\u0131\u011f\u0131 nas\u0131l toplay\u0131p geri d\u00f6n\u00fc\u015ft\u00fcrece\u011fiz sorusuyla s\u0131n\u0131rl\u0131 g\u00f6rm\u00fcyoruz.\u201d diyen A\u011f\u0131rba\u015f, as\u0131l hedefin gereksiz plastik kullan\u0131m\u0131n\u0131 azaltmak, at\u0131\u011f\u0131n kayna\u011f\u0131nda olu\u015fmas\u0131n\u0131 \u00f6nlemek, yeniden kullan\u0131m\u0131 ve geri d\u00f6n\u00fc\u015f\u00fcm\u00fc g\u00fc\u00e7lendirmek, plastiklerin do\u011faya, \u00f6zellikle de denizlere ula\u015fmas\u0131n\u0131n \u00f6n\u00fcne ge\u00e7mek oldu\u011funu s\u00f6yledi.<\/p>\n\n\n\n<p>Yap\u0131lan \u00e7al\u0131\u015fman\u0131n temelinde Emine Erdo\u011fan\u2019\u0131n \u00f6nc\u00fcl\u00fc\u011f\u00fcnde T\u00fcrkiye\u2019de ba\u015flayan S\u0131f\u0131r At\u0131k Hareketi\u2019nin ortaya koydu\u011fu g\u00fc\u00e7l\u00fc vizyonun bulundu\u011funu ifade eden A\u011f\u0131rba\u015f, \u00e7al\u0131\u015fmalar\u0131n temel anlay\u0131\u015f\u0131n\u0131 \u015fu s\u00f6zlerle aktard\u0131:<\/p>\n\n\n\n<p>\u201cS\u0131f\u0131r at\u0131k bizde yaln\u0131zca at\u0131\u011f\u0131 y\u00f6netmeyi de\u011fil, kayna\u011f\u0131 korumay\u0131, israf\u0131 azaltmay\u0131, at\u0131\u011f\u0131 olu\u015fmadan \u00f6nlemeyi ve ekonomiyi daha d\u00f6ng\u00fcsel hale getirmeyi \u00f6\u011fretiyor. Biz de plastik konusunda bu anlay\u0131\u015f\u0131 daha ileriye ta\u015f\u0131mak istiyoruz.\u201d<\/p>\n\n\n<div class=\"wp-block-image\">\n<figure class=\"aligncenter size-full\"><img loading=\"lazy\" decoding=\"async\" width=\"850\" height=\"637\" src=\"https:\/\/epochtimestr.com\/wp-content\/uploads\/2011y\/Atilla-Toros.jpeg\" alt=\"Mersin Valisi Atilla Toros konu\u015fuyor. (Foto\u011fraf: G. Hakan Ko\u00e7man, The Epoch Times T\u00fcrkiye)\" class=\"wp-image-170695\" srcset=\"https:\/\/epochtimestr.com\/wp-content\/uploads\/2011y\/Atilla-Toros.jpeg 850w, https:\/\/epochtimestr.com\/wp-content\/uploads\/2011y\/Atilla-Toros-300x225.jpeg 300w, https:\/\/epochtimestr.com\/wp-content\/uploads\/2011y\/Atilla-Toros-150x112.jpeg 150w, https:\/\/epochtimestr.com\/wp-content\/uploads\/2011y\/Atilla-Toros-768x576.jpeg 768w, https:\/\/epochtimestr.com\/wp-content\/uploads\/2011y\/Atilla-Toros-86x64.jpeg 86w\" sizes=\"(max-width: 850px) 100vw, 850px\" \/><figcaption class=\"wp-element-caption\">Mersin Valisi Atilla Toros konu\u015fuyor. (Foto\u011fraf: G. Hakan Ko\u00e7man, The Epoch Times T\u00fcrkiye)<\/figcaption><\/figure><\/div>\n\n\n<h3 class=\"wp-block-heading\">Mersin\u2019de \u00e7evrenin korunmas\u0131na tavizsiz yakla\u015f\u0131m<\/h3>\n\n\n\n<p>Mersin Valisi <strong>Atilla Toros<\/strong> ise konu\u015fmas\u0131na, Emine Erdo\u011fan\u2019\u0131n ortaya koydu\u011fu S\u0131f\u0131r At\u0131k vizyonunun d\u00fcnyada \u00f6nemli bir fark\u0131ndal\u0131k olu\u015fturdu\u011funu belirterek ba\u015flad\u0131.<\/p>\n\n\n\n<p>Mersin olarak bu anlay\u0131\u015f\u0131 sahada g\u00fc\u00e7lendirmeyi ve somut sonu\u00e7lara d\u00f6n\u00fc\u015ft\u00fcrmeyi \u00f6nemsediklerini ifade eden Toros, \u00e7evrenin korunmas\u0131 konusunda tavizsiz bir yakla\u015f\u0131m i\u00e7inde olduklar\u0131n\u0131 s\u00f6yledi.<\/p>\n\n\n\n<p>Bu \u00e7er\u00e7evede \u00c7evre, \u015eehircilik ve \u0130klim De\u011fi\u015fikli\u011fi Bakanl\u0131\u011f\u0131nca Mersin\u2019de ve \u00e7evre illerde bulunan plastik geri kazan\u0131m tesislerine y\u00f6nelik denetimlerin hassasiyetle s\u00fcrd\u00fcr\u00fcld\u00fc\u011f\u00fcn\u00fc belirten Toros, Mersin\u2019de faaliyet g\u00f6steren 20 plastik geri kazan\u0131m tesisinden mevzuata ayk\u0131r\u0131 hareket eden 2 tesise idari yapt\u0131r\u0131m uyguland\u0131\u011f\u0131n\u0131 kaydetti.<\/p>\n\n\n\n<p>Toros, \u201cAyr\u0131ca kentsel at\u0131k su ar\u0131tma tesislerinden numuneler al\u0131nd\u0131. Al\u0131nan numunelerin analiz s\u00fcreci devam etmektedir. 2025 ve 2026 y\u0131llar\u0131nda yap\u0131lan denetimlerde de cezalar kesildi. 2025 y\u0131l\u0131nda kesti\u011fimiz ceza miktar\u0131 59 milyon 246 bin 75 lira. 2026 y\u0131l\u0131nda ise 49 milyon 395 bin 812 lira ceza kestik.\u201d dedi.<\/p>\n\n\n\n<h3 class=\"wp-block-heading\">Merdiven alt\u0131 tesisler bitirilecek<\/h3>\n\n\n\n<p>Toros\u2019un a\u00e7\u0131klamalar\u0131n\u0131n ard\u0131ndan soru-cevap b\u00f6l\u00fcm\u00fcne ge\u00e7ildi. Gazetemiz Yaz\u0131 \u0130\u015fleri M\u00fcd\u00fcr\u00fc ve \u0130mtiyaz Sahibi <strong>G\u00fcltekin Hakan Ko\u00e7man\u2019\u0131n<\/strong>, Akdeniz\u2019de yay\u0131lan kirlili\u011fin Adana\u2019daki lisanss\u0131z geri d\u00f6n\u00fc\u015f\u00fcm tesisleriyle ba\u011flant\u0131s\u0131na ili\u015fkin sorusunu yan\u0131tlayan Samed A\u011f\u0131rba\u015f, konunun ilgili kurumlarla ele al\u0131nd\u0131\u011f\u0131n\u0131 s\u00f6yledi.<\/p>\n\n\n\n<p>A\u011f\u0131rba\u015f, \u015fu ifadeleri kulland\u0131:<\/p>\n\n\n\n<p>\u201cBu ba\u011flamda ben \u015funu ifade edeyim: Bu konuyu Adalet Bakanl\u0131\u011f\u0131 ile g\u00f6r\u00fc\u015ft\u00fck. \u00c7evre, \u015eehircilik ve \u0130klim De\u011fi\u015fikli\u011fi Bakanl\u0131\u011f\u0131m\u0131z bu hususta denetimler yap\u0131yor. Di\u011fer bakanl\u0131klar\u0131m\u0131z da denetimler ger\u00e7ekle\u015ftiriyor. Valimiz de konu\u015fmas\u0131nda bahsetti. Valimizin liderli\u011finde denetimler yap\u0131l\u0131yor, cezalar kesiliyor. Adana\u2019da da ayn\u0131 \u015fekilde.<\/p>\n\n\n\n<p>\u015euna kat\u0131l\u0131yorum: Bu i\u015fin merdiven alt\u0131 diye tabir edilen bir kesimi oldu\u011fu ifade ediliyor. Bu s\u00fcrecin bitirilmesiyle alakal\u0131 bakanl\u0131klar\u0131m\u0131z\u0131n ve kurumlar\u0131m\u0131z\u0131n \u00e7al\u0131\u015fmalar\u0131 var. \u0130n\u015fallah \u00f6n\u00fcm\u00fczdeki s\u00fcre\u00e7te bu i\u015fin bitirilece\u011fini birlikte g\u00f6rece\u011fimize inan\u0131yorum. B\u00fct\u00fcn bu sorunlar\u0131 31 A\u011fustos ve 1 Eyl\u00fcl tarihlerinde yapaca\u011f\u0131m\u0131z \u00e7al\u0131\u015ftayda konu\u015fuyor olaca\u011f\u0131z.\u201d<\/p>\n","protected":false},"excerpt":{"rendered":"<p>31 A\u011fustos-1 Eyl\u00fcl 2026 tarihlerinde \u0130stanbul\u2019da ger\u00e7ekle\u015ftirilecek T\u00fcrkiye Plastik At\u0131k \u00c7al\u0131\u015ftay\u0131 \u00f6ncesinde ger\u00e7ekle\u015ftirilen Mersin Koordinasyon Toplant\u0131s\u0131nda S\u0131f\u0131r At\u0131k Vakf\u0131 Ba\u015fkan\u0131 Samed A\u011f\u0131rba\u015f \u00f6nemli a\u00e7\u0131klamalarda bulundu. A\u011f\u0131rba\u015f, merdiven alt\u0131 geri d\u00f6n\u00fc\u015f\u00fcm tesislerinin bitirilmesi konusunda \u00e7al\u0131\u015fmalar\u0131n devam etti\u011fini s\u00f6yledi. T\u00fcrkiye Plastik At\u0131k \u00c7al\u0131\u015ftay\u0131na yerel dinamiklerin g\u00f6r\u00fc\u015f ve \u00f6nerilerini ta\u015f\u0131mak amac\u0131yla d\u00fczenlenen \u015fehir koordinasyon toplant\u0131lar\u0131 kapsam\u0131nda Mersin \u015eehir [&hellip;]<\/p>\n","protected":false},"author":12791,"featured_media":170694,"comment_status":"open","ping_status":"open","sticky":false,"template":"","format":"standard","meta":{"_yoast_wpseo_focuskw":"merdiven alt\u0131 geri d\u00f6n\u00fc\u015f\u00fcm","_yoast_wpseo_title":"","_yoast_wpseo_metadesc":"S\u0131f\u0131r At\u0131k Vakf\u0131 Ba\u015fkan\u0131 Samed A\u011f\u0131rba\u015f, merdiven alt\u0131 geri d\u00f6n\u00fc\u015f\u00fcm tesislerinin bitirilmesi konusunda \u00e7al\u0131\u015fmalar\u0131n devam etti\u011fini s\u00f6yledi.","_bbp_topic_count":0,"_bbp_reply_count":0,"_bbp_total_topic_count":0,"_bbp_total_reply_count":0,"_bbp_voice_count":0,"_bbp_anonymous_reply_count":0,"_bbp_topic_count_hidden":0,"_bbp_reply_count_hidden":0,"_bbp_forum_subforum_count":0,"footnotes":"","_yoast_wpseo_focuskw_text_input":""},"categories":[12237,1,8138],"tags":[],"yoast_head":"<!-- This site is optimized with the Yoast SEO plugin v23.0 - https:\/\/yoast.com\/wordpress\/plugins\/seo\/ -->\n<title>A\u011f\u0131rba\u015f&#039;tan Mersin&#039;de \u00d6nemli A\u00e7\u0131klama: Merdiven Alt\u0131 Geri D\u00f6n\u00fc\u015f\u00fcm Tesisleri Masada - The Epoch Times TR<\/title>\n<meta name=\"description\" content=\"S\u0131f\u0131r At\u0131k Vakf\u0131 Ba\u015fkan\u0131 Samed A\u011f\u0131rba\u015f, merdiven alt\u0131 geri d\u00f6n\u00fc\u015f\u00fcm tesislerinin bitirilmesi konusunda \u00e7al\u0131\u015fmalar\u0131n devam etti\u011fini s\u00f6yledi.\" \/>\n<meta name=\"robots\" content=\"index, follow, max-snippet:-1, max-image-preview:large, max-video-preview:-1\" \/>\n<link rel=\"canonical\" href=\"https:\/\/epochtimestr.com\/index.php\/agirbastan-mersinde-onemli-aciklama-merdiven-alti-geri-donusum-tesisleri-masada\" \/>\n<meta property=\"og:locale\" content=\"tr_TR\" \/>\n<meta property=\"og:type\" content=\"article\" \/>\n<meta property=\"og:title\" content=\"A\u011f\u0131rba\u015f&#039;tan Mersin&#039;de \u00d6nemli A\u00e7\u0131klama: Merdiven Alt\u0131 Geri D\u00f6n\u00fc\u015f\u00fcm Tesisleri Masada - The Epoch Times TR\" \/>\n<meta property=\"og:description\" content=\"S\u0131f\u0131r At\u0131k Vakf\u0131 Ba\u015fkan\u0131 Samed A\u011f\u0131rba\u015f, merdiven alt\u0131 geri d\u00f6n\u00fc\u015f\u00fcm tesislerinin bitirilmesi konusunda \u00e7al\u0131\u015fmalar\u0131n devam etti\u011fini s\u00f6yledi.\" \/>\n<meta property=\"og:url\" content=\"https:\/\/epochtimestr.com\/index.php\/agirbastan-mersinde-onemli-aciklama-merdiven-alti-geri-donusum-tesisleri-masada\" \/>\n<meta property=\"og:site_name\" content=\"The Epoch Times TR\" \/>\n<meta property=\"article:publisher\" content=\"https:\/\/www.facebook.com\/theepochtimestr\" \/>\n<meta property=\"article:published_time\" content=\"2026-08-21T07:23:48+00:00\" \/>\n<meta property=\"article:modified_time\" content=\"2026-08-21T08:07:17+00:00\" \/>\n<meta property=\"og:image\" content=\"https:\/\/epochtimestr.com\/wp-content\/uploads\/2011y\/Samed-Agirbas.jpeg\" \/>\n\t<meta property=\"og:image:width\" content=\"2048\" \/>\n\t<meta property=\"og:image:height\" content=\"1366\" \/>\n\t<meta property=\"og:image:type\" content=\"image\/jpeg\" \/>\n<meta name=\"author\" content=\"Haber Merkezi\" \/>\n<meta name=\"twitter:card\" content=\"summary_large_image\" \/>\n<meta name=\"twitter:creator\" content=\"@TheEpochTimesTR\" \/>\n<meta name=\"twitter:site\" content=\"@TheEpochTimesTR\" \/>\n<meta name=\"twitter:label1\" content=\"Yazan:\" \/>\n\t<meta name=\"twitter:data1\" content=\"Haber Merkezi\" \/>\n\t<meta name=\"twitter:label2\" content=\"Tahmini okuma s\u00fcresi\" \/>\n\t<meta name=\"twitter:data2\" content=\"5 dakika\" \/>\n<script type=\"application\/ld+json\" class=\"yoast-schema-graph\">{\"@context\":\"https:\/\/schema.org\",\"@graph\":[{\"@type\":\"Article\",\"@id\":\"https:\/\/epochtimestr.com\/index.php\/agirbastan-mersinde-onemli-aciklama-merdiven-alti-geri-donusum-tesisleri-masada#article\",\"isPartOf\":{\"@id\":\"https:\/\/epochtimestr.com\/index.php\/agirbastan-mersinde-onemli-aciklama-merdiven-alti-geri-donusum-tesisleri-masada\"},\"author\":{\"name\":\"Haber Merkezi\",\"@id\":\"https:\/\/epochtimestr.com\/#\/schema\/person\/3dc5c3adeb9f43923c5aa85889172fdd\"},\"headline\":\"A\u011f\u0131rba\u015f&#8217;tan Mersin&#8217;de \u00d6nemli A\u00e7\u0131klama: Merdiven Alt\u0131 Geri D\u00f6n\u00fc\u015f\u00fcm Tesisleri Masada\",\"datePublished\":\"2026-08-21T07:23:48+00:00\",\"dateModified\":\"2026-08-21T08:07:17+00:00\",\"mainEntityOfPage\":{\"@id\":\"https:\/\/epochtimestr.com\/index.php\/agirbastan-mersinde-onemli-aciklama-merdiven-alti-geri-donusum-tesisleri-masada\"},\"wordCount\":962,\"commentCount\":0,\"publisher\":{\"@id\":\"https:\/\/epochtimestr.com\/#organization\"},\"image\":{\"@id\":\"https:\/\/epochtimestr.com\/index.php\/agirbastan-mersinde-onemli-aciklama-merdiven-alti-geri-donusum-tesisleri-masada#primaryimage\"},\"thumbnailUrl\":\"https:\/\/epochtimestr.com\/wp-content\/uploads\/2011y\/Samed-Agirbas.jpeg\",\"articleSection\":[\"\u00c7evre ve Do\u011fa\",\"G\u00dcNDEM\",\"MAN\u015eET\"],\"inLanguage\":\"tr\",\"potentialAction\":[{\"@type\":\"CommentAction\",\"name\":\"Comment\",\"target\":[\"https:\/\/epochtimestr.com\/index.php\/agirbastan-mersinde-onemli-aciklama-merdiven-alti-geri-donusum-tesisleri-masada#respond\"]}]},{\"@type\":\"WebPage\",\"@id\":\"https:\/\/epochtimestr.com\/index.php\/agirbastan-mersinde-onemli-aciklama-merdiven-alti-geri-donusum-tesisleri-masada\",\"url\":\"https:\/\/epochtimestr.com\/index.php\/agirbastan-mersinde-onemli-aciklama-merdiven-alti-geri-donusum-tesisleri-masada\",\"name\":\"A\u011f\u0131rba\u015f'tan Mersin'de \u00d6nemli A\u00e7\u0131klama: Merdiven Alt\u0131 Geri D\u00f6n\u00fc\u015f\u00fcm Tesisleri Masada - The Epoch Times TR\",\"isPartOf\":{\"@id\":\"https:\/\/epochtimestr.com\/#website\"},\"primaryImageOfPage\":{\"@id\":\"https:\/\/epochtimestr.com\/index.php\/agirbastan-mersinde-onemli-aciklama-merdiven-alti-geri-donusum-tesisleri-masada#primaryimage\"},\"image\":{\"@id\":\"https:\/\/epochtimestr.com\/index.php\/agirbastan-mersinde-onemli-aciklama-merdiven-alti-geri-donusum-tesisleri-masada#primaryimage\"},\"thumbnailUrl\":\"https:\/\/epochtimestr.com\/wp-content\/uploads\/2011y\/Samed-Agirbas.jpeg\",\"datePublished\":\"2026-08-21T07:23:48+00:00\",\"dateModified\":\"2026-08-21T08:07:17+00:00\",\"description\":\"S\u0131f\u0131r At\u0131k Vakf\u0131 Ba\u015fkan\u0131 Samed A\u011f\u0131rba\u015f, merdiven alt\u0131 geri d\u00f6n\u00fc\u015f\u00fcm tesislerinin bitirilmesi konusunda \u00e7al\u0131\u015fmalar\u0131n devam etti\u011fini s\u00f6yledi.\",\"inLanguage\":\"tr\",\"potentialAction\":[{\"@type\":\"ReadAction\",\"target\":[\"https:\/\/epochtimestr.com\/index.php\/agirbastan-mersinde-onemli-aciklama-merdiven-alti-geri-donusum-tesisleri-masada\"]}]},{\"@type\":\"ImageObject\",\"inLanguage\":\"tr\",\"@id\":\"https:\/\/epochtimestr.com\/index.php\/agirbastan-mersinde-onemli-aciklama-merdiven-alti-geri-donusum-tesisleri-masada#primaryimage\",\"url\":\"https:\/\/epochtimestr.com\/wp-content\/uploads\/2011y\/Samed-Agirbas.jpeg\",\"contentUrl\":\"https:\/\/epochtimestr.com\/wp-content\/uploads\/2011y\/Samed-Agirbas.jpeg\",\"width\":2048,\"height\":1366},{\"@type\":\"WebSite\",\"@id\":\"https:\/\/epochtimestr.com\/#website\",\"url\":\"https:\/\/epochtimestr.com\/\",\"name\":\"The Epoch Times TR\",\"description\":\"De\u011fi\u015fen D\u00fcnyam\u0131za Taze Bir Bak\u0131\u015f\",\"publisher\":{\"@id\":\"https:\/\/epochtimestr.com\/#organization\"},\"potentialAction\":[{\"@type\":\"SearchAction\",\"target\":{\"@type\":\"EntryPoint\",\"urlTemplate\":\"https:\/\/epochtimestr.com\/?s={search_term_string}\"},\"query-input\":\"required name=search_term_string\"}],\"inLanguage\":\"tr\"},{\"@type\":\"Organization\",\"@id\":\"https:\/\/epochtimestr.com\/#organization\",\"name\":\"The EpochTimes T\u00fcrkiye\",\"url\":\"https:\/\/epochtimestr.com\/\",\"logo\":{\"@type\":\"ImageObject\",\"inLanguage\":\"tr\",\"@id\":\"https:\/\/epochtimestr.com\/#\/schema\/logo\/image\/\",\"url\":\"https:\/\/epochtimestr.com\/wp-content\/uploads\/2011y\/ET-Logo-YG.jpg\",\"contentUrl\":\"https:\/\/epochtimestr.com\/wp-content\/uploads\/2011y\/ET-Logo-YG.jpg\",\"width\":346,\"height\":29,\"caption\":\"The EpochTimes T\u00fcrkiye\"},\"image\":{\"@id\":\"https:\/\/epochtimestr.com\/#\/schema\/logo\/image\/\"},\"sameAs\":[\"https:\/\/www.facebook.com\/theepochtimestr\",\"https:\/\/x.com\/TheEpochTimesTR\",\"https:\/\/www.instagram.com\/epochtimestr\"]},{\"@type\":\"Person\",\"@id\":\"https:\/\/epochtimestr.com\/#\/schema\/person\/3dc5c3adeb9f43923c5aa85889172fdd\",\"name\":\"Haber Merkezi\",\"image\":{\"@type\":\"ImageObject\",\"inLanguage\":\"tr\",\"@id\":\"https:\/\/epochtimestr.com\/#\/schema\/person\/image\/\",\"url\":\"https:\/\/secure.gravatar.com\/avatar\/d73f772ba5a74f28601361e17c2f93e6?s=96&d=mm&r=g\",\"contentUrl\":\"https:\/\/secure.gravatar.com\/avatar\/d73f772ba5a74f28601361e17c2f93e6?s=96&d=mm&r=g\",\"caption\":\"Haber Merkezi\"},\"url\":\"https:\/\/epochtimestr.com\/index.php\/author\/sendag\"}]}<\/script>\n<!-- \/ Yoast SEO plugin. -->","yoast_head_json":{"title":"A\u011f\u0131rba\u015f'tan Mersin'de \u00d6nemli A\u00e7\u0131klama: Merdiven Alt\u0131 Geri D\u00f6n\u00fc\u015f\u00fcm Tesisleri Masada - The Epoch Times TR","description":"S\u0131f\u0131r At\u0131k Vakf\u0131 Ba\u015fkan\u0131 Samed A\u011f\u0131rba\u015f, merdiven alt\u0131 geri d\u00f6n\u00fc\u015f\u00fcm tesislerinin bitirilmesi konusunda \u00e7al\u0131\u015fmalar\u0131n devam etti\u011fini s\u00f6yledi.","robots":{"index":"index","follow":"follow","max-snippet":"max-snippet:-1","max-image-preview":"max-image-preview:large","max-video-preview":"max-video-preview:-1"},"canonical":"https:\/\/epochtimestr.com\/index.php\/agirbastan-mersinde-onemli-aciklama-merdiven-alti-geri-donusum-tesisleri-masada","og_locale":"tr_TR","og_type":"article","og_title":"A\u011f\u0131rba\u015f'tan Mersin'de \u00d6nemli A\u00e7\u0131klama: Merdiven Alt\u0131 Geri D\u00f6n\u00fc\u015f\u00fcm Tesisleri Masada - The Epoch Times TR","og_description":"S\u0131f\u0131r At\u0131k Vakf\u0131 Ba\u015fkan\u0131 Samed A\u011f\u0131rba\u015f, merdiven alt\u0131 geri d\u00f6n\u00fc\u015f\u00fcm tesislerinin bitirilmesi konusunda \u00e7al\u0131\u015fmalar\u0131n devam etti\u011fini s\u00f6yledi.","og_url":"https:\/\/epochtimestr.com\/index.php\/agirbastan-mersinde-onemli-aciklama-merdiven-alti-geri-donusum-tesisleri-masada","og_site_name":"The Epoch Times TR","article_publisher":"https:\/\/www.facebook.com\/theepochtimestr","article_published_time":"2026-08-21T07:23:48+00:00","article_modified_time":"2026-08-21T08:07:17+00:00","og_image":[{"width":2048,"height":1366,"url":"https:\/\/epochtimestr.com\/wp-content\/uploads\/2011y\/Samed-Agirbas.jpeg","type":"image\/jpeg"}],"author":"Haber Merkezi","twitter_card":"summary_large_image","twitter_creator":"@TheEpochTimesTR","twitter_site":"@TheEpochTimesTR","twitter_misc":{"Yazan:":"Haber Merkezi","Tahmini okuma s\u00fcresi":"5 dakika"},"schema":{"@context":"https:\/\/schema.org","@graph":[{"@type":"Article","@id":"https:\/\/epochtimestr.com\/index.php\/agirbastan-mersinde-onemli-aciklama-merdiven-alti-geri-donusum-tesisleri-masada#article","isPartOf":{"@id":"https:\/\/epochtimestr.com\/index.php\/agirbastan-mersinde-onemli-aciklama-merdiven-alti-geri-donusum-tesisleri-masada"},"author":{"name":"Haber Merkezi","@id":"https:\/\/epochtimestr.com\/#\/schema\/person\/3dc5c3adeb9f43923c5aa85889172fdd"},"headline":"A\u011f\u0131rba\u015f&#8217;tan Mersin&#8217;de \u00d6nemli A\u00e7\u0131klama: Merdiven Alt\u0131 Geri D\u00f6n\u00fc\u015f\u00fcm Tesisleri Masada","datePublished":"2026-08-21T07:23:48+00:00","dateModified":"2026-08-21T08:07:17+00:00","mainEntityOfPage":{"@id":"https:\/\/epochtimestr.com\/index.php\/agirbastan-mersinde-onemli-aciklama-merdiven-alti-geri-donusum-tesisleri-masada"},"wordCount":962,"commentCount":0,"publisher":{"@id":"https:\/\/epochtimestr.com\/#organization"},"image":{"@id":"https:\/\/epochtimestr.com\/index.php\/agirbastan-mersinde-onemli-aciklama-merdiven-alti-geri-donusum-tesisleri-masada#primaryimage"},"thumbnailUrl":"https:\/\/epochtimestr.com\/wp-content\/uploads\/2011y\/Samed-Agirbas.jpeg","articleSection":["\u00c7evre ve Do\u011fa","G\u00dcNDEM","MAN\u015eET"],"inLanguage":"tr","potentialAction":[{"@type":"CommentAction","name":"Comment","target":["https:\/\/epochtimestr.com\/index.php\/agirbastan-mersinde-onemli-aciklama-merdiven-alti-geri-donusum-tesisleri-masada#respond"]}]},{"@type":"WebPage","@id":"https:\/\/epochtimestr.com\/index.php\/agirbastan-mersinde-onemli-aciklama-merdiven-alti-geri-donusum-tesisleri-masada","url":"https:\/\/epochtimestr.com\/index.php\/agirbastan-mersinde-onemli-aciklama-merdiven-alti-geri-donusum-tesisleri-masada","name":"A\u011f\u0131rba\u015f'tan Mersin'de \u00d6nemli A\u00e7\u0131klama: Merdiven Alt\u0131 Geri D\u00f6n\u00fc\u015f\u00fcm Tesisleri Masada - The Epoch Times TR","isPartOf":{"@id":"https:\/\/epochtimestr.com\/#website"},"primaryImageOfPage":{"@id":"https:\/\/epochtimestr.com\/index.php\/agirbastan-mersinde-onemli-aciklama-merdiven-alti-geri-donusum-tesisleri-masada#primaryimage"},"image":{"@id":"https:\/\/epochtimestr.com\/index.php\/agirbastan-mersinde-onemli-aciklama-merdiven-alti-geri-donusum-tesisleri-masada#primaryimage"},"thumbnailUrl":"https:\/\/epochtimestr.com\/wp-content\/uploads\/2011y\/Samed-Agirbas.jpeg","datePublished":"2026-08-21T07:23:48+00:00","dateModified":"2026-08-21T08:07:17+00:00","description":"S\u0131f\u0131r At\u0131k Vakf\u0131 Ba\u015fkan\u0131 Samed A\u011f\u0131rba\u015f, merdiven alt\u0131 geri d\u00f6n\u00fc\u015f\u00fcm tesislerinin bitirilmesi konusunda \u00e7al\u0131\u015fmalar\u0131n devam etti\u011fini s\u00f6yledi.","inLanguage":"tr","potentialAction":[{"@type":"ReadAction","target":["https:\/\/epochtimestr.com\/index.php\/agirbastan-mersinde-onemli-aciklama-merdiven-alti-geri-donusum-tesisleri-masada"]}]},{"@type":"ImageObject","inLanguage":"tr","@id":"https:\/\/epochtimestr.com\/index.php\/agirbastan-mersinde-onemli-aciklama-merdiven-alti-geri-donusum-tesisleri-masada#primaryimage","url":"https:\/\/epochtimestr.com\/wp-content\/uploads\/2011y\/Samed-Agirbas.jpeg","contentUrl":"https:\/\/epochtimestr.com\/wp-content\/uploads\/2011y\/Samed-Agirbas.jpeg","width":2048,"height":1366},{"@type":"WebSite","@id":"https:\/\/epochtimestr.com\/#website","url":"https:\/\/epochtimestr.com\/","name":"The Epoch Times TR","description":"De\u011fi\u015fen D\u00fcnyam\u0131za Taze Bir Bak\u0131\u015f","publisher":{"@id":"https:\/\/epochtimestr.com\/#organization"},"potentialAction":[{"@type":"SearchAction","target":{"@type":"EntryPoint","urlTemplate":"https:\/\/epochtimestr.com\/?s={search_term_string}"},"query-input":"required name=search_term_string"}],"inLanguage":"tr"},{"@type":"Organization","@id":"https:\/\/epochtimestr.com\/#organization","name":"The EpochTimes T\u00fcrkiye","url":"https:\/\/epochtimestr.com\/","logo":{"@type":"ImageObject","inLanguage":"tr","@id":"https:\/\/epochtimestr.com\/#\/schema\/logo\/image\/","url":"https:\/\/epochtimestr.com\/wp-content\/uploads\/2011y\/ET-Logo-YG.jpg","contentUrl":"https:\/\/epochtimestr.com\/wp-content\/uploads\/2011y\/ET-Logo-YG.jpg","width":346,"height":29,"caption":"The EpochTimes T\u00fcrkiye"},"image":{"@id":"https:\/\/epochtimestr.com\/#\/schema\/logo\/image\/"},"sameAs":["https:\/\/www.facebook.com\/theepochtimestr","https:\/\/x.com\/TheEpochTimesTR","https:\/\/www.instagram.com\/epochtimestr"]},{"@type":"Person","@id":"https:\/\/epochtimestr.com\/#\/schema\/person\/3dc5c3adeb9f43923c5aa85889172fdd","name":"Haber Merkezi","image":{"@type":"ImageObject","inLanguage":"tr","@id":"https:\/\/epochtimestr.com\/#\/schema\/person\/image\/","url":"https:\/\/secure.gravatar.com\/avatar\/d73f772ba5a74f28601361e17c2f93e6?s=96&d=mm&r=g","contentUrl":"https:\/\/secure.gravatar.com\/avatar\/d73f772ba5a74f28601361e17c2f93e6?s=96&d=mm&r=g","caption":"Haber Merkezi"},"url":"https:\/\/epochtimestr.com\/index.php\/author\/sendag"}]}},"_links":{"self":[{"href":"https:\/\/epochtimestr.com\/index.php\/wp-json\/wp\/v2\/posts\/170692"}],"collection":[{"href":"https:\/\/epochtimestr.com\/index.php\/wp-json\/wp\/v2\/posts"}],"about":[{"href":"https:\/\/epochtimestr.com\/index.php\/wp-json\/wp\/v2\/types\/post"}],"author":[{"embeddable":true,"href":"https:\/\/epochtimestr.com\/index.php\/wp-json\/wp\/v2\/users\/12791"}],"replies":[{"embeddable":true,"href":"https:\/\/epochtimestr.com\/index.php\/wp-json\/wp\/v2\/comments?post=170692"}],"version-history":[{"count":2,"href":"https:\/\/epochtimestr.com\/index.php\/wp-json\/wp\/v2\/posts\/170692\/revisions"}],"predecessor-version":[{"id":170702,"href":"https:\/\/epochtimestr.com\/index.php\/wp-json\/wp\/v2\/posts\/170692\/revisions\/170702"}],"wp:featuredmedia":[{"embeddable":true,"href":"https:\/\/epochtimestr.com\/index.php\/wp-json\/wp\/v2\/media\/170694"}],"wp:attachment":[{"href":"https:\/\/epochtimestr.com\/index.php\/wp-json\/wp\/v2\/media?parent=170692"}],"wp:term":[{"taxonomy":"category","embeddable":true,"href":"https:\/\/epochtimestr.com\/index.php\/wp-json\/wp\/v2\/categories?post=170692"},{"taxonomy":"post_tag","embeddable":true,"href":"https:\/\/epochtimestr.com\/index.php\/wp-json\/wp\/v2\/tags?post=170692"}],"curies":[{"name":"wp","href":"https:\/\/api.w.org\/{rel}","templated":true}]}}