{"id":170705,"date":"2026-08-21T11:17:48","date_gmt":"2026-08-21T08:17:48","guid":{"rendered":"https:\/\/epochtimestr.com\/?p=170705"},"modified":"2026-08-21T11:18:04","modified_gmt":"2026-08-21T08:18:04","slug":"agustos-sonu-topragin-ve-vicdanin-hasat-vakti","status":"publish","type":"post","link":"https:\/\/epochtimestr.com\/index.php\/agustos-sonu-topragin-ve-vicdanin-hasat-vakti","title":{"rendered":"A\u011fustos Sonu: Topra\u011f\u0131n Ve Vicdan\u0131n Hasat Vakti"},"content":{"rendered":"\n<p>De\u011ferli okurlar,<\/p>\n\n\n\n<p>Zaman, avu\u00e7lar\u0131m\u0131z\u0131n aras\u0131ndan usulca s\u00fcz\u00fclen su misali yine ak\u0131p ge\u00e7ti. Takvimler a\u011fustosun sonlar\u0131n\u0131 g\u00f6sterirken yaz\u0131n c\u0131v\u0131l c\u0131v\u0131l \u00e7ocuk sesleriyle ne\u015fesi, yerini olgun bir sessizli\u011fe b\u0131rak\u0131yor. Ba\u015faklar e\u011fildi, dallar meyvesini sundu, toprak kendisine emanet edilenleri c\u00f6mert\u00e7e geri vermeye ba\u015flad\u0131.<\/p>\n\n\n\n<p>\u00c7\u00fcnk\u00fc tabiat\u0131n de\u011fi\u015fmeyen bir kanunu var: Emek, sab\u0131r ve zaman birle\u015fti\u011finde hasat ka\u00e7\u0131n\u0131lmazd\u0131r.<\/p>\n\n\n\n<p>\u0130nsan da topra\u011fa benzer. G\u00f6nl\u00fcne ekti\u011fi her d\u00fc\u015f\u00fcnce, her dua, her iyilik ve her sab\u0131r tohumu zaman\u0131 geldi\u011finde mutlaka filiz verir. Kimi g\u00f6zya\u015f\u0131yla sulan\u0131r, kimi umutla b\u00fcy\u00fcr. Belki hemen meyvesini vermez ama hi\u00e7bir ger\u00e7ek emek b\u00fct\u00fcn\u00fcyle kaybolmaz.<\/p>\n\n\n\n<p>A\u011fustos sonu yaln\u0131zca tarlalar\u0131n de\u011fil, insan\u0131n kendi i\u00e7 d\u00fcnyas\u0131n\u0131n da harman vaktidir.<\/p>\n\n\n\n<p>\u015eimdi kendimize sorman\u0131n tam zaman\u0131:<br \/>Bu y\u0131l g\u00f6n\u00fcl topra\u011f\u0131m\u0131za ne ektik?<br \/>Bir g\u00f6nle dokunabildik mi?<br \/>K\u0131rd\u0131\u011f\u0131m\u0131z bir kalbi onarabildik mi?<br \/>Affetmeyi \u00f6\u011frenebildik mi?<br \/>Bizi y\u0131llard\u0131r yoran d\u00fc\u015f\u00fcnceleri geride b\u0131rakabildik mi?<br \/>Ruh heybemizi iyiliklerle doldurabildik mi?<br \/>Belki bekledi\u011fimiz b\u00fct\u00fcn meyveleri hen\u00fcz toplayamad\u0131k. Belki y\u0131llard\u0131r verdi\u011fimiz baz\u0131 emeklerin kar\u015f\u0131l\u0131\u011f\u0131n\u0131 h\u00e2l\u00e2 bekliyoruz.<br \/>Ama unutmayal\u0131m, toprak bile bize sabretmeyi \u00f6\u011fretiyor.<\/p>\n\n\n\n<p>Bir tohum topra\u011fa d\u00fc\u015ft\u00fc\u011f\u00fc g\u00fcn meyve vermez. \u00d6nce karanl\u0131\u011fa g\u00f6m\u00fcl\u00fcr, k\u00f6k salar, ya\u011fmuru ve g\u00fcne\u015fi bekler. \u0130nsan hayat\u0131 da b\u00f6yledir. Bazen karanl\u0131ktan ge\u00e7meden filizlenemeyiz.<\/p>\n\n\n\n<p>Hayat bizi d\u00fc\u015f\u00fcrebilir, yorabilir, k\u0131rabilir. Fakat insan\u0131n ger\u00e7ek g\u00fcc\u00fc hi\u00e7 d\u00fc\u015fmemesinde de\u011fil, d\u00fc\u015ft\u00fc\u011f\u00fc yerden yeniden kalkabilmesindedir.<\/p>\n\n\n\n<p>Olgunla\u015fan ba\u015fak nas\u0131l e\u011filiyorsa, olgunla\u015fan insan da hayat\u0131n kar\u015f\u0131s\u0131nda tevazuyu \u00f6\u011frenir. \u00c7\u00fcnk\u00fc y\u0131llar\u0131n \u00e7oklu\u011fu de\u011fil, o y\u0131llara ne katt\u0131\u011f\u0131m\u0131z \u00f6nemlidir.<\/p>\n\n\n\n<p>As\u0131l hasat ambarlara ta\u015f\u0131nan \u00fcr\u00fcn de\u011fil, g\u00f6n\u00fcllerde ye\u015feren vicdan, y\u00fcrekte b\u00fcy\u00fcyen sevgi ve hayatta b\u0131rak\u0131lan g\u00fczel izdir.<\/p>\n\n\n\n<p>A\u011fustos bize bug\u00fcn sessizce \u015funu s\u00f6yl\u00fcyor:<br \/>\u201cSen kendi g\u00f6n\u00fcl topra\u011f\u0131nda ne yeti\u015ftirdin?\u201d<br \/>Cevab\u0131m\u0131z ne olursa olsun, hen\u00fcz her \u015fey bitmi\u015f de\u011fil.<br \/>\u00c7\u00fcnk\u00fc g\u00fczel bir tohum ekmek i\u00e7in hi\u00e7bir zaman ge\u00e7 de\u011fildir.<br \/>Yeter ki umudun elini b\u0131rakmayal\u0131m; g\u00f6nl\u00fcm\u00fcz\u00fcn hasad\u0131nda insanl\u0131\u011f\u0131m\u0131z\u0131 kaybetmeyelim.<\/p>\n\n\n\n<p>Sevgiyle, sa\u011fl\u0131kl\u0131 huzurlu g\u00fcnler dile\u011fimle.<\/p>\n","protected":false},"excerpt":{"rendered":"<p>De\u011ferli okurlar, Zaman, avu\u00e7lar\u0131m\u0131z\u0131n aras\u0131ndan usulca s\u00fcz\u00fclen su misali yine ak\u0131p ge\u00e7ti. Takvimler a\u011fustosun sonlar\u0131n\u0131 g\u00f6sterirken yaz\u0131n c\u0131v\u0131l c\u0131v\u0131l \u00e7ocuk sesleriyle ne\u015fesi, yerini olgun bir sessizli\u011fe b\u0131rak\u0131yor. Ba\u015faklar e\u011fildi, dallar meyvesini sundu, toprak kendisine emanet edilenleri c\u00f6mert\u00e7e geri vermeye ba\u015flad\u0131. \u00c7\u00fcnk\u00fc tabiat\u0131n de\u011fi\u015fmeyen bir kanunu var: Emek, sab\u0131r ve zaman birle\u015fti\u011finde hasat ka\u00e7\u0131n\u0131lmazd\u0131r. \u0130nsan da [&hellip;]<\/p>\n","protected":false},"author":13998,"featured_media":160116,"comment_status":"open","ping_status":"open","sticky":false,"template":"","format":"standard","meta":{"_yoast_wpseo_focuskw":"hasat vakti","_yoast_wpseo_title":"","_yoast_wpseo_metadesc":"Takvimler a\u011fustosun sonlar\u0131n\u0131 g\u00f6sterirken yaz\u0131n c\u0131v\u0131l c\u0131v\u0131l \u00e7ocuk sesleriyle ne\u015fesi, yerini olgun bir sessizli\u011fe b\u0131rak\u0131yor.","_bbp_topic_count":0,"_bbp_reply_count":0,"_bbp_total_topic_count":0,"_bbp_total_reply_count":0,"_bbp_voice_count":0,"_bbp_anonymous_reply_count":0,"_bbp_topic_count_hidden":0,"_bbp_reply_count_hidden":0,"_bbp_forum_subforum_count":0,"footnotes":"","_yoast_wpseo_focuskw_text_input":""},"categories":[8889],"tags":[11729,11752],"yoast_head":"<!-- This site is optimized with the Yoast SEO plugin v23.0 - https:\/\/yoast.com\/wordpress\/plugins\/seo\/ -->\n<title>A\u011fustos Sonu: Topra\u011f\u0131n Ve Vicdan\u0131n Hasat Vakti - The Epoch Times TR<\/title>\n<meta name=\"description\" content=\"Takvimler a\u011fustosun sonlar\u0131n\u0131 g\u00f6sterirken yaz\u0131n c\u0131v\u0131l c\u0131v\u0131l \u00e7ocuk sesleriyle ne\u015fesi, yerini olgun bir sessizli\u011fe b\u0131rak\u0131yor.\" \/>\n<meta name=\"robots\" content=\"index, follow, max-snippet:-1, max-image-preview:large, max-video-preview:-1\" \/>\n<link rel=\"canonical\" href=\"https:\/\/epochtimestr.com\/index.php\/agustos-sonu-topragin-ve-vicdanin-hasat-vakti\" \/>\n<meta property=\"og:locale\" content=\"tr_TR\" \/>\n<meta property=\"og:type\" content=\"article\" \/>\n<meta property=\"og:title\" content=\"A\u011fustos Sonu: Topra\u011f\u0131n Ve Vicdan\u0131n Hasat Vakti - The Epoch Times TR\" \/>\n<meta property=\"og:description\" content=\"Takvimler a\u011fustosun sonlar\u0131n\u0131 g\u00f6sterirken yaz\u0131n c\u0131v\u0131l c\u0131v\u0131l \u00e7ocuk sesleriyle ne\u015fesi, yerini olgun bir sessizli\u011fe b\u0131rak\u0131yor.\" \/>\n<meta property=\"og:url\" content=\"https:\/\/epochtimestr.com\/index.php\/agustos-sonu-topragin-ve-vicdanin-hasat-vakti\" \/>\n<meta property=\"og:site_name\" content=\"The Epoch Times TR\" \/>\n<meta property=\"article:publisher\" content=\"https:\/\/www.facebook.com\/theepochtimestr\" \/>\n<meta property=\"article:published_time\" content=\"2026-08-21T08:17:48+00:00\" \/>\n<meta property=\"article:modified_time\" content=\"2026-08-21T08:18:04+00:00\" \/>\n<meta property=\"og:image\" content=\"https:\/\/epochtimestr.com\/wp-content\/uploads\/2011y\/SERIFE-ESER-SM.png\" \/>\n\t<meta property=\"og:image:width\" content=\"1200\" \/>\n\t<meta property=\"og:image:height\" content=\"630\" \/>\n\t<meta property=\"og:image:type\" content=\"image\/png\" \/>\n<meta name=\"author\" content=\"\u015eerife Eser\" \/>\n<meta name=\"twitter:card\" content=\"summary_large_image\" \/>\n<meta name=\"twitter:creator\" content=\"@TheEpochTimesTR\" \/>\n<meta name=\"twitter:site\" content=\"@TheEpochTimesTR\" \/>\n<meta name=\"twitter:label1\" content=\"Yazan:\" \/>\n\t<meta name=\"twitter:data1\" content=\"\u015eerife Eser\" \/>\n\t<meta name=\"twitter:label2\" content=\"Tahmini okuma s\u00fcresi\" \/>\n\t<meta name=\"twitter:data2\" content=\"2 dakika\" \/>\n<script type=\"application\/ld+json\" class=\"yoast-schema-graph\">{\"@context\":\"https:\/\/schema.org\",\"@graph\":[{\"@type\":\"Article\",\"@id\":\"https:\/\/epochtimestr.com\/index.php\/agustos-sonu-topragin-ve-vicdanin-hasat-vakti#article\",\"isPartOf\":{\"@id\":\"https:\/\/epochtimestr.com\/index.php\/agustos-sonu-topragin-ve-vicdanin-hasat-vakti\"},\"author\":{\"name\":\"\u015eerife Eser\",\"@id\":\"https:\/\/epochtimestr.com\/#\/schema\/person\/82b65a1390e2b0717a679b57ed38d466\"},\"headline\":\"A\u011fustos Sonu: Topra\u011f\u0131n Ve Vicdan\u0131n Hasat Vakti\",\"datePublished\":\"2026-08-21T08:17:48+00:00\",\"dateModified\":\"2026-08-21T08:18:04+00:00\",\"mainEntityOfPage\":{\"@id\":\"https:\/\/epochtimestr.com\/index.php\/agustos-sonu-topragin-ve-vicdanin-hasat-vakti\"},\"wordCount\":456,\"commentCount\":1,\"publisher\":{\"@id\":\"https:\/\/epochtimestr.com\/#organization\"},\"image\":{\"@id\":\"https:\/\/epochtimestr.com\/index.php\/agustos-sonu-topragin-ve-vicdanin-hasat-vakti#primaryimage\"},\"thumbnailUrl\":\"https:\/\/epochtimestr.com\/wp-content\/uploads\/2011y\/Serife-Eser-Profil-1.png\",\"keywords\":[\"K\u00f6\u015fe\",\"k\u00f6\u015fe sosyoloji\"],\"articleSection\":[\"K\u00f6\u015fe Yaz\u0131lar\u0131 \u015eerife Eser\"],\"inLanguage\":\"tr\",\"potentialAction\":[{\"@type\":\"CommentAction\",\"name\":\"Comment\",\"target\":[\"https:\/\/epochtimestr.com\/index.php\/agustos-sonu-topragin-ve-vicdanin-hasat-vakti#respond\"]}]},{\"@type\":\"WebPage\",\"@id\":\"https:\/\/epochtimestr.com\/index.php\/agustos-sonu-topragin-ve-vicdanin-hasat-vakti\",\"url\":\"https:\/\/epochtimestr.com\/index.php\/agustos-sonu-topragin-ve-vicdanin-hasat-vakti\",\"name\":\"A\u011fustos Sonu: Topra\u011f\u0131n Ve Vicdan\u0131n Hasat Vakti - The Epoch Times TR\",\"isPartOf\":{\"@id\":\"https:\/\/epochtimestr.com\/#website\"},\"primaryImageOfPage\":{\"@id\":\"https:\/\/epochtimestr.com\/index.php\/agustos-sonu-topragin-ve-vicdanin-hasat-vakti#primaryimage\"},\"image\":{\"@id\":\"https:\/\/epochtimestr.com\/index.php\/agustos-sonu-topragin-ve-vicdanin-hasat-vakti#primaryimage\"},\"thumbnailUrl\":\"https:\/\/epochtimestr.com\/wp-content\/uploads\/2011y\/Serife-Eser-Profil-1.png\",\"datePublished\":\"2026-08-21T08:17:48+00:00\",\"dateModified\":\"2026-08-21T08:18:04+00:00\",\"description\":\"Takvimler a\u011fustosun sonlar\u0131n\u0131 g\u00f6sterirken yaz\u0131n c\u0131v\u0131l c\u0131v\u0131l \u00e7ocuk sesleriyle ne\u015fesi, yerini olgun bir sessizli\u011fe b\u0131rak\u0131yor.\",\"inLanguage\":\"tr\",\"potentialAction\":[{\"@type\":\"ReadAction\",\"target\":[\"https:\/\/epochtimestr.com\/index.php\/agustos-sonu-topragin-ve-vicdanin-hasat-vakti\"]}]},{\"@type\":\"ImageObject\",\"inLanguage\":\"tr\",\"@id\":\"https:\/\/epochtimestr.com\/index.php\/agustos-sonu-topragin-ve-vicdanin-hasat-vakti#primaryimage\",\"url\":\"https:\/\/epochtimestr.com\/wp-content\/uploads\/2011y\/Serife-Eser-Profil-1.png\",\"contentUrl\":\"https:\/\/epochtimestr.com\/wp-content\/uploads\/2011y\/Serife-Eser-Profil-1.png\",\"width\":600,\"height\":600},{\"@type\":\"WebSite\",\"@id\":\"https:\/\/epochtimestr.com\/#website\",\"url\":\"https:\/\/epochtimestr.com\/\",\"name\":\"The Epoch Times TR\",\"description\":\"De\u011fi\u015fen D\u00fcnyam\u0131za Taze Bir Bak\u0131\u015f\",\"publisher\":{\"@id\":\"https:\/\/epochtimestr.com\/#organization\"},\"potentialAction\":[{\"@type\":\"SearchAction\",\"target\":{\"@type\":\"EntryPoint\",\"urlTemplate\":\"https:\/\/epochtimestr.com\/?s={search_term_string}\"},\"query-input\":\"required name=search_term_string\"}],\"inLanguage\":\"tr\"},{\"@type\":\"Organization\",\"@id\":\"https:\/\/epochtimestr.com\/#organization\",\"name\":\"The EpochTimes T\u00fcrkiye\",\"url\":\"https:\/\/epochtimestr.com\/\",\"logo\":{\"@type\":\"ImageObject\",\"inLanguage\":\"tr\",\"@id\":\"https:\/\/epochtimestr.com\/#\/schema\/logo\/image\/\",\"url\":\"https:\/\/epochtimestr.com\/wp-content\/uploads\/2011y\/ET-Logo-YG.jpg\",\"contentUrl\":\"https:\/\/epochtimestr.com\/wp-content\/uploads\/2011y\/ET-Logo-YG.jpg\",\"width\":346,\"height\":29,\"caption\":\"The EpochTimes T\u00fcrkiye\"},\"image\":{\"@id\":\"https:\/\/epochtimestr.com\/#\/schema\/logo\/image\/\"},\"sameAs\":[\"https:\/\/www.facebook.com\/theepochtimestr\",\"https:\/\/x.com\/TheEpochTimesTR\",\"https:\/\/www.instagram.com\/epochtimestr\"]},{\"@type\":\"Person\",\"@id\":\"https:\/\/epochtimestr.com\/#\/schema\/person\/82b65a1390e2b0717a679b57ed38d466\",\"name\":\"\u015eerife Eser\",\"image\":{\"@type\":\"ImageObject\",\"inLanguage\":\"tr\",\"@id\":\"https:\/\/epochtimestr.com\/#\/schema\/person\/image\/\",\"url\":\"https:\/\/secure.gravatar.com\/avatar\/240b2d469e089f3ae0f677fcc7925228?s=96&d=mm&r=g\",\"contentUrl\":\"https:\/\/secure.gravatar.com\/avatar\/240b2d469e089f3ae0f677fcc7925228?s=96&d=mm&r=g\",\"caption\":\"\u015eerife Eser\"},\"url\":\"https:\/\/epochtimestr.com\/index.php\/author\/serife\"}]}<\/script>\n<!-- \/ Yoast SEO plugin. -->","yoast_head_json":{"title":"A\u011fustos Sonu: Topra\u011f\u0131n Ve Vicdan\u0131n Hasat Vakti - The Epoch Times TR","description":"Takvimler a\u011fustosun sonlar\u0131n\u0131 g\u00f6sterirken yaz\u0131n c\u0131v\u0131l c\u0131v\u0131l \u00e7ocuk sesleriyle ne\u015fesi, yerini olgun bir sessizli\u011fe b\u0131rak\u0131yor.","robots":{"index":"index","follow":"follow","max-snippet":"max-snippet:-1","max-image-preview":"max-image-preview:large","max-video-preview":"max-video-preview:-1"},"canonical":"https:\/\/epochtimestr.com\/index.php\/agustos-sonu-topragin-ve-vicdanin-hasat-vakti","og_locale":"tr_TR","og_type":"article","og_title":"A\u011fustos Sonu: Topra\u011f\u0131n Ve Vicdan\u0131n Hasat Vakti - The Epoch Times TR","og_description":"Takvimler a\u011fustosun sonlar\u0131n\u0131 g\u00f6sterirken yaz\u0131n c\u0131v\u0131l c\u0131v\u0131l \u00e7ocuk sesleriyle ne\u015fesi, yerini olgun bir sessizli\u011fe b\u0131rak\u0131yor.","og_url":"https:\/\/epochtimestr.com\/index.php\/agustos-sonu-topragin-ve-vicdanin-hasat-vakti","og_site_name":"The Epoch Times TR","article_publisher":"https:\/\/www.facebook.com\/theepochtimestr","article_published_time":"2026-08-21T08:17:48+00:00","article_modified_time":"2026-08-21T08:18:04+00:00","og_image":[{"width":1200,"height":630,"url":"https:\/\/epochtimestr.com\/wp-content\/uploads\/2011y\/SERIFE-ESER-SM.png","type":"image\/png"}],"author":"\u015eerife Eser","twitter_card":"summary_large_image","twitter_creator":"@TheEpochTimesTR","twitter_site":"@TheEpochTimesTR","twitter_misc":{"Yazan:":"\u015eerife Eser","Tahmini okuma s\u00fcresi":"2 dakika"},"schema":{"@context":"https:\/\/schema.org","@graph":[{"@type":"Article","@id":"https:\/\/epochtimestr.com\/index.php\/agustos-sonu-topragin-ve-vicdanin-hasat-vakti#article","isPartOf":{"@id":"https:\/\/epochtimestr.com\/index.php\/agustos-sonu-topragin-ve-vicdanin-hasat-vakti"},"author":{"name":"\u015eerife Eser","@id":"https:\/\/epochtimestr.com\/#\/schema\/person\/82b65a1390e2b0717a679b57ed38d466"},"headline":"A\u011fustos Sonu: Topra\u011f\u0131n Ve Vicdan\u0131n Hasat Vakti","datePublished":"2026-08-21T08:17:48+00:00","dateModified":"2026-08-21T08:18:04+00:00","mainEntityOfPage":{"@id":"https:\/\/epochtimestr.com\/index.php\/agustos-sonu-topragin-ve-vicdanin-hasat-vakti"},"wordCount":456,"commentCount":1,"publisher":{"@id":"https:\/\/epochtimestr.com\/#organization"},"image":{"@id":"https:\/\/epochtimestr.com\/index.php\/agustos-sonu-topragin-ve-vicdanin-hasat-vakti#primaryimage"},"thumbnailUrl":"https:\/\/epochtimestr.com\/wp-content\/uploads\/2011y\/Serife-Eser-Profil-1.png","keywords":["K\u00f6\u015fe","k\u00f6\u015fe sosyoloji"],"articleSection":["K\u00f6\u015fe Yaz\u0131lar\u0131 \u015eerife Eser"],"inLanguage":"tr","potentialAction":[{"@type":"CommentAction","name":"Comment","target":["https:\/\/epochtimestr.com\/index.php\/agustos-sonu-topragin-ve-vicdanin-hasat-vakti#respond"]}]},{"@type":"WebPage","@id":"https:\/\/epochtimestr.com\/index.php\/agustos-sonu-topragin-ve-vicdanin-hasat-vakti","url":"https:\/\/epochtimestr.com\/index.php\/agustos-sonu-topragin-ve-vicdanin-hasat-vakti","name":"A\u011fustos Sonu: Topra\u011f\u0131n Ve Vicdan\u0131n Hasat Vakti - The Epoch Times TR","isPartOf":{"@id":"https:\/\/epochtimestr.com\/#website"},"primaryImageOfPage":{"@id":"https:\/\/epochtimestr.com\/index.php\/agustos-sonu-topragin-ve-vicdanin-hasat-vakti#primaryimage"},"image":{"@id":"https:\/\/epochtimestr.com\/index.php\/agustos-sonu-topragin-ve-vicdanin-hasat-vakti#primaryimage"},"thumbnailUrl":"https:\/\/epochtimestr.com\/wp-content\/uploads\/2011y\/Serife-Eser-Profil-1.png","datePublished":"2026-08-21T08:17:48+00:00","dateModified":"2026-08-21T08:18:04+00:00","description":"Takvimler a\u011fustosun sonlar\u0131n\u0131 g\u00f6sterirken yaz\u0131n c\u0131v\u0131l c\u0131v\u0131l \u00e7ocuk sesleriyle ne\u015fesi, yerini olgun bir sessizli\u011fe b\u0131rak\u0131yor.","inLanguage":"tr","potentialAction":[{"@type":"ReadAction","target":["https:\/\/epochtimestr.com\/index.php\/agustos-sonu-topragin-ve-vicdanin-hasat-vakti"]}]},{"@type":"ImageObject","inLanguage":"tr","@id":"https:\/\/epochtimestr.com\/index.php\/agustos-sonu-topragin-ve-vicdanin-hasat-vakti#primaryimage","url":"https:\/\/epochtimestr.com\/wp-content\/uploads\/2011y\/Serife-Eser-Profil-1.png","contentUrl":"https:\/\/epochtimestr.com\/wp-content\/uploads\/2011y\/Serife-Eser-Profil-1.png","width":600,"height":600},{"@type":"WebSite","@id":"https:\/\/epochtimestr.com\/#website","url":"https:\/\/epochtimestr.com\/","name":"The Epoch Times TR","description":"De\u011fi\u015fen D\u00fcnyam\u0131za Taze Bir Bak\u0131\u015f","publisher":{"@id":"https:\/\/epochtimestr.com\/#organization"},"potentialAction":[{"@type":"SearchAction","target":{"@type":"EntryPoint","urlTemplate":"https:\/\/epochtimestr.com\/?s={search_term_string}"},"query-input":"required name=search_term_string"}],"inLanguage":"tr"},{"@type":"Organization","@id":"https:\/\/epochtimestr.com\/#organization","name":"The EpochTimes T\u00fcrkiye","url":"https:\/\/epochtimestr.com\/","logo":{"@type":"ImageObject","inLanguage":"tr","@id":"https:\/\/epochtimestr.com\/#\/schema\/logo\/image\/","url":"https:\/\/epochtimestr.com\/wp-content\/uploads\/2011y\/ET-Logo-YG.jpg","contentUrl":"https:\/\/epochtimestr.com\/wp-content\/uploads\/2011y\/ET-Logo-YG.jpg","width":346,"height":29,"caption":"The EpochTimes T\u00fcrkiye"},"image":{"@id":"https:\/\/epochtimestr.com\/#\/schema\/logo\/image\/"},"sameAs":["https:\/\/www.facebook.com\/theepochtimestr","https:\/\/x.com\/TheEpochTimesTR","https:\/\/www.instagram.com\/epochtimestr"]},{"@type":"Person","@id":"https:\/\/epochtimestr.com\/#\/schema\/person\/82b65a1390e2b0717a679b57ed38d466","name":"\u015eerife Eser","image":{"@type":"ImageObject","inLanguage":"tr","@id":"https:\/\/epochtimestr.com\/#\/schema\/person\/image\/","url":"https:\/\/secure.gravatar.com\/avatar\/240b2d469e089f3ae0f677fcc7925228?s=96&d=mm&r=g","contentUrl":"https:\/\/secure.gravatar.com\/avatar\/240b2d469e089f3ae0f677fcc7925228?s=96&d=mm&r=g","caption":"\u015eerife Eser"},"url":"https:\/\/epochtimestr.com\/index.php\/author\/serife"}]}},"_links":{"self":[{"href":"https:\/\/epochtimestr.com\/index.php\/wp-json\/wp\/v2\/posts\/170705"}],"collection":[{"href":"https:\/\/epochtimestr.com\/index.php\/wp-json\/wp\/v2\/posts"}],"about":[{"href":"https:\/\/epochtimestr.com\/index.php\/wp-json\/wp\/v2\/types\/post"}],"author":[{"embeddable":true,"href":"https:\/\/epochtimestr.com\/index.php\/wp-json\/wp\/v2\/users\/13998"}],"replies":[{"embeddable":true,"href":"https:\/\/epochtimestr.com\/index.php\/wp-json\/wp\/v2\/comments?post=170705"}],"version-history":[{"count":1,"href":"https:\/\/epochtimestr.com\/index.php\/wp-json\/wp\/v2\/posts\/170705\/revisions"}],"predecessor-version":[{"id":170706,"href":"https:\/\/epochtimestr.com\/index.php\/wp-json\/wp\/v2\/posts\/170705\/revisions\/170706"}],"wp:featuredmedia":[{"embeddable":true,"href":"https:\/\/epochtimestr.com\/index.php\/wp-json\/wp\/v2\/media\/160116"}],"wp:attachment":[{"href":"https:\/\/epochtimestr.com\/index.php\/wp-json\/wp\/v2\/media?parent=170705"}],"wp:term":[{"taxonomy":"category","embeddable":true,"href":"https:\/\/epochtimestr.com\/index.php\/wp-json\/wp\/v2\/categories?post=170705"},{"taxonomy":"post_tag","embeddable":true,"href":"https:\/\/epochtimestr.com\/index.php\/wp-json\/wp\/v2\/tags?post=170705"}],"curies":[{"name":"wp","href":"https:\/\/api.w.org\/{rel}","templated":true}]}}