{"id":170716,"date":"2026-08-21T20:41:49","date_gmt":"2026-08-21T17:41:49","guid":{"rendered":"https:\/\/epochtimestr.com\/?p=170716"},"modified":"2026-08-21T20:41:51","modified_gmt":"2026-08-21T17:41:51","slug":"portekizde-burka-ve-pece-yasaklandi","status":"publish","type":"post","link":"https:\/\/epochtimestr.com\/index.php\/portekizde-burka-ve-pece-yasaklandi","title":{"rendered":"Portekiz&#8217;de Burka ve Pe\u00e7e Yasakland\u0131"},"content":{"rendered":"<div class=\"wp-block-image\">\n<figure class=\"aligncenter size-full\"><img loading=\"lazy\" decoding=\"async\" width=\"960\" height=\"640\" src=\"https:\/\/epochtimestr.com\/wp-content\/uploads\/2011y\/image-427.png\" alt=\"\" class=\"wp-image-170733\" srcset=\"https:\/\/epochtimestr.com\/wp-content\/uploads\/2011y\/image-427.png 960w, https:\/\/epochtimestr.com\/wp-content\/uploads\/2011y\/image-427-300x200.png 300w, https:\/\/epochtimestr.com\/wp-content\/uploads\/2011y\/image-427-150x100.png 150w, https:\/\/epochtimestr.com\/wp-content\/uploads\/2011y\/image-427-768x512.png 768w\" sizes=\"(max-width: 960px) 100vw, 960px\" \/><figcaption class=\"wp-element-caption\">Burka ve pe\u00e7e Portekiz&#8217;de Yasakland\u0131 (Foto\u011fraf: wikimedia)<\/figcaption><\/figure><\/div>\n\n\n<h2 class=\"wp-block-heading\">Portekiz&#8217;de kad\u0131nlar\u0131n burka ve pe\u00e7e takmas\u0131n\u0131 yasaklayan yasa, Cumhurba\u015fkan\u0131 Ant\u00f3nio Jos\u00e9 Seguro&#8217;nun imzas\u0131yla y\u00fcr\u00fcrl\u00fc\u011fe girdi.<\/h2>\n\n\n\n<p>G\u00fcney Avrupa \u00fclkesi <a href=\"https:\/\/epochtimestr.com\/index.php\/portekiz-cumhurbaskani-covide-yakalandi\" target=\"_blank\" rel=\"noreferrer noopener\">Portekiz<\/a>&#8216;de kamuya a\u00e7\u0131k alanlarda y\u00fcz\u00fcn tamamen kapat\u0131lmas\u0131n\u0131 yasaklayan ve kamuoyunda &#8220;burka yasas\u0131&#8221; olarak adland\u0131r\u0131lan d\u00fczenleme, Cumhurba\u015fkan\u0131 Antonio Jose Seguro\u2019nun imzas\u0131yla resmen y\u00fcr\u00fcrl\u00fc\u011fe girdi. Parlamentoda iktidardaki merkez sa\u011f Sosyal Demokrat Parti (PSD) ile a\u015f\u0131r\u0131 sa\u011fc\u0131 Chega (Yeter) Partisi&#8217;nin deste\u011fiyle temmuz ay\u0131nda kabul edilen yasa, \u00f6zellikle <a href=\"https:\/\/epochtimestr.com\/index.php\/aihm-bati-trakyali-musluman-kadini-hakli-buldu\" target=\"_blank\" rel=\"noreferrer noopener\">M\u00fcsl\u00fcman kad\u0131nlar<\/a>\u0131 hedef ald\u0131\u011f\u0131 gerek\u00e7esiyle \u00fclkede derin bir siyasi ve toplumsal tart\u0131\u015fma ba\u015flatt\u0131.<\/p>\n\n\n\n<p><strong>Bir kad\u0131n\u0131 k\u00fclt\u00fcrel veya dini gerek\u00e7elerle y\u00fcz\u00fcn\u00fc \u00f6rtmeye zorlamak da su\u00e7 kapsam\u0131na al\u0131nd\u0131<\/strong>.<\/p>\n\n\n\n<p>Yeni d\u00fczenleme, ki\u015finin kimli\u011finin tespit edilmesini engellemek amac\u0131yla kamusal alanlarda y\u00fcz\u00fc \u00f6rten k\u0131yafetlerin kullan\u0131lmas\u0131n\u0131 yasakl\u0131yor. Yasa kapsam\u0131nda havaalanlar\u0131, diplomatik misyonlar ve ibadethaneler gibi alanlar istisna tutulurken, yasa\u011fa uymayanlara 200 ila 4 bin avro aras\u0131nda para cezas\u0131 \u00f6ng\u00f6r\u00fcl\u00fcyor. Ayr\u0131ca bir kad\u0131n\u0131 k\u00fclt\u00fcrel veya dini gerek\u00e7elerle y\u00fcz\u00fcn\u00fc \u00f6rtmeye zorlamak da su\u00e7 kapsam\u0131na al\u0131nd\u0131. Bu fiili i\u015fleyenlere 3 y\u0131la kadar hapis cezas\u0131 verilebilecek. Yasak burka ve nikab gibi y\u00fcz\u00fc tamamen \u00f6rten giysileri kaps\u0131yor. Sa\u00e7\u0131 ve boynu \u00f6rten ancak kad\u0131n\u0131n y\u00fcz\u00fcn\u00fcn a\u00e7\u0131kta oldu\u011fu normal ba\u015f\u00f6rt\u00fcs\u00fc \/ tesett\u00fcr tarz\u0131n\u0131 yasaklam\u0131yor.<\/p>\n\n\n\n<p>Karar\u0131n ard\u0131ndan a\u00e7\u0131klama yapan Cumhurba\u015fkan\u0131 Seguro, d\u00fczenlemenin &#8220;b\u00fcy\u00fck bir sosyal ve k\u00fclt\u00fcrel hassasiyet&#8221; ta\u015f\u0131d\u0131\u011f\u0131n\u0131 savundu.<\/p>\n\n\n\n<h3 class=\"wp-block-heading\">Yasa teklifine muhalefetteki sol partiler ile hukuk \u00f6rg\u00fctlerinden sert itirazlar y\u00fckseldi.<\/h3>\n\n\n\n<p>Yasa teklifine muhalefetteki sol partiler ile hukuk \u00f6rg\u00fctlerinden sert itirazlar y\u00fckseldi. Merkez sol Sosyalist Parti (PS), d\u00fczenlemenin \u0130slamofobik bir yakla\u015f\u0131m ta\u015f\u0131d\u0131\u011f\u0131n\u0131 ve radikalle\u015fme riskini art\u0131raca\u011f\u0131n\u0131 vurgulad\u0131. Portekiz Kom\u00fcnist Partisi (PCP) yasa\u011f\u0131n kad\u0131n haklar\u0131yla ilgisi olmad\u0131\u011f\u0131n\u0131, yabanc\u0131 d\u00fc\u015fmanl\u0131\u011f\u0131n\u0131 besleyece\u011fini belirtti. Buna kar\u015f\u0131n ye\u015fil-sol Livre ise sa\u011f partileri &#8220;\u0130slami istila&#8221; s\u00f6ylemi \u00fczerinden yapay bir toplumsal korku \u00fcretmekle su\u00e7lad\u0131.<\/p>\n\n\n\n<p>S\u00fcre\u00e7te Portekiz Barolar Birli\u011fi, Ba\u015fsavc\u0131l\u0131k Y\u00fcksek Konseyi ve Portekiz Kad\u0131n Hukuk\u00e7ular Derne\u011fi de olumsuz g\u00f6r\u00fc\u015f bildirdi. Gruplar ayr\u0131ca d\u00fczenlemenin anayasaya ayk\u0131r\u0131l\u0131k ta\u015f\u0131d\u0131\u011f\u0131 y\u00f6n\u00fcndeki endi\u015felerini dile getirdi.<\/p>\n\n\n\n<p><strong>Parlamento taraf\u0131ndan 17 Ekim 2025&#8217;te onaylanan yasa tasar\u0131s\u0131n\u0131n ilk tasla\u011f\u0131, a\u015f\u0131r\u0131 sa\u011fc\u0131 Chega partisinin fikriydi<\/strong>.<\/p>\n\n\n\n<p>Portekiz\u2019de pe\u00e7e ve burka tart\u0131\u015fmas\u0131, May\u0131s 2024 se\u00e7imlerinde oylar\u0131n\u0131 art\u0131rarak y\u00fczde 22 oy oran\u0131yla \u00fclkenin \u00fc\u00e7\u00fcnc\u00fc b\u00fcy\u00fck siyasi g\u00fcc\u00fc haline gelen a\u015f\u0131r\u0131 sa\u011fc\u0131 Chega (Yeter) Partisi&#8217;nin hamlesiyle ivme kazand\u0131. Chega&#8217;n\u0131n &#8220;g\u00fcvenlik&#8221; s\u00f6ylemleri alt\u0131nda meclise getirdi\u011fi yasa tasar\u0131s\u0131, iktidardaki merkez sa\u011f Sosyal Demokrat Parti&#8217;nin (PSD) de deste\u011fiyle Temmuz 2025&#8217;te parlamentoda kabul edildi. Parlamento taraf\u0131ndan 17 Ekim 2025&#8217;te onaylanan yasa tasar\u0131s\u0131n\u0131n ilk tasla\u011f\u0131, iktidardaki merkez sa\u011f Sosyal Demokrat Parti (PSD) ve Liberal Giri\u015fim (IL)&#8217;nin deste\u011fiyle a\u015f\u0131r\u0131 sa\u011fc\u0131 Chega partisinin fikriydi. <\/p>\n\n\n\n<p>Orijinal taslak, burka ve nikab gibi \u0130slami giysileri a\u00e7\u0131k\u00e7a hedef al\u0131yordu. Ancak, Portekiz Cumhuriyeti Anayasas\u0131&#8217;n\u0131n 41. maddesi uyar\u0131nca din \u00f6zg\u00fcrl\u00fc\u011f\u00fcn\u00fcn korunmas\u0131 gibi mevcut anayasal g\u00fcvenceler \u0131\u015f\u0131\u011f\u0131nda, tamamen ba\u015far\u0131s\u0131z olmamas\u0131 i\u00e7in daha sonra revize edildi . Sol partilerin &#8220;yabanc\u0131 d\u00fc\u015fmanl\u0131\u011f\u0131 ve \u0130slamofobi&#8221;, hukuk kurumlar\u0131n\u0131n ise &#8220;anayasaya ayk\u0131r\u0131l\u0131k&#8221; uyar\u0131lar\u0131na ra\u011fmen yasa tasar\u0131s\u0131 nihai onay i\u00e7in Cumhurba\u015fkan\u0131 Ant\u00f3nio Jos\u00e9 Seguro&#8217;nun masas\u0131na g\u00f6nderilmi\u015fti. Seguro&#8217;nun imzas\u0131yla birlikte yakla\u015f\u0131k 40 bin M\u00fcsl\u00fcman\u0131n ya\u015fad\u0131\u011f\u0131 Portekiz, Fransa, Avusturya, Bel\u00e7ika ve Hollanda gibi pe\u00e7e yasa\u011f\u0131n\u0131 uygulayan Avrupa \u00fclkeleri aras\u0131na kat\u0131ld\u0131.<\/p>\n\n\n\n<h3 class=\"wp-block-heading\">Uluslararas\u0131 Af \u00d6rg\u00fct\u00fc&#8217;n\u00fcn Tepkisi<\/h3>\n\n\n\n<p>Uluslararas\u0131 Af \u00d6rg\u00fct\u00fc de Temmuz 2026 da Portekiz Parlamentosu&#8217;nun kamu alanlar\u0131nda y\u00fcz maskesi tak\u0131lmas\u0131n\u0131 yasaklayan yeni bir yasay\u0131 kabul etti\u011fini duyurmas\u0131n\u0131 k\u0131nam\u0131\u015ft\u0131. Ayr\u0131ca &#8220;bu karar, \u00fclkede temel sivil \u00f6zg\u00fcrl\u00fckler ve bireysel \u00f6zerklik a\u00e7\u0131s\u0131ndan sonu\u00e7lar do\u011furacakt\u0131r&#8221; ifadelerini kullanm\u0131\u015ft\u0131.<\/p>\n\n\n\n<p>Uluslararas\u0131 Af \u00d6rg\u00fct\u00fc&#8217;n\u00fcn Portekiz&#8217;deki genel m\u00fcd\u00fcr\u00fc Jo\u00e3o Godinho Martins \u015funlar\u0131 s\u00f6ylemi\u015fti: &#8220;\u0130ddia edildi\u011fi gibi kad\u0131n haklar\u0131n\u0131 desteklemekten \u00e7ok uzak olan bu genel yasak, muhtemelen tam tersi bir etki yaratacakt\u0131r. Y\u00fczlerini tamamen \u00f6rten pe\u00e7e takmay\u0131 tercih eden kad\u0131nlar, kamusal hayattan daha fazla d\u0131\u015flanma, sosyal izolasyon veya e\u011fitim, istihdam ve kamu hizmetlerine eri\u015fimde artan zorluklarla kar\u015f\u0131la\u015fabilirler.&#8221;<\/p>\n","protected":false},"excerpt":{"rendered":"<p>Portekiz&#8217;de kad\u0131nlar\u0131n burka ve pe\u00e7e takmas\u0131n\u0131 yasaklayan yasa, Cumhurba\u015fkan\u0131 Ant\u00f3nio Jos\u00e9 Seguro&#8217;nun imzas\u0131yla y\u00fcr\u00fcrl\u00fc\u011fe girdi. G\u00fcney Avrupa \u00fclkesi Portekiz&#8216;de kamuya a\u00e7\u0131k alanlarda y\u00fcz\u00fcn tamamen kapat\u0131lmas\u0131n\u0131 yasaklayan ve kamuoyunda &#8220;burka yasas\u0131&#8221; olarak adland\u0131r\u0131lan d\u00fczenleme, Cumhurba\u015fkan\u0131 Antonio Jose Seguro\u2019nun imzas\u0131yla resmen y\u00fcr\u00fcrl\u00fc\u011fe girdi. Parlamentoda iktidardaki merkez sa\u011f Sosyal Demokrat Parti (PSD) ile a\u015f\u0131r\u0131 sa\u011fc\u0131 Chega (Yeter) Partisi&#8217;nin [&hellip;]<\/p>\n","protected":false},"author":12791,"featured_media":170733,"comment_status":"open","ping_status":"open","sticky":false,"template":"","format":"standard","meta":{"_yoast_wpseo_focuskw":"burka ve pe\u00e7e","_yoast_wpseo_title":"","_yoast_wpseo_metadesc":"Portekiz'de kad\u0131nlar\u0131n burka ve pe\u00e7e takmas\u0131n\u0131 yasaklayan yasa, Cumhurba\u015fkan\u0131 Ant\u00f3nio Jos\u00e9 Seguro'nun imzas\u0131yla y\u00fcr\u00fcrl\u00fc\u011fe girdi.","_bbp_topic_count":0,"_bbp_reply_count":0,"_bbp_total_topic_count":0,"_bbp_total_reply_count":0,"_bbp_voice_count":0,"_bbp_anonymous_reply_count":0,"_bbp_topic_count_hidden":0,"_bbp_reply_count_hidden":0,"_bbp_forum_subforum_count":0,"footnotes":"","_yoast_wpseo_focuskw_text_input":""},"categories":[5,1],"tags":[12349,12348,12350,5429],"yoast_head":"<!-- This site is optimized with the Yoast SEO plugin v23.0 - https:\/\/yoast.com\/wordpress\/plugins\/seo\/ -->\n<title>Portekiz&#039;de Burka ve Pe\u00e7e Yasakland\u0131 - The Epoch Times TR<\/title>\n<meta name=\"description\" content=\"Portekiz&#039;de kad\u0131nlar\u0131n burka ve pe\u00e7e takmas\u0131n\u0131 yasaklayan yasa, Cumhurba\u015fkan\u0131 Ant\u00f3nio Jos\u00e9 Seguro&#039;nun imzas\u0131yla y\u00fcr\u00fcrl\u00fc\u011fe girdi.\" \/>\n<meta name=\"robots\" content=\"index, follow, max-snippet:-1, max-image-preview:large, max-video-preview:-1\" \/>\n<link rel=\"canonical\" href=\"https:\/\/epochtimestr.com\/index.php\/portekizde-burka-ve-pece-yasaklandi\" \/>\n<meta property=\"og:locale\" content=\"tr_TR\" \/>\n<meta property=\"og:type\" content=\"article\" \/>\n<meta property=\"og:title\" content=\"Portekiz&#039;de Burka ve Pe\u00e7e Yasakland\u0131 - The Epoch Times TR\" \/>\n<meta property=\"og:description\" content=\"Portekiz&#039;de kad\u0131nlar\u0131n burka ve pe\u00e7e takmas\u0131n\u0131 yasaklayan yasa, Cumhurba\u015fkan\u0131 Ant\u00f3nio Jos\u00e9 Seguro&#039;nun imzas\u0131yla y\u00fcr\u00fcrl\u00fc\u011fe girdi.\" \/>\n<meta property=\"og:url\" content=\"https:\/\/epochtimestr.com\/index.php\/portekizde-burka-ve-pece-yasaklandi\" \/>\n<meta property=\"og:site_name\" content=\"The Epoch Times TR\" \/>\n<meta property=\"article:publisher\" content=\"https:\/\/www.facebook.com\/theepochtimestr\" \/>\n<meta property=\"article:published_time\" content=\"2026-08-21T17:41:49+00:00\" \/>\n<meta property=\"article:modified_time\" content=\"2026-08-21T17:41:51+00:00\" \/>\n<meta property=\"og:image\" content=\"https:\/\/epochtimestr.com\/wp-content\/uploads\/2011y\/image-427.png\" \/>\n\t<meta property=\"og:image:width\" content=\"960\" \/>\n\t<meta property=\"og:image:height\" content=\"640\" \/>\n\t<meta property=\"og:image:type\" content=\"image\/png\" \/>\n<meta name=\"author\" content=\"Haber Merkezi\" \/>\n<meta name=\"twitter:card\" content=\"summary_large_image\" \/>\n<meta name=\"twitter:creator\" content=\"@TheEpochTimesTR\" \/>\n<meta name=\"twitter:site\" content=\"@TheEpochTimesTR\" \/>\n<meta name=\"twitter:label1\" content=\"Yazan:\" \/>\n\t<meta name=\"twitter:data1\" content=\"Haber Merkezi\" \/>\n\t<meta name=\"twitter:label2\" content=\"Tahmini okuma s\u00fcresi\" \/>\n\t<meta name=\"twitter:data2\" content=\"4 dakika\" \/>\n<script type=\"application\/ld+json\" class=\"yoast-schema-graph\">{\"@context\":\"https:\/\/schema.org\",\"@graph\":[{\"@type\":\"Article\",\"@id\":\"https:\/\/epochtimestr.com\/index.php\/portekizde-burka-ve-pece-yasaklandi#article\",\"isPartOf\":{\"@id\":\"https:\/\/epochtimestr.com\/index.php\/portekizde-burka-ve-pece-yasaklandi\"},\"author\":{\"name\":\"Haber Merkezi\",\"@id\":\"https:\/\/epochtimestr.com\/#\/schema\/person\/3dc5c3adeb9f43923c5aa85889172fdd\"},\"headline\":\"Portekiz&#8217;de Burka ve Pe\u00e7e Yasakland\u0131\",\"datePublished\":\"2026-08-21T17:41:49+00:00\",\"dateModified\":\"2026-08-21T17:41:51+00:00\",\"mainEntityOfPage\":{\"@id\":\"https:\/\/epochtimestr.com\/index.php\/portekizde-burka-ve-pece-yasaklandi\"},\"wordCount\":808,\"commentCount\":0,\"publisher\":{\"@id\":\"https:\/\/epochtimestr.com\/#organization\"},\"image\":{\"@id\":\"https:\/\/epochtimestr.com\/index.php\/portekizde-burka-ve-pece-yasaklandi#primaryimage\"},\"thumbnailUrl\":\"https:\/\/epochtimestr.com\/wp-content\/uploads\/2011y\/image-427.png\",\"keywords\":[\"Antonio Jose Seguro\",\"Burka yasas\u0131\",\"Chega Partisi\",\"portekiz\"],\"articleSection\":[\"D\u00dcNYA\",\"G\u00dcNDEM\"],\"inLanguage\":\"tr\",\"potentialAction\":[{\"@type\":\"CommentAction\",\"name\":\"Comment\",\"target\":[\"https:\/\/epochtimestr.com\/index.php\/portekizde-burka-ve-pece-yasaklandi#respond\"]}]},{\"@type\":\"WebPage\",\"@id\":\"https:\/\/epochtimestr.com\/index.php\/portekizde-burka-ve-pece-yasaklandi\",\"url\":\"https:\/\/epochtimestr.com\/index.php\/portekizde-burka-ve-pece-yasaklandi\",\"name\":\"Portekiz'de Burka ve Pe\u00e7e Yasakland\u0131 - The Epoch Times TR\",\"isPartOf\":{\"@id\":\"https:\/\/epochtimestr.com\/#website\"},\"primaryImageOfPage\":{\"@id\":\"https:\/\/epochtimestr.com\/index.php\/portekizde-burka-ve-pece-yasaklandi#primaryimage\"},\"image\":{\"@id\":\"https:\/\/epochtimestr.com\/index.php\/portekizde-burka-ve-pece-yasaklandi#primaryimage\"},\"thumbnailUrl\":\"https:\/\/epochtimestr.com\/wp-content\/uploads\/2011y\/image-427.png\",\"datePublished\":\"2026-08-21T17:41:49+00:00\",\"dateModified\":\"2026-08-21T17:41:51+00:00\",\"description\":\"Portekiz'de kad\u0131nlar\u0131n burka ve pe\u00e7e takmas\u0131n\u0131 yasaklayan yasa, Cumhurba\u015fkan\u0131 Ant\u00f3nio Jos\u00e9 Seguro'nun imzas\u0131yla y\u00fcr\u00fcrl\u00fc\u011fe girdi.\",\"inLanguage\":\"tr\",\"potentialAction\":[{\"@type\":\"ReadAction\",\"target\":[\"https:\/\/epochtimestr.com\/index.php\/portekizde-burka-ve-pece-yasaklandi\"]}]},{\"@type\":\"ImageObject\",\"inLanguage\":\"tr\",\"@id\":\"https:\/\/epochtimestr.com\/index.php\/portekizde-burka-ve-pece-yasaklandi#primaryimage\",\"url\":\"https:\/\/epochtimestr.com\/wp-content\/uploads\/2011y\/image-427.png\",\"contentUrl\":\"https:\/\/epochtimestr.com\/wp-content\/uploads\/2011y\/image-427.png\",\"width\":960,\"height\":640},{\"@type\":\"WebSite\",\"@id\":\"https:\/\/epochtimestr.com\/#website\",\"url\":\"https:\/\/epochtimestr.com\/\",\"name\":\"The Epoch Times TR\",\"description\":\"De\u011fi\u015fen D\u00fcnyam\u0131za Taze Bir Bak\u0131\u015f\",\"publisher\":{\"@id\":\"https:\/\/epochtimestr.com\/#organization\"},\"potentialAction\":[{\"@type\":\"SearchAction\",\"target\":{\"@type\":\"EntryPoint\",\"urlTemplate\":\"https:\/\/epochtimestr.com\/?s={search_term_string}\"},\"query-input\":\"required name=search_term_string\"}],\"inLanguage\":\"tr\"},{\"@type\":\"Organization\",\"@id\":\"https:\/\/epochtimestr.com\/#organization\",\"name\":\"The EpochTimes T\u00fcrkiye\",\"url\":\"https:\/\/epochtimestr.com\/\",\"logo\":{\"@type\":\"ImageObject\",\"inLanguage\":\"tr\",\"@id\":\"https:\/\/epochtimestr.com\/#\/schema\/logo\/image\/\",\"url\":\"https:\/\/epochtimestr.com\/wp-content\/uploads\/2011y\/ET-Logo-YG.jpg\",\"contentUrl\":\"https:\/\/epochtimestr.com\/wp-content\/uploads\/2011y\/ET-Logo-YG.jpg\",\"width\":346,\"height\":29,\"caption\":\"The EpochTimes T\u00fcrkiye\"},\"image\":{\"@id\":\"https:\/\/epochtimestr.com\/#\/schema\/logo\/image\/\"},\"sameAs\":[\"https:\/\/www.facebook.com\/theepochtimestr\",\"https:\/\/x.com\/TheEpochTimesTR\",\"https:\/\/www.instagram.com\/epochtimestr\"]},{\"@type\":\"Person\",\"@id\":\"https:\/\/epochtimestr.com\/#\/schema\/person\/3dc5c3adeb9f43923c5aa85889172fdd\",\"name\":\"Haber Merkezi\",\"image\":{\"@type\":\"ImageObject\",\"inLanguage\":\"tr\",\"@id\":\"https:\/\/epochtimestr.com\/#\/schema\/person\/image\/\",\"url\":\"https:\/\/secure.gravatar.com\/avatar\/d73f772ba5a74f28601361e17c2f93e6?s=96&d=mm&r=g\",\"contentUrl\":\"https:\/\/secure.gravatar.com\/avatar\/d73f772ba5a74f28601361e17c2f93e6?s=96&d=mm&r=g\",\"caption\":\"Haber Merkezi\"},\"url\":\"https:\/\/epochtimestr.com\/index.php\/author\/sendag\"}]}<\/script>\n<!-- \/ Yoast SEO plugin. -->","yoast_head_json":{"title":"Portekiz'de Burka ve Pe\u00e7e Yasakland\u0131 - The Epoch Times TR","description":"Portekiz'de kad\u0131nlar\u0131n burka ve pe\u00e7e takmas\u0131n\u0131 yasaklayan yasa, Cumhurba\u015fkan\u0131 Ant\u00f3nio Jos\u00e9 Seguro'nun imzas\u0131yla y\u00fcr\u00fcrl\u00fc\u011fe girdi.","robots":{"index":"index","follow":"follow","max-snippet":"max-snippet:-1","max-image-preview":"max-image-preview:large","max-video-preview":"max-video-preview:-1"},"canonical":"https:\/\/epochtimestr.com\/index.php\/portekizde-burka-ve-pece-yasaklandi","og_locale":"tr_TR","og_type":"article","og_title":"Portekiz'de Burka ve Pe\u00e7e Yasakland\u0131 - The Epoch Times TR","og_description":"Portekiz'de kad\u0131nlar\u0131n burka ve pe\u00e7e takmas\u0131n\u0131 yasaklayan yasa, Cumhurba\u015fkan\u0131 Ant\u00f3nio Jos\u00e9 Seguro'nun imzas\u0131yla y\u00fcr\u00fcrl\u00fc\u011fe girdi.","og_url":"https:\/\/epochtimestr.com\/index.php\/portekizde-burka-ve-pece-yasaklandi","og_site_name":"The Epoch Times TR","article_publisher":"https:\/\/www.facebook.com\/theepochtimestr","article_published_time":"2026-08-21T17:41:49+00:00","article_modified_time":"2026-08-21T17:41:51+00:00","og_image":[{"width":960,"height":640,"url":"https:\/\/epochtimestr.com\/wp-content\/uploads\/2011y\/image-427.png","type":"image\/png"}],"author":"Haber Merkezi","twitter_card":"summary_large_image","twitter_creator":"@TheEpochTimesTR","twitter_site":"@TheEpochTimesTR","twitter_misc":{"Yazan:":"Haber Merkezi","Tahmini okuma s\u00fcresi":"4 dakika"},"schema":{"@context":"https:\/\/schema.org","@graph":[{"@type":"Article","@id":"https:\/\/epochtimestr.com\/index.php\/portekizde-burka-ve-pece-yasaklandi#article","isPartOf":{"@id":"https:\/\/epochtimestr.com\/index.php\/portekizde-burka-ve-pece-yasaklandi"},"author":{"name":"Haber Merkezi","@id":"https:\/\/epochtimestr.com\/#\/schema\/person\/3dc5c3adeb9f43923c5aa85889172fdd"},"headline":"Portekiz&#8217;de Burka ve Pe\u00e7e Yasakland\u0131","datePublished":"2026-08-21T17:41:49+00:00","dateModified":"2026-08-21T17:41:51+00:00","mainEntityOfPage":{"@id":"https:\/\/epochtimestr.com\/index.php\/portekizde-burka-ve-pece-yasaklandi"},"wordCount":808,"commentCount":0,"publisher":{"@id":"https:\/\/epochtimestr.com\/#organization"},"image":{"@id":"https:\/\/epochtimestr.com\/index.php\/portekizde-burka-ve-pece-yasaklandi#primaryimage"},"thumbnailUrl":"https:\/\/epochtimestr.com\/wp-content\/uploads\/2011y\/image-427.png","keywords":["Antonio Jose Seguro","Burka yasas\u0131","Chega Partisi","portekiz"],"articleSection":["D\u00dcNYA","G\u00dcNDEM"],"inLanguage":"tr","potentialAction":[{"@type":"CommentAction","name":"Comment","target":["https:\/\/epochtimestr.com\/index.php\/portekizde-burka-ve-pece-yasaklandi#respond"]}]},{"@type":"WebPage","@id":"https:\/\/epochtimestr.com\/index.php\/portekizde-burka-ve-pece-yasaklandi","url":"https:\/\/epochtimestr.com\/index.php\/portekizde-burka-ve-pece-yasaklandi","name":"Portekiz'de Burka ve Pe\u00e7e Yasakland\u0131 - The Epoch Times TR","isPartOf":{"@id":"https:\/\/epochtimestr.com\/#website"},"primaryImageOfPage":{"@id":"https:\/\/epochtimestr.com\/index.php\/portekizde-burka-ve-pece-yasaklandi#primaryimage"},"image":{"@id":"https:\/\/epochtimestr.com\/index.php\/portekizde-burka-ve-pece-yasaklandi#primaryimage"},"thumbnailUrl":"https:\/\/epochtimestr.com\/wp-content\/uploads\/2011y\/image-427.png","datePublished":"2026-08-21T17:41:49+00:00","dateModified":"2026-08-21T17:41:51+00:00","description":"Portekiz'de kad\u0131nlar\u0131n burka ve pe\u00e7e takmas\u0131n\u0131 yasaklayan yasa, Cumhurba\u015fkan\u0131 Ant\u00f3nio Jos\u00e9 Seguro'nun imzas\u0131yla y\u00fcr\u00fcrl\u00fc\u011fe girdi.","inLanguage":"tr","potentialAction":[{"@type":"ReadAction","target":["https:\/\/epochtimestr.com\/index.php\/portekizde-burka-ve-pece-yasaklandi"]}]},{"@type":"ImageObject","inLanguage":"tr","@id":"https:\/\/epochtimestr.com\/index.php\/portekizde-burka-ve-pece-yasaklandi#primaryimage","url":"https:\/\/epochtimestr.com\/wp-content\/uploads\/2011y\/image-427.png","contentUrl":"https:\/\/epochtimestr.com\/wp-content\/uploads\/2011y\/image-427.png","width":960,"height":640},{"@type":"WebSite","@id":"https:\/\/epochtimestr.com\/#website","url":"https:\/\/epochtimestr.com\/","name":"The Epoch Times TR","description":"De\u011fi\u015fen D\u00fcnyam\u0131za Taze Bir Bak\u0131\u015f","publisher":{"@id":"https:\/\/epochtimestr.com\/#organization"},"potentialAction":[{"@type":"SearchAction","target":{"@type":"EntryPoint","urlTemplate":"https:\/\/epochtimestr.com\/?s={search_term_string}"},"query-input":"required name=search_term_string"}],"inLanguage":"tr"},{"@type":"Organization","@id":"https:\/\/epochtimestr.com\/#organization","name":"The EpochTimes T\u00fcrkiye","url":"https:\/\/epochtimestr.com\/","logo":{"@type":"ImageObject","inLanguage":"tr","@id":"https:\/\/epochtimestr.com\/#\/schema\/logo\/image\/","url":"https:\/\/epochtimestr.com\/wp-content\/uploads\/2011y\/ET-Logo-YG.jpg","contentUrl":"https:\/\/epochtimestr.com\/wp-content\/uploads\/2011y\/ET-Logo-YG.jpg","width":346,"height":29,"caption":"The EpochTimes T\u00fcrkiye"},"image":{"@id":"https:\/\/epochtimestr.com\/#\/schema\/logo\/image\/"},"sameAs":["https:\/\/www.facebook.com\/theepochtimestr","https:\/\/x.com\/TheEpochTimesTR","https:\/\/www.instagram.com\/epochtimestr"]},{"@type":"Person","@id":"https:\/\/epochtimestr.com\/#\/schema\/person\/3dc5c3adeb9f43923c5aa85889172fdd","name":"Haber Merkezi","image":{"@type":"ImageObject","inLanguage":"tr","@id":"https:\/\/epochtimestr.com\/#\/schema\/person\/image\/","url":"https:\/\/secure.gravatar.com\/avatar\/d73f772ba5a74f28601361e17c2f93e6?s=96&d=mm&r=g","contentUrl":"https:\/\/secure.gravatar.com\/avatar\/d73f772ba5a74f28601361e17c2f93e6?s=96&d=mm&r=g","caption":"Haber Merkezi"},"url":"https:\/\/epochtimestr.com\/index.php\/author\/sendag"}]}},"_links":{"self":[{"href":"https:\/\/epochtimestr.com\/index.php\/wp-json\/wp\/v2\/posts\/170716"}],"collection":[{"href":"https:\/\/epochtimestr.com\/index.php\/wp-json\/wp\/v2\/posts"}],"about":[{"href":"https:\/\/epochtimestr.com\/index.php\/wp-json\/wp\/v2\/types\/post"}],"author":[{"embeddable":true,"href":"https:\/\/epochtimestr.com\/index.php\/wp-json\/wp\/v2\/users\/12791"}],"replies":[{"embeddable":true,"href":"https:\/\/epochtimestr.com\/index.php\/wp-json\/wp\/v2\/comments?post=170716"}],"version-history":[{"count":3,"href":"https:\/\/epochtimestr.com\/index.php\/wp-json\/wp\/v2\/posts\/170716\/revisions"}],"predecessor-version":[{"id":170734,"href":"https:\/\/epochtimestr.com\/index.php\/wp-json\/wp\/v2\/posts\/170716\/revisions\/170734"}],"wp:featuredmedia":[{"embeddable":true,"href":"https:\/\/epochtimestr.com\/index.php\/wp-json\/wp\/v2\/media\/170733"}],"wp:attachment":[{"href":"https:\/\/epochtimestr.com\/index.php\/wp-json\/wp\/v2\/media?parent=170716"}],"wp:term":[{"taxonomy":"category","embeddable":true,"href":"https:\/\/epochtimestr.com\/index.php\/wp-json\/wp\/v2\/categories?post=170716"},{"taxonomy":"post_tag","embeddable":true,"href":"https:\/\/epochtimestr.com\/index.php\/wp-json\/wp\/v2\/tags?post=170716"}],"curies":[{"name":"wp","href":"https:\/\/api.w.org\/{rel}","templated":true}]}}