{"id":170720,"date":"2026-08-21T20:47:42","date_gmt":"2026-08-21T17:47:42","guid":{"rendered":"https:\/\/epochtimestr.com\/?p=170720"},"modified":"2026-08-21T20:47:44","modified_gmt":"2026-08-21T17:47:44","slug":"turkiyeden-binyamin-netanyahu-icin-kirmizi-bulten-talebi","status":"publish","type":"post","link":"https:\/\/epochtimestr.com\/index.php\/turkiyeden-binyamin-netanyahu-icin-kirmizi-bulten-talebi","title":{"rendered":"T\u00fcrkiye&#8217;den Binyamin Netanyahu \u0130\u00e7in K\u0131rm\u0131z\u0131 B\u00fclten Talebi"},"content":{"rendered":"<div class=\"wp-block-image\">\n<figure class=\"aligncenter size-full is-resized\"><img loading=\"lazy\" decoding=\"async\" width=\"496\" height=\"286\" src=\"https:\/\/epochtimestr.com\/wp-content\/uploads\/2011y\/netanyahu-x.webp\" alt=\"\" class=\"wp-image-170721\" style=\"width:496px;height:auto\" srcset=\"https:\/\/epochtimestr.com\/wp-content\/uploads\/2011y\/netanyahu-x.webp 496w, https:\/\/epochtimestr.com\/wp-content\/uploads\/2011y\/netanyahu-x-300x173.webp 300w, https:\/\/epochtimestr.com\/wp-content\/uploads\/2011y\/netanyahu-x-150x86.webp 150w\" sizes=\"(max-width: 496px) 100vw, 496px\" \/><figcaption class=\"wp-element-caption\">T\u00fcrkiye&#8217;den Binyamin Netanyahu i\u00e7in k\u0131rm\u0131z\u0131 b\u00fclten talebi. (Foto\u011fraf: BinyaminNetanyahu x hesab\u0131)<\/figcaption><\/figure><\/div>\n\n\n<h2 class=\"wp-block-heading\">T\u00fcrkiye Adalet Bakan\u0131 Ak\u0131n G\u00fcrlek, \u0130srail Ba\u015fbakan\u0131 Binyamin Netanyahu hakk\u0131nda k\u0131rm\u0131z\u0131 b\u00fclten talep edildi\u011fini a\u00e7\u0131klad\u0131.<\/h2>\n\n\n\n<p><a href=\"https:\/\/epochtimestr.com\/index.php\/tbb-yonetim-kurulu-uyesi-kemal-aytactan-adalet-bakani-tunca-yanit\" target=\"_blank\" rel=\"noreferrer noopener\">Adalet Bakan\u0131<\/a> Ak\u0131n G\u00fcrlek, \u0130stanbul 11. A\u011f\u0131r Ceza Mahkemesinde 2026\/108 Esas say\u0131l\u0131 dosyas\u0131 kapsam\u0131nda, Gazze\u2019ye insani yard\u0131m g\u00f6t\u00fcren K\u00fcresel Sumud Filosu\u2019na uluslararas\u0131 sularda d\u00fczenlenen sald\u0131r\u0131ya ili\u015fkin yarg\u0131 s\u00fcrecinde kritik bir a\u015famaya ge\u00e7ildi\u011fini belirtti. G\u00fcrlek, aralar\u0131nda \u0130srail Ba\u015fbakan\u0131 Binyamin<a href=\"https:\/\/epochtimestr.com\/index.php\/netanyahu-israil-gucleri-lubnanda-kalacak\" target=\"_blank\" rel=\"noreferrer noopener\"> Netanyahu<\/a>\u2019nun da bulundu\u011fu san\u0131klar hakk\u0131nda k\u0131rm\u0131z\u0131 b\u00fclten s\u00fcrecinin ba\u015flat\u0131ld\u0131\u011f\u0131n\u0131 duyurdu.<\/p>\n\n\n\n<p>Bakan G\u00fcrlek, Gazze\u2019ye insani yard\u0131m ula\u015ft\u0131rmak amac\u0131yla yola \u00e7\u0131kan K\u00fcresel Sumud Filosu aktivistlerine uluslararas\u0131 sularda ger\u00e7ekle\u015ftirilen sald\u0131r\u0131ya ili\u015fkin yarg\u0131 s\u00fcrecinin kararl\u0131l\u0131kla devam etti\u011fini ifade etti. \u0130stanbul 11. A\u011f\u0131r Ceza Mahkemesinin 2026\/108 Esas say\u0131l\u0131 dosyas\u0131nda, aralar\u0131nda Binyamin Netanyahu ve Afek Moskovitch\u2019in de bulundu\u011fu 35 san\u0131k hakk\u0131nda kovu\u015fturma y\u00fcr\u00fct\u00fcld\u00fc\u011f\u00fcn\u00fc dile getiren Bakan G\u00fcrlek, s\u00f6zlerini \u015f\u00f6yle s\u00fcrd\u00fcrd\u00fc:<\/p>\n\n\n\n<p>\u201cDosya kapsam\u0131nda Binyamin Netanyahu ve Afek Moskovitch hakk\u0131nda \u201cSoyk\u0131r\u0131m\u201d su\u00e7undan 14 Temmuz 2026 tarihinde verilen yakalama emirleri do\u011frultusunda, Adalet Bakanl\u0131\u011f\u0131m\u0131zca uluslararas\u0131 seviyede aranmalar\u0131 amac\u0131yla k\u0131rm\u0131z\u0131 b\u00fclten yay\u0131mlanmas\u0131 \u0130\u00e7i\u015fleri Bakanl\u0131\u011f\u0131m\u0131zdan talep edilmi\u015f, ilgili evrak D\u0131\u015fi\u015fleri Bakanl\u0131\u011f\u0131m\u0131za iletilmi\u015ftir. Binyamin Netanyahu ve Afek Moskovitch; Gazze\u2019ye insani yard\u0131m ula\u015ft\u0131ran sivillere uluslararas\u0131 sularda silahl\u0131 m\u00fcdahale ve aktivistlerin al\u0131konulmas\u0131na ili\u015fkin eylemler kapsam\u0131nda \u201c\u0130nsanl\u0131\u011fa Kar\u015f\u0131 Su\u00e7\u201d, \u201cSoyk\u0131r\u0131m\u201d, \u201cNitelikli Ki\u015fiyi H\u00fcrriyetinden Yoksun K\u0131lma\u201d, \u201cKasten Yaralama\u201d, \u201cEziyet\u201d, \u201cMala Zarar Verme\u201d, \u201cNitelikli Ya\u011fma\u201d ve \u201cUla\u015f\u0131m Ara\u00e7lar\u0131n\u0131n Ka\u00e7\u0131r\u0131lmas\u0131\u201d su\u00e7lar\u0131ndan yarg\u0131lanmaktad\u0131r.\u201d<\/p>\n\n\n\n<p><strong>\u201cUlusal ve uluslararas\u0131 hukukun b\u00fct\u00fcn imk\u00e2nlar\u0131n\u0131 kararl\u0131l\u0131kla kullanaca\u011f\u0131z\u201d<\/strong><\/p>\n\n\n\n<p>Gazze\u2019de soyk\u0131r\u0131m politikas\u0131 y\u00fcr\u00fcten Netanyahu y\u00f6netiminin dokunulmaz ve hesap sorulamaz oldu\u011fu y\u00f6n\u00fcndeki anlay\u0131\u015f\u0131 hi\u00e7bir suretle kabul etmediklerini ifade eden Bakan G\u00fcrlek, \u201cGazze\u2019de i\u015flenen su\u00e7lar\u0131n \u00fczerinin \u00f6rt\u00fclmesine, sorumlular\u0131n cezas\u0131zl\u0131k z\u0131rh\u0131yla korunmas\u0131na m\u00fcsaade etmeyece\u011fiz. Ulusal ve uluslararas\u0131 hukukun b\u00fct\u00fcn imk\u00e2nlar\u0131n\u0131 kararl\u0131l\u0131kla kullanaca\u011f\u0131z\u201d dedi.<\/p>\n\n\n\n<p>Bakan G\u00fcrlek Cumhurba\u015fkan\u0131m\u0131z Say\u0131n Recep Tayyip Erdo\u011fan liderli\u011finde Filistin halk\u0131n\u0131n, mazlumlar\u0131n ve insanl\u0131k vicdan\u0131n\u0131n yan\u0131nda dimdik durmaya devam edeceklerini belirterek, \u201c\u0130nsanl\u0131\u011fa kar\u015f\u0131 su\u00e7 i\u015fleyenlerin hukuk \u00f6n\u00fcnde hesap vermesi i\u00e7in gereken b\u00fct\u00fcn ad\u0131mlar\u0131 kararl\u0131l\u0131kla ataca\u011f\u0131z\u201d ifadelerini kulland\u0131.<\/p>\n\n\n\n<figure class=\"wp-block-embed is-type-rich is-provider-x wp-block-embed-x\"><div class=\"wp-block-embed__wrapper\">\n<blockquote class=\"twitter-tweet\" data-width=\"550\" data-dnt=\"true\"><p lang=\"tr\" dir=\"ltr\">Gazze\u2019ye insani yard\u0131m ula\u015ft\u0131rmak amac\u0131yla yola \u00e7\u0131kan K\u00fcresel Sumud Filosu aktivistlerine uluslararas\u0131 sularda ger\u00e7ekle\u015ftirilen sald\u0131r\u0131ya ili\u015fkin yarg\u0131 s\u00fcreci kararl\u0131l\u0131kla devam etmektedir. \u0130stanbul 11. A\u011f\u0131r Ceza Mahkemesinin 2026\/108 Esas say\u0131l\u0131 dosyas\u0131nda, aralar\u0131nda Binyamin\u2026<\/p>&mdash; Ak\u0131n G\u00fcrlek (@abakingurlek) <a href=\"https:\/\/x.com\/abakingurlek\/status\/2090765048431985015?ref_src=twsrc%5Etfw\">August 21, 2026<\/a><\/blockquote><script async src=\"https:\/\/platform.x.com\/widgets.js\" charset=\"utf-8\"><\/script>\n<\/div><\/figure>\n\n\n\n<h3 class=\"wp-block-heading\">\u00d6te yandan Ak\u0131n G\u00fcrlek sosyal medya hesab\u0131ndan yapt\u0131\u011f\u0131 a\u00e7\u0131klamada:<\/h3>\n\n\n\n<p>&#8220;Gazze\u2019ye insani yard\u0131m ula\u015ft\u0131rmak amac\u0131yla yola \u00e7\u0131kan K\u00fcresel Sumud Filosu aktivistlerine uluslararas\u0131 sularda ger\u00e7ekle\u015ftirilen sald\u0131r\u0131ya ili\u015fkin yarg\u0131 s\u00fcreci kararl\u0131l\u0131kla devam etmektedir. \u0130stanbul 11. A\u011f\u0131r Ceza Mahkemesinin 2026\/108 Esas say\u0131l\u0131 dosyas\u0131nda, aralar\u0131nda Binyamin Netanyahu ve Afek Moskovitch\u2019in de bulundu\u011fu 35 san\u0131k hakk\u0131nda kovu\u015fturma y\u00fcr\u00fct\u00fclmektedir.<\/p>\n\n\n\n<p>Dosya kapsam\u0131nda Binyamin Netanyahu ve Afek Moskovitch hakk\u0131nda \u201cSoyk\u0131r\u0131m\u201d su\u00e7undan 14 Temmuz 2026 tarihinde verilen yakalama emirleri do\u011frultusunda, Adalet Bakanl\u0131\u011f\u0131m\u0131zca uluslararas\u0131 seviyede aranmalar\u0131 amac\u0131yla k\u0131rm\u0131z\u0131 b\u00fclten yay\u0131mlanmas\u0131 \u0130\u00e7i\u015fleri Bakanl\u0131\u011f\u0131m\u0131zdan talep edilmi\u015f, ilgili evrak D\u0131\u015fi\u015fleri Bakanl\u0131\u011f\u0131m\u0131za iletilmi\u015ftir.<\/p>\n\n\n\n<p>Binyamin Netanyahu ve Afek Moskovitch; Gazze\u2019ye insani yard\u0131m ula\u015ft\u0131ran sivillere uluslararas\u0131 sularda silahl\u0131 m\u00fcdahale ve aktivistlerin al\u0131konulmas\u0131na ili\u015fkin eylemler kapsam\u0131nda \u201c\u0130nsanl\u0131\u011fa Kar\u015f\u0131 Su\u00e7\u201d, \u201cSoyk\u0131r\u0131m\u201d, \u201cNitelikli Ki\u015fiyi H\u00fcrriyetinden Yoksun K\u0131lma\u201d, \u201cKasten Yaralama\u201d, \u201cEziyet\u201d, \u201cMala Zarar Verme\u201d, \u201cNitelikli Ya\u011fma\u201d ve \u201cUla\u015f\u0131m Ara\u00e7lar\u0131n\u0131n Ka\u00e7\u0131r\u0131lmas\u0131\u201d su\u00e7lar\u0131ndan yarg\u0131lanmaktad\u0131r.<\/p>\n\n\n\n<p>Gazze\u2019de soyk\u0131r\u0131m politikas\u0131 y\u00fcr\u00fcten Netanyahu y\u00f6netiminin dokunulmaz ve hesap sorulamaz oldu\u011fu y\u00f6n\u00fcndeki anlay\u0131\u015f\u0131 hi\u00e7bir suretle kabul etmiyoruz. Gazze\u2019de i\u015flenen su\u00e7lar\u0131n \u00fczerinin \u00f6rt\u00fclmesine, sorumlular\u0131n cezas\u0131zl\u0131k z\u0131rh\u0131yla korunmas\u0131na m\u00fcsaade etmeyece\u011fiz. Ulusal ve uluslararas\u0131 hukukun b\u00fct\u00fcn imk\u00e2nlar\u0131n\u0131 kararl\u0131l\u0131kla kullanaca\u011f\u0131z.<\/p>\n\n\n\n<p>Cumhurba\u015fkan\u0131m\u0131z Say\u0131n @RTErdogan&#8217;\u0131n liderli\u011finde Filistin halk\u0131n\u0131n, mazlumlar\u0131n ve insanl\u0131k vicdan\u0131n\u0131n yan\u0131nda dimdik durmaya devam edece\u011fiz. \u0130nsanl\u0131\u011fa kar\u015f\u0131 su\u00e7 i\u015fleyenlerin hukuk \u00f6n\u00fcnde hesap vermesi i\u00e7in gereken b\u00fct\u00fcn ad\u0131mlar\u0131 kararl\u0131l\u0131kla ataca\u011f\u0131z.&#8221; dedi.<\/p>\n","protected":false},"excerpt":{"rendered":"<p>T\u00fcrkiye Adalet Bakan\u0131 Ak\u0131n G\u00fcrlek, \u0130srail Ba\u015fbakan\u0131 Binyamin Netanyahu hakk\u0131nda k\u0131rm\u0131z\u0131 b\u00fclten talep edildi\u011fini a\u00e7\u0131klad\u0131. Adalet Bakan\u0131 Ak\u0131n G\u00fcrlek, \u0130stanbul 11. A\u011f\u0131r Ceza Mahkemesinde 2026\/108 Esas say\u0131l\u0131 dosyas\u0131 kapsam\u0131nda, Gazze\u2019ye insani yard\u0131m g\u00f6t\u00fcren K\u00fcresel Sumud Filosu\u2019na uluslararas\u0131 sularda d\u00fczenlenen sald\u0131r\u0131ya ili\u015fkin yarg\u0131 s\u00fcrecinde kritik bir a\u015famaya ge\u00e7ildi\u011fini belirtti. G\u00fcrlek, aralar\u0131nda \u0130srail Ba\u015fbakan\u0131 Binyamin Netanyahu\u2019nun da [&hellip;]<\/p>\n","protected":false},"author":12791,"featured_media":170721,"comment_status":"open","ping_status":"open","sticky":false,"template":"","format":"standard","meta":{"_yoast_wpseo_focuskw":"Binyamin Netanyahu - k\u0131rm\u0131z\u0131 b\u00fclten","_yoast_wpseo_title":"","_yoast_wpseo_metadesc":"T\u00fcrkiye Adalet Bakan\u0131 Ak\u0131n G\u00fcrlek, \u0130srail Ba\u015fbakan\u0131 Binyamin Netanyahu hakk\u0131nda k\u0131rm\u0131z\u0131 b\u00fclten talep edildi\u011fini a\u00e7\u0131klad\u0131.","_bbp_topic_count":0,"_bbp_reply_count":0,"_bbp_total_topic_count":0,"_bbp_total_reply_count":0,"_bbp_voice_count":0,"_bbp_anonymous_reply_count":0,"_bbp_topic_count_hidden":0,"_bbp_reply_count_hidden":0,"_bbp_forum_subforum_count":0,"footnotes":"","_yoast_wpseo_focuskw_text_input":""},"categories":[1,8138,8226,12306],"tags":[12289,1088,7874,12351,328],"yoast_head":"<!-- This site is optimized with the Yoast SEO plugin v23.0 - https:\/\/yoast.com\/wordpress\/plugins\/seo\/ -->\n<title>T\u00fcrkiye&#039;den Binyamin Netanyahu \u0130\u00e7in K\u0131rm\u0131z\u0131 B\u00fclten Talebi - The Epoch Times TR<\/title>\n<meta name=\"description\" content=\"T\u00fcrkiye Adalet Bakan\u0131 Ak\u0131n G\u00fcrlek, \u0130srail Ba\u015fbakan\u0131 Binyamin Netanyahu hakk\u0131nda k\u0131rm\u0131z\u0131 b\u00fclten talep edildi\u011fini a\u00e7\u0131klad\u0131.\" \/>\n<meta name=\"robots\" content=\"index, follow, max-snippet:-1, max-image-preview:large, max-video-preview:-1\" \/>\n<link rel=\"canonical\" href=\"https:\/\/epochtimestr.com\/index.php\/turkiyeden-binyamin-netanyahu-icin-kirmizi-bulten-talebi\" \/>\n<meta property=\"og:locale\" content=\"tr_TR\" \/>\n<meta property=\"og:type\" content=\"article\" \/>\n<meta property=\"og:title\" content=\"T\u00fcrkiye&#039;den Binyamin Netanyahu \u0130\u00e7in K\u0131rm\u0131z\u0131 B\u00fclten Talebi - The Epoch Times TR\" \/>\n<meta property=\"og:description\" content=\"T\u00fcrkiye Adalet Bakan\u0131 Ak\u0131n G\u00fcrlek, \u0130srail Ba\u015fbakan\u0131 Binyamin Netanyahu hakk\u0131nda k\u0131rm\u0131z\u0131 b\u00fclten talep edildi\u011fini a\u00e7\u0131klad\u0131.\" \/>\n<meta property=\"og:url\" content=\"https:\/\/epochtimestr.com\/index.php\/turkiyeden-binyamin-netanyahu-icin-kirmizi-bulten-talebi\" \/>\n<meta property=\"og:site_name\" content=\"The Epoch Times TR\" \/>\n<meta property=\"article:publisher\" content=\"https:\/\/www.facebook.com\/theepochtimestr\" \/>\n<meta property=\"article:published_time\" content=\"2026-08-21T17:47:42+00:00\" \/>\n<meta property=\"article:modified_time\" content=\"2026-08-21T17:47:44+00:00\" \/>\n<meta property=\"og:image\" content=\"https:\/\/epochtimestr.com\/wp-content\/uploads\/2011y\/netanyahu-x.webp\" \/>\n\t<meta property=\"og:image:width\" content=\"496\" \/>\n\t<meta property=\"og:image:height\" content=\"286\" \/>\n\t<meta property=\"og:image:type\" content=\"image\/webp\" \/>\n<meta name=\"author\" content=\"Haber Merkezi\" \/>\n<meta name=\"twitter:card\" content=\"summary_large_image\" \/>\n<meta name=\"twitter:creator\" content=\"@TheEpochTimesTR\" \/>\n<meta name=\"twitter:site\" content=\"@TheEpochTimesTR\" \/>\n<meta name=\"twitter:label1\" content=\"Yazan:\" \/>\n\t<meta name=\"twitter:data1\" content=\"Haber Merkezi\" \/>\n\t<meta name=\"twitter:label2\" content=\"Tahmini okuma s\u00fcresi\" \/>\n\t<meta name=\"twitter:data2\" content=\"4 dakika\" \/>\n<script type=\"application\/ld+json\" class=\"yoast-schema-graph\">{\"@context\":\"https:\/\/schema.org\",\"@graph\":[{\"@type\":\"Article\",\"@id\":\"https:\/\/epochtimestr.com\/index.php\/turkiyeden-binyamin-netanyahu-icin-kirmizi-bulten-talebi#article\",\"isPartOf\":{\"@id\":\"https:\/\/epochtimestr.com\/index.php\/turkiyeden-binyamin-netanyahu-icin-kirmizi-bulten-talebi\"},\"author\":{\"name\":\"Haber Merkezi\",\"@id\":\"https:\/\/epochtimestr.com\/#\/schema\/person\/3dc5c3adeb9f43923c5aa85889172fdd\"},\"headline\":\"T\u00fcrkiye&#8217;den Binyamin Netanyahu \u0130\u00e7in K\u0131rm\u0131z\u0131 B\u00fclten Talebi\",\"datePublished\":\"2026-08-21T17:47:42+00:00\",\"dateModified\":\"2026-08-21T17:47:44+00:00\",\"mainEntityOfPage\":{\"@id\":\"https:\/\/epochtimestr.com\/index.php\/turkiyeden-binyamin-netanyahu-icin-kirmizi-bulten-talebi\"},\"wordCount\":815,\"commentCount\":0,\"publisher\":{\"@id\":\"https:\/\/epochtimestr.com\/#organization\"},\"image\":{\"@id\":\"https:\/\/epochtimestr.com\/index.php\/turkiyeden-binyamin-netanyahu-icin-kirmizi-bulten-talebi#primaryimage\"},\"thumbnailUrl\":\"https:\/\/epochtimestr.com\/wp-content\/uploads\/2011y\/netanyahu-x.webp\",\"keywords\":[\"Adalet Bakan\u0131 Ak\u0131n G\u00fcrlek\",\"Binyamin Netanyahu\",\"\u0130srail\",\"K\u0131rm\u0131z\u0131B\u00fclten\",\"T\u00fcrkiye\"],\"articleSection\":[\"G\u00dcNDEM\",\"MAN\u015eET\",\"Siyaset\",\"Uluslararas\u0131 \u0130li\u015fkiler\"],\"inLanguage\":\"tr\",\"potentialAction\":[{\"@type\":\"CommentAction\",\"name\":\"Comment\",\"target\":[\"https:\/\/epochtimestr.com\/index.php\/turkiyeden-binyamin-netanyahu-icin-kirmizi-bulten-talebi#respond\"]}]},{\"@type\":\"WebPage\",\"@id\":\"https:\/\/epochtimestr.com\/index.php\/turkiyeden-binyamin-netanyahu-icin-kirmizi-bulten-talebi\",\"url\":\"https:\/\/epochtimestr.com\/index.php\/turkiyeden-binyamin-netanyahu-icin-kirmizi-bulten-talebi\",\"name\":\"T\u00fcrkiye'den Binyamin Netanyahu \u0130\u00e7in K\u0131rm\u0131z\u0131 B\u00fclten Talebi - The Epoch Times TR\",\"isPartOf\":{\"@id\":\"https:\/\/epochtimestr.com\/#website\"},\"primaryImageOfPage\":{\"@id\":\"https:\/\/epochtimestr.com\/index.php\/turkiyeden-binyamin-netanyahu-icin-kirmizi-bulten-talebi#primaryimage\"},\"image\":{\"@id\":\"https:\/\/epochtimestr.com\/index.php\/turkiyeden-binyamin-netanyahu-icin-kirmizi-bulten-talebi#primaryimage\"},\"thumbnailUrl\":\"https:\/\/epochtimestr.com\/wp-content\/uploads\/2011y\/netanyahu-x.webp\",\"datePublished\":\"2026-08-21T17:47:42+00:00\",\"dateModified\":\"2026-08-21T17:47:44+00:00\",\"description\":\"T\u00fcrkiye Adalet Bakan\u0131 Ak\u0131n G\u00fcrlek, \u0130srail Ba\u015fbakan\u0131 Binyamin Netanyahu hakk\u0131nda k\u0131rm\u0131z\u0131 b\u00fclten talep edildi\u011fini a\u00e7\u0131klad\u0131.\",\"inLanguage\":\"tr\",\"potentialAction\":[{\"@type\":\"ReadAction\",\"target\":[\"https:\/\/epochtimestr.com\/index.php\/turkiyeden-binyamin-netanyahu-icin-kirmizi-bulten-talebi\"]}]},{\"@type\":\"ImageObject\",\"inLanguage\":\"tr\",\"@id\":\"https:\/\/epochtimestr.com\/index.php\/turkiyeden-binyamin-netanyahu-icin-kirmizi-bulten-talebi#primaryimage\",\"url\":\"https:\/\/epochtimestr.com\/wp-content\/uploads\/2011y\/netanyahu-x.webp\",\"contentUrl\":\"https:\/\/epochtimestr.com\/wp-content\/uploads\/2011y\/netanyahu-x.webp\",\"width\":496,\"height\":286},{\"@type\":\"WebSite\",\"@id\":\"https:\/\/epochtimestr.com\/#website\",\"url\":\"https:\/\/epochtimestr.com\/\",\"name\":\"The Epoch Times TR\",\"description\":\"De\u011fi\u015fen D\u00fcnyam\u0131za Taze Bir Bak\u0131\u015f\",\"publisher\":{\"@id\":\"https:\/\/epochtimestr.com\/#organization\"},\"potentialAction\":[{\"@type\":\"SearchAction\",\"target\":{\"@type\":\"EntryPoint\",\"urlTemplate\":\"https:\/\/epochtimestr.com\/?s={search_term_string}\"},\"query-input\":\"required name=search_term_string\"}],\"inLanguage\":\"tr\"},{\"@type\":\"Organization\",\"@id\":\"https:\/\/epochtimestr.com\/#organization\",\"name\":\"The EpochTimes T\u00fcrkiye\",\"url\":\"https:\/\/epochtimestr.com\/\",\"logo\":{\"@type\":\"ImageObject\",\"inLanguage\":\"tr\",\"@id\":\"https:\/\/epochtimestr.com\/#\/schema\/logo\/image\/\",\"url\":\"https:\/\/epochtimestr.com\/wp-content\/uploads\/2011y\/ET-Logo-YG.jpg\",\"contentUrl\":\"https:\/\/epochtimestr.com\/wp-content\/uploads\/2011y\/ET-Logo-YG.jpg\",\"width\":346,\"height\":29,\"caption\":\"The EpochTimes T\u00fcrkiye\"},\"image\":{\"@id\":\"https:\/\/epochtimestr.com\/#\/schema\/logo\/image\/\"},\"sameAs\":[\"https:\/\/www.facebook.com\/theepochtimestr\",\"https:\/\/x.com\/TheEpochTimesTR\",\"https:\/\/www.instagram.com\/epochtimestr\"]},{\"@type\":\"Person\",\"@id\":\"https:\/\/epochtimestr.com\/#\/schema\/person\/3dc5c3adeb9f43923c5aa85889172fdd\",\"name\":\"Haber Merkezi\",\"image\":{\"@type\":\"ImageObject\",\"inLanguage\":\"tr\",\"@id\":\"https:\/\/epochtimestr.com\/#\/schema\/person\/image\/\",\"url\":\"https:\/\/secure.gravatar.com\/avatar\/d73f772ba5a74f28601361e17c2f93e6?s=96&d=mm&r=g\",\"contentUrl\":\"https:\/\/secure.gravatar.com\/avatar\/d73f772ba5a74f28601361e17c2f93e6?s=96&d=mm&r=g\",\"caption\":\"Haber Merkezi\"},\"url\":\"https:\/\/epochtimestr.com\/index.php\/author\/sendag\"}]}<\/script>\n<!-- \/ Yoast SEO plugin. -->","yoast_head_json":{"title":"T\u00fcrkiye'den Binyamin Netanyahu \u0130\u00e7in K\u0131rm\u0131z\u0131 B\u00fclten Talebi - The Epoch Times TR","description":"T\u00fcrkiye Adalet Bakan\u0131 Ak\u0131n G\u00fcrlek, \u0130srail Ba\u015fbakan\u0131 Binyamin Netanyahu hakk\u0131nda k\u0131rm\u0131z\u0131 b\u00fclten talep edildi\u011fini a\u00e7\u0131klad\u0131.","robots":{"index":"index","follow":"follow","max-snippet":"max-snippet:-1","max-image-preview":"max-image-preview:large","max-video-preview":"max-video-preview:-1"},"canonical":"https:\/\/epochtimestr.com\/index.php\/turkiyeden-binyamin-netanyahu-icin-kirmizi-bulten-talebi","og_locale":"tr_TR","og_type":"article","og_title":"T\u00fcrkiye'den Binyamin Netanyahu \u0130\u00e7in K\u0131rm\u0131z\u0131 B\u00fclten Talebi - The Epoch Times TR","og_description":"T\u00fcrkiye Adalet Bakan\u0131 Ak\u0131n G\u00fcrlek, \u0130srail Ba\u015fbakan\u0131 Binyamin Netanyahu hakk\u0131nda k\u0131rm\u0131z\u0131 b\u00fclten talep edildi\u011fini a\u00e7\u0131klad\u0131.","og_url":"https:\/\/epochtimestr.com\/index.php\/turkiyeden-binyamin-netanyahu-icin-kirmizi-bulten-talebi","og_site_name":"The Epoch Times TR","article_publisher":"https:\/\/www.facebook.com\/theepochtimestr","article_published_time":"2026-08-21T17:47:42+00:00","article_modified_time":"2026-08-21T17:47:44+00:00","og_image":[{"width":496,"height":286,"url":"https:\/\/epochtimestr.com\/wp-content\/uploads\/2011y\/netanyahu-x.webp","type":"image\/webp"}],"author":"Haber Merkezi","twitter_card":"summary_large_image","twitter_creator":"@TheEpochTimesTR","twitter_site":"@TheEpochTimesTR","twitter_misc":{"Yazan:":"Haber Merkezi","Tahmini okuma s\u00fcresi":"4 dakika"},"schema":{"@context":"https:\/\/schema.org","@graph":[{"@type":"Article","@id":"https:\/\/epochtimestr.com\/index.php\/turkiyeden-binyamin-netanyahu-icin-kirmizi-bulten-talebi#article","isPartOf":{"@id":"https:\/\/epochtimestr.com\/index.php\/turkiyeden-binyamin-netanyahu-icin-kirmizi-bulten-talebi"},"author":{"name":"Haber Merkezi","@id":"https:\/\/epochtimestr.com\/#\/schema\/person\/3dc5c3adeb9f43923c5aa85889172fdd"},"headline":"T\u00fcrkiye&#8217;den Binyamin Netanyahu \u0130\u00e7in K\u0131rm\u0131z\u0131 B\u00fclten Talebi","datePublished":"2026-08-21T17:47:42+00:00","dateModified":"2026-08-21T17:47:44+00:00","mainEntityOfPage":{"@id":"https:\/\/epochtimestr.com\/index.php\/turkiyeden-binyamin-netanyahu-icin-kirmizi-bulten-talebi"},"wordCount":815,"commentCount":0,"publisher":{"@id":"https:\/\/epochtimestr.com\/#organization"},"image":{"@id":"https:\/\/epochtimestr.com\/index.php\/turkiyeden-binyamin-netanyahu-icin-kirmizi-bulten-talebi#primaryimage"},"thumbnailUrl":"https:\/\/epochtimestr.com\/wp-content\/uploads\/2011y\/netanyahu-x.webp","keywords":["Adalet Bakan\u0131 Ak\u0131n G\u00fcrlek","Binyamin Netanyahu","\u0130srail","K\u0131rm\u0131z\u0131B\u00fclten","T\u00fcrkiye"],"articleSection":["G\u00dcNDEM","MAN\u015eET","Siyaset","Uluslararas\u0131 \u0130li\u015fkiler"],"inLanguage":"tr","potentialAction":[{"@type":"CommentAction","name":"Comment","target":["https:\/\/epochtimestr.com\/index.php\/turkiyeden-binyamin-netanyahu-icin-kirmizi-bulten-talebi#respond"]}]},{"@type":"WebPage","@id":"https:\/\/epochtimestr.com\/index.php\/turkiyeden-binyamin-netanyahu-icin-kirmizi-bulten-talebi","url":"https:\/\/epochtimestr.com\/index.php\/turkiyeden-binyamin-netanyahu-icin-kirmizi-bulten-talebi","name":"T\u00fcrkiye'den Binyamin Netanyahu \u0130\u00e7in K\u0131rm\u0131z\u0131 B\u00fclten Talebi - The Epoch Times TR","isPartOf":{"@id":"https:\/\/epochtimestr.com\/#website"},"primaryImageOfPage":{"@id":"https:\/\/epochtimestr.com\/index.php\/turkiyeden-binyamin-netanyahu-icin-kirmizi-bulten-talebi#primaryimage"},"image":{"@id":"https:\/\/epochtimestr.com\/index.php\/turkiyeden-binyamin-netanyahu-icin-kirmizi-bulten-talebi#primaryimage"},"thumbnailUrl":"https:\/\/epochtimestr.com\/wp-content\/uploads\/2011y\/netanyahu-x.webp","datePublished":"2026-08-21T17:47:42+00:00","dateModified":"2026-08-21T17:47:44+00:00","description":"T\u00fcrkiye Adalet Bakan\u0131 Ak\u0131n G\u00fcrlek, \u0130srail Ba\u015fbakan\u0131 Binyamin Netanyahu hakk\u0131nda k\u0131rm\u0131z\u0131 b\u00fclten talep edildi\u011fini a\u00e7\u0131klad\u0131.","inLanguage":"tr","potentialAction":[{"@type":"ReadAction","target":["https:\/\/epochtimestr.com\/index.php\/turkiyeden-binyamin-netanyahu-icin-kirmizi-bulten-talebi"]}]},{"@type":"ImageObject","inLanguage":"tr","@id":"https:\/\/epochtimestr.com\/index.php\/turkiyeden-binyamin-netanyahu-icin-kirmizi-bulten-talebi#primaryimage","url":"https:\/\/epochtimestr.com\/wp-content\/uploads\/2011y\/netanyahu-x.webp","contentUrl":"https:\/\/epochtimestr.com\/wp-content\/uploads\/2011y\/netanyahu-x.webp","width":496,"height":286},{"@type":"WebSite","@id":"https:\/\/epochtimestr.com\/#website","url":"https:\/\/epochtimestr.com\/","name":"The Epoch Times TR","description":"De\u011fi\u015fen D\u00fcnyam\u0131za Taze Bir Bak\u0131\u015f","publisher":{"@id":"https:\/\/epochtimestr.com\/#organization"},"potentialAction":[{"@type":"SearchAction","target":{"@type":"EntryPoint","urlTemplate":"https:\/\/epochtimestr.com\/?s={search_term_string}"},"query-input":"required name=search_term_string"}],"inLanguage":"tr"},{"@type":"Organization","@id":"https:\/\/epochtimestr.com\/#organization","name":"The EpochTimes T\u00fcrkiye","url":"https:\/\/epochtimestr.com\/","logo":{"@type":"ImageObject","inLanguage":"tr","@id":"https:\/\/epochtimestr.com\/#\/schema\/logo\/image\/","url":"https:\/\/epochtimestr.com\/wp-content\/uploads\/2011y\/ET-Logo-YG.jpg","contentUrl":"https:\/\/epochtimestr.com\/wp-content\/uploads\/2011y\/ET-Logo-YG.jpg","width":346,"height":29,"caption":"The EpochTimes T\u00fcrkiye"},"image":{"@id":"https:\/\/epochtimestr.com\/#\/schema\/logo\/image\/"},"sameAs":["https:\/\/www.facebook.com\/theepochtimestr","https:\/\/x.com\/TheEpochTimesTR","https:\/\/www.instagram.com\/epochtimestr"]},{"@type":"Person","@id":"https:\/\/epochtimestr.com\/#\/schema\/person\/3dc5c3adeb9f43923c5aa85889172fdd","name":"Haber Merkezi","image":{"@type":"ImageObject","inLanguage":"tr","@id":"https:\/\/epochtimestr.com\/#\/schema\/person\/image\/","url":"https:\/\/secure.gravatar.com\/avatar\/d73f772ba5a74f28601361e17c2f93e6?s=96&d=mm&r=g","contentUrl":"https:\/\/secure.gravatar.com\/avatar\/d73f772ba5a74f28601361e17c2f93e6?s=96&d=mm&r=g","caption":"Haber Merkezi"},"url":"https:\/\/epochtimestr.com\/index.php\/author\/sendag"}]}},"_links":{"self":[{"href":"https:\/\/epochtimestr.com\/index.php\/wp-json\/wp\/v2\/posts\/170720"}],"collection":[{"href":"https:\/\/epochtimestr.com\/index.php\/wp-json\/wp\/v2\/posts"}],"about":[{"href":"https:\/\/epochtimestr.com\/index.php\/wp-json\/wp\/v2\/types\/post"}],"author":[{"embeddable":true,"href":"https:\/\/epochtimestr.com\/index.php\/wp-json\/wp\/v2\/users\/12791"}],"replies":[{"embeddable":true,"href":"https:\/\/epochtimestr.com\/index.php\/wp-json\/wp\/v2\/comments?post=170720"}],"version-history":[{"count":2,"href":"https:\/\/epochtimestr.com\/index.php\/wp-json\/wp\/v2\/posts\/170720\/revisions"}],"predecessor-version":[{"id":170736,"href":"https:\/\/epochtimestr.com\/index.php\/wp-json\/wp\/v2\/posts\/170720\/revisions\/170736"}],"wp:featuredmedia":[{"embeddable":true,"href":"https:\/\/epochtimestr.com\/index.php\/wp-json\/wp\/v2\/media\/170721"}],"wp:attachment":[{"href":"https:\/\/epochtimestr.com\/index.php\/wp-json\/wp\/v2\/media?parent=170720"}],"wp:term":[{"taxonomy":"category","embeddable":true,"href":"https:\/\/epochtimestr.com\/index.php\/wp-json\/wp\/v2\/categories?post=170720"},{"taxonomy":"post_tag","embeddable":true,"href":"https:\/\/epochtimestr.com\/index.php\/wp-json\/wp\/v2\/tags?post=170720"}],"curies":[{"name":"wp","href":"https:\/\/api.w.org\/{rel}","templated":true}]}}