{"id":170737,"date":"2026-08-21T21:17:51","date_gmt":"2026-08-21T18:17:51","guid":{"rendered":"https:\/\/epochtimestr.com\/?p=170737"},"modified":"2026-08-21T21:17:53","modified_gmt":"2026-08-21T18:17:53","slug":"erdal-besikcioglu-siyaseti-birakma-karari-aldi","status":"publish","type":"post","link":"https:\/\/epochtimestr.com\/index.php\/erdal-besikcioglu-siyaseti-birakma-karari-aldi","title":{"rendered":"Erdal Be\u015fik\u00e7io\u011flu Siyaseti B\u0131rakma Karar\u0131 Ald\u0131"},"content":{"rendered":"<div class=\"wp-block-image\">\n<figure class=\"aligncenter size-full\"><img loading=\"lazy\" decoding=\"async\" width=\"972\" height=\"648\" src=\"https:\/\/epochtimestr.com\/wp-content\/uploads\/2011y\/besikcioglu.jpg\" alt=\"Erdal Be\u015fik\u00e7io\u011flu siyaseti b\u0131rakma karar\u0131 ald\u0131. (Foto\u011fraf: CHP web sitesi)\" class=\"wp-image-170738\" srcset=\"https:\/\/epochtimestr.com\/wp-content\/uploads\/2011y\/besikcioglu.jpg 972w, https:\/\/epochtimestr.com\/wp-content\/uploads\/2011y\/besikcioglu-300x200.jpg 300w, https:\/\/epochtimestr.com\/wp-content\/uploads\/2011y\/besikcioglu-150x100.jpg 150w, https:\/\/epochtimestr.com\/wp-content\/uploads\/2011y\/besikcioglu-768x512.jpg 768w\" sizes=\"(max-width: 972px) 100vw, 972px\" \/><figcaption class=\"wp-element-caption\">Erdal Be\u015fik\u00e7io\u011flu siyaseti b\u0131rakma karar\u0131 ald\u0131. (Foto\u011fraf: CHP web sitesi)<\/figcaption><\/figure><\/div>\n\n\n<h2 class=\"wp-block-heading\">Tutuklanarak Konya&#8217;daki cezaevine g\u00f6nderilen Etimesgut Belediye Ba\u015fkan\u0131 Erdal Be\u015fik\u00e7io\u011flu&#8217;nun, aktif siyaseti b\u0131rakma karar\u0131 ald\u0131\u011f\u0131 \u00f6ne s\u00fcr\u00fcld\u00fc.<\/h2>\n\n\n\n<p>Konya&#8217;daki cezaevinde tutuklu bulunan Etimesgut Belediye Ba\u015fkan\u0131 Erdal <a href=\"https:\/\/epochtimestr.com\/index.php\/etimesgut-belediye-baskani-erdal-besikcioglu-tutuklandi\" target=\"_blank\" rel=\"noreferrer noopener\">Be\u015fik\u00e7io\u011flu<\/a>, Kemal K\u0131l\u0131\u00e7daro\u011flu ile ger\u00e7ekle\u015ftirdi\u011fi cezaevi g\u00f6r\u00fc\u015fmesinde siyasete ve gelece\u011fine dair \u00e7arp\u0131c\u0131 a\u00e7\u0131klamalarda bulundu. Gazeteci Hilal K\u00f6yl\u00fc&#8217;n\u00fcn aktard\u0131\u011f\u0131 kulis bilgilerine g\u00f6re \u00fcnl\u00fc sanat\u00e7\u0131, siyasete at\u0131lm\u0131\u015f olmaktan dolay\u0131 pi\u015fmanl\u0131k duydu\u011funu ifade etti. Gazeteci Hilal K\u00f6yl\u00fc, YouTube kanal\u0131ndaki de\u011ferlendirmesinde Etimesgut Belediye Ba\u015fkan\u0131 Erdal Be\u015fik\u00e7io\u011flu\u2019nu sert s\u00f6zlerle ele\u015ftirdi.<\/p>\n\n\n\n<p>G\u00f6r\u00fc\u015fme s\u0131ras\u0131nda belediye ba\u015fkanl\u0131\u011f\u0131 makam\u0131n\u0131n sanat\u00e7\u0131 kimli\u011fiyle ba\u011fda\u015fmad\u0131\u011f\u0131n\u0131 vurgulayan Be\u015fik\u00e7io\u011flu&#8217;nun:<\/p>\n\n\n\n<p>&#8220;Ben sanat\u00e7\u0131y\u0131m. Belediye ba\u015fkanl\u0131\u011f\u0131 gibi, hele de siyasette bir konum, sanat\u00e7\u0131lara g\u00f6re de\u011fil. \u00d6zg\u00fcrl\u00fc\u011f\u00fcme kavu\u015fursam aktif siyaseti b\u0131rakaca\u011f\u0131m. Belediye ba\u015fkanl\u0131\u011f\u0131 bana g\u00f6re de\u011fil.&#8221; ifadelerini kulland\u0131\u011f\u0131 belirtildi.<\/p>\n\n\n\n<p>Hilal K\u00f6yl\u00fc, de\u011ferlendirmesinde Be\u015fik\u00e7io\u011flu hakk\u0131nda kamuoyuna yans\u0131yan uyu\u015fturucu testi tart\u0131\u015fmas\u0131n\u0131 da g\u00fcndeme ta\u015f\u0131d\u0131. K\u00f6yl\u00fc, Be\u015fik\u00e7io\u011flu&#8217;nun test sonucunun pozitif \u00e7\u0131kt\u0131\u011f\u0131n\u0131 s\u00f6yleyerek, Be\u015fik\u00e7io\u011flu&#8217;na atfen \u201cOrtamlarda bana ikram ediliyordu da ben k\u0131ram\u0131yorum\u201d \u015feklindeki ifadeyi aktard\u0131.<\/p>\n","protected":false},"excerpt":{"rendered":"<p>Tutuklanarak Konya&#8217;daki cezaevine g\u00f6nderilen Etimesgut Belediye Ba\u015fkan\u0131 Erdal Be\u015fik\u00e7io\u011flu&#8217;nun, aktif siyaseti b\u0131rakma karar\u0131 ald\u0131\u011f\u0131 \u00f6ne s\u00fcr\u00fcld\u00fc. Konya&#8217;daki cezaevinde tutuklu bulunan Etimesgut Belediye Ba\u015fkan\u0131 Erdal Be\u015fik\u00e7io\u011flu, Kemal K\u0131l\u0131\u00e7daro\u011flu ile ger\u00e7ekle\u015ftirdi\u011fi cezaevi g\u00f6r\u00fc\u015fmesinde siyasete ve gelece\u011fine dair \u00e7arp\u0131c\u0131 a\u00e7\u0131klamalarda bulundu. Gazeteci Hilal K\u00f6yl\u00fc&#8217;n\u00fcn aktard\u0131\u011f\u0131 kulis bilgilerine g\u00f6re \u00fcnl\u00fc sanat\u00e7\u0131, siyasete at\u0131lm\u0131\u015f olmaktan dolay\u0131 pi\u015fmanl\u0131k duydu\u011funu ifade etti. [&hellip;]<\/p>\n","protected":false},"author":12791,"featured_media":170738,"comment_status":"open","ping_status":"open","sticky":false,"template":"","format":"standard","meta":{"_yoast_wpseo_focuskw":"siyaseti b\u0131rakma karar\u0131","_yoast_wpseo_title":"","_yoast_wpseo_metadesc":"Konya cezaevin'deki Etimesgut Belediye Ba\u015fkan\u0131 Erdal Be\u015fik\u00e7io\u011flu'nun, aktif siyaseti b\u0131rakma karar\u0131 ald\u0131\u011f\u0131 \u00f6ne s\u00fcr\u00fcld\u00fc.","_bbp_topic_count":0,"_bbp_reply_count":0,"_bbp_total_topic_count":0,"_bbp_total_reply_count":0,"_bbp_voice_count":0,"_bbp_anonymous_reply_count":0,"_bbp_topic_count_hidden":0,"_bbp_reply_count_hidden":0,"_bbp_forum_subforum_count":0,"footnotes":"","_yoast_wpseo_focuskw_text_input":""},"categories":[1,8138,8226],"tags":[583,11969,11968],"yoast_head":"<!-- This site is optimized with the Yoast SEO plugin v23.0 - https:\/\/yoast.com\/wordpress\/plugins\/seo\/ -->\n<title>Erdal Be\u015fik\u00e7io\u011flu Siyaseti B\u0131rakma Karar\u0131 Ald\u0131 - The Epoch Times TR<\/title>\n<meta name=\"description\" content=\"Konya cezaevin&#039;deki Etimesgut Belediye Ba\u015fkan\u0131 Erdal Be\u015fik\u00e7io\u011flu&#039;nun, aktif siyaseti b\u0131rakma karar\u0131 ald\u0131\u011f\u0131 \u00f6ne s\u00fcr\u00fcld\u00fc.\" \/>\n<meta name=\"robots\" content=\"index, follow, max-snippet:-1, max-image-preview:large, max-video-preview:-1\" \/>\n<link rel=\"canonical\" href=\"https:\/\/epochtimestr.com\/index.php\/erdal-besikcioglu-siyaseti-birakma-karari-aldi\" \/>\n<meta property=\"og:locale\" content=\"tr_TR\" \/>\n<meta property=\"og:type\" content=\"article\" \/>\n<meta property=\"og:title\" content=\"Erdal Be\u015fik\u00e7io\u011flu Siyaseti B\u0131rakma Karar\u0131 Ald\u0131 - The Epoch Times TR\" \/>\n<meta property=\"og:description\" content=\"Konya cezaevin&#039;deki Etimesgut Belediye Ba\u015fkan\u0131 Erdal Be\u015fik\u00e7io\u011flu&#039;nun, aktif siyaseti b\u0131rakma karar\u0131 ald\u0131\u011f\u0131 \u00f6ne s\u00fcr\u00fcld\u00fc.\" \/>\n<meta property=\"og:url\" content=\"https:\/\/epochtimestr.com\/index.php\/erdal-besikcioglu-siyaseti-birakma-karari-aldi\" \/>\n<meta property=\"og:site_name\" content=\"The Epoch Times TR\" \/>\n<meta property=\"article:publisher\" content=\"https:\/\/www.facebook.com\/theepochtimestr\" \/>\n<meta property=\"article:published_time\" content=\"2026-08-21T18:17:51+00:00\" \/>\n<meta property=\"article:modified_time\" content=\"2026-08-21T18:17:53+00:00\" \/>\n<meta property=\"og:image\" content=\"https:\/\/epochtimestr.com\/wp-content\/uploads\/2011y\/besikcioglu.jpg\" \/>\n\t<meta property=\"og:image:width\" content=\"972\" \/>\n\t<meta property=\"og:image:height\" content=\"648\" \/>\n\t<meta property=\"og:image:type\" content=\"image\/jpeg\" \/>\n<meta name=\"author\" content=\"Haber Merkezi\" \/>\n<meta name=\"twitter:card\" content=\"summary_large_image\" \/>\n<meta name=\"twitter:creator\" content=\"@TheEpochTimesTR\" \/>\n<meta name=\"twitter:site\" content=\"@TheEpochTimesTR\" \/>\n<meta name=\"twitter:label1\" content=\"Yazan:\" \/>\n\t<meta name=\"twitter:data1\" content=\"Haber Merkezi\" \/>\n\t<meta name=\"twitter:label2\" content=\"Tahmini okuma s\u00fcresi\" \/>\n\t<meta name=\"twitter:data2\" content=\"2 dakika\" \/>\n<script type=\"application\/ld+json\" class=\"yoast-schema-graph\">{\"@context\":\"https:\/\/schema.org\",\"@graph\":[{\"@type\":\"Article\",\"@id\":\"https:\/\/epochtimestr.com\/index.php\/erdal-besikcioglu-siyaseti-birakma-karari-aldi#article\",\"isPartOf\":{\"@id\":\"https:\/\/epochtimestr.com\/index.php\/erdal-besikcioglu-siyaseti-birakma-karari-aldi\"},\"author\":{\"name\":\"Haber Merkezi\",\"@id\":\"https:\/\/epochtimestr.com\/#\/schema\/person\/3dc5c3adeb9f43923c5aa85889172fdd\"},\"headline\":\"Erdal Be\u015fik\u00e7io\u011flu Siyaseti B\u0131rakma Karar\u0131 Ald\u0131\",\"datePublished\":\"2026-08-21T18:17:51+00:00\",\"dateModified\":\"2026-08-21T18:17:53+00:00\",\"mainEntityOfPage\":{\"@id\":\"https:\/\/epochtimestr.com\/index.php\/erdal-besikcioglu-siyaseti-birakma-karari-aldi\"},\"wordCount\":254,\"commentCount\":0,\"publisher\":{\"@id\":\"https:\/\/epochtimestr.com\/#organization\"},\"image\":{\"@id\":\"https:\/\/epochtimestr.com\/index.php\/erdal-besikcioglu-siyaseti-birakma-karari-aldi#primaryimage\"},\"thumbnailUrl\":\"https:\/\/epochtimestr.com\/wp-content\/uploads\/2011y\/besikcioglu.jpg\",\"keywords\":[\"CHP\",\"Erdal Be\u015fik\u00e7io\u011flu\",\"Etimesgut Belediyesi\"],\"articleSection\":[\"G\u00dcNDEM\",\"MAN\u015eET\",\"Siyaset\"],\"inLanguage\":\"tr\",\"potentialAction\":[{\"@type\":\"CommentAction\",\"name\":\"Comment\",\"target\":[\"https:\/\/epochtimestr.com\/index.php\/erdal-besikcioglu-siyaseti-birakma-karari-aldi#respond\"]}]},{\"@type\":\"WebPage\",\"@id\":\"https:\/\/epochtimestr.com\/index.php\/erdal-besikcioglu-siyaseti-birakma-karari-aldi\",\"url\":\"https:\/\/epochtimestr.com\/index.php\/erdal-besikcioglu-siyaseti-birakma-karari-aldi\",\"name\":\"Erdal Be\u015fik\u00e7io\u011flu Siyaseti B\u0131rakma Karar\u0131 Ald\u0131 - The Epoch Times TR\",\"isPartOf\":{\"@id\":\"https:\/\/epochtimestr.com\/#website\"},\"primaryImageOfPage\":{\"@id\":\"https:\/\/epochtimestr.com\/index.php\/erdal-besikcioglu-siyaseti-birakma-karari-aldi#primaryimage\"},\"image\":{\"@id\":\"https:\/\/epochtimestr.com\/index.php\/erdal-besikcioglu-siyaseti-birakma-karari-aldi#primaryimage\"},\"thumbnailUrl\":\"https:\/\/epochtimestr.com\/wp-content\/uploads\/2011y\/besikcioglu.jpg\",\"datePublished\":\"2026-08-21T18:17:51+00:00\",\"dateModified\":\"2026-08-21T18:17:53+00:00\",\"description\":\"Konya cezaevin'deki Etimesgut Belediye Ba\u015fkan\u0131 Erdal Be\u015fik\u00e7io\u011flu'nun, aktif siyaseti b\u0131rakma karar\u0131 ald\u0131\u011f\u0131 \u00f6ne s\u00fcr\u00fcld\u00fc.\",\"inLanguage\":\"tr\",\"potentialAction\":[{\"@type\":\"ReadAction\",\"target\":[\"https:\/\/epochtimestr.com\/index.php\/erdal-besikcioglu-siyaseti-birakma-karari-aldi\"]}]},{\"@type\":\"ImageObject\",\"inLanguage\":\"tr\",\"@id\":\"https:\/\/epochtimestr.com\/index.php\/erdal-besikcioglu-siyaseti-birakma-karari-aldi#primaryimage\",\"url\":\"https:\/\/epochtimestr.com\/wp-content\/uploads\/2011y\/besikcioglu.jpg\",\"contentUrl\":\"https:\/\/epochtimestr.com\/wp-content\/uploads\/2011y\/besikcioglu.jpg\",\"width\":972,\"height\":648},{\"@type\":\"WebSite\",\"@id\":\"https:\/\/epochtimestr.com\/#website\",\"url\":\"https:\/\/epochtimestr.com\/\",\"name\":\"The Epoch Times TR\",\"description\":\"De\u011fi\u015fen D\u00fcnyam\u0131za Taze Bir Bak\u0131\u015f\",\"publisher\":{\"@id\":\"https:\/\/epochtimestr.com\/#organization\"},\"potentialAction\":[{\"@type\":\"SearchAction\",\"target\":{\"@type\":\"EntryPoint\",\"urlTemplate\":\"https:\/\/epochtimestr.com\/?s={search_term_string}\"},\"query-input\":\"required name=search_term_string\"}],\"inLanguage\":\"tr\"},{\"@type\":\"Organization\",\"@id\":\"https:\/\/epochtimestr.com\/#organization\",\"name\":\"The EpochTimes T\u00fcrkiye\",\"url\":\"https:\/\/epochtimestr.com\/\",\"logo\":{\"@type\":\"ImageObject\",\"inLanguage\":\"tr\",\"@id\":\"https:\/\/epochtimestr.com\/#\/schema\/logo\/image\/\",\"url\":\"https:\/\/epochtimestr.com\/wp-content\/uploads\/2011y\/ET-Logo-YG.jpg\",\"contentUrl\":\"https:\/\/epochtimestr.com\/wp-content\/uploads\/2011y\/ET-Logo-YG.jpg\",\"width\":346,\"height\":29,\"caption\":\"The EpochTimes T\u00fcrkiye\"},\"image\":{\"@id\":\"https:\/\/epochtimestr.com\/#\/schema\/logo\/image\/\"},\"sameAs\":[\"https:\/\/www.facebook.com\/theepochtimestr\",\"https:\/\/x.com\/TheEpochTimesTR\",\"https:\/\/www.instagram.com\/epochtimestr\"]},{\"@type\":\"Person\",\"@id\":\"https:\/\/epochtimestr.com\/#\/schema\/person\/3dc5c3adeb9f43923c5aa85889172fdd\",\"name\":\"Haber Merkezi\",\"image\":{\"@type\":\"ImageObject\",\"inLanguage\":\"tr\",\"@id\":\"https:\/\/epochtimestr.com\/#\/schema\/person\/image\/\",\"url\":\"https:\/\/secure.gravatar.com\/avatar\/d73f772ba5a74f28601361e17c2f93e6?s=96&d=mm&r=g\",\"contentUrl\":\"https:\/\/secure.gravatar.com\/avatar\/d73f772ba5a74f28601361e17c2f93e6?s=96&d=mm&r=g\",\"caption\":\"Haber Merkezi\"},\"url\":\"https:\/\/epochtimestr.com\/index.php\/author\/sendag\"}]}<\/script>\n<!-- \/ Yoast SEO plugin. -->","yoast_head_json":{"title":"Erdal Be\u015fik\u00e7io\u011flu Siyaseti B\u0131rakma Karar\u0131 Ald\u0131 - The Epoch Times TR","description":"Konya cezaevin'deki Etimesgut Belediye Ba\u015fkan\u0131 Erdal Be\u015fik\u00e7io\u011flu'nun, aktif siyaseti b\u0131rakma karar\u0131 ald\u0131\u011f\u0131 \u00f6ne s\u00fcr\u00fcld\u00fc.","robots":{"index":"index","follow":"follow","max-snippet":"max-snippet:-1","max-image-preview":"max-image-preview:large","max-video-preview":"max-video-preview:-1"},"canonical":"https:\/\/epochtimestr.com\/index.php\/erdal-besikcioglu-siyaseti-birakma-karari-aldi","og_locale":"tr_TR","og_type":"article","og_title":"Erdal Be\u015fik\u00e7io\u011flu Siyaseti B\u0131rakma Karar\u0131 Ald\u0131 - The Epoch Times TR","og_description":"Konya cezaevin'deki Etimesgut Belediye Ba\u015fkan\u0131 Erdal Be\u015fik\u00e7io\u011flu'nun, aktif siyaseti b\u0131rakma karar\u0131 ald\u0131\u011f\u0131 \u00f6ne s\u00fcr\u00fcld\u00fc.","og_url":"https:\/\/epochtimestr.com\/index.php\/erdal-besikcioglu-siyaseti-birakma-karari-aldi","og_site_name":"The Epoch Times TR","article_publisher":"https:\/\/www.facebook.com\/theepochtimestr","article_published_time":"2026-08-21T18:17:51+00:00","article_modified_time":"2026-08-21T18:17:53+00:00","og_image":[{"width":972,"height":648,"url":"https:\/\/epochtimestr.com\/wp-content\/uploads\/2011y\/besikcioglu.jpg","type":"image\/jpeg"}],"author":"Haber Merkezi","twitter_card":"summary_large_image","twitter_creator":"@TheEpochTimesTR","twitter_site":"@TheEpochTimesTR","twitter_misc":{"Yazan:":"Haber Merkezi","Tahmini okuma s\u00fcresi":"2 dakika"},"schema":{"@context":"https:\/\/schema.org","@graph":[{"@type":"Article","@id":"https:\/\/epochtimestr.com\/index.php\/erdal-besikcioglu-siyaseti-birakma-karari-aldi#article","isPartOf":{"@id":"https:\/\/epochtimestr.com\/index.php\/erdal-besikcioglu-siyaseti-birakma-karari-aldi"},"author":{"name":"Haber Merkezi","@id":"https:\/\/epochtimestr.com\/#\/schema\/person\/3dc5c3adeb9f43923c5aa85889172fdd"},"headline":"Erdal Be\u015fik\u00e7io\u011flu Siyaseti B\u0131rakma Karar\u0131 Ald\u0131","datePublished":"2026-08-21T18:17:51+00:00","dateModified":"2026-08-21T18:17:53+00:00","mainEntityOfPage":{"@id":"https:\/\/epochtimestr.com\/index.php\/erdal-besikcioglu-siyaseti-birakma-karari-aldi"},"wordCount":254,"commentCount":0,"publisher":{"@id":"https:\/\/epochtimestr.com\/#organization"},"image":{"@id":"https:\/\/epochtimestr.com\/index.php\/erdal-besikcioglu-siyaseti-birakma-karari-aldi#primaryimage"},"thumbnailUrl":"https:\/\/epochtimestr.com\/wp-content\/uploads\/2011y\/besikcioglu.jpg","keywords":["CHP","Erdal Be\u015fik\u00e7io\u011flu","Etimesgut Belediyesi"],"articleSection":["G\u00dcNDEM","MAN\u015eET","Siyaset"],"inLanguage":"tr","potentialAction":[{"@type":"CommentAction","name":"Comment","target":["https:\/\/epochtimestr.com\/index.php\/erdal-besikcioglu-siyaseti-birakma-karari-aldi#respond"]}]},{"@type":"WebPage","@id":"https:\/\/epochtimestr.com\/index.php\/erdal-besikcioglu-siyaseti-birakma-karari-aldi","url":"https:\/\/epochtimestr.com\/index.php\/erdal-besikcioglu-siyaseti-birakma-karari-aldi","name":"Erdal Be\u015fik\u00e7io\u011flu Siyaseti B\u0131rakma Karar\u0131 Ald\u0131 - The Epoch Times TR","isPartOf":{"@id":"https:\/\/epochtimestr.com\/#website"},"primaryImageOfPage":{"@id":"https:\/\/epochtimestr.com\/index.php\/erdal-besikcioglu-siyaseti-birakma-karari-aldi#primaryimage"},"image":{"@id":"https:\/\/epochtimestr.com\/index.php\/erdal-besikcioglu-siyaseti-birakma-karari-aldi#primaryimage"},"thumbnailUrl":"https:\/\/epochtimestr.com\/wp-content\/uploads\/2011y\/besikcioglu.jpg","datePublished":"2026-08-21T18:17:51+00:00","dateModified":"2026-08-21T18:17:53+00:00","description":"Konya cezaevin'deki Etimesgut Belediye Ba\u015fkan\u0131 Erdal Be\u015fik\u00e7io\u011flu'nun, aktif siyaseti b\u0131rakma karar\u0131 ald\u0131\u011f\u0131 \u00f6ne s\u00fcr\u00fcld\u00fc.","inLanguage":"tr","potentialAction":[{"@type":"ReadAction","target":["https:\/\/epochtimestr.com\/index.php\/erdal-besikcioglu-siyaseti-birakma-karari-aldi"]}]},{"@type":"ImageObject","inLanguage":"tr","@id":"https:\/\/epochtimestr.com\/index.php\/erdal-besikcioglu-siyaseti-birakma-karari-aldi#primaryimage","url":"https:\/\/epochtimestr.com\/wp-content\/uploads\/2011y\/besikcioglu.jpg","contentUrl":"https:\/\/epochtimestr.com\/wp-content\/uploads\/2011y\/besikcioglu.jpg","width":972,"height":648},{"@type":"WebSite","@id":"https:\/\/epochtimestr.com\/#website","url":"https:\/\/epochtimestr.com\/","name":"The Epoch Times TR","description":"De\u011fi\u015fen D\u00fcnyam\u0131za Taze Bir Bak\u0131\u015f","publisher":{"@id":"https:\/\/epochtimestr.com\/#organization"},"potentialAction":[{"@type":"SearchAction","target":{"@type":"EntryPoint","urlTemplate":"https:\/\/epochtimestr.com\/?s={search_term_string}"},"query-input":"required name=search_term_string"}],"inLanguage":"tr"},{"@type":"Organization","@id":"https:\/\/epochtimestr.com\/#organization","name":"The EpochTimes T\u00fcrkiye","url":"https:\/\/epochtimestr.com\/","logo":{"@type":"ImageObject","inLanguage":"tr","@id":"https:\/\/epochtimestr.com\/#\/schema\/logo\/image\/","url":"https:\/\/epochtimestr.com\/wp-content\/uploads\/2011y\/ET-Logo-YG.jpg","contentUrl":"https:\/\/epochtimestr.com\/wp-content\/uploads\/2011y\/ET-Logo-YG.jpg","width":346,"height":29,"caption":"The EpochTimes T\u00fcrkiye"},"image":{"@id":"https:\/\/epochtimestr.com\/#\/schema\/logo\/image\/"},"sameAs":["https:\/\/www.facebook.com\/theepochtimestr","https:\/\/x.com\/TheEpochTimesTR","https:\/\/www.instagram.com\/epochtimestr"]},{"@type":"Person","@id":"https:\/\/epochtimestr.com\/#\/schema\/person\/3dc5c3adeb9f43923c5aa85889172fdd","name":"Haber Merkezi","image":{"@type":"ImageObject","inLanguage":"tr","@id":"https:\/\/epochtimestr.com\/#\/schema\/person\/image\/","url":"https:\/\/secure.gravatar.com\/avatar\/d73f772ba5a74f28601361e17c2f93e6?s=96&d=mm&r=g","contentUrl":"https:\/\/secure.gravatar.com\/avatar\/d73f772ba5a74f28601361e17c2f93e6?s=96&d=mm&r=g","caption":"Haber Merkezi"},"url":"https:\/\/epochtimestr.com\/index.php\/author\/sendag"}]}},"_links":{"self":[{"href":"https:\/\/epochtimestr.com\/index.php\/wp-json\/wp\/v2\/posts\/170737"}],"collection":[{"href":"https:\/\/epochtimestr.com\/index.php\/wp-json\/wp\/v2\/posts"}],"about":[{"href":"https:\/\/epochtimestr.com\/index.php\/wp-json\/wp\/v2\/types\/post"}],"author":[{"embeddable":true,"href":"https:\/\/epochtimestr.com\/index.php\/wp-json\/wp\/v2\/users\/12791"}],"replies":[{"embeddable":true,"href":"https:\/\/epochtimestr.com\/index.php\/wp-json\/wp\/v2\/comments?post=170737"}],"version-history":[{"count":2,"href":"https:\/\/epochtimestr.com\/index.php\/wp-json\/wp\/v2\/posts\/170737\/revisions"}],"predecessor-version":[{"id":170744,"href":"https:\/\/epochtimestr.com\/index.php\/wp-json\/wp\/v2\/posts\/170737\/revisions\/170744"}],"wp:featuredmedia":[{"embeddable":true,"href":"https:\/\/epochtimestr.com\/index.php\/wp-json\/wp\/v2\/media\/170738"}],"wp:attachment":[{"href":"https:\/\/epochtimestr.com\/index.php\/wp-json\/wp\/v2\/media?parent=170737"}],"wp:term":[{"taxonomy":"category","embeddable":true,"href":"https:\/\/epochtimestr.com\/index.php\/wp-json\/wp\/v2\/categories?post=170737"},{"taxonomy":"post_tag","embeddable":true,"href":"https:\/\/epochtimestr.com\/index.php\/wp-json\/wp\/v2\/tags?post=170737"}],"curies":[{"name":"wp","href":"https:\/\/api.w.org\/{rel}","templated":true}]}}