{"id":170745,"date":"2026-08-21T21:40:36","date_gmt":"2026-08-21T18:40:36","guid":{"rendered":"https:\/\/epochtimestr.com\/?p=170745"},"modified":"2026-08-21T21:40:38","modified_gmt":"2026-08-21T18:40:38","slug":"nallihan-ilcesinde-maden-ocaginda-gocuk-meydana-geldi","status":"publish","type":"post","link":"https:\/\/epochtimestr.com\/index.php\/nallihan-ilcesinde-maden-ocaginda-gocuk-meydana-geldi","title":{"rendered":"Nall\u0131han \u0130l\u00e7esinde Maden Oca\u011f\u0131nda G\u00f6\u00e7\u00fck Meydana Geldi"},"content":{"rendered":"<div class=\"wp-block-image\">\n<figure class=\"aligncenter size-full\"><img loading=\"lazy\" decoding=\"async\" width=\"1280\" height=\"960\" src=\"https:\/\/epochtimestr.com\/wp-content\/uploads\/2011y\/coal-1626368_1280.jpg\" alt=\"Ankara'n\u0131n Nall\u0131han il\u00e7esinde maden oca\u011f\u0131nda g\u00f6\u00e7\u00fck meydana geldi. (Foto\u011fraf: hangela, Pixabay)\" class=\"wp-image-170746\" srcset=\"https:\/\/epochtimestr.com\/wp-content\/uploads\/2011y\/coal-1626368_1280.jpg 1280w, https:\/\/epochtimestr.com\/wp-content\/uploads\/2011y\/coal-1626368_1280-300x225.jpg 300w, https:\/\/epochtimestr.com\/wp-content\/uploads\/2011y\/coal-1626368_1280-150x113.jpg 150w, https:\/\/epochtimestr.com\/wp-content\/uploads\/2011y\/coal-1626368_1280-768x576.jpg 768w, https:\/\/epochtimestr.com\/wp-content\/uploads\/2011y\/coal-1626368_1280-86x64.jpg 86w\" sizes=\"(max-width: 1280px) 100vw, 1280px\" \/><figcaption class=\"wp-element-caption\">Ankara&#8217;n\u0131n Nall\u0131han il\u00e7esinde maden oca\u011f\u0131nda g\u00f6\u00e7\u00fck meydana geldi. (Foto\u011fraf: hangela, Pixabay)<\/figcaption><\/figure><\/div>\n\n\n<h2 class=\"wp-block-heading\">Ankara\u2019n\u0131n Nall\u0131han il\u00e7esinde \u00c7ay\u0131rhan Termik Elektrik \u00dcretim ve Madencilik\u2019e ait maden oca\u011f\u0131nda g\u00f6\u00e7\u00fck meydana geldi.<\/h2>\n\n\n\n<p>Ankara&#8217;n\u0131n Nall\u0131han il\u00e7esinde <a href=\"https:\/\/epochtimestr.com\/index.php\/erzincan-ilicte-maden-ocaginda-siyanurlu-pasa-coktu-isciler-gocuk-altinda\" target=\"_blank\" rel=\"noreferrer noopener\">maden oca\u011f\u0131<\/a>nda meydana gelen g\u00f6\u00e7\u00fckte 1 i\u015f\u00e7i hayat\u0131n\u0131 kaybetti, 8 i\u015f\u00e7i yaraland\u0131.<\/p>\n\n\n\n<p>Nall\u0131han il\u00e7esindeki <a href=\"https:\/\/epochtimestr.com\/index.php\/cayirhan-iscileri-madenciler-gununu-kutladi\" target=\"_blank\" rel=\"noreferrer noopener\">\u00c7ay\u0131rhan K\u00f6m\u00fcr \u0130\u015fletmeleri<\/a>&#8216;nde bulunan maden oca\u011f\u0131nda saat 17.00 s\u0131ralar\u0131nda g\u00f6\u00e7\u00fck meydana geldi. G\u00f6\u00e7\u00fckte kalan 9 i\u015f\u00e7iden 8&#8217;i yaral\u0131 olarak kurtar\u0131l\u0131rken, E.K.&#8217;nin cans\u0131z bedenine ula\u015f\u0131ld\u0131. \u0130hbar \u00fczerine olay yerine \u00e7ok say\u0131da sa\u011fl\u0131k ekibi sevk edildi. Yaral\u0131 8 i\u015f\u00e7i, ambulanslarla Beypazar\u0131 Devlet Hastanesi&#8217;ne kald\u0131r\u0131ld\u0131.<\/p>\n\n\n\n<p>Yaral\u0131 olarak kurtar\u0131lan maden i\u015f\u00e7ilerinin Emre T., Enes \u00c7., H\u00fcseyin A., Erkan K., Olcay M., Erkan A., Onur B., Ersin O., Selim K., \u015eafak D., H\u00fcsn\u00fc Ersin \u00d6. ve Yusuf A. oldu\u011fu \u00f6\u011frenildi. Olayla ilgili soru\u015fturma ba\u015flat\u0131ld\u0131.<\/p>\n\n\n\n<p><strong>Ankara Valili\u011fi a\u00e7\u0131klamas\u0131nda \u015fu ifadelere yer verildi:<\/strong><\/p>\n\n\n\n<p>\u0130limiz Beypazar\u0131 il\u00e7esi H\u0131rkatepe Mahallesi\u2019nde bug\u00fcn saat 18.00 s\u0131ralar\u0131nda, \u00c7ay\u0131rhan Enerji \u0130\u015fletmesi sahas\u0131nda, ilk tespitlere g\u00f6re \u00e7al\u0131\u015fma sahas\u0131n\u0131n arkas\u0131nda tavan \u00e7\u00f6kmesi sonucu olu\u015fan bas\u0131nca ba\u011fl\u0131 olarak savrulmalar neticesinde maden kazas\u0131 meydana gelmi\u015ftir.<\/p>\n\n\n\n<p>Olaydan toplam 20 vatanda\u015f\u0131m\u0131z etkilenmi\u015f, 1 madenci vatanda\u015f\u0131m\u0131z hayat\u0131n\u0131 kaybetmi\u015f ve yaral\u0131 vatanda\u015flar\u0131m\u0131z tedavi alt\u0131na al\u0131nm\u0131\u015ft\u0131r.<\/p>\n\n\n\n<figure class=\"wp-block-embed is-type-rich is-provider-x wp-block-embed-x\"><div class=\"wp-block-embed__wrapper\">\n<blockquote class=\"twitter-tweet\" data-width=\"550\" data-dnt=\"true\"><p lang=\"tr\" dir=\"ltr\">BASIN A\u00c7IKLAMASI<br><br>\u0130limiz Beypazar\u0131 il\u00e7esi H\u0131rkatepe Mahallesi\u2019nde bug\u00fcn saat 18.00 s\u0131ralar\u0131nda, \u00c7ay\u0131rhan Enerji \u0130\u015fletmesi sahas\u0131nda, ilk tespitlere g\u00f6re \u00e7al\u0131\u015fma sahas\u0131n\u0131n arkas\u0131nda meydana gelen tavan \u00e7\u00f6kmesi sonucu olu\u015fan bas\u0131nca ba\u011fl\u0131 savrulmalar neticesinde maden kazas\u0131\u2026 <a href=\"https:\/\/t.co\/mVPUfeL45B\">pic.twitter.com\/mVPUfeL45B<\/a><\/p>&mdash; T.C. Ankara Valili\u011fi (@AnkaraValiligi) <a href=\"https:\/\/x.com\/AnkaraValiligi\/status\/2090863864174760089?ref_src=twsrc%5Etfw\">August 21, 2026<\/a><\/blockquote><script async src=\"https:\/\/platform.x.com\/widgets.js\" charset=\"utf-8\"><\/script>\n<\/div><\/figure>\n\n\n\n<p><strong>Ne olmu\u015ftu?<\/strong><\/p>\n\n\n\n<p>G\u00f6\u00e7\u00fck, \u00c7ay\u0131rhan Termik Elektrik \u00dcretim ve Madencilik\u2019te meydana geldi. \u00c7ay\u0131rhan Termik Santrali ve maden sahalar\u0131, 2024 y\u0131l\u0131n\u0131n Kas\u0131m ay\u0131nda \u00f6zelle\u015ftirme karar\u0131yla g\u00fcndeme gelmi\u015fti. Karara kar\u015f\u0131 \u00e7\u0131kan yakla\u015f\u0131k 500 maden i\u015f\u00e7isi, 20 Kas\u0131m 2024\u2019te kendilerini madene kapatarak eylem ba\u015flatm\u0131\u015ft\u0131.<br \/>\u0130\u015f\u00e7iler, \u00f6zelle\u015ftirme sonras\u0131nda kazan\u0131lm\u0131\u015f haklar\u0131n\u0131 ve i\u015f g\u00fcvencelerini kaybetme riskiyle kar\u015f\u0131 kar\u015f\u0131ya olduklar\u0131n\u0131 belirtmi\u015fti. T\u00fcrkiye Maden \u0130\u015f\u00e7ileri Sendikas\u0131 da ihale \u015fartnamesinde madencilerin kazan\u0131lm\u0131\u015f haklar\u0131na ili\u015fkin yeterli g\u00fcvence bulunmad\u0131\u011f\u0131n\u0131 savunmu\u015ftu.<\/p>\n\n\n\n<p>\u0130\u015f\u00e7ilerin eylemleri sonraki aylarda da devam ederken, \u00c7ay\u0131rhan Termik Santrali ve maden sahalar\u0131n\u0131n \u00f6zelle\u015ftirilmesine ili\u015fkin ihale 7 Mart 2025\u2019te sonu\u00e7land\u0131. \u00c7ay\u0131rhan Termik Santrali, \u00c7ay\u0131rhan Linyit \u0130\u015fletmesi, santrale ba\u011fl\u0131 ta\u015f\u0131nmazlar ve baz\u0131 maden ruhsatlar\u0131n\u0131n kapsad\u0131\u011f\u0131 sahalar\u0131n i\u015fletme hakk\u0131, 20 milyar lira bedelle en y\u00fcksek teklifi veren Ak\u00e7ada\u011f \u0130n\u015faat Enerji ve Madencilik A\u015e\u2019ye devredildi.<br \/>Cumhurba\u015fkan\u0131 Recep Tayyip Erdo\u011fan\u2019\u0131n imzas\u0131yla \u00f6zelle\u015ftirme s\u00fcreci May\u0131s 2025\u2019te kesinle\u015fti.<\/p>\n","protected":false},"excerpt":{"rendered":"<p>Ankara\u2019n\u0131n Nall\u0131han il\u00e7esinde \u00c7ay\u0131rhan Termik Elektrik \u00dcretim ve Madencilik\u2019e ait maden oca\u011f\u0131nda g\u00f6\u00e7\u00fck meydana geldi. Ankara&#8217;n\u0131n Nall\u0131han il\u00e7esinde maden oca\u011f\u0131nda meydana gelen g\u00f6\u00e7\u00fckte 1 i\u015f\u00e7i hayat\u0131n\u0131 kaybetti, 8 i\u015f\u00e7i yaraland\u0131. Nall\u0131han il\u00e7esindeki \u00c7ay\u0131rhan K\u00f6m\u00fcr \u0130\u015fletmeleri&#8216;nde bulunan maden oca\u011f\u0131nda saat 17.00 s\u0131ralar\u0131nda g\u00f6\u00e7\u00fck meydana geldi. G\u00f6\u00e7\u00fckte kalan 9 i\u015f\u00e7iden 8&#8217;i yaral\u0131 olarak kurtar\u0131l\u0131rken, E.K.&#8217;nin cans\u0131z bedenine [&hellip;]<\/p>\n","protected":false},"author":12791,"featured_media":170746,"comment_status":"open","ping_status":"open","sticky":false,"template":"","format":"standard","meta":{"_yoast_wpseo_focuskw":"Nall\u0131han - g\u00f6\u00e7\u00fck","_yoast_wpseo_title":"","_yoast_wpseo_metadesc":"Ankara\u2019n\u0131n Nall\u0131han il\u00e7esinde \u00c7ay\u0131rhan Termik Elektrik \u00dcretim ve Madencilik\u2019e ait maden oca\u011f\u0131nda g\u00f6\u00e7\u00fck meydana geldi.","_bbp_topic_count":0,"_bbp_reply_count":0,"_bbp_total_topic_count":0,"_bbp_total_reply_count":0,"_bbp_voice_count":0,"_bbp_anonymous_reply_count":0,"_bbp_topic_count_hidden":0,"_bbp_reply_count_hidden":0,"_bbp_forum_subforum_count":0,"footnotes":"","_yoast_wpseo_focuskw_text_input":""},"categories":[1,8138,8419],"tags":[12354,12353,6857,12355],"yoast_head":"<!-- This site is optimized with the Yoast SEO plugin v23.0 - https:\/\/yoast.com\/wordpress\/plugins\/seo\/ -->\n<title>Nall\u0131han \u0130l\u00e7esinde Maden Oca\u011f\u0131nda G\u00f6\u00e7\u00fck Meydana Geldi - The Epoch Times TR<\/title>\n<meta name=\"description\" content=\"Ankara\u2019n\u0131n Nall\u0131han il\u00e7esinde \u00c7ay\u0131rhan Termik Elektrik \u00dcretim ve Madencilik\u2019e ait maden oca\u011f\u0131nda g\u00f6\u00e7\u00fck meydana geldi.\" \/>\n<meta name=\"robots\" content=\"index, follow, max-snippet:-1, max-image-preview:large, max-video-preview:-1\" \/>\n<link rel=\"canonical\" href=\"https:\/\/epochtimestr.com\/index.php\/nallihan-ilcesinde-maden-ocaginda-gocuk-meydana-geldi\" \/>\n<meta property=\"og:locale\" content=\"tr_TR\" \/>\n<meta property=\"og:type\" content=\"article\" \/>\n<meta property=\"og:title\" content=\"Nall\u0131han \u0130l\u00e7esinde Maden Oca\u011f\u0131nda G\u00f6\u00e7\u00fck Meydana Geldi - The Epoch Times TR\" \/>\n<meta property=\"og:description\" content=\"Ankara\u2019n\u0131n Nall\u0131han il\u00e7esinde \u00c7ay\u0131rhan Termik Elektrik \u00dcretim ve Madencilik\u2019e ait maden oca\u011f\u0131nda g\u00f6\u00e7\u00fck meydana geldi.\" \/>\n<meta property=\"og:url\" content=\"https:\/\/epochtimestr.com\/index.php\/nallihan-ilcesinde-maden-ocaginda-gocuk-meydana-geldi\" \/>\n<meta property=\"og:site_name\" content=\"The Epoch Times TR\" \/>\n<meta property=\"article:publisher\" content=\"https:\/\/www.facebook.com\/theepochtimestr\" \/>\n<meta property=\"article:published_time\" content=\"2026-08-21T18:40:36+00:00\" \/>\n<meta property=\"article:modified_time\" content=\"2026-08-21T18:40:38+00:00\" \/>\n<meta property=\"og:image\" content=\"https:\/\/epochtimestr.com\/wp-content\/uploads\/2011y\/coal-1626368_1280.jpg\" \/>\n\t<meta property=\"og:image:width\" content=\"1280\" \/>\n\t<meta property=\"og:image:height\" content=\"960\" \/>\n\t<meta property=\"og:image:type\" content=\"image\/jpeg\" \/>\n<meta name=\"author\" content=\"Haber Merkezi\" \/>\n<meta name=\"twitter:card\" content=\"summary_large_image\" \/>\n<meta name=\"twitter:creator\" content=\"@TheEpochTimesTR\" \/>\n<meta name=\"twitter:site\" content=\"@TheEpochTimesTR\" \/>\n<meta name=\"twitter:label1\" content=\"Yazan:\" \/>\n\t<meta name=\"twitter:data1\" content=\"Haber Merkezi\" \/>\n\t<meta name=\"twitter:label2\" content=\"Tahmini okuma s\u00fcresi\" \/>\n\t<meta name=\"twitter:data2\" content=\"3 dakika\" \/>\n<script type=\"application\/ld+json\" class=\"yoast-schema-graph\">{\"@context\":\"https:\/\/schema.org\",\"@graph\":[{\"@type\":\"Article\",\"@id\":\"https:\/\/epochtimestr.com\/index.php\/nallihan-ilcesinde-maden-ocaginda-gocuk-meydana-geldi#article\",\"isPartOf\":{\"@id\":\"https:\/\/epochtimestr.com\/index.php\/nallihan-ilcesinde-maden-ocaginda-gocuk-meydana-geldi\"},\"author\":{\"name\":\"Haber Merkezi\",\"@id\":\"https:\/\/epochtimestr.com\/#\/schema\/person\/3dc5c3adeb9f43923c5aa85889172fdd\"},\"headline\":\"Nall\u0131han \u0130l\u00e7esinde Maden Oca\u011f\u0131nda G\u00f6\u00e7\u00fck Meydana Geldi\",\"datePublished\":\"2026-08-21T18:40:36+00:00\",\"dateModified\":\"2026-08-21T18:40:38+00:00\",\"mainEntityOfPage\":{\"@id\":\"https:\/\/epochtimestr.com\/index.php\/nallihan-ilcesinde-maden-ocaginda-gocuk-meydana-geldi\"},\"wordCount\":454,\"commentCount\":0,\"publisher\":{\"@id\":\"https:\/\/epochtimestr.com\/#organization\"},\"image\":{\"@id\":\"https:\/\/epochtimestr.com\/index.php\/nallihan-ilcesinde-maden-ocaginda-gocuk-meydana-geldi#primaryimage\"},\"thumbnailUrl\":\"https:\/\/epochtimestr.com\/wp-content\/uploads\/2011y\/coal-1626368_1280.jpg\",\"keywords\":[\"Ankara Nall\u0131han\",\"\u00c7ay\u0131rhan K\u00f6m\u00fcr \u0130\u015fletmeleri\",\"g\u00f6\u00e7\u00fck\",\"Maden Oca\u011f\u0131\"],\"articleSection\":[\"G\u00dcNDEM\",\"MAN\u015eET\",\"Ya\u015fam\"],\"inLanguage\":\"tr\",\"potentialAction\":[{\"@type\":\"CommentAction\",\"name\":\"Comment\",\"target\":[\"https:\/\/epochtimestr.com\/index.php\/nallihan-ilcesinde-maden-ocaginda-gocuk-meydana-geldi#respond\"]}]},{\"@type\":\"WebPage\",\"@id\":\"https:\/\/epochtimestr.com\/index.php\/nallihan-ilcesinde-maden-ocaginda-gocuk-meydana-geldi\",\"url\":\"https:\/\/epochtimestr.com\/index.php\/nallihan-ilcesinde-maden-ocaginda-gocuk-meydana-geldi\",\"name\":\"Nall\u0131han \u0130l\u00e7esinde Maden Oca\u011f\u0131nda G\u00f6\u00e7\u00fck Meydana Geldi - The Epoch Times TR\",\"isPartOf\":{\"@id\":\"https:\/\/epochtimestr.com\/#website\"},\"primaryImageOfPage\":{\"@id\":\"https:\/\/epochtimestr.com\/index.php\/nallihan-ilcesinde-maden-ocaginda-gocuk-meydana-geldi#primaryimage\"},\"image\":{\"@id\":\"https:\/\/epochtimestr.com\/index.php\/nallihan-ilcesinde-maden-ocaginda-gocuk-meydana-geldi#primaryimage\"},\"thumbnailUrl\":\"https:\/\/epochtimestr.com\/wp-content\/uploads\/2011y\/coal-1626368_1280.jpg\",\"datePublished\":\"2026-08-21T18:40:36+00:00\",\"dateModified\":\"2026-08-21T18:40:38+00:00\",\"description\":\"Ankara\u2019n\u0131n Nall\u0131han il\u00e7esinde \u00c7ay\u0131rhan Termik Elektrik \u00dcretim ve Madencilik\u2019e ait maden oca\u011f\u0131nda g\u00f6\u00e7\u00fck meydana geldi.\",\"inLanguage\":\"tr\",\"potentialAction\":[{\"@type\":\"ReadAction\",\"target\":[\"https:\/\/epochtimestr.com\/index.php\/nallihan-ilcesinde-maden-ocaginda-gocuk-meydana-geldi\"]}]},{\"@type\":\"ImageObject\",\"inLanguage\":\"tr\",\"@id\":\"https:\/\/epochtimestr.com\/index.php\/nallihan-ilcesinde-maden-ocaginda-gocuk-meydana-geldi#primaryimage\",\"url\":\"https:\/\/epochtimestr.com\/wp-content\/uploads\/2011y\/coal-1626368_1280.jpg\",\"contentUrl\":\"https:\/\/epochtimestr.com\/wp-content\/uploads\/2011y\/coal-1626368_1280.jpg\",\"width\":1280,\"height\":960},{\"@type\":\"WebSite\",\"@id\":\"https:\/\/epochtimestr.com\/#website\",\"url\":\"https:\/\/epochtimestr.com\/\",\"name\":\"The Epoch Times TR\",\"description\":\"De\u011fi\u015fen D\u00fcnyam\u0131za Taze Bir Bak\u0131\u015f\",\"publisher\":{\"@id\":\"https:\/\/epochtimestr.com\/#organization\"},\"potentialAction\":[{\"@type\":\"SearchAction\",\"target\":{\"@type\":\"EntryPoint\",\"urlTemplate\":\"https:\/\/epochtimestr.com\/?s={search_term_string}\"},\"query-input\":\"required name=search_term_string\"}],\"inLanguage\":\"tr\"},{\"@type\":\"Organization\",\"@id\":\"https:\/\/epochtimestr.com\/#organization\",\"name\":\"The EpochTimes T\u00fcrkiye\",\"url\":\"https:\/\/epochtimestr.com\/\",\"logo\":{\"@type\":\"ImageObject\",\"inLanguage\":\"tr\",\"@id\":\"https:\/\/epochtimestr.com\/#\/schema\/logo\/image\/\",\"url\":\"https:\/\/epochtimestr.com\/wp-content\/uploads\/2011y\/ET-Logo-YG.jpg\",\"contentUrl\":\"https:\/\/epochtimestr.com\/wp-content\/uploads\/2011y\/ET-Logo-YG.jpg\",\"width\":346,\"height\":29,\"caption\":\"The EpochTimes T\u00fcrkiye\"},\"image\":{\"@id\":\"https:\/\/epochtimestr.com\/#\/schema\/logo\/image\/\"},\"sameAs\":[\"https:\/\/www.facebook.com\/theepochtimestr\",\"https:\/\/x.com\/TheEpochTimesTR\",\"https:\/\/www.instagram.com\/epochtimestr\"]},{\"@type\":\"Person\",\"@id\":\"https:\/\/epochtimestr.com\/#\/schema\/person\/3dc5c3adeb9f43923c5aa85889172fdd\",\"name\":\"Haber Merkezi\",\"image\":{\"@type\":\"ImageObject\",\"inLanguage\":\"tr\",\"@id\":\"https:\/\/epochtimestr.com\/#\/schema\/person\/image\/\",\"url\":\"https:\/\/secure.gravatar.com\/avatar\/d73f772ba5a74f28601361e17c2f93e6?s=96&d=mm&r=g\",\"contentUrl\":\"https:\/\/secure.gravatar.com\/avatar\/d73f772ba5a74f28601361e17c2f93e6?s=96&d=mm&r=g\",\"caption\":\"Haber Merkezi\"},\"url\":\"https:\/\/epochtimestr.com\/index.php\/author\/sendag\"}]}<\/script>\n<!-- \/ Yoast SEO plugin. -->","yoast_head_json":{"title":"Nall\u0131han \u0130l\u00e7esinde Maden Oca\u011f\u0131nda G\u00f6\u00e7\u00fck Meydana Geldi - The Epoch Times TR","description":"Ankara\u2019n\u0131n Nall\u0131han il\u00e7esinde \u00c7ay\u0131rhan Termik Elektrik \u00dcretim ve Madencilik\u2019e ait maden oca\u011f\u0131nda g\u00f6\u00e7\u00fck meydana geldi.","robots":{"index":"index","follow":"follow","max-snippet":"max-snippet:-1","max-image-preview":"max-image-preview:large","max-video-preview":"max-video-preview:-1"},"canonical":"https:\/\/epochtimestr.com\/index.php\/nallihan-ilcesinde-maden-ocaginda-gocuk-meydana-geldi","og_locale":"tr_TR","og_type":"article","og_title":"Nall\u0131han \u0130l\u00e7esinde Maden Oca\u011f\u0131nda G\u00f6\u00e7\u00fck Meydana Geldi - The Epoch Times TR","og_description":"Ankara\u2019n\u0131n Nall\u0131han il\u00e7esinde \u00c7ay\u0131rhan Termik Elektrik \u00dcretim ve Madencilik\u2019e ait maden oca\u011f\u0131nda g\u00f6\u00e7\u00fck meydana geldi.","og_url":"https:\/\/epochtimestr.com\/index.php\/nallihan-ilcesinde-maden-ocaginda-gocuk-meydana-geldi","og_site_name":"The Epoch Times TR","article_publisher":"https:\/\/www.facebook.com\/theepochtimestr","article_published_time":"2026-08-21T18:40:36+00:00","article_modified_time":"2026-08-21T18:40:38+00:00","og_image":[{"width":1280,"height":960,"url":"https:\/\/epochtimestr.com\/wp-content\/uploads\/2011y\/coal-1626368_1280.jpg","type":"image\/jpeg"}],"author":"Haber Merkezi","twitter_card":"summary_large_image","twitter_creator":"@TheEpochTimesTR","twitter_site":"@TheEpochTimesTR","twitter_misc":{"Yazan:":"Haber Merkezi","Tahmini okuma s\u00fcresi":"3 dakika"},"schema":{"@context":"https:\/\/schema.org","@graph":[{"@type":"Article","@id":"https:\/\/epochtimestr.com\/index.php\/nallihan-ilcesinde-maden-ocaginda-gocuk-meydana-geldi#article","isPartOf":{"@id":"https:\/\/epochtimestr.com\/index.php\/nallihan-ilcesinde-maden-ocaginda-gocuk-meydana-geldi"},"author":{"name":"Haber Merkezi","@id":"https:\/\/epochtimestr.com\/#\/schema\/person\/3dc5c3adeb9f43923c5aa85889172fdd"},"headline":"Nall\u0131han \u0130l\u00e7esinde Maden Oca\u011f\u0131nda G\u00f6\u00e7\u00fck Meydana Geldi","datePublished":"2026-08-21T18:40:36+00:00","dateModified":"2026-08-21T18:40:38+00:00","mainEntityOfPage":{"@id":"https:\/\/epochtimestr.com\/index.php\/nallihan-ilcesinde-maden-ocaginda-gocuk-meydana-geldi"},"wordCount":454,"commentCount":0,"publisher":{"@id":"https:\/\/epochtimestr.com\/#organization"},"image":{"@id":"https:\/\/epochtimestr.com\/index.php\/nallihan-ilcesinde-maden-ocaginda-gocuk-meydana-geldi#primaryimage"},"thumbnailUrl":"https:\/\/epochtimestr.com\/wp-content\/uploads\/2011y\/coal-1626368_1280.jpg","keywords":["Ankara Nall\u0131han","\u00c7ay\u0131rhan K\u00f6m\u00fcr \u0130\u015fletmeleri","g\u00f6\u00e7\u00fck","Maden Oca\u011f\u0131"],"articleSection":["G\u00dcNDEM","MAN\u015eET","Ya\u015fam"],"inLanguage":"tr","potentialAction":[{"@type":"CommentAction","name":"Comment","target":["https:\/\/epochtimestr.com\/index.php\/nallihan-ilcesinde-maden-ocaginda-gocuk-meydana-geldi#respond"]}]},{"@type":"WebPage","@id":"https:\/\/epochtimestr.com\/index.php\/nallihan-ilcesinde-maden-ocaginda-gocuk-meydana-geldi","url":"https:\/\/epochtimestr.com\/index.php\/nallihan-ilcesinde-maden-ocaginda-gocuk-meydana-geldi","name":"Nall\u0131han \u0130l\u00e7esinde Maden Oca\u011f\u0131nda G\u00f6\u00e7\u00fck Meydana Geldi - The Epoch Times TR","isPartOf":{"@id":"https:\/\/epochtimestr.com\/#website"},"primaryImageOfPage":{"@id":"https:\/\/epochtimestr.com\/index.php\/nallihan-ilcesinde-maden-ocaginda-gocuk-meydana-geldi#primaryimage"},"image":{"@id":"https:\/\/epochtimestr.com\/index.php\/nallihan-ilcesinde-maden-ocaginda-gocuk-meydana-geldi#primaryimage"},"thumbnailUrl":"https:\/\/epochtimestr.com\/wp-content\/uploads\/2011y\/coal-1626368_1280.jpg","datePublished":"2026-08-21T18:40:36+00:00","dateModified":"2026-08-21T18:40:38+00:00","description":"Ankara\u2019n\u0131n Nall\u0131han il\u00e7esinde \u00c7ay\u0131rhan Termik Elektrik \u00dcretim ve Madencilik\u2019e ait maden oca\u011f\u0131nda g\u00f6\u00e7\u00fck meydana geldi.","inLanguage":"tr","potentialAction":[{"@type":"ReadAction","target":["https:\/\/epochtimestr.com\/index.php\/nallihan-ilcesinde-maden-ocaginda-gocuk-meydana-geldi"]}]},{"@type":"ImageObject","inLanguage":"tr","@id":"https:\/\/epochtimestr.com\/index.php\/nallihan-ilcesinde-maden-ocaginda-gocuk-meydana-geldi#primaryimage","url":"https:\/\/epochtimestr.com\/wp-content\/uploads\/2011y\/coal-1626368_1280.jpg","contentUrl":"https:\/\/epochtimestr.com\/wp-content\/uploads\/2011y\/coal-1626368_1280.jpg","width":1280,"height":960},{"@type":"WebSite","@id":"https:\/\/epochtimestr.com\/#website","url":"https:\/\/epochtimestr.com\/","name":"The Epoch Times TR","description":"De\u011fi\u015fen D\u00fcnyam\u0131za Taze Bir Bak\u0131\u015f","publisher":{"@id":"https:\/\/epochtimestr.com\/#organization"},"potentialAction":[{"@type":"SearchAction","target":{"@type":"EntryPoint","urlTemplate":"https:\/\/epochtimestr.com\/?s={search_term_string}"},"query-input":"required name=search_term_string"}],"inLanguage":"tr"},{"@type":"Organization","@id":"https:\/\/epochtimestr.com\/#organization","name":"The EpochTimes T\u00fcrkiye","url":"https:\/\/epochtimestr.com\/","logo":{"@type":"ImageObject","inLanguage":"tr","@id":"https:\/\/epochtimestr.com\/#\/schema\/logo\/image\/","url":"https:\/\/epochtimestr.com\/wp-content\/uploads\/2011y\/ET-Logo-YG.jpg","contentUrl":"https:\/\/epochtimestr.com\/wp-content\/uploads\/2011y\/ET-Logo-YG.jpg","width":346,"height":29,"caption":"The EpochTimes T\u00fcrkiye"},"image":{"@id":"https:\/\/epochtimestr.com\/#\/schema\/logo\/image\/"},"sameAs":["https:\/\/www.facebook.com\/theepochtimestr","https:\/\/x.com\/TheEpochTimesTR","https:\/\/www.instagram.com\/epochtimestr"]},{"@type":"Person","@id":"https:\/\/epochtimestr.com\/#\/schema\/person\/3dc5c3adeb9f43923c5aa85889172fdd","name":"Haber Merkezi","image":{"@type":"ImageObject","inLanguage":"tr","@id":"https:\/\/epochtimestr.com\/#\/schema\/person\/image\/","url":"https:\/\/secure.gravatar.com\/avatar\/d73f772ba5a74f28601361e17c2f93e6?s=96&d=mm&r=g","contentUrl":"https:\/\/secure.gravatar.com\/avatar\/d73f772ba5a74f28601361e17c2f93e6?s=96&d=mm&r=g","caption":"Haber Merkezi"},"url":"https:\/\/epochtimestr.com\/index.php\/author\/sendag"}]}},"_links":{"self":[{"href":"https:\/\/epochtimestr.com\/index.php\/wp-json\/wp\/v2\/posts\/170745"}],"collection":[{"href":"https:\/\/epochtimestr.com\/index.php\/wp-json\/wp\/v2\/posts"}],"about":[{"href":"https:\/\/epochtimestr.com\/index.php\/wp-json\/wp\/v2\/types\/post"}],"author":[{"embeddable":true,"href":"https:\/\/epochtimestr.com\/index.php\/wp-json\/wp\/v2\/users\/12791"}],"replies":[{"embeddable":true,"href":"https:\/\/epochtimestr.com\/index.php\/wp-json\/wp\/v2\/comments?post=170745"}],"version-history":[{"count":2,"href":"https:\/\/epochtimestr.com\/index.php\/wp-json\/wp\/v2\/posts\/170745\/revisions"}],"predecessor-version":[{"id":170749,"href":"https:\/\/epochtimestr.com\/index.php\/wp-json\/wp\/v2\/posts\/170745\/revisions\/170749"}],"wp:featuredmedia":[{"embeddable":true,"href":"https:\/\/epochtimestr.com\/index.php\/wp-json\/wp\/v2\/media\/170746"}],"wp:attachment":[{"href":"https:\/\/epochtimestr.com\/index.php\/wp-json\/wp\/v2\/media?parent=170745"}],"wp:term":[{"taxonomy":"category","embeddable":true,"href":"https:\/\/epochtimestr.com\/index.php\/wp-json\/wp\/v2\/categories?post=170745"},{"taxonomy":"post_tag","embeddable":true,"href":"https:\/\/epochtimestr.com\/index.php\/wp-json\/wp\/v2\/tags?post=170745"}],"curies":[{"name":"wp","href":"https:\/\/api.w.org\/{rel}","templated":true}]}}