{"id":170750,"date":"2026-08-21T22:29:55","date_gmt":"2026-08-21T19:29:55","guid":{"rendered":"https:\/\/epochtimestr.com\/?p=170750"},"modified":"2026-08-21T22:29:59","modified_gmt":"2026-08-21T19:29:59","slug":"yeni-parti-genel-baskani-ozgur-ozel-trabzonda","status":"publish","type":"post","link":"https:\/\/epochtimestr.com\/index.php\/yeni-parti-genel-baskani-ozgur-ozel-trabzonda","title":{"rendered":"YEN\u0130 Parti Genel Ba\u015fkan\u0131 \u00d6zg\u00fcr \u00d6zel Trabzon&#8217;da"},"content":{"rendered":"<div class=\"wp-block-image\">\n<figure class=\"aligncenter size-full\"><img loading=\"lazy\" decoding=\"async\" width=\"2048\" height=\"1024\" src=\"https:\/\/epochtimestr.com\/wp-content\/uploads\/2011y\/ozgur-Ozel-41.jpg\" alt=\"YEN\u0130 Parti Genel Ba\u015fkan\u0131 \u00d6zg\u00fcr \u00d6zel Trabzon'da (Foto\u011fraf: YEN\u0130 Parti web sitesi)\" class=\"wp-image-170751\" srcset=\"https:\/\/epochtimestr.com\/wp-content\/uploads\/2011y\/ozgur-Ozel-41.jpg 2048w, https:\/\/epochtimestr.com\/wp-content\/uploads\/2011y\/ozgur-Ozel-41-300x150.jpg 300w, https:\/\/epochtimestr.com\/wp-content\/uploads\/2011y\/ozgur-Ozel-41-150x75.jpg 150w, https:\/\/epochtimestr.com\/wp-content\/uploads\/2011y\/ozgur-Ozel-41-768x384.jpg 768w, https:\/\/epochtimestr.com\/wp-content\/uploads\/2011y\/ozgur-Ozel-41-1536x768.jpg 1536w\" sizes=\"(max-width: 2048px) 100vw, 2048px\" \/><figcaption class=\"wp-element-caption\">                                                        YEN\u0130 Parti Genel Ba\u015fkan\u0131 \u00d6zg\u00fcr \u00d6zel Trabzon&#8217;da (Foto\u011fraf: YEN\u0130 Parti web sitesi)<\/figcaption><\/figure><\/div>\n\n\n<h2 class=\"wp-block-heading\">YEN\u0130 Parti Genel Ba\u015fkan\u0131 \u00d6zg\u00fcr \u00d6zel, partisinin kurulmas\u0131n\u0131n ard\u0131ndan Karadeniz\u2019deki ilk ziyaretini Trabzon\u2019a ger\u00e7ekle\u015ftirdi.<\/h2>\n\n\n\n<p><a href=\"https:\/\/epochtimestr.com\/index.php\/ozgur-ozel-dahil-3-ismin-dokunulmazlik-dosyasi-mecliste\" target=\"_blank\" rel=\"noreferrer noopener\">\u00d6zg\u00fcr \u00d6zel<\/a>, partisinin kurulmas\u0131n\u0131n ard\u0131ndan Karadeniz\u2019deki ilk ziyaretini Trabzon\u2019a yapt\u0131. Havaliman\u0131nda partililer taraf\u0131ndan alk\u0131\u015flarla kar\u015f\u0131lanan \u00d6zel, <a href=\"https:\/\/epochtimestr.com\/index.php\/trabzonda-ekrem-imamoglunun-afisleri-toplatildi\" target=\"_blank\" rel=\"noreferrer noopener\">Trabzon<\/a>\u2019un en fazla ziyaret \u00e7a\u011fr\u0131s\u0131 ald\u0131klar\u0131 kentlerden biri oldu\u011funu belirterek Karadeniz program\u0131n\u0131n Rize, Artvin ve Giresun ile devam edece\u011fini a\u00e7\u0131klad\u0131. \u00d6zel, burada yapt\u0131\u011f\u0131 konu\u015fmada, \u201cTrabzon\u2019un yi\u011fit insanlar\u0131, g\u00fczel insanlar\u0131, g\u00f6nl\u00fcnde vatan, millet, bayrak, Atat\u00fcrk sevgisi olan yi\u011fit Karadenizliler, hepinize merhaba. Uzun s\u00fcredir T\u00fcrkiye\u2019de yollarday\u0131z. \u00c7ok \u00fczerinde durmayaca\u011f\u0131m ama \u00e7ok \u00fcz\u00fcld\u00fck, \u00e7ok haks\u0131zl\u0131\u011fa u\u011frad\u0131k, \u00e7ok k\u0131zd\u0131k. Ama hepsini geride b\u0131rakt\u0131k. Yeni bir yola \u00e7\u0131kt\u0131k, YEN\u0130 Parti ile birlikte yolumuz a\u00e7\u0131k olsun, yolunuz a\u00e7\u0131k olsun\u201d dedi. \u00d6zel, konu\u015fmas\u0131na \u015f\u00f6yle devam etti:<\/p>\n\n\n\n<p><strong>\u201cEsnaf gezmeye kalk\u0131nca miting oluyo<\/strong>r.&#8221;<\/p>\n\n\n\n<p>\u201cYEN\u0130 Parti b\u00fct\u00fcn T\u00fcrkiye\u2019de merak ediliyor. Soruyorlar \u2018YEN\u0130 Parti\u2019de ne yenilikler var?\u2019 diye. \u00c7ok anlat\u0131yoruz. Ama Trabzon\u2019dan \u2018YEN\u0130 Parti\u2019de yeni ne var?\u2019 derseniz, her parti esnaf ziyareti yapabiliyor, YEN\u0130 Parti esnaf ziyareti yapam\u0131yor. Esnaf gezmeye kalk\u0131nca miting oluyor. Bug\u00fcn Trabzon\u2019da esnaf\u0131m\u0131z\u0131 gezelim, \u00e7ay \u00fcreticisinin, f\u0131nd\u0131k \u00fcreticisinin s\u0131k\u0131nt\u0131lar\u0131n\u0131, esnafa, al\u0131\u015fveri\u015fe, kentin ekonomisine nas\u0131l yans\u0131d\u0131\u011f\u0131n\u0131 konu\u015fal\u0131m, okullar yakla\u015f\u0131yorken bir k\u0131rtasiyeye girelim, kalemin, silginin, defterin fiyat\u0131n\u0131 bir soral\u0131m, okul k\u0131yafetlerini bir konu\u015fal\u0131m istedik. Bir dokunduk bin ah i\u015fittik. Ama bir yandan da her att\u0131\u011f\u0131m\u0131z ad\u0131mda biriniz daha, biriniz daha, biriniz daha bu kadar b\u00fcy\u00fck bir kalabal\u0131kla y\u00fcr\u00fcyemez olduk. En sonunda yine Trabzon\u2019da bir miting yaparken kendimizi bulduk.<\/p>\n\n\n\n<h3 class=\"wp-block-heading\">\u201cYEN\u0130 Parti, Trabzon\u2019un, Karadeniz\u2019in, T\u00fcrkiye\u2019nin YEN\u0130 Partisidir\u201d<\/h3>\n\n\n\n<p>\u00d6ncelikle \u015funu s\u00f6yleyeyim. YEN\u0130 Parti Gazi Mustafa Kemal Atat\u00fcrk\u2019\u00fcn Sivas Kongresini ilk kongresi kabul edip kurdu\u011fu partisi Cumhuriyet Halk Partisi\u2019nin alt\u0131 oku, kurulu\u015f ilkeleri ve onu, Cumhuriyeti var eden b\u00fct\u00fcn de\u011ferleri sonuna kadar kalbinde hisseden, a\u00e7\u0131k s\u00f6yleyeyim; mecbur b\u0131rakt\u0131lar, mutlak butlan atad\u0131lar. Partimizden ayr\u0131ld\u0131k, yeni bir parti kurduk. Ama Atat\u00fcrk\u2019\u00fc, Cumhuriyeti ve onun eserlerini, onun emanetini kendi miras\u0131 kabul eden partinin ad\u0131 YEN\u0130 Partidir. YEN\u0130 Parti, Atat\u00fcrk\u00e7\u00fclerin YEN\u0130 Partisidir. YEN\u0130 Parti, Trabzon\u2019un, Karadeniz\u2019in, T\u00fcrkiye\u2019nin YEN\u0130 Partisidir. Gen\u00e7lerin, kad\u0131nlar\u0131n ve umudun YEN\u0130 Partisidir. Yeni bir gelece\u011fin partisidir YEN\u0130 Parti. Ana muhalefet partisi mi? Sandalye say\u0131s\u0131na bakarsan \u00f6yle. Ama YEN\u0130 Parti muhalefet partisi de\u011fildir. YEN\u0130 Parti muhalefet etmek i\u00e7in bir partimiz olsun diye kurulmad\u0131. YEN\u0130 Parti iktidar olmak i\u00e7in kuruldu. Bug\u00fcne kadar siyasette muhalefet yapt\u0131k. Ama art\u0131k YEN\u0130 Parti muhalefet partisi de\u011fil, yar\u0131n\u0131n iktidar partisi, T\u00fcrkiye\u2019nin gelece\u011finin umudunun partisi, yeni bir ba\u015flang\u0131c\u0131n, yepyeni bir iktidar\u0131n partisidir.<\/p>\n\n\n<div class=\"wp-block-image\">\n<figure class=\"aligncenter size-full is-resized\"><img loading=\"lazy\" decoding=\"async\" width=\"1200\" height=\"675\" src=\"https:\/\/epochtimestr.com\/wp-content\/uploads\/2011y\/ozel-6.webp\" alt=\"YEN\u0130 Parti Genel Ba\u015fkan\u0131 \u00d6zg\u00fcr \u00d6zel Trabzon'da (Foto\u011fraf: \u00d6.\u00d6zel x hesab\u0131)\" class=\"wp-image-170753\" style=\"width:840px;height:auto\" srcset=\"https:\/\/epochtimestr.com\/wp-content\/uploads\/2011y\/ozel-6.webp 1200w, https:\/\/epochtimestr.com\/wp-content\/uploads\/2011y\/ozel-6-300x169.webp 300w, https:\/\/epochtimestr.com\/wp-content\/uploads\/2011y\/ozel-6-150x84.webp 150w, https:\/\/epochtimestr.com\/wp-content\/uploads\/2011y\/ozel-6-768x432.webp 768w\" sizes=\"(max-width: 1200px) 100vw, 1200px\" \/><figcaption class=\"wp-element-caption\">                                                         YEN\u0130 Parti Genel Ba\u015fkan\u0131 \u00d6zg\u00fcr \u00d6zel Trabzon&#8217;da (Foto\u011fraf: \u00d6.\u00d6zel x hesab\u0131)<\/figcaption><\/figure><\/div>\n\n\n<h3 class=\"wp-block-heading\">\u201cF\u0131nd\u0131kta ilan edilen 250 liral\u0131k fiyata ra\u011fmen, bug\u00fcn 160 liraya al\u0131m yap\u0131l\u0131yor\u201d<\/h3>\n\n\n\n<p>Trabzon\u2019da her geldi\u011fimizde duyuyorsak son y\u0131llarda, bug\u00fcn fazlas\u0131n\u0131 duyduk. F\u0131nd\u0131kta ge\u00e7en sene t\u00fcrl\u00fc t\u00fcrl\u00fc oyunlar yapt\u0131lar. F\u0131nd\u0131k fiyatlar\u0131 200 liradan ba\u015flad\u0131, 350 liralara kadar \u00e7\u0131km\u0131\u015ft\u0131. Piyasan\u0131n tekeli, yabanc\u0131 firma al\u0131mlar\u0131 durdurdu, fiyatlar\u0131 ala\u015fa\u011f\u0131 etmi\u015fti. Bu sene f\u0131nd\u0131kta ilan edilen 250 liral\u0131k fiyata ra\u011fmen, bug\u00fcn 160 liraya al\u0131m yap\u0131l\u0131yor. Hatta \u00f6yle bir \u015fey duyduk ki dediler \u2018F\u0131nd\u0131k bah\u00e7esine gidece\u011fiz.\u2019 Dedim ki \u2018Gidelim.\u2019 \u2018F\u0131nd\u0131k toplayaca\u011f\u0131z.\u2019 Dedim \u2018Toplayal\u0131m.\u2019 Dediler ki \u2018Sahibi toplam\u0131yor. \u00c7\u00fcnk\u00fc toplamaya kalk\u0131nca masraf daha da b\u00fcy\u00fck bir zarara d\u00f6n\u00fc\u015f\u00fcyor. B\u0131rakm\u0131\u015f o halde. Belediyeyi aram\u0131\u015f, belediye kampanya yapm\u0131\u015f. Biz gidece\u011fiz, 3 bin lira olan yevmiyeyi bedava \u00e7al\u0131\u015f\u0131p f\u0131nd\u0131\u011f\u0131 toplayaca\u011f\u0131z. O f\u0131nd\u0131\u011f\u0131 sat\u0131p gen\u00e7lere burs yapaca\u011f\u0131z\u2019 dediler. Ahmet Ba\u015fkan\u0131 kutluyorum. Ama bu g\u00fczel burs i\u00e7in yap\u0131lan etkinli\u011fin arkas\u0131nda f\u0131nd\u0131k \u00fcreticisinin ne b\u00fcy\u00fck bir \u00e7aresizli\u011fi oldu\u011funu, b\u00fct\u00fcn bir sene evlad\u0131na bakar gibi bakt\u0131\u011f\u0131 f\u0131nd\u0131\u011f\u0131 toplamaya mecali kalmad\u0131\u011f\u0131n\u0131, bu fiyatlarla\u2026<\/p>\n\n\n\n<h3 class=\"wp-block-heading\">\u201cYEN\u0130 Parti\u2019nin milletten yana yeni d\u00fczeni gelecek\u201d<\/h3>\n\n\n\n<p>YEN\u0130 Partililerde acayip bir partiye sahip \u00e7\u0131kma var. Teyzemin \u015fahs\u0131nda YEN\u0130 Parti i\u00e7in dua eden, \u00fcz\u00fcnt\u00fcl\u00fc g\u00fcnlerimizde ge\u00e7mi\u015fte g\u00f6zya\u015f\u0131 d\u00f6ken, \u015fimdi gelen, ko\u015fan, sar\u0131lan teyzelerime &#8211; amcalar\u0131ma, abilerime &#8211; karde\u015flerime, YEN\u0130 Parti\u2019yi y\u00fcre\u011finde hisseden herkese \u015funu s\u00f6yl\u00fcyorum. Siz bize g\u00fczel s\u00f6zler s\u00f6yl\u00fcyorsunuz ya. S\u00f6zlerin en g\u00fczelini, en iyisini siz hak ediyorsunuz. Memleketin en karanl\u0131k g\u00fcn\u00fcnde, memleketin umudu sizlersiniz. \u00c7ay \u00fcreticisinin sorunlar\u0131n\u0131 milletvekilimiz Meclis\u2019te, Rize milletvekilimizle birlikte Artvin milletvekillerimiz de b\u00f6lge milletvekilleri ile birlikte s\u0131k s\u0131k anlat\u0131yorlar. Bug\u00fcnlerde maliyetin alt\u0131na ilan edilen bir fiyat ve onun \u00e7ok alt\u0131nda yap\u0131lan al\u0131mlar var. \u00c7AYKUR\u2019un randevu sistemi ile maalesef taze \u00e7ay beklemeyece\u011fi i\u00e7in piyasaya normal \u00c7AYKUR fiyatlar\u0131n\u0131n \u00e7ok alt\u0131nda sat\u0131lmak zorunda kal\u0131yor \u00e7aylar. <\/p>\n\n\n\n<p>Onun i\u00e7in YEN\u0130 Parti\u2019nin iktidar\u0131nda, Cumhuriyet\u2019in yeni iktidar\u0131nda 100 y\u0131l \u00f6nce nas\u0131l b\u00fct\u00fcn sorular \u00e7\u00f6z\u00fclm\u00fc\u015f, b\u00fct\u00fcn s\u0131k\u0131nt\u0131lar a\u015f\u0131lm\u0131\u015f, b\u00fct\u00fcn hastal\u0131klar yenilmi\u015f, T\u00fcrkiye nas\u0131l \u015faha kalkm\u0131\u015f ve bug\u00fcnlere gelen bu Cumhuriyet\u2019in temelleri ekonomik a\u00e7\u0131dan da o d\u00f6nemde g\u00fc\u00e7l\u00fc at\u0131lm\u0131\u015fsa YEN\u0130 Parti\u2019nin Cumhuriyet\u2019in ikinci y\u00fczy\u0131ldaki iktidar\u0131nda yeniden \u00e7ift\u00e7inin milletin efendisi olaca\u011f\u0131, \u00e7ay \u00fcreticisinin tekellerin insaf\u0131na terk edilmeyece\u011fi, \u00c7AYKUR\u2019un t\u00fcm i\u015f\u00e7ilerinin kadrolu olaca\u011f\u0131, \u00c7AYKUR\u2019un sonuna kadar \u00e7ay \u00fcreticisinin hakk\u0131 ve menfaati i\u00e7in m\u00fccadele edece\u011fi, g\u00fcc\u00fc ortadan kalkm\u0131\u015f F\u0130SKOB\u0130RL\u0130K\u2019in yeniden aya\u011fa kald\u0131r\u0131laca\u011f\u0131, verilen taban fiyatlar alt\u0131nda i\u015flem yapan\u0131n cezaland\u0131r\u0131laca\u011f\u0131 yepyeni bir d\u00fczen kuraca\u011f\u0131z. \u0130talyan devi \u00e7ikolata fabrikalar\u0131na \u00e7al\u0131\u015fan AK Parti\u2019nin kara d\u00fczeni bitecek, YEN\u0130 Parti\u2019nin milletten yana yeni d\u00fczeni gelecek.<\/p>\n\n\n\n<figure class=\"wp-block-embed is-type-video is-provider-youtube wp-block-embed-youtube wp-embed-aspect-16-9 wp-has-aspect-ratio\"><div class=\"wp-block-embed__wrapper\">\n<iframe loading=\"lazy\" title=\"YEN\u0130 PART\u0130 GENEL BA\u015eKANI \u00d6ZG\u00dcR \u00d6ZEL TRABZON&#039;DA 21\/08\/2026\" width=\"1170\" height=\"658\" src=\"https:\/\/www.youtube.com\/embed\/dv-PtGQw0z0?wmode=transparent&amp;rel=0&amp;feature=oembed\" frameborder=\"0\" allow=\"accelerometer; autoplay; clipboard-write; encrypted-media; gyroscope; picture-in-picture; web-share\" referrerpolicy=\"strict-origin-when-cross-origin\" allowfullscreen><\/iframe>\n<\/div><\/figure>\n\n\n\n<h3 class=\"wp-block-heading\">\u201cYEN\u0130 Parti T\u00fcrkiye\u2019nin menfaatlerini korur, bir partinin menfaatlerini de\u011fil\u201d<\/h3>\n\n\n\n<p>Bu y\u00fczden YEN\u0130 Parti do\u011fru oldu\u011fu yerde do\u011fru duran, devleti y\u00f6netmek i\u00e7in g\u00fc\u00e7l\u00fc kadrolar\u0131na yepyeni isimler katan, \u00f6n\u00fcm\u00fczdeki aylarda g\u00f6receksiniz, T\u00fcrkiye\u2019yi y\u00f6netme kabiliyetindeki en g\u00fc\u00e7l\u00fc ekonomi kadrolar\u0131yla, en g\u00fc\u00e7l\u00fc d\u0131\u015f politika kadrolar\u0131yla, i\u00e7 politika ve g\u00fcvenlik kadrolar\u0131yla bu milletin istedi\u011fi, gelece\u011fine g\u00fcvenle bakaca\u011f\u0131 g\u00fc\u00e7l\u00fc kadrolar\u0131, halktan yana siyasetiyle milletin kar\u015f\u0131s\u0131na \u00e7\u0131kmaya haz\u0131rd\u0131r. YEN\u0130 Parti T\u00fcrkiye\u2019nin menfaatlerini korur, bir partinin menfaatlerini de\u011fil. YEN\u0130 Parti Genel Ba\u015fkan\u0131 iktidarda olsun diye de\u011fil; millet huzur bulsun diye, refah bulsun diye kurulmu\u015ftur. \u00d6n\u00fcm\u00fczdeki g\u00fcnlerde \u0130srail\u2019de se\u00e7imler var. <\/p>\n\n\n\n<p>\u0130srail se\u00e7imlerinde Netanyahu Erdo\u011fan\u2019la kay\u0131k\u00e7\u0131 kavgas\u0131 yaparak kendisine orada g\u00fc\u00e7 kazanmaya \u00e7al\u0131\u015f\u0131yor. Buradan \u015funu s\u00f6yleyelim hem \u0130srail\u2019e, hem de Netanyahu&#8217;ya. \u0130\u00e7eride m\u00fccadele ederiz, birbirimizle en sert m\u00fccadeleyi ederiz ama d\u0131\u015far\u0131dan, hele hele Filistinli bebeklerin katili \u00e7\u0131k\u0131p da i\u00e7 politikaya bizi alet etmeye kalkarsa 87 milyon kar\u015f\u0131s\u0131nda dimdik ayaktay\u0131z. Bir yandan Trump\u2018la i\u015f tutup, onun B\u00fcy\u00fckel\u00e7isi Barrack\u2019\u0131n olmad\u0131k fantezilerine uyup, bir yandan da Trump\u2018\u0131n sava\u015f kahraman\u0131 ilan etti\u011fi Netanyahu ile kay\u0131k\u00e7\u0131 kavgas\u0131n\u0131n bu memlekete de bir faydas\u0131 yoktur. Bu ya\u015fanan her \u015feyin ne kadar samimiyetsiz oldu\u011fu ortadad\u0131r. Kand\u0131rabilece\u011fi kimse bu memlekette yoktur. Ama Netanyahu Erdo\u011fan\u2019a sald\u0131r\u0131yor diye sanki bundan medet umacak kimse de YEN\u0130 Parti\u2019nin kadrolar\u0131 i\u00e7inde yoktur. Herkes bunu b\u00f6yle bilsin.<\/p>\n\n\n\n<h3 class=\"wp-block-heading\">\u201cParti de\u011fi\u015fti, yenisi kuruldu. S\u00f6z\u00fcn\u00fcz\u00fc unuttuk diye kimse sanmas\u0131n\u201d<\/h3>\n\n\n\n<p>\u201cBug\u00fcn her zamanki gibi gen\u00e7leriyle, kad\u0131nlar\u0131yla, emek\u00e7ileriyle ve emeklileriyle birlikte Trabzon\u2019da hep beraberiz. Bug\u00fcn T\u00fcrkiye\u2019de emeklilere en d\u00fc\u015f\u00fck emekli maa\u015f\u0131 23 bin 500 lira olarak veriliyor. T\u00dcRK-\u0130\u015e\u2026 Bak\u0131n bunu YEN\u0130 Parti a\u00e7\u0131klam\u0131yor, ya da i\u015fte Devrimci \u0130\u015f\u00e7i Sendikalar\u0131 a\u00e7\u0131klam\u0131yor. Y\u0131llard\u0131r a\u00e7\u0131klayan T\u00dcRK-\u0130\u015e a\u00e7\u0131kl\u0131yor ki T\u00fcrkiye\u2019de a\u00e7l\u0131k s\u0131n\u0131r\u0131 37 bin lira olmu\u015ftur. Bak\u0131n; h\u00fck\u00fcmetin asgari \u00fccret masas\u0131na \u00e7a\u011f\u0131rd\u0131\u011f\u0131 tek konfederasyon T\u00dcRK-\u0130\u015e, T\u00fcrkiye\u2019nin \u00fc\u00e7 b\u00fcy\u00fck konfederasyonundan biri. H\u00fck\u00fcmete muhalefet eden, h\u00fck\u00fcmeti k\u0131zd\u0131ran, h\u00fck\u00fcmetin kar\u015f\u0131s\u0131nda olan bir yap\u0131 da de\u011fil. Ama her ay hesap yap\u0131yor ve diyor ki \u201837 bin lira T\u00fcrkiye\u2019de a\u00e7l\u0131k s\u0131n\u0131r\u0131d\u0131r. 120 bin lira T\u00fcrkiye\u2019de yoksulluk s\u0131n\u0131r\u0131d\u0131r.\u2019 <\/p>\n\n\n\n<p>Bug\u00fcn T\u00fcrkiye\u2019de en d\u00fc\u015f\u00fck emekli maa\u015f\u0131 yeni zamland\u0131. Bir kez al\u0131nd\u0131. 20 bin lirayd\u0131, 23 bin lira oldu. Ama a\u00e7l\u0131k s\u0131n\u0131r\u0131 37 bin lira. Yoksulluk s\u0131n\u0131r\u0131 120 bin lira. Bug\u00fcn be\u015f emekli bir araya gelse yoksulluk s\u0131n\u0131r\u0131n\u0131n \u00fczerine \u00e7\u0131kam\u0131yor. Be\u015f emeklinin d\u00f6rd\u00fc maa\u015f\u0131n\u0131 be\u015finciye verse o yoksulluktan kurtulam\u0131yor. Emekli maa\u015f\u0131n\u0131 ald\u0131\u011f\u0131nda a\u00e7l\u0131k s\u0131n\u0131r\u0131n\u0131n neredeyse yar\u0131s\u0131na gelen bir maa\u015fla sefalete terk ediliyor. Bu iktidar gelmeden \u00f6nce en d\u00fc\u015f\u00fck emekli maa\u015f\u0131n\u0131n sekiz \u00e7eyrek alt\u0131n ald\u0131\u011f\u0131n\u0131 kimse unutmas\u0131n. Bu h\u00fck\u00fcmet iktidara geldi\u011finde en d\u00fc\u015f\u00fck emekli maa\u015f\u0131n\u0131n 1,5 asgari \u00fccret oldu\u011funu kimse unutmas\u0131n. Ge\u00e7mi\u015fte bu konuda otob\u00fcs\u00fcn \u00fcst\u00fcnde defalarca emeklilerin bu sorunlar\u0131n\u0131 dile getirdik. Parti de\u011fi\u015fti, yenisi kuruldu. S\u00f6z\u00fcn\u00fcz\u00fc unuttuk diye kimse sanmas\u0131n. Bu iktidar de\u011fi\u015fecek, bu iktidardan sonra YEN\u0130 Parti\u2019nin, T\u00fcrkiye Cumhuriyeti\u2019nin yeni iktidar\u0131 kurulacak. \u00dc\u00e7 ay sonra da en d\u00fc\u015f\u00fck emekli maa\u015f\u0131 \u00f6nce bir asgari \u00fccret ve d\u00f6nem sonunda 1,5 asgari \u00fccret olacak. S\u00f6z veriyoruz.<\/p>\n\n\n<div class=\"wp-block-image\">\n<figure class=\"aligncenter size-full\"><img loading=\"lazy\" decoding=\"async\" width=\"1280\" height=\"720\" src=\"https:\/\/epochtimestr.com\/wp-content\/uploads\/2011y\/yeni-parti.webp\" alt=\"YEN\u0130 Parti Genel Ba\u015fkan\u0131 \u00d6zg\u00fcr \u00d6zel Trabzon'da (Foto\u011fraf: \u00d6.\u00d6zel x hesab\u0131)\" class=\"wp-image-170752\" srcset=\"https:\/\/epochtimestr.com\/wp-content\/uploads\/2011y\/yeni-parti.webp 1280w, https:\/\/epochtimestr.com\/wp-content\/uploads\/2011y\/yeni-parti-300x169.webp 300w, https:\/\/epochtimestr.com\/wp-content\/uploads\/2011y\/yeni-parti-150x84.webp 150w, https:\/\/epochtimestr.com\/wp-content\/uploads\/2011y\/yeni-parti-768x432.webp 768w\" sizes=\"(max-width: 1280px) 100vw, 1280px\" \/><figcaption class=\"wp-element-caption\">                                                          YEN\u0130 Parti Genel Ba\u015fkan\u0131 \u00d6zg\u00fcr \u00d6zel Trabzon&#8217;da (Foto\u011fraf: \u00d6.\u00d6zel x hesab\u0131)<\/figcaption><\/figure><\/div>\n\n\n<h3 class=\"wp-block-heading\">\u201cYEN\u0130 Parti kap\u0131lar\u0131 herkese a\u00e7\u0131k olan bir partidir\u201d<\/h3>\n\n\n\n<p>Biz YEN\u0130 Parti olarak ge\u00e7mi\u015fte yapt\u0131\u011f\u0131m\u0131z b\u00fct\u00fcn \u00e7al\u0131\u015fmalar\u0131, program\u0131m\u0131z\u0131, vaatlerimizi beraberimizde YEN\u0130 Parti\u2019ye getirdik. Bunun yan\u0131nda YEN\u0130 Parti\u2019nin kap\u0131lar\u0131n\u0131 ard\u0131na kadar a\u00e7t\u0131k. T\u00fcrkiye\u2019nin sosyal demokratlar\u0131n\u0131n yan\u0131nda muhafazakar demokratlar\u0131, milliyet\u00e7i demokratlar\u0131 kadrolar\u0131m\u0131za davet ettik. YEN\u0130 Parti eskisi olmayan bir partidir. YEN\u0130 Parti kap\u0131lar\u0131 herkese a\u00e7\u0131k olan bir partidir. \u0130l ba\u015fkan\u0131n\u0131n, il\u00e7e ba\u015fkan\u0131n\u0131n, Genel Ba\u015fkan\u2019\u0131n herkese kap\u0131lar\u0131 a\u00e7t\u0131\u011f\u0131 bir partidir. Ve YEN\u0130 Parti T\u00fcrkiye\u2019de hi\u00e7bir partide olmayan bir \u015feyi yapan; delege sistemini ortadan kald\u0131ran ve t\u00fcm \u00fcyeleri ile birlikte il\u00e7e ba\u015fkan\u0131, il ba\u015fkan\u0131 ve Genel Ba\u015fkan se\u00e7ecek olan bir partidir. <\/p>\n\n\n\n<p>Hepinizden beklentim; b\u00fct\u00fcn Trabzon\u2019dan, Karadeniz\u2019den beklentim \u015fu. B\u0131kanlar, y\u0131lanlar, k\u00fcsenler; herkes kimden y\u0131ld\u0131ysa onu geride b\u0131raks\u0131n, kime k\u00fcst\u00fcyse onu geride b\u0131raks\u0131n, ge\u00e7mi\u015fte oy verdiyse de bu hallere d\u00fc\u015f\u00fcrenleri geride b\u0131raks\u0131n. Bizimle birlikte YEN\u0130 Parti\u2019de yeninin kurucusu olsun, bizimle birlikte iktidara y\u00fcr\u00fcs\u00fcn. \u0130lk g\u00fcn partiden at\u0131l\u0131p da devletimizin \u015fanl\u0131 T\u00fcrk polisine kanun d\u0131\u015f\u0131 emirlerle kap\u0131lar\u0131m\u0131z kesilip, y\u0131k\u0131l\u0131p, gazla, bombayla baba evinden \u00e7\u0131kt\u0131\u011f\u0131m\u0131zda 10 ki\u015fi, 100 ki\u015fi ba\u015flay\u0131p on binler oldu\u011fumuzda ve ertesi g\u00fcn y\u00fcz binlere kavu\u015ftu\u011fumuzda bir \u015fey demi\u015ftim. \u2018G\u00f6r\u00fcyor musunuz?\u2019 demi\u015ftim, \u2018Bir \u015fey oluyor, bir \u015fey oluyor.\u2019 G\u00f6r\u00fcyor musun Trabzon; T\u00fcrkiye\u2019de bir \u015fey oluyor, yeni bir \u015feyler oluyor, yeni bir \u015fey kuruluyor. <\/p>\n\n\n\n<p>Bu umudun ad\u0131d\u0131r, bu heyecan\u0131n ad\u0131d\u0131r. 25 y\u0131ld\u0131r yorulmu\u015f ve yormu\u015f, y\u00fcr\u00fcmeye takati kalmam\u0131\u015f, tek amac\u0131 iktidarda kalmak olmu\u015f bir partinin yerine yepyeni, gen\u00e7, dipdiri ve b\u00fct\u00fcn hedefi iktidar olan bir parti kurulmu\u015ftur.<\/p>\n\n\n\n<h3 class=\"wp-block-heading\">\u201cYeni bir iktidar\u0131n kurulmas\u0131 i\u00e7in fedakarl\u0131ksa fedakarl\u0131k, sorumluluksa sorumluluk ama bize emanet T\u00fcrkiye\u201d<\/h3>\n\n\n\n<p>YEN\u0130 Parti elbette \u00d6zg\u00fcr \u00d6zel\u2019in YEN\u0130 Partidir, Cumhuriyet Halk Partililerin, Atat\u00fcrk\u00e7\u00fclerin YEN\u0130 Partisidir. Trabzonlular unutmay\u0131n, YEN\u0130 Parti Ekrem \u0130mamo\u011flu\u2019nun YEN\u0130 Partisidir. Sizin hem\u015feriniz, evlad\u0131n\u0131z, benim karde\u015fim, bu \u00fclkeyi can\u0131ndan \u00e7ok seven hem memleketini hem 81 vilayeti can\u0131ndan \u00e7ok seven Ekrem Ba\u015fkan bug\u00fcn burada olaca\u011f\u0131m\u0131z\u0131 duyunca, \u00f6\u011frenince s\u0131ms\u0131cak bir mesajla beni selamlad\u0131, memleketini selamlad\u0131. Buradan, memleketinden Ekrem Ba\u015fkan\u2019a selam olsun. Buraya gelece\u011fim bu sabah, program\u0131 duyunca gelip \u00e7al\u0131\u015fma binam\u0131zda, daha yeni binam\u0131z yok, emaneten \u00e7al\u0131\u015ft\u0131\u011f\u0131m\u0131z bir ofiste bizi ziyaret eden ve Ekrem Ba\u015fkan ben ve onun \u00fc\u00e7l\u00fc foto\u011fraf\u0131, bir d\u00f6nem bir gecenin yar\u0131s\u0131nda yay\u0131nland\u0131\u011f\u0131nda T\u00fcrkiye\u2019yi yerinden oynatan ve o g\u00fcnk\u00fc kararl\u0131l\u0131\u011f\u0131m\u0131zdan bir ad\u0131m geriye atmad\u0131\u011f\u0131m\u0131z Mansur Yava\u015f\u2019\u0131n da selamlar\u0131n\u0131 getirdik, Trabzon kabul etsin. <\/p>\n\n\n\n<p>Buradan Trabzon\u2019dan b\u00fct\u00fcn T\u00fcrkiye\u2019ye sesleniyoruz. Gerek ben, gerek Ekrem Ba\u015fkan, gerek Mansur Ba\u015fkan ya da bug\u00fcn partimizde olan ya da g\u00f6nl\u00fc burada olan ama aritmetik m\u00fcsait olmad\u0131\u011f\u0131 i\u00e7in ba\u015fka tarafta \u015fimdilik duran b\u00fct\u00fcn belediye ba\u015fkanlar\u0131m\u0131zla beraber, e\u011fer kendimiz i\u00e7in bir \u015fey istersek namerdiz. Ama umut bizdedir, umut yepyeni kadrolardad\u0131r. Bu iktidar\u0131n de\u011fi\u015fmesi, yerine sizin y\u00fcz\u00fcn\u00fcz\u00fc g\u00fcld\u00fcrecek, yeni bir iktidar\u0131n kurulmas\u0131 i\u00e7in fedakarl\u0131ksa fedakarl\u0131k, sorumluluksa sorumluluk ama bize emanet T\u00fcrkiye. Kimse korkmas\u0131n, kimse y\u0131lg\u0131nl\u0131\u011fa kap\u0131lmas\u0131n. Kimse \u015f\u00fcpheye d\u00fc\u015fmesin.<\/p>\n\n\n\n<h3 class=\"wp-block-heading\">\u201cYEN\u0130 Partili olun, YEN\u0130 Parti\u2019nin kurucusu olun, yar\u0131nlar\u0131n kurucusu olun\u201d<\/h3>\n\n\n\n<p>Vaktiyle Trabzon\u2019da tek belediyemiz olan zamanlar oldu. Be\u015fikd\u00fcz\u00fc ile Ortahisar\u2019la iki belediyeydik. Sonra Yomra kat\u0131ld\u0131, \u00fc\u00e7 olduk. \u00dc\u00e7 ba\u015fkan\u0131m\u0131z birden YEN\u0130 Partili oldu. \u015eeref duyduk, onur duyduk, te\u015fekk\u00fcr ediyorum onlara. Ve herkese s\u00f6z\u00fcme, k\u0131ymet veren herkese s\u00f6yl\u00fcyorum. Bir belediye ba\u015fkan\u0131, d\u00fcn Mansur Ba\u015fkanla uzun uzun Ankara\u2019y\u0131 konu\u015ftuk, T\u00fcrkiye\u2019yi konu\u015ftuk. Bir belediye ba\u015fkan\u0131 bir belediye meclis \u00fcyesi \u2018Ben \u00d6zg\u00fcr \u00d6zel\u2019in kar\u015f\u0131s\u0131nday\u0131m, ben YEN\u0130 Parti\u2019nin kar\u015f\u0131s\u0131nday\u0131m\u2019 demedik\u00e7e g\u00f6nl\u00fc bizimledir, yeri bizimledir, YEN\u0130\u2019nin iktidar\u0131nda hep beraber olmak \u00fczere bizimle ayn\u0131 kutlu yoldad\u0131r, yan\u0131 ba\u015f\u0131m\u0131zdad\u0131r. Ben size bir kez daha \u015funu s\u00f6yl\u00fcyorum. Birbirinize g\u00fcvenin, inan\u0131n, sar\u0131l\u0131n. \u2018Ben ne yapabilirim?\u2019 demeyin, i\u015fte bunu yap\u0131n. <\/p>\n\n\n\n<p>\u00c7a\u011f\u0131r\u0131lsan \u00e7a\u011fr\u0131lmasan, nerede YEN\u0130 Parti bir etkinlik yap\u0131yorsa oraya kat\u0131l\u0131n, oray\u0131 b\u00fcy\u00fct\u00fcn, umudu \u00e7o\u011falt\u0131n. YEN\u0130 Parti meydan meydan b\u00fcy\u00fcyen, sokak sokak b\u00fcy\u00fcyen, binalara s\u0131\u011fmayan ve YEN\u0130 Parti ile iktidar yolunun sokakta, meydanda, milletle birlikte a\u00e7\u0131ld\u0131\u011f\u0131 bir iktidar\u0131n partisidir. YEN\u0130 Partili olun, YEN\u0130 Parti\u2019nin kurucusu olun, yar\u0131nlar\u0131n kurucusu olun. Her zaman \u00fcye kayd\u0131 s\u00fcrecek. Ama bir hafta s\u00fcreyle gelip de partiye \u00fcye olan herkes YEN\u0130 Parti\u2019nin bundan sonraki yapaca\u011f\u0131 t\u00fcm se\u00e7imlerinde oy kullanabilecek, YEN\u0130 Parti\u2019ye \u00fcye olan herkes T\u00fcrkiye\u2019nin gelece\u011finin kurucusu olacak. Buyrun bize kat\u0131l\u0131n. Ba\u015f\u0131m\u0131z\u0131n \u00fcst\u00fcndesiniz. Buras\u0131 bir miting meydan\u0131 de\u011fil, yolu kapatt\u0131k, esnaf\u0131n i\u015fine mani olmayal\u0131m. Trabzonlular\u0131n yoluna, ge\u00e7i\u015fine mani olmayal\u0131m. \u015eimdi hepinizi bir kez daha selamlarken son olarak \u015funu soruyorum. YEN\u0130 Parti\u2019nin yeni y\u00fcr\u00fcy\u00fc\u015f\u00fcnde benimle birlikte y\u00fcr\u00fcmeye var m\u0131s\u0131n\u0131z? Var m\u0131s\u0131n\u0131z? Var m\u0131s\u0131n\u0131z? O zaman hi\u00e7 durmadan ve yorulmadan y\u00fcr\u00fcyelim arkada\u015flar.\u201d<\/p>\n\n\n\n<figure class=\"wp-block-embed is-type-rich is-provider-x wp-block-embed-x\"><div class=\"wp-block-embed__wrapper\">\n<blockquote class=\"twitter-tweet\" data-width=\"550\" data-dnt=\"true\"><p lang=\"tr\" dir=\"ltr\">Bir \u015fey oluyor\u2026<br>Trabzon\u2019da bir \u015fey oluyor.<br>Karadeniz\u2019de bir \u015fey oluyor.<br>T\u00fcrkiye\u2019de yeni bir \u015fey oluyor.<br><br>YEN\u0130 Parti\u2019yi bir partimiz olsun diye de\u011fil; milletin sorunlar\u0131n\u0131 \u00e7\u00f6zmek, T\u00fcrkiye\u2019yi y\u00f6netmek ve iktidar olmak i\u00e7in kurduk.<br><br>\u015eimdi bu umudu sokak sokak, meydan meydan\u2026 <a href=\"https:\/\/t.co\/2pDssWVfIC\">pic.twitter.com\/2pDssWVfIC<\/a><\/p>&mdash; \u00d6zg\u00fcr \u00d6zel (@eczozgurozel) <a href=\"https:\/\/x.com\/eczozgurozel\/status\/2090813186316353687?ref_src=twsrc%5Etfw\">August 21, 2026<\/a><\/blockquote><script async src=\"https:\/\/platform.x.com\/widgets.js\" charset=\"utf-8\"><\/script>\n<\/div><\/figure>\n","protected":false},"excerpt":{"rendered":"<p>YEN\u0130 Parti Genel Ba\u015fkan\u0131 \u00d6zg\u00fcr \u00d6zel, partisinin kurulmas\u0131n\u0131n ard\u0131ndan Karadeniz\u2019deki ilk ziyaretini Trabzon\u2019a ger\u00e7ekle\u015ftirdi. \u00d6zg\u00fcr \u00d6zel, partisinin kurulmas\u0131n\u0131n ard\u0131ndan Karadeniz\u2019deki ilk ziyaretini Trabzon\u2019a yapt\u0131. Havaliman\u0131nda partililer taraf\u0131ndan alk\u0131\u015flarla kar\u015f\u0131lanan \u00d6zel, Trabzon\u2019un en fazla ziyaret \u00e7a\u011fr\u0131s\u0131 ald\u0131klar\u0131 kentlerden biri oldu\u011funu belirterek Karadeniz program\u0131n\u0131n Rize, Artvin ve Giresun ile devam edece\u011fini a\u00e7\u0131klad\u0131. \u00d6zel, burada yapt\u0131\u011f\u0131 konu\u015fmada, \u201cTrabzon\u2019un [&hellip;]<\/p>\n","protected":false},"author":12791,"featured_media":170751,"comment_status":"open","ping_status":"open","sticky":false,"template":"","format":"standard","meta":{"_yoast_wpseo_focuskw":"YEN\u0130 Parti - \u00d6zg\u00fcr \u00d6zel","_yoast_wpseo_title":"","_yoast_wpseo_metadesc":"YEN\u0130 Parti Genel Ba\u015fkan\u0131 \u00d6zg\u00fcr \u00d6zel, partisinin kurulmas\u0131n\u0131n ard\u0131ndan Karadeniz\u2019deki ilk ziyaretini Trabzon\u2019a ger\u00e7ekle\u015ftirdi.","_bbp_topic_count":0,"_bbp_reply_count":0,"_bbp_total_topic_count":0,"_bbp_total_reply_count":0,"_bbp_voice_count":0,"_bbp_anonymous_reply_count":0,"_bbp_topic_count_hidden":0,"_bbp_reply_count_hidden":0,"_bbp_forum_subforum_count":0,"footnotes":"","_yoast_wpseo_focuskw_text_input":""},"categories":[1,8138,8226],"tags":[12357,8492,245,11909],"yoast_head":"<!-- This site is optimized with the Yoast SEO plugin v23.0 - https:\/\/yoast.com\/wordpress\/plugins\/seo\/ -->\n<title>YEN\u0130 Parti Genel Ba\u015fkan\u0131 \u00d6zg\u00fcr \u00d6zel Trabzon&#039;da - The Epoch Times TR<\/title>\n<meta name=\"description\" content=\"YEN\u0130 Parti Genel Ba\u015fkan\u0131 \u00d6zg\u00fcr \u00d6zel, partisinin kurulmas\u0131n\u0131n ard\u0131ndan Karadeniz\u2019deki ilk ziyaretini Trabzon\u2019a ger\u00e7ekle\u015ftirdi.\" \/>\n<meta name=\"robots\" content=\"index, follow, max-snippet:-1, max-image-preview:large, max-video-preview:-1\" \/>\n<link rel=\"canonical\" href=\"https:\/\/epochtimestr.com\/index.php\/yeni-parti-genel-baskani-ozgur-ozel-trabzonda\" \/>\n<meta property=\"og:locale\" content=\"tr_TR\" \/>\n<meta property=\"og:type\" content=\"article\" \/>\n<meta property=\"og:title\" content=\"YEN\u0130 Parti Genel Ba\u015fkan\u0131 \u00d6zg\u00fcr \u00d6zel Trabzon&#039;da - The Epoch Times TR\" \/>\n<meta property=\"og:description\" content=\"YEN\u0130 Parti Genel Ba\u015fkan\u0131 \u00d6zg\u00fcr \u00d6zel, partisinin kurulmas\u0131n\u0131n ard\u0131ndan Karadeniz\u2019deki ilk ziyaretini Trabzon\u2019a ger\u00e7ekle\u015ftirdi.\" \/>\n<meta property=\"og:url\" content=\"https:\/\/epochtimestr.com\/index.php\/yeni-parti-genel-baskani-ozgur-ozel-trabzonda\" \/>\n<meta property=\"og:site_name\" content=\"The Epoch Times TR\" \/>\n<meta property=\"article:publisher\" content=\"https:\/\/www.facebook.com\/theepochtimestr\" \/>\n<meta property=\"article:published_time\" content=\"2026-08-21T19:29:55+00:00\" \/>\n<meta property=\"article:modified_time\" content=\"2026-08-21T19:29:59+00:00\" \/>\n<meta property=\"og:image\" content=\"https:\/\/epochtimestr.com\/wp-content\/uploads\/2011y\/ozgur-Ozel-41.jpg\" \/>\n\t<meta property=\"og:image:width\" content=\"2048\" \/>\n\t<meta property=\"og:image:height\" content=\"1024\" \/>\n\t<meta property=\"og:image:type\" content=\"image\/jpeg\" \/>\n<meta name=\"author\" content=\"Haber Merkezi\" \/>\n<meta name=\"twitter:card\" content=\"summary_large_image\" \/>\n<meta name=\"twitter:creator\" content=\"@TheEpochTimesTR\" \/>\n<meta name=\"twitter:site\" content=\"@TheEpochTimesTR\" \/>\n<meta name=\"twitter:label1\" content=\"Yazan:\" \/>\n\t<meta name=\"twitter:data1\" content=\"Haber Merkezi\" \/>\n\t<meta name=\"twitter:label2\" content=\"Tahmini okuma s\u00fcresi\" \/>\n\t<meta name=\"twitter:data2\" content=\"13 dakika\" \/>\n<script type=\"application\/ld+json\" class=\"yoast-schema-graph\">{\"@context\":\"https:\/\/schema.org\",\"@graph\":[{\"@type\":\"Article\",\"@id\":\"https:\/\/epochtimestr.com\/index.php\/yeni-parti-genel-baskani-ozgur-ozel-trabzonda#article\",\"isPartOf\":{\"@id\":\"https:\/\/epochtimestr.com\/index.php\/yeni-parti-genel-baskani-ozgur-ozel-trabzonda\"},\"author\":{\"name\":\"Haber Merkezi\",\"@id\":\"https:\/\/epochtimestr.com\/#\/schema\/person\/3dc5c3adeb9f43923c5aa85889172fdd\"},\"headline\":\"YEN\u0130 Parti Genel Ba\u015fkan\u0131 \u00d6zg\u00fcr \u00d6zel Trabzon&#8217;da\",\"datePublished\":\"2026-08-21T19:29:55+00:00\",\"dateModified\":\"2026-08-21T19:29:59+00:00\",\"mainEntityOfPage\":{\"@id\":\"https:\/\/epochtimestr.com\/index.php\/yeni-parti-genel-baskani-ozgur-ozel-trabzonda\"},\"wordCount\":2779,\"commentCount\":0,\"publisher\":{\"@id\":\"https:\/\/epochtimestr.com\/#organization\"},\"image\":{\"@id\":\"https:\/\/epochtimestr.com\/index.php\/yeni-parti-genel-baskani-ozgur-ozel-trabzonda#primaryimage\"},\"thumbnailUrl\":\"https:\/\/epochtimestr.com\/wp-content\/uploads\/2011y\/ozgur-Ozel-41.jpg\",\"keywords\":[\"Esnaf ziyareti\",\"\u00d6zg\u00fcr \u00d6zel\",\"trabzon\",\"YEN\u0130 Parti\"],\"articleSection\":[\"G\u00dcNDEM\",\"MAN\u015eET\",\"Siyaset\"],\"inLanguage\":\"tr\",\"potentialAction\":[{\"@type\":\"CommentAction\",\"name\":\"Comment\",\"target\":[\"https:\/\/epochtimestr.com\/index.php\/yeni-parti-genel-baskani-ozgur-ozel-trabzonda#respond\"]}]},{\"@type\":\"WebPage\",\"@id\":\"https:\/\/epochtimestr.com\/index.php\/yeni-parti-genel-baskani-ozgur-ozel-trabzonda\",\"url\":\"https:\/\/epochtimestr.com\/index.php\/yeni-parti-genel-baskani-ozgur-ozel-trabzonda\",\"name\":\"YEN\u0130 Parti Genel Ba\u015fkan\u0131 \u00d6zg\u00fcr \u00d6zel Trabzon'da - The Epoch Times TR\",\"isPartOf\":{\"@id\":\"https:\/\/epochtimestr.com\/#website\"},\"primaryImageOfPage\":{\"@id\":\"https:\/\/epochtimestr.com\/index.php\/yeni-parti-genel-baskani-ozgur-ozel-trabzonda#primaryimage\"},\"image\":{\"@id\":\"https:\/\/epochtimestr.com\/index.php\/yeni-parti-genel-baskani-ozgur-ozel-trabzonda#primaryimage\"},\"thumbnailUrl\":\"https:\/\/epochtimestr.com\/wp-content\/uploads\/2011y\/ozgur-Ozel-41.jpg\",\"datePublished\":\"2026-08-21T19:29:55+00:00\",\"dateModified\":\"2026-08-21T19:29:59+00:00\",\"description\":\"YEN\u0130 Parti Genel Ba\u015fkan\u0131 \u00d6zg\u00fcr \u00d6zel, partisinin kurulmas\u0131n\u0131n ard\u0131ndan Karadeniz\u2019deki ilk ziyaretini Trabzon\u2019a ger\u00e7ekle\u015ftirdi.\",\"inLanguage\":\"tr\",\"potentialAction\":[{\"@type\":\"ReadAction\",\"target\":[\"https:\/\/epochtimestr.com\/index.php\/yeni-parti-genel-baskani-ozgur-ozel-trabzonda\"]}]},{\"@type\":\"ImageObject\",\"inLanguage\":\"tr\",\"@id\":\"https:\/\/epochtimestr.com\/index.php\/yeni-parti-genel-baskani-ozgur-ozel-trabzonda#primaryimage\",\"url\":\"https:\/\/epochtimestr.com\/wp-content\/uploads\/2011y\/ozgur-Ozel-41.jpg\",\"contentUrl\":\"https:\/\/epochtimestr.com\/wp-content\/uploads\/2011y\/ozgur-Ozel-41.jpg\",\"width\":2048,\"height\":1024},{\"@type\":\"WebSite\",\"@id\":\"https:\/\/epochtimestr.com\/#website\",\"url\":\"https:\/\/epochtimestr.com\/\",\"name\":\"The Epoch Times TR\",\"description\":\"De\u011fi\u015fen D\u00fcnyam\u0131za Taze Bir Bak\u0131\u015f\",\"publisher\":{\"@id\":\"https:\/\/epochtimestr.com\/#organization\"},\"potentialAction\":[{\"@type\":\"SearchAction\",\"target\":{\"@type\":\"EntryPoint\",\"urlTemplate\":\"https:\/\/epochtimestr.com\/?s={search_term_string}\"},\"query-input\":\"required name=search_term_string\"}],\"inLanguage\":\"tr\"},{\"@type\":\"Organization\",\"@id\":\"https:\/\/epochtimestr.com\/#organization\",\"name\":\"The EpochTimes T\u00fcrkiye\",\"url\":\"https:\/\/epochtimestr.com\/\",\"logo\":{\"@type\":\"ImageObject\",\"inLanguage\":\"tr\",\"@id\":\"https:\/\/epochtimestr.com\/#\/schema\/logo\/image\/\",\"url\":\"https:\/\/epochtimestr.com\/wp-content\/uploads\/2011y\/ET-Logo-YG.jpg\",\"contentUrl\":\"https:\/\/epochtimestr.com\/wp-content\/uploads\/2011y\/ET-Logo-YG.jpg\",\"width\":346,\"height\":29,\"caption\":\"The EpochTimes T\u00fcrkiye\"},\"image\":{\"@id\":\"https:\/\/epochtimestr.com\/#\/schema\/logo\/image\/\"},\"sameAs\":[\"https:\/\/www.facebook.com\/theepochtimestr\",\"https:\/\/x.com\/TheEpochTimesTR\",\"https:\/\/www.instagram.com\/epochtimestr\"]},{\"@type\":\"Person\",\"@id\":\"https:\/\/epochtimestr.com\/#\/schema\/person\/3dc5c3adeb9f43923c5aa85889172fdd\",\"name\":\"Haber Merkezi\",\"image\":{\"@type\":\"ImageObject\",\"inLanguage\":\"tr\",\"@id\":\"https:\/\/epochtimestr.com\/#\/schema\/person\/image\/\",\"url\":\"https:\/\/secure.gravatar.com\/avatar\/d73f772ba5a74f28601361e17c2f93e6?s=96&d=mm&r=g\",\"contentUrl\":\"https:\/\/secure.gravatar.com\/avatar\/d73f772ba5a74f28601361e17c2f93e6?s=96&d=mm&r=g\",\"caption\":\"Haber Merkezi\"},\"url\":\"https:\/\/epochtimestr.com\/index.php\/author\/sendag\"}]}<\/script>\n<!-- \/ Yoast SEO plugin. -->","yoast_head_json":{"title":"YEN\u0130 Parti Genel Ba\u015fkan\u0131 \u00d6zg\u00fcr \u00d6zel Trabzon'da - The Epoch Times TR","description":"YEN\u0130 Parti Genel Ba\u015fkan\u0131 \u00d6zg\u00fcr \u00d6zel, partisinin kurulmas\u0131n\u0131n ard\u0131ndan Karadeniz\u2019deki ilk ziyaretini Trabzon\u2019a ger\u00e7ekle\u015ftirdi.","robots":{"index":"index","follow":"follow","max-snippet":"max-snippet:-1","max-image-preview":"max-image-preview:large","max-video-preview":"max-video-preview:-1"},"canonical":"https:\/\/epochtimestr.com\/index.php\/yeni-parti-genel-baskani-ozgur-ozel-trabzonda","og_locale":"tr_TR","og_type":"article","og_title":"YEN\u0130 Parti Genel Ba\u015fkan\u0131 \u00d6zg\u00fcr \u00d6zel Trabzon'da - The Epoch Times TR","og_description":"YEN\u0130 Parti Genel Ba\u015fkan\u0131 \u00d6zg\u00fcr \u00d6zel, partisinin kurulmas\u0131n\u0131n ard\u0131ndan Karadeniz\u2019deki ilk ziyaretini Trabzon\u2019a ger\u00e7ekle\u015ftirdi.","og_url":"https:\/\/epochtimestr.com\/index.php\/yeni-parti-genel-baskani-ozgur-ozel-trabzonda","og_site_name":"The Epoch Times TR","article_publisher":"https:\/\/www.facebook.com\/theepochtimestr","article_published_time":"2026-08-21T19:29:55+00:00","article_modified_time":"2026-08-21T19:29:59+00:00","og_image":[{"width":2048,"height":1024,"url":"https:\/\/epochtimestr.com\/wp-content\/uploads\/2011y\/ozgur-Ozel-41.jpg","type":"image\/jpeg"}],"author":"Haber Merkezi","twitter_card":"summary_large_image","twitter_creator":"@TheEpochTimesTR","twitter_site":"@TheEpochTimesTR","twitter_misc":{"Yazan:":"Haber Merkezi","Tahmini okuma s\u00fcresi":"13 dakika"},"schema":{"@context":"https:\/\/schema.org","@graph":[{"@type":"Article","@id":"https:\/\/epochtimestr.com\/index.php\/yeni-parti-genel-baskani-ozgur-ozel-trabzonda#article","isPartOf":{"@id":"https:\/\/epochtimestr.com\/index.php\/yeni-parti-genel-baskani-ozgur-ozel-trabzonda"},"author":{"name":"Haber Merkezi","@id":"https:\/\/epochtimestr.com\/#\/schema\/person\/3dc5c3adeb9f43923c5aa85889172fdd"},"headline":"YEN\u0130 Parti Genel Ba\u015fkan\u0131 \u00d6zg\u00fcr \u00d6zel Trabzon&#8217;da","datePublished":"2026-08-21T19:29:55+00:00","dateModified":"2026-08-21T19:29:59+00:00","mainEntityOfPage":{"@id":"https:\/\/epochtimestr.com\/index.php\/yeni-parti-genel-baskani-ozgur-ozel-trabzonda"},"wordCount":2779,"commentCount":0,"publisher":{"@id":"https:\/\/epochtimestr.com\/#organization"},"image":{"@id":"https:\/\/epochtimestr.com\/index.php\/yeni-parti-genel-baskani-ozgur-ozel-trabzonda#primaryimage"},"thumbnailUrl":"https:\/\/epochtimestr.com\/wp-content\/uploads\/2011y\/ozgur-Ozel-41.jpg","keywords":["Esnaf ziyareti","\u00d6zg\u00fcr \u00d6zel","trabzon","YEN\u0130 Parti"],"articleSection":["G\u00dcNDEM","MAN\u015eET","Siyaset"],"inLanguage":"tr","potentialAction":[{"@type":"CommentAction","name":"Comment","target":["https:\/\/epochtimestr.com\/index.php\/yeni-parti-genel-baskani-ozgur-ozel-trabzonda#respond"]}]},{"@type":"WebPage","@id":"https:\/\/epochtimestr.com\/index.php\/yeni-parti-genel-baskani-ozgur-ozel-trabzonda","url":"https:\/\/epochtimestr.com\/index.php\/yeni-parti-genel-baskani-ozgur-ozel-trabzonda","name":"YEN\u0130 Parti Genel Ba\u015fkan\u0131 \u00d6zg\u00fcr \u00d6zel Trabzon'da - The Epoch Times TR","isPartOf":{"@id":"https:\/\/epochtimestr.com\/#website"},"primaryImageOfPage":{"@id":"https:\/\/epochtimestr.com\/index.php\/yeni-parti-genel-baskani-ozgur-ozel-trabzonda#primaryimage"},"image":{"@id":"https:\/\/epochtimestr.com\/index.php\/yeni-parti-genel-baskani-ozgur-ozel-trabzonda#primaryimage"},"thumbnailUrl":"https:\/\/epochtimestr.com\/wp-content\/uploads\/2011y\/ozgur-Ozel-41.jpg","datePublished":"2026-08-21T19:29:55+00:00","dateModified":"2026-08-21T19:29:59+00:00","description":"YEN\u0130 Parti Genel Ba\u015fkan\u0131 \u00d6zg\u00fcr \u00d6zel, partisinin kurulmas\u0131n\u0131n ard\u0131ndan Karadeniz\u2019deki ilk ziyaretini Trabzon\u2019a ger\u00e7ekle\u015ftirdi.","inLanguage":"tr","potentialAction":[{"@type":"ReadAction","target":["https:\/\/epochtimestr.com\/index.php\/yeni-parti-genel-baskani-ozgur-ozel-trabzonda"]}]},{"@type":"ImageObject","inLanguage":"tr","@id":"https:\/\/epochtimestr.com\/index.php\/yeni-parti-genel-baskani-ozgur-ozel-trabzonda#primaryimage","url":"https:\/\/epochtimestr.com\/wp-content\/uploads\/2011y\/ozgur-Ozel-41.jpg","contentUrl":"https:\/\/epochtimestr.com\/wp-content\/uploads\/2011y\/ozgur-Ozel-41.jpg","width":2048,"height":1024},{"@type":"WebSite","@id":"https:\/\/epochtimestr.com\/#website","url":"https:\/\/epochtimestr.com\/","name":"The Epoch Times TR","description":"De\u011fi\u015fen D\u00fcnyam\u0131za Taze Bir Bak\u0131\u015f","publisher":{"@id":"https:\/\/epochtimestr.com\/#organization"},"potentialAction":[{"@type":"SearchAction","target":{"@type":"EntryPoint","urlTemplate":"https:\/\/epochtimestr.com\/?s={search_term_string}"},"query-input":"required name=search_term_string"}],"inLanguage":"tr"},{"@type":"Organization","@id":"https:\/\/epochtimestr.com\/#organization","name":"The EpochTimes T\u00fcrkiye","url":"https:\/\/epochtimestr.com\/","logo":{"@type":"ImageObject","inLanguage":"tr","@id":"https:\/\/epochtimestr.com\/#\/schema\/logo\/image\/","url":"https:\/\/epochtimestr.com\/wp-content\/uploads\/2011y\/ET-Logo-YG.jpg","contentUrl":"https:\/\/epochtimestr.com\/wp-content\/uploads\/2011y\/ET-Logo-YG.jpg","width":346,"height":29,"caption":"The EpochTimes T\u00fcrkiye"},"image":{"@id":"https:\/\/epochtimestr.com\/#\/schema\/logo\/image\/"},"sameAs":["https:\/\/www.facebook.com\/theepochtimestr","https:\/\/x.com\/TheEpochTimesTR","https:\/\/www.instagram.com\/epochtimestr"]},{"@type":"Person","@id":"https:\/\/epochtimestr.com\/#\/schema\/person\/3dc5c3adeb9f43923c5aa85889172fdd","name":"Haber Merkezi","image":{"@type":"ImageObject","inLanguage":"tr","@id":"https:\/\/epochtimestr.com\/#\/schema\/person\/image\/","url":"https:\/\/secure.gravatar.com\/avatar\/d73f772ba5a74f28601361e17c2f93e6?s=96&d=mm&r=g","contentUrl":"https:\/\/secure.gravatar.com\/avatar\/d73f772ba5a74f28601361e17c2f93e6?s=96&d=mm&r=g","caption":"Haber Merkezi"},"url":"https:\/\/epochtimestr.com\/index.php\/author\/sendag"}]}},"_links":{"self":[{"href":"https:\/\/epochtimestr.com\/index.php\/wp-json\/wp\/v2\/posts\/170750"}],"collection":[{"href":"https:\/\/epochtimestr.com\/index.php\/wp-json\/wp\/v2\/posts"}],"about":[{"href":"https:\/\/epochtimestr.com\/index.php\/wp-json\/wp\/v2\/types\/post"}],"author":[{"embeddable":true,"href":"https:\/\/epochtimestr.com\/index.php\/wp-json\/wp\/v2\/users\/12791"}],"replies":[{"embeddable":true,"href":"https:\/\/epochtimestr.com\/index.php\/wp-json\/wp\/v2\/comments?post=170750"}],"version-history":[{"count":2,"href":"https:\/\/epochtimestr.com\/index.php\/wp-json\/wp\/v2\/posts\/170750\/revisions"}],"predecessor-version":[{"id":170756,"href":"https:\/\/epochtimestr.com\/index.php\/wp-json\/wp\/v2\/posts\/170750\/revisions\/170756"}],"wp:featuredmedia":[{"embeddable":true,"href":"https:\/\/epochtimestr.com\/index.php\/wp-json\/wp\/v2\/media\/170751"}],"wp:attachment":[{"href":"https:\/\/epochtimestr.com\/index.php\/wp-json\/wp\/v2\/media?parent=170750"}],"wp:term":[{"taxonomy":"category","embeddable":true,"href":"https:\/\/epochtimestr.com\/index.php\/wp-json\/wp\/v2\/categories?post=170750"},{"taxonomy":"post_tag","embeddable":true,"href":"https:\/\/epochtimestr.com\/index.php\/wp-json\/wp\/v2\/tags?post=170750"}],"curies":[{"name":"wp","href":"https:\/\/api.w.org\/{rel}","templated":true}]}}