{"id":170757,"date":"2026-08-22T08:15:00","date_gmt":"2026-08-22T05:15:00","guid":{"rendered":"https:\/\/epochtimestr.com\/?p=170757"},"modified":"2026-08-21T22:37:10","modified_gmt":"2026-08-21T19:37:10","slug":"bin-turna-kusu","status":"publish","type":"post","link":"https:\/\/epochtimestr.com\/index.php\/bin-turna-kusu","title":{"rendered":"Bin Turna Ku\u015fu"},"content":{"rendered":"\n<p>\u0130nsan bazen k\u00fc\u00e7\u00fcc\u00fck bir \u015feye b\u00fcy\u00fck bir umut s\u0131\u011fd\u0131r\u0131r. Bir foto\u011frafa y\u0131llar\u0131n\u0131, bir mendile ayr\u0131l\u0131\u011f\u0131, bir mektuba \u00f6zlemi\u2026 Sadako da k\u00fc\u00e7\u00fcc\u00fck k\u00e2\u011f\u0131tlara ya\u015fama iste\u011fini s\u0131\u011fd\u0131rd\u0131. Katlad\u0131, \u00e7evirdi, yeniden katlad\u0131. D\u00fcz bir k\u00e2\u011f\u0131ttan kanat \u00e7\u0131kard\u0131. Belki mucize tam da buydu, insan\u0131n \u00e7aresiz kald\u0131\u011f\u0131nda bile umuda bir bi\u00e7im verebilmesi.<\/p>\n\n\n\n<p>Sadako Sasaki, Hiro\u015fima\u2019ya atom bombas\u0131 at\u0131ld\u0131\u011f\u0131nda iki ya\u015f\u0131ndayd\u0131. Sava\u015f\u0131n ne oldu\u011funu bilmiyordu. D\u00fc\u015fman diye bir s\u00f6zc\u00fc\u011f\u00fcn a\u011f\u0131rl\u0131\u011f\u0131n\u0131, \u00fclkelerin neden birbirleriyle sava\u015ft\u0131\u011f\u0131n\u0131, insanlar\u0131n neden ba\u015fka insanlar\u0131 \u00f6ld\u00fcrd\u00fc\u011f\u00fcn\u00fc de\u2026 Yaln\u0131zca bir \u00e7ocuktu. Sonra b\u00fcy\u00fcd\u00fc, ko\u015ftu, arkada\u015flar\u0131yla oynad\u0131, gelece\u011fini d\u00fc\u015f\u00fcnmeye ba\u015flad\u0131. Sava\u015f \u00e7oktan bitmi\u015fti ama b\u0131rakt\u0131\u011f\u0131 g\u00f6lge bitmemi\u015fti. Y\u0131llar sonra hastal\u0131k olarak kar\u015f\u0131s\u0131na \u00e7\u0131kt\u0131.<\/p>\n\n\n\n<p>\u0130\u015fte sava\u015f\u0131n en korkun\u00e7 taraflar\u0131ndan biri belki de budur: Bitti denildi\u011finde bitmemesi.<\/p>\n\n\n\n<p>Toplar susar, u\u00e7aklar gider, askerler evlerine d\u00f6ner. Takvimler ilerler. Y\u0131k\u0131lan binalar\u0131n yerine yenileri yap\u0131l\u0131r. A\u011fa\u00e7lar yeniden yapraklan\u0131r. Ama sava\u015f bazen bir insan\u0131n bedeninde, bazen belle\u011finde, bazen de sonraki ku\u015faklar\u0131n korkular\u0131nda ya\u015famaya devam eder.<\/p>\n\n\n\n<p>Sadako hastanede k\u00e2\u011f\u0131ttan turnalar yapmaya ba\u015flad\u0131. Bin turna yapan\u0131n dile\u011finin ger\u00e7ekle\u015fece\u011fine inan\u0131l\u0131yordu. Onun dile\u011fi \u00e7ok b\u00fcy\u00fckt\u00fc ama istedi\u011fi \u015fey \u00e7ok s\u0131radand\u0131: Ya\u015famak.<\/p>\n\n\n\n<p>Ne tuhaf\u2026<\/p>\n\n\n\n<p>\u0130nsanl\u0131k atomu par\u00e7alayacak kadar b\u00fcy\u00fcm\u00fc\u015f, bir \u00e7ocu\u011fun ya\u015fama iste\u011fini koruyacak kadar b\u00fcy\u00fcyememi\u015fti.<\/p>\n\n\n\n<p>Belki de uygarl\u0131\u011f\u0131n en b\u00fcy\u00fck \u00e7eli\u015fkilerinden biri burada duruyor. \u0130nsan ta\u015f\u0131 yonttu, tekerle\u011fi yapt\u0131, denizleri ge\u00e7ti, g\u00f6ky\u00fcz\u00fcne y\u00fckseldi, atomun i\u00e7ine girdi. Bilgisi b\u00fcy\u00fcd\u00fck\u00e7e g\u00fcc\u00fc de b\u00fcy\u00fcd\u00fc. Fakat g\u00fcc\u00fcyle vicdan\u0131 her zaman ayn\u0131 h\u0131zda b\u00fcy\u00fcmedi.<\/p>\n\n\n\n<p>Bir tarafta y\u0131llarca \u00e7al\u0131\u015fan bilim insanlar\u0131, fabrikalar, hesaplamalar, u\u00e7aklar ve sonunda dev bir bomba\u2026 \u00d6te tarafta bir hastane odas\u0131nda k\u00fc\u00e7\u00fcc\u00fck elleriyle k\u00e2\u011f\u0131t katlayan bir \u00e7ocuk.<\/p>\n\n\n\n<p>\u0130nsanl\u0131\u011f\u0131n iki y\u00fcz\u00fc sanki ayn\u0131 foto\u011fraf\u0131n i\u00e7inde.<\/p>\n\n\n\n<p>Biri yok etmek i\u00e7in maddeyi par\u00e7al\u0131yor, di\u011feri ya\u015famak i\u00e7in k\u00e2\u011f\u0131d\u0131 katl\u0131yor.<\/p>\n\n\n\n<p>Sadako \u00f6ld\u00fc. Ama yapt\u0131\u011f\u0131 turnalar onunla birlikte kaybolmad\u0131. D\u00fcnyan\u0131n ba\u015fka yerlerinde ba\u015fka eller k\u00e2\u011f\u0131tlar\u0131 katlamaya devam etti. B\u00f6ylece s\u0131radan bir k\u00e2\u011f\u0131t ku\u015f, yava\u015f yava\u015f \u00e7ocuklar\u0131n bar\u0131\u015f iste\u011finin simgelerinden birine d\u00f6n\u00fc\u015ft\u00fc.<\/p>\n\n\n\n<p>Belki de insan\u0131n as\u0131l g\u00fcc\u00fc burada ba\u015fl\u0131yor. Yok edilenin yerine yenisini koyabilmesinde, karanl\u0131\u011f\u0131n i\u00e7inde k\u00fc\u00e7\u00fcc\u00fck de olsa \u0131\u015f\u0131k aramas\u0131nda\u2026 Birileri \u015fehirleri y\u0131karken birilerinin ev yapmaya, birileri a\u011fa\u00e7lar\u0131 yakarken ba\u015fkalar\u0131n\u0131n fidan dikmeye, birileri nefret \u00fcretirken ba\u015fkalar\u0131n\u0131n sevmeye devam etmesinde.<\/p>\n\n\n\n<p>\u00c7\u00fcnk\u00fc d\u00fcnya yaln\u0131zca k\u00f6t\u00fcl\u00fck yapanlar\u0131n b\u0131rakt\u0131\u011f\u0131 yer de\u011fildir. \u0130yilik yapanlar\u0131n da b\u0131rakt\u0131\u011f\u0131 yerdir.<\/p>\n\n\n\n<p>Bug\u00fcn Sadako\u2019nun \u00f6yk\u00fcs\u00fcn\u00fc okurken insan ister istemez kendi zaman\u0131na bak\u0131yor. Sava\u015flar\u0131n h\u00e2l\u00e2 s\u00fcrd\u00fc\u011f\u00fcn\u00fc, \u00e7ocuklar\u0131n h\u00e2l\u00e2 b\u00fcy\u00fcklerin kararlar\u0131n\u0131n alt\u0131nda kald\u0131\u011f\u0131n\u0131 g\u00f6r\u00fcyor. Co\u011frafyalar de\u011fi\u015fiyor, tarihler de\u011fi\u015fiyor, silahlar\u0131n adlar\u0131 de\u011fi\u015fiyor, \u00e7ocuklar\u0131n korkusu pek de\u011fi\u015fmiyor.<\/p>\n\n\n\n<p>Oysa bir \u00e7ocu\u011fun d\u00fcnyas\u0131 ne kadar k\u00fc\u00e7\u00fckt\u00fcr: Bir ev, birka\u00e7 arkada\u015f, okul yolu, sevdi\u011fi bir oyuncak, annesinin sesi, babas\u0131n\u0131n eli, biraz g\u00f6ky\u00fcz\u00fc\u2026<\/p>\n\n\n\n<p>Belki bar\u0131\u015f da \u00f6nce bu k\u00fc\u00e7\u00fcc\u00fck d\u00fcnyay\u0131 korumakt\u0131r.<\/p>\n\n\n\n<p>Sadako bize b\u00fcy\u00fck s\u00f6zler b\u0131rakmad\u0131. Bir devlet y\u00f6netmedi, ordulara seslenmedi, meydanlarda konu\u015fmad\u0131. Yaln\u0131zca ya\u015famak isteyen bir \u00e7ocuktu. Fakat bazen insanl\u0131\u011f\u0131n en g\u00fc\u00e7l\u00fc s\u00f6z\u00fc, s\u00f6yleyecek b\u00fcy\u00fck s\u00f6zleri olmayanlardan kal\u0131yor.<\/p>\n\n\n\n<p>Onun elinde bir k\u00e2\u011f\u0131t vard\u0131.<br \/>Katlad\u0131.<br \/>Bir ku\u015f oldu.<br \/>Bir kez daha katlad\u0131.<br \/>Umut oldu.<\/p>\n\n\n\n<p>\u015eimdi o turnalar h\u00e2l\u00e2 d\u00fcnyan\u0131n \u00fczerinde dola\u015f\u0131yor. Belki kanatlar\u0131nda tek bir soru ta\u015f\u0131yorlar:<br \/>\u0130nsan, bir g\u00fcn yok etmeyi \u00f6\u011frendi\u011fi kadar ya\u015fatmay\u0131 da \u00f6\u011frenebilecek mi?<\/p>\n\n\n\n<p>Cevab\u0131n\u0131 bilmiyoruz.<br \/>Ama \u00f6n\u00fcm\u00fczde h\u00e2l\u00e2 k\u00e2\u011f\u0131t var.<br \/>Ve ellerimiz.<\/p>\n","protected":false},"excerpt":{"rendered":"<p>\u0130nsan bazen k\u00fc\u00e7\u00fcc\u00fck bir \u015feye b\u00fcy\u00fck bir umut s\u0131\u011fd\u0131r\u0131r. Bir foto\u011frafa y\u0131llar\u0131n\u0131, bir mendile ayr\u0131l\u0131\u011f\u0131, bir mektuba \u00f6zlemi\u2026 Sadako da k\u00fc\u00e7\u00fcc\u00fck k\u00e2\u011f\u0131tlara ya\u015fama iste\u011fini s\u0131\u011fd\u0131rd\u0131. Katlad\u0131, \u00e7evirdi, yeniden katlad\u0131. D\u00fcz bir k\u00e2\u011f\u0131ttan kanat \u00e7\u0131kard\u0131. Belki mucize tam da buydu, insan\u0131n \u00e7aresiz kald\u0131\u011f\u0131nda bile umuda bir bi\u00e7im verebilmesi. Sadako Sasaki, Hiro\u015fima\u2019ya atom bombas\u0131 at\u0131ld\u0131\u011f\u0131nda iki ya\u015f\u0131ndayd\u0131. [&hellip;]<\/p>\n","protected":false},"author":14014,"featured_media":167543,"comment_status":"open","ping_status":"open","sticky":false,"template":"","format":"standard","meta":{"_yoast_wpseo_focuskw":"turna","_yoast_wpseo_title":"","_yoast_wpseo_metadesc":"\u0130nsan bazen k\u00fc\u00e7\u00fcc\u00fck bir \u015feye b\u00fcy\u00fck bir umut s\u0131\u011fd\u0131r\u0131r. Bir foto\u011frafa y\u0131llar\u0131n\u0131, bir mendile ayr\u0131l\u0131\u011f\u0131, bir mektuba \u00f6zlemi\u2026","_bbp_topic_count":0,"_bbp_reply_count":0,"_bbp_total_topic_count":0,"_bbp_total_reply_count":0,"_bbp_voice_count":0,"_bbp_anonymous_reply_count":0,"_bbp_topic_count_hidden":0,"_bbp_reply_count_hidden":0,"_bbp_forum_subforum_count":0,"footnotes":"","_yoast_wpseo_focuskw_text_input":""},"categories":[11464],"tags":[11729,11752],"yoast_head":"<!-- This site is optimized with the Yoast SEO plugin v23.0 - https:\/\/yoast.com\/wordpress\/plugins\/seo\/ -->\n<title>Bin Turna Ku\u015fu - The Epoch Times TR<\/title>\n<meta name=\"description\" content=\"\u0130nsan bazen k\u00fc\u00e7\u00fcc\u00fck bir \u015feye b\u00fcy\u00fck bir umut s\u0131\u011fd\u0131r\u0131r. Bir foto\u011frafa y\u0131llar\u0131n\u0131, bir mendile ayr\u0131l\u0131\u011f\u0131, bir mektuba \u00f6zlemi\u2026\" \/>\n<meta name=\"robots\" content=\"index, follow, max-snippet:-1, max-image-preview:large, max-video-preview:-1\" \/>\n<link rel=\"canonical\" href=\"https:\/\/epochtimestr.com\/index.php\/bin-turna-kusu\" \/>\n<meta property=\"og:locale\" content=\"tr_TR\" \/>\n<meta property=\"og:type\" content=\"article\" \/>\n<meta property=\"og:title\" content=\"Bin Turna Ku\u015fu - The Epoch Times TR\" \/>\n<meta property=\"og:description\" content=\"\u0130nsan bazen k\u00fc\u00e7\u00fcc\u00fck bir \u015feye b\u00fcy\u00fck bir umut s\u0131\u011fd\u0131r\u0131r. Bir foto\u011frafa y\u0131llar\u0131n\u0131, bir mendile ayr\u0131l\u0131\u011f\u0131, bir mektuba \u00f6zlemi\u2026\" \/>\n<meta property=\"og:url\" content=\"https:\/\/epochtimestr.com\/index.php\/bin-turna-kusu\" \/>\n<meta property=\"og:site_name\" content=\"The Epoch Times TR\" \/>\n<meta property=\"article:publisher\" content=\"https:\/\/www.facebook.com\/theepochtimestr\" \/>\n<meta property=\"article:published_time\" content=\"2026-08-22T05:15:00+00:00\" \/>\n<meta property=\"article:modified_time\" content=\"2026-08-21T19:37:10+00:00\" \/>\n<meta property=\"og:image\" content=\"https:\/\/epochtimestr.com\/wp-content\/uploads\/2011y\/Kemal-KIRMIZI-SM.jpg\" \/>\n\t<meta property=\"og:image:width\" content=\"1200\" \/>\n\t<meta property=\"og:image:height\" content=\"630\" \/>\n\t<meta property=\"og:image:type\" content=\"image\/jpeg\" \/>\n<meta name=\"author\" content=\"Kemal K\u0131rm\u0131z\u0131\" \/>\n<meta name=\"twitter:card\" content=\"summary_large_image\" \/>\n<meta name=\"twitter:creator\" content=\"@TheEpochTimesTR\" \/>\n<meta name=\"twitter:site\" content=\"@TheEpochTimesTR\" \/>\n<meta name=\"twitter:label1\" content=\"Yazan:\" \/>\n\t<meta name=\"twitter:data1\" content=\"Kemal K\u0131rm\u0131z\u0131\" \/>\n\t<meta name=\"twitter:label2\" content=\"Tahmini okuma s\u00fcresi\" \/>\n\t<meta name=\"twitter:data2\" content=\"4 dakika\" \/>\n<script type=\"application\/ld+json\" class=\"yoast-schema-graph\">{\"@context\":\"https:\/\/schema.org\",\"@graph\":[{\"@type\":\"Article\",\"@id\":\"https:\/\/epochtimestr.com\/index.php\/bin-turna-kusu#article\",\"isPartOf\":{\"@id\":\"https:\/\/epochtimestr.com\/index.php\/bin-turna-kusu\"},\"author\":{\"name\":\"Kemal K\u0131rm\u0131z\u0131\",\"@id\":\"https:\/\/epochtimestr.com\/#\/schema\/person\/de93b34838de3b9cf1568fef49b786d3\"},\"headline\":\"Bin Turna Ku\u015fu\",\"datePublished\":\"2026-08-22T05:15:00+00:00\",\"dateModified\":\"2026-08-21T19:37:10+00:00\",\"mainEntityOfPage\":{\"@id\":\"https:\/\/epochtimestr.com\/index.php\/bin-turna-kusu\"},\"wordCount\":740,\"commentCount\":1,\"publisher\":{\"@id\":\"https:\/\/epochtimestr.com\/#organization\"},\"image\":{\"@id\":\"https:\/\/epochtimestr.com\/index.php\/bin-turna-kusu#primaryimage\"},\"thumbnailUrl\":\"https:\/\/epochtimestr.com\/wp-content\/uploads\/2011y\/Kemal-Kirmizi-Profil.png\",\"keywords\":[\"K\u00f6\u015fe\",\"k\u00f6\u015fe sosyoloji\"],\"articleSection\":[\"K\u00f6\u015fe Yaz\u0131lar\u0131 Kemal K\u0131rm\u0131z\u0131\"],\"inLanguage\":\"tr\",\"potentialAction\":[{\"@type\":\"CommentAction\",\"name\":\"Comment\",\"target\":[\"https:\/\/epochtimestr.com\/index.php\/bin-turna-kusu#respond\"]}]},{\"@type\":\"WebPage\",\"@id\":\"https:\/\/epochtimestr.com\/index.php\/bin-turna-kusu\",\"url\":\"https:\/\/epochtimestr.com\/index.php\/bin-turna-kusu\",\"name\":\"Bin Turna Ku\u015fu - The Epoch Times TR\",\"isPartOf\":{\"@id\":\"https:\/\/epochtimestr.com\/#website\"},\"primaryImageOfPage\":{\"@id\":\"https:\/\/epochtimestr.com\/index.php\/bin-turna-kusu#primaryimage\"},\"image\":{\"@id\":\"https:\/\/epochtimestr.com\/index.php\/bin-turna-kusu#primaryimage\"},\"thumbnailUrl\":\"https:\/\/epochtimestr.com\/wp-content\/uploads\/2011y\/Kemal-Kirmizi-Profil.png\",\"datePublished\":\"2026-08-22T05:15:00+00:00\",\"dateModified\":\"2026-08-21T19:37:10+00:00\",\"description\":\"\u0130nsan bazen k\u00fc\u00e7\u00fcc\u00fck bir \u015feye b\u00fcy\u00fck bir umut s\u0131\u011fd\u0131r\u0131r. Bir foto\u011frafa y\u0131llar\u0131n\u0131, bir mendile ayr\u0131l\u0131\u011f\u0131, bir mektuba \u00f6zlemi\u2026\",\"inLanguage\":\"tr\",\"potentialAction\":[{\"@type\":\"ReadAction\",\"target\":[\"https:\/\/epochtimestr.com\/index.php\/bin-turna-kusu\"]}]},{\"@type\":\"ImageObject\",\"inLanguage\":\"tr\",\"@id\":\"https:\/\/epochtimestr.com\/index.php\/bin-turna-kusu#primaryimage\",\"url\":\"https:\/\/epochtimestr.com\/wp-content\/uploads\/2011y\/Kemal-Kirmizi-Profil.png\",\"contentUrl\":\"https:\/\/epochtimestr.com\/wp-content\/uploads\/2011y\/Kemal-Kirmizi-Profil.png\",\"width\":600,\"height\":600},{\"@type\":\"WebSite\",\"@id\":\"https:\/\/epochtimestr.com\/#website\",\"url\":\"https:\/\/epochtimestr.com\/\",\"name\":\"The Epoch Times TR\",\"description\":\"De\u011fi\u015fen D\u00fcnyam\u0131za Taze Bir Bak\u0131\u015f\",\"publisher\":{\"@id\":\"https:\/\/epochtimestr.com\/#organization\"},\"potentialAction\":[{\"@type\":\"SearchAction\",\"target\":{\"@type\":\"EntryPoint\",\"urlTemplate\":\"https:\/\/epochtimestr.com\/?s={search_term_string}\"},\"query-input\":\"required name=search_term_string\"}],\"inLanguage\":\"tr\"},{\"@type\":\"Organization\",\"@id\":\"https:\/\/epochtimestr.com\/#organization\",\"name\":\"The EpochTimes T\u00fcrkiye\",\"url\":\"https:\/\/epochtimestr.com\/\",\"logo\":{\"@type\":\"ImageObject\",\"inLanguage\":\"tr\",\"@id\":\"https:\/\/epochtimestr.com\/#\/schema\/logo\/image\/\",\"url\":\"https:\/\/epochtimestr.com\/wp-content\/uploads\/2011y\/ET-Logo-YG.jpg\",\"contentUrl\":\"https:\/\/epochtimestr.com\/wp-content\/uploads\/2011y\/ET-Logo-YG.jpg\",\"width\":346,\"height\":29,\"caption\":\"The EpochTimes T\u00fcrkiye\"},\"image\":{\"@id\":\"https:\/\/epochtimestr.com\/#\/schema\/logo\/image\/\"},\"sameAs\":[\"https:\/\/www.facebook.com\/theepochtimestr\",\"https:\/\/x.com\/TheEpochTimesTR\",\"https:\/\/www.instagram.com\/epochtimestr\"]},{\"@type\":\"Person\",\"@id\":\"https:\/\/epochtimestr.com\/#\/schema\/person\/de93b34838de3b9cf1568fef49b786d3\",\"name\":\"Kemal K\u0131rm\u0131z\u0131\",\"image\":{\"@type\":\"ImageObject\",\"inLanguage\":\"tr\",\"@id\":\"https:\/\/epochtimestr.com\/#\/schema\/person\/image\/\",\"url\":\"https:\/\/secure.gravatar.com\/avatar\/e99bdb2e05638e0a06bbe2847468ec66?s=96&d=mm&r=g\",\"contentUrl\":\"https:\/\/secure.gravatar.com\/avatar\/e99bdb2e05638e0a06bbe2847468ec66?s=96&d=mm&r=g\",\"caption\":\"Kemal K\u0131rm\u0131z\u0131\"},\"url\":\"https:\/\/epochtimestr.com\/index.php\/author\/kemal\"}]}<\/script>\n<!-- \/ Yoast SEO plugin. -->","yoast_head_json":{"title":"Bin Turna Ku\u015fu - The Epoch Times TR","description":"\u0130nsan bazen k\u00fc\u00e7\u00fcc\u00fck bir \u015feye b\u00fcy\u00fck bir umut s\u0131\u011fd\u0131r\u0131r. Bir foto\u011frafa y\u0131llar\u0131n\u0131, bir mendile ayr\u0131l\u0131\u011f\u0131, bir mektuba \u00f6zlemi\u2026","robots":{"index":"index","follow":"follow","max-snippet":"max-snippet:-1","max-image-preview":"max-image-preview:large","max-video-preview":"max-video-preview:-1"},"canonical":"https:\/\/epochtimestr.com\/index.php\/bin-turna-kusu","og_locale":"tr_TR","og_type":"article","og_title":"Bin Turna Ku\u015fu - The Epoch Times TR","og_description":"\u0130nsan bazen k\u00fc\u00e7\u00fcc\u00fck bir \u015feye b\u00fcy\u00fck bir umut s\u0131\u011fd\u0131r\u0131r. Bir foto\u011frafa y\u0131llar\u0131n\u0131, bir mendile ayr\u0131l\u0131\u011f\u0131, bir mektuba \u00f6zlemi\u2026","og_url":"https:\/\/epochtimestr.com\/index.php\/bin-turna-kusu","og_site_name":"The Epoch Times TR","article_publisher":"https:\/\/www.facebook.com\/theepochtimestr","article_published_time":"2026-08-22T05:15:00+00:00","article_modified_time":"2026-08-21T19:37:10+00:00","og_image":[{"width":1200,"height":630,"url":"https:\/\/epochtimestr.com\/wp-content\/uploads\/2011y\/Kemal-KIRMIZI-SM.jpg","type":"image\/jpeg"}],"author":"Kemal K\u0131rm\u0131z\u0131","twitter_card":"summary_large_image","twitter_creator":"@TheEpochTimesTR","twitter_site":"@TheEpochTimesTR","twitter_misc":{"Yazan:":"Kemal K\u0131rm\u0131z\u0131","Tahmini okuma s\u00fcresi":"4 dakika"},"schema":{"@context":"https:\/\/schema.org","@graph":[{"@type":"Article","@id":"https:\/\/epochtimestr.com\/index.php\/bin-turna-kusu#article","isPartOf":{"@id":"https:\/\/epochtimestr.com\/index.php\/bin-turna-kusu"},"author":{"name":"Kemal K\u0131rm\u0131z\u0131","@id":"https:\/\/epochtimestr.com\/#\/schema\/person\/de93b34838de3b9cf1568fef49b786d3"},"headline":"Bin Turna Ku\u015fu","datePublished":"2026-08-22T05:15:00+00:00","dateModified":"2026-08-21T19:37:10+00:00","mainEntityOfPage":{"@id":"https:\/\/epochtimestr.com\/index.php\/bin-turna-kusu"},"wordCount":740,"commentCount":1,"publisher":{"@id":"https:\/\/epochtimestr.com\/#organization"},"image":{"@id":"https:\/\/epochtimestr.com\/index.php\/bin-turna-kusu#primaryimage"},"thumbnailUrl":"https:\/\/epochtimestr.com\/wp-content\/uploads\/2011y\/Kemal-Kirmizi-Profil.png","keywords":["K\u00f6\u015fe","k\u00f6\u015fe sosyoloji"],"articleSection":["K\u00f6\u015fe Yaz\u0131lar\u0131 Kemal K\u0131rm\u0131z\u0131"],"inLanguage":"tr","potentialAction":[{"@type":"CommentAction","name":"Comment","target":["https:\/\/epochtimestr.com\/index.php\/bin-turna-kusu#respond"]}]},{"@type":"WebPage","@id":"https:\/\/epochtimestr.com\/index.php\/bin-turna-kusu","url":"https:\/\/epochtimestr.com\/index.php\/bin-turna-kusu","name":"Bin Turna Ku\u015fu - The Epoch Times TR","isPartOf":{"@id":"https:\/\/epochtimestr.com\/#website"},"primaryImageOfPage":{"@id":"https:\/\/epochtimestr.com\/index.php\/bin-turna-kusu#primaryimage"},"image":{"@id":"https:\/\/epochtimestr.com\/index.php\/bin-turna-kusu#primaryimage"},"thumbnailUrl":"https:\/\/epochtimestr.com\/wp-content\/uploads\/2011y\/Kemal-Kirmizi-Profil.png","datePublished":"2026-08-22T05:15:00+00:00","dateModified":"2026-08-21T19:37:10+00:00","description":"\u0130nsan bazen k\u00fc\u00e7\u00fcc\u00fck bir \u015feye b\u00fcy\u00fck bir umut s\u0131\u011fd\u0131r\u0131r. Bir foto\u011frafa y\u0131llar\u0131n\u0131, bir mendile ayr\u0131l\u0131\u011f\u0131, bir mektuba \u00f6zlemi\u2026","inLanguage":"tr","potentialAction":[{"@type":"ReadAction","target":["https:\/\/epochtimestr.com\/index.php\/bin-turna-kusu"]}]},{"@type":"ImageObject","inLanguage":"tr","@id":"https:\/\/epochtimestr.com\/index.php\/bin-turna-kusu#primaryimage","url":"https:\/\/epochtimestr.com\/wp-content\/uploads\/2011y\/Kemal-Kirmizi-Profil.png","contentUrl":"https:\/\/epochtimestr.com\/wp-content\/uploads\/2011y\/Kemal-Kirmizi-Profil.png","width":600,"height":600},{"@type":"WebSite","@id":"https:\/\/epochtimestr.com\/#website","url":"https:\/\/epochtimestr.com\/","name":"The Epoch Times TR","description":"De\u011fi\u015fen D\u00fcnyam\u0131za Taze Bir Bak\u0131\u015f","publisher":{"@id":"https:\/\/epochtimestr.com\/#organization"},"potentialAction":[{"@type":"SearchAction","target":{"@type":"EntryPoint","urlTemplate":"https:\/\/epochtimestr.com\/?s={search_term_string}"},"query-input":"required name=search_term_string"}],"inLanguage":"tr"},{"@type":"Organization","@id":"https:\/\/epochtimestr.com\/#organization","name":"The EpochTimes T\u00fcrkiye","url":"https:\/\/epochtimestr.com\/","logo":{"@type":"ImageObject","inLanguage":"tr","@id":"https:\/\/epochtimestr.com\/#\/schema\/logo\/image\/","url":"https:\/\/epochtimestr.com\/wp-content\/uploads\/2011y\/ET-Logo-YG.jpg","contentUrl":"https:\/\/epochtimestr.com\/wp-content\/uploads\/2011y\/ET-Logo-YG.jpg","width":346,"height":29,"caption":"The EpochTimes T\u00fcrkiye"},"image":{"@id":"https:\/\/epochtimestr.com\/#\/schema\/logo\/image\/"},"sameAs":["https:\/\/www.facebook.com\/theepochtimestr","https:\/\/x.com\/TheEpochTimesTR","https:\/\/www.instagram.com\/epochtimestr"]},{"@type":"Person","@id":"https:\/\/epochtimestr.com\/#\/schema\/person\/de93b34838de3b9cf1568fef49b786d3","name":"Kemal K\u0131rm\u0131z\u0131","image":{"@type":"ImageObject","inLanguage":"tr","@id":"https:\/\/epochtimestr.com\/#\/schema\/person\/image\/","url":"https:\/\/secure.gravatar.com\/avatar\/e99bdb2e05638e0a06bbe2847468ec66?s=96&d=mm&r=g","contentUrl":"https:\/\/secure.gravatar.com\/avatar\/e99bdb2e05638e0a06bbe2847468ec66?s=96&d=mm&r=g","caption":"Kemal K\u0131rm\u0131z\u0131"},"url":"https:\/\/epochtimestr.com\/index.php\/author\/kemal"}]}},"_links":{"self":[{"href":"https:\/\/epochtimestr.com\/index.php\/wp-json\/wp\/v2\/posts\/170757"}],"collection":[{"href":"https:\/\/epochtimestr.com\/index.php\/wp-json\/wp\/v2\/posts"}],"about":[{"href":"https:\/\/epochtimestr.com\/index.php\/wp-json\/wp\/v2\/types\/post"}],"author":[{"embeddable":true,"href":"https:\/\/epochtimestr.com\/index.php\/wp-json\/wp\/v2\/users\/14014"}],"replies":[{"embeddable":true,"href":"https:\/\/epochtimestr.com\/index.php\/wp-json\/wp\/v2\/comments?post=170757"}],"version-history":[{"count":1,"href":"https:\/\/epochtimestr.com\/index.php\/wp-json\/wp\/v2\/posts\/170757\/revisions"}],"predecessor-version":[{"id":170758,"href":"https:\/\/epochtimestr.com\/index.php\/wp-json\/wp\/v2\/posts\/170757\/revisions\/170758"}],"wp:featuredmedia":[{"embeddable":true,"href":"https:\/\/epochtimestr.com\/index.php\/wp-json\/wp\/v2\/media\/167543"}],"wp:attachment":[{"href":"https:\/\/epochtimestr.com\/index.php\/wp-json\/wp\/v2\/media?parent=170757"}],"wp:term":[{"taxonomy":"category","embeddable":true,"href":"https:\/\/epochtimestr.com\/index.php\/wp-json\/wp\/v2\/categories?post=170757"},{"taxonomy":"post_tag","embeddable":true,"href":"https:\/\/epochtimestr.com\/index.php\/wp-json\/wp\/v2\/tags?post=170757"}],"curies":[{"name":"wp","href":"https:\/\/api.w.org\/{rel}","templated":true}]}}