{"id":170759,"date":"2026-08-22T12:10:21","date_gmt":"2026-08-22T09:10:21","guid":{"rendered":"https:\/\/epochtimestr.com\/?p=170759"},"modified":"2026-08-22T12:10:25","modified_gmt":"2026-08-22T09:10:25","slug":"ankaradaki-maden-kazasi-sorusturmasinda-dokuz-gozalti","status":"publish","type":"post","link":"https:\/\/epochtimestr.com\/index.php\/ankaradaki-maden-kazasi-sorusturmasinda-dokuz-gozalti","title":{"rendered":"Ankara&#8217;daki Maden Kazas\u0131 Soru\u015fturmas\u0131nda Dokuz G\u00f6zalt\u0131"},"content":{"rendered":"<div class=\"wp-block-image\">\n<figure class=\"aligncenter size-full\"><img loading=\"lazy\" decoding=\"async\" width=\"1280\" height=\"960\" src=\"https:\/\/epochtimestr.com\/wp-content\/uploads\/2011y\/coal-1626368_1280.jpg\" alt=\"Ankara'daki maden kazas\u0131 soru\u015fturmas\u0131nda dokuz ki\u015fi g\u00f6zalt\u0131na al\u0131nd\u0131 (Foto\u011fraf: hangela, Pixabay)\" class=\"wp-image-170746\" srcset=\"https:\/\/epochtimestr.com\/wp-content\/uploads\/2011y\/coal-1626368_1280.jpg 1280w, https:\/\/epochtimestr.com\/wp-content\/uploads\/2011y\/coal-1626368_1280-300x225.jpg 300w, https:\/\/epochtimestr.com\/wp-content\/uploads\/2011y\/coal-1626368_1280-150x113.jpg 150w, https:\/\/epochtimestr.com\/wp-content\/uploads\/2011y\/coal-1626368_1280-768x576.jpg 768w, https:\/\/epochtimestr.com\/wp-content\/uploads\/2011y\/coal-1626368_1280-86x64.jpg 86w\" sizes=\"(max-width: 1280px) 100vw, 1280px\" \/><figcaption class=\"wp-element-caption\">Ankara&#8217;daki maden kazas\u0131 soru\u015fturmas\u0131nda dokuz ki\u015fi g\u00f6zalt\u0131na al\u0131nd\u0131 <em>(Foto\u011fraf: hangela, Pixabay)<\/em><\/figcaption><\/figure><\/div>\n\n\n<h2 class=\"wp-block-heading\">Beypazar\u0131 Cumhuriyet Ba\u015fsavc\u0131l\u0131\u011f\u0131&#8217;n\u0131n ba\u015flatt\u0131\u011f\u0131 maden kazas\u0131 soru\u015fturmas\u0131nda, sorumlu bulunan 9 \u015f\u00fcpheli g\u00f6zalt\u0131na al\u0131nd\u0131.<\/h2>\n\n\n\n<p>Ankara\u2019n\u0131n Nall\u0131han il\u00e7esi \u00c7ay\u0131rhan Mahallesi ile Beypazar\u0131 il\u00e7esi H\u0131rkatepe Mahallesi s\u0131n\u0131rlar\u0131nda bulunan \u00c7ay\u0131rhan Termik Elektrik \u00dcretim ve Madencilik\u2019e ait k\u00f6m\u00fcr madeninde <a href=\"https:\/\/epochtimestr.com\/index.php\/nallihan-ilcesinde-maden-ocaginda-gocuk-meydana-geldi\" target=\"_blank\" rel=\"noreferrer noopener\">g\u00f6\u00e7\u00fck<\/a> meydana geldi.<\/p>\n\n\n\n<p>Saat 18.00 s\u0131ralar\u0131nda ya\u015fanan kazan\u0131n ard\u0131ndan b\u00f6lgeye \u00e7ok say\u0131da sa\u011fl\u0131k ve kurtarma ekibi sevk edildi. G\u00f6\u00e7\u00fck alt\u0131nda kalan 13 i\u015f\u00e7iden 12\u2019si yaral\u0131 olarak kurtar\u0131l\u0131rken, Erdi Kahveci\u2019nin cans\u0131z bedenine ula\u015f\u0131ld\u0131. G\u00f6\u00e7\u00fckten kurtar\u0131lan 12 maden i\u015f\u00e7isi ile olaydan farkl\u0131 nedenlerle etkilenen 8 ki\u015fi, Beypazar\u0131 ve Ankara\u2019daki hastanelere sevk edildi. Tedavileri devam eden yaral\u0131lardan 4\u2019\u00fcn\u00fcn sa\u011fl\u0131k durumunun a\u011f\u0131r oldu\u011fu \u00f6\u011frenildi.<\/p>\n\n\n\n<p>Beypazar\u0131 Cumhuriyet Ba\u015fsavc\u0131l\u0131\u011f\u0131 taraf\u0131ndan maden kazas\u0131na ili\u015fkin <a href=\"https:\/\/epochtimestr.com\/index.php\/turhan-comez-hakkinda-sorusturma-baslatildi\" target=\"_blank\" rel=\"noreferrer noopener\">soru\u015fturma<\/a> ba\u015flat\u0131ld\u0131.<br \/>Soru\u015fturma kapsam\u0131nda maden sahas\u0131nda sorumlulu\u011fu bulundu\u011fu de\u011ferlendirilen 9 \u015f\u00fcpheli, jandarma ekipleri taraf\u0131ndan g\u00f6zalt\u0131na al\u0131nd\u0131. <\/p>\n\n\n\n<p>Kazan\u0131n meydana geli\u015f nedeni ve varsa ihmallerin belirlenmesi i\u00e7in incelemelerin s\u00fcrd\u00fc\u011f\u00fc bildirildi.<br \/>Ocakta hayat\u0131n\u0131 kaybeden i\u015f\u00e7i Erdi Kahveci\u2019nin cenazesi, bug\u00fcn memleketi Bart\u0131n\u2019da topra\u011fa verilecek.<\/p>\n","protected":false},"excerpt":{"rendered":"<p>Beypazar\u0131 Cumhuriyet Ba\u015fsavc\u0131l\u0131\u011f\u0131&#8217;n\u0131n ba\u015flatt\u0131\u011f\u0131 maden kazas\u0131 soru\u015fturmas\u0131nda, sorumlu bulunan 9 \u015f\u00fcpheli g\u00f6zalt\u0131na al\u0131nd\u0131. Ankara\u2019n\u0131n Nall\u0131han il\u00e7esi \u00c7ay\u0131rhan Mahallesi ile Beypazar\u0131 il\u00e7esi H\u0131rkatepe Mahallesi s\u0131n\u0131rlar\u0131nda bulunan \u00c7ay\u0131rhan Termik Elektrik \u00dcretim ve Madencilik\u2019e ait k\u00f6m\u00fcr madeninde g\u00f6\u00e7\u00fck meydana geldi. Saat 18.00 s\u0131ralar\u0131nda ya\u015fanan kazan\u0131n ard\u0131ndan b\u00f6lgeye \u00e7ok say\u0131da sa\u011fl\u0131k ve kurtarma ekibi sevk edildi. G\u00f6\u00e7\u00fck alt\u0131nda kalan [&hellip;]<\/p>\n","protected":false},"author":12791,"featured_media":170746,"comment_status":"open","ping_status":"open","sticky":false,"template":"","format":"standard","meta":{"_yoast_wpseo_focuskw":"maden kazas\u0131","_yoast_wpseo_title":"","_yoast_wpseo_metadesc":"Beypazar\u0131 Cumhuriyet Ba\u015fsavc\u0131l\u0131\u011f\u0131'n\u0131n ba\u015flatt\u0131\u011f\u0131 maden kazas\u0131 soru\u015fturmas\u0131nda, sorumlu bulunan 9 \u015f\u00fcpheli g\u00f6zalt\u0131na al\u0131nd\u0131.","_bbp_topic_count":0,"_bbp_reply_count":0,"_bbp_total_topic_count":0,"_bbp_total_reply_count":0,"_bbp_voice_count":0,"_bbp_anonymous_reply_count":0,"_bbp_topic_count_hidden":0,"_bbp_reply_count_hidden":0,"_bbp_forum_subforum_count":0,"footnotes":"","_yoast_wpseo_focuskw_text_input":""},"categories":[1,8138,8419],"tags":[49,12358,12360,12359,6857,12361],"yoast_head":"<!-- This site is optimized with the Yoast SEO plugin v23.0 - https:\/\/yoast.com\/wordpress\/plugins\/seo\/ -->\n<title>Ankara&#039;daki Maden Kazas\u0131 Soru\u015fturmas\u0131nda Dokuz G\u00f6zalt\u0131 - The Epoch Times TR<\/title>\n<meta name=\"description\" content=\"Beypazar\u0131 Cumhuriyet Ba\u015fsavc\u0131l\u0131\u011f\u0131&#039;n\u0131n ba\u015flatt\u0131\u011f\u0131 maden kazas\u0131 soru\u015fturmas\u0131nda, sorumlu bulunan 9 \u015f\u00fcpheli g\u00f6zalt\u0131na al\u0131nd\u0131.\" \/>\n<meta name=\"robots\" content=\"index, follow, max-snippet:-1, max-image-preview:large, max-video-preview:-1\" \/>\n<link rel=\"canonical\" href=\"https:\/\/epochtimestr.com\/index.php\/ankaradaki-maden-kazasi-sorusturmasinda-dokuz-gozalti\" \/>\n<meta property=\"og:locale\" content=\"tr_TR\" \/>\n<meta property=\"og:type\" content=\"article\" \/>\n<meta property=\"og:title\" content=\"Ankara&#039;daki Maden Kazas\u0131 Soru\u015fturmas\u0131nda Dokuz G\u00f6zalt\u0131 - The Epoch Times TR\" \/>\n<meta property=\"og:description\" content=\"Beypazar\u0131 Cumhuriyet Ba\u015fsavc\u0131l\u0131\u011f\u0131&#039;n\u0131n ba\u015flatt\u0131\u011f\u0131 maden kazas\u0131 soru\u015fturmas\u0131nda, sorumlu bulunan 9 \u015f\u00fcpheli g\u00f6zalt\u0131na al\u0131nd\u0131.\" \/>\n<meta property=\"og:url\" content=\"https:\/\/epochtimestr.com\/index.php\/ankaradaki-maden-kazasi-sorusturmasinda-dokuz-gozalti\" \/>\n<meta property=\"og:site_name\" content=\"The Epoch Times TR\" \/>\n<meta property=\"article:publisher\" content=\"https:\/\/www.facebook.com\/theepochtimestr\" \/>\n<meta property=\"article:published_time\" content=\"2026-08-22T09:10:21+00:00\" \/>\n<meta property=\"article:modified_time\" content=\"2026-08-22T09:10:25+00:00\" \/>\n<meta property=\"og:image\" content=\"https:\/\/epochtimestr.com\/wp-content\/uploads\/2011y\/coal-1626368_1280.jpg\" \/>\n\t<meta property=\"og:image:width\" content=\"1280\" \/>\n\t<meta property=\"og:image:height\" content=\"960\" \/>\n\t<meta property=\"og:image:type\" content=\"image\/jpeg\" \/>\n<meta name=\"author\" content=\"Haber Merkezi\" \/>\n<meta name=\"twitter:card\" content=\"summary_large_image\" \/>\n<meta name=\"twitter:creator\" content=\"@TheEpochTimesTR\" \/>\n<meta name=\"twitter:site\" content=\"@TheEpochTimesTR\" \/>\n<meta name=\"twitter:label1\" content=\"Yazan:\" \/>\n\t<meta name=\"twitter:data1\" content=\"Haber Merkezi\" \/>\n\t<meta name=\"twitter:label2\" content=\"Tahmini okuma s\u00fcresi\" \/>\n\t<meta name=\"twitter:data2\" content=\"2 dakika\" \/>\n<script type=\"application\/ld+json\" class=\"yoast-schema-graph\">{\"@context\":\"https:\/\/schema.org\",\"@graph\":[{\"@type\":\"Article\",\"@id\":\"https:\/\/epochtimestr.com\/index.php\/ankaradaki-maden-kazasi-sorusturmasinda-dokuz-gozalti#article\",\"isPartOf\":{\"@id\":\"https:\/\/epochtimestr.com\/index.php\/ankaradaki-maden-kazasi-sorusturmasinda-dokuz-gozalti\"},\"author\":{\"name\":\"Haber Merkezi\",\"@id\":\"https:\/\/epochtimestr.com\/#\/schema\/person\/3dc5c3adeb9f43923c5aa85889172fdd\"},\"headline\":\"Ankara&#8217;daki Maden Kazas\u0131 Soru\u015fturmas\u0131nda Dokuz G\u00f6zalt\u0131\",\"datePublished\":\"2026-08-22T09:10:21+00:00\",\"dateModified\":\"2026-08-22T09:10:25+00:00\",\"mainEntityOfPage\":{\"@id\":\"https:\/\/epochtimestr.com\/index.php\/ankaradaki-maden-kazasi-sorusturmasinda-dokuz-gozalti\"},\"wordCount\":243,\"commentCount\":0,\"publisher\":{\"@id\":\"https:\/\/epochtimestr.com\/#organization\"},\"image\":{\"@id\":\"https:\/\/epochtimestr.com\/index.php\/ankaradaki-maden-kazasi-sorusturmasinda-dokuz-gozalti#primaryimage\"},\"thumbnailUrl\":\"https:\/\/epochtimestr.com\/wp-content\/uploads\/2011y\/coal-1626368_1280.jpg\",\"keywords\":[\"ankara\",\"Beypazar\u0131 Cumhuriyet Ba\u015fsavc\u0131l\u0131\u011f\u0131\",\"\u00c7ay\u0131rhan Termik Elektrik \u00dcretim ve Madencilik\",\"Erdi Kahveci\",\"g\u00f6\u00e7\u00fck\",\"Nall\u0131han\"],\"articleSection\":[\"G\u00dcNDEM\",\"MAN\u015eET\",\"Ya\u015fam\"],\"inLanguage\":\"tr\",\"potentialAction\":[{\"@type\":\"CommentAction\",\"name\":\"Comment\",\"target\":[\"https:\/\/epochtimestr.com\/index.php\/ankaradaki-maden-kazasi-sorusturmasinda-dokuz-gozalti#respond\"]}]},{\"@type\":\"WebPage\",\"@id\":\"https:\/\/epochtimestr.com\/index.php\/ankaradaki-maden-kazasi-sorusturmasinda-dokuz-gozalti\",\"url\":\"https:\/\/epochtimestr.com\/index.php\/ankaradaki-maden-kazasi-sorusturmasinda-dokuz-gozalti\",\"name\":\"Ankara'daki Maden Kazas\u0131 Soru\u015fturmas\u0131nda Dokuz G\u00f6zalt\u0131 - The Epoch Times TR\",\"isPartOf\":{\"@id\":\"https:\/\/epochtimestr.com\/#website\"},\"primaryImageOfPage\":{\"@id\":\"https:\/\/epochtimestr.com\/index.php\/ankaradaki-maden-kazasi-sorusturmasinda-dokuz-gozalti#primaryimage\"},\"image\":{\"@id\":\"https:\/\/epochtimestr.com\/index.php\/ankaradaki-maden-kazasi-sorusturmasinda-dokuz-gozalti#primaryimage\"},\"thumbnailUrl\":\"https:\/\/epochtimestr.com\/wp-content\/uploads\/2011y\/coal-1626368_1280.jpg\",\"datePublished\":\"2026-08-22T09:10:21+00:00\",\"dateModified\":\"2026-08-22T09:10:25+00:00\",\"description\":\"Beypazar\u0131 Cumhuriyet Ba\u015fsavc\u0131l\u0131\u011f\u0131'n\u0131n ba\u015flatt\u0131\u011f\u0131 maden kazas\u0131 soru\u015fturmas\u0131nda, sorumlu bulunan 9 \u015f\u00fcpheli g\u00f6zalt\u0131na al\u0131nd\u0131.\",\"inLanguage\":\"tr\",\"potentialAction\":[{\"@type\":\"ReadAction\",\"target\":[\"https:\/\/epochtimestr.com\/index.php\/ankaradaki-maden-kazasi-sorusturmasinda-dokuz-gozalti\"]}]},{\"@type\":\"ImageObject\",\"inLanguage\":\"tr\",\"@id\":\"https:\/\/epochtimestr.com\/index.php\/ankaradaki-maden-kazasi-sorusturmasinda-dokuz-gozalti#primaryimage\",\"url\":\"https:\/\/epochtimestr.com\/wp-content\/uploads\/2011y\/coal-1626368_1280.jpg\",\"contentUrl\":\"https:\/\/epochtimestr.com\/wp-content\/uploads\/2011y\/coal-1626368_1280.jpg\",\"width\":1280,\"height\":960},{\"@type\":\"WebSite\",\"@id\":\"https:\/\/epochtimestr.com\/#website\",\"url\":\"https:\/\/epochtimestr.com\/\",\"name\":\"The Epoch Times TR\",\"description\":\"De\u011fi\u015fen D\u00fcnyam\u0131za Taze Bir Bak\u0131\u015f\",\"publisher\":{\"@id\":\"https:\/\/epochtimestr.com\/#organization\"},\"potentialAction\":[{\"@type\":\"SearchAction\",\"target\":{\"@type\":\"EntryPoint\",\"urlTemplate\":\"https:\/\/epochtimestr.com\/?s={search_term_string}\"},\"query-input\":\"required name=search_term_string\"}],\"inLanguage\":\"tr\"},{\"@type\":\"Organization\",\"@id\":\"https:\/\/epochtimestr.com\/#organization\",\"name\":\"The EpochTimes T\u00fcrkiye\",\"url\":\"https:\/\/epochtimestr.com\/\",\"logo\":{\"@type\":\"ImageObject\",\"inLanguage\":\"tr\",\"@id\":\"https:\/\/epochtimestr.com\/#\/schema\/logo\/image\/\",\"url\":\"https:\/\/epochtimestr.com\/wp-content\/uploads\/2011y\/ET-Logo-YG.jpg\",\"contentUrl\":\"https:\/\/epochtimestr.com\/wp-content\/uploads\/2011y\/ET-Logo-YG.jpg\",\"width\":346,\"height\":29,\"caption\":\"The EpochTimes T\u00fcrkiye\"},\"image\":{\"@id\":\"https:\/\/epochtimestr.com\/#\/schema\/logo\/image\/\"},\"sameAs\":[\"https:\/\/www.facebook.com\/theepochtimestr\",\"https:\/\/x.com\/TheEpochTimesTR\",\"https:\/\/www.instagram.com\/epochtimestr\"]},{\"@type\":\"Person\",\"@id\":\"https:\/\/epochtimestr.com\/#\/schema\/person\/3dc5c3adeb9f43923c5aa85889172fdd\",\"name\":\"Haber Merkezi\",\"image\":{\"@type\":\"ImageObject\",\"inLanguage\":\"tr\",\"@id\":\"https:\/\/epochtimestr.com\/#\/schema\/person\/image\/\",\"url\":\"https:\/\/secure.gravatar.com\/avatar\/d73f772ba5a74f28601361e17c2f93e6?s=96&d=mm&r=g\",\"contentUrl\":\"https:\/\/secure.gravatar.com\/avatar\/d73f772ba5a74f28601361e17c2f93e6?s=96&d=mm&r=g\",\"caption\":\"Haber Merkezi\"},\"url\":\"https:\/\/epochtimestr.com\/index.php\/author\/sendag\"}]}<\/script>\n<!-- \/ Yoast SEO plugin. -->","yoast_head_json":{"title":"Ankara'daki Maden Kazas\u0131 Soru\u015fturmas\u0131nda Dokuz G\u00f6zalt\u0131 - The Epoch Times TR","description":"Beypazar\u0131 Cumhuriyet Ba\u015fsavc\u0131l\u0131\u011f\u0131'n\u0131n ba\u015flatt\u0131\u011f\u0131 maden kazas\u0131 soru\u015fturmas\u0131nda, sorumlu bulunan 9 \u015f\u00fcpheli g\u00f6zalt\u0131na al\u0131nd\u0131.","robots":{"index":"index","follow":"follow","max-snippet":"max-snippet:-1","max-image-preview":"max-image-preview:large","max-video-preview":"max-video-preview:-1"},"canonical":"https:\/\/epochtimestr.com\/index.php\/ankaradaki-maden-kazasi-sorusturmasinda-dokuz-gozalti","og_locale":"tr_TR","og_type":"article","og_title":"Ankara'daki Maden Kazas\u0131 Soru\u015fturmas\u0131nda Dokuz G\u00f6zalt\u0131 - The Epoch Times TR","og_description":"Beypazar\u0131 Cumhuriyet Ba\u015fsavc\u0131l\u0131\u011f\u0131'n\u0131n ba\u015flatt\u0131\u011f\u0131 maden kazas\u0131 soru\u015fturmas\u0131nda, sorumlu bulunan 9 \u015f\u00fcpheli g\u00f6zalt\u0131na al\u0131nd\u0131.","og_url":"https:\/\/epochtimestr.com\/index.php\/ankaradaki-maden-kazasi-sorusturmasinda-dokuz-gozalti","og_site_name":"The Epoch Times TR","article_publisher":"https:\/\/www.facebook.com\/theepochtimestr","article_published_time":"2026-08-22T09:10:21+00:00","article_modified_time":"2026-08-22T09:10:25+00:00","og_image":[{"width":1280,"height":960,"url":"https:\/\/epochtimestr.com\/wp-content\/uploads\/2011y\/coal-1626368_1280.jpg","type":"image\/jpeg"}],"author":"Haber Merkezi","twitter_card":"summary_large_image","twitter_creator":"@TheEpochTimesTR","twitter_site":"@TheEpochTimesTR","twitter_misc":{"Yazan:":"Haber Merkezi","Tahmini okuma s\u00fcresi":"2 dakika"},"schema":{"@context":"https:\/\/schema.org","@graph":[{"@type":"Article","@id":"https:\/\/epochtimestr.com\/index.php\/ankaradaki-maden-kazasi-sorusturmasinda-dokuz-gozalti#article","isPartOf":{"@id":"https:\/\/epochtimestr.com\/index.php\/ankaradaki-maden-kazasi-sorusturmasinda-dokuz-gozalti"},"author":{"name":"Haber Merkezi","@id":"https:\/\/epochtimestr.com\/#\/schema\/person\/3dc5c3adeb9f43923c5aa85889172fdd"},"headline":"Ankara&#8217;daki Maden Kazas\u0131 Soru\u015fturmas\u0131nda Dokuz G\u00f6zalt\u0131","datePublished":"2026-08-22T09:10:21+00:00","dateModified":"2026-08-22T09:10:25+00:00","mainEntityOfPage":{"@id":"https:\/\/epochtimestr.com\/index.php\/ankaradaki-maden-kazasi-sorusturmasinda-dokuz-gozalti"},"wordCount":243,"commentCount":0,"publisher":{"@id":"https:\/\/epochtimestr.com\/#organization"},"image":{"@id":"https:\/\/epochtimestr.com\/index.php\/ankaradaki-maden-kazasi-sorusturmasinda-dokuz-gozalti#primaryimage"},"thumbnailUrl":"https:\/\/epochtimestr.com\/wp-content\/uploads\/2011y\/coal-1626368_1280.jpg","keywords":["ankara","Beypazar\u0131 Cumhuriyet Ba\u015fsavc\u0131l\u0131\u011f\u0131","\u00c7ay\u0131rhan Termik Elektrik \u00dcretim ve Madencilik","Erdi Kahveci","g\u00f6\u00e7\u00fck","Nall\u0131han"],"articleSection":["G\u00dcNDEM","MAN\u015eET","Ya\u015fam"],"inLanguage":"tr","potentialAction":[{"@type":"CommentAction","name":"Comment","target":["https:\/\/epochtimestr.com\/index.php\/ankaradaki-maden-kazasi-sorusturmasinda-dokuz-gozalti#respond"]}]},{"@type":"WebPage","@id":"https:\/\/epochtimestr.com\/index.php\/ankaradaki-maden-kazasi-sorusturmasinda-dokuz-gozalti","url":"https:\/\/epochtimestr.com\/index.php\/ankaradaki-maden-kazasi-sorusturmasinda-dokuz-gozalti","name":"Ankara'daki Maden Kazas\u0131 Soru\u015fturmas\u0131nda Dokuz G\u00f6zalt\u0131 - The Epoch Times TR","isPartOf":{"@id":"https:\/\/epochtimestr.com\/#website"},"primaryImageOfPage":{"@id":"https:\/\/epochtimestr.com\/index.php\/ankaradaki-maden-kazasi-sorusturmasinda-dokuz-gozalti#primaryimage"},"image":{"@id":"https:\/\/epochtimestr.com\/index.php\/ankaradaki-maden-kazasi-sorusturmasinda-dokuz-gozalti#primaryimage"},"thumbnailUrl":"https:\/\/epochtimestr.com\/wp-content\/uploads\/2011y\/coal-1626368_1280.jpg","datePublished":"2026-08-22T09:10:21+00:00","dateModified":"2026-08-22T09:10:25+00:00","description":"Beypazar\u0131 Cumhuriyet Ba\u015fsavc\u0131l\u0131\u011f\u0131'n\u0131n ba\u015flatt\u0131\u011f\u0131 maden kazas\u0131 soru\u015fturmas\u0131nda, sorumlu bulunan 9 \u015f\u00fcpheli g\u00f6zalt\u0131na al\u0131nd\u0131.","inLanguage":"tr","potentialAction":[{"@type":"ReadAction","target":["https:\/\/epochtimestr.com\/index.php\/ankaradaki-maden-kazasi-sorusturmasinda-dokuz-gozalti"]}]},{"@type":"ImageObject","inLanguage":"tr","@id":"https:\/\/epochtimestr.com\/index.php\/ankaradaki-maden-kazasi-sorusturmasinda-dokuz-gozalti#primaryimage","url":"https:\/\/epochtimestr.com\/wp-content\/uploads\/2011y\/coal-1626368_1280.jpg","contentUrl":"https:\/\/epochtimestr.com\/wp-content\/uploads\/2011y\/coal-1626368_1280.jpg","width":1280,"height":960},{"@type":"WebSite","@id":"https:\/\/epochtimestr.com\/#website","url":"https:\/\/epochtimestr.com\/","name":"The Epoch Times TR","description":"De\u011fi\u015fen D\u00fcnyam\u0131za Taze Bir Bak\u0131\u015f","publisher":{"@id":"https:\/\/epochtimestr.com\/#organization"},"potentialAction":[{"@type":"SearchAction","target":{"@type":"EntryPoint","urlTemplate":"https:\/\/epochtimestr.com\/?s={search_term_string}"},"query-input":"required name=search_term_string"}],"inLanguage":"tr"},{"@type":"Organization","@id":"https:\/\/epochtimestr.com\/#organization","name":"The EpochTimes T\u00fcrkiye","url":"https:\/\/epochtimestr.com\/","logo":{"@type":"ImageObject","inLanguage":"tr","@id":"https:\/\/epochtimestr.com\/#\/schema\/logo\/image\/","url":"https:\/\/epochtimestr.com\/wp-content\/uploads\/2011y\/ET-Logo-YG.jpg","contentUrl":"https:\/\/epochtimestr.com\/wp-content\/uploads\/2011y\/ET-Logo-YG.jpg","width":346,"height":29,"caption":"The EpochTimes T\u00fcrkiye"},"image":{"@id":"https:\/\/epochtimestr.com\/#\/schema\/logo\/image\/"},"sameAs":["https:\/\/www.facebook.com\/theepochtimestr","https:\/\/x.com\/TheEpochTimesTR","https:\/\/www.instagram.com\/epochtimestr"]},{"@type":"Person","@id":"https:\/\/epochtimestr.com\/#\/schema\/person\/3dc5c3adeb9f43923c5aa85889172fdd","name":"Haber Merkezi","image":{"@type":"ImageObject","inLanguage":"tr","@id":"https:\/\/epochtimestr.com\/#\/schema\/person\/image\/","url":"https:\/\/secure.gravatar.com\/avatar\/d73f772ba5a74f28601361e17c2f93e6?s=96&d=mm&r=g","contentUrl":"https:\/\/secure.gravatar.com\/avatar\/d73f772ba5a74f28601361e17c2f93e6?s=96&d=mm&r=g","caption":"Haber Merkezi"},"url":"https:\/\/epochtimestr.com\/index.php\/author\/sendag"}]}},"_links":{"self":[{"href":"https:\/\/epochtimestr.com\/index.php\/wp-json\/wp\/v2\/posts\/170759"}],"collection":[{"href":"https:\/\/epochtimestr.com\/index.php\/wp-json\/wp\/v2\/posts"}],"about":[{"href":"https:\/\/epochtimestr.com\/index.php\/wp-json\/wp\/v2\/types\/post"}],"author":[{"embeddable":true,"href":"https:\/\/epochtimestr.com\/index.php\/wp-json\/wp\/v2\/users\/12791"}],"replies":[{"embeddable":true,"href":"https:\/\/epochtimestr.com\/index.php\/wp-json\/wp\/v2\/comments?post=170759"}],"version-history":[{"count":2,"href":"https:\/\/epochtimestr.com\/index.php\/wp-json\/wp\/v2\/posts\/170759\/revisions"}],"predecessor-version":[{"id":170762,"href":"https:\/\/epochtimestr.com\/index.php\/wp-json\/wp\/v2\/posts\/170759\/revisions\/170762"}],"wp:featuredmedia":[{"embeddable":true,"href":"https:\/\/epochtimestr.com\/index.php\/wp-json\/wp\/v2\/media\/170746"}],"wp:attachment":[{"href":"https:\/\/epochtimestr.com\/index.php\/wp-json\/wp\/v2\/media?parent=170759"}],"wp:term":[{"taxonomy":"category","embeddable":true,"href":"https:\/\/epochtimestr.com\/index.php\/wp-json\/wp\/v2\/categories?post=170759"},{"taxonomy":"post_tag","embeddable":true,"href":"https:\/\/epochtimestr.com\/index.php\/wp-json\/wp\/v2\/tags?post=170759"}],"curies":[{"name":"wp","href":"https:\/\/api.w.org\/{rel}","templated":true}]}}