{"id":170784,"date":"2026-08-22T16:50:54","date_gmt":"2026-08-22T13:50:54","guid":{"rendered":"https:\/\/epochtimestr.com\/?p=170784"},"modified":"2026-08-22T16:50:56","modified_gmt":"2026-08-22T13:50:56","slug":"bicaklanan-milletvekili-melih-meric-istanbula-nakledilecek","status":"publish","type":"post","link":"https:\/\/epochtimestr.com\/index.php\/bicaklanan-milletvekili-melih-meric-istanbula-nakledilecek","title":{"rendered":"B\u0131\u00e7aklanan Milletvekili Melih Meri\u00e7 \u0130stanbul\u2019a Nakledilecek"},"content":{"rendered":"<div class=\"wp-block-image\">\n<figure class=\"aligncenter size-full\"><img loading=\"lazy\" decoding=\"async\" width=\"869\" height=\"477\" src=\"https:\/\/epochtimestr.com\/wp-content\/uploads\/2011y\/melih.jpg\" alt=\"\" class=\"wp-image-170591\" srcset=\"https:\/\/epochtimestr.com\/wp-content\/uploads\/2011y\/melih.jpg 869w, https:\/\/epochtimestr.com\/wp-content\/uploads\/2011y\/melih-300x165.jpg 300w, https:\/\/epochtimestr.com\/wp-content\/uploads\/2011y\/melih-150x82.jpg 150w, https:\/\/epochtimestr.com\/wp-content\/uploads\/2011y\/melih-768x422.jpg 768w\" sizes=\"(max-width: 869px) 100vw, 869px\" \/><figcaption class=\"wp-element-caption\">B\u0131\u00e7aklanan YEN\u0130 Parti Milletvekili Melih Meri\u00e7 \u0130stanbul\u2019a nakledilecek. <em>(Foto\u011fraf: M.Meri\u00e7 x hesab\u0131)<\/em><\/figcaption><\/figure><\/div>\n\n\n<h2 class=\"wp-block-heading\">B\u0131\u00e7aklanarak yaralanan Yeni Parti Gaziantep Milletvekili Melih Meri\u00e7&#8217;in son durumuna ili\u015fkin Gaziantep \u015eehir Hastanesi&#8217;nden a\u00e7\u0131klama yap\u0131ld\u0131. Meri\u00e7&#8217;in \u0130stanbul&#8217;a nakledece\u011fi \u00f6\u011frenildi.<\/h2>\n\n\n\n<p>Yeni Parti Gaziantep Milletvekili <a href=\"https:\/\/epochtimestr.com\/index.php\/yeni-parti-gaziantep-milletvekili-melih-meric-bicaklandi\" target=\"_blank\" rel=\"noreferrer noopener\">Melih Meri\u00e7<\/a>, 18 A\u011fustos&#8217;ta Merkez \u015eahinbey il\u00e7esi Akkent Mahallesi&#8217;nde Seydi Ahmet Kele\u015f taraf\u0131ndan b\u0131\u00e7akl\u0131 sald\u0131r\u0131ya u\u011frad\u0131. Sald\u0131r\u0131n\u0131n ard\u0131ndan Gaziantep \u015eehir Hastanesi&#8217;ne kald\u0131r\u0131lan ve yo\u011fun bak\u0131mda tedavi g\u00f6ren Meri\u00e7&#8217;in son durumu a\u00e7\u0131kland\u0131. Hastaneden yap\u0131lan a\u00e7\u0131klamada Meri\u00e7&#8217;in \u0130stanbul&#8217;a nakledece\u011fi aktar\u0131ld\u0131.<\/p>\n\n\n\n<p><strong>A\u00e7\u0131klamada \u015funlar denildi:<\/strong><\/p>\n\n\n\n<p>&#8220;Gaziantep \u015eehir Hastanesi\u2019nde tedavisi devam eden Gaziantep Milletvekilimiz Melih Meri\u00e7\u2019in klinik takip ve tedavi s\u00fcreci yo\u011fun bak\u0131m \u00fcnitesinde s\u00fcrd\u00fcr\u00fclmektedir.<\/p>\n\n\n\n<p>Mevcut sa\u011fl\u0131k durumu, vital bulgular\u0131 ve tedavi gereksinimleri ilgili hekimler taraf\u0131ndan yak\u0131ndan takip edilmekte, gerekli t\u00fcm t\u0131bbi destek kesintisiz \u015fekilde sa\u011flanmaktad\u0131r.<\/p>\n\n\n\n<p>Kendisinin ve ailesinin talebi ile hekimlerin t\u0131bbi de\u011ferlendirmeleri do\u011frultusunda, tedavisinin devam\u0131 amac\u0131yla ambulans u\u00e7akla \u0130stanbul Ko\u00e7 \u00dcniversitesi Hastanesi\u2019ne nakledilmesi planlanm\u0131\u015ft\u0131r. Nakil i\u015flemi, klinik durumunun transfer a\u00e7\u0131s\u0131ndan uygunlu\u011funun de\u011ferlendirilmesinin ard\u0131ndan gerekli t\u0131bbi ekip ve donan\u0131m e\u015fli\u011finde ger\u00e7ekle\u015ftirilecektir.<\/p>\n\n\n\n<p>Bu s\u00fcre\u00e7te kamuoyunun yaln\u0131zca resm\u00ee ve do\u011frulanm\u0131\u015f bilgilendirmeleri dikkate almas\u0131n\u0131 \u00f6zellikle rica ediyoruz. Say\u0131n Meri\u00e7\u2019in tedavi ve takip s\u00fcreci, t\u0131bbi mahremiyet esaslar\u0131 g\u00f6zetilerek yak\u0131ndan s\u00fcrd\u00fcr\u00fclmektedir.<\/p>\n\n\n\n<p>S\u00fcrecin ba\u015f\u0131ndan bu yana b\u00fcy\u00fck bir \u00f6zveriyle g\u00f6rev yapan Gaziantep \u015eehir Hastanesi\u2019nin k\u0131ymetli hekimlerine ve t\u00fcm sa\u011fl\u0131k \u00e7al\u0131\u015fanlar\u0131na te\u015fekk\u00fcr ediyor; Say\u0131n Meri\u00e7\u2019in sa\u011fl\u0131k durumuna ili\u015fkin geli\u015fmeleri kamuoyuyla payla\u015fmaya devam edece\u011fimizi bildiriyoruz.&#8221;<\/p>\n\n\n\n<p><strong>Ne olmu\u015ftu?<\/strong><br \/><a href=\"https:\/\/epochtimestr.com\/index.php\/yeni-parti-genel-baskani-ozgur-ozel-trabzonda\" target=\"_blank\" rel=\"noreferrer noopener\">Yeni Parti<\/a> Gaziantep Milletvekili Melih Meri\u00e7, merkez \u015eahinbey il\u00e7esi Akkent Mahallesi&#8217;nde b\u0131\u00e7akl\u0131 sald\u0131r\u0131ya u\u011fram\u0131\u015f, kald\u0131r\u0131ld\u0131\u011f\u0131 hastanede ameliyata al\u0131nm\u0131\u015ft\u0131. Soru\u015fturma kapsam\u0131nda g\u00f6zalt\u0131na al\u0131nan Seydi Ahmet Kele\u015f ve o\u011flu Hakan Kele\u015f, \u00e7\u0131kar\u0131ld\u0131klar\u0131 sulh ceza hakimli\u011fince tutukland\u0131. Di\u011fer 3 \u015f\u00fcpheli ise adli kontrol \u015fart\u0131yla serbest b\u0131rak\u0131ld\u0131.<\/p>\n\n\n\n<figure class=\"wp-block-embed is-type-rich is-provider-x wp-block-embed-x\"><div class=\"wp-block-embed__wrapper\">\n<blockquote class=\"twitter-tweet\" data-width=\"550\" data-dnt=\"true\"><p lang=\"tr\" dir=\"ltr\">KAMUOYUNA B\u0130LG\u0130LEND\u0130RME<br><br>Gaziantep \u015eehir Hastanesi\u2019nde tedavisi devam eden Gaziantep Milletvekilimiz Melih Meri\u00e7\u2019in klinik takip ve tedavi s\u00fcreci yo\u011fun bak\u0131m \u00fcnitesinde s\u00fcrd\u00fcr\u00fclmektedir.<br><br>Mevcut sa\u011fl\u0131k durumu, vital bulgular\u0131 ve tedavi gereksinimleri ilgili hekimler taraf\u0131ndan\u2026 <a href=\"https:\/\/t.co\/7fZDdRgnLS\">pic.twitter.com\/7fZDdRgnLS<\/a><\/p>&mdash; Melih Meri\u00e7 (@melih_meric) <a href=\"https:\/\/x.com\/melih_meric\/status\/2091106461233332659?ref_src=twsrc%5Etfw\">August 22, 2026<\/a><\/blockquote><script async src=\"https:\/\/platform.x.com\/widgets.js\" charset=\"utf-8\"><\/script>\n<\/div><\/figure>\n","protected":false},"excerpt":{"rendered":"<p>B\u0131\u00e7aklanarak yaralanan Yeni Parti Gaziantep Milletvekili Melih Meri\u00e7&#8217;in son durumuna ili\u015fkin Gaziantep \u015eehir Hastanesi&#8217;nden a\u00e7\u0131klama yap\u0131ld\u0131. Meri\u00e7&#8217;in \u0130stanbul&#8217;a nakledece\u011fi \u00f6\u011frenildi. Yeni Parti Gaziantep Milletvekili Melih Meri\u00e7, 18 A\u011fustos&#8217;ta Merkez \u015eahinbey il\u00e7esi Akkent Mahallesi&#8217;nde Seydi Ahmet Kele\u015f taraf\u0131ndan b\u0131\u00e7akl\u0131 sald\u0131r\u0131ya u\u011frad\u0131. Sald\u0131r\u0131n\u0131n ard\u0131ndan Gaziantep \u015eehir Hastanesi&#8217;ne kald\u0131r\u0131lan ve yo\u011fun bak\u0131mda tedavi g\u00f6ren Meri\u00e7&#8217;in son durumu a\u00e7\u0131kland\u0131. [&hellip;]<\/p>\n","protected":false},"author":12791,"featured_media":170591,"comment_status":"open","ping_status":"open","sticky":false,"template":"","format":"standard","meta":{"_yoast_wpseo_focuskw":"Milletvekili - melih","_yoast_wpseo_title":"","_yoast_wpseo_metadesc":"B\u0131\u00e7aklanarak yaralanan Yeni Parti Gaziantep Milletvekili Melih Meri\u00e7'in son durumuna ili\u015fkin Gaziantep \u015eehir Hastanesi'nden a\u00e7\u0131klama yap\u0131ld\u0131.","_bbp_topic_count":0,"_bbp_reply_count":0,"_bbp_total_topic_count":0,"_bbp_total_reply_count":0,"_bbp_voice_count":0,"_bbp_anonymous_reply_count":0,"_bbp_topic_count_hidden":0,"_bbp_reply_count_hidden":0,"_bbp_forum_subforum_count":0,"footnotes":"","_yoast_wpseo_focuskw_text_input":""},"categories":[1,8138,8226],"tags":[3336,7348,12310,12312,11909],"yoast_head":"<!-- This site is optimized with the Yoast SEO plugin v23.0 - https:\/\/yoast.com\/wordpress\/plugins\/seo\/ -->\n<title>B\u0131\u00e7aklanan Milletvekili Melih Meri\u00e7 \u0130stanbul\u2019a Nakledilecek - The Epoch Times TR<\/title>\n<meta name=\"description\" content=\"B\u0131\u00e7aklanarak yaralanan Yeni Parti Gaziantep Milletvekili Melih Meri\u00e7&#039;in son durumuna ili\u015fkin Gaziantep \u015eehir Hastanesi&#039;nden a\u00e7\u0131klama yap\u0131ld\u0131.\" \/>\n<meta name=\"robots\" content=\"index, follow, max-snippet:-1, max-image-preview:large, max-video-preview:-1\" \/>\n<link rel=\"canonical\" href=\"https:\/\/epochtimestr.com\/index.php\/bicaklanan-milletvekili-melih-meric-istanbula-nakledilecek\" \/>\n<meta property=\"og:locale\" content=\"tr_TR\" \/>\n<meta property=\"og:type\" content=\"article\" \/>\n<meta property=\"og:title\" content=\"B\u0131\u00e7aklanan Milletvekili Melih Meri\u00e7 \u0130stanbul\u2019a Nakledilecek - The Epoch Times TR\" \/>\n<meta property=\"og:description\" content=\"B\u0131\u00e7aklanarak yaralanan Yeni Parti Gaziantep Milletvekili Melih Meri\u00e7&#039;in son durumuna ili\u015fkin Gaziantep \u015eehir Hastanesi&#039;nden a\u00e7\u0131klama yap\u0131ld\u0131.\" \/>\n<meta property=\"og:url\" content=\"https:\/\/epochtimestr.com\/index.php\/bicaklanan-milletvekili-melih-meric-istanbula-nakledilecek\" \/>\n<meta property=\"og:site_name\" content=\"The Epoch Times TR\" \/>\n<meta property=\"article:publisher\" content=\"https:\/\/www.facebook.com\/theepochtimestr\" \/>\n<meta property=\"article:published_time\" content=\"2026-08-22T13:50:54+00:00\" \/>\n<meta property=\"article:modified_time\" content=\"2026-08-22T13:50:56+00:00\" \/>\n<meta property=\"og:image\" content=\"https:\/\/epochtimestr.com\/wp-content\/uploads\/2011y\/melih.jpg\" \/>\n\t<meta property=\"og:image:width\" content=\"869\" \/>\n\t<meta property=\"og:image:height\" content=\"477\" \/>\n\t<meta property=\"og:image:type\" content=\"image\/jpeg\" \/>\n<meta name=\"author\" content=\"Haber Merkezi\" \/>\n<meta name=\"twitter:card\" content=\"summary_large_image\" \/>\n<meta name=\"twitter:creator\" content=\"@TheEpochTimesTR\" \/>\n<meta name=\"twitter:site\" content=\"@TheEpochTimesTR\" \/>\n<meta name=\"twitter:label1\" content=\"Yazan:\" \/>\n\t<meta name=\"twitter:data1\" content=\"Haber Merkezi\" \/>\n\t<meta name=\"twitter:label2\" content=\"Tahmini okuma s\u00fcresi\" \/>\n\t<meta name=\"twitter:data2\" content=\"2 dakika\" \/>\n<script type=\"application\/ld+json\" class=\"yoast-schema-graph\">{\"@context\":\"https:\/\/schema.org\",\"@graph\":[{\"@type\":\"Article\",\"@id\":\"https:\/\/epochtimestr.com\/index.php\/bicaklanan-milletvekili-melih-meric-istanbula-nakledilecek#article\",\"isPartOf\":{\"@id\":\"https:\/\/epochtimestr.com\/index.php\/bicaklanan-milletvekili-melih-meric-istanbula-nakledilecek\"},\"author\":{\"name\":\"Haber Merkezi\",\"@id\":\"https:\/\/epochtimestr.com\/#\/schema\/person\/3dc5c3adeb9f43923c5aa85889172fdd\"},\"headline\":\"B\u0131\u00e7aklanan Milletvekili Melih Meri\u00e7 \u0130stanbul\u2019a Nakledilecek\",\"datePublished\":\"2026-08-22T13:50:54+00:00\",\"dateModified\":\"2026-08-22T13:50:56+00:00\",\"mainEntityOfPage\":{\"@id\":\"https:\/\/epochtimestr.com\/index.php\/bicaklanan-milletvekili-melih-meric-istanbula-nakledilecek\"},\"wordCount\":396,\"commentCount\":0,\"publisher\":{\"@id\":\"https:\/\/epochtimestr.com\/#organization\"},\"image\":{\"@id\":\"https:\/\/epochtimestr.com\/index.php\/bicaklanan-milletvekili-melih-meric-istanbula-nakledilecek#primaryimage\"},\"thumbnailUrl\":\"https:\/\/epochtimestr.com\/wp-content\/uploads\/2011y\/melih.jpg\",\"keywords\":[\"Gaziantep\",\"\u0130stanbul\",\"Melih Meri\u00e7\",\"Seydi Ahmet Kele\u015f\",\"YEN\u0130 Parti\"],\"articleSection\":[\"G\u00dcNDEM\",\"MAN\u015eET\",\"Siyaset\"],\"inLanguage\":\"tr\",\"potentialAction\":[{\"@type\":\"CommentAction\",\"name\":\"Comment\",\"target\":[\"https:\/\/epochtimestr.com\/index.php\/bicaklanan-milletvekili-melih-meric-istanbula-nakledilecek#respond\"]}]},{\"@type\":\"WebPage\",\"@id\":\"https:\/\/epochtimestr.com\/index.php\/bicaklanan-milletvekili-melih-meric-istanbula-nakledilecek\",\"url\":\"https:\/\/epochtimestr.com\/index.php\/bicaklanan-milletvekili-melih-meric-istanbula-nakledilecek\",\"name\":\"B\u0131\u00e7aklanan Milletvekili Melih Meri\u00e7 \u0130stanbul\u2019a Nakledilecek - The Epoch Times TR\",\"isPartOf\":{\"@id\":\"https:\/\/epochtimestr.com\/#website\"},\"primaryImageOfPage\":{\"@id\":\"https:\/\/epochtimestr.com\/index.php\/bicaklanan-milletvekili-melih-meric-istanbula-nakledilecek#primaryimage\"},\"image\":{\"@id\":\"https:\/\/epochtimestr.com\/index.php\/bicaklanan-milletvekili-melih-meric-istanbula-nakledilecek#primaryimage\"},\"thumbnailUrl\":\"https:\/\/epochtimestr.com\/wp-content\/uploads\/2011y\/melih.jpg\",\"datePublished\":\"2026-08-22T13:50:54+00:00\",\"dateModified\":\"2026-08-22T13:50:56+00:00\",\"description\":\"B\u0131\u00e7aklanarak yaralanan Yeni Parti Gaziantep Milletvekili Melih Meri\u00e7'in son durumuna ili\u015fkin Gaziantep \u015eehir Hastanesi'nden a\u00e7\u0131klama yap\u0131ld\u0131.\",\"inLanguage\":\"tr\",\"potentialAction\":[{\"@type\":\"ReadAction\",\"target\":[\"https:\/\/epochtimestr.com\/index.php\/bicaklanan-milletvekili-melih-meric-istanbula-nakledilecek\"]}]},{\"@type\":\"ImageObject\",\"inLanguage\":\"tr\",\"@id\":\"https:\/\/epochtimestr.com\/index.php\/bicaklanan-milletvekili-melih-meric-istanbula-nakledilecek#primaryimage\",\"url\":\"https:\/\/epochtimestr.com\/wp-content\/uploads\/2011y\/melih.jpg\",\"contentUrl\":\"https:\/\/epochtimestr.com\/wp-content\/uploads\/2011y\/melih.jpg\",\"width\":869,\"height\":477},{\"@type\":\"WebSite\",\"@id\":\"https:\/\/epochtimestr.com\/#website\",\"url\":\"https:\/\/epochtimestr.com\/\",\"name\":\"The Epoch Times TR\",\"description\":\"De\u011fi\u015fen D\u00fcnyam\u0131za Taze Bir Bak\u0131\u015f\",\"publisher\":{\"@id\":\"https:\/\/epochtimestr.com\/#organization\"},\"potentialAction\":[{\"@type\":\"SearchAction\",\"target\":{\"@type\":\"EntryPoint\",\"urlTemplate\":\"https:\/\/epochtimestr.com\/?s={search_term_string}\"},\"query-input\":\"required name=search_term_string\"}],\"inLanguage\":\"tr\"},{\"@type\":\"Organization\",\"@id\":\"https:\/\/epochtimestr.com\/#organization\",\"name\":\"The EpochTimes T\u00fcrkiye\",\"url\":\"https:\/\/epochtimestr.com\/\",\"logo\":{\"@type\":\"ImageObject\",\"inLanguage\":\"tr\",\"@id\":\"https:\/\/epochtimestr.com\/#\/schema\/logo\/image\/\",\"url\":\"https:\/\/epochtimestr.com\/wp-content\/uploads\/2011y\/ET-Logo-YG.jpg\",\"contentUrl\":\"https:\/\/epochtimestr.com\/wp-content\/uploads\/2011y\/ET-Logo-YG.jpg\",\"width\":346,\"height\":29,\"caption\":\"The EpochTimes T\u00fcrkiye\"},\"image\":{\"@id\":\"https:\/\/epochtimestr.com\/#\/schema\/logo\/image\/\"},\"sameAs\":[\"https:\/\/www.facebook.com\/theepochtimestr\",\"https:\/\/x.com\/TheEpochTimesTR\",\"https:\/\/www.instagram.com\/epochtimestr\"]},{\"@type\":\"Person\",\"@id\":\"https:\/\/epochtimestr.com\/#\/schema\/person\/3dc5c3adeb9f43923c5aa85889172fdd\",\"name\":\"Haber Merkezi\",\"image\":{\"@type\":\"ImageObject\",\"inLanguage\":\"tr\",\"@id\":\"https:\/\/epochtimestr.com\/#\/schema\/person\/image\/\",\"url\":\"https:\/\/secure.gravatar.com\/avatar\/d73f772ba5a74f28601361e17c2f93e6?s=96&d=mm&r=g\",\"contentUrl\":\"https:\/\/secure.gravatar.com\/avatar\/d73f772ba5a74f28601361e17c2f93e6?s=96&d=mm&r=g\",\"caption\":\"Haber Merkezi\"},\"url\":\"https:\/\/epochtimestr.com\/index.php\/author\/sendag\"}]}<\/script>\n<!-- \/ Yoast SEO plugin. -->","yoast_head_json":{"title":"B\u0131\u00e7aklanan Milletvekili Melih Meri\u00e7 \u0130stanbul\u2019a Nakledilecek - The Epoch Times TR","description":"B\u0131\u00e7aklanarak yaralanan Yeni Parti Gaziantep Milletvekili Melih Meri\u00e7'in son durumuna ili\u015fkin Gaziantep \u015eehir Hastanesi'nden a\u00e7\u0131klama yap\u0131ld\u0131.","robots":{"index":"index","follow":"follow","max-snippet":"max-snippet:-1","max-image-preview":"max-image-preview:large","max-video-preview":"max-video-preview:-1"},"canonical":"https:\/\/epochtimestr.com\/index.php\/bicaklanan-milletvekili-melih-meric-istanbula-nakledilecek","og_locale":"tr_TR","og_type":"article","og_title":"B\u0131\u00e7aklanan Milletvekili Melih Meri\u00e7 \u0130stanbul\u2019a Nakledilecek - The Epoch Times TR","og_description":"B\u0131\u00e7aklanarak yaralanan Yeni Parti Gaziantep Milletvekili Melih Meri\u00e7'in son durumuna ili\u015fkin Gaziantep \u015eehir Hastanesi'nden a\u00e7\u0131klama yap\u0131ld\u0131.","og_url":"https:\/\/epochtimestr.com\/index.php\/bicaklanan-milletvekili-melih-meric-istanbula-nakledilecek","og_site_name":"The Epoch Times TR","article_publisher":"https:\/\/www.facebook.com\/theepochtimestr","article_published_time":"2026-08-22T13:50:54+00:00","article_modified_time":"2026-08-22T13:50:56+00:00","og_image":[{"width":869,"height":477,"url":"https:\/\/epochtimestr.com\/wp-content\/uploads\/2011y\/melih.jpg","type":"image\/jpeg"}],"author":"Haber Merkezi","twitter_card":"summary_large_image","twitter_creator":"@TheEpochTimesTR","twitter_site":"@TheEpochTimesTR","twitter_misc":{"Yazan:":"Haber Merkezi","Tahmini okuma s\u00fcresi":"2 dakika"},"schema":{"@context":"https:\/\/schema.org","@graph":[{"@type":"Article","@id":"https:\/\/epochtimestr.com\/index.php\/bicaklanan-milletvekili-melih-meric-istanbula-nakledilecek#article","isPartOf":{"@id":"https:\/\/epochtimestr.com\/index.php\/bicaklanan-milletvekili-melih-meric-istanbula-nakledilecek"},"author":{"name":"Haber Merkezi","@id":"https:\/\/epochtimestr.com\/#\/schema\/person\/3dc5c3adeb9f43923c5aa85889172fdd"},"headline":"B\u0131\u00e7aklanan Milletvekili Melih Meri\u00e7 \u0130stanbul\u2019a Nakledilecek","datePublished":"2026-08-22T13:50:54+00:00","dateModified":"2026-08-22T13:50:56+00:00","mainEntityOfPage":{"@id":"https:\/\/epochtimestr.com\/index.php\/bicaklanan-milletvekili-melih-meric-istanbula-nakledilecek"},"wordCount":396,"commentCount":0,"publisher":{"@id":"https:\/\/epochtimestr.com\/#organization"},"image":{"@id":"https:\/\/epochtimestr.com\/index.php\/bicaklanan-milletvekili-melih-meric-istanbula-nakledilecek#primaryimage"},"thumbnailUrl":"https:\/\/epochtimestr.com\/wp-content\/uploads\/2011y\/melih.jpg","keywords":["Gaziantep","\u0130stanbul","Melih Meri\u00e7","Seydi Ahmet Kele\u015f","YEN\u0130 Parti"],"articleSection":["G\u00dcNDEM","MAN\u015eET","Siyaset"],"inLanguage":"tr","potentialAction":[{"@type":"CommentAction","name":"Comment","target":["https:\/\/epochtimestr.com\/index.php\/bicaklanan-milletvekili-melih-meric-istanbula-nakledilecek#respond"]}]},{"@type":"WebPage","@id":"https:\/\/epochtimestr.com\/index.php\/bicaklanan-milletvekili-melih-meric-istanbula-nakledilecek","url":"https:\/\/epochtimestr.com\/index.php\/bicaklanan-milletvekili-melih-meric-istanbula-nakledilecek","name":"B\u0131\u00e7aklanan Milletvekili Melih Meri\u00e7 \u0130stanbul\u2019a Nakledilecek - The Epoch Times TR","isPartOf":{"@id":"https:\/\/epochtimestr.com\/#website"},"primaryImageOfPage":{"@id":"https:\/\/epochtimestr.com\/index.php\/bicaklanan-milletvekili-melih-meric-istanbula-nakledilecek#primaryimage"},"image":{"@id":"https:\/\/epochtimestr.com\/index.php\/bicaklanan-milletvekili-melih-meric-istanbula-nakledilecek#primaryimage"},"thumbnailUrl":"https:\/\/epochtimestr.com\/wp-content\/uploads\/2011y\/melih.jpg","datePublished":"2026-08-22T13:50:54+00:00","dateModified":"2026-08-22T13:50:56+00:00","description":"B\u0131\u00e7aklanarak yaralanan Yeni Parti Gaziantep Milletvekili Melih Meri\u00e7'in son durumuna ili\u015fkin Gaziantep \u015eehir Hastanesi'nden a\u00e7\u0131klama yap\u0131ld\u0131.","inLanguage":"tr","potentialAction":[{"@type":"ReadAction","target":["https:\/\/epochtimestr.com\/index.php\/bicaklanan-milletvekili-melih-meric-istanbula-nakledilecek"]}]},{"@type":"ImageObject","inLanguage":"tr","@id":"https:\/\/epochtimestr.com\/index.php\/bicaklanan-milletvekili-melih-meric-istanbula-nakledilecek#primaryimage","url":"https:\/\/epochtimestr.com\/wp-content\/uploads\/2011y\/melih.jpg","contentUrl":"https:\/\/epochtimestr.com\/wp-content\/uploads\/2011y\/melih.jpg","width":869,"height":477},{"@type":"WebSite","@id":"https:\/\/epochtimestr.com\/#website","url":"https:\/\/epochtimestr.com\/","name":"The Epoch Times TR","description":"De\u011fi\u015fen D\u00fcnyam\u0131za Taze Bir Bak\u0131\u015f","publisher":{"@id":"https:\/\/epochtimestr.com\/#organization"},"potentialAction":[{"@type":"SearchAction","target":{"@type":"EntryPoint","urlTemplate":"https:\/\/epochtimestr.com\/?s={search_term_string}"},"query-input":"required name=search_term_string"}],"inLanguage":"tr"},{"@type":"Organization","@id":"https:\/\/epochtimestr.com\/#organization","name":"The EpochTimes T\u00fcrkiye","url":"https:\/\/epochtimestr.com\/","logo":{"@type":"ImageObject","inLanguage":"tr","@id":"https:\/\/epochtimestr.com\/#\/schema\/logo\/image\/","url":"https:\/\/epochtimestr.com\/wp-content\/uploads\/2011y\/ET-Logo-YG.jpg","contentUrl":"https:\/\/epochtimestr.com\/wp-content\/uploads\/2011y\/ET-Logo-YG.jpg","width":346,"height":29,"caption":"The EpochTimes T\u00fcrkiye"},"image":{"@id":"https:\/\/epochtimestr.com\/#\/schema\/logo\/image\/"},"sameAs":["https:\/\/www.facebook.com\/theepochtimestr","https:\/\/x.com\/TheEpochTimesTR","https:\/\/www.instagram.com\/epochtimestr"]},{"@type":"Person","@id":"https:\/\/epochtimestr.com\/#\/schema\/person\/3dc5c3adeb9f43923c5aa85889172fdd","name":"Haber Merkezi","image":{"@type":"ImageObject","inLanguage":"tr","@id":"https:\/\/epochtimestr.com\/#\/schema\/person\/image\/","url":"https:\/\/secure.gravatar.com\/avatar\/d73f772ba5a74f28601361e17c2f93e6?s=96&d=mm&r=g","contentUrl":"https:\/\/secure.gravatar.com\/avatar\/d73f772ba5a74f28601361e17c2f93e6?s=96&d=mm&r=g","caption":"Haber Merkezi"},"url":"https:\/\/epochtimestr.com\/index.php\/author\/sendag"}]}},"_links":{"self":[{"href":"https:\/\/epochtimestr.com\/index.php\/wp-json\/wp\/v2\/posts\/170784"}],"collection":[{"href":"https:\/\/epochtimestr.com\/index.php\/wp-json\/wp\/v2\/posts"}],"about":[{"href":"https:\/\/epochtimestr.com\/index.php\/wp-json\/wp\/v2\/types\/post"}],"author":[{"embeddable":true,"href":"https:\/\/epochtimestr.com\/index.php\/wp-json\/wp\/v2\/users\/12791"}],"replies":[{"embeddable":true,"href":"https:\/\/epochtimestr.com\/index.php\/wp-json\/wp\/v2\/comments?post=170784"}],"version-history":[{"count":2,"href":"https:\/\/epochtimestr.com\/index.php\/wp-json\/wp\/v2\/posts\/170784\/revisions"}],"predecessor-version":[{"id":170789,"href":"https:\/\/epochtimestr.com\/index.php\/wp-json\/wp\/v2\/posts\/170784\/revisions\/170789"}],"wp:featuredmedia":[{"embeddable":true,"href":"https:\/\/epochtimestr.com\/index.php\/wp-json\/wp\/v2\/media\/170591"}],"wp:attachment":[{"href":"https:\/\/epochtimestr.com\/index.php\/wp-json\/wp\/v2\/media?parent=170784"}],"wp:term":[{"taxonomy":"category","embeddable":true,"href":"https:\/\/epochtimestr.com\/index.php\/wp-json\/wp\/v2\/categories?post=170784"},{"taxonomy":"post_tag","embeddable":true,"href":"https:\/\/epochtimestr.com\/index.php\/wp-json\/wp\/v2\/tags?post=170784"}],"curies":[{"name":"wp","href":"https:\/\/api.w.org\/{rel}","templated":true}]}}