{"id":170790,"date":"2026-08-22T22:43:00","date_gmt":"2026-08-22T19:43:00","guid":{"rendered":"https:\/\/epochtimestr.com\/?p=170790"},"modified":"2026-08-22T22:43:02","modified_gmt":"2026-08-22T19:43:02","slug":"yeni-parti-genel-baskani-ozgur-ozel-butun-findikli-arkamizda","status":"publish","type":"post","link":"https:\/\/epochtimestr.com\/index.php\/yeni-parti-genel-baskani-ozgur-ozel-butun-findikli-arkamizda","title":{"rendered":"YEN\u0130 Parti Genel Ba\u015fkan\u0131 \u00d6zg\u00fcr \u00d6zel: \u201cB\u00fct\u00fcn F\u0131nd\u0131kl\u0131 Arkam\u0131zda\u201d"},"content":{"rendered":"<div class=\"wp-block-image\">\n<figure class=\"aligncenter size-full\"><img loading=\"lazy\" decoding=\"async\" width=\"2048\" height=\"1024\" src=\"https:\/\/epochtimestr.com\/wp-content\/uploads\/2011y\/ozgur-ozel-42.jpg\" alt=\"YEN\u0130 Parti Genel Ba\u015fkan\u0131 \u00d6zg\u00fcr \u00d6zel: \u201cB\u00fct\u00fcn F\u0131nd\u0131kl\u0131 arkam\u0131zda\u201d dedi. (Foto\u011fraf: YEN\u0130 Parti web sitesi)\" class=\"wp-image-170791\" srcset=\"https:\/\/epochtimestr.com\/wp-content\/uploads\/2011y\/ozgur-ozel-42.jpg 2048w, https:\/\/epochtimestr.com\/wp-content\/uploads\/2011y\/ozgur-ozel-42-300x150.jpg 300w, https:\/\/epochtimestr.com\/wp-content\/uploads\/2011y\/ozgur-ozel-42-150x75.jpg 150w, https:\/\/epochtimestr.com\/wp-content\/uploads\/2011y\/ozgur-ozel-42-768x384.jpg 768w, https:\/\/epochtimestr.com\/wp-content\/uploads\/2011y\/ozgur-ozel-42-1536x768.jpg 1536w\" sizes=\"(max-width: 2048px) 100vw, 2048px\" \/><figcaption class=\"wp-element-caption\">YEN\u0130 Parti Genel Ba\u015fkan\u0131 \u00d6zg\u00fcr \u00d6zel: \u201cB\u00fct\u00fcn F\u0131nd\u0131kl\u0131 arkam\u0131zda\u201d dedi. (Foto\u011fraf: YEN\u0130 Parti web sitesi)<\/figcaption><\/figure><\/div>\n\n\n<h2 class=\"wp-block-heading\">Rize\u2019nin F\u0131nd\u0131kl\u0131 il\u00e7esindeki Festival Alan\u0131nda vatanda\u015flara seslenen YEN\u0130 Parti Genel Ba\u015fkan\u0131 \u00d6zg\u00fcr \u00d6zel, \u201cB\u00fct\u00fcn F\u0131nd\u0131kl\u0131 arkam\u0131zda\u201d dedi.<\/h2>\n\n\n\n<p>YEN\u0130 Parti Genel Ba\u015fkan\u0131 <a href=\"https:\/\/epochtimestr.com\/index.php\/yeni-parti-genel-baskani-ozgur-ozel-trabzonda\">\u00d6zg\u00fcr \u00d6zel<\/a> Rize&#8217;deki program\u0131nda son olarak F\u0131nd\u0131kl\u0131<a href=\"https:\/\/epochtimestr.com\/index.php\/adana-portakal-cicegi-festivali\"> Festival <\/a>Alan\u0131&#8217;na gitti. Buradaki yurtta\u015flara da seslenen \u00d6zel, \u015f\u00f6yle konu\u015ftu:<\/p>\n\n\n\n<p>\u201cF\u0131nd\u0131kl\u0131 hep tarihin do\u011fru taraf\u0131nda durmu\u015ftur. B\u00fct\u00fcn m\u00fccadele s\u00fcre\u00e7lerinde hep \u00f6v\u00fcn\u00fclecek bir yerdedir. Bu s\u00fcre\u00e7te de biz hep beraber 2023 y\u0131l\u0131nda kazanmam\u0131z gereken bir se\u00e7imi kaybedip, hepimizin ba\u015f\u0131 \u00f6ne e\u011filmi\u015fken ve art\u0131k b\u00fcy\u00fck bir umutsuzluk hakimken dedik ki \u2018Partimiz de\u011fi\u015fecek, T\u00fcrkiye de\u011fi\u015fecek.\u2019 O g\u00fcn biz bu yola \u00e7\u0131kt\u0131\u011f\u0131m\u0131zda hi\u00e7 istisnas\u0131z b\u00fct\u00fcn F\u0131nd\u0131kl\u0131 arkamdayd\u0131. Bug\u00fcn de arkam\u0131zda. Hepinize y\u00fcrekten te\u015fekk\u00fcr ediyorum. Partimizdeki kurultaydan sonra, kurultayda s\u00f6z verdi\u011fimiz gibi demi\u015ftik ki \u2018Bu parti 46 y\u0131ld\u0131r ikinci parti olacak bir parti de\u011fil. Biz yenilgilere al\u0131\u015famay\u0131z. Biz kazanmak zorunday\u0131z. <\/p>\n\n\n\n<p>70\u2019leri hat\u0131rlat\u0131p o zaman demi\u015ftim ki, \u201870\u2019lerde de\u011fi\u015fimden sonra B\u00fclent Ecevit ikisi yerel &#8211; ikisi genel, d\u00f6rt se\u00e7ime girdi. D\u00f6rd\u00fcnden de partisini birinci \u00e7\u0131kard\u0131. Biz de girdi\u011fimiz her se\u00e7imden partimizi birinci \u00e7\u0131kaca\u011f\u0131z. E\u011fer \u00e7\u0131karamazsak o g\u00fcn g\u00f6revi b\u0131rakaca\u011f\u0131m\u2019 demi\u015ftim. Bana dediler ki \u2018Acele etme. D\u00f6rt ay sonra se\u00e7im var. \u00d6yle riske girilir mi?\u2019 D\u00f6rt ay boyunca gen\u00e7ler, kad\u0131nlar, her ya\u015ftan gen\u00e7ler b\u00fcy\u00fck bir heyecanla haz\u0131rland\u0131k ve girdi\u011fimiz ilk se\u00e7imde 47 y\u0131l sonra partimizi birinci parti yapt\u0131k. AK Parti\u2019yi de tarihinde ilk kez yendik.<\/p>\n\n\n\n<h3 class=\"wp-block-heading\">&#8220;Biz yeni bir yola \u00e7\u0131kt\u0131k, YEN\u0130 Parti\u2019yi kurduk.&#8221;<\/h3>\n\n\n\n<p>\u0130\u015fte ne olduysa orada oldu. \u00c7\u00fcnk\u00fc birileri biliyordu ki, e\u011fer bu ekibe, bu kaybetmeye al\u0131\u015fmak istemeyen, yenilgiye meydan okuyan, \u2018Kaybedersem bug\u00fcn b\u0131rak\u0131r\u0131m\u2019 diyen bu ekibe huzur vermemek laz\u0131md\u0131. Birilerinin kula\u011f\u0131nda hep o laf. \u2018\u0130stanbul\u2019u kaybeden T\u00fcrkiye\u2019yi kaybeder. \u0130stanbul\u2019u kazanan T\u00fcrkiye\u2019yi kazan\u0131r.\u2019 19 Mart 2025 g\u00fcn\u00fc girilen darbe ile sizin \u0130stanbullular\u0131n \u00fc\u00e7 kez \u00fcst \u00fcste \u0130stanbul\u2019u emanet etti\u011fi, iptal ettikleri se\u00e7ime ra\u011fmen bir kez daha ona b\u00fcy\u00fck bir farkla verdi\u011fi, sizlerin de 23 Mart g\u00fcn\u00fc Cumhurba\u015fkan\u0131 aday\u0131 ilan etti\u011finiz Ekrem \u0130mamo\u011flu\u2019na operasyon yaparak ba\u015flad\u0131lar. O g\u00fcn bug\u00fcn Cumhuriyet Halk Partisi adays\u0131zla\u015ft\u0131r\u0131lma, kurumsuzla\u015ft\u0131r\u0131lma, lidersizle\u015ftirilme sald\u0131r\u0131s\u0131yla kar\u015f\u0131 kar\u015f\u0131ya. En nihayet may\u0131s ay\u0131n\u0131n 21\u2019inde partimize atanan butlanla birlikte Cumhuriyet Halk Partisi&#8217;nin son d\u00f6rt se\u00e7imde se\u00e7ilmi\u015f Genel Ba\u015fkan\u0131n\u0131n mazbatalar\u0131 yok say\u0131ld\u0131. <\/p>\n\n\n\n<p>Ta 2020 y\u0131l\u0131nda yap\u0131lan bir kurultaya geri d\u00f6n\u00fcld\u00fc. O g\u00fcnden sonra size s\u00f6z verdi\u011fimiz gibi hukuk m\u00fccadelesi verdik. Bir de size kulak verdik. Siz iki ay boyunca b\u00fct\u00fcn m\u00fccadelemize olabilecek en b\u00fcy\u00fck deste\u011fi verdiniz. Ama iki ay\u0131n sonunda da \u2018Art\u0131k yeter\u2019 dediniz. \u2018Madem olmuyor sen y\u00fcr\u00fc, biz de arkandan y\u00fcr\u00fcyece\u011fiz\u2019 dediniz. Biz de yeni bir yola \u00e7\u0131kt\u0131k, YEN\u0130 Parti\u2019yi kurduk. \u015eunu s\u00f6yleyeyim, YEN\u0130 Parti ile birlikte eskiyi, kaybetmeye al\u0131\u015fmay\u0131, l\u00fczumsuz heveslerle kendi iste\u011fi i\u00e7in, kendi makam mevki iste\u011fi i\u00e7in memleketin yar\u0131nlar\u0131n\u0131 riske atan bir anlay\u0131\u015f\u0131 geride b\u0131rakt\u0131k. \u00d6n\u00fcm\u00fcze bak\u0131yoruz. \u00d6n\u00fcm\u00fczde yepyeni bir yol var. Bu yolda; hem sosyal demokratlar\u0131, T\u00fcrkiye\u2019nin b\u00fct\u00fcn demokratlar\u0131 ile kucakla\u015ft\u0131ran, T\u00fcrkiye \u0130ttifak\u0131\u2019n\u0131 adeta ete kemi\u011fe b\u00fcr\u00fcnd\u00fcren, her g\u00fcn yeni yollarla ayaklar\u0131m\u0131z\u0131n tan\u0131\u015ft\u0131\u011f\u0131, yeni kulaklar\u0131n s\u00f6ylediklerimizi i\u015fitmeye ba\u015flad\u0131\u011f\u0131, omuz omuza y\u00fcr\u00fcd\u00fc\u011f\u00fcm\u00fcz, sokak sokak, il\u00e7e il\u00e7e, il il iktidar umudunu b\u00fcy\u00fctt\u00fc\u011f\u00fcm\u00fcz y\u00fcr\u00fcy\u00fc\u015f\u00fcn i\u00e7indeyiz. Hep birlikteyiz.<\/p>\n\n\n\n<figure class=\"wp-block-embed is-type-video is-provider-youtube wp-block-embed-youtube wp-embed-aspect-16-9 wp-has-aspect-ratio\"><div class=\"wp-block-embed__wrapper\">\n<iframe loading=\"lazy\" title=\"YEN\u0130 PART\u0130 GENEL BA\u015eKANI \u00d6ZG\u00dcR \u00d6ZEL R\u0130ZE\u2019DE 22\/08\/2026\" width=\"1170\" height=\"658\" src=\"https:\/\/www.youtube.com\/embed\/ObgbHgW3NAQ?wmode=transparent&amp;rel=0&amp;feature=oembed\" frameborder=\"0\" allow=\"accelerometer; autoplay; clipboard-write; encrypted-media; gyroscope; picture-in-picture; web-share\" referrerpolicy=\"strict-origin-when-cross-origin\" allowfullscreen><\/iframe>\n<\/div><\/figure>\n\n\n\n<h3 class=\"wp-block-heading\">\u201cYEN\u0130 Parti cesurlar\u0131n, fedakarlar\u0131n, yar\u0131n i\u00e7in bu yola ba\u015f\u0131n\u0131 koyanlar\u0131n partisidir\u201d<\/h3>\n\n\n\n<p>Art\u0131k YEN\u0130 Parti eski tart\u0131\u015fmalar\u0131, k\u00f6hnemi\u015f bir zihniyeti geride b\u0131rakan, iktidar hedefine kilitlenmi\u015f, bundan sonra sonras\u0131 i\u00e7in art\u0131k iktidar d\u0131\u015f\u0131nda bir hedefi olmayan bir y\u00fcr\u00fcy\u00fc\u015f\u00fcn partisidir. YEN\u0130 Parti\u2019de eski yoktur. D\u0131\u015fardan gelen yoktur, k\u0131demsiz yoktur. YEN\u0130 Parti\u2019de gelece\u011fe birlikte y\u00fcr\u00fcme hedefine kilitlenmi\u015f, omuz omuza vermi\u015f ve kartopu gibi b\u00fcy\u00fcyen, y\u00fcrekleri tertemiz, al\u0131nlar\u0131 tertemiz g\u00fczel insanlar\u0131n kendini de\u011fil \u00fclkesini d\u00fc\u015f\u00fcnen siyaset anlay\u0131\u015f\u0131 vard\u0131r. Onun i\u00e7in YEN\u0130 Parti cesurlar\u0131n, fedakarlar\u0131n, yar\u0131n i\u00e7in bu yola ba\u015f\u0131n\u0131 koyanlar\u0131n partisidir. YEN\u0130 Parti elbette Atat\u00fcrk\u00e7\u00fclerin, cumhuriyet\u00e7ilerin, Cumhuriyet Halk Partililerin YEN\u0130 Partisidir. YEN\u0130 Parti b\u00fct\u00fcn demokratlar\u0131n YEN\u0130 Partisidir. Kad\u0131nlar\u0131 YEN\u0130 Partisidir. Gen\u00e7lerin YEN\u0130 Partisidir. \u00c7ift\u00e7ilerin, k\u00f6yl\u00fclerin, emeklilerin, emek\u00e7ilerin YEN\u0130 Partisidir. YEN\u0130 Parti Karadeniz\u2019in YEN\u0130 Partisidir. Rize&#8217;nin YEN\u0130 Partisidir. <\/p>\n\n\n\n<p>\u2018YEN\u0130 Parti\u2019yi niye kurdun?\u2019 diyenlere bir tane cevab\u0131m\u0131z var. Biz YEN\u0130 Parti\u2019yi partimiz elden gitti, olsun bir partimiz olsun diye kurmad\u0131k. Biz YEN\u0130 Parti\u2019yi iktidar olsun diye kurduk. Bunun i\u00e7in bundan sonra hem sokaklarda, meydanlarda hep birlikte b\u00fcy\u00fcyece\u011fiz. Hem yeni kadrolar\u0131m\u0131zla, mevcut kadrolar\u0131m\u0131za yeni katt\u0131\u011f\u0131m\u0131z arkada\u015flar\u0131m\u0131zla, T\u00fcrkiye\u2019nin sorunlar\u0131n\u0131 nas\u0131l \u00e7\u00f6zece\u011fimizi anlatan ve kimlerle \u00e7\u00f6zece\u011fimizi anlatt\u0131\u011f\u0131m\u0131z kadrolar\u0131m\u0131zla birlikte art\u0131k sorunu tespit eden de\u011fil; \u00e7\u00f6z\u00fcm\u00fc s\u00f6yleyen, bug\u00fcn b\u00fcy\u00fck ekonomik zorluklar \u00e7eken emeklilere, emek\u00e7ilere, \u00e7ift\u00e7ilere, bal\u0131k\u00e7\u0131lara, esnaflara \u2018Sorununu biliyorum\u2019 demeyen, sorunu zaten bilen, \u2018\u00c7aresi benim\u2019 diyen bir partidir YEN\u0130 Parti. <\/p>\n\n\n\n<p>Bunun i\u00e7in YEN\u0130 Parti zaten b\u00fcy\u00fck bir haks\u0131zl\u0131kla kuruldu\u011fu i\u00e7in ahlaki \u00fcst\u00fcnl\u00fc\u011f\u00fc elinde tutan; ahlaki \u00fcst\u00fcnl\u00fc\u011f\u00fc elinde tuttu\u011fu i\u00e7in psikolojik \u00fcst\u00fcnl\u00fck onda olan ve sizin sayenizde \u00e7a\u011fr\u0131ld\u0131\u011f\u0131 her yere ko\u015fan, olmas\u0131 gerekti\u011fi her yere ko\u015fan, orada inisiyatif alan sizlerin sayesinde YEN\u0130 Parti \u00e7o\u011funluk enerjisine sahiptir, \u00e7o\u011funluk arkas\u0131ndad\u0131r. Kar\u015f\u0131s\u0131nda hi\u00e7bir g\u00fc\u00e7 duramayacakt\u0131r.<\/p>\n\n\n\n<h3 class=\"wp-block-heading\">\u201cHep birlikte \u00e7al\u0131\u015faca\u011f\u0131z, hep birlikte ba\u015faraca\u011f\u0131z\u201d<\/h3>\n\n\n\n<p>Ben her birinize hem partinin kurulu\u015f s\u00fcrecinde verdi\u011finiz emekler i\u00e7in te\u015fekk\u00fcr ediyorum. Hem de YEN\u0130 Parti\u2019yi tek ba\u015f\u0131na bir parti olarak de\u011fil, toplumun b\u00fct\u00fcn dinamiklerini kapsayan, onlarla i\u015fbirli\u011fine a\u00e7\u0131k olan, muhalefetin abisi &#8211; patronu de\u011fil; muhalefetin bile\u015fenlerinden biri olan, iktidar de\u011fi\u015fimini kendisine bir iktidar sa\u011flamak i\u00e7in de\u011fil; bu iktidardan \u015fikayet eden b\u00fct\u00fcn ezilmi\u015fleri, geride b\u0131rak\u0131lm\u0131\u015flar\u0131, ihmal edilmi\u015fleri, e\u015fitsizli\u011fe, adaletsizli\u011fe u\u011frayanlar\u0131, toplumun bir yanda geride b\u0131rak\u0131lan t\u00fcm kesimlerini art\u0131k iktidar\u0131n bir par\u00e7as\u0131 yapmak, b\u00fct\u00fcn haks\u0131zl\u0131klar\u0131 ortadan kald\u0131rmak, inand\u0131\u011f\u0131m\u0131z gibi bir d\u00fcnyay\u0131 hep birlikte kurmak i\u00e7in kurulmu\u015f bir partidir. Muhalefetin t\u00fcm bile\u015fenlerine, t\u00fcm renklerine, bu iktidardan rahats\u0131z olan ama ge\u00e7mi\u015fte bu iktidara oy vermi\u015f AK Partililere, MHP\u2019lilere de kolunu &#8211; kuca\u011f\u0131na a\u00e7an, kim rahats\u0131zsa onunla birlikte yeni bir iktidar korumak isteyen yar\u0131n\u0131n iktidar umudunun partisidir YEN\u0130 Parti. <\/p>\n\n\n\n<p>Hepinize g\u00f6sterdi\u011finiz ilgi i\u00e7in ve alaka i\u00e7in, cesaret i\u00e7in te\u015fekk\u00fcr ediyorum. \u0130yi ki vars\u0131n\u0131z. \u0130ktidara kadar durmak yok. Hep birlikte \u00e7al\u0131\u015faca\u011f\u0131z, hep birlikte ba\u015faraca\u011f\u0131z. Hepinizi \u00e7ok seviyorum. Hepinize ayr\u0131 ayr\u0131 te\u015fekk\u00fcr ediyorum. Sa\u011f olun, var olun. Alper Ta\u015f Ba\u015fkan\u2019\u0131m\u0131 g\u00f6r\u00fcyorum. Bu s\u00fcre\u00e7te g\u00f6sterdi\u011fi dostluk ve dayan\u0131\u015fma i\u00e7in Alper Ta\u015f Ba\u015fkan\u0131ma, sizin yak\u0131\u015f\u0131kl\u0131 hem\u015fehrinize bir dayan\u0131\u015fma alk\u0131\u015f\u0131 istiyorum. Yakup Kepenek Hocam, hem\u015feriniz, b\u00f6lgenize sahip \u00e7\u0131k\u0131yor. 22\u2019nci d\u00f6nem milletvekilimiz. B\u00fcy\u00fck hukuk\u00e7u, b\u00fcy\u00fck siyaset bilimci. Kendisini sayg\u0131yla selaml\u0131yorum. Mahir Polat\u2019la Do\u011fan T\u0131l\u0131\u00e7 \u00fcstad\u0131m\u0131z buradaym\u0131\u015f g\u00f6rmedim ama y\u00fcrekten selaml\u0131yorum. \u00c7ok te\u015fekk\u00fcr ediyoruz. Sa\u011f olun, var olun.\u201d<\/p>\n\n\n\n<figure class=\"wp-block-embed is-type-rich is-provider-x wp-block-embed-x\"><div class=\"wp-block-embed__wrapper\">\n<blockquote class=\"twitter-tweet\" data-width=\"550\" data-dnt=\"true\"><p lang=\"tr\" dir=\"ltr\">Davetinizi ald\u0131m, 10 dakikaya geliyorum. <a href=\"https:\/\/t.co\/mwPP7prOfE\">https:\/\/t.co\/mwPP7prOfE<\/a><\/p>&mdash; \u00d6zg\u00fcr \u00d6zel (@eczozgurozel) <a href=\"https:\/\/x.com\/eczozgurozel\/status\/2091166207785177589?ref_src=twsrc%5Etfw\">August 22, 2026<\/a><\/blockquote><script async src=\"https:\/\/platform.x.com\/widgets.js\" charset=\"utf-8\"><\/script>\n<\/div><\/figure>\n","protected":false},"excerpt":{"rendered":"<p>Rize\u2019nin F\u0131nd\u0131kl\u0131 il\u00e7esindeki Festival Alan\u0131nda vatanda\u015flara seslenen YEN\u0130 Parti Genel Ba\u015fkan\u0131 \u00d6zg\u00fcr \u00d6zel, \u201cB\u00fct\u00fcn F\u0131nd\u0131kl\u0131 arkam\u0131zda\u201d dedi. YEN\u0130 Parti Genel Ba\u015fkan\u0131 \u00d6zg\u00fcr \u00d6zel Rize&#8217;deki program\u0131nda son olarak F\u0131nd\u0131kl\u0131 Festival Alan\u0131&#8217;na gitti. Buradaki yurtta\u015flara da seslenen \u00d6zel, \u015f\u00f6yle konu\u015ftu: \u201cF\u0131nd\u0131kl\u0131 hep tarihin do\u011fru taraf\u0131nda durmu\u015ftur. B\u00fct\u00fcn m\u00fccadele s\u00fcre\u00e7lerinde hep \u00f6v\u00fcn\u00fclecek bir yerdedir. Bu s\u00fcre\u00e7te de biz [&hellip;]<\/p>\n","protected":false},"author":12791,"featured_media":170791,"comment_status":"open","ping_status":"open","sticky":false,"template":"","format":"standard","meta":{"_yoast_wpseo_focuskw":"YEN\u0130 Parti - \u00d6zg\u00fcr \u00d6zel","_yoast_wpseo_title":"","_yoast_wpseo_metadesc":"YEN\u0130 Parti Genel Ba\u015fkan\u0131 \u00d6zg\u00fcr \u00d6zel, Rize\u2019nin F\u0131nd\u0131kl\u0131 il\u00e7esindeki Festival Alan\u0131\u2019nda vatanda\u015flara seslendi.","_bbp_topic_count":0,"_bbp_reply_count":0,"_bbp_total_topic_count":0,"_bbp_total_reply_count":0,"_bbp_voice_count":0,"_bbp_anonymous_reply_count":0,"_bbp_topic_count_hidden":0,"_bbp_reply_count_hidden":0,"_bbp_forum_subforum_count":0,"footnotes":"","_yoast_wpseo_focuskw_text_input":""},"categories":[1,8138,8226],"tags":[12373,8492,2665,11909],"yoast_head":"<!-- This site is optimized with the Yoast SEO plugin v23.0 - https:\/\/yoast.com\/wordpress\/plugins\/seo\/ -->\n<title>YEN\u0130 Parti Genel Ba\u015fkan\u0131 \u00d6zg\u00fcr \u00d6zel: \u201cB\u00fct\u00fcn F\u0131nd\u0131kl\u0131 Arkam\u0131zda\u201d - The Epoch Times TR<\/title>\n<meta name=\"description\" content=\"YEN\u0130 Parti Genel Ba\u015fkan\u0131 \u00d6zg\u00fcr \u00d6zel, Rize\u2019nin F\u0131nd\u0131kl\u0131 il\u00e7esindeki Festival Alan\u0131\u2019nda vatanda\u015flara seslendi.\" \/>\n<meta name=\"robots\" content=\"index, follow, max-snippet:-1, max-image-preview:large, max-video-preview:-1\" \/>\n<link rel=\"canonical\" href=\"https:\/\/epochtimestr.com\/index.php\/yeni-parti-genel-baskani-ozgur-ozel-butun-findikli-arkamizda\" \/>\n<meta property=\"og:locale\" content=\"tr_TR\" \/>\n<meta property=\"og:type\" content=\"article\" \/>\n<meta property=\"og:title\" content=\"YEN\u0130 Parti Genel Ba\u015fkan\u0131 \u00d6zg\u00fcr \u00d6zel: \u201cB\u00fct\u00fcn F\u0131nd\u0131kl\u0131 Arkam\u0131zda\u201d - The Epoch Times TR\" \/>\n<meta property=\"og:description\" content=\"YEN\u0130 Parti Genel Ba\u015fkan\u0131 \u00d6zg\u00fcr \u00d6zel, Rize\u2019nin F\u0131nd\u0131kl\u0131 il\u00e7esindeki Festival Alan\u0131\u2019nda vatanda\u015flara seslendi.\" \/>\n<meta property=\"og:url\" content=\"https:\/\/epochtimestr.com\/index.php\/yeni-parti-genel-baskani-ozgur-ozel-butun-findikli-arkamizda\" \/>\n<meta property=\"og:site_name\" content=\"The Epoch Times TR\" \/>\n<meta property=\"article:publisher\" content=\"https:\/\/www.facebook.com\/theepochtimestr\" \/>\n<meta property=\"article:published_time\" content=\"2026-08-22T19:43:00+00:00\" \/>\n<meta property=\"article:modified_time\" content=\"2026-08-22T19:43:02+00:00\" \/>\n<meta property=\"og:image\" content=\"https:\/\/epochtimestr.com\/wp-content\/uploads\/2011y\/ozgur-ozel-42.jpg\" \/>\n\t<meta property=\"og:image:width\" content=\"2048\" \/>\n\t<meta property=\"og:image:height\" content=\"1024\" \/>\n\t<meta property=\"og:image:type\" content=\"image\/jpeg\" \/>\n<meta name=\"author\" content=\"Haber Merkezi\" \/>\n<meta name=\"twitter:card\" content=\"summary_large_image\" \/>\n<meta name=\"twitter:creator\" content=\"@TheEpochTimesTR\" \/>\n<meta name=\"twitter:site\" content=\"@TheEpochTimesTR\" \/>\n<meta name=\"twitter:label1\" content=\"Yazan:\" \/>\n\t<meta name=\"twitter:data1\" content=\"Haber Merkezi\" \/>\n\t<meta name=\"twitter:label2\" content=\"Tahmini okuma s\u00fcresi\" \/>\n\t<meta name=\"twitter:data2\" content=\"7 dakika\" \/>\n<script type=\"application\/ld+json\" class=\"yoast-schema-graph\">{\"@context\":\"https:\/\/schema.org\",\"@graph\":[{\"@type\":\"Article\",\"@id\":\"https:\/\/epochtimestr.com\/index.php\/yeni-parti-genel-baskani-ozgur-ozel-butun-findikli-arkamizda#article\",\"isPartOf\":{\"@id\":\"https:\/\/epochtimestr.com\/index.php\/yeni-parti-genel-baskani-ozgur-ozel-butun-findikli-arkamizda\"},\"author\":{\"name\":\"Haber Merkezi\",\"@id\":\"https:\/\/epochtimestr.com\/#\/schema\/person\/3dc5c3adeb9f43923c5aa85889172fdd\"},\"headline\":\"YEN\u0130 Parti Genel Ba\u015fkan\u0131 \u00d6zg\u00fcr \u00d6zel: \u201cB\u00fct\u00fcn F\u0131nd\u0131kl\u0131 Arkam\u0131zda\u201d\",\"datePublished\":\"2026-08-22T19:43:00+00:00\",\"dateModified\":\"2026-08-22T19:43:02+00:00\",\"mainEntityOfPage\":{\"@id\":\"https:\/\/epochtimestr.com\/index.php\/yeni-parti-genel-baskani-ozgur-ozel-butun-findikli-arkamizda\"},\"wordCount\":1464,\"commentCount\":0,\"publisher\":{\"@id\":\"https:\/\/epochtimestr.com\/#organization\"},\"image\":{\"@id\":\"https:\/\/epochtimestr.com\/index.php\/yeni-parti-genel-baskani-ozgur-ozel-butun-findikli-arkamizda#primaryimage\"},\"thumbnailUrl\":\"https:\/\/epochtimestr.com\/wp-content\/uploads\/2011y\/ozgur-ozel-42.jpg\",\"keywords\":[\"F\u0131nd\u0131kl\u0131\",\"\u00d6zg\u00fcr \u00d6zel\",\"Rize\",\"YEN\u0130 Parti\"],\"articleSection\":[\"G\u00dcNDEM\",\"MAN\u015eET\",\"Siyaset\"],\"inLanguage\":\"tr\",\"potentialAction\":[{\"@type\":\"CommentAction\",\"name\":\"Comment\",\"target\":[\"https:\/\/epochtimestr.com\/index.php\/yeni-parti-genel-baskani-ozgur-ozel-butun-findikli-arkamizda#respond\"]}]},{\"@type\":\"WebPage\",\"@id\":\"https:\/\/epochtimestr.com\/index.php\/yeni-parti-genel-baskani-ozgur-ozel-butun-findikli-arkamizda\",\"url\":\"https:\/\/epochtimestr.com\/index.php\/yeni-parti-genel-baskani-ozgur-ozel-butun-findikli-arkamizda\",\"name\":\"YEN\u0130 Parti Genel Ba\u015fkan\u0131 \u00d6zg\u00fcr \u00d6zel: \u201cB\u00fct\u00fcn F\u0131nd\u0131kl\u0131 Arkam\u0131zda\u201d - The Epoch Times TR\",\"isPartOf\":{\"@id\":\"https:\/\/epochtimestr.com\/#website\"},\"primaryImageOfPage\":{\"@id\":\"https:\/\/epochtimestr.com\/index.php\/yeni-parti-genel-baskani-ozgur-ozel-butun-findikli-arkamizda#primaryimage\"},\"image\":{\"@id\":\"https:\/\/epochtimestr.com\/index.php\/yeni-parti-genel-baskani-ozgur-ozel-butun-findikli-arkamizda#primaryimage\"},\"thumbnailUrl\":\"https:\/\/epochtimestr.com\/wp-content\/uploads\/2011y\/ozgur-ozel-42.jpg\",\"datePublished\":\"2026-08-22T19:43:00+00:00\",\"dateModified\":\"2026-08-22T19:43:02+00:00\",\"description\":\"YEN\u0130 Parti Genel Ba\u015fkan\u0131 \u00d6zg\u00fcr \u00d6zel, Rize\u2019nin F\u0131nd\u0131kl\u0131 il\u00e7esindeki Festival Alan\u0131\u2019nda vatanda\u015flara seslendi.\",\"inLanguage\":\"tr\",\"potentialAction\":[{\"@type\":\"ReadAction\",\"target\":[\"https:\/\/epochtimestr.com\/index.php\/yeni-parti-genel-baskani-ozgur-ozel-butun-findikli-arkamizda\"]}]},{\"@type\":\"ImageObject\",\"inLanguage\":\"tr\",\"@id\":\"https:\/\/epochtimestr.com\/index.php\/yeni-parti-genel-baskani-ozgur-ozel-butun-findikli-arkamizda#primaryimage\",\"url\":\"https:\/\/epochtimestr.com\/wp-content\/uploads\/2011y\/ozgur-ozel-42.jpg\",\"contentUrl\":\"https:\/\/epochtimestr.com\/wp-content\/uploads\/2011y\/ozgur-ozel-42.jpg\",\"width\":2048,\"height\":1024},{\"@type\":\"WebSite\",\"@id\":\"https:\/\/epochtimestr.com\/#website\",\"url\":\"https:\/\/epochtimestr.com\/\",\"name\":\"The Epoch Times TR\",\"description\":\"De\u011fi\u015fen D\u00fcnyam\u0131za Taze Bir Bak\u0131\u015f\",\"publisher\":{\"@id\":\"https:\/\/epochtimestr.com\/#organization\"},\"potentialAction\":[{\"@type\":\"SearchAction\",\"target\":{\"@type\":\"EntryPoint\",\"urlTemplate\":\"https:\/\/epochtimestr.com\/?s={search_term_string}\"},\"query-input\":\"required name=search_term_string\"}],\"inLanguage\":\"tr\"},{\"@type\":\"Organization\",\"@id\":\"https:\/\/epochtimestr.com\/#organization\",\"name\":\"The EpochTimes T\u00fcrkiye\",\"url\":\"https:\/\/epochtimestr.com\/\",\"logo\":{\"@type\":\"ImageObject\",\"inLanguage\":\"tr\",\"@id\":\"https:\/\/epochtimestr.com\/#\/schema\/logo\/image\/\",\"url\":\"https:\/\/epochtimestr.com\/wp-content\/uploads\/2011y\/ET-Logo-YG.jpg\",\"contentUrl\":\"https:\/\/epochtimestr.com\/wp-content\/uploads\/2011y\/ET-Logo-YG.jpg\",\"width\":346,\"height\":29,\"caption\":\"The EpochTimes T\u00fcrkiye\"},\"image\":{\"@id\":\"https:\/\/epochtimestr.com\/#\/schema\/logo\/image\/\"},\"sameAs\":[\"https:\/\/www.facebook.com\/theepochtimestr\",\"https:\/\/x.com\/TheEpochTimesTR\",\"https:\/\/www.instagram.com\/epochtimestr\"]},{\"@type\":\"Person\",\"@id\":\"https:\/\/epochtimestr.com\/#\/schema\/person\/3dc5c3adeb9f43923c5aa85889172fdd\",\"name\":\"Haber Merkezi\",\"image\":{\"@type\":\"ImageObject\",\"inLanguage\":\"tr\",\"@id\":\"https:\/\/epochtimestr.com\/#\/schema\/person\/image\/\",\"url\":\"https:\/\/secure.gravatar.com\/avatar\/d73f772ba5a74f28601361e17c2f93e6?s=96&d=mm&r=g\",\"contentUrl\":\"https:\/\/secure.gravatar.com\/avatar\/d73f772ba5a74f28601361e17c2f93e6?s=96&d=mm&r=g\",\"caption\":\"Haber Merkezi\"},\"url\":\"https:\/\/epochtimestr.com\/index.php\/author\/sendag\"}]}<\/script>\n<!-- \/ Yoast SEO plugin. -->","yoast_head_json":{"title":"YEN\u0130 Parti Genel Ba\u015fkan\u0131 \u00d6zg\u00fcr \u00d6zel: \u201cB\u00fct\u00fcn F\u0131nd\u0131kl\u0131 Arkam\u0131zda\u201d - The Epoch Times TR","description":"YEN\u0130 Parti Genel Ba\u015fkan\u0131 \u00d6zg\u00fcr \u00d6zel, Rize\u2019nin F\u0131nd\u0131kl\u0131 il\u00e7esindeki Festival Alan\u0131\u2019nda vatanda\u015flara seslendi.","robots":{"index":"index","follow":"follow","max-snippet":"max-snippet:-1","max-image-preview":"max-image-preview:large","max-video-preview":"max-video-preview:-1"},"canonical":"https:\/\/epochtimestr.com\/index.php\/yeni-parti-genel-baskani-ozgur-ozel-butun-findikli-arkamizda","og_locale":"tr_TR","og_type":"article","og_title":"YEN\u0130 Parti Genel Ba\u015fkan\u0131 \u00d6zg\u00fcr \u00d6zel: \u201cB\u00fct\u00fcn F\u0131nd\u0131kl\u0131 Arkam\u0131zda\u201d - The Epoch Times TR","og_description":"YEN\u0130 Parti Genel Ba\u015fkan\u0131 \u00d6zg\u00fcr \u00d6zel, Rize\u2019nin F\u0131nd\u0131kl\u0131 il\u00e7esindeki Festival Alan\u0131\u2019nda vatanda\u015flara seslendi.","og_url":"https:\/\/epochtimestr.com\/index.php\/yeni-parti-genel-baskani-ozgur-ozel-butun-findikli-arkamizda","og_site_name":"The Epoch Times TR","article_publisher":"https:\/\/www.facebook.com\/theepochtimestr","article_published_time":"2026-08-22T19:43:00+00:00","article_modified_time":"2026-08-22T19:43:02+00:00","og_image":[{"width":2048,"height":1024,"url":"https:\/\/epochtimestr.com\/wp-content\/uploads\/2011y\/ozgur-ozel-42.jpg","type":"image\/jpeg"}],"author":"Haber Merkezi","twitter_card":"summary_large_image","twitter_creator":"@TheEpochTimesTR","twitter_site":"@TheEpochTimesTR","twitter_misc":{"Yazan:":"Haber Merkezi","Tahmini okuma s\u00fcresi":"7 dakika"},"schema":{"@context":"https:\/\/schema.org","@graph":[{"@type":"Article","@id":"https:\/\/epochtimestr.com\/index.php\/yeni-parti-genel-baskani-ozgur-ozel-butun-findikli-arkamizda#article","isPartOf":{"@id":"https:\/\/epochtimestr.com\/index.php\/yeni-parti-genel-baskani-ozgur-ozel-butun-findikli-arkamizda"},"author":{"name":"Haber Merkezi","@id":"https:\/\/epochtimestr.com\/#\/schema\/person\/3dc5c3adeb9f43923c5aa85889172fdd"},"headline":"YEN\u0130 Parti Genel Ba\u015fkan\u0131 \u00d6zg\u00fcr \u00d6zel: \u201cB\u00fct\u00fcn F\u0131nd\u0131kl\u0131 Arkam\u0131zda\u201d","datePublished":"2026-08-22T19:43:00+00:00","dateModified":"2026-08-22T19:43:02+00:00","mainEntityOfPage":{"@id":"https:\/\/epochtimestr.com\/index.php\/yeni-parti-genel-baskani-ozgur-ozel-butun-findikli-arkamizda"},"wordCount":1464,"commentCount":0,"publisher":{"@id":"https:\/\/epochtimestr.com\/#organization"},"image":{"@id":"https:\/\/epochtimestr.com\/index.php\/yeni-parti-genel-baskani-ozgur-ozel-butun-findikli-arkamizda#primaryimage"},"thumbnailUrl":"https:\/\/epochtimestr.com\/wp-content\/uploads\/2011y\/ozgur-ozel-42.jpg","keywords":["F\u0131nd\u0131kl\u0131","\u00d6zg\u00fcr \u00d6zel","Rize","YEN\u0130 Parti"],"articleSection":["G\u00dcNDEM","MAN\u015eET","Siyaset"],"inLanguage":"tr","potentialAction":[{"@type":"CommentAction","name":"Comment","target":["https:\/\/epochtimestr.com\/index.php\/yeni-parti-genel-baskani-ozgur-ozel-butun-findikli-arkamizda#respond"]}]},{"@type":"WebPage","@id":"https:\/\/epochtimestr.com\/index.php\/yeni-parti-genel-baskani-ozgur-ozel-butun-findikli-arkamizda","url":"https:\/\/epochtimestr.com\/index.php\/yeni-parti-genel-baskani-ozgur-ozel-butun-findikli-arkamizda","name":"YEN\u0130 Parti Genel Ba\u015fkan\u0131 \u00d6zg\u00fcr \u00d6zel: \u201cB\u00fct\u00fcn F\u0131nd\u0131kl\u0131 Arkam\u0131zda\u201d - The Epoch Times TR","isPartOf":{"@id":"https:\/\/epochtimestr.com\/#website"},"primaryImageOfPage":{"@id":"https:\/\/epochtimestr.com\/index.php\/yeni-parti-genel-baskani-ozgur-ozel-butun-findikli-arkamizda#primaryimage"},"image":{"@id":"https:\/\/epochtimestr.com\/index.php\/yeni-parti-genel-baskani-ozgur-ozel-butun-findikli-arkamizda#primaryimage"},"thumbnailUrl":"https:\/\/epochtimestr.com\/wp-content\/uploads\/2011y\/ozgur-ozel-42.jpg","datePublished":"2026-08-22T19:43:00+00:00","dateModified":"2026-08-22T19:43:02+00:00","description":"YEN\u0130 Parti Genel Ba\u015fkan\u0131 \u00d6zg\u00fcr \u00d6zel, Rize\u2019nin F\u0131nd\u0131kl\u0131 il\u00e7esindeki Festival Alan\u0131\u2019nda vatanda\u015flara seslendi.","inLanguage":"tr","potentialAction":[{"@type":"ReadAction","target":["https:\/\/epochtimestr.com\/index.php\/yeni-parti-genel-baskani-ozgur-ozel-butun-findikli-arkamizda"]}]},{"@type":"ImageObject","inLanguage":"tr","@id":"https:\/\/epochtimestr.com\/index.php\/yeni-parti-genel-baskani-ozgur-ozel-butun-findikli-arkamizda#primaryimage","url":"https:\/\/epochtimestr.com\/wp-content\/uploads\/2011y\/ozgur-ozel-42.jpg","contentUrl":"https:\/\/epochtimestr.com\/wp-content\/uploads\/2011y\/ozgur-ozel-42.jpg","width":2048,"height":1024},{"@type":"WebSite","@id":"https:\/\/epochtimestr.com\/#website","url":"https:\/\/epochtimestr.com\/","name":"The Epoch Times TR","description":"De\u011fi\u015fen D\u00fcnyam\u0131za Taze Bir Bak\u0131\u015f","publisher":{"@id":"https:\/\/epochtimestr.com\/#organization"},"potentialAction":[{"@type":"SearchAction","target":{"@type":"EntryPoint","urlTemplate":"https:\/\/epochtimestr.com\/?s={search_term_string}"},"query-input":"required name=search_term_string"}],"inLanguage":"tr"},{"@type":"Organization","@id":"https:\/\/epochtimestr.com\/#organization","name":"The EpochTimes T\u00fcrkiye","url":"https:\/\/epochtimestr.com\/","logo":{"@type":"ImageObject","inLanguage":"tr","@id":"https:\/\/epochtimestr.com\/#\/schema\/logo\/image\/","url":"https:\/\/epochtimestr.com\/wp-content\/uploads\/2011y\/ET-Logo-YG.jpg","contentUrl":"https:\/\/epochtimestr.com\/wp-content\/uploads\/2011y\/ET-Logo-YG.jpg","width":346,"height":29,"caption":"The EpochTimes T\u00fcrkiye"},"image":{"@id":"https:\/\/epochtimestr.com\/#\/schema\/logo\/image\/"},"sameAs":["https:\/\/www.facebook.com\/theepochtimestr","https:\/\/x.com\/TheEpochTimesTR","https:\/\/www.instagram.com\/epochtimestr"]},{"@type":"Person","@id":"https:\/\/epochtimestr.com\/#\/schema\/person\/3dc5c3adeb9f43923c5aa85889172fdd","name":"Haber Merkezi","image":{"@type":"ImageObject","inLanguage":"tr","@id":"https:\/\/epochtimestr.com\/#\/schema\/person\/image\/","url":"https:\/\/secure.gravatar.com\/avatar\/d73f772ba5a74f28601361e17c2f93e6?s=96&d=mm&r=g","contentUrl":"https:\/\/secure.gravatar.com\/avatar\/d73f772ba5a74f28601361e17c2f93e6?s=96&d=mm&r=g","caption":"Haber Merkezi"},"url":"https:\/\/epochtimestr.com\/index.php\/author\/sendag"}]}},"_links":{"self":[{"href":"https:\/\/epochtimestr.com\/index.php\/wp-json\/wp\/v2\/posts\/170790"}],"collection":[{"href":"https:\/\/epochtimestr.com\/index.php\/wp-json\/wp\/v2\/posts"}],"about":[{"href":"https:\/\/epochtimestr.com\/index.php\/wp-json\/wp\/v2\/types\/post"}],"author":[{"embeddable":true,"href":"https:\/\/epochtimestr.com\/index.php\/wp-json\/wp\/v2\/users\/12791"}],"replies":[{"embeddable":true,"href":"https:\/\/epochtimestr.com\/index.php\/wp-json\/wp\/v2\/comments?post=170790"}],"version-history":[{"count":2,"href":"https:\/\/epochtimestr.com\/index.php\/wp-json\/wp\/v2\/posts\/170790\/revisions"}],"predecessor-version":[{"id":170794,"href":"https:\/\/epochtimestr.com\/index.php\/wp-json\/wp\/v2\/posts\/170790\/revisions\/170794"}],"wp:featuredmedia":[{"embeddable":true,"href":"https:\/\/epochtimestr.com\/index.php\/wp-json\/wp\/v2\/media\/170791"}],"wp:attachment":[{"href":"https:\/\/epochtimestr.com\/index.php\/wp-json\/wp\/v2\/media?parent=170790"}],"wp:term":[{"taxonomy":"category","embeddable":true,"href":"https:\/\/epochtimestr.com\/index.php\/wp-json\/wp\/v2\/categories?post=170790"},{"taxonomy":"post_tag","embeddable":true,"href":"https:\/\/epochtimestr.com\/index.php\/wp-json\/wp\/v2\/tags?post=170790"}],"curies":[{"name":"wp","href":"https:\/\/api.w.org\/{rel}","templated":true}]}}