{"id":170795,"date":"2026-08-23T07:33:03","date_gmt":"2026-08-23T04:33:03","guid":{"rendered":"https:\/\/epochtimestr.com\/?p=170795"},"modified":"2026-08-23T07:33:06","modified_gmt":"2026-08-23T04:33:06","slug":"yeni-parti-lideri-ozgur-ozel-rizede-balikcilar-koyunu-ziyaret-etti","status":"publish","type":"post","link":"https:\/\/epochtimestr.com\/index.php\/yeni-parti-lideri-ozgur-ozel-rizede-balikcilar-koyunu-ziyaret-etti","title":{"rendered":"YEN\u0130 Parti lideri \u00d6zg\u00fcr \u00d6zel Rize\u2019de Bal\u0131k\u00e7\u0131lar K\u00f6y\u00fc\u2019n\u00fc Ziyaret Etti"},"content":{"rendered":"<div class=\"wp-block-image\">\n<figure class=\"aligncenter size-full\"><img loading=\"lazy\" decoding=\"async\" width=\"2048\" height=\"1024\" src=\"https:\/\/epochtimestr.com\/wp-content\/uploads\/2011y\/yeni-parti-1.jpg\" alt=\"YEN\u0130 Parti lideri \u00d6zg\u00fcr \u00d6zel Rize\u2019de Bal\u0131k\u00e7\u0131lar K\u00f6y\u00fc\u2019n\u00fc ziyaret etti. (Foto\u011fraf: YEN\u0130 Parti web sitesi)\" class=\"wp-image-170796\" srcset=\"https:\/\/epochtimestr.com\/wp-content\/uploads\/2011y\/yeni-parti-1.jpg 2048w, https:\/\/epochtimestr.com\/wp-content\/uploads\/2011y\/yeni-parti-1-300x150.jpg 300w, https:\/\/epochtimestr.com\/wp-content\/uploads\/2011y\/yeni-parti-1-150x75.jpg 150w, https:\/\/epochtimestr.com\/wp-content\/uploads\/2011y\/yeni-parti-1-768x384.jpg 768w, https:\/\/epochtimestr.com\/wp-content\/uploads\/2011y\/yeni-parti-1-1536x768.jpg 1536w\" sizes=\"(max-width: 2048px) 100vw, 2048px\" \/><figcaption class=\"wp-element-caption\">YEN\u0130 Parti lideri \u00d6zg\u00fcr \u00d6zel Rize\u2019de Bal\u0131k\u00e7\u0131lar K\u00f6y\u00fc\u2019n\u00fc ziyaret etti. (Foto\u011fraf: YEN\u0130 Parti web sitesi)<\/figcaption><\/figure><\/div>\n\n\n<h2 class=\"wp-block-heading\">Karadeniz ziyaretlerine d\u00fcn Trabzon ile ba\u015flayan YEN\u0130 Parti Genel Ba\u015fkan\u0131 \u00d6zg\u00fcr \u00d6zel, bug\u00fcn Rize&#8217;ye gitti.<\/h2>\n\n\n\n<p>YEN\u0130 Parti lideri \u00d6zg\u00fcr \u00d6zel, Rize\u2019de Bal\u0131k\u00e7\u0131lar K\u00f6y\u00fc\u2019n\u00fc ziyaret etti. YEN\u0130 Parti <a href=\"https:\/\/epochtimestr.com\/index.php\/yeni-parti-genel-baskani-ozgur-ozel-trabzonda\" target=\"_blank\" rel=\"noreferrer noopener\">Genel Ba\u015fkan\u0131<\/a> \u00d6zel, burada vatanda\u015flar\u0131n sorunlar\u0131n\u0131 dinledikten sonra yapt\u0131\u011f\u0131 konu\u015fmada, \u201cYEN\u0130 Parti Genel Ba\u015fkan\u0131 olarak buras\u0131 geldi\u011fim be\u015finci \u015fehir. Bir yola \u00e7\u0131kt\u0131k m\u0131 Rize\u2019ye erken u\u011fruyoruz. <a href=\"https:\/\/epochtimestr.com\/index.php\/yeni-parti-genel-baskani-ozgur-ozel-butun-findikli-arkamizda\" target=\"_blank\" rel=\"noreferrer noopener\">Rize<\/a>, T\u00fcrkiye siyasetinde fevkalade \u00f6nemli bir yer. Rize, siyasete \u00e7ok \u00f6nemli isimler yeti\u015ftirmi\u015f, kazand\u0131rm\u0131\u015f bir \u015fehir. Hangi siyasetten olursa olsun hep Rize\u2019den yeti\u015fenler, ya\u015fad\u0131klar\u0131 d\u00f6nemde, Mesut Y\u0131lmaz\u2019\u0131n Ba\u015fbakanl\u0131\u011f\u0131 da \u00f6nemlidir Rize i\u00e7in. Recep Tayyip Erdo\u011fan\u2019\u0131n Ba\u015fbakanl\u0131\u011f\u0131 ve Cumhurba\u015fkanl\u0131\u011f\u0131 da bunca uzun y\u0131l iktidar nasip olmu\u015f birisi a\u00e7\u0131s\u0131ndan Rize i\u00e7in \u00f6nemlidir. Solda da \u00e7ok \u00f6nemli isimler her zaman Rizeli kanaat \u00f6nderleri, d\u00fc\u015f\u00fcn, sanat d\u00fcnyas\u0131nda ve siyasette \u00e7ok \u00f6nemli yerler tuttular. Biz de Rize\u2019nin hem ge\u00e7mi\u015fte ya\u015fanm\u0131\u015f, hayat\u0131n\u0131 kaybetmi\u015f Allah rahmet eylesin, de\u011ferlerini, hem bug\u00fcnk\u00fc Rizeli siyaset\u00e7ileri, Rize\u2019nin b\u00fct\u00fcn siyasi tercihlerine her zaman sayg\u0131 duyarak Rize\u2018de s\u0131k\u00e7a olmaya \u00e7al\u0131\u015f\u0131yoruz\u201d dedi.<\/p>\n\n\n\n<p><strong>\u00d6zel, \u015funlar\u0131 s\u00f6yledi:<\/strong><\/p>\n\n\n\n<h3 class=\"wp-block-heading\">\u201cBu kadar g\u00fczel bir co\u011frafyaya insan eliyle bu kadar k\u00f6t\u00fcl\u00fck nas\u0131l yap\u0131l\u0131r?\u201d<\/h3>\n\n\n\n<p>Rize, potansiyeli \u00e7ok y\u00fcksek olan, bu potansiyelini g\u00f6ren insanlar\u0131n gerek bal\u0131k\u00e7\u0131l\u0131ktaki yanl\u0131\u015f i\u015fler, gerek \u00e7ayda ya\u015fananlar, gerek turizm konusunda at\u0131lmas\u0131 gereken ad\u0131mlar\u0131n yeterince do\u011fru at\u0131lmad\u0131\u011f\u0131n\u0131 g\u00f6renler ger\u00e7ekten bu konuda s\u0131k\u0131nt\u0131lar\u0131n\u0131 ve ele\u015ftirilerini dile getiriyorlar. Bal\u0131k\u00e7\u0131k\u00f6y\u2019de hem bal\u0131k\u00e7\u0131larla hem \u00e7ay \u00fcreticileri ile bir sohbet imkan\u0131 bizim i\u00e7in \u00e7ok \u00e7ok k\u0131ymetli. Tabii biraz \u00f6nce birka\u00e7 akut sorun dile getirildi. Onlar\u0131n da bizim ziyaretimiz vas\u0131tas\u0131yla g\u00f6r\u00fcn\u00fcr olmas\u0131 \u00f6nemlidir. \u00d6zellikle asl\u0131nda buras\u0131 denize girmek i\u00e7in deniz turizmi i\u00e7in hem Trabzon\u2019un sahilleri hem Rize\u2019nin sahilleri son derece k\u0131ymetli iken belli ba\u015fl\u0131 hatalar y\u00fcz\u00fcnden \u00f6zellikle d\u00fcnyan\u0131n en g\u00fczel koylar\u0131 bu dolgu, dolumlar \u00fczerine yap\u0131lan in\u015faatlar ve bu dolgular\u0131n yaratt\u0131\u011f\u0131 denizdeki kirlilik\u2026 <\/p>\n\n\n\n<p>Biraz \u00f6nce s\u00f6ylendi, ta oradan al\u0131p burada s\u00fcrekli liman\u0131n a\u011fz\u0131n\u0131n kapanmas\u0131 sorununa kadar ger\u00e7ekten insan\u0131n hani bu kadar g\u00fczel bir co\u011frafyaya insan eliyle bu kadar k\u00f6t\u00fcl\u00fck nas\u0131l yap\u0131l\u0131r? Bu kadar g\u00fczel bir memlekete, hem de o memleketin i\u00e7inden \u00e7\u0131km\u0131\u015f siyaset\u00e7iler bu \u00e7evre katliamlar\u0131n yap\u0131lmas\u0131n\u0131 hem burada hem yukar\u0131da dereler noktas\u0131nda nas\u0131l sessiz kal\u0131r, yol verir? \u0130nsan ger\u00e7ekten bunlar\u0131 anlamakta g\u00fc\u00e7l\u00fck \u00e7ekiyor.\u201d<\/p>\n\n\n\n<h3 class=\"wp-block-heading\">\u201cHem ula\u015ft\u0131rma boyutuyla hem de deniz \u00fcr\u00fcnleri boyutuyla bir Denizcilik Bakanl\u0131\u011f\u0131 kurulmas\u0131 \u015fart \u201d<\/h3>\n\n\n\n<p>\u0130ki \u00f6nemli \u015feyi s\u00f6yleyeyim. YEN\u0130 Parti\u2019nin yeni olan taraf\u0131 muhalefet partisi olmamas\u0131d\u0131r. Biz muhalefet yapmak i\u00e7in kurulan bir parti de\u011filiz. Hatta biz YEN\u0130 Parti\u2019yi bir partimiz olsun diye de kurmad\u0131k, iktidar olsun diye kurduk. YEN\u0130 Parti, \u00f6n\u00fcm\u00fczdeki se\u00e7imlerden sonra iktidar partisidir. O y\u00fczden YEN\u0130 Parti sorunlar\u0131 de\u011fil, \u00e7\u00f6z\u00fcmleri konu\u015fan bir parti. Peki nedir \u00e7\u00f6z\u00fcm? Burada iki belli ba\u015fl\u0131 sorun ortaya \u00e7\u0131k\u0131yor. Bunlardan biri, daha do\u011frusu Rize ne duymak istiyor bizden? Bir, \u00e7ay \u00fcreticisinin sorunlar\u0131n\u0131 duymak istiyor, \u00e7\u00f6z\u00fcm \u00f6nerilerini. \u0130kincisi, bal\u0131k\u00e7\u0131l\u0131kla ilgili. \u0130ki kelime. <\/p>\n\n\n\n<p>Bal\u0131k\u00e7\u0131n\u0131n b\u00fct\u00fcn sorunlar\u0131n\u0131n \u00e7\u00f6z\u00fclmesi, T\u00fcrkiye\u2019nin bir Denizcilik Bakanl\u0131\u011f\u0131\u2019na sahip olmas\u0131yla m\u00fcmk\u00fcn. \u00c7\u00fcnk\u00fc bir Tar\u0131m ve K\u00f6y Hizmetleri\u2019nin i\u00e7inde, onun alt\u0131nda olu\u015fturulan bir tak\u0131m yap\u0131lar ve daire ba\u015fkanl\u0131klar\u0131 filan de\u011fil, aksine T\u00fcrkiye ta Artvin\u2019den ba\u015flay\u0131p a\u015fa\u011f\u0131da Hatay\u2019da sonlanan inan\u0131lmaz bir \u00fc\u00e7 taraf\u0131 denizlerle \u00e7evrili olan, asl\u0131nda en b\u00fcy\u00fck potansiyeli etraf\u0131nda bulunan d\u00fcnyan\u0131n en b\u00fcy\u00fck yar\u0131m adalar\u0131ndan biri. Karadeniz burada, bu bereketli Karadeniz burada. Ege, d\u00fcnyan\u0131n en g\u00fczel sahiplerinin sahillerine sahip Ege orada. Akdeniz orada. <\/p>\n\n\n\n<p>Buradan ta Hatay\u2019a kadar \u00fc\u00e7 taraf\u0131 denizlerle \u00e7evrili olan, arada Marmara Denizi gibi d\u00fcnyan\u0131n en \u00f6nemli i\u00e7 denizlerinden biri olan, i\u00e7inden bir \u015fehrin nehir ge\u00e7iyorsa o \u015fehir d\u00fcnyada prestijlidir. \u0130\u00e7inden nehir ge\u00e7en \u015fehirler prestijlidir. Ay\u0131pt\u0131r s\u00f6ylemesi bizim iki tane i\u00e7inden deniz ge\u00e7en \u015fehrimiz var. Biri \u0130stanbul, biri \u00c7anakkale. B\u00f6ylesi bir yerde Denizcilik Bakanl\u0131\u011f\u0131n\u0131n olmamas\u0131 d\u00fc\u015f\u00fcn\u00fclemez. \u0130ki y\u00f6n\u00fcyle. Bir, denizden elde edilen deniz mahsullerinin, ba\u015fta bal\u0131k olmak \u00fczere deniz \u00fcr\u00fcnleri a\u00e7\u0131s\u0131ndan \u00e7ok \u00f6nemlidir bu noktada. \u0130kincisi de temiz ve ucuz ula\u015f\u0131m i\u00e7in \u00e7ok \u00f6nemlidir. O y\u00fczden hem ula\u015ft\u0131rma boyutuyla hem de deniz \u00fcr\u00fcnleri boyutuyla bir Denizcilik Bakanl\u0131\u011f\u0131 olmas\u0131, bu Bakanl\u0131\u011f\u0131n da ba\u015f\u0131nda bu i\u015ften anlayan birinin olmas\u0131 mutlaka \u00f6nemli.\u201d<\/p>\n\n\n<div class=\"wp-block-image\">\n<figure class=\"aligncenter size-full\"><img loading=\"lazy\" decoding=\"async\" width=\"850\" height=\"450\" src=\"https:\/\/epochtimestr.com\/wp-content\/uploads\/2011y\/ozgur2.jpg\" alt=\"YEN\u0130 Parti lideri \u00d6zg\u00fcr \u00d6zel Rize\u2019de Bal\u0131k\u00e7\u0131lar K\u00f6y\u00fc\u2019n\u00fc ziyaret etti. (Foto\u011fraf: YEN\u0130 Parti web sitesi)\" class=\"wp-image-170799\" srcset=\"https:\/\/epochtimestr.com\/wp-content\/uploads\/2011y\/ozgur2.jpg 850w, https:\/\/epochtimestr.com\/wp-content\/uploads\/2011y\/ozgur2-300x159.jpg 300w, https:\/\/epochtimestr.com\/wp-content\/uploads\/2011y\/ozgur2-150x79.jpg 150w, https:\/\/epochtimestr.com\/wp-content\/uploads\/2011y\/ozgur2-768x407.jpg 768w\" sizes=\"(max-width: 850px) 100vw, 850px\" \/><figcaption class=\"wp-element-caption\">YEN\u0130 Parti lideri \u00d6zg\u00fcr \u00d6zel Rize\u2019de Bal\u0131k\u00e7\u0131lar K\u00f6y\u00fc\u2019n\u00fc ziyaret etti. (Foto\u011fraf: YEN\u0130 Parti web sitesi)<\/figcaption><\/figure><\/div>\n\n\n<h3 class=\"wp-block-heading\">\u201cK\u0131y\u0131 Bal\u0131k\u00e7\u0131l\u0131\u011f\u0131 Genel M\u00fcd\u00fcrl\u00fc\u011f\u00fc\u2019n\u00fcn mutlaka kurulmas\u0131 laz\u0131m\u201d<\/h3>\n\n\n\n<p>\u201cDenizcilik Bakanl\u0131\u011f\u0131 oldu\u011funda ne olacak? Denizcilik Bakanl\u0131\u011f\u0131n\u0131n alt\u0131nda bu denizlerle ilgili ne beklenti, ne sorun, ne \u00e7\u00f6z\u00fcm alan\u0131 varsa buna \u00f6zel bir yap\u0131lanma olacak otomatik olarak. O zaman bal\u0131k \u00e7e\u015fitlili\u011fi de \u00f6rne\u011fin i\u015fte birazdan herhalde gidece\u011fiz, 71 g\u00fcnd\u00fcr bir direni\u015f s\u00fcr\u00fcyor. Kad\u0131n bal\u0131k\u00e7\u0131lar direniyorlar bu yap\u0131lan havuzlar sepetler ve bunun i\u00e7inde yeti\u015ftirilen k\u00fclt\u00fcr bal\u0131k\u00e7\u0131l\u0131\u011f\u0131. Bu bal\u0131klar\u0131n do\u011fal avlanmaya, bal\u0131k\u00e7\u0131l\u0131\u011fa verdi\u011fi zararlar, engelliler ve bunlar\u0131n yemlerinin yaratt\u0131\u011f\u0131 kirlilik, bulan\u0131kl\u0131k\u2026 Zaman zaman i\u015fte hi\u00e7 bilmiyorduk sizin havaalan\u0131n\u0131z\u0131n m\u00fcd\u00fcr\u00fc buras\u0131 i\u00e7in demi\u015f ki yemleme zaman\u0131nda buraya \u00e7ok mart\u0131 geliyor, u\u00e7aklar i\u00e7in bile tehlike olu\u015fturuyor. <\/p>\n\n\n\n<p>Bu tip bir bal\u0131k\u00e7\u0131l\u0131k \u00fclke ekonomisi i\u00e7in bir ihracat yaratan bir i\u015fse elbette yap\u0131ls\u0131n ama bula bula buray\u0131 m\u0131 buldu\u011funuz yap\u0131lacak? Koca T\u00fcrkiye\u2019de, koca Karadeniz\u2019de bula bula sizin k\u00f6y\u00fcn\u00fcz\u00fcn \u00f6n\u00fcne bunu yap\u0131p da sizin avlanma alanlar\u0131n\u0131z\u0131n tahrip edilmesi, sizin avlanabilece\u011finiz alanlarda bu i\u015fin yap\u0131lmas\u0131 do\u011fru de\u011fil. Bunlar\u0131n hepsine bir profesyonel g\u00f6zle, bir iyi niyetle, kamu yarar\u0131 g\u00f6zeterek bal\u0131k\u00e7\u0131lar\u0131n, bal\u0131k\u00e7\u0131 k\u00f6ylerinin menfaatleri g\u00f6zetilerek yakla\u015f\u0131lmas\u0131 i\u00e7in sorunlar\u0131n bilindi\u011fi ve \u00e7\u00f6z\u00fcmlerinin ele al\u0131nd\u0131\u011f\u0131 bir Denizcilik Bakanl\u0131\u011f\u0131n\u0131n olmas\u0131, onun alt\u0131nda da bal\u0131k\u00e7\u0131larla ilgili her t\u00fcrl\u00fc d\u00fczenlemenin yap\u0131laca\u011f\u0131 ilgili genel m\u00fcd\u00fcrl\u00fcklerin kurulmas\u0131, daire ba\u015fkanlar\u0131n kurulmas\u0131, buraya Tar\u0131m Bakanl\u0131\u011f\u0131n\u0131n i\u00e7inden bir b\u00fct\u00e7e de\u011fil, ba\u015fl\u0131 ba\u015f\u0131na her sene kas\u0131m ve aral\u0131k ay\u0131nda g\u00f6r\u00fc\u015f\u00fclen b\u00fct\u00e7eden \u00f6nemli b\u00fct\u00e7elerin ayr\u0131lmas\u0131 laz\u0131m. O olursa ne olur? \u00d6rne\u011fin bal\u0131k\u00e7\u0131l\u0131kta kullan\u0131lan mazotta \u00d6TV yok ama KDV var. Bu soruna \u00e7\u00f6z\u00fcm orada bulunur. \u00c7\u00fcnk\u00fc Tar\u0131m Bakan\u0131, Maliye Bakan\u0131\u2019na Karadeniz\u2019deki bal\u0131k\u00e7\u0131n\u0131n bir teknesinin KDV\u2019sine kadar gelemiyor. <\/p>\n\n\n\n<h3 class=\"wp-block-heading\">&#8220;Denizcilik Bakanl\u0131\u011f\u0131\u2019n\u0131n ve onun alt\u0131nda Bal\u0131k\u00e7\u0131l\u0131k, K\u0131y\u0131 Bal\u0131k\u00e7\u0131l\u0131\u011f\u0131 Genel M\u00fcd\u00fcrl\u00fc\u011f\u00fc\u2019n\u00fcn mutlaka kurulmas\u0131 laz\u0131m.&#8221;<\/h3>\n\n\n\n<p>Ama Denizcilik Bakan\u0131 burada oturuyor, Maliye Bakan\u0131 burada oturur. Ayn\u0131 masada her hafta Bakanlar Kurulu\u2019nda oturuyorsa o meselenin \u00e7\u00f6z\u00fcm\u00fc i\u00e7in gerekeni yapar. Bu a\u011flar, a\u011flar\u0131n masraflar\u0131, bar\u0131naklarla ilgili ya\u015fanan b\u00fct\u00fcn sorunlar ya da Avrupa sahan\u0131n do\u011fru takvimlendirilmemesi ya da \u00e7\u0131kar\u0131lan \u00fcr\u00fcnlerin do\u011fru \u015fekilde pazarlanmas\u0131 noktas\u0131nda kooperatif\u00e7ili\u011fin do\u011fru \u015fekilde desteklenmesi, faizsiz kredilendirilmesi\u2026 Nas\u0131l bir sekt\u00f6rde kriz oldu\u011fu zaman hep birlikte herkes oturuyor d\u00fc\u015f\u00fcn\u00fcyor. \u2018Aman efendim kredi garanti fonlar\u0131 kural\u0131m da b\u00fcy\u00fck sermaye sahiplerinin bor\u00e7lar\u0131n\u0131n \u00fcstlenelim de onlara y\u00fczde 8 ile uzun vadeli sabit faizli krediler verelim\u2019 deniyor da i\u015f bal\u0131k\u00e7\u0131ya geldi\u011finde kimsenin akl\u0131na niye bunlar gelmiyor? Neden sahibi yok? Bu i\u015fin bir sahibinin olmas\u0131 laz\u0131m. Bunun i\u00e7in de Denizcilik Bakanl\u0131\u011f\u0131\u2019n\u0131n ve onun alt\u0131nda Bal\u0131k\u00e7\u0131l\u0131k, K\u0131y\u0131 Bal\u0131k\u00e7\u0131l\u0131\u011f\u0131 Genel M\u00fcd\u00fcrl\u00fc\u011f\u00fc\u2019n\u00fcn mutlaka kurulmas\u0131 laz\u0131m. Bu birinci mesele.\u201d<\/p>\n\n\n\n<figure class=\"wp-block-embed is-type-rich is-provider-x wp-block-embed-x\"><div class=\"wp-block-embed__wrapper\">\n<blockquote class=\"twitter-tweet\" data-width=\"550\" data-dnt=\"true\"><p lang=\"tr\" dir=\"ltr\">Bu yol milletin yolu.<br><br>\u201cSen y\u00fcr\u00fc, arkanday\u0131z\u201d dediniz. <br>Y\u00fcr\u00fcd\u00fck, arkam\u0131zdan geldiniz. <br>YEN\u0130 Parti\u2019yi hep birlikte kurduk.<br><br>\u015eimdi YEN\u0130 Parti\u2019yi milletimize emanet ediyor, hep birlikte iktidara y\u00fcr\u00fcyoruz. <a href=\"https:\/\/t.co\/FMKGxNpxxj\">pic.twitter.com\/FMKGxNpxxj<\/a><\/p>&mdash; \u00d6zg\u00fcr \u00d6zel (@eczozgurozel) <a href=\"https:\/\/x.com\/eczozgurozel\/status\/2091227668289122648?ref_src=twsrc%5Etfw\">August 22, 2026<\/a><\/blockquote><script async src=\"https:\/\/platform.x.com\/widgets.js\" charset=\"utf-8\"><\/script>\n<\/div><\/figure>\n\n\n\n<h3 class=\"wp-block-heading\">\u201cBir \u00c7ay Kanunu olmaks\u0131z\u0131n \u00e7ay \u00fcreticisinin sorunlar\u0131n\u0131n \u00e7\u00f6z\u00fclmesi m\u00fcmk\u00fcn de\u011fil\u201d<\/h3>\n\n\n\n<p>\u0130kincisi, Allah i\u00e7in hem il ba\u015fkan\u0131n\u0131z hem milletvekiliniz hem de ge\u00e7mi\u015fte Meclis\u2019te Rizeli olup \u0130stanbul\u2019dan milletvekilli\u011fi yapan arkada\u015flar\u0131m\u0131z hep s\u00f6ylediler; \u2018\u00c7ay i\u00e7in \u00c7ay Kanunu laz\u0131m\u2019 diye. Yine bu d\u00f6nem Tahsin Bey\u2019in imzas\u0131yla \u00c7ay Kanunu verildi, b\u00f6lge milletvekillerinin imzas\u0131yla \u00c7ay Kanunu verildi. Bir \u00c7ay Kanunu olmaks\u0131z\u0131n \u00e7ay \u00fcreticisinin sorunlar\u0131n\u0131n \u00e7\u00f6z\u00fclmesi m\u00fcmk\u00fcn de\u011fil. Bir bak\u0131\u015f a\u00e7\u0131s\u0131na ihtiya\u00e7 var. Bu \u00c7AYKUR\u2019un bu kadar zay\u0131flamas\u0131, bu kadar g\u00fc\u00e7s\u00fczle\u015fmesi, bu kadar devlet deste\u011finden uzak ve bir ba\u015f\u0131na b\u0131rak\u0131lmas\u0131 do\u011fru de\u011fil. \u00c7AYKUR herhangi bir kurum de\u011fil. Ger\u00e7i bunlar\u0131 sizler biliyorsunuz ama bilmeyen i\u00e7in s\u00f6yleyelim, dinleyen i\u00e7in s\u00f6yleyelim. <\/p>\n\n\n\n<p>1923, Cumhuriyet\u2019in kuruldu\u011fu sene. Atat\u00fcrk bak\u0131yor, \u2018Ya bu Do\u011fu Karadeniz\u2019e biz ne yapaca\u011f\u0131z?\u2019 diyor. O zaman biliyorsunuz buradan \u0130stanbul\u2019a gitmek i\u00e7in karayolu yok, demiryolu yok, gemiyle 3,5 g\u00fcnde gidiliyor. Buraya bir \u015fey yapmak laz\u0131m. Zihni Derin\u2019e diyor ki \u2018Bu Do\u011fu Karadeniz\u2019e bir \u00e7al\u0131\u015f.\u2019 Zihni Derin Do\u011fu Karadeniz\u2019i bir senelik bir \u00e7al\u0131\u015fman\u0131n sonucunda \u00e7ayla tan\u0131\u015ft\u0131r\u0131yor. \u00c7ay \u00fcretimi yap\u0131yor ve bunun \u00fczerinden deneme \u00fcretimleri yap\u0131yor. 1924 y\u0131l\u0131nda Zihni Derin Atat\u00fcrk\u2019\u00fcn talimat\u0131yla bir senelik \u00e7al\u0131\u015fmas\u0131n\u0131n sonunda geliyor buraya ve \u00c7ay Kanunu \u00e7\u0131kar\u0131yor T\u00fcrkiye B\u00fcy\u00fck Millet Meclisi. 1924\u2019ten 1940\u2019a kadar burada \u00e7ay \u00fcretimi yerle\u015fiyor. <\/p>\n\n\n\n<p>1940\u2019ta rahmetli \u0130n\u00f6n\u00fc, \u00e7aya al\u0131m garantisi veriyor. Yani diyor ki \u2018Siz \u00fcretirseniz bunu \u015fu fiyattan biz alaca\u011f\u0131z.\u2019 1947 y\u0131l\u0131 herhalde, ilk \u00e7ay fabrikas\u0131n\u0131 buraya kuruyor rahmetli \u0130n\u00f6n\u00fc. O g\u00fcnden sonra Do\u011fu Karadeniz\u2019in, yani ta Artvin, Rize ve Trabzon ba\u015fta olmak \u00fczere bu \u00e7ay \u00fczerinden y\u00fcz\u00fc g\u00fclmeye ba\u015fl\u0131yor. Bug\u00fcn T\u00fcrkiye\u2019de rakam yanl\u0131\u015f de\u011fil herhalde, 1,5 milyon ki\u015finin ge\u00e7imi do\u011frudan ya da dolayl\u0131 olarak \u00e7ay \u00fcretimine ba\u011fl\u0131. Bu \u00e7ay \u00fcreticisinin ayakta kalmas\u0131 i\u00e7in kendi kooperatifinin, kendi yap\u0131s\u0131n\u0131n ayakta ve g\u00fc\u00e7l\u00fc olmas\u0131 laz\u0131m. \u00c7AYKUR\u2019un desteklenmesi laz\u0131m. \u00c7AYKUR\u2019daki i\u015f\u00e7ilerin halen daha hep s\u00f6z verilip verilip \u00e7\u00f6z\u00fclmeyen kadroya al\u0131nma sorunlar\u0131n\u0131n \u00e7\u00f6z\u00fclmesi laz\u0131m.\u201d<\/p>\n\n\n\n<h3 class=\"wp-block-heading\">\u201c\u00c7ay \u00fcreticisinin garantisi yok, f\u0131nd\u0131k \u00fcreticisinin garantisi yok.\u201d<\/h3>\n\n\n\n<p>T\u00fcrkiye\u2019de bak\u0131n bu iktidar\u0131n \u00f6v\u00fcne \u00f6v\u00fcne anlatt\u0131\u011f\u0131 i\u015fler var. Nedir? K\u00f6pr\u00fcler. Bizim rahmetli Kamer Gen\u00e7 diyordu. Sizin hem\u015feriniz Tayyip Bey biraz fazla b\u00fct\u00e7e g\u00f6r\u00fc\u015fmesinde \u00f6v\u00fcnm\u00fc\u015ft\u00fc; \u2018K\u00f6pr\u00fc yapt\u0131k, \u015funu yapt\u0131k, bunu yapt\u0131k.\u2019 \u2018Ya\u2019 dedi, \u2018Tayyip Bey var\u0131p da bunlar\u0131 Emine Han\u0131m\u2019\u0131n bilezikleri bozdurup yapmad\u0131n ya. milletin vergileri ile yapt\u0131n\u2019 demi\u015fti. Biz hepimiz g\u00fclm\u00fc\u015ft\u00fck. \u015eimdi bu memlekette k\u00f6pr\u00fcler yap\u0131l\u0131yor, yollar yap\u0131l\u0131yor, otoyollar yap\u0131l\u0131yor, t\u00fcneller yap\u0131l\u0131yor. Bunlar\u0131n hepsinin 30 &#8211; 40 y\u0131ll\u0131k geliri birilerine taahh\u00fct ediliyor. Onlar \u0130ngiltere\u2019den, Londra\u2019dan para buluyorlar. Geliyorlar burada yol, k\u00f6pr\u00fc, ge\u00e7it, hatta havaliman\u0131 yap\u0131yorlar, hastane yap\u0131yorlar, \u015fehir hastaneleri yap\u0131yorlar. <\/p>\n\n\n\n<p>Sonra bunlara 30 y\u0131ll\u0131k geliri taahh\u00fct etmi\u015f ya devlet. Diyor ya \u2018Bu yoldan bu kadar araba ge\u00e7er.\u2019 Adam para koymu\u015f, ne diyor? \u2018Ya ge\u00e7mezse.\u2019 \u2018Ge\u00e7mezse biz \u00f6deyece\u011fiz fark\u0131n\u0131, ge\u00e7i\u015f garantisi.\u2019 \u2018Bu kadar u\u00e7ak iner.\u2019 Zafer Havaliman\u0131 var; K\u00fctahya, Afyon, U\u015fak\u2019\u0131n ortak havaliman\u0131 Zafer Havaliman\u0131. \u2018100 u\u00e7ak kalkar\u2019 demi\u015fler, bir tane kalk\u0131yor. \u2018100 yolcu gider\u2019 demi\u015fler, bir tane gidiyor ve 99\u2019u cepten veriyoruz; u\u00e7u\u015f garantisi. Efendim \u2018Filanca k\u00f6pr\u00fcden ya ge\u00e7mezse?\u2019 Ge\u00e7i\u015f garantisi. \u2018Hastaneye asla hasta gelmezse?\u2019 Hasta tahlil garantisi. Diyorlar ki \u2018T\u00f6vbe, t\u00f6vbe. Biz millet hasta olsun ister miyiz? Hasta garantisi vermedik.\u2019 \u2018Ya ne verdiniz?\u2019 \u2018Tahlil garantisi verdim, r\u00f6ntgen garantisi verdim.\u2019 Hasta olmadan r\u00f6ntgen olmaz. O garantilerin tamam\u0131yla 30 y\u0131l boyunca bu paralar \u00f6deniyor. Peki kimin garantisi yok? \u00c7ay \u00fcreticisinin yok, f\u0131nd\u0131k \u00fcreticisinin yok.<\/p>\n\n\n\n<figure class=\"wp-block-embed is-type-rich is-provider-x wp-block-embed-x\"><div class=\"wp-block-embed__wrapper\">\n<blockquote class=\"twitter-tweet\" data-width=\"550\" data-dnt=\"true\"><p lang=\"tr\" dir=\"ltr\">Genel Ba\u015fkan\u0131m\u0131z \u00d6zg\u00fcr \u00d6zel, Rize\u2019nin Pazar \u0130l\u00e7esinde Bal\u0131k\u00e7\u0131lar K\u00f6y\u00fc sakinleriyle bulu\u015ftu, Zelek Liman\u0131&#39;nda kafes bal\u0131k\u00e7\u0131l\u0131\u011f\u0131na kar\u015f\u0131 eylem yapan kad\u0131n bal\u0131k\u00e7\u0131lara destek verdi. <a href=\"https:\/\/t.co\/cJ2LXOSCmc\">pic.twitter.com\/cJ2LXOSCmc<\/a><\/p>&mdash; YEN\u0130 Parti (@yenipartiyiz) <a href=\"https:\/\/x.com\/yenipartiyiz\/status\/2091183016349401413?ref_src=twsrc%5Etfw\">August 22, 2026<\/a><\/blockquote><script async src=\"https:\/\/platform.x.com\/widgets.js\" charset=\"utf-8\"><\/script>\n<\/div><\/figure>\n\n\n\n<h3 class=\"wp-block-heading\">\u201cFiyat\u0131n alt\u0131nda i\u015flem yapana da mutlaka m\u00fceyyide uygulanaca\u011f\u0131n\u0131n garantisi var\u201d<\/h3>\n\n\n\n<p>YEN\u0130 Parti\u2019nin yeni s\u00f6z\u00fcn\u00fc s\u00f6yl\u00fcyorum size. Bundan sonra bu 30 y\u0131ll\u0131k, bu milletin paras\u0131yla verilmi\u015f garantilerin hepsine bir bakaca\u011f\u0131z bakal\u0131m. Bu bir tak\u0131m zengin adamlar, baya\u011f\u0131 zenginle\u015ftiler, bu paralar\u0131 ald\u0131lar. Acaba hakikaten 30 y\u0131l daha vermeye gerek var m\u0131? Onu bir d\u00fc\u015f\u00fcnece\u011fiz. Bizim iktidar\u0131m\u0131zda be\u015fli \u00e7etenin ge\u00e7i\u015f garantisinin garantisi yok. Ama \u00e7ay\u0131n ve f\u0131nd\u0131\u011f\u0131n al\u0131m garantisi var, fiyat garantisi var. Ba\u015ftan ilan edilecek fiyat\u0131n alt\u0131nda i\u015flem yapana da mutlaka m\u00fceyyide uygulanaca\u011f\u0131n\u0131n garantisi var. D\u00fcn Trabzon\u2019da s\u00f6yledim. Bu kahvehane, asgari \u00fccretin alt\u0131nda bir u\u015fak \u00e7al\u0131\u015ft\u0131rsa, \u00e7al\u0131\u015ft\u0131rd\u0131\u011f\u0131n\u0131 yakalad\u0131klar\u0131nda tepesine biniyorlar. De\u011fil mi? <\/p>\n\n\n\n<p>F\u0131nd\u0131\u011fa 250 lira fiyat vermi\u015f. 160 liradan al\u0131m yap\u0131yor. Asgari \u00fccretin alt\u0131nda esnaf \u00e7al\u0131\u015ft\u0131r\u0131nca tepesine biniyorlar. 250 liral\u0131k f\u0131nd\u0131\u011f\u0131 160 liradan topluyor d\u00fcnya devleri ama kar\u0131\u015fan yok. \u00c7ayda ge\u00e7ti\u011fimiz y\u0131llarda, i\u015fte bu sene 40 lira istediniz, 35 lira verildi. Birinci s\u00fcrg\u00fcnde d\u00fc\u015f\u00fck fiyatlar vard\u0131, ikincide rekolte d\u00fc\u015f\u00fcnce fiyat bir yere geldi. Ama y\u0131llarca ilan edilen fiyat\u0131n alt\u0131nda \u00e7ay\u0131 satt\u0131n\u0131z. Do\u011fru mu? Asgari \u00fccretin alt\u0131nda i\u015flem yapana ceza var da k\u00fc\u00e7\u00fck esnafta ya da sanayicide. Asgari fiyat\u0131n alt\u0131na i\u015flem yapan\u0131n niye pe\u015fine d\u00fc\u015fm\u00fcyorsun devlet olarak? YEN\u0130 Parti\u2019nin yeni d\u00f6neminde \u00e7ay\u0131n da f\u0131nd\u0131\u011f\u0131n da al\u0131m garantisi olacak ve ilan edilenin alt\u0131nda bir kuru\u015f sat\u0131\u015f yap\u0131lmayacak. O kadar. O y\u00fczden \u00f6n\u00fcm\u00fczdeki d\u00f6nemde tabii \u00c7ay Kanunu\u2019nun detaylar\u0131n\u0131 ge\u00e7mi\u015fte tekrar tekrar konu\u015ftuk, benden iyi biliyorsunuz. Ama t\u00fcm y\u00f6nleriyle \u00e7ay \u00fcreticisinin desteklenmesi laz\u0131m. Ayr\u0131ca buras\u0131 \u00e7ay a\u00e7\u0131s\u0131ndan T\u00fcrkiye\u2019nin en verimli ve en stratejik \u00fcr\u00fcn\u00fcn\u00fc \u00fcretiyor. O a\u00e7\u0131dan son derece \u00f6nemli.<\/p>\n\n\n\n<h3 class=\"wp-block-heading\">\u201cEmekli maa\u015f\u0131n\u0131n asgari \u00fccretten y\u00fcksek oldu\u011fu g\u00fcnler gelecek\u201d<\/h3>\n\n\n\n<p>Bunun d\u0131\u015f\u0131nda tabii emekliniz \u00e7ok. Bu iktidar geldi\u011finde 1,5 asgari \u00fccretti en d\u00fc\u015f\u00fck emekli maa\u015f\u0131. Bug\u00fcn 23 bin 500 lira. Asgari \u00fccret 28 bin lira. Normalde 28 bin liral\u0131k asgari \u00fccretin 1,5\u2019ini hesap etti\u011finizde 42 bin lira olmas\u0131 laz\u0131m ama bug\u00fcn 23 bin lira en d\u00fc\u015f\u00fck emekli maa\u015f\u0131. Emekli maa\u015f\u0131 AK Parti \u00f6ncesinde sekiz tane \u00e7eyrek alt\u0131n al\u0131yordu kuyumcudan. Bug\u00fcn 2 \u00e7eyrek alt\u0131n\u0131 zor al\u0131yor kuyumcudan. Yani alt\u0131n \u00fczerinden bakt\u0131\u011f\u0131nda d\u00f6rt kat zay\u0131flam\u0131\u015f emekli maa\u015f\u0131. Asgari \u00fccret \u00fczerinden bakt\u0131\u011f\u0131nda 42 bin lira olacak, 23 bin lira veriyorlar ve neredeyse yar\u0131 yar\u0131ya d\u00fc\u015fm\u00fc\u015f emekli maa\u015f\u0131. <\/p>\n\n\n\n<p>\u00d6n\u00fcm\u00fczdeki d\u00f6nemde \u00f6nce bir asgari \u00fccret bir emekli maa\u015f\u0131na denk gelecek. Ama bir d\u00f6nem sonra yine emekli maa\u015f\u0131n\u0131n asgari \u00fccretten y\u00fcksek oldu\u011fu g\u00fcnler gelecek. YEN\u0130 Parti \u00f6n\u00fcm\u00fczdeki d\u00f6nemde T\u00fcrkiye\u2019nin yeni partisidir, yeni bir siyasetin partisidir. Ama bal\u0131k\u00e7\u0131n\u0131n da \u00e7ay \u00fcreticisinin de Rize\u2019nin de Karadeniz\u2019in de umudu YEN\u0130 Parti\u2019dir. Ben hepinizi YEN\u0130 Parti\u2019nin yeni iktidar\u0131na katk\u0131 vermeye ve YEN\u0130 Parti\u2019yi desteklemeye davet ediyorum. Te\u015fekk\u00fcr ediyoruz. Sa\u011f olun, var olun. Allah sizden raz\u0131 olsun.<\/p>\n\n\n\n<figure class=\"wp-block-embed is-type-video is-provider-youtube wp-block-embed-youtube wp-embed-aspect-16-9 wp-has-aspect-ratio\"><div class=\"wp-block-embed__wrapper\">\n<iframe loading=\"lazy\" title=\"YENI\u0307 PARTI\u0307 GENEL BAS\u0327KANI O\u0308ZGU\u0308R O\u0308ZEL - RI\u0307ZE&#039;DE BALIKC\u0327ILAR KO\u0308YU\u0308NU\u0308 ZI\u0307YARET ETTI\u0307 22\/08\/2026\" width=\"1170\" height=\"658\" src=\"https:\/\/www.youtube.com\/embed\/jBfzFA7X_QA?wmode=transparent&amp;rel=0&amp;feature=oembed\" frameborder=\"0\" allow=\"accelerometer; autoplay; clipboard-write; encrypted-media; gyroscope; picture-in-picture; web-share\" referrerpolicy=\"strict-origin-when-cross-origin\" allowfullscreen><\/iframe>\n<\/div><\/figure>\n\n\n\n<p><strong>YEN\u0130 Parti lideri \u00d6zel, daha sonra kafes bal\u0131k\u00e7\u0131l\u0131\u011f\u0131na kar\u015f\u0131 eylem yapan kad\u0131n bal\u0131k\u00e7\u0131lara destek ziyaretinde bulundu.<\/strong><\/p>\n\n\n\n<p>YEN\u0130 Parti Genel Ba\u015fkan\u0131 \u00d6zg\u00fcr \u00d6zel, Rize\u2019nin Pazar il\u00e7esinde kafes bal\u0131k\u00e7\u0131l\u0131\u011f\u0131na kar\u015f\u0131 eylem yapan kad\u0131n bal\u0131k\u00e7\u0131larla bir araya geldi. Burada konu\u015fan YEN\u0130 Parti lideri \u00d6zel, \u201c\u015eimdi \u00f6ncelikle hem muhtar\u0131m\u0131za hem Kooperatif Ba\u015fkan\u0131m\u0131za hem bize ev sahipli\u011fi yapan Bal\u0131k\u00e7\u0131 k\u00f6y\u00fcndeki herkese \u00e7ok te\u015fekk\u00fcr ediyoruz. Bunun yan\u0131 s\u0131ra kuca\u011f\u0131mdaki Muhammed\u2019e \u00e7ok te\u015fekk\u00fcr ediyorum. K\u00f6y\u00fcn en yak\u0131\u015f\u0131kl\u0131s\u0131 olarak b\u00fct\u00fcn \u015feyleri d\u00fczene soktu\u201d dedi. \u00d6zel, \u015f\u00f6yle devam etti:<\/p>\n\n\n\n<h3 class=\"wp-block-heading\">\u201cKafesler burada durdu\u011fu takdirde burada bal\u0131k\u00e7\u0131l\u0131k yap\u0131lamaz\u201d<\/h3>\n\n\n\n<p>\u015eimdi Tahsin Bey hakk\u0131nda s\u00f6ylediklerinizden, \u0130l Ba\u015fkan\u0131m\u0131z hakk\u0131nda s\u00f6ylediklerinizden b\u00fcy\u00fck memnuniyet duydum. Burada geldiler, \u00e7al\u0131\u015ft\u0131lar, sizi dinlediler. Bizim de bu program\u0131m\u0131za dahil ettiler ki i\u015fte b\u00fct\u00fcn televizyonlar, gazeteler, muhabir arkada\u015flar bunu haberle\u015ftirsin diye. Burada olan meseleyi tabii ne kadar\u0131 kamuoyuna yans\u0131d\u0131, ses gitti bilmiyorum. Ama ben hem arkada\u015flar\u0131mdan \u00f6nceden ald\u0131\u011f\u0131m bilgilerle hem de \u00e7ok g\u00fczel bir \u015fema ile anlat\u0131ld\u0131. Burada \u00fc\u00e7 tane \u00f6nemli problemin oldu\u011fu \u00e7ok a\u00e7\u0131k. Birincisi bu bal\u0131k kafesleri elbette T\u00fcrkiye\u2019ye ihracat a\u00e7\u0131s\u0131ndan, d\u00f6viz girdisi a\u00e7\u0131s\u0131ndan \u00f6nemli i\u015fler olabilir. Ama bal\u0131k kafesi, kafes bal\u0131k\u00e7\u0131l\u0131\u011f\u0131 her yerde olmaz. Buradaki birinci kural, \u00f6ncelikle zarar vermemesidir. Yani bunun hi\u00e7bir bal\u0131k\u00e7\u0131 k\u00f6y\u00fcne, do\u011faya zarar veremeyece\u011fi en do\u011fru yerlerde yap\u0131lmas\u0131 laz\u0131m. <\/p>\n\n\n\n<p>Bir zaman Bodrum\u2019da bal\u0131k\u00e7\u0131lar \u00e7ok \u015fikayet\u00e7iydi. Bodrum\u2019un bal\u0131k\u00e7\u0131 k\u00f6ylerinin hemen \u00f6n\u00fcne kuruldu ya da Bodrum\u2019da turizme zarar verecek \u015fekilde, \u00e7\u00fcnk\u00fc denizi kirletiyor at\u0131lan yemler, zarar verdi. \u015eimdi de maalesef bunlar geldi Do\u011fu Karadeniz\u2019in ba\u015f\u0131na dert oldu. Biraz \u00f6nce anlat\u0131ld\u0131\u011f\u0131 gibi birincisi bu bal\u0131k\u00e7\u0131 k\u00f6y\u00fcn, T\u00fcrkiye\u2019nin en g\u00fczel bal\u0131klar\u0131n\u0131 yeti\u015ftiren \u00e7ok say\u0131da kad\u0131n bal\u0131k\u00e7\u0131n\u0131n da bulundu\u011fu, \u00e7ocuklar\u0131n\u0131n ekme\u011fini ba\u015fka yerden de \u00e7\u0131karamayacaklar\u0131, bu bal\u0131k\u00e7\u0131 k\u00f6y\u00fcn bal\u0131k\u00e7\u0131l\u0131k yapmas\u0131na engel olacak \u015fekilde kondu. Buna itiraz ediyorlar. Biz de bunun sesini duyurmak \u00fczere buraya geldik. Anlat\u0131yoruz ki bu kafesler burada durdu\u011fu takdirde burada bal\u0131k\u00e7\u0131l\u0131k yap\u0131lamaz, bunun mutlaka ortadan kald\u0131r\u0131lmas\u0131 laz\u0131m. \u0130kincisi; Rize, Artvin havaliman\u0131n\u0131n m\u00fcd\u00fcr\u00fc de a\u00e7\u0131klam\u0131\u015f. Biraz \u00f6nce \u00e7ok de\u011ferli arkada\u015f\u0131m\u0131z, muhtar\u0131m\u0131z ve kooperatifi yetkililerimiz de s\u00f6yledi. Buradan kalkan u\u00e7aklar a\u00e7\u0131s\u0131ndan, buraya yemleme yap\u0131ld\u0131\u011f\u0131nda gelecek olan \u00e7ok say\u0131da mart\u0131 ve di\u011fer ku\u015flar u\u00e7aklar a\u00e7\u0131s\u0131ndan da tehlike yap\u0131yor, buna dikkat \u00e7ekiyorlar. Bunu bug\u00fcnden, yar\u0131n bir felaket ya\u015fanmadan biz de bunu s\u00f6yleyelim. <\/p>\n\n\n\n<h3 class=\"wp-block-heading\">&#8220;Adeta bu \u00c7ED raporu bir hileyle al\u0131nm\u0131\u015f durumda&#8221;<\/h3>\n\n\n\n<p>Ayr\u0131ca burada bir tak\u0131m \u015f\u00fcpheli i\u015flemler olmu\u015f. T\u00fcrkiye\u2019nin neresinde bir liman yapacak olursan, bir maden a\u00e7acak olursan ya da b\u00f6yle bir faaliyete ge\u00e7ecek olursa \u00c7ED denen \u00e7evresel etki de\u011ferlendirme raporu olacak. Bu rapor i\u00e7in halk\u0131 bilgilendirme toplant\u0131s\u0131n\u0131n yap\u0131lmas\u0131 laz\u0131m ve o toplant\u0131n\u0131n duyurulup, halk\u0131n kat\u0131l\u0131m\u0131na a\u00e7\u0131k, kim zarar g\u00f6recek, bal\u0131k\u00e7\u0131lar, kooperatif ba\u015fkanlar\u0131n\u0131n kat\u0131l\u0131m\u0131na a\u00e7\u0131k \u015fekilde bu toplant\u0131n\u0131n yap\u0131lmas\u0131 laz\u0131m. Ama bu toplant\u0131y\u0131 buraya kurulacak olan bal\u0131k\u00e7\u0131 k\u00f6y\u00fcn, \u00f6n\u00fcne konulacak olan bu toplant\u0131ya bu k\u00f6y\u00fcn\u00fcn insanlar\u0131na haber vermeden, uzakta bir tane bile bal\u0131k\u00e7\u0131 teknesi olmayan 2,5 km uzaktaki bir k\u00f6y\u00fcn insanlar\u0131yla yap\u0131lm\u0131\u015f ve adeta bu \u00c7ED raporu bir hileyle al\u0131nm\u0131\u015f durumda. \u015eimdi buradan arkada\u015flar\u0131m\u0131z diyor ki \u2018Bu \u00c7ED raporu bir daha incelensin, bu \u00c7ED raporu i\u00e7in toplant\u0131y\u0131 gelin bizimle bir daha yap\u0131n. Bizim r\u0131zam\u0131z var m\u0131, yok mu bunu sorun\u2019 diyor.\u201d<\/p>\n\n\n<div class=\"wp-block-image\">\n<figure class=\"aligncenter size-full\"><img loading=\"lazy\" decoding=\"async\" width=\"850\" height=\"450\" src=\"https:\/\/epochtimestr.com\/wp-content\/uploads\/2011y\/ozgur1.jpg\" alt=\"YEN\u0130 Parti lideri \u00d6zg\u00fcr \u00d6zel Rize\u2019de Bal\u0131k\u00e7\u0131lar K\u00f6y\u00fc\u2019n\u00fc ziyaret etti. (Foto\u011fraf: YEN\u0130 Parti web sitesi)\" class=\"wp-image-170798\" srcset=\"https:\/\/epochtimestr.com\/wp-content\/uploads\/2011y\/ozgur1.jpg 850w, https:\/\/epochtimestr.com\/wp-content\/uploads\/2011y\/ozgur1-300x159.jpg 300w, https:\/\/epochtimestr.com\/wp-content\/uploads\/2011y\/ozgur1-150x79.jpg 150w, https:\/\/epochtimestr.com\/wp-content\/uploads\/2011y\/ozgur1-768x407.jpg 768w\" sizes=\"(max-width: 850px) 100vw, 850px\" \/><figcaption class=\"wp-element-caption\">YEN\u0130 Parti lideri \u00d6zg\u00fcr \u00d6zel Rize\u2019de Bal\u0131k\u00e7\u0131lar K\u00f6y\u00fc\u2019n\u00fc ziyaret etti. (Foto\u011fraf: YEN\u0130 Parti web sitesi)<\/figcaption><\/figure><\/div>\n\n\n<h3 class=\"wp-block-heading\">\u201c\u2018Biz AK Partiliyiz k\u00f6y olarak ve \u00e7ok oy verdik. Ama AK Parti\u2019den kimseyi yan\u0131m\u0131zda g\u00f6rmedik&#8217; dedi\u201d<\/h3>\n\n\n\n<p>Tabii burada \u00f6nemli bir \u015fey s\u00f6ylendi. Burada bir firma var. Bu firman\u0131n \u00fc\u00e7te iki hissesinin de AK Parti\u2019de \u00e7ok g\u00fc\u00e7l\u00fc olan bir isme ait oldu\u011fu veya o ismin \u00f6nayak oldu\u011fu bir vakfa ait oldu\u011fu s\u00f6yleniyor. Bu y\u00fczden de buraya verilen s\u00f6zler, kaymakam\u0131n verdi\u011fi s\u00f6z, valinin verdi\u011fi s\u00f6z\u00fcn tutulmad\u0131\u011f\u0131 s\u00f6yleniyor. Arkada\u015flar\u0131m\u0131z dedi ki \u2018Biz AK Partiliyiz k\u00f6y olarak ve \u00e7ok oy verdik. Ama AK Parti\u2019den kimseyi yan\u0131m\u0131zda g\u00f6rmedik. Say\u0131n Tahsin Ocakl\u0131 her \u015fartta geldi buraya ve bir oy beklentisi olmadan bunu yapt\u0131.\u2019 Bu \u00e7ok \u00f6nemli. Ama ben burada \u015funu s\u00f6yleyeyim. Marifet iltifata tabiidir. E\u011fer birileri oylar\u0131 ald\u0131\u011f\u0131 zaman telefonlara \u00e7\u0131k\u0131yor, buraya geliyor, bal\u0131klar\u0131 yiyor, oylar\u0131 g\u00f6t\u00fcr\u00fcyor ama k\u00f6y\u00fcn ba\u015f\u0131 derde girdi\u011fi zaman gelmiyorsa\u2026. <\/p>\n\n\n\n<p>O bir oy beklentisiyle yapmam\u0131\u015ft\u0131r ama siz se\u00e7imde Tahsin Ocakl\u0131 ve YEN\u0130 Parti\u2019nin emeklerini g\u00f6rmezden gelmeyeceksiniz. Umut ediyorum ki buradan sonra bu sesinizi T\u00fcrkiye\u2019deki herkes duyar. Hem\u015fehriniz Say\u0131n Cumhurba\u015fkan\u0131 duyar, \u2018Ne oluyor orada?\u2019 diye sorar. Ona da zaten verilecek cevap da \u2018Sizin o\u011flan bu i\u015flerin i\u00e7indeymi\u015f\u2019 diye s\u00f6ylerler. Ondan sonra da bu k\u00f6y\u00fcn bu s\u0131k\u0131nt\u0131lar\u0131 ortadan kalkar. Biz de dilimiz d\u00f6nd\u00fc\u011f\u00fcnce bu sorunu dile getirmeye devam edece\u011fiz. Hepinize \u00e7ok te\u015fekk\u00fcr ediyoruz. Bundan sonra da hep yan\u0131n\u0131zda olmaya devam edece\u011fiz. Pazar, Arde\u015fen ve F\u0131nd\u0131kl\u0131 belediye ba\u015fkanlar\u0131m\u0131za, milletvekilimize, il\u00e7e ve il \u00f6rg\u00fct\u00fcm\u00fcze ben de Genel Ba\u015fkanlar\u0131 olarak bu kadar iyi \u015feyler s\u00f6ylendi\u011fi i\u00e7in partimizi \u00e7ok iyi temsil etmi\u015fler, ben de onlar\u0131 kutluyorum.\u201d<\/p>\n\n\n\n<figure class=\"wp-block-embed is-type-rich is-provider-x wp-block-embed-x\"><div class=\"wp-block-embed__wrapper\">\n<blockquote class=\"twitter-tweet\" data-width=\"550\" data-dnt=\"true\"><p lang=\"tr\" dir=\"ltr\">Rize Pazar\u2019da eylem yapan kad\u0131n bal\u0131k\u00e7\u0131larla birlikteyiz. <a href=\"https:\/\/t.co\/PuEm8unBx4\">https:\/\/t.co\/PuEm8unBx4<\/a><\/p>&mdash; \u00d6zg\u00fcr \u00d6zel (@eczozgurozel) <a href=\"https:\/\/x.com\/eczozgurozel\/status\/2091151990613328151?ref_src=twsrc%5Etfw\">August 22, 2026<\/a><\/blockquote><script async src=\"https:\/\/platform.x.com\/widgets.js\" charset=\"utf-8\"><\/script>\n<\/div><\/figure>\n","protected":false},"excerpt":{"rendered":"<p>Karadeniz ziyaretlerine d\u00fcn Trabzon ile ba\u015flayan YEN\u0130 Parti Genel Ba\u015fkan\u0131 \u00d6zg\u00fcr \u00d6zel, bug\u00fcn Rize&#8217;ye gitti. YEN\u0130 Parti lideri \u00d6zg\u00fcr \u00d6zel, Rize\u2019de Bal\u0131k\u00e7\u0131lar K\u00f6y\u00fc\u2019n\u00fc ziyaret etti. YEN\u0130 Parti Genel Ba\u015fkan\u0131 \u00d6zel, burada vatanda\u015flar\u0131n sorunlar\u0131n\u0131 dinledikten sonra yapt\u0131\u011f\u0131 konu\u015fmada, \u201cYEN\u0130 Parti Genel Ba\u015fkan\u0131 olarak buras\u0131 geldi\u011fim be\u015finci \u015fehir. Bir yola \u00e7\u0131kt\u0131k m\u0131 Rize\u2019ye erken u\u011fruyoruz. Rize, T\u00fcrkiye [&hellip;]<\/p>\n","protected":false},"author":12791,"featured_media":170796,"comment_status":"open","ping_status":"open","sticky":false,"template":"","format":"standard","meta":{"_yoast_wpseo_focuskw":"YEN\u0130 Parti - \u00d6zel","_yoast_wpseo_title":"","_yoast_wpseo_metadesc":"Karadeniz ziyaretlerine d\u00fcn Trabzon ile ba\u015flayan YEN\u0130 Parti Genel Ba\u015fkan\u0131 \u00d6zg\u00fcr \u00d6zel, bug\u00fcn Rize'ye gitti.","_bbp_topic_count":0,"_bbp_reply_count":0,"_bbp_total_topic_count":0,"_bbp_total_reply_count":0,"_bbp_voice_count":0,"_bbp_anonymous_reply_count":0,"_bbp_topic_count_hidden":0,"_bbp_reply_count_hidden":0,"_bbp_forum_subforum_count":0,"footnotes":"","_yoast_wpseo_focuskw_text_input":""},"categories":[1,8138,8226],"tags":[12375,8492,12374,2665,11909],"yoast_head":"<!-- This site is optimized with the Yoast SEO plugin v23.0 - https:\/\/yoast.com\/wordpress\/plugins\/seo\/ -->\n<title>YEN\u0130 Parti lideri \u00d6zg\u00fcr \u00d6zel Rize\u2019de Bal\u0131k\u00e7\u0131lar K\u00f6y\u00fc\u2019n\u00fc Ziyaret Etti - The Epoch Times TR<\/title>\n<meta name=\"description\" content=\"Karadeniz ziyaretlerine d\u00fcn Trabzon ile ba\u015flayan YEN\u0130 Parti Genel Ba\u015fkan\u0131 \u00d6zg\u00fcr \u00d6zel, bug\u00fcn Rize&#039;ye gitti.\" \/>\n<meta name=\"robots\" content=\"index, follow, max-snippet:-1, max-image-preview:large, max-video-preview:-1\" \/>\n<link rel=\"canonical\" href=\"https:\/\/epochtimestr.com\/index.php\/yeni-parti-lideri-ozgur-ozel-rizede-balikcilar-koyunu-ziyaret-etti\" \/>\n<meta property=\"og:locale\" content=\"tr_TR\" \/>\n<meta property=\"og:type\" content=\"article\" \/>\n<meta property=\"og:title\" content=\"YEN\u0130 Parti lideri \u00d6zg\u00fcr \u00d6zel Rize\u2019de Bal\u0131k\u00e7\u0131lar K\u00f6y\u00fc\u2019n\u00fc Ziyaret Etti - The Epoch Times TR\" \/>\n<meta property=\"og:description\" content=\"Karadeniz ziyaretlerine d\u00fcn Trabzon ile ba\u015flayan YEN\u0130 Parti Genel Ba\u015fkan\u0131 \u00d6zg\u00fcr \u00d6zel, bug\u00fcn Rize&#039;ye gitti.\" \/>\n<meta property=\"og:url\" content=\"https:\/\/epochtimestr.com\/index.php\/yeni-parti-lideri-ozgur-ozel-rizede-balikcilar-koyunu-ziyaret-etti\" \/>\n<meta property=\"og:site_name\" content=\"The Epoch Times TR\" \/>\n<meta property=\"article:publisher\" content=\"https:\/\/www.facebook.com\/theepochtimestr\" \/>\n<meta property=\"article:published_time\" content=\"2026-08-23T04:33:03+00:00\" \/>\n<meta property=\"article:modified_time\" content=\"2026-08-23T04:33:06+00:00\" \/>\n<meta property=\"og:image\" content=\"https:\/\/epochtimestr.com\/wp-content\/uploads\/2011y\/yeni-parti-1.jpg\" \/>\n\t<meta property=\"og:image:width\" content=\"2048\" \/>\n\t<meta property=\"og:image:height\" content=\"1024\" \/>\n\t<meta property=\"og:image:type\" content=\"image\/jpeg\" \/>\n<meta name=\"author\" content=\"Haber Merkezi\" \/>\n<meta name=\"twitter:card\" content=\"summary_large_image\" \/>\n<meta name=\"twitter:creator\" content=\"@TheEpochTimesTR\" \/>\n<meta name=\"twitter:site\" content=\"@TheEpochTimesTR\" \/>\n<meta name=\"twitter:label1\" content=\"Yazan:\" \/>\n\t<meta name=\"twitter:data1\" content=\"Haber Merkezi\" \/>\n\t<meta name=\"twitter:label2\" content=\"Tahmini okuma s\u00fcresi\" \/>\n\t<meta name=\"twitter:data2\" content=\"17 dakika\" \/>\n<script type=\"application\/ld+json\" class=\"yoast-schema-graph\">{\"@context\":\"https:\/\/schema.org\",\"@graph\":[{\"@type\":\"Article\",\"@id\":\"https:\/\/epochtimestr.com\/index.php\/yeni-parti-lideri-ozgur-ozel-rizede-balikcilar-koyunu-ziyaret-etti#article\",\"isPartOf\":{\"@id\":\"https:\/\/epochtimestr.com\/index.php\/yeni-parti-lideri-ozgur-ozel-rizede-balikcilar-koyunu-ziyaret-etti\"},\"author\":{\"name\":\"Haber Merkezi\",\"@id\":\"https:\/\/epochtimestr.com\/#\/schema\/person\/3dc5c3adeb9f43923c5aa85889172fdd\"},\"headline\":\"YEN\u0130 Parti lideri \u00d6zg\u00fcr \u00d6zel Rize\u2019de Bal\u0131k\u00e7\u0131lar K\u00f6y\u00fc\u2019n\u00fc Ziyaret Etti\",\"datePublished\":\"2026-08-23T04:33:03+00:00\",\"dateModified\":\"2026-08-23T04:33:06+00:00\",\"mainEntityOfPage\":{\"@id\":\"https:\/\/epochtimestr.com\/index.php\/yeni-parti-lideri-ozgur-ozel-rizede-balikcilar-koyunu-ziyaret-etti\"},\"wordCount\":3856,\"commentCount\":0,\"publisher\":{\"@id\":\"https:\/\/epochtimestr.com\/#organization\"},\"image\":{\"@id\":\"https:\/\/epochtimestr.com\/index.php\/yeni-parti-lideri-ozgur-ozel-rizede-balikcilar-koyunu-ziyaret-etti#primaryimage\"},\"thumbnailUrl\":\"https:\/\/epochtimestr.com\/wp-content\/uploads\/2011y\/yeni-parti-1.jpg\",\"keywords\":[\"Bl\u0131k\u00e7\u0131lar k\u00f6y\u00fc\",\"\u00d6zg\u00fcr \u00d6zel\",\"Pazar\",\"Rize\",\"YEN\u0130 Parti\"],\"articleSection\":[\"G\u00dcNDEM\",\"MAN\u015eET\",\"Siyaset\"],\"inLanguage\":\"tr\",\"potentialAction\":[{\"@type\":\"CommentAction\",\"name\":\"Comment\",\"target\":[\"https:\/\/epochtimestr.com\/index.php\/yeni-parti-lideri-ozgur-ozel-rizede-balikcilar-koyunu-ziyaret-etti#respond\"]}]},{\"@type\":\"WebPage\",\"@id\":\"https:\/\/epochtimestr.com\/index.php\/yeni-parti-lideri-ozgur-ozel-rizede-balikcilar-koyunu-ziyaret-etti\",\"url\":\"https:\/\/epochtimestr.com\/index.php\/yeni-parti-lideri-ozgur-ozel-rizede-balikcilar-koyunu-ziyaret-etti\",\"name\":\"YEN\u0130 Parti lideri \u00d6zg\u00fcr \u00d6zel Rize\u2019de Bal\u0131k\u00e7\u0131lar K\u00f6y\u00fc\u2019n\u00fc Ziyaret Etti - The Epoch Times TR\",\"isPartOf\":{\"@id\":\"https:\/\/epochtimestr.com\/#website\"},\"primaryImageOfPage\":{\"@id\":\"https:\/\/epochtimestr.com\/index.php\/yeni-parti-lideri-ozgur-ozel-rizede-balikcilar-koyunu-ziyaret-etti#primaryimage\"},\"image\":{\"@id\":\"https:\/\/epochtimestr.com\/index.php\/yeni-parti-lideri-ozgur-ozel-rizede-balikcilar-koyunu-ziyaret-etti#primaryimage\"},\"thumbnailUrl\":\"https:\/\/epochtimestr.com\/wp-content\/uploads\/2011y\/yeni-parti-1.jpg\",\"datePublished\":\"2026-08-23T04:33:03+00:00\",\"dateModified\":\"2026-08-23T04:33:06+00:00\",\"description\":\"Karadeniz ziyaretlerine d\u00fcn Trabzon ile ba\u015flayan YEN\u0130 Parti Genel Ba\u015fkan\u0131 \u00d6zg\u00fcr \u00d6zel, bug\u00fcn Rize'ye gitti.\",\"inLanguage\":\"tr\",\"potentialAction\":[{\"@type\":\"ReadAction\",\"target\":[\"https:\/\/epochtimestr.com\/index.php\/yeni-parti-lideri-ozgur-ozel-rizede-balikcilar-koyunu-ziyaret-etti\"]}]},{\"@type\":\"ImageObject\",\"inLanguage\":\"tr\",\"@id\":\"https:\/\/epochtimestr.com\/index.php\/yeni-parti-lideri-ozgur-ozel-rizede-balikcilar-koyunu-ziyaret-etti#primaryimage\",\"url\":\"https:\/\/epochtimestr.com\/wp-content\/uploads\/2011y\/yeni-parti-1.jpg\",\"contentUrl\":\"https:\/\/epochtimestr.com\/wp-content\/uploads\/2011y\/yeni-parti-1.jpg\",\"width\":2048,\"height\":1024},{\"@type\":\"WebSite\",\"@id\":\"https:\/\/epochtimestr.com\/#website\",\"url\":\"https:\/\/epochtimestr.com\/\",\"name\":\"The Epoch Times TR\",\"description\":\"De\u011fi\u015fen D\u00fcnyam\u0131za Taze Bir Bak\u0131\u015f\",\"publisher\":{\"@id\":\"https:\/\/epochtimestr.com\/#organization\"},\"potentialAction\":[{\"@type\":\"SearchAction\",\"target\":{\"@type\":\"EntryPoint\",\"urlTemplate\":\"https:\/\/epochtimestr.com\/?s={search_term_string}\"},\"query-input\":\"required name=search_term_string\"}],\"inLanguage\":\"tr\"},{\"@type\":\"Organization\",\"@id\":\"https:\/\/epochtimestr.com\/#organization\",\"name\":\"The EpochTimes T\u00fcrkiye\",\"url\":\"https:\/\/epochtimestr.com\/\",\"logo\":{\"@type\":\"ImageObject\",\"inLanguage\":\"tr\",\"@id\":\"https:\/\/epochtimestr.com\/#\/schema\/logo\/image\/\",\"url\":\"https:\/\/epochtimestr.com\/wp-content\/uploads\/2011y\/ET-Logo-YG.jpg\",\"contentUrl\":\"https:\/\/epochtimestr.com\/wp-content\/uploads\/2011y\/ET-Logo-YG.jpg\",\"width\":346,\"height\":29,\"caption\":\"The EpochTimes T\u00fcrkiye\"},\"image\":{\"@id\":\"https:\/\/epochtimestr.com\/#\/schema\/logo\/image\/\"},\"sameAs\":[\"https:\/\/www.facebook.com\/theepochtimestr\",\"https:\/\/x.com\/TheEpochTimesTR\",\"https:\/\/www.instagram.com\/epochtimestr\"]},{\"@type\":\"Person\",\"@id\":\"https:\/\/epochtimestr.com\/#\/schema\/person\/3dc5c3adeb9f43923c5aa85889172fdd\",\"name\":\"Haber Merkezi\",\"image\":{\"@type\":\"ImageObject\",\"inLanguage\":\"tr\",\"@id\":\"https:\/\/epochtimestr.com\/#\/schema\/person\/image\/\",\"url\":\"https:\/\/secure.gravatar.com\/avatar\/d73f772ba5a74f28601361e17c2f93e6?s=96&d=mm&r=g\",\"contentUrl\":\"https:\/\/secure.gravatar.com\/avatar\/d73f772ba5a74f28601361e17c2f93e6?s=96&d=mm&r=g\",\"caption\":\"Haber Merkezi\"},\"url\":\"https:\/\/epochtimestr.com\/index.php\/author\/sendag\"}]}<\/script>\n<!-- \/ Yoast SEO plugin. -->","yoast_head_json":{"title":"YEN\u0130 Parti lideri \u00d6zg\u00fcr \u00d6zel Rize\u2019de Bal\u0131k\u00e7\u0131lar K\u00f6y\u00fc\u2019n\u00fc Ziyaret Etti - The Epoch Times TR","description":"Karadeniz ziyaretlerine d\u00fcn Trabzon ile ba\u015flayan YEN\u0130 Parti Genel Ba\u015fkan\u0131 \u00d6zg\u00fcr \u00d6zel, bug\u00fcn Rize'ye gitti.","robots":{"index":"index","follow":"follow","max-snippet":"max-snippet:-1","max-image-preview":"max-image-preview:large","max-video-preview":"max-video-preview:-1"},"canonical":"https:\/\/epochtimestr.com\/index.php\/yeni-parti-lideri-ozgur-ozel-rizede-balikcilar-koyunu-ziyaret-etti","og_locale":"tr_TR","og_type":"article","og_title":"YEN\u0130 Parti lideri \u00d6zg\u00fcr \u00d6zel Rize\u2019de Bal\u0131k\u00e7\u0131lar K\u00f6y\u00fc\u2019n\u00fc Ziyaret Etti - The Epoch Times TR","og_description":"Karadeniz ziyaretlerine d\u00fcn Trabzon ile ba\u015flayan YEN\u0130 Parti Genel Ba\u015fkan\u0131 \u00d6zg\u00fcr \u00d6zel, bug\u00fcn Rize'ye gitti.","og_url":"https:\/\/epochtimestr.com\/index.php\/yeni-parti-lideri-ozgur-ozel-rizede-balikcilar-koyunu-ziyaret-etti","og_site_name":"The Epoch Times TR","article_publisher":"https:\/\/www.facebook.com\/theepochtimestr","article_published_time":"2026-08-23T04:33:03+00:00","article_modified_time":"2026-08-23T04:33:06+00:00","og_image":[{"width":2048,"height":1024,"url":"https:\/\/epochtimestr.com\/wp-content\/uploads\/2011y\/yeni-parti-1.jpg","type":"image\/jpeg"}],"author":"Haber Merkezi","twitter_card":"summary_large_image","twitter_creator":"@TheEpochTimesTR","twitter_site":"@TheEpochTimesTR","twitter_misc":{"Yazan:":"Haber Merkezi","Tahmini okuma s\u00fcresi":"17 dakika"},"schema":{"@context":"https:\/\/schema.org","@graph":[{"@type":"Article","@id":"https:\/\/epochtimestr.com\/index.php\/yeni-parti-lideri-ozgur-ozel-rizede-balikcilar-koyunu-ziyaret-etti#article","isPartOf":{"@id":"https:\/\/epochtimestr.com\/index.php\/yeni-parti-lideri-ozgur-ozel-rizede-balikcilar-koyunu-ziyaret-etti"},"author":{"name":"Haber Merkezi","@id":"https:\/\/epochtimestr.com\/#\/schema\/person\/3dc5c3adeb9f43923c5aa85889172fdd"},"headline":"YEN\u0130 Parti lideri \u00d6zg\u00fcr \u00d6zel Rize\u2019de Bal\u0131k\u00e7\u0131lar K\u00f6y\u00fc\u2019n\u00fc Ziyaret Etti","datePublished":"2026-08-23T04:33:03+00:00","dateModified":"2026-08-23T04:33:06+00:00","mainEntityOfPage":{"@id":"https:\/\/epochtimestr.com\/index.php\/yeni-parti-lideri-ozgur-ozel-rizede-balikcilar-koyunu-ziyaret-etti"},"wordCount":3856,"commentCount":0,"publisher":{"@id":"https:\/\/epochtimestr.com\/#organization"},"image":{"@id":"https:\/\/epochtimestr.com\/index.php\/yeni-parti-lideri-ozgur-ozel-rizede-balikcilar-koyunu-ziyaret-etti#primaryimage"},"thumbnailUrl":"https:\/\/epochtimestr.com\/wp-content\/uploads\/2011y\/yeni-parti-1.jpg","keywords":["Bl\u0131k\u00e7\u0131lar k\u00f6y\u00fc","\u00d6zg\u00fcr \u00d6zel","Pazar","Rize","YEN\u0130 Parti"],"articleSection":["G\u00dcNDEM","MAN\u015eET","Siyaset"],"inLanguage":"tr","potentialAction":[{"@type":"CommentAction","name":"Comment","target":["https:\/\/epochtimestr.com\/index.php\/yeni-parti-lideri-ozgur-ozel-rizede-balikcilar-koyunu-ziyaret-etti#respond"]}]},{"@type":"WebPage","@id":"https:\/\/epochtimestr.com\/index.php\/yeni-parti-lideri-ozgur-ozel-rizede-balikcilar-koyunu-ziyaret-etti","url":"https:\/\/epochtimestr.com\/index.php\/yeni-parti-lideri-ozgur-ozel-rizede-balikcilar-koyunu-ziyaret-etti","name":"YEN\u0130 Parti lideri \u00d6zg\u00fcr \u00d6zel Rize\u2019de Bal\u0131k\u00e7\u0131lar K\u00f6y\u00fc\u2019n\u00fc Ziyaret Etti - The Epoch Times TR","isPartOf":{"@id":"https:\/\/epochtimestr.com\/#website"},"primaryImageOfPage":{"@id":"https:\/\/epochtimestr.com\/index.php\/yeni-parti-lideri-ozgur-ozel-rizede-balikcilar-koyunu-ziyaret-etti#primaryimage"},"image":{"@id":"https:\/\/epochtimestr.com\/index.php\/yeni-parti-lideri-ozgur-ozel-rizede-balikcilar-koyunu-ziyaret-etti#primaryimage"},"thumbnailUrl":"https:\/\/epochtimestr.com\/wp-content\/uploads\/2011y\/yeni-parti-1.jpg","datePublished":"2026-08-23T04:33:03+00:00","dateModified":"2026-08-23T04:33:06+00:00","description":"Karadeniz ziyaretlerine d\u00fcn Trabzon ile ba\u015flayan YEN\u0130 Parti Genel Ba\u015fkan\u0131 \u00d6zg\u00fcr \u00d6zel, bug\u00fcn Rize'ye gitti.","inLanguage":"tr","potentialAction":[{"@type":"ReadAction","target":["https:\/\/epochtimestr.com\/index.php\/yeni-parti-lideri-ozgur-ozel-rizede-balikcilar-koyunu-ziyaret-etti"]}]},{"@type":"ImageObject","inLanguage":"tr","@id":"https:\/\/epochtimestr.com\/index.php\/yeni-parti-lideri-ozgur-ozel-rizede-balikcilar-koyunu-ziyaret-etti#primaryimage","url":"https:\/\/epochtimestr.com\/wp-content\/uploads\/2011y\/yeni-parti-1.jpg","contentUrl":"https:\/\/epochtimestr.com\/wp-content\/uploads\/2011y\/yeni-parti-1.jpg","width":2048,"height":1024},{"@type":"WebSite","@id":"https:\/\/epochtimestr.com\/#website","url":"https:\/\/epochtimestr.com\/","name":"The Epoch Times TR","description":"De\u011fi\u015fen D\u00fcnyam\u0131za Taze Bir Bak\u0131\u015f","publisher":{"@id":"https:\/\/epochtimestr.com\/#organization"},"potentialAction":[{"@type":"SearchAction","target":{"@type":"EntryPoint","urlTemplate":"https:\/\/epochtimestr.com\/?s={search_term_string}"},"query-input":"required name=search_term_string"}],"inLanguage":"tr"},{"@type":"Organization","@id":"https:\/\/epochtimestr.com\/#organization","name":"The EpochTimes T\u00fcrkiye","url":"https:\/\/epochtimestr.com\/","logo":{"@type":"ImageObject","inLanguage":"tr","@id":"https:\/\/epochtimestr.com\/#\/schema\/logo\/image\/","url":"https:\/\/epochtimestr.com\/wp-content\/uploads\/2011y\/ET-Logo-YG.jpg","contentUrl":"https:\/\/epochtimestr.com\/wp-content\/uploads\/2011y\/ET-Logo-YG.jpg","width":346,"height":29,"caption":"The EpochTimes T\u00fcrkiye"},"image":{"@id":"https:\/\/epochtimestr.com\/#\/schema\/logo\/image\/"},"sameAs":["https:\/\/www.facebook.com\/theepochtimestr","https:\/\/x.com\/TheEpochTimesTR","https:\/\/www.instagram.com\/epochtimestr"]},{"@type":"Person","@id":"https:\/\/epochtimestr.com\/#\/schema\/person\/3dc5c3adeb9f43923c5aa85889172fdd","name":"Haber Merkezi","image":{"@type":"ImageObject","inLanguage":"tr","@id":"https:\/\/epochtimestr.com\/#\/schema\/person\/image\/","url":"https:\/\/secure.gravatar.com\/avatar\/d73f772ba5a74f28601361e17c2f93e6?s=96&d=mm&r=g","contentUrl":"https:\/\/secure.gravatar.com\/avatar\/d73f772ba5a74f28601361e17c2f93e6?s=96&d=mm&r=g","caption":"Haber Merkezi"},"url":"https:\/\/epochtimestr.com\/index.php\/author\/sendag"}]}},"_links":{"self":[{"href":"https:\/\/epochtimestr.com\/index.php\/wp-json\/wp\/v2\/posts\/170795"}],"collection":[{"href":"https:\/\/epochtimestr.com\/index.php\/wp-json\/wp\/v2\/posts"}],"about":[{"href":"https:\/\/epochtimestr.com\/index.php\/wp-json\/wp\/v2\/types\/post"}],"author":[{"embeddable":true,"href":"https:\/\/epochtimestr.com\/index.php\/wp-json\/wp\/v2\/users\/12791"}],"replies":[{"embeddable":true,"href":"https:\/\/epochtimestr.com\/index.php\/wp-json\/wp\/v2\/comments?post=170795"}],"version-history":[{"count":2,"href":"https:\/\/epochtimestr.com\/index.php\/wp-json\/wp\/v2\/posts\/170795\/revisions"}],"predecessor-version":[{"id":170802,"href":"https:\/\/epochtimestr.com\/index.php\/wp-json\/wp\/v2\/posts\/170795\/revisions\/170802"}],"wp:featuredmedia":[{"embeddable":true,"href":"https:\/\/epochtimestr.com\/index.php\/wp-json\/wp\/v2\/media\/170796"}],"wp:attachment":[{"href":"https:\/\/epochtimestr.com\/index.php\/wp-json\/wp\/v2\/media?parent=170795"}],"wp:term":[{"taxonomy":"category","embeddable":true,"href":"https:\/\/epochtimestr.com\/index.php\/wp-json\/wp\/v2\/categories?post=170795"},{"taxonomy":"post_tag","embeddable":true,"href":"https:\/\/epochtimestr.com\/index.php\/wp-json\/wp\/v2\/tags?post=170795"}],"curies":[{"name":"wp","href":"https:\/\/api.w.org\/{rel}","templated":true}]}}