{"id":170803,"date":"2026-08-23T08:00:00","date_gmt":"2026-08-23T05:00:00","guid":{"rendered":"https:\/\/epochtimestr.com\/?p=170803"},"modified":"2026-08-23T07:45:11","modified_gmt":"2026-08-23T04:45:11","slug":"can-sikintisi","status":"publish","type":"post","link":"https:\/\/epochtimestr.com\/index.php\/can-sikintisi","title":{"rendered":"Can S\u0131k\u0131nt\u0131s\u0131"},"content":{"rendered":"\n<p class=\"has-text-align-right\">Kendinizi, kendinizle zaman ge\u00e7irmeyi,<br \/>yaln\u0131zl\u0131k sanmayaca\u011f\u0131n\u0131z \u015fekilde yeti\u015ftirin.<br \/>Andrey Tarkovski<\/p>\n\n\n\n<p>Lise y\u0131llar\u0131mda Orhan Veli\u2019ye dadanm\u0131\u015ft\u0131m, ergen \u00e7a\u011f\u0131m\u0131n u\u00e7ar\u0131l\u0131klar\u0131nda yank\u0131lanan bir sesi vard\u0131 \u015fiirlerinin. E\u011flenmek i\u00e7in okurdum, h\u00fcz\u00fcnlenmek i\u00e7in okurdum, d\u00fc\u015f\u00fcnmek i\u00e7in, \u00f6\u011frenmek i\u00e7in okurdum. Hele bir \u015fiiri vard\u0131 ki, bay\u0131l\u0131rd\u0131m. Ka\u00e7mak m\u00fcmk\u00fcn olsa da, kurtulmas\u0131 imk\u00e2ns\u0131z bir a\u015fk\u0131 anlat\u0131yordu dolayl\u0131 yolla. \u015e\u00f6yleydi:<\/p>\n\n\n\n<p class=\"has-text-align-center\"><strong><em>&nbsp;&nbsp;&nbsp;&nbsp;&nbsp;&nbsp;&nbsp;&nbsp;&nbsp;&nbsp;&nbsp;&nbsp;&nbsp; Misafir <\/em><\/strong><strong><em><\/em><\/strong><\/p>\n\n\n\n<p class=\"has-text-align-center\"><em>D\u00fcn fena s\u0131k\u0131ld\u0131m ak\u015fama kadar;<br \/>\u0130ki paket cigara bana m\u0131s\u0131n demedi;<br \/>Yaz\u0131 yazacak oldum, sarmad\u0131;<br \/>Keman \u00e7ald\u0131m \u00f6mr\u00fcmde ilk defa;<br \/>Dola\u015ft\u0131m,<br \/>Tavla oynayanlar\u0131 seyrettim,<br \/>Bir \u015fark\u0131y\u0131 ba\u015fka makamla s\u00f6yledim;<br \/>Sinek tuttum, bir kibrit kutusu;<br \/>Allah kahretsin, en sonunda,<br \/>Kalkt\u0131m, buraya geldim.<\/em><em><\/em><\/p>\n\n\n\n<p>Can\u0131m\u0131n s\u0131k\u0131ld\u0131\u011f\u0131 zamanlarda kendimi neyle oyalayaca\u011f\u0131ma ili\u015fkin ilhamlar al\u0131r, \u015fiirdeki mizahla (humour) ne\u015felenirdim.<\/p>\n\n\n\n<p>\u2026<\/p>\n\n\n\n<p>O zamanlar liselilerin i\u00e7inde kaybolacaklar\u0131, hayal bile kurabilecekleri kadar geni\u015f zamanlar\u0131 vard\u0131. K\u00f6k\u00fc \u00e7ocuklukta olan vakitlerdi, t\u0131pk\u0131 \u015fimdiki gibi.&nbsp;<\/p>\n\n\n\n<p>Edip Cansever\u2019in dedi\u011fi gibi: <em>G\u00f6ky\u00fcz\u00fc gibi bir \u015fey bu \u00e7ocukluk \/ Hi\u00e7bir yere gitmiyor. <\/em><em><\/em><\/p>\n\n\n\n<p>\u00c7ocukluk bir yere gitmiyor da, sen duruma al\u0131\u015f\u0131yorsun zamanla.<\/p>\n\n\n\n<p>Geni\u015f zamanlardan kovuldu\u011fun bu hayat da\u011fda\u011fas\u0131nda, <em>di\u2019li ge\u00e7mi\u015f zamanlara<\/em> elbette vakit kalm\u0131yor.<\/p>\n\n\n\n<p>Can\u0131m\u0131z s\u0131k\u0131lacak kadar bile bo\u015f zaman\u0131m\u0131z yok art\u0131k, hayat m\u00fccadelesinin h\u0131z\u0131 \u00f6mr\u00fcm\u00fcz\u00fcn s\u00fcresini a\u015f\u0131yor.<\/p>\n\n\n\n<p>\u2026<\/p>\n\n\n\n<p>Oysa can\u0131 s\u0131k\u0131lmak fena bir \u015fey de\u011fildir asl\u0131nda. \u0130nsan\u0131 bir \u015feyler d\u00fc\u015f\u00fcnmeye, \u00fcretmeye, aray\u0131\u015fa y\u00f6nlendirir, olmad\u0131k \u015feyler buldurur. Fakat yeti\u015fkinlerin \u201c<em>Durup dururken icat \u00e7\u0131karma \u015fimdi !<\/em>\u201d yollu telkin ve tembihleri nice parlak fikirleri kayna\u011f\u0131nda kurutmu\u015f, nice potansiyel mucidi daha ye\u015fermeden soldurmu\u015ftur, kim bilir\u2026<\/p>\n\n\n\n<p>\u2026<\/p>\n\n\n\n<p>Neyzen Tevfik\u2019e sormu\u015flar; \u201cHayatla, d\u00fcnyayla aran nas\u0131l?\u201d diye, her zamanki gibi \u00e7ak\u0131rkeyif edas\u0131yla sallanarak cevaplam\u0131\u015f: &#8220;D\u00fcnya d\u00f6n\u00fcyor, ben de d\u00f6n\u00fcyorum, Allah ahengimizi bozmas\u0131n.\u201d<\/p>\n\n\n\n<p>Ben de d\u0131\u015f\u0131mda d\u00f6nen hayat\u0131n ritmini reddediyorum art\u0131k, saatimi kendi zaman\u0131ma kuruyorum.<\/p>\n\n\n\n<p>Dostlar\u0131m var, onlarla sohbet ediyoruz, ger\u00e7i \u00e7o\u011fu yerin alt\u0131nda \u015fimdi. Ama yery\u00fcz\u00fcndekilerden daha \u00e7ok keyif veriyorlar.<\/p>\n\n\n\n<p>Dostlar\u0131m; Tar\u0131k Bu\u011fra, Cemil Meri\u00e7, Nasreddin Hoca, Necip Faz\u0131l, Kemal Tahir, Amin Maalouf, Dostoyevski, Mustafa Kutlu, Ethem Baran, Murat Mente\u015f, Alper Can\u0131g\u00fcz, Kurt Vonnegut, Chuck Palahniuk, \u0130smet \u00d6zel\u2026<\/p>\n\n\n\n<p>Hepsi iyi \u00e7ocuklar, tan\u0131san\u0131z siz de \u00e7ok seversiniz.<\/p>\n\n\n\n<p>Onlarla beraberken insan\u0131n hi\u00e7 can\u0131 s\u0131k\u0131lm\u0131yor\u2026<\/p>\n","protected":false},"excerpt":{"rendered":"<p>Kendinizi, kendinizle zaman ge\u00e7irmeyi,yaln\u0131zl\u0131k sanmayaca\u011f\u0131n\u0131z \u015fekilde yeti\u015ftirin.Andrey Tarkovski Lise y\u0131llar\u0131mda Orhan Veli\u2019ye dadanm\u0131\u015ft\u0131m, ergen \u00e7a\u011f\u0131m\u0131n u\u00e7ar\u0131l\u0131klar\u0131nda yank\u0131lanan bir sesi vard\u0131 \u015fiirlerinin. E\u011flenmek i\u00e7in okurdum, h\u00fcz\u00fcnlenmek i\u00e7in okurdum, d\u00fc\u015f\u00fcnmek i\u00e7in, \u00f6\u011frenmek i\u00e7in okurdum. Hele bir \u015fiiri vard\u0131 ki, bay\u0131l\u0131rd\u0131m. Ka\u00e7mak m\u00fcmk\u00fcn olsa da, kurtulmas\u0131 imk\u00e2ns\u0131z bir a\u015fk\u0131 anlat\u0131yordu dolayl\u0131 yolla. \u015e\u00f6yleydi: &nbsp;&nbsp;&nbsp;&nbsp;&nbsp;&nbsp;&nbsp;&nbsp;&nbsp;&nbsp;&nbsp;&nbsp;&nbsp; Misafir D\u00fcn fena s\u0131k\u0131ld\u0131m [&hellip;]<\/p>\n","protected":false},"author":14002,"featured_media":161248,"comment_status":"open","ping_status":"open","sticky":false,"template":"","format":"standard","meta":{"_yoast_wpseo_focuskw":"can","_yoast_wpseo_title":"","_yoast_wpseo_metadesc":"Lise y\u0131llar\u0131mda Orhan Veli\u2019ye dadanm\u0131\u015ft\u0131m, ergen \u00e7a\u011f\u0131m\u0131n u\u00e7ar\u0131l\u0131klar\u0131nda yank\u0131lanan bir sesi vard\u0131 \u015fiirlerinin.","_bbp_topic_count":0,"_bbp_reply_count":0,"_bbp_total_topic_count":0,"_bbp_total_reply_count":0,"_bbp_voice_count":0,"_bbp_anonymous_reply_count":0,"_bbp_topic_count_hidden":0,"_bbp_reply_count_hidden":0,"_bbp_forum_subforum_count":0,"footnotes":"","_yoast_wpseo_focuskw_text_input":""},"categories":[9240],"tags":[11729,11761],"yoast_head":"<!-- This site is optimized with the Yoast SEO plugin v23.0 - https:\/\/yoast.com\/wordpress\/plugins\/seo\/ -->\n<title>Can S\u0131k\u0131nt\u0131s\u0131 - The Epoch Times TR<\/title>\n<meta name=\"description\" content=\"Lise y\u0131llar\u0131mda Orhan Veli\u2019ye dadanm\u0131\u015ft\u0131m, ergen \u00e7a\u011f\u0131m\u0131n u\u00e7ar\u0131l\u0131klar\u0131nda yank\u0131lanan bir sesi vard\u0131 \u015fiirlerinin.\" \/>\n<meta name=\"robots\" content=\"index, follow, max-snippet:-1, max-image-preview:large, max-video-preview:-1\" \/>\n<link rel=\"canonical\" href=\"https:\/\/epochtimestr.com\/index.php\/can-sikintisi\" \/>\n<meta property=\"og:locale\" content=\"tr_TR\" \/>\n<meta property=\"og:type\" content=\"article\" \/>\n<meta property=\"og:title\" content=\"Can S\u0131k\u0131nt\u0131s\u0131 - The Epoch Times TR\" \/>\n<meta property=\"og:description\" content=\"Lise y\u0131llar\u0131mda Orhan Veli\u2019ye dadanm\u0131\u015ft\u0131m, ergen \u00e7a\u011f\u0131m\u0131n u\u00e7ar\u0131l\u0131klar\u0131nda yank\u0131lanan bir sesi vard\u0131 \u015fiirlerinin.\" \/>\n<meta property=\"og:url\" content=\"https:\/\/epochtimestr.com\/index.php\/can-sikintisi\" \/>\n<meta property=\"og:site_name\" content=\"The Epoch Times TR\" \/>\n<meta property=\"article:publisher\" content=\"https:\/\/www.facebook.com\/theepochtimestr\" \/>\n<meta property=\"article:published_time\" content=\"2026-08-23T05:00:00+00:00\" \/>\n<meta property=\"article:modified_time\" content=\"2026-08-23T04:45:11+00:00\" \/>\n<meta property=\"og:image\" content=\"https:\/\/epochtimestr.com\/wp-content\/uploads\/2011y\/Omer-Karayilan-SM-2.jpg\" \/>\n\t<meta property=\"og:image:width\" content=\"1200\" \/>\n\t<meta property=\"og:image:height\" content=\"630\" \/>\n\t<meta property=\"og:image:type\" content=\"image\/jpeg\" \/>\n<meta name=\"author\" content=\"\u00d6mer Karay\u0131lan\" \/>\n<meta name=\"twitter:card\" content=\"summary_large_image\" \/>\n<meta name=\"twitter:creator\" content=\"@TheEpochTimesTR\" \/>\n<meta name=\"twitter:site\" content=\"@TheEpochTimesTR\" \/>\n<meta name=\"twitter:label1\" content=\"Yazan:\" \/>\n\t<meta name=\"twitter:data1\" content=\"\u00d6mer Karay\u0131lan\" \/>\n\t<meta name=\"twitter:label2\" content=\"Tahmini okuma s\u00fcresi\" \/>\n\t<meta name=\"twitter:data2\" content=\"3 dakika\" \/>\n<script type=\"application\/ld+json\" class=\"yoast-schema-graph\">{\"@context\":\"https:\/\/schema.org\",\"@graph\":[{\"@type\":\"Article\",\"@id\":\"https:\/\/epochtimestr.com\/index.php\/can-sikintisi#article\",\"isPartOf\":{\"@id\":\"https:\/\/epochtimestr.com\/index.php\/can-sikintisi\"},\"author\":{\"name\":\"\u00d6mer Karay\u0131lan\",\"@id\":\"https:\/\/epochtimestr.com\/#\/schema\/person\/ee101079be4d8fb9fb88cca6784e219b\"},\"headline\":\"Can S\u0131k\u0131nt\u0131s\u0131\",\"datePublished\":\"2026-08-23T05:00:00+00:00\",\"dateModified\":\"2026-08-23T04:45:11+00:00\",\"mainEntityOfPage\":{\"@id\":\"https:\/\/epochtimestr.com\/index.php\/can-sikintisi\"},\"wordCount\":464,\"commentCount\":1,\"publisher\":{\"@id\":\"https:\/\/epochtimestr.com\/#organization\"},\"image\":{\"@id\":\"https:\/\/epochtimestr.com\/index.php\/can-sikintisi#primaryimage\"},\"thumbnailUrl\":\"https:\/\/epochtimestr.com\/wp-content\/uploads\/2011y\/Karayilan-Profil.png\",\"keywords\":[\"K\u00f6\u015fe\",\"k\u00f6\u015fe edebiyat\"],\"articleSection\":[\"K\u00f6\u015fe Yaz\u0131lar\u0131 \u00d6mer Karay\u0131lan\"],\"inLanguage\":\"tr\",\"potentialAction\":[{\"@type\":\"CommentAction\",\"name\":\"Comment\",\"target\":[\"https:\/\/epochtimestr.com\/index.php\/can-sikintisi#respond\"]}]},{\"@type\":\"WebPage\",\"@id\":\"https:\/\/epochtimestr.com\/index.php\/can-sikintisi\",\"url\":\"https:\/\/epochtimestr.com\/index.php\/can-sikintisi\",\"name\":\"Can S\u0131k\u0131nt\u0131s\u0131 - The Epoch Times TR\",\"isPartOf\":{\"@id\":\"https:\/\/epochtimestr.com\/#website\"},\"primaryImageOfPage\":{\"@id\":\"https:\/\/epochtimestr.com\/index.php\/can-sikintisi#primaryimage\"},\"image\":{\"@id\":\"https:\/\/epochtimestr.com\/index.php\/can-sikintisi#primaryimage\"},\"thumbnailUrl\":\"https:\/\/epochtimestr.com\/wp-content\/uploads\/2011y\/Karayilan-Profil.png\",\"datePublished\":\"2026-08-23T05:00:00+00:00\",\"dateModified\":\"2026-08-23T04:45:11+00:00\",\"description\":\"Lise y\u0131llar\u0131mda Orhan Veli\u2019ye dadanm\u0131\u015ft\u0131m, ergen \u00e7a\u011f\u0131m\u0131n u\u00e7ar\u0131l\u0131klar\u0131nda yank\u0131lanan bir sesi vard\u0131 \u015fiirlerinin.\",\"inLanguage\":\"tr\",\"potentialAction\":[{\"@type\":\"ReadAction\",\"target\":[\"https:\/\/epochtimestr.com\/index.php\/can-sikintisi\"]}]},{\"@type\":\"ImageObject\",\"inLanguage\":\"tr\",\"@id\":\"https:\/\/epochtimestr.com\/index.php\/can-sikintisi#primaryimage\",\"url\":\"https:\/\/epochtimestr.com\/wp-content\/uploads\/2011y\/Karayilan-Profil.png\",\"contentUrl\":\"https:\/\/epochtimestr.com\/wp-content\/uploads\/2011y\/Karayilan-Profil.png\",\"width\":600,\"height\":600},{\"@type\":\"WebSite\",\"@id\":\"https:\/\/epochtimestr.com\/#website\",\"url\":\"https:\/\/epochtimestr.com\/\",\"name\":\"The Epoch Times TR\",\"description\":\"De\u011fi\u015fen D\u00fcnyam\u0131za Taze Bir Bak\u0131\u015f\",\"publisher\":{\"@id\":\"https:\/\/epochtimestr.com\/#organization\"},\"potentialAction\":[{\"@type\":\"SearchAction\",\"target\":{\"@type\":\"EntryPoint\",\"urlTemplate\":\"https:\/\/epochtimestr.com\/?s={search_term_string}\"},\"query-input\":\"required name=search_term_string\"}],\"inLanguage\":\"tr\"},{\"@type\":\"Organization\",\"@id\":\"https:\/\/epochtimestr.com\/#organization\",\"name\":\"The EpochTimes T\u00fcrkiye\",\"url\":\"https:\/\/epochtimestr.com\/\",\"logo\":{\"@type\":\"ImageObject\",\"inLanguage\":\"tr\",\"@id\":\"https:\/\/epochtimestr.com\/#\/schema\/logo\/image\/\",\"url\":\"https:\/\/epochtimestr.com\/wp-content\/uploads\/2011y\/ET-Logo-YG.jpg\",\"contentUrl\":\"https:\/\/epochtimestr.com\/wp-content\/uploads\/2011y\/ET-Logo-YG.jpg\",\"width\":346,\"height\":29,\"caption\":\"The EpochTimes T\u00fcrkiye\"},\"image\":{\"@id\":\"https:\/\/epochtimestr.com\/#\/schema\/logo\/image\/\"},\"sameAs\":[\"https:\/\/www.facebook.com\/theepochtimestr\",\"https:\/\/x.com\/TheEpochTimesTR\",\"https:\/\/www.instagram.com\/epochtimestr\"]},{\"@type\":\"Person\",\"@id\":\"https:\/\/epochtimestr.com\/#\/schema\/person\/ee101079be4d8fb9fb88cca6784e219b\",\"name\":\"\u00d6mer Karay\u0131lan\",\"image\":{\"@type\":\"ImageObject\",\"inLanguage\":\"tr\",\"@id\":\"https:\/\/epochtimestr.com\/#\/schema\/person\/image\/\",\"url\":\"https:\/\/secure.gravatar.com\/avatar\/23a8932f0189c3fe4c0e2731cb5eb5dd?s=96&d=mm&r=g\",\"contentUrl\":\"https:\/\/secure.gravatar.com\/avatar\/23a8932f0189c3fe4c0e2731cb5eb5dd?s=96&d=mm&r=g\",\"caption\":\"\u00d6mer Karay\u0131lan\"},\"url\":\"https:\/\/epochtimestr.com\/index.php\/author\/omer\"}]}<\/script>\n<!-- \/ Yoast SEO plugin. -->","yoast_head_json":{"title":"Can S\u0131k\u0131nt\u0131s\u0131 - The Epoch Times TR","description":"Lise y\u0131llar\u0131mda Orhan Veli\u2019ye dadanm\u0131\u015ft\u0131m, ergen \u00e7a\u011f\u0131m\u0131n u\u00e7ar\u0131l\u0131klar\u0131nda yank\u0131lanan bir sesi vard\u0131 \u015fiirlerinin.","robots":{"index":"index","follow":"follow","max-snippet":"max-snippet:-1","max-image-preview":"max-image-preview:large","max-video-preview":"max-video-preview:-1"},"canonical":"https:\/\/epochtimestr.com\/index.php\/can-sikintisi","og_locale":"tr_TR","og_type":"article","og_title":"Can S\u0131k\u0131nt\u0131s\u0131 - The Epoch Times TR","og_description":"Lise y\u0131llar\u0131mda Orhan Veli\u2019ye dadanm\u0131\u015ft\u0131m, ergen \u00e7a\u011f\u0131m\u0131n u\u00e7ar\u0131l\u0131klar\u0131nda yank\u0131lanan bir sesi vard\u0131 \u015fiirlerinin.","og_url":"https:\/\/epochtimestr.com\/index.php\/can-sikintisi","og_site_name":"The Epoch Times TR","article_publisher":"https:\/\/www.facebook.com\/theepochtimestr","article_published_time":"2026-08-23T05:00:00+00:00","article_modified_time":"2026-08-23T04:45:11+00:00","og_image":[{"width":1200,"height":630,"url":"https:\/\/epochtimestr.com\/wp-content\/uploads\/2011y\/Omer-Karayilan-SM-2.jpg","type":"image\/jpeg"}],"author":"\u00d6mer Karay\u0131lan","twitter_card":"summary_large_image","twitter_creator":"@TheEpochTimesTR","twitter_site":"@TheEpochTimesTR","twitter_misc":{"Yazan:":"\u00d6mer Karay\u0131lan","Tahmini okuma s\u00fcresi":"3 dakika"},"schema":{"@context":"https:\/\/schema.org","@graph":[{"@type":"Article","@id":"https:\/\/epochtimestr.com\/index.php\/can-sikintisi#article","isPartOf":{"@id":"https:\/\/epochtimestr.com\/index.php\/can-sikintisi"},"author":{"name":"\u00d6mer Karay\u0131lan","@id":"https:\/\/epochtimestr.com\/#\/schema\/person\/ee101079be4d8fb9fb88cca6784e219b"},"headline":"Can S\u0131k\u0131nt\u0131s\u0131","datePublished":"2026-08-23T05:00:00+00:00","dateModified":"2026-08-23T04:45:11+00:00","mainEntityOfPage":{"@id":"https:\/\/epochtimestr.com\/index.php\/can-sikintisi"},"wordCount":464,"commentCount":1,"publisher":{"@id":"https:\/\/epochtimestr.com\/#organization"},"image":{"@id":"https:\/\/epochtimestr.com\/index.php\/can-sikintisi#primaryimage"},"thumbnailUrl":"https:\/\/epochtimestr.com\/wp-content\/uploads\/2011y\/Karayilan-Profil.png","keywords":["K\u00f6\u015fe","k\u00f6\u015fe edebiyat"],"articleSection":["K\u00f6\u015fe Yaz\u0131lar\u0131 \u00d6mer Karay\u0131lan"],"inLanguage":"tr","potentialAction":[{"@type":"CommentAction","name":"Comment","target":["https:\/\/epochtimestr.com\/index.php\/can-sikintisi#respond"]}]},{"@type":"WebPage","@id":"https:\/\/epochtimestr.com\/index.php\/can-sikintisi","url":"https:\/\/epochtimestr.com\/index.php\/can-sikintisi","name":"Can S\u0131k\u0131nt\u0131s\u0131 - The Epoch Times TR","isPartOf":{"@id":"https:\/\/epochtimestr.com\/#website"},"primaryImageOfPage":{"@id":"https:\/\/epochtimestr.com\/index.php\/can-sikintisi#primaryimage"},"image":{"@id":"https:\/\/epochtimestr.com\/index.php\/can-sikintisi#primaryimage"},"thumbnailUrl":"https:\/\/epochtimestr.com\/wp-content\/uploads\/2011y\/Karayilan-Profil.png","datePublished":"2026-08-23T05:00:00+00:00","dateModified":"2026-08-23T04:45:11+00:00","description":"Lise y\u0131llar\u0131mda Orhan Veli\u2019ye dadanm\u0131\u015ft\u0131m, ergen \u00e7a\u011f\u0131m\u0131n u\u00e7ar\u0131l\u0131klar\u0131nda yank\u0131lanan bir sesi vard\u0131 \u015fiirlerinin.","inLanguage":"tr","potentialAction":[{"@type":"ReadAction","target":["https:\/\/epochtimestr.com\/index.php\/can-sikintisi"]}]},{"@type":"ImageObject","inLanguage":"tr","@id":"https:\/\/epochtimestr.com\/index.php\/can-sikintisi#primaryimage","url":"https:\/\/epochtimestr.com\/wp-content\/uploads\/2011y\/Karayilan-Profil.png","contentUrl":"https:\/\/epochtimestr.com\/wp-content\/uploads\/2011y\/Karayilan-Profil.png","width":600,"height":600},{"@type":"WebSite","@id":"https:\/\/epochtimestr.com\/#website","url":"https:\/\/epochtimestr.com\/","name":"The Epoch Times TR","description":"De\u011fi\u015fen D\u00fcnyam\u0131za Taze Bir Bak\u0131\u015f","publisher":{"@id":"https:\/\/epochtimestr.com\/#organization"},"potentialAction":[{"@type":"SearchAction","target":{"@type":"EntryPoint","urlTemplate":"https:\/\/epochtimestr.com\/?s={search_term_string}"},"query-input":"required name=search_term_string"}],"inLanguage":"tr"},{"@type":"Organization","@id":"https:\/\/epochtimestr.com\/#organization","name":"The EpochTimes T\u00fcrkiye","url":"https:\/\/epochtimestr.com\/","logo":{"@type":"ImageObject","inLanguage":"tr","@id":"https:\/\/epochtimestr.com\/#\/schema\/logo\/image\/","url":"https:\/\/epochtimestr.com\/wp-content\/uploads\/2011y\/ET-Logo-YG.jpg","contentUrl":"https:\/\/epochtimestr.com\/wp-content\/uploads\/2011y\/ET-Logo-YG.jpg","width":346,"height":29,"caption":"The EpochTimes T\u00fcrkiye"},"image":{"@id":"https:\/\/epochtimestr.com\/#\/schema\/logo\/image\/"},"sameAs":["https:\/\/www.facebook.com\/theepochtimestr","https:\/\/x.com\/TheEpochTimesTR","https:\/\/www.instagram.com\/epochtimestr"]},{"@type":"Person","@id":"https:\/\/epochtimestr.com\/#\/schema\/person\/ee101079be4d8fb9fb88cca6784e219b","name":"\u00d6mer Karay\u0131lan","image":{"@type":"ImageObject","inLanguage":"tr","@id":"https:\/\/epochtimestr.com\/#\/schema\/person\/image\/","url":"https:\/\/secure.gravatar.com\/avatar\/23a8932f0189c3fe4c0e2731cb5eb5dd?s=96&d=mm&r=g","contentUrl":"https:\/\/secure.gravatar.com\/avatar\/23a8932f0189c3fe4c0e2731cb5eb5dd?s=96&d=mm&r=g","caption":"\u00d6mer Karay\u0131lan"},"url":"https:\/\/epochtimestr.com\/index.php\/author\/omer"}]}},"_links":{"self":[{"href":"https:\/\/epochtimestr.com\/index.php\/wp-json\/wp\/v2\/posts\/170803"}],"collection":[{"href":"https:\/\/epochtimestr.com\/index.php\/wp-json\/wp\/v2\/posts"}],"about":[{"href":"https:\/\/epochtimestr.com\/index.php\/wp-json\/wp\/v2\/types\/post"}],"author":[{"embeddable":true,"href":"https:\/\/epochtimestr.com\/index.php\/wp-json\/wp\/v2\/users\/14002"}],"replies":[{"embeddable":true,"href":"https:\/\/epochtimestr.com\/index.php\/wp-json\/wp\/v2\/comments?post=170803"}],"version-history":[{"count":1,"href":"https:\/\/epochtimestr.com\/index.php\/wp-json\/wp\/v2\/posts\/170803\/revisions"}],"predecessor-version":[{"id":170804,"href":"https:\/\/epochtimestr.com\/index.php\/wp-json\/wp\/v2\/posts\/170803\/revisions\/170804"}],"wp:featuredmedia":[{"embeddable":true,"href":"https:\/\/epochtimestr.com\/index.php\/wp-json\/wp\/v2\/media\/161248"}],"wp:attachment":[{"href":"https:\/\/epochtimestr.com\/index.php\/wp-json\/wp\/v2\/media?parent=170803"}],"wp:term":[{"taxonomy":"category","embeddable":true,"href":"https:\/\/epochtimestr.com\/index.php\/wp-json\/wp\/v2\/categories?post=170803"},{"taxonomy":"post_tag","embeddable":true,"href":"https:\/\/epochtimestr.com\/index.php\/wp-json\/wp\/v2\/tags?post=170803"}],"curies":[{"name":"wp","href":"https:\/\/api.w.org\/{rel}","templated":true}]}}