{"id":170809,"date":"2026-08-23T14:32:54","date_gmt":"2026-08-23T11:32:54","guid":{"rendered":"https:\/\/epochtimestr.com\/?p=170809"},"modified":"2026-08-23T14:32:57","modified_gmt":"2026-08-23T11:32:57","slug":"akin-gurlek-duyurdu-orman-yanginlarina-iliskin-12-tutuklama","status":"publish","type":"post","link":"https:\/\/epochtimestr.com\/index.php\/akin-gurlek-duyurdu-orman-yanginlarina-iliskin-12-tutuklama","title":{"rendered":"Ak\u0131n G\u00fcrlek Duyurdu: Orman Yang\u0131nlar\u0131na \u0130li\u015fkin 12 Tutuklama"},"content":{"rendered":"<div class=\"wp-block-image\">\n<figure class=\"aligncenter size-full is-resized\"><img loading=\"lazy\" decoding=\"async\" width=\"1280\" height=\"836\" src=\"https:\/\/epochtimestr.com\/wp-content\/uploads\/2011y\/pixabay-36.jpg\" alt=\"Ak\u0131n G\u00fcrlek duyurdu: Orman yang\u0131nlar\u0131yla ba\u011flant\u0131l\u0131 oldu\u011fu tespit edilen 12 ki\u015fi tutukland\u0131. (Foto\u011fraf: Ylvers, Pixabay)\" class=\"wp-image-170810\" style=\"width:840px;height:auto\" srcset=\"https:\/\/epochtimestr.com\/wp-content\/uploads\/2011y\/pixabay-36.jpg 1280w, https:\/\/epochtimestr.com\/wp-content\/uploads\/2011y\/pixabay-36-300x196.jpg 300w, https:\/\/epochtimestr.com\/wp-content\/uploads\/2011y\/pixabay-36-150x98.jpg 150w, https:\/\/epochtimestr.com\/wp-content\/uploads\/2011y\/pixabay-36-768x502.jpg 768w, https:\/\/epochtimestr.com\/wp-content\/uploads\/2011y\/pixabay-36-210x136.jpg 210w\" sizes=\"(max-width: 1280px) 100vw, 1280px\" \/><figcaption class=\"wp-element-caption\">Adalet Bakan\u0131 G\u00fcrlek duyurdu: Orman yang\u0131nlar\u0131yla ba\u011flant\u0131l\u0131 oldu\u011fu tespit edilen 12 ki\u015fi tutukland\u0131. (Foto\u011fraf: Ylvers, Pixabay)<\/figcaption><\/figure><\/div>\n\n\n<h2 class=\"wp-block-heading\">Adalet Bakan\u0131 Ak\u0131n G\u00fcrlek, T\u00fcrkiye&#8217;de etkili olan orman yang\u0131nlar\u0131na ili\u015fkin adli i\u015flemlerin ba\u015flat\u0131ld\u0131\u011f\u0131n\u0131 duyurdu.<\/h2>\n\n\n\n<p>Adalet Bakan\u0131 Ak\u0131n G\u00fcrlek, 1 Haziran 2026\u2019dan bu yana 25 ilde meydana gelen 73 <a href=\"https:\/\/epochtimestr.com\/index.php\/doganin-sabri-ve-insanin-sinavi-orman-yanginlari\" target=\"_blank\" rel=\"noreferrer noopener\">orman<\/a> yang\u0131n\u0131na ili\u015fkin adli i\u015flemlerin ba\u015flat\u0131ld\u0131\u011f\u0131n\u0131 duyurdu. Cumhuriyet Ba\u015fsavc\u0131l\u0131klar\u0131 taraf\u0131ndan y\u00fcr\u00fct\u00fclen soru\u015fturmalarda 46 \u015f\u00fcphelinin tespit edildi\u011fini belirten G\u00fcrlek; \u015f\u00fcphelilerden 12\u2019sinin tutukland\u0131\u011f\u0131n\u0131, 21&#8217;i hakk\u0131nda ise adli kontrol tedbiri uyguland\u0131\u011f\u0131n\u0131 <a href=\"https:\/\/epochtimestr.com\/index.php\/turkiyeden-binyamin-netanyahu-icin-kirmizi-bulten-talebi\" target=\"_blank\" rel=\"noreferrer noopener\">a\u00e7\u0131klad\u0131<\/a>.<\/p>\n\n\n\n<p><strong>Adalet Bakan\u0131 Ak\u0131n G\u00fcrlek, orman yang\u0131nlara ili\u015fkin yapt\u0131\u011f\u0131 payla\u015f\u0131mda, \u015funlar\u0131 kaydetti:<\/strong><\/p>\n\n\n\n<p>\u201cYe\u015fil Vatan\u0131m\u0131z; ormanlar\u0131m\u0131z, gelecek nesillerimizin ortak emanetidir. 1 Haziran 2026\u2019dan bu yana 25 ilimizde meydana gelen 73 orman yang\u0131n\u0131na ili\u015fkin adli i\u015flemler ba\u015flat\u0131lm\u0131\u015ft\u0131r.<\/p>\n\n\n\n<p>Cumhuriyet Ba\u015fsavc\u0131l\u0131klar\u0131m\u0131z taraf\u0131ndan y\u00fcr\u00fct\u00fclen soru\u015fturmalarda 46 \u015f\u00fcpheli tespit edilmi\u015f; 12 \u015f\u00fcpheli tutuklanm\u0131\u015f, 21 \u015f\u00fcpheli hakk\u0131nda adli kontrol tedbiri uygulanm\u0131\u015ft\u0131r.<\/p>\n\n\n\n<p>Ormanlar\u0131m\u0131z\u0131 korumak, gelece\u011fimizi korumakt\u0131r. Bu anlay\u0131\u015fla Ba\u015fsavc\u0131l\u0131klar\u0131m\u0131z, yang\u0131nlar\u0131n nedenlerini ve sorumlular\u0131n\u0131 titizlikle ara\u015ft\u0131rmay\u0131 s\u00fcrd\u00fcrmektedir.<\/p>\n\n\n\n<p>Kast\u0131yla, ihmaliyle veya tedbirsizli\u011fiyle orman yang\u0131n\u0131na sebebiyet veren herkes bilmelidir ki; Ye\u015fil Vatan\u0131m\u0131za kasteden, ormanlar\u0131m\u0131za zarar veren hi\u00e7bir eylem kar\u015f\u0131l\u0131ks\u0131z kalmayacakt\u0131r.&#8221;<\/p>\n\n\n\n<figure class=\"wp-block-embed is-type-rich is-provider-x wp-block-embed-x\"><div class=\"wp-block-embed__wrapper\">\n<blockquote class=\"twitter-tweet\" data-width=\"550\" data-dnt=\"true\"><p lang=\"tr\" dir=\"ltr\">Ye\u015fil Vatan\u0131m\u0131z; ormanlar\u0131m\u0131z, gelecek nesillerimizin ortak emanetidir. 1 Haziran 2026\u2019dan bu yana 25 ilimizde meydana gelen 73 orman yang\u0131n\u0131na ili\u015fkin adli i\u015flemler ba\u015flat\u0131lm\u0131\u015ft\u0131r.<br><br>Cumhuriyet Ba\u015fsavc\u0131l\u0131klar\u0131m\u0131z taraf\u0131ndan y\u00fcr\u00fct\u00fclen soru\u015fturmalarda 46 \u015f\u00fcpheli tespit edilmi\u015f; 12\u2026 <a href=\"https:\/\/t.co\/sDSaRg2JAt\">https:\/\/t.co\/sDSaRg2JAt<\/a><\/p>&mdash; Ak\u0131n G\u00fcrlek (@abakingurlek) <a href=\"https:\/\/x.com\/abakingurlek\/status\/2091457544984105095?ref_src=twsrc%5Etfw\">August 23, 2026<\/a><\/blockquote><script async src=\"https:\/\/platform.x.com\/widgets.js\" charset=\"utf-8\"><\/script>\n<\/div><\/figure>\n","protected":false},"excerpt":{"rendered":"<p>Adalet Bakan\u0131 Ak\u0131n G\u00fcrlek, T\u00fcrkiye&#8217;de etkili olan orman yang\u0131nlar\u0131na ili\u015fkin adli i\u015flemlerin ba\u015flat\u0131ld\u0131\u011f\u0131n\u0131 duyurdu. Adalet Bakan\u0131 Ak\u0131n G\u00fcrlek, 1 Haziran 2026\u2019dan bu yana 25 ilde meydana gelen 73 orman yang\u0131n\u0131na ili\u015fkin adli i\u015flemlerin ba\u015flat\u0131ld\u0131\u011f\u0131n\u0131 duyurdu. Cumhuriyet Ba\u015fsavc\u0131l\u0131klar\u0131 taraf\u0131ndan y\u00fcr\u00fct\u00fclen soru\u015fturmalarda 46 \u015f\u00fcphelinin tespit edildi\u011fini belirten G\u00fcrlek; \u015f\u00fcphelilerden 12\u2019sinin tutukland\u0131\u011f\u0131n\u0131, 21&#8217;i hakk\u0131nda ise adli kontrol tedbiri [&hellip;]<\/p>\n","protected":false},"author":12791,"featured_media":170810,"comment_status":"open","ping_status":"open","sticky":false,"template":"","format":"standard","meta":{"_yoast_wpseo_focuskw":"Ak\u0131n G\u00fcrlek","_yoast_wpseo_title":"","_yoast_wpseo_metadesc":"Adalet Bakan\u0131 Ak\u0131n G\u00fcrlek, T\u00fcrkiye'de etkili olan orman yang\u0131nlar\u0131na ili\u015fkin adli i\u015flemlerin ba\u015flat\u0131ld\u0131\u011f\u0131n\u0131 duyurdu.","_bbp_topic_count":0,"_bbp_reply_count":0,"_bbp_total_topic_count":0,"_bbp_total_reply_count":0,"_bbp_voice_count":0,"_bbp_anonymous_reply_count":0,"_bbp_topic_count_hidden":0,"_bbp_reply_count_hidden":0,"_bbp_forum_subforum_count":0,"footnotes":"","_yoast_wpseo_focuskw_text_input":""},"categories":[12237,1,8138,8419],"tags":[12289,4969,1327],"yoast_head":"<!-- This site is optimized with the Yoast SEO plugin v23.0 - https:\/\/yoast.com\/wordpress\/plugins\/seo\/ -->\n<title>Ak\u0131n G\u00fcrlek Duyurdu: Orman Yang\u0131nlar\u0131na \u0130li\u015fkin 12 Tutuklama - The Epoch Times TR<\/title>\n<meta name=\"description\" content=\"Adalet Bakan\u0131 Ak\u0131n G\u00fcrlek, T\u00fcrkiye&#039;de etkili olan orman yang\u0131nlar\u0131na ili\u015fkin adli i\u015flemlerin ba\u015flat\u0131ld\u0131\u011f\u0131n\u0131 duyurdu.\" \/>\n<meta name=\"robots\" content=\"index, follow, max-snippet:-1, max-image-preview:large, max-video-preview:-1\" \/>\n<link rel=\"canonical\" href=\"https:\/\/epochtimestr.com\/index.php\/akin-gurlek-duyurdu-orman-yanginlarina-iliskin-12-tutuklama\" \/>\n<meta property=\"og:locale\" content=\"tr_TR\" \/>\n<meta property=\"og:type\" content=\"article\" \/>\n<meta property=\"og:title\" content=\"Ak\u0131n G\u00fcrlek Duyurdu: Orman Yang\u0131nlar\u0131na \u0130li\u015fkin 12 Tutuklama - The Epoch Times TR\" \/>\n<meta property=\"og:description\" content=\"Adalet Bakan\u0131 Ak\u0131n G\u00fcrlek, T\u00fcrkiye&#039;de etkili olan orman yang\u0131nlar\u0131na ili\u015fkin adli i\u015flemlerin ba\u015flat\u0131ld\u0131\u011f\u0131n\u0131 duyurdu.\" \/>\n<meta property=\"og:url\" content=\"https:\/\/epochtimestr.com\/index.php\/akin-gurlek-duyurdu-orman-yanginlarina-iliskin-12-tutuklama\" \/>\n<meta property=\"og:site_name\" content=\"The Epoch Times TR\" \/>\n<meta property=\"article:publisher\" content=\"https:\/\/www.facebook.com\/theepochtimestr\" \/>\n<meta property=\"article:published_time\" content=\"2026-08-23T11:32:54+00:00\" \/>\n<meta property=\"article:modified_time\" content=\"2026-08-23T11:32:57+00:00\" \/>\n<meta property=\"og:image\" content=\"https:\/\/epochtimestr.com\/wp-content\/uploads\/2011y\/pixabay-36.jpg\" \/>\n\t<meta property=\"og:image:width\" content=\"1280\" \/>\n\t<meta property=\"og:image:height\" content=\"836\" \/>\n\t<meta property=\"og:image:type\" content=\"image\/jpeg\" \/>\n<meta name=\"author\" content=\"Haber Merkezi\" \/>\n<meta name=\"twitter:card\" content=\"summary_large_image\" \/>\n<meta name=\"twitter:creator\" content=\"@TheEpochTimesTR\" \/>\n<meta name=\"twitter:site\" content=\"@TheEpochTimesTR\" \/>\n<meta name=\"twitter:label1\" content=\"Yazan:\" \/>\n\t<meta name=\"twitter:data1\" content=\"Haber Merkezi\" \/>\n\t<meta name=\"twitter:label2\" content=\"Tahmini okuma s\u00fcresi\" \/>\n\t<meta name=\"twitter:data2\" content=\"2 dakika\" \/>\n<script type=\"application\/ld+json\" class=\"yoast-schema-graph\">{\"@context\":\"https:\/\/schema.org\",\"@graph\":[{\"@type\":\"Article\",\"@id\":\"https:\/\/epochtimestr.com\/index.php\/akin-gurlek-duyurdu-orman-yanginlarina-iliskin-12-tutuklama#article\",\"isPartOf\":{\"@id\":\"https:\/\/epochtimestr.com\/index.php\/akin-gurlek-duyurdu-orman-yanginlarina-iliskin-12-tutuklama\"},\"author\":{\"name\":\"Haber Merkezi\",\"@id\":\"https:\/\/epochtimestr.com\/#\/schema\/person\/3dc5c3adeb9f43923c5aa85889172fdd\"},\"headline\":\"Ak\u0131n G\u00fcrlek Duyurdu: Orman Yang\u0131nlar\u0131na \u0130li\u015fkin 12 Tutuklama\",\"datePublished\":\"2026-08-23T11:32:54+00:00\",\"dateModified\":\"2026-08-23T11:32:57+00:00\",\"mainEntityOfPage\":{\"@id\":\"https:\/\/epochtimestr.com\/index.php\/akin-gurlek-duyurdu-orman-yanginlarina-iliskin-12-tutuklama\"},\"wordCount\":270,\"commentCount\":0,\"publisher\":{\"@id\":\"https:\/\/epochtimestr.com\/#organization\"},\"image\":{\"@id\":\"https:\/\/epochtimestr.com\/index.php\/akin-gurlek-duyurdu-orman-yanginlarina-iliskin-12-tutuklama#primaryimage\"},\"thumbnailUrl\":\"https:\/\/epochtimestr.com\/wp-content\/uploads\/2011y\/pixabay-36.jpg\",\"keywords\":[\"Adalet Bakan\u0131 Ak\u0131n G\u00fcrlek\",\"orman yang\u0131n\u0131\",\"tutuklama\"],\"articleSection\":[\"\u00c7evre ve Do\u011fa\",\"G\u00dcNDEM\",\"MAN\u015eET\",\"Ya\u015fam\"],\"inLanguage\":\"tr\",\"potentialAction\":[{\"@type\":\"CommentAction\",\"name\":\"Comment\",\"target\":[\"https:\/\/epochtimestr.com\/index.php\/akin-gurlek-duyurdu-orman-yanginlarina-iliskin-12-tutuklama#respond\"]}]},{\"@type\":\"WebPage\",\"@id\":\"https:\/\/epochtimestr.com\/index.php\/akin-gurlek-duyurdu-orman-yanginlarina-iliskin-12-tutuklama\",\"url\":\"https:\/\/epochtimestr.com\/index.php\/akin-gurlek-duyurdu-orman-yanginlarina-iliskin-12-tutuklama\",\"name\":\"Ak\u0131n G\u00fcrlek Duyurdu: Orman Yang\u0131nlar\u0131na \u0130li\u015fkin 12 Tutuklama - The Epoch Times TR\",\"isPartOf\":{\"@id\":\"https:\/\/epochtimestr.com\/#website\"},\"primaryImageOfPage\":{\"@id\":\"https:\/\/epochtimestr.com\/index.php\/akin-gurlek-duyurdu-orman-yanginlarina-iliskin-12-tutuklama#primaryimage\"},\"image\":{\"@id\":\"https:\/\/epochtimestr.com\/index.php\/akin-gurlek-duyurdu-orman-yanginlarina-iliskin-12-tutuklama#primaryimage\"},\"thumbnailUrl\":\"https:\/\/epochtimestr.com\/wp-content\/uploads\/2011y\/pixabay-36.jpg\",\"datePublished\":\"2026-08-23T11:32:54+00:00\",\"dateModified\":\"2026-08-23T11:32:57+00:00\",\"description\":\"Adalet Bakan\u0131 Ak\u0131n G\u00fcrlek, T\u00fcrkiye'de etkili olan orman yang\u0131nlar\u0131na ili\u015fkin adli i\u015flemlerin ba\u015flat\u0131ld\u0131\u011f\u0131n\u0131 duyurdu.\",\"inLanguage\":\"tr\",\"potentialAction\":[{\"@type\":\"ReadAction\",\"target\":[\"https:\/\/epochtimestr.com\/index.php\/akin-gurlek-duyurdu-orman-yanginlarina-iliskin-12-tutuklama\"]}]},{\"@type\":\"ImageObject\",\"inLanguage\":\"tr\",\"@id\":\"https:\/\/epochtimestr.com\/index.php\/akin-gurlek-duyurdu-orman-yanginlarina-iliskin-12-tutuklama#primaryimage\",\"url\":\"https:\/\/epochtimestr.com\/wp-content\/uploads\/2011y\/pixabay-36.jpg\",\"contentUrl\":\"https:\/\/epochtimestr.com\/wp-content\/uploads\/2011y\/pixabay-36.jpg\",\"width\":1280,\"height\":836},{\"@type\":\"WebSite\",\"@id\":\"https:\/\/epochtimestr.com\/#website\",\"url\":\"https:\/\/epochtimestr.com\/\",\"name\":\"The Epoch Times TR\",\"description\":\"De\u011fi\u015fen D\u00fcnyam\u0131za Taze Bir Bak\u0131\u015f\",\"publisher\":{\"@id\":\"https:\/\/epochtimestr.com\/#organization\"},\"potentialAction\":[{\"@type\":\"SearchAction\",\"target\":{\"@type\":\"EntryPoint\",\"urlTemplate\":\"https:\/\/epochtimestr.com\/?s={search_term_string}\"},\"query-input\":\"required name=search_term_string\"}],\"inLanguage\":\"tr\"},{\"@type\":\"Organization\",\"@id\":\"https:\/\/epochtimestr.com\/#organization\",\"name\":\"The EpochTimes T\u00fcrkiye\",\"url\":\"https:\/\/epochtimestr.com\/\",\"logo\":{\"@type\":\"ImageObject\",\"inLanguage\":\"tr\",\"@id\":\"https:\/\/epochtimestr.com\/#\/schema\/logo\/image\/\",\"url\":\"https:\/\/epochtimestr.com\/wp-content\/uploads\/2011y\/ET-Logo-YG.jpg\",\"contentUrl\":\"https:\/\/epochtimestr.com\/wp-content\/uploads\/2011y\/ET-Logo-YG.jpg\",\"width\":346,\"height\":29,\"caption\":\"The EpochTimes T\u00fcrkiye\"},\"image\":{\"@id\":\"https:\/\/epochtimestr.com\/#\/schema\/logo\/image\/\"},\"sameAs\":[\"https:\/\/www.facebook.com\/theepochtimestr\",\"https:\/\/x.com\/TheEpochTimesTR\",\"https:\/\/www.instagram.com\/epochtimestr\"]},{\"@type\":\"Person\",\"@id\":\"https:\/\/epochtimestr.com\/#\/schema\/person\/3dc5c3adeb9f43923c5aa85889172fdd\",\"name\":\"Haber Merkezi\",\"image\":{\"@type\":\"ImageObject\",\"inLanguage\":\"tr\",\"@id\":\"https:\/\/epochtimestr.com\/#\/schema\/person\/image\/\",\"url\":\"https:\/\/secure.gravatar.com\/avatar\/d73f772ba5a74f28601361e17c2f93e6?s=96&d=mm&r=g\",\"contentUrl\":\"https:\/\/secure.gravatar.com\/avatar\/d73f772ba5a74f28601361e17c2f93e6?s=96&d=mm&r=g\",\"caption\":\"Haber Merkezi\"},\"url\":\"https:\/\/epochtimestr.com\/index.php\/author\/sendag\"}]}<\/script>\n<!-- \/ Yoast SEO plugin. -->","yoast_head_json":{"title":"Ak\u0131n G\u00fcrlek Duyurdu: Orman Yang\u0131nlar\u0131na \u0130li\u015fkin 12 Tutuklama - The Epoch Times TR","description":"Adalet Bakan\u0131 Ak\u0131n G\u00fcrlek, T\u00fcrkiye'de etkili olan orman yang\u0131nlar\u0131na ili\u015fkin adli i\u015flemlerin ba\u015flat\u0131ld\u0131\u011f\u0131n\u0131 duyurdu.","robots":{"index":"index","follow":"follow","max-snippet":"max-snippet:-1","max-image-preview":"max-image-preview:large","max-video-preview":"max-video-preview:-1"},"canonical":"https:\/\/epochtimestr.com\/index.php\/akin-gurlek-duyurdu-orman-yanginlarina-iliskin-12-tutuklama","og_locale":"tr_TR","og_type":"article","og_title":"Ak\u0131n G\u00fcrlek Duyurdu: Orman Yang\u0131nlar\u0131na \u0130li\u015fkin 12 Tutuklama - The Epoch Times TR","og_description":"Adalet Bakan\u0131 Ak\u0131n G\u00fcrlek, T\u00fcrkiye'de etkili olan orman yang\u0131nlar\u0131na ili\u015fkin adli i\u015flemlerin ba\u015flat\u0131ld\u0131\u011f\u0131n\u0131 duyurdu.","og_url":"https:\/\/epochtimestr.com\/index.php\/akin-gurlek-duyurdu-orman-yanginlarina-iliskin-12-tutuklama","og_site_name":"The Epoch Times TR","article_publisher":"https:\/\/www.facebook.com\/theepochtimestr","article_published_time":"2026-08-23T11:32:54+00:00","article_modified_time":"2026-08-23T11:32:57+00:00","og_image":[{"width":1280,"height":836,"url":"https:\/\/epochtimestr.com\/wp-content\/uploads\/2011y\/pixabay-36.jpg","type":"image\/jpeg"}],"author":"Haber Merkezi","twitter_card":"summary_large_image","twitter_creator":"@TheEpochTimesTR","twitter_site":"@TheEpochTimesTR","twitter_misc":{"Yazan:":"Haber Merkezi","Tahmini okuma s\u00fcresi":"2 dakika"},"schema":{"@context":"https:\/\/schema.org","@graph":[{"@type":"Article","@id":"https:\/\/epochtimestr.com\/index.php\/akin-gurlek-duyurdu-orman-yanginlarina-iliskin-12-tutuklama#article","isPartOf":{"@id":"https:\/\/epochtimestr.com\/index.php\/akin-gurlek-duyurdu-orman-yanginlarina-iliskin-12-tutuklama"},"author":{"name":"Haber Merkezi","@id":"https:\/\/epochtimestr.com\/#\/schema\/person\/3dc5c3adeb9f43923c5aa85889172fdd"},"headline":"Ak\u0131n G\u00fcrlek Duyurdu: Orman Yang\u0131nlar\u0131na \u0130li\u015fkin 12 Tutuklama","datePublished":"2026-08-23T11:32:54+00:00","dateModified":"2026-08-23T11:32:57+00:00","mainEntityOfPage":{"@id":"https:\/\/epochtimestr.com\/index.php\/akin-gurlek-duyurdu-orman-yanginlarina-iliskin-12-tutuklama"},"wordCount":270,"commentCount":0,"publisher":{"@id":"https:\/\/epochtimestr.com\/#organization"},"image":{"@id":"https:\/\/epochtimestr.com\/index.php\/akin-gurlek-duyurdu-orman-yanginlarina-iliskin-12-tutuklama#primaryimage"},"thumbnailUrl":"https:\/\/epochtimestr.com\/wp-content\/uploads\/2011y\/pixabay-36.jpg","keywords":["Adalet Bakan\u0131 Ak\u0131n G\u00fcrlek","orman yang\u0131n\u0131","tutuklama"],"articleSection":["\u00c7evre ve Do\u011fa","G\u00dcNDEM","MAN\u015eET","Ya\u015fam"],"inLanguage":"tr","potentialAction":[{"@type":"CommentAction","name":"Comment","target":["https:\/\/epochtimestr.com\/index.php\/akin-gurlek-duyurdu-orman-yanginlarina-iliskin-12-tutuklama#respond"]}]},{"@type":"WebPage","@id":"https:\/\/epochtimestr.com\/index.php\/akin-gurlek-duyurdu-orman-yanginlarina-iliskin-12-tutuklama","url":"https:\/\/epochtimestr.com\/index.php\/akin-gurlek-duyurdu-orman-yanginlarina-iliskin-12-tutuklama","name":"Ak\u0131n G\u00fcrlek Duyurdu: Orman Yang\u0131nlar\u0131na \u0130li\u015fkin 12 Tutuklama - The Epoch Times TR","isPartOf":{"@id":"https:\/\/epochtimestr.com\/#website"},"primaryImageOfPage":{"@id":"https:\/\/epochtimestr.com\/index.php\/akin-gurlek-duyurdu-orman-yanginlarina-iliskin-12-tutuklama#primaryimage"},"image":{"@id":"https:\/\/epochtimestr.com\/index.php\/akin-gurlek-duyurdu-orman-yanginlarina-iliskin-12-tutuklama#primaryimage"},"thumbnailUrl":"https:\/\/epochtimestr.com\/wp-content\/uploads\/2011y\/pixabay-36.jpg","datePublished":"2026-08-23T11:32:54+00:00","dateModified":"2026-08-23T11:32:57+00:00","description":"Adalet Bakan\u0131 Ak\u0131n G\u00fcrlek, T\u00fcrkiye'de etkili olan orman yang\u0131nlar\u0131na ili\u015fkin adli i\u015flemlerin ba\u015flat\u0131ld\u0131\u011f\u0131n\u0131 duyurdu.","inLanguage":"tr","potentialAction":[{"@type":"ReadAction","target":["https:\/\/epochtimestr.com\/index.php\/akin-gurlek-duyurdu-orman-yanginlarina-iliskin-12-tutuklama"]}]},{"@type":"ImageObject","inLanguage":"tr","@id":"https:\/\/epochtimestr.com\/index.php\/akin-gurlek-duyurdu-orman-yanginlarina-iliskin-12-tutuklama#primaryimage","url":"https:\/\/epochtimestr.com\/wp-content\/uploads\/2011y\/pixabay-36.jpg","contentUrl":"https:\/\/epochtimestr.com\/wp-content\/uploads\/2011y\/pixabay-36.jpg","width":1280,"height":836},{"@type":"WebSite","@id":"https:\/\/epochtimestr.com\/#website","url":"https:\/\/epochtimestr.com\/","name":"The Epoch Times TR","description":"De\u011fi\u015fen D\u00fcnyam\u0131za Taze Bir Bak\u0131\u015f","publisher":{"@id":"https:\/\/epochtimestr.com\/#organization"},"potentialAction":[{"@type":"SearchAction","target":{"@type":"EntryPoint","urlTemplate":"https:\/\/epochtimestr.com\/?s={search_term_string}"},"query-input":"required name=search_term_string"}],"inLanguage":"tr"},{"@type":"Organization","@id":"https:\/\/epochtimestr.com\/#organization","name":"The EpochTimes T\u00fcrkiye","url":"https:\/\/epochtimestr.com\/","logo":{"@type":"ImageObject","inLanguage":"tr","@id":"https:\/\/epochtimestr.com\/#\/schema\/logo\/image\/","url":"https:\/\/epochtimestr.com\/wp-content\/uploads\/2011y\/ET-Logo-YG.jpg","contentUrl":"https:\/\/epochtimestr.com\/wp-content\/uploads\/2011y\/ET-Logo-YG.jpg","width":346,"height":29,"caption":"The EpochTimes T\u00fcrkiye"},"image":{"@id":"https:\/\/epochtimestr.com\/#\/schema\/logo\/image\/"},"sameAs":["https:\/\/www.facebook.com\/theepochtimestr","https:\/\/x.com\/TheEpochTimesTR","https:\/\/www.instagram.com\/epochtimestr"]},{"@type":"Person","@id":"https:\/\/epochtimestr.com\/#\/schema\/person\/3dc5c3adeb9f43923c5aa85889172fdd","name":"Haber Merkezi","image":{"@type":"ImageObject","inLanguage":"tr","@id":"https:\/\/epochtimestr.com\/#\/schema\/person\/image\/","url":"https:\/\/secure.gravatar.com\/avatar\/d73f772ba5a74f28601361e17c2f93e6?s=96&d=mm&r=g","contentUrl":"https:\/\/secure.gravatar.com\/avatar\/d73f772ba5a74f28601361e17c2f93e6?s=96&d=mm&r=g","caption":"Haber Merkezi"},"url":"https:\/\/epochtimestr.com\/index.php\/author\/sendag"}]}},"_links":{"self":[{"href":"https:\/\/epochtimestr.com\/index.php\/wp-json\/wp\/v2\/posts\/170809"}],"collection":[{"href":"https:\/\/epochtimestr.com\/index.php\/wp-json\/wp\/v2\/posts"}],"about":[{"href":"https:\/\/epochtimestr.com\/index.php\/wp-json\/wp\/v2\/types\/post"}],"author":[{"embeddable":true,"href":"https:\/\/epochtimestr.com\/index.php\/wp-json\/wp\/v2\/users\/12791"}],"replies":[{"embeddable":true,"href":"https:\/\/epochtimestr.com\/index.php\/wp-json\/wp\/v2\/comments?post=170809"}],"version-history":[{"count":2,"href":"https:\/\/epochtimestr.com\/index.php\/wp-json\/wp\/v2\/posts\/170809\/revisions"}],"predecessor-version":[{"id":170817,"href":"https:\/\/epochtimestr.com\/index.php\/wp-json\/wp\/v2\/posts\/170809\/revisions\/170817"}],"wp:featuredmedia":[{"embeddable":true,"href":"https:\/\/epochtimestr.com\/index.php\/wp-json\/wp\/v2\/media\/170810"}],"wp:attachment":[{"href":"https:\/\/epochtimestr.com\/index.php\/wp-json\/wp\/v2\/media?parent=170809"}],"wp:term":[{"taxonomy":"category","embeddable":true,"href":"https:\/\/epochtimestr.com\/index.php\/wp-json\/wp\/v2\/categories?post=170809"},{"taxonomy":"post_tag","embeddable":true,"href":"https:\/\/epochtimestr.com\/index.php\/wp-json\/wp\/v2\/tags?post=170809"}],"curies":[{"name":"wp","href":"https:\/\/api.w.org\/{rel}","templated":true}]}}