{"id":170813,"date":"2026-08-23T14:40:26","date_gmt":"2026-08-23T11:40:26","guid":{"rendered":"https:\/\/epochtimestr.com\/?p=170813"},"modified":"2026-08-23T14:40:28","modified_gmt":"2026-08-23T11:40:28","slug":"kilicdaroglunun-genel-baskanligina-iliskin-davada-yeni-gelisme","status":"publish","type":"post","link":"https:\/\/epochtimestr.com\/index.php\/kilicdaroglunun-genel-baskanligina-iliskin-davada-yeni-gelisme","title":{"rendered":"K\u0131l\u0131\u00e7daro\u011flu&#8217;nun Genel Ba\u015fkanl\u0131\u011f\u0131na \u0130li\u015fkin Davada Yeni Geli\u015fme"},"content":{"rendered":"<div class=\"wp-block-image\">\n<figure class=\"aligncenter size-full\"><img loading=\"lazy\" decoding=\"async\" width=\"739\" height=\"415\" src=\"https:\/\/epochtimestr.com\/wp-content\/uploads\/2011y\/chp-18.jpg\" alt=\"K\u0131l\u0131\u00e7daro\u011flu'nun Genel Ba\u015fkanl\u0131\u011f\u0131na ili\u015fkin davada yeni geli\u015fme ya\u015fand\u0131. (Foto\u011fraf: CHP web sitesi)\" class=\"wp-image-170814\" srcset=\"https:\/\/epochtimestr.com\/wp-content\/uploads\/2011y\/chp-18.jpg 739w, https:\/\/epochtimestr.com\/wp-content\/uploads\/2011y\/chp-18-300x168.jpg 300w, https:\/\/epochtimestr.com\/wp-content\/uploads\/2011y\/chp-18-150x84.jpg 150w\" sizes=\"(max-width: 739px) 100vw, 739px\" \/><figcaption class=\"wp-element-caption\">K\u0131l\u0131\u00e7daro\u011flu&#8217;nun Genel Ba\u015fkanl\u0131\u011f\u0131na ili\u015fkin davada yeni geli\u015fme ya\u015fand\u0131. (Foto\u011fraf: CHP web sitesi)<\/figcaption><\/figure><\/div>\n\n\n<h2 class=\"wp-block-heading\">K\u0131l\u0131\u00e7daro\u011flu\u2019nun genel ba\u015fkanl\u0131k g\u00f6revinin 26 Temmuz 2023\u2019te sona erdi\u011finin parti siciline i\u015flenmesi talebiyle a\u00e7\u0131lan davada yeni bir geli\u015fme ya\u015fand\u0131.<\/h2>\n\n\n\n<p>CHP\u2019de 38. Ola\u011fan Kurultay\u2019a ili\u015fkin \u201cmutlak butlan\u201d tart\u0131\u015fmalar\u0131 s\u00fcrerken <a href=\"https:\/\/epochtimestr.com\/index.php\/kemal-kilicdaroglundan-suriye-mesaji-dugmeyi-yanlis-iliklemeyin\" target=\"_blank\" rel=\"noreferrer noopener\">Kemal K\u0131l\u0131\u00e7daro\u011flu<\/a>\u2019nun genel ba\u015fkanl\u0131k g\u00f6revinin 26 Temmuz 2023\u2019te sona erdi\u011finin parti siciline i\u015flenmesi talebiyle a\u00e7\u0131lan davada yeni bir geli\u015fme ya\u015fand\u0131. Ankara 15. \u0130dare Mahkemesi, ba\u015fvuruyu reddeden <a href=\"https:\/\/epochtimestr.com\/index.php\/yargitay-baskanligi-seciminin-30-turunda-da-sonuc-cikmadi\" target=\"_blank\" rel=\"noreferrer noopener\">Yarg\u0131tay Ba\u015fkanl\u0131\u011f\u0131<\/a>\u2019ndan savunma istedi.<\/p>\n\n\n\n<p>Eski Yarg\u0131tay Savc\u0131s\u0131 ve YARSAV Kurucu Ba\u015fkan\u0131 \u00d6mer Faruk Emina\u011fao\u011flu, K\u0131l\u0131\u00e7daro\u011flu\u2019nun 37. Ola\u011fan Kurultay\u2019da ba\u015flayan genel ba\u015fkanl\u0131k g\u00f6revinin \u00fc\u00e7 y\u0131ll\u0131k s\u00fcrenin doldu\u011fu 26 Temmuz 2023 tarihinde sona erdi\u011fini savunarak, bu durumun Yarg\u0131tay Cumhuriyet Ba\u015fsavc\u0131l\u0131\u011f\u0131\u2019ndaki siyasi parti siciline i\u015flenmesi amac\u0131yla 1 Haziran 2026\u2019da ba\u015fvuruda bulundu.<\/p>\n\n\n\n<p>Yarg\u0131tay\u2019\u0131n ba\u015fvuruyu reddetmesinin ard\u0131ndan Emina\u011fao\u011flu, ret i\u015fleminin iptali istemiyle 30 Temmuz\u2019da Yarg\u0131tay Ba\u015fkanl\u0131\u011f\u0131 aleyhine Ankara 15. \u0130dare Mahkemesi\u2019nde dava a\u00e7t\u0131.<\/p>\n\n\n\n<p>Ankara 15. \u0130dare Mahkemesi davaya ili\u015fkin ilk incelemesini tamamlad\u0131. Mahkeme, dava dilek\u00e7esini reddetmeyerek Yarg\u0131tay Ba\u015fkanl\u0131\u011f\u0131\u2019ndan ba\u015fvurunun neden reddedildi\u011fine ili\u015fkin savunma istedi.<br \/>Dava dilek\u00e7esi 16 A\u011fustos\u2019ta Yarg\u0131tay Ba\u015fkanl\u0131\u011f\u0131\u2019na tebli\u011f edildi.<\/p>\n\n\n\n<p>Siyasi parti genel ba\u015fkanlar\u0131n\u0131n bir ola\u011fan kurultayda en fazla \u00fc\u00e7 y\u0131ll\u0131\u011f\u0131na se\u00e7ildi\u011fini belirten Emina\u011fao\u011flu ise \u015funlar\u0131 s\u00f6yledi:<\/p>\n\n\n\n<p>\u201cDavan\u0131n kabul\u00fc ve iptal karar\u0131 verilmesi durumunda, K\u0131l\u0131\u00e7daro\u011flu\u2019nun genel ba\u015fkanl\u0131\u011f\u0131n\u0131n 38. Ola\u011fan Kurultay \u00f6ncesinde, 37. Ola\u011fan Kurultay\u2019da se\u00e7ilen organlar\u0131n g\u00f6revi d\u00f6neminde, 26 Temmuz 2023 tarihinde bo\u015fald\u0131\u011f\u0131n\u0131n siyasi parti siciline i\u015flenmesi gerekecektir. Bu durumda, azami g\u00f6rev s\u00fcresinin dolmas\u0131 nedeniyle d\u00fc\u015fm\u00fc\u015f olan K\u0131l\u0131\u00e7daro\u011flu, tedbiren de g\u00f6rev y\u00fcr\u00fctemeyecektir.\u201d<\/p>\n\n\n\n<p>Ankara 15. \u0130dare Mahkemesi, ba\u015fvuruyu gerek\u00e7esiz \u015fekilde reddeden Yarg\u0131tay Ba\u015fkanl\u0131\u011f\u0131&#8217;ndan savunma istedi.<\/p>\n\n\n\n<figure class=\"wp-block-embed is-type-rich is-provider-x wp-block-embed-x\"><div class=\"wp-block-embed__wrapper\">\n<blockquote class=\"twitter-tweet\" data-width=\"550\" data-dnt=\"true\"><p lang=\"tr\" dir=\"ltr\">Av. Emina\u011fao\u011flu, K\u0131l\u0131\u00e7daro\u011flu\u2019nun genel ba\u015fkanl\u0131\u011f\u0131n\u0131n kurultaydan \u00f6nce bitti\u011finin i\u015flenmesi i\u00e7in Yarg\u0131tay\u2019a ba\u015fvurmu\u015ftu: Yarg\u0131tay reddeti, mahkeme savunma istedi<a href=\"https:\/\/t.co\/cOeQabV5Cj\">https:\/\/t.co\/cOeQabV5Cj<\/a> <a href=\"https:\/\/x.com\/cumhuriyetgzt1?ref_src=twsrc%5Etfw\">@cumhuriyetgzt1<\/a> <a href=\"https:\/\/x.com\/Muhabir_Urkmez?ref_src=twsrc%5Etfw\">@Muhabir_Urkmez<\/a><\/p>&mdash; \u00d6mer Faruk Emina\u011fao\u011flu (@eminagaoglu) <a href=\"https:\/\/x.com\/eminagaoglu\/status\/2091436834672775386?ref_src=twsrc%5Etfw\">August 23, 2026<\/a><\/blockquote><script async src=\"https:\/\/platform.x.com\/widgets.js\" charset=\"utf-8\"><\/script>\n<\/div><\/figure>\n","protected":false},"excerpt":{"rendered":"<p>K\u0131l\u0131\u00e7daro\u011flu\u2019nun genel ba\u015fkanl\u0131k g\u00f6revinin 26 Temmuz 2023\u2019te sona erdi\u011finin parti siciline i\u015flenmesi talebiyle a\u00e7\u0131lan davada yeni bir geli\u015fme ya\u015fand\u0131. CHP\u2019de 38. Ola\u011fan Kurultay\u2019a ili\u015fkin \u201cmutlak butlan\u201d tart\u0131\u015fmalar\u0131 s\u00fcrerken Kemal K\u0131l\u0131\u00e7daro\u011flu\u2019nun genel ba\u015fkanl\u0131k g\u00f6revinin 26 Temmuz 2023\u2019te sona erdi\u011finin parti siciline i\u015flenmesi talebiyle a\u00e7\u0131lan davada yeni bir geli\u015fme ya\u015fand\u0131. Ankara 15. \u0130dare Mahkemesi, ba\u015fvuruyu reddeden Yarg\u0131tay [&hellip;]<\/p>\n","protected":false},"author":12791,"featured_media":170814,"comment_status":"open","ping_status":"open","sticky":false,"template":"","format":"standard","meta":{"_yoast_wpseo_focuskw":"davada yeni - geli\u015fme","_yoast_wpseo_title":"","_yoast_wpseo_metadesc":"Kemal K\u0131l\u0131\u00e7daro\u011flu\u2019nun g\u00f6revinin 26 Temmuz 2023\u2019te sona erdi\u011finin parti siciline i\u015flenmesi talebiyle a\u00e7\u0131lan davada yeni bir geli\u015fme ya\u015fand\u0131.","_bbp_topic_count":0,"_bbp_reply_count":0,"_bbp_total_topic_count":0,"_bbp_total_reply_count":0,"_bbp_voice_count":0,"_bbp_anonymous_reply_count":0,"_bbp_topic_count_hidden":0,"_bbp_reply_count_hidden":0,"_bbp_forum_subforum_count":0,"footnotes":"","_yoast_wpseo_focuskw_text_input":""},"categories":[1,8138,8226],"tags":[12382,2129,11757,12383,12381,12384],"yoast_head":"<!-- This site is optimized with the Yoast SEO plugin v23.0 - https:\/\/yoast.com\/wordpress\/plugins\/seo\/ -->\n<title>K\u0131l\u0131\u00e7daro\u011flu&#039;nun Genel Ba\u015fkanl\u0131\u011f\u0131na \u0130li\u015fkin Davada Yeni Geli\u015fme - The Epoch Times TR<\/title>\n<meta name=\"description\" content=\"Kemal K\u0131l\u0131\u00e7daro\u011flu\u2019nun g\u00f6revinin 26 Temmuz 2023\u2019te sona erdi\u011finin parti siciline i\u015flenmesi talebiyle a\u00e7\u0131lan davada yeni bir geli\u015fme ya\u015fand\u0131.\" \/>\n<meta name=\"robots\" content=\"index, follow, max-snippet:-1, max-image-preview:large, max-video-preview:-1\" \/>\n<link rel=\"canonical\" href=\"https:\/\/epochtimestr.com\/index.php\/kilicdaroglunun-genel-baskanligina-iliskin-davada-yeni-gelisme\" \/>\n<meta property=\"og:locale\" content=\"tr_TR\" \/>\n<meta property=\"og:type\" content=\"article\" \/>\n<meta property=\"og:title\" content=\"K\u0131l\u0131\u00e7daro\u011flu&#039;nun Genel Ba\u015fkanl\u0131\u011f\u0131na \u0130li\u015fkin Davada Yeni Geli\u015fme - The Epoch Times TR\" \/>\n<meta property=\"og:description\" content=\"Kemal K\u0131l\u0131\u00e7daro\u011flu\u2019nun g\u00f6revinin 26 Temmuz 2023\u2019te sona erdi\u011finin parti siciline i\u015flenmesi talebiyle a\u00e7\u0131lan davada yeni bir geli\u015fme ya\u015fand\u0131.\" \/>\n<meta property=\"og:url\" content=\"https:\/\/epochtimestr.com\/index.php\/kilicdaroglunun-genel-baskanligina-iliskin-davada-yeni-gelisme\" \/>\n<meta property=\"og:site_name\" content=\"The Epoch Times TR\" \/>\n<meta property=\"article:publisher\" content=\"https:\/\/www.facebook.com\/theepochtimestr\" \/>\n<meta property=\"article:published_time\" content=\"2026-08-23T11:40:26+00:00\" \/>\n<meta property=\"article:modified_time\" content=\"2026-08-23T11:40:28+00:00\" \/>\n<meta property=\"og:image\" content=\"https:\/\/epochtimestr.com\/wp-content\/uploads\/2011y\/chp-18.jpg\" \/>\n\t<meta property=\"og:image:width\" content=\"739\" \/>\n\t<meta property=\"og:image:height\" content=\"415\" \/>\n\t<meta property=\"og:image:type\" content=\"image\/jpeg\" \/>\n<meta name=\"author\" content=\"Haber Merkezi\" \/>\n<meta name=\"twitter:card\" content=\"summary_large_image\" \/>\n<meta name=\"twitter:creator\" content=\"@TheEpochTimesTR\" \/>\n<meta name=\"twitter:site\" content=\"@TheEpochTimesTR\" \/>\n<meta name=\"twitter:label1\" content=\"Yazan:\" \/>\n\t<meta name=\"twitter:data1\" content=\"Haber Merkezi\" \/>\n\t<meta name=\"twitter:label2\" content=\"Tahmini okuma s\u00fcresi\" \/>\n\t<meta name=\"twitter:data2\" content=\"2 dakika\" \/>\n<script type=\"application\/ld+json\" class=\"yoast-schema-graph\">{\"@context\":\"https:\/\/schema.org\",\"@graph\":[{\"@type\":\"Article\",\"@id\":\"https:\/\/epochtimestr.com\/index.php\/kilicdaroglunun-genel-baskanligina-iliskin-davada-yeni-gelisme#article\",\"isPartOf\":{\"@id\":\"https:\/\/epochtimestr.com\/index.php\/kilicdaroglunun-genel-baskanligina-iliskin-davada-yeni-gelisme\"},\"author\":{\"name\":\"Haber Merkezi\",\"@id\":\"https:\/\/epochtimestr.com\/#\/schema\/person\/3dc5c3adeb9f43923c5aa85889172fdd\"},\"headline\":\"K\u0131l\u0131\u00e7daro\u011flu&#8217;nun Genel Ba\u015fkanl\u0131\u011f\u0131na \u0130li\u015fkin Davada Yeni Geli\u015fme\",\"datePublished\":\"2026-08-23T11:40:26+00:00\",\"dateModified\":\"2026-08-23T11:40:28+00:00\",\"mainEntityOfPage\":{\"@id\":\"https:\/\/epochtimestr.com\/index.php\/kilicdaroglunun-genel-baskanligina-iliskin-davada-yeni-gelisme\"},\"wordCount\":377,\"commentCount\":0,\"publisher\":{\"@id\":\"https:\/\/epochtimestr.com\/#organization\"},\"image\":{\"@id\":\"https:\/\/epochtimestr.com\/index.php\/kilicdaroglunun-genel-baskanligina-iliskin-davada-yeni-gelisme#primaryimage\"},\"thumbnailUrl\":\"https:\/\/epochtimestr.com\/wp-content\/uploads\/2011y\/chp-18.jpg\",\"keywords\":[\"Ankara 15. \u0130dare Mahkemesi\",\"Kemal K\u0131l\u0131\u00e7daro\u011flu\",\"mutlak butlan\",\"\u00d6mer Faruk Emina\u011fao\u011flu\",\"Yarg\u0131tay Ba\u015fkanl\u0131\u011f\u0131\",\"YARSAV\"],\"articleSection\":[\"G\u00dcNDEM\",\"MAN\u015eET\",\"Siyaset\"],\"inLanguage\":\"tr\",\"potentialAction\":[{\"@type\":\"CommentAction\",\"name\":\"Comment\",\"target\":[\"https:\/\/epochtimestr.com\/index.php\/kilicdaroglunun-genel-baskanligina-iliskin-davada-yeni-gelisme#respond\"]}]},{\"@type\":\"WebPage\",\"@id\":\"https:\/\/epochtimestr.com\/index.php\/kilicdaroglunun-genel-baskanligina-iliskin-davada-yeni-gelisme\",\"url\":\"https:\/\/epochtimestr.com\/index.php\/kilicdaroglunun-genel-baskanligina-iliskin-davada-yeni-gelisme\",\"name\":\"K\u0131l\u0131\u00e7daro\u011flu'nun Genel Ba\u015fkanl\u0131\u011f\u0131na \u0130li\u015fkin Davada Yeni Geli\u015fme - The Epoch Times TR\",\"isPartOf\":{\"@id\":\"https:\/\/epochtimestr.com\/#website\"},\"primaryImageOfPage\":{\"@id\":\"https:\/\/epochtimestr.com\/index.php\/kilicdaroglunun-genel-baskanligina-iliskin-davada-yeni-gelisme#primaryimage\"},\"image\":{\"@id\":\"https:\/\/epochtimestr.com\/index.php\/kilicdaroglunun-genel-baskanligina-iliskin-davada-yeni-gelisme#primaryimage\"},\"thumbnailUrl\":\"https:\/\/epochtimestr.com\/wp-content\/uploads\/2011y\/chp-18.jpg\",\"datePublished\":\"2026-08-23T11:40:26+00:00\",\"dateModified\":\"2026-08-23T11:40:28+00:00\",\"description\":\"Kemal K\u0131l\u0131\u00e7daro\u011flu\u2019nun g\u00f6revinin 26 Temmuz 2023\u2019te sona erdi\u011finin parti siciline i\u015flenmesi talebiyle a\u00e7\u0131lan davada yeni bir geli\u015fme ya\u015fand\u0131.\",\"inLanguage\":\"tr\",\"potentialAction\":[{\"@type\":\"ReadAction\",\"target\":[\"https:\/\/epochtimestr.com\/index.php\/kilicdaroglunun-genel-baskanligina-iliskin-davada-yeni-gelisme\"]}]},{\"@type\":\"ImageObject\",\"inLanguage\":\"tr\",\"@id\":\"https:\/\/epochtimestr.com\/index.php\/kilicdaroglunun-genel-baskanligina-iliskin-davada-yeni-gelisme#primaryimage\",\"url\":\"https:\/\/epochtimestr.com\/wp-content\/uploads\/2011y\/chp-18.jpg\",\"contentUrl\":\"https:\/\/epochtimestr.com\/wp-content\/uploads\/2011y\/chp-18.jpg\",\"width\":739,\"height\":415},{\"@type\":\"WebSite\",\"@id\":\"https:\/\/epochtimestr.com\/#website\",\"url\":\"https:\/\/epochtimestr.com\/\",\"name\":\"The Epoch Times TR\",\"description\":\"De\u011fi\u015fen D\u00fcnyam\u0131za Taze Bir Bak\u0131\u015f\",\"publisher\":{\"@id\":\"https:\/\/epochtimestr.com\/#organization\"},\"potentialAction\":[{\"@type\":\"SearchAction\",\"target\":{\"@type\":\"EntryPoint\",\"urlTemplate\":\"https:\/\/epochtimestr.com\/?s={search_term_string}\"},\"query-input\":\"required name=search_term_string\"}],\"inLanguage\":\"tr\"},{\"@type\":\"Organization\",\"@id\":\"https:\/\/epochtimestr.com\/#organization\",\"name\":\"The EpochTimes T\u00fcrkiye\",\"url\":\"https:\/\/epochtimestr.com\/\",\"logo\":{\"@type\":\"ImageObject\",\"inLanguage\":\"tr\",\"@id\":\"https:\/\/epochtimestr.com\/#\/schema\/logo\/image\/\",\"url\":\"https:\/\/epochtimestr.com\/wp-content\/uploads\/2011y\/ET-Logo-YG.jpg\",\"contentUrl\":\"https:\/\/epochtimestr.com\/wp-content\/uploads\/2011y\/ET-Logo-YG.jpg\",\"width\":346,\"height\":29,\"caption\":\"The EpochTimes T\u00fcrkiye\"},\"image\":{\"@id\":\"https:\/\/epochtimestr.com\/#\/schema\/logo\/image\/\"},\"sameAs\":[\"https:\/\/www.facebook.com\/theepochtimestr\",\"https:\/\/x.com\/TheEpochTimesTR\",\"https:\/\/www.instagram.com\/epochtimestr\"]},{\"@type\":\"Person\",\"@id\":\"https:\/\/epochtimestr.com\/#\/schema\/person\/3dc5c3adeb9f43923c5aa85889172fdd\",\"name\":\"Haber Merkezi\",\"image\":{\"@type\":\"ImageObject\",\"inLanguage\":\"tr\",\"@id\":\"https:\/\/epochtimestr.com\/#\/schema\/person\/image\/\",\"url\":\"https:\/\/secure.gravatar.com\/avatar\/d73f772ba5a74f28601361e17c2f93e6?s=96&d=mm&r=g\",\"contentUrl\":\"https:\/\/secure.gravatar.com\/avatar\/d73f772ba5a74f28601361e17c2f93e6?s=96&d=mm&r=g\",\"caption\":\"Haber Merkezi\"},\"url\":\"https:\/\/epochtimestr.com\/index.php\/author\/sendag\"}]}<\/script>\n<!-- \/ Yoast SEO plugin. -->","yoast_head_json":{"title":"K\u0131l\u0131\u00e7daro\u011flu'nun Genel Ba\u015fkanl\u0131\u011f\u0131na \u0130li\u015fkin Davada Yeni Geli\u015fme - The Epoch Times TR","description":"Kemal K\u0131l\u0131\u00e7daro\u011flu\u2019nun g\u00f6revinin 26 Temmuz 2023\u2019te sona erdi\u011finin parti siciline i\u015flenmesi talebiyle a\u00e7\u0131lan davada yeni bir geli\u015fme ya\u015fand\u0131.","robots":{"index":"index","follow":"follow","max-snippet":"max-snippet:-1","max-image-preview":"max-image-preview:large","max-video-preview":"max-video-preview:-1"},"canonical":"https:\/\/epochtimestr.com\/index.php\/kilicdaroglunun-genel-baskanligina-iliskin-davada-yeni-gelisme","og_locale":"tr_TR","og_type":"article","og_title":"K\u0131l\u0131\u00e7daro\u011flu'nun Genel Ba\u015fkanl\u0131\u011f\u0131na \u0130li\u015fkin Davada Yeni Geli\u015fme - The Epoch Times TR","og_description":"Kemal K\u0131l\u0131\u00e7daro\u011flu\u2019nun g\u00f6revinin 26 Temmuz 2023\u2019te sona erdi\u011finin parti siciline i\u015flenmesi talebiyle a\u00e7\u0131lan davada yeni bir geli\u015fme ya\u015fand\u0131.","og_url":"https:\/\/epochtimestr.com\/index.php\/kilicdaroglunun-genel-baskanligina-iliskin-davada-yeni-gelisme","og_site_name":"The Epoch Times TR","article_publisher":"https:\/\/www.facebook.com\/theepochtimestr","article_published_time":"2026-08-23T11:40:26+00:00","article_modified_time":"2026-08-23T11:40:28+00:00","og_image":[{"width":739,"height":415,"url":"https:\/\/epochtimestr.com\/wp-content\/uploads\/2011y\/chp-18.jpg","type":"image\/jpeg"}],"author":"Haber Merkezi","twitter_card":"summary_large_image","twitter_creator":"@TheEpochTimesTR","twitter_site":"@TheEpochTimesTR","twitter_misc":{"Yazan:":"Haber Merkezi","Tahmini okuma s\u00fcresi":"2 dakika"},"schema":{"@context":"https:\/\/schema.org","@graph":[{"@type":"Article","@id":"https:\/\/epochtimestr.com\/index.php\/kilicdaroglunun-genel-baskanligina-iliskin-davada-yeni-gelisme#article","isPartOf":{"@id":"https:\/\/epochtimestr.com\/index.php\/kilicdaroglunun-genel-baskanligina-iliskin-davada-yeni-gelisme"},"author":{"name":"Haber Merkezi","@id":"https:\/\/epochtimestr.com\/#\/schema\/person\/3dc5c3adeb9f43923c5aa85889172fdd"},"headline":"K\u0131l\u0131\u00e7daro\u011flu&#8217;nun Genel Ba\u015fkanl\u0131\u011f\u0131na \u0130li\u015fkin Davada Yeni Geli\u015fme","datePublished":"2026-08-23T11:40:26+00:00","dateModified":"2026-08-23T11:40:28+00:00","mainEntityOfPage":{"@id":"https:\/\/epochtimestr.com\/index.php\/kilicdaroglunun-genel-baskanligina-iliskin-davada-yeni-gelisme"},"wordCount":377,"commentCount":0,"publisher":{"@id":"https:\/\/epochtimestr.com\/#organization"},"image":{"@id":"https:\/\/epochtimestr.com\/index.php\/kilicdaroglunun-genel-baskanligina-iliskin-davada-yeni-gelisme#primaryimage"},"thumbnailUrl":"https:\/\/epochtimestr.com\/wp-content\/uploads\/2011y\/chp-18.jpg","keywords":["Ankara 15. \u0130dare Mahkemesi","Kemal K\u0131l\u0131\u00e7daro\u011flu","mutlak butlan","\u00d6mer Faruk Emina\u011fao\u011flu","Yarg\u0131tay Ba\u015fkanl\u0131\u011f\u0131","YARSAV"],"articleSection":["G\u00dcNDEM","MAN\u015eET","Siyaset"],"inLanguage":"tr","potentialAction":[{"@type":"CommentAction","name":"Comment","target":["https:\/\/epochtimestr.com\/index.php\/kilicdaroglunun-genel-baskanligina-iliskin-davada-yeni-gelisme#respond"]}]},{"@type":"WebPage","@id":"https:\/\/epochtimestr.com\/index.php\/kilicdaroglunun-genel-baskanligina-iliskin-davada-yeni-gelisme","url":"https:\/\/epochtimestr.com\/index.php\/kilicdaroglunun-genel-baskanligina-iliskin-davada-yeni-gelisme","name":"K\u0131l\u0131\u00e7daro\u011flu'nun Genel Ba\u015fkanl\u0131\u011f\u0131na \u0130li\u015fkin Davada Yeni Geli\u015fme - The Epoch Times TR","isPartOf":{"@id":"https:\/\/epochtimestr.com\/#website"},"primaryImageOfPage":{"@id":"https:\/\/epochtimestr.com\/index.php\/kilicdaroglunun-genel-baskanligina-iliskin-davada-yeni-gelisme#primaryimage"},"image":{"@id":"https:\/\/epochtimestr.com\/index.php\/kilicdaroglunun-genel-baskanligina-iliskin-davada-yeni-gelisme#primaryimage"},"thumbnailUrl":"https:\/\/epochtimestr.com\/wp-content\/uploads\/2011y\/chp-18.jpg","datePublished":"2026-08-23T11:40:26+00:00","dateModified":"2026-08-23T11:40:28+00:00","description":"Kemal K\u0131l\u0131\u00e7daro\u011flu\u2019nun g\u00f6revinin 26 Temmuz 2023\u2019te sona erdi\u011finin parti siciline i\u015flenmesi talebiyle a\u00e7\u0131lan davada yeni bir geli\u015fme ya\u015fand\u0131.","inLanguage":"tr","potentialAction":[{"@type":"ReadAction","target":["https:\/\/epochtimestr.com\/index.php\/kilicdaroglunun-genel-baskanligina-iliskin-davada-yeni-gelisme"]}]},{"@type":"ImageObject","inLanguage":"tr","@id":"https:\/\/epochtimestr.com\/index.php\/kilicdaroglunun-genel-baskanligina-iliskin-davada-yeni-gelisme#primaryimage","url":"https:\/\/epochtimestr.com\/wp-content\/uploads\/2011y\/chp-18.jpg","contentUrl":"https:\/\/epochtimestr.com\/wp-content\/uploads\/2011y\/chp-18.jpg","width":739,"height":415},{"@type":"WebSite","@id":"https:\/\/epochtimestr.com\/#website","url":"https:\/\/epochtimestr.com\/","name":"The Epoch Times TR","description":"De\u011fi\u015fen D\u00fcnyam\u0131za Taze Bir Bak\u0131\u015f","publisher":{"@id":"https:\/\/epochtimestr.com\/#organization"},"potentialAction":[{"@type":"SearchAction","target":{"@type":"EntryPoint","urlTemplate":"https:\/\/epochtimestr.com\/?s={search_term_string}"},"query-input":"required name=search_term_string"}],"inLanguage":"tr"},{"@type":"Organization","@id":"https:\/\/epochtimestr.com\/#organization","name":"The EpochTimes T\u00fcrkiye","url":"https:\/\/epochtimestr.com\/","logo":{"@type":"ImageObject","inLanguage":"tr","@id":"https:\/\/epochtimestr.com\/#\/schema\/logo\/image\/","url":"https:\/\/epochtimestr.com\/wp-content\/uploads\/2011y\/ET-Logo-YG.jpg","contentUrl":"https:\/\/epochtimestr.com\/wp-content\/uploads\/2011y\/ET-Logo-YG.jpg","width":346,"height":29,"caption":"The EpochTimes T\u00fcrkiye"},"image":{"@id":"https:\/\/epochtimestr.com\/#\/schema\/logo\/image\/"},"sameAs":["https:\/\/www.facebook.com\/theepochtimestr","https:\/\/x.com\/TheEpochTimesTR","https:\/\/www.instagram.com\/epochtimestr"]},{"@type":"Person","@id":"https:\/\/epochtimestr.com\/#\/schema\/person\/3dc5c3adeb9f43923c5aa85889172fdd","name":"Haber Merkezi","image":{"@type":"ImageObject","inLanguage":"tr","@id":"https:\/\/epochtimestr.com\/#\/schema\/person\/image\/","url":"https:\/\/secure.gravatar.com\/avatar\/d73f772ba5a74f28601361e17c2f93e6?s=96&d=mm&r=g","contentUrl":"https:\/\/secure.gravatar.com\/avatar\/d73f772ba5a74f28601361e17c2f93e6?s=96&d=mm&r=g","caption":"Haber Merkezi"},"url":"https:\/\/epochtimestr.com\/index.php\/author\/sendag"}]}},"_links":{"self":[{"href":"https:\/\/epochtimestr.com\/index.php\/wp-json\/wp\/v2\/posts\/170813"}],"collection":[{"href":"https:\/\/epochtimestr.com\/index.php\/wp-json\/wp\/v2\/posts"}],"about":[{"href":"https:\/\/epochtimestr.com\/index.php\/wp-json\/wp\/v2\/types\/post"}],"author":[{"embeddable":true,"href":"https:\/\/epochtimestr.com\/index.php\/wp-json\/wp\/v2\/users\/12791"}],"replies":[{"embeddable":true,"href":"https:\/\/epochtimestr.com\/index.php\/wp-json\/wp\/v2\/comments?post=170813"}],"version-history":[{"count":2,"href":"https:\/\/epochtimestr.com\/index.php\/wp-json\/wp\/v2\/posts\/170813\/revisions"}],"predecessor-version":[{"id":170821,"href":"https:\/\/epochtimestr.com\/index.php\/wp-json\/wp\/v2\/posts\/170813\/revisions\/170821"}],"wp:featuredmedia":[{"embeddable":true,"href":"https:\/\/epochtimestr.com\/index.php\/wp-json\/wp\/v2\/media\/170814"}],"wp:attachment":[{"href":"https:\/\/epochtimestr.com\/index.php\/wp-json\/wp\/v2\/media?parent=170813"}],"wp:term":[{"taxonomy":"category","embeddable":true,"href":"https:\/\/epochtimestr.com\/index.php\/wp-json\/wp\/v2\/categories?post=170813"},{"taxonomy":"post_tag","embeddable":true,"href":"https:\/\/epochtimestr.com\/index.php\/wp-json\/wp\/v2\/tags?post=170813"}],"curies":[{"name":"wp","href":"https:\/\/api.w.org\/{rel}","templated":true}]}}